{"id":34137,"date":"2025-02-26T11:42:06","date_gmt":"2025-02-26T08:42:06","guid":{"rendered":"https:\/\/denizcankizil.tr\/uncategorized-tr\/kaza-yapan-alkollu-surucu-kacmaya-calisti\/"},"modified":"2025-02-26T11:42:06","modified_gmt":"2025-02-26T08:42:06","slug":"kaza-yapan-alkollu-surucu-kacmaya-calisti","status":"publish","type":"post","link":"https:\/\/denizcankizil.tr\/de\/haberler\/antalya\/kaza-yapan-alkollu-surucu-kacmaya-calisti\/","title":{"rendered":"Kaza yapan alkoll\u00fc s\u00fcr\u00fcc\u00fc ka\u00e7maya \u00e7al\u0131\u015ft\u0131"},"content":{"rendered":"<p>Kaza, Sorgun Mahallesi Herdford Caddesi&#8217;nde ya\u015fand\u0131. Al\u0131nan bilgiye g\u00f6re, Ahmet D.&#8217;nin kulland\u0131\u011f\u0131 07 AIE 676 plakal\u0131 hafif ticari ara\u00e7 ile Mesut C.A.&#8217;n\u0131n kulland\u0131\u011f\u0131 07 ADK 277 plakal\u0131 otomobil \u00e7arp\u0131\u015ft\u0131. \u00c7arpman\u0131n \u015fiddetiyle ref\u00fcj\u00fc a\u015farak kar\u015f\u0131 \u015feride ge\u00e7en otomobilde \u015fans eseri yaralanan olmazken, ara\u00e7larda hasar meydana geldi.<\/p>\n<p>&#8220;Araba sizin olsun, ben her \u015feye kabul\u00fcm&#8221;<br \/>\nKazan\u0131n ard\u0131ndan olay yerinden ka\u00e7arak uzakla\u015fan ve \u00e7evredeki vatanda\u015flar taraf\u0131ndan takip edilen Ahmet D., &#8220;Araba sizin olsun, ben her \u015feye kabul\u00fcm. D\u00f6v, \u00f6ld\u00fcr beni. Alkoll\u00fc de\u011filim ki&#8221; dedi. Kar\u015f\u0131 tarafsa buna kar\u015f\u0131l\u0131k, &#8220;\u00d6yle bir niyetimiz yok. Polis \u00e7a\u011f\u0131rd\u0131k, d\u00fczg\u00fcnce halledelim&#8221; cevab\u0131n\u0131 verdi.<\/p>\n<p>Alkoll\u00fc \u00e7\u0131kt\u0131<br \/>\nBir s\u00fcre sonra olay yerine geri getirilen hafif ticari ara\u00e7 s\u00fcr\u00fcc\u00fcs\u00fcn\u00fcn 2,14 promil alkoll\u00fc oldu\u011fu belirlendi. Hafifi ticari ara\u00e7 s\u00fcr\u00fcc\u00fcs\u00fcne alkoll\u00fc ara\u00e7 kullanmaktan 9 bin 276 TL para cezas\u0131 uygulan\u0131rken s\u00fcr\u00fcc\u00fc belgesine 6 ayl\u0131\u011f\u0131na el konuldu.<\/p>\n<p>Kaynak: www.kanalv.com.tr Haber Sitesinden Al\u0131nm\u0131\u015ft\u0131r.<\/p>","protected":false},"excerpt":{"rendered":"<p>Kaza, Sorgun Mahallesi Herdford Caddesi&#8217;nde ya\u015fand\u0131. Al\u0131nan bilgiye g\u00f6re, Ahmet D.&#8217;nin kulland\u0131\u011f\u0131 07 AIE 676 plakal\u0131 hafif ticari ara\u00e7 ile Mesut C.A.&#8217;n\u0131n kulland\u0131\u011f\u0131 07 ADK 277 plakal\u0131 otomobil \u00e7arp\u0131\u015ft\u0131. \u00c7arpman\u0131n \u015fiddetiyle ref\u00fcj\u00fc a\u015farak kar\u015f\u0131 \u015feride ge\u00e7en otomobilde \u015fans eseri yaralanan olmazken, ara\u00e7larda hasar meydana geldi. &#8220;Araba sizin olsun, ben her \u015feye kabul\u00fcm&#8221; Kazan\u0131n ard\u0131ndan olay yerinden ka\u00e7arak uzakla\u015fan ve \u00e7evredeki vatanda\u015flar taraf\u0131ndan takip edilen Ahmet D., &#8220;Araba sizin olsun, ben her \u015feye kabul\u00fcm. D\u00f6v, \u00f6ld\u00fcr beni. Alkoll\u00fc de\u011filim ki&#8221; dedi. Kar\u015f\u0131 tarafsa buna kar\u015f\u0131l\u0131k, &#8220;\u00d6yle bir niyetimiz yok. Polis \u00e7a\u011f\u0131rd\u0131k, d\u00fczg\u00fcnce halledelim&#8221; cevab\u0131n\u0131 verdi. Alkoll\u00fc \u00e7\u0131kt\u0131 Bir s\u00fcre sonra olay yerine geri getirilen hafif ticari ara\u00e7 s\u00fcr\u00fcc\u00fcs\u00fcn\u00fcn 2,14 promil alkoll\u00fc oldu\u011fu belirlendi. Hafifi ticari ara\u00e7 s\u00fcr\u00fcc\u00fcs\u00fcne alkoll\u00fc ara\u00e7 kullanmaktan 9 bin 276 TL para cezas\u0131 uygulan\u0131rken s\u00fcr\u00fcc\u00fc belgesine 6 ayl\u0131\u011f\u0131na el konuldu. Kaynak: www.kanalv.com.tr Haber Sitesinden Al\u0131nm\u0131\u015ft\u0131r.<\/p>","protected":false},"author":4,"featured_media":34138,"comment_status":"open","ping_status":"open","sticky":false,"template":"","format":"standard","meta":{"_acf_changed":false,"footnotes":""},"categories":[26],"tags":[],"class_list":["post-34137","post","type-post","status-publish","format-standard","has-post-thumbnail","hentry","category-antalya"],"acf":[],"yoast_head":"<!-- This site is optimized with the Yoast SEO Premium plugin v26.6 (Yoast SEO v27.1.1) - https:\/\/yoast.com\/product\/yoast-seo-premium-wordpress\/ -->\n<title>Kaza yapan alkoll\u00fc s\u00fcr\u00fcc\u00fc ka\u00e7maya \u00e7al\u0131\u015ft\u0131 - Av. Deniz Can K\u0131z\u0131l<\/title>\n<meta name=\"robots\" content=\"index, follow, max-snippet:-1, max-image-preview:large, max-video-preview:-1\" \/>\n<link rel=\"canonical\" href=\"https:\/\/denizcankizil.tr\/de\/haberler\/antalya\/kaza-yapan-alkollu-surucu-kacmaya-calisti\/\" \/>\n<meta property=\"og:locale\" content=\"de_DE\" \/>\n<meta property=\"og:type\" content=\"article\" \/>\n<meta property=\"og:title\" content=\"Kaza yapan alkoll\u00fc s\u00fcr\u00fcc\u00fc ka\u00e7maya \u00e7al\u0131\u015ft\u0131\" \/>\n<meta property=\"og:description\" content=\"Kaza, Sorgun Mahallesi Herdford Caddesi&#8217;nde ya\u015fand\u0131. Al\u0131nan bilgiye g\u00f6re, Ahmet D.&#8217;nin kulland\u0131\u011f\u0131 07 AIE 676 plakal\u0131 hafif ticari ara\u00e7 ile Mesut C.A.&#8217;n\u0131n kulland\u0131\u011f\u0131 07 ADK 277 plakal\u0131 otomobil \u00e7arp\u0131\u015ft\u0131. \u00c7arpman\u0131n \u015fiddetiyle ref\u00fcj\u00fc a\u015farak kar\u015f\u0131 \u015feride ge\u00e7en otomobilde \u015fans eseri yaralanan olmazken, ara\u00e7larda hasar meydana geldi. &#8220;Araba sizin olsun, ben her \u015feye kabul\u00fcm&#8221; Kazan\u0131n ard\u0131ndan olay yerinden ka\u00e7arak uzakla\u015fan ve \u00e7evredeki vatanda\u015flar taraf\u0131ndan takip edilen Ahmet D., &#8220;Araba sizin olsun, ben her \u015feye kabul\u00fcm. D\u00f6v, \u00f6ld\u00fcr beni. Alkoll\u00fc de\u011filim ki&#8221; dedi. Kar\u015f\u0131 tarafsa buna kar\u015f\u0131l\u0131k, &#8220;\u00d6yle bir niyetimiz yok. Polis \u00e7a\u011f\u0131rd\u0131k, d\u00fczg\u00fcnce halledelim&#8221; cevab\u0131n\u0131 verdi. Alkoll\u00fc \u00e7\u0131kt\u0131 Bir s\u00fcre sonra olay yerine geri getirilen hafif ticari ara\u00e7 s\u00fcr\u00fcc\u00fcs\u00fcn\u00fcn 2,14 promil alkoll\u00fc oldu\u011fu belirlendi. Hafifi ticari ara\u00e7 s\u00fcr\u00fcc\u00fcs\u00fcne alkoll\u00fc ara\u00e7 kullanmaktan 9 bin 276 TL para cezas\u0131 uygulan\u0131rken s\u00fcr\u00fcc\u00fc belgesine 6 ayl\u0131\u011f\u0131na el konuldu. Kaynak: www.kanalv.com.tr Haber Sitesinden Al\u0131nm\u0131\u015ft\u0131r.\" \/>\n<meta property=\"og:url\" content=\"https:\/\/denizcankizil.tr\/de\/haberler\/antalya\/kaza-yapan-alkollu-surucu-kacmaya-calisti\/\" \/>\n<meta property=\"og:site_name\" content=\"Av. Deniz Can K\u0131z\u0131l\" \/>\n<meta property=\"article:published_time\" content=\"2025-02-26T08:42:06+00:00\" \/>\n<meta property=\"og:image\" content=\"https:\/\/denizcankizil.tr\/wp-content\/uploads\/2025\/02\/5179-01-nCih6R.jpeg\" \/>\n\t<meta property=\"og:image:width\" content=\"1280\" \/>\n\t<meta property=\"og:image:height\" content=\"720\" \/>\n\t<meta property=\"og:image:type\" content=\"image\/jpeg\" \/>\n<meta name=\"author\" content=\"Av. Deniz Can K\u0131z\u0131l\" \/>\n<meta name=\"twitter:card\" content=\"summary_large_image\" \/>\n<meta name=\"twitter:label1\" content=\"Verfasst von\" \/>\n\t<meta name=\"twitter:data1\" content=\"Av. Deniz Can K\u0131z\u0131l\" \/>\n\t<meta name=\"twitter:label2\" content=\"Gesch\u00e4tzte Lesezeit\" \/>\n\t<meta name=\"twitter:data2\" content=\"1\u00a0Minute\" \/>\n<script type=\"application\/ld+json\" class=\"yoast-schema-graph\">{\"@context\":\"https:\/\/schema.org\",\"@graph\":[{\"@type\":\"Article\",\"@id\":\"https:\/\/denizcankizil.tr\/de\/haberler\/antalya\/kaza-yapan-alkollu-surucu-kacmaya-calisti\/#article\",\"isPartOf\":{\"@id\":\"https:\/\/denizcankizil.tr\/de\/haberler\/antalya\/kaza-yapan-alkollu-surucu-kacmaya-calisti\/\"},\"author\":{\"name\":\"Av. Deniz Can K\u0131z\u0131l\",\"@id\":\"https:\/\/denizcankizil.tr\/#\/schema\/person\/5dc1b22991bd7ac833867c10afc9b0ff\"},\"headline\":\"Kaza yapan alkoll\u00fc s\u00fcr\u00fcc\u00fc ka\u00e7maya \u00e7al\u0131\u015ft\u0131\",\"datePublished\":\"2025-02-26T08:42:06+00:00\",\"mainEntityOfPage\":{\"@id\":\"https:\/\/denizcankizil.tr\/de\/haberler\/antalya\/kaza-yapan-alkollu-surucu-kacmaya-calisti\/\"},\"wordCount\":192,\"commentCount\":0,\"publisher\":{\"@id\":\"https:\/\/denizcankizil.tr\/#organization\"},\"image\":{\"@id\":\"https:\/\/denizcankizil.tr\/de\/haberler\/antalya\/kaza-yapan-alkollu-surucu-kacmaya-calisti\/#primaryimage\"},\"thumbnailUrl\":\"https:\/\/denizcankizil.tr\/wp-content\/uploads\/2025\/02\/5179-01-nCih6R.jpeg\",\"articleSection\":[\"Antalya\"],\"inLanguage\":\"de\",\"potentialAction\":[{\"@type\":\"CommentAction\",\"name\":\"Comment\",\"target\":[\"https:\/\/denizcankizil.tr\/de\/haberler\/antalya\/kaza-yapan-alkollu-surucu-kacmaya-calisti\/#respond\"]}]},{\"@type\":\"WebPage\",\"@id\":\"https:\/\/denizcankizil.tr\/de\/haberler\/antalya\/kaza-yapan-alkollu-surucu-kacmaya-calisti\/\",\"url\":\"https:\/\/denizcankizil.tr\/de\/haberler\/antalya\/kaza-yapan-alkollu-surucu-kacmaya-calisti\/\",\"name\":\"Kaza yapan alkoll\u00fc s\u00fcr\u00fcc\u00fc ka\u00e7maya \u00e7al\u0131\u015ft\u0131 - Av. Deniz Can K\u0131z\u0131l\",\"isPartOf\":{\"@id\":\"https:\/\/denizcankizil.tr\/#website\"},\"primaryImageOfPage\":{\"@id\":\"https:\/\/denizcankizil.tr\/de\/haberler\/antalya\/kaza-yapan-alkollu-surucu-kacmaya-calisti\/#primaryimage\"},\"image\":{\"@id\":\"https:\/\/denizcankizil.tr\/de\/haberler\/antalya\/kaza-yapan-alkollu-surucu-kacmaya-calisti\/#primaryimage\"},\"thumbnailUrl\":\"https:\/\/denizcankizil.tr\/wp-content\/uploads\/2025\/02\/5179-01-nCih6R.jpeg\",\"datePublished\":\"2025-02-26T08:42:06+00:00\",\"breadcrumb\":{\"@id\":\"https:\/\/denizcankizil.tr\/de\/haberler\/antalya\/kaza-yapan-alkollu-surucu-kacmaya-calisti\/#breadcrumb\"},\"inLanguage\":\"de\",\"potentialAction\":[{\"@type\":\"ReadAction\",\"target\":[\"https:\/\/denizcankizil.tr\/de\/haberler\/antalya\/kaza-yapan-alkollu-surucu-kacmaya-calisti\/\"]}]},{\"@type\":\"ImageObject\",\"inLanguage\":\"de\",\"@id\":\"https:\/\/denizcankizil.tr\/de\/haberler\/antalya\/kaza-yapan-alkollu-surucu-kacmaya-calisti\/#primaryimage\",\"url\":\"https:\/\/denizcankizil.tr\/wp-content\/uploads\/2025\/02\/5179-01-nCih6R.jpeg\",\"contentUrl\":\"https:\/\/denizcankizil.tr\/wp-content\/uploads\/2025\/02\/5179-01-nCih6R.jpeg\",\"width\":1280,\"height\":720},{\"@type\":\"BreadcrumbList\",\"@id\":\"https:\/\/denizcankizil.tr\/de\/haberler\/antalya\/kaza-yapan-alkollu-surucu-kacmaya-calisti\/#breadcrumb\",\"itemListElement\":[{\"@type\":\"ListItem\",\"position\":1,\"name\":\"Home\",\"item\":\"https:\/\/denizcankizil.tr\/de\/\"},{\"@type\":\"ListItem\",\"position\":2,\"name\":\"Kaza yapan alkoll\u00fc s\u00fcr\u00fcc\u00fc ka\u00e7maya \u00e7al\u0131\u015ft\u0131\"}]},{\"@type\":\"WebSite\",\"@id\":\"https:\/\/denizcankizil.tr\/#website\",\"url\":\"https:\/\/denizcankizil.tr\/\",\"name\":\"Av. Deniz Can K\u0131z\u0131l\",\"description\":\"Avukat Deniz Can K\u0131z\u0131l Antalya Barosu\",\"publisher\":{\"@id\":\"https:\/\/denizcankizil.tr\/#organization\"},\"potentialAction\":[{\"@type\":\"SearchAction\",\"target\":{\"@type\":\"EntryPoint\",\"urlTemplate\":\"https:\/\/denizcankizil.tr\/?s={search_term_string}\"},\"query-input\":{\"@type\":\"PropertyValueSpecification\",\"valueRequired\":true,\"valueName\":\"search_term_string\"}}],\"inLanguage\":\"de\"},{\"@type\":\"Organization\",\"@id\":\"https:\/\/denizcankizil.tr\/#organization\",\"name\":\"Av. Deniz Can K\u0131z\u0131l\",\"url\":\"https:\/\/denizcankizil.tr\/\",\"logo\":{\"@type\":\"ImageObject\",\"inLanguage\":\"de\",\"@id\":\"https:\/\/denizcankizil.tr\/#\/schema\/logo\/image\/\",\"url\":\"https:\/\/denizcankizil.tr\/wp-content\/uploads\/2024\/10\/siyah-logo-svg.svg\",\"contentUrl\":\"https:\/\/denizcankizil.tr\/wp-content\/uploads\/2024\/10\/siyah-logo-svg.svg\",\"width\":1080,\"height\":1080,\"caption\":\"Av. Deniz Can K\u0131z\u0131l\"},\"image\":{\"@id\":\"https:\/\/denizcankizil.tr\/#\/schema\/logo\/image\/\"}},{\"@type\":\"Person\",\"@id\":\"https:\/\/denizcankizil.tr\/#\/schema\/person\/5dc1b22991bd7ac833867c10afc9b0ff\",\"name\":\"Av. Deniz Can K\u0131z\u0131l\",\"image\":{\"@type\":\"ImageObject\",\"inLanguage\":\"de\",\"@id\":\"https:\/\/denizcankizil.tr\/#\/schema\/person\/image\/\",\"url\":\"https:\/\/secure.gravatar.com\/avatar\/a0b128fb9855c79efc976d5640eedb31dc35ec297594d6016d2cf7c60e975bb6?s=96&d=mm&r=g\",\"contentUrl\":\"https:\/\/secure.gravatar.com\/avatar\/a0b128fb9855c79efc976d5640eedb31dc35ec297594d6016d2cf7c60e975bb6?s=96&d=mm&r=g\",\"caption\":\"Av. Deniz Can K\u0131z\u0131l\"},\"sameAs\":[\"http:\/\/www.denizcankizil.tr\"],\"url\":\"https:\/\/denizcankizil.tr\/de\/author\/denizcankizil\/\"}]}<\/script>\n<!-- \/ Yoast SEO Premium plugin. -->","yoast_head_json":{"title":"Kaza yapan alkoll\u00fc s\u00fcr\u00fcc\u00fc ka\u00e7maya \u00e7al\u0131\u015ft\u0131 - Av. Deniz Can K\u0131z\u0131l","robots":{"index":"index","follow":"follow","max-snippet":"max-snippet:-1","max-image-preview":"max-image-preview:large","max-video-preview":"max-video-preview:-1"},"canonical":"https:\/\/denizcankizil.tr\/de\/haberler\/antalya\/kaza-yapan-alkollu-surucu-kacmaya-calisti\/","og_locale":"de_DE","og_type":"article","og_title":"Kaza yapan alkoll\u00fc s\u00fcr\u00fcc\u00fc ka\u00e7maya \u00e7al\u0131\u015ft\u0131","og_description":"Kaza, Sorgun Mahallesi Herdford Caddesi&#8217;nde ya\u015fand\u0131. Al\u0131nan bilgiye g\u00f6re, Ahmet D.&#8217;nin kulland\u0131\u011f\u0131 07 AIE 676 plakal\u0131 hafif ticari ara\u00e7 ile Mesut C.A.&#8217;n\u0131n kulland\u0131\u011f\u0131 07 ADK 277 plakal\u0131 otomobil \u00e7arp\u0131\u015ft\u0131. \u00c7arpman\u0131n \u015fiddetiyle ref\u00fcj\u00fc a\u015farak kar\u015f\u0131 \u015feride ge\u00e7en otomobilde \u015fans eseri yaralanan olmazken, ara\u00e7larda hasar meydana geldi. &#8220;Araba sizin olsun, ben her \u015feye kabul\u00fcm&#8221; Kazan\u0131n ard\u0131ndan olay yerinden ka\u00e7arak uzakla\u015fan ve \u00e7evredeki vatanda\u015flar taraf\u0131ndan takip edilen Ahmet D., &#8220;Araba sizin olsun, ben her \u015feye kabul\u00fcm. D\u00f6v, \u00f6ld\u00fcr beni. Alkoll\u00fc de\u011filim ki&#8221; dedi. Kar\u015f\u0131 tarafsa buna kar\u015f\u0131l\u0131k, &#8220;\u00d6yle bir niyetimiz yok. Polis \u00e7a\u011f\u0131rd\u0131k, d\u00fczg\u00fcnce halledelim&#8221; cevab\u0131n\u0131 verdi. Alkoll\u00fc \u00e7\u0131kt\u0131 Bir s\u00fcre sonra olay yerine geri getirilen hafif ticari ara\u00e7 s\u00fcr\u00fcc\u00fcs\u00fcn\u00fcn 2,14 promil alkoll\u00fc oldu\u011fu belirlendi. Hafifi ticari ara\u00e7 s\u00fcr\u00fcc\u00fcs\u00fcne alkoll\u00fc ara\u00e7 kullanmaktan 9 bin 276 TL para cezas\u0131 uygulan\u0131rken s\u00fcr\u00fcc\u00fc belgesine 6 ayl\u0131\u011f\u0131na el konuldu. Kaynak: www.kanalv.com.tr Haber Sitesinden Al\u0131nm\u0131\u015ft\u0131r.","og_url":"https:\/\/denizcankizil.tr\/de\/haberler\/antalya\/kaza-yapan-alkollu-surucu-kacmaya-calisti\/","og_site_name":"Av. Deniz Can K\u0131z\u0131l","article_published_time":"2025-02-26T08:42:06+00:00","og_image":[{"width":1280,"height":720,"url":"https:\/\/denizcankizil.tr\/wp-content\/uploads\/2025\/02\/5179-01-nCih6R.jpeg","type":"image\/jpeg"}],"author":"Av. Deniz Can K\u0131z\u0131l","twitter_card":"summary_large_image","twitter_misc":{"Verfasst von":"Av. Deniz Can K\u0131z\u0131l","Gesch\u00e4tzte Lesezeit":"1\u00a0Minute"},"schema":{"@context":"https:\/\/schema.org","@graph":[{"@type":"Article","@id":"https:\/\/denizcankizil.tr\/de\/haberler\/antalya\/kaza-yapan-alkollu-surucu-kacmaya-calisti\/#article","isPartOf":{"@id":"https:\/\/denizcankizil.tr\/de\/haberler\/antalya\/kaza-yapan-alkollu-surucu-kacmaya-calisti\/"},"author":{"name":"Av. Deniz Can K\u0131z\u0131l","@id":"https:\/\/denizcankizil.tr\/#\/schema\/person\/5dc1b22991bd7ac833867c10afc9b0ff"},"headline":"Kaza yapan alkoll\u00fc s\u00fcr\u00fcc\u00fc ka\u00e7maya \u00e7al\u0131\u015ft\u0131","datePublished":"2025-02-26T08:42:06+00:00","mainEntityOfPage":{"@id":"https:\/\/denizcankizil.tr\/de\/haberler\/antalya\/kaza-yapan-alkollu-surucu-kacmaya-calisti\/"},"wordCount":192,"commentCount":0,"publisher":{"@id":"https:\/\/denizcankizil.tr\/#organization"},"image":{"@id":"https:\/\/denizcankizil.tr\/de\/haberler\/antalya\/kaza-yapan-alkollu-surucu-kacmaya-calisti\/#primaryimage"},"thumbnailUrl":"https:\/\/denizcankizil.tr\/wp-content\/uploads\/2025\/02\/5179-01-nCih6R.jpeg","articleSection":["Antalya"],"inLanguage":"de","potentialAction":[{"@type":"CommentAction","name":"Comment","target":["https:\/\/denizcankizil.tr\/de\/haberler\/antalya\/kaza-yapan-alkollu-surucu-kacmaya-calisti\/#respond"]}]},{"@type":"WebPage","@id":"https:\/\/denizcankizil.tr\/de\/haberler\/antalya\/kaza-yapan-alkollu-surucu-kacmaya-calisti\/","url":"https:\/\/denizcankizil.tr\/de\/haberler\/antalya\/kaza-yapan-alkollu-surucu-kacmaya-calisti\/","name":"Kaza yapan alkoll\u00fc s\u00fcr\u00fcc\u00fc ka\u00e7maya \u00e7al\u0131\u015ft\u0131 - Av. Deniz Can K\u0131z\u0131l","isPartOf":{"@id":"https:\/\/denizcankizil.tr\/#website"},"primaryImageOfPage":{"@id":"https:\/\/denizcankizil.tr\/de\/haberler\/antalya\/kaza-yapan-alkollu-surucu-kacmaya-calisti\/#primaryimage"},"image":{"@id":"https:\/\/denizcankizil.tr\/de\/haberler\/antalya\/kaza-yapan-alkollu-surucu-kacmaya-calisti\/#primaryimage"},"thumbnailUrl":"https:\/\/denizcankizil.tr\/wp-content\/uploads\/2025\/02\/5179-01-nCih6R.jpeg","datePublished":"2025-02-26T08:42:06+00:00","breadcrumb":{"@id":"https:\/\/denizcankizil.tr\/de\/haberler\/antalya\/kaza-yapan-alkollu-surucu-kacmaya-calisti\/#breadcrumb"},"inLanguage":"de","potentialAction":[{"@type":"ReadAction","target":["https:\/\/denizcankizil.tr\/de\/haberler\/antalya\/kaza-yapan-alkollu-surucu-kacmaya-calisti\/"]}]},{"@type":"ImageObject","inLanguage":"de","@id":"https:\/\/denizcankizil.tr\/de\/haberler\/antalya\/kaza-yapan-alkollu-surucu-kacmaya-calisti\/#primaryimage","url":"https:\/\/denizcankizil.tr\/wp-content\/uploads\/2025\/02\/5179-01-nCih6R.jpeg","contentUrl":"https:\/\/denizcankizil.tr\/wp-content\/uploads\/2025\/02\/5179-01-nCih6R.jpeg","width":1280,"height":720},{"@type":"BreadcrumbList","@id":"https:\/\/denizcankizil.tr\/de\/haberler\/antalya\/kaza-yapan-alkollu-surucu-kacmaya-calisti\/#breadcrumb","itemListElement":[{"@type":"ListItem","position":1,"name":"Home","item":"https:\/\/denizcankizil.tr\/de\/"},{"@type":"ListItem","position":2,"name":"Kaza yapan alkoll\u00fc s\u00fcr\u00fcc\u00fc ka\u00e7maya \u00e7al\u0131\u015ft\u0131"}]},{"@type":"WebSite","@id":"https:\/\/denizcankizil.tr\/#website","url":"https:\/\/denizcankizil.tr\/","name":"Av. Deniz Can K\u0131z\u0131l","description":"Avukat Deniz Can K\u0131z\u0131l Antalya Barosu","publisher":{"@id":"https:\/\/denizcankizil.tr\/#organization"},"potentialAction":[{"@type":"SearchAction","target":{"@type":"EntryPoint","urlTemplate":"https:\/\/denizcankizil.tr\/?s={search_term_string}"},"query-input":{"@type":"PropertyValueSpecification","valueRequired":true,"valueName":"search_term_string"}}],"inLanguage":"de"},{"@type":"Organization","@id":"https:\/\/denizcankizil.tr\/#organization","name":"Av. Deniz Can K\u0131z\u0131l","url":"https:\/\/denizcankizil.tr\/","logo":{"@type":"ImageObject","inLanguage":"de","@id":"https:\/\/denizcankizil.tr\/#\/schema\/logo\/image\/","url":"https:\/\/denizcankizil.tr\/wp-content\/uploads\/2024\/10\/siyah-logo-svg.svg","contentUrl":"https:\/\/denizcankizil.tr\/wp-content\/uploads\/2024\/10\/siyah-logo-svg.svg","width":1080,"height":1080,"caption":"Av. Deniz Can K\u0131z\u0131l"},"image":{"@id":"https:\/\/denizcankizil.tr\/#\/schema\/logo\/image\/"}},{"@type":"Person","@id":"https:\/\/denizcankizil.tr\/#\/schema\/person\/5dc1b22991bd7ac833867c10afc9b0ff","name":"Av. Deniz Can K\u0131z\u0131l","image":{"@type":"ImageObject","inLanguage":"de","@id":"https:\/\/denizcankizil.tr\/#\/schema\/person\/image\/","url":"https:\/\/secure.gravatar.com\/avatar\/a0b128fb9855c79efc976d5640eedb31dc35ec297594d6016d2cf7c60e975bb6?s=96&d=mm&r=g","contentUrl":"https:\/\/secure.gravatar.com\/avatar\/a0b128fb9855c79efc976d5640eedb31dc35ec297594d6016d2cf7c60e975bb6?s=96&d=mm&r=g","caption":"Av. Deniz Can K\u0131z\u0131l"},"sameAs":["http:\/\/www.denizcankizil.tr"],"url":"https:\/\/denizcankizil.tr\/de\/author\/denizcankizil\/"}]}},"_links":{"self":[{"href":"https:\/\/denizcankizil.tr\/de\/wp-json\/wp\/v2\/posts\/34137","targetHints":{"allow":["GET"]}}],"collection":[{"href":"https:\/\/denizcankizil.tr\/de\/wp-json\/wp\/v2\/posts"}],"about":[{"href":"https:\/\/denizcankizil.tr\/de\/wp-json\/wp\/v2\/types\/post"}],"author":[{"embeddable":true,"href":"https:\/\/denizcankizil.tr\/de\/wp-json\/wp\/v2\/users\/4"}],"replies":[{"embeddable":true,"href":"https:\/\/denizcankizil.tr\/de\/wp-json\/wp\/v2\/comments?post=34137"}],"version-history":[{"count":0,"href":"https:\/\/denizcankizil.tr\/de\/wp-json\/wp\/v2\/posts\/34137\/revisions"}],"wp:featuredmedia":[{"embeddable":true,"href":"https:\/\/denizcankizil.tr\/de\/wp-json\/wp\/v2\/media\/34138"}],"wp:attachment":[{"href":"https:\/\/denizcankizil.tr\/de\/wp-json\/wp\/v2\/media?parent=34137"}],"wp:term":[{"taxonomy":"category","embeddable":true,"href":"https:\/\/denizcankizil.tr\/de\/wp-json\/wp\/v2\/categories?post=34137"},{"taxonomy":"post_tag","embeddable":true,"href":"https:\/\/denizcankizil.tr\/de\/wp-json\/wp\/v2\/tags?post=34137"}],"curies":[{"name":"wp","href":"https:\/\/api.w.org\/{rel}","templated":true}]}}