{"id":34135,"date":"2025-02-26T11:41:56","date_gmt":"2025-02-26T08:41:56","guid":{"rendered":"https:\/\/denizcankizil.tr\/uncategorized-tr\/aesob-ile-basin-ilan-kurumu-arasinda-protokol\/"},"modified":"2025-02-26T11:41:56","modified_gmt":"2025-02-26T08:41:56","slug":"aesob-ile-basin-ilan-kurumu-arasinda-protokol","status":"publish","type":"post","link":"https:\/\/denizcankizil.tr\/de\/haberler\/antalya\/aesob-ile-basin-ilan-kurumu-arasinda-protokol\/","title":{"rendered":"AESOB ile Bas\u0131n \u0130lan Kurumu aras\u0131nda protokol"},"content":{"rendered":"<p>\u0130mzalanan protokol ile Bas\u0131n \u0130lan Kurumu Antalya B\u00f6lge M\u00fcd\u00fcrl\u00fc\u011f\u00fc ile Antalya Esnaf ve Sanatkarlar Odalar\u0131\u2019n\u0131n mevzuatla belirlenen y\u00fck\u00fcml\u00fcl\u00fcklerin yan\u0131 s\u0131ra; teknolojik geli\u015fmeler do\u011frultusunda ba\u011fl\u0131 kurulu\u015flar\u0131n genel kurul ilanlar\u0131 ve \u00f6zel stat\u00fcdeki ilanlar\u0131 ba\u015fta olmak \u00fczere, resmi ilan ve reklamlar\u0131n yay\u0131n\u0131n\u0131n Bas\u0131n \u0130lan Kurumu arac\u0131l\u0131\u011f\u0131 ile ger\u00e7ekle\u015ftirilmesi ve ayn\u0131 zamanda yerel bas\u0131n kurulu\u015flar\u0131n\u0131n desteklenmesine katk\u0131 sa\u011flamak ama\u00e7land\u0131.<\/p>\n<p>Yerel bas\u0131n\u0131n geli\u015fimine katk\u0131<br \/>\nAESOB binas\u0131nda ger\u00e7ekle\u015ftirilen imza t\u00f6reninde konu\u015fan Antalya Esnaf ve Sanatkarlar Odalar\u0131 Birli\u011fi ba\u015fkan\u0131 Adl\u0131han Dere, \u00f6nemli bir protokole imza atman\u0131n gururunu ya\u015fad\u0131klar\u0131n\u0131 ifade ederek, &#8220;Bu protokol, yerel bas\u0131n\u0131n geli\u015fmesine katk\u0131 sa\u011flamak ad\u0131na b\u00fcy\u00fck bir ad\u0131md\u0131r. Yerel bas\u0131n\u0131n desteklenmesi, toplumumuza do\u011fru ve g\u00fcvenilir bilgilerin ula\u015fmas\u0131n\u0131 sa\u011flamak a\u00e7\u0131s\u0131ndan kritik bir \u00f6nem ta\u015f\u0131maktad\u0131r. Bu protokolle, Antalya\u2019daki esnaf ve sanatkarlar odalar\u0131n\u0131n resmi ilan ve reklamlar\u0131n\u0131n, yerel bas\u0131n kurulu\u015flar\u0131 arac\u0131l\u0131\u011f\u0131yla daha geni\u015f kitlelere ula\u015fmas\u0131n\u0131 sa\u011flamay\u0131 hedefliyoruz. Ayn\u0131 zamanda yerel medya sekt\u00f6r\u00fcn\u00fc g\u00fc\u00e7lendirerek, yerel ba\u015f\u0131n\u0131n geli\u015fmesine katk\u0131da bulunmak bizler i\u00e7in b\u00fcy\u00fck bir sorumluluktur. Bu vesileyle, Bas\u0131n \u0130lan Kurumu\u2019na te\u015fekk\u00fcr ediyor, i\u015fbirli\u011fimizin uzun y\u0131llar boyunca devam etmesini temenni ediyorum&#8221; diye konu\u015ftu.<br \/>\nBa\u015fkan Adl\u0131han Dere\u2019nin ard\u0131ndan konu\u015fan Bas\u0131n \u0130lan Kurumu Antalya B\u00f6lge M\u00fcd\u00fcr\u00fc \u0130dris Cirit ise, &#8220;Kurumumuz resmi ilanlar ile kamu kurum kurulu\u015flar\u0131na ait reklamlar\u0131n, gazete, dergi ve internet haber sitelerinde yay\u0131nlanmas\u0131na arac\u0131l\u0131k ekmekte, ayn\u0131 zamanda yaz\u0131l\u0131 ve dijital mecray\u0131 birlikte y\u00fcr\u00fctebilen, ger\u00e7ek anlamda gazetecilik yapan, okura ula\u015fan yay\u0131nlara deste\u011fini her zaman s\u00fcrd\u00fcrmektedir. Bu ba\u011flamda Antalya Esnaf ve Sanatkarlar Odalar\u0131 Birli\u011fi ile yapm\u0131\u015f oldu\u011fumuz g\u00f6r\u00fc\u015fmeler neticesinde g\u00f6revlerinin gerekliliklerinin bilincinde olarak do\u011fru haberi halka ula\u015ft\u0131rmada \u00e7ok \u00f6nemli bir g\u00f6rev \u00fcstlenen yerel bas\u0131n\u0131m\u0131za ilan ve reklam olarak desteklenmesi konusunda mutab\u0131k kal\u0131nd\u0131. Resmi ilanlar\u0131n yan\u0131 s\u0131ra \u00f6zellikle resmi stat\u00fcdeki reklamlar\u0131n Kurumumuz arac\u0131l\u0131\u011f\u0131 ile yerel bas\u0131nda yay\u0131nlanmas\u0131 ile ilgili bir protokol haline getirerek imza alt\u0131na ald\u0131k. Yerel Bas\u0131n\u0131m\u0131za deste\u011fini esirgemeyen K\u0131ymetli Ba\u015fkan\u0131m\u0131z Adl\u0131han Dere ba\u015fta olmak \u00fczere eme\u011fi ge\u00e7enlere te\u015fekk\u00fcr ederim&#8221; dedi.<\/p>\n<p>Protokol imzaland\u0131<br \/>\nYap\u0131lan konu\u015fman\u0131n ard\u0131ndan Antalya Esnaf ve Sanatkarlar Odalar\u0131 Birli\u011fi ile Bas\u0131n \u0130lan Kurumu Antalya B\u00f6lge M\u00fcd\u00fcrl\u00fc\u011f\u00fc aras\u0131nda protokol imzaland\u0131.<\/p>\n<p>Kaynak: www.kanalv.com.tr Haber Sitesinden Al\u0131nm\u0131\u015ft\u0131r.<\/p>","protected":false},"excerpt":{"rendered":"<p>\u0130mzalanan protokol ile Bas\u0131n \u0130lan Kurumu Antalya B\u00f6lge M\u00fcd\u00fcrl\u00fc\u011f\u00fc ile Antalya Esnaf ve Sanatkarlar Odalar\u0131\u2019n\u0131n mevzuatla belirlenen y\u00fck\u00fcml\u00fcl\u00fcklerin yan\u0131 s\u0131ra; teknolojik geli\u015fmeler do\u011frultusunda ba\u011fl\u0131 kurulu\u015flar\u0131n genel kurul ilanlar\u0131 ve \u00f6zel stat\u00fcdeki ilanlar\u0131 ba\u015fta olmak \u00fczere, resmi ilan ve reklamlar\u0131n yay\u0131n\u0131n\u0131n Bas\u0131n \u0130lan Kurumu arac\u0131l\u0131\u011f\u0131 ile ger\u00e7ekle\u015ftirilmesi ve ayn\u0131 zamanda yerel bas\u0131n kurulu\u015flar\u0131n\u0131n desteklenmesine katk\u0131 sa\u011flamak ama\u00e7land\u0131. Yerel bas\u0131n\u0131n geli\u015fimine katk\u0131 AESOB binas\u0131nda ger\u00e7ekle\u015ftirilen imza t\u00f6reninde konu\u015fan Antalya Esnaf ve Sanatkarlar Odalar\u0131 Birli\u011fi ba\u015fkan\u0131 Adl\u0131han Dere, \u00f6nemli bir protokole imza atman\u0131n gururunu ya\u015fad\u0131klar\u0131n\u0131 ifade ederek, &#8220;Bu protokol, yerel bas\u0131n\u0131n geli\u015fmesine katk\u0131 sa\u011flamak ad\u0131na b\u00fcy\u00fck bir ad\u0131md\u0131r. Yerel bas\u0131n\u0131n desteklenmesi, toplumumuza do\u011fru ve g\u00fcvenilir bilgilerin ula\u015fmas\u0131n\u0131 sa\u011flamak a\u00e7\u0131s\u0131ndan kritik bir \u00f6nem ta\u015f\u0131maktad\u0131r. Bu protokolle, Antalya\u2019daki esnaf ve sanatkarlar odalar\u0131n\u0131n resmi ilan ve reklamlar\u0131n\u0131n, yerel bas\u0131n kurulu\u015flar\u0131 arac\u0131l\u0131\u011f\u0131yla daha geni\u015f kitlelere ula\u015fmas\u0131n\u0131 sa\u011flamay\u0131 hedefliyoruz. Ayn\u0131 zamanda yerel medya sekt\u00f6r\u00fcn\u00fc g\u00fc\u00e7lendirerek, yerel ba\u015f\u0131n\u0131n geli\u015fmesine katk\u0131da bulunmak bizler i\u00e7in b\u00fcy\u00fck bir sorumluluktur. Bu vesileyle, Bas\u0131n \u0130lan Kurumu\u2019na te\u015fekk\u00fcr ediyor, i\u015fbirli\u011fimizin uzun y\u0131llar boyunca devam etmesini temenni ediyorum&#8221; diye konu\u015ftu. Ba\u015fkan Adl\u0131han Dere\u2019nin ard\u0131ndan konu\u015fan Bas\u0131n \u0130lan Kurumu Antalya B\u00f6lge M\u00fcd\u00fcr\u00fc \u0130dris Cirit ise, &#8220;Kurumumuz resmi ilanlar ile kamu kurum kurulu\u015flar\u0131na ait reklamlar\u0131n, gazete, dergi ve internet haber sitelerinde yay\u0131nlanmas\u0131na arac\u0131l\u0131k ekmekte, ayn\u0131 zamanda yaz\u0131l\u0131 ve &hellip;<\/p>","protected":false},"author":4,"featured_media":34136,"comment_status":"open","ping_status":"open","sticky":false,"template":"","format":"standard","meta":{"_acf_changed":false,"footnotes":""},"categories":[26],"tags":[],"class_list":["post-34135","post","type-post","status-publish","format-standard","has-post-thumbnail","hentry","category-antalya"],"acf":[],"yoast_head":"<!-- This site is optimized with the Yoast SEO Premium plugin v26.6 (Yoast SEO v27.1.1) - https:\/\/yoast.com\/product\/yoast-seo-premium-wordpress\/ -->\n<title>AESOB ile Bas\u0131n \u0130lan Kurumu aras\u0131nda protokol - Av. Deniz Can K\u0131z\u0131l<\/title>\n<meta name=\"robots\" content=\"index, follow, max-snippet:-1, max-image-preview:large, max-video-preview:-1\" \/>\n<link rel=\"canonical\" href=\"https:\/\/denizcankizil.tr\/de\/haberler\/antalya\/aesob-ile-basin-ilan-kurumu-arasinda-protokol\/\" \/>\n<meta property=\"og:locale\" content=\"de_DE\" \/>\n<meta property=\"og:type\" content=\"article\" \/>\n<meta property=\"og:title\" content=\"AESOB ile Bas\u0131n \u0130lan Kurumu aras\u0131nda protokol\" \/>\n<meta property=\"og:description\" content=\"\u0130mzalanan protokol ile Bas\u0131n \u0130lan Kurumu Antalya B\u00f6lge M\u00fcd\u00fcrl\u00fc\u011f\u00fc ile Antalya Esnaf ve Sanatkarlar Odalar\u0131\u2019n\u0131n mevzuatla belirlenen y\u00fck\u00fcml\u00fcl\u00fcklerin yan\u0131 s\u0131ra; teknolojik geli\u015fmeler do\u011frultusunda ba\u011fl\u0131 kurulu\u015flar\u0131n genel kurul ilanlar\u0131 ve \u00f6zel stat\u00fcdeki ilanlar\u0131 ba\u015fta olmak \u00fczere, resmi ilan ve reklamlar\u0131n yay\u0131n\u0131n\u0131n Bas\u0131n \u0130lan Kurumu arac\u0131l\u0131\u011f\u0131 ile ger\u00e7ekle\u015ftirilmesi ve ayn\u0131 zamanda yerel bas\u0131n kurulu\u015flar\u0131n\u0131n desteklenmesine katk\u0131 sa\u011flamak ama\u00e7land\u0131. Yerel bas\u0131n\u0131n geli\u015fimine katk\u0131 AESOB binas\u0131nda ger\u00e7ekle\u015ftirilen imza t\u00f6reninde konu\u015fan Antalya Esnaf ve Sanatkarlar Odalar\u0131 Birli\u011fi ba\u015fkan\u0131 Adl\u0131han Dere, \u00f6nemli bir protokole imza atman\u0131n gururunu ya\u015fad\u0131klar\u0131n\u0131 ifade ederek, &#8220;Bu protokol, yerel bas\u0131n\u0131n geli\u015fmesine katk\u0131 sa\u011flamak ad\u0131na b\u00fcy\u00fck bir ad\u0131md\u0131r. Yerel bas\u0131n\u0131n desteklenmesi, toplumumuza do\u011fru ve g\u00fcvenilir bilgilerin ula\u015fmas\u0131n\u0131 sa\u011flamak a\u00e7\u0131s\u0131ndan kritik bir \u00f6nem ta\u015f\u0131maktad\u0131r. Bu protokolle, Antalya\u2019daki esnaf ve sanatkarlar odalar\u0131n\u0131n resmi ilan ve reklamlar\u0131n\u0131n, yerel bas\u0131n kurulu\u015flar\u0131 arac\u0131l\u0131\u011f\u0131yla daha geni\u015f kitlelere ula\u015fmas\u0131n\u0131 sa\u011flamay\u0131 hedefliyoruz. Ayn\u0131 zamanda yerel medya sekt\u00f6r\u00fcn\u00fc g\u00fc\u00e7lendirerek, yerel ba\u015f\u0131n\u0131n geli\u015fmesine katk\u0131da bulunmak bizler i\u00e7in b\u00fcy\u00fck bir sorumluluktur. Bu vesileyle, Bas\u0131n \u0130lan Kurumu\u2019na te\u015fekk\u00fcr ediyor, i\u015fbirli\u011fimizin uzun y\u0131llar boyunca devam etmesini temenni ediyorum&#8221; diye konu\u015ftu. Ba\u015fkan Adl\u0131han Dere\u2019nin ard\u0131ndan konu\u015fan Bas\u0131n \u0130lan Kurumu Antalya B\u00f6lge M\u00fcd\u00fcr\u00fc \u0130dris Cirit ise, &#8220;Kurumumuz resmi ilanlar ile kamu kurum kurulu\u015flar\u0131na ait reklamlar\u0131n, gazete, dergi ve internet haber sitelerinde yay\u0131nlanmas\u0131na arac\u0131l\u0131k ekmekte, ayn\u0131 zamanda yaz\u0131l\u0131 ve &hellip;\" \/>\n<meta property=\"og:url\" content=\"https:\/\/denizcankizil.tr\/de\/haberler\/antalya\/aesob-ile-basin-ilan-kurumu-arasinda-protokol\/\" \/>\n<meta property=\"og:site_name\" content=\"Av. Deniz Can K\u0131z\u0131l\" \/>\n<meta property=\"article:published_time\" content=\"2025-02-26T08:41:56+00:00\" \/>\n<meta property=\"og:image\" content=\"https:\/\/denizcankizil.tr\/wp-content\/uploads\/2025\/02\/5181-01-OnM0GL.jpeg\" \/>\n\t<meta property=\"og:image:width\" content=\"1280\" \/>\n\t<meta property=\"og:image:height\" content=\"720\" \/>\n\t<meta property=\"og:image:type\" content=\"image\/jpeg\" \/>\n<meta name=\"author\" content=\"Av. Deniz Can K\u0131z\u0131l\" \/>\n<meta name=\"twitter:card\" content=\"summary_large_image\" \/>\n<meta name=\"twitter:label1\" content=\"Verfasst von\" \/>\n\t<meta name=\"twitter:data1\" content=\"Av. Deniz Can K\u0131z\u0131l\" \/>\n\t<meta name=\"twitter:label2\" content=\"Gesch\u00e4tzte Lesezeit\" \/>\n\t<meta name=\"twitter:data2\" content=\"2\u00a0Minuten\" \/>\n<script type=\"application\/ld+json\" class=\"yoast-schema-graph\">{\"@context\":\"https:\/\/schema.org\",\"@graph\":[{\"@type\":\"Article\",\"@id\":\"https:\/\/denizcankizil.tr\/de\/haberler\/antalya\/aesob-ile-basin-ilan-kurumu-arasinda-protokol\/#article\",\"isPartOf\":{\"@id\":\"https:\/\/denizcankizil.tr\/de\/haberler\/antalya\/aesob-ile-basin-ilan-kurumu-arasinda-protokol\/\"},\"author\":{\"name\":\"Av. Deniz Can K\u0131z\u0131l\",\"@id\":\"https:\/\/denizcankizil.tr\/#\/schema\/person\/5dc1b22991bd7ac833867c10afc9b0ff\"},\"headline\":\"AESOB ile Bas\u0131n \u0130lan Kurumu aras\u0131nda protokol\",\"datePublished\":\"2025-02-26T08:41:56+00:00\",\"mainEntityOfPage\":{\"@id\":\"https:\/\/denizcankizil.tr\/de\/haberler\/antalya\/aesob-ile-basin-ilan-kurumu-arasinda-protokol\/\"},\"wordCount\":501,\"commentCount\":0,\"publisher\":{\"@id\":\"https:\/\/denizcankizil.tr\/#organization\"},\"image\":{\"@id\":\"https:\/\/denizcankizil.tr\/de\/haberler\/antalya\/aesob-ile-basin-ilan-kurumu-arasinda-protokol\/#primaryimage\"},\"thumbnailUrl\":\"https:\/\/denizcankizil.tr\/wp-content\/uploads\/2025\/02\/5181-01-OnM0GL.jpeg\",\"articleSection\":[\"Antalya\"],\"inLanguage\":\"de\",\"potentialAction\":[{\"@type\":\"CommentAction\",\"name\":\"Comment\",\"target\":[\"https:\/\/denizcankizil.tr\/de\/haberler\/antalya\/aesob-ile-basin-ilan-kurumu-arasinda-protokol\/#respond\"]}]},{\"@type\":\"WebPage\",\"@id\":\"https:\/\/denizcankizil.tr\/de\/haberler\/antalya\/aesob-ile-basin-ilan-kurumu-arasinda-protokol\/\",\"url\":\"https:\/\/denizcankizil.tr\/de\/haberler\/antalya\/aesob-ile-basin-ilan-kurumu-arasinda-protokol\/\",\"name\":\"AESOB ile Bas\u0131n \u0130lan Kurumu aras\u0131nda protokol - Av. Deniz Can K\u0131z\u0131l\",\"isPartOf\":{\"@id\":\"https:\/\/denizcankizil.tr\/#website\"},\"primaryImageOfPage\":{\"@id\":\"https:\/\/denizcankizil.tr\/de\/haberler\/antalya\/aesob-ile-basin-ilan-kurumu-arasinda-protokol\/#primaryimage\"},\"image\":{\"@id\":\"https:\/\/denizcankizil.tr\/de\/haberler\/antalya\/aesob-ile-basin-ilan-kurumu-arasinda-protokol\/#primaryimage\"},\"thumbnailUrl\":\"https:\/\/denizcankizil.tr\/wp-content\/uploads\/2025\/02\/5181-01-OnM0GL.jpeg\",\"datePublished\":\"2025-02-26T08:41:56+00:00\",\"breadcrumb\":{\"@id\":\"https:\/\/denizcankizil.tr\/de\/haberler\/antalya\/aesob-ile-basin-ilan-kurumu-arasinda-protokol\/#breadcrumb\"},\"inLanguage\":\"de\",\"potentialAction\":[{\"@type\":\"ReadAction\",\"target\":[\"https:\/\/denizcankizil.tr\/de\/haberler\/antalya\/aesob-ile-basin-ilan-kurumu-arasinda-protokol\/\"]}]},{\"@type\":\"ImageObject\",\"inLanguage\":\"de\",\"@id\":\"https:\/\/denizcankizil.tr\/de\/haberler\/antalya\/aesob-ile-basin-ilan-kurumu-arasinda-protokol\/#primaryimage\",\"url\":\"https:\/\/denizcankizil.tr\/wp-content\/uploads\/2025\/02\/5181-01-OnM0GL.jpeg\",\"contentUrl\":\"https:\/\/denizcankizil.tr\/wp-content\/uploads\/2025\/02\/5181-01-OnM0GL.jpeg\",\"width\":1280,\"height\":720},{\"@type\":\"BreadcrumbList\",\"@id\":\"https:\/\/denizcankizil.tr\/de\/haberler\/antalya\/aesob-ile-basin-ilan-kurumu-arasinda-protokol\/#breadcrumb\",\"itemListElement\":[{\"@type\":\"ListItem\",\"position\":1,\"name\":\"Home\",\"item\":\"https:\/\/denizcankizil.tr\/de\/\"},{\"@type\":\"ListItem\",\"position\":2,\"name\":\"AESOB ile Bas\u0131n \u0130lan Kurumu aras\u0131nda protokol\"}]},{\"@type\":\"WebSite\",\"@id\":\"https:\/\/denizcankizil.tr\/#website\",\"url\":\"https:\/\/denizcankizil.tr\/\",\"name\":\"Av. Deniz Can K\u0131z\u0131l\",\"description\":\"Avukat Deniz Can K\u0131z\u0131l Antalya Barosu\",\"publisher\":{\"@id\":\"https:\/\/denizcankizil.tr\/#organization\"},\"potentialAction\":[{\"@type\":\"SearchAction\",\"target\":{\"@type\":\"EntryPoint\",\"urlTemplate\":\"https:\/\/denizcankizil.tr\/?s={search_term_string}\"},\"query-input\":{\"@type\":\"PropertyValueSpecification\",\"valueRequired\":true,\"valueName\":\"search_term_string\"}}],\"inLanguage\":\"de\"},{\"@type\":\"Organization\",\"@id\":\"https:\/\/denizcankizil.tr\/#organization\",\"name\":\"Av. Deniz Can K\u0131z\u0131l\",\"url\":\"https:\/\/denizcankizil.tr\/\",\"logo\":{\"@type\":\"ImageObject\",\"inLanguage\":\"de\",\"@id\":\"https:\/\/denizcankizil.tr\/#\/schema\/logo\/image\/\",\"url\":\"https:\/\/denizcankizil.tr\/wp-content\/uploads\/2024\/10\/siyah-logo-svg.svg\",\"contentUrl\":\"https:\/\/denizcankizil.tr\/wp-content\/uploads\/2024\/10\/siyah-logo-svg.svg\",\"width\":1080,\"height\":1080,\"caption\":\"Av. Deniz Can K\u0131z\u0131l\"},\"image\":{\"@id\":\"https:\/\/denizcankizil.tr\/#\/schema\/logo\/image\/\"}},{\"@type\":\"Person\",\"@id\":\"https:\/\/denizcankizil.tr\/#\/schema\/person\/5dc1b22991bd7ac833867c10afc9b0ff\",\"name\":\"Av. Deniz Can K\u0131z\u0131l\",\"image\":{\"@type\":\"ImageObject\",\"inLanguage\":\"de\",\"@id\":\"https:\/\/denizcankizil.tr\/#\/schema\/person\/image\/\",\"url\":\"https:\/\/secure.gravatar.com\/avatar\/a0b128fb9855c79efc976d5640eedb31dc35ec297594d6016d2cf7c60e975bb6?s=96&d=mm&r=g\",\"contentUrl\":\"https:\/\/secure.gravatar.com\/avatar\/a0b128fb9855c79efc976d5640eedb31dc35ec297594d6016d2cf7c60e975bb6?s=96&d=mm&r=g\",\"caption\":\"Av. Deniz Can K\u0131z\u0131l\"},\"sameAs\":[\"http:\/\/www.denizcankizil.tr\"],\"url\":\"https:\/\/denizcankizil.tr\/de\/author\/denizcankizil\/\"}]}<\/script>\n<!-- \/ Yoast SEO Premium plugin. -->","yoast_head_json":{"title":"AESOB ile Bas\u0131n \u0130lan Kurumu aras\u0131nda protokol - Av. Deniz Can K\u0131z\u0131l","robots":{"index":"index","follow":"follow","max-snippet":"max-snippet:-1","max-image-preview":"max-image-preview:large","max-video-preview":"max-video-preview:-1"},"canonical":"https:\/\/denizcankizil.tr\/de\/haberler\/antalya\/aesob-ile-basin-ilan-kurumu-arasinda-protokol\/","og_locale":"de_DE","og_type":"article","og_title":"AESOB ile Bas\u0131n \u0130lan Kurumu aras\u0131nda protokol","og_description":"\u0130mzalanan protokol ile Bas\u0131n \u0130lan Kurumu Antalya B\u00f6lge M\u00fcd\u00fcrl\u00fc\u011f\u00fc ile Antalya Esnaf ve Sanatkarlar Odalar\u0131\u2019n\u0131n mevzuatla belirlenen y\u00fck\u00fcml\u00fcl\u00fcklerin yan\u0131 s\u0131ra; teknolojik geli\u015fmeler do\u011frultusunda ba\u011fl\u0131 kurulu\u015flar\u0131n genel kurul ilanlar\u0131 ve \u00f6zel stat\u00fcdeki ilanlar\u0131 ba\u015fta olmak \u00fczere, resmi ilan ve reklamlar\u0131n yay\u0131n\u0131n\u0131n Bas\u0131n \u0130lan Kurumu arac\u0131l\u0131\u011f\u0131 ile ger\u00e7ekle\u015ftirilmesi ve ayn\u0131 zamanda yerel bas\u0131n kurulu\u015flar\u0131n\u0131n desteklenmesine katk\u0131 sa\u011flamak ama\u00e7land\u0131. Yerel bas\u0131n\u0131n geli\u015fimine katk\u0131 AESOB binas\u0131nda ger\u00e7ekle\u015ftirilen imza t\u00f6reninde konu\u015fan Antalya Esnaf ve Sanatkarlar Odalar\u0131 Birli\u011fi ba\u015fkan\u0131 Adl\u0131han Dere, \u00f6nemli bir protokole imza atman\u0131n gururunu ya\u015fad\u0131klar\u0131n\u0131 ifade ederek, &#8220;Bu protokol, yerel bas\u0131n\u0131n geli\u015fmesine katk\u0131 sa\u011flamak ad\u0131na b\u00fcy\u00fck bir ad\u0131md\u0131r. Yerel bas\u0131n\u0131n desteklenmesi, toplumumuza do\u011fru ve g\u00fcvenilir bilgilerin ula\u015fmas\u0131n\u0131 sa\u011flamak a\u00e7\u0131s\u0131ndan kritik bir \u00f6nem ta\u015f\u0131maktad\u0131r. Bu protokolle, Antalya\u2019daki esnaf ve sanatkarlar odalar\u0131n\u0131n resmi ilan ve reklamlar\u0131n\u0131n, yerel bas\u0131n kurulu\u015flar\u0131 arac\u0131l\u0131\u011f\u0131yla daha geni\u015f kitlelere ula\u015fmas\u0131n\u0131 sa\u011flamay\u0131 hedefliyoruz. Ayn\u0131 zamanda yerel medya sekt\u00f6r\u00fcn\u00fc g\u00fc\u00e7lendirerek, yerel ba\u015f\u0131n\u0131n geli\u015fmesine katk\u0131da bulunmak bizler i\u00e7in b\u00fcy\u00fck bir sorumluluktur. Bu vesileyle, Bas\u0131n \u0130lan Kurumu\u2019na te\u015fekk\u00fcr ediyor, i\u015fbirli\u011fimizin uzun y\u0131llar boyunca devam etmesini temenni ediyorum&#8221; diye konu\u015ftu. Ba\u015fkan Adl\u0131han Dere\u2019nin ard\u0131ndan konu\u015fan Bas\u0131n \u0130lan Kurumu Antalya B\u00f6lge M\u00fcd\u00fcr\u00fc \u0130dris Cirit ise, &#8220;Kurumumuz resmi ilanlar ile kamu kurum kurulu\u015flar\u0131na ait reklamlar\u0131n, gazete, dergi ve internet haber sitelerinde yay\u0131nlanmas\u0131na arac\u0131l\u0131k ekmekte, ayn\u0131 zamanda yaz\u0131l\u0131 ve &hellip;","og_url":"https:\/\/denizcankizil.tr\/de\/haberler\/antalya\/aesob-ile-basin-ilan-kurumu-arasinda-protokol\/","og_site_name":"Av. Deniz Can K\u0131z\u0131l","article_published_time":"2025-02-26T08:41:56+00:00","og_image":[{"width":1280,"height":720,"url":"https:\/\/denizcankizil.tr\/wp-content\/uploads\/2025\/02\/5181-01-OnM0GL.jpeg","type":"image\/jpeg"}],"author":"Av. Deniz Can K\u0131z\u0131l","twitter_card":"summary_large_image","twitter_misc":{"Verfasst von":"Av. Deniz Can K\u0131z\u0131l","Gesch\u00e4tzte Lesezeit":"2\u00a0Minuten"},"schema":{"@context":"https:\/\/schema.org","@graph":[{"@type":"Article","@id":"https:\/\/denizcankizil.tr\/de\/haberler\/antalya\/aesob-ile-basin-ilan-kurumu-arasinda-protokol\/#article","isPartOf":{"@id":"https:\/\/denizcankizil.tr\/de\/haberler\/antalya\/aesob-ile-basin-ilan-kurumu-arasinda-protokol\/"},"author":{"name":"Av. Deniz Can K\u0131z\u0131l","@id":"https:\/\/denizcankizil.tr\/#\/schema\/person\/5dc1b22991bd7ac833867c10afc9b0ff"},"headline":"AESOB ile Bas\u0131n \u0130lan Kurumu aras\u0131nda protokol","datePublished":"2025-02-26T08:41:56+00:00","mainEntityOfPage":{"@id":"https:\/\/denizcankizil.tr\/de\/haberler\/antalya\/aesob-ile-basin-ilan-kurumu-arasinda-protokol\/"},"wordCount":501,"commentCount":0,"publisher":{"@id":"https:\/\/denizcankizil.tr\/#organization"},"image":{"@id":"https:\/\/denizcankizil.tr\/de\/haberler\/antalya\/aesob-ile-basin-ilan-kurumu-arasinda-protokol\/#primaryimage"},"thumbnailUrl":"https:\/\/denizcankizil.tr\/wp-content\/uploads\/2025\/02\/5181-01-OnM0GL.jpeg","articleSection":["Antalya"],"inLanguage":"de","potentialAction":[{"@type":"CommentAction","name":"Comment","target":["https:\/\/denizcankizil.tr\/de\/haberler\/antalya\/aesob-ile-basin-ilan-kurumu-arasinda-protokol\/#respond"]}]},{"@type":"WebPage","@id":"https:\/\/denizcankizil.tr\/de\/haberler\/antalya\/aesob-ile-basin-ilan-kurumu-arasinda-protokol\/","url":"https:\/\/denizcankizil.tr\/de\/haberler\/antalya\/aesob-ile-basin-ilan-kurumu-arasinda-protokol\/","name":"AESOB ile Bas\u0131n \u0130lan Kurumu aras\u0131nda protokol - Av. Deniz Can K\u0131z\u0131l","isPartOf":{"@id":"https:\/\/denizcankizil.tr\/#website"},"primaryImageOfPage":{"@id":"https:\/\/denizcankizil.tr\/de\/haberler\/antalya\/aesob-ile-basin-ilan-kurumu-arasinda-protokol\/#primaryimage"},"image":{"@id":"https:\/\/denizcankizil.tr\/de\/haberler\/antalya\/aesob-ile-basin-ilan-kurumu-arasinda-protokol\/#primaryimage"},"thumbnailUrl":"https:\/\/denizcankizil.tr\/wp-content\/uploads\/2025\/02\/5181-01-OnM0GL.jpeg","datePublished":"2025-02-26T08:41:56+00:00","breadcrumb":{"@id":"https:\/\/denizcankizil.tr\/de\/haberler\/antalya\/aesob-ile-basin-ilan-kurumu-arasinda-protokol\/#breadcrumb"},"inLanguage":"de","potentialAction":[{"@type":"ReadAction","target":["https:\/\/denizcankizil.tr\/de\/haberler\/antalya\/aesob-ile-basin-ilan-kurumu-arasinda-protokol\/"]}]},{"@type":"ImageObject","inLanguage":"de","@id":"https:\/\/denizcankizil.tr\/de\/haberler\/antalya\/aesob-ile-basin-ilan-kurumu-arasinda-protokol\/#primaryimage","url":"https:\/\/denizcankizil.tr\/wp-content\/uploads\/2025\/02\/5181-01-OnM0GL.jpeg","contentUrl":"https:\/\/denizcankizil.tr\/wp-content\/uploads\/2025\/02\/5181-01-OnM0GL.jpeg","width":1280,"height":720},{"@type":"BreadcrumbList","@id":"https:\/\/denizcankizil.tr\/de\/haberler\/antalya\/aesob-ile-basin-ilan-kurumu-arasinda-protokol\/#breadcrumb","itemListElement":[{"@type":"ListItem","position":1,"name":"Home","item":"https:\/\/denizcankizil.tr\/de\/"},{"@type":"ListItem","position":2,"name":"AESOB ile Bas\u0131n \u0130lan Kurumu aras\u0131nda protokol"}]},{"@type":"WebSite","@id":"https:\/\/denizcankizil.tr\/#website","url":"https:\/\/denizcankizil.tr\/","name":"Av. Deniz Can K\u0131z\u0131l","description":"Avukat Deniz Can K\u0131z\u0131l Antalya Barosu","publisher":{"@id":"https:\/\/denizcankizil.tr\/#organization"},"potentialAction":[{"@type":"SearchAction","target":{"@type":"EntryPoint","urlTemplate":"https:\/\/denizcankizil.tr\/?s={search_term_string}"},"query-input":{"@type":"PropertyValueSpecification","valueRequired":true,"valueName":"search_term_string"}}],"inLanguage":"de"},{"@type":"Organization","@id":"https:\/\/denizcankizil.tr\/#organization","name":"Av. Deniz Can K\u0131z\u0131l","url":"https:\/\/denizcankizil.tr\/","logo":{"@type":"ImageObject","inLanguage":"de","@id":"https:\/\/denizcankizil.tr\/#\/schema\/logo\/image\/","url":"https:\/\/denizcankizil.tr\/wp-content\/uploads\/2024\/10\/siyah-logo-svg.svg","contentUrl":"https:\/\/denizcankizil.tr\/wp-content\/uploads\/2024\/10\/siyah-logo-svg.svg","width":1080,"height":1080,"caption":"Av. Deniz Can K\u0131z\u0131l"},"image":{"@id":"https:\/\/denizcankizil.tr\/#\/schema\/logo\/image\/"}},{"@type":"Person","@id":"https:\/\/denizcankizil.tr\/#\/schema\/person\/5dc1b22991bd7ac833867c10afc9b0ff","name":"Av. Deniz Can K\u0131z\u0131l","image":{"@type":"ImageObject","inLanguage":"de","@id":"https:\/\/denizcankizil.tr\/#\/schema\/person\/image\/","url":"https:\/\/secure.gravatar.com\/avatar\/a0b128fb9855c79efc976d5640eedb31dc35ec297594d6016d2cf7c60e975bb6?s=96&d=mm&r=g","contentUrl":"https:\/\/secure.gravatar.com\/avatar\/a0b128fb9855c79efc976d5640eedb31dc35ec297594d6016d2cf7c60e975bb6?s=96&d=mm&r=g","caption":"Av. Deniz Can K\u0131z\u0131l"},"sameAs":["http:\/\/www.denizcankizil.tr"],"url":"https:\/\/denizcankizil.tr\/de\/author\/denizcankizil\/"}]}},"_links":{"self":[{"href":"https:\/\/denizcankizil.tr\/de\/wp-json\/wp\/v2\/posts\/34135","targetHints":{"allow":["GET"]}}],"collection":[{"href":"https:\/\/denizcankizil.tr\/de\/wp-json\/wp\/v2\/posts"}],"about":[{"href":"https:\/\/denizcankizil.tr\/de\/wp-json\/wp\/v2\/types\/post"}],"author":[{"embeddable":true,"href":"https:\/\/denizcankizil.tr\/de\/wp-json\/wp\/v2\/users\/4"}],"replies":[{"embeddable":true,"href":"https:\/\/denizcankizil.tr\/de\/wp-json\/wp\/v2\/comments?post=34135"}],"version-history":[{"count":0,"href":"https:\/\/denizcankizil.tr\/de\/wp-json\/wp\/v2\/posts\/34135\/revisions"}],"wp:featuredmedia":[{"embeddable":true,"href":"https:\/\/denizcankizil.tr\/de\/wp-json\/wp\/v2\/media\/34136"}],"wp:attachment":[{"href":"https:\/\/denizcankizil.tr\/de\/wp-json\/wp\/v2\/media?parent=34135"}],"wp:term":[{"taxonomy":"category","embeddable":true,"href":"https:\/\/denizcankizil.tr\/de\/wp-json\/wp\/v2\/categories?post=34135"},{"taxonomy":"post_tag","embeddable":true,"href":"https:\/\/denizcankizil.tr\/de\/wp-json\/wp\/v2\/tags?post=34135"}],"curies":[{"name":"wp","href":"https:\/\/api.w.org\/{rel}","templated":true}]}}