{"id":34121,"date":"2025-02-26T10:42:09","date_gmt":"2025-02-26T07:42:09","guid":{"rendered":"https:\/\/denizcankizil.tr\/uncategorized-tr\/yudaka-gonullu-itfaiyecilik-egitimi\/"},"modified":"2025-02-26T10:42:09","modified_gmt":"2025-02-26T07:42:09","slug":"yudaka-gonullu-itfaiyecilik-egitimi","status":"publish","type":"post","link":"https:\/\/denizcankizil.tr\/de\/haberler\/gundem\/yudaka-gonullu-itfaiyecilik-egitimi\/","title":{"rendered":"Y\u00dcDAK\u2019a g\u00f6n\u00fcll\u00fc itfaiyecilik e\u011fitimi"},"content":{"rendered":"<p>Kocaeli \u0130tfaiyesi, Yeditepe \u00dcniversitesi Arama Kurtarma Kul\u00fcb\u00fc \u00f6\u011frencilerine g\u00f6n\u00fcll\u00fc itfaiyecilik e\u011fitimi verdi.KOCAEL\u0130 (\u0130GFA) &#8211; Kocaeli\u00a0B\u00fcy\u00fck\u015fehir Belediyesi\u2019nin 1999 Marmara Depremi sonras\u0131 hayata ge\u00e7irdi\u011fi \u201cG\u00f6n\u00fcll\u00fc \u0130tfaiyecilik Projesi\u201d g\u00fcnden g\u00fcne b\u00fcy\u00fcyor. Kocaeli \u0130tfaiyesi son olarak Yeditepe \u00dcniversitesi Arama Kurtarma Kul\u00fcb\u00fc \u00f6\u011frencilerine g\u00f6n\u00fcll\u00fc itfaiyecilik e\u011fitimi verdi.<br \/>\nG\u00d6N\u00dcLL\u00dc \u0130TFA\u0130YEC\u0130L\u0130K PROJES\u0130<br \/>\nKocaeli B\u00fcy\u00fck\u015fehir Belediyesi \u0130tfaiye Dairesi Ba\u015fkanl\u0131\u011f\u0131 taraf\u0131ndan 1999 Marmara Depremi sonras\u0131 hayata ge\u00e7irilen \u201cG\u00f6n\u00fcll\u00fc \u0130tfaiyecilik Projesi\u201d devam ediyor. B\u00fcy\u00fck\u015fehir \u0130tfaiye Dairesi Ba\u015fkanl\u0131\u011f\u0131 \u0130tfaiye M\u00fcdahale \u015eube M\u00fcd\u00fcrl\u00fc\u011f\u00fc\u2019ne ba\u011fl\u0131 olarak g\u00f6rev yapan g\u00f6n\u00fcll\u00fc itfaiyeciler, m\u00fcdahale hizmetlerine de \u00f6nemli katk\u0131lar sunuyor. Her meslek grubundan vatanda\u015flar\u0131n itfaiye hizmetlerine destek verdi\u011fi \u201cG\u00f6n\u00fcll\u00fc \u0130tfaiyecilik Projesi\u201d kapsam\u0131nda e\u011fitime kat\u0131lan kursiyerler, s\u0131navda ba\u015far\u0131l\u0131 olmalar\u0131 halinde\u00a0\u201cG\u00f6n\u00fcll\u00fc \u0130tfaiyeci\u201d olmaya hak kazan\u0131yor.<br \/>\nB\u0130R\u00c7OK KONUDA 5 G\u00dcNL\u00dcK E\u011e\u0130T\u0130M<br \/>\nKocaeli B\u00fcy\u00fck\u015fehir Belediyesi \u0130tfaiye Dairesi Ba\u015fkanl\u0131\u011f\u0131 \u0130tfaiye \u00d6nleme ve E\u011fitim \u015eube M\u00fcd\u00fcrl\u00fc\u011f\u00fc E\u011fitim Birimi (KOB\u0130TEM) taraf\u0131ndan son olarak Yeditepe \u00dcniversitesi Arama Kurtarma Kul\u00fcb\u00fc (Y\u00dcDAK) \u00f6\u011frencilerine g\u00f6n\u00fcll\u00fc itfaiyecilik e\u011fitimi verdi.<br \/>\nKat\u0131l\u0131mc\u0131lara itfaiye e\u011fitmenleri taraf\u0131ndan \u201cYanma ve Yang\u0131n\u201d, \u201cYang\u0131n Yerindeki Tehlikeler\u201d, \u201cKi\u015fisel Koruyucu Ekipman\u201d, \u201cYang\u0131na M\u00fcdahale Ekipman\u0131\u201d, \u201cS\u00f6nd\u00fcrme Maddeleri ve Teknikleri\u201d, \u201cYang\u0131na M\u00fcdahale Organizasyonu\u201d ve \u201cTrafik Kazalar\u0131nda Teknik Kurtarma\u201d ba\u015fta olmak \u00fczere bir\u00e7ok konuda 5 g\u00fcnl\u00fck e\u011fitim verildi. E\u011fitimler \u0130tfaiye \u00d6nleme ve E\u011fitim \u015eube M\u00fcd\u00fcrl\u00fc\u011f\u00fc E\u011fitim Birimi (KOB\u0130TEM) taraf\u0131ndan e\u011fitim alan\u0131nda ger\u00e7ekle\u015ftirildi.<\/p>\n<p>\u200bKocaeli \u0130tfaiyesi, Yeditepe \u00dcniversitesi Arama Kurtarma Kul\u00fcb\u00fc \u00f6\u011frencilerine g\u00f6n\u00fcll\u00fc itfaiyecilik e\u011fitimi verdi.KOCAEL\u0130 (\u0130GFA) &#8211; Kocaeli\u00a0B\u00fcy\u00fck\u015fehir Belediyesi\u2019nin 1999 Marmara Depremi sonras\u0131 hayata ge\u00e7irdi\u011fi \u201cG\u00f6n\u00fcll\u00fc \u0130tfaiyecilik Projesi\u201d g\u00fcnden g\u00fcne b\u00fcy\u00fcyor. Kocaeli \u0130tfaiyesi son olarak Yeditepe \u00dcniversitesi Arama Kurtarma Kul\u00fcb\u00fc \u00f6\u011frencilerine g\u00f6n\u00fcll\u00fc itfaiyecilik e\u011fitimi verdi.<br \/>\nG\u00d6N\u00dcLL\u00dc \u0130TFA\u0130YEC\u0130L\u0130K PROJES\u0130<br \/>\nKocaeli B\u00fcy\u00fck\u015fehir Belediyesi \u0130tfaiye Dairesi Ba\u015fkanl\u0131\u011f\u0131 taraf\u0131ndan 1999 Marmara Depremi sonras\u0131 hayata ge\u00e7irilen \u201cG\u00f6n\u00fcll\u00fc \u0130tfaiyecilik Projesi\u201d devam ediyor. B\u00fcy\u00fck\u015fehir \u0130tfaiye Dairesi Ba\u015fkanl\u0131\u011f\u0131 \u0130tfaiye M\u00fcdahale \u015eube M\u00fcd\u00fcrl\u00fc\u011f\u00fc\u2019ne ba\u011fl\u0131 olarak g\u00f6rev yapan g\u00f6n\u00fcll\u00fc itfaiyeciler, m\u00fcdahale hizmetlerine de \u00f6nemli katk\u0131lar sunuyor. Her meslek grubundan vatanda\u015flar\u0131n itfaiye hizmetlerine destek verdi\u011fi \u201cG\u00f6n\u00fcll\u00fc \u0130tfaiyecilik Projesi\u201d kapsam\u0131nda e\u011fitime kat\u0131lan kursiyerler, s\u0131navda ba\u015far\u0131l\u0131 olmalar\u0131 halinde\u00a0\u201cG\u00f6n\u00fcll\u00fc \u0130tfaiyeci\u201d olmaya hak kazan\u0131yor.<br \/>\nB\u0130R\u00c7OK KONUDA 5 G\u00dcNL\u00dcK E\u011e\u0130T\u0130M<br \/>\nKocaeli B\u00fcy\u00fck\u015fehir Belediyesi \u0130tfaiye Dairesi Ba\u015fkanl\u0131\u011f\u0131 \u0130tfaiye \u00d6nleme ve E\u011fitim \u015eube M\u00fcd\u00fcrl\u00fc\u011f\u00fc E\u011fitim Birimi (KOB\u0130TEM) taraf\u0131ndan son olarak Yeditepe \u00dcniversitesi Arama Kurtarma Kul\u00fcb\u00fc (Y\u00dcDAK) \u00f6\u011frencilerine g\u00f6n\u00fcll\u00fc itfaiyecilik e\u011fitimi verdi.<br \/>\nKat\u0131l\u0131mc\u0131lara itfaiye e\u011fitmenleri taraf\u0131ndan \u201cYanma ve Yang\u0131n\u201d, \u201cYang\u0131n Yerindeki Tehlikeler\u201d, \u201cKi\u015fisel Koruyucu Ekipman\u201d, \u201cYang\u0131na M\u00fcdahale Ekipman\u0131\u201d, \u201cS\u00f6nd\u00fcrme Maddeleri ve Teknikleri\u201d, \u201cYang\u0131na M\u00fcdahale Organizasyonu\u201d ve \u201cTrafik Kazalar\u0131nda Teknik Kurtarma\u201d ba\u015fta olmak \u00fczere bir\u00e7ok konuda 5 g\u00fcnl\u00fck e\u011fitim verildi. E\u011fitimler \u0130tfaiye \u00d6nleme ve E\u011fitim \u015eube M\u00fcd\u00fcrl\u00fc\u011f\u00fc E\u011fitim Birimi (KOB\u0130TEM) taraf\u0131ndan e\u011fitim alan\u0131nda ger\u00e7ekle\u015ftirildi.\u00a0<\/p>\n<p>\u200bHaberin Al\u0131nt\u0131land\u0131\u011f\u0131 Kaynak: www.iskenderun.org<\/p>","protected":false},"excerpt":{"rendered":"<p>Kocaeli \u0130tfaiyesi, Yeditepe \u00dcniversitesi Arama Kurtarma Kul\u00fcb\u00fc \u00f6\u011frencilerine g\u00f6n\u00fcll\u00fc itfaiyecilik e\u011fitimi verdi.KOCAEL\u0130 (\u0130GFA) &#8211; Kocaeli\u00a0B\u00fcy\u00fck\u015fehir Belediyesi\u2019nin 1999 Marmara Depremi sonras\u0131 hayata ge\u00e7irdi\u011fi \u201cG\u00f6n\u00fcll\u00fc \u0130tfaiyecilik Projesi\u201d g\u00fcnden g\u00fcne b\u00fcy\u00fcyor. Kocaeli \u0130tfaiyesi son olarak Yeditepe \u00dcniversitesi Arama Kurtarma Kul\u00fcb\u00fc \u00f6\u011frencilerine g\u00f6n\u00fcll\u00fc itfaiyecilik e\u011fitimi verdi. G\u00d6N\u00dcLL\u00dc \u0130TFA\u0130YEC\u0130L\u0130K PROJES\u0130 Kocaeli B\u00fcy\u00fck\u015fehir Belediyesi \u0130tfaiye Dairesi Ba\u015fkanl\u0131\u011f\u0131 taraf\u0131ndan 1999 Marmara Depremi sonras\u0131 hayata ge\u00e7irilen \u201cG\u00f6n\u00fcll\u00fc \u0130tfaiyecilik Projesi\u201d devam ediyor. B\u00fcy\u00fck\u015fehir \u0130tfaiye Dairesi Ba\u015fkanl\u0131\u011f\u0131 \u0130tfaiye M\u00fcdahale \u015eube M\u00fcd\u00fcrl\u00fc\u011f\u00fc\u2019ne ba\u011fl\u0131 olarak g\u00f6rev yapan g\u00f6n\u00fcll\u00fc itfaiyeciler, m\u00fcdahale hizmetlerine de \u00f6nemli katk\u0131lar sunuyor. Her meslek grubundan vatanda\u015flar\u0131n itfaiye hizmetlerine destek verdi\u011fi \u201cG\u00f6n\u00fcll\u00fc \u0130tfaiyecilik Projesi\u201d kapsam\u0131nda e\u011fitime kat\u0131lan kursiyerler, s\u0131navda ba\u015far\u0131l\u0131 olmalar\u0131 halinde\u00a0\u201cG\u00f6n\u00fcll\u00fc \u0130tfaiyeci\u201d olmaya hak kazan\u0131yor. B\u0130R\u00c7OK KONUDA 5 G\u00dcNL\u00dcK E\u011e\u0130T\u0130M Kocaeli B\u00fcy\u00fck\u015fehir Belediyesi \u0130tfaiye Dairesi Ba\u015fkanl\u0131\u011f\u0131 \u0130tfaiye \u00d6nleme ve E\u011fitim \u015eube M\u00fcd\u00fcrl\u00fc\u011f\u00fc E\u011fitim Birimi (KOB\u0130TEM) taraf\u0131ndan son olarak Yeditepe \u00dcniversitesi Arama Kurtarma Kul\u00fcb\u00fc (Y\u00dcDAK) \u00f6\u011frencilerine g\u00f6n\u00fcll\u00fc itfaiyecilik e\u011fitimi verdi. Kat\u0131l\u0131mc\u0131lara itfaiye e\u011fitmenleri taraf\u0131ndan \u201cYanma ve Yang\u0131n\u201d, \u201cYang\u0131n Yerindeki Tehlikeler\u201d, \u201cKi\u015fisel Koruyucu Ekipman\u201d, \u201cYang\u0131na M\u00fcdahale Ekipman\u0131\u201d, \u201cS\u00f6nd\u00fcrme Maddeleri ve Teknikleri\u201d, \u201cYang\u0131na M\u00fcdahale Organizasyonu\u201d ve \u201cTrafik Kazalar\u0131nda Teknik Kurtarma\u201d ba\u015fta olmak \u00fczere bir\u00e7ok konuda 5 g\u00fcnl\u00fck e\u011fitim verildi. E\u011fitimler \u0130tfaiye \u00d6nleme ve E\u011fitim \u015eube M\u00fcd\u00fcrl\u00fc\u011f\u00fc E\u011fitim Birimi (KOB\u0130TEM) taraf\u0131ndan e\u011fitim alan\u0131nda ger\u00e7ekle\u015ftirildi. \u200bKocaeli \u0130tfaiyesi, Yeditepe \u00dcniversitesi Arama Kurtarma Kul\u00fcb\u00fc \u00f6\u011frencilerine g\u00f6n\u00fcll\u00fc &hellip;<\/p>","protected":false},"author":1,"featured_media":0,"comment_status":"open","ping_status":"open","sticky":false,"template":"","format":"standard","meta":{"_acf_changed":false,"footnotes":""},"categories":[24],"tags":[],"class_list":["post-34121","post","type-post","status-publish","format-standard","has-post-thumbnail","hentry","category-gundem"],"acf":[],"yoast_head":"<!-- This site is optimized with the Yoast SEO Premium plugin v26.6 (Yoast SEO v27.1.1) - https:\/\/yoast.com\/product\/yoast-seo-premium-wordpress\/ -->\n<title>Y\u00dcDAK\u2019a g\u00f6n\u00fcll\u00fc itfaiyecilik e\u011fitimi - Av. Deniz Can K\u0131z\u0131l<\/title>\n<meta name=\"robots\" content=\"index, follow, max-snippet:-1, max-image-preview:large, max-video-preview:-1\" \/>\n<link rel=\"canonical\" href=\"https:\/\/denizcankizil.tr\/de\/haberler\/gundem\/yudaka-gonullu-itfaiyecilik-egitimi\/\" \/>\n<meta property=\"og:locale\" content=\"de_DE\" \/>\n<meta property=\"og:type\" content=\"article\" \/>\n<meta property=\"og:title\" content=\"Y\u00dcDAK\u2019a g\u00f6n\u00fcll\u00fc itfaiyecilik e\u011fitimi\" \/>\n<meta property=\"og:description\" content=\"Kocaeli \u0130tfaiyesi, Yeditepe \u00dcniversitesi Arama Kurtarma Kul\u00fcb\u00fc \u00f6\u011frencilerine g\u00f6n\u00fcll\u00fc itfaiyecilik e\u011fitimi verdi.KOCAEL\u0130 (\u0130GFA) &#8211; Kocaeli\u00a0B\u00fcy\u00fck\u015fehir Belediyesi\u2019nin 1999 Marmara Depremi sonras\u0131 hayata ge\u00e7irdi\u011fi \u201cG\u00f6n\u00fcll\u00fc \u0130tfaiyecilik Projesi\u201d g\u00fcnden g\u00fcne b\u00fcy\u00fcyor. Kocaeli \u0130tfaiyesi son olarak Yeditepe \u00dcniversitesi Arama Kurtarma Kul\u00fcb\u00fc \u00f6\u011frencilerine g\u00f6n\u00fcll\u00fc itfaiyecilik e\u011fitimi verdi. G\u00d6N\u00dcLL\u00dc \u0130TFA\u0130YEC\u0130L\u0130K PROJES\u0130 Kocaeli B\u00fcy\u00fck\u015fehir Belediyesi \u0130tfaiye Dairesi Ba\u015fkanl\u0131\u011f\u0131 taraf\u0131ndan 1999 Marmara Depremi sonras\u0131 hayata ge\u00e7irilen \u201cG\u00f6n\u00fcll\u00fc \u0130tfaiyecilik Projesi\u201d devam ediyor. B\u00fcy\u00fck\u015fehir \u0130tfaiye Dairesi Ba\u015fkanl\u0131\u011f\u0131 \u0130tfaiye M\u00fcdahale \u015eube M\u00fcd\u00fcrl\u00fc\u011f\u00fc\u2019ne ba\u011fl\u0131 olarak g\u00f6rev yapan g\u00f6n\u00fcll\u00fc itfaiyeciler, m\u00fcdahale hizmetlerine de \u00f6nemli katk\u0131lar sunuyor. Her meslek grubundan vatanda\u015flar\u0131n itfaiye hizmetlerine destek verdi\u011fi \u201cG\u00f6n\u00fcll\u00fc \u0130tfaiyecilik Projesi\u201d kapsam\u0131nda e\u011fitime kat\u0131lan kursiyerler, s\u0131navda ba\u015far\u0131l\u0131 olmalar\u0131 halinde\u00a0\u201cG\u00f6n\u00fcll\u00fc \u0130tfaiyeci\u201d olmaya hak kazan\u0131yor. B\u0130R\u00c7OK KONUDA 5 G\u00dcNL\u00dcK E\u011e\u0130T\u0130M Kocaeli B\u00fcy\u00fck\u015fehir Belediyesi \u0130tfaiye Dairesi Ba\u015fkanl\u0131\u011f\u0131 \u0130tfaiye \u00d6nleme ve E\u011fitim \u015eube M\u00fcd\u00fcrl\u00fc\u011f\u00fc E\u011fitim Birimi (KOB\u0130TEM) taraf\u0131ndan son olarak Yeditepe \u00dcniversitesi Arama Kurtarma Kul\u00fcb\u00fc (Y\u00dcDAK) \u00f6\u011frencilerine g\u00f6n\u00fcll\u00fc itfaiyecilik e\u011fitimi verdi. Kat\u0131l\u0131mc\u0131lara itfaiye e\u011fitmenleri taraf\u0131ndan \u201cYanma ve Yang\u0131n\u201d, \u201cYang\u0131n Yerindeki Tehlikeler\u201d, \u201cKi\u015fisel Koruyucu Ekipman\u201d, \u201cYang\u0131na M\u00fcdahale Ekipman\u0131\u201d, \u201cS\u00f6nd\u00fcrme Maddeleri ve Teknikleri\u201d, \u201cYang\u0131na M\u00fcdahale Organizasyonu\u201d ve \u201cTrafik Kazalar\u0131nda Teknik Kurtarma\u201d ba\u015fta olmak \u00fczere bir\u00e7ok konuda 5 g\u00fcnl\u00fck e\u011fitim verildi. E\u011fitimler \u0130tfaiye \u00d6nleme ve E\u011fitim \u015eube M\u00fcd\u00fcrl\u00fc\u011f\u00fc E\u011fitim Birimi (KOB\u0130TEM) taraf\u0131ndan e\u011fitim alan\u0131nda ger\u00e7ekle\u015ftirildi. \u200bKocaeli \u0130tfaiyesi, Yeditepe \u00dcniversitesi Arama Kurtarma Kul\u00fcb\u00fc \u00f6\u011frencilerine g\u00f6n\u00fcll\u00fc &hellip;\" \/>\n<meta property=\"og:url\" content=\"https:\/\/denizcankizil.tr\/de\/haberler\/gundem\/yudaka-gonullu-itfaiyecilik-egitimi\/\" \/>\n<meta property=\"og:site_name\" content=\"Av. Deniz Can K\u0131z\u0131l\" \/>\n<meta property=\"article:published_time\" content=\"2025-02-26T07:42:09+00:00\" \/>\n<meta name=\"author\" content=\"admin\" \/>\n<meta name=\"twitter:card\" content=\"summary_large_image\" \/>\n<meta name=\"twitter:label1\" content=\"Verfasst von\" \/>\n\t<meta name=\"twitter:data1\" content=\"admin\" \/>\n\t<meta name=\"twitter:label2\" content=\"Gesch\u00e4tzte Lesezeit\" \/>\n\t<meta name=\"twitter:data2\" content=\"3\u00a0Minuten\" \/>\n<script type=\"application\/ld+json\" class=\"yoast-schema-graph\">{\"@context\":\"https:\/\/schema.org\",\"@graph\":[{\"@type\":\"Article\",\"@id\":\"https:\/\/denizcankizil.tr\/de\/haberler\/gundem\/yudaka-gonullu-itfaiyecilik-egitimi\/#article\",\"isPartOf\":{\"@id\":\"https:\/\/denizcankizil.tr\/de\/haberler\/gundem\/yudaka-gonullu-itfaiyecilik-egitimi\/\"},\"author\":{\"name\":\"admin\",\"@id\":\"https:\/\/denizcankizil.tr\/#\/schema\/person\/be3c05fe6a12686905512445d8185489\"},\"headline\":\"Y\u00dcDAK\u2019a g\u00f6n\u00fcll\u00fc itfaiyecilik e\u011fitimi\",\"datePublished\":\"2025-02-26T07:42:09+00:00\",\"mainEntityOfPage\":{\"@id\":\"https:\/\/denizcankizil.tr\/de\/haberler\/gundem\/yudaka-gonullu-itfaiyecilik-egitimi\/\"},\"wordCount\":623,\"commentCount\":0,\"publisher\":{\"@id\":\"https:\/\/denizcankizil.tr\/#organization\"},\"articleSection\":[\"G\u00fcndem\"],\"inLanguage\":\"de\",\"potentialAction\":[{\"@type\":\"CommentAction\",\"name\":\"Comment\",\"target\":[\"https:\/\/denizcankizil.tr\/de\/haberler\/gundem\/yudaka-gonullu-itfaiyecilik-egitimi\/#respond\"]}]},{\"@type\":\"WebPage\",\"@id\":\"https:\/\/denizcankizil.tr\/de\/haberler\/gundem\/yudaka-gonullu-itfaiyecilik-egitimi\/\",\"url\":\"https:\/\/denizcankizil.tr\/de\/haberler\/gundem\/yudaka-gonullu-itfaiyecilik-egitimi\/\",\"name\":\"Y\u00dcDAK\u2019a g\u00f6n\u00fcll\u00fc itfaiyecilik e\u011fitimi - Av. Deniz Can K\u0131z\u0131l\",\"isPartOf\":{\"@id\":\"https:\/\/denizcankizil.tr\/#website\"},\"datePublished\":\"2025-02-26T07:42:09+00:00\",\"breadcrumb\":{\"@id\":\"https:\/\/denizcankizil.tr\/de\/haberler\/gundem\/yudaka-gonullu-itfaiyecilik-egitimi\/#breadcrumb\"},\"inLanguage\":\"de\",\"potentialAction\":[{\"@type\":\"ReadAction\",\"target\":[\"https:\/\/denizcankizil.tr\/de\/haberler\/gundem\/yudaka-gonullu-itfaiyecilik-egitimi\/\"]}]},{\"@type\":\"BreadcrumbList\",\"@id\":\"https:\/\/denizcankizil.tr\/de\/haberler\/gundem\/yudaka-gonullu-itfaiyecilik-egitimi\/#breadcrumb\",\"itemListElement\":[{\"@type\":\"ListItem\",\"position\":1,\"name\":\"Home\",\"item\":\"https:\/\/denizcankizil.tr\/de\/\"},{\"@type\":\"ListItem\",\"position\":2,\"name\":\"Y\u00dcDAK\u2019a g\u00f6n\u00fcll\u00fc itfaiyecilik e\u011fitimi\"}]},{\"@type\":\"WebSite\",\"@id\":\"https:\/\/denizcankizil.tr\/#website\",\"url\":\"https:\/\/denizcankizil.tr\/\",\"name\":\"Av. Deniz Can K\u0131z\u0131l\",\"description\":\"Avukat Deniz Can K\u0131z\u0131l Antalya Barosu\",\"publisher\":{\"@id\":\"https:\/\/denizcankizil.tr\/#organization\"},\"potentialAction\":[{\"@type\":\"SearchAction\",\"target\":{\"@type\":\"EntryPoint\",\"urlTemplate\":\"https:\/\/denizcankizil.tr\/?s={search_term_string}\"},\"query-input\":{\"@type\":\"PropertyValueSpecification\",\"valueRequired\":true,\"valueName\":\"search_term_string\"}}],\"inLanguage\":\"de\"},{\"@type\":\"Organization\",\"@id\":\"https:\/\/denizcankizil.tr\/#organization\",\"name\":\"Av. Deniz Can K\u0131z\u0131l\",\"url\":\"https:\/\/denizcankizil.tr\/\",\"logo\":{\"@type\":\"ImageObject\",\"inLanguage\":\"de\",\"@id\":\"https:\/\/denizcankizil.tr\/#\/schema\/logo\/image\/\",\"url\":\"https:\/\/denizcankizil.tr\/wp-content\/uploads\/2024\/10\/siyah-logo-svg.svg\",\"contentUrl\":\"https:\/\/denizcankizil.tr\/wp-content\/uploads\/2024\/10\/siyah-logo-svg.svg\",\"width\":1080,\"height\":1080,\"caption\":\"Av. Deniz Can K\u0131z\u0131l\"},\"image\":{\"@id\":\"https:\/\/denizcankizil.tr\/#\/schema\/logo\/image\/\"}},{\"@type\":\"Person\",\"@id\":\"https:\/\/denizcankizil.tr\/#\/schema\/person\/be3c05fe6a12686905512445d8185489\",\"name\":\"admin\",\"image\":{\"@type\":\"ImageObject\",\"inLanguage\":\"de\",\"@id\":\"https:\/\/denizcankizil.tr\/#\/schema\/person\/image\/\",\"url\":\"https:\/\/secure.gravatar.com\/avatar\/c1fce94c830dc79107e174f890d7210541c4a63e8e5d816341794a2151c9d58c?s=96&d=mm&r=g\",\"contentUrl\":\"https:\/\/secure.gravatar.com\/avatar\/c1fce94c830dc79107e174f890d7210541c4a63e8e5d816341794a2151c9d58c?s=96&d=mm&r=g\",\"caption\":\"admin\"},\"sameAs\":[\"http:\/\/denizcankizil.tr\"],\"url\":\"https:\/\/www.iskenderun.org\/yudaka-gonullu-itfaiyecilik-egitimi\"}]}<\/script>\n<!-- \/ Yoast SEO Premium plugin. -->","yoast_head_json":{"title":"Y\u00dcDAK\u2019a g\u00f6n\u00fcll\u00fc itfaiyecilik e\u011fitimi - Av. Deniz Can K\u0131z\u0131l","robots":{"index":"index","follow":"follow","max-snippet":"max-snippet:-1","max-image-preview":"max-image-preview:large","max-video-preview":"max-video-preview:-1"},"canonical":"https:\/\/denizcankizil.tr\/de\/haberler\/gundem\/yudaka-gonullu-itfaiyecilik-egitimi\/","og_locale":"de_DE","og_type":"article","og_title":"Y\u00dcDAK\u2019a g\u00f6n\u00fcll\u00fc itfaiyecilik e\u011fitimi","og_description":"Kocaeli \u0130tfaiyesi, Yeditepe \u00dcniversitesi Arama Kurtarma Kul\u00fcb\u00fc \u00f6\u011frencilerine g\u00f6n\u00fcll\u00fc itfaiyecilik e\u011fitimi verdi.KOCAEL\u0130 (\u0130GFA) &#8211; Kocaeli\u00a0B\u00fcy\u00fck\u015fehir Belediyesi\u2019nin 1999 Marmara Depremi sonras\u0131 hayata ge\u00e7irdi\u011fi \u201cG\u00f6n\u00fcll\u00fc \u0130tfaiyecilik Projesi\u201d g\u00fcnden g\u00fcne b\u00fcy\u00fcyor. Kocaeli \u0130tfaiyesi son olarak Yeditepe \u00dcniversitesi Arama Kurtarma Kul\u00fcb\u00fc \u00f6\u011frencilerine g\u00f6n\u00fcll\u00fc itfaiyecilik e\u011fitimi verdi. G\u00d6N\u00dcLL\u00dc \u0130TFA\u0130YEC\u0130L\u0130K PROJES\u0130 Kocaeli B\u00fcy\u00fck\u015fehir Belediyesi \u0130tfaiye Dairesi Ba\u015fkanl\u0131\u011f\u0131 taraf\u0131ndan 1999 Marmara Depremi sonras\u0131 hayata ge\u00e7irilen \u201cG\u00f6n\u00fcll\u00fc \u0130tfaiyecilik Projesi\u201d devam ediyor. B\u00fcy\u00fck\u015fehir \u0130tfaiye Dairesi Ba\u015fkanl\u0131\u011f\u0131 \u0130tfaiye M\u00fcdahale \u015eube M\u00fcd\u00fcrl\u00fc\u011f\u00fc\u2019ne ba\u011fl\u0131 olarak g\u00f6rev yapan g\u00f6n\u00fcll\u00fc itfaiyeciler, m\u00fcdahale hizmetlerine de \u00f6nemli katk\u0131lar sunuyor. Her meslek grubundan vatanda\u015flar\u0131n itfaiye hizmetlerine destek verdi\u011fi \u201cG\u00f6n\u00fcll\u00fc \u0130tfaiyecilik Projesi\u201d kapsam\u0131nda e\u011fitime kat\u0131lan kursiyerler, s\u0131navda ba\u015far\u0131l\u0131 olmalar\u0131 halinde\u00a0\u201cG\u00f6n\u00fcll\u00fc \u0130tfaiyeci\u201d olmaya hak kazan\u0131yor. B\u0130R\u00c7OK KONUDA 5 G\u00dcNL\u00dcK E\u011e\u0130T\u0130M Kocaeli B\u00fcy\u00fck\u015fehir Belediyesi \u0130tfaiye Dairesi Ba\u015fkanl\u0131\u011f\u0131 \u0130tfaiye \u00d6nleme ve E\u011fitim \u015eube M\u00fcd\u00fcrl\u00fc\u011f\u00fc E\u011fitim Birimi (KOB\u0130TEM) taraf\u0131ndan son olarak Yeditepe \u00dcniversitesi Arama Kurtarma Kul\u00fcb\u00fc (Y\u00dcDAK) \u00f6\u011frencilerine g\u00f6n\u00fcll\u00fc itfaiyecilik e\u011fitimi verdi. Kat\u0131l\u0131mc\u0131lara itfaiye e\u011fitmenleri taraf\u0131ndan \u201cYanma ve Yang\u0131n\u201d, \u201cYang\u0131n Yerindeki Tehlikeler\u201d, \u201cKi\u015fisel Koruyucu Ekipman\u201d, \u201cYang\u0131na M\u00fcdahale Ekipman\u0131\u201d, \u201cS\u00f6nd\u00fcrme Maddeleri ve Teknikleri\u201d, \u201cYang\u0131na M\u00fcdahale Organizasyonu\u201d ve \u201cTrafik Kazalar\u0131nda Teknik Kurtarma\u201d ba\u015fta olmak \u00fczere bir\u00e7ok konuda 5 g\u00fcnl\u00fck e\u011fitim verildi. E\u011fitimler \u0130tfaiye \u00d6nleme ve E\u011fitim \u015eube M\u00fcd\u00fcrl\u00fc\u011f\u00fc E\u011fitim Birimi (KOB\u0130TEM) taraf\u0131ndan e\u011fitim alan\u0131nda ger\u00e7ekle\u015ftirildi. \u200bKocaeli \u0130tfaiyesi, Yeditepe \u00dcniversitesi Arama Kurtarma Kul\u00fcb\u00fc \u00f6\u011frencilerine g\u00f6n\u00fcll\u00fc &hellip;","og_url":"https:\/\/denizcankizil.tr\/de\/haberler\/gundem\/yudaka-gonullu-itfaiyecilik-egitimi\/","og_site_name":"Av. Deniz Can K\u0131z\u0131l","article_published_time":"2025-02-26T07:42:09+00:00","author":"admin","twitter_card":"summary_large_image","twitter_misc":{"Verfasst von":"admin","Gesch\u00e4tzte Lesezeit":"3\u00a0Minuten"},"schema":{"@context":"https:\/\/schema.org","@graph":[{"@type":"Article","@id":"https:\/\/denizcankizil.tr\/de\/haberler\/gundem\/yudaka-gonullu-itfaiyecilik-egitimi\/#article","isPartOf":{"@id":"https:\/\/denizcankizil.tr\/de\/haberler\/gundem\/yudaka-gonullu-itfaiyecilik-egitimi\/"},"author":{"name":"admin","@id":"https:\/\/denizcankizil.tr\/#\/schema\/person\/be3c05fe6a12686905512445d8185489"},"headline":"Y\u00dcDAK\u2019a g\u00f6n\u00fcll\u00fc itfaiyecilik e\u011fitimi","datePublished":"2025-02-26T07:42:09+00:00","mainEntityOfPage":{"@id":"https:\/\/denizcankizil.tr\/de\/haberler\/gundem\/yudaka-gonullu-itfaiyecilik-egitimi\/"},"wordCount":623,"commentCount":0,"publisher":{"@id":"https:\/\/denizcankizil.tr\/#organization"},"articleSection":["G\u00fcndem"],"inLanguage":"de","potentialAction":[{"@type":"CommentAction","name":"Comment","target":["https:\/\/denizcankizil.tr\/de\/haberler\/gundem\/yudaka-gonullu-itfaiyecilik-egitimi\/#respond"]}]},{"@type":"WebPage","@id":"https:\/\/denizcankizil.tr\/de\/haberler\/gundem\/yudaka-gonullu-itfaiyecilik-egitimi\/","url":"https:\/\/denizcankizil.tr\/de\/haberler\/gundem\/yudaka-gonullu-itfaiyecilik-egitimi\/","name":"Y\u00dcDAK\u2019a g\u00f6n\u00fcll\u00fc itfaiyecilik e\u011fitimi - Av. Deniz Can K\u0131z\u0131l","isPartOf":{"@id":"https:\/\/denizcankizil.tr\/#website"},"datePublished":"2025-02-26T07:42:09+00:00","breadcrumb":{"@id":"https:\/\/denizcankizil.tr\/de\/haberler\/gundem\/yudaka-gonullu-itfaiyecilik-egitimi\/#breadcrumb"},"inLanguage":"de","potentialAction":[{"@type":"ReadAction","target":["https:\/\/denizcankizil.tr\/de\/haberler\/gundem\/yudaka-gonullu-itfaiyecilik-egitimi\/"]}]},{"@type":"BreadcrumbList","@id":"https:\/\/denizcankizil.tr\/de\/haberler\/gundem\/yudaka-gonullu-itfaiyecilik-egitimi\/#breadcrumb","itemListElement":[{"@type":"ListItem","position":1,"name":"Home","item":"https:\/\/denizcankizil.tr\/de\/"},{"@type":"ListItem","position":2,"name":"Y\u00dcDAK\u2019a g\u00f6n\u00fcll\u00fc itfaiyecilik e\u011fitimi"}]},{"@type":"WebSite","@id":"https:\/\/denizcankizil.tr\/#website","url":"https:\/\/denizcankizil.tr\/","name":"Av. Deniz Can K\u0131z\u0131l","description":"Avukat Deniz Can K\u0131z\u0131l Antalya Barosu","publisher":{"@id":"https:\/\/denizcankizil.tr\/#organization"},"potentialAction":[{"@type":"SearchAction","target":{"@type":"EntryPoint","urlTemplate":"https:\/\/denizcankizil.tr\/?s={search_term_string}"},"query-input":{"@type":"PropertyValueSpecification","valueRequired":true,"valueName":"search_term_string"}}],"inLanguage":"de"},{"@type":"Organization","@id":"https:\/\/denizcankizil.tr\/#organization","name":"Av. Deniz Can K\u0131z\u0131l","url":"https:\/\/denizcankizil.tr\/","logo":{"@type":"ImageObject","inLanguage":"de","@id":"https:\/\/denizcankizil.tr\/#\/schema\/logo\/image\/","url":"https:\/\/denizcankizil.tr\/wp-content\/uploads\/2024\/10\/siyah-logo-svg.svg","contentUrl":"https:\/\/denizcankizil.tr\/wp-content\/uploads\/2024\/10\/siyah-logo-svg.svg","width":1080,"height":1080,"caption":"Av. Deniz Can K\u0131z\u0131l"},"image":{"@id":"https:\/\/denizcankizil.tr\/#\/schema\/logo\/image\/"}},{"@type":"Person","@id":"https:\/\/denizcankizil.tr\/#\/schema\/person\/be3c05fe6a12686905512445d8185489","name":"Administrator","image":{"@type":"ImageObject","inLanguage":"de","@id":"https:\/\/denizcankizil.tr\/#\/schema\/person\/image\/","url":"https:\/\/secure.gravatar.com\/avatar\/c1fce94c830dc79107e174f890d7210541c4a63e8e5d816341794a2151c9d58c?s=96&d=mm&r=g","contentUrl":"https:\/\/secure.gravatar.com\/avatar\/c1fce94c830dc79107e174f890d7210541c4a63e8e5d816341794a2151c9d58c?s=96&d=mm&r=g","caption":"admin"},"sameAs":["http:\/\/denizcankizil.tr"],"url":"https:\/\/www.iskenderun.org\/yudaka-gonullu-itfaiyecilik-egitimi"}]}},"_links":{"self":[{"href":"https:\/\/denizcankizil.tr\/de\/wp-json\/wp\/v2\/posts\/34121","targetHints":{"allow":["GET"]}}],"collection":[{"href":"https:\/\/denizcankizil.tr\/de\/wp-json\/wp\/v2\/posts"}],"about":[{"href":"https:\/\/denizcankizil.tr\/de\/wp-json\/wp\/v2\/types\/post"}],"author":[{"embeddable":true,"href":"https:\/\/denizcankizil.tr\/de\/wp-json\/wp\/v2\/users\/1"}],"replies":[{"embeddable":true,"href":"https:\/\/denizcankizil.tr\/de\/wp-json\/wp\/v2\/comments?post=34121"}],"version-history":[{"count":0,"href":"https:\/\/denizcankizil.tr\/de\/wp-json\/wp\/v2\/posts\/34121\/revisions"}],"wp:attachment":[{"href":"https:\/\/denizcankizil.tr\/de\/wp-json\/wp\/v2\/media?parent=34121"}],"wp:term":[{"taxonomy":"category","embeddable":true,"href":"https:\/\/denizcankizil.tr\/de\/wp-json\/wp\/v2\/categories?post=34121"},{"taxonomy":"post_tag","embeddable":true,"href":"https:\/\/denizcankizil.tr\/de\/wp-json\/wp\/v2\/tags?post=34121"}],"curies":[{"name":"wp","href":"https:\/\/api.w.org\/{rel}","templated":true}]}}