{"id":34096,"date":"2025-02-25T17:41:55","date_gmt":"2025-02-25T14:41:55","guid":{"rendered":"https:\/\/denizcankizil.tr\/uncategorized-tr\/antalya-barosu-cocuklari-yetiskinler-gibi-yargilamayin\/"},"modified":"2025-02-25T17:41:55","modified_gmt":"2025-02-25T14:41:55","slug":"antalya-barosu-cocuklari-yetiskinler-gibi-yargilamayin","status":"publish","type":"post","link":"https:\/\/denizcankizil.tr\/de\/haberler\/gundem\/antalya-barosu-cocuklari-yetiskinler-gibi-yargilamayin\/","title":{"rendered":"Antalya Barosu: \u00c7ocuklar\u0131 yeti\u015fkinler gibi yarg\u0131lamay\u0131n!"},"content":{"rendered":"<p>Aralar\u0131nda Antalya Barosu&#8217;nun da bulundu\u011fu T\u00fcrkiye&#8217;den 60 baro, \u00e7ocuklar\u0131n yarg\u0131lanmas\u0131na y\u00f6nelik ortak a\u00e7\u0131klama yapt\u0131. A\u00e7\u0131klamada, mahkemelerde \u00e7ocuklar\u0131n yeti\u015fkinler gibi g\u00f6r\u00fcld\u00fc\u011f\u00fcne dikkat \u00e7ekildi.\u00a0<\/p>\n<p>TOPLUM NEZD\u0130NDE TE\u015eH\u0130R ED\u0130L\u0130YORLAR<\/p>\n<p>\u00c7ocuk adalet sisteminin, uluslararas\u0131 s\u00f6zle\u015fmeler ve hukuk ilkeleri \u00e7er\u00e7evesinde, \u00e7ocuklar\u0131n korunmas\u0131 ve adaletin sa\u011flanmas\u0131 amac\u0131yla geli\u015ftirildi\u011fini kaydeden a\u00e7\u0131klamada, &#8220;Su\u00e7a s\u00fcr\u00fcklenen \u00e7ocuklar ile ma\u011fdur \u00e7ocuklar, \u00e7ocuk adalet sistemi i\u00e7erisinde b\u00fct\u00fcnc\u00fcl bir yakla\u015f\u0131mla ele al\u0131nmak zorundad\u0131r. \u00c7ocuklar\u0131n, su\u00e7 isnad\u0131 nedeniyle toplum nezdinde te\u015fhir edilmesi, bireysel kimliklerinin if\u015fa edilmesi ve medya arac\u0131l\u0131\u011f\u0131yla sosyal lin\u00e7 kampanyalar\u0131na maruz b\u0131rak\u0131lmas\u0131 a\u00e7\u0131k\u00e7a hukuka ayk\u0131r\u0131d\u0131r&#8221; denildi.<\/p>\n<p>\u00c7OCUK K\u0130ML\u0130KLER\u0130 \u0130F\u015eA ED\u0130L\u0130YOR<\/p>\n<p>Su\u00e7un niteli\u011fi ne olursa olsun, \u00e7ocuklar\u0131n adil yarg\u0131lanma hakk\u0131n\u0131n, su\u00e7suz say\u0131lma hakk\u0131n\u0131n ve \u00f6zel hayat\u0131n gizlili\u011fi ilkelerinin ihlal edilmemesi gerekti\u011fine \u0131\u015f\u0131k tutan bildiride, &#8220;T\u00fcrkiye Cumhuriyeti&#8217;nin taraf oldu\u011fu Birle\u015fmi\u015f Milletler \u00c7ocuk Haklar\u0131na Dair S\u00f6zle\u015fme ve ulusal mevzuat, \u00c7ocuk Koruma Kanunu, \u00e7ocuklar\u0131n kimliklerinin her ko\u015fulda gizli tutulmas\u0131n\u0131 ve \u00fcst\u00fcn yararlar\u0131n\u0131n g\u00f6zetilmesini zorunlu k\u0131lmaktad\u0131r. Zira, \u00e7ocuklar aras\u0131nda ayr\u0131m yap\u0131lmaks\u0131z\u0131n, her \u00e7ocu\u011fun korunmas\u0131 temel bir y\u00fck\u00fcml\u00fcl\u00fckt\u00fcr. \u00c7ocuklar\u0131n kimliklerinin if\u015fa edilmesi, \u00e7ocuklar\u0131n ikinci kez ma\u011fdur edilmesine de sebebiyet vermektedir&#8221; ifadelerine yer verildi.<\/p>\n<p>SU\u00c7A S\u00dcR\u00dcKLENEN \u00c7OCUK<\/p>\n<p>Ma\u011fdur ve su\u00e7a s\u00fcr\u00fcklenen \u00e7ocuk ayr\u0131m\u0131 yap\u0131lmaks\u0131z\u0131n yarg\u0131lama a\u015famas\u0131na dahil olan her \u00e7ocu\u011fun gizlili\u011finin g\u00f6zetilmesi gerekti\u011finin alt\u0131n\u0131 \u00e7izen ifadelerde, &#8220;Son d\u00f6nemde kamuoyunda, su\u00e7a s\u00fcr\u00fckle nen \u00e7ocuklar\u0131n yeti\u015fkinler gibi yarg\u0131lanmas\u0131na y\u00f6nelik taleplerin artt\u0131\u011f\u0131n\u0131 g\u00f6rmekteyiz. Bu t\u00fcr talepler, sadece su\u00e7a s\u00fcr\u00fcklenen \u00e7ocuklar\u0131 de\u011fil, toplumdaki t\u00fcm \u00e7ocuklar\u0131 olumsuz etkileme riski ta\u015f\u0131maktad\u0131r. Kendisine bir su\u00e7 isnad\u0131nda bulunulan \u00e7ocuklardan &#8216;su\u00e7a s\u00fcr\u00fcklenen \u00e7ocuk&#8217; olarak bahsedilmesi, bilin\u00e7li bir ilerlemenin sonucudur. Bir su\u00e7 isnadi sebebiyle soru\u015fturulan ya da yarg\u0131lanan su\u00e7a s\u00fcr\u00fcklenen \u00e7ocuklar hakk\u0131nda y\u00fcr\u00fct\u00fclen klasik ceza usul\u00fcn\u00fcn olumsuz etkilerinden ka\u00e7\u0131nmak i\u00e7in, \u00c7ocuk Ceza Adaletinde usul\u00fcn ayr\u0131lmas\u0131 anlam\u0131na gelen diversiyon, onar\u0131c\u0131 adaletin bir par\u00e7as\u0131d\u0131r&#8221; yorumunda bulunuldu.\u00a0<\/p>\n<p>YET\u0130\u015eKL\u0130NLERLE AYNI HUKUK\u0130 \u00c7ER\u00c7EVE<\/p>\n<p>\u00c7ocuk haklar\u0131n\u0131n zedelenmesine y\u00f6nelik her giri\u015fimin, \u00e7ocuklar\u0131n haklar\u0131n\u0131 ciddi \u015fekilde tehlikeye att\u0131\u011f\u0131n\u0131 kamuoyuna hat\u0131rlatan bildiride, &#8220;Hem \u00c7ocuk Haklar\u0131na Dair S\u00f6zle\u015fme gere\u011fi hem de \u00e7ocuklar\u0131n psikolojik yap\u0131lar\u0131; geli\u015fim d\u00f6neminde olmalar\u0131 dikkate al\u0131nd\u0131\u011f\u0131nda yeti\u015fkinlerle ayn\u0131 hukuki \u00e7er\u00e7evede de\u011ferlendirilmesi kabul edilemez. \u00c7ocuklar\u0131n her ko\u015fulda uluslararas\u0131 ve ulusal mevzuatlar gere\u011fi temel haklar\u0131 korunmal\u0131; mahremiyetleri g\u00f6zetilmelidir&#8221; ifadeleri yer buldu.\u00a0<\/p>\n<p>\u00c7OCUK HAKLARINI SAVUNMAYA DEVAM EDECE\u011e\u0130Z<\/p>\n<p>\u00c7ocuk adalet sisteminin temel ilkesi olan ve Anayasan\u0131n 41. maddesinde de yer alan \u00e7ocu\u011fun \u00fcst\u00fcn yarar\u0131n\u0131n g\u00f6zetilmesi gerekti\u011fini yineleyen ortak bildiri, \u015fu ifadelerle noktaland\u0131: &#8220;\u00c7ocuklar\u0131n korunmas\u0131na y\u00f6nelik \u00f6nleyici mekanizmalar\u0131n geli\u015ftirilmesi, \u00e7ocuklar\u0131n topluma yeniden kazand\u0131r\u0131lmas\u0131na y\u00f6nelik b\u00fct\u00fcnc\u00fcl \u00e7ocuk koruma politikalar\u0131n olu\u015fturulmas\u0131, su\u00e7a s\u00fcr\u00fcklenen \u00e7ocuklar i\u00e7in yap\u0131lacak m\u00fcdahalenin \u00e7ocu\u011fun topluma kazand\u0131r\u0131lmas\u0131 ve onar\u0131m\u0131 esaslar\u0131 ile g\u00fc\u00e7lendirilmi\u015f hukuki d\u00fczenlemeler ve uygulamalar \u00e7er\u00e7evesinde yap\u0131lmas\u0131; ilgili kamu makamlar\u0131n\u0131n sorumlulu\u011fu \u00fcstlenmesi ve bu sorumlulu\u011fu yerine getirirken her t\u00fcrl\u00fc ayr\u0131mdan uzak durmas\u0131 b\u00fcy\u00fck \u00f6nem ta\u015f\u0131maktad\u0131r. Bu nedenle, her ko\u015fulda \u00e7ocu\u011fun \u00fcst\u00fcn yarar\u0131n\u0131 g\u00f6zetmeye ve \u00e7ocuk haklar\u0131n\u0131 savunmaya kararl\u0131l\u0131kla devam edece\u011fimizi bir kez daha vurgulamak isteriz.&#8221;\u00a0<\/p>\n<p>ORTAK B\u0130LD\u0130R\u0130YE \u0130MZA ATAN T\u00dcRK\u0130YE&#8217;DE K\u0130 60 BARO:\u00a0<\/p>\n<p>\u00a0<\/p>\n<p>\u200bAralar\u0131nda Antalya Barosu&#8217;nun da yer ald\u0131\u011f\u0131 60 baro, su\u00e7a s\u00fcr\u00fcklenen \u00e7ocuklar\u0131n adil yarg\u0131lanma hakk\u0131 ve gizlili\u011finin korunmas\u0131na y\u00f6nelik ortak bir a\u00e7\u0131klama yapt\u0131. Son d\u00f6nemde kamuoyunda su\u00e7a s\u00fcr\u00fcklenen \u00e7ocuklar\u0131n yeti\u015fkinler gibi yarg\u0131lanmas\u0131n\u0131n talep edildi\u011fine dikkat \u00e7eken a\u00e7\u0131klamada, &#8220;\u00c7ocuklar\u0131n \u00fcst\u00fcn yarar\u0131 ve gizlili\u011fi, hukukun temel gere\u011fidir!&#8221; vurgusu yap\u0131ld\u0131\u00a0<\/p>\n<p>\u200bHaberin Al\u0131nt\u0131land\u0131\u011f\u0131 Kaynak: www.antalyakorfez.com<\/p>","protected":false},"excerpt":{"rendered":"<p>Aralar\u0131nda Antalya Barosu&#8217;nun da bulundu\u011fu T\u00fcrkiye&#8217;den 60 baro, \u00e7ocuklar\u0131n yarg\u0131lanmas\u0131na y\u00f6nelik ortak a\u00e7\u0131klama yapt\u0131. A\u00e7\u0131klamada, mahkemelerde \u00e7ocuklar\u0131n yeti\u015fkinler gibi g\u00f6r\u00fcld\u00fc\u011f\u00fcne dikkat \u00e7ekildi.\u00a0 TOPLUM NEZD\u0130NDE TE\u015eH\u0130R ED\u0130L\u0130YORLAR \u00c7ocuk adalet sisteminin, uluslararas\u0131 s\u00f6zle\u015fmeler ve hukuk ilkeleri \u00e7er\u00e7evesinde, \u00e7ocuklar\u0131n korunmas\u0131 ve adaletin sa\u011flanmas\u0131 amac\u0131yla geli\u015ftirildi\u011fini kaydeden a\u00e7\u0131klamada, &#8220;Su\u00e7a s\u00fcr\u00fcklenen \u00e7ocuklar ile ma\u011fdur \u00e7ocuklar, \u00e7ocuk adalet sistemi i\u00e7erisinde b\u00fct\u00fcnc\u00fcl bir yakla\u015f\u0131mla ele al\u0131nmak zorundad\u0131r. \u00c7ocuklar\u0131n, su\u00e7 isnad\u0131 nedeniyle toplum nezdinde te\u015fhir edilmesi, bireysel kimliklerinin if\u015fa edilmesi ve medya arac\u0131l\u0131\u011f\u0131yla sosyal lin\u00e7 kampanyalar\u0131na maruz b\u0131rak\u0131lmas\u0131 a\u00e7\u0131k\u00e7a hukuka ayk\u0131r\u0131d\u0131r&#8221; denildi. \u00c7OCUK K\u0130ML\u0130KLER\u0130 \u0130F\u015eA ED\u0130L\u0130YOR Su\u00e7un niteli\u011fi ne olursa olsun, \u00e7ocuklar\u0131n adil yarg\u0131lanma hakk\u0131n\u0131n, su\u00e7suz say\u0131lma hakk\u0131n\u0131n ve \u00f6zel hayat\u0131n gizlili\u011fi ilkelerinin ihlal edilmemesi gerekti\u011fine \u0131\u015f\u0131k tutan bildiride, &#8220;T\u00fcrkiye Cumhuriyeti&#8217;nin taraf oldu\u011fu Birle\u015fmi\u015f Milletler \u00c7ocuk Haklar\u0131na Dair S\u00f6zle\u015fme ve ulusal mevzuat, \u00c7ocuk Koruma Kanunu, \u00e7ocuklar\u0131n kimliklerinin her ko\u015fulda gizli tutulmas\u0131n\u0131 ve \u00fcst\u00fcn yararlar\u0131n\u0131n g\u00f6zetilmesini zorunlu k\u0131lmaktad\u0131r. Zira, \u00e7ocuklar aras\u0131nda ayr\u0131m yap\u0131lmaks\u0131z\u0131n, her \u00e7ocu\u011fun korunmas\u0131 temel bir y\u00fck\u00fcml\u00fcl\u00fckt\u00fcr. \u00c7ocuklar\u0131n kimliklerinin if\u015fa edilmesi, \u00e7ocuklar\u0131n ikinci kez ma\u011fdur edilmesine de sebebiyet vermektedir&#8221; ifadelerine yer verildi. SU\u00c7A S\u00dcR\u00dcKLENEN \u00c7OCUK Ma\u011fdur ve su\u00e7a s\u00fcr\u00fcklenen \u00e7ocuk ayr\u0131m\u0131 yap\u0131lmaks\u0131z\u0131n yarg\u0131lama a\u015famas\u0131na dahil olan her \u00e7ocu\u011fun gizlili\u011finin g\u00f6zetilmesi gerekti\u011finin alt\u0131n\u0131 \u00e7izen ifadelerde, &#8220;Son d\u00f6nemde kamuoyunda, su\u00e7a s\u00fcr\u00fckle nen \u00e7ocuklar\u0131n yeti\u015fkinler gibi yarg\u0131lanmas\u0131na y\u00f6nelik taleplerin artt\u0131\u011f\u0131n\u0131 &hellip;<\/p>","protected":false},"author":5,"featured_media":0,"comment_status":"open","ping_status":"open","sticky":false,"template":"","format":"standard","meta":{"_acf_changed":false,"footnotes":""},"categories":[24],"tags":[],"class_list":["post-34096","post","type-post","status-publish","format-standard","has-post-thumbnail","hentry","category-gundem"],"acf":[],"yoast_head":"<!-- This site is optimized with the Yoast SEO Premium plugin v26.6 (Yoast SEO v27.1.1) - https:\/\/yoast.com\/product\/yoast-seo-premium-wordpress\/ -->\n<title>Antalya Barosu: \u00c7ocuklar\u0131 yeti\u015fkinler gibi yarg\u0131lamay\u0131n! - Av. Deniz Can K\u0131z\u0131l<\/title>\n<meta name=\"robots\" content=\"index, follow, max-snippet:-1, max-image-preview:large, max-video-preview:-1\" \/>\n<link rel=\"canonical\" href=\"https:\/\/denizcankizil.tr\/de\/haberler\/gundem\/antalya-barosu-cocuklari-yetiskinler-gibi-yargilamayin\/\" \/>\n<meta property=\"og:locale\" content=\"de_DE\" \/>\n<meta property=\"og:type\" content=\"article\" \/>\n<meta property=\"og:title\" content=\"Antalya Barosu: \u00c7ocuklar\u0131 yeti\u015fkinler gibi yarg\u0131lamay\u0131n!\" \/>\n<meta property=\"og:description\" content=\"Aralar\u0131nda Antalya Barosu&#8217;nun da bulundu\u011fu T\u00fcrkiye&#8217;den 60 baro, \u00e7ocuklar\u0131n yarg\u0131lanmas\u0131na y\u00f6nelik ortak a\u00e7\u0131klama yapt\u0131. A\u00e7\u0131klamada, mahkemelerde \u00e7ocuklar\u0131n yeti\u015fkinler gibi g\u00f6r\u00fcld\u00fc\u011f\u00fcne dikkat \u00e7ekildi.\u00a0 TOPLUM NEZD\u0130NDE TE\u015eH\u0130R ED\u0130L\u0130YORLAR \u00c7ocuk adalet sisteminin, uluslararas\u0131 s\u00f6zle\u015fmeler ve hukuk ilkeleri \u00e7er\u00e7evesinde, \u00e7ocuklar\u0131n korunmas\u0131 ve adaletin sa\u011flanmas\u0131 amac\u0131yla geli\u015ftirildi\u011fini kaydeden a\u00e7\u0131klamada, &#8220;Su\u00e7a s\u00fcr\u00fcklenen \u00e7ocuklar ile ma\u011fdur \u00e7ocuklar, \u00e7ocuk adalet sistemi i\u00e7erisinde b\u00fct\u00fcnc\u00fcl bir yakla\u015f\u0131mla ele al\u0131nmak zorundad\u0131r. \u00c7ocuklar\u0131n, su\u00e7 isnad\u0131 nedeniyle toplum nezdinde te\u015fhir edilmesi, bireysel kimliklerinin if\u015fa edilmesi ve medya arac\u0131l\u0131\u011f\u0131yla sosyal lin\u00e7 kampanyalar\u0131na maruz b\u0131rak\u0131lmas\u0131 a\u00e7\u0131k\u00e7a hukuka ayk\u0131r\u0131d\u0131r&#8221; denildi. \u00c7OCUK K\u0130ML\u0130KLER\u0130 \u0130F\u015eA ED\u0130L\u0130YOR Su\u00e7un niteli\u011fi ne olursa olsun, \u00e7ocuklar\u0131n adil yarg\u0131lanma hakk\u0131n\u0131n, su\u00e7suz say\u0131lma hakk\u0131n\u0131n ve \u00f6zel hayat\u0131n gizlili\u011fi ilkelerinin ihlal edilmemesi gerekti\u011fine \u0131\u015f\u0131k tutan bildiride, &#8220;T\u00fcrkiye Cumhuriyeti&#8217;nin taraf oldu\u011fu Birle\u015fmi\u015f Milletler \u00c7ocuk Haklar\u0131na Dair S\u00f6zle\u015fme ve ulusal mevzuat, \u00c7ocuk Koruma Kanunu, \u00e7ocuklar\u0131n kimliklerinin her ko\u015fulda gizli tutulmas\u0131n\u0131 ve \u00fcst\u00fcn yararlar\u0131n\u0131n g\u00f6zetilmesini zorunlu k\u0131lmaktad\u0131r. Zira, \u00e7ocuklar aras\u0131nda ayr\u0131m yap\u0131lmaks\u0131z\u0131n, her \u00e7ocu\u011fun korunmas\u0131 temel bir y\u00fck\u00fcml\u00fcl\u00fckt\u00fcr. \u00c7ocuklar\u0131n kimliklerinin if\u015fa edilmesi, \u00e7ocuklar\u0131n ikinci kez ma\u011fdur edilmesine de sebebiyet vermektedir&#8221; ifadelerine yer verildi. SU\u00c7A S\u00dcR\u00dcKLENEN \u00c7OCUK Ma\u011fdur ve su\u00e7a s\u00fcr\u00fcklenen \u00e7ocuk ayr\u0131m\u0131 yap\u0131lmaks\u0131z\u0131n yarg\u0131lama a\u015famas\u0131na dahil olan her \u00e7ocu\u011fun gizlili\u011finin g\u00f6zetilmesi gerekti\u011finin alt\u0131n\u0131 \u00e7izen ifadelerde, &#8220;Son d\u00f6nemde kamuoyunda, su\u00e7a s\u00fcr\u00fckle nen \u00e7ocuklar\u0131n yeti\u015fkinler gibi yarg\u0131lanmas\u0131na y\u00f6nelik taleplerin artt\u0131\u011f\u0131n\u0131 &hellip;\" \/>\n<meta property=\"og:url\" content=\"https:\/\/denizcankizil.tr\/de\/haberler\/gundem\/antalya-barosu-cocuklari-yetiskinler-gibi-yargilamayin\/\" \/>\n<meta property=\"og:site_name\" content=\"Av. Deniz Can K\u0131z\u0131l\" \/>\n<meta property=\"article:published_time\" content=\"2025-02-25T14:41:55+00:00\" \/>\n<meta name=\"author\" content=\"Antalya K\u00f6rfez\" \/>\n<meta name=\"twitter:card\" content=\"summary_large_image\" \/>\n<meta name=\"twitter:label1\" content=\"Verfasst von\" \/>\n\t<meta name=\"twitter:data1\" content=\"Antalya K\u00f6rfez\" \/>\n\t<meta name=\"twitter:label2\" content=\"Gesch\u00e4tzte Lesezeit\" \/>\n\t<meta name=\"twitter:data2\" content=\"4\u00a0Minuten\" \/>\n<script type=\"application\/ld+json\" class=\"yoast-schema-graph\">{\"@context\":\"https:\/\/schema.org\",\"@graph\":[{\"@type\":\"Article\",\"@id\":\"https:\/\/denizcankizil.tr\/de\/haberler\/gundem\/antalya-barosu-cocuklari-yetiskinler-gibi-yargilamayin\/#article\",\"isPartOf\":{\"@id\":\"https:\/\/denizcankizil.tr\/de\/haberler\/gundem\/antalya-barosu-cocuklari-yetiskinler-gibi-yargilamayin\/\"},\"author\":{\"name\":\"Antalya K\u00f6rfez\",\"@id\":\"https:\/\/denizcankizil.tr\/#\/schema\/person\/e1eb71bb4dd684d46563f0af307e1234\"},\"headline\":\"Antalya Barosu: \u00c7ocuklar\u0131 yeti\u015fkinler gibi yarg\u0131lamay\u0131n!\",\"datePublished\":\"2025-02-25T14:41:55+00:00\",\"mainEntityOfPage\":{\"@id\":\"https:\/\/denizcankizil.tr\/de\/haberler\/gundem\/antalya-barosu-cocuklari-yetiskinler-gibi-yargilamayin\/\"},\"wordCount\":776,\"commentCount\":0,\"publisher\":{\"@id\":\"https:\/\/denizcankizil.tr\/#organization\"},\"articleSection\":[\"G\u00fcndem\"],\"inLanguage\":\"de\",\"potentialAction\":[{\"@type\":\"CommentAction\",\"name\":\"Comment\",\"target\":[\"https:\/\/denizcankizil.tr\/de\/haberler\/gundem\/antalya-barosu-cocuklari-yetiskinler-gibi-yargilamayin\/#respond\"]}]},{\"@type\":\"WebPage\",\"@id\":\"https:\/\/denizcankizil.tr\/de\/haberler\/gundem\/antalya-barosu-cocuklari-yetiskinler-gibi-yargilamayin\/\",\"url\":\"https:\/\/denizcankizil.tr\/de\/haberler\/gundem\/antalya-barosu-cocuklari-yetiskinler-gibi-yargilamayin\/\",\"name\":\"Antalya Barosu: \u00c7ocuklar\u0131 yeti\u015fkinler gibi yarg\u0131lamay\u0131n! - Av. Deniz Can K\u0131z\u0131l\",\"isPartOf\":{\"@id\":\"https:\/\/denizcankizil.tr\/#website\"},\"datePublished\":\"2025-02-25T14:41:55+00:00\",\"breadcrumb\":{\"@id\":\"https:\/\/denizcankizil.tr\/de\/haberler\/gundem\/antalya-barosu-cocuklari-yetiskinler-gibi-yargilamayin\/#breadcrumb\"},\"inLanguage\":\"de\",\"potentialAction\":[{\"@type\":\"ReadAction\",\"target\":[\"https:\/\/denizcankizil.tr\/de\/haberler\/gundem\/antalya-barosu-cocuklari-yetiskinler-gibi-yargilamayin\/\"]}]},{\"@type\":\"BreadcrumbList\",\"@id\":\"https:\/\/denizcankizil.tr\/de\/haberler\/gundem\/antalya-barosu-cocuklari-yetiskinler-gibi-yargilamayin\/#breadcrumb\",\"itemListElement\":[{\"@type\":\"ListItem\",\"position\":1,\"name\":\"Home\",\"item\":\"https:\/\/denizcankizil.tr\/de\/\"},{\"@type\":\"ListItem\",\"position\":2,\"name\":\"Antalya Barosu: \u00c7ocuklar\u0131 yeti\u015fkinler gibi yarg\u0131lamay\u0131n!\"}]},{\"@type\":\"WebSite\",\"@id\":\"https:\/\/denizcankizil.tr\/#website\",\"url\":\"https:\/\/denizcankizil.tr\/\",\"name\":\"Av. Deniz Can K\u0131z\u0131l\",\"description\":\"Avukat Deniz Can K\u0131z\u0131l Antalya Barosu\",\"publisher\":{\"@id\":\"https:\/\/denizcankizil.tr\/#organization\"},\"potentialAction\":[{\"@type\":\"SearchAction\",\"target\":{\"@type\":\"EntryPoint\",\"urlTemplate\":\"https:\/\/denizcankizil.tr\/?s={search_term_string}\"},\"query-input\":{\"@type\":\"PropertyValueSpecification\",\"valueRequired\":true,\"valueName\":\"search_term_string\"}}],\"inLanguage\":\"de\"},{\"@type\":\"Organization\",\"@id\":\"https:\/\/denizcankizil.tr\/#organization\",\"name\":\"Av. Deniz Can K\u0131z\u0131l\",\"url\":\"https:\/\/denizcankizil.tr\/\",\"logo\":{\"@type\":\"ImageObject\",\"inLanguage\":\"de\",\"@id\":\"https:\/\/denizcankizil.tr\/#\/schema\/logo\/image\/\",\"url\":\"https:\/\/denizcankizil.tr\/wp-content\/uploads\/2024\/10\/siyah-logo-svg.svg\",\"contentUrl\":\"https:\/\/denizcankizil.tr\/wp-content\/uploads\/2024\/10\/siyah-logo-svg.svg\",\"width\":1080,\"height\":1080,\"caption\":\"Av. Deniz Can K\u0131z\u0131l\"},\"image\":{\"@id\":\"https:\/\/denizcankizil.tr\/#\/schema\/logo\/image\/\"}},{\"@type\":\"Person\",\"@id\":\"https:\/\/denizcankizil.tr\/#\/schema\/person\/e1eb71bb4dd684d46563f0af307e1234\",\"name\":\"Antalya K\u00f6rfez\",\"image\":{\"@type\":\"ImageObject\",\"inLanguage\":\"de\",\"@id\":\"https:\/\/denizcankizil.tr\/#\/schema\/person\/image\/\",\"url\":\"https:\/\/secure.gravatar.com\/avatar\/42b01982558a48a0b501fdcab6a408d3717ea5919095ee2e67b0e521799c5905?s=96&d=mm&r=g\",\"contentUrl\":\"https:\/\/secure.gravatar.com\/avatar\/42b01982558a48a0b501fdcab6a408d3717ea5919095ee2e67b0e521799c5905?s=96&d=mm&r=g\",\"caption\":\"Antalya K\u00f6rfez\"},\"sameAs\":[\"http:\/\/www.antalyakorfez.com\"],\"url\":\"https:\/\/www.antalyakorfez.com\/antalya-barosu-cocuklari-yetiskinler-gibi-yargilamayin\"}]}<\/script>\n<!-- \/ Yoast SEO Premium plugin. -->","yoast_head_json":{"title":"Antalya Barosu: \u00c7ocuklar\u0131 yeti\u015fkinler gibi yarg\u0131lamay\u0131n! - Av. Deniz Can K\u0131z\u0131l","robots":{"index":"index","follow":"follow","max-snippet":"max-snippet:-1","max-image-preview":"max-image-preview:large","max-video-preview":"max-video-preview:-1"},"canonical":"https:\/\/denizcankizil.tr\/de\/haberler\/gundem\/antalya-barosu-cocuklari-yetiskinler-gibi-yargilamayin\/","og_locale":"de_DE","og_type":"article","og_title":"Antalya Barosu: \u00c7ocuklar\u0131 yeti\u015fkinler gibi yarg\u0131lamay\u0131n!","og_description":"Aralar\u0131nda Antalya Barosu&#8217;nun da bulundu\u011fu T\u00fcrkiye&#8217;den 60 baro, \u00e7ocuklar\u0131n yarg\u0131lanmas\u0131na y\u00f6nelik ortak a\u00e7\u0131klama yapt\u0131. A\u00e7\u0131klamada, mahkemelerde \u00e7ocuklar\u0131n yeti\u015fkinler gibi g\u00f6r\u00fcld\u00fc\u011f\u00fcne dikkat \u00e7ekildi.\u00a0 TOPLUM NEZD\u0130NDE TE\u015eH\u0130R ED\u0130L\u0130YORLAR \u00c7ocuk adalet sisteminin, uluslararas\u0131 s\u00f6zle\u015fmeler ve hukuk ilkeleri \u00e7er\u00e7evesinde, \u00e7ocuklar\u0131n korunmas\u0131 ve adaletin sa\u011flanmas\u0131 amac\u0131yla geli\u015ftirildi\u011fini kaydeden a\u00e7\u0131klamada, &#8220;Su\u00e7a s\u00fcr\u00fcklenen \u00e7ocuklar ile ma\u011fdur \u00e7ocuklar, \u00e7ocuk adalet sistemi i\u00e7erisinde b\u00fct\u00fcnc\u00fcl bir yakla\u015f\u0131mla ele al\u0131nmak zorundad\u0131r. \u00c7ocuklar\u0131n, su\u00e7 isnad\u0131 nedeniyle toplum nezdinde te\u015fhir edilmesi, bireysel kimliklerinin if\u015fa edilmesi ve medya arac\u0131l\u0131\u011f\u0131yla sosyal lin\u00e7 kampanyalar\u0131na maruz b\u0131rak\u0131lmas\u0131 a\u00e7\u0131k\u00e7a hukuka ayk\u0131r\u0131d\u0131r&#8221; denildi. \u00c7OCUK K\u0130ML\u0130KLER\u0130 \u0130F\u015eA ED\u0130L\u0130YOR Su\u00e7un niteli\u011fi ne olursa olsun, \u00e7ocuklar\u0131n adil yarg\u0131lanma hakk\u0131n\u0131n, su\u00e7suz say\u0131lma hakk\u0131n\u0131n ve \u00f6zel hayat\u0131n gizlili\u011fi ilkelerinin ihlal edilmemesi gerekti\u011fine \u0131\u015f\u0131k tutan bildiride, &#8220;T\u00fcrkiye Cumhuriyeti&#8217;nin taraf oldu\u011fu Birle\u015fmi\u015f Milletler \u00c7ocuk Haklar\u0131na Dair S\u00f6zle\u015fme ve ulusal mevzuat, \u00c7ocuk Koruma Kanunu, \u00e7ocuklar\u0131n kimliklerinin her ko\u015fulda gizli tutulmas\u0131n\u0131 ve \u00fcst\u00fcn yararlar\u0131n\u0131n g\u00f6zetilmesini zorunlu k\u0131lmaktad\u0131r. Zira, \u00e7ocuklar aras\u0131nda ayr\u0131m yap\u0131lmaks\u0131z\u0131n, her \u00e7ocu\u011fun korunmas\u0131 temel bir y\u00fck\u00fcml\u00fcl\u00fckt\u00fcr. \u00c7ocuklar\u0131n kimliklerinin if\u015fa edilmesi, \u00e7ocuklar\u0131n ikinci kez ma\u011fdur edilmesine de sebebiyet vermektedir&#8221; ifadelerine yer verildi. SU\u00c7A S\u00dcR\u00dcKLENEN \u00c7OCUK Ma\u011fdur ve su\u00e7a s\u00fcr\u00fcklenen \u00e7ocuk ayr\u0131m\u0131 yap\u0131lmaks\u0131z\u0131n yarg\u0131lama a\u015famas\u0131na dahil olan her \u00e7ocu\u011fun gizlili\u011finin g\u00f6zetilmesi gerekti\u011finin alt\u0131n\u0131 \u00e7izen ifadelerde, &#8220;Son d\u00f6nemde kamuoyunda, su\u00e7a s\u00fcr\u00fckle nen \u00e7ocuklar\u0131n yeti\u015fkinler gibi yarg\u0131lanmas\u0131na y\u00f6nelik taleplerin artt\u0131\u011f\u0131n\u0131 &hellip;","og_url":"https:\/\/denizcankizil.tr\/de\/haberler\/gundem\/antalya-barosu-cocuklari-yetiskinler-gibi-yargilamayin\/","og_site_name":"Av. Deniz Can K\u0131z\u0131l","article_published_time":"2025-02-25T14:41:55+00:00","author":"Antalya K\u00f6rfez","twitter_card":"summary_large_image","twitter_misc":{"Verfasst von":"Antalya K\u00f6rfez","Gesch\u00e4tzte Lesezeit":"4\u00a0Minuten"},"schema":{"@context":"https:\/\/schema.org","@graph":[{"@type":"Article","@id":"https:\/\/denizcankizil.tr\/de\/haberler\/gundem\/antalya-barosu-cocuklari-yetiskinler-gibi-yargilamayin\/#article","isPartOf":{"@id":"https:\/\/denizcankizil.tr\/de\/haberler\/gundem\/antalya-barosu-cocuklari-yetiskinler-gibi-yargilamayin\/"},"author":{"name":"Antalya K\u00f6rfez","@id":"https:\/\/denizcankizil.tr\/#\/schema\/person\/e1eb71bb4dd684d46563f0af307e1234"},"headline":"Antalya Barosu: \u00c7ocuklar\u0131 yeti\u015fkinler gibi yarg\u0131lamay\u0131n!","datePublished":"2025-02-25T14:41:55+00:00","mainEntityOfPage":{"@id":"https:\/\/denizcankizil.tr\/de\/haberler\/gundem\/antalya-barosu-cocuklari-yetiskinler-gibi-yargilamayin\/"},"wordCount":776,"commentCount":0,"publisher":{"@id":"https:\/\/denizcankizil.tr\/#organization"},"articleSection":["G\u00fcndem"],"inLanguage":"de","potentialAction":[{"@type":"CommentAction","name":"Comment","target":["https:\/\/denizcankizil.tr\/de\/haberler\/gundem\/antalya-barosu-cocuklari-yetiskinler-gibi-yargilamayin\/#respond"]}]},{"@type":"WebPage","@id":"https:\/\/denizcankizil.tr\/de\/haberler\/gundem\/antalya-barosu-cocuklari-yetiskinler-gibi-yargilamayin\/","url":"https:\/\/denizcankizil.tr\/de\/haberler\/gundem\/antalya-barosu-cocuklari-yetiskinler-gibi-yargilamayin\/","name":"Antalya Barosu: \u00c7ocuklar\u0131 yeti\u015fkinler gibi yarg\u0131lamay\u0131n! - Av. Deniz Can K\u0131z\u0131l","isPartOf":{"@id":"https:\/\/denizcankizil.tr\/#website"},"datePublished":"2025-02-25T14:41:55+00:00","breadcrumb":{"@id":"https:\/\/denizcankizil.tr\/de\/haberler\/gundem\/antalya-barosu-cocuklari-yetiskinler-gibi-yargilamayin\/#breadcrumb"},"inLanguage":"de","potentialAction":[{"@type":"ReadAction","target":["https:\/\/denizcankizil.tr\/de\/haberler\/gundem\/antalya-barosu-cocuklari-yetiskinler-gibi-yargilamayin\/"]}]},{"@type":"BreadcrumbList","@id":"https:\/\/denizcankizil.tr\/de\/haberler\/gundem\/antalya-barosu-cocuklari-yetiskinler-gibi-yargilamayin\/#breadcrumb","itemListElement":[{"@type":"ListItem","position":1,"name":"Home","item":"https:\/\/denizcankizil.tr\/de\/"},{"@type":"ListItem","position":2,"name":"Antalya Barosu: \u00c7ocuklar\u0131 yeti\u015fkinler gibi yarg\u0131lamay\u0131n!"}]},{"@type":"WebSite","@id":"https:\/\/denizcankizil.tr\/#website","url":"https:\/\/denizcankizil.tr\/","name":"Av. Deniz Can K\u0131z\u0131l","description":"Avukat Deniz Can K\u0131z\u0131l Antalya Barosu","publisher":{"@id":"https:\/\/denizcankizil.tr\/#organization"},"potentialAction":[{"@type":"SearchAction","target":{"@type":"EntryPoint","urlTemplate":"https:\/\/denizcankizil.tr\/?s={search_term_string}"},"query-input":{"@type":"PropertyValueSpecification","valueRequired":true,"valueName":"search_term_string"}}],"inLanguage":"de"},{"@type":"Organization","@id":"https:\/\/denizcankizil.tr\/#organization","name":"Av. Deniz Can K\u0131z\u0131l","url":"https:\/\/denizcankizil.tr\/","logo":{"@type":"ImageObject","inLanguage":"de","@id":"https:\/\/denizcankizil.tr\/#\/schema\/logo\/image\/","url":"https:\/\/denizcankizil.tr\/wp-content\/uploads\/2024\/10\/siyah-logo-svg.svg","contentUrl":"https:\/\/denizcankizil.tr\/wp-content\/uploads\/2024\/10\/siyah-logo-svg.svg","width":1080,"height":1080,"caption":"Av. Deniz Can K\u0131z\u0131l"},"image":{"@id":"https:\/\/denizcankizil.tr\/#\/schema\/logo\/image\/"}},{"@type":"Person","@id":"https:\/\/denizcankizil.tr\/#\/schema\/person\/e1eb71bb4dd684d46563f0af307e1234","name":"Antalya K\u00f6rfez","image":{"@type":"ImageObject","inLanguage":"de","@id":"https:\/\/denizcankizil.tr\/#\/schema\/person\/image\/","url":"https:\/\/secure.gravatar.com\/avatar\/42b01982558a48a0b501fdcab6a408d3717ea5919095ee2e67b0e521799c5905?s=96&d=mm&r=g","contentUrl":"https:\/\/secure.gravatar.com\/avatar\/42b01982558a48a0b501fdcab6a408d3717ea5919095ee2e67b0e521799c5905?s=96&d=mm&r=g","caption":"Antalya K\u00f6rfez"},"sameAs":["http:\/\/www.antalyakorfez.com"],"url":"https:\/\/www.antalyakorfez.com\/antalya-barosu-cocuklari-yetiskinler-gibi-yargilamayin"}]}},"_links":{"self":[{"href":"https:\/\/denizcankizil.tr\/de\/wp-json\/wp\/v2\/posts\/34096","targetHints":{"allow":["GET"]}}],"collection":[{"href":"https:\/\/denizcankizil.tr\/de\/wp-json\/wp\/v2\/posts"}],"about":[{"href":"https:\/\/denizcankizil.tr\/de\/wp-json\/wp\/v2\/types\/post"}],"author":[{"embeddable":true,"href":"https:\/\/denizcankizil.tr\/de\/wp-json\/wp\/v2\/users\/5"}],"replies":[{"embeddable":true,"href":"https:\/\/denizcankizil.tr\/de\/wp-json\/wp\/v2\/comments?post=34096"}],"version-history":[{"count":0,"href":"https:\/\/denizcankizil.tr\/de\/wp-json\/wp\/v2\/posts\/34096\/revisions"}],"wp:attachment":[{"href":"https:\/\/denizcankizil.tr\/de\/wp-json\/wp\/v2\/media?parent=34096"}],"wp:term":[{"taxonomy":"category","embeddable":true,"href":"https:\/\/denizcankizil.tr\/de\/wp-json\/wp\/v2\/categories?post=34096"},{"taxonomy":"post_tag","embeddable":true,"href":"https:\/\/denizcankizil.tr\/de\/wp-json\/wp\/v2\/tags?post=34096"}],"curies":[{"name":"wp","href":"https:\/\/api.w.org\/{rel}","templated":true}]}}