{"id":33984,"date":"2025-02-24T14:41:16","date_gmt":"2025-02-24T11:41:16","guid":{"rendered":"https:\/\/denizcankizil.tr\/uncategorized-tr\/kadinlardan-mesakkatli-don-nobeti\/"},"modified":"2025-02-24T14:41:16","modified_gmt":"2025-02-24T11:41:16","slug":"kadinlardan-mesakkatli-don-nobeti","status":"publish","type":"post","link":"https:\/\/denizcankizil.tr\/de\/haberler\/antalya\/kadinlardan-mesakkatli-don-nobeti\/","title":{"rendered":"Kad\u0131nlardan me\u015fakkatli don n\u00f6beti"},"content":{"rendered":"<p>11 dekar alanda salatal\u0131k \u00fcretimi yapan \u00c7imen, so\u011fuk hava \u015fartlar\u0131 nedeniyle geceleri sobalar\u0131 yakt\u0131klar\u0131n\u0131 belirterek, &#8220;Ak\u015fam saat 19.00\u2019da sobalar\u0131 dolduruyoruz. \u00dc\u00e7 g\u00fcnd\u00fcr s\u00fcrekli soba yak\u0131yoruz. \u00dcr\u00fcnlerimiz donmas\u0131n diye sabaha kadar n\u00f6bet tutuyoruz. Sabah 07.00\u2019de n\u00f6beti bitirip, 1,5 saatlik k\u0131sa bir dinlenmenin ard\u0131ndan hasada ba\u015fl\u0131yoruz. Gecemiz, g\u00fcnd\u00fcz\u00fcm\u00fcz m\u00fccadeleyle ge\u00e7iyor&#8221; dedi.<br \/>\nSezon boyunca 150 ton \u00fcr\u00fcn elde etmeyi hedeflediklerini ve \u00fcreticilerin devlet deste\u011fine ihtiyac\u0131 oldu\u011funu kaydeden \u00c7imen, &#8220;\u00dcr\u00fcnlerimiz hem yurt d\u0131\u015f\u0131na g\u00f6nderilsin hem de iyi fiyatlara sat\u0131ls\u0131n istiyoruz. Salatal\u0131k fiyat\u0131 37 TL olarak a\u00e7\u0131kland\u0131 ancak elimize ge\u00e7ecek rakam\u0131 g\u00f6rmek gerekiyor&#8221; \u015feklinde konu\u015ftu.<\/p>\n<p>\u00c7ocuklu\u011fundan bu yana \u00fcreticilik yapt\u0131\u011f\u0131n\u0131 belirten \u00c7imen, kad\u0131n \u00fcreticilerin b\u00fcy\u00fck emek verdi\u011fini dile getirerek \u015funlar\u0131 s\u00f6yledi: &#8220;30 y\u0131ld\u0131r \u00fcreticilik yap\u0131yorum. Bu i\u015fi severek yap\u0131yoruz ama m\u00fccadele etmezsek olmuyor. Kad\u0131n \u00fcreticiler olarak gece g\u00fcnd\u00fcz demeden \u00e7al\u0131\u015f\u0131yoruz. Seram\u0131zda 3 ki\u015fi \u00e7al\u0131\u015f\u0131yoruz, 17 ya\u015f\u0131ndaki k\u0131z\u0131m da bizimle birlikte \u00fcretime destek veriyor. Ancak \u00fcreticinin y\u00fcz\u00fcn\u00fcn g\u00fclmesi i\u00e7in devletin de bizleri g\u00f6rmesi gerekiyor. \u00dcr\u00fcnlerimiz yurt d\u0131\u015f\u0131na daha iyi fiyatlarla sat\u0131l\u0131rsa hepimiz daha \u00e7ok \u00fcretiriz.&#8221;<br \/>\nSo\u011fuk havalar nedeniyle soba yakmaya devam ettiklerini aktaran \u00c7imen, &#8220;Saat 18.00\u2019de sobalar\u0131m\u0131z\u0131 haz\u0131rl\u0131yoruz. Hasad\u0131 tamamlad\u0131ktan sonra yeniden don n\u00f6betine ba\u015flayaca\u011f\u0131z. Havalar d\u00fczelene kadar bu m\u00fccadelemiz s\u00fcrecek&#8221; dedi.<\/p>\n<p>Kaynak: www.kanalv.com.tr Haber Sitesinden Al\u0131nm\u0131\u015ft\u0131r.<\/p>","protected":false},"excerpt":{"rendered":"<p>11 dekar alanda salatal\u0131k \u00fcretimi yapan \u00c7imen, so\u011fuk hava \u015fartlar\u0131 nedeniyle geceleri sobalar\u0131 yakt\u0131klar\u0131n\u0131 belirterek, &#8220;Ak\u015fam saat 19.00\u2019da sobalar\u0131 dolduruyoruz. \u00dc\u00e7 g\u00fcnd\u00fcr s\u00fcrekli soba yak\u0131yoruz. \u00dcr\u00fcnlerimiz donmas\u0131n diye sabaha kadar n\u00f6bet tutuyoruz. Sabah 07.00\u2019de n\u00f6beti bitirip, 1,5 saatlik k\u0131sa bir dinlenmenin ard\u0131ndan hasada ba\u015fl\u0131yoruz. Gecemiz, g\u00fcnd\u00fcz\u00fcm\u00fcz m\u00fccadeleyle ge\u00e7iyor&#8221; dedi. Sezon boyunca 150 ton \u00fcr\u00fcn elde etmeyi hedeflediklerini ve \u00fcreticilerin devlet deste\u011fine ihtiyac\u0131 oldu\u011funu kaydeden \u00c7imen, &#8220;\u00dcr\u00fcnlerimiz hem yurt d\u0131\u015f\u0131na g\u00f6nderilsin hem de iyi fiyatlara sat\u0131ls\u0131n istiyoruz. Salatal\u0131k fiyat\u0131 37 TL olarak a\u00e7\u0131kland\u0131 ancak elimize ge\u00e7ecek rakam\u0131 g\u00f6rmek gerekiyor&#8221; \u015feklinde konu\u015ftu. \u00c7ocuklu\u011fundan bu yana \u00fcreticilik yapt\u0131\u011f\u0131n\u0131 belirten \u00c7imen, kad\u0131n \u00fcreticilerin b\u00fcy\u00fck emek verdi\u011fini dile getirerek \u015funlar\u0131 s\u00f6yledi: &#8220;30 y\u0131ld\u0131r \u00fcreticilik yap\u0131yorum. Bu i\u015fi severek yap\u0131yoruz ama m\u00fccadele etmezsek olmuyor. Kad\u0131n \u00fcreticiler olarak gece g\u00fcnd\u00fcz demeden \u00e7al\u0131\u015f\u0131yoruz. Seram\u0131zda 3 ki\u015fi \u00e7al\u0131\u015f\u0131yoruz, 17 ya\u015f\u0131ndaki k\u0131z\u0131m da bizimle birlikte \u00fcretime destek veriyor. Ancak \u00fcreticinin y\u00fcz\u00fcn\u00fcn g\u00fclmesi i\u00e7in devletin de bizleri g\u00f6rmesi gerekiyor. \u00dcr\u00fcnlerimiz yurt d\u0131\u015f\u0131na daha iyi fiyatlarla sat\u0131l\u0131rsa hepimiz daha \u00e7ok \u00fcretiriz.&#8221; So\u011fuk havalar nedeniyle soba yakmaya devam ettiklerini aktaran \u00c7imen, &#8220;Saat 18.00\u2019de sobalar\u0131m\u0131z\u0131 haz\u0131rl\u0131yoruz. Hasad\u0131 tamamlad\u0131ktan sonra yeniden don n\u00f6betine ba\u015flayaca\u011f\u0131z. Havalar d\u00fczelene kadar bu m\u00fccadelemiz s\u00fcrecek&#8221; dedi. Kaynak: www.kanalv.com.tr Haber Sitesinden Al\u0131nm\u0131\u015ft\u0131r.<\/p>","protected":false},"author":4,"featured_media":33985,"comment_status":"open","ping_status":"open","sticky":false,"template":"","format":"standard","meta":{"_acf_changed":false,"footnotes":""},"categories":[26],"tags":[],"class_list":["post-33984","post","type-post","status-publish","format-standard","has-post-thumbnail","hentry","category-antalya"],"acf":[],"yoast_head":"<!-- This site is optimized with the Yoast SEO Premium plugin v26.6 (Yoast SEO v27.1.1) - https:\/\/yoast.com\/product\/yoast-seo-premium-wordpress\/ -->\n<title>Kad\u0131nlardan me\u015fakkatli don n\u00f6beti - Av. Deniz Can K\u0131z\u0131l<\/title>\n<meta name=\"robots\" content=\"index, follow, max-snippet:-1, max-image-preview:large, max-video-preview:-1\" \/>\n<link rel=\"canonical\" href=\"https:\/\/denizcankizil.tr\/de\/haberler\/antalya\/kadinlardan-mesakkatli-don-nobeti\/\" \/>\n<meta property=\"og:locale\" content=\"de_DE\" \/>\n<meta property=\"og:type\" content=\"article\" \/>\n<meta property=\"og:title\" content=\"Kad\u0131nlardan me\u015fakkatli don n\u00f6beti\" \/>\n<meta property=\"og:description\" content=\"11 dekar alanda salatal\u0131k \u00fcretimi yapan \u00c7imen, so\u011fuk hava \u015fartlar\u0131 nedeniyle geceleri sobalar\u0131 yakt\u0131klar\u0131n\u0131 belirterek, &#8220;Ak\u015fam saat 19.00\u2019da sobalar\u0131 dolduruyoruz. \u00dc\u00e7 g\u00fcnd\u00fcr s\u00fcrekli soba yak\u0131yoruz. \u00dcr\u00fcnlerimiz donmas\u0131n diye sabaha kadar n\u00f6bet tutuyoruz. Sabah 07.00\u2019de n\u00f6beti bitirip, 1,5 saatlik k\u0131sa bir dinlenmenin ard\u0131ndan hasada ba\u015fl\u0131yoruz. Gecemiz, g\u00fcnd\u00fcz\u00fcm\u00fcz m\u00fccadeleyle ge\u00e7iyor&#8221; dedi. Sezon boyunca 150 ton \u00fcr\u00fcn elde etmeyi hedeflediklerini ve \u00fcreticilerin devlet deste\u011fine ihtiyac\u0131 oldu\u011funu kaydeden \u00c7imen, &#8220;\u00dcr\u00fcnlerimiz hem yurt d\u0131\u015f\u0131na g\u00f6nderilsin hem de iyi fiyatlara sat\u0131ls\u0131n istiyoruz. Salatal\u0131k fiyat\u0131 37 TL olarak a\u00e7\u0131kland\u0131 ancak elimize ge\u00e7ecek rakam\u0131 g\u00f6rmek gerekiyor&#8221; \u015feklinde konu\u015ftu. \u00c7ocuklu\u011fundan bu yana \u00fcreticilik yapt\u0131\u011f\u0131n\u0131 belirten \u00c7imen, kad\u0131n \u00fcreticilerin b\u00fcy\u00fck emek verdi\u011fini dile getirerek \u015funlar\u0131 s\u00f6yledi: &#8220;30 y\u0131ld\u0131r \u00fcreticilik yap\u0131yorum. Bu i\u015fi severek yap\u0131yoruz ama m\u00fccadele etmezsek olmuyor. Kad\u0131n \u00fcreticiler olarak gece g\u00fcnd\u00fcz demeden \u00e7al\u0131\u015f\u0131yoruz. Seram\u0131zda 3 ki\u015fi \u00e7al\u0131\u015f\u0131yoruz, 17 ya\u015f\u0131ndaki k\u0131z\u0131m da bizimle birlikte \u00fcretime destek veriyor. Ancak \u00fcreticinin y\u00fcz\u00fcn\u00fcn g\u00fclmesi i\u00e7in devletin de bizleri g\u00f6rmesi gerekiyor. \u00dcr\u00fcnlerimiz yurt d\u0131\u015f\u0131na daha iyi fiyatlarla sat\u0131l\u0131rsa hepimiz daha \u00e7ok \u00fcretiriz.&#8221; So\u011fuk havalar nedeniyle soba yakmaya devam ettiklerini aktaran \u00c7imen, &#8220;Saat 18.00\u2019de sobalar\u0131m\u0131z\u0131 haz\u0131rl\u0131yoruz. Hasad\u0131 tamamlad\u0131ktan sonra yeniden don n\u00f6betine ba\u015flayaca\u011f\u0131z. Havalar d\u00fczelene kadar bu m\u00fccadelemiz s\u00fcrecek&#8221; dedi. Kaynak: www.kanalv.com.tr Haber Sitesinden Al\u0131nm\u0131\u015ft\u0131r.\" \/>\n<meta property=\"og:url\" content=\"https:\/\/denizcankizil.tr\/de\/haberler\/antalya\/kadinlardan-mesakkatli-don-nobeti\/\" \/>\n<meta property=\"og:site_name\" content=\"Av. Deniz Can K\u0131z\u0131l\" \/>\n<meta property=\"article:published_time\" content=\"2025-02-24T11:41:16+00:00\" \/>\n<meta property=\"og:image\" content=\"https:\/\/denizcankizil.tr\/wp-content\/uploads\/2025\/02\/5146-01-VEAgHl.jpeg\" \/>\n\t<meta property=\"og:image:width\" content=\"1280\" \/>\n\t<meta property=\"og:image:height\" content=\"720\" \/>\n\t<meta property=\"og:image:type\" content=\"image\/jpeg\" \/>\n<meta name=\"author\" content=\"Av. Deniz Can K\u0131z\u0131l\" \/>\n<meta name=\"twitter:card\" content=\"summary_large_image\" \/>\n<meta name=\"twitter:label1\" content=\"Verfasst von\" \/>\n\t<meta name=\"twitter:data1\" content=\"Av. Deniz Can K\u0131z\u0131l\" \/>\n\t<meta name=\"twitter:label2\" content=\"Gesch\u00e4tzte Lesezeit\" \/>\n\t<meta name=\"twitter:data2\" content=\"1\u00a0Minute\" \/>\n<script type=\"application\/ld+json\" class=\"yoast-schema-graph\">{\"@context\":\"https:\/\/schema.org\",\"@graph\":[{\"@type\":\"Article\",\"@id\":\"https:\/\/denizcankizil.tr\/de\/haberler\/antalya\/kadinlardan-mesakkatli-don-nobeti\/#article\",\"isPartOf\":{\"@id\":\"https:\/\/denizcankizil.tr\/de\/haberler\/antalya\/kadinlardan-mesakkatli-don-nobeti\/\"},\"author\":{\"name\":\"Av. Deniz Can K\u0131z\u0131l\",\"@id\":\"https:\/\/denizcankizil.tr\/#\/schema\/person\/5dc1b22991bd7ac833867c10afc9b0ff\"},\"headline\":\"Kad\u0131nlardan me\u015fakkatli don n\u00f6beti\",\"datePublished\":\"2025-02-24T11:41:16+00:00\",\"mainEntityOfPage\":{\"@id\":\"https:\/\/denizcankizil.tr\/de\/haberler\/antalya\/kadinlardan-mesakkatli-don-nobeti\/\"},\"wordCount\":277,\"commentCount\":0,\"publisher\":{\"@id\":\"https:\/\/denizcankizil.tr\/#organization\"},\"image\":{\"@id\":\"https:\/\/denizcankizil.tr\/de\/haberler\/antalya\/kadinlardan-mesakkatli-don-nobeti\/#primaryimage\"},\"thumbnailUrl\":\"https:\/\/denizcankizil.tr\/wp-content\/uploads\/2025\/02\/5146-01-VEAgHl.jpeg\",\"articleSection\":[\"Antalya\"],\"inLanguage\":\"de\",\"potentialAction\":[{\"@type\":\"CommentAction\",\"name\":\"Comment\",\"target\":[\"https:\/\/denizcankizil.tr\/de\/haberler\/antalya\/kadinlardan-mesakkatli-don-nobeti\/#respond\"]}]},{\"@type\":\"WebPage\",\"@id\":\"https:\/\/denizcankizil.tr\/de\/haberler\/antalya\/kadinlardan-mesakkatli-don-nobeti\/\",\"url\":\"https:\/\/denizcankizil.tr\/de\/haberler\/antalya\/kadinlardan-mesakkatli-don-nobeti\/\",\"name\":\"Kad\u0131nlardan me\u015fakkatli don n\u00f6beti - Av. Deniz Can K\u0131z\u0131l\",\"isPartOf\":{\"@id\":\"https:\/\/denizcankizil.tr\/#website\"},\"primaryImageOfPage\":{\"@id\":\"https:\/\/denizcankizil.tr\/de\/haberler\/antalya\/kadinlardan-mesakkatli-don-nobeti\/#primaryimage\"},\"image\":{\"@id\":\"https:\/\/denizcankizil.tr\/de\/haberler\/antalya\/kadinlardan-mesakkatli-don-nobeti\/#primaryimage\"},\"thumbnailUrl\":\"https:\/\/denizcankizil.tr\/wp-content\/uploads\/2025\/02\/5146-01-VEAgHl.jpeg\",\"datePublished\":\"2025-02-24T11:41:16+00:00\",\"breadcrumb\":{\"@id\":\"https:\/\/denizcankizil.tr\/de\/haberler\/antalya\/kadinlardan-mesakkatli-don-nobeti\/#breadcrumb\"},\"inLanguage\":\"de\",\"potentialAction\":[{\"@type\":\"ReadAction\",\"target\":[\"https:\/\/denizcankizil.tr\/de\/haberler\/antalya\/kadinlardan-mesakkatli-don-nobeti\/\"]}]},{\"@type\":\"ImageObject\",\"inLanguage\":\"de\",\"@id\":\"https:\/\/denizcankizil.tr\/de\/haberler\/antalya\/kadinlardan-mesakkatli-don-nobeti\/#primaryimage\",\"url\":\"https:\/\/denizcankizil.tr\/wp-content\/uploads\/2025\/02\/5146-01-VEAgHl.jpeg\",\"contentUrl\":\"https:\/\/denizcankizil.tr\/wp-content\/uploads\/2025\/02\/5146-01-VEAgHl.jpeg\",\"width\":1280,\"height\":720},{\"@type\":\"BreadcrumbList\",\"@id\":\"https:\/\/denizcankizil.tr\/de\/haberler\/antalya\/kadinlardan-mesakkatli-don-nobeti\/#breadcrumb\",\"itemListElement\":[{\"@type\":\"ListItem\",\"position\":1,\"name\":\"Home\",\"item\":\"https:\/\/denizcankizil.tr\/de\/\"},{\"@type\":\"ListItem\",\"position\":2,\"name\":\"Kad\u0131nlardan me\u015fakkatli don n\u00f6beti\"}]},{\"@type\":\"WebSite\",\"@id\":\"https:\/\/denizcankizil.tr\/#website\",\"url\":\"https:\/\/denizcankizil.tr\/\",\"name\":\"Av. Deniz Can K\u0131z\u0131l\",\"description\":\"Avukat Deniz Can K\u0131z\u0131l Antalya Barosu\",\"publisher\":{\"@id\":\"https:\/\/denizcankizil.tr\/#organization\"},\"potentialAction\":[{\"@type\":\"SearchAction\",\"target\":{\"@type\":\"EntryPoint\",\"urlTemplate\":\"https:\/\/denizcankizil.tr\/?s={search_term_string}\"},\"query-input\":{\"@type\":\"PropertyValueSpecification\",\"valueRequired\":true,\"valueName\":\"search_term_string\"}}],\"inLanguage\":\"de\"},{\"@type\":\"Organization\",\"@id\":\"https:\/\/denizcankizil.tr\/#organization\",\"name\":\"Av. Deniz Can K\u0131z\u0131l\",\"url\":\"https:\/\/denizcankizil.tr\/\",\"logo\":{\"@type\":\"ImageObject\",\"inLanguage\":\"de\",\"@id\":\"https:\/\/denizcankizil.tr\/#\/schema\/logo\/image\/\",\"url\":\"https:\/\/denizcankizil.tr\/wp-content\/uploads\/2024\/10\/siyah-logo-svg.svg\",\"contentUrl\":\"https:\/\/denizcankizil.tr\/wp-content\/uploads\/2024\/10\/siyah-logo-svg.svg\",\"width\":1080,\"height\":1080,\"caption\":\"Av. Deniz Can K\u0131z\u0131l\"},\"image\":{\"@id\":\"https:\/\/denizcankizil.tr\/#\/schema\/logo\/image\/\"}},{\"@type\":\"Person\",\"@id\":\"https:\/\/denizcankizil.tr\/#\/schema\/person\/5dc1b22991bd7ac833867c10afc9b0ff\",\"name\":\"Av. Deniz Can K\u0131z\u0131l\",\"image\":{\"@type\":\"ImageObject\",\"inLanguage\":\"de\",\"@id\":\"https:\/\/denizcankizil.tr\/#\/schema\/person\/image\/\",\"url\":\"https:\/\/secure.gravatar.com\/avatar\/a0b128fb9855c79efc976d5640eedb31dc35ec297594d6016d2cf7c60e975bb6?s=96&d=mm&r=g\",\"contentUrl\":\"https:\/\/secure.gravatar.com\/avatar\/a0b128fb9855c79efc976d5640eedb31dc35ec297594d6016d2cf7c60e975bb6?s=96&d=mm&r=g\",\"caption\":\"Av. Deniz Can K\u0131z\u0131l\"},\"sameAs\":[\"http:\/\/www.denizcankizil.tr\"],\"url\":\"https:\/\/denizcankizil.tr\/de\/author\/denizcankizil\/\"}]}<\/script>\n<!-- \/ Yoast SEO Premium plugin. -->","yoast_head_json":{"title":"Kad\u0131nlardan me\u015fakkatli don n\u00f6beti - Av. Deniz Can K\u0131z\u0131l","robots":{"index":"index","follow":"follow","max-snippet":"max-snippet:-1","max-image-preview":"max-image-preview:large","max-video-preview":"max-video-preview:-1"},"canonical":"https:\/\/denizcankizil.tr\/de\/haberler\/antalya\/kadinlardan-mesakkatli-don-nobeti\/","og_locale":"de_DE","og_type":"article","og_title":"Kad\u0131nlardan me\u015fakkatli don n\u00f6beti","og_description":"11 dekar alanda salatal\u0131k \u00fcretimi yapan \u00c7imen, so\u011fuk hava \u015fartlar\u0131 nedeniyle geceleri sobalar\u0131 yakt\u0131klar\u0131n\u0131 belirterek, &#8220;Ak\u015fam saat 19.00\u2019da sobalar\u0131 dolduruyoruz. \u00dc\u00e7 g\u00fcnd\u00fcr s\u00fcrekli soba yak\u0131yoruz. \u00dcr\u00fcnlerimiz donmas\u0131n diye sabaha kadar n\u00f6bet tutuyoruz. Sabah 07.00\u2019de n\u00f6beti bitirip, 1,5 saatlik k\u0131sa bir dinlenmenin ard\u0131ndan hasada ba\u015fl\u0131yoruz. Gecemiz, g\u00fcnd\u00fcz\u00fcm\u00fcz m\u00fccadeleyle ge\u00e7iyor&#8221; dedi. Sezon boyunca 150 ton \u00fcr\u00fcn elde etmeyi hedeflediklerini ve \u00fcreticilerin devlet deste\u011fine ihtiyac\u0131 oldu\u011funu kaydeden \u00c7imen, &#8220;\u00dcr\u00fcnlerimiz hem yurt d\u0131\u015f\u0131na g\u00f6nderilsin hem de iyi fiyatlara sat\u0131ls\u0131n istiyoruz. Salatal\u0131k fiyat\u0131 37 TL olarak a\u00e7\u0131kland\u0131 ancak elimize ge\u00e7ecek rakam\u0131 g\u00f6rmek gerekiyor&#8221; \u015feklinde konu\u015ftu. \u00c7ocuklu\u011fundan bu yana \u00fcreticilik yapt\u0131\u011f\u0131n\u0131 belirten \u00c7imen, kad\u0131n \u00fcreticilerin b\u00fcy\u00fck emek verdi\u011fini dile getirerek \u015funlar\u0131 s\u00f6yledi: &#8220;30 y\u0131ld\u0131r \u00fcreticilik yap\u0131yorum. Bu i\u015fi severek yap\u0131yoruz ama m\u00fccadele etmezsek olmuyor. Kad\u0131n \u00fcreticiler olarak gece g\u00fcnd\u00fcz demeden \u00e7al\u0131\u015f\u0131yoruz. Seram\u0131zda 3 ki\u015fi \u00e7al\u0131\u015f\u0131yoruz, 17 ya\u015f\u0131ndaki k\u0131z\u0131m da bizimle birlikte \u00fcretime destek veriyor. Ancak \u00fcreticinin y\u00fcz\u00fcn\u00fcn g\u00fclmesi i\u00e7in devletin de bizleri g\u00f6rmesi gerekiyor. \u00dcr\u00fcnlerimiz yurt d\u0131\u015f\u0131na daha iyi fiyatlarla sat\u0131l\u0131rsa hepimiz daha \u00e7ok \u00fcretiriz.&#8221; So\u011fuk havalar nedeniyle soba yakmaya devam ettiklerini aktaran \u00c7imen, &#8220;Saat 18.00\u2019de sobalar\u0131m\u0131z\u0131 haz\u0131rl\u0131yoruz. Hasad\u0131 tamamlad\u0131ktan sonra yeniden don n\u00f6betine ba\u015flayaca\u011f\u0131z. Havalar d\u00fczelene kadar bu m\u00fccadelemiz s\u00fcrecek&#8221; dedi. Kaynak: www.kanalv.com.tr Haber Sitesinden Al\u0131nm\u0131\u015ft\u0131r.","og_url":"https:\/\/denizcankizil.tr\/de\/haberler\/antalya\/kadinlardan-mesakkatli-don-nobeti\/","og_site_name":"Av. Deniz Can K\u0131z\u0131l","article_published_time":"2025-02-24T11:41:16+00:00","og_image":[{"width":1280,"height":720,"url":"https:\/\/denizcankizil.tr\/wp-content\/uploads\/2025\/02\/5146-01-VEAgHl.jpeg","type":"image\/jpeg"}],"author":"Av. Deniz Can K\u0131z\u0131l","twitter_card":"summary_large_image","twitter_misc":{"Verfasst von":"Av. Deniz Can K\u0131z\u0131l","Gesch\u00e4tzte Lesezeit":"1\u00a0Minute"},"schema":{"@context":"https:\/\/schema.org","@graph":[{"@type":"Article","@id":"https:\/\/denizcankizil.tr\/de\/haberler\/antalya\/kadinlardan-mesakkatli-don-nobeti\/#article","isPartOf":{"@id":"https:\/\/denizcankizil.tr\/de\/haberler\/antalya\/kadinlardan-mesakkatli-don-nobeti\/"},"author":{"name":"Av. Deniz Can K\u0131z\u0131l","@id":"https:\/\/denizcankizil.tr\/#\/schema\/person\/5dc1b22991bd7ac833867c10afc9b0ff"},"headline":"Kad\u0131nlardan me\u015fakkatli don n\u00f6beti","datePublished":"2025-02-24T11:41:16+00:00","mainEntityOfPage":{"@id":"https:\/\/denizcankizil.tr\/de\/haberler\/antalya\/kadinlardan-mesakkatli-don-nobeti\/"},"wordCount":277,"commentCount":0,"publisher":{"@id":"https:\/\/denizcankizil.tr\/#organization"},"image":{"@id":"https:\/\/denizcankizil.tr\/de\/haberler\/antalya\/kadinlardan-mesakkatli-don-nobeti\/#primaryimage"},"thumbnailUrl":"https:\/\/denizcankizil.tr\/wp-content\/uploads\/2025\/02\/5146-01-VEAgHl.jpeg","articleSection":["Antalya"],"inLanguage":"de","potentialAction":[{"@type":"CommentAction","name":"Comment","target":["https:\/\/denizcankizil.tr\/de\/haberler\/antalya\/kadinlardan-mesakkatli-don-nobeti\/#respond"]}]},{"@type":"WebPage","@id":"https:\/\/denizcankizil.tr\/de\/haberler\/antalya\/kadinlardan-mesakkatli-don-nobeti\/","url":"https:\/\/denizcankizil.tr\/de\/haberler\/antalya\/kadinlardan-mesakkatli-don-nobeti\/","name":"Kad\u0131nlardan me\u015fakkatli don n\u00f6beti - Av. Deniz Can K\u0131z\u0131l","isPartOf":{"@id":"https:\/\/denizcankizil.tr\/#website"},"primaryImageOfPage":{"@id":"https:\/\/denizcankizil.tr\/de\/haberler\/antalya\/kadinlardan-mesakkatli-don-nobeti\/#primaryimage"},"image":{"@id":"https:\/\/denizcankizil.tr\/de\/haberler\/antalya\/kadinlardan-mesakkatli-don-nobeti\/#primaryimage"},"thumbnailUrl":"https:\/\/denizcankizil.tr\/wp-content\/uploads\/2025\/02\/5146-01-VEAgHl.jpeg","datePublished":"2025-02-24T11:41:16+00:00","breadcrumb":{"@id":"https:\/\/denizcankizil.tr\/de\/haberler\/antalya\/kadinlardan-mesakkatli-don-nobeti\/#breadcrumb"},"inLanguage":"de","potentialAction":[{"@type":"ReadAction","target":["https:\/\/denizcankizil.tr\/de\/haberler\/antalya\/kadinlardan-mesakkatli-don-nobeti\/"]}]},{"@type":"ImageObject","inLanguage":"de","@id":"https:\/\/denizcankizil.tr\/de\/haberler\/antalya\/kadinlardan-mesakkatli-don-nobeti\/#primaryimage","url":"https:\/\/denizcankizil.tr\/wp-content\/uploads\/2025\/02\/5146-01-VEAgHl.jpeg","contentUrl":"https:\/\/denizcankizil.tr\/wp-content\/uploads\/2025\/02\/5146-01-VEAgHl.jpeg","width":1280,"height":720},{"@type":"BreadcrumbList","@id":"https:\/\/denizcankizil.tr\/de\/haberler\/antalya\/kadinlardan-mesakkatli-don-nobeti\/#breadcrumb","itemListElement":[{"@type":"ListItem","position":1,"name":"Home","item":"https:\/\/denizcankizil.tr\/de\/"},{"@type":"ListItem","position":2,"name":"Kad\u0131nlardan me\u015fakkatli don n\u00f6beti"}]},{"@type":"WebSite","@id":"https:\/\/denizcankizil.tr\/#website","url":"https:\/\/denizcankizil.tr\/","name":"Av. Deniz Can K\u0131z\u0131l","description":"Avukat Deniz Can K\u0131z\u0131l Antalya Barosu","publisher":{"@id":"https:\/\/denizcankizil.tr\/#organization"},"potentialAction":[{"@type":"SearchAction","target":{"@type":"EntryPoint","urlTemplate":"https:\/\/denizcankizil.tr\/?s={search_term_string}"},"query-input":{"@type":"PropertyValueSpecification","valueRequired":true,"valueName":"search_term_string"}}],"inLanguage":"de"},{"@type":"Organization","@id":"https:\/\/denizcankizil.tr\/#organization","name":"Av. Deniz Can K\u0131z\u0131l","url":"https:\/\/denizcankizil.tr\/","logo":{"@type":"ImageObject","inLanguage":"de","@id":"https:\/\/denizcankizil.tr\/#\/schema\/logo\/image\/","url":"https:\/\/denizcankizil.tr\/wp-content\/uploads\/2024\/10\/siyah-logo-svg.svg","contentUrl":"https:\/\/denizcankizil.tr\/wp-content\/uploads\/2024\/10\/siyah-logo-svg.svg","width":1080,"height":1080,"caption":"Av. Deniz Can K\u0131z\u0131l"},"image":{"@id":"https:\/\/denizcankizil.tr\/#\/schema\/logo\/image\/"}},{"@type":"Person","@id":"https:\/\/denizcankizil.tr\/#\/schema\/person\/5dc1b22991bd7ac833867c10afc9b0ff","name":"Av. Deniz Can K\u0131z\u0131l","image":{"@type":"ImageObject","inLanguage":"de","@id":"https:\/\/denizcankizil.tr\/#\/schema\/person\/image\/","url":"https:\/\/secure.gravatar.com\/avatar\/a0b128fb9855c79efc976d5640eedb31dc35ec297594d6016d2cf7c60e975bb6?s=96&d=mm&r=g","contentUrl":"https:\/\/secure.gravatar.com\/avatar\/a0b128fb9855c79efc976d5640eedb31dc35ec297594d6016d2cf7c60e975bb6?s=96&d=mm&r=g","caption":"Av. Deniz Can K\u0131z\u0131l"},"sameAs":["http:\/\/www.denizcankizil.tr"],"url":"https:\/\/denizcankizil.tr\/de\/author\/denizcankizil\/"}]}},"_links":{"self":[{"href":"https:\/\/denizcankizil.tr\/de\/wp-json\/wp\/v2\/posts\/33984","targetHints":{"allow":["GET"]}}],"collection":[{"href":"https:\/\/denizcankizil.tr\/de\/wp-json\/wp\/v2\/posts"}],"about":[{"href":"https:\/\/denizcankizil.tr\/de\/wp-json\/wp\/v2\/types\/post"}],"author":[{"embeddable":true,"href":"https:\/\/denizcankizil.tr\/de\/wp-json\/wp\/v2\/users\/4"}],"replies":[{"embeddable":true,"href":"https:\/\/denizcankizil.tr\/de\/wp-json\/wp\/v2\/comments?post=33984"}],"version-history":[{"count":0,"href":"https:\/\/denizcankizil.tr\/de\/wp-json\/wp\/v2\/posts\/33984\/revisions"}],"wp:featuredmedia":[{"embeddable":true,"href":"https:\/\/denizcankizil.tr\/de\/wp-json\/wp\/v2\/media\/33985"}],"wp:attachment":[{"href":"https:\/\/denizcankizil.tr\/de\/wp-json\/wp\/v2\/media?parent=33984"}],"wp:term":[{"taxonomy":"category","embeddable":true,"href":"https:\/\/denizcankizil.tr\/de\/wp-json\/wp\/v2\/categories?post=33984"},{"taxonomy":"post_tag","embeddable":true,"href":"https:\/\/denizcankizil.tr\/de\/wp-json\/wp\/v2\/tags?post=33984"}],"curies":[{"name":"wp","href":"https:\/\/api.w.org\/{rel}","templated":true}]}}