{"id":33983,"date":"2025-02-24T13:42:44","date_gmt":"2025-02-24T10:42:44","guid":{"rendered":"https:\/\/denizcankizil.tr\/uncategorized-tr\/karasu-manuk-kilisesine-ciddi-destek-ihtiyaci-var\/"},"modified":"2025-02-24T13:42:44","modified_gmt":"2025-02-24T10:42:44","slug":"karasu-manuk-kilisesine-ciddi-destek-ihtiyaci-var","status":"publish","type":"post","link":"https:\/\/denizcankizil.tr\/de\/haberler\/gundem\/karasu-manuk-kilisesine-ciddi-destek-ihtiyaci-var\/","title":{"rendered":"&#8220;Karasu Manuk Kilisesine Ciddi Destek \u0130htiyac\u0131 Var&#8221;"},"content":{"rendered":"<p>1872 y\u0131l\u0131nda in\u015fa edilen ve \u0130stanbul Ermeni Patrikhanesi\u2019ne ba\u011fl\u0131 olan Karasu Manuk Kilisesi\u2019nin de 6 \u015eubat deprem felaketi sonras\u0131 hasar g\u00f6rd\u00fc\u011f\u00fcn\u00fc aktaran Kilise Pederi Taba\u015fyan, &#8220;Kilisemiz 1989 ve 2001 y\u0131llar\u0131nda kapsaml\u0131 restorasyonlar ge\u00e7irdi. Ancak, 6 \u015eubat ve 21 \u015eubat\u2019ta ya\u015fad\u0131\u011f\u0131m\u0131z b\u00fcy\u00fck depremlerle kilisemiz orta hasar ald\u0131. \u00d6zellikle \u00fc\u00e7 suna\u011f\u0131m\u0131zdan ikisi y\u0131k\u0131ld\u0131, biri ise a\u011f\u0131r hasar g\u00f6rd\u00fc&#8221; dedi.<\/p>\n<p>Depremin ard\u0131ndan \u0130skenderun\u2019daki bir\u00e7ok ibadethanenin hasar g\u00f6rd\u00fc\u011f\u00fcn\u00fc ve \u015fehirdeki mevcut durum hakk\u0131nda bilgi veren Taba\u015fyan &#8220;\u0130skenderun&#8217;da yakla\u015f\u0131k 5 faal kiliseden sadece bir tanesi \u015fu an hizmet veriyor. Di\u011fer kiliselerimizde salonlar mevcut, ancak bizim kilisemizin salonu da hasar g\u00f6rd\u00fc\u011f\u00fc i\u00e7in bu alan\u0131 ibadet i\u00e7in kullanamaz hale geldik. Cemaatimiz i\u00e7in ba\u015fka gidecek yerimiz yok, bu y\u00fczden kilisemizi kullan\u0131labilir duruma getirmeye \u00e7al\u0131\u015f\u0131yoruz. Haziran ay\u0131ndan itibaren y\u00f6netim kurulumuz ve Vak\u0131f ba\u015fkan\u0131m\u0131z ile \u00e7al\u0131\u015fmalar\u0131m\u0131z\u0131 s\u00fcrd\u00fcrd\u00fck. Devletimizin \u00f6ng\u00f6rd\u00fc\u011f\u00fc \u00e7al\u0131\u015fmalarla ilgili sunumlar\u0131m\u0131z\u0131 yapt\u0131k. \u015eu an \u00fc\u00e7 a\u015famal\u0131 bir plan\u0131m\u0131z var: projelendirme, mevcut durum ve restorasyon&#8221; diye konu\u015ftu.<\/p>\n<p>Tadilat ile ilgili s\u00fcrecin zorluklar\u0131na dikkat \u00e7eken Taba\u015fyan Hatay\u2019daki di\u011fer kiliselerin de ciddi destek ihtiyac\u0131 oldu\u011funu belirterek \u201cHatay\u2019\u0131n yeniden aya\u011fa kalkabilmesi i\u00e7in devlet b\u00fcy\u00fcklerinden daha h\u0131zl\u0131 ve etkili kararlar bekliyoruz. \u0130badethaneler, insanlar bir araya gelip dua edebilece\u011fi yerlerdir. Bu y\u00fczden Hatay\u2019daki ibadet yerlerinin a\u00e7\u0131lmas\u0131, insanlar\u0131n moral ve dayan\u0131\u015fma i\u00e7inde olmalar\u0131 i\u00e7in \u00e7ok \u00f6nemli. Depremde yerle bir olan K\u0131r\u0131kkale\u2019deki Ermeni Kilisesi ile ilgili de \u00e7al\u0131\u015fmalar s\u00fcr\u00fcyor. Bu s\u00fcre\u00e7te Hatay\u2019\u0131n tekrar eski g\u00fcc\u00fcne kavu\u015fabilmesi i\u00e7in daha h\u0131zl\u0131 ad\u0131mlar at\u0131lmas\u0131 gerekiyor\u201d \u015feklinde konu\u015ftu.<\/p>\n<p>\u200b\u0130skenderun&#8217;da bulunan Karasu Manuk \u2018K\u0131rk \u015eehitler\u2019 Ermeni Kilisesi Pederi Avedis Taba\u015fyan, Hatay\u2019daki Ermeni kiliseleri ve Anadolu Ermeni cemaatinin ya\u015fad\u0131\u011f\u0131 zorluklara dikkat \u00e7ekti.\u00a0<\/p>\n<p>\u200bHaberin Al\u0131nt\u0131land\u0131\u011f\u0131 Kaynak: www.iskenderun.org<\/p>","protected":false},"excerpt":{"rendered":"<p>1872 y\u0131l\u0131nda in\u015fa edilen ve \u0130stanbul Ermeni Patrikhanesi\u2019ne ba\u011fl\u0131 olan Karasu Manuk Kilisesi\u2019nin de 6 \u015eubat deprem felaketi sonras\u0131 hasar g\u00f6rd\u00fc\u011f\u00fcn\u00fc aktaran Kilise Pederi Taba\u015fyan, &#8220;Kilisemiz 1989 ve 2001 y\u0131llar\u0131nda kapsaml\u0131 restorasyonlar ge\u00e7irdi. Ancak, 6 \u015eubat ve 21 \u015eubat\u2019ta ya\u015fad\u0131\u011f\u0131m\u0131z b\u00fcy\u00fck depremlerle kilisemiz orta hasar ald\u0131. \u00d6zellikle \u00fc\u00e7 suna\u011f\u0131m\u0131zdan ikisi y\u0131k\u0131ld\u0131, biri ise a\u011f\u0131r hasar g\u00f6rd\u00fc&#8221; dedi. Depremin ard\u0131ndan \u0130skenderun\u2019daki bir\u00e7ok ibadethanenin hasar g\u00f6rd\u00fc\u011f\u00fcn\u00fc ve \u015fehirdeki mevcut durum hakk\u0131nda bilgi veren Taba\u015fyan &#8220;\u0130skenderun&#8217;da yakla\u015f\u0131k 5 faal kiliseden sadece bir tanesi \u015fu an hizmet veriyor. Di\u011fer kiliselerimizde salonlar mevcut, ancak bizim kilisemizin salonu da hasar g\u00f6rd\u00fc\u011f\u00fc i\u00e7in bu alan\u0131 ibadet i\u00e7in kullanamaz hale geldik. Cemaatimiz i\u00e7in ba\u015fka gidecek yerimiz yok, bu y\u00fczden kilisemizi kullan\u0131labilir duruma getirmeye \u00e7al\u0131\u015f\u0131yoruz. Haziran ay\u0131ndan itibaren y\u00f6netim kurulumuz ve Vak\u0131f ba\u015fkan\u0131m\u0131z ile \u00e7al\u0131\u015fmalar\u0131m\u0131z\u0131 s\u00fcrd\u00fcrd\u00fck. Devletimizin \u00f6ng\u00f6rd\u00fc\u011f\u00fc \u00e7al\u0131\u015fmalarla ilgili sunumlar\u0131m\u0131z\u0131 yapt\u0131k. \u015eu an \u00fc\u00e7 a\u015famal\u0131 bir plan\u0131m\u0131z var: projelendirme, mevcut durum ve restorasyon&#8221; diye konu\u015ftu. Tadilat ile ilgili s\u00fcrecin zorluklar\u0131na dikkat \u00e7eken Taba\u015fyan Hatay\u2019daki di\u011fer kiliselerin de ciddi destek ihtiyac\u0131 oldu\u011funu belirterek \u201cHatay\u2019\u0131n yeniden aya\u011fa kalkabilmesi i\u00e7in devlet b\u00fcy\u00fcklerinden daha h\u0131zl\u0131 ve etkili kararlar bekliyoruz. \u0130badethaneler, insanlar bir araya gelip dua edebilece\u011fi yerlerdir. Bu y\u00fczden Hatay\u2019daki ibadet yerlerinin a\u00e7\u0131lmas\u0131, insanlar\u0131n moral ve dayan\u0131\u015fma i\u00e7inde olmalar\u0131 i\u00e7in \u00e7ok \u00f6nemli. &hellip;<\/p>","protected":false},"author":1,"featured_media":0,"comment_status":"open","ping_status":"open","sticky":false,"template":"","format":"standard","meta":{"_acf_changed":false,"footnotes":""},"categories":[24],"tags":[],"class_list":["post-33983","post","type-post","status-publish","format-standard","has-post-thumbnail","hentry","category-gundem"],"acf":[],"yoast_head":"<!-- This site is optimized with the Yoast SEO Premium plugin v26.6 (Yoast SEO v27.1.1) - https:\/\/yoast.com\/product\/yoast-seo-premium-wordpress\/ -->\n<title>&quot;Karasu Manuk Kilisesine Ciddi Destek \u0130htiyac\u0131 Var&quot; - Av. Deniz Can K\u0131z\u0131l<\/title>\n<meta name=\"robots\" content=\"index, follow, max-snippet:-1, max-image-preview:large, max-video-preview:-1\" \/>\n<link rel=\"canonical\" href=\"https:\/\/denizcankizil.tr\/de\/haberler\/gundem\/karasu-manuk-kilisesine-ciddi-destek-ihtiyaci-var\/\" \/>\n<meta property=\"og:locale\" content=\"de_DE\" \/>\n<meta property=\"og:type\" content=\"article\" \/>\n<meta property=\"og:title\" content=\"&quot;Karasu Manuk Kilisesine Ciddi Destek \u0130htiyac\u0131 Var&quot;\" \/>\n<meta property=\"og:description\" content=\"1872 y\u0131l\u0131nda in\u015fa edilen ve \u0130stanbul Ermeni Patrikhanesi\u2019ne ba\u011fl\u0131 olan Karasu Manuk Kilisesi\u2019nin de 6 \u015eubat deprem felaketi sonras\u0131 hasar g\u00f6rd\u00fc\u011f\u00fcn\u00fc aktaran Kilise Pederi Taba\u015fyan, &#8220;Kilisemiz 1989 ve 2001 y\u0131llar\u0131nda kapsaml\u0131 restorasyonlar ge\u00e7irdi. Ancak, 6 \u015eubat ve 21 \u015eubat\u2019ta ya\u015fad\u0131\u011f\u0131m\u0131z b\u00fcy\u00fck depremlerle kilisemiz orta hasar ald\u0131. \u00d6zellikle \u00fc\u00e7 suna\u011f\u0131m\u0131zdan ikisi y\u0131k\u0131ld\u0131, biri ise a\u011f\u0131r hasar g\u00f6rd\u00fc&#8221; dedi. Depremin ard\u0131ndan \u0130skenderun\u2019daki bir\u00e7ok ibadethanenin hasar g\u00f6rd\u00fc\u011f\u00fcn\u00fc ve \u015fehirdeki mevcut durum hakk\u0131nda bilgi veren Taba\u015fyan &#8220;\u0130skenderun&#8217;da yakla\u015f\u0131k 5 faal kiliseden sadece bir tanesi \u015fu an hizmet veriyor. Di\u011fer kiliselerimizde salonlar mevcut, ancak bizim kilisemizin salonu da hasar g\u00f6rd\u00fc\u011f\u00fc i\u00e7in bu alan\u0131 ibadet i\u00e7in kullanamaz hale geldik. Cemaatimiz i\u00e7in ba\u015fka gidecek yerimiz yok, bu y\u00fczden kilisemizi kullan\u0131labilir duruma getirmeye \u00e7al\u0131\u015f\u0131yoruz. Haziran ay\u0131ndan itibaren y\u00f6netim kurulumuz ve Vak\u0131f ba\u015fkan\u0131m\u0131z ile \u00e7al\u0131\u015fmalar\u0131m\u0131z\u0131 s\u00fcrd\u00fcrd\u00fck. Devletimizin \u00f6ng\u00f6rd\u00fc\u011f\u00fc \u00e7al\u0131\u015fmalarla ilgili sunumlar\u0131m\u0131z\u0131 yapt\u0131k. \u015eu an \u00fc\u00e7 a\u015famal\u0131 bir plan\u0131m\u0131z var: projelendirme, mevcut durum ve restorasyon&#8221; diye konu\u015ftu. Tadilat ile ilgili s\u00fcrecin zorluklar\u0131na dikkat \u00e7eken Taba\u015fyan Hatay\u2019daki di\u011fer kiliselerin de ciddi destek ihtiyac\u0131 oldu\u011funu belirterek \u201cHatay\u2019\u0131n yeniden aya\u011fa kalkabilmesi i\u00e7in devlet b\u00fcy\u00fcklerinden daha h\u0131zl\u0131 ve etkili kararlar bekliyoruz. \u0130badethaneler, insanlar bir araya gelip dua edebilece\u011fi yerlerdir. Bu y\u00fczden Hatay\u2019daki ibadet yerlerinin a\u00e7\u0131lmas\u0131, insanlar\u0131n moral ve dayan\u0131\u015fma i\u00e7inde olmalar\u0131 i\u00e7in \u00e7ok \u00f6nemli. &hellip;\" \/>\n<meta property=\"og:url\" content=\"https:\/\/denizcankizil.tr\/de\/haberler\/gundem\/karasu-manuk-kilisesine-ciddi-destek-ihtiyaci-var\/\" \/>\n<meta property=\"og:site_name\" content=\"Av. Deniz Can K\u0131z\u0131l\" \/>\n<meta property=\"article:published_time\" content=\"2025-02-24T10:42:44+00:00\" \/>\n<meta name=\"author\" content=\"admin\" \/>\n<meta name=\"twitter:card\" content=\"summary_large_image\" \/>\n<meta name=\"twitter:label1\" content=\"Verfasst von\" \/>\n\t<meta name=\"twitter:data1\" content=\"admin\" \/>\n\t<meta name=\"twitter:label2\" content=\"Gesch\u00e4tzte Lesezeit\" \/>\n\t<meta name=\"twitter:data2\" content=\"2\u00a0Minuten\" \/>\n<script type=\"application\/ld+json\" class=\"yoast-schema-graph\">{\"@context\":\"https:\/\/schema.org\",\"@graph\":[{\"@type\":\"Article\",\"@id\":\"https:\/\/denizcankizil.tr\/de\/haberler\/gundem\/karasu-manuk-kilisesine-ciddi-destek-ihtiyaci-var\/#article\",\"isPartOf\":{\"@id\":\"https:\/\/denizcankizil.tr\/de\/haberler\/gundem\/karasu-manuk-kilisesine-ciddi-destek-ihtiyaci-var\/\"},\"author\":{\"name\":\"admin\",\"@id\":\"https:\/\/denizcankizil.tr\/#\/schema\/person\/be3c05fe6a12686905512445d8185489\"},\"headline\":\"&#8220;Karasu Manuk Kilisesine Ciddi Destek \u0130htiyac\u0131 Var&#8221;\",\"datePublished\":\"2025-02-24T10:42:44+00:00\",\"mainEntityOfPage\":{\"@id\":\"https:\/\/denizcankizil.tr\/de\/haberler\/gundem\/karasu-manuk-kilisesine-ciddi-destek-ihtiyaci-var\/\"},\"wordCount\":360,\"commentCount\":0,\"publisher\":{\"@id\":\"https:\/\/denizcankizil.tr\/#organization\"},\"articleSection\":[\"G\u00fcndem\"],\"inLanguage\":\"de\",\"potentialAction\":[{\"@type\":\"CommentAction\",\"name\":\"Comment\",\"target\":[\"https:\/\/denizcankizil.tr\/de\/haberler\/gundem\/karasu-manuk-kilisesine-ciddi-destek-ihtiyaci-var\/#respond\"]}]},{\"@type\":\"WebPage\",\"@id\":\"https:\/\/denizcankizil.tr\/de\/haberler\/gundem\/karasu-manuk-kilisesine-ciddi-destek-ihtiyaci-var\/\",\"url\":\"https:\/\/denizcankizil.tr\/de\/haberler\/gundem\/karasu-manuk-kilisesine-ciddi-destek-ihtiyaci-var\/\",\"name\":\"\\\"Karasu Manuk Kilisesine Ciddi Destek \u0130htiyac\u0131 Var\\\" - Av. Deniz Can K\u0131z\u0131l\",\"isPartOf\":{\"@id\":\"https:\/\/denizcankizil.tr\/#website\"},\"datePublished\":\"2025-02-24T10:42:44+00:00\",\"breadcrumb\":{\"@id\":\"https:\/\/denizcankizil.tr\/de\/haberler\/gundem\/karasu-manuk-kilisesine-ciddi-destek-ihtiyaci-var\/#breadcrumb\"},\"inLanguage\":\"de\",\"potentialAction\":[{\"@type\":\"ReadAction\",\"target\":[\"https:\/\/denizcankizil.tr\/de\/haberler\/gundem\/karasu-manuk-kilisesine-ciddi-destek-ihtiyaci-var\/\"]}]},{\"@type\":\"BreadcrumbList\",\"@id\":\"https:\/\/denizcankizil.tr\/de\/haberler\/gundem\/karasu-manuk-kilisesine-ciddi-destek-ihtiyaci-var\/#breadcrumb\",\"itemListElement\":[{\"@type\":\"ListItem\",\"position\":1,\"name\":\"Home\",\"item\":\"https:\/\/denizcankizil.tr\/de\/\"},{\"@type\":\"ListItem\",\"position\":2,\"name\":\"&#8220;Karasu Manuk Kilisesine Ciddi Destek \u0130htiyac\u0131 Var&#8221;\"}]},{\"@type\":\"WebSite\",\"@id\":\"https:\/\/denizcankizil.tr\/#website\",\"url\":\"https:\/\/denizcankizil.tr\/\",\"name\":\"Av. Deniz Can K\u0131z\u0131l\",\"description\":\"Avukat Deniz Can K\u0131z\u0131l Antalya Barosu\",\"publisher\":{\"@id\":\"https:\/\/denizcankizil.tr\/#organization\"},\"potentialAction\":[{\"@type\":\"SearchAction\",\"target\":{\"@type\":\"EntryPoint\",\"urlTemplate\":\"https:\/\/denizcankizil.tr\/?s={search_term_string}\"},\"query-input\":{\"@type\":\"PropertyValueSpecification\",\"valueRequired\":true,\"valueName\":\"search_term_string\"}}],\"inLanguage\":\"de\"},{\"@type\":\"Organization\",\"@id\":\"https:\/\/denizcankizil.tr\/#organization\",\"name\":\"Av. Deniz Can K\u0131z\u0131l\",\"url\":\"https:\/\/denizcankizil.tr\/\",\"logo\":{\"@type\":\"ImageObject\",\"inLanguage\":\"de\",\"@id\":\"https:\/\/denizcankizil.tr\/#\/schema\/logo\/image\/\",\"url\":\"https:\/\/denizcankizil.tr\/wp-content\/uploads\/2024\/10\/siyah-logo-svg.svg\",\"contentUrl\":\"https:\/\/denizcankizil.tr\/wp-content\/uploads\/2024\/10\/siyah-logo-svg.svg\",\"width\":1080,\"height\":1080,\"caption\":\"Av. Deniz Can K\u0131z\u0131l\"},\"image\":{\"@id\":\"https:\/\/denizcankizil.tr\/#\/schema\/logo\/image\/\"}},{\"@type\":\"Person\",\"@id\":\"https:\/\/denizcankizil.tr\/#\/schema\/person\/be3c05fe6a12686905512445d8185489\",\"name\":\"admin\",\"image\":{\"@type\":\"ImageObject\",\"inLanguage\":\"de\",\"@id\":\"https:\/\/denizcankizil.tr\/#\/schema\/person\/image\/\",\"url\":\"https:\/\/secure.gravatar.com\/avatar\/c1fce94c830dc79107e174f890d7210541c4a63e8e5d816341794a2151c9d58c?s=96&d=mm&r=g\",\"contentUrl\":\"https:\/\/secure.gravatar.com\/avatar\/c1fce94c830dc79107e174f890d7210541c4a63e8e5d816341794a2151c9d58c?s=96&d=mm&r=g\",\"caption\":\"admin\"},\"sameAs\":[\"http:\/\/denizcankizil.tr\"],\"url\":\"https:\/\/www.iskenderun.org\/karasu-manuk-kilisesine-ciddi-destek-ihtiyaci-var\"}]}<\/script>\n<!-- \/ Yoast SEO Premium plugin. -->","yoast_head_json":{"title":"\"Karasu Manuk Kilisesine Ciddi Destek \u0130htiyac\u0131 Var\" - Av. Deniz Can K\u0131z\u0131l","robots":{"index":"index","follow":"follow","max-snippet":"max-snippet:-1","max-image-preview":"max-image-preview:large","max-video-preview":"max-video-preview:-1"},"canonical":"https:\/\/denizcankizil.tr\/de\/haberler\/gundem\/karasu-manuk-kilisesine-ciddi-destek-ihtiyaci-var\/","og_locale":"de_DE","og_type":"article","og_title":"\"Karasu Manuk Kilisesine Ciddi Destek \u0130htiyac\u0131 Var\"","og_description":"1872 y\u0131l\u0131nda in\u015fa edilen ve \u0130stanbul Ermeni Patrikhanesi\u2019ne ba\u011fl\u0131 olan Karasu Manuk Kilisesi\u2019nin de 6 \u015eubat deprem felaketi sonras\u0131 hasar g\u00f6rd\u00fc\u011f\u00fcn\u00fc aktaran Kilise Pederi Taba\u015fyan, &#8220;Kilisemiz 1989 ve 2001 y\u0131llar\u0131nda kapsaml\u0131 restorasyonlar ge\u00e7irdi. Ancak, 6 \u015eubat ve 21 \u015eubat\u2019ta ya\u015fad\u0131\u011f\u0131m\u0131z b\u00fcy\u00fck depremlerle kilisemiz orta hasar ald\u0131. \u00d6zellikle \u00fc\u00e7 suna\u011f\u0131m\u0131zdan ikisi y\u0131k\u0131ld\u0131, biri ise a\u011f\u0131r hasar g\u00f6rd\u00fc&#8221; dedi. Depremin ard\u0131ndan \u0130skenderun\u2019daki bir\u00e7ok ibadethanenin hasar g\u00f6rd\u00fc\u011f\u00fcn\u00fc ve \u015fehirdeki mevcut durum hakk\u0131nda bilgi veren Taba\u015fyan &#8220;\u0130skenderun&#8217;da yakla\u015f\u0131k 5 faal kiliseden sadece bir tanesi \u015fu an hizmet veriyor. Di\u011fer kiliselerimizde salonlar mevcut, ancak bizim kilisemizin salonu da hasar g\u00f6rd\u00fc\u011f\u00fc i\u00e7in bu alan\u0131 ibadet i\u00e7in kullanamaz hale geldik. Cemaatimiz i\u00e7in ba\u015fka gidecek yerimiz yok, bu y\u00fczden kilisemizi kullan\u0131labilir duruma getirmeye \u00e7al\u0131\u015f\u0131yoruz. Haziran ay\u0131ndan itibaren y\u00f6netim kurulumuz ve Vak\u0131f ba\u015fkan\u0131m\u0131z ile \u00e7al\u0131\u015fmalar\u0131m\u0131z\u0131 s\u00fcrd\u00fcrd\u00fck. Devletimizin \u00f6ng\u00f6rd\u00fc\u011f\u00fc \u00e7al\u0131\u015fmalarla ilgili sunumlar\u0131m\u0131z\u0131 yapt\u0131k. \u015eu an \u00fc\u00e7 a\u015famal\u0131 bir plan\u0131m\u0131z var: projelendirme, mevcut durum ve restorasyon&#8221; diye konu\u015ftu. Tadilat ile ilgili s\u00fcrecin zorluklar\u0131na dikkat \u00e7eken Taba\u015fyan Hatay\u2019daki di\u011fer kiliselerin de ciddi destek ihtiyac\u0131 oldu\u011funu belirterek \u201cHatay\u2019\u0131n yeniden aya\u011fa kalkabilmesi i\u00e7in devlet b\u00fcy\u00fcklerinden daha h\u0131zl\u0131 ve etkili kararlar bekliyoruz. \u0130badethaneler, insanlar bir araya gelip dua edebilece\u011fi yerlerdir. Bu y\u00fczden Hatay\u2019daki ibadet yerlerinin a\u00e7\u0131lmas\u0131, insanlar\u0131n moral ve dayan\u0131\u015fma i\u00e7inde olmalar\u0131 i\u00e7in \u00e7ok \u00f6nemli. &hellip;","og_url":"https:\/\/denizcankizil.tr\/de\/haberler\/gundem\/karasu-manuk-kilisesine-ciddi-destek-ihtiyaci-var\/","og_site_name":"Av. Deniz Can K\u0131z\u0131l","article_published_time":"2025-02-24T10:42:44+00:00","author":"admin","twitter_card":"summary_large_image","twitter_misc":{"Verfasst von":"admin","Gesch\u00e4tzte Lesezeit":"2\u00a0Minuten"},"schema":{"@context":"https:\/\/schema.org","@graph":[{"@type":"Article","@id":"https:\/\/denizcankizil.tr\/de\/haberler\/gundem\/karasu-manuk-kilisesine-ciddi-destek-ihtiyaci-var\/#article","isPartOf":{"@id":"https:\/\/denizcankizil.tr\/de\/haberler\/gundem\/karasu-manuk-kilisesine-ciddi-destek-ihtiyaci-var\/"},"author":{"name":"admin","@id":"https:\/\/denizcankizil.tr\/#\/schema\/person\/be3c05fe6a12686905512445d8185489"},"headline":"&#8220;Karasu Manuk Kilisesine Ciddi Destek \u0130htiyac\u0131 Var&#8221;","datePublished":"2025-02-24T10:42:44+00:00","mainEntityOfPage":{"@id":"https:\/\/denizcankizil.tr\/de\/haberler\/gundem\/karasu-manuk-kilisesine-ciddi-destek-ihtiyaci-var\/"},"wordCount":360,"commentCount":0,"publisher":{"@id":"https:\/\/denizcankizil.tr\/#organization"},"articleSection":["G\u00fcndem"],"inLanguage":"de","potentialAction":[{"@type":"CommentAction","name":"Comment","target":["https:\/\/denizcankizil.tr\/de\/haberler\/gundem\/karasu-manuk-kilisesine-ciddi-destek-ihtiyaci-var\/#respond"]}]},{"@type":"WebPage","@id":"https:\/\/denizcankizil.tr\/de\/haberler\/gundem\/karasu-manuk-kilisesine-ciddi-destek-ihtiyaci-var\/","url":"https:\/\/denizcankizil.tr\/de\/haberler\/gundem\/karasu-manuk-kilisesine-ciddi-destek-ihtiyaci-var\/","name":"\"Karasu Manuk Kilisesine Ciddi Destek \u0130htiyac\u0131 Var\" - Av. Deniz Can K\u0131z\u0131l","isPartOf":{"@id":"https:\/\/denizcankizil.tr\/#website"},"datePublished":"2025-02-24T10:42:44+00:00","breadcrumb":{"@id":"https:\/\/denizcankizil.tr\/de\/haberler\/gundem\/karasu-manuk-kilisesine-ciddi-destek-ihtiyaci-var\/#breadcrumb"},"inLanguage":"de","potentialAction":[{"@type":"ReadAction","target":["https:\/\/denizcankizil.tr\/de\/haberler\/gundem\/karasu-manuk-kilisesine-ciddi-destek-ihtiyaci-var\/"]}]},{"@type":"BreadcrumbList","@id":"https:\/\/denizcankizil.tr\/de\/haberler\/gundem\/karasu-manuk-kilisesine-ciddi-destek-ihtiyaci-var\/#breadcrumb","itemListElement":[{"@type":"ListItem","position":1,"name":"Home","item":"https:\/\/denizcankizil.tr\/de\/"},{"@type":"ListItem","position":2,"name":"&#8220;Karasu Manuk Kilisesine Ciddi Destek \u0130htiyac\u0131 Var&#8221;"}]},{"@type":"WebSite","@id":"https:\/\/denizcankizil.tr\/#website","url":"https:\/\/denizcankizil.tr\/","name":"Av. Deniz Can K\u0131z\u0131l","description":"Avukat Deniz Can K\u0131z\u0131l Antalya Barosu","publisher":{"@id":"https:\/\/denizcankizil.tr\/#organization"},"potentialAction":[{"@type":"SearchAction","target":{"@type":"EntryPoint","urlTemplate":"https:\/\/denizcankizil.tr\/?s={search_term_string}"},"query-input":{"@type":"PropertyValueSpecification","valueRequired":true,"valueName":"search_term_string"}}],"inLanguage":"de"},{"@type":"Organization","@id":"https:\/\/denizcankizil.tr\/#organization","name":"Av. Deniz Can K\u0131z\u0131l","url":"https:\/\/denizcankizil.tr\/","logo":{"@type":"ImageObject","inLanguage":"de","@id":"https:\/\/denizcankizil.tr\/#\/schema\/logo\/image\/","url":"https:\/\/denizcankizil.tr\/wp-content\/uploads\/2024\/10\/siyah-logo-svg.svg","contentUrl":"https:\/\/denizcankizil.tr\/wp-content\/uploads\/2024\/10\/siyah-logo-svg.svg","width":1080,"height":1080,"caption":"Av. Deniz Can K\u0131z\u0131l"},"image":{"@id":"https:\/\/denizcankizil.tr\/#\/schema\/logo\/image\/"}},{"@type":"Person","@id":"https:\/\/denizcankizil.tr\/#\/schema\/person\/be3c05fe6a12686905512445d8185489","name":"Administrator","image":{"@type":"ImageObject","inLanguage":"de","@id":"https:\/\/denizcankizil.tr\/#\/schema\/person\/image\/","url":"https:\/\/secure.gravatar.com\/avatar\/c1fce94c830dc79107e174f890d7210541c4a63e8e5d816341794a2151c9d58c?s=96&d=mm&r=g","contentUrl":"https:\/\/secure.gravatar.com\/avatar\/c1fce94c830dc79107e174f890d7210541c4a63e8e5d816341794a2151c9d58c?s=96&d=mm&r=g","caption":"admin"},"sameAs":["http:\/\/denizcankizil.tr"],"url":"https:\/\/www.iskenderun.org\/karasu-manuk-kilisesine-ciddi-destek-ihtiyaci-var"}]}},"_links":{"self":[{"href":"https:\/\/denizcankizil.tr\/de\/wp-json\/wp\/v2\/posts\/33983","targetHints":{"allow":["GET"]}}],"collection":[{"href":"https:\/\/denizcankizil.tr\/de\/wp-json\/wp\/v2\/posts"}],"about":[{"href":"https:\/\/denizcankizil.tr\/de\/wp-json\/wp\/v2\/types\/post"}],"author":[{"embeddable":true,"href":"https:\/\/denizcankizil.tr\/de\/wp-json\/wp\/v2\/users\/1"}],"replies":[{"embeddable":true,"href":"https:\/\/denizcankizil.tr\/de\/wp-json\/wp\/v2\/comments?post=33983"}],"version-history":[{"count":0,"href":"https:\/\/denizcankizil.tr\/de\/wp-json\/wp\/v2\/posts\/33983\/revisions"}],"wp:attachment":[{"href":"https:\/\/denizcankizil.tr\/de\/wp-json\/wp\/v2\/media?parent=33983"}],"wp:term":[{"taxonomy":"category","embeddable":true,"href":"https:\/\/denizcankizil.tr\/de\/wp-json\/wp\/v2\/categories?post=33983"},{"taxonomy":"post_tag","embeddable":true,"href":"https:\/\/denizcankizil.tr\/de\/wp-json\/wp\/v2\/tags?post=33983"}],"curies":[{"name":"wp","href":"https:\/\/api.w.org\/{rel}","templated":true}]}}