{"id":33980,"date":"2025-02-24T13:42:24","date_gmt":"2025-02-24T10:42:24","guid":{"rendered":"https:\/\/denizcankizil.tr\/uncategorized-tr\/baskan-kocagoz-yoruk-bulusmasinda\/"},"modified":"2025-02-24T13:42:24","modified_gmt":"2025-02-24T10:42:24","slug":"baskan-kocagoz-yoruk-bulusmasinda","status":"publish","type":"post","link":"https:\/\/denizcankizil.tr\/de\/haberler\/antalya\/baskan-kocagoz-yoruk-bulusmasinda\/","title":{"rendered":"Ba\u015fkan Kocag\u00f6z Y\u00f6r\u00fck bulu\u015fmas\u0131nda"},"content":{"rendered":"<p>Kepez&#8217;de Y\u00f6r\u00fck beyleri ota\u011f\u0131 etraf\u0131nda bulu\u015ftu. Antalya Y\u00f6r\u00fck T\u00fcrkmen Gen\u00e7li\u011fi Derne\u011fi taraf\u0131ndan d\u00fczenlenen 2. Y\u00f6r\u00fck Ya\u015fam K\u00fclt\u00fcr\u00fc Bulu\u015fmas\u0131, Kepez&#8217;de b\u00fcy\u00fck bir co\u015fku ile ger\u00e7ekle\u015ftirildi. Bir\u00e7ok Y\u00f6r\u00fck boyunun bir araya geldi\u011fi etkinlikte, kadim Y\u00f6r\u00fck k\u00fclt\u00fcr\u00fc yeniden ya\u015fat\u0131ld\u0131. Bulu\u015fma, Antalya Y\u00f6r\u00fck T\u00fcrkmen Gen\u00e7li\u011fi Derne\u011fi Ba\u015fkan\u0131 \u00d6mer K\u00f6ro\u011flu&#8217;nun ev sahipli\u011finde Varsak&#8217;ta ger\u00e7ekle\u015ftirildi. Y\u00f6r\u00fck beylerinin ota\u011f\u0131 etraf\u0131nda bir araya geldi\u011fi etkinli\u011fe kat\u0131lan Kepez Belediye Ba\u015fkan\u0131 Mesut Kocag\u00f6z, Y\u00f6r\u00fck gelenekleri ve ya\u015fam tarz\u0131n\u0131n anlat\u0131ld\u0131\u011f\u0131 ho\u015f sohbetlere ortak oldu.<\/p>\n<p>&#8220;Y\u00f6r\u00fckl\u00fck yi\u011fitlik demektir&#8221;<br \/>\nBa\u015fkan Kocag\u00f6z, yapt\u0131\u011f\u0131 konu\u015fmada &#8220;Y\u00f6r\u00fck demek yi\u011fitlik demektir. Ger\u00e7ekten Y\u00f6r\u00fcklerin oldu\u011fu yerde bu bayrak her zaman dalgalan\u0131r. Bug\u00fcn herkes Y\u00f6r\u00fck olmak istiyor. Bu da y\u00f6r\u00fckl\u00fc\u011f\u00fcn ne kadar y\u00fcce oldu\u011funu g\u00f6steriyor. Organizasyona eme\u011fi ge\u00e7en herkesi kutluyorum. Bu t\u00fcr etkinlikler, nesillerimizin Y\u00f6r\u00fck k\u00fclt\u00fcr\u00fcn\u00fcn fark\u0131nda olmas\u0131n\u0131 ve bu k\u00fclt\u00fcr\u00fc unutmayarak gelecek ku\u015faklara aktarmas\u0131n\u0131 sa\u011fl\u0131yor&#8221; dedi. Y\u00f6r\u00fck k\u00fclt\u00fcr\u00fcn\u00fcn Antalya&#8217;n\u0131n en k\u00f6kl\u00fc geleneklerinden biri oldu\u011funa vurgu yapan Ba\u015fkan Kocag\u00f6z, &#8220;Bu topraklar\u0131n en kadim gelene\u011fi olan Y\u00f6r\u00fck k\u00fclt\u00fcr\u00fcn\u00fc unutmayarak, gelecek nesillere aktarmak en b\u00fcy\u00fck g\u00f6revimizdir. Kepez Belediyesi ve \u015fahs\u0131m olarak her zaman yan\u0131n\u0131zda olaca\u011f\u0131z&#8221; diye konu\u015ftu.<br \/>\nKonu\u015fmalar\u0131n ard\u0131ndan, b\u00f6lgede yeti\u015ftirilen Honaml\u0131 ke\u00e7ilerinden yap\u0131lan geleneksel Y\u00f6r\u00fck kavurmas\u0131 misafirlere ikram edildi. Y\u00f6r\u00fck Bulu\u015fmas\u0131na Konyaalt\u0131 Belediye Ba\u015fkan\u0131 Cem Kotan, Antalya Y\u00f6r\u00fck \u0130l Hatunu Sibel Gezen, Kepez Belediyesi meclis \u00fcyeleri, muhtarlar ve \u00e7ok say\u0131da vatanda\u015f kat\u0131ld\u0131.<\/p>\n<p>Kaynak: www.kanalv.com.tr Haber Sitesinden Al\u0131nm\u0131\u015ft\u0131r.<\/p>","protected":false},"excerpt":{"rendered":"<p>Kepez&#8217;de Y\u00f6r\u00fck beyleri ota\u011f\u0131 etraf\u0131nda bulu\u015ftu. Antalya Y\u00f6r\u00fck T\u00fcrkmen Gen\u00e7li\u011fi Derne\u011fi taraf\u0131ndan d\u00fczenlenen 2. Y\u00f6r\u00fck Ya\u015fam K\u00fclt\u00fcr\u00fc Bulu\u015fmas\u0131, Kepez&#8217;de b\u00fcy\u00fck bir co\u015fku ile ger\u00e7ekle\u015ftirildi. Bir\u00e7ok Y\u00f6r\u00fck boyunun bir araya geldi\u011fi etkinlikte, kadim Y\u00f6r\u00fck k\u00fclt\u00fcr\u00fc yeniden ya\u015fat\u0131ld\u0131. Bulu\u015fma, Antalya Y\u00f6r\u00fck T\u00fcrkmen Gen\u00e7li\u011fi Derne\u011fi Ba\u015fkan\u0131 \u00d6mer K\u00f6ro\u011flu&#8217;nun ev sahipli\u011finde Varsak&#8217;ta ger\u00e7ekle\u015ftirildi. Y\u00f6r\u00fck beylerinin ota\u011f\u0131 etraf\u0131nda bir araya geldi\u011fi etkinli\u011fe kat\u0131lan Kepez Belediye Ba\u015fkan\u0131 Mesut Kocag\u00f6z, Y\u00f6r\u00fck gelenekleri ve ya\u015fam tarz\u0131n\u0131n anlat\u0131ld\u0131\u011f\u0131 ho\u015f sohbetlere ortak oldu. &#8220;Y\u00f6r\u00fckl\u00fck yi\u011fitlik demektir&#8221; Ba\u015fkan Kocag\u00f6z, yapt\u0131\u011f\u0131 konu\u015fmada &#8220;Y\u00f6r\u00fck demek yi\u011fitlik demektir. Ger\u00e7ekten Y\u00f6r\u00fcklerin oldu\u011fu yerde bu bayrak her zaman dalgalan\u0131r. Bug\u00fcn herkes Y\u00f6r\u00fck olmak istiyor. Bu da y\u00f6r\u00fckl\u00fc\u011f\u00fcn ne kadar y\u00fcce oldu\u011funu g\u00f6steriyor. Organizasyona eme\u011fi ge\u00e7en herkesi kutluyorum. Bu t\u00fcr etkinlikler, nesillerimizin Y\u00f6r\u00fck k\u00fclt\u00fcr\u00fcn\u00fcn fark\u0131nda olmas\u0131n\u0131 ve bu k\u00fclt\u00fcr\u00fc unutmayarak gelecek ku\u015faklara aktarmas\u0131n\u0131 sa\u011fl\u0131yor&#8221; dedi. Y\u00f6r\u00fck k\u00fclt\u00fcr\u00fcn\u00fcn Antalya&#8217;n\u0131n en k\u00f6kl\u00fc geleneklerinden biri oldu\u011funa vurgu yapan Ba\u015fkan Kocag\u00f6z, &#8220;Bu topraklar\u0131n en kadim gelene\u011fi olan Y\u00f6r\u00fck k\u00fclt\u00fcr\u00fcn\u00fc unutmayarak, gelecek nesillere aktarmak en b\u00fcy\u00fck g\u00f6revimizdir. Kepez Belediyesi ve \u015fahs\u0131m olarak her zaman yan\u0131n\u0131zda olaca\u011f\u0131z&#8221; diye konu\u015ftu. Konu\u015fmalar\u0131n ard\u0131ndan, b\u00f6lgede yeti\u015ftirilen Honaml\u0131 ke\u00e7ilerinden yap\u0131lan geleneksel Y\u00f6r\u00fck kavurmas\u0131 misafirlere ikram edildi. Y\u00f6r\u00fck Bulu\u015fmas\u0131na Konyaalt\u0131 Belediye Ba\u015fkan\u0131 Cem Kotan, Antalya Y\u00f6r\u00fck \u0130l Hatunu Sibel Gezen, Kepez Belediyesi meclis \u00fcyeleri, muhtarlar ve \u00e7ok say\u0131da &hellip;<\/p>","protected":false},"author":4,"featured_media":33981,"comment_status":"open","ping_status":"open","sticky":false,"template":"","format":"standard","meta":{"_acf_changed":false,"footnotes":""},"categories":[26],"tags":[],"class_list":["post-33980","post","type-post","status-publish","format-standard","has-post-thumbnail","hentry","category-antalya"],"acf":[],"yoast_head":"<!-- This site is optimized with the Yoast SEO Premium plugin v26.6 (Yoast SEO v27.1.1) - https:\/\/yoast.com\/product\/yoast-seo-premium-wordpress\/ -->\n<title>Ba\u015fkan Kocag\u00f6z Y\u00f6r\u00fck bulu\u015fmas\u0131nda - Av. Deniz Can K\u0131z\u0131l<\/title>\n<meta name=\"robots\" content=\"index, follow, max-snippet:-1, max-image-preview:large, max-video-preview:-1\" \/>\n<link rel=\"canonical\" href=\"https:\/\/denizcankizil.tr\/de\/haberler\/antalya\/baskan-kocagoz-yoruk-bulusmasinda\/\" \/>\n<meta property=\"og:locale\" content=\"de_DE\" \/>\n<meta property=\"og:type\" content=\"article\" \/>\n<meta property=\"og:title\" content=\"Ba\u015fkan Kocag\u00f6z Y\u00f6r\u00fck bulu\u015fmas\u0131nda\" \/>\n<meta property=\"og:description\" content=\"Kepez&#8217;de Y\u00f6r\u00fck beyleri ota\u011f\u0131 etraf\u0131nda bulu\u015ftu. Antalya Y\u00f6r\u00fck T\u00fcrkmen Gen\u00e7li\u011fi Derne\u011fi taraf\u0131ndan d\u00fczenlenen 2. Y\u00f6r\u00fck Ya\u015fam K\u00fclt\u00fcr\u00fc Bulu\u015fmas\u0131, Kepez&#8217;de b\u00fcy\u00fck bir co\u015fku ile ger\u00e7ekle\u015ftirildi. Bir\u00e7ok Y\u00f6r\u00fck boyunun bir araya geldi\u011fi etkinlikte, kadim Y\u00f6r\u00fck k\u00fclt\u00fcr\u00fc yeniden ya\u015fat\u0131ld\u0131. Bulu\u015fma, Antalya Y\u00f6r\u00fck T\u00fcrkmen Gen\u00e7li\u011fi Derne\u011fi Ba\u015fkan\u0131 \u00d6mer K\u00f6ro\u011flu&#8217;nun ev sahipli\u011finde Varsak&#8217;ta ger\u00e7ekle\u015ftirildi. Y\u00f6r\u00fck beylerinin ota\u011f\u0131 etraf\u0131nda bir araya geldi\u011fi etkinli\u011fe kat\u0131lan Kepez Belediye Ba\u015fkan\u0131 Mesut Kocag\u00f6z, Y\u00f6r\u00fck gelenekleri ve ya\u015fam tarz\u0131n\u0131n anlat\u0131ld\u0131\u011f\u0131 ho\u015f sohbetlere ortak oldu. &#8220;Y\u00f6r\u00fckl\u00fck yi\u011fitlik demektir&#8221; Ba\u015fkan Kocag\u00f6z, yapt\u0131\u011f\u0131 konu\u015fmada &#8220;Y\u00f6r\u00fck demek yi\u011fitlik demektir. Ger\u00e7ekten Y\u00f6r\u00fcklerin oldu\u011fu yerde bu bayrak her zaman dalgalan\u0131r. Bug\u00fcn herkes Y\u00f6r\u00fck olmak istiyor. Bu da y\u00f6r\u00fckl\u00fc\u011f\u00fcn ne kadar y\u00fcce oldu\u011funu g\u00f6steriyor. Organizasyona eme\u011fi ge\u00e7en herkesi kutluyorum. Bu t\u00fcr etkinlikler, nesillerimizin Y\u00f6r\u00fck k\u00fclt\u00fcr\u00fcn\u00fcn fark\u0131nda olmas\u0131n\u0131 ve bu k\u00fclt\u00fcr\u00fc unutmayarak gelecek ku\u015faklara aktarmas\u0131n\u0131 sa\u011fl\u0131yor&#8221; dedi. Y\u00f6r\u00fck k\u00fclt\u00fcr\u00fcn\u00fcn Antalya&#8217;n\u0131n en k\u00f6kl\u00fc geleneklerinden biri oldu\u011funa vurgu yapan Ba\u015fkan Kocag\u00f6z, &#8220;Bu topraklar\u0131n en kadim gelene\u011fi olan Y\u00f6r\u00fck k\u00fclt\u00fcr\u00fcn\u00fc unutmayarak, gelecek nesillere aktarmak en b\u00fcy\u00fck g\u00f6revimizdir. Kepez Belediyesi ve \u015fahs\u0131m olarak her zaman yan\u0131n\u0131zda olaca\u011f\u0131z&#8221; diye konu\u015ftu. Konu\u015fmalar\u0131n ard\u0131ndan, b\u00f6lgede yeti\u015ftirilen Honaml\u0131 ke\u00e7ilerinden yap\u0131lan geleneksel Y\u00f6r\u00fck kavurmas\u0131 misafirlere ikram edildi. Y\u00f6r\u00fck Bulu\u015fmas\u0131na Konyaalt\u0131 Belediye Ba\u015fkan\u0131 Cem Kotan, Antalya Y\u00f6r\u00fck \u0130l Hatunu Sibel Gezen, Kepez Belediyesi meclis \u00fcyeleri, muhtarlar ve \u00e7ok say\u0131da &hellip;\" \/>\n<meta property=\"og:url\" content=\"https:\/\/denizcankizil.tr\/de\/haberler\/antalya\/baskan-kocagoz-yoruk-bulusmasinda\/\" \/>\n<meta property=\"og:site_name\" content=\"Av. Deniz Can K\u0131z\u0131l\" \/>\n<meta property=\"article:published_time\" content=\"2025-02-24T10:42:24+00:00\" \/>\n<meta property=\"og:image\" content=\"https:\/\/denizcankizil.tr\/wp-content\/uploads\/2025\/02\/5139-01-kixOkV.jpeg\" \/>\n\t<meta property=\"og:image:width\" content=\"1280\" \/>\n\t<meta property=\"og:image:height\" content=\"720\" \/>\n\t<meta property=\"og:image:type\" content=\"image\/jpeg\" \/>\n<meta name=\"author\" content=\"Av. Deniz Can K\u0131z\u0131l\" \/>\n<meta name=\"twitter:card\" content=\"summary_large_image\" \/>\n<meta name=\"twitter:label1\" content=\"Verfasst von\" \/>\n\t<meta name=\"twitter:data1\" content=\"Av. Deniz Can K\u0131z\u0131l\" \/>\n\t<meta name=\"twitter:label2\" content=\"Gesch\u00e4tzte Lesezeit\" \/>\n\t<meta name=\"twitter:data2\" content=\"2\u00a0Minuten\" \/>\n<script type=\"application\/ld+json\" class=\"yoast-schema-graph\">{\"@context\":\"https:\/\/schema.org\",\"@graph\":[{\"@type\":\"Article\",\"@id\":\"https:\/\/denizcankizil.tr\/de\/haberler\/antalya\/baskan-kocagoz-yoruk-bulusmasinda\/#article\",\"isPartOf\":{\"@id\":\"https:\/\/denizcankizil.tr\/de\/haberler\/antalya\/baskan-kocagoz-yoruk-bulusmasinda\/\"},\"author\":{\"name\":\"Av. Deniz Can K\u0131z\u0131l\",\"@id\":\"https:\/\/denizcankizil.tr\/de\/#\/schema\/person\/5dc1b22991bd7ac833867c10afc9b0ff\"},\"headline\":\"Ba\u015fkan Kocag\u00f6z Y\u00f6r\u00fck bulu\u015fmas\u0131nda\",\"datePublished\":\"2025-02-24T10:42:24+00:00\",\"mainEntityOfPage\":{\"@id\":\"https:\/\/denizcankizil.tr\/de\/haberler\/antalya\/baskan-kocagoz-yoruk-bulusmasinda\/\"},\"wordCount\":372,\"commentCount\":0,\"publisher\":{\"@id\":\"https:\/\/denizcankizil.tr\/de\/#organization\"},\"image\":{\"@id\":\"https:\/\/denizcankizil.tr\/de\/haberler\/antalya\/baskan-kocagoz-yoruk-bulusmasinda\/#primaryimage\"},\"thumbnailUrl\":\"https:\/\/denizcankizil.tr\/wp-content\/uploads\/2025\/02\/5139-01-kixOkV.jpeg\",\"articleSection\":[\"Antalya\"],\"inLanguage\":\"de\",\"potentialAction\":[{\"@type\":\"CommentAction\",\"name\":\"Comment\",\"target\":[\"https:\/\/denizcankizil.tr\/de\/haberler\/antalya\/baskan-kocagoz-yoruk-bulusmasinda\/#respond\"]}]},{\"@type\":\"WebPage\",\"@id\":\"https:\/\/denizcankizil.tr\/de\/haberler\/antalya\/baskan-kocagoz-yoruk-bulusmasinda\/\",\"url\":\"https:\/\/denizcankizil.tr\/de\/haberler\/antalya\/baskan-kocagoz-yoruk-bulusmasinda\/\",\"name\":\"Ba\u015fkan Kocag\u00f6z Y\u00f6r\u00fck bulu\u015fmas\u0131nda - Av. Deniz Can K\u0131z\u0131l\",\"isPartOf\":{\"@id\":\"https:\/\/denizcankizil.tr\/de\/#website\"},\"primaryImageOfPage\":{\"@id\":\"https:\/\/denizcankizil.tr\/de\/haberler\/antalya\/baskan-kocagoz-yoruk-bulusmasinda\/#primaryimage\"},\"image\":{\"@id\":\"https:\/\/denizcankizil.tr\/de\/haberler\/antalya\/baskan-kocagoz-yoruk-bulusmasinda\/#primaryimage\"},\"thumbnailUrl\":\"https:\/\/denizcankizil.tr\/wp-content\/uploads\/2025\/02\/5139-01-kixOkV.jpeg\",\"datePublished\":\"2025-02-24T10:42:24+00:00\",\"breadcrumb\":{\"@id\":\"https:\/\/denizcankizil.tr\/de\/haberler\/antalya\/baskan-kocagoz-yoruk-bulusmasinda\/#breadcrumb\"},\"inLanguage\":\"de\",\"potentialAction\":[{\"@type\":\"ReadAction\",\"target\":[\"https:\/\/denizcankizil.tr\/de\/haberler\/antalya\/baskan-kocagoz-yoruk-bulusmasinda\/\"]}]},{\"@type\":\"ImageObject\",\"inLanguage\":\"de\",\"@id\":\"https:\/\/denizcankizil.tr\/de\/haberler\/antalya\/baskan-kocagoz-yoruk-bulusmasinda\/#primaryimage\",\"url\":\"https:\/\/denizcankizil.tr\/wp-content\/uploads\/2025\/02\/5139-01-kixOkV.jpeg\",\"contentUrl\":\"https:\/\/denizcankizil.tr\/wp-content\/uploads\/2025\/02\/5139-01-kixOkV.jpeg\",\"width\":1280,\"height\":720},{\"@type\":\"BreadcrumbList\",\"@id\":\"https:\/\/denizcankizil.tr\/de\/haberler\/antalya\/baskan-kocagoz-yoruk-bulusmasinda\/#breadcrumb\",\"itemListElement\":[{\"@type\":\"ListItem\",\"position\":1,\"name\":\"Home\",\"item\":\"https:\/\/denizcankizil.tr\/de\/\"},{\"@type\":\"ListItem\",\"position\":2,\"name\":\"Ba\u015fkan Kocag\u00f6z Y\u00f6r\u00fck bulu\u015fmas\u0131nda\"}]},{\"@type\":\"WebSite\",\"@id\":\"https:\/\/denizcankizil.tr\/de\/#website\",\"url\":\"https:\/\/denizcankizil.tr\/de\/\",\"name\":\"Av. Deniz Can K\u0131z\u0131l\",\"description\":\"Avukat Deniz Can K\u0131z\u0131l Antalya Barosu\",\"publisher\":{\"@id\":\"https:\/\/denizcankizil.tr\/de\/#organization\"},\"potentialAction\":[{\"@type\":\"SearchAction\",\"target\":{\"@type\":\"EntryPoint\",\"urlTemplate\":\"https:\/\/denizcankizil.tr\/de\/?s={search_term_string}\"},\"query-input\":{\"@type\":\"PropertyValueSpecification\",\"valueRequired\":true,\"valueName\":\"search_term_string\"}}],\"inLanguage\":\"de\"},{\"@type\":\"Organization\",\"@id\":\"https:\/\/denizcankizil.tr\/de\/#organization\",\"name\":\"Av. Deniz Can K\u0131z\u0131l\",\"url\":\"https:\/\/denizcankizil.tr\/de\/\",\"logo\":{\"@type\":\"ImageObject\",\"inLanguage\":\"de\",\"@id\":\"https:\/\/denizcankizil.tr\/de\/#\/schema\/logo\/image\/\",\"url\":\"https:\/\/denizcankizil.tr\/wp-content\/uploads\/2024\/10\/siyah-logo-svg.svg\",\"contentUrl\":\"https:\/\/denizcankizil.tr\/wp-content\/uploads\/2024\/10\/siyah-logo-svg.svg\",\"width\":1080,\"height\":1080,\"caption\":\"Av. Deniz Can K\u0131z\u0131l\"},\"image\":{\"@id\":\"https:\/\/denizcankizil.tr\/de\/#\/schema\/logo\/image\/\"}},{\"@type\":\"Person\",\"@id\":\"https:\/\/denizcankizil.tr\/de\/#\/schema\/person\/5dc1b22991bd7ac833867c10afc9b0ff\",\"name\":\"Av. Deniz Can K\u0131z\u0131l\",\"image\":{\"@type\":\"ImageObject\",\"inLanguage\":\"de\",\"@id\":\"https:\/\/denizcankizil.tr\/de\/#\/schema\/person\/image\/\",\"url\":\"https:\/\/secure.gravatar.com\/avatar\/a0b128fb9855c79efc976d5640eedb31dc35ec297594d6016d2cf7c60e975bb6?s=96&d=mm&r=g\",\"contentUrl\":\"https:\/\/secure.gravatar.com\/avatar\/a0b128fb9855c79efc976d5640eedb31dc35ec297594d6016d2cf7c60e975bb6?s=96&d=mm&r=g\",\"caption\":\"Av. Deniz Can K\u0131z\u0131l\"},\"sameAs\":[\"http:\/\/www.denizcankizil.tr\"],\"url\":\"https:\/\/denizcankizil.tr\/de\/author\/denizcankizil\/\"}]}<\/script>\n<!-- \/ Yoast SEO Premium plugin. -->","yoast_head_json":{"title":"Ba\u015fkan Kocag\u00f6z Y\u00f6r\u00fck bulu\u015fmas\u0131nda - Av. Deniz Can K\u0131z\u0131l","robots":{"index":"index","follow":"follow","max-snippet":"max-snippet:-1","max-image-preview":"max-image-preview:large","max-video-preview":"max-video-preview:-1"},"canonical":"https:\/\/denizcankizil.tr\/de\/haberler\/antalya\/baskan-kocagoz-yoruk-bulusmasinda\/","og_locale":"de_DE","og_type":"article","og_title":"Ba\u015fkan Kocag\u00f6z Y\u00f6r\u00fck bulu\u015fmas\u0131nda","og_description":"Kepez&#8217;de Y\u00f6r\u00fck beyleri ota\u011f\u0131 etraf\u0131nda bulu\u015ftu. Antalya Y\u00f6r\u00fck T\u00fcrkmen Gen\u00e7li\u011fi Derne\u011fi taraf\u0131ndan d\u00fczenlenen 2. Y\u00f6r\u00fck Ya\u015fam K\u00fclt\u00fcr\u00fc Bulu\u015fmas\u0131, Kepez&#8217;de b\u00fcy\u00fck bir co\u015fku ile ger\u00e7ekle\u015ftirildi. Bir\u00e7ok Y\u00f6r\u00fck boyunun bir araya geldi\u011fi etkinlikte, kadim Y\u00f6r\u00fck k\u00fclt\u00fcr\u00fc yeniden ya\u015fat\u0131ld\u0131. Bulu\u015fma, Antalya Y\u00f6r\u00fck T\u00fcrkmen Gen\u00e7li\u011fi Derne\u011fi Ba\u015fkan\u0131 \u00d6mer K\u00f6ro\u011flu&#8217;nun ev sahipli\u011finde Varsak&#8217;ta ger\u00e7ekle\u015ftirildi. Y\u00f6r\u00fck beylerinin ota\u011f\u0131 etraf\u0131nda bir araya geldi\u011fi etkinli\u011fe kat\u0131lan Kepez Belediye Ba\u015fkan\u0131 Mesut Kocag\u00f6z, Y\u00f6r\u00fck gelenekleri ve ya\u015fam tarz\u0131n\u0131n anlat\u0131ld\u0131\u011f\u0131 ho\u015f sohbetlere ortak oldu. &#8220;Y\u00f6r\u00fckl\u00fck yi\u011fitlik demektir&#8221; Ba\u015fkan Kocag\u00f6z, yapt\u0131\u011f\u0131 konu\u015fmada &#8220;Y\u00f6r\u00fck demek yi\u011fitlik demektir. Ger\u00e7ekten Y\u00f6r\u00fcklerin oldu\u011fu yerde bu bayrak her zaman dalgalan\u0131r. Bug\u00fcn herkes Y\u00f6r\u00fck olmak istiyor. Bu da y\u00f6r\u00fckl\u00fc\u011f\u00fcn ne kadar y\u00fcce oldu\u011funu g\u00f6steriyor. Organizasyona eme\u011fi ge\u00e7en herkesi kutluyorum. Bu t\u00fcr etkinlikler, nesillerimizin Y\u00f6r\u00fck k\u00fclt\u00fcr\u00fcn\u00fcn fark\u0131nda olmas\u0131n\u0131 ve bu k\u00fclt\u00fcr\u00fc unutmayarak gelecek ku\u015faklara aktarmas\u0131n\u0131 sa\u011fl\u0131yor&#8221; dedi. Y\u00f6r\u00fck k\u00fclt\u00fcr\u00fcn\u00fcn Antalya&#8217;n\u0131n en k\u00f6kl\u00fc geleneklerinden biri oldu\u011funa vurgu yapan Ba\u015fkan Kocag\u00f6z, &#8220;Bu topraklar\u0131n en kadim gelene\u011fi olan Y\u00f6r\u00fck k\u00fclt\u00fcr\u00fcn\u00fc unutmayarak, gelecek nesillere aktarmak en b\u00fcy\u00fck g\u00f6revimizdir. Kepez Belediyesi ve \u015fahs\u0131m olarak her zaman yan\u0131n\u0131zda olaca\u011f\u0131z&#8221; diye konu\u015ftu. Konu\u015fmalar\u0131n ard\u0131ndan, b\u00f6lgede yeti\u015ftirilen Honaml\u0131 ke\u00e7ilerinden yap\u0131lan geleneksel Y\u00f6r\u00fck kavurmas\u0131 misafirlere ikram edildi. Y\u00f6r\u00fck Bulu\u015fmas\u0131na Konyaalt\u0131 Belediye Ba\u015fkan\u0131 Cem Kotan, Antalya Y\u00f6r\u00fck \u0130l Hatunu Sibel Gezen, Kepez Belediyesi meclis \u00fcyeleri, muhtarlar ve \u00e7ok say\u0131da &hellip;","og_url":"https:\/\/denizcankizil.tr\/de\/haberler\/antalya\/baskan-kocagoz-yoruk-bulusmasinda\/","og_site_name":"Av. Deniz Can K\u0131z\u0131l","article_published_time":"2025-02-24T10:42:24+00:00","og_image":[{"width":1280,"height":720,"url":"https:\/\/denizcankizil.tr\/wp-content\/uploads\/2025\/02\/5139-01-kixOkV.jpeg","type":"image\/jpeg"}],"author":"Av. Deniz Can K\u0131z\u0131l","twitter_card":"summary_large_image","twitter_misc":{"Verfasst von":"Av. Deniz Can K\u0131z\u0131l","Gesch\u00e4tzte Lesezeit":"2\u00a0Minuten"},"schema":{"@context":"https:\/\/schema.org","@graph":[{"@type":"Article","@id":"https:\/\/denizcankizil.tr\/de\/haberler\/antalya\/baskan-kocagoz-yoruk-bulusmasinda\/#article","isPartOf":{"@id":"https:\/\/denizcankizil.tr\/de\/haberler\/antalya\/baskan-kocagoz-yoruk-bulusmasinda\/"},"author":{"name":"Av. Deniz Can K\u0131z\u0131l","@id":"https:\/\/denizcankizil.tr\/de\/#\/schema\/person\/5dc1b22991bd7ac833867c10afc9b0ff"},"headline":"Ba\u015fkan Kocag\u00f6z Y\u00f6r\u00fck bulu\u015fmas\u0131nda","datePublished":"2025-02-24T10:42:24+00:00","mainEntityOfPage":{"@id":"https:\/\/denizcankizil.tr\/de\/haberler\/antalya\/baskan-kocagoz-yoruk-bulusmasinda\/"},"wordCount":372,"commentCount":0,"publisher":{"@id":"https:\/\/denizcankizil.tr\/de\/#organization"},"image":{"@id":"https:\/\/denizcankizil.tr\/de\/haberler\/antalya\/baskan-kocagoz-yoruk-bulusmasinda\/#primaryimage"},"thumbnailUrl":"https:\/\/denizcankizil.tr\/wp-content\/uploads\/2025\/02\/5139-01-kixOkV.jpeg","articleSection":["Antalya"],"inLanguage":"de","potentialAction":[{"@type":"CommentAction","name":"Comment","target":["https:\/\/denizcankizil.tr\/de\/haberler\/antalya\/baskan-kocagoz-yoruk-bulusmasinda\/#respond"]}]},{"@type":"WebPage","@id":"https:\/\/denizcankizil.tr\/de\/haberler\/antalya\/baskan-kocagoz-yoruk-bulusmasinda\/","url":"https:\/\/denizcankizil.tr\/de\/haberler\/antalya\/baskan-kocagoz-yoruk-bulusmasinda\/","name":"Ba\u015fkan Kocag\u00f6z Y\u00f6r\u00fck bulu\u015fmas\u0131nda - Av. Deniz Can K\u0131z\u0131l","isPartOf":{"@id":"https:\/\/denizcankizil.tr\/de\/#website"},"primaryImageOfPage":{"@id":"https:\/\/denizcankizil.tr\/de\/haberler\/antalya\/baskan-kocagoz-yoruk-bulusmasinda\/#primaryimage"},"image":{"@id":"https:\/\/denizcankizil.tr\/de\/haberler\/antalya\/baskan-kocagoz-yoruk-bulusmasinda\/#primaryimage"},"thumbnailUrl":"https:\/\/denizcankizil.tr\/wp-content\/uploads\/2025\/02\/5139-01-kixOkV.jpeg","datePublished":"2025-02-24T10:42:24+00:00","breadcrumb":{"@id":"https:\/\/denizcankizil.tr\/de\/haberler\/antalya\/baskan-kocagoz-yoruk-bulusmasinda\/#breadcrumb"},"inLanguage":"de","potentialAction":[{"@type":"ReadAction","target":["https:\/\/denizcankizil.tr\/de\/haberler\/antalya\/baskan-kocagoz-yoruk-bulusmasinda\/"]}]},{"@type":"ImageObject","inLanguage":"de","@id":"https:\/\/denizcankizil.tr\/de\/haberler\/antalya\/baskan-kocagoz-yoruk-bulusmasinda\/#primaryimage","url":"https:\/\/denizcankizil.tr\/wp-content\/uploads\/2025\/02\/5139-01-kixOkV.jpeg","contentUrl":"https:\/\/denizcankizil.tr\/wp-content\/uploads\/2025\/02\/5139-01-kixOkV.jpeg","width":1280,"height":720},{"@type":"BreadcrumbList","@id":"https:\/\/denizcankizil.tr\/de\/haberler\/antalya\/baskan-kocagoz-yoruk-bulusmasinda\/#breadcrumb","itemListElement":[{"@type":"ListItem","position":1,"name":"Home","item":"https:\/\/denizcankizil.tr\/de\/"},{"@type":"ListItem","position":2,"name":"Ba\u015fkan Kocag\u00f6z Y\u00f6r\u00fck bulu\u015fmas\u0131nda"}]},{"@type":"WebSite","@id":"https:\/\/denizcankizil.tr\/de\/#website","url":"https:\/\/denizcankizil.tr\/de\/","name":"Av. Deniz Can K\u0131z\u0131l","description":"Avukat Deniz Can K\u0131z\u0131l Antalya Barosu","publisher":{"@id":"https:\/\/denizcankizil.tr\/de\/#organization"},"potentialAction":[{"@type":"SearchAction","target":{"@type":"EntryPoint","urlTemplate":"https:\/\/denizcankizil.tr\/de\/?s={search_term_string}"},"query-input":{"@type":"PropertyValueSpecification","valueRequired":true,"valueName":"search_term_string"}}],"inLanguage":"de"},{"@type":"Organization","@id":"https:\/\/denizcankizil.tr\/de\/#organization","name":"Av. Deniz Can K\u0131z\u0131l","url":"https:\/\/denizcankizil.tr\/de\/","logo":{"@type":"ImageObject","inLanguage":"de","@id":"https:\/\/denizcankizil.tr\/de\/#\/schema\/logo\/image\/","url":"https:\/\/denizcankizil.tr\/wp-content\/uploads\/2024\/10\/siyah-logo-svg.svg","contentUrl":"https:\/\/denizcankizil.tr\/wp-content\/uploads\/2024\/10\/siyah-logo-svg.svg","width":1080,"height":1080,"caption":"Av. Deniz Can K\u0131z\u0131l"},"image":{"@id":"https:\/\/denizcankizil.tr\/de\/#\/schema\/logo\/image\/"}},{"@type":"Person","@id":"https:\/\/denizcankizil.tr\/de\/#\/schema\/person\/5dc1b22991bd7ac833867c10afc9b0ff","name":"Av. Deniz Can K\u0131z\u0131l","image":{"@type":"ImageObject","inLanguage":"de","@id":"https:\/\/denizcankizil.tr\/de\/#\/schema\/person\/image\/","url":"https:\/\/secure.gravatar.com\/avatar\/a0b128fb9855c79efc976d5640eedb31dc35ec297594d6016d2cf7c60e975bb6?s=96&d=mm&r=g","contentUrl":"https:\/\/secure.gravatar.com\/avatar\/a0b128fb9855c79efc976d5640eedb31dc35ec297594d6016d2cf7c60e975bb6?s=96&d=mm&r=g","caption":"Av. Deniz Can K\u0131z\u0131l"},"sameAs":["http:\/\/www.denizcankizil.tr"],"url":"https:\/\/denizcankizil.tr\/de\/author\/denizcankizil\/"}]}},"_links":{"self":[{"href":"https:\/\/denizcankizil.tr\/de\/wp-json\/wp\/v2\/posts\/33980","targetHints":{"allow":["GET"]}}],"collection":[{"href":"https:\/\/denizcankizil.tr\/de\/wp-json\/wp\/v2\/posts"}],"about":[{"href":"https:\/\/denizcankizil.tr\/de\/wp-json\/wp\/v2\/types\/post"}],"author":[{"embeddable":true,"href":"https:\/\/denizcankizil.tr\/de\/wp-json\/wp\/v2\/users\/4"}],"replies":[{"embeddable":true,"href":"https:\/\/denizcankizil.tr\/de\/wp-json\/wp\/v2\/comments?post=33980"}],"version-history":[{"count":0,"href":"https:\/\/denizcankizil.tr\/de\/wp-json\/wp\/v2\/posts\/33980\/revisions"}],"wp:featuredmedia":[{"embeddable":true,"href":"https:\/\/denizcankizil.tr\/de\/wp-json\/wp\/v2\/media\/33981"}],"wp:attachment":[{"href":"https:\/\/denizcankizil.tr\/de\/wp-json\/wp\/v2\/media?parent=33980"}],"wp:term":[{"taxonomy":"category","embeddable":true,"href":"https:\/\/denizcankizil.tr\/de\/wp-json\/wp\/v2\/categories?post=33980"},{"taxonomy":"post_tag","embeddable":true,"href":"https:\/\/denizcankizil.tr\/de\/wp-json\/wp\/v2\/tags?post=33980"}],"curies":[{"name":"wp","href":"https:\/\/api.w.org\/{rel}","templated":true}]}}