{"id":33926,"date":"2025-02-23T18:15:00","date_gmt":"2025-02-23T15:15:00","guid":{"rendered":"https:\/\/denizcankizil.tr\/uncategorized-tr\/sagkan-bi%cc%87z-susarsak-adalet-susar\/"},"modified":"2025-02-23T18:15:00","modified_gmt":"2025-02-23T15:15:00","slug":"sagkan-bi%cc%87z-susarsak-adalet-susar","status":"publish","type":"post","link":"https:\/\/denizcankizil.tr\/de\/hukukihaber\/sagkan-bi%cc%87z-susarsak-adalet-susar\/","title":{"rendered":"Sag\u0306kan: B\u0131\u0307z Susarsak Adalet Susar"},"content":{"rendered":"<p>I\u0307stanbul Barosu Olag\u0306anu\u0308stu\u0308 Genel Kurulu, 23 S\u0327ubat 2025 tarihinde Halic\u0327 Kongre Merkezi\u2019nde; Tu\u0308rkiye Barolar Birlig\u0306i (TBB) Bas\u0327kan\u0131, Yo\u0308netim Kurulu u\u0308yeleri, Disiplin Kurulu Bas\u0327kan\u0131, Baro Bas\u0327kanlar\u0131, avukatlar, sivil toplum kurulus\u0327lar\u0131 ve uluslararas\u0131 avukat o\u0308rgu\u0308tlerinin temsilcilerinin kat\u0131l\u0131m\u0131yla topland\u0131.<\/p>\n<p>Haklar\u0131nda go\u0308revden al\u0131nmalar\u0131 talebiyle ac\u0327\u0131lan dava u\u0308zerine olag\u0306anu\u0308stu\u0308 kurultaya gitme karar\u0131 alan I\u0307stanbul Barosu Bas\u0327kan\u0131 Av. I\u0307brahim Kabog\u0306lu ve Yo\u0308netim Kurulu\u2019na TBB, Barolar ve avukatlar tarihi bir dayan\u0131s\u0327mayla destek verdi.<\/p>\n<p>Kongrede bir konus\u0327ma yapan TBB Bas\u0327kan\u0131 Erinc\u0327 Sag\u0306kan, \u201cBo\u0308lu\u0308nmeyiz, parc\u0327alanmay\u0131z. So\u0308z konusu demokrasi ise, haksa, adaletse, hukukun u\u0308stu\u0308nlu\u0308g\u0306u\u0308 ise hic\u0327bir s\u0327ekilde ayr\u0131s\u0327maks\u0131z\u0131n bir araday\u0131z, bu\u0308tu\u0308nu\u0308z demek ic\u0327in buraday\u0131z\u201d s\u0327eklinde konus\u0327tu.<\/p>\n<p>\u201cBiz hic\u0327 deg\u0306is\u0327medik; c\u0327u\u0308nku\u0308 gu\u0308cu\u0308n deg\u0306il hakkaniyetin yan\u0131nday\u0131z, du\u0308n neredeysek bugu\u0308n de oraday\u0131z\u201d diyen Sag\u0306kan, \u201cBulundug\u0306umuz yer Gazi Mustafa Kemal Atatu\u0308rk\u2019u\u0308n ilke ve devrimleri, Cumhuriyetin kurucu deg\u0306erleridir. Bulundug\u0306umuz yer laik, sosyal hukuk devleti ve insan haklar\u0131 temelinde yu\u0308kselen demokrasinin yan\u0131 bas\u0327\u0131d\u0131r. Bulundug\u0306umuz yer haks\u0131zl\u0131k kimden gelirse gelsin ve kime do\u0308nu\u0308k olursa olsun hic\u0327bir ayr\u0131m go\u0308zetmeksizin mag\u0306durun yan\u0131d\u0131r, hakk\u0131n, hukukun ve adaletin yan\u0131d\u0131r, insan onurunun yan\u0131d\u0131r\u201d ifadelerini kulland\u0131.<\/p>\n<p>Sag\u0306kan, avukatl\u0131k mesleg\u0306inin, ayn\u0131 zamanda bir hukuk devrimi olan Cumhuriyet fikrinin tas\u0327\u0131y\u0131c\u0131 unsurlar\u0131ndan biri oldug\u0306unu hat\u0131rlatt\u0131g\u0306\u0131 konus\u0327mas\u0131nda, \u201cBarolar\u0131n bag\u0306\u0131ms\u0131zl\u0131g\u0306\u0131, mahkemelerin bag\u0306\u0131ms\u0131zl\u0131g\u0306\u0131 kadar o\u0308nemlidir. I\u0307stanbul Barosu yo\u0308netimine yo\u0308nelik mu\u0308dahale, yurttas\u0327lar\u0131n hak ve o\u0308zgu\u0308rlu\u0308klerine yo\u0308nelik bir mu\u0308dahaledir. 147 y\u0131ll\u0131k geleneg\u0306iyle I\u0307stanbul Barosu, Cumhuriyetin kurucu deg\u0306erlerinin teminat\u0131, mu\u0308temmim cu\u0308zu\u0308du\u0308r\u201d dedi.<\/p>\n<p>\u201cEg\u0306ilmeyiz, bu\u0308ku\u0308lmeyiz. C\u0327u\u0308nku\u0308 gu\u0308cu\u0308mu\u0308zu\u0308 erkten deg\u0306il haktan, halktan ve hukuktan al\u0131r\u0131z\u201d s\u0327eklinde konus\u0327an Sag\u0306kan; so\u0308zlerini \u201cHak bildig\u0306imizi so\u0308ylemekten asla vazgec\u0327meyiz. C\u0327u\u0308nku\u0308 biliyoruz ki, biz susarsak, savunma susarsa adalet susar. Adaletin sustug\u0306u bir yerde de ne demokrasi ne du\u0308zen ne de kalk\u0131nma olur. Tam da bu yu\u0308zden, u\u0308lkemizin bugu\u0308nu\u0308 ve geleceg\u0306i ic\u0327in bizim susma hakk\u0131m\u0131z yok! O nedenle tarihi sorumlulug\u0306umuzu yerine getiriyor, I\u0307stanbul Barosunu ve Genel Kurulunun iradesini savunuyoruz\u201d so\u0308zleriyle tamamlad\u0131.<\/p>\n<p>TBB Bas\u0327kan\u0131 Av. R. Erinc\u0327 Sag\u0306kan\u2019\u0131n konus\u0327mas\u0131n\u0131n tamam\u0131 s\u0327o\u0308yle:<\/p>\n<p>I\u0307STANBUL BAROSU GELENEG\u0306I\u0307 CUMHURI\u0307YETI\u0307N KURUCU DEG\u0306ERLERI\u0307NI\u0307N MU\u0308TEMMI\u0307M CU\u0308ZU\u0308DU\u0308R<\/p>\n<p>Say\u0131n Divan,<br \/>\nI\u0307stanbul Barosu\u2019nun deg\u0306erli Bas\u0327kan\u0131, o\u0308nceki do\u0308nem bas\u0327kanlar\u0131m, farkl\u0131 illerden gelen ya da hava muhalefeti nedeniyle gelemese de yu\u0308reg\u0306i bizlerle olan deg\u0306erli Baro Bas\u0327kanlar\u0131m, Yo\u0308netim Kurulu U\u0308yeleri, Genel Kurulu olus\u0327turan I\u0307stanbul Barosu mensubu k\u0131ymetli meslektas\u0327lar\u0131m,<\/p>\n<p>U\u0308lkenin do\u0308rt bir yan\u0131ndan adaleti, hukuku, hak ve o\u0308zgu\u0308rlu\u0308kleri, I\u0307stanbul Barosunun iradesini savunmak ic\u0327in kos\u0327arak gelen, ayn\u0131 mesleg\u0306i yapmaktan ayn\u0131 cu\u0308bbeyi giymekten gurur duydug\u0306um, bu u\u0308lkede hukukun ve adaletin y\u0131k\u0131lmaz kalesi olan avukatlar, hak savunucusu meslektas\u0327lar\u0131m, yurt d\u0131s\u0327\u0131ndan destek ic\u0327in gelen say\u0131n konuklar, siyaset kurumunun ve sivil toplumun k\u0131ymetli temsilcileri, deg\u0306erli bas\u0131n mensuplar\u0131\u2026<\/p>\n<p>Sizleri Tu\u0308rkiye Barolar Birlig\u0306i ad\u0131na sevgi ve sayg\u0131yla selaml\u0131yorum. Bizlere bu mu\u0308cadele ruhunu miras b\u0131rakan yitirdig\u0306imiz tu\u0308m adalet savas\u0327c\u0327\u0131s\u0131 meslektas\u0327lar\u0131m\u0131z\u0131, u\u0308stadlar\u0131m\u0131z\u0131 sayg\u0131yla anarak bas\u0327lamak istiyorum.<\/p>\n<p>17.03.2013 bundan tam 12 sene o\u0308nce yine burada tarihi bir genel kurul yap\u0131lm\u0131s\u0327t\u0131. Ben de yine sizlerle birlikte bu salonda yer al\u0131yordum. O\u0308ncelikle 12 y\u0131l o\u0308nce de bugu\u0308n de du\u0308nya go\u0308ru\u0308s\u0327u\u0308, siyasi go\u0308ru\u0308s\u0327u\u0308 ne olursa olsun burada I\u0307stanbul Barosu Genel Kurulu\u2019nun iradesine sahip c\u0327\u0131kan tu\u0308m meslektas\u0327lar\u0131ma selam olsun, hepinize s\u0327u\u0308kranlar\u0131m\u0131 sunuyorum.<\/p>\n<p>13 sene o\u0308nce de hukukun u\u0308stu\u0308nlu\u0308g\u0306u\u0308nu\u0308, insan haklar\u0131n\u0131 korumak ve savunmak ic\u0327in buradayd\u0131k, bugu\u0308n de buraday\u0131z.<\/p>\n<p>Yarg\u0131 bag\u0306\u0131ms\u0131zl\u0131g\u0306\u0131n\u0131 savunmak ic\u0327in buradayd\u0131k, bugu\u0308n de buraday\u0131z.<\/p>\n<p>Anayasal du\u0308zeni korumak, Cumhuriyet hukukuna sahip c\u0327\u0131kmak, adaleti savunmak ic\u0327in buradayd\u0131k, bugu\u0308n de buraday\u0131z.<\/p>\n<p>Demokrasiyi savunmak ic\u0327in buradayd\u0131k,<\/p>\n<p>Bugu\u0308n de 20 Ekim 2024 tarihinde I\u0307stanbul Barosu Bas\u0327kan\u0131n\u0131 ve Yo\u0308netim Kurulunu sec\u0327mek u\u0308zere iradesini ortaya koyan I\u0307stanbul Barosu avukatlar\u0131n\u0131n iradesini savunmak ic\u0327in buraday\u0131z.<\/p>\n<p>\u201cBo\u0308lu\u0308nmeyiz, parc\u0327alanmay\u0131z\u201d so\u0308z konusu demokrasi ise, haksa, adaletse, hukukun u\u0308stu\u0308nlu\u0308g\u0306u\u0308 ise hic\u0327bir s\u0327ekilde ayr\u0131s\u0327maks\u0131z\u0131n bir araday\u0131z, bu\u0308tu\u0308nu\u0308z demek ic\u0327in buraday\u0131z!<br \/>\nDeg\u0306erli meslektas\u0327lar\u0131m,<\/p>\n<p>Biz hic\u0327 deg\u0306is\u0327medik; c\u0327u\u0308nku\u0308 gu\u0308cu\u0308n deg\u0306il hakkaniyetin yan\u0131nday\u0131z, du\u0308n neredeysek bugu\u0308n de oraday\u0131z.<\/p>\n<p>Bulundug\u0306umuz yer Gazi Mustafa Kemal Atatu\u0308rk\u2019u\u0308n ilke ve devrimleri, Cumhuriyetin kurucu deg\u0306erleridir.<\/p>\n<p>Bulundug\u0306umuz yer laik, sosyal hukuk devleti ve insan haklar\u0131 temelinde yu\u0308kselen demokrasinin yan\u0131 bas\u0327\u0131d\u0131r.<\/p>\n<p>Bulundug\u0306umuz yer haks\u0131zl\u0131k kimden gelirse gelsin ve kime do\u0308nu\u0308k olursa olsun hic\u0327bir ayr\u0131m go\u0308zetmeksizin mag\u0306durun yan\u0131d\u0131r, hakk\u0131n, hukukun ve adaletin yan\u0131d\u0131r, insan onurunun yan\u0131d\u0131r.<\/p>\n<p>Peki s\u0327imdi, hem de tam bugu\u0308n s\u0327unu sormak gerekmez mi; 13 sene o\u0308nce I\u0307stanbul Barosu Bas\u0327kan\u0131n\u0131 ve yo\u0308netim kurulu u\u0308yelerini adil yarg\u0131lanma hakk\u0131 ve onun ayr\u0131lmaz parc\u0327as\u0131 olan savunma hakk\u0131n\u0131 savunurken mahkeme salonundan c\u0327\u0131kartmaya c\u0327al\u0131s\u0327an ve haklar\u0131nda suc\u0327 duyurusunda bulunanlar bugu\u0308n neredeler? O gu\u0308n mesleg\u0306in onurunu savunan I\u0307stanbul Barosu Bas\u0327kan\u0131 U\u0308mit Hoca aln\u0131 ak, bas\u0327\u0131 dimdik burada, do\u0308nemin bas\u0327kan yard\u0131mc\u0131s\u0131, sonraki Bas\u0327kan Durakog\u0306lu burada, yarg\u0131lanan tu\u0308m YK burada.<\/p>\n<p>Deg\u0306erli Meslektas\u0327lar\u0131m,<\/p>\n<p>Bugu\u0308n bu\u0308yu\u0308k, tarihi\u0302 bir sorumlulug\u0306u yerine getirmek ic\u0327in buraday\u0131z!<\/p>\n<p>I\u0307stanbul Barosu Genel Kurulu iradesiyle sec\u0327ilen Baro Bas\u0327kan\u0131 ve Yo\u0308netim Kurulu u\u0308yeleri go\u0308revden al\u0131nmak isteniyor. Peki gerekc\u0327esi ne? Av. Kanunu 77. Madde, yani amac\u0327lar\u0131 d\u0131s\u0327\u0131nda faaliyet go\u0308stermek. Tabii ki sizlere barolar\u0131n kamu kurumu nitelikleri ya da mevzuat gereg\u0306i go\u0308rev ve sorumluluklar\u0131, Avukatl\u0131k Kanunu 76. 95. ve 110. Maddelerinden bahsetmeyeceg\u0306im. Ancak mesleki go\u0308revleri ile birlikte bu go\u0308revlerden ayr\u0131 du\u0308s\u0327u\u0308nu\u0308lemeyecek olan hukukun u\u0308stu\u0308nlu\u0308g\u0306u\u0308nu\u0308, yarg\u0131 bag\u0306\u0131ms\u0131zl\u0131g\u0306\u0131n\u0131 ve insan haklar\u0131n\u0131 korumak ve bu kavramlara is\u0327lerlik kazand\u0131rmak go\u0308revlerinin neden mevzuatla barolara verildig\u0306inin alt\u0131n\u0131 belli ki bir kez daha c\u0327izmek gerekiyor.<\/p>\n<p>Avukatl\u0131k mesleg\u0306i, ayn\u0131 zamanda bir hukuk devrimi olan Cumhuriyet fikrinin tas\u0327\u0131y\u0131c\u0131 unsurlar\u0131ndan biridir. Bir kurtulus\u0327 hareketi olarak bas\u0327layan Tu\u0308rk Devriminin, c\u0327ag\u0306das\u0327 uygarl\u0131k amac\u0131n\u0131 benimsenmesiyle birlikte temeli hukuk devrimi olmus\u0327tur. Cumhuriyetimizin kurucusu Mustafa Kemal Atatu\u0308rk hukukc\u0327ular\u0131n yetis\u0327tirileceg\u0306i Ankara Hukuk Mektebi\u2019nin yani bugu\u0308nku\u0308 Ankara U\u0308niversitesi Hukuk Faku\u0308ltesi\u2019nin ac\u0327\u0131l\u0131s\u0327\u0131nda bu durumu \u201cY\u0131llardan beri devam eden Tu\u0308rk ink\u0131la\u0302b\u0131, varl\u0131g\u0306\u0131n\u0131 ve du\u0308s\u0327u\u0308ncelerini, sosyal hayat\u0131n\u0131n kaynag\u0306\u0131 olan yeni hukuki kurallar\u0131 belirlemek ve dog\u0306rulamak c\u0327aresine bag\u0306lam\u0131s\u0327t\u0131r\u201d demek suretiyle ifade eder.<br \/>\nI\u0307s\u0327te avukatlar \u201cTu\u0308rk ink\u0131la\u0302b\u0131\u201dn\u0131n sar\u0131ld\u0131g\u0306\u0131 bu \u201cc\u0327are\u201d ic\u0327erisinde en o\u0308nemli is\u0327leve sahiptir. Bu is\u0327levsel nitelik, avukatlar\u0131 ve meslek o\u0308rgu\u0308tleri olan Barolar\u0131 kamusal niteliklerine daha fazla yaklas\u0327t\u0131rmaktad\u0131r.<\/p>\n<p>Barolara hukukun u\u0308stu\u0308nlu\u0308g\u0306u\u0308nu\u0308 ve insan haklar\u0131n\u0131 korumak konusunda verilen go\u0308rev s\u0327u\u0308phesiz ki, sav-savunma-karar unsurlar\u0131ndan olus\u0327an yarg\u0131 sisteminde bag\u0306\u0131ms\u0131z savunmay\u0131 temsil eden avukatlar\u0131n meslek o\u0308rgu\u0308tlerine, hukuk devleti du\u0308zeninin korunmas\u0131 konusunda etkin bir role sahip olmas\u0131 amac\u0131yla verilmis\u0327tir. Dolay\u0131s\u0131yla Barolara tan\u0131nan bu go\u0308rev ve yetki dar yorumlanamaz. Bu kapsamda go\u0308rev yapan barolara do\u0308nu\u0308k hukuka ayk\u0131r\u0131 mu\u0308dahaleler dog\u0306rudan hukuk devletine, vatandas\u0327lar\u0131n o\u0308zgu\u0308rlu\u0308klerine ve hak arama hu\u0308rriyetlerine yap\u0131lm\u0131s\u0327t\u0131r.<\/p>\n<p>I\u0307stanbul Barosu Bas\u0327kanl\u0131g\u0306\u0131n\u0131 1964-1972 y\u0131llar\u0131 aras\u0131nda su\u0308rdu\u0308ren, avukatl\u0131k mesleg\u0306ine yo\u0308nelik sald\u0131r\u0131lar kars\u0327\u0131s\u0131nda hic\u0327bir zaman geri ad\u0131m atmayan merhum u\u0308stad\u0131m\u0131z Ferruh Dereli, 9 Ag\u0306ustos 1969 tarihinde Tu\u0308rkiye Barolar Birlig\u0306inin kurulus\u0327unda yapt\u0131g\u0306\u0131 konus\u0327mada insan hak ve o\u0308zgu\u0308rlu\u0308kleri yo\u0308nu\u0308nden objektif ve bag\u0306\u0131ms\u0131z bir hukuk sisteminin bu\u0308yu\u0308k o\u0308nem arz ettig\u0306ini, bu sistemin ancak bag\u0306\u0131ms\u0131z barolarla mu\u0308mku\u0308n olacag\u0306\u0131n\u0131 ifade etmis\u0327tir. Avukatlar\u0131n tarih boyunca insan hak ve o\u0308zgu\u0308rlu\u0308klerini, bilim, kanun ve barolar\u0131n verdig\u0306i inanc\u0327 ve gu\u0308c\u0327le savundug\u0306unun alt\u0131n\u0131 c\u0327izmis\u0327, avukatlar\u0131n ve barolar\u0131n bag\u0306\u0131ms\u0131z bir du\u0308zen ic\u0327inde bulunmad\u0131g\u0306\u0131 yerlerde, gerc\u0327ek adaletin sag\u0306lanamayacag\u0306\u0131n\u0131, barolar\u0131n bag\u0306\u0131ms\u0131zl\u0131g\u0306\u0131n\u0131n mahkemelerin bag\u0306\u0131ms\u0131zl\u0131g\u0306\u0131 kadar o\u0308nemli oldug\u0306unu dile getirmis\u0327tir.<br \/>\n56 y\u0131l sonra ayn\u0131 s\u0327eyleri so\u0308ylemek durumunday\u0131z: Avukatlar\u0131n ve Barolar\u0131n bag\u0306\u0131ms\u0131z bir du\u0308zen ic\u0327inde bulunmad\u0131g\u0306\u0131 yerlerde, gerc\u0327ek adalet sag\u0306lanamaz; Barolar\u0131n bag\u0306\u0131ms\u0131zl\u0131g\u0306\u0131, mahkemelerin bag\u0306\u0131ms\u0131zl\u0131g\u0306\u0131 kadar o\u0308nemlidir. I\u0307stanbul Barosu yo\u0308netimine yo\u0308nelik mu\u0308dahale, yurttas\u0327lar\u0131n hak ve o\u0308zgu\u0308rlu\u0308klerine yo\u0308nelik bir mu\u0308dahaledir.<\/p>\n<p>147 y\u0131ll\u0131k geleneg\u0306iyle I\u0307stanbul Barosu, Cumhuriyetin kurucu deg\u0306erlerinin teminat\u0131, mu\u0308temmim cu\u0308zu\u0308du\u0308r.<\/p>\n<p>Deg\u0306erli Meslektas\u0327lar\u0131m,<\/p>\n<p>Siyasi tarihimizde hukuk devleti ilkesinden uzaklas\u0327\u0131ld\u0131g\u0306\u0131 ve yarg\u0131n\u0131n arac\u0327sallas\u0327t\u0131r\u0131ld\u0131g\u0306\u0131 do\u0308nemler hic\u0327 de az\u0131msanamaz.<br \/>\nI\u0307s\u0327te u\u0308lkenin en karanl\u0131k gu\u0308nlerinde, darbe do\u0308nemlerinde dahi; hukuku, yarg\u0131y\u0131, demokrasiyi ayaklar alt\u0131na almak isteyenlere kars\u0327\u0131, kimse yokken, biz vard\u0131k!<\/p>\n<p>I\u0307nsan haklar\u0131 ihlal edilirken, kimse sesini c\u0327\u0131karamazken, mag\u0306durun kimlig\u0306ine bakmaks\u0131z\u0131n, tehdidin bu\u0308yu\u0308klu\u0308g\u0306u\u0308ne ald\u0131rmaks\u0131z\u0131n, biz vard\u0131k!<\/p>\n<p>Ormanlar, zeytinlikler talan edilirken, kendilerini u\u0308lkemizin geleceg\u0306i ic\u0327in siper eden ko\u0308ylu\u0308lerin, c\u0327evre hakk\u0131 savunucular\u0131n\u0131n yan\u0131nda biz vard\u0131k!<\/p>\n<p>I\u0307s\u0327 cinayetlerinde katledilenlerin hak mu\u0308cadelesinde biz vard\u0131k!<\/p>\n<p>C\u0327ocuk istismar\u0131na, Kad\u0131n cinayetlerine dur demek ic\u0327in biz vard\u0131k!<\/p>\n<p>Anayasa Mahkemesi kararlar\u0131na uyulmas\u0131n\u0131 sag\u0306lamak ic\u0327in biz vard\u0131k!<\/p>\n<p>Anayasa Mahkemesi U\u0308yeleri hedef go\u0308sterildig\u0306inde de kars\u0327\u0131s\u0131nda biz vard\u0131k!<\/p>\n<p>Yurttas\u0327lar\u0131n o\u0308zgu\u0308r iradeleriyle sec\u0327tikleri belediye bas\u0327kanlar\u0131na davalar ac\u0327\u0131l\u0131rken, go\u0308revden almalar yas\u0327an\u0131rken, hukuksuzlug\u0306un kars\u0327\u0131s\u0131nda demokrasinin yan\u0131nda biz vard\u0131k!<\/p>\n<p>Gazeteciler go\u0308zalt\u0131na al\u0131n\u0131rken, tutuklan\u0131rken, ifade o\u0308zgu\u0308rlu\u0308klerini ve kamuoyunun haber alma hakk\u0131n\u0131 savunmak ic\u0327in biz vard\u0131k!<\/p>\n<p>Uluslararas\u0131 kamuoyunun; on binlerce c\u0327ocug\u0306un, kad\u0131n\u0131n, sivilin yas\u0327am\u0131n\u0131 kaybettig\u0306i ve kaybetmeye de devam ettig\u0306i Gazze\u2019de insanl\u0131g\u0306a kars\u0327\u0131 sistematik olarak is\u0327lenen suc\u0327a seyirci kald\u0131g\u0306\u0131 yerde susmayan, biz vard\u0131k!<\/p>\n<p>I\u0307s\u0327te tu\u0308m bunlar ic\u0327in de her do\u0308nemde hedeftik; do\u0308rt ayakl\u0131 minarenin bas\u0327\u0131nda tarihi ve ku\u0308ltu\u0308rel deg\u0306erleri savunurken Diyarbak\u0131r\u2019da Tahir Elc\u0327i, Gu\u0308mu\u0308s\u0327hane\u2019de Ali Gu\u0308nday\u2019d\u0131k. Ruhlar\u0131 s\u0327ad olsun!<\/p>\n<p>S\u0327imdi hukuksuz, mesnetsiz suc\u0327 duyurular\u0131yla, cunta do\u0308neminde dahi is\u0327letilmemis\u0327 go\u0308revden alma hu\u0308ku\u0308mleri ile cu\u0308bbemizi iliklememiz isteniyor ya da bekleniyor ise s\u0327unu tekrar ifade edelim;<\/p>\n<p>I\u0307ktidarlar\u0131n sag\u0306lad\u0131g\u0306\u0131 gu\u0308ce tapmay\u0131z, zulme ve bask\u0131ya boyun eg\u0306meyiz, biat etmeyiz. Eg\u0306ilmeyiz, bu\u0308ku\u0308lmeyiz, c\u0327u\u0308nku\u0308 gu\u0308cu\u0308mu\u0308zu\u0308 erkten deg\u0306il haktan, halktan ve hukuktan al\u0131r\u0131z. Hak bildig\u0306imizi so\u0308ylemekten asla vazgec\u0327meyiz. C\u0327u\u0308nku\u0308 biliyoruz ki, biz susarsak, savunma susarsa adalet susar. Adaletin sustug\u0306u bir yerde de ne demokrasi, ne du\u0308zen ne de kalk\u0131nma olur.<\/p>\n<p>Tam da bu yu\u0308zden, u\u0308lkemizin bugu\u0308nu\u0308 ve geleceg\u0306i ic\u0327in bizim susma hakk\u0131m\u0131z yok! O nedenle tarihi sorumlulug\u0306umuzu yerine getiriyor, I\u0307stanbul Barosunu ve Genel Kurulunun iradesini savunuyoruz. Her zaman yapt\u0131g\u0306\u0131m\u0131z ve yapmaya devam edeceg\u0306imiz gibi\u2026<\/p>\n<p>Sayg\u0131lar\u0131mla.<\/p>\n<p>Haber ile ilgili G\u00f6rseller<\/p>\n<p>G\u00f6r\u00fcnt\u00fcle<\/p>\n<p>\u200bI\u0307stanbul Barosu Olag\u0306anu\u0308stu\u0308 Genel Kurulu\u2019nda konu\u015fan Tu\u0308rkiye Barolar Birlig\u0306i (TBB) Bas\u0327kan\u0131 Erinc\u0327 Sag\u0306kan &#8220;Hak bildig\u0306imizi so\u0308ylemekten asla vazgec\u0327meyiz. C\u0327u\u0308nku\u0308 biliyoruz ki, biz susarsak, savunma susarsa adalet susar. Adaletin sustug\u0306u bir yerde de ne demokrasi ne du\u0308zen ne de kalk\u0131nma olur.&#8221; dedi.\u00a0Hukuki Haber<\/p>","protected":false},"excerpt":{"rendered":"<p>I\u0307stanbul Barosu Olag\u0306anu\u0308stu\u0308 Genel Kurulu, 23 S\u0327ubat 2025 tarihinde Halic\u0327 Kongre Merkezi\u2019nde; Tu\u0308rkiye Barolar Birlig\u0306i (TBB) Bas\u0327kan\u0131, Yo\u0308netim Kurulu u\u0308yeleri, Disiplin Kurulu Bas\u0327kan\u0131, Baro Bas\u0327kanlar\u0131, avukatlar, sivil toplum kurulus\u0327lar\u0131 ve uluslararas\u0131 avukat o\u0308rgu\u0308tlerinin temsilcilerinin kat\u0131l\u0131m\u0131yla topland\u0131. Haklar\u0131nda go\u0308revden al\u0131nmalar\u0131 talebiyle ac\u0327\u0131lan dava u\u0308zerine olag\u0306anu\u0308stu\u0308 kurultaya gitme karar\u0131 alan I\u0307stanbul Barosu Bas\u0327kan\u0131 Av. I\u0307brahim Kabog\u0306lu ve Yo\u0308netim Kurulu\u2019na TBB, Barolar ve avukatlar tarihi bir dayan\u0131s\u0327mayla destek verdi. Kongrede bir konus\u0327ma yapan TBB Bas\u0327kan\u0131 Erinc\u0327 Sag\u0306kan, \u201cBo\u0308lu\u0308nmeyiz, parc\u0327alanmay\u0131z. So\u0308z konusu demokrasi ise, haksa, adaletse, hukukun u\u0308stu\u0308nlu\u0308g\u0306u\u0308 ise hic\u0327bir s\u0327ekilde ayr\u0131s\u0327maks\u0131z\u0131n bir araday\u0131z, bu\u0308tu\u0308nu\u0308z demek ic\u0327in buraday\u0131z\u201d s\u0327eklinde konus\u0327tu. \u201cBiz hic\u0327 deg\u0306is\u0327medik; c\u0327u\u0308nku\u0308 gu\u0308cu\u0308n deg\u0306il hakkaniyetin yan\u0131nday\u0131z, du\u0308n neredeysek bugu\u0308n de oraday\u0131z\u201d diyen Sag\u0306kan, \u201cBulundug\u0306umuz yer Gazi Mustafa Kemal Atatu\u0308rk\u2019u\u0308n ilke ve devrimleri, Cumhuriyetin kurucu deg\u0306erleridir. Bulundug\u0306umuz yer laik, sosyal hukuk devleti ve insan haklar\u0131 temelinde yu\u0308kselen demokrasinin yan\u0131 bas\u0327\u0131d\u0131r. Bulundug\u0306umuz yer haks\u0131zl\u0131k kimden gelirse gelsin ve kime do\u0308nu\u0308k olursa olsun hic\u0327bir ayr\u0131m go\u0308zetmeksizin mag\u0306durun yan\u0131d\u0131r, hakk\u0131n, hukukun ve adaletin yan\u0131d\u0131r, insan onurunun yan\u0131d\u0131r\u201d ifadelerini kulland\u0131. Sag\u0306kan, avukatl\u0131k mesleg\u0306inin, ayn\u0131 zamanda bir hukuk devrimi olan Cumhuriyet fikrinin tas\u0327\u0131y\u0131c\u0131 unsurlar\u0131ndan biri oldug\u0306unu hat\u0131rlatt\u0131g\u0306\u0131 konus\u0327mas\u0131nda, \u201cBarolar\u0131n bag\u0306\u0131ms\u0131zl\u0131g\u0306\u0131, mahkemelerin bag\u0306\u0131ms\u0131zl\u0131g\u0306\u0131 kadar o\u0308nemlidir. I\u0307stanbul Barosu yo\u0308netimine yo\u0308nelik mu\u0308dahale, yurttas\u0327lar\u0131n hak ve o\u0308zgu\u0308rlu\u0308klerine yo\u0308nelik bir mu\u0308dahaledir. 147 y\u0131ll\u0131k &hellip;<\/p>","protected":false},"author":3,"featured_media":0,"comment_status":"open","ping_status":"open","sticky":false,"template":"","format":"standard","meta":{"_acf_changed":false,"footnotes":""},"categories":[27],"tags":[],"class_list":["post-33926","post","type-post","status-publish","format-standard","has-post-thumbnail","hentry","category-hukukihaber"],"acf":[],"yoast_head":"<!-- This site is optimized with the Yoast SEO Premium plugin v26.6 (Yoast SEO v27.1.1) - https:\/\/yoast.com\/product\/yoast-seo-premium-wordpress\/ -->\n<title>Sag\u0306kan: B\u0131\u0307z Susarsak Adalet Susar - Av. Deniz Can K\u0131z\u0131l<\/title>\n<meta name=\"robots\" content=\"index, follow, max-snippet:-1, max-image-preview:large, max-video-preview:-1\" \/>\n<link rel=\"canonical\" href=\"https:\/\/denizcankizil.tr\/de\/hukukihaber\/sagkan-bi\u0307z-susarsak-adalet-susar\/\" \/>\n<meta property=\"og:locale\" content=\"de_DE\" \/>\n<meta property=\"og:type\" content=\"article\" \/>\n<meta property=\"og:title\" content=\"Sag\u0306kan: B\u0131\u0307z Susarsak Adalet Susar\" \/>\n<meta property=\"og:description\" content=\"I\u0307stanbul Barosu Olag\u0306anu\u0308stu\u0308 Genel Kurulu, 23 S\u0327ubat 2025 tarihinde Halic\u0327 Kongre Merkezi\u2019nde; Tu\u0308rkiye Barolar Birlig\u0306i (TBB) Bas\u0327kan\u0131, Yo\u0308netim Kurulu u\u0308yeleri, Disiplin Kurulu Bas\u0327kan\u0131, Baro Bas\u0327kanlar\u0131, avukatlar, sivil toplum kurulus\u0327lar\u0131 ve uluslararas\u0131 avukat o\u0308rgu\u0308tlerinin temsilcilerinin kat\u0131l\u0131m\u0131yla topland\u0131. Haklar\u0131nda go\u0308revden al\u0131nmalar\u0131 talebiyle ac\u0327\u0131lan dava u\u0308zerine olag\u0306anu\u0308stu\u0308 kurultaya gitme karar\u0131 alan I\u0307stanbul Barosu Bas\u0327kan\u0131 Av. I\u0307brahim Kabog\u0306lu ve Yo\u0308netim Kurulu\u2019na TBB, Barolar ve avukatlar tarihi bir dayan\u0131s\u0327mayla destek verdi. Kongrede bir konus\u0327ma yapan TBB Bas\u0327kan\u0131 Erinc\u0327 Sag\u0306kan, \u201cBo\u0308lu\u0308nmeyiz, parc\u0327alanmay\u0131z. So\u0308z konusu demokrasi ise, haksa, adaletse, hukukun u\u0308stu\u0308nlu\u0308g\u0306u\u0308 ise hic\u0327bir s\u0327ekilde ayr\u0131s\u0327maks\u0131z\u0131n bir araday\u0131z, bu\u0308tu\u0308nu\u0308z demek ic\u0327in buraday\u0131z\u201d s\u0327eklinde konus\u0327tu. \u201cBiz hic\u0327 deg\u0306is\u0327medik; c\u0327u\u0308nku\u0308 gu\u0308cu\u0308n deg\u0306il hakkaniyetin yan\u0131nday\u0131z, du\u0308n neredeysek bugu\u0308n de oraday\u0131z\u201d diyen Sag\u0306kan, \u201cBulundug\u0306umuz yer Gazi Mustafa Kemal Atatu\u0308rk\u2019u\u0308n ilke ve devrimleri, Cumhuriyetin kurucu deg\u0306erleridir. Bulundug\u0306umuz yer laik, sosyal hukuk devleti ve insan haklar\u0131 temelinde yu\u0308kselen demokrasinin yan\u0131 bas\u0327\u0131d\u0131r. Bulundug\u0306umuz yer haks\u0131zl\u0131k kimden gelirse gelsin ve kime do\u0308nu\u0308k olursa olsun hic\u0327bir ayr\u0131m go\u0308zetmeksizin mag\u0306durun yan\u0131d\u0131r, hakk\u0131n, hukukun ve adaletin yan\u0131d\u0131r, insan onurunun yan\u0131d\u0131r\u201d ifadelerini kulland\u0131. Sag\u0306kan, avukatl\u0131k mesleg\u0306inin, ayn\u0131 zamanda bir hukuk devrimi olan Cumhuriyet fikrinin tas\u0327\u0131y\u0131c\u0131 unsurlar\u0131ndan biri oldug\u0306unu hat\u0131rlatt\u0131g\u0306\u0131 konus\u0327mas\u0131nda, \u201cBarolar\u0131n bag\u0306\u0131ms\u0131zl\u0131g\u0306\u0131, mahkemelerin bag\u0306\u0131ms\u0131zl\u0131g\u0306\u0131 kadar o\u0308nemlidir. I\u0307stanbul Barosu yo\u0308netimine yo\u0308nelik mu\u0308dahale, yurttas\u0327lar\u0131n hak ve o\u0308zgu\u0308rlu\u0308klerine yo\u0308nelik bir mu\u0308dahaledir. 147 y\u0131ll\u0131k &hellip;\" \/>\n<meta property=\"og:url\" content=\"https:\/\/denizcankizil.tr\/de\/hukukihaber\/sagkan-bi\u0307z-susarsak-adalet-susar\/\" \/>\n<meta property=\"og:site_name\" content=\"Av. Deniz Can K\u0131z\u0131l\" \/>\n<meta property=\"article:published_time\" content=\"2025-02-23T15:15:00+00:00\" \/>\n<meta name=\"author\" content=\"Hukuki Haber.net\" \/>\n<meta name=\"twitter:card\" content=\"summary_large_image\" \/>\n<meta name=\"twitter:label1\" content=\"Verfasst von\" \/>\n\t<meta name=\"twitter:data1\" content=\"Hukuki Haber.net\" \/>\n\t<meta name=\"twitter:label2\" content=\"Gesch\u00e4tzte Lesezeit\" \/>\n\t<meta name=\"twitter:data2\" content=\"11\u00a0Minuten\" \/>\n<script type=\"application\/ld+json\" class=\"yoast-schema-graph\">{\"@context\":\"https:\/\/schema.org\",\"@graph\":[{\"@type\":\"Article\",\"@id\":\"https:\/\/denizcankizil.tr\/uk\/hukukihaber\/sagkan-bi%cc%87z-susarsak-adalet-susar\/#article\",\"isPartOf\":{\"@id\":\"https:\/\/denizcankizil.tr\/uk\/hukukihaber\/sagkan-bi%cc%87z-susarsak-adalet-susar\/\"},\"author\":{\"name\":\"Hukuki Haber.net\",\"@id\":\"https:\/\/denizcankizil.tr\/de\/#\/schema\/person\/001a271de994a0aa3f90eea084424822\"},\"headline\":\"Sag\u0306kan: B\u0131\u0307z Susarsak Adalet Susar\",\"datePublished\":\"2025-02-23T15:15:00+00:00\",\"mainEntityOfPage\":{\"@id\":\"https:\/\/denizcankizil.tr\/uk\/hukukihaber\/sagkan-bi%cc%87z-susarsak-adalet-susar\/\"},\"wordCount\":2290,\"commentCount\":0,\"publisher\":{\"@id\":\"https:\/\/denizcankizil.tr\/de\/#organization\"},\"articleSection\":[\"Hukuki Haberler\"],\"inLanguage\":\"de\",\"potentialAction\":[{\"@type\":\"CommentAction\",\"name\":\"Comment\",\"target\":[\"https:\/\/denizcankizil.tr\/uk\/hukukihaber\/sagkan-bi%cc%87z-susarsak-adalet-susar\/#respond\"]}]},{\"@type\":\"WebPage\",\"@id\":\"https:\/\/denizcankizil.tr\/uk\/hukukihaber\/sagkan-bi%cc%87z-susarsak-adalet-susar\/\",\"url\":\"https:\/\/denizcankizil.tr\/uk\/hukukihaber\/sagkan-bi%cc%87z-susarsak-adalet-susar\/\",\"name\":\"Sag\u0306kan: B\u0131\u0307z Susarsak Adalet Susar - Av. Deniz Can K\u0131z\u0131l\",\"isPartOf\":{\"@id\":\"https:\/\/denizcankizil.tr\/de\/#website\"},\"datePublished\":\"2025-02-23T15:15:00+00:00\",\"breadcrumb\":{\"@id\":\"https:\/\/denizcankizil.tr\/uk\/hukukihaber\/sagkan-bi%cc%87z-susarsak-adalet-susar\/#breadcrumb\"},\"inLanguage\":\"de\",\"potentialAction\":[{\"@type\":\"ReadAction\",\"target\":[\"https:\/\/denizcankizil.tr\/uk\/hukukihaber\/sagkan-bi%cc%87z-susarsak-adalet-susar\/\"]}]},{\"@type\":\"BreadcrumbList\",\"@id\":\"https:\/\/denizcankizil.tr\/uk\/hukukihaber\/sagkan-bi%cc%87z-susarsak-adalet-susar\/#breadcrumb\",\"itemListElement\":[{\"@type\":\"ListItem\",\"position\":1,\"name\":\"Home\",\"item\":\"https:\/\/denizcankizil.tr\/de\/\"},{\"@type\":\"ListItem\",\"position\":2,\"name\":\"Sag\u0306kan: B\u0131\u0307z Susarsak Adalet Susar\"}]},{\"@type\":\"WebSite\",\"@id\":\"https:\/\/denizcankizil.tr\/de\/#website\",\"url\":\"https:\/\/denizcankizil.tr\/de\/\",\"name\":\"Av. Deniz Can K\u0131z\u0131l\",\"description\":\"Avukat Deniz Can K\u0131z\u0131l Antalya Barosu\",\"publisher\":{\"@id\":\"https:\/\/denizcankizil.tr\/de\/#organization\"},\"potentialAction\":[{\"@type\":\"SearchAction\",\"target\":{\"@type\":\"EntryPoint\",\"urlTemplate\":\"https:\/\/denizcankizil.tr\/de\/?s={search_term_string}\"},\"query-input\":{\"@type\":\"PropertyValueSpecification\",\"valueRequired\":true,\"valueName\":\"search_term_string\"}}],\"inLanguage\":\"de\"},{\"@type\":\"Organization\",\"@id\":\"https:\/\/denizcankizil.tr\/de\/#organization\",\"name\":\"Av. Deniz Can K\u0131z\u0131l\",\"url\":\"https:\/\/denizcankizil.tr\/de\/\",\"logo\":{\"@type\":\"ImageObject\",\"inLanguage\":\"de\",\"@id\":\"https:\/\/denizcankizil.tr\/de\/#\/schema\/logo\/image\/\",\"url\":\"https:\/\/denizcankizil.tr\/wp-content\/uploads\/2024\/10\/siyah-logo-svg.svg\",\"contentUrl\":\"https:\/\/denizcankizil.tr\/wp-content\/uploads\/2024\/10\/siyah-logo-svg.svg\",\"width\":1080,\"height\":1080,\"caption\":\"Av. Deniz Can K\u0131z\u0131l\"},\"image\":{\"@id\":\"https:\/\/denizcankizil.tr\/de\/#\/schema\/logo\/image\/\"}},{\"@type\":\"Person\",\"@id\":\"https:\/\/denizcankizil.tr\/de\/#\/schema\/person\/001a271de994a0aa3f90eea084424822\",\"name\":\"Hukuki Haber.net\",\"image\":{\"@type\":\"ImageObject\",\"inLanguage\":\"de\",\"@id\":\"https:\/\/denizcankizil.tr\/de\/#\/schema\/person\/image\/\",\"url\":\"https:\/\/secure.gravatar.com\/avatar\/57d8a49151495586611a149d29fc42865b951dc053a84709a3172ccb5abf3118?s=96&d=mm&r=g\",\"contentUrl\":\"https:\/\/secure.gravatar.com\/avatar\/57d8a49151495586611a149d29fc42865b951dc053a84709a3172ccb5abf3118?s=96&d=mm&r=g\",\"caption\":\"Hukuki Haber.net\"},\"sameAs\":[\"http:\/\/www.hukukihaber.net\"],\"url\":\"https:\/\/www.hukukihaber.net\/sagkan-biz-susarsak-adalet-susar\"}]}<\/script>\n<!-- \/ Yoast SEO Premium plugin. -->","yoast_head_json":{"title":"Sag\u0306kan: B\u0131\u0307z Susarsak Adalet Susar - Av. Deniz Can K\u0131z\u0131l","robots":{"index":"index","follow":"follow","max-snippet":"max-snippet:-1","max-image-preview":"max-image-preview:large","max-video-preview":"max-video-preview:-1"},"canonical":"https:\/\/denizcankizil.tr\/de\/hukukihaber\/sagkan-bi\u0307z-susarsak-adalet-susar\/","og_locale":"de_DE","og_type":"article","og_title":"Sag\u0306kan: B\u0131\u0307z Susarsak Adalet Susar","og_description":"I\u0307stanbul Barosu Olag\u0306anu\u0308stu\u0308 Genel Kurulu, 23 S\u0327ubat 2025 tarihinde Halic\u0327 Kongre Merkezi\u2019nde; Tu\u0308rkiye Barolar Birlig\u0306i (TBB) Bas\u0327kan\u0131, Yo\u0308netim Kurulu u\u0308yeleri, Disiplin Kurulu Bas\u0327kan\u0131, Baro Bas\u0327kanlar\u0131, avukatlar, sivil toplum kurulus\u0327lar\u0131 ve uluslararas\u0131 avukat o\u0308rgu\u0308tlerinin temsilcilerinin kat\u0131l\u0131m\u0131yla topland\u0131. Haklar\u0131nda go\u0308revden al\u0131nmalar\u0131 talebiyle ac\u0327\u0131lan dava u\u0308zerine olag\u0306anu\u0308stu\u0308 kurultaya gitme karar\u0131 alan I\u0307stanbul Barosu Bas\u0327kan\u0131 Av. I\u0307brahim Kabog\u0306lu ve Yo\u0308netim Kurulu\u2019na TBB, Barolar ve avukatlar tarihi bir dayan\u0131s\u0327mayla destek verdi. Kongrede bir konus\u0327ma yapan TBB Bas\u0327kan\u0131 Erinc\u0327 Sag\u0306kan, \u201cBo\u0308lu\u0308nmeyiz, parc\u0327alanmay\u0131z. So\u0308z konusu demokrasi ise, haksa, adaletse, hukukun u\u0308stu\u0308nlu\u0308g\u0306u\u0308 ise hic\u0327bir s\u0327ekilde ayr\u0131s\u0327maks\u0131z\u0131n bir araday\u0131z, bu\u0308tu\u0308nu\u0308z demek ic\u0327in buraday\u0131z\u201d s\u0327eklinde konus\u0327tu. \u201cBiz hic\u0327 deg\u0306is\u0327medik; c\u0327u\u0308nku\u0308 gu\u0308cu\u0308n deg\u0306il hakkaniyetin yan\u0131nday\u0131z, du\u0308n neredeysek bugu\u0308n de oraday\u0131z\u201d diyen Sag\u0306kan, \u201cBulundug\u0306umuz yer Gazi Mustafa Kemal Atatu\u0308rk\u2019u\u0308n ilke ve devrimleri, Cumhuriyetin kurucu deg\u0306erleridir. Bulundug\u0306umuz yer laik, sosyal hukuk devleti ve insan haklar\u0131 temelinde yu\u0308kselen demokrasinin yan\u0131 bas\u0327\u0131d\u0131r. Bulundug\u0306umuz yer haks\u0131zl\u0131k kimden gelirse gelsin ve kime do\u0308nu\u0308k olursa olsun hic\u0327bir ayr\u0131m go\u0308zetmeksizin mag\u0306durun yan\u0131d\u0131r, hakk\u0131n, hukukun ve adaletin yan\u0131d\u0131r, insan onurunun yan\u0131d\u0131r\u201d ifadelerini kulland\u0131. Sag\u0306kan, avukatl\u0131k mesleg\u0306inin, ayn\u0131 zamanda bir hukuk devrimi olan Cumhuriyet fikrinin tas\u0327\u0131y\u0131c\u0131 unsurlar\u0131ndan biri oldug\u0306unu hat\u0131rlatt\u0131g\u0306\u0131 konus\u0327mas\u0131nda, \u201cBarolar\u0131n bag\u0306\u0131ms\u0131zl\u0131g\u0306\u0131, mahkemelerin bag\u0306\u0131ms\u0131zl\u0131g\u0306\u0131 kadar o\u0308nemlidir. I\u0307stanbul Barosu yo\u0308netimine yo\u0308nelik mu\u0308dahale, yurttas\u0327lar\u0131n hak ve o\u0308zgu\u0308rlu\u0308klerine yo\u0308nelik bir mu\u0308dahaledir. 147 y\u0131ll\u0131k &hellip;","og_url":"https:\/\/denizcankizil.tr\/de\/hukukihaber\/sagkan-bi\u0307z-susarsak-adalet-susar\/","og_site_name":"Av. Deniz Can K\u0131z\u0131l","article_published_time":"2025-02-23T15:15:00+00:00","author":"Hukuki Haber.net","twitter_card":"summary_large_image","twitter_misc":{"Verfasst von":"Hukuki Haber.net","Gesch\u00e4tzte Lesezeit":"11\u00a0Minuten"},"schema":{"@context":"https:\/\/schema.org","@graph":[{"@type":"Article","@id":"https:\/\/denizcankizil.tr\/uk\/hukukihaber\/sagkan-bi%cc%87z-susarsak-adalet-susar\/#article","isPartOf":{"@id":"https:\/\/denizcankizil.tr\/uk\/hukukihaber\/sagkan-bi%cc%87z-susarsak-adalet-susar\/"},"author":{"name":"Hukuki Haber.net","@id":"https:\/\/denizcankizil.tr\/de\/#\/schema\/person\/001a271de994a0aa3f90eea084424822"},"headline":"Sag\u0306kan: B\u0131\u0307z Susarsak Adalet Susar","datePublished":"2025-02-23T15:15:00+00:00","mainEntityOfPage":{"@id":"https:\/\/denizcankizil.tr\/uk\/hukukihaber\/sagkan-bi%cc%87z-susarsak-adalet-susar\/"},"wordCount":2290,"commentCount":0,"publisher":{"@id":"https:\/\/denizcankizil.tr\/de\/#organization"},"articleSection":["Hukuki Haberler"],"inLanguage":"de","potentialAction":[{"@type":"CommentAction","name":"Comment","target":["https:\/\/denizcankizil.tr\/uk\/hukukihaber\/sagkan-bi%cc%87z-susarsak-adalet-susar\/#respond"]}]},{"@type":"WebPage","@id":"https:\/\/denizcankizil.tr\/uk\/hukukihaber\/sagkan-bi%cc%87z-susarsak-adalet-susar\/","url":"https:\/\/denizcankizil.tr\/uk\/hukukihaber\/sagkan-bi%cc%87z-susarsak-adalet-susar\/","name":"Sag\u0306kan: B\u0131\u0307z Susarsak Adalet Susar - Av. Deniz Can K\u0131z\u0131l","isPartOf":{"@id":"https:\/\/denizcankizil.tr\/de\/#website"},"datePublished":"2025-02-23T15:15:00+00:00","breadcrumb":{"@id":"https:\/\/denizcankizil.tr\/uk\/hukukihaber\/sagkan-bi%cc%87z-susarsak-adalet-susar\/#breadcrumb"},"inLanguage":"de","potentialAction":[{"@type":"ReadAction","target":["https:\/\/denizcankizil.tr\/uk\/hukukihaber\/sagkan-bi%cc%87z-susarsak-adalet-susar\/"]}]},{"@type":"BreadcrumbList","@id":"https:\/\/denizcankizil.tr\/uk\/hukukihaber\/sagkan-bi%cc%87z-susarsak-adalet-susar\/#breadcrumb","itemListElement":[{"@type":"ListItem","position":1,"name":"Home","item":"https:\/\/denizcankizil.tr\/de\/"},{"@type":"ListItem","position":2,"name":"Sag\u0306kan: B\u0131\u0307z Susarsak Adalet Susar"}]},{"@type":"WebSite","@id":"https:\/\/denizcankizil.tr\/de\/#website","url":"https:\/\/denizcankizil.tr\/de\/","name":"Av. Deniz Can K\u0131z\u0131l","description":"Avukat Deniz Can K\u0131z\u0131l Antalya Barosu","publisher":{"@id":"https:\/\/denizcankizil.tr\/de\/#organization"},"potentialAction":[{"@type":"SearchAction","target":{"@type":"EntryPoint","urlTemplate":"https:\/\/denizcankizil.tr\/de\/?s={search_term_string}"},"query-input":{"@type":"PropertyValueSpecification","valueRequired":true,"valueName":"search_term_string"}}],"inLanguage":"de"},{"@type":"Organization","@id":"https:\/\/denizcankizil.tr\/de\/#organization","name":"Av. Deniz Can K\u0131z\u0131l","url":"https:\/\/denizcankizil.tr\/de\/","logo":{"@type":"ImageObject","inLanguage":"de","@id":"https:\/\/denizcankizil.tr\/de\/#\/schema\/logo\/image\/","url":"https:\/\/denizcankizil.tr\/wp-content\/uploads\/2024\/10\/siyah-logo-svg.svg","contentUrl":"https:\/\/denizcankizil.tr\/wp-content\/uploads\/2024\/10\/siyah-logo-svg.svg","width":1080,"height":1080,"caption":"Av. Deniz Can K\u0131z\u0131l"},"image":{"@id":"https:\/\/denizcankizil.tr\/de\/#\/schema\/logo\/image\/"}},{"@type":"Person","@id":"https:\/\/denizcankizil.tr\/de\/#\/schema\/person\/001a271de994a0aa3f90eea084424822","name":"Hukuki Haber.net","image":{"@type":"ImageObject","inLanguage":"de","@id":"https:\/\/denizcankizil.tr\/de\/#\/schema\/person\/image\/","url":"https:\/\/secure.gravatar.com\/avatar\/57d8a49151495586611a149d29fc42865b951dc053a84709a3172ccb5abf3118?s=96&d=mm&r=g","contentUrl":"https:\/\/secure.gravatar.com\/avatar\/57d8a49151495586611a149d29fc42865b951dc053a84709a3172ccb5abf3118?s=96&d=mm&r=g","caption":"Hukuki Haber.net"},"sameAs":["http:\/\/www.hukukihaber.net"],"url":"https:\/\/www.hukukihaber.net\/sagkan-biz-susarsak-adalet-susar"}]}},"_links":{"self":[{"href":"https:\/\/denizcankizil.tr\/de\/wp-json\/wp\/v2\/posts\/33926","targetHints":{"allow":["GET"]}}],"collection":[{"href":"https:\/\/denizcankizil.tr\/de\/wp-json\/wp\/v2\/posts"}],"about":[{"href":"https:\/\/denizcankizil.tr\/de\/wp-json\/wp\/v2\/types\/post"}],"author":[{"embeddable":true,"href":"https:\/\/denizcankizil.tr\/de\/wp-json\/wp\/v2\/users\/3"}],"replies":[{"embeddable":true,"href":"https:\/\/denizcankizil.tr\/de\/wp-json\/wp\/v2\/comments?post=33926"}],"version-history":[{"count":0,"href":"https:\/\/denizcankizil.tr\/de\/wp-json\/wp\/v2\/posts\/33926\/revisions"}],"wp:attachment":[{"href":"https:\/\/denizcankizil.tr\/de\/wp-json\/wp\/v2\/media?parent=33926"}],"wp:term":[{"taxonomy":"category","embeddable":true,"href":"https:\/\/denizcankizil.tr\/de\/wp-json\/wp\/v2\/categories?post=33926"},{"taxonomy":"post_tag","embeddable":true,"href":"https:\/\/denizcankizil.tr\/de\/wp-json\/wp\/v2\/tags?post=33926"}],"curies":[{"name":"wp","href":"https:\/\/api.w.org\/{rel}","templated":true}]}}