{"id":33805,"date":"2025-02-21T15:00:00","date_gmt":"2025-02-21T12:00:00","guid":{"rendered":"https:\/\/denizcankizil.tr\/uncategorized-tr\/hacze-giden-avukat-dehseti-yasadi-agir-yaralandi-3-ameliyat-gecirdi-baska-avukati-da-3-yerinden-bicaklamis\/"},"modified":"2025-02-21T15:00:00","modified_gmt":"2025-02-21T12:00:00","slug":"hacze-giden-avukat-dehseti-yasadi-agir-yaralandi-3-ameliyat-gecirdi-baska-avukati-da-3-yerinden-bicaklamis","status":"publish","type":"post","link":"https:\/\/denizcankizil.tr\/de\/hukukihaber\/hacze-giden-avukat-dehseti-yasadi-agir-yaralandi-3-ameliyat-gecirdi-baska-avukati-da-3-yerinden-bicaklamis\/","title":{"rendered":"Hacze giden avukat deh\u015feti ya\u015fad\u0131! A\u011f\u0131r yaraland\u0131, 3 ameliyat ge\u00e7irdi&#8230; &#8216;Ba\u015fka avukat\u0131 da 3 yerinden b\u0131\u00e7aklam\u0131\u015f&#8217;"},"content":{"rendered":"<p>\u0130stanbul\u2019dan \u015eanl\u0131urfa\u2019ya 9 Ocak 2024 tarihinde, kesinle\u015fmi\u015f alaca\u011f\u0131 tahsil etmeye giden Avukat B\u00fc\u015fra Teks\u00f6\u011f\u00fct, haciz i\u015flemleri s\u0131ras\u0131nda Ahmet E. taraf\u0131ndan darbedildi. Polis ve icra memurlar\u0131 ile birlikte bulundu\u011fu evden ayr\u0131lan Teks\u00f6\u011f\u00fct, bindi\u011fi dolmu\u015fta da Ahmet E. taraf\u0131ndan takip edilerek bir kez daha darbedildi.<\/p>\n<p>A\u011f\u0131r yaralanarak ambulansla hastaneye kald\u0131r\u0131lan Avukat Teks\u00f6\u011f\u00fct, ilki \u015eanl\u0131urfa\u2019da olmak \u00fczere 3 ameliyat ge\u00e7irdi. Fizik tedavi s\u00fcreci devam eden Teks\u00f6\u011f\u00fct, Ahmet E.&#8217;den \u015fikayet\u00e7i oldu. Ahmet E. 28 \u015eubat&#8217;ta \u015eanl\u0131urfa&#8217;da hakim kar\u015f\u0131s\u0131na \u00e7\u0131kacak.<\/p>\n<p>\u2018BU S\u00dcRE\u00c7 PS\u0130KOLOJ\u0130K OLARAK BEN\u0130 \u00c7OK ETK\u0130LED\u0130\u2019<\/p>\n<p>Avukat B\u00fc\u015fra Teks\u00f6\u011f\u00fct &#8220;Ge\u00e7en y\u0131l Ocak ay\u0131nda kesinle\u015fmi\u015f bir alaca\u011f\u0131m\u0131 tahsil amac\u0131yla Urfa\u2019n\u0131n Suru\u00e7 il\u00e7esine gittim. \u0130\u015flemlerimi tamamlad\u0131m. Daha sonra d\u00f6n\u00fc\u015f yolunda takip edildim. Takip edildi\u011fimi sald\u0131rd\u0131ktan sonra \u00f6\u011frendim. A\u011f\u0131r \u015fekilde yaraland\u0131m, hastaneye kald\u0131r\u0131ld\u0131m. Haciz i\u015flemleri i\u00e7in gitti\u011fim bor\u00e7lu taraf\u0131ndan sald\u0131r\u0131ya u\u011frad\u0131m. 2,5 ayl\u0131k bir hastane s\u00fcrecim, aylarca evde yat\u0131\u015f s\u00fcrecim oldu. 3 ameliyat ge\u00e7irdim. Ameliyatlar\u0131m hala devam ediyor. Baca\u011f\u0131mda platinler mevcut, kaybetti\u011fim belli ba\u015fl\u0131 dokular oldu. Bu s\u00fcre\u00e7 psikolojik olarak tabii ki beni \u00e7ok etkiledi. Sa\u011fl\u0131k problemlerim hala devam ediyor, tedavi s\u00fcrecim hala devam ediyor. Burada as\u0131l olay, yap\u0131lan sald\u0131r\u0131n\u0131n mesle\u011fe kar\u015f\u0131, bir avukata ve bir kad\u0131na yap\u0131lm\u0131\u015f olmas\u0131yd\u0131&#8221; dedi.<\/p>\n<p>\u201828 \u015eUBAT\u2018TA DURU\u015eMAM OLACAK\u2019<\/p>\n<p>Teks\u00f6\u011f\u00fct, &#8220;Bana yap\u0131lan sald\u0131r\u0131n\u0131n ard\u0131ndan hastane s\u00fcreci i\u00e7erisinde yarg\u0131lama a\u015famas\u0131 da devreye girdi. Yarg\u0131lama s\u00fcrecinde taraf\u0131ma \u2018kasten \u00f6ld\u00fcrmeye te\u015febb\u00fcs\u2019, \u2018kamu g\u00f6revlisine kasten \u00f6ld\u00fcrmeye te\u015febb\u00fcs\u2019 ve \u2018nitelikli ya\u011fma\u2019 su\u00e7lar\u0131 mevcutken; \u2018mala zarar verme\u2019, \u2018g\u00f6revi yapt\u0131rmamaya direnme\u2019 ve \u2018kasten yaralama\u2019 dan \u015fu anda dava devam ediyor. 28 \u015eubat\u2018ta \u015eanl\u0131urfa&#8217;da duru\u015fmam olacak, ilk duru\u015fma. Bu konuda ba\u015fta T\u00fcrkiye Barolar Birli\u011fi olmak \u00fczere b\u00fct\u00fcn baro ba\u015fkanlar\u0131n\u0131 ve duyarl\u0131 b\u00fct\u00fcn meslekta\u015flar\u0131m\u0131 yarg\u0131lama a\u015famas\u0131nda yan\u0131mda olmak i\u00e7in davet ediyorum. Burada \u00e7\u00fcnk\u00fc anlamam\u0131z gereken olay \u015fu ki, olay taraf\u0131ma yap\u0131lm\u0131\u015f bir sald\u0131r\u0131 de\u011fil, bir avukata, mesle\u011fe, savunma makam\u0131na yap\u0131lm\u0131\u015f bir sald\u0131r\u0131. Vatanda\u015f\u0131n savunma makam\u0131na olan sayg\u0131s\u0131n\u0131 zedeleyen bir hareketti. Herkesin savunma hakk\u0131 mevcuttur ancak vatanda\u015flar, avukat\u0131 dosyayla \u00f6zde\u015fle\u015ftirerek sanki tarafm\u0131\u015f gibi g\u00f6r\u00fcp kendilerine kin ve nefret g\u00fctmektedir. Bu y\u00fczden herkesi duyarl\u0131 olmaya davet ediyorum&#8221; ifadelerini kulland\u0131.<\/p>\n<p>&#8216;BA\u015eKA AVUKATI DA 3 YER\u0130NDEN BI\u00c7AKLAMI\u015e&#8217;<\/p>\n<p>Teks\u00f6\u011f\u00fct, \u201cNitekim bana sald\u0131ran \u015fah\u0131s, tahliye olduktan bir ay sonra bir ba\u015fka avukat\u0131 3 ayr\u0131 yerinden b\u0131\u00e7aklam\u0131\u015ft\u0131r. B\u00fct\u00fcn bunlar\u0131n kesilmesi i\u00e7in ciddi \u00f6nlemler al\u0131nmas\u0131 gerekti\u011fi kanaatindeyim. Benim i\u00e7in her g\u00fcn yapt\u0131\u011f\u0131m mesleki bir i\u015flemdi. Zaten \u015fahs\u0131n yak\u0131nlar\u0131yla muhatap olmu\u015ftum. Yan\u0131mda bir s\u00fcr\u00fc polis memuru mevcuttu. Ayn\u0131 zamanda icra memuru arac\u0131l\u0131\u011f\u0131yla yap\u0131lan bir i\u015flemdi. Yani daha sonra takip edilmem, tasarlanmas\u0131, kilometrelerce merkeze kadar benimle gelinmesi, bir anda \u00fczerime sald\u0131r\u0131lmas\u0131, b\u00f6yle bir vah\u015fetin, b\u00f6yle bir sinirin taraf\u0131ma y\u00f6nelece\u011fini hi\u00e7 beklemiyordum. Hala da taraf\u0131ma y\u00f6neltilen bu \u00f6fkenin sonu\u00e7lar\u0131n\u0131 ya\u015f\u0131yorum. Hem psikolojik olarak ya\u015f\u0131yorum, hem fiziksel olarak ya\u015f\u0131yorum. Sald\u0131r\u0131y\u0131 ya\u015fad\u0131\u011f\u0131m tarihten bug\u00fcne kadar, bir \u00f6nceki d\u00f6nem ba\u015fkan\u0131 Avukat Filiz Sara\u00e7\u2019\u0131n \u00e7ok deste\u011fini g\u00f6rd\u00fcm. Sa\u011fl\u0131k a\u015famas\u0131nda, tedavi s\u00fcrecinde de deste\u011fini verdi, hala da desteklemeye devam ediyor. Ayn\u0131 deste\u011fi ve yard\u0131m\u0131, \u0130stanbul Barosu\u2019nun yeni y\u00f6netim kurulundan da g\u00f6rece\u011fime inan\u0131yorum, g\u00f6r\u00fc\u015fmelerimiz devam ediyor&#8221; dedi.\u00a0<\/p>\n<p>\u200b\u015eanl\u0131urfa&#8217;ya haciz i\u015flemleri i\u00e7in giden Avukat B\u00fc\u015fra Teks\u00f6\u011f\u00fct (24), bor\u00e7lu taraf\u0131ndan takip edilerek sald\u0131r\u0131ya u\u011frad\u0131. Ge\u00e7en y\u0131l 9 Ocak&#8217;ta ya\u015fad\u0131\u011f\u0131 sald\u0131r\u0131da a\u011f\u0131r yaralanarak 2,5 ay hastanede tedavi g\u00f6ren Teks\u00f6\u011f\u00fct, &#8220;3 ameliyat ge\u00e7irdim, ameliyatlar\u0131m hala devam ediyor. Yap\u0131lan sald\u0131r\u0131n\u0131n ard\u0131ndan yarg\u0131lama s\u00fcreci ba\u015flad\u0131. Olay taraf\u0131ma yap\u0131lm\u0131\u015f bir sald\u0131r\u0131 de\u011fil, bir avukata, mesle\u011fe ve savunma makam\u0131na yap\u0131lm\u0131\u015f bir sald\u0131r\u0131d\u0131r&#8221; dedi.\u00a0Hukuki Haber<\/p>","protected":false},"excerpt":{"rendered":"<p>\u0130stanbul\u2019dan \u015eanl\u0131urfa\u2019ya 9 Ocak 2024 tarihinde, kesinle\u015fmi\u015f alaca\u011f\u0131 tahsil etmeye giden Avukat B\u00fc\u015fra Teks\u00f6\u011f\u00fct, haciz i\u015flemleri s\u0131ras\u0131nda Ahmet E. taraf\u0131ndan darbedildi. Polis ve icra memurlar\u0131 ile birlikte bulundu\u011fu evden ayr\u0131lan Teks\u00f6\u011f\u00fct, bindi\u011fi dolmu\u015fta da Ahmet E. taraf\u0131ndan takip edilerek bir kez daha darbedildi. A\u011f\u0131r yaralanarak ambulansla hastaneye kald\u0131r\u0131lan Avukat Teks\u00f6\u011f\u00fct, ilki \u015eanl\u0131urfa\u2019da olmak \u00fczere 3 ameliyat ge\u00e7irdi. Fizik tedavi s\u00fcreci devam eden Teks\u00f6\u011f\u00fct, Ahmet E.&#8217;den \u015fikayet\u00e7i oldu. Ahmet E. 28 \u015eubat&#8217;ta \u015eanl\u0131urfa&#8217;da hakim kar\u015f\u0131s\u0131na \u00e7\u0131kacak. \u2018BU S\u00dcRE\u00c7 PS\u0130KOLOJ\u0130K OLARAK BEN\u0130 \u00c7OK ETK\u0130LED\u0130\u2019 Avukat B\u00fc\u015fra Teks\u00f6\u011f\u00fct &#8220;Ge\u00e7en y\u0131l Ocak ay\u0131nda kesinle\u015fmi\u015f bir alaca\u011f\u0131m\u0131 tahsil amac\u0131yla Urfa\u2019n\u0131n Suru\u00e7 il\u00e7esine gittim. \u0130\u015flemlerimi tamamlad\u0131m. Daha sonra d\u00f6n\u00fc\u015f yolunda takip edildim. Takip edildi\u011fimi sald\u0131rd\u0131ktan sonra \u00f6\u011frendim. A\u011f\u0131r \u015fekilde yaraland\u0131m, hastaneye kald\u0131r\u0131ld\u0131m. Haciz i\u015flemleri i\u00e7in gitti\u011fim bor\u00e7lu taraf\u0131ndan sald\u0131r\u0131ya u\u011frad\u0131m. 2,5 ayl\u0131k bir hastane s\u00fcrecim, aylarca evde yat\u0131\u015f s\u00fcrecim oldu. 3 ameliyat ge\u00e7irdim. Ameliyatlar\u0131m hala devam ediyor. Baca\u011f\u0131mda platinler mevcut, kaybetti\u011fim belli ba\u015fl\u0131 dokular oldu. Bu s\u00fcre\u00e7 psikolojik olarak tabii ki beni \u00e7ok etkiledi. Sa\u011fl\u0131k problemlerim hala devam ediyor, tedavi s\u00fcrecim hala devam ediyor. Burada as\u0131l olay, yap\u0131lan sald\u0131r\u0131n\u0131n mesle\u011fe kar\u015f\u0131, bir avukata ve bir kad\u0131na yap\u0131lm\u0131\u015f olmas\u0131yd\u0131&#8221; dedi. \u201828 \u015eUBAT\u2018TA DURU\u015eMAM OLACAK\u2019 Teks\u00f6\u011f\u00fct, &#8220;Bana yap\u0131lan sald\u0131r\u0131n\u0131n ard\u0131ndan hastane s\u00fcreci i\u00e7erisinde yarg\u0131lama a\u015famas\u0131 da devreye girdi. &hellip;<\/p>","protected":false},"author":3,"featured_media":0,"comment_status":"open","ping_status":"open","sticky":false,"template":"","format":"standard","meta":{"_acf_changed":false,"footnotes":""},"categories":[27],"tags":[],"class_list":["post-33805","post","type-post","status-publish","format-standard","has-post-thumbnail","hentry","category-hukukihaber"],"acf":[],"yoast_head":"<!-- This site is optimized with the Yoast SEO Premium plugin v26.6 (Yoast SEO v27.1.1) - https:\/\/yoast.com\/product\/yoast-seo-premium-wordpress\/ -->\n<title>Hacze giden avukat deh\u015feti ya\u015fad\u0131! A\u011f\u0131r yaraland\u0131, 3 ameliyat ge\u00e7irdi... &#039;Ba\u015fka avukat\u0131 da 3 yerinden b\u0131\u00e7aklam\u0131\u015f&#039; - Av. Deniz Can K\u0131z\u0131l<\/title>\n<meta name=\"robots\" content=\"index, follow, max-snippet:-1, max-image-preview:large, max-video-preview:-1\" \/>\n<link rel=\"canonical\" href=\"https:\/\/denizcankizil.tr\/de\/hukukihaber\/hacze-giden-avukat-dehseti-yasadi-agir-yaralandi-3-ameliyat-gecirdi-baska-avukati-da-3-yerinden-bicaklamis\/\" \/>\n<meta property=\"og:locale\" content=\"de_DE\" \/>\n<meta property=\"og:type\" content=\"article\" \/>\n<meta property=\"og:title\" content=\"Hacze giden avukat deh\u015feti ya\u015fad\u0131! A\u011f\u0131r yaraland\u0131, 3 ameliyat ge\u00e7irdi... &#039;Ba\u015fka avukat\u0131 da 3 yerinden b\u0131\u00e7aklam\u0131\u015f&#039;\" \/>\n<meta property=\"og:description\" content=\"\u0130stanbul\u2019dan \u015eanl\u0131urfa\u2019ya 9 Ocak 2024 tarihinde, kesinle\u015fmi\u015f alaca\u011f\u0131 tahsil etmeye giden Avukat B\u00fc\u015fra Teks\u00f6\u011f\u00fct, haciz i\u015flemleri s\u0131ras\u0131nda Ahmet E. taraf\u0131ndan darbedildi. Polis ve icra memurlar\u0131 ile birlikte bulundu\u011fu evden ayr\u0131lan Teks\u00f6\u011f\u00fct, bindi\u011fi dolmu\u015fta da Ahmet E. taraf\u0131ndan takip edilerek bir kez daha darbedildi. A\u011f\u0131r yaralanarak ambulansla hastaneye kald\u0131r\u0131lan Avukat Teks\u00f6\u011f\u00fct, ilki \u015eanl\u0131urfa\u2019da olmak \u00fczere 3 ameliyat ge\u00e7irdi. Fizik tedavi s\u00fcreci devam eden Teks\u00f6\u011f\u00fct, Ahmet E.&#8217;den \u015fikayet\u00e7i oldu. Ahmet E. 28 \u015eubat&#8217;ta \u015eanl\u0131urfa&#8217;da hakim kar\u015f\u0131s\u0131na \u00e7\u0131kacak. \u2018BU S\u00dcRE\u00c7 PS\u0130KOLOJ\u0130K OLARAK BEN\u0130 \u00c7OK ETK\u0130LED\u0130\u2019 Avukat B\u00fc\u015fra Teks\u00f6\u011f\u00fct &#8220;Ge\u00e7en y\u0131l Ocak ay\u0131nda kesinle\u015fmi\u015f bir alaca\u011f\u0131m\u0131 tahsil amac\u0131yla Urfa\u2019n\u0131n Suru\u00e7 il\u00e7esine gittim. \u0130\u015flemlerimi tamamlad\u0131m. Daha sonra d\u00f6n\u00fc\u015f yolunda takip edildim. Takip edildi\u011fimi sald\u0131rd\u0131ktan sonra \u00f6\u011frendim. A\u011f\u0131r \u015fekilde yaraland\u0131m, hastaneye kald\u0131r\u0131ld\u0131m. Haciz i\u015flemleri i\u00e7in gitti\u011fim bor\u00e7lu taraf\u0131ndan sald\u0131r\u0131ya u\u011frad\u0131m. 2,5 ayl\u0131k bir hastane s\u00fcrecim, aylarca evde yat\u0131\u015f s\u00fcrecim oldu. 3 ameliyat ge\u00e7irdim. Ameliyatlar\u0131m hala devam ediyor. Baca\u011f\u0131mda platinler mevcut, kaybetti\u011fim belli ba\u015fl\u0131 dokular oldu. Bu s\u00fcre\u00e7 psikolojik olarak tabii ki beni \u00e7ok etkiledi. Sa\u011fl\u0131k problemlerim hala devam ediyor, tedavi s\u00fcrecim hala devam ediyor. Burada as\u0131l olay, yap\u0131lan sald\u0131r\u0131n\u0131n mesle\u011fe kar\u015f\u0131, bir avukata ve bir kad\u0131na yap\u0131lm\u0131\u015f olmas\u0131yd\u0131&#8221; dedi. \u201828 \u015eUBAT\u2018TA DURU\u015eMAM OLACAK\u2019 Teks\u00f6\u011f\u00fct, &#8220;Bana yap\u0131lan sald\u0131r\u0131n\u0131n ard\u0131ndan hastane s\u00fcreci i\u00e7erisinde yarg\u0131lama a\u015famas\u0131 da devreye girdi. &hellip;\" \/>\n<meta property=\"og:url\" content=\"https:\/\/denizcankizil.tr\/de\/hukukihaber\/hacze-giden-avukat-dehseti-yasadi-agir-yaralandi-3-ameliyat-gecirdi-baska-avukati-da-3-yerinden-bicaklamis\/\" \/>\n<meta property=\"og:site_name\" content=\"Av. Deniz Can K\u0131z\u0131l\" \/>\n<meta property=\"article:published_time\" content=\"2025-02-21T12:00:00+00:00\" \/>\n<meta name=\"author\" content=\"Hukuki Haber.net\" \/>\n<meta name=\"twitter:card\" content=\"summary_large_image\" \/>\n<meta name=\"twitter:label1\" content=\"Verfasst von\" \/>\n\t<meta name=\"twitter:data1\" content=\"Hukuki Haber.net\" \/>\n\t<meta name=\"twitter:label2\" content=\"Gesch\u00e4tzte Lesezeit\" \/>\n\t<meta name=\"twitter:data2\" content=\"4\u00a0Minuten\" \/>\n<script type=\"application\/ld+json\" class=\"yoast-schema-graph\">{\"@context\":\"https:\/\/schema.org\",\"@graph\":[{\"@type\":\"Article\",\"@id\":\"https:\/\/denizcankizil.tr\/de\/hukukihaber\/hacze-giden-avukat-dehseti-yasadi-agir-yaralandi-3-ameliyat-gecirdi-baska-avukati-da-3-yerinden-bicaklamis\/#article\",\"isPartOf\":{\"@id\":\"https:\/\/denizcankizil.tr\/de\/hukukihaber\/hacze-giden-avukat-dehseti-yasadi-agir-yaralandi-3-ameliyat-gecirdi-baska-avukati-da-3-yerinden-bicaklamis\/\"},\"author\":{\"name\":\"Hukuki Haber.net\",\"@id\":\"https:\/\/denizcankizil.tr\/#\/schema\/person\/001a271de994a0aa3f90eea084424822\"},\"headline\":\"Hacze giden avukat deh\u015feti ya\u015fad\u0131! A\u011f\u0131r yaraland\u0131, 3 ameliyat ge\u00e7irdi&#8230; &#8216;Ba\u015fka avukat\u0131 da 3 yerinden b\u0131\u00e7aklam\u0131\u015f&#8217;\",\"datePublished\":\"2025-02-21T12:00:00+00:00\",\"mainEntityOfPage\":{\"@id\":\"https:\/\/denizcankizil.tr\/de\/hukukihaber\/hacze-giden-avukat-dehseti-yasadi-agir-yaralandi-3-ameliyat-gecirdi-baska-avukati-da-3-yerinden-bicaklamis\/\"},\"wordCount\":790,\"commentCount\":0,\"publisher\":{\"@id\":\"https:\/\/denizcankizil.tr\/#organization\"},\"articleSection\":[\"Hukuki Haberler\"],\"inLanguage\":\"de\",\"potentialAction\":[{\"@type\":\"CommentAction\",\"name\":\"Comment\",\"target\":[\"https:\/\/denizcankizil.tr\/de\/hukukihaber\/hacze-giden-avukat-dehseti-yasadi-agir-yaralandi-3-ameliyat-gecirdi-baska-avukati-da-3-yerinden-bicaklamis\/#respond\"]}]},{\"@type\":\"WebPage\",\"@id\":\"https:\/\/denizcankizil.tr\/de\/hukukihaber\/hacze-giden-avukat-dehseti-yasadi-agir-yaralandi-3-ameliyat-gecirdi-baska-avukati-da-3-yerinden-bicaklamis\/\",\"url\":\"https:\/\/denizcankizil.tr\/de\/hukukihaber\/hacze-giden-avukat-dehseti-yasadi-agir-yaralandi-3-ameliyat-gecirdi-baska-avukati-da-3-yerinden-bicaklamis\/\",\"name\":\"Hacze giden avukat deh\u015feti ya\u015fad\u0131! A\u011f\u0131r yaraland\u0131, 3 ameliyat ge\u00e7irdi... 'Ba\u015fka avukat\u0131 da 3 yerinden b\u0131\u00e7aklam\u0131\u015f' - Av. Deniz Can K\u0131z\u0131l\",\"isPartOf\":{\"@id\":\"https:\/\/denizcankizil.tr\/#website\"},\"datePublished\":\"2025-02-21T12:00:00+00:00\",\"breadcrumb\":{\"@id\":\"https:\/\/denizcankizil.tr\/de\/hukukihaber\/hacze-giden-avukat-dehseti-yasadi-agir-yaralandi-3-ameliyat-gecirdi-baska-avukati-da-3-yerinden-bicaklamis\/#breadcrumb\"},\"inLanguage\":\"de\",\"potentialAction\":[{\"@type\":\"ReadAction\",\"target\":[\"https:\/\/denizcankizil.tr\/de\/hukukihaber\/hacze-giden-avukat-dehseti-yasadi-agir-yaralandi-3-ameliyat-gecirdi-baska-avukati-da-3-yerinden-bicaklamis\/\"]}]},{\"@type\":\"BreadcrumbList\",\"@id\":\"https:\/\/denizcankizil.tr\/de\/hukukihaber\/hacze-giden-avukat-dehseti-yasadi-agir-yaralandi-3-ameliyat-gecirdi-baska-avukati-da-3-yerinden-bicaklamis\/#breadcrumb\",\"itemListElement\":[{\"@type\":\"ListItem\",\"position\":1,\"name\":\"Home\",\"item\":\"https:\/\/denizcankizil.tr\/uk\/\"},{\"@type\":\"ListItem\",\"position\":2,\"name\":\"Hacze giden avukat deh\u015feti ya\u015fad\u0131! A\u011f\u0131r yaraland\u0131, 3 ameliyat ge\u00e7irdi&#8230; &#8216;Ba\u015fka avukat\u0131 da 3 yerinden b\u0131\u00e7aklam\u0131\u015f&#8217;\"}]},{\"@type\":\"WebSite\",\"@id\":\"https:\/\/denizcankizil.tr\/#website\",\"url\":\"https:\/\/denizcankizil.tr\/\",\"name\":\"Av. Deniz Can K\u0131z\u0131l\",\"description\":\"Avukat Deniz Can K\u0131z\u0131l Antalya Barosu\",\"publisher\":{\"@id\":\"https:\/\/denizcankizil.tr\/#organization\"},\"potentialAction\":[{\"@type\":\"SearchAction\",\"target\":{\"@type\":\"EntryPoint\",\"urlTemplate\":\"https:\/\/denizcankizil.tr\/?s={search_term_string}\"},\"query-input\":{\"@type\":\"PropertyValueSpecification\",\"valueRequired\":true,\"valueName\":\"search_term_string\"}}],\"inLanguage\":\"de\"},{\"@type\":\"Organization\",\"@id\":\"https:\/\/denizcankizil.tr\/#organization\",\"name\":\"Av. Deniz Can K\u0131z\u0131l\",\"url\":\"https:\/\/denizcankizil.tr\/\",\"logo\":{\"@type\":\"ImageObject\",\"inLanguage\":\"de\",\"@id\":\"https:\/\/denizcankizil.tr\/#\/schema\/logo\/image\/\",\"url\":\"https:\/\/denizcankizil.tr\/wp-content\/uploads\/2024\/10\/siyah-logo-svg.svg\",\"contentUrl\":\"https:\/\/denizcankizil.tr\/wp-content\/uploads\/2024\/10\/siyah-logo-svg.svg\",\"width\":1080,\"height\":1080,\"caption\":\"Av. Deniz Can K\u0131z\u0131l\"},\"image\":{\"@id\":\"https:\/\/denizcankizil.tr\/#\/schema\/logo\/image\/\"}},{\"@type\":\"Person\",\"@id\":\"https:\/\/denizcankizil.tr\/#\/schema\/person\/001a271de994a0aa3f90eea084424822\",\"name\":\"Hukuki Haber.net\",\"image\":{\"@type\":\"ImageObject\",\"inLanguage\":\"de\",\"@id\":\"https:\/\/denizcankizil.tr\/#\/schema\/person\/image\/\",\"url\":\"https:\/\/secure.gravatar.com\/avatar\/57d8a49151495586611a149d29fc42865b951dc053a84709a3172ccb5abf3118?s=96&d=mm&r=g\",\"contentUrl\":\"https:\/\/secure.gravatar.com\/avatar\/57d8a49151495586611a149d29fc42865b951dc053a84709a3172ccb5abf3118?s=96&d=mm&r=g\",\"caption\":\"Hukuki Haber.net\"},\"sameAs\":[\"http:\/\/www.hukukihaber.net\"],\"url\":\"https:\/\/www.hukukihaber.net\/hacze-giden-avukat-dehseti-yasadi-agir-yaralandi-3-ameliyat-gecirdi-baska-avukati-da-3-yerinden-bicaklamis\"}]}<\/script>\n<!-- \/ Yoast SEO Premium plugin. -->","yoast_head_json":{"title":"Hacze giden avukat deh\u015feti ya\u015fad\u0131! A\u011f\u0131r yaraland\u0131, 3 ameliyat ge\u00e7irdi... 'Ba\u015fka avukat\u0131 da 3 yerinden b\u0131\u00e7aklam\u0131\u015f' - Av. Deniz Can K\u0131z\u0131l","robots":{"index":"index","follow":"follow","max-snippet":"max-snippet:-1","max-image-preview":"max-image-preview:large","max-video-preview":"max-video-preview:-1"},"canonical":"https:\/\/denizcankizil.tr\/de\/hukukihaber\/hacze-giden-avukat-dehseti-yasadi-agir-yaralandi-3-ameliyat-gecirdi-baska-avukati-da-3-yerinden-bicaklamis\/","og_locale":"de_DE","og_type":"article","og_title":"Hacze giden avukat deh\u015feti ya\u015fad\u0131! A\u011f\u0131r yaraland\u0131, 3 ameliyat ge\u00e7irdi... 'Ba\u015fka avukat\u0131 da 3 yerinden b\u0131\u00e7aklam\u0131\u015f'","og_description":"\u0130stanbul\u2019dan \u015eanl\u0131urfa\u2019ya 9 Ocak 2024 tarihinde, kesinle\u015fmi\u015f alaca\u011f\u0131 tahsil etmeye giden Avukat B\u00fc\u015fra Teks\u00f6\u011f\u00fct, haciz i\u015flemleri s\u0131ras\u0131nda Ahmet E. taraf\u0131ndan darbedildi. Polis ve icra memurlar\u0131 ile birlikte bulundu\u011fu evden ayr\u0131lan Teks\u00f6\u011f\u00fct, bindi\u011fi dolmu\u015fta da Ahmet E. taraf\u0131ndan takip edilerek bir kez daha darbedildi. A\u011f\u0131r yaralanarak ambulansla hastaneye kald\u0131r\u0131lan Avukat Teks\u00f6\u011f\u00fct, ilki \u015eanl\u0131urfa\u2019da olmak \u00fczere 3 ameliyat ge\u00e7irdi. Fizik tedavi s\u00fcreci devam eden Teks\u00f6\u011f\u00fct, Ahmet E.&#8217;den \u015fikayet\u00e7i oldu. Ahmet E. 28 \u015eubat&#8217;ta \u015eanl\u0131urfa&#8217;da hakim kar\u015f\u0131s\u0131na \u00e7\u0131kacak. \u2018BU S\u00dcRE\u00c7 PS\u0130KOLOJ\u0130K OLARAK BEN\u0130 \u00c7OK ETK\u0130LED\u0130\u2019 Avukat B\u00fc\u015fra Teks\u00f6\u011f\u00fct &#8220;Ge\u00e7en y\u0131l Ocak ay\u0131nda kesinle\u015fmi\u015f bir alaca\u011f\u0131m\u0131 tahsil amac\u0131yla Urfa\u2019n\u0131n Suru\u00e7 il\u00e7esine gittim. \u0130\u015flemlerimi tamamlad\u0131m. Daha sonra d\u00f6n\u00fc\u015f yolunda takip edildim. Takip edildi\u011fimi sald\u0131rd\u0131ktan sonra \u00f6\u011frendim. A\u011f\u0131r \u015fekilde yaraland\u0131m, hastaneye kald\u0131r\u0131ld\u0131m. Haciz i\u015flemleri i\u00e7in gitti\u011fim bor\u00e7lu taraf\u0131ndan sald\u0131r\u0131ya u\u011frad\u0131m. 2,5 ayl\u0131k bir hastane s\u00fcrecim, aylarca evde yat\u0131\u015f s\u00fcrecim oldu. 3 ameliyat ge\u00e7irdim. Ameliyatlar\u0131m hala devam ediyor. Baca\u011f\u0131mda platinler mevcut, kaybetti\u011fim belli ba\u015fl\u0131 dokular oldu. Bu s\u00fcre\u00e7 psikolojik olarak tabii ki beni \u00e7ok etkiledi. Sa\u011fl\u0131k problemlerim hala devam ediyor, tedavi s\u00fcrecim hala devam ediyor. Burada as\u0131l olay, yap\u0131lan sald\u0131r\u0131n\u0131n mesle\u011fe kar\u015f\u0131, bir avukata ve bir kad\u0131na yap\u0131lm\u0131\u015f olmas\u0131yd\u0131&#8221; dedi. \u201828 \u015eUBAT\u2018TA DURU\u015eMAM OLACAK\u2019 Teks\u00f6\u011f\u00fct, &#8220;Bana yap\u0131lan sald\u0131r\u0131n\u0131n ard\u0131ndan hastane s\u00fcreci i\u00e7erisinde yarg\u0131lama a\u015famas\u0131 da devreye girdi. &hellip;","og_url":"https:\/\/denizcankizil.tr\/de\/hukukihaber\/hacze-giden-avukat-dehseti-yasadi-agir-yaralandi-3-ameliyat-gecirdi-baska-avukati-da-3-yerinden-bicaklamis\/","og_site_name":"Av. Deniz Can K\u0131z\u0131l","article_published_time":"2025-02-21T12:00:00+00:00","author":"Hukuki Haber.net","twitter_card":"summary_large_image","twitter_misc":{"Verfasst von":"Hukuki Haber.net","Gesch\u00e4tzte Lesezeit":"4\u00a0Minuten"},"schema":{"@context":"https:\/\/schema.org","@graph":[{"@type":"Article","@id":"https:\/\/denizcankizil.tr\/de\/hukukihaber\/hacze-giden-avukat-dehseti-yasadi-agir-yaralandi-3-ameliyat-gecirdi-baska-avukati-da-3-yerinden-bicaklamis\/#article","isPartOf":{"@id":"https:\/\/denizcankizil.tr\/de\/hukukihaber\/hacze-giden-avukat-dehseti-yasadi-agir-yaralandi-3-ameliyat-gecirdi-baska-avukati-da-3-yerinden-bicaklamis\/"},"author":{"name":"Hukuki Haber.net","@id":"https:\/\/denizcankizil.tr\/#\/schema\/person\/001a271de994a0aa3f90eea084424822"},"headline":"Hacze giden avukat deh\u015feti ya\u015fad\u0131! A\u011f\u0131r yaraland\u0131, 3 ameliyat ge\u00e7irdi&#8230; &#8216;Ba\u015fka avukat\u0131 da 3 yerinden b\u0131\u00e7aklam\u0131\u015f&#8217;","datePublished":"2025-02-21T12:00:00+00:00","mainEntityOfPage":{"@id":"https:\/\/denizcankizil.tr\/de\/hukukihaber\/hacze-giden-avukat-dehseti-yasadi-agir-yaralandi-3-ameliyat-gecirdi-baska-avukati-da-3-yerinden-bicaklamis\/"},"wordCount":790,"commentCount":0,"publisher":{"@id":"https:\/\/denizcankizil.tr\/#organization"},"articleSection":["Hukuki Haberler"],"inLanguage":"de","potentialAction":[{"@type":"CommentAction","name":"Comment","target":["https:\/\/denizcankizil.tr\/de\/hukukihaber\/hacze-giden-avukat-dehseti-yasadi-agir-yaralandi-3-ameliyat-gecirdi-baska-avukati-da-3-yerinden-bicaklamis\/#respond"]}]},{"@type":"WebPage","@id":"https:\/\/denizcankizil.tr\/de\/hukukihaber\/hacze-giden-avukat-dehseti-yasadi-agir-yaralandi-3-ameliyat-gecirdi-baska-avukati-da-3-yerinden-bicaklamis\/","url":"https:\/\/denizcankizil.tr\/de\/hukukihaber\/hacze-giden-avukat-dehseti-yasadi-agir-yaralandi-3-ameliyat-gecirdi-baska-avukati-da-3-yerinden-bicaklamis\/","name":"Hacze giden avukat deh\u015feti ya\u015fad\u0131! A\u011f\u0131r yaraland\u0131, 3 ameliyat ge\u00e7irdi... 'Ba\u015fka avukat\u0131 da 3 yerinden b\u0131\u00e7aklam\u0131\u015f' - Av. Deniz Can K\u0131z\u0131l","isPartOf":{"@id":"https:\/\/denizcankizil.tr\/#website"},"datePublished":"2025-02-21T12:00:00+00:00","breadcrumb":{"@id":"https:\/\/denizcankizil.tr\/de\/hukukihaber\/hacze-giden-avukat-dehseti-yasadi-agir-yaralandi-3-ameliyat-gecirdi-baska-avukati-da-3-yerinden-bicaklamis\/#breadcrumb"},"inLanguage":"de","potentialAction":[{"@type":"ReadAction","target":["https:\/\/denizcankizil.tr\/de\/hukukihaber\/hacze-giden-avukat-dehseti-yasadi-agir-yaralandi-3-ameliyat-gecirdi-baska-avukati-da-3-yerinden-bicaklamis\/"]}]},{"@type":"BreadcrumbList","@id":"https:\/\/denizcankizil.tr\/de\/hukukihaber\/hacze-giden-avukat-dehseti-yasadi-agir-yaralandi-3-ameliyat-gecirdi-baska-avukati-da-3-yerinden-bicaklamis\/#breadcrumb","itemListElement":[{"@type":"ListItem","position":1,"name":"Home","item":"https:\/\/denizcankizil.tr\/uk\/"},{"@type":"ListItem","position":2,"name":"Hacze giden avukat deh\u015feti ya\u015fad\u0131! A\u011f\u0131r yaraland\u0131, 3 ameliyat ge\u00e7irdi&#8230; &#8216;Ba\u015fka avukat\u0131 da 3 yerinden b\u0131\u00e7aklam\u0131\u015f&#8217;"}]},{"@type":"WebSite","@id":"https:\/\/denizcankizil.tr\/#website","url":"https:\/\/denizcankizil.tr\/","name":"Av. Deniz Can K\u0131z\u0131l","description":"Avukat Deniz Can K\u0131z\u0131l Antalya Barosu","publisher":{"@id":"https:\/\/denizcankizil.tr\/#organization"},"potentialAction":[{"@type":"SearchAction","target":{"@type":"EntryPoint","urlTemplate":"https:\/\/denizcankizil.tr\/?s={search_term_string}"},"query-input":{"@type":"PropertyValueSpecification","valueRequired":true,"valueName":"search_term_string"}}],"inLanguage":"de"},{"@type":"Organization","@id":"https:\/\/denizcankizil.tr\/#organization","name":"Av. Deniz Can K\u0131z\u0131l","url":"https:\/\/denizcankizil.tr\/","logo":{"@type":"ImageObject","inLanguage":"de","@id":"https:\/\/denizcankizil.tr\/#\/schema\/logo\/image\/","url":"https:\/\/denizcankizil.tr\/wp-content\/uploads\/2024\/10\/siyah-logo-svg.svg","contentUrl":"https:\/\/denizcankizil.tr\/wp-content\/uploads\/2024\/10\/siyah-logo-svg.svg","width":1080,"height":1080,"caption":"Av. Deniz Can K\u0131z\u0131l"},"image":{"@id":"https:\/\/denizcankizil.tr\/#\/schema\/logo\/image\/"}},{"@type":"Person","@id":"https:\/\/denizcankizil.tr\/#\/schema\/person\/001a271de994a0aa3f90eea084424822","name":"Hukuki Haber.net","image":{"@type":"ImageObject","inLanguage":"de","@id":"https:\/\/denizcankizil.tr\/#\/schema\/person\/image\/","url":"https:\/\/secure.gravatar.com\/avatar\/57d8a49151495586611a149d29fc42865b951dc053a84709a3172ccb5abf3118?s=96&d=mm&r=g","contentUrl":"https:\/\/secure.gravatar.com\/avatar\/57d8a49151495586611a149d29fc42865b951dc053a84709a3172ccb5abf3118?s=96&d=mm&r=g","caption":"Hukuki Haber.net"},"sameAs":["http:\/\/www.hukukihaber.net"],"url":"https:\/\/www.hukukihaber.net\/hacze-giden-avukat-dehseti-yasadi-agir-yaralandi-3-ameliyat-gecirdi-baska-avukati-da-3-yerinden-bicaklamis"}]}},"_links":{"self":[{"href":"https:\/\/denizcankizil.tr\/de\/wp-json\/wp\/v2\/posts\/33805","targetHints":{"allow":["GET"]}}],"collection":[{"href":"https:\/\/denizcankizil.tr\/de\/wp-json\/wp\/v2\/posts"}],"about":[{"href":"https:\/\/denizcankizil.tr\/de\/wp-json\/wp\/v2\/types\/post"}],"author":[{"embeddable":true,"href":"https:\/\/denizcankizil.tr\/de\/wp-json\/wp\/v2\/users\/3"}],"replies":[{"embeddable":true,"href":"https:\/\/denizcankizil.tr\/de\/wp-json\/wp\/v2\/comments?post=33805"}],"version-history":[{"count":0,"href":"https:\/\/denizcankizil.tr\/de\/wp-json\/wp\/v2\/posts\/33805\/revisions"}],"wp:attachment":[{"href":"https:\/\/denizcankizil.tr\/de\/wp-json\/wp\/v2\/media?parent=33805"}],"wp:term":[{"taxonomy":"category","embeddable":true,"href":"https:\/\/denizcankizil.tr\/de\/wp-json\/wp\/v2\/categories?post=33805"},{"taxonomy":"post_tag","embeddable":true,"href":"https:\/\/denizcankizil.tr\/de\/wp-json\/wp\/v2\/tags?post=33805"}],"curies":[{"name":"wp","href":"https:\/\/api.w.org\/{rel}","templated":true}]}}