{"id":33602,"date":"2025-02-20T10:41:51","date_gmt":"2025-02-20T07:41:51","guid":{"rendered":"https:\/\/denizcankizil.tr\/uncategorized-tr\/kocaelide-atik-pil-farkindaligi\/"},"modified":"2025-02-20T10:41:51","modified_gmt":"2025-02-20T07:41:51","slug":"kocaelide-atik-pil-farkindaligi","status":"publish","type":"post","link":"https:\/\/denizcankizil.tr\/de\/haberler\/gundem\/kocaelide-atik-pil-farkindaligi\/","title":{"rendered":"Kocaeli&#8217;de &#8216;at\u0131k pil&#8217; fark\u0131ndal\u0131\u011f\u0131"},"content":{"rendered":"<p>Kocaeli B\u00fcy\u00fck\u015fehir, 18 \u015eubat D\u00fcnya Pil G\u00fcn\u00fc fark\u0131ndal\u0131k \u00e7al\u0131\u015fmas\u0131 kapsam\u0131nda Gebze Bal\u00e7\u0131k \u0130lkokulu ve Ortaokulu \u00f6\u011frencilerini bilin\u00e7lendirdi.KOCAEL\u0130 (\u0130GFA) &#8211; Kocaeli\u00a0B\u00fcy\u00fck\u015fehir Belediyesi, s\u0131f\u0131r at\u0131k hedefi do\u011frultusunda at\u0131k pillerin \u00e7evreye zarar vermeden toplanmas\u0131 ve geri d\u00f6n\u00fc\u015ft\u00fcr\u00fclmesi amac\u0131yla 18 \u015eubat D\u00fcnya Pil G\u00fcn\u00fc\u2019nde, Gebze Bal\u00e7\u0131k \u0130lkokulu ve Ortaokulu\u2019ndaki gen\u00e7leri bilgilendirdi.<br \/>\n\u00a0TOPLUMSAL B\u0130L\u0130N\u00c7 OLU\u015eTURULUYOR<br \/>\nKocaeli B\u00fcy\u00fck\u015fehir Belediyesi, bir yandan s\u0131f\u0131r at\u0131k hedefleri do\u011frultusunda \u00e7al\u0131\u015fmalar\u0131na devam ederken bir yandan da toplumda bilin\u00e7 olu\u015fturmay\u0131 s\u00fcrd\u00fcr\u00fcyor. \u00c7evrenin korunmas\u0131, at\u0131k olu\u015fumunun \u00f6nlenmesi ve at\u0131klar\u0131n kayna\u011f\u0131nda ayr\u0131\u015ft\u0131r\u0131lmas\u0131na y\u00f6nelik \u00e7al\u0131\u015fmalar ger\u00e7ekle\u015ftiren B\u00fcy\u00fck\u015fehir, 18 \u015eubat D\u00fcnya Pil G\u00fcn\u00fc kapsam\u0131nda \u00f6\u011fretici bir etkinli\u011fe imza att\u0131. Bu kapsamda Gebze Bal\u00e7\u0131k \u0130lkokulu ve Ortaokulu\u2019nda \u00e7evre lisansl\u0131 at\u0131k i\u015fleme firmas\u0131 Exitcom Recycling i\u015f birli\u011fiyle \u00f6zel bir etkinlik ger\u00e7ekle\u015ftirildi.<br \/>\nT\u00dcM S\u00dcRE\u00c7LER HAKKINDA B\u0130LG\u0130 VER\u0130LD\u0130<br \/>\nB\u00fcy\u00fck\u015fehir Belediyesi\u2019nin s\u0131f\u0131r at\u0131k hedefi do\u011frultusunda s\u00fcrd\u00fcr\u00fclebilir kalk\u0131nma ilkesine uygun olarak \u00e7evrenin korunmas\u0131n\u0131 sa\u011flamak ad\u0131na ger\u00e7ekle\u015ftirdi\u011fi etkinlikte \u00f6\u011frencilere, at\u0131k pillerin kayna\u011f\u0131nda ayr\u0131 toplanmas\u0131 ve geri d\u00f6n\u00fc\u015f\u00fcm s\u00fcre\u00e7lerinin \u00f6nemi anlat\u0131ld\u0131. Geri kazan\u0131m\u0131n hem \u00e7evresel hem de ekonomik a\u00e7\u0131dan b\u00fcy\u00fck de\u011fer olu\u015fturdu\u011fu ger\u00e7e\u011finden yola \u00e7\u0131kan B\u00fcy\u00fck\u015fehir,\u00a0gen\u00e7lere bu konuda \u00f6nemli bilgiler aktararak onlar\u0131 bilin\u00e7lendirdi.<\/p>\n<p>K\u0130MYASAL ATIKLARA D\u0130KKAT<br \/>\nGebze Bal\u00e7\u0131k \u0130lkokulu ve Ortaokulu\u2019nda Exitcom Recycling i\u015f birli\u011fiyle ger\u00e7ekle\u015ftirilen etkinlikte \u00f6\u011frencilere ayr\u0131ca \u00e7\u00f6pe at\u0131lan pillerin i\u00e7erdi\u011fi kimyasallar\u0131n toprak ve suya kar\u0131\u015farak \u00e7evreye ve insan sa\u011fl\u0131\u011f\u0131na ne kadar ciddi zararlar verebilece\u011fi detayl\u0131 olarak anlat\u0131ld\u0131. Geri d\u00f6n\u00fc\u015f\u00fcm\u00fcn \u00f6neminin vurguland\u0131\u011f\u0131 etkinlikte \u00f6\u011frenciler at\u0131k pillerle at\u00f6lye \u00e7al\u0131\u015fmas\u0131 ger\u00e7ekle\u015ftirdi. Program, at\u0131k pillerden olu\u015fturulan serginin gezilmesi ile sona erdi.<\/p>\n<p>\u200bKocaeli B\u00fcy\u00fck\u015fehir, 18 \u015eubat D\u00fcnya Pil G\u00fcn\u00fc fark\u0131ndal\u0131k \u00e7al\u0131\u015fmas\u0131 kapsam\u0131nda Gebze Bal\u00e7\u0131k \u0130lkokulu ve Ortaokulu \u00f6\u011frencilerini bilin\u00e7lendirdi.KOCAEL\u0130 (\u0130GFA) &#8211; Kocaeli\u00a0B\u00fcy\u00fck\u015fehir Belediyesi, s\u0131f\u0131r at\u0131k hedefi do\u011frultusunda at\u0131k pillerin \u00e7evreye zarar vermeden toplanmas\u0131 ve geri d\u00f6n\u00fc\u015ft\u00fcr\u00fclmesi amac\u0131yla 18 \u015eubat D\u00fcnya Pil G\u00fcn\u00fc\u2019nde, Gebze Bal\u00e7\u0131k \u0130lkokulu ve Ortaokulu\u2019ndaki gen\u00e7leri bilgilendirdi.<br \/>\n\u00a0TOPLUMSAL B\u0130L\u0130N\u00c7 OLU\u015eTURULUYOR<br \/>\nKocaeli B\u00fcy\u00fck\u015fehir Belediyesi, bir yandan s\u0131f\u0131r at\u0131k hedefleri do\u011frultusunda \u00e7al\u0131\u015fmalar\u0131na devam ederken bir yandan da toplumda bilin\u00e7 olu\u015fturmay\u0131 s\u00fcrd\u00fcr\u00fcyor. \u00c7evrenin korunmas\u0131, at\u0131k olu\u015fumunun \u00f6nlenmesi ve at\u0131klar\u0131n kayna\u011f\u0131nda ayr\u0131\u015ft\u0131r\u0131lmas\u0131na y\u00f6nelik \u00e7al\u0131\u015fmalar ger\u00e7ekle\u015ftiren B\u00fcy\u00fck\u015fehir, 18 \u015eubat D\u00fcnya Pil G\u00fcn\u00fc kapsam\u0131nda \u00f6\u011fretici bir etkinli\u011fe imza att\u0131. Bu kapsamda Gebze Bal\u00e7\u0131k \u0130lkokulu ve Ortaokulu\u2019nda \u00e7evre lisansl\u0131 at\u0131k i\u015fleme firmas\u0131 Exitcom Recycling i\u015f birli\u011fiyle \u00f6zel bir etkinlik ger\u00e7ekle\u015ftirildi.<br \/>\nT\u00dcM S\u00dcRE\u00c7LER HAKKINDA B\u0130LG\u0130 VER\u0130LD\u0130<br \/>\nB\u00fcy\u00fck\u015fehir Belediyesi\u2019nin s\u0131f\u0131r at\u0131k hedefi do\u011frultusunda s\u00fcrd\u00fcr\u00fclebilir kalk\u0131nma ilkesine uygun olarak \u00e7evrenin korunmas\u0131n\u0131 sa\u011flamak ad\u0131na ger\u00e7ekle\u015ftirdi\u011fi etkinlikte \u00f6\u011frencilere, at\u0131k pillerin kayna\u011f\u0131nda ayr\u0131 toplanmas\u0131 ve geri d\u00f6n\u00fc\u015f\u00fcm s\u00fcre\u00e7lerinin \u00f6nemi anlat\u0131ld\u0131. Geri kazan\u0131m\u0131n hem \u00e7evresel hem de ekonomik a\u00e7\u0131dan b\u00fcy\u00fck de\u011fer olu\u015fturdu\u011fu ger\u00e7e\u011finden yola \u00e7\u0131kan B\u00fcy\u00fck\u015fehir,\u00a0gen\u00e7lere bu konuda \u00f6nemli bilgiler aktararak onlar\u0131 bilin\u00e7lendirdi.<\/p>\n<p>K\u0130MYASAL ATIKLARA D\u0130KKAT<br \/>\nGebze Bal\u00e7\u0131k \u0130lkokulu ve Ortaokulu\u2019nda Exitcom Recycling i\u015f birli\u011fiyle ger\u00e7ekle\u015ftirilen etkinlikte \u00f6\u011frencilere ayr\u0131ca \u00e7\u00f6pe at\u0131lan pillerin i\u00e7erdi\u011fi kimyasallar\u0131n toprak ve suya kar\u0131\u015farak \u00e7evreye ve insan sa\u011fl\u0131\u011f\u0131na ne kadar ciddi zararlar verebilece\u011fi detayl\u0131 olarak anlat\u0131ld\u0131. Geri d\u00f6n\u00fc\u015f\u00fcm\u00fcn \u00f6neminin vurguland\u0131\u011f\u0131 etkinlikte \u00f6\u011frenciler at\u0131k pillerle at\u00f6lye \u00e7al\u0131\u015fmas\u0131 ger\u00e7ekle\u015ftirdi. Program, at\u0131k pillerden olu\u015fturulan serginin gezilmesi ile sona erdi.\u00a0<\/p>\n<p>\u200bHaberin Al\u0131nt\u0131land\u0131\u011f\u0131 Kaynak: www.iskenderun.org<\/p>","protected":false},"excerpt":{"rendered":"<p>Kocaeli B\u00fcy\u00fck\u015fehir, 18 \u015eubat D\u00fcnya Pil G\u00fcn\u00fc fark\u0131ndal\u0131k \u00e7al\u0131\u015fmas\u0131 kapsam\u0131nda Gebze Bal\u00e7\u0131k \u0130lkokulu ve Ortaokulu \u00f6\u011frencilerini bilin\u00e7lendirdi.KOCAEL\u0130 (\u0130GFA) &#8211; Kocaeli\u00a0B\u00fcy\u00fck\u015fehir Belediyesi, s\u0131f\u0131r at\u0131k hedefi do\u011frultusunda at\u0131k pillerin \u00e7evreye zarar vermeden toplanmas\u0131 ve geri d\u00f6n\u00fc\u015ft\u00fcr\u00fclmesi amac\u0131yla 18 \u015eubat D\u00fcnya Pil G\u00fcn\u00fc\u2019nde, Gebze Bal\u00e7\u0131k \u0130lkokulu ve Ortaokulu\u2019ndaki gen\u00e7leri bilgilendirdi. \u00a0TOPLUMSAL B\u0130L\u0130N\u00c7 OLU\u015eTURULUYOR Kocaeli B\u00fcy\u00fck\u015fehir Belediyesi, bir yandan s\u0131f\u0131r at\u0131k hedefleri do\u011frultusunda \u00e7al\u0131\u015fmalar\u0131na devam ederken bir yandan da toplumda bilin\u00e7 olu\u015fturmay\u0131 s\u00fcrd\u00fcr\u00fcyor. \u00c7evrenin korunmas\u0131, at\u0131k olu\u015fumunun \u00f6nlenmesi ve at\u0131klar\u0131n kayna\u011f\u0131nda ayr\u0131\u015ft\u0131r\u0131lmas\u0131na y\u00f6nelik \u00e7al\u0131\u015fmalar ger\u00e7ekle\u015ftiren B\u00fcy\u00fck\u015fehir, 18 \u015eubat D\u00fcnya Pil G\u00fcn\u00fc kapsam\u0131nda \u00f6\u011fretici bir etkinli\u011fe imza att\u0131. Bu kapsamda Gebze Bal\u00e7\u0131k \u0130lkokulu ve Ortaokulu\u2019nda \u00e7evre lisansl\u0131 at\u0131k i\u015fleme firmas\u0131 Exitcom Recycling i\u015f birli\u011fiyle \u00f6zel bir etkinlik ger\u00e7ekle\u015ftirildi. T\u00dcM S\u00dcRE\u00c7LER HAKKINDA B\u0130LG\u0130 VER\u0130LD\u0130 B\u00fcy\u00fck\u015fehir Belediyesi\u2019nin s\u0131f\u0131r at\u0131k hedefi do\u011frultusunda s\u00fcrd\u00fcr\u00fclebilir kalk\u0131nma ilkesine uygun olarak \u00e7evrenin korunmas\u0131n\u0131 sa\u011flamak ad\u0131na ger\u00e7ekle\u015ftirdi\u011fi etkinlikte \u00f6\u011frencilere, at\u0131k pillerin kayna\u011f\u0131nda ayr\u0131 toplanmas\u0131 ve geri d\u00f6n\u00fc\u015f\u00fcm s\u00fcre\u00e7lerinin \u00f6nemi anlat\u0131ld\u0131. Geri kazan\u0131m\u0131n hem \u00e7evresel hem de ekonomik a\u00e7\u0131dan b\u00fcy\u00fck de\u011fer olu\u015fturdu\u011fu ger\u00e7e\u011finden yola \u00e7\u0131kan B\u00fcy\u00fck\u015fehir,\u00a0gen\u00e7lere bu konuda \u00f6nemli bilgiler aktararak onlar\u0131 bilin\u00e7lendirdi. K\u0130MYASAL ATIKLARA D\u0130KKAT Gebze Bal\u00e7\u0131k \u0130lkokulu ve Ortaokulu\u2019nda Exitcom Recycling i\u015f birli\u011fiyle ger\u00e7ekle\u015ftirilen etkinlikte \u00f6\u011frencilere ayr\u0131ca \u00e7\u00f6pe at\u0131lan pillerin i\u00e7erdi\u011fi kimyasallar\u0131n toprak ve suya kar\u0131\u015farak \u00e7evreye ve insan sa\u011fl\u0131\u011f\u0131na ne kadar &hellip;<\/p>","protected":false},"author":1,"featured_media":0,"comment_status":"open","ping_status":"open","sticky":false,"template":"","format":"standard","meta":{"_acf_changed":false,"footnotes":""},"categories":[24],"tags":[],"class_list":["post-33602","post","type-post","status-publish","format-standard","has-post-thumbnail","hentry","category-gundem"],"acf":[],"yoast_head":"<!-- This site is optimized with the Yoast SEO Premium plugin v26.6 (Yoast SEO v27.1.1) - https:\/\/yoast.com\/product\/yoast-seo-premium-wordpress\/ -->\n<title>Kocaeli&#039;de &#039;at\u0131k pil&#039; fark\u0131ndal\u0131\u011f\u0131 - Av. Deniz Can K\u0131z\u0131l<\/title>\n<meta name=\"robots\" content=\"index, follow, max-snippet:-1, max-image-preview:large, max-video-preview:-1\" \/>\n<link rel=\"canonical\" href=\"https:\/\/denizcankizil.tr\/de\/haberler\/gundem\/kocaelide-atik-pil-farkindaligi\/\" \/>\n<meta property=\"og:locale\" content=\"de_DE\" \/>\n<meta property=\"og:type\" content=\"article\" \/>\n<meta property=\"og:title\" content=\"Kocaeli&#039;de &#039;at\u0131k pil&#039; fark\u0131ndal\u0131\u011f\u0131\" \/>\n<meta property=\"og:description\" content=\"Kocaeli B\u00fcy\u00fck\u015fehir, 18 \u015eubat D\u00fcnya Pil G\u00fcn\u00fc fark\u0131ndal\u0131k \u00e7al\u0131\u015fmas\u0131 kapsam\u0131nda Gebze Bal\u00e7\u0131k \u0130lkokulu ve Ortaokulu \u00f6\u011frencilerini bilin\u00e7lendirdi.KOCAEL\u0130 (\u0130GFA) &#8211; Kocaeli\u00a0B\u00fcy\u00fck\u015fehir Belediyesi, s\u0131f\u0131r at\u0131k hedefi do\u011frultusunda at\u0131k pillerin \u00e7evreye zarar vermeden toplanmas\u0131 ve geri d\u00f6n\u00fc\u015ft\u00fcr\u00fclmesi amac\u0131yla 18 \u015eubat D\u00fcnya Pil G\u00fcn\u00fc\u2019nde, Gebze Bal\u00e7\u0131k \u0130lkokulu ve Ortaokulu\u2019ndaki gen\u00e7leri bilgilendirdi. \u00a0TOPLUMSAL B\u0130L\u0130N\u00c7 OLU\u015eTURULUYOR Kocaeli B\u00fcy\u00fck\u015fehir Belediyesi, bir yandan s\u0131f\u0131r at\u0131k hedefleri do\u011frultusunda \u00e7al\u0131\u015fmalar\u0131na devam ederken bir yandan da toplumda bilin\u00e7 olu\u015fturmay\u0131 s\u00fcrd\u00fcr\u00fcyor. \u00c7evrenin korunmas\u0131, at\u0131k olu\u015fumunun \u00f6nlenmesi ve at\u0131klar\u0131n kayna\u011f\u0131nda ayr\u0131\u015ft\u0131r\u0131lmas\u0131na y\u00f6nelik \u00e7al\u0131\u015fmalar ger\u00e7ekle\u015ftiren B\u00fcy\u00fck\u015fehir, 18 \u015eubat D\u00fcnya Pil G\u00fcn\u00fc kapsam\u0131nda \u00f6\u011fretici bir etkinli\u011fe imza att\u0131. Bu kapsamda Gebze Bal\u00e7\u0131k \u0130lkokulu ve Ortaokulu\u2019nda \u00e7evre lisansl\u0131 at\u0131k i\u015fleme firmas\u0131 Exitcom Recycling i\u015f birli\u011fiyle \u00f6zel bir etkinlik ger\u00e7ekle\u015ftirildi. T\u00dcM S\u00dcRE\u00c7LER HAKKINDA B\u0130LG\u0130 VER\u0130LD\u0130 B\u00fcy\u00fck\u015fehir Belediyesi\u2019nin s\u0131f\u0131r at\u0131k hedefi do\u011frultusunda s\u00fcrd\u00fcr\u00fclebilir kalk\u0131nma ilkesine uygun olarak \u00e7evrenin korunmas\u0131n\u0131 sa\u011flamak ad\u0131na ger\u00e7ekle\u015ftirdi\u011fi etkinlikte \u00f6\u011frencilere, at\u0131k pillerin kayna\u011f\u0131nda ayr\u0131 toplanmas\u0131 ve geri d\u00f6n\u00fc\u015f\u00fcm s\u00fcre\u00e7lerinin \u00f6nemi anlat\u0131ld\u0131. Geri kazan\u0131m\u0131n hem \u00e7evresel hem de ekonomik a\u00e7\u0131dan b\u00fcy\u00fck de\u011fer olu\u015fturdu\u011fu ger\u00e7e\u011finden yola \u00e7\u0131kan B\u00fcy\u00fck\u015fehir,\u00a0gen\u00e7lere bu konuda \u00f6nemli bilgiler aktararak onlar\u0131 bilin\u00e7lendirdi. K\u0130MYASAL ATIKLARA D\u0130KKAT Gebze Bal\u00e7\u0131k \u0130lkokulu ve Ortaokulu\u2019nda Exitcom Recycling i\u015f birli\u011fiyle ger\u00e7ekle\u015ftirilen etkinlikte \u00f6\u011frencilere ayr\u0131ca \u00e7\u00f6pe at\u0131lan pillerin i\u00e7erdi\u011fi kimyasallar\u0131n toprak ve suya kar\u0131\u015farak \u00e7evreye ve insan sa\u011fl\u0131\u011f\u0131na ne kadar &hellip;\" \/>\n<meta property=\"og:url\" content=\"https:\/\/denizcankizil.tr\/de\/haberler\/gundem\/kocaelide-atik-pil-farkindaligi\/\" \/>\n<meta property=\"og:site_name\" content=\"Av. Deniz Can K\u0131z\u0131l\" \/>\n<meta property=\"article:published_time\" content=\"2025-02-20T07:41:51+00:00\" \/>\n<meta name=\"author\" content=\"admin\" \/>\n<meta name=\"twitter:card\" content=\"summary_large_image\" \/>\n<meta name=\"twitter:label1\" content=\"Verfasst von\" \/>\n\t<meta name=\"twitter:data1\" content=\"admin\" \/>\n\t<meta name=\"twitter:label2\" content=\"Gesch\u00e4tzte Lesezeit\" \/>\n\t<meta name=\"twitter:data2\" content=\"4\u00a0Minuten\" \/>\n<script type=\"application\/ld+json\" class=\"yoast-schema-graph\">{\"@context\":\"https:\/\/schema.org\",\"@graph\":[{\"@type\":\"Article\",\"@id\":\"https:\/\/denizcankizil.tr\/de\/haberler\/gundem\/kocaelide-atik-pil-farkindaligi\/#article\",\"isPartOf\":{\"@id\":\"https:\/\/denizcankizil.tr\/de\/haberler\/gundem\/kocaelide-atik-pil-farkindaligi\/\"},\"author\":{\"name\":\"admin\",\"@id\":\"https:\/\/denizcankizil.tr\/#\/schema\/person\/be3c05fe6a12686905512445d8185489\"},\"headline\":\"Kocaeli&#8217;de &#8216;at\u0131k pil&#8217; fark\u0131ndal\u0131\u011f\u0131\",\"datePublished\":\"2025-02-20T07:41:51+00:00\",\"mainEntityOfPage\":{\"@id\":\"https:\/\/denizcankizil.tr\/de\/haberler\/gundem\/kocaelide-atik-pil-farkindaligi\/\"},\"wordCount\":757,\"commentCount\":0,\"publisher\":{\"@id\":\"https:\/\/denizcankizil.tr\/#organization\"},\"articleSection\":[\"G\u00fcndem\"],\"inLanguage\":\"de\",\"potentialAction\":[{\"@type\":\"CommentAction\",\"name\":\"Comment\",\"target\":[\"https:\/\/denizcankizil.tr\/de\/haberler\/gundem\/kocaelide-atik-pil-farkindaligi\/#respond\"]}]},{\"@type\":\"WebPage\",\"@id\":\"https:\/\/denizcankizil.tr\/de\/haberler\/gundem\/kocaelide-atik-pil-farkindaligi\/\",\"url\":\"https:\/\/denizcankizil.tr\/de\/haberler\/gundem\/kocaelide-atik-pil-farkindaligi\/\",\"name\":\"Kocaeli'de 'at\u0131k pil' fark\u0131ndal\u0131\u011f\u0131 - Av. Deniz Can K\u0131z\u0131l\",\"isPartOf\":{\"@id\":\"https:\/\/denizcankizil.tr\/#website\"},\"datePublished\":\"2025-02-20T07:41:51+00:00\",\"breadcrumb\":{\"@id\":\"https:\/\/denizcankizil.tr\/de\/haberler\/gundem\/kocaelide-atik-pil-farkindaligi\/#breadcrumb\"},\"inLanguage\":\"de\",\"potentialAction\":[{\"@type\":\"ReadAction\",\"target\":[\"https:\/\/denizcankizil.tr\/de\/haberler\/gundem\/kocaelide-atik-pil-farkindaligi\/\"]}]},{\"@type\":\"BreadcrumbList\",\"@id\":\"https:\/\/denizcankizil.tr\/de\/haberler\/gundem\/kocaelide-atik-pil-farkindaligi\/#breadcrumb\",\"itemListElement\":[{\"@type\":\"ListItem\",\"position\":1,\"name\":\"Home\",\"item\":\"https:\/\/denizcankizil.tr\/de\/\"},{\"@type\":\"ListItem\",\"position\":2,\"name\":\"Kocaeli&#8217;de &#8216;at\u0131k pil&#8217; fark\u0131ndal\u0131\u011f\u0131\"}]},{\"@type\":\"WebSite\",\"@id\":\"https:\/\/denizcankizil.tr\/#website\",\"url\":\"https:\/\/denizcankizil.tr\/\",\"name\":\"Av. Deniz Can K\u0131z\u0131l\",\"description\":\"Avukat Deniz Can K\u0131z\u0131l Antalya Barosu\",\"publisher\":{\"@id\":\"https:\/\/denizcankizil.tr\/#organization\"},\"potentialAction\":[{\"@type\":\"SearchAction\",\"target\":{\"@type\":\"EntryPoint\",\"urlTemplate\":\"https:\/\/denizcankizil.tr\/?s={search_term_string}\"},\"query-input\":{\"@type\":\"PropertyValueSpecification\",\"valueRequired\":true,\"valueName\":\"search_term_string\"}}],\"inLanguage\":\"de\"},{\"@type\":\"Organization\",\"@id\":\"https:\/\/denizcankizil.tr\/#organization\",\"name\":\"Av. Deniz Can K\u0131z\u0131l\",\"url\":\"https:\/\/denizcankizil.tr\/\",\"logo\":{\"@type\":\"ImageObject\",\"inLanguage\":\"de\",\"@id\":\"https:\/\/denizcankizil.tr\/#\/schema\/logo\/image\/\",\"url\":\"https:\/\/denizcankizil.tr\/wp-content\/uploads\/2024\/10\/siyah-logo-svg.svg\",\"contentUrl\":\"https:\/\/denizcankizil.tr\/wp-content\/uploads\/2024\/10\/siyah-logo-svg.svg\",\"width\":1080,\"height\":1080,\"caption\":\"Av. Deniz Can K\u0131z\u0131l\"},\"image\":{\"@id\":\"https:\/\/denizcankizil.tr\/#\/schema\/logo\/image\/\"}},{\"@type\":\"Person\",\"@id\":\"https:\/\/denizcankizil.tr\/#\/schema\/person\/be3c05fe6a12686905512445d8185489\",\"name\":\"admin\",\"image\":{\"@type\":\"ImageObject\",\"inLanguage\":\"de\",\"@id\":\"https:\/\/denizcankizil.tr\/#\/schema\/person\/image\/\",\"url\":\"https:\/\/secure.gravatar.com\/avatar\/c1fce94c830dc79107e174f890d7210541c4a63e8e5d816341794a2151c9d58c?s=96&d=mm&r=g\",\"contentUrl\":\"https:\/\/secure.gravatar.com\/avatar\/c1fce94c830dc79107e174f890d7210541c4a63e8e5d816341794a2151c9d58c?s=96&d=mm&r=g\",\"caption\":\"admin\"},\"sameAs\":[\"http:\/\/denizcankizil.tr\"],\"url\":\"https:\/\/www.iskenderun.org\/kocaelide-atik-pil-farkindaligi\"}]}<\/script>\n<!-- \/ Yoast SEO Premium plugin. -->","yoast_head_json":{"title":"Kocaeli'de 'at\u0131k pil' fark\u0131ndal\u0131\u011f\u0131 - Av. Deniz Can K\u0131z\u0131l","robots":{"index":"index","follow":"follow","max-snippet":"max-snippet:-1","max-image-preview":"max-image-preview:large","max-video-preview":"max-video-preview:-1"},"canonical":"https:\/\/denizcankizil.tr\/de\/haberler\/gundem\/kocaelide-atik-pil-farkindaligi\/","og_locale":"de_DE","og_type":"article","og_title":"Kocaeli'de 'at\u0131k pil' fark\u0131ndal\u0131\u011f\u0131","og_description":"Kocaeli B\u00fcy\u00fck\u015fehir, 18 \u015eubat D\u00fcnya Pil G\u00fcn\u00fc fark\u0131ndal\u0131k \u00e7al\u0131\u015fmas\u0131 kapsam\u0131nda Gebze Bal\u00e7\u0131k \u0130lkokulu ve Ortaokulu \u00f6\u011frencilerini bilin\u00e7lendirdi.KOCAEL\u0130 (\u0130GFA) &#8211; Kocaeli\u00a0B\u00fcy\u00fck\u015fehir Belediyesi, s\u0131f\u0131r at\u0131k hedefi do\u011frultusunda at\u0131k pillerin \u00e7evreye zarar vermeden toplanmas\u0131 ve geri d\u00f6n\u00fc\u015ft\u00fcr\u00fclmesi amac\u0131yla 18 \u015eubat D\u00fcnya Pil G\u00fcn\u00fc\u2019nde, Gebze Bal\u00e7\u0131k \u0130lkokulu ve Ortaokulu\u2019ndaki gen\u00e7leri bilgilendirdi. \u00a0TOPLUMSAL B\u0130L\u0130N\u00c7 OLU\u015eTURULUYOR Kocaeli B\u00fcy\u00fck\u015fehir Belediyesi, bir yandan s\u0131f\u0131r at\u0131k hedefleri do\u011frultusunda \u00e7al\u0131\u015fmalar\u0131na devam ederken bir yandan da toplumda bilin\u00e7 olu\u015fturmay\u0131 s\u00fcrd\u00fcr\u00fcyor. \u00c7evrenin korunmas\u0131, at\u0131k olu\u015fumunun \u00f6nlenmesi ve at\u0131klar\u0131n kayna\u011f\u0131nda ayr\u0131\u015ft\u0131r\u0131lmas\u0131na y\u00f6nelik \u00e7al\u0131\u015fmalar ger\u00e7ekle\u015ftiren B\u00fcy\u00fck\u015fehir, 18 \u015eubat D\u00fcnya Pil G\u00fcn\u00fc kapsam\u0131nda \u00f6\u011fretici bir etkinli\u011fe imza att\u0131. Bu kapsamda Gebze Bal\u00e7\u0131k \u0130lkokulu ve Ortaokulu\u2019nda \u00e7evre lisansl\u0131 at\u0131k i\u015fleme firmas\u0131 Exitcom Recycling i\u015f birli\u011fiyle \u00f6zel bir etkinlik ger\u00e7ekle\u015ftirildi. T\u00dcM S\u00dcRE\u00c7LER HAKKINDA B\u0130LG\u0130 VER\u0130LD\u0130 B\u00fcy\u00fck\u015fehir Belediyesi\u2019nin s\u0131f\u0131r at\u0131k hedefi do\u011frultusunda s\u00fcrd\u00fcr\u00fclebilir kalk\u0131nma ilkesine uygun olarak \u00e7evrenin korunmas\u0131n\u0131 sa\u011flamak ad\u0131na ger\u00e7ekle\u015ftirdi\u011fi etkinlikte \u00f6\u011frencilere, at\u0131k pillerin kayna\u011f\u0131nda ayr\u0131 toplanmas\u0131 ve geri d\u00f6n\u00fc\u015f\u00fcm s\u00fcre\u00e7lerinin \u00f6nemi anlat\u0131ld\u0131. Geri kazan\u0131m\u0131n hem \u00e7evresel hem de ekonomik a\u00e7\u0131dan b\u00fcy\u00fck de\u011fer olu\u015fturdu\u011fu ger\u00e7e\u011finden yola \u00e7\u0131kan B\u00fcy\u00fck\u015fehir,\u00a0gen\u00e7lere bu konuda \u00f6nemli bilgiler aktararak onlar\u0131 bilin\u00e7lendirdi. K\u0130MYASAL ATIKLARA D\u0130KKAT Gebze Bal\u00e7\u0131k \u0130lkokulu ve Ortaokulu\u2019nda Exitcom Recycling i\u015f birli\u011fiyle ger\u00e7ekle\u015ftirilen etkinlikte \u00f6\u011frencilere ayr\u0131ca \u00e7\u00f6pe at\u0131lan pillerin i\u00e7erdi\u011fi kimyasallar\u0131n toprak ve suya kar\u0131\u015farak \u00e7evreye ve insan sa\u011fl\u0131\u011f\u0131na ne kadar &hellip;","og_url":"https:\/\/denizcankizil.tr\/de\/haberler\/gundem\/kocaelide-atik-pil-farkindaligi\/","og_site_name":"Av. Deniz Can K\u0131z\u0131l","article_published_time":"2025-02-20T07:41:51+00:00","author":"admin","twitter_card":"summary_large_image","twitter_misc":{"Verfasst von":"admin","Gesch\u00e4tzte Lesezeit":"4\u00a0Minuten"},"schema":{"@context":"https:\/\/schema.org","@graph":[{"@type":"Article","@id":"https:\/\/denizcankizil.tr\/de\/haberler\/gundem\/kocaelide-atik-pil-farkindaligi\/#article","isPartOf":{"@id":"https:\/\/denizcankizil.tr\/de\/haberler\/gundem\/kocaelide-atik-pil-farkindaligi\/"},"author":{"name":"admin","@id":"https:\/\/denizcankizil.tr\/#\/schema\/person\/be3c05fe6a12686905512445d8185489"},"headline":"Kocaeli&#8217;de &#8216;at\u0131k pil&#8217; fark\u0131ndal\u0131\u011f\u0131","datePublished":"2025-02-20T07:41:51+00:00","mainEntityOfPage":{"@id":"https:\/\/denizcankizil.tr\/de\/haberler\/gundem\/kocaelide-atik-pil-farkindaligi\/"},"wordCount":757,"commentCount":0,"publisher":{"@id":"https:\/\/denizcankizil.tr\/#organization"},"articleSection":["G\u00fcndem"],"inLanguage":"de","potentialAction":[{"@type":"CommentAction","name":"Comment","target":["https:\/\/denizcankizil.tr\/de\/haberler\/gundem\/kocaelide-atik-pil-farkindaligi\/#respond"]}]},{"@type":"WebPage","@id":"https:\/\/denizcankizil.tr\/de\/haberler\/gundem\/kocaelide-atik-pil-farkindaligi\/","url":"https:\/\/denizcankizil.tr\/de\/haberler\/gundem\/kocaelide-atik-pil-farkindaligi\/","name":"Kocaeli'de 'at\u0131k pil' fark\u0131ndal\u0131\u011f\u0131 - Av. Deniz Can K\u0131z\u0131l","isPartOf":{"@id":"https:\/\/denizcankizil.tr\/#website"},"datePublished":"2025-02-20T07:41:51+00:00","breadcrumb":{"@id":"https:\/\/denizcankizil.tr\/de\/haberler\/gundem\/kocaelide-atik-pil-farkindaligi\/#breadcrumb"},"inLanguage":"de","potentialAction":[{"@type":"ReadAction","target":["https:\/\/denizcankizil.tr\/de\/haberler\/gundem\/kocaelide-atik-pil-farkindaligi\/"]}]},{"@type":"BreadcrumbList","@id":"https:\/\/denizcankizil.tr\/de\/haberler\/gundem\/kocaelide-atik-pil-farkindaligi\/#breadcrumb","itemListElement":[{"@type":"ListItem","position":1,"name":"Home","item":"https:\/\/denizcankizil.tr\/de\/"},{"@type":"ListItem","position":2,"name":"Kocaeli&#8217;de &#8216;at\u0131k pil&#8217; fark\u0131ndal\u0131\u011f\u0131"}]},{"@type":"WebSite","@id":"https:\/\/denizcankizil.tr\/#website","url":"https:\/\/denizcankizil.tr\/","name":"Av. Deniz Can K\u0131z\u0131l","description":"Avukat Deniz Can K\u0131z\u0131l Antalya Barosu","publisher":{"@id":"https:\/\/denizcankizil.tr\/#organization"},"potentialAction":[{"@type":"SearchAction","target":{"@type":"EntryPoint","urlTemplate":"https:\/\/denizcankizil.tr\/?s={search_term_string}"},"query-input":{"@type":"PropertyValueSpecification","valueRequired":true,"valueName":"search_term_string"}}],"inLanguage":"de"},{"@type":"Organization","@id":"https:\/\/denizcankizil.tr\/#organization","name":"Av. Deniz Can K\u0131z\u0131l","url":"https:\/\/denizcankizil.tr\/","logo":{"@type":"ImageObject","inLanguage":"de","@id":"https:\/\/denizcankizil.tr\/#\/schema\/logo\/image\/","url":"https:\/\/denizcankizil.tr\/wp-content\/uploads\/2024\/10\/siyah-logo-svg.svg","contentUrl":"https:\/\/denizcankizil.tr\/wp-content\/uploads\/2024\/10\/siyah-logo-svg.svg","width":1080,"height":1080,"caption":"Av. Deniz Can K\u0131z\u0131l"},"image":{"@id":"https:\/\/denizcankizil.tr\/#\/schema\/logo\/image\/"}},{"@type":"Person","@id":"https:\/\/denizcankizil.tr\/#\/schema\/person\/be3c05fe6a12686905512445d8185489","name":"Administrator","image":{"@type":"ImageObject","inLanguage":"de","@id":"https:\/\/denizcankizil.tr\/#\/schema\/person\/image\/","url":"https:\/\/secure.gravatar.com\/avatar\/c1fce94c830dc79107e174f890d7210541c4a63e8e5d816341794a2151c9d58c?s=96&d=mm&r=g","contentUrl":"https:\/\/secure.gravatar.com\/avatar\/c1fce94c830dc79107e174f890d7210541c4a63e8e5d816341794a2151c9d58c?s=96&d=mm&r=g","caption":"admin"},"sameAs":["http:\/\/denizcankizil.tr"],"url":"https:\/\/www.iskenderun.org\/kocaelide-atik-pil-farkindaligi"}]}},"_links":{"self":[{"href":"https:\/\/denizcankizil.tr\/de\/wp-json\/wp\/v2\/posts\/33602","targetHints":{"allow":["GET"]}}],"collection":[{"href":"https:\/\/denizcankizil.tr\/de\/wp-json\/wp\/v2\/posts"}],"about":[{"href":"https:\/\/denizcankizil.tr\/de\/wp-json\/wp\/v2\/types\/post"}],"author":[{"embeddable":true,"href":"https:\/\/denizcankizil.tr\/de\/wp-json\/wp\/v2\/users\/1"}],"replies":[{"embeddable":true,"href":"https:\/\/denizcankizil.tr\/de\/wp-json\/wp\/v2\/comments?post=33602"}],"version-history":[{"count":0,"href":"https:\/\/denizcankizil.tr\/de\/wp-json\/wp\/v2\/posts\/33602\/revisions"}],"wp:attachment":[{"href":"https:\/\/denizcankizil.tr\/de\/wp-json\/wp\/v2\/media?parent=33602"}],"wp:term":[{"taxonomy":"category","embeddable":true,"href":"https:\/\/denizcankizil.tr\/de\/wp-json\/wp\/v2\/categories?post=33602"},{"taxonomy":"post_tag","embeddable":true,"href":"https:\/\/denizcankizil.tr\/de\/wp-json\/wp\/v2\/tags?post=33602"}],"curies":[{"name":"wp","href":"https:\/\/api.w.org\/{rel}","templated":true}]}}