{"id":3350,"date":"2024-10-16T12:45:28","date_gmt":"2024-10-16T09:45:28","guid":{"rendered":"https:\/\/denizcankizil.tr\/uncategorized\/beyaz-baston-gununde-farkindalik-yaratan-atolye-calismasi\/"},"modified":"2024-10-16T12:45:28","modified_gmt":"2024-10-16T09:45:28","slug":"beyaz-baston-gununde-farkindalik-yaratan-atolye-calismasi","status":"publish","type":"post","link":"https:\/\/denizcankizil.tr\/de\/haberler\/gundem\/beyaz-baston-gununde-farkindalik-yaratan-atolye-calismasi\/","title":{"rendered":"Beyaz Baston G\u00fcn\u00fc\u2019nde fark\u0131ndal\u0131k yaratan at\u00f6lye \u00e7al\u0131\u015fmas\u0131"},"content":{"rendered":"<p>Nil\u00fcfer Belediyesi, 15 Ekim Beyaz Baston K\u00f6rler ve G\u00fcvenlik G\u00fcn\u00fc kapsam\u0131nda fark\u0131ndal\u0131k yaratacak bir etkinli\u011fe ev sahipli\u011fi yapt\u0131. Sosyal Destek Hizmetleri M\u00fcd\u00fcrl\u00fc\u011f\u00fc\u2019n\u00fcn kurum i\u00e7i e\u011fitiminin ard\u0131ndan, Bizim Ev\u00a0Engelliler\u00a0Sosyal Ya\u015fam Destek Merkezi\u00a0kat\u0131l\u0131mc\u0131lar\u0131 ile birlikte mutfak at\u00f6lyesi ger\u00e7ekle\u015ftirildi.\u00a0<\/p>\n<p>\u200bNil\u00fcfer Belediyesi, 15 Ekim Beyaz Baston K\u00f6rler ve G\u00fcvenlik G\u00fcn\u00fc kapsam\u0131nda fark\u0131ndal\u0131k yaratacak bir etkinli\u011fe ev sahipli\u011fi yapt\u0131. Sosyal Destek Hizmetleri M\u00fcd\u00fcrl\u00fc\u011f\u00fc\u2019n\u00fcn kurum i\u00e7i e\u011fitiminin ard\u0131ndan, Bizim Ev\u00a0Engelliler\u00a0Sosyal Ya\u015fam Destek Merkezi\u00a0kat\u0131l\u0131mc\u0131lar\u0131 ile birlikte mutfak at\u00f6lyesi ger\u00e7ekle\u015ftirildi.\u00a0\u00a0<\/p>\n<p>\u200bHaberin Al\u0131nt\u0131land\u0131\u011f\u0131 Kaynak: www.iskenderun.org<\/p>","protected":false},"excerpt":{"rendered":"<p>Nil\u00fcfer Belediyesi, 15 Ekim Beyaz Baston K\u00f6rler ve G\u00fcvenlik G\u00fcn\u00fc kapsam\u0131nda fark\u0131ndal\u0131k yaratacak bir etkinli\u011fe ev sahipli\u011fi yapt\u0131. Sosyal Destek Hizmetleri M\u00fcd\u00fcrl\u00fc\u011f\u00fc\u2019n\u00fcn kurum i\u00e7i e\u011fitiminin ard\u0131ndan, Bizim Ev\u00a0Engelliler\u00a0Sosyal Ya\u015fam Destek Merkezi\u00a0kat\u0131l\u0131mc\u0131lar\u0131 ile birlikte mutfak at\u00f6lyesi ger\u00e7ekle\u015ftirildi.\u00a0 \u200bNil\u00fcfer Belediyesi, 15 Ekim Beyaz Baston K\u00f6rler ve G\u00fcvenlik G\u00fcn\u00fc kapsam\u0131nda fark\u0131ndal\u0131k yaratacak bir etkinli\u011fe ev sahipli\u011fi yapt\u0131. Sosyal Destek Hizmetleri M\u00fcd\u00fcrl\u00fc\u011f\u00fc\u2019n\u00fcn kurum i\u00e7i e\u011fitiminin ard\u0131ndan, Bizim Ev\u00a0Engelliler\u00a0Sosyal Ya\u015fam Destek Merkezi\u00a0kat\u0131l\u0131mc\u0131lar\u0131 ile birlikte mutfak at\u00f6lyesi ger\u00e7ekle\u015ftirildi.\u00a0\u00a0 \u200bHaberin Al\u0131nt\u0131land\u0131\u011f\u0131 Kaynak: www.iskenderun.org<\/p>","protected":false},"author":0,"featured_media":0,"comment_status":"open","ping_status":"open","sticky":false,"template":"","format":"standard","meta":{"_acf_changed":false,"footnotes":""},"categories":[24],"tags":[],"class_list":["post-3350","post","type-post","status-publish","format-standard","has-post-thumbnail","hentry","category-gundem"],"acf":[],"yoast_head":"<!-- This site is optimized with the Yoast SEO Premium plugin v26.6 (Yoast SEO v27.1.1) - https:\/\/yoast.com\/product\/yoast-seo-premium-wordpress\/ -->\n<title>Beyaz Baston G\u00fcn\u00fc\u2019nde fark\u0131ndal\u0131k yaratan at\u00f6lye \u00e7al\u0131\u015fmas\u0131 - Av. Deniz Can K\u0131z\u0131l<\/title>\n<meta name=\"robots\" content=\"index, follow, max-snippet:-1, max-image-preview:large, max-video-preview:-1\" \/>\n<link rel=\"canonical\" href=\"https:\/\/denizcankizil.tr\/de\/haberler\/gundem\/beyaz-baston-gununde-farkindalik-yaratan-atolye-calismasi\/\" \/>\n<meta property=\"og:locale\" content=\"de_DE\" \/>\n<meta property=\"og:type\" content=\"article\" \/>\n<meta property=\"og:title\" content=\"Beyaz Baston G\u00fcn\u00fc\u2019nde fark\u0131ndal\u0131k yaratan at\u00f6lye \u00e7al\u0131\u015fmas\u0131\" \/>\n<meta property=\"og:description\" content=\"Nil\u00fcfer Belediyesi, 15 Ekim Beyaz Baston K\u00f6rler ve G\u00fcvenlik G\u00fcn\u00fc kapsam\u0131nda fark\u0131ndal\u0131k yaratacak bir etkinli\u011fe ev sahipli\u011fi yapt\u0131. Sosyal Destek Hizmetleri M\u00fcd\u00fcrl\u00fc\u011f\u00fc\u2019n\u00fcn kurum i\u00e7i e\u011fitiminin ard\u0131ndan, Bizim Ev\u00a0Engelliler\u00a0Sosyal Ya\u015fam Destek Merkezi\u00a0kat\u0131l\u0131mc\u0131lar\u0131 ile birlikte mutfak at\u00f6lyesi ger\u00e7ekle\u015ftirildi.\u00a0 \u200bNil\u00fcfer Belediyesi, 15 Ekim Beyaz Baston K\u00f6rler ve G\u00fcvenlik G\u00fcn\u00fc kapsam\u0131nda fark\u0131ndal\u0131k yaratacak bir etkinli\u011fe ev sahipli\u011fi yapt\u0131. Sosyal Destek Hizmetleri M\u00fcd\u00fcrl\u00fc\u011f\u00fc\u2019n\u00fcn kurum i\u00e7i e\u011fitiminin ard\u0131ndan, Bizim Ev\u00a0Engelliler\u00a0Sosyal Ya\u015fam Destek Merkezi\u00a0kat\u0131l\u0131mc\u0131lar\u0131 ile birlikte mutfak at\u00f6lyesi ger\u00e7ekle\u015ftirildi.\u00a0\u00a0 \u200bHaberin Al\u0131nt\u0131land\u0131\u011f\u0131 Kaynak: www.iskenderun.org\" \/>\n<meta property=\"og:url\" content=\"https:\/\/denizcankizil.tr\/de\/haberler\/gundem\/beyaz-baston-gununde-farkindalik-yaratan-atolye-calismasi\/\" \/>\n<meta property=\"og:site_name\" content=\"Av. Deniz Can K\u0131z\u0131l\" \/>\n<meta property=\"article:published_time\" content=\"2024-10-16T09:45:28+00:00\" \/>\n<meta name=\"twitter:card\" content=\"summary_large_image\" \/>\n<meta name=\"twitter:label1\" content=\"Gesch\u00e4tzte Lesezeit\" \/>\n\t<meta name=\"twitter:data1\" content=\"1\u00a0Minute\" \/>\n<script type=\"application\/ld+json\" class=\"yoast-schema-graph\">{\"@context\":\"https:\/\/schema.org\",\"@graph\":[{\"@type\":\"Article\",\"@id\":\"https:\/\/denizcankizil.tr\/de\/haberler\/gundem\/beyaz-baston-gununde-farkindalik-yaratan-atolye-calismasi\/#article\",\"isPartOf\":{\"@id\":\"https:\/\/denizcankizil.tr\/de\/haberler\/gundem\/beyaz-baston-gununde-farkindalik-yaratan-atolye-calismasi\/\"},\"author\":{\"name\":\"\",\"@id\":\"\"},\"headline\":\"Beyaz Baston G\u00fcn\u00fc\u2019nde fark\u0131ndal\u0131k yaratan at\u00f6lye \u00e7al\u0131\u015fmas\u0131\",\"datePublished\":\"2024-10-16T09:45:28+00:00\",\"mainEntityOfPage\":{\"@id\":\"https:\/\/denizcankizil.tr\/de\/haberler\/gundem\/beyaz-baston-gununde-farkindalik-yaratan-atolye-calismasi\/\"},\"wordCount\":143,\"commentCount\":0,\"publisher\":{\"@id\":\"https:\/\/denizcankizil.tr\/#organization\"},\"articleSection\":[\"G\u00fcndem\"],\"inLanguage\":\"de\",\"potentialAction\":[{\"@type\":\"CommentAction\",\"name\":\"Comment\",\"target\":[\"https:\/\/denizcankizil.tr\/de\/haberler\/gundem\/beyaz-baston-gununde-farkindalik-yaratan-atolye-calismasi\/#respond\"]}]},{\"@type\":\"WebPage\",\"@id\":\"https:\/\/denizcankizil.tr\/de\/haberler\/gundem\/beyaz-baston-gununde-farkindalik-yaratan-atolye-calismasi\/\",\"url\":\"https:\/\/denizcankizil.tr\/de\/haberler\/gundem\/beyaz-baston-gununde-farkindalik-yaratan-atolye-calismasi\/\",\"name\":\"Beyaz Baston G\u00fcn\u00fc\u2019nde fark\u0131ndal\u0131k yaratan at\u00f6lye \u00e7al\u0131\u015fmas\u0131 - Av. Deniz Can K\u0131z\u0131l\",\"isPartOf\":{\"@id\":\"https:\/\/denizcankizil.tr\/#website\"},\"datePublished\":\"2024-10-16T09:45:28+00:00\",\"breadcrumb\":{\"@id\":\"https:\/\/denizcankizil.tr\/de\/haberler\/gundem\/beyaz-baston-gununde-farkindalik-yaratan-atolye-calismasi\/#breadcrumb\"},\"inLanguage\":\"de\",\"potentialAction\":[{\"@type\":\"ReadAction\",\"target\":[\"https:\/\/denizcankizil.tr\/de\/haberler\/gundem\/beyaz-baston-gununde-farkindalik-yaratan-atolye-calismasi\/\"]}]},{\"@type\":\"BreadcrumbList\",\"@id\":\"https:\/\/denizcankizil.tr\/de\/haberler\/gundem\/beyaz-baston-gununde-farkindalik-yaratan-atolye-calismasi\/#breadcrumb\",\"itemListElement\":[{\"@type\":\"ListItem\",\"position\":1,\"name\":\"Home\",\"item\":\"https:\/\/denizcankizil.tr\/uk\/\"},{\"@type\":\"ListItem\",\"position\":2,\"name\":\"Beyaz Baston G\u00fcn\u00fc\u2019nde fark\u0131ndal\u0131k yaratan at\u00f6lye \u00e7al\u0131\u015fmas\u0131\"}]},{\"@type\":\"WebSite\",\"@id\":\"https:\/\/denizcankizil.tr\/#website\",\"url\":\"https:\/\/denizcankizil.tr\/\",\"name\":\"Av. Deniz Can K\u0131z\u0131l\",\"description\":\"Avukat Deniz Can K\u0131z\u0131l Antalya Barosu\",\"publisher\":{\"@id\":\"https:\/\/denizcankizil.tr\/#organization\"},\"potentialAction\":[{\"@type\":\"SearchAction\",\"target\":{\"@type\":\"EntryPoint\",\"urlTemplate\":\"https:\/\/denizcankizil.tr\/?s={search_term_string}\"},\"query-input\":{\"@type\":\"PropertyValueSpecification\",\"valueRequired\":true,\"valueName\":\"search_term_string\"}}],\"inLanguage\":\"de\"},{\"@type\":\"Organization\",\"@id\":\"https:\/\/denizcankizil.tr\/#organization\",\"name\":\"Av. Deniz Can K\u0131z\u0131l\",\"url\":\"https:\/\/denizcankizil.tr\/\",\"logo\":{\"@type\":\"ImageObject\",\"inLanguage\":\"de\",\"@id\":\"https:\/\/denizcankizil.tr\/#\/schema\/logo\/image\/\",\"url\":\"https:\/\/denizcankizil.tr\/wp-content\/uploads\/2024\/10\/siyah-logo-svg.svg\",\"contentUrl\":\"https:\/\/denizcankizil.tr\/wp-content\/uploads\/2024\/10\/siyah-logo-svg.svg\",\"width\":1080,\"height\":1080,\"caption\":\"Av. Deniz Can K\u0131z\u0131l\"},\"image\":{\"@id\":\"https:\/\/denizcankizil.tr\/#\/schema\/logo\/image\/\"}}]}<\/script>\n<!-- \/ Yoast SEO Premium plugin. -->","yoast_head_json":{"title":"Beyaz Baston G\u00fcn\u00fc\u2019nde fark\u0131ndal\u0131k yaratan at\u00f6lye \u00e7al\u0131\u015fmas\u0131 - Av. Deniz Can K\u0131z\u0131l","robots":{"index":"index","follow":"follow","max-snippet":"max-snippet:-1","max-image-preview":"max-image-preview:large","max-video-preview":"max-video-preview:-1"},"canonical":"https:\/\/denizcankizil.tr\/de\/haberler\/gundem\/beyaz-baston-gununde-farkindalik-yaratan-atolye-calismasi\/","og_locale":"de_DE","og_type":"article","og_title":"Beyaz Baston G\u00fcn\u00fc\u2019nde fark\u0131ndal\u0131k yaratan at\u00f6lye \u00e7al\u0131\u015fmas\u0131","og_description":"Nil\u00fcfer Belediyesi, 15 Ekim Beyaz Baston K\u00f6rler ve G\u00fcvenlik G\u00fcn\u00fc kapsam\u0131nda fark\u0131ndal\u0131k yaratacak bir etkinli\u011fe ev sahipli\u011fi yapt\u0131. Sosyal Destek Hizmetleri M\u00fcd\u00fcrl\u00fc\u011f\u00fc\u2019n\u00fcn kurum i\u00e7i e\u011fitiminin ard\u0131ndan, Bizim Ev\u00a0Engelliler\u00a0Sosyal Ya\u015fam Destek Merkezi\u00a0kat\u0131l\u0131mc\u0131lar\u0131 ile birlikte mutfak at\u00f6lyesi ger\u00e7ekle\u015ftirildi.\u00a0 \u200bNil\u00fcfer Belediyesi, 15 Ekim Beyaz Baston K\u00f6rler ve G\u00fcvenlik G\u00fcn\u00fc kapsam\u0131nda fark\u0131ndal\u0131k yaratacak bir etkinli\u011fe ev sahipli\u011fi yapt\u0131. Sosyal Destek Hizmetleri M\u00fcd\u00fcrl\u00fc\u011f\u00fc\u2019n\u00fcn kurum i\u00e7i e\u011fitiminin ard\u0131ndan, Bizim Ev\u00a0Engelliler\u00a0Sosyal Ya\u015fam Destek Merkezi\u00a0kat\u0131l\u0131mc\u0131lar\u0131 ile birlikte mutfak at\u00f6lyesi ger\u00e7ekle\u015ftirildi.\u00a0\u00a0 \u200bHaberin Al\u0131nt\u0131land\u0131\u011f\u0131 Kaynak: www.iskenderun.org","og_url":"https:\/\/denizcankizil.tr\/de\/haberler\/gundem\/beyaz-baston-gununde-farkindalik-yaratan-atolye-calismasi\/","og_site_name":"Av. Deniz Can K\u0131z\u0131l","article_published_time":"2024-10-16T09:45:28+00:00","twitter_card":"summary_large_image","twitter_misc":{"Gesch\u00e4tzte Lesezeit":"1\u00a0Minute"},"schema":{"@context":"https:\/\/schema.org","@graph":[{"@type":"Article","@id":"https:\/\/denizcankizil.tr\/de\/haberler\/gundem\/beyaz-baston-gununde-farkindalik-yaratan-atolye-calismasi\/#article","isPartOf":{"@id":"https:\/\/denizcankizil.tr\/de\/haberler\/gundem\/beyaz-baston-gununde-farkindalik-yaratan-atolye-calismasi\/"},"author":{"name":"","@id":""},"headline":"Beyaz Baston G\u00fcn\u00fc\u2019nde fark\u0131ndal\u0131k yaratan at\u00f6lye \u00e7al\u0131\u015fmas\u0131","datePublished":"2024-10-16T09:45:28+00:00","mainEntityOfPage":{"@id":"https:\/\/denizcankizil.tr\/de\/haberler\/gundem\/beyaz-baston-gununde-farkindalik-yaratan-atolye-calismasi\/"},"wordCount":143,"commentCount":0,"publisher":{"@id":"https:\/\/denizcankizil.tr\/#organization"},"articleSection":["G\u00fcndem"],"inLanguage":"de","potentialAction":[{"@type":"CommentAction","name":"Comment","target":["https:\/\/denizcankizil.tr\/de\/haberler\/gundem\/beyaz-baston-gununde-farkindalik-yaratan-atolye-calismasi\/#respond"]}]},{"@type":"WebPage","@id":"https:\/\/denizcankizil.tr\/de\/haberler\/gundem\/beyaz-baston-gununde-farkindalik-yaratan-atolye-calismasi\/","url":"https:\/\/denizcankizil.tr\/de\/haberler\/gundem\/beyaz-baston-gununde-farkindalik-yaratan-atolye-calismasi\/","name":"Beyaz Baston G\u00fcn\u00fc\u2019nde fark\u0131ndal\u0131k yaratan at\u00f6lye \u00e7al\u0131\u015fmas\u0131 - Av. Deniz Can K\u0131z\u0131l","isPartOf":{"@id":"https:\/\/denizcankizil.tr\/#website"},"datePublished":"2024-10-16T09:45:28+00:00","breadcrumb":{"@id":"https:\/\/denizcankizil.tr\/de\/haberler\/gundem\/beyaz-baston-gununde-farkindalik-yaratan-atolye-calismasi\/#breadcrumb"},"inLanguage":"de","potentialAction":[{"@type":"ReadAction","target":["https:\/\/denizcankizil.tr\/de\/haberler\/gundem\/beyaz-baston-gununde-farkindalik-yaratan-atolye-calismasi\/"]}]},{"@type":"BreadcrumbList","@id":"https:\/\/denizcankizil.tr\/de\/haberler\/gundem\/beyaz-baston-gununde-farkindalik-yaratan-atolye-calismasi\/#breadcrumb","itemListElement":[{"@type":"ListItem","position":1,"name":"Home","item":"https:\/\/denizcankizil.tr\/uk\/"},{"@type":"ListItem","position":2,"name":"Beyaz Baston G\u00fcn\u00fc\u2019nde fark\u0131ndal\u0131k yaratan at\u00f6lye \u00e7al\u0131\u015fmas\u0131"}]},{"@type":"WebSite","@id":"https:\/\/denizcankizil.tr\/#website","url":"https:\/\/denizcankizil.tr\/","name":"Av. Deniz Can K\u0131z\u0131l","description":"Avukat Deniz Can K\u0131z\u0131l Antalya Barosu","publisher":{"@id":"https:\/\/denizcankizil.tr\/#organization"},"potentialAction":[{"@type":"SearchAction","target":{"@type":"EntryPoint","urlTemplate":"https:\/\/denizcankizil.tr\/?s={search_term_string}"},"query-input":{"@type":"PropertyValueSpecification","valueRequired":true,"valueName":"search_term_string"}}],"inLanguage":"de"},{"@type":"Organization","@id":"https:\/\/denizcankizil.tr\/#organization","name":"Av. Deniz Can K\u0131z\u0131l","url":"https:\/\/denizcankizil.tr\/","logo":{"@type":"ImageObject","inLanguage":"de","@id":"https:\/\/denizcankizil.tr\/#\/schema\/logo\/image\/","url":"https:\/\/denizcankizil.tr\/wp-content\/uploads\/2024\/10\/siyah-logo-svg.svg","contentUrl":"https:\/\/denizcankizil.tr\/wp-content\/uploads\/2024\/10\/siyah-logo-svg.svg","width":1080,"height":1080,"caption":"Av. Deniz Can K\u0131z\u0131l"},"image":{"@id":"https:\/\/denizcankizil.tr\/#\/schema\/logo\/image\/"}}]}},"_links":{"self":[{"href":"https:\/\/denizcankizil.tr\/de\/wp-json\/wp\/v2\/posts\/3350","targetHints":{"allow":["GET"]}}],"collection":[{"href":"https:\/\/denizcankizil.tr\/de\/wp-json\/wp\/v2\/posts"}],"about":[{"href":"https:\/\/denizcankizil.tr\/de\/wp-json\/wp\/v2\/types\/post"}],"replies":[{"embeddable":true,"href":"https:\/\/denizcankizil.tr\/de\/wp-json\/wp\/v2\/comments?post=3350"}],"version-history":[{"count":0,"href":"https:\/\/denizcankizil.tr\/de\/wp-json\/wp\/v2\/posts\/3350\/revisions"}],"wp:attachment":[{"href":"https:\/\/denizcankizil.tr\/de\/wp-json\/wp\/v2\/media?parent=3350"}],"wp:term":[{"taxonomy":"category","embeddable":true,"href":"https:\/\/denizcankizil.tr\/de\/wp-json\/wp\/v2\/categories?post=3350"},{"taxonomy":"post_tag","embeddable":true,"href":"https:\/\/denizcankizil.tr\/de\/wp-json\/wp\/v2\/tags?post=3350"}],"curies":[{"name":"wp","href":"https:\/\/api.w.org\/{rel}","templated":true}]}}