{"id":33354,"date":"2025-02-18T13:41:56","date_gmt":"2025-02-18T10:41:56","guid":{"rendered":"https:\/\/denizcankizil.tr\/uncategorized-tr\/kepezde-istihdam-bulusmasi\/"},"modified":"2025-02-18T13:41:56","modified_gmt":"2025-02-18T10:41:56","slug":"kepezde-istihdam-bulusmasi","status":"publish","type":"post","link":"https:\/\/denizcankizil.tr\/de\/haberler\/antalya\/kepezde-istihdam-bulusmasi\/","title":{"rendered":"Kepez&#8217;de istihdam bulu\u015fmas\u0131"},"content":{"rendered":"<p>Vatanda\u015flar\u0131n istihdam imkanlar\u0131n\u0131 art\u0131rmaya y\u00f6nelik \u00e7al\u0131\u015fmalar\u0131n\u0131 s\u00fcrd\u00fcren Kepez Belediyesi, \u2018Kariyer G\u00fcnleri&#8217; kapsam\u0131nda i\u015f arayanlar\u0131 sekt\u00f6r\u00fcn \u00f6nc\u00fc firmalar\u0131yla bir araya getirmeye devam ediyor. Kepez Belediyesi, i\u015f arayanlar\u0131 Avrupa&#8217;n\u0131n ve T\u00fcrkiye&#8217;nin sekt\u00f6r liderlerinden \u00c7elebi ile bulu\u015fturdu. Mimar Sinan Kongre Merkezi&#8217;nde d\u00fczenlenen toplu m\u00fclakata, Kepez \u0130\u015f ve \u0130stihdam Geli\u015ftirme Merkezi&#8217;ne ba\u015fvuran ve \u00c7elebi&#8217;nin belirledi\u011fi kriterlere uygun adaylar kat\u0131ld\u0131. 18-40 ya\u015f aral\u0131\u011f\u0131nda vas\u0131fl\u0131 ve vas\u0131fs\u0131z i\u015f\u00e7iler ile D, D1, C ve C1 ehliyetine sahip \u015fof\u00f6r pozisyonlar\u0131 i\u00e7in ger\u00e7ekle\u015ftirilen m\u00fclakatlara b\u00fcy\u00fck ilgi g\u00f6sterildi. Ba\u015fvuran 400 aday aras\u0131ndan belirlenen kriterlere uygun olan 105 vatanda\u015f istihdam edilerek i\u015f hayat\u0131na kazand\u0131r\u0131ld\u0131.<br \/>\nKepez Belediyesi daha \u00f6nce de i\u015f arayanlar\u0131 alan\u0131nda g\u00fc\u00e7l\u00fc \u015firketlerle bulu\u015fturmu\u015ftu.<br \/>\nKepez Belediyesi&#8217;nin istihdama y\u00f6nelik \u00f6nemli projelerinden biri olan \u2018Kariyer G\u00fcnleri&#8217; \u0130\u015f arayanlarla i\u015fverenleri do\u011frudan bir araya getiriyor.<\/p>\n<p>Kaynak: www.kanalv.com.tr Haber Sitesinden Al\u0131nm\u0131\u015ft\u0131r.<\/p>","protected":false},"excerpt":{"rendered":"<p>Vatanda\u015flar\u0131n istihdam imkanlar\u0131n\u0131 art\u0131rmaya y\u00f6nelik \u00e7al\u0131\u015fmalar\u0131n\u0131 s\u00fcrd\u00fcren Kepez Belediyesi, \u2018Kariyer G\u00fcnleri&#8217; kapsam\u0131nda i\u015f arayanlar\u0131 sekt\u00f6r\u00fcn \u00f6nc\u00fc firmalar\u0131yla bir araya getirmeye devam ediyor. Kepez Belediyesi, i\u015f arayanlar\u0131 Avrupa&#8217;n\u0131n ve T\u00fcrkiye&#8217;nin sekt\u00f6r liderlerinden \u00c7elebi ile bulu\u015fturdu. Mimar Sinan Kongre Merkezi&#8217;nde d\u00fczenlenen toplu m\u00fclakata, Kepez \u0130\u015f ve \u0130stihdam Geli\u015ftirme Merkezi&#8217;ne ba\u015fvuran ve \u00c7elebi&#8217;nin belirledi\u011fi kriterlere uygun adaylar kat\u0131ld\u0131. 18-40 ya\u015f aral\u0131\u011f\u0131nda vas\u0131fl\u0131 ve vas\u0131fs\u0131z i\u015f\u00e7iler ile D, D1, C ve C1 ehliyetine sahip \u015fof\u00f6r pozisyonlar\u0131 i\u00e7in ger\u00e7ekle\u015ftirilen m\u00fclakatlara b\u00fcy\u00fck ilgi g\u00f6sterildi. Ba\u015fvuran 400 aday aras\u0131ndan belirlenen kriterlere uygun olan 105 vatanda\u015f istihdam edilerek i\u015f hayat\u0131na kazand\u0131r\u0131ld\u0131. Kepez Belediyesi daha \u00f6nce de i\u015f arayanlar\u0131 alan\u0131nda g\u00fc\u00e7l\u00fc \u015firketlerle bulu\u015fturmu\u015ftu. Kepez Belediyesi&#8217;nin istihdama y\u00f6nelik \u00f6nemli projelerinden biri olan \u2018Kariyer G\u00fcnleri&#8217; \u0130\u015f arayanlarla i\u015fverenleri do\u011frudan bir araya getiriyor. Kaynak: www.kanalv.com.tr Haber Sitesinden Al\u0131nm\u0131\u015ft\u0131r.<\/p>","protected":false},"author":4,"featured_media":33355,"comment_status":"open","ping_status":"open","sticky":false,"template":"","format":"standard","meta":{"_acf_changed":false,"footnotes":""},"categories":[26],"tags":[],"class_list":["post-33354","post","type-post","status-publish","format-standard","has-post-thumbnail","hentry","category-antalya"],"acf":[],"yoast_head":"<!-- This site is optimized with the Yoast SEO Premium plugin v26.6 (Yoast SEO v27.1.1) - https:\/\/yoast.com\/product\/yoast-seo-premium-wordpress\/ -->\n<title>Kepez&#039;de istihdam bulu\u015fmas\u0131 - Av. Deniz Can K\u0131z\u0131l<\/title>\n<meta name=\"robots\" content=\"index, follow, max-snippet:-1, max-image-preview:large, max-video-preview:-1\" \/>\n<link rel=\"canonical\" href=\"https:\/\/denizcankizil.tr\/de\/haberler\/antalya\/kepezde-istihdam-bulusmasi\/\" \/>\n<meta property=\"og:locale\" content=\"de_DE\" \/>\n<meta property=\"og:type\" content=\"article\" \/>\n<meta property=\"og:title\" content=\"Kepez&#039;de istihdam bulu\u015fmas\u0131\" \/>\n<meta property=\"og:description\" content=\"Vatanda\u015flar\u0131n istihdam imkanlar\u0131n\u0131 art\u0131rmaya y\u00f6nelik \u00e7al\u0131\u015fmalar\u0131n\u0131 s\u00fcrd\u00fcren Kepez Belediyesi, \u2018Kariyer G\u00fcnleri&#8217; kapsam\u0131nda i\u015f arayanlar\u0131 sekt\u00f6r\u00fcn \u00f6nc\u00fc firmalar\u0131yla bir araya getirmeye devam ediyor. Kepez Belediyesi, i\u015f arayanlar\u0131 Avrupa&#8217;n\u0131n ve T\u00fcrkiye&#8217;nin sekt\u00f6r liderlerinden \u00c7elebi ile bulu\u015fturdu. Mimar Sinan Kongre Merkezi&#8217;nde d\u00fczenlenen toplu m\u00fclakata, Kepez \u0130\u015f ve \u0130stihdam Geli\u015ftirme Merkezi&#8217;ne ba\u015fvuran ve \u00c7elebi&#8217;nin belirledi\u011fi kriterlere uygun adaylar kat\u0131ld\u0131. 18-40 ya\u015f aral\u0131\u011f\u0131nda vas\u0131fl\u0131 ve vas\u0131fs\u0131z i\u015f\u00e7iler ile D, D1, C ve C1 ehliyetine sahip \u015fof\u00f6r pozisyonlar\u0131 i\u00e7in ger\u00e7ekle\u015ftirilen m\u00fclakatlara b\u00fcy\u00fck ilgi g\u00f6sterildi. Ba\u015fvuran 400 aday aras\u0131ndan belirlenen kriterlere uygun olan 105 vatanda\u015f istihdam edilerek i\u015f hayat\u0131na kazand\u0131r\u0131ld\u0131. Kepez Belediyesi daha \u00f6nce de i\u015f arayanlar\u0131 alan\u0131nda g\u00fc\u00e7l\u00fc \u015firketlerle bulu\u015fturmu\u015ftu. Kepez Belediyesi&#8217;nin istihdama y\u00f6nelik \u00f6nemli projelerinden biri olan \u2018Kariyer G\u00fcnleri&#8217; \u0130\u015f arayanlarla i\u015fverenleri do\u011frudan bir araya getiriyor. Kaynak: www.kanalv.com.tr Haber Sitesinden Al\u0131nm\u0131\u015ft\u0131r.\" \/>\n<meta property=\"og:url\" content=\"https:\/\/denizcankizil.tr\/de\/haberler\/antalya\/kepezde-istihdam-bulusmasi\/\" \/>\n<meta property=\"og:site_name\" content=\"Av. Deniz Can K\u0131z\u0131l\" \/>\n<meta property=\"article:published_time\" content=\"2025-02-18T10:41:56+00:00\" \/>\n<meta property=\"og:image\" content=\"https:\/\/denizcankizil.tr\/wp-content\/uploads\/2025\/02\/5024-01-CizPjs.jpeg\" \/>\n\t<meta property=\"og:image:width\" content=\"1280\" \/>\n\t<meta property=\"og:image:height\" content=\"720\" \/>\n\t<meta property=\"og:image:type\" content=\"image\/jpeg\" \/>\n<meta name=\"author\" content=\"Av. Deniz Can K\u0131z\u0131l\" \/>\n<meta name=\"twitter:card\" content=\"summary_large_image\" \/>\n<meta name=\"twitter:label1\" content=\"Verfasst von\" \/>\n\t<meta name=\"twitter:data1\" content=\"Av. Deniz Can K\u0131z\u0131l\" \/>\n\t<meta name=\"twitter:label2\" content=\"Gesch\u00e4tzte Lesezeit\" \/>\n\t<meta name=\"twitter:data2\" content=\"1\u00a0Minute\" \/>\n<script type=\"application\/ld+json\" class=\"yoast-schema-graph\">{\"@context\":\"https:\/\/schema.org\",\"@graph\":[{\"@type\":\"Article\",\"@id\":\"https:\/\/denizcankizil.tr\/uk\/haberler\/antalya\/kepezde-istihdam-bulusmasi\/#article\",\"isPartOf\":{\"@id\":\"https:\/\/denizcankizil.tr\/uk\/haberler\/antalya\/kepezde-istihdam-bulusmasi\/\"},\"author\":{\"name\":\"Av. Deniz Can K\u0131z\u0131l\",\"@id\":\"https:\/\/denizcankizil.tr\/#\/schema\/person\/5dc1b22991bd7ac833867c10afc9b0ff\"},\"headline\":\"Kepez&#8217;de istihdam bulu\u015fmas\u0131\",\"datePublished\":\"2025-02-18T10:41:56+00:00\",\"mainEntityOfPage\":{\"@id\":\"https:\/\/denizcankizil.tr\/uk\/haberler\/antalya\/kepezde-istihdam-bulusmasi\/\"},\"wordCount\":189,\"commentCount\":0,\"publisher\":{\"@id\":\"https:\/\/denizcankizil.tr\/#organization\"},\"image\":{\"@id\":\"https:\/\/denizcankizil.tr\/uk\/haberler\/antalya\/kepezde-istihdam-bulusmasi\/#primaryimage\"},\"thumbnailUrl\":\"https:\/\/denizcankizil.tr\/wp-content\/uploads\/2025\/02\/5024-01-CizPjs.jpeg\",\"articleSection\":[\"Antalya\"],\"inLanguage\":\"de\",\"potentialAction\":[{\"@type\":\"CommentAction\",\"name\":\"Comment\",\"target\":[\"https:\/\/denizcankizil.tr\/uk\/haberler\/antalya\/kepezde-istihdam-bulusmasi\/#respond\"]}]},{\"@type\":\"WebPage\",\"@id\":\"https:\/\/denizcankizil.tr\/uk\/haberler\/antalya\/kepezde-istihdam-bulusmasi\/\",\"url\":\"https:\/\/denizcankizil.tr\/uk\/haberler\/antalya\/kepezde-istihdam-bulusmasi\/\",\"name\":\"Kepez'de istihdam bulu\u015fmas\u0131 - Av. Deniz Can K\u0131z\u0131l\",\"isPartOf\":{\"@id\":\"https:\/\/denizcankizil.tr\/#website\"},\"primaryImageOfPage\":{\"@id\":\"https:\/\/denizcankizil.tr\/uk\/haberler\/antalya\/kepezde-istihdam-bulusmasi\/#primaryimage\"},\"image\":{\"@id\":\"https:\/\/denizcankizil.tr\/uk\/haberler\/antalya\/kepezde-istihdam-bulusmasi\/#primaryimage\"},\"thumbnailUrl\":\"https:\/\/denizcankizil.tr\/wp-content\/uploads\/2025\/02\/5024-01-CizPjs.jpeg\",\"datePublished\":\"2025-02-18T10:41:56+00:00\",\"breadcrumb\":{\"@id\":\"https:\/\/denizcankizil.tr\/uk\/haberler\/antalya\/kepezde-istihdam-bulusmasi\/#breadcrumb\"},\"inLanguage\":\"de\",\"potentialAction\":[{\"@type\":\"ReadAction\",\"target\":[\"https:\/\/denizcankizil.tr\/uk\/haberler\/antalya\/kepezde-istihdam-bulusmasi\/\"]}]},{\"@type\":\"ImageObject\",\"inLanguage\":\"de\",\"@id\":\"https:\/\/denizcankizil.tr\/uk\/haberler\/antalya\/kepezde-istihdam-bulusmasi\/#primaryimage\",\"url\":\"https:\/\/denizcankizil.tr\/wp-content\/uploads\/2025\/02\/5024-01-CizPjs.jpeg\",\"contentUrl\":\"https:\/\/denizcankizil.tr\/wp-content\/uploads\/2025\/02\/5024-01-CizPjs.jpeg\",\"width\":1280,\"height\":720},{\"@type\":\"BreadcrumbList\",\"@id\":\"https:\/\/denizcankizil.tr\/uk\/haberler\/antalya\/kepezde-istihdam-bulusmasi\/#breadcrumb\",\"itemListElement\":[{\"@type\":\"ListItem\",\"position\":1,\"name\":\"Home\",\"item\":\"https:\/\/denizcankizil.tr\/uk\/\"},{\"@type\":\"ListItem\",\"position\":2,\"name\":\"Kepez&#8217;de istihdam bulu\u015fmas\u0131\"}]},{\"@type\":\"WebSite\",\"@id\":\"https:\/\/denizcankizil.tr\/#website\",\"url\":\"https:\/\/denizcankizil.tr\/\",\"name\":\"Av. Deniz Can K\u0131z\u0131l\",\"description\":\"Avukat Deniz Can K\u0131z\u0131l Antalya Barosu\",\"publisher\":{\"@id\":\"https:\/\/denizcankizil.tr\/#organization\"},\"potentialAction\":[{\"@type\":\"SearchAction\",\"target\":{\"@type\":\"EntryPoint\",\"urlTemplate\":\"https:\/\/denizcankizil.tr\/?s={search_term_string}\"},\"query-input\":{\"@type\":\"PropertyValueSpecification\",\"valueRequired\":true,\"valueName\":\"search_term_string\"}}],\"inLanguage\":\"de\"},{\"@type\":\"Organization\",\"@id\":\"https:\/\/denizcankizil.tr\/#organization\",\"name\":\"Av. Deniz Can K\u0131z\u0131l\",\"url\":\"https:\/\/denizcankizil.tr\/\",\"logo\":{\"@type\":\"ImageObject\",\"inLanguage\":\"de\",\"@id\":\"https:\/\/denizcankizil.tr\/#\/schema\/logo\/image\/\",\"url\":\"https:\/\/denizcankizil.tr\/wp-content\/uploads\/2024\/10\/siyah-logo-svg.svg\",\"contentUrl\":\"https:\/\/denizcankizil.tr\/wp-content\/uploads\/2024\/10\/siyah-logo-svg.svg\",\"width\":1080,\"height\":1080,\"caption\":\"Av. Deniz Can K\u0131z\u0131l\"},\"image\":{\"@id\":\"https:\/\/denizcankizil.tr\/#\/schema\/logo\/image\/\"}},{\"@type\":\"Person\",\"@id\":\"https:\/\/denizcankizil.tr\/#\/schema\/person\/5dc1b22991bd7ac833867c10afc9b0ff\",\"name\":\"Av. Deniz Can K\u0131z\u0131l\",\"image\":{\"@type\":\"ImageObject\",\"inLanguage\":\"de\",\"@id\":\"https:\/\/denizcankizil.tr\/#\/schema\/person\/image\/\",\"url\":\"https:\/\/secure.gravatar.com\/avatar\/a0b128fb9855c79efc976d5640eedb31dc35ec297594d6016d2cf7c60e975bb6?s=96&d=mm&r=g\",\"contentUrl\":\"https:\/\/secure.gravatar.com\/avatar\/a0b128fb9855c79efc976d5640eedb31dc35ec297594d6016d2cf7c60e975bb6?s=96&d=mm&r=g\",\"caption\":\"Av. Deniz Can K\u0131z\u0131l\"},\"sameAs\":[\"http:\/\/www.denizcankizil.tr\"],\"url\":\"https:\/\/denizcankizil.tr\/de\/author\/denizcankizil\/\"}]}<\/script>\n<!-- \/ Yoast SEO Premium plugin. -->","yoast_head_json":{"title":"Kepez'de istihdam bulu\u015fmas\u0131 - Av. Deniz Can K\u0131z\u0131l","robots":{"index":"index","follow":"follow","max-snippet":"max-snippet:-1","max-image-preview":"max-image-preview:large","max-video-preview":"max-video-preview:-1"},"canonical":"https:\/\/denizcankizil.tr\/de\/haberler\/antalya\/kepezde-istihdam-bulusmasi\/","og_locale":"de_DE","og_type":"article","og_title":"Kepez'de istihdam bulu\u015fmas\u0131","og_description":"Vatanda\u015flar\u0131n istihdam imkanlar\u0131n\u0131 art\u0131rmaya y\u00f6nelik \u00e7al\u0131\u015fmalar\u0131n\u0131 s\u00fcrd\u00fcren Kepez Belediyesi, \u2018Kariyer G\u00fcnleri&#8217; kapsam\u0131nda i\u015f arayanlar\u0131 sekt\u00f6r\u00fcn \u00f6nc\u00fc firmalar\u0131yla bir araya getirmeye devam ediyor. Kepez Belediyesi, i\u015f arayanlar\u0131 Avrupa&#8217;n\u0131n ve T\u00fcrkiye&#8217;nin sekt\u00f6r liderlerinden \u00c7elebi ile bulu\u015fturdu. Mimar Sinan Kongre Merkezi&#8217;nde d\u00fczenlenen toplu m\u00fclakata, Kepez \u0130\u015f ve \u0130stihdam Geli\u015ftirme Merkezi&#8217;ne ba\u015fvuran ve \u00c7elebi&#8217;nin belirledi\u011fi kriterlere uygun adaylar kat\u0131ld\u0131. 18-40 ya\u015f aral\u0131\u011f\u0131nda vas\u0131fl\u0131 ve vas\u0131fs\u0131z i\u015f\u00e7iler ile D, D1, C ve C1 ehliyetine sahip \u015fof\u00f6r pozisyonlar\u0131 i\u00e7in ger\u00e7ekle\u015ftirilen m\u00fclakatlara b\u00fcy\u00fck ilgi g\u00f6sterildi. Ba\u015fvuran 400 aday aras\u0131ndan belirlenen kriterlere uygun olan 105 vatanda\u015f istihdam edilerek i\u015f hayat\u0131na kazand\u0131r\u0131ld\u0131. Kepez Belediyesi daha \u00f6nce de i\u015f arayanlar\u0131 alan\u0131nda g\u00fc\u00e7l\u00fc \u015firketlerle bulu\u015fturmu\u015ftu. Kepez Belediyesi&#8217;nin istihdama y\u00f6nelik \u00f6nemli projelerinden biri olan \u2018Kariyer G\u00fcnleri&#8217; \u0130\u015f arayanlarla i\u015fverenleri do\u011frudan bir araya getiriyor. Kaynak: www.kanalv.com.tr Haber Sitesinden Al\u0131nm\u0131\u015ft\u0131r.","og_url":"https:\/\/denizcankizil.tr\/de\/haberler\/antalya\/kepezde-istihdam-bulusmasi\/","og_site_name":"Av. Deniz Can K\u0131z\u0131l","article_published_time":"2025-02-18T10:41:56+00:00","og_image":[{"width":1280,"height":720,"url":"https:\/\/denizcankizil.tr\/wp-content\/uploads\/2025\/02\/5024-01-CizPjs.jpeg","type":"image\/jpeg"}],"author":"Av. Deniz Can K\u0131z\u0131l","twitter_card":"summary_large_image","twitter_misc":{"Verfasst von":"Av. Deniz Can K\u0131z\u0131l","Gesch\u00e4tzte Lesezeit":"1\u00a0Minute"},"schema":{"@context":"https:\/\/schema.org","@graph":[{"@type":"Article","@id":"https:\/\/denizcankizil.tr\/uk\/haberler\/antalya\/kepezde-istihdam-bulusmasi\/#article","isPartOf":{"@id":"https:\/\/denizcankizil.tr\/uk\/haberler\/antalya\/kepezde-istihdam-bulusmasi\/"},"author":{"name":"Av. Deniz Can K\u0131z\u0131l","@id":"https:\/\/denizcankizil.tr\/#\/schema\/person\/5dc1b22991bd7ac833867c10afc9b0ff"},"headline":"Kepez&#8217;de istihdam bulu\u015fmas\u0131","datePublished":"2025-02-18T10:41:56+00:00","mainEntityOfPage":{"@id":"https:\/\/denizcankizil.tr\/uk\/haberler\/antalya\/kepezde-istihdam-bulusmasi\/"},"wordCount":189,"commentCount":0,"publisher":{"@id":"https:\/\/denizcankizil.tr\/#organization"},"image":{"@id":"https:\/\/denizcankizil.tr\/uk\/haberler\/antalya\/kepezde-istihdam-bulusmasi\/#primaryimage"},"thumbnailUrl":"https:\/\/denizcankizil.tr\/wp-content\/uploads\/2025\/02\/5024-01-CizPjs.jpeg","articleSection":["Antalya"],"inLanguage":"de","potentialAction":[{"@type":"CommentAction","name":"Comment","target":["https:\/\/denizcankizil.tr\/uk\/haberler\/antalya\/kepezde-istihdam-bulusmasi\/#respond"]}]},{"@type":"WebPage","@id":"https:\/\/denizcankizil.tr\/uk\/haberler\/antalya\/kepezde-istihdam-bulusmasi\/","url":"https:\/\/denizcankizil.tr\/uk\/haberler\/antalya\/kepezde-istihdam-bulusmasi\/","name":"Kepez'de istihdam bulu\u015fmas\u0131 - Av. Deniz Can K\u0131z\u0131l","isPartOf":{"@id":"https:\/\/denizcankizil.tr\/#website"},"primaryImageOfPage":{"@id":"https:\/\/denizcankizil.tr\/uk\/haberler\/antalya\/kepezde-istihdam-bulusmasi\/#primaryimage"},"image":{"@id":"https:\/\/denizcankizil.tr\/uk\/haberler\/antalya\/kepezde-istihdam-bulusmasi\/#primaryimage"},"thumbnailUrl":"https:\/\/denizcankizil.tr\/wp-content\/uploads\/2025\/02\/5024-01-CizPjs.jpeg","datePublished":"2025-02-18T10:41:56+00:00","breadcrumb":{"@id":"https:\/\/denizcankizil.tr\/uk\/haberler\/antalya\/kepezde-istihdam-bulusmasi\/#breadcrumb"},"inLanguage":"de","potentialAction":[{"@type":"ReadAction","target":["https:\/\/denizcankizil.tr\/uk\/haberler\/antalya\/kepezde-istihdam-bulusmasi\/"]}]},{"@type":"ImageObject","inLanguage":"de","@id":"https:\/\/denizcankizil.tr\/uk\/haberler\/antalya\/kepezde-istihdam-bulusmasi\/#primaryimage","url":"https:\/\/denizcankizil.tr\/wp-content\/uploads\/2025\/02\/5024-01-CizPjs.jpeg","contentUrl":"https:\/\/denizcankizil.tr\/wp-content\/uploads\/2025\/02\/5024-01-CizPjs.jpeg","width":1280,"height":720},{"@type":"BreadcrumbList","@id":"https:\/\/denizcankizil.tr\/uk\/haberler\/antalya\/kepezde-istihdam-bulusmasi\/#breadcrumb","itemListElement":[{"@type":"ListItem","position":1,"name":"Home","item":"https:\/\/denizcankizil.tr\/uk\/"},{"@type":"ListItem","position":2,"name":"Kepez&#8217;de istihdam bulu\u015fmas\u0131"}]},{"@type":"WebSite","@id":"https:\/\/denizcankizil.tr\/#website","url":"https:\/\/denizcankizil.tr\/","name":"Av. Deniz Can K\u0131z\u0131l","description":"Avukat Deniz Can K\u0131z\u0131l Antalya Barosu","publisher":{"@id":"https:\/\/denizcankizil.tr\/#organization"},"potentialAction":[{"@type":"SearchAction","target":{"@type":"EntryPoint","urlTemplate":"https:\/\/denizcankizil.tr\/?s={search_term_string}"},"query-input":{"@type":"PropertyValueSpecification","valueRequired":true,"valueName":"search_term_string"}}],"inLanguage":"de"},{"@type":"Organization","@id":"https:\/\/denizcankizil.tr\/#organization","name":"Av. Deniz Can K\u0131z\u0131l","url":"https:\/\/denizcankizil.tr\/","logo":{"@type":"ImageObject","inLanguage":"de","@id":"https:\/\/denizcankizil.tr\/#\/schema\/logo\/image\/","url":"https:\/\/denizcankizil.tr\/wp-content\/uploads\/2024\/10\/siyah-logo-svg.svg","contentUrl":"https:\/\/denizcankizil.tr\/wp-content\/uploads\/2024\/10\/siyah-logo-svg.svg","width":1080,"height":1080,"caption":"Av. Deniz Can K\u0131z\u0131l"},"image":{"@id":"https:\/\/denizcankizil.tr\/#\/schema\/logo\/image\/"}},{"@type":"Person","@id":"https:\/\/denizcankizil.tr\/#\/schema\/person\/5dc1b22991bd7ac833867c10afc9b0ff","name":"Av. Deniz Can K\u0131z\u0131l","image":{"@type":"ImageObject","inLanguage":"de","@id":"https:\/\/denizcankizil.tr\/#\/schema\/person\/image\/","url":"https:\/\/secure.gravatar.com\/avatar\/a0b128fb9855c79efc976d5640eedb31dc35ec297594d6016d2cf7c60e975bb6?s=96&d=mm&r=g","contentUrl":"https:\/\/secure.gravatar.com\/avatar\/a0b128fb9855c79efc976d5640eedb31dc35ec297594d6016d2cf7c60e975bb6?s=96&d=mm&r=g","caption":"Av. Deniz Can K\u0131z\u0131l"},"sameAs":["http:\/\/www.denizcankizil.tr"],"url":"https:\/\/denizcankizil.tr\/de\/author\/denizcankizil\/"}]}},"_links":{"self":[{"href":"https:\/\/denizcankizil.tr\/de\/wp-json\/wp\/v2\/posts\/33354","targetHints":{"allow":["GET"]}}],"collection":[{"href":"https:\/\/denizcankizil.tr\/de\/wp-json\/wp\/v2\/posts"}],"about":[{"href":"https:\/\/denizcankizil.tr\/de\/wp-json\/wp\/v2\/types\/post"}],"author":[{"embeddable":true,"href":"https:\/\/denizcankizil.tr\/de\/wp-json\/wp\/v2\/users\/4"}],"replies":[{"embeddable":true,"href":"https:\/\/denizcankizil.tr\/de\/wp-json\/wp\/v2\/comments?post=33354"}],"version-history":[{"count":0,"href":"https:\/\/denizcankizil.tr\/de\/wp-json\/wp\/v2\/posts\/33354\/revisions"}],"wp:featuredmedia":[{"embeddable":true,"href":"https:\/\/denizcankizil.tr\/de\/wp-json\/wp\/v2\/media\/33355"}],"wp:attachment":[{"href":"https:\/\/denizcankizil.tr\/de\/wp-json\/wp\/v2\/media?parent=33354"}],"wp:term":[{"taxonomy":"category","embeddable":true,"href":"https:\/\/denizcankizil.tr\/de\/wp-json\/wp\/v2\/categories?post=33354"},{"taxonomy":"post_tag","embeddable":true,"href":"https:\/\/denizcankizil.tr\/de\/wp-json\/wp\/v2\/tags?post=33354"}],"curies":[{"name":"wp","href":"https:\/\/api.w.org\/{rel}","templated":true}]}}