{"id":33243,"date":"2025-02-17T20:41:16","date_gmt":"2025-02-17T17:41:16","guid":{"rendered":"https:\/\/denizcankizil.tr\/uncategorized-tr\/antalya-barosunun-yeni-hizmet-binasinin-temeli-atildi\/"},"modified":"2025-02-17T20:41:16","modified_gmt":"2025-02-17T17:41:16","slug":"antalya-barosunun-yeni-hizmet-binasinin-temeli-atildi","status":"publish","type":"post","link":"https:\/\/denizcankizil.tr\/de\/haberler\/gundem\/antalya-barosunun-yeni-hizmet-binasinin-temeli-atildi\/","title":{"rendered":"Antalya Barosu\u2019nun yeni hizmet binas\u0131n\u0131n temeli at\u0131ld\u0131"},"content":{"rendered":"<p>Akdeniz \u00dcniversitesi Sosyal Bilimler MYO\u2019nun arka k\u0131sm\u0131ndaki Bay\u0131nd\u0131r Mahallesi 13081 ada 2 parsele yap\u0131m\u0131na ba\u015flanan Antalya Barosu yeni hizmet binas\u0131n\u0131n temel atma t\u00f6reni ger\u00e7ekle\u015fti. T\u00f6rene Antalya Valisi Hulusi \u015eahin, Antalya Cumhuriyet Ba\u015fsavc\u0131s\u0131 Yakup Ali Kahveci, Antalya B\u00fcy\u00fck\u015fehir Belediyesi Genel Sekreteri Av. Cansel Tuncer, Muratpa\u015fa Belediye Ba\u015fkan\u0131 \u00dcmit Uysal, Konyaalt\u0131 Belediye Ba\u015fkan\u0131 Cem Kotan, T\u00fcrkiye Barolar Birli\u011fi Ba\u015fkan\u0131 Erin\u00e7 Sa\u011fkan, Antalya Baro Ba\u015fkan\u0131 Ali \u00c7a\u011fda\u015f Bozaner, eski baro ba\u015fkanlar\u0131ndan Polat Balkan, H\u00fcseyin Ge\u00e7ilmez, Zafer K\u00f6ken, Alper Tunga Bacanl\u0131 ile \u00e7evre illerdeki barolar\u0131n ba\u015fkanlar\u0131 ve y\u00f6netimleri ile Antalya\u2019da \u00e7al\u0131\u015fan avukatlar kat\u0131ld\u0131.\u00a0<\/p>\n<p>&#8220;B\u00d6YLE B\u0130R YERE \u0130HT\u0130YACI VARDI&#8221;<\/p>\n<p>Temel atma t\u00f6reninde konu\u015fan uzun zamand\u0131r b\u00f6yle bir yere ihtiya\u00e7 oldu\u011funu belirterek, Antalya Valisi Hulusi \u015eahin, \u201cAntalya i\u00e7in \u00f6nemli bir eksik gideriliyor. Avukatlar\u0131m\u0131za b\u00f6yle bir baro binas\u0131 elzemdi. T\u00fcrkiye Barolar Birli\u011fi olmak \u00fczere t\u00fcm ba\u015fkanlar\u0131m\u0131za, s\u00fcre\u00e7te katk\u0131s\u0131 olan herkese te\u015fekk\u00fcr ediyorum. Antalya \u00e7ok \u00f6nemli bir hizmeti tesisi kazan\u0131yor. \u0130l\u00e7e belediye ba\u015fkan\u0131 avukat, b\u00fcy\u00fck\u015fehir genel sekreteri avukat, milletvekilleri avukat bize kim ac\u0131s\u0131n? Bunlar\u0131 daha h\u0131zl\u0131 yapmal\u0131yd\u0131n\u0131z. K\u0131smet bug\u00fcneymi\u015f. 7 bin metrekareyi a\u015fk\u0131n bir tesis. B\u00fcy\u00fck ve \u00f6nemli bir yat\u0131r\u0131m. Barolar\u0131m\u0131z en b\u00fcy\u00fck STK\u2019lardan biridir. B\u00f6yle bir STK\u2019n\u0131n hukukun ve adaletin tecellisinde \u00f6nemli bir rol oynayan Baro\u2019nun b\u00f6yle bir yere ihtiyac\u0131 vard\u0131. Bu ihtiya\u00e7 ortadan kald\u0131r\u0131l\u0131yor. Temeli atmak nasip oldu umar\u0131m makasla kurdeleyi kesmek de bizlere nasip olur. Hay\u0131rl\u0131 u\u011furlu olsun\u201d dedi.<\/p>\n<p>&#8220;BURASI HAKKIN VE ADALET\u0130N S\u0130MGES\u0130D\u0130R&#8221;<\/p>\n<p>Antalya Barosu yeni hizmet binas\u0131n\u0131n bir binadan fazlas\u0131 oldu\u011funu vurgulayan T\u00fcrkiye Barolar Birli\u011fi Ba\u015fkan\u0131 Av. Erin\u00e7 Sa\u011fkan, \u201c6 \u015eubat 2023\u2019te b\u00fcy\u00fck deprem felaketi ya\u015fad\u0131k. T\u00fcm g\u00fcc\u00fcm\u00fcz\u00fc deprem b\u00f6lgesine verdik. Daha sonra ekonomik anlamda b\u00fct\u00e7emizi toparlad\u0131ktan sonra Antalya Barosu binas\u0131n\u0131n yap\u0131m i\u015fi ihalesi s\u00fcrecini ba\u015flatt\u0131k ve bu s\u00fcreci tamamlad\u0131k, s\u00f6zle\u015fmemizi imzalad\u0131k. T\u00fcm ba\u015fkanlar\u0131m\u0131za ve y\u00f6netimlerine te\u015fekk\u00fcr ediyorum. Muratpa\u015fa ve B\u00fcy\u00fck\u015fehir Beledilerinin s\u00fcre\u00e7teki katk\u0131lar\u0131n\u0131 \u00e7ok iyi biliyoruz. Bir de Zafer A\u011fabeyimiz var. Zafer A\u011fabeyimiz hem Antalya Barosu\u2019na hem de T\u00fcrkiye Barolar Birli\u011fi\u2019ne emekleri ge\u00e7en bir meslek b\u00fcy\u00fc\u011f\u00fcm\u00fczd\u00fcr. Zafer A\u011fabeyimizin katk\u0131lar\u0131 yads\u0131namaz. Baro binalar\u0131, adalet binalar\u0131 sadece birer binadan ibaret de\u011fil, binalar\u0131n ruhlar\u0131 var. Bu binalar\u0131n i\u00e7erisinde hukuka, ahlaka, mesle\u011fin onuruna uygun davranaca\u011f\u0131na, bu \u00fclkedeki 85 milyonun yan\u0131nda hak ve savunma mesle\u011finin temsilcileri var. Bu nedenle buras\u0131 hakk\u0131n ve adaletin simgesidir\u201d diye konu\u015ftu.\u00a0<\/p>\n<p>2026 YILINDA A\u00c7ILI\u015eI YAPILACAK\u00a0<\/p>\n<p>2026 y\u0131l\u0131n\u0131n Ocak ay\u0131nda binan\u0131n a\u00e7\u0131l\u0131\u015f\u0131n\u0131 yapmak istediklerini belirten Antalya Baro Ba\u015fkan\u0131 Ali \u00c7a\u011fda\u015f Bozaner, \u201cYeni binam\u0131zla birlikte ihtiyac\u0131n\u0131 duydu\u011fumuz t\u00f6ren ve \u00e7al\u0131\u015fmalar\u0131m\u0131z\u0131 kendi evimizde yapar hale gelece\u011fiz. Antalya\u2019da ki STK\u2019lara ve meslek odalar\u0131na ev sahipli\u011fi yapaca\u011f\u0131z. Umut ediyorum 2026 y\u0131l\u0131n\u0131n Ocak Ay\u0131\u2019nda binam\u0131z\u0131n a\u00e7\u0131l\u0131\u015f\u0131n\u0131 yapaca\u011f\u0131z. Alan\u0131n bize verilmesi konusunda b\u00fcy\u00fck deste\u011fi olan Muratpa\u015fa Belediye Ba\u015fkan\u0131m\u0131z \u00dcmit Uysal\u2019a te\u015fekk\u00fcr ediyorum. Bundan sonraki s\u00fcre\u00e7te \u00e7al\u0131\u015fmalarda ciddi mesaisi olan t\u00fcm arkada\u015flar\u0131m\u0131za te\u015fekk\u00fcr ediyorum. Y\u0131llard\u0131r \u00f6zlemi duyulan bina konusunda ayr\u0131 hassasiyet koyduklar\u0131 i\u00e7in te\u015fekk\u00fcr ediyorum. Cumhuriyet kurumu olarak Atat\u00fcrk\u2019\u00fcn ilke ve de\u011ferleri kapsam\u0131nda hukukun \u00fcst\u00fcnl\u00fc\u011f\u00fc ve demokratik t\u00fcm de\u011ferlerin m\u00fccadelesini verdik. Atat\u00fcrk\u2019\u00fcn Antalya\u2019y\u0131 ziyaretinde Baro Ba\u015fkan\u0131m\u0131z Kaz\u0131m Azamet onun yan\u0131nda olup bu \u015fehrin gezimin de refakat ettiyse bizde ayn\u0131 iradeyle manevi d\u00fc\u015f\u00fcncelerinin yan\u0131nda bu m\u00fccadeleye omuz veriyoruz\u201d ifadelerini kulland\u0131.\u00a0<\/p>\n<p>\u200bAntalya Barosu\u2019nun yeni hizmet binas\u0131n\u0131n temel atma t\u00f6reni yap\u0131ld\u0131. T\u00f6rende konu\u015fan Antalya Baro Ba\u015fkan\u0131 Ali \u00c7a\u011fda\u015f Bozaner, \u201cYeni binam\u0131zla birlikte ihtiyac\u0131n\u0131 duydu\u011fumuz t\u00f6ren ve \u00e7al\u0131\u015fmalar\u0131m\u0131z\u0131 kendi evimizde yapar hale gelece\u011fiz.&#8221; dedi. Yeni baro binas\u0131n\u0131n 1 y\u0131lda tamamlanmas\u0131 hedefleniyor.\u00a0<\/p>\n<p>\u200bHaberin Al\u0131nt\u0131land\u0131\u011f\u0131 Kaynak: www.antalyakorfez.com<\/p>","protected":false},"excerpt":{"rendered":"<p>Akdeniz \u00dcniversitesi Sosyal Bilimler MYO\u2019nun arka k\u0131sm\u0131ndaki Bay\u0131nd\u0131r Mahallesi 13081 ada 2 parsele yap\u0131m\u0131na ba\u015flanan Antalya Barosu yeni hizmet binas\u0131n\u0131n temel atma t\u00f6reni ger\u00e7ekle\u015fti. T\u00f6rene Antalya Valisi Hulusi \u015eahin, Antalya Cumhuriyet Ba\u015fsavc\u0131s\u0131 Yakup Ali Kahveci, Antalya B\u00fcy\u00fck\u015fehir Belediyesi Genel Sekreteri Av. Cansel Tuncer, Muratpa\u015fa Belediye Ba\u015fkan\u0131 \u00dcmit Uysal, Konyaalt\u0131 Belediye Ba\u015fkan\u0131 Cem Kotan, T\u00fcrkiye Barolar Birli\u011fi Ba\u015fkan\u0131 Erin\u00e7 Sa\u011fkan, Antalya Baro Ba\u015fkan\u0131 Ali \u00c7a\u011fda\u015f Bozaner, eski baro ba\u015fkanlar\u0131ndan Polat Balkan, H\u00fcseyin Ge\u00e7ilmez, Zafer K\u00f6ken, Alper Tunga Bacanl\u0131 ile \u00e7evre illerdeki barolar\u0131n ba\u015fkanlar\u0131 ve y\u00f6netimleri ile Antalya\u2019da \u00e7al\u0131\u015fan avukatlar kat\u0131ld\u0131.\u00a0 &#8220;B\u00d6YLE B\u0130R YERE \u0130HT\u0130YACI VARDI&#8221; Temel atma t\u00f6reninde konu\u015fan uzun zamand\u0131r b\u00f6yle bir yere ihtiya\u00e7 oldu\u011funu belirterek, Antalya Valisi Hulusi \u015eahin, \u201cAntalya i\u00e7in \u00f6nemli bir eksik gideriliyor. Avukatlar\u0131m\u0131za b\u00f6yle bir baro binas\u0131 elzemdi. T\u00fcrkiye Barolar Birli\u011fi olmak \u00fczere t\u00fcm ba\u015fkanlar\u0131m\u0131za, s\u00fcre\u00e7te katk\u0131s\u0131 olan herkese te\u015fekk\u00fcr ediyorum. Antalya \u00e7ok \u00f6nemli bir hizmeti tesisi kazan\u0131yor. \u0130l\u00e7e belediye ba\u015fkan\u0131 avukat, b\u00fcy\u00fck\u015fehir genel sekreteri avukat, milletvekilleri avukat bize kim ac\u0131s\u0131n? Bunlar\u0131 daha h\u0131zl\u0131 yapmal\u0131yd\u0131n\u0131z. K\u0131smet bug\u00fcneymi\u015f. 7 bin metrekareyi a\u015fk\u0131n bir tesis. B\u00fcy\u00fck ve \u00f6nemli bir yat\u0131r\u0131m. Barolar\u0131m\u0131z en b\u00fcy\u00fck STK\u2019lardan biridir. B\u00f6yle bir STK\u2019n\u0131n hukukun ve adaletin tecellisinde \u00f6nemli bir rol oynayan Baro\u2019nun b\u00f6yle bir yere ihtiyac\u0131 vard\u0131. Bu ihtiya\u00e7 ortadan kald\u0131r\u0131l\u0131yor. Temeli atmak &hellip;<\/p>","protected":false},"author":5,"featured_media":0,"comment_status":"open","ping_status":"open","sticky":false,"template":"","format":"standard","meta":{"_acf_changed":false,"footnotes":""},"categories":[24],"tags":[],"class_list":["post-33243","post","type-post","status-publish","format-standard","has-post-thumbnail","hentry","category-gundem"],"acf":[],"yoast_head":"<!-- This site is optimized with the Yoast SEO Premium plugin v26.6 (Yoast SEO v27.1.1) - https:\/\/yoast.com\/product\/yoast-seo-premium-wordpress\/ -->\n<title>Antalya Barosu\u2019nun yeni hizmet binas\u0131n\u0131n temeli at\u0131ld\u0131 - Av. Deniz Can K\u0131z\u0131l<\/title>\n<meta name=\"robots\" content=\"index, follow, max-snippet:-1, max-image-preview:large, max-video-preview:-1\" \/>\n<link rel=\"canonical\" href=\"https:\/\/denizcankizil.tr\/de\/haberler\/gundem\/antalya-barosunun-yeni-hizmet-binasinin-temeli-atildi\/\" \/>\n<meta property=\"og:locale\" content=\"de_DE\" \/>\n<meta property=\"og:type\" content=\"article\" \/>\n<meta property=\"og:title\" content=\"Antalya Barosu\u2019nun yeni hizmet binas\u0131n\u0131n temeli at\u0131ld\u0131\" \/>\n<meta property=\"og:description\" content=\"Akdeniz \u00dcniversitesi Sosyal Bilimler MYO\u2019nun arka k\u0131sm\u0131ndaki Bay\u0131nd\u0131r Mahallesi 13081 ada 2 parsele yap\u0131m\u0131na ba\u015flanan Antalya Barosu yeni hizmet binas\u0131n\u0131n temel atma t\u00f6reni ger\u00e7ekle\u015fti. T\u00f6rene Antalya Valisi Hulusi \u015eahin, Antalya Cumhuriyet Ba\u015fsavc\u0131s\u0131 Yakup Ali Kahveci, Antalya B\u00fcy\u00fck\u015fehir Belediyesi Genel Sekreteri Av. Cansel Tuncer, Muratpa\u015fa Belediye Ba\u015fkan\u0131 \u00dcmit Uysal, Konyaalt\u0131 Belediye Ba\u015fkan\u0131 Cem Kotan, T\u00fcrkiye Barolar Birli\u011fi Ba\u015fkan\u0131 Erin\u00e7 Sa\u011fkan, Antalya Baro Ba\u015fkan\u0131 Ali \u00c7a\u011fda\u015f Bozaner, eski baro ba\u015fkanlar\u0131ndan Polat Balkan, H\u00fcseyin Ge\u00e7ilmez, Zafer K\u00f6ken, Alper Tunga Bacanl\u0131 ile \u00e7evre illerdeki barolar\u0131n ba\u015fkanlar\u0131 ve y\u00f6netimleri ile Antalya\u2019da \u00e7al\u0131\u015fan avukatlar kat\u0131ld\u0131.\u00a0 &#8220;B\u00d6YLE B\u0130R YERE \u0130HT\u0130YACI VARDI&#8221; Temel atma t\u00f6reninde konu\u015fan uzun zamand\u0131r b\u00f6yle bir yere ihtiya\u00e7 oldu\u011funu belirterek, Antalya Valisi Hulusi \u015eahin, \u201cAntalya i\u00e7in \u00f6nemli bir eksik gideriliyor. Avukatlar\u0131m\u0131za b\u00f6yle bir baro binas\u0131 elzemdi. T\u00fcrkiye Barolar Birli\u011fi olmak \u00fczere t\u00fcm ba\u015fkanlar\u0131m\u0131za, s\u00fcre\u00e7te katk\u0131s\u0131 olan herkese te\u015fekk\u00fcr ediyorum. Antalya \u00e7ok \u00f6nemli bir hizmeti tesisi kazan\u0131yor. \u0130l\u00e7e belediye ba\u015fkan\u0131 avukat, b\u00fcy\u00fck\u015fehir genel sekreteri avukat, milletvekilleri avukat bize kim ac\u0131s\u0131n? Bunlar\u0131 daha h\u0131zl\u0131 yapmal\u0131yd\u0131n\u0131z. K\u0131smet bug\u00fcneymi\u015f. 7 bin metrekareyi a\u015fk\u0131n bir tesis. B\u00fcy\u00fck ve \u00f6nemli bir yat\u0131r\u0131m. Barolar\u0131m\u0131z en b\u00fcy\u00fck STK\u2019lardan biridir. B\u00f6yle bir STK\u2019n\u0131n hukukun ve adaletin tecellisinde \u00f6nemli bir rol oynayan Baro\u2019nun b\u00f6yle bir yere ihtiyac\u0131 vard\u0131. Bu ihtiya\u00e7 ortadan kald\u0131r\u0131l\u0131yor. Temeli atmak &hellip;\" \/>\n<meta property=\"og:url\" content=\"https:\/\/denizcankizil.tr\/de\/haberler\/gundem\/antalya-barosunun-yeni-hizmet-binasinin-temeli-atildi\/\" \/>\n<meta property=\"og:site_name\" content=\"Av. Deniz Can K\u0131z\u0131l\" \/>\n<meta property=\"article:published_time\" content=\"2025-02-17T17:41:16+00:00\" \/>\n<meta name=\"author\" content=\"Antalya K\u00f6rfez\" \/>\n<meta name=\"twitter:card\" content=\"summary_large_image\" \/>\n<meta name=\"twitter:label1\" content=\"Verfasst von\" \/>\n\t<meta name=\"twitter:data1\" content=\"Antalya K\u00f6rfez\" \/>\n\t<meta name=\"twitter:label2\" content=\"Gesch\u00e4tzte Lesezeit\" \/>\n\t<meta name=\"twitter:data2\" content=\"4\u00a0Minuten\" \/>\n<script type=\"application\/ld+json\" class=\"yoast-schema-graph\">{\"@context\":\"https:\/\/schema.org\",\"@graph\":[{\"@type\":\"Article\",\"@id\":\"https:\/\/denizcankizil.tr\/ru\/haberler\/gundem\/antalya-barosunun-yeni-hizmet-binasinin-temeli-atildi\/#article\",\"isPartOf\":{\"@id\":\"https:\/\/denizcankizil.tr\/ru\/haberler\/gundem\/antalya-barosunun-yeni-hizmet-binasinin-temeli-atildi\/\"},\"author\":{\"name\":\"Antalya K\u00f6rfez\",\"@id\":\"https:\/\/denizcankizil.tr\/de\/#\/schema\/person\/e1eb71bb4dd684d46563f0af307e1234\"},\"headline\":\"Antalya Barosu\u2019nun yeni hizmet binas\u0131n\u0131n temeli at\u0131ld\u0131\",\"datePublished\":\"2025-02-17T17:41:16+00:00\",\"mainEntityOfPage\":{\"@id\":\"https:\/\/denizcankizil.tr\/ru\/haberler\/gundem\/antalya-barosunun-yeni-hizmet-binasinin-temeli-atildi\/\"},\"wordCount\":796,\"commentCount\":0,\"publisher\":{\"@id\":\"https:\/\/denizcankizil.tr\/de\/#organization\"},\"articleSection\":[\"G\u00fcndem\"],\"inLanguage\":\"de\",\"potentialAction\":[{\"@type\":\"CommentAction\",\"name\":\"Comment\",\"target\":[\"https:\/\/denizcankizil.tr\/ru\/haberler\/gundem\/antalya-barosunun-yeni-hizmet-binasinin-temeli-atildi\/#respond\"]}]},{\"@type\":\"WebPage\",\"@id\":\"https:\/\/denizcankizil.tr\/ru\/haberler\/gundem\/antalya-barosunun-yeni-hizmet-binasinin-temeli-atildi\/\",\"url\":\"https:\/\/denizcankizil.tr\/ru\/haberler\/gundem\/antalya-barosunun-yeni-hizmet-binasinin-temeli-atildi\/\",\"name\":\"Antalya Barosu\u2019nun yeni hizmet binas\u0131n\u0131n temeli at\u0131ld\u0131 - Av. Deniz Can K\u0131z\u0131l\",\"isPartOf\":{\"@id\":\"https:\/\/denizcankizil.tr\/de\/#website\"},\"datePublished\":\"2025-02-17T17:41:16+00:00\",\"breadcrumb\":{\"@id\":\"https:\/\/denizcankizil.tr\/ru\/haberler\/gundem\/antalya-barosunun-yeni-hizmet-binasinin-temeli-atildi\/#breadcrumb\"},\"inLanguage\":\"de\",\"potentialAction\":[{\"@type\":\"ReadAction\",\"target\":[\"https:\/\/denizcankizil.tr\/ru\/haberler\/gundem\/antalya-barosunun-yeni-hizmet-binasinin-temeli-atildi\/\"]}]},{\"@type\":\"BreadcrumbList\",\"@id\":\"https:\/\/denizcankizil.tr\/ru\/haberler\/gundem\/antalya-barosunun-yeni-hizmet-binasinin-temeli-atildi\/#breadcrumb\",\"itemListElement\":[{\"@type\":\"ListItem\",\"position\":1,\"name\":\"Home\",\"item\":\"https:\/\/denizcankizil.tr\/de\/\"},{\"@type\":\"ListItem\",\"position\":2,\"name\":\"Antalya Barosu\u2019nun yeni hizmet binas\u0131n\u0131n temeli at\u0131ld\u0131\"}]},{\"@type\":\"WebSite\",\"@id\":\"https:\/\/denizcankizil.tr\/de\/#website\",\"url\":\"https:\/\/denizcankizil.tr\/de\/\",\"name\":\"Av. Deniz Can K\u0131z\u0131l\",\"description\":\"Avukat Deniz Can K\u0131z\u0131l Antalya Barosu\",\"publisher\":{\"@id\":\"https:\/\/denizcankizil.tr\/de\/#organization\"},\"potentialAction\":[{\"@type\":\"SearchAction\",\"target\":{\"@type\":\"EntryPoint\",\"urlTemplate\":\"https:\/\/denizcankizil.tr\/de\/?s={search_term_string}\"},\"query-input\":{\"@type\":\"PropertyValueSpecification\",\"valueRequired\":true,\"valueName\":\"search_term_string\"}}],\"inLanguage\":\"de\"},{\"@type\":\"Organization\",\"@id\":\"https:\/\/denizcankizil.tr\/de\/#organization\",\"name\":\"Av. Deniz Can K\u0131z\u0131l\",\"url\":\"https:\/\/denizcankizil.tr\/de\/\",\"logo\":{\"@type\":\"ImageObject\",\"inLanguage\":\"de\",\"@id\":\"https:\/\/denizcankizil.tr\/de\/#\/schema\/logo\/image\/\",\"url\":\"https:\/\/denizcankizil.tr\/wp-content\/uploads\/2024\/10\/siyah-logo-svg.svg\",\"contentUrl\":\"https:\/\/denizcankizil.tr\/wp-content\/uploads\/2024\/10\/siyah-logo-svg.svg\",\"width\":1080,\"height\":1080,\"caption\":\"Av. Deniz Can K\u0131z\u0131l\"},\"image\":{\"@id\":\"https:\/\/denizcankizil.tr\/de\/#\/schema\/logo\/image\/\"}},{\"@type\":\"Person\",\"@id\":\"https:\/\/denizcankizil.tr\/de\/#\/schema\/person\/e1eb71bb4dd684d46563f0af307e1234\",\"name\":\"Antalya K\u00f6rfez\",\"image\":{\"@type\":\"ImageObject\",\"inLanguage\":\"de\",\"@id\":\"https:\/\/denizcankizil.tr\/de\/#\/schema\/person\/image\/\",\"url\":\"https:\/\/secure.gravatar.com\/avatar\/42b01982558a48a0b501fdcab6a408d3717ea5919095ee2e67b0e521799c5905?s=96&d=mm&r=g\",\"contentUrl\":\"https:\/\/secure.gravatar.com\/avatar\/42b01982558a48a0b501fdcab6a408d3717ea5919095ee2e67b0e521799c5905?s=96&d=mm&r=g\",\"caption\":\"Antalya K\u00f6rfez\"},\"sameAs\":[\"http:\/\/www.antalyakorfez.com\"],\"url\":\"https:\/\/www.antalyakorfez.com\/antalya-barosunun-yeni-hizmet-binasinin-temeli-atildi\"}]}<\/script>\n<!-- \/ Yoast SEO Premium plugin. -->","yoast_head_json":{"title":"Antalya Barosu\u2019nun yeni hizmet binas\u0131n\u0131n temeli at\u0131ld\u0131 - Av. Deniz Can K\u0131z\u0131l","robots":{"index":"index","follow":"follow","max-snippet":"max-snippet:-1","max-image-preview":"max-image-preview:large","max-video-preview":"max-video-preview:-1"},"canonical":"https:\/\/denizcankizil.tr\/de\/haberler\/gundem\/antalya-barosunun-yeni-hizmet-binasinin-temeli-atildi\/","og_locale":"de_DE","og_type":"article","og_title":"Antalya Barosu\u2019nun yeni hizmet binas\u0131n\u0131n temeli at\u0131ld\u0131","og_description":"Akdeniz \u00dcniversitesi Sosyal Bilimler MYO\u2019nun arka k\u0131sm\u0131ndaki Bay\u0131nd\u0131r Mahallesi 13081 ada 2 parsele yap\u0131m\u0131na ba\u015flanan Antalya Barosu yeni hizmet binas\u0131n\u0131n temel atma t\u00f6reni ger\u00e7ekle\u015fti. T\u00f6rene Antalya Valisi Hulusi \u015eahin, Antalya Cumhuriyet Ba\u015fsavc\u0131s\u0131 Yakup Ali Kahveci, Antalya B\u00fcy\u00fck\u015fehir Belediyesi Genel Sekreteri Av. Cansel Tuncer, Muratpa\u015fa Belediye Ba\u015fkan\u0131 \u00dcmit Uysal, Konyaalt\u0131 Belediye Ba\u015fkan\u0131 Cem Kotan, T\u00fcrkiye Barolar Birli\u011fi Ba\u015fkan\u0131 Erin\u00e7 Sa\u011fkan, Antalya Baro Ba\u015fkan\u0131 Ali \u00c7a\u011fda\u015f Bozaner, eski baro ba\u015fkanlar\u0131ndan Polat Balkan, H\u00fcseyin Ge\u00e7ilmez, Zafer K\u00f6ken, Alper Tunga Bacanl\u0131 ile \u00e7evre illerdeki barolar\u0131n ba\u015fkanlar\u0131 ve y\u00f6netimleri ile Antalya\u2019da \u00e7al\u0131\u015fan avukatlar kat\u0131ld\u0131.\u00a0 &#8220;B\u00d6YLE B\u0130R YERE \u0130HT\u0130YACI VARDI&#8221; Temel atma t\u00f6reninde konu\u015fan uzun zamand\u0131r b\u00f6yle bir yere ihtiya\u00e7 oldu\u011funu belirterek, Antalya Valisi Hulusi \u015eahin, \u201cAntalya i\u00e7in \u00f6nemli bir eksik gideriliyor. Avukatlar\u0131m\u0131za b\u00f6yle bir baro binas\u0131 elzemdi. T\u00fcrkiye Barolar Birli\u011fi olmak \u00fczere t\u00fcm ba\u015fkanlar\u0131m\u0131za, s\u00fcre\u00e7te katk\u0131s\u0131 olan herkese te\u015fekk\u00fcr ediyorum. Antalya \u00e7ok \u00f6nemli bir hizmeti tesisi kazan\u0131yor. \u0130l\u00e7e belediye ba\u015fkan\u0131 avukat, b\u00fcy\u00fck\u015fehir genel sekreteri avukat, milletvekilleri avukat bize kim ac\u0131s\u0131n? Bunlar\u0131 daha h\u0131zl\u0131 yapmal\u0131yd\u0131n\u0131z. K\u0131smet bug\u00fcneymi\u015f. 7 bin metrekareyi a\u015fk\u0131n bir tesis. B\u00fcy\u00fck ve \u00f6nemli bir yat\u0131r\u0131m. Barolar\u0131m\u0131z en b\u00fcy\u00fck STK\u2019lardan biridir. B\u00f6yle bir STK\u2019n\u0131n hukukun ve adaletin tecellisinde \u00f6nemli bir rol oynayan Baro\u2019nun b\u00f6yle bir yere ihtiyac\u0131 vard\u0131. Bu ihtiya\u00e7 ortadan kald\u0131r\u0131l\u0131yor. Temeli atmak &hellip;","og_url":"https:\/\/denizcankizil.tr\/de\/haberler\/gundem\/antalya-barosunun-yeni-hizmet-binasinin-temeli-atildi\/","og_site_name":"Av. Deniz Can K\u0131z\u0131l","article_published_time":"2025-02-17T17:41:16+00:00","author":"Antalya K\u00f6rfez","twitter_card":"summary_large_image","twitter_misc":{"Verfasst von":"Antalya K\u00f6rfez","Gesch\u00e4tzte Lesezeit":"4\u00a0Minuten"},"schema":{"@context":"https:\/\/schema.org","@graph":[{"@type":"Article","@id":"https:\/\/denizcankizil.tr\/ru\/haberler\/gundem\/antalya-barosunun-yeni-hizmet-binasinin-temeli-atildi\/#article","isPartOf":{"@id":"https:\/\/denizcankizil.tr\/ru\/haberler\/gundem\/antalya-barosunun-yeni-hizmet-binasinin-temeli-atildi\/"},"author":{"name":"Antalya K\u00f6rfez","@id":"https:\/\/denizcankizil.tr\/de\/#\/schema\/person\/e1eb71bb4dd684d46563f0af307e1234"},"headline":"Antalya Barosu\u2019nun yeni hizmet binas\u0131n\u0131n temeli at\u0131ld\u0131","datePublished":"2025-02-17T17:41:16+00:00","mainEntityOfPage":{"@id":"https:\/\/denizcankizil.tr\/ru\/haberler\/gundem\/antalya-barosunun-yeni-hizmet-binasinin-temeli-atildi\/"},"wordCount":796,"commentCount":0,"publisher":{"@id":"https:\/\/denizcankizil.tr\/de\/#organization"},"articleSection":["G\u00fcndem"],"inLanguage":"de","potentialAction":[{"@type":"CommentAction","name":"Comment","target":["https:\/\/denizcankizil.tr\/ru\/haberler\/gundem\/antalya-barosunun-yeni-hizmet-binasinin-temeli-atildi\/#respond"]}]},{"@type":"WebPage","@id":"https:\/\/denizcankizil.tr\/ru\/haberler\/gundem\/antalya-barosunun-yeni-hizmet-binasinin-temeli-atildi\/","url":"https:\/\/denizcankizil.tr\/ru\/haberler\/gundem\/antalya-barosunun-yeni-hizmet-binasinin-temeli-atildi\/","name":"Antalya Barosu\u2019nun yeni hizmet binas\u0131n\u0131n temeli at\u0131ld\u0131 - Av. Deniz Can K\u0131z\u0131l","isPartOf":{"@id":"https:\/\/denizcankizil.tr\/de\/#website"},"datePublished":"2025-02-17T17:41:16+00:00","breadcrumb":{"@id":"https:\/\/denizcankizil.tr\/ru\/haberler\/gundem\/antalya-barosunun-yeni-hizmet-binasinin-temeli-atildi\/#breadcrumb"},"inLanguage":"de","potentialAction":[{"@type":"ReadAction","target":["https:\/\/denizcankizil.tr\/ru\/haberler\/gundem\/antalya-barosunun-yeni-hizmet-binasinin-temeli-atildi\/"]}]},{"@type":"BreadcrumbList","@id":"https:\/\/denizcankizil.tr\/ru\/haberler\/gundem\/antalya-barosunun-yeni-hizmet-binasinin-temeli-atildi\/#breadcrumb","itemListElement":[{"@type":"ListItem","position":1,"name":"Home","item":"https:\/\/denizcankizil.tr\/de\/"},{"@type":"ListItem","position":2,"name":"Antalya Barosu\u2019nun yeni hizmet binas\u0131n\u0131n temeli at\u0131ld\u0131"}]},{"@type":"WebSite","@id":"https:\/\/denizcankizil.tr\/de\/#website","url":"https:\/\/denizcankizil.tr\/de\/","name":"Av. Deniz Can K\u0131z\u0131l","description":"Avukat Deniz Can K\u0131z\u0131l Antalya Barosu","publisher":{"@id":"https:\/\/denizcankizil.tr\/de\/#organization"},"potentialAction":[{"@type":"SearchAction","target":{"@type":"EntryPoint","urlTemplate":"https:\/\/denizcankizil.tr\/de\/?s={search_term_string}"},"query-input":{"@type":"PropertyValueSpecification","valueRequired":true,"valueName":"search_term_string"}}],"inLanguage":"de"},{"@type":"Organization","@id":"https:\/\/denizcankizil.tr\/de\/#organization","name":"Av. Deniz Can K\u0131z\u0131l","url":"https:\/\/denizcankizil.tr\/de\/","logo":{"@type":"ImageObject","inLanguage":"de","@id":"https:\/\/denizcankizil.tr\/de\/#\/schema\/logo\/image\/","url":"https:\/\/denizcankizil.tr\/wp-content\/uploads\/2024\/10\/siyah-logo-svg.svg","contentUrl":"https:\/\/denizcankizil.tr\/wp-content\/uploads\/2024\/10\/siyah-logo-svg.svg","width":1080,"height":1080,"caption":"Av. Deniz Can K\u0131z\u0131l"},"image":{"@id":"https:\/\/denizcankizil.tr\/de\/#\/schema\/logo\/image\/"}},{"@type":"Person","@id":"https:\/\/denizcankizil.tr\/de\/#\/schema\/person\/e1eb71bb4dd684d46563f0af307e1234","name":"Antalya K\u00f6rfez","image":{"@type":"ImageObject","inLanguage":"de","@id":"https:\/\/denizcankizil.tr\/de\/#\/schema\/person\/image\/","url":"https:\/\/secure.gravatar.com\/avatar\/42b01982558a48a0b501fdcab6a408d3717ea5919095ee2e67b0e521799c5905?s=96&d=mm&r=g","contentUrl":"https:\/\/secure.gravatar.com\/avatar\/42b01982558a48a0b501fdcab6a408d3717ea5919095ee2e67b0e521799c5905?s=96&d=mm&r=g","caption":"Antalya K\u00f6rfez"},"sameAs":["http:\/\/www.antalyakorfez.com"],"url":"https:\/\/www.antalyakorfez.com\/antalya-barosunun-yeni-hizmet-binasinin-temeli-atildi"}]}},"_links":{"self":[{"href":"https:\/\/denizcankizil.tr\/de\/wp-json\/wp\/v2\/posts\/33243","targetHints":{"allow":["GET"]}}],"collection":[{"href":"https:\/\/denizcankizil.tr\/de\/wp-json\/wp\/v2\/posts"}],"about":[{"href":"https:\/\/denizcankizil.tr\/de\/wp-json\/wp\/v2\/types\/post"}],"author":[{"embeddable":true,"href":"https:\/\/denizcankizil.tr\/de\/wp-json\/wp\/v2\/users\/5"}],"replies":[{"embeddable":true,"href":"https:\/\/denizcankizil.tr\/de\/wp-json\/wp\/v2\/comments?post=33243"}],"version-history":[{"count":0,"href":"https:\/\/denizcankizil.tr\/de\/wp-json\/wp\/v2\/posts\/33243\/revisions"}],"wp:attachment":[{"href":"https:\/\/denizcankizil.tr\/de\/wp-json\/wp\/v2\/media?parent=33243"}],"wp:term":[{"taxonomy":"category","embeddable":true,"href":"https:\/\/denizcankizil.tr\/de\/wp-json\/wp\/v2\/categories?post=33243"},{"taxonomy":"post_tag","embeddable":true,"href":"https:\/\/denizcankizil.tr\/de\/wp-json\/wp\/v2\/tags?post=33243"}],"curies":[{"name":"wp","href":"https:\/\/api.w.org\/{rel}","templated":true}]}}