{"id":32928,"date":"2025-02-15T15:09:09","date_gmt":"2025-02-15T12:09:09","guid":{"rendered":"https:\/\/denizcankizil.tr\/uncategorized-tr\/objektif-isnadiyet-ve-ongorulebilirlik-bir-ornek-incelemesi\/"},"modified":"2025-02-15T15:09:11","modified_gmt":"2025-02-15T12:09:11","slug":"objektif-isnadiyet-ve-ongorulebilirlik-bir-ornek-incelemesi","status":"publish","type":"post","link":"https:\/\/denizcankizil.tr\/de\/koseyazilari\/degerlendirme\/objektif-isnadiyet-ve-ongorulebilirlik-bir-ornek-incelemesi\/","title":{"rendered":"Objektif \u0130snadiyet ve \u00d6ng\u00f6r\u00fclebilirlik: Bir \u00d6rnek \u0130ncelemesi"},"content":{"rendered":"<p> <strong>Objektif \u0130snadiyet ve \u200c\u00d6ng\u00f6r\u00fclebilirlik: Bir \u00d6rnek \u0130ncelemesi<\/strong><\/p>\n<p>Hukuk sistemlerinin temel ta\u015flar\u0131ndan biri,bireylerin eylemlerinin ve bu eylemlerin sonu\u00e7lar\u0131n\u0131n \u00f6ng\u00f6r\u00fclebilirli\u011fidir. Bu \u2062ba\u011flamda, objektif isnadiyet\u200b kavram\u0131, hukukun uygulanabilirli\u011fi ve \u2062adaletin\u2062 sa\u011flanmas\u0131 a\u00e7\u0131s\u0131ndan b\u00fcy\u00fck bir \u00f6neme sahiptir. Objektif isnadiyet, bir ki\u015finin \u2062davran\u0131\u015flar\u0131n\u0131n, belirli bir \u2062hukuki norm \u00e7er\u00e7evesinde nas\u0131l de\u011ferlendirilece\u011fini belirleyen bir \u200d\u00f6l\u00e7\u00fct\u200b olarak kar\u015f\u0131m\u0131za \u00e7\u0131kmaktad\u0131r. Bu\u2064 \u00e7al\u0131\u015fma, \u200dobjektif isnadiyetin hukuki ba\u011flamda nas\u0131l i\u015fledi\u011fini ve \u00f6ng\u00f6r\u00fclebilirlik ile \u200dolan ili\u015fkisini derinlemesine\u200d incelemeyi ama\u00e7lamaktad\u0131r. \u00d6zellikle, bu \u2062kavramlar\u0131n pratikteki\u2064 yans\u0131malar\u0131n\u0131 anlamak\u200d i\u00e7in se\u00e7ilen \u00f6rnekler \u00fczerinden bir analiz ger\u00e7ekle\u015ftirilecektir. B\u00f6ylece, hukukun temel \u200dilkelerinin bireylerin \u2062ya\u015fam\u0131ndaki yans\u0131malar\u0131 daha iyi anla\u015f\u0131lacak ve hukuki \u200dbelirsizliklerin ortadan kald\u0131r\u0131lmas\u0131na y\u00f6nelik\u200b \u00f6neriler \u2062sunulacakt\u0131r. Bu \u2063makale, hukuk\u00e7ular,\u200d akademisyenler \u2062ve hukuk\u200b \u00f6\u011frencileri i\u00e7in \u200c\u00f6nemli bir kaynak olmay\u0131\u2062 hedeflemektedir.<br \/><img decoding=\"async\" class=\"kimage_class lazyload\" data-src=\"https:\/\/denizcankizil.tr\/wp-content\/uploads\/2024\/10\/YhAY-253D.jpg\" alt=\"Objektif \u0130snadiyet\u200d Kavram\u0131n\u0131n Tan\u0131m\u0131 ve \u00d6nemi\" src=\"data:image\/svg+xml;base64,PHN2ZyB3aWR0aD0iMSIgaGVpZ2h0PSIxIiB4bWxucz0iaHR0cDovL3d3dy53My5vcmcvMjAwMC9zdmciPjwvc3ZnPg==\"><\/p>\n<h2 id=\"objektif-isnadiyet-kavraminin-tanimi-ve-onemi\">Objektif \u0130snadiyet\u200b Kavram\u0131n\u0131n Tan\u0131m\u0131 ve \u00d6nemi<\/h2>\n<p><strong>Objektif isnadiyet kavram\u0131<\/strong>, hukukun\u2064 temel prensiplerinden\u200c biri olarak, bir olay\u0131n veya durumun nesnel\u2062 bir \u015fekilde de\u011ferlendirilmesini ifade eder.\u2063 Bu kavram, \u00f6zellikle ceza \u200bhukuku ve medeni \u2063hukuk alanlar\u0131nda \u00f6nemli \u2062bir yere\u200b sahiptir. Objektif isnadiyet, bir ki\u015finin\u2063 eylemlerinin \u2062sonu\u00e7lar\u0131n\u0131n,\u2062 o ki\u015finin niyetine veya \u200di\u00e7sel d\u00fc\u015f\u00fcncelerine\u2064 bak\u0131lmaks\u0131z\u0131n, d\u0131\u015fsal bir \u2064bak\u0131\u015f\u200b a\u00e7\u0131s\u0131yla de\u011ferlendirilmesini sa\u011flar.\u2064 Bu durum,\u2062 hukukun tarafs\u0131zl\u0131\u011f\u0131n\u0131 ve adalet anlay\u0131\u015f\u0131n\u0131 peki\u015ftirir.<\/p>\n<p>Objektif isnadiyetin \u200d\u00f6nemi, hukuki s\u00fcre\u00e7lerde \u00f6ng\u00f6r\u00fclebilirli\u011fi\u2064 art\u0131rmas\u0131nda yatmaktad\u0131r. Hukukun, bireyler\u2064 aras\u0131nda e\u015fitli\u011fi sa\u011flamak \u200cve\u2062 adil bir \u200dyarg\u0131lama s\u00fcreci olu\u015fturmak amac\u0131yla, eylemlerin \u2064sonu\u00e7lar\u0131na odaklanmas\u0131 gerekmektedir. Bu ba\u011flamda, a\u015fa\u011f\u0131daki \u200cnoktalar objektif isnadiyetin \u00f6nemini vurgulamaktad\u0131r:<\/p>\n<ul>\n<li><strong>Adaletin\u2062 sa\u011flanmas\u0131:<\/strong> Bireylerin\u200c eylemlerinin sonu\u00e7lar\u0131 \u00fczerinden de\u011ferlendirilmesi,\u200c adaletin \u200csa\u011flanmas\u0131na\u200c katk\u0131da bulunur.<\/li>\n<li><strong>Hukuki belirlilik:<\/strong> Bireyler,\u200b eylemlerinin sonu\u00e7lar\u0131n\u0131\u2063 \u00f6nceden\u2063 tahmin edebilme imkan\u0131na sahip \u2062olurlar.<\/li>\n<li><strong>Tarafs\u0131zl\u0131k:<\/strong> Hukukun uygulanmas\u0131nda tarafs\u0131z bir yakla\u015f\u0131m sergilenmesi, g\u00fcvenilirli\u011fi art\u0131r\u0131r.<\/li>\n<\/ul>\n<p>Sonu\u00e7\u2063 olarak, objektif isnadiyet kavram\u0131, hukukun i\u015fleyi\u015finde kritik\u200b bir rol oynamakta ve \u200dbireyler aras\u0131ndaki ili\u015fkilerin d\u00fczenlenmesinde \u200d\u00f6nemli bir ara\u00e7\u200c olarak\u200d \u00f6ne\u200c \u00e7\u0131kmaktad\u0131r. Bu\u200c kavram\u0131n\u200b do\u011fru bir \u015fekilde anla\u015f\u0131lmas\u0131 \u200cve uygulanmas\u0131, hukukun temel\u2063 ilkelerinin\u2064 hayata ge\u00e7irilmesine yard\u0131mc\u0131 olur.<\/p>\n<p><img decoding=\"async\" class=\"kimage_class lazyload\" data-src=\"https:\/\/denizcankizil.tr\/wp-content\/uploads\/2024\/10\/puo6A-253D.jpg\" alt=\"\u00d6ng\u00f6r\u00fclebilirlik \u0130lkesi: Teorik \u00c7er\u00e7eve\" src=\"data:image\/svg+xml;base64,PHN2ZyB3aWR0aD0iMSIgaGVpZ2h0PSIxIiB4bWxucz0iaHR0cDovL3d3dy53My5vcmcvMjAwMC9zdmciPjwvc3ZnPg==\"><\/p>\n<h2 id=\"ongorulebilirlik-ilkesi-teorik-cerceve\">\u00d6ng\u00f6r\u00fclebilirlik \u0130lkesi: Teorik \u00c7er\u00e7eve<\/h2>\n<section>\n<p>\u00d6ng\u00f6r\u00fclebilirlik ilkesi, hukuk sisteminin temel ta\u015flar\u0131ndan\u2063 biri olarak\u200b kabul edilmektedir. \u200bbu \u200dilke, bireylerin hukuki durumlar\u0131n\u0131 ve olas\u0131 \u2064sonu\u00e7lar\u0131n\u0131 \u00f6nceden tahmin edebilme yetene\u011fini ifade\u200c eder. Hukukun \u00f6ng\u00f6r\u00fclebilirli\u011fi, bireylerin\u2063 haklar\u0131n\u0131 koruma\u2063 ve y\u00fck\u00fcml\u00fcl\u00fcklerini yerine getirme konusunda\u2063 g\u00fcven\u200c duymalar\u0131n\u0131 sa\u011flar. Bu ba\u011flamda, \u00f6ng\u00f6r\u00fclebilirlik \u200bilkesi, hukukun genel i\u015fleyi\u015fi ve bireylerin hukuk \u200bkar\u015f\u0131s\u0131ndaki konumlar\u0131 a\u00e7\u0131s\u0131ndan kritik bir rol oynamaktad\u0131r.<\/p>\n<p>Teorik \u00e7er\u00e7evede \u00f6ng\u00f6r\u00fclebilirlik\u2063 ilkesi, a\u015fa\u011f\u0131daki \u200bunsurlar\u0131 i\u00e7ermektedir:<\/p>\n<ul>\n<li><strong>Hukuki Belirlilik:<\/strong> Hukukun a\u00e7\u0131k ve net bir \u015fekilde tan\u0131mlanmas\u0131, bireylerin hangi \u200cdurumlarda \u2064hangi sonu\u00e7larla \u200bkar\u015f\u0131la\u015facaklar\u0131n\u0131 bilmelerini\u2063 sa\u011flar.<\/li>\n<li><strong>Adaletin Sa\u011flanmas\u0131:<\/strong> \u00d6ng\u00f6r\u00fclebilirlik, \u2064adaletin sa\u011flanmas\u0131nda \u00f6nemli\u200b bir\u2064 fakt\u00f6rd\u00fcr;\u2062 zira bireyler, hukukun\u2063 kendilerine nas\u0131l uygulanaca\u011f\u0131n\u0131 \u200dbilerek hareket\u200b ederler.<\/li>\n<li><strong>Hukuki G\u00fcvenlik:<\/strong> Bireylerin hukuki ili\u015fkilerinde g\u00fcven duymas\u0131,<a href=\"https:\/\/denizcankizil.tr\/de\/koseyazilari\/degerlendirme\/turk-ceza-kanununun-amaci-tanimlari-temel-ilkeleri-ve-uygulama-alani\/\" title=\"T\u00fcrk Ceza Kanunu&#039;nun Amac\u0131, Tan\u0131mlar\u0131, Temel \u0130lkeleri ve Uygulama Alan\u0131\">hukukun \u00f6ng\u00f6r\u00fclebilirli\u011fi<\/a> ile do\u011frudan ili\u015fkilidir.<\/li>\n<\/ul>\n<p>Sonu\u00e7 olarak, \u00f6ng\u00f6r\u00fclebilirlik ilkesi, hukukun i\u015fleyi\u015finde \u2063ve bireylerin haklar\u0131n\u0131n korunmas\u0131nda vazge\u00e7ilmez bir unsurdur. Bu ilkenin sa\u011flanmas\u0131, hukuk sisteminin\u2064 etkinli\u011fini art\u0131rmakta ve bireylerin hukuki\u200c g\u00fcvenli\u011fini\u200b temin etmektedir.<\/p>\n<\/section>\n<p><img decoding=\"async\" class=\"kimage_class lazyload\" data-src=\"https:\/\/denizcankizil.tr\/wp-content\/uploads\/2024\/10\/IIKHg-253D.jpg\" alt=\"objektif \u0130snadiyet\u200c ve\u200c \u00d6ng\u00f6r\u00fclebilirlik Aras\u0131ndaki \u0130li\u015fki\" src=\"data:image\/svg+xml;base64,PHN2ZyB3aWR0aD0iMSIgaGVpZ2h0PSIxIiB4bWxucz0iaHR0cDovL3d3dy53My5vcmcvMjAwMC9zdmciPjwvc3ZnPg==\"><\/p>\n<h2 id=\"objektif-isnadiyet-ve-ongorulebilirlik-arasindaki-iliski\">Objektif\u200b \u0130snadiyet ve \u00d6ng\u00f6r\u00fclebilirlik Aras\u0131ndaki \u0130li\u015fki<\/h2>\n<p>Objektif isnadiyet ve \u00f6ng\u00f6r\u00fclebilirlik, hukuk\u2063 sisteminin\u2062 temel\u2064 ta\u015flar\u0131ndan biri olarak kabul edilmektedir. Bu\u200b iki kavram aras\u0131ndaki ili\u015fki, hukukun\u200b uygulanabilirli\u011fi \u200bve adaletin \u200bsa\u011flanmas\u0131 a\u00e7\u0131s\u0131ndan b\u00fcy\u00fck bir\u200c \u00f6neme \u200csahiptir. Objektif \u200cisnadiyet, bir \u200bolay\u0131n veya\u2064 durumun \u200cnesnel \u2063bir\u200b \u015fekilde de\u011ferlendirilmesi \u200canlam\u0131na \u2062gelirken, \u200c\u00f6ng\u00f6r\u00fclebilirlik, \u200chukukun sonu\u00e7lar\u0131n\u0131n taraflarca \u00f6nceden \u200btahmin \u2063edilebilir olmas\u0131n\u0131 ifade \u2064eder.<\/p>\n<p>Bu \u2063ba\u011flamda, \u200c <strong>objektif\u200b isnadiyet<\/strong> ile <strong>\u00f6ng\u00f6r\u00fclebilirlik<\/strong> \u200daras\u0131ndaki \u2063ili\u015fki\u2062 \u015fu \u015fekilde \u00f6zetlenebilir:<\/p>\n<ul>\n<li>Hukukun nesnel \u2063bir temele dayanmas\u0131, \u2063taraflar\u0131n hukuki sonu\u00e7lar\u0131 \u00f6nceden kestirebilmesine olanak tan\u0131r.<\/li>\n<li>\u00d6ng\u00f6r\u00fclebilirlik, hukukun \u200cg\u00fcvenilirli\u011fini art\u0131rarak, bireylerin hukuki s\u00fcre\u00e7lere olan g\u00fcvenini peki\u015ftirir.<\/li>\n<li>Objektif isnadiyet,\u2062 hukukun uygulanmas\u0131nda\u200d tarafs\u0131z \u2062bir yakla\u015f\u0131m sergilenmesini sa\u011flar, bu da \u00f6ng\u00f6r\u00fclebilirli\u011fi destekler.<\/li>\n<\/ul>\n<p>Sonu\u00e7 olarak, objektif \u2062isnadiyet ve \u00f6ng\u00f6r\u00fclebilirlik, hukukun\u2062 i\u015fleyi\u015finde birbirini tamamlayan unsurlar olarak kar\u015f\u0131m\u0131za \u00e7\u0131kmaktad\u0131r. Bu iki\u200b kavram\u0131n\u2063 sa\u011fl\u0131kl\u0131 bir \u015fekilde i\u015flemesi, adaletin tesis edilmesi ve\u200b hukukun \u00fcst\u00fcnl\u00fc\u011f\u00fcn\u00fcn \u200ckorunmas\u0131\u200c a\u00e7\u0131s\u0131ndan kritik bir\u200c rol\u2064 oynamaktad\u0131r.<\/p>\n<p><img decoding=\"async\" class=\"kimage_class lazyload\" data-src=\"https:\/\/denizcankizil.tr\/wp-content\/uploads\/2024\/10\/fNqXg-253D.jpg\" alt=\"Hukuki\u2063 Uygulamalarda Objektif \u0130snadiyetin\u2064 Rol\u00fc\" src=\"data:image\/svg+xml;base64,PHN2ZyB3aWR0aD0iMSIgaGVpZ2h0PSIxIiB4bWxucz0iaHR0cDovL3d3dy53My5vcmcvMjAwMC9zdmciPjwvc3ZnPg==\"><\/p>\n<h2 id=\"hukuki-uygulamalarda-objektif-isnadiyetin-rolu\">Hukuki Uygulamalarda Objektif\u200d \u0130snadiyetin Rol\u00fc<\/h2>\n<p>Hukuki uygulamalarda \u2063 <strong>objektif isnadiyet<\/strong>, taraflar\u0131n eylemlerinin \u2064ve beyanlar\u0131n\u0131n d\u0131\u015fsal \u200bbir bak\u0131\u015f \u200ca\u00e7\u0131s\u0131yla de\u011ferlendirilmesi anlam\u0131na gelir. Bu \u200dyakla\u015f\u0131m,\u200c hukukun \u00f6ng\u00f6r\u00fclebilirli\u011fini art\u0131rarak, bireylerin davran\u0131\u015flar\u0131n\u0131 \u00f6nceden tahmin \u200dedilebilir hale \u2064getirir. \u2064\u00d6zellikle, hukuki ili\u015fkilerde belirsizliklerin azalt\u0131lmas\u0131 \u200bve \u200btaraflar aras\u0131nda g\u00fcvenin tesis edilmesi a\u00e7\u0131s\u0131ndan b\u00fcy\u00fck bir \u2064\u00f6neme sahiptir.<\/p>\n<p>Objektif isnadiyetin\u200d sa\u011flad\u0131\u011f\u0131 avantajlar aras\u0131nda \u015funlar yer almaktad\u0131r:<\/p>\n<ul>\n<li><strong>Hukuki G\u00fcvenlik:<\/strong> \u2064 Taraflar\u0131n hak ve y\u00fck\u00fcml\u00fcl\u00fcklerinin net bir \u015fekilde belirlenmesi, <a href=\"https:\/\/denizcankizil.tr\/de\/koseyazilari\/degerlendirme\/derhal-beraat-ve-dusme-kararlari-hukuki-degerlendirme\/\" title=\"Derhal Beraat ve D\u00fc\u015fme Kararlar\u0131: Hukuki De\u011ferlendirme\">hukuki g\u00fcvenli\u011fi art\u0131r\u0131r<\/a>.<\/li>\n<li><strong>\u00d6ng\u00f6r\u00fclebilirlik:<\/strong> \u2063 Taraflar\u0131n gelecekteki davran\u0131\u015flar\u0131n\u0131 tahmin edebilme imkan\u0131 sunar.<\/li>\n<li><strong>Adaletin Sa\u011flanmas\u0131:<\/strong> \u2063Taraflar\u0131n e\u015fit muamele g\u00f6rmesini temin eder.<\/li>\n<\/ul>\n<p>Bu ba\u011flamda,\u2063 hukuki\u200c uygulamalarda objektif isnadiyetin rol\u00fc, sadece mevcut durumlar\u0131n de\u011ferlendirilmesiyle s\u0131n\u0131rl\u0131 kalmay\u0131p, ayn\u0131 zamanda gelecekteki hukuki ili\u015fkilerin \u015fekillenmesinde \u200dde \u200cbelirleyici bir fakt\u00f6r olarak \u00f6ne \u00e7\u0131kmaktad\u0131r. Dolay\u0131s\u0131yla, hukuk \u2063sisteminin etkinli\u011fi ve adaletin sa\u011flanmas\u0131 a\u00e7\u0131s\u0131ndan\u2062 objektif isnadiyetin dikkate\u200c al\u0131nmas\u0131 gerekmektedir.<\/p>\n<h2 id=\"ornek-olay-incelemesi-uygulamada-karsilasilan-sorunlar\">\u00d6rnek \u200dOlay \u0130ncelemesi: Uygulamada Kar\u015f\u0131la\u015f\u0131lan Sorunlar<\/h2>\n<section>\n<p>Objektif isnadiyet \u2063ve \u2063\u00f6ng\u00f6r\u00fclebilirlik, \u2063hukukun\u2063 temel\u2063 ilkeleri aras\u0131nda yer almakta olup, \u2064uygulamada \u00e7e\u015fitli \u200csorunlarla kar\u015f\u0131la\u015f\u0131labilmektedir. Bu ba\u011flamda, \u00f6zellikle \u2064a\u015fa\u011f\u0131daki hususlar \u200cdikkat \u00e7ekmektedir:<\/p>\n<ul>\n<li><strong>Delil Yetersizli\u011fi:<\/strong> Uygulamada, taraflar\u0131n iddialar\u0131n\u0131\u2064 destekleyecek yeterli delil\u200c sunamamas\u0131, objektif isnadiyetin\u2062 sa\u011flanmas\u0131nda\u2062 zorluklar yaratmaktad\u0131r.<\/li>\n<li><strong>\u00d6ng\u00f6r\u00fclebilirlik Sorunlar\u0131:<\/strong> Hukuki sonu\u00e7lar\u0131n \u200d\u00f6ng\u00f6r\u00fclebilir olmamas\u0131, bireylerin haklar\u0131n\u0131 kullanma\u2062 konusunda teredd\u00fct ya\u015famalar\u0131na neden olmaktad\u0131r.<\/li>\n<li><strong>Yarg\u0131 S\u00fcre\u00e7lerinin \u2064Uzunlu\u011fu:<\/strong> \u2064 Mahkeme s\u00fcre\u00e7lerinin uzamas\u0131,taraflar\u0131n hak\u200d arama \u00f6zg\u00fcrl\u00fc\u011f\u00fcn\u00fc \u200bolumsuz\u2064 etkilemekte ve \u200badaletin gecikmesine yol a\u00e7maktad\u0131r.<\/li>\n<li><strong>Hukuki Belirsizlikler:<\/strong> kanunlar\u0131n yorumlanmas\u0131ndaki farkl\u0131l\u0131klar, uygulamada \u2063belirsizlikler yaratmakta ve bu \u2063durum, taraflar\u0131n haklar\u0131n\u0131 etkileyebilmektedir.<\/li>\n<\/ul>\n<p>Bu sorunlar, hukukun etkin bir \u015fekilde uygulanmas\u0131n\u0131 engelleyerek, \u200cbireylerin g\u00fcven duygusunu \u2062zedelemekte ve adalet sistemine olan inanc\u0131 \u2062azaltmaktad\u0131r.\u2062 Dolay\u0131s\u0131yla, bu\u200d konular\u0131n ele al\u0131nmas\u0131 ve \u00e7\u00f6z\u00fcm yollar\u0131n\u0131n geli\u015ftirilmesi, hukukun \u200b\u00fcst\u00fcnl\u00fc\u011f\u00fc \u2062a\u00e7\u0131s\u0131ndan b\u00fcy\u00fck \u00f6nem ta\u015f\u0131maktad\u0131r.<\/p>\n<\/section>\n<h2 id=\"sonuc-ve-gelecek-perspektifleri\">Sonu\u00e7\u200c ve\u200b Gelecek\u2063 perspektifleri<\/h2>\n<p>Objektif\u2063 isnadiyet ve \u00f6ng\u00f6r\u00fclebilirlik, <a href=\"https:\/\/denizcankizil.tr\/de\/koseyazilari\/degerlendirme\/turk-ceza-kanununa-gore-sucta-ve-cezada-kanunilik-ilkesi-adalet-ve-kanun-onunde-esitlik-ilkesi-nedir-avrupa-insan-haklari-sozlesmesi-ve-anasayadaki-karsiligi-nedir\/\" title=\"Gem\u00e4\u00df dem t\u00fcrkischen Strafgesetzbuch; Was ist der Grundsatz der Legalit\u00e4t bei Verbrechen und Bestrafung, der Grundsatz der Gerechtigkeit und Gleichheit vor dem Gesetz? Was ist die Europ\u00e4ische Menschenrechtskonvention und ihr \u00c4quivalent in der Verfassung?\">hukukun temel ta\u015flar\u0131ndan biri olarak<\/a>, adaletin \u200dsa\u011flanmas\u0131nda kritik \u2064bir\u200d rol oynamaktad\u0131r.\u200d Bu kavramlar\u0131n\u2063 derinlemesine incelenmesi, hukuki\u2062 s\u00fcre\u00e7lerin daha \u2062\u015feffaf ve adil bir \u015fekilde y\u00fcr\u00fct\u00fclmesine katk\u0131da bulunabilir. Gelecekte, bu alanlarda yap\u0131lacak \u200c\u00e7al\u0131\u015fmalar\u0131n, a\u015fa\u011f\u0131daki \u200cgibi \u00f6nemli\u200b sonu\u00e7lar do\u011furmas\u0131 beklenmektedir:<\/p>\n<ul>\n<li><strong>Hukuki Uygulamalar\u0131n Geli\u015fimi:<\/strong> Objektif isnadiyet ilkelerinin daha geni\u015f bir \u015fekilde benimsenmesi,\u2064 mahkeme kararlar\u0131n\u0131n tutarl\u0131l\u0131\u011f\u0131n\u0131 \u200dart\u0131rabilir.<\/li>\n<li><strong>\u00d6ng\u00f6r\u00fclebilirlik Art\u0131\u015f\u0131:<\/strong> Hukuki s\u00fcre\u00e7lerin \u00f6ng\u00f6r\u00fclebilirli\u011fi, bireylerin ve kurumlar\u0131n\u200b haklar\u0131n\u0131 koruma konusunda daha \u2063etkin\u200d bir yakla\u015f\u0131m geli\u015ftirmelerine olanak\u2064 tan\u0131yacakt\u0131r.<\/li>\n<li><strong>Toplumsal G\u00fcvenin\u200b Yeniden \u0130n\u015fas\u0131:<\/strong> Adalet sistemine olan\u200c g\u00fcvenin \u2064artmas\u0131, toplumsal bar\u0131\u015f\u0131n sa\u011flanmas\u0131na katk\u0131da \u200bbulunabilir.<\/li>\n<\/ul>\n<p>Sonu\u00e7\u2064 olarak, \u2063objektif \u200bisnadiyet ve \u2062\u00f6ng\u00f6r\u00fclebilirlik konular\u0131nda yap\u0131lacak derinlemesine ara\u015ft\u0131rmalar, hukukun i\u015fleyi\u015fini daha da iyile\u015ftirecek ve\u2062 adaletin sa\u011flanmas\u0131nda \u00f6nemli bir\u200b rol oynayacakt\u0131r. Bu ba\u011flamda, gelecekteki \u00e7al\u0131\u015fmalar\u0131n, hukukun evrimine\u200d katk\u0131da bulunmas\u0131 \u200cve toplumsal\u2062 adaletin \u2062sa\u011flanmas\u0131na\u200b y\u00f6nelik\u200c yeni perspektifler sunmas\u0131 beklenmektedir.<\/p>\n<p>Sonu\u00e7 \u2063olarak,\u2063 &#8220;Objektif \u0130snadiyet \u200dve \u00d6ng\u00f6r\u00fclebilirlik: Bir \u00d6rnek \u0130ncelemesi&#8221; ba\u015fl\u0131kl\u0131 \u00e7al\u0131\u015fmam\u0131z, hukukun temel ilkelerinden\u2062 biri olan objektif isnadiyetin, \u00f6ng\u00f6r\u00fclebilirlik ile \u2063olan ili\u015fkisini\u200d derinlemesine incelemektedir. Bu ba\u011flamda, hukuki\u2063 belirlilik \u2063ve taraflar\u0131n haklar\u0131n\u0131n korunmas\u0131 \u2063a\u00e7\u0131s\u0131ndan objektif\u2064 isnadiyetin \u00f6nemi vurgulanm\u0131\u015ft\u0131r.\u0130ncelenen \u00f6rnekler,\u2064 bu ilkelerin\u2063 pratikte nas\u0131l uyguland\u0131\u011f\u0131n\u0131 ve hukuki sonu\u00e7lar\u0131n\u0131\u200d ortaya koymaktad\u0131r. <\/p>\n<p>Hukuk sistemimizin etkinli\u011fi, yaln\u0131zca yasalar\u0131n\u2063 varl\u0131\u011f\u0131yla de\u011fil, ayn\u0131\u2062 zamanda bu \u2062yasalar\u0131n nas\u0131l \u200cyorumland\u0131\u011f\u0131\u2064 ve\u2064 uyguland\u0131\u011f\u0131 ile de\u2064 do\u011frudan \u2063ili\u015fkilidir. Dolay\u0131s\u0131yla, \u200bobjektif isnadiyetin sa\u011flanmas\u0131, hem bireylerin\u200d haklar\u0131n\u0131n g\u00fcvence alt\u0131na \u2062al\u0131nmas\u0131 hem de\u200b toplumsal\u200c adaletin tesis \u200cedilmesi a\u00e7\u0131s\u0131ndan kritik bir \u00f6neme \u200bsahiptir.Gelecek \u00e7al\u0131\u015fmalar\u0131n, bu kavramlar\u0131n daha da \u200dderinlemesine ele \u2063al\u0131nmas\u0131na ve hukuki uygulamalara katk\u0131 sa\u011flamas\u0131na olanak tan\u0131yaca\u011f\u0131 umuduyla, \u2064bu makalenin hukuk \u200bliterat\u00fcr\u00fcne de\u011ferli bir katk\u0131\u200d sundu\u011funu \u200bd\u00fc\u015f\u00fcnmekteyiz. <\/p>","protected":false},"excerpt":{"rendered":"<p>Objektif isnadiyet, hukukun temel ilkelerinden biri olarak, bireylerin eylemlerinin sonu\u00e7lar\u0131n\u0131 \u00f6ng\u00f6r\u00fclebilir bir \u015fekilde de\u011ferlendirilmesini sa\u011flar. Bu \u00e7al\u0131\u015fma, objektif isnadiyetin uygulama alanlar\u0131n\u0131 ve hukuki sonu\u00e7lar\u0131n\u0131 bir \u00f6rnek \u00fczerinden incelemektedir.<\/p>","protected":false},"author":4,"featured_media":32929,"comment_status":"open","ping_status":"open","sticky":false,"template":"","format":"standard","meta":{"_acf_changed":false,"footnotes":""},"categories":[22],"tags":[],"class_list":["post-32928","post","type-post","status-publish","format-standard","has-post-thumbnail","hentry","category-degerlendirme"],"acf":[],"yoast_head":"<!-- This site is optimized with the Yoast SEO Premium plugin v26.6 (Yoast SEO v27.1.1) - https:\/\/yoast.com\/product\/yoast-seo-premium-wordpress\/ -->\n<title>Objektif \u0130snadiyet ve \u00d6ng\u00f6r\u00fclebilirlik: Bir \u00d6rnek \u0130ncelemesi - Av. Deniz Can K\u0131z\u0131l<\/title>\n<meta name=\"robots\" content=\"index, follow, max-snippet:-1, max-image-preview:large, max-video-preview:-1\" \/>\n<link rel=\"canonical\" href=\"https:\/\/denizcankizil.tr\/de\/koseyazilari\/degerlendirme\/objektif-isnadiyet-ve-ongorulebilirlik-bir-ornek-incelemesi\/\" \/>\n<meta property=\"og:locale\" content=\"de_DE\" \/>\n<meta property=\"og:type\" content=\"article\" \/>\n<meta property=\"og:title\" content=\"Objektif \u0130snadiyet ve \u00d6ng\u00f6r\u00fclebilirlik: Bir \u00d6rnek \u0130ncelemesi\" \/>\n<meta property=\"og:description\" content=\"Objektif isnadiyet, hukukun temel ilkelerinden biri olarak, bireylerin eylemlerinin sonu\u00e7lar\u0131n\u0131 \u00f6ng\u00f6r\u00fclebilir bir \u015fekilde de\u011ferlendirilmesini sa\u011flar. Bu \u00e7al\u0131\u015fma, objektif isnadiyetin uygulama alanlar\u0131n\u0131 ve hukuki sonu\u00e7lar\u0131n\u0131 bir \u00f6rnek \u00fczerinden incelemektedir.\" \/>\n<meta property=\"og:url\" content=\"https:\/\/denizcankizil.tr\/de\/koseyazilari\/degerlendirme\/objektif-isnadiyet-ve-ongorulebilirlik-bir-ornek-incelemesi\/\" \/>\n<meta property=\"og:site_name\" content=\"Av. Deniz Can K\u0131z\u0131l\" \/>\n<meta property=\"article:published_time\" content=\"2025-02-15T12:09:09+00:00\" \/>\n<meta property=\"article:modified_time\" content=\"2025-02-15T12:09:11+00:00\" \/>\n<meta property=\"og:image\" content=\"https:\/\/denizcankizil.tr\/wp-content\/uploads\/2025\/02\/32928-objektif-isnadiyet-ve-ongorulebilirlik-bir-ornek-incelemesi.jpg\" \/>\n\t<meta property=\"og:image:width\" content=\"800\" \/>\n\t<meta property=\"og:image:height\" content=\"800\" \/>\n\t<meta property=\"og:image:type\" content=\"image\/jpeg\" \/>\n<meta name=\"author\" content=\"Av. Deniz Can K\u0131z\u0131l\" \/>\n<meta name=\"twitter:card\" content=\"summary_large_image\" \/>\n<meta name=\"twitter:label1\" content=\"Verfasst von\" \/>\n\t<meta name=\"twitter:data1\" content=\"Av. Deniz Can K\u0131z\u0131l\" \/>\n\t<meta name=\"twitter:label2\" content=\"Gesch\u00e4tzte Lesezeit\" \/>\n\t<meta name=\"twitter:data2\" content=\"8\u00a0Minuten\" \/>\n<script type=\"application\/ld+json\" class=\"yoast-schema-graph\">{\"@context\":\"https:\/\/schema.org\",\"@graph\":[{\"@type\":\"Article\",\"@id\":\"https:\/\/denizcankizil.tr\/de\/koseyazilari\/degerlendirme\/objektif-isnadiyet-ve-ongorulebilirlik-bir-ornek-incelemesi\/#article\",\"isPartOf\":{\"@id\":\"https:\/\/denizcankizil.tr\/de\/koseyazilari\/degerlendirme\/objektif-isnadiyet-ve-ongorulebilirlik-bir-ornek-incelemesi\/\"},\"author\":{\"name\":\"Av. Deniz Can K\u0131z\u0131l\",\"@id\":\"https:\/\/denizcankizil.tr\/#\/schema\/person\/5dc1b22991bd7ac833867c10afc9b0ff\"},\"headline\":\"Objektif \u0130snadiyet ve \u00d6ng\u00f6r\u00fclebilirlik: Bir \u00d6rnek \u0130ncelemesi\",\"datePublished\":\"2025-02-15T12:09:09+00:00\",\"dateModified\":\"2025-02-15T12:09:11+00:00\",\"mainEntityOfPage\":{\"@id\":\"https:\/\/denizcankizil.tr\/de\/koseyazilari\/degerlendirme\/objektif-isnadiyet-ve-ongorulebilirlik-bir-ornek-incelemesi\/\"},\"wordCount\":1565,\"commentCount\":0,\"publisher\":{\"@id\":\"https:\/\/denizcankizil.tr\/#organization\"},\"image\":{\"@id\":\"https:\/\/denizcankizil.tr\/de\/koseyazilari\/degerlendirme\/objektif-isnadiyet-ve-ongorulebilirlik-bir-ornek-incelemesi\/#primaryimage\"},\"thumbnailUrl\":\"https:\/\/denizcankizil.tr\/wp-content\/uploads\/2025\/02\/32928-objektif-isnadiyet-ve-ongorulebilirlik-bir-ornek-incelemesi.jpg\",\"articleSection\":[\"De\u011ferlendirme\"],\"inLanguage\":\"de\",\"potentialAction\":[{\"@type\":\"CommentAction\",\"name\":\"Comment\",\"target\":[\"https:\/\/denizcankizil.tr\/de\/koseyazilari\/degerlendirme\/objektif-isnadiyet-ve-ongorulebilirlik-bir-ornek-incelemesi\/#respond\"]}]},{\"@type\":\"WebPage\",\"@id\":\"https:\/\/denizcankizil.tr\/de\/koseyazilari\/degerlendirme\/objektif-isnadiyet-ve-ongorulebilirlik-bir-ornek-incelemesi\/\",\"url\":\"https:\/\/denizcankizil.tr\/de\/koseyazilari\/degerlendirme\/objektif-isnadiyet-ve-ongorulebilirlik-bir-ornek-incelemesi\/\",\"name\":\"Objektif \u0130snadiyet ve \u00d6ng\u00f6r\u00fclebilirlik: Bir \u00d6rnek \u0130ncelemesi - Av. Deniz Can K\u0131z\u0131l\",\"isPartOf\":{\"@id\":\"https:\/\/denizcankizil.tr\/#website\"},\"primaryImageOfPage\":{\"@id\":\"https:\/\/denizcankizil.tr\/de\/koseyazilari\/degerlendirme\/objektif-isnadiyet-ve-ongorulebilirlik-bir-ornek-incelemesi\/#primaryimage\"},\"image\":{\"@id\":\"https:\/\/denizcankizil.tr\/de\/koseyazilari\/degerlendirme\/objektif-isnadiyet-ve-ongorulebilirlik-bir-ornek-incelemesi\/#primaryimage\"},\"thumbnailUrl\":\"https:\/\/denizcankizil.tr\/wp-content\/uploads\/2025\/02\/32928-objektif-isnadiyet-ve-ongorulebilirlik-bir-ornek-incelemesi.jpg\",\"datePublished\":\"2025-02-15T12:09:09+00:00\",\"dateModified\":\"2025-02-15T12:09:11+00:00\",\"breadcrumb\":{\"@id\":\"https:\/\/denizcankizil.tr\/de\/koseyazilari\/degerlendirme\/objektif-isnadiyet-ve-ongorulebilirlik-bir-ornek-incelemesi\/#breadcrumb\"},\"inLanguage\":\"de\",\"potentialAction\":[{\"@type\":\"ReadAction\",\"target\":[\"https:\/\/denizcankizil.tr\/de\/koseyazilari\/degerlendirme\/objektif-isnadiyet-ve-ongorulebilirlik-bir-ornek-incelemesi\/\"]}]},{\"@type\":\"ImageObject\",\"inLanguage\":\"de\",\"@id\":\"https:\/\/denizcankizil.tr\/de\/koseyazilari\/degerlendirme\/objektif-isnadiyet-ve-ongorulebilirlik-bir-ornek-incelemesi\/#primaryimage\",\"url\":\"https:\/\/denizcankizil.tr\/wp-content\/uploads\/2025\/02\/32928-objektif-isnadiyet-ve-ongorulebilirlik-bir-ornek-incelemesi.jpg\",\"contentUrl\":\"https:\/\/denizcankizil.tr\/wp-content\/uploads\/2025\/02\/32928-objektif-isnadiyet-ve-ongorulebilirlik-bir-ornek-incelemesi.jpg\",\"width\":800,\"height\":800,\"caption\":\"Objektif \u0130snadiyet ve \u00d6ng\u00f6r\u00fclebilirlik: Bir \u00d6rnek \u0130ncelemesi\"},{\"@type\":\"BreadcrumbList\",\"@id\":\"https:\/\/denizcankizil.tr\/de\/koseyazilari\/degerlendirme\/objektif-isnadiyet-ve-ongorulebilirlik-bir-ornek-incelemesi\/#breadcrumb\",\"itemListElement\":[{\"@type\":\"ListItem\",\"position\":1,\"name\":\"Home\",\"item\":\"https:\/\/denizcankizil.tr\/de\/\"},{\"@type\":\"ListItem\",\"position\":2,\"name\":\"Objektif \u0130snadiyet ve \u00d6ng\u00f6r\u00fclebilirlik: Bir \u00d6rnek \u0130ncelemesi\"}]},{\"@type\":\"WebSite\",\"@id\":\"https:\/\/denizcankizil.tr\/#website\",\"url\":\"https:\/\/denizcankizil.tr\/\",\"name\":\"Av. Deniz Can K\u0131z\u0131l\",\"description\":\"Avukat Deniz Can K\u0131z\u0131l Antalya Barosu\",\"publisher\":{\"@id\":\"https:\/\/denizcankizil.tr\/#organization\"},\"potentialAction\":[{\"@type\":\"SearchAction\",\"target\":{\"@type\":\"EntryPoint\",\"urlTemplate\":\"https:\/\/denizcankizil.tr\/?s={search_term_string}\"},\"query-input\":{\"@type\":\"PropertyValueSpecification\",\"valueRequired\":true,\"valueName\":\"search_term_string\"}}],\"inLanguage\":\"de\"},{\"@type\":\"Organization\",\"@id\":\"https:\/\/denizcankizil.tr\/#organization\",\"name\":\"Av. Deniz Can K\u0131z\u0131l\",\"url\":\"https:\/\/denizcankizil.tr\/\",\"logo\":{\"@type\":\"ImageObject\",\"inLanguage\":\"de\",\"@id\":\"https:\/\/denizcankizil.tr\/#\/schema\/logo\/image\/\",\"url\":\"https:\/\/denizcankizil.tr\/wp-content\/uploads\/2024\/10\/siyah-logo-svg.svg\",\"contentUrl\":\"https:\/\/denizcankizil.tr\/wp-content\/uploads\/2024\/10\/siyah-logo-svg.svg\",\"width\":1080,\"height\":1080,\"caption\":\"Av. Deniz Can K\u0131z\u0131l\"},\"image\":{\"@id\":\"https:\/\/denizcankizil.tr\/#\/schema\/logo\/image\/\"}},{\"@type\":\"Person\",\"@id\":\"https:\/\/denizcankizil.tr\/#\/schema\/person\/5dc1b22991bd7ac833867c10afc9b0ff\",\"name\":\"Av. Deniz Can K\u0131z\u0131l\",\"image\":{\"@type\":\"ImageObject\",\"inLanguage\":\"de\",\"@id\":\"https:\/\/denizcankizil.tr\/#\/schema\/person\/image\/\",\"url\":\"https:\/\/secure.gravatar.com\/avatar\/a0b128fb9855c79efc976d5640eedb31dc35ec297594d6016d2cf7c60e975bb6?s=96&d=mm&r=g\",\"contentUrl\":\"https:\/\/secure.gravatar.com\/avatar\/a0b128fb9855c79efc976d5640eedb31dc35ec297594d6016d2cf7c60e975bb6?s=96&d=mm&r=g\",\"caption\":\"Av. Deniz Can K\u0131z\u0131l\"},\"sameAs\":[\"http:\/\/www.denizcankizil.tr\"],\"url\":\"https:\/\/denizcankizil.tr\/de\/author\/denizcankizil\/\"}]}<\/script>\n<!-- \/ Yoast SEO Premium plugin. -->","yoast_head_json":{"title":"Objektif \u0130snadiyet ve \u00d6ng\u00f6r\u00fclebilirlik: Bir \u00d6rnek \u0130ncelemesi - Av. Deniz Can K\u0131z\u0131l","robots":{"index":"index","follow":"follow","max-snippet":"max-snippet:-1","max-image-preview":"max-image-preview:large","max-video-preview":"max-video-preview:-1"},"canonical":"https:\/\/denizcankizil.tr\/de\/koseyazilari\/degerlendirme\/objektif-isnadiyet-ve-ongorulebilirlik-bir-ornek-incelemesi\/","og_locale":"de_DE","og_type":"article","og_title":"Objektif \u0130snadiyet ve \u00d6ng\u00f6r\u00fclebilirlik: Bir \u00d6rnek \u0130ncelemesi","og_description":"Objektif isnadiyet, hukukun temel ilkelerinden biri olarak, bireylerin eylemlerinin sonu\u00e7lar\u0131n\u0131 \u00f6ng\u00f6r\u00fclebilir bir \u015fekilde de\u011ferlendirilmesini sa\u011flar. Bu \u00e7al\u0131\u015fma, objektif isnadiyetin uygulama alanlar\u0131n\u0131 ve hukuki sonu\u00e7lar\u0131n\u0131 bir \u00f6rnek \u00fczerinden incelemektedir.","og_url":"https:\/\/denizcankizil.tr\/de\/koseyazilari\/degerlendirme\/objektif-isnadiyet-ve-ongorulebilirlik-bir-ornek-incelemesi\/","og_site_name":"Av. Deniz Can K\u0131z\u0131l","article_published_time":"2025-02-15T12:09:09+00:00","article_modified_time":"2025-02-15T12:09:11+00:00","og_image":[{"width":800,"height":800,"url":"https:\/\/denizcankizil.tr\/wp-content\/uploads\/2025\/02\/32928-objektif-isnadiyet-ve-ongorulebilirlik-bir-ornek-incelemesi.jpg","type":"image\/jpeg"}],"author":"Av. Deniz Can K\u0131z\u0131l","twitter_card":"summary_large_image","twitter_misc":{"Verfasst von":"Av. Deniz Can K\u0131z\u0131l","Gesch\u00e4tzte Lesezeit":"8\u00a0Minuten"},"schema":{"@context":"https:\/\/schema.org","@graph":[{"@type":"Article","@id":"https:\/\/denizcankizil.tr\/de\/koseyazilari\/degerlendirme\/objektif-isnadiyet-ve-ongorulebilirlik-bir-ornek-incelemesi\/#article","isPartOf":{"@id":"https:\/\/denizcankizil.tr\/de\/koseyazilari\/degerlendirme\/objektif-isnadiyet-ve-ongorulebilirlik-bir-ornek-incelemesi\/"},"author":{"name":"Av. Deniz Can K\u0131z\u0131l","@id":"https:\/\/denizcankizil.tr\/#\/schema\/person\/5dc1b22991bd7ac833867c10afc9b0ff"},"headline":"Objektif \u0130snadiyet ve \u00d6ng\u00f6r\u00fclebilirlik: Bir \u00d6rnek \u0130ncelemesi","datePublished":"2025-02-15T12:09:09+00:00","dateModified":"2025-02-15T12:09:11+00:00","mainEntityOfPage":{"@id":"https:\/\/denizcankizil.tr\/de\/koseyazilari\/degerlendirme\/objektif-isnadiyet-ve-ongorulebilirlik-bir-ornek-incelemesi\/"},"wordCount":1565,"commentCount":0,"publisher":{"@id":"https:\/\/denizcankizil.tr\/#organization"},"image":{"@id":"https:\/\/denizcankizil.tr\/de\/koseyazilari\/degerlendirme\/objektif-isnadiyet-ve-ongorulebilirlik-bir-ornek-incelemesi\/#primaryimage"},"thumbnailUrl":"https:\/\/denizcankizil.tr\/wp-content\/uploads\/2025\/02\/32928-objektif-isnadiyet-ve-ongorulebilirlik-bir-ornek-incelemesi.jpg","articleSection":["De\u011ferlendirme"],"inLanguage":"de","potentialAction":[{"@type":"CommentAction","name":"Comment","target":["https:\/\/denizcankizil.tr\/de\/koseyazilari\/degerlendirme\/objektif-isnadiyet-ve-ongorulebilirlik-bir-ornek-incelemesi\/#respond"]}]},{"@type":"WebPage","@id":"https:\/\/denizcankizil.tr\/de\/koseyazilari\/degerlendirme\/objektif-isnadiyet-ve-ongorulebilirlik-bir-ornek-incelemesi\/","url":"https:\/\/denizcankizil.tr\/de\/koseyazilari\/degerlendirme\/objektif-isnadiyet-ve-ongorulebilirlik-bir-ornek-incelemesi\/","name":"Objektif \u0130snadiyet ve \u00d6ng\u00f6r\u00fclebilirlik: Bir \u00d6rnek \u0130ncelemesi - Av. Deniz Can K\u0131z\u0131l","isPartOf":{"@id":"https:\/\/denizcankizil.tr\/#website"},"primaryImageOfPage":{"@id":"https:\/\/denizcankizil.tr\/de\/koseyazilari\/degerlendirme\/objektif-isnadiyet-ve-ongorulebilirlik-bir-ornek-incelemesi\/#primaryimage"},"image":{"@id":"https:\/\/denizcankizil.tr\/de\/koseyazilari\/degerlendirme\/objektif-isnadiyet-ve-ongorulebilirlik-bir-ornek-incelemesi\/#primaryimage"},"thumbnailUrl":"https:\/\/denizcankizil.tr\/wp-content\/uploads\/2025\/02\/32928-objektif-isnadiyet-ve-ongorulebilirlik-bir-ornek-incelemesi.jpg","datePublished":"2025-02-15T12:09:09+00:00","dateModified":"2025-02-15T12:09:11+00:00","breadcrumb":{"@id":"https:\/\/denizcankizil.tr\/de\/koseyazilari\/degerlendirme\/objektif-isnadiyet-ve-ongorulebilirlik-bir-ornek-incelemesi\/#breadcrumb"},"inLanguage":"de","potentialAction":[{"@type":"ReadAction","target":["https:\/\/denizcankizil.tr\/de\/koseyazilari\/degerlendirme\/objektif-isnadiyet-ve-ongorulebilirlik-bir-ornek-incelemesi\/"]}]},{"@type":"ImageObject","inLanguage":"de","@id":"https:\/\/denizcankizil.tr\/de\/koseyazilari\/degerlendirme\/objektif-isnadiyet-ve-ongorulebilirlik-bir-ornek-incelemesi\/#primaryimage","url":"https:\/\/denizcankizil.tr\/wp-content\/uploads\/2025\/02\/32928-objektif-isnadiyet-ve-ongorulebilirlik-bir-ornek-incelemesi.jpg","contentUrl":"https:\/\/denizcankizil.tr\/wp-content\/uploads\/2025\/02\/32928-objektif-isnadiyet-ve-ongorulebilirlik-bir-ornek-incelemesi.jpg","width":800,"height":800,"caption":"Objektif \u0130snadiyet ve \u00d6ng\u00f6r\u00fclebilirlik: Bir \u00d6rnek \u0130ncelemesi"},{"@type":"BreadcrumbList","@id":"https:\/\/denizcankizil.tr\/de\/koseyazilari\/degerlendirme\/objektif-isnadiyet-ve-ongorulebilirlik-bir-ornek-incelemesi\/#breadcrumb","itemListElement":[{"@type":"ListItem","position":1,"name":"Home","item":"https:\/\/denizcankizil.tr\/de\/"},{"@type":"ListItem","position":2,"name":"Objektif \u0130snadiyet ve \u00d6ng\u00f6r\u00fclebilirlik: Bir \u00d6rnek \u0130ncelemesi"}]},{"@type":"WebSite","@id":"https:\/\/denizcankizil.tr\/#website","url":"https:\/\/denizcankizil.tr\/","name":"Av. Deniz Can K\u0131z\u0131l","description":"Avukat Deniz Can K\u0131z\u0131l Antalya Barosu","publisher":{"@id":"https:\/\/denizcankizil.tr\/#organization"},"potentialAction":[{"@type":"SearchAction","target":{"@type":"EntryPoint","urlTemplate":"https:\/\/denizcankizil.tr\/?s={search_term_string}"},"query-input":{"@type":"PropertyValueSpecification","valueRequired":true,"valueName":"search_term_string"}}],"inLanguage":"de"},{"@type":"Organization","@id":"https:\/\/denizcankizil.tr\/#organization","name":"Av. Deniz Can K\u0131z\u0131l","url":"https:\/\/denizcankizil.tr\/","logo":{"@type":"ImageObject","inLanguage":"de","@id":"https:\/\/denizcankizil.tr\/#\/schema\/logo\/image\/","url":"https:\/\/denizcankizil.tr\/wp-content\/uploads\/2024\/10\/siyah-logo-svg.svg","contentUrl":"https:\/\/denizcankizil.tr\/wp-content\/uploads\/2024\/10\/siyah-logo-svg.svg","width":1080,"height":1080,"caption":"Av. Deniz Can K\u0131z\u0131l"},"image":{"@id":"https:\/\/denizcankizil.tr\/#\/schema\/logo\/image\/"}},{"@type":"Person","@id":"https:\/\/denizcankizil.tr\/#\/schema\/person\/5dc1b22991bd7ac833867c10afc9b0ff","name":"Av. Deniz Can K\u0131z\u0131l","image":{"@type":"ImageObject","inLanguage":"de","@id":"https:\/\/denizcankizil.tr\/#\/schema\/person\/image\/","url":"https:\/\/secure.gravatar.com\/avatar\/a0b128fb9855c79efc976d5640eedb31dc35ec297594d6016d2cf7c60e975bb6?s=96&d=mm&r=g","contentUrl":"https:\/\/secure.gravatar.com\/avatar\/a0b128fb9855c79efc976d5640eedb31dc35ec297594d6016d2cf7c60e975bb6?s=96&d=mm&r=g","caption":"Av. Deniz Can K\u0131z\u0131l"},"sameAs":["http:\/\/www.denizcankizil.tr"],"url":"https:\/\/denizcankizil.tr\/de\/author\/denizcankizil\/"}]}},"_links":{"self":[{"href":"https:\/\/denizcankizil.tr\/de\/wp-json\/wp\/v2\/posts\/32928","targetHints":{"allow":["GET"]}}],"collection":[{"href":"https:\/\/denizcankizil.tr\/de\/wp-json\/wp\/v2\/posts"}],"about":[{"href":"https:\/\/denizcankizil.tr\/de\/wp-json\/wp\/v2\/types\/post"}],"author":[{"embeddable":true,"href":"https:\/\/denizcankizil.tr\/de\/wp-json\/wp\/v2\/users\/4"}],"replies":[{"embeddable":true,"href":"https:\/\/denizcankizil.tr\/de\/wp-json\/wp\/v2\/comments?post=32928"}],"version-history":[{"count":1,"href":"https:\/\/denizcankizil.tr\/de\/wp-json\/wp\/v2\/posts\/32928\/revisions"}],"predecessor-version":[{"id":32930,"href":"https:\/\/denizcankizil.tr\/de\/wp-json\/wp\/v2\/posts\/32928\/revisions\/32930"}],"wp:featuredmedia":[{"embeddable":true,"href":"https:\/\/denizcankizil.tr\/de\/wp-json\/wp\/v2\/media\/32929"}],"wp:attachment":[{"href":"https:\/\/denizcankizil.tr\/de\/wp-json\/wp\/v2\/media?parent=32928"}],"wp:term":[{"taxonomy":"category","embeddable":true,"href":"https:\/\/denizcankizil.tr\/de\/wp-json\/wp\/v2\/categories?post=32928"},{"taxonomy":"post_tag","embeddable":true,"href":"https:\/\/denizcankizil.tr\/de\/wp-json\/wp\/v2\/tags?post=32928"}],"curies":[{"name":"wp","href":"https:\/\/api.w.org\/{rel}","templated":true}]}}