{"id":32898,"date":"2025-02-15T12:41:52","date_gmt":"2025-02-15T09:41:52","guid":{"rendered":"https:\/\/denizcankizil.tr\/uncategorized-tr\/muratpasadan-barista-egitimi\/"},"modified":"2025-02-15T12:41:52","modified_gmt":"2025-02-15T09:41:52","slug":"muratpasadan-barista-egitimi","status":"publish","type":"post","link":"https:\/\/denizcankizil.tr\/de\/haberler\/antalya\/muratpasadan-barista-egitimi\/","title":{"rendered":"Muratpa\u015fa\u2019dan Barista e\u011fitimi"},"content":{"rendered":"<p>Muratpa\u015fa Belediyesi, son zamanlarda geli\u015fen ve \u00f6zellikle gen\u00e7ler aras\u0131nda pop\u00fclerle\u015fen yeni sekt\u00f6rleri takip etmeye ve gen\u00e7 giri\u015fimcileri bu yeni sekt\u00f6rlere kazand\u0131rabilmek ad\u0131na f\u0131rsatlar sunmaya devam ediyor. Muratpa\u015fa Belediyesi, d\u00fcnyaca \u00fcnl\u00fc kahve markalar\u0131ndan Shiller Akademi i\u015fbirli\u011fiyle kahve tutkunlar\u0131n\u0131n ilgi oda\u011f\u0131 haline gelen Barista E\u011fitimi\u2019ni bir kez daha hayata ge\u00e7iriyor.<br \/>\nBaristal\u0131k, son y\u0131llarda h\u0131zla geli\u015fen kahve sekt\u00f6r\u00fcyle birlikte ba\u015fta gen\u00e7ler olmak \u00fczere kendi kafesini a\u00e7mak isteyen giri\u015fimci adaylar\u0131 aras\u0131nda pop\u00fcler olmaya ba\u015flad\u0131. Sadece kahvenin haz\u0131rlanmas\u0131 de\u011fil ayn\u0131 zamanda sunumunu da i\u00e7eren bu yeni mesle\u011fi \u00f6\u011frenmek isteyenler, belediyenin \u00fccretsiz olarak a\u00e7t\u0131\u011f\u0131 kurs ba\u015fvurular\u0131na yo\u011fun ilgi g\u00f6sterdi.<br \/>\nBa\u015far\u0131l\u0131 kat\u0131l\u0131mc\u0131lar, sertifika alacak<br \/>\nKayd\u0131n\u0131 tamamlayan kahve tutkunlar\u0131 i\u00e7in e\u011fitim, 17 \u015eubat\u2019ta T\u00fcrkan \u015eoray K\u00fclt\u00fcr Merkezi\u2019nde ba\u015flayacak. Teorik ve uygulamal\u0131 olarak verilecek e\u011fitim 5 g\u00fcn s\u00fcrecek. Kat\u0131l\u0131mc\u0131lar kursta, kahve makinelerinin nas\u0131l kullan\u0131laca\u011f\u0131, kahve \u00e7ekirdeklerinin nas\u0131l \u00f6\u011f\u00fct\u00fclece\u011fi; filtre kahve, latte, cappuccino, espresso, mocha, macchiato gibi d\u00fcnyaca \u00fcnl\u00fc kahvelerin nas\u0131l yap\u0131laca\u011f\u0131 ve nas\u0131l servis edilece\u011fi konusunda bilgi edinecekler. Ayr\u0131ca s\u00fct kremas\u0131yla kahve y\u00fczeyine uygulayabilecekleri yeni tasar\u0131mlarla da birer ilham kayna\u011f\u0131 olacak kat\u0131l\u0131mc\u0131lar, kahveyle olan tutku dolu ili\u015fkilerini bir sonraki seviyeye ta\u015f\u0131yacaklar. 25 saatlik bu keyifli e\u011fitimin sonunda kat\u0131l\u0131mc\u0131lar s\u0131nava girecek. Ba\u015far\u0131l\u0131 olan kat\u0131l\u0131mc\u0131lar ise sertifika almaya hak kazanacaklar.<\/p>\n<p>Kaynak: www.kanalv.com.tr Haber Sitesinden Al\u0131nm\u0131\u015ft\u0131r.<\/p>","protected":false},"excerpt":{"rendered":"<p>Muratpa\u015fa Belediyesi, son zamanlarda geli\u015fen ve \u00f6zellikle gen\u00e7ler aras\u0131nda pop\u00fclerle\u015fen yeni sekt\u00f6rleri takip etmeye ve gen\u00e7 giri\u015fimcileri bu yeni sekt\u00f6rlere kazand\u0131rabilmek ad\u0131na f\u0131rsatlar sunmaya devam ediyor. Muratpa\u015fa Belediyesi, d\u00fcnyaca \u00fcnl\u00fc kahve markalar\u0131ndan Shiller Akademi i\u015fbirli\u011fiyle kahve tutkunlar\u0131n\u0131n ilgi oda\u011f\u0131 haline gelen Barista E\u011fitimi\u2019ni bir kez daha hayata ge\u00e7iriyor. Baristal\u0131k, son y\u0131llarda h\u0131zla geli\u015fen kahve sekt\u00f6r\u00fcyle birlikte ba\u015fta gen\u00e7ler olmak \u00fczere kendi kafesini a\u00e7mak isteyen giri\u015fimci adaylar\u0131 aras\u0131nda pop\u00fcler olmaya ba\u015flad\u0131. Sadece kahvenin haz\u0131rlanmas\u0131 de\u011fil ayn\u0131 zamanda sunumunu da i\u00e7eren bu yeni mesle\u011fi \u00f6\u011frenmek isteyenler, belediyenin \u00fccretsiz olarak a\u00e7t\u0131\u011f\u0131 kurs ba\u015fvurular\u0131na yo\u011fun ilgi g\u00f6sterdi. Ba\u015far\u0131l\u0131 kat\u0131l\u0131mc\u0131lar, sertifika alacak Kayd\u0131n\u0131 tamamlayan kahve tutkunlar\u0131 i\u00e7in e\u011fitim, 17 \u015eubat\u2019ta T\u00fcrkan \u015eoray K\u00fclt\u00fcr Merkezi\u2019nde ba\u015flayacak. Teorik ve uygulamal\u0131 olarak verilecek e\u011fitim 5 g\u00fcn s\u00fcrecek. Kat\u0131l\u0131mc\u0131lar kursta, kahve makinelerinin nas\u0131l kullan\u0131laca\u011f\u0131, kahve \u00e7ekirdeklerinin nas\u0131l \u00f6\u011f\u00fct\u00fclece\u011fi; filtre kahve, latte, cappuccino, espresso, mocha, macchiato gibi d\u00fcnyaca \u00fcnl\u00fc kahvelerin nas\u0131l yap\u0131laca\u011f\u0131 ve nas\u0131l servis edilece\u011fi konusunda bilgi edinecekler. Ayr\u0131ca s\u00fct kremas\u0131yla kahve y\u00fczeyine uygulayabilecekleri yeni tasar\u0131mlarla da birer ilham kayna\u011f\u0131 olacak kat\u0131l\u0131mc\u0131lar, kahveyle olan tutku dolu ili\u015fkilerini bir sonraki seviyeye ta\u015f\u0131yacaklar. 25 saatlik bu keyifli e\u011fitimin sonunda kat\u0131l\u0131mc\u0131lar s\u0131nava girecek. Ba\u015far\u0131l\u0131 olan kat\u0131l\u0131mc\u0131lar ise sertifika almaya hak kazanacaklar. Kaynak: www.kanalv.com.tr Haber Sitesinden Al\u0131nm\u0131\u015ft\u0131r.<\/p>","protected":false},"author":4,"featured_media":32899,"comment_status":"open","ping_status":"open","sticky":false,"template":"","format":"standard","meta":{"_acf_changed":false,"footnotes":""},"categories":[26],"tags":[],"class_list":["post-32898","post","type-post","status-publish","format-standard","has-post-thumbnail","hentry","category-antalya"],"acf":[],"yoast_head":"<!-- This site is optimized with the Yoast SEO Premium plugin v26.6 (Yoast SEO v27.1.1) - https:\/\/yoast.com\/product\/yoast-seo-premium-wordpress\/ -->\n<title>Muratpa\u015fa\u2019dan Barista e\u011fitimi - Av. Deniz Can K\u0131z\u0131l<\/title>\n<meta name=\"robots\" content=\"index, follow, max-snippet:-1, max-image-preview:large, max-video-preview:-1\" \/>\n<link rel=\"canonical\" href=\"https:\/\/denizcankizil.tr\/de\/haberler\/antalya\/muratpasadan-barista-egitimi\/\" \/>\n<meta property=\"og:locale\" content=\"de_DE\" \/>\n<meta property=\"og:type\" content=\"article\" \/>\n<meta property=\"og:title\" content=\"Muratpa\u015fa\u2019dan Barista e\u011fitimi\" \/>\n<meta property=\"og:description\" content=\"Muratpa\u015fa Belediyesi, son zamanlarda geli\u015fen ve \u00f6zellikle gen\u00e7ler aras\u0131nda pop\u00fclerle\u015fen yeni sekt\u00f6rleri takip etmeye ve gen\u00e7 giri\u015fimcileri bu yeni sekt\u00f6rlere kazand\u0131rabilmek ad\u0131na f\u0131rsatlar sunmaya devam ediyor. Muratpa\u015fa Belediyesi, d\u00fcnyaca \u00fcnl\u00fc kahve markalar\u0131ndan Shiller Akademi i\u015fbirli\u011fiyle kahve tutkunlar\u0131n\u0131n ilgi oda\u011f\u0131 haline gelen Barista E\u011fitimi\u2019ni bir kez daha hayata ge\u00e7iriyor. Baristal\u0131k, son y\u0131llarda h\u0131zla geli\u015fen kahve sekt\u00f6r\u00fcyle birlikte ba\u015fta gen\u00e7ler olmak \u00fczere kendi kafesini a\u00e7mak isteyen giri\u015fimci adaylar\u0131 aras\u0131nda pop\u00fcler olmaya ba\u015flad\u0131. Sadece kahvenin haz\u0131rlanmas\u0131 de\u011fil ayn\u0131 zamanda sunumunu da i\u00e7eren bu yeni mesle\u011fi \u00f6\u011frenmek isteyenler, belediyenin \u00fccretsiz olarak a\u00e7t\u0131\u011f\u0131 kurs ba\u015fvurular\u0131na yo\u011fun ilgi g\u00f6sterdi. Ba\u015far\u0131l\u0131 kat\u0131l\u0131mc\u0131lar, sertifika alacak Kayd\u0131n\u0131 tamamlayan kahve tutkunlar\u0131 i\u00e7in e\u011fitim, 17 \u015eubat\u2019ta T\u00fcrkan \u015eoray K\u00fclt\u00fcr Merkezi\u2019nde ba\u015flayacak. Teorik ve uygulamal\u0131 olarak verilecek e\u011fitim 5 g\u00fcn s\u00fcrecek. Kat\u0131l\u0131mc\u0131lar kursta, kahve makinelerinin nas\u0131l kullan\u0131laca\u011f\u0131, kahve \u00e7ekirdeklerinin nas\u0131l \u00f6\u011f\u00fct\u00fclece\u011fi; filtre kahve, latte, cappuccino, espresso, mocha, macchiato gibi d\u00fcnyaca \u00fcnl\u00fc kahvelerin nas\u0131l yap\u0131laca\u011f\u0131 ve nas\u0131l servis edilece\u011fi konusunda bilgi edinecekler. Ayr\u0131ca s\u00fct kremas\u0131yla kahve y\u00fczeyine uygulayabilecekleri yeni tasar\u0131mlarla da birer ilham kayna\u011f\u0131 olacak kat\u0131l\u0131mc\u0131lar, kahveyle olan tutku dolu ili\u015fkilerini bir sonraki seviyeye ta\u015f\u0131yacaklar. 25 saatlik bu keyifli e\u011fitimin sonunda kat\u0131l\u0131mc\u0131lar s\u0131nava girecek. Ba\u015far\u0131l\u0131 olan kat\u0131l\u0131mc\u0131lar ise sertifika almaya hak kazanacaklar. Kaynak: www.kanalv.com.tr Haber Sitesinden Al\u0131nm\u0131\u015ft\u0131r.\" \/>\n<meta property=\"og:url\" content=\"https:\/\/denizcankizil.tr\/de\/haberler\/antalya\/muratpasadan-barista-egitimi\/\" \/>\n<meta property=\"og:site_name\" content=\"Av. Deniz Can K\u0131z\u0131l\" \/>\n<meta property=\"article:published_time\" content=\"2025-02-15T09:41:52+00:00\" \/>\n<meta property=\"og:image\" content=\"https:\/\/denizcankizil.tr\/wp-content\/uploads\/2025\/02\/4674-01-v3FbOq.jpeg\" \/>\n\t<meta property=\"og:image:width\" content=\"1280\" \/>\n\t<meta property=\"og:image:height\" content=\"720\" \/>\n\t<meta property=\"og:image:type\" content=\"image\/jpeg\" \/>\n<meta name=\"author\" content=\"Av. Deniz Can K\u0131z\u0131l\" \/>\n<meta name=\"twitter:card\" content=\"summary_large_image\" \/>\n<meta name=\"twitter:label1\" content=\"Verfasst von\" \/>\n\t<meta name=\"twitter:data1\" content=\"Av. Deniz Can K\u0131z\u0131l\" \/>\n\t<meta name=\"twitter:label2\" content=\"Gesch\u00e4tzte Lesezeit\" \/>\n\t<meta name=\"twitter:data2\" content=\"1\u00a0Minute\" \/>\n<script type=\"application\/ld+json\" class=\"yoast-schema-graph\">{\"@context\":\"https:\/\/schema.org\",\"@graph\":[{\"@type\":\"Article\",\"@id\":\"https:\/\/denizcankizil.tr\/de\/haberler\/antalya\/muratpasadan-barista-egitimi\/#article\",\"isPartOf\":{\"@id\":\"https:\/\/denizcankizil.tr\/de\/haberler\/antalya\/muratpasadan-barista-egitimi\/\"},\"author\":{\"name\":\"Av. Deniz Can K\u0131z\u0131l\",\"@id\":\"https:\/\/denizcankizil.tr\/#\/schema\/person\/5dc1b22991bd7ac833867c10afc9b0ff\"},\"headline\":\"Muratpa\u015fa\u2019dan Barista e\u011fitimi\",\"datePublished\":\"2025-02-15T09:41:52+00:00\",\"mainEntityOfPage\":{\"@id\":\"https:\/\/denizcankizil.tr\/de\/haberler\/antalya\/muratpasadan-barista-egitimi\/\"},\"wordCount\":297,\"commentCount\":0,\"publisher\":{\"@id\":\"https:\/\/denizcankizil.tr\/#organization\"},\"image\":{\"@id\":\"https:\/\/denizcankizil.tr\/de\/haberler\/antalya\/muratpasadan-barista-egitimi\/#primaryimage\"},\"thumbnailUrl\":\"https:\/\/denizcankizil.tr\/wp-content\/uploads\/2025\/02\/4674-01-v3FbOq.jpeg\",\"articleSection\":[\"Antalya\"],\"inLanguage\":\"de\",\"potentialAction\":[{\"@type\":\"CommentAction\",\"name\":\"Comment\",\"target\":[\"https:\/\/denizcankizil.tr\/de\/haberler\/antalya\/muratpasadan-barista-egitimi\/#respond\"]}]},{\"@type\":\"WebPage\",\"@id\":\"https:\/\/denizcankizil.tr\/de\/haberler\/antalya\/muratpasadan-barista-egitimi\/\",\"url\":\"https:\/\/denizcankizil.tr\/de\/haberler\/antalya\/muratpasadan-barista-egitimi\/\",\"name\":\"Muratpa\u015fa\u2019dan Barista e\u011fitimi - Av. Deniz Can K\u0131z\u0131l\",\"isPartOf\":{\"@id\":\"https:\/\/denizcankizil.tr\/#website\"},\"primaryImageOfPage\":{\"@id\":\"https:\/\/denizcankizil.tr\/de\/haberler\/antalya\/muratpasadan-barista-egitimi\/#primaryimage\"},\"image\":{\"@id\":\"https:\/\/denizcankizil.tr\/de\/haberler\/antalya\/muratpasadan-barista-egitimi\/#primaryimage\"},\"thumbnailUrl\":\"https:\/\/denizcankizil.tr\/wp-content\/uploads\/2025\/02\/4674-01-v3FbOq.jpeg\",\"datePublished\":\"2025-02-15T09:41:52+00:00\",\"breadcrumb\":{\"@id\":\"https:\/\/denizcankizil.tr\/de\/haberler\/antalya\/muratpasadan-barista-egitimi\/#breadcrumb\"},\"inLanguage\":\"de\",\"potentialAction\":[{\"@type\":\"ReadAction\",\"target\":[\"https:\/\/denizcankizil.tr\/de\/haberler\/antalya\/muratpasadan-barista-egitimi\/\"]}]},{\"@type\":\"ImageObject\",\"inLanguage\":\"de\",\"@id\":\"https:\/\/denizcankizil.tr\/de\/haberler\/antalya\/muratpasadan-barista-egitimi\/#primaryimage\",\"url\":\"https:\/\/denizcankizil.tr\/wp-content\/uploads\/2025\/02\/4674-01-v3FbOq.jpeg\",\"contentUrl\":\"https:\/\/denizcankizil.tr\/wp-content\/uploads\/2025\/02\/4674-01-v3FbOq.jpeg\",\"width\":1280,\"height\":720},{\"@type\":\"BreadcrumbList\",\"@id\":\"https:\/\/denizcankizil.tr\/de\/haberler\/antalya\/muratpasadan-barista-egitimi\/#breadcrumb\",\"itemListElement\":[{\"@type\":\"ListItem\",\"position\":1,\"name\":\"Home\",\"item\":\"https:\/\/denizcankizil.tr\/de\/\"},{\"@type\":\"ListItem\",\"position\":2,\"name\":\"Muratpa\u015fa\u2019dan Barista e\u011fitimi\"}]},{\"@type\":\"WebSite\",\"@id\":\"https:\/\/denizcankizil.tr\/#website\",\"url\":\"https:\/\/denizcankizil.tr\/\",\"name\":\"Av. Deniz Can K\u0131z\u0131l\",\"description\":\"Avukat Deniz Can K\u0131z\u0131l Antalya Barosu\",\"publisher\":{\"@id\":\"https:\/\/denizcankizil.tr\/#organization\"},\"potentialAction\":[{\"@type\":\"SearchAction\",\"target\":{\"@type\":\"EntryPoint\",\"urlTemplate\":\"https:\/\/denizcankizil.tr\/?s={search_term_string}\"},\"query-input\":{\"@type\":\"PropertyValueSpecification\",\"valueRequired\":true,\"valueName\":\"search_term_string\"}}],\"inLanguage\":\"de\"},{\"@type\":\"Organization\",\"@id\":\"https:\/\/denizcankizil.tr\/#organization\",\"name\":\"Av. Deniz Can K\u0131z\u0131l\",\"url\":\"https:\/\/denizcankizil.tr\/\",\"logo\":{\"@type\":\"ImageObject\",\"inLanguage\":\"de\",\"@id\":\"https:\/\/denizcankizil.tr\/#\/schema\/logo\/image\/\",\"url\":\"https:\/\/denizcankizil.tr\/wp-content\/uploads\/2024\/10\/siyah-logo-svg.svg\",\"contentUrl\":\"https:\/\/denizcankizil.tr\/wp-content\/uploads\/2024\/10\/siyah-logo-svg.svg\",\"width\":1080,\"height\":1080,\"caption\":\"Av. Deniz Can K\u0131z\u0131l\"},\"image\":{\"@id\":\"https:\/\/denizcankizil.tr\/#\/schema\/logo\/image\/\"}},{\"@type\":\"Person\",\"@id\":\"https:\/\/denizcankizil.tr\/#\/schema\/person\/5dc1b22991bd7ac833867c10afc9b0ff\",\"name\":\"Av. Deniz Can K\u0131z\u0131l\",\"image\":{\"@type\":\"ImageObject\",\"inLanguage\":\"de\",\"@id\":\"https:\/\/denizcankizil.tr\/#\/schema\/person\/image\/\",\"url\":\"https:\/\/secure.gravatar.com\/avatar\/a0b128fb9855c79efc976d5640eedb31dc35ec297594d6016d2cf7c60e975bb6?s=96&d=mm&r=g\",\"contentUrl\":\"https:\/\/secure.gravatar.com\/avatar\/a0b128fb9855c79efc976d5640eedb31dc35ec297594d6016d2cf7c60e975bb6?s=96&d=mm&r=g\",\"caption\":\"Av. Deniz Can K\u0131z\u0131l\"},\"sameAs\":[\"http:\/\/www.denizcankizil.tr\"],\"url\":\"https:\/\/denizcankizil.tr\/de\/author\/denizcankizil\/\"}]}<\/script>\n<!-- \/ Yoast SEO Premium plugin. -->","yoast_head_json":{"title":"Muratpa\u015fa\u2019dan Barista e\u011fitimi - Av. Deniz Can K\u0131z\u0131l","robots":{"index":"index","follow":"follow","max-snippet":"max-snippet:-1","max-image-preview":"max-image-preview:large","max-video-preview":"max-video-preview:-1"},"canonical":"https:\/\/denizcankizil.tr\/de\/haberler\/antalya\/muratpasadan-barista-egitimi\/","og_locale":"de_DE","og_type":"article","og_title":"Muratpa\u015fa\u2019dan Barista e\u011fitimi","og_description":"Muratpa\u015fa Belediyesi, son zamanlarda geli\u015fen ve \u00f6zellikle gen\u00e7ler aras\u0131nda pop\u00fclerle\u015fen yeni sekt\u00f6rleri takip etmeye ve gen\u00e7 giri\u015fimcileri bu yeni sekt\u00f6rlere kazand\u0131rabilmek ad\u0131na f\u0131rsatlar sunmaya devam ediyor. Muratpa\u015fa Belediyesi, d\u00fcnyaca \u00fcnl\u00fc kahve markalar\u0131ndan Shiller Akademi i\u015fbirli\u011fiyle kahve tutkunlar\u0131n\u0131n ilgi oda\u011f\u0131 haline gelen Barista E\u011fitimi\u2019ni bir kez daha hayata ge\u00e7iriyor. Baristal\u0131k, son y\u0131llarda h\u0131zla geli\u015fen kahve sekt\u00f6r\u00fcyle birlikte ba\u015fta gen\u00e7ler olmak \u00fczere kendi kafesini a\u00e7mak isteyen giri\u015fimci adaylar\u0131 aras\u0131nda pop\u00fcler olmaya ba\u015flad\u0131. Sadece kahvenin haz\u0131rlanmas\u0131 de\u011fil ayn\u0131 zamanda sunumunu da i\u00e7eren bu yeni mesle\u011fi \u00f6\u011frenmek isteyenler, belediyenin \u00fccretsiz olarak a\u00e7t\u0131\u011f\u0131 kurs ba\u015fvurular\u0131na yo\u011fun ilgi g\u00f6sterdi. Ba\u015far\u0131l\u0131 kat\u0131l\u0131mc\u0131lar, sertifika alacak Kayd\u0131n\u0131 tamamlayan kahve tutkunlar\u0131 i\u00e7in e\u011fitim, 17 \u015eubat\u2019ta T\u00fcrkan \u015eoray K\u00fclt\u00fcr Merkezi\u2019nde ba\u015flayacak. Teorik ve uygulamal\u0131 olarak verilecek e\u011fitim 5 g\u00fcn s\u00fcrecek. Kat\u0131l\u0131mc\u0131lar kursta, kahve makinelerinin nas\u0131l kullan\u0131laca\u011f\u0131, kahve \u00e7ekirdeklerinin nas\u0131l \u00f6\u011f\u00fct\u00fclece\u011fi; filtre kahve, latte, cappuccino, espresso, mocha, macchiato gibi d\u00fcnyaca \u00fcnl\u00fc kahvelerin nas\u0131l yap\u0131laca\u011f\u0131 ve nas\u0131l servis edilece\u011fi konusunda bilgi edinecekler. Ayr\u0131ca s\u00fct kremas\u0131yla kahve y\u00fczeyine uygulayabilecekleri yeni tasar\u0131mlarla da birer ilham kayna\u011f\u0131 olacak kat\u0131l\u0131mc\u0131lar, kahveyle olan tutku dolu ili\u015fkilerini bir sonraki seviyeye ta\u015f\u0131yacaklar. 25 saatlik bu keyifli e\u011fitimin sonunda kat\u0131l\u0131mc\u0131lar s\u0131nava girecek. Ba\u015far\u0131l\u0131 olan kat\u0131l\u0131mc\u0131lar ise sertifika almaya hak kazanacaklar. Kaynak: www.kanalv.com.tr Haber Sitesinden Al\u0131nm\u0131\u015ft\u0131r.","og_url":"https:\/\/denizcankizil.tr\/de\/haberler\/antalya\/muratpasadan-barista-egitimi\/","og_site_name":"Av. Deniz Can K\u0131z\u0131l","article_published_time":"2025-02-15T09:41:52+00:00","og_image":[{"width":1280,"height":720,"url":"https:\/\/denizcankizil.tr\/wp-content\/uploads\/2025\/02\/4674-01-v3FbOq.jpeg","type":"image\/jpeg"}],"author":"Av. Deniz Can K\u0131z\u0131l","twitter_card":"summary_large_image","twitter_misc":{"Verfasst von":"Av. Deniz Can K\u0131z\u0131l","Gesch\u00e4tzte Lesezeit":"1\u00a0Minute"},"schema":{"@context":"https:\/\/schema.org","@graph":[{"@type":"Article","@id":"https:\/\/denizcankizil.tr\/de\/haberler\/antalya\/muratpasadan-barista-egitimi\/#article","isPartOf":{"@id":"https:\/\/denizcankizil.tr\/de\/haberler\/antalya\/muratpasadan-barista-egitimi\/"},"author":{"name":"Av. Deniz Can K\u0131z\u0131l","@id":"https:\/\/denizcankizil.tr\/#\/schema\/person\/5dc1b22991bd7ac833867c10afc9b0ff"},"headline":"Muratpa\u015fa\u2019dan Barista e\u011fitimi","datePublished":"2025-02-15T09:41:52+00:00","mainEntityOfPage":{"@id":"https:\/\/denizcankizil.tr\/de\/haberler\/antalya\/muratpasadan-barista-egitimi\/"},"wordCount":297,"commentCount":0,"publisher":{"@id":"https:\/\/denizcankizil.tr\/#organization"},"image":{"@id":"https:\/\/denizcankizil.tr\/de\/haberler\/antalya\/muratpasadan-barista-egitimi\/#primaryimage"},"thumbnailUrl":"https:\/\/denizcankizil.tr\/wp-content\/uploads\/2025\/02\/4674-01-v3FbOq.jpeg","articleSection":["Antalya"],"inLanguage":"de","potentialAction":[{"@type":"CommentAction","name":"Comment","target":["https:\/\/denizcankizil.tr\/de\/haberler\/antalya\/muratpasadan-barista-egitimi\/#respond"]}]},{"@type":"WebPage","@id":"https:\/\/denizcankizil.tr\/de\/haberler\/antalya\/muratpasadan-barista-egitimi\/","url":"https:\/\/denizcankizil.tr\/de\/haberler\/antalya\/muratpasadan-barista-egitimi\/","name":"Muratpa\u015fa\u2019dan Barista e\u011fitimi - Av. Deniz Can K\u0131z\u0131l","isPartOf":{"@id":"https:\/\/denizcankizil.tr\/#website"},"primaryImageOfPage":{"@id":"https:\/\/denizcankizil.tr\/de\/haberler\/antalya\/muratpasadan-barista-egitimi\/#primaryimage"},"image":{"@id":"https:\/\/denizcankizil.tr\/de\/haberler\/antalya\/muratpasadan-barista-egitimi\/#primaryimage"},"thumbnailUrl":"https:\/\/denizcankizil.tr\/wp-content\/uploads\/2025\/02\/4674-01-v3FbOq.jpeg","datePublished":"2025-02-15T09:41:52+00:00","breadcrumb":{"@id":"https:\/\/denizcankizil.tr\/de\/haberler\/antalya\/muratpasadan-barista-egitimi\/#breadcrumb"},"inLanguage":"de","potentialAction":[{"@type":"ReadAction","target":["https:\/\/denizcankizil.tr\/de\/haberler\/antalya\/muratpasadan-barista-egitimi\/"]}]},{"@type":"ImageObject","inLanguage":"de","@id":"https:\/\/denizcankizil.tr\/de\/haberler\/antalya\/muratpasadan-barista-egitimi\/#primaryimage","url":"https:\/\/denizcankizil.tr\/wp-content\/uploads\/2025\/02\/4674-01-v3FbOq.jpeg","contentUrl":"https:\/\/denizcankizil.tr\/wp-content\/uploads\/2025\/02\/4674-01-v3FbOq.jpeg","width":1280,"height":720},{"@type":"BreadcrumbList","@id":"https:\/\/denizcankizil.tr\/de\/haberler\/antalya\/muratpasadan-barista-egitimi\/#breadcrumb","itemListElement":[{"@type":"ListItem","position":1,"name":"Home","item":"https:\/\/denizcankizil.tr\/de\/"},{"@type":"ListItem","position":2,"name":"Muratpa\u015fa\u2019dan Barista e\u011fitimi"}]},{"@type":"WebSite","@id":"https:\/\/denizcankizil.tr\/#website","url":"https:\/\/denizcankizil.tr\/","name":"Av. Deniz Can K\u0131z\u0131l","description":"Avukat Deniz Can K\u0131z\u0131l Antalya Barosu","publisher":{"@id":"https:\/\/denizcankizil.tr\/#organization"},"potentialAction":[{"@type":"SearchAction","target":{"@type":"EntryPoint","urlTemplate":"https:\/\/denizcankizil.tr\/?s={search_term_string}"},"query-input":{"@type":"PropertyValueSpecification","valueRequired":true,"valueName":"search_term_string"}}],"inLanguage":"de"},{"@type":"Organization","@id":"https:\/\/denizcankizil.tr\/#organization","name":"Av. Deniz Can K\u0131z\u0131l","url":"https:\/\/denizcankizil.tr\/","logo":{"@type":"ImageObject","inLanguage":"de","@id":"https:\/\/denizcankizil.tr\/#\/schema\/logo\/image\/","url":"https:\/\/denizcankizil.tr\/wp-content\/uploads\/2024\/10\/siyah-logo-svg.svg","contentUrl":"https:\/\/denizcankizil.tr\/wp-content\/uploads\/2024\/10\/siyah-logo-svg.svg","width":1080,"height":1080,"caption":"Av. Deniz Can K\u0131z\u0131l"},"image":{"@id":"https:\/\/denizcankizil.tr\/#\/schema\/logo\/image\/"}},{"@type":"Person","@id":"https:\/\/denizcankizil.tr\/#\/schema\/person\/5dc1b22991bd7ac833867c10afc9b0ff","name":"Av. Deniz Can K\u0131z\u0131l","image":{"@type":"ImageObject","inLanguage":"de","@id":"https:\/\/denizcankizil.tr\/#\/schema\/person\/image\/","url":"https:\/\/secure.gravatar.com\/avatar\/a0b128fb9855c79efc976d5640eedb31dc35ec297594d6016d2cf7c60e975bb6?s=96&d=mm&r=g","contentUrl":"https:\/\/secure.gravatar.com\/avatar\/a0b128fb9855c79efc976d5640eedb31dc35ec297594d6016d2cf7c60e975bb6?s=96&d=mm&r=g","caption":"Av. Deniz Can K\u0131z\u0131l"},"sameAs":["http:\/\/www.denizcankizil.tr"],"url":"https:\/\/denizcankizil.tr\/de\/author\/denizcankizil\/"}]}},"_links":{"self":[{"href":"https:\/\/denizcankizil.tr\/de\/wp-json\/wp\/v2\/posts\/32898","targetHints":{"allow":["GET"]}}],"collection":[{"href":"https:\/\/denizcankizil.tr\/de\/wp-json\/wp\/v2\/posts"}],"about":[{"href":"https:\/\/denizcankizil.tr\/de\/wp-json\/wp\/v2\/types\/post"}],"author":[{"embeddable":true,"href":"https:\/\/denizcankizil.tr\/de\/wp-json\/wp\/v2\/users\/4"}],"replies":[{"embeddable":true,"href":"https:\/\/denizcankizil.tr\/de\/wp-json\/wp\/v2\/comments?post=32898"}],"version-history":[{"count":0,"href":"https:\/\/denizcankizil.tr\/de\/wp-json\/wp\/v2\/posts\/32898\/revisions"}],"wp:featuredmedia":[{"embeddable":true,"href":"https:\/\/denizcankizil.tr\/de\/wp-json\/wp\/v2\/media\/32899"}],"wp:attachment":[{"href":"https:\/\/denizcankizil.tr\/de\/wp-json\/wp\/v2\/media?parent=32898"}],"wp:term":[{"taxonomy":"category","embeddable":true,"href":"https:\/\/denizcankizil.tr\/de\/wp-json\/wp\/v2\/categories?post=32898"},{"taxonomy":"post_tag","embeddable":true,"href":"https:\/\/denizcankizil.tr\/de\/wp-json\/wp\/v2\/tags?post=32898"}],"curies":[{"name":"wp","href":"https:\/\/api.w.org\/{rel}","templated":true}]}}