{"id":32869,"date":"2025-02-15T10:41:24","date_gmt":"2025-02-15T07:41:24","guid":{"rendered":"https:\/\/denizcankizil.tr\/uncategorized-tr\/hafif-ticari-arac-yayaya-carpti-2\/"},"modified":"2025-02-15T10:41:24","modified_gmt":"2025-02-15T07:41:24","slug":"hafif-ticari-arac-yayaya-carpti-2","status":"publish","type":"post","link":"https:\/\/denizcankizil.tr\/de\/haberler\/antalya\/hafif-ticari-arac-yayaya-carpti-2\/","title":{"rendered":"Hafif ticari ara\u00e7 yayaya \u00e7arpt\u0131"},"content":{"rendered":"<p>Kaza; Manavgat \u0130l\u00e7esi Ayd\u0131nevler Mahallesi Hasan Fehmi Boztepe Caddesi&#8217;nde meydana geldi. Edinilen bilgiye g\u00f6re, Birsen \u015e. O.&#8217;nun kulland\u0131\u011f\u0131 07 BSB 917 plakal\u0131 hafif ticari ara\u00e7, yaya ge\u00e7idinden ge\u00e7mekte olan Yakup Berber\u2019e \u00e7arpt\u0131.<br \/>\n\u00c7arpman\u0131n \u015fiddetiyle ba\u015f\u0131n\u0131 arac\u0131n \u00f6n cam\u0131na \u00e7arparak yaralanan Yakup Berber, sa\u011fl\u0131k ekibinin olay yerindeki m\u00fcdahalesinin ard\u0131ndan ambulansla hastaneye kald\u0131r\u0131ld\u0131.<\/p>\n<p>Kaynak: www.kanalv.com.tr Haber Sitesinden Al\u0131nm\u0131\u015ft\u0131r.<\/p>","protected":false},"excerpt":{"rendered":"<p>Kaza; Manavgat \u0130l\u00e7esi Ayd\u0131nevler Mahallesi Hasan Fehmi Boztepe Caddesi&#8217;nde meydana geldi. Edinilen bilgiye g\u00f6re, Birsen \u015e. O.&#8217;nun kulland\u0131\u011f\u0131 07 BSB 917 plakal\u0131 hafif ticari ara\u00e7, yaya ge\u00e7idinden ge\u00e7mekte olan Yakup Berber\u2019e \u00e7arpt\u0131. \u00c7arpman\u0131n \u015fiddetiyle ba\u015f\u0131n\u0131 arac\u0131n \u00f6n cam\u0131na \u00e7arparak yaralanan Yakup Berber, sa\u011fl\u0131k ekibinin olay yerindeki m\u00fcdahalesinin ard\u0131ndan ambulansla hastaneye kald\u0131r\u0131ld\u0131. Kaynak: www.kanalv.com.tr Haber Sitesinden Al\u0131nm\u0131\u015ft\u0131r.<\/p>","protected":false},"author":4,"featured_media":22326,"comment_status":"open","ping_status":"open","sticky":false,"template":"","format":"standard","meta":{"_acf_changed":false,"footnotes":""},"categories":[26],"tags":[],"class_list":["post-32869","post","type-post","status-publish","format-standard","has-post-thumbnail","hentry","category-antalya"],"acf":[],"yoast_head":"<!-- This site is optimized with the Yoast SEO Premium plugin v26.6 (Yoast SEO v27.1.1) - https:\/\/yoast.com\/product\/yoast-seo-premium-wordpress\/ -->\n<title>Hafif ticari ara\u00e7 yayaya \u00e7arpt\u0131 - Av. Deniz Can K\u0131z\u0131l<\/title>\n<meta name=\"robots\" content=\"index, follow, max-snippet:-1, max-image-preview:large, max-video-preview:-1\" \/>\n<link rel=\"canonical\" href=\"http:\/\/denizcankizil.tr\/de\/haberler\/antalya\/hafif-ticari-arac-yayaya-carpti-2\/\" \/>\n<meta property=\"og:locale\" content=\"de_DE\" \/>\n<meta property=\"og:type\" content=\"article\" \/>\n<meta property=\"og:title\" content=\"Hafif ticari ara\u00e7 yayaya \u00e7arpt\u0131\" \/>\n<meta property=\"og:description\" content=\"Kaza; Manavgat \u0130l\u00e7esi Ayd\u0131nevler Mahallesi Hasan Fehmi Boztepe Caddesi&#8217;nde meydana geldi. Edinilen bilgiye g\u00f6re, Birsen \u015e. O.&#8217;nun kulland\u0131\u011f\u0131 07 BSB 917 plakal\u0131 hafif ticari ara\u00e7, yaya ge\u00e7idinden ge\u00e7mekte olan Yakup Berber\u2019e \u00e7arpt\u0131. \u00c7arpman\u0131n \u015fiddetiyle ba\u015f\u0131n\u0131 arac\u0131n \u00f6n cam\u0131na \u00e7arparak yaralanan Yakup Berber, sa\u011fl\u0131k ekibinin olay yerindeki m\u00fcdahalesinin ard\u0131ndan ambulansla hastaneye kald\u0131r\u0131ld\u0131. Kaynak: www.kanalv.com.tr Haber Sitesinden Al\u0131nm\u0131\u015ft\u0131r.\" \/>\n<meta property=\"og:url\" content=\"http:\/\/denizcankizil.tr\/de\/haberler\/antalya\/hafif-ticari-arac-yayaya-carpti-2\/\" \/>\n<meta property=\"og:site_name\" content=\"Av. Deniz Can K\u0131z\u0131l\" \/>\n<meta property=\"article:published_time\" content=\"2025-02-15T07:41:24+00:00\" \/>\n<meta property=\"og:image\" content=\"http:\/\/denizcankizil.tr\/wp-content\/uploads\/2024\/12\/3772-01-KfHJn2.jpeg\" \/>\n\t<meta property=\"og:image:width\" content=\"1280\" \/>\n\t<meta property=\"og:image:height\" content=\"720\" \/>\n\t<meta property=\"og:image:type\" content=\"image\/jpeg\" \/>\n<meta name=\"author\" content=\"Av. Deniz Can K\u0131z\u0131l\" \/>\n<meta name=\"twitter:card\" content=\"summary_large_image\" \/>\n<meta name=\"twitter:label1\" content=\"Verfasst von\" \/>\n\t<meta name=\"twitter:data1\" content=\"Av. Deniz Can K\u0131z\u0131l\" \/>\n<script type=\"application\/ld+json\" class=\"yoast-schema-graph\">{\"@context\":\"https:\/\/schema.org\",\"@graph\":[{\"@type\":\"Article\",\"@id\":\"http:\/\/denizcankizil.tr\/en\/haberler\/antalya\/hafif-ticari-arac-yayaya-carpti-2\/#article\",\"isPartOf\":{\"@id\":\"http:\/\/denizcankizil.tr\/en\/haberler\/antalya\/hafif-ticari-arac-yayaya-carpti-2\/\"},\"author\":{\"name\":\"Av. Deniz Can K\u0131z\u0131l\",\"@id\":\"https:\/\/denizcankizil.tr\/de\/#\/schema\/person\/5dc1b22991bd7ac833867c10afc9b0ff\"},\"headline\":\"Hafif ticari ara\u00e7 yayaya \u00e7arpt\u0131\",\"datePublished\":\"2025-02-15T07:41:24+00:00\",\"mainEntityOfPage\":{\"@id\":\"http:\/\/denizcankizil.tr\/en\/haberler\/antalya\/hafif-ticari-arac-yayaya-carpti-2\/\"},\"wordCount\":82,\"commentCount\":0,\"publisher\":{\"@id\":\"https:\/\/denizcankizil.tr\/de\/#organization\"},\"image\":{\"@id\":\"http:\/\/denizcankizil.tr\/en\/haberler\/antalya\/hafif-ticari-arac-yayaya-carpti-2\/#primaryimage\"},\"thumbnailUrl\":\"https:\/\/denizcankizil.tr\/wp-content\/uploads\/2024\/12\/3772-01-KfHJn2.jpeg\",\"articleSection\":[\"Antalya\"],\"inLanguage\":\"de\",\"potentialAction\":[{\"@type\":\"CommentAction\",\"name\":\"Comment\",\"target\":[\"http:\/\/denizcankizil.tr\/en\/haberler\/antalya\/hafif-ticari-arac-yayaya-carpti-2\/#respond\"]}]},{\"@type\":\"WebPage\",\"@id\":\"http:\/\/denizcankizil.tr\/en\/haberler\/antalya\/hafif-ticari-arac-yayaya-carpti-2\/\",\"url\":\"http:\/\/denizcankizil.tr\/en\/haberler\/antalya\/hafif-ticari-arac-yayaya-carpti-2\/\",\"name\":\"Hafif ticari ara\u00e7 yayaya \u00e7arpt\u0131 - Av. Deniz Can K\u0131z\u0131l\",\"isPartOf\":{\"@id\":\"https:\/\/denizcankizil.tr\/de\/#website\"},\"primaryImageOfPage\":{\"@id\":\"http:\/\/denizcankizil.tr\/en\/haberler\/antalya\/hafif-ticari-arac-yayaya-carpti-2\/#primaryimage\"},\"image\":{\"@id\":\"http:\/\/denizcankizil.tr\/en\/haberler\/antalya\/hafif-ticari-arac-yayaya-carpti-2\/#primaryimage\"},\"thumbnailUrl\":\"https:\/\/denizcankizil.tr\/wp-content\/uploads\/2024\/12\/3772-01-KfHJn2.jpeg\",\"datePublished\":\"2025-02-15T07:41:24+00:00\",\"breadcrumb\":{\"@id\":\"http:\/\/denizcankizil.tr\/en\/haberler\/antalya\/hafif-ticari-arac-yayaya-carpti-2\/#breadcrumb\"},\"inLanguage\":\"de\",\"potentialAction\":[{\"@type\":\"ReadAction\",\"target\":[\"http:\/\/denizcankizil.tr\/en\/haberler\/antalya\/hafif-ticari-arac-yayaya-carpti-2\/\"]}]},{\"@type\":\"ImageObject\",\"inLanguage\":\"de\",\"@id\":\"http:\/\/denizcankizil.tr\/en\/haberler\/antalya\/hafif-ticari-arac-yayaya-carpti-2\/#primaryimage\",\"url\":\"https:\/\/denizcankizil.tr\/wp-content\/uploads\/2024\/12\/3772-01-KfHJn2.jpeg\",\"contentUrl\":\"https:\/\/denizcankizil.tr\/wp-content\/uploads\/2024\/12\/3772-01-KfHJn2.jpeg\",\"width\":1280,\"height\":720},{\"@type\":\"BreadcrumbList\",\"@id\":\"http:\/\/denizcankizil.tr\/en\/haberler\/antalya\/hafif-ticari-arac-yayaya-carpti-2\/#breadcrumb\",\"itemListElement\":[{\"@type\":\"ListItem\",\"position\":1,\"name\":\"Home\",\"item\":\"https:\/\/denizcankizil.tr\/de\/\"},{\"@type\":\"ListItem\",\"position\":2,\"name\":\"Hafif ticari ara\u00e7 yayaya \u00e7arpt\u0131\"}]},{\"@type\":\"WebSite\",\"@id\":\"https:\/\/denizcankizil.tr\/de\/#website\",\"url\":\"https:\/\/denizcankizil.tr\/de\/\",\"name\":\"Av. Deniz Can K\u0131z\u0131l\",\"description\":\"Avukat Deniz Can K\u0131z\u0131l Antalya Barosu\",\"publisher\":{\"@id\":\"https:\/\/denizcankizil.tr\/de\/#organization\"},\"potentialAction\":[{\"@type\":\"SearchAction\",\"target\":{\"@type\":\"EntryPoint\",\"urlTemplate\":\"https:\/\/denizcankizil.tr\/de\/?s={search_term_string}\"},\"query-input\":{\"@type\":\"PropertyValueSpecification\",\"valueRequired\":true,\"valueName\":\"search_term_string\"}}],\"inLanguage\":\"de\"},{\"@type\":\"Organization\",\"@id\":\"https:\/\/denizcankizil.tr\/de\/#organization\",\"name\":\"Av. Deniz Can K\u0131z\u0131l\",\"url\":\"https:\/\/denizcankizil.tr\/de\/\",\"logo\":{\"@type\":\"ImageObject\",\"inLanguage\":\"de\",\"@id\":\"https:\/\/denizcankizil.tr\/de\/#\/schema\/logo\/image\/\",\"url\":\"https:\/\/denizcankizil.tr\/wp-content\/uploads\/2024\/10\/siyah-logo-svg.svg\",\"contentUrl\":\"https:\/\/denizcankizil.tr\/wp-content\/uploads\/2024\/10\/siyah-logo-svg.svg\",\"width\":1080,\"height\":1080,\"caption\":\"Av. Deniz Can K\u0131z\u0131l\"},\"image\":{\"@id\":\"https:\/\/denizcankizil.tr\/de\/#\/schema\/logo\/image\/\"}},{\"@type\":\"Person\",\"@id\":\"https:\/\/denizcankizil.tr\/de\/#\/schema\/person\/5dc1b22991bd7ac833867c10afc9b0ff\",\"name\":\"Av. Deniz Can K\u0131z\u0131l\",\"image\":{\"@type\":\"ImageObject\",\"inLanguage\":\"de\",\"@id\":\"https:\/\/denizcankizil.tr\/de\/#\/schema\/person\/image\/\",\"url\":\"https:\/\/secure.gravatar.com\/avatar\/a0b128fb9855c79efc976d5640eedb31dc35ec297594d6016d2cf7c60e975bb6?s=96&d=mm&r=g\",\"contentUrl\":\"https:\/\/secure.gravatar.com\/avatar\/a0b128fb9855c79efc976d5640eedb31dc35ec297594d6016d2cf7c60e975bb6?s=96&d=mm&r=g\",\"caption\":\"Av. Deniz Can K\u0131z\u0131l\"},\"sameAs\":[\"http:\/\/www.denizcankizil.tr\"],\"url\":\"https:\/\/denizcankizil.tr\/de\/author\/denizcankizil\/\"}]}<\/script>\n<!-- \/ Yoast SEO Premium plugin. -->","yoast_head_json":{"title":"Hafif ticari ara\u00e7 yayaya \u00e7arpt\u0131 - Av. Deniz Can K\u0131z\u0131l","robots":{"index":"index","follow":"follow","max-snippet":"max-snippet:-1","max-image-preview":"max-image-preview:large","max-video-preview":"max-video-preview:-1"},"canonical":"http:\/\/denizcankizil.tr\/de\/haberler\/antalya\/hafif-ticari-arac-yayaya-carpti-2\/","og_locale":"de_DE","og_type":"article","og_title":"Hafif ticari ara\u00e7 yayaya \u00e7arpt\u0131","og_description":"Kaza; Manavgat \u0130l\u00e7esi Ayd\u0131nevler Mahallesi Hasan Fehmi Boztepe Caddesi&#8217;nde meydana geldi. Edinilen bilgiye g\u00f6re, Birsen \u015e. O.&#8217;nun kulland\u0131\u011f\u0131 07 BSB 917 plakal\u0131 hafif ticari ara\u00e7, yaya ge\u00e7idinden ge\u00e7mekte olan Yakup Berber\u2019e \u00e7arpt\u0131. \u00c7arpman\u0131n \u015fiddetiyle ba\u015f\u0131n\u0131 arac\u0131n \u00f6n cam\u0131na \u00e7arparak yaralanan Yakup Berber, sa\u011fl\u0131k ekibinin olay yerindeki m\u00fcdahalesinin ard\u0131ndan ambulansla hastaneye kald\u0131r\u0131ld\u0131. Kaynak: www.kanalv.com.tr Haber Sitesinden Al\u0131nm\u0131\u015ft\u0131r.","og_url":"http:\/\/denizcankizil.tr\/de\/haberler\/antalya\/hafif-ticari-arac-yayaya-carpti-2\/","og_site_name":"Av. Deniz Can K\u0131z\u0131l","article_published_time":"2025-02-15T07:41:24+00:00","og_image":[{"width":1280,"height":720,"url":"http:\/\/denizcankizil.tr\/wp-content\/uploads\/2024\/12\/3772-01-KfHJn2.jpeg","type":"image\/jpeg"}],"author":"Av. Deniz Can K\u0131z\u0131l","twitter_card":"summary_large_image","twitter_misc":{"Verfasst von":"Av. Deniz Can K\u0131z\u0131l"},"schema":{"@context":"https:\/\/schema.org","@graph":[{"@type":"Article","@id":"http:\/\/denizcankizil.tr\/en\/haberler\/antalya\/hafif-ticari-arac-yayaya-carpti-2\/#article","isPartOf":{"@id":"http:\/\/denizcankizil.tr\/en\/haberler\/antalya\/hafif-ticari-arac-yayaya-carpti-2\/"},"author":{"name":"Av. Deniz Can K\u0131z\u0131l","@id":"https:\/\/denizcankizil.tr\/de\/#\/schema\/person\/5dc1b22991bd7ac833867c10afc9b0ff"},"headline":"Hafif ticari ara\u00e7 yayaya \u00e7arpt\u0131","datePublished":"2025-02-15T07:41:24+00:00","mainEntityOfPage":{"@id":"http:\/\/denizcankizil.tr\/en\/haberler\/antalya\/hafif-ticari-arac-yayaya-carpti-2\/"},"wordCount":82,"commentCount":0,"publisher":{"@id":"https:\/\/denizcankizil.tr\/de\/#organization"},"image":{"@id":"http:\/\/denizcankizil.tr\/en\/haberler\/antalya\/hafif-ticari-arac-yayaya-carpti-2\/#primaryimage"},"thumbnailUrl":"https:\/\/denizcankizil.tr\/wp-content\/uploads\/2024\/12\/3772-01-KfHJn2.jpeg","articleSection":["Antalya"],"inLanguage":"de","potentialAction":[{"@type":"CommentAction","name":"Comment","target":["http:\/\/denizcankizil.tr\/en\/haberler\/antalya\/hafif-ticari-arac-yayaya-carpti-2\/#respond"]}]},{"@type":"WebPage","@id":"http:\/\/denizcankizil.tr\/en\/haberler\/antalya\/hafif-ticari-arac-yayaya-carpti-2\/","url":"http:\/\/denizcankizil.tr\/en\/haberler\/antalya\/hafif-ticari-arac-yayaya-carpti-2\/","name":"Hafif ticari ara\u00e7 yayaya \u00e7arpt\u0131 - Av. Deniz Can K\u0131z\u0131l","isPartOf":{"@id":"https:\/\/denizcankizil.tr\/de\/#website"},"primaryImageOfPage":{"@id":"http:\/\/denizcankizil.tr\/en\/haberler\/antalya\/hafif-ticari-arac-yayaya-carpti-2\/#primaryimage"},"image":{"@id":"http:\/\/denizcankizil.tr\/en\/haberler\/antalya\/hafif-ticari-arac-yayaya-carpti-2\/#primaryimage"},"thumbnailUrl":"https:\/\/denizcankizil.tr\/wp-content\/uploads\/2024\/12\/3772-01-KfHJn2.jpeg","datePublished":"2025-02-15T07:41:24+00:00","breadcrumb":{"@id":"http:\/\/denizcankizil.tr\/en\/haberler\/antalya\/hafif-ticari-arac-yayaya-carpti-2\/#breadcrumb"},"inLanguage":"de","potentialAction":[{"@type":"ReadAction","target":["http:\/\/denizcankizil.tr\/en\/haberler\/antalya\/hafif-ticari-arac-yayaya-carpti-2\/"]}]},{"@type":"ImageObject","inLanguage":"de","@id":"http:\/\/denizcankizil.tr\/en\/haberler\/antalya\/hafif-ticari-arac-yayaya-carpti-2\/#primaryimage","url":"https:\/\/denizcankizil.tr\/wp-content\/uploads\/2024\/12\/3772-01-KfHJn2.jpeg","contentUrl":"https:\/\/denizcankizil.tr\/wp-content\/uploads\/2024\/12\/3772-01-KfHJn2.jpeg","width":1280,"height":720},{"@type":"BreadcrumbList","@id":"http:\/\/denizcankizil.tr\/en\/haberler\/antalya\/hafif-ticari-arac-yayaya-carpti-2\/#breadcrumb","itemListElement":[{"@type":"ListItem","position":1,"name":"Home","item":"https:\/\/denizcankizil.tr\/de\/"},{"@type":"ListItem","position":2,"name":"Hafif ticari ara\u00e7 yayaya \u00e7arpt\u0131"}]},{"@type":"WebSite","@id":"https:\/\/denizcankizil.tr\/de\/#website","url":"https:\/\/denizcankizil.tr\/de\/","name":"Av. Deniz Can K\u0131z\u0131l","description":"Avukat Deniz Can K\u0131z\u0131l Antalya Barosu","publisher":{"@id":"https:\/\/denizcankizil.tr\/de\/#organization"},"potentialAction":[{"@type":"SearchAction","target":{"@type":"EntryPoint","urlTemplate":"https:\/\/denizcankizil.tr\/de\/?s={search_term_string}"},"query-input":{"@type":"PropertyValueSpecification","valueRequired":true,"valueName":"search_term_string"}}],"inLanguage":"de"},{"@type":"Organization","@id":"https:\/\/denizcankizil.tr\/de\/#organization","name":"Av. Deniz Can K\u0131z\u0131l","url":"https:\/\/denizcankizil.tr\/de\/","logo":{"@type":"ImageObject","inLanguage":"de","@id":"https:\/\/denizcankizil.tr\/de\/#\/schema\/logo\/image\/","url":"https:\/\/denizcankizil.tr\/wp-content\/uploads\/2024\/10\/siyah-logo-svg.svg","contentUrl":"https:\/\/denizcankizil.tr\/wp-content\/uploads\/2024\/10\/siyah-logo-svg.svg","width":1080,"height":1080,"caption":"Av. Deniz Can K\u0131z\u0131l"},"image":{"@id":"https:\/\/denizcankizil.tr\/de\/#\/schema\/logo\/image\/"}},{"@type":"Person","@id":"https:\/\/denizcankizil.tr\/de\/#\/schema\/person\/5dc1b22991bd7ac833867c10afc9b0ff","name":"Av. Deniz Can K\u0131z\u0131l","image":{"@type":"ImageObject","inLanguage":"de","@id":"https:\/\/denizcankizil.tr\/de\/#\/schema\/person\/image\/","url":"https:\/\/secure.gravatar.com\/avatar\/a0b128fb9855c79efc976d5640eedb31dc35ec297594d6016d2cf7c60e975bb6?s=96&d=mm&r=g","contentUrl":"https:\/\/secure.gravatar.com\/avatar\/a0b128fb9855c79efc976d5640eedb31dc35ec297594d6016d2cf7c60e975bb6?s=96&d=mm&r=g","caption":"Av. Deniz Can K\u0131z\u0131l"},"sameAs":["http:\/\/www.denizcankizil.tr"],"url":"https:\/\/denizcankizil.tr\/de\/author\/denizcankizil\/"}]}},"_links":{"self":[{"href":"https:\/\/denizcankizil.tr\/de\/wp-json\/wp\/v2\/posts\/32869","targetHints":{"allow":["GET"]}}],"collection":[{"href":"https:\/\/denizcankizil.tr\/de\/wp-json\/wp\/v2\/posts"}],"about":[{"href":"https:\/\/denizcankizil.tr\/de\/wp-json\/wp\/v2\/types\/post"}],"author":[{"embeddable":true,"href":"https:\/\/denizcankizil.tr\/de\/wp-json\/wp\/v2\/users\/4"}],"replies":[{"embeddable":true,"href":"https:\/\/denizcankizil.tr\/de\/wp-json\/wp\/v2\/comments?post=32869"}],"version-history":[{"count":0,"href":"https:\/\/denizcankizil.tr\/de\/wp-json\/wp\/v2\/posts\/32869\/revisions"}],"wp:featuredmedia":[{"embeddable":true,"href":"https:\/\/denizcankizil.tr\/de\/wp-json\/wp\/v2\/media\/22326"}],"wp:attachment":[{"href":"https:\/\/denizcankizil.tr\/de\/wp-json\/wp\/v2\/media?parent=32869"}],"wp:term":[{"taxonomy":"category","embeddable":true,"href":"https:\/\/denizcankizil.tr\/de\/wp-json\/wp\/v2\/categories?post=32869"},{"taxonomy":"post_tag","embeddable":true,"href":"https:\/\/denizcankizil.tr\/de\/wp-json\/wp\/v2\/tags?post=32869"}],"curies":[{"name":"wp","href":"https:\/\/api.w.org\/{rel}","templated":true}]}}