{"id":32659,"date":"2025-02-14T10:41:50","date_gmt":"2025-02-14T07:41:50","guid":{"rendered":"https:\/\/denizcankizil.tr\/uncategorized-tr\/denizin-dibinde-bulduklari-hayrete-dusurdu\/"},"modified":"2025-02-14T10:41:50","modified_gmt":"2025-02-14T07:41:50","slug":"denizin-dibinde-bulduklari-hayrete-dusurdu","status":"publish","type":"post","link":"https:\/\/denizcankizil.tr\/de\/haberler\/antalya\/denizin-dibinde-bulduklari-hayrete-dusurdu\/","title":{"rendered":"Denizin dibinde bulduklar\u0131, hayrete d\u00fc\u015f\u00fcrd\u00fc"},"content":{"rendered":"<p>Akdeniz \u00dcniversitesi Su Alt\u0131 Toplulu\u011fu \u00fcyesi \u00f6\u011frencileri ile Su \u00dcr\u00fcnleri Fak\u00fcltesi \u00d6\u011fretim \u00dcyesi Prof. Dr. Mehmet G\u00f6ko\u011flu, Antalya&#8217;n\u0131n farkl\u0131 noktalar\u0131nda deniz dibine dal\u0131\u015flar yap\u0131yor. Prof. Dr. G\u00f6ko\u011flu ve topluluk \u00fcyesi \u00f6\u011frenciler, bu dal\u0131\u015flarda zaman zaman farkl\u0131 nesnelerle kar\u015f\u0131la\u015f\u0131yor. Kar\u015f\u0131la\u015ft\u0131klar\u0131 bu nesneleri su alt\u0131ndan \u00e7\u0131karan ekip, son olarak ge\u00e7en hafta sonu Konyaalt\u0131 Sahili&#8217;nde dal\u0131\u015f yapt\u0131. Suyun berrakl\u0131\u011f\u0131n\u0131, bal\u0131klar\u0131 ve \u00fcreme d\u00f6nemindeki med\u00fczleri (denizanas\u0131) g\u00f6r\u00fcnt\u00fcleyen ekip, d\u00f6n\u00fc\u015f yoluna ge\u00e7tiklerinde deniz dibinde kurdeleyle ba\u011flanm\u0131\u015f bir kitap g\u00f6rd\u00fc. Kitaba y\u00f6nelerek alan ekip, bunun \u0130ncil oldu\u011funu fark etti. Denize hangi ama\u00e7la at\u0131ld\u0131\u011f\u0131 bilinmeyen \u0130ncil&#8217;i g\u00f6r\u00fcnce \u015fa\u015f\u0131ran ekip, kitab\u0131 denizden \u00e7\u0131kard\u0131.<\/p>\n<p>&#8216;DEN\u0130Z \u00c7\u00d6PL\u00dcK DE\u011e\u0130L&#8217;<\/p>\n<p>Prof. Dr. Mehmet G\u00f6ko\u011flu, at\u0131lan her \u015feyin denizi kirletti\u011fini belirterek, &#8220;Poyraz\u0131n hemen ard\u0131ndan dal\u0131\u015f yapt\u0131k. Suda bir yer de\u011fi\u015fimi oldu\u011fu i\u00e7in su \u00e7ok berrakt\u0131. G\u00f6r\u00fc\u015f 50-60 metre kadar vard\u0131. Med\u00fczlerin \u00e7o\u011falma d\u00f6nemi. Her yer ku\u015f t\u00fcy\u00fc gibi med\u00fcz doluydu. \u00c7ok say\u0131da bal\u0131k g\u00f6r\u00fcnt\u00fcledik. D\u00f6n\u00fc\u015f s\u0131ras\u0131nda da \u00f6\u011frencilerimiz kurdeleyle sar\u0131lm\u0131\u015f bir \u0130ncil buldu. Denize her \u015fey at\u0131l\u0131yor ve s\u00fcrekli kirletiliyor. Milyonlarca insan\u0131n inand\u0131\u011f\u0131 kutsal bir kitap dahi denize at\u0131lm\u0131\u015f. Deniz \u00e7\u00f6pl\u00fck de\u011fil&#8221; dedi.<\/p>\n<p>&#8216;B\u00d6YLES\u0130YLE \u0130LK DEFA KAR\u015eILA\u015eTIK&#8217;<\/p>\n<p>Kitab\u0131 ilk g\u00f6rd\u00fcklerinde \u00e7ok \u015fa\u015f\u0131rd\u0131klar\u0131n\u0131 ve su alt\u0131ndayken incelediklerini s\u00f6yleyen Akdeniz \u00dcniversitesi \u00f6\u011frencisi Furkan \u00c7eltik, &#8220;Konyaalt\u0131 Sahili&#8217;nde yapt\u0131\u011f\u0131m\u0131z dal\u0131\u015f s\u0131ras\u0131nda \u00fczerinde &#8216;Kutsal kitap&#8217; yazan bir \u0130ncil bulduk. \u0130lk olarak ne oldu\u011funu anlamad\u0131k. Biraz inceledik ve bilerek at\u0131lm\u0131\u015f gibi duruyordu. \u00dczerinde kurdele ile ba\u011flay\u0131p suya atm\u0131\u015flar. Su alt\u0131nda daha \u00e7ok kitap bulmu\u015ftuk ama b\u00f6ylesiyle ilk defa kar\u015f\u0131la\u015ft\u0131k. Denizin alt\u0131nda arad\u0131\u011f\u0131n\u0131z her \u015feyi bulabiliyorsunuz&#8221; diye konu\u015ftu.<\/p>\n<p>Kaynak: www.kanalv.com.tr Haber Sitesinden Al\u0131nm\u0131\u015ft\u0131r.<\/p>","protected":false},"excerpt":{"rendered":"<p>Akdeniz \u00dcniversitesi Su Alt\u0131 Toplulu\u011fu \u00fcyesi \u00f6\u011frencileri ile Su \u00dcr\u00fcnleri Fak\u00fcltesi \u00d6\u011fretim \u00dcyesi Prof. Dr. Mehmet G\u00f6ko\u011flu, Antalya&#8217;n\u0131n farkl\u0131 noktalar\u0131nda deniz dibine dal\u0131\u015flar yap\u0131yor. Prof. Dr. G\u00f6ko\u011flu ve topluluk \u00fcyesi \u00f6\u011frenciler, bu dal\u0131\u015flarda zaman zaman farkl\u0131 nesnelerle kar\u015f\u0131la\u015f\u0131yor. Kar\u015f\u0131la\u015ft\u0131klar\u0131 bu nesneleri su alt\u0131ndan \u00e7\u0131karan ekip, son olarak ge\u00e7en hafta sonu Konyaalt\u0131 Sahili&#8217;nde dal\u0131\u015f yapt\u0131. Suyun berrakl\u0131\u011f\u0131n\u0131, bal\u0131klar\u0131 ve \u00fcreme d\u00f6nemindeki med\u00fczleri (denizanas\u0131) g\u00f6r\u00fcnt\u00fcleyen ekip, d\u00f6n\u00fc\u015f yoluna ge\u00e7tiklerinde deniz dibinde kurdeleyle ba\u011flanm\u0131\u015f bir kitap g\u00f6rd\u00fc. Kitaba y\u00f6nelerek alan ekip, bunun \u0130ncil oldu\u011funu fark etti. Denize hangi ama\u00e7la at\u0131ld\u0131\u011f\u0131 bilinmeyen \u0130ncil&#8217;i g\u00f6r\u00fcnce \u015fa\u015f\u0131ran ekip, kitab\u0131 denizden \u00e7\u0131kard\u0131. &#8216;DEN\u0130Z \u00c7\u00d6PL\u00dcK DE\u011e\u0130L&#8217; Prof. Dr. Mehmet G\u00f6ko\u011flu, at\u0131lan her \u015feyin denizi kirletti\u011fini belirterek, &#8220;Poyraz\u0131n hemen ard\u0131ndan dal\u0131\u015f yapt\u0131k. Suda bir yer de\u011fi\u015fimi oldu\u011fu i\u00e7in su \u00e7ok berrakt\u0131. G\u00f6r\u00fc\u015f 50-60 metre kadar vard\u0131. Med\u00fczlerin \u00e7o\u011falma d\u00f6nemi. Her yer ku\u015f t\u00fcy\u00fc gibi med\u00fcz doluydu. \u00c7ok say\u0131da bal\u0131k g\u00f6r\u00fcnt\u00fcledik. D\u00f6n\u00fc\u015f s\u0131ras\u0131nda da \u00f6\u011frencilerimiz kurdeleyle sar\u0131lm\u0131\u015f bir \u0130ncil buldu. Denize her \u015fey at\u0131l\u0131yor ve s\u00fcrekli kirletiliyor. Milyonlarca insan\u0131n inand\u0131\u011f\u0131 kutsal bir kitap dahi denize at\u0131lm\u0131\u015f. Deniz \u00e7\u00f6pl\u00fck de\u011fil&#8221; dedi. &#8216;B\u00d6YLES\u0130YLE \u0130LK DEFA KAR\u015eILA\u015eTIK&#8217; Kitab\u0131 ilk g\u00f6rd\u00fcklerinde \u00e7ok \u015fa\u015f\u0131rd\u0131klar\u0131n\u0131 ve su alt\u0131ndayken incelediklerini s\u00f6yleyen Akdeniz \u00dcniversitesi \u00f6\u011frencisi Furkan \u00c7eltik, &#8220;Konyaalt\u0131 Sahili&#8217;nde yapt\u0131\u011f\u0131m\u0131z dal\u0131\u015f s\u0131ras\u0131nda \u00fczerinde &#8216;Kutsal kitap&#8217; yazan bir \u0130ncil &hellip;<\/p>","protected":false},"author":4,"featured_media":32660,"comment_status":"open","ping_status":"open","sticky":false,"template":"","format":"standard","meta":{"_acf_changed":false,"footnotes":""},"categories":[26],"tags":[],"class_list":["post-32659","post","type-post","status-publish","format-standard","has-post-thumbnail","hentry","category-antalya"],"acf":[],"yoast_head":"<!-- This site is optimized with the Yoast SEO Premium plugin v26.6 (Yoast SEO v27.1.1) - https:\/\/yoast.com\/product\/yoast-seo-premium-wordpress\/ -->\n<title>Denizin dibinde bulduklar\u0131, hayrete d\u00fc\u015f\u00fcrd\u00fc - Av. Deniz Can K\u0131z\u0131l<\/title>\n<meta name=\"robots\" content=\"index, follow, max-snippet:-1, max-image-preview:large, max-video-preview:-1\" \/>\n<link rel=\"canonical\" href=\"https:\/\/denizcankizil.tr\/de\/haberler\/antalya\/denizin-dibinde-bulduklari-hayrete-dusurdu\/\" \/>\n<meta property=\"og:locale\" content=\"de_DE\" \/>\n<meta property=\"og:type\" content=\"article\" \/>\n<meta property=\"og:title\" content=\"Denizin dibinde bulduklar\u0131, hayrete d\u00fc\u015f\u00fcrd\u00fc\" \/>\n<meta property=\"og:description\" content=\"Akdeniz \u00dcniversitesi Su Alt\u0131 Toplulu\u011fu \u00fcyesi \u00f6\u011frencileri ile Su \u00dcr\u00fcnleri Fak\u00fcltesi \u00d6\u011fretim \u00dcyesi Prof. Dr. Mehmet G\u00f6ko\u011flu, Antalya&#8217;n\u0131n farkl\u0131 noktalar\u0131nda deniz dibine dal\u0131\u015flar yap\u0131yor. Prof. Dr. G\u00f6ko\u011flu ve topluluk \u00fcyesi \u00f6\u011frenciler, bu dal\u0131\u015flarda zaman zaman farkl\u0131 nesnelerle kar\u015f\u0131la\u015f\u0131yor. Kar\u015f\u0131la\u015ft\u0131klar\u0131 bu nesneleri su alt\u0131ndan \u00e7\u0131karan ekip, son olarak ge\u00e7en hafta sonu Konyaalt\u0131 Sahili&#8217;nde dal\u0131\u015f yapt\u0131. Suyun berrakl\u0131\u011f\u0131n\u0131, bal\u0131klar\u0131 ve \u00fcreme d\u00f6nemindeki med\u00fczleri (denizanas\u0131) g\u00f6r\u00fcnt\u00fcleyen ekip, d\u00f6n\u00fc\u015f yoluna ge\u00e7tiklerinde deniz dibinde kurdeleyle ba\u011flanm\u0131\u015f bir kitap g\u00f6rd\u00fc. Kitaba y\u00f6nelerek alan ekip, bunun \u0130ncil oldu\u011funu fark etti. Denize hangi ama\u00e7la at\u0131ld\u0131\u011f\u0131 bilinmeyen \u0130ncil&#8217;i g\u00f6r\u00fcnce \u015fa\u015f\u0131ran ekip, kitab\u0131 denizden \u00e7\u0131kard\u0131. &#8216;DEN\u0130Z \u00c7\u00d6PL\u00dcK DE\u011e\u0130L&#8217; Prof. Dr. Mehmet G\u00f6ko\u011flu, at\u0131lan her \u015feyin denizi kirletti\u011fini belirterek, &#8220;Poyraz\u0131n hemen ard\u0131ndan dal\u0131\u015f yapt\u0131k. Suda bir yer de\u011fi\u015fimi oldu\u011fu i\u00e7in su \u00e7ok berrakt\u0131. G\u00f6r\u00fc\u015f 50-60 metre kadar vard\u0131. Med\u00fczlerin \u00e7o\u011falma d\u00f6nemi. Her yer ku\u015f t\u00fcy\u00fc gibi med\u00fcz doluydu. \u00c7ok say\u0131da bal\u0131k g\u00f6r\u00fcnt\u00fcledik. D\u00f6n\u00fc\u015f s\u0131ras\u0131nda da \u00f6\u011frencilerimiz kurdeleyle sar\u0131lm\u0131\u015f bir \u0130ncil buldu. Denize her \u015fey at\u0131l\u0131yor ve s\u00fcrekli kirletiliyor. Milyonlarca insan\u0131n inand\u0131\u011f\u0131 kutsal bir kitap dahi denize at\u0131lm\u0131\u015f. Deniz \u00e7\u00f6pl\u00fck de\u011fil&#8221; dedi. &#8216;B\u00d6YLES\u0130YLE \u0130LK DEFA KAR\u015eILA\u015eTIK&#8217; Kitab\u0131 ilk g\u00f6rd\u00fcklerinde \u00e7ok \u015fa\u015f\u0131rd\u0131klar\u0131n\u0131 ve su alt\u0131ndayken incelediklerini s\u00f6yleyen Akdeniz \u00dcniversitesi \u00f6\u011frencisi Furkan \u00c7eltik, &#8220;Konyaalt\u0131 Sahili&#8217;nde yapt\u0131\u011f\u0131m\u0131z dal\u0131\u015f s\u0131ras\u0131nda \u00fczerinde &#8216;Kutsal kitap&#8217; yazan bir \u0130ncil &hellip;\" \/>\n<meta property=\"og:url\" content=\"https:\/\/denizcankizil.tr\/de\/haberler\/antalya\/denizin-dibinde-bulduklari-hayrete-dusurdu\/\" \/>\n<meta property=\"og:site_name\" content=\"Av. Deniz Can K\u0131z\u0131l\" \/>\n<meta property=\"article:published_time\" content=\"2025-02-14T07:41:50+00:00\" \/>\n<meta property=\"og:image\" content=\"https:\/\/denizcankizil.tr\/wp-content\/uploads\/2025\/02\/4639-01-ATu5Zj.jpeg\" \/>\n\t<meta property=\"og:image:width\" content=\"1280\" \/>\n\t<meta property=\"og:image:height\" content=\"720\" \/>\n\t<meta property=\"og:image:type\" content=\"image\/jpeg\" \/>\n<meta name=\"author\" content=\"Av. Deniz Can K\u0131z\u0131l\" \/>\n<meta name=\"twitter:card\" content=\"summary_large_image\" \/>\n<meta name=\"twitter:label1\" content=\"Verfasst von\" \/>\n\t<meta name=\"twitter:data1\" content=\"Av. Deniz Can K\u0131z\u0131l\" \/>\n\t<meta name=\"twitter:label2\" content=\"Gesch\u00e4tzte Lesezeit\" \/>\n\t<meta name=\"twitter:data2\" content=\"2\u00a0Minuten\" \/>\n<script type=\"application\/ld+json\" class=\"yoast-schema-graph\">{\"@context\":\"https:\/\/schema.org\",\"@graph\":[{\"@type\":\"Article\",\"@id\":\"https:\/\/denizcankizil.tr\/de\/haberler\/antalya\/denizin-dibinde-bulduklari-hayrete-dusurdu\/#article\",\"isPartOf\":{\"@id\":\"https:\/\/denizcankizil.tr\/de\/haberler\/antalya\/denizin-dibinde-bulduklari-hayrete-dusurdu\/\"},\"author\":{\"name\":\"Av. Deniz Can K\u0131z\u0131l\",\"@id\":\"https:\/\/denizcankizil.tr\/de\/#\/schema\/person\/5dc1b22991bd7ac833867c10afc9b0ff\"},\"headline\":\"Denizin dibinde bulduklar\u0131, hayrete d\u00fc\u015f\u00fcrd\u00fc\",\"datePublished\":\"2025-02-14T07:41:50+00:00\",\"mainEntityOfPage\":{\"@id\":\"https:\/\/denizcankizil.tr\/de\/haberler\/antalya\/denizin-dibinde-bulduklari-hayrete-dusurdu\/\"},\"wordCount\":363,\"commentCount\":0,\"publisher\":{\"@id\":\"https:\/\/denizcankizil.tr\/de\/#organization\"},\"image\":{\"@id\":\"https:\/\/denizcankizil.tr\/de\/haberler\/antalya\/denizin-dibinde-bulduklari-hayrete-dusurdu\/#primaryimage\"},\"thumbnailUrl\":\"https:\/\/denizcankizil.tr\/wp-content\/uploads\/2025\/02\/4639-01-ATu5Zj.jpeg\",\"articleSection\":[\"Antalya\"],\"inLanguage\":\"de\",\"potentialAction\":[{\"@type\":\"CommentAction\",\"name\":\"Comment\",\"target\":[\"https:\/\/denizcankizil.tr\/de\/haberler\/antalya\/denizin-dibinde-bulduklari-hayrete-dusurdu\/#respond\"]}]},{\"@type\":\"WebPage\",\"@id\":\"https:\/\/denizcankizil.tr\/de\/haberler\/antalya\/denizin-dibinde-bulduklari-hayrete-dusurdu\/\",\"url\":\"https:\/\/denizcankizil.tr\/de\/haberler\/antalya\/denizin-dibinde-bulduklari-hayrete-dusurdu\/\",\"name\":\"Denizin dibinde bulduklar\u0131, hayrete d\u00fc\u015f\u00fcrd\u00fc - Av. Deniz Can K\u0131z\u0131l\",\"isPartOf\":{\"@id\":\"https:\/\/denizcankizil.tr\/de\/#website\"},\"primaryImageOfPage\":{\"@id\":\"https:\/\/denizcankizil.tr\/de\/haberler\/antalya\/denizin-dibinde-bulduklari-hayrete-dusurdu\/#primaryimage\"},\"image\":{\"@id\":\"https:\/\/denizcankizil.tr\/de\/haberler\/antalya\/denizin-dibinde-bulduklari-hayrete-dusurdu\/#primaryimage\"},\"thumbnailUrl\":\"https:\/\/denizcankizil.tr\/wp-content\/uploads\/2025\/02\/4639-01-ATu5Zj.jpeg\",\"datePublished\":\"2025-02-14T07:41:50+00:00\",\"breadcrumb\":{\"@id\":\"https:\/\/denizcankizil.tr\/de\/haberler\/antalya\/denizin-dibinde-bulduklari-hayrete-dusurdu\/#breadcrumb\"},\"inLanguage\":\"de\",\"potentialAction\":[{\"@type\":\"ReadAction\",\"target\":[\"https:\/\/denizcankizil.tr\/de\/haberler\/antalya\/denizin-dibinde-bulduklari-hayrete-dusurdu\/\"]}]},{\"@type\":\"ImageObject\",\"inLanguage\":\"de\",\"@id\":\"https:\/\/denizcankizil.tr\/de\/haberler\/antalya\/denizin-dibinde-bulduklari-hayrete-dusurdu\/#primaryimage\",\"url\":\"https:\/\/denizcankizil.tr\/wp-content\/uploads\/2025\/02\/4639-01-ATu5Zj.jpeg\",\"contentUrl\":\"https:\/\/denizcankizil.tr\/wp-content\/uploads\/2025\/02\/4639-01-ATu5Zj.jpeg\",\"width\":1280,\"height\":720},{\"@type\":\"BreadcrumbList\",\"@id\":\"https:\/\/denizcankizil.tr\/de\/haberler\/antalya\/denizin-dibinde-bulduklari-hayrete-dusurdu\/#breadcrumb\",\"itemListElement\":[{\"@type\":\"ListItem\",\"position\":1,\"name\":\"Home\",\"item\":\"https:\/\/denizcankizil.tr\/de\/\"},{\"@type\":\"ListItem\",\"position\":2,\"name\":\"Denizin dibinde bulduklar\u0131, hayrete d\u00fc\u015f\u00fcrd\u00fc\"}]},{\"@type\":\"WebSite\",\"@id\":\"https:\/\/denizcankizil.tr\/de\/#website\",\"url\":\"https:\/\/denizcankizil.tr\/de\/\",\"name\":\"Av. Deniz Can K\u0131z\u0131l\",\"description\":\"Avukat Deniz Can K\u0131z\u0131l Antalya Barosu\",\"publisher\":{\"@id\":\"https:\/\/denizcankizil.tr\/de\/#organization\"},\"potentialAction\":[{\"@type\":\"SearchAction\",\"target\":{\"@type\":\"EntryPoint\",\"urlTemplate\":\"https:\/\/denizcankizil.tr\/de\/?s={search_term_string}\"},\"query-input\":{\"@type\":\"PropertyValueSpecification\",\"valueRequired\":true,\"valueName\":\"search_term_string\"}}],\"inLanguage\":\"de\"},{\"@type\":\"Organization\",\"@id\":\"https:\/\/denizcankizil.tr\/de\/#organization\",\"name\":\"Av. Deniz Can K\u0131z\u0131l\",\"url\":\"https:\/\/denizcankizil.tr\/de\/\",\"logo\":{\"@type\":\"ImageObject\",\"inLanguage\":\"de\",\"@id\":\"https:\/\/denizcankizil.tr\/de\/#\/schema\/logo\/image\/\",\"url\":\"https:\/\/denizcankizil.tr\/wp-content\/uploads\/2024\/10\/siyah-logo-svg.svg\",\"contentUrl\":\"https:\/\/denizcankizil.tr\/wp-content\/uploads\/2024\/10\/siyah-logo-svg.svg\",\"width\":1080,\"height\":1080,\"caption\":\"Av. Deniz Can K\u0131z\u0131l\"},\"image\":{\"@id\":\"https:\/\/denizcankizil.tr\/de\/#\/schema\/logo\/image\/\"}},{\"@type\":\"Person\",\"@id\":\"https:\/\/denizcankizil.tr\/de\/#\/schema\/person\/5dc1b22991bd7ac833867c10afc9b0ff\",\"name\":\"Av. Deniz Can K\u0131z\u0131l\",\"image\":{\"@type\":\"ImageObject\",\"inLanguage\":\"de\",\"@id\":\"https:\/\/denizcankizil.tr\/de\/#\/schema\/person\/image\/\",\"url\":\"https:\/\/secure.gravatar.com\/avatar\/a0b128fb9855c79efc976d5640eedb31dc35ec297594d6016d2cf7c60e975bb6?s=96&d=mm&r=g\",\"contentUrl\":\"https:\/\/secure.gravatar.com\/avatar\/a0b128fb9855c79efc976d5640eedb31dc35ec297594d6016d2cf7c60e975bb6?s=96&d=mm&r=g\",\"caption\":\"Av. Deniz Can K\u0131z\u0131l\"},\"sameAs\":[\"http:\/\/www.denizcankizil.tr\"],\"url\":\"https:\/\/denizcankizil.tr\/de\/author\/denizcankizil\/\"}]}<\/script>\n<!-- \/ Yoast SEO Premium plugin. -->","yoast_head_json":{"title":"Denizin dibinde bulduklar\u0131, hayrete d\u00fc\u015f\u00fcrd\u00fc - Av. Deniz Can K\u0131z\u0131l","robots":{"index":"index","follow":"follow","max-snippet":"max-snippet:-1","max-image-preview":"max-image-preview:large","max-video-preview":"max-video-preview:-1"},"canonical":"https:\/\/denizcankizil.tr\/de\/haberler\/antalya\/denizin-dibinde-bulduklari-hayrete-dusurdu\/","og_locale":"de_DE","og_type":"article","og_title":"Denizin dibinde bulduklar\u0131, hayrete d\u00fc\u015f\u00fcrd\u00fc","og_description":"Akdeniz \u00dcniversitesi Su Alt\u0131 Toplulu\u011fu \u00fcyesi \u00f6\u011frencileri ile Su \u00dcr\u00fcnleri Fak\u00fcltesi \u00d6\u011fretim \u00dcyesi Prof. Dr. Mehmet G\u00f6ko\u011flu, Antalya&#8217;n\u0131n farkl\u0131 noktalar\u0131nda deniz dibine dal\u0131\u015flar yap\u0131yor. Prof. Dr. G\u00f6ko\u011flu ve topluluk \u00fcyesi \u00f6\u011frenciler, bu dal\u0131\u015flarda zaman zaman farkl\u0131 nesnelerle kar\u015f\u0131la\u015f\u0131yor. Kar\u015f\u0131la\u015ft\u0131klar\u0131 bu nesneleri su alt\u0131ndan \u00e7\u0131karan ekip, son olarak ge\u00e7en hafta sonu Konyaalt\u0131 Sahili&#8217;nde dal\u0131\u015f yapt\u0131. Suyun berrakl\u0131\u011f\u0131n\u0131, bal\u0131klar\u0131 ve \u00fcreme d\u00f6nemindeki med\u00fczleri (denizanas\u0131) g\u00f6r\u00fcnt\u00fcleyen ekip, d\u00f6n\u00fc\u015f yoluna ge\u00e7tiklerinde deniz dibinde kurdeleyle ba\u011flanm\u0131\u015f bir kitap g\u00f6rd\u00fc. Kitaba y\u00f6nelerek alan ekip, bunun \u0130ncil oldu\u011funu fark etti. Denize hangi ama\u00e7la at\u0131ld\u0131\u011f\u0131 bilinmeyen \u0130ncil&#8217;i g\u00f6r\u00fcnce \u015fa\u015f\u0131ran ekip, kitab\u0131 denizden \u00e7\u0131kard\u0131. &#8216;DEN\u0130Z \u00c7\u00d6PL\u00dcK DE\u011e\u0130L&#8217; Prof. Dr. Mehmet G\u00f6ko\u011flu, at\u0131lan her \u015feyin denizi kirletti\u011fini belirterek, &#8220;Poyraz\u0131n hemen ard\u0131ndan dal\u0131\u015f yapt\u0131k. Suda bir yer de\u011fi\u015fimi oldu\u011fu i\u00e7in su \u00e7ok berrakt\u0131. G\u00f6r\u00fc\u015f 50-60 metre kadar vard\u0131. Med\u00fczlerin \u00e7o\u011falma d\u00f6nemi. Her yer ku\u015f t\u00fcy\u00fc gibi med\u00fcz doluydu. \u00c7ok say\u0131da bal\u0131k g\u00f6r\u00fcnt\u00fcledik. D\u00f6n\u00fc\u015f s\u0131ras\u0131nda da \u00f6\u011frencilerimiz kurdeleyle sar\u0131lm\u0131\u015f bir \u0130ncil buldu. Denize her \u015fey at\u0131l\u0131yor ve s\u00fcrekli kirletiliyor. Milyonlarca insan\u0131n inand\u0131\u011f\u0131 kutsal bir kitap dahi denize at\u0131lm\u0131\u015f. Deniz \u00e7\u00f6pl\u00fck de\u011fil&#8221; dedi. &#8216;B\u00d6YLES\u0130YLE \u0130LK DEFA KAR\u015eILA\u015eTIK&#8217; Kitab\u0131 ilk g\u00f6rd\u00fcklerinde \u00e7ok \u015fa\u015f\u0131rd\u0131klar\u0131n\u0131 ve su alt\u0131ndayken incelediklerini s\u00f6yleyen Akdeniz \u00dcniversitesi \u00f6\u011frencisi Furkan \u00c7eltik, &#8220;Konyaalt\u0131 Sahili&#8217;nde yapt\u0131\u011f\u0131m\u0131z dal\u0131\u015f s\u0131ras\u0131nda \u00fczerinde &#8216;Kutsal kitap&#8217; yazan bir \u0130ncil &hellip;","og_url":"https:\/\/denizcankizil.tr\/de\/haberler\/antalya\/denizin-dibinde-bulduklari-hayrete-dusurdu\/","og_site_name":"Av. Deniz Can K\u0131z\u0131l","article_published_time":"2025-02-14T07:41:50+00:00","og_image":[{"width":1280,"height":720,"url":"https:\/\/denizcankizil.tr\/wp-content\/uploads\/2025\/02\/4639-01-ATu5Zj.jpeg","type":"image\/jpeg"}],"author":"Av. Deniz Can K\u0131z\u0131l","twitter_card":"summary_large_image","twitter_misc":{"Verfasst von":"Av. Deniz Can K\u0131z\u0131l","Gesch\u00e4tzte Lesezeit":"2\u00a0Minuten"},"schema":{"@context":"https:\/\/schema.org","@graph":[{"@type":"Article","@id":"https:\/\/denizcankizil.tr\/de\/haberler\/antalya\/denizin-dibinde-bulduklari-hayrete-dusurdu\/#article","isPartOf":{"@id":"https:\/\/denizcankizil.tr\/de\/haberler\/antalya\/denizin-dibinde-bulduklari-hayrete-dusurdu\/"},"author":{"name":"Av. Deniz Can K\u0131z\u0131l","@id":"https:\/\/denizcankizil.tr\/de\/#\/schema\/person\/5dc1b22991bd7ac833867c10afc9b0ff"},"headline":"Denizin dibinde bulduklar\u0131, hayrete d\u00fc\u015f\u00fcrd\u00fc","datePublished":"2025-02-14T07:41:50+00:00","mainEntityOfPage":{"@id":"https:\/\/denizcankizil.tr\/de\/haberler\/antalya\/denizin-dibinde-bulduklari-hayrete-dusurdu\/"},"wordCount":363,"commentCount":0,"publisher":{"@id":"https:\/\/denizcankizil.tr\/de\/#organization"},"image":{"@id":"https:\/\/denizcankizil.tr\/de\/haberler\/antalya\/denizin-dibinde-bulduklari-hayrete-dusurdu\/#primaryimage"},"thumbnailUrl":"https:\/\/denizcankizil.tr\/wp-content\/uploads\/2025\/02\/4639-01-ATu5Zj.jpeg","articleSection":["Antalya"],"inLanguage":"de","potentialAction":[{"@type":"CommentAction","name":"Comment","target":["https:\/\/denizcankizil.tr\/de\/haberler\/antalya\/denizin-dibinde-bulduklari-hayrete-dusurdu\/#respond"]}]},{"@type":"WebPage","@id":"https:\/\/denizcankizil.tr\/de\/haberler\/antalya\/denizin-dibinde-bulduklari-hayrete-dusurdu\/","url":"https:\/\/denizcankizil.tr\/de\/haberler\/antalya\/denizin-dibinde-bulduklari-hayrete-dusurdu\/","name":"Denizin dibinde bulduklar\u0131, hayrete d\u00fc\u015f\u00fcrd\u00fc - Av. Deniz Can K\u0131z\u0131l","isPartOf":{"@id":"https:\/\/denizcankizil.tr\/de\/#website"},"primaryImageOfPage":{"@id":"https:\/\/denizcankizil.tr\/de\/haberler\/antalya\/denizin-dibinde-bulduklari-hayrete-dusurdu\/#primaryimage"},"image":{"@id":"https:\/\/denizcankizil.tr\/de\/haberler\/antalya\/denizin-dibinde-bulduklari-hayrete-dusurdu\/#primaryimage"},"thumbnailUrl":"https:\/\/denizcankizil.tr\/wp-content\/uploads\/2025\/02\/4639-01-ATu5Zj.jpeg","datePublished":"2025-02-14T07:41:50+00:00","breadcrumb":{"@id":"https:\/\/denizcankizil.tr\/de\/haberler\/antalya\/denizin-dibinde-bulduklari-hayrete-dusurdu\/#breadcrumb"},"inLanguage":"de","potentialAction":[{"@type":"ReadAction","target":["https:\/\/denizcankizil.tr\/de\/haberler\/antalya\/denizin-dibinde-bulduklari-hayrete-dusurdu\/"]}]},{"@type":"ImageObject","inLanguage":"de","@id":"https:\/\/denizcankizil.tr\/de\/haberler\/antalya\/denizin-dibinde-bulduklari-hayrete-dusurdu\/#primaryimage","url":"https:\/\/denizcankizil.tr\/wp-content\/uploads\/2025\/02\/4639-01-ATu5Zj.jpeg","contentUrl":"https:\/\/denizcankizil.tr\/wp-content\/uploads\/2025\/02\/4639-01-ATu5Zj.jpeg","width":1280,"height":720},{"@type":"BreadcrumbList","@id":"https:\/\/denizcankizil.tr\/de\/haberler\/antalya\/denizin-dibinde-bulduklari-hayrete-dusurdu\/#breadcrumb","itemListElement":[{"@type":"ListItem","position":1,"name":"Home","item":"https:\/\/denizcankizil.tr\/de\/"},{"@type":"ListItem","position":2,"name":"Denizin dibinde bulduklar\u0131, hayrete d\u00fc\u015f\u00fcrd\u00fc"}]},{"@type":"WebSite","@id":"https:\/\/denizcankizil.tr\/de\/#website","url":"https:\/\/denizcankizil.tr\/de\/","name":"Av. Deniz Can K\u0131z\u0131l","description":"Avukat Deniz Can K\u0131z\u0131l Antalya Barosu","publisher":{"@id":"https:\/\/denizcankizil.tr\/de\/#organization"},"potentialAction":[{"@type":"SearchAction","target":{"@type":"EntryPoint","urlTemplate":"https:\/\/denizcankizil.tr\/de\/?s={search_term_string}"},"query-input":{"@type":"PropertyValueSpecification","valueRequired":true,"valueName":"search_term_string"}}],"inLanguage":"de"},{"@type":"Organization","@id":"https:\/\/denizcankizil.tr\/de\/#organization","name":"Av. Deniz Can K\u0131z\u0131l","url":"https:\/\/denizcankizil.tr\/de\/","logo":{"@type":"ImageObject","inLanguage":"de","@id":"https:\/\/denizcankizil.tr\/de\/#\/schema\/logo\/image\/","url":"https:\/\/denizcankizil.tr\/wp-content\/uploads\/2024\/10\/siyah-logo-svg.svg","contentUrl":"https:\/\/denizcankizil.tr\/wp-content\/uploads\/2024\/10\/siyah-logo-svg.svg","width":1080,"height":1080,"caption":"Av. Deniz Can K\u0131z\u0131l"},"image":{"@id":"https:\/\/denizcankizil.tr\/de\/#\/schema\/logo\/image\/"}},{"@type":"Person","@id":"https:\/\/denizcankizil.tr\/de\/#\/schema\/person\/5dc1b22991bd7ac833867c10afc9b0ff","name":"Av. Deniz Can K\u0131z\u0131l","image":{"@type":"ImageObject","inLanguage":"de","@id":"https:\/\/denizcankizil.tr\/de\/#\/schema\/person\/image\/","url":"https:\/\/secure.gravatar.com\/avatar\/a0b128fb9855c79efc976d5640eedb31dc35ec297594d6016d2cf7c60e975bb6?s=96&d=mm&r=g","contentUrl":"https:\/\/secure.gravatar.com\/avatar\/a0b128fb9855c79efc976d5640eedb31dc35ec297594d6016d2cf7c60e975bb6?s=96&d=mm&r=g","caption":"Av. Deniz Can K\u0131z\u0131l"},"sameAs":["http:\/\/www.denizcankizil.tr"],"url":"https:\/\/denizcankizil.tr\/de\/author\/denizcankizil\/"}]}},"_links":{"self":[{"href":"https:\/\/denizcankizil.tr\/de\/wp-json\/wp\/v2\/posts\/32659","targetHints":{"allow":["GET"]}}],"collection":[{"href":"https:\/\/denizcankizil.tr\/de\/wp-json\/wp\/v2\/posts"}],"about":[{"href":"https:\/\/denizcankizil.tr\/de\/wp-json\/wp\/v2\/types\/post"}],"author":[{"embeddable":true,"href":"https:\/\/denizcankizil.tr\/de\/wp-json\/wp\/v2\/users\/4"}],"replies":[{"embeddable":true,"href":"https:\/\/denizcankizil.tr\/de\/wp-json\/wp\/v2\/comments?post=32659"}],"version-history":[{"count":0,"href":"https:\/\/denizcankizil.tr\/de\/wp-json\/wp\/v2\/posts\/32659\/revisions"}],"wp:featuredmedia":[{"embeddable":true,"href":"https:\/\/denizcankizil.tr\/de\/wp-json\/wp\/v2\/media\/32660"}],"wp:attachment":[{"href":"https:\/\/denizcankizil.tr\/de\/wp-json\/wp\/v2\/media?parent=32659"}],"wp:term":[{"taxonomy":"category","embeddable":true,"href":"https:\/\/denizcankizil.tr\/de\/wp-json\/wp\/v2\/categories?post=32659"},{"taxonomy":"post_tag","embeddable":true,"href":"https:\/\/denizcankizil.tr\/de\/wp-json\/wp\/v2\/tags?post=32659"}],"curies":[{"name":"wp","href":"https:\/\/api.w.org\/{rel}","templated":true}]}}