{"id":32539,"date":"2025-02-13T15:41:34","date_gmt":"2025-02-13T12:41:34","guid":{"rendered":"https:\/\/denizcankizil.tr\/uncategorized-tr\/manavgata-otizmli-bireyler-icin-yeni-yasam-alani\/"},"modified":"2025-02-13T15:41:34","modified_gmt":"2025-02-13T12:41:34","slug":"manavgata-otizmli-bireyler-icin-yeni-yasam-alani","status":"publish","type":"post","link":"https:\/\/denizcankizil.tr\/de\/haberler\/gundem\/manavgata-otizmli-bireyler-icin-yeni-yasam-alani\/","title":{"rendered":"Manavgat&#8217;a otizmli bireyler i\u00e7in yeni ya\u015fam alan\u0131"},"content":{"rendered":"<p>Manavgat\u2019\u0131n Il\u0131ca Mahallesi&#8217;nde bulunan 805 Ada 1 parsel \u00fczerindeki 2115,54 m\u00b2 y\u00fcz\u00f6l\u00e7\u00fcml\u00fc arsaya in\u015fa edilecek olan merkez, otizmli bireyler i\u00e7in \u00f6nemli bir ya\u015fam alan\u0131 olu\u015fturmay\u0131 hedefliyor. Hay\u0131rsever Mehmet Karamanc\u0131 taraf\u0131ndan yap\u0131lacak olan proje, hem fiziki hem de sosyal anlamda il\u00e7edeki otizmli bireylerin e\u011fitim, rehabilitasyon ve ya\u015fam kalitelerini iyile\u015ftirecek bir merkezin temellerini at\u0131yor.<\/p>\n<p>MERKEZ, OT\u0130ZML\u0130 B\u0130REYLER\u0130N YA\u015eAM KAL\u0130TES\u0130N\u0130 ARTTIRACAK<\/p>\n<p>Manavgat Belediyesi Otizm Merkezi, idarece haz\u0131rlanacak projesine ve ilgili mevzuatlara uygun olarak ger\u00e7ekle\u015ftirilecek. Projenin tamamlanmas\u0131n\u0131n ard\u0131ndan otizm merkezi, Manavgat Belediyesi\u2019ne teslim edilecek. Otizm Merkezi, il\u00e7edeki otizmli bireylerin ailelerine b\u00fcy\u00fck bir rahatl\u0131k ve destek sunmay\u0131 ama\u00e7l\u0131yor. Aileler, \u00e7ocuklar\u0131n\u0131n geli\u015fim s\u00fcre\u00e7lerinde profesyonel destek alabilecekleri, sosyal hayatlar\u0131na adapte olabilecekleri, \u00e7e\u015fitli terapilerle rehabilite olabilecekleri bir ortamda vakit ge\u00e7irebilecekler.<\/p>\n<p>\u201cBU PROJE, \u0130L\u00c7EM\u0130ZE UMUT OLACAK&#8221;<\/p>\n<p>Manavgat Belediye Ba\u015fkan\u0131 Dr. Niyazi Nefi Kara, imzalanan protokol\u00fcn \u00f6nemine de\u011finerek, \u201cBu proje, Manavgat i\u00e7in \u00e7ok de\u011ferli bir ad\u0131m. Otizmli bireylerimizin e\u011fitimine ve geli\u015fimine b\u00fcy\u00fck katk\u0131 sa\u011flayacak olan bu merkez, Manavgat\u2019\u0131 sosyal hizmetler anlam\u0131nda daha da g\u00fc\u00e7lendirecek. Mehmet Karamanc\u0131\u2019n\u0131n deste\u011fiyle il\u00e7emize kazand\u0131raca\u011f\u0131m\u0131z bu merkez, hem otizmli bireylerimize hem de t\u00fcm il\u00e7emize umut olacakt\u0131r. Kendisine ve projede eme\u011fi ge\u00e7en herkese te\u015fekk\u00fcr ederim.\u201d ifadelerini kulland\u0131.<\/p>\n<p>\u200bManavgat Belediyesi ve hay\u0131rsever Mehmet Karamanc\u0131 i\u015f birli\u011fiyle Il\u0131ca Mahallesi&#8217;nde in\u015fa edilecek olan Otizm Merkezi, \u00f6zel bireyler ve aileleri i\u00e7in destek ve rehabilitasyon imkan\u0131 sunacak\u00a0<\/p>\n<p>\u200bHaberin Al\u0131nt\u0131land\u0131\u011f\u0131 Kaynak: www.antalyakorfez.com<\/p>","protected":false},"excerpt":{"rendered":"<p>Manavgat\u2019\u0131n Il\u0131ca Mahallesi&#8217;nde bulunan 805 Ada 1 parsel \u00fczerindeki 2115,54 m\u00b2 y\u00fcz\u00f6l\u00e7\u00fcml\u00fc arsaya in\u015fa edilecek olan merkez, otizmli bireyler i\u00e7in \u00f6nemli bir ya\u015fam alan\u0131 olu\u015fturmay\u0131 hedefliyor. Hay\u0131rsever Mehmet Karamanc\u0131 taraf\u0131ndan yap\u0131lacak olan proje, hem fiziki hem de sosyal anlamda il\u00e7edeki otizmli bireylerin e\u011fitim, rehabilitasyon ve ya\u015fam kalitelerini iyile\u015ftirecek bir merkezin temellerini at\u0131yor. MERKEZ, OT\u0130ZML\u0130 B\u0130REYLER\u0130N YA\u015eAM KAL\u0130TES\u0130N\u0130 ARTTIRACAK Manavgat Belediyesi Otizm Merkezi, idarece haz\u0131rlanacak projesine ve ilgili mevzuatlara uygun olarak ger\u00e7ekle\u015ftirilecek. Projenin tamamlanmas\u0131n\u0131n ard\u0131ndan otizm merkezi, Manavgat Belediyesi\u2019ne teslim edilecek. Otizm Merkezi, il\u00e7edeki otizmli bireylerin ailelerine b\u00fcy\u00fck bir rahatl\u0131k ve destek sunmay\u0131 ama\u00e7l\u0131yor. Aileler, \u00e7ocuklar\u0131n\u0131n geli\u015fim s\u00fcre\u00e7lerinde profesyonel destek alabilecekleri, sosyal hayatlar\u0131na adapte olabilecekleri, \u00e7e\u015fitli terapilerle rehabilite olabilecekleri bir ortamda vakit ge\u00e7irebilecekler. \u201cBU PROJE, \u0130L\u00c7EM\u0130ZE UMUT OLACAK&#8221; Manavgat Belediye Ba\u015fkan\u0131 Dr. Niyazi Nefi Kara, imzalanan protokol\u00fcn \u00f6nemine de\u011finerek, \u201cBu proje, Manavgat i\u00e7in \u00e7ok de\u011ferli bir ad\u0131m. Otizmli bireylerimizin e\u011fitimine ve geli\u015fimine b\u00fcy\u00fck katk\u0131 sa\u011flayacak olan bu merkez, Manavgat\u2019\u0131 sosyal hizmetler anlam\u0131nda daha da g\u00fc\u00e7lendirecek. Mehmet Karamanc\u0131\u2019n\u0131n deste\u011fiyle il\u00e7emize kazand\u0131raca\u011f\u0131m\u0131z bu merkez, hem otizmli bireylerimize hem de t\u00fcm il\u00e7emize umut olacakt\u0131r. Kendisine ve projede eme\u011fi ge\u00e7en herkese te\u015fekk\u00fcr ederim.\u201d ifadelerini kulland\u0131. \u200bManavgat Belediyesi ve hay\u0131rsever Mehmet Karamanc\u0131 i\u015f birli\u011fiyle Il\u0131ca Mahallesi&#8217;nde in\u015fa edilecek olan Otizm Merkezi, \u00f6zel bireyler ve aileleri i\u00e7in &hellip;<\/p>","protected":false},"author":5,"featured_media":0,"comment_status":"open","ping_status":"open","sticky":false,"template":"","format":"standard","meta":{"_acf_changed":false,"footnotes":""},"categories":[24],"tags":[],"class_list":["post-32539","post","type-post","status-publish","format-standard","has-post-thumbnail","hentry","category-gundem"],"acf":[],"yoast_head":"<!-- This site is optimized with the Yoast SEO Premium plugin v26.6 (Yoast SEO v27.1.1) - https:\/\/yoast.com\/product\/yoast-seo-premium-wordpress\/ -->\n<title>Manavgat&#039;a otizmli bireyler i\u00e7in yeni ya\u015fam alan\u0131 - Av. Deniz Can K\u0131z\u0131l<\/title>\n<meta name=\"robots\" content=\"index, follow, max-snippet:-1, max-image-preview:large, max-video-preview:-1\" \/>\n<link rel=\"canonical\" href=\"https:\/\/denizcankizil.tr\/de\/haberler\/gundem\/manavgata-otizmli-bireyler-icin-yeni-yasam-alani\/\" \/>\n<meta property=\"og:locale\" content=\"de_DE\" \/>\n<meta property=\"og:type\" content=\"article\" \/>\n<meta property=\"og:title\" content=\"Manavgat&#039;a otizmli bireyler i\u00e7in yeni ya\u015fam alan\u0131\" \/>\n<meta property=\"og:description\" content=\"Manavgat\u2019\u0131n Il\u0131ca Mahallesi&#8217;nde bulunan 805 Ada 1 parsel \u00fczerindeki 2115,54 m\u00b2 y\u00fcz\u00f6l\u00e7\u00fcml\u00fc arsaya in\u015fa edilecek olan merkez, otizmli bireyler i\u00e7in \u00f6nemli bir ya\u015fam alan\u0131 olu\u015fturmay\u0131 hedefliyor. Hay\u0131rsever Mehmet Karamanc\u0131 taraf\u0131ndan yap\u0131lacak olan proje, hem fiziki hem de sosyal anlamda il\u00e7edeki otizmli bireylerin e\u011fitim, rehabilitasyon ve ya\u015fam kalitelerini iyile\u015ftirecek bir merkezin temellerini at\u0131yor. MERKEZ, OT\u0130ZML\u0130 B\u0130REYLER\u0130N YA\u015eAM KAL\u0130TES\u0130N\u0130 ARTTIRACAK Manavgat Belediyesi Otizm Merkezi, idarece haz\u0131rlanacak projesine ve ilgili mevzuatlara uygun olarak ger\u00e7ekle\u015ftirilecek. Projenin tamamlanmas\u0131n\u0131n ard\u0131ndan otizm merkezi, Manavgat Belediyesi\u2019ne teslim edilecek. Otizm Merkezi, il\u00e7edeki otizmli bireylerin ailelerine b\u00fcy\u00fck bir rahatl\u0131k ve destek sunmay\u0131 ama\u00e7l\u0131yor. Aileler, \u00e7ocuklar\u0131n\u0131n geli\u015fim s\u00fcre\u00e7lerinde profesyonel destek alabilecekleri, sosyal hayatlar\u0131na adapte olabilecekleri, \u00e7e\u015fitli terapilerle rehabilite olabilecekleri bir ortamda vakit ge\u00e7irebilecekler. \u201cBU PROJE, \u0130L\u00c7EM\u0130ZE UMUT OLACAK&#8221; Manavgat Belediye Ba\u015fkan\u0131 Dr. Niyazi Nefi Kara, imzalanan protokol\u00fcn \u00f6nemine de\u011finerek, \u201cBu proje, Manavgat i\u00e7in \u00e7ok de\u011ferli bir ad\u0131m. Otizmli bireylerimizin e\u011fitimine ve geli\u015fimine b\u00fcy\u00fck katk\u0131 sa\u011flayacak olan bu merkez, Manavgat\u2019\u0131 sosyal hizmetler anlam\u0131nda daha da g\u00fc\u00e7lendirecek. Mehmet Karamanc\u0131\u2019n\u0131n deste\u011fiyle il\u00e7emize kazand\u0131raca\u011f\u0131m\u0131z bu merkez, hem otizmli bireylerimize hem de t\u00fcm il\u00e7emize umut olacakt\u0131r. Kendisine ve projede eme\u011fi ge\u00e7en herkese te\u015fekk\u00fcr ederim.\u201d ifadelerini kulland\u0131. \u200bManavgat Belediyesi ve hay\u0131rsever Mehmet Karamanc\u0131 i\u015f birli\u011fiyle Il\u0131ca Mahallesi&#8217;nde in\u015fa edilecek olan Otizm Merkezi, \u00f6zel bireyler ve aileleri i\u00e7in &hellip;\" \/>\n<meta property=\"og:url\" content=\"https:\/\/denizcankizil.tr\/de\/haberler\/gundem\/manavgata-otizmli-bireyler-icin-yeni-yasam-alani\/\" \/>\n<meta property=\"og:site_name\" content=\"Av. Deniz Can K\u0131z\u0131l\" \/>\n<meta property=\"article:published_time\" content=\"2025-02-13T12:41:34+00:00\" \/>\n<meta name=\"author\" content=\"Antalya K\u00f6rfez\" \/>\n<meta name=\"twitter:card\" content=\"summary_large_image\" \/>\n<meta name=\"twitter:label1\" content=\"Verfasst von\" \/>\n\t<meta name=\"twitter:data1\" content=\"Antalya K\u00f6rfez\" \/>\n\t<meta name=\"twitter:label2\" content=\"Gesch\u00e4tzte Lesezeit\" \/>\n\t<meta name=\"twitter:data2\" content=\"1\u00a0Minute\" \/>\n<script type=\"application\/ld+json\" class=\"yoast-schema-graph\">{\"@context\":\"https:\/\/schema.org\",\"@graph\":[{\"@type\":\"Article\",\"@id\":\"https:\/\/denizcankizil.tr\/ru\/haberler\/gundem\/manavgata-otizmli-bireyler-icin-yeni-yasam-alani\/#article\",\"isPartOf\":{\"@id\":\"https:\/\/denizcankizil.tr\/ru\/haberler\/gundem\/manavgata-otizmli-bireyler-icin-yeni-yasam-alani\/\"},\"author\":{\"name\":\"Antalya K\u00f6rfez\",\"@id\":\"https:\/\/denizcankizil.tr\/de\/#\/schema\/person\/e1eb71bb4dd684d46563f0af307e1234\"},\"headline\":\"Manavgat&#8217;a otizmli bireyler i\u00e7in yeni ya\u015fam alan\u0131\",\"datePublished\":\"2025-02-13T12:41:34+00:00\",\"mainEntityOfPage\":{\"@id\":\"https:\/\/denizcankizil.tr\/ru\/haberler\/gundem\/manavgata-otizmli-bireyler-icin-yeni-yasam-alani\/\"},\"wordCount\":300,\"commentCount\":0,\"publisher\":{\"@id\":\"https:\/\/denizcankizil.tr\/de\/#organization\"},\"articleSection\":[\"G\u00fcndem\"],\"inLanguage\":\"de\",\"potentialAction\":[{\"@type\":\"CommentAction\",\"name\":\"Comment\",\"target\":[\"https:\/\/denizcankizil.tr\/ru\/haberler\/gundem\/manavgata-otizmli-bireyler-icin-yeni-yasam-alani\/#respond\"]}]},{\"@type\":\"WebPage\",\"@id\":\"https:\/\/denizcankizil.tr\/ru\/haberler\/gundem\/manavgata-otizmli-bireyler-icin-yeni-yasam-alani\/\",\"url\":\"https:\/\/denizcankizil.tr\/ru\/haberler\/gundem\/manavgata-otizmli-bireyler-icin-yeni-yasam-alani\/\",\"name\":\"Manavgat'a otizmli bireyler i\u00e7in yeni ya\u015fam alan\u0131 - Av. Deniz Can K\u0131z\u0131l\",\"isPartOf\":{\"@id\":\"https:\/\/denizcankizil.tr\/de\/#website\"},\"datePublished\":\"2025-02-13T12:41:34+00:00\",\"breadcrumb\":{\"@id\":\"https:\/\/denizcankizil.tr\/ru\/haberler\/gundem\/manavgata-otizmli-bireyler-icin-yeni-yasam-alani\/#breadcrumb\"},\"inLanguage\":\"de\",\"potentialAction\":[{\"@type\":\"ReadAction\",\"target\":[\"https:\/\/denizcankizil.tr\/ru\/haberler\/gundem\/manavgata-otizmli-bireyler-icin-yeni-yasam-alani\/\"]}]},{\"@type\":\"BreadcrumbList\",\"@id\":\"https:\/\/denizcankizil.tr\/ru\/haberler\/gundem\/manavgata-otizmli-bireyler-icin-yeni-yasam-alani\/#breadcrumb\",\"itemListElement\":[{\"@type\":\"ListItem\",\"position\":1,\"name\":\"Home\",\"item\":\"https:\/\/denizcankizil.tr\/de\/\"},{\"@type\":\"ListItem\",\"position\":2,\"name\":\"Manavgat&#8217;a otizmli bireyler i\u00e7in yeni ya\u015fam alan\u0131\"}]},{\"@type\":\"WebSite\",\"@id\":\"https:\/\/denizcankizil.tr\/de\/#website\",\"url\":\"https:\/\/denizcankizil.tr\/de\/\",\"name\":\"Av. Deniz Can K\u0131z\u0131l\",\"description\":\"Avukat Deniz Can K\u0131z\u0131l Antalya Barosu\",\"publisher\":{\"@id\":\"https:\/\/denizcankizil.tr\/de\/#organization\"},\"potentialAction\":[{\"@type\":\"SearchAction\",\"target\":{\"@type\":\"EntryPoint\",\"urlTemplate\":\"https:\/\/denizcankizil.tr\/de\/?s={search_term_string}\"},\"query-input\":{\"@type\":\"PropertyValueSpecification\",\"valueRequired\":true,\"valueName\":\"search_term_string\"}}],\"inLanguage\":\"de\"},{\"@type\":\"Organization\",\"@id\":\"https:\/\/denizcankizil.tr\/de\/#organization\",\"name\":\"Av. Deniz Can K\u0131z\u0131l\",\"url\":\"https:\/\/denizcankizil.tr\/de\/\",\"logo\":{\"@type\":\"ImageObject\",\"inLanguage\":\"de\",\"@id\":\"https:\/\/denizcankizil.tr\/de\/#\/schema\/logo\/image\/\",\"url\":\"https:\/\/denizcankizil.tr\/wp-content\/uploads\/2024\/10\/siyah-logo-svg.svg\",\"contentUrl\":\"https:\/\/denizcankizil.tr\/wp-content\/uploads\/2024\/10\/siyah-logo-svg.svg\",\"width\":1080,\"height\":1080,\"caption\":\"Av. Deniz Can K\u0131z\u0131l\"},\"image\":{\"@id\":\"https:\/\/denizcankizil.tr\/de\/#\/schema\/logo\/image\/\"}},{\"@type\":\"Person\",\"@id\":\"https:\/\/denizcankizil.tr\/de\/#\/schema\/person\/e1eb71bb4dd684d46563f0af307e1234\",\"name\":\"Antalya K\u00f6rfez\",\"image\":{\"@type\":\"ImageObject\",\"inLanguage\":\"de\",\"@id\":\"https:\/\/denizcankizil.tr\/de\/#\/schema\/person\/image\/\",\"url\":\"https:\/\/secure.gravatar.com\/avatar\/42b01982558a48a0b501fdcab6a408d3717ea5919095ee2e67b0e521799c5905?s=96&d=mm&r=g\",\"contentUrl\":\"https:\/\/secure.gravatar.com\/avatar\/42b01982558a48a0b501fdcab6a408d3717ea5919095ee2e67b0e521799c5905?s=96&d=mm&r=g\",\"caption\":\"Antalya K\u00f6rfez\"},\"sameAs\":[\"http:\/\/www.antalyakorfez.com\"],\"url\":\"https:\/\/www.antalyakorfez.com\/manavgata-otizmli-bireyler-icin-yeni-yasam-alani\"}]}<\/script>\n<!-- \/ Yoast SEO Premium plugin. -->","yoast_head_json":{"title":"Manavgat'a otizmli bireyler i\u00e7in yeni ya\u015fam alan\u0131 - Av. Deniz Can K\u0131z\u0131l","robots":{"index":"index","follow":"follow","max-snippet":"max-snippet:-1","max-image-preview":"max-image-preview:large","max-video-preview":"max-video-preview:-1"},"canonical":"https:\/\/denizcankizil.tr\/de\/haberler\/gundem\/manavgata-otizmli-bireyler-icin-yeni-yasam-alani\/","og_locale":"de_DE","og_type":"article","og_title":"Manavgat'a otizmli bireyler i\u00e7in yeni ya\u015fam alan\u0131","og_description":"Manavgat\u2019\u0131n Il\u0131ca Mahallesi&#8217;nde bulunan 805 Ada 1 parsel \u00fczerindeki 2115,54 m\u00b2 y\u00fcz\u00f6l\u00e7\u00fcml\u00fc arsaya in\u015fa edilecek olan merkez, otizmli bireyler i\u00e7in \u00f6nemli bir ya\u015fam alan\u0131 olu\u015fturmay\u0131 hedefliyor. Hay\u0131rsever Mehmet Karamanc\u0131 taraf\u0131ndan yap\u0131lacak olan proje, hem fiziki hem de sosyal anlamda il\u00e7edeki otizmli bireylerin e\u011fitim, rehabilitasyon ve ya\u015fam kalitelerini iyile\u015ftirecek bir merkezin temellerini at\u0131yor. MERKEZ, OT\u0130ZML\u0130 B\u0130REYLER\u0130N YA\u015eAM KAL\u0130TES\u0130N\u0130 ARTTIRACAK Manavgat Belediyesi Otizm Merkezi, idarece haz\u0131rlanacak projesine ve ilgili mevzuatlara uygun olarak ger\u00e7ekle\u015ftirilecek. Projenin tamamlanmas\u0131n\u0131n ard\u0131ndan otizm merkezi, Manavgat Belediyesi\u2019ne teslim edilecek. Otizm Merkezi, il\u00e7edeki otizmli bireylerin ailelerine b\u00fcy\u00fck bir rahatl\u0131k ve destek sunmay\u0131 ama\u00e7l\u0131yor. Aileler, \u00e7ocuklar\u0131n\u0131n geli\u015fim s\u00fcre\u00e7lerinde profesyonel destek alabilecekleri, sosyal hayatlar\u0131na adapte olabilecekleri, \u00e7e\u015fitli terapilerle rehabilite olabilecekleri bir ortamda vakit ge\u00e7irebilecekler. \u201cBU PROJE, \u0130L\u00c7EM\u0130ZE UMUT OLACAK&#8221; Manavgat Belediye Ba\u015fkan\u0131 Dr. Niyazi Nefi Kara, imzalanan protokol\u00fcn \u00f6nemine de\u011finerek, \u201cBu proje, Manavgat i\u00e7in \u00e7ok de\u011ferli bir ad\u0131m. Otizmli bireylerimizin e\u011fitimine ve geli\u015fimine b\u00fcy\u00fck katk\u0131 sa\u011flayacak olan bu merkez, Manavgat\u2019\u0131 sosyal hizmetler anlam\u0131nda daha da g\u00fc\u00e7lendirecek. Mehmet Karamanc\u0131\u2019n\u0131n deste\u011fiyle il\u00e7emize kazand\u0131raca\u011f\u0131m\u0131z bu merkez, hem otizmli bireylerimize hem de t\u00fcm il\u00e7emize umut olacakt\u0131r. Kendisine ve projede eme\u011fi ge\u00e7en herkese te\u015fekk\u00fcr ederim.\u201d ifadelerini kulland\u0131. \u200bManavgat Belediyesi ve hay\u0131rsever Mehmet Karamanc\u0131 i\u015f birli\u011fiyle Il\u0131ca Mahallesi&#8217;nde in\u015fa edilecek olan Otizm Merkezi, \u00f6zel bireyler ve aileleri i\u00e7in &hellip;","og_url":"https:\/\/denizcankizil.tr\/de\/haberler\/gundem\/manavgata-otizmli-bireyler-icin-yeni-yasam-alani\/","og_site_name":"Av. Deniz Can K\u0131z\u0131l","article_published_time":"2025-02-13T12:41:34+00:00","author":"Antalya K\u00f6rfez","twitter_card":"summary_large_image","twitter_misc":{"Verfasst von":"Antalya K\u00f6rfez","Gesch\u00e4tzte Lesezeit":"1\u00a0Minute"},"schema":{"@context":"https:\/\/schema.org","@graph":[{"@type":"Article","@id":"https:\/\/denizcankizil.tr\/ru\/haberler\/gundem\/manavgata-otizmli-bireyler-icin-yeni-yasam-alani\/#article","isPartOf":{"@id":"https:\/\/denizcankizil.tr\/ru\/haberler\/gundem\/manavgata-otizmli-bireyler-icin-yeni-yasam-alani\/"},"author":{"name":"Antalya K\u00f6rfez","@id":"https:\/\/denizcankizil.tr\/de\/#\/schema\/person\/e1eb71bb4dd684d46563f0af307e1234"},"headline":"Manavgat&#8217;a otizmli bireyler i\u00e7in yeni ya\u015fam alan\u0131","datePublished":"2025-02-13T12:41:34+00:00","mainEntityOfPage":{"@id":"https:\/\/denizcankizil.tr\/ru\/haberler\/gundem\/manavgata-otizmli-bireyler-icin-yeni-yasam-alani\/"},"wordCount":300,"commentCount":0,"publisher":{"@id":"https:\/\/denizcankizil.tr\/de\/#organization"},"articleSection":["G\u00fcndem"],"inLanguage":"de","potentialAction":[{"@type":"CommentAction","name":"Comment","target":["https:\/\/denizcankizil.tr\/ru\/haberler\/gundem\/manavgata-otizmli-bireyler-icin-yeni-yasam-alani\/#respond"]}]},{"@type":"WebPage","@id":"https:\/\/denizcankizil.tr\/ru\/haberler\/gundem\/manavgata-otizmli-bireyler-icin-yeni-yasam-alani\/","url":"https:\/\/denizcankizil.tr\/ru\/haberler\/gundem\/manavgata-otizmli-bireyler-icin-yeni-yasam-alani\/","name":"Manavgat'a otizmli bireyler i\u00e7in yeni ya\u015fam alan\u0131 - Av. Deniz Can K\u0131z\u0131l","isPartOf":{"@id":"https:\/\/denizcankizil.tr\/de\/#website"},"datePublished":"2025-02-13T12:41:34+00:00","breadcrumb":{"@id":"https:\/\/denizcankizil.tr\/ru\/haberler\/gundem\/manavgata-otizmli-bireyler-icin-yeni-yasam-alani\/#breadcrumb"},"inLanguage":"de","potentialAction":[{"@type":"ReadAction","target":["https:\/\/denizcankizil.tr\/ru\/haberler\/gundem\/manavgata-otizmli-bireyler-icin-yeni-yasam-alani\/"]}]},{"@type":"BreadcrumbList","@id":"https:\/\/denizcankizil.tr\/ru\/haberler\/gundem\/manavgata-otizmli-bireyler-icin-yeni-yasam-alani\/#breadcrumb","itemListElement":[{"@type":"ListItem","position":1,"name":"Home","item":"https:\/\/denizcankizil.tr\/de\/"},{"@type":"ListItem","position":2,"name":"Manavgat&#8217;a otizmli bireyler i\u00e7in yeni ya\u015fam alan\u0131"}]},{"@type":"WebSite","@id":"https:\/\/denizcankizil.tr\/de\/#website","url":"https:\/\/denizcankizil.tr\/de\/","name":"Av. Deniz Can K\u0131z\u0131l","description":"Avukat Deniz Can K\u0131z\u0131l Antalya Barosu","publisher":{"@id":"https:\/\/denizcankizil.tr\/de\/#organization"},"potentialAction":[{"@type":"SearchAction","target":{"@type":"EntryPoint","urlTemplate":"https:\/\/denizcankizil.tr\/de\/?s={search_term_string}"},"query-input":{"@type":"PropertyValueSpecification","valueRequired":true,"valueName":"search_term_string"}}],"inLanguage":"de"},{"@type":"Organization","@id":"https:\/\/denizcankizil.tr\/de\/#organization","name":"Av. Deniz Can K\u0131z\u0131l","url":"https:\/\/denizcankizil.tr\/de\/","logo":{"@type":"ImageObject","inLanguage":"de","@id":"https:\/\/denizcankizil.tr\/de\/#\/schema\/logo\/image\/","url":"https:\/\/denizcankizil.tr\/wp-content\/uploads\/2024\/10\/siyah-logo-svg.svg","contentUrl":"https:\/\/denizcankizil.tr\/wp-content\/uploads\/2024\/10\/siyah-logo-svg.svg","width":1080,"height":1080,"caption":"Av. Deniz Can K\u0131z\u0131l"},"image":{"@id":"https:\/\/denizcankizil.tr\/de\/#\/schema\/logo\/image\/"}},{"@type":"Person","@id":"https:\/\/denizcankizil.tr\/de\/#\/schema\/person\/e1eb71bb4dd684d46563f0af307e1234","name":"Antalya K\u00f6rfez","image":{"@type":"ImageObject","inLanguage":"de","@id":"https:\/\/denizcankizil.tr\/de\/#\/schema\/person\/image\/","url":"https:\/\/secure.gravatar.com\/avatar\/42b01982558a48a0b501fdcab6a408d3717ea5919095ee2e67b0e521799c5905?s=96&d=mm&r=g","contentUrl":"https:\/\/secure.gravatar.com\/avatar\/42b01982558a48a0b501fdcab6a408d3717ea5919095ee2e67b0e521799c5905?s=96&d=mm&r=g","caption":"Antalya K\u00f6rfez"},"sameAs":["http:\/\/www.antalyakorfez.com"],"url":"https:\/\/www.antalyakorfez.com\/manavgata-otizmli-bireyler-icin-yeni-yasam-alani"}]}},"_links":{"self":[{"href":"https:\/\/denizcankizil.tr\/de\/wp-json\/wp\/v2\/posts\/32539","targetHints":{"allow":["GET"]}}],"collection":[{"href":"https:\/\/denizcankizil.tr\/de\/wp-json\/wp\/v2\/posts"}],"about":[{"href":"https:\/\/denizcankizil.tr\/de\/wp-json\/wp\/v2\/types\/post"}],"author":[{"embeddable":true,"href":"https:\/\/denizcankizil.tr\/de\/wp-json\/wp\/v2\/users\/5"}],"replies":[{"embeddable":true,"href":"https:\/\/denizcankizil.tr\/de\/wp-json\/wp\/v2\/comments?post=32539"}],"version-history":[{"count":0,"href":"https:\/\/denizcankizil.tr\/de\/wp-json\/wp\/v2\/posts\/32539\/revisions"}],"wp:attachment":[{"href":"https:\/\/denizcankizil.tr\/de\/wp-json\/wp\/v2\/media?parent=32539"}],"wp:term":[{"taxonomy":"category","embeddable":true,"href":"https:\/\/denizcankizil.tr\/de\/wp-json\/wp\/v2\/categories?post=32539"},{"taxonomy":"post_tag","embeddable":true,"href":"https:\/\/denizcankizil.tr\/de\/wp-json\/wp\/v2\/tags?post=32539"}],"curies":[{"name":"wp","href":"https:\/\/api.w.org\/{rel}","templated":true}]}}