{"id":32458,"date":"2025-02-13T10:41:48","date_gmt":"2025-02-13T07:41:48","guid":{"rendered":"https:\/\/denizcankizil.tr\/uncategorized-tr\/edirne-kesanda-aranan-sahislar-yakalanarak-cezaevine-gonderildi\/"},"modified":"2025-02-13T10:41:48","modified_gmt":"2025-02-13T07:41:48","slug":"edirne-kesanda-aranan-sahislar-yakalanarak-cezaevine-gonderildi","status":"publish","type":"post","link":"https:\/\/denizcankizil.tr\/de\/haberler\/gundem\/edirne-kesanda-aranan-sahislar-yakalanarak-cezaevine-gonderildi\/","title":{"rendered":"Edirne Ke\u015fan&#8217;da aranan \u015fah\u0131slar yakalanarak cezaevine g\u00f6nderildi"},"content":{"rendered":"<p>Edirne&#8217;de Ke\u015fan \u0130l\u00e7e Emniyet M\u00fcd\u00fcrl\u00fc\u011f\u00fc ekipleri, aranan \u015fah\u0131slara y\u00f6nelik farkl\u0131 zamanlarda ger\u00e7ekle\u015ftirdi\u011fi operasyonlarda 4 ki\u015fiyi yakalayarak Edirne Cezaevi\u2019ne teslim etti.ED\u0130RNE (\u0130GFA) &#8211; Edirne&#8217;nin Ke\u015fan il\u00e7esinde iki g\u00fcn boyunca farkl\u0131 zamanlarda yap\u0131lan aranan \u015fah\u0131slara y\u00f6nelik denetim ve kontrollerde 4 ki\u015fi yakalanarak adli makamlara sevk edildi.<br \/>\nKe\u015fan&#8217;da Mustafa Kemal Pa\u015fa Mahallesi 700 Evler TOK\u0130 civar\u0131nda yap\u0131lan kontrollerde, h\u00fck\u00fcml\u00fc veya tutuklunun ka\u00e7mas\u0131, binan\u0131n eklentileri i\u00e7inde muhafaza alt\u0131na al\u0131nm\u0131\u015f e\u015fya hakk\u0131nda h\u0131rs\u0131zl\u0131k (5 Y\u0131l Hapis), bina i\u00e7inde muhafaza alt\u0131na al\u0131nm\u0131\u015f e\u015fya hakk\u0131nda h\u0131rs\u0131zl\u0131k (3 Y\u0131l 10 Ay Hapis)\u00a0 su\u00e7lar\u0131ndan aranan \u015e.\u00c7.&#8217;nin \u0130stanbul Anadolu Mahkemesi ve Ke\u015fan \u0130lamat ve \u0130nfaz B\u00fcrosunca arand\u0131\u011f\u0131 tespit edildi.<br \/>\nYine Mustafa Kemal Pa\u015fa Mahallesi Karanl\u0131kdere Sokak\u2019ta yap\u0131lan kontrollerde ise \u00dc.Y. adl\u0131 \u015fahs\u0131n Kad\u0131na Kar\u015f\u0131 Basit Yaralama (6 Ay 15 G\u00fcn Hapis) su\u00e7undan Ke\u015fan \u0130lamat ve \u0130nfaz B\u00fcrosunca arand\u0131\u011f\u0131 belirlendi.<br \/>\nYeni Mescit Mahallesi Kayal\u0131dere Sokak\u2019ta yap\u0131lan kontrollerde, N.Y. adl\u0131 \u015fahs\u0131n Edirne \u0130lamat ve \u0130nfaz B\u00fcrosunca &#8220;Uyu\u015fturucu veya Uyar\u0131c\u0131 Madde Ticareti Yapma veya Sa\u011flama (4 Y\u0131l 2 Ay Hapis)&#8221; su\u00e7undan arand\u0131\u011f\u0131 tespit edilirken,\u00a0cezaevi firarisi oldu\u011fu tespit edilen S.G. ise Yeni Mescit Mahallesi\u2019ndeki sakland\u0131\u011f\u0131 evde yakalad\u0131.<br \/>\nFarkl\u0131 zaman ve tarihlerde yakalanan \u015fah\u0131slar emniyetteki ifdaleri sonras\u0131nda sevk edildikleri adli makamlar taraf\u0131ndan Edirne Cezaevi\u2019ne g\u00f6nderildi.<br \/>\nAranan \u015fah\u0131slara y\u00f6nelik denetimlerin devam edece\u011fi bildirildi<\/p>\n<p>\u200bEdirne&#8217;de Ke\u015fan \u0130l\u00e7e Emniyet M\u00fcd\u00fcrl\u00fc\u011f\u00fc ekipleri, aranan \u015fah\u0131slara y\u00f6nelik farkl\u0131 zamanlarda ger\u00e7ekle\u015ftirdi\u011fi operasyonlarda 4 ki\u015fiyi yakalayarak Edirne Cezaevi\u2019ne teslim etti.ED\u0130RNE (\u0130GFA) &#8211; Edirne&#8217;nin Ke\u015fan il\u00e7esinde iki g\u00fcn boyunca farkl\u0131 zamanlarda yap\u0131lan aranan \u015fah\u0131slara y\u00f6nelik denetim ve kontrollerde 4 ki\u015fi yakalanarak adli makamlara sevk edildi.<br \/>\nKe\u015fan&#8217;da Mustafa Kemal Pa\u015fa Mahallesi 700 Evler TOK\u0130 civar\u0131nda yap\u0131lan kontrollerde, h\u00fck\u00fcml\u00fc veya tutuklunun ka\u00e7mas\u0131, binan\u0131n eklentileri i\u00e7inde muhafaza alt\u0131na al\u0131nm\u0131\u015f e\u015fya hakk\u0131nda h\u0131rs\u0131zl\u0131k (5 Y\u0131l Hapis), bina i\u00e7inde muhafaza alt\u0131na al\u0131nm\u0131\u015f e\u015fya hakk\u0131nda h\u0131rs\u0131zl\u0131k (3 Y\u0131l 10 Ay Hapis)\u00a0 su\u00e7lar\u0131ndan aranan \u015e.\u00c7.&#8217;nin \u0130stanbul Anadolu Mahkemesi ve Ke\u015fan \u0130lamat ve \u0130nfaz B\u00fcrosunca arand\u0131\u011f\u0131 tespit edildi.<br \/>\nYine Mustafa Kemal Pa\u015fa Mahallesi Karanl\u0131kdere Sokak\u2019ta yap\u0131lan kontrollerde ise \u00dc.Y. adl\u0131 \u015fahs\u0131n Kad\u0131na Kar\u015f\u0131 Basit Yaralama (6 Ay 15 G\u00fcn Hapis) su\u00e7undan Ke\u015fan \u0130lamat ve \u0130nfaz B\u00fcrosunca arand\u0131\u011f\u0131 belirlendi.<br \/>\nYeni Mescit Mahallesi Kayal\u0131dere Sokak\u2019ta yap\u0131lan kontrollerde, N.Y. adl\u0131 \u015fahs\u0131n Edirne \u0130lamat ve \u0130nfaz B\u00fcrosunca &#8220;Uyu\u015fturucu veya Uyar\u0131c\u0131 Madde Ticareti Yapma veya Sa\u011flama (4 Y\u0131l 2 Ay Hapis)&#8221; su\u00e7undan arand\u0131\u011f\u0131 tespit edilirken,\u00a0cezaevi firarisi oldu\u011fu tespit edilen S.G. ise Yeni Mescit Mahallesi\u2019ndeki sakland\u0131\u011f\u0131 evde yakalad\u0131.<br \/>\nFarkl\u0131 zaman ve tarihlerde yakalanan \u015fah\u0131slar emniyetteki ifdaleri sonras\u0131nda sevk edildikleri adli makamlar taraf\u0131ndan Edirne Cezaevi\u2019ne g\u00f6nderildi.<br \/>\nAranan \u015fah\u0131slara y\u00f6nelik denetimlerin devam edece\u011fi bildirildi\u00a0<\/p>\n<p>\u200bHaberin Al\u0131nt\u0131land\u0131\u011f\u0131 Kaynak: www.iskenderun.org<\/p>","protected":false},"excerpt":{"rendered":"<p>Edirne&#8217;de Ke\u015fan \u0130l\u00e7e Emniyet M\u00fcd\u00fcrl\u00fc\u011f\u00fc ekipleri, aranan \u015fah\u0131slara y\u00f6nelik farkl\u0131 zamanlarda ger\u00e7ekle\u015ftirdi\u011fi operasyonlarda 4 ki\u015fiyi yakalayarak Edirne Cezaevi\u2019ne teslim etti.ED\u0130RNE (\u0130GFA) &#8211; Edirne&#8217;nin Ke\u015fan il\u00e7esinde iki g\u00fcn boyunca farkl\u0131 zamanlarda yap\u0131lan aranan \u015fah\u0131slara y\u00f6nelik denetim ve kontrollerde 4 ki\u015fi yakalanarak adli makamlara sevk edildi. Ke\u015fan&#8217;da Mustafa Kemal Pa\u015fa Mahallesi 700 Evler TOK\u0130 civar\u0131nda yap\u0131lan kontrollerde, h\u00fck\u00fcml\u00fc veya tutuklunun ka\u00e7mas\u0131, binan\u0131n eklentileri i\u00e7inde muhafaza alt\u0131na al\u0131nm\u0131\u015f e\u015fya hakk\u0131nda h\u0131rs\u0131zl\u0131k (5 Y\u0131l Hapis), bina i\u00e7inde muhafaza alt\u0131na al\u0131nm\u0131\u015f e\u015fya hakk\u0131nda h\u0131rs\u0131zl\u0131k (3 Y\u0131l 10 Ay Hapis)\u00a0 su\u00e7lar\u0131ndan aranan \u015e.\u00c7.&#8217;nin \u0130stanbul Anadolu Mahkemesi ve Ke\u015fan \u0130lamat ve \u0130nfaz B\u00fcrosunca arand\u0131\u011f\u0131 tespit edildi. Yine Mustafa Kemal Pa\u015fa Mahallesi Karanl\u0131kdere Sokak\u2019ta yap\u0131lan kontrollerde ise \u00dc.Y. adl\u0131 \u015fahs\u0131n Kad\u0131na Kar\u015f\u0131 Basit Yaralama (6 Ay 15 G\u00fcn Hapis) su\u00e7undan Ke\u015fan \u0130lamat ve \u0130nfaz B\u00fcrosunca arand\u0131\u011f\u0131 belirlendi. Yeni Mescit Mahallesi Kayal\u0131dere Sokak\u2019ta yap\u0131lan kontrollerde, N.Y. adl\u0131 \u015fahs\u0131n Edirne \u0130lamat ve \u0130nfaz B\u00fcrosunca &#8220;Uyu\u015fturucu veya Uyar\u0131c\u0131 Madde Ticareti Yapma veya Sa\u011flama (4 Y\u0131l 2 Ay Hapis)&#8221; su\u00e7undan arand\u0131\u011f\u0131 tespit edilirken,\u00a0cezaevi firarisi oldu\u011fu tespit edilen S.G. ise Yeni Mescit Mahallesi\u2019ndeki sakland\u0131\u011f\u0131 evde yakalad\u0131. Farkl\u0131 zaman ve tarihlerde yakalanan \u015fah\u0131slar emniyetteki ifdaleri sonras\u0131nda sevk edildikleri adli makamlar taraf\u0131ndan Edirne Cezaevi\u2019ne g\u00f6nderildi. Aranan \u015fah\u0131slara y\u00f6nelik denetimlerin devam edece\u011fi bildirildi \u200bEdirne&#8217;de Ke\u015fan \u0130l\u00e7e &hellip;<\/p>","protected":false},"author":1,"featured_media":0,"comment_status":"open","ping_status":"open","sticky":false,"template":"","format":"standard","meta":{"_acf_changed":false,"footnotes":""},"categories":[24],"tags":[],"class_list":["post-32458","post","type-post","status-publish","format-standard","has-post-thumbnail","hentry","category-gundem"],"acf":[],"yoast_head":"<!-- This site is optimized with the Yoast SEO Premium plugin v26.6 (Yoast SEO v27.1.1) - https:\/\/yoast.com\/product\/yoast-seo-premium-wordpress\/ -->\n<title>Edirne Ke\u015fan&#039;da aranan \u015fah\u0131slar yakalanarak cezaevine g\u00f6nderildi - Av. Deniz Can K\u0131z\u0131l<\/title>\n<meta name=\"robots\" content=\"index, follow, max-snippet:-1, max-image-preview:large, max-video-preview:-1\" \/>\n<link rel=\"canonical\" href=\"https:\/\/denizcankizil.tr\/de\/haberler\/gundem\/edirne-kesanda-aranan-sahislar-yakalanarak-cezaevine-gonderildi\/\" \/>\n<meta property=\"og:locale\" content=\"de_DE\" \/>\n<meta property=\"og:type\" content=\"article\" \/>\n<meta property=\"og:title\" content=\"Edirne Ke\u015fan&#039;da aranan \u015fah\u0131slar yakalanarak cezaevine g\u00f6nderildi\" \/>\n<meta property=\"og:description\" content=\"Edirne&#8217;de Ke\u015fan \u0130l\u00e7e Emniyet M\u00fcd\u00fcrl\u00fc\u011f\u00fc ekipleri, aranan \u015fah\u0131slara y\u00f6nelik farkl\u0131 zamanlarda ger\u00e7ekle\u015ftirdi\u011fi operasyonlarda 4 ki\u015fiyi yakalayarak Edirne Cezaevi\u2019ne teslim etti.ED\u0130RNE (\u0130GFA) &#8211; Edirne&#8217;nin Ke\u015fan il\u00e7esinde iki g\u00fcn boyunca farkl\u0131 zamanlarda yap\u0131lan aranan \u015fah\u0131slara y\u00f6nelik denetim ve kontrollerde 4 ki\u015fi yakalanarak adli makamlara sevk edildi. Ke\u015fan&#8217;da Mustafa Kemal Pa\u015fa Mahallesi 700 Evler TOK\u0130 civar\u0131nda yap\u0131lan kontrollerde, h\u00fck\u00fcml\u00fc veya tutuklunun ka\u00e7mas\u0131, binan\u0131n eklentileri i\u00e7inde muhafaza alt\u0131na al\u0131nm\u0131\u015f e\u015fya hakk\u0131nda h\u0131rs\u0131zl\u0131k (5 Y\u0131l Hapis), bina i\u00e7inde muhafaza alt\u0131na al\u0131nm\u0131\u015f e\u015fya hakk\u0131nda h\u0131rs\u0131zl\u0131k (3 Y\u0131l 10 Ay Hapis)\u00a0 su\u00e7lar\u0131ndan aranan \u015e.\u00c7.&#8217;nin \u0130stanbul Anadolu Mahkemesi ve Ke\u015fan \u0130lamat ve \u0130nfaz B\u00fcrosunca arand\u0131\u011f\u0131 tespit edildi. Yine Mustafa Kemal Pa\u015fa Mahallesi Karanl\u0131kdere Sokak\u2019ta yap\u0131lan kontrollerde ise \u00dc.Y. adl\u0131 \u015fahs\u0131n Kad\u0131na Kar\u015f\u0131 Basit Yaralama (6 Ay 15 G\u00fcn Hapis) su\u00e7undan Ke\u015fan \u0130lamat ve \u0130nfaz B\u00fcrosunca arand\u0131\u011f\u0131 belirlendi. Yeni Mescit Mahallesi Kayal\u0131dere Sokak\u2019ta yap\u0131lan kontrollerde, N.Y. adl\u0131 \u015fahs\u0131n Edirne \u0130lamat ve \u0130nfaz B\u00fcrosunca &#8220;Uyu\u015fturucu veya Uyar\u0131c\u0131 Madde Ticareti Yapma veya Sa\u011flama (4 Y\u0131l 2 Ay Hapis)&#8221; su\u00e7undan arand\u0131\u011f\u0131 tespit edilirken,\u00a0cezaevi firarisi oldu\u011fu tespit edilen S.G. ise Yeni Mescit Mahallesi\u2019ndeki sakland\u0131\u011f\u0131 evde yakalad\u0131. Farkl\u0131 zaman ve tarihlerde yakalanan \u015fah\u0131slar emniyetteki ifdaleri sonras\u0131nda sevk edildikleri adli makamlar taraf\u0131ndan Edirne Cezaevi\u2019ne g\u00f6nderildi. Aranan \u015fah\u0131slara y\u00f6nelik denetimlerin devam edece\u011fi bildirildi \u200bEdirne&#8217;de Ke\u015fan \u0130l\u00e7e &hellip;\" \/>\n<meta property=\"og:url\" content=\"https:\/\/denizcankizil.tr\/de\/haberler\/gundem\/edirne-kesanda-aranan-sahislar-yakalanarak-cezaevine-gonderildi\/\" \/>\n<meta property=\"og:site_name\" content=\"Av. Deniz Can K\u0131z\u0131l\" \/>\n<meta property=\"article:published_time\" content=\"2025-02-13T07:41:48+00:00\" \/>\n<meta name=\"author\" content=\"admin\" \/>\n<meta name=\"twitter:card\" content=\"summary_large_image\" \/>\n<meta name=\"twitter:label1\" content=\"Verfasst von\" \/>\n\t<meta name=\"twitter:data1\" content=\"admin\" \/>\n\t<meta name=\"twitter:label2\" content=\"Gesch\u00e4tzte Lesezeit\" \/>\n\t<meta name=\"twitter:data2\" content=\"3\u00a0Minuten\" \/>\n<script type=\"application\/ld+json\" class=\"yoast-schema-graph\">{\"@context\":\"https:\/\/schema.org\",\"@graph\":[{\"@type\":\"Article\",\"@id\":\"https:\/\/denizcankizil.tr\/de\/haberler\/gundem\/edirne-kesanda-aranan-sahislar-yakalanarak-cezaevine-gonderildi\/#article\",\"isPartOf\":{\"@id\":\"https:\/\/denizcankizil.tr\/de\/haberler\/gundem\/edirne-kesanda-aranan-sahislar-yakalanarak-cezaevine-gonderildi\/\"},\"author\":{\"name\":\"admin\",\"@id\":\"https:\/\/denizcankizil.tr\/de\/#\/schema\/person\/be3c05fe6a12686905512445d8185489\"},\"headline\":\"Edirne Ke\u015fan&#8217;da aranan \u015fah\u0131slar yakalanarak cezaevine g\u00f6nderildi\",\"datePublished\":\"2025-02-13T07:41:48+00:00\",\"mainEntityOfPage\":{\"@id\":\"https:\/\/denizcankizil.tr\/de\/haberler\/gundem\/edirne-kesanda-aranan-sahislar-yakalanarak-cezaevine-gonderildi\/\"},\"wordCount\":565,\"commentCount\":0,\"publisher\":{\"@id\":\"https:\/\/denizcankizil.tr\/de\/#organization\"},\"articleSection\":[\"G\u00fcndem\"],\"inLanguage\":\"de\",\"potentialAction\":[{\"@type\":\"CommentAction\",\"name\":\"Comment\",\"target\":[\"https:\/\/denizcankizil.tr\/de\/haberler\/gundem\/edirne-kesanda-aranan-sahislar-yakalanarak-cezaevine-gonderildi\/#respond\"]}]},{\"@type\":\"WebPage\",\"@id\":\"https:\/\/denizcankizil.tr\/de\/haberler\/gundem\/edirne-kesanda-aranan-sahislar-yakalanarak-cezaevine-gonderildi\/\",\"url\":\"https:\/\/denizcankizil.tr\/de\/haberler\/gundem\/edirne-kesanda-aranan-sahislar-yakalanarak-cezaevine-gonderildi\/\",\"name\":\"Edirne Ke\u015fan'da aranan \u015fah\u0131slar yakalanarak cezaevine g\u00f6nderildi - Av. Deniz Can K\u0131z\u0131l\",\"isPartOf\":{\"@id\":\"https:\/\/denizcankizil.tr\/de\/#website\"},\"datePublished\":\"2025-02-13T07:41:48+00:00\",\"breadcrumb\":{\"@id\":\"https:\/\/denizcankizil.tr\/de\/haberler\/gundem\/edirne-kesanda-aranan-sahislar-yakalanarak-cezaevine-gonderildi\/#breadcrumb\"},\"inLanguage\":\"de\",\"potentialAction\":[{\"@type\":\"ReadAction\",\"target\":[\"https:\/\/denizcankizil.tr\/de\/haberler\/gundem\/edirne-kesanda-aranan-sahislar-yakalanarak-cezaevine-gonderildi\/\"]}]},{\"@type\":\"BreadcrumbList\",\"@id\":\"https:\/\/denizcankizil.tr\/de\/haberler\/gundem\/edirne-kesanda-aranan-sahislar-yakalanarak-cezaevine-gonderildi\/#breadcrumb\",\"itemListElement\":[{\"@type\":\"ListItem\",\"position\":1,\"name\":\"Home\",\"item\":\"https:\/\/denizcankizil.tr\/de\/\"},{\"@type\":\"ListItem\",\"position\":2,\"name\":\"Edirne Ke\u015fan&#8217;da aranan \u015fah\u0131slar yakalanarak cezaevine g\u00f6nderildi\"}]},{\"@type\":\"WebSite\",\"@id\":\"https:\/\/denizcankizil.tr\/de\/#website\",\"url\":\"https:\/\/denizcankizil.tr\/de\/\",\"name\":\"Av. Deniz Can K\u0131z\u0131l\",\"description\":\"Avukat Deniz Can K\u0131z\u0131l Antalya Barosu\",\"publisher\":{\"@id\":\"https:\/\/denizcankizil.tr\/de\/#organization\"},\"potentialAction\":[{\"@type\":\"SearchAction\",\"target\":{\"@type\":\"EntryPoint\",\"urlTemplate\":\"https:\/\/denizcankizil.tr\/de\/?s={search_term_string}\"},\"query-input\":{\"@type\":\"PropertyValueSpecification\",\"valueRequired\":true,\"valueName\":\"search_term_string\"}}],\"inLanguage\":\"de\"},{\"@type\":\"Organization\",\"@id\":\"https:\/\/denizcankizil.tr\/de\/#organization\",\"name\":\"Av. Deniz Can K\u0131z\u0131l\",\"url\":\"https:\/\/denizcankizil.tr\/de\/\",\"logo\":{\"@type\":\"ImageObject\",\"inLanguage\":\"de\",\"@id\":\"https:\/\/denizcankizil.tr\/de\/#\/schema\/logo\/image\/\",\"url\":\"https:\/\/denizcankizil.tr\/wp-content\/uploads\/2024\/10\/siyah-logo-svg.svg\",\"contentUrl\":\"https:\/\/denizcankizil.tr\/wp-content\/uploads\/2024\/10\/siyah-logo-svg.svg\",\"width\":1080,\"height\":1080,\"caption\":\"Av. Deniz Can K\u0131z\u0131l\"},\"image\":{\"@id\":\"https:\/\/denizcankizil.tr\/de\/#\/schema\/logo\/image\/\"}},{\"@type\":\"Person\",\"@id\":\"https:\/\/denizcankizil.tr\/de\/#\/schema\/person\/be3c05fe6a12686905512445d8185489\",\"name\":\"admin\",\"image\":{\"@type\":\"ImageObject\",\"inLanguage\":\"de\",\"@id\":\"https:\/\/denizcankizil.tr\/de\/#\/schema\/person\/image\/\",\"url\":\"https:\/\/secure.gravatar.com\/avatar\/c1fce94c830dc79107e174f890d7210541c4a63e8e5d816341794a2151c9d58c?s=96&d=mm&r=g\",\"contentUrl\":\"https:\/\/secure.gravatar.com\/avatar\/c1fce94c830dc79107e174f890d7210541c4a63e8e5d816341794a2151c9d58c?s=96&d=mm&r=g\",\"caption\":\"admin\"},\"sameAs\":[\"http:\/\/denizcankizil.tr\"],\"url\":\"https:\/\/www.iskenderun.org\/edirne-kesanda-aranan-sahislar-yakalanarak-cezaevine-gonderildi\"}]}<\/script>\n<!-- \/ Yoast SEO Premium plugin. -->","yoast_head_json":{"title":"Edirne Ke\u015fan'da aranan \u015fah\u0131slar yakalanarak cezaevine g\u00f6nderildi - Av. Deniz Can K\u0131z\u0131l","robots":{"index":"index","follow":"follow","max-snippet":"max-snippet:-1","max-image-preview":"max-image-preview:large","max-video-preview":"max-video-preview:-1"},"canonical":"https:\/\/denizcankizil.tr\/de\/haberler\/gundem\/edirne-kesanda-aranan-sahislar-yakalanarak-cezaevine-gonderildi\/","og_locale":"de_DE","og_type":"article","og_title":"Edirne Ke\u015fan'da aranan \u015fah\u0131slar yakalanarak cezaevine g\u00f6nderildi","og_description":"Edirne&#8217;de Ke\u015fan \u0130l\u00e7e Emniyet M\u00fcd\u00fcrl\u00fc\u011f\u00fc ekipleri, aranan \u015fah\u0131slara y\u00f6nelik farkl\u0131 zamanlarda ger\u00e7ekle\u015ftirdi\u011fi operasyonlarda 4 ki\u015fiyi yakalayarak Edirne Cezaevi\u2019ne teslim etti.ED\u0130RNE (\u0130GFA) &#8211; Edirne&#8217;nin Ke\u015fan il\u00e7esinde iki g\u00fcn boyunca farkl\u0131 zamanlarda yap\u0131lan aranan \u015fah\u0131slara y\u00f6nelik denetim ve kontrollerde 4 ki\u015fi yakalanarak adli makamlara sevk edildi. Ke\u015fan&#8217;da Mustafa Kemal Pa\u015fa Mahallesi 700 Evler TOK\u0130 civar\u0131nda yap\u0131lan kontrollerde, h\u00fck\u00fcml\u00fc veya tutuklunun ka\u00e7mas\u0131, binan\u0131n eklentileri i\u00e7inde muhafaza alt\u0131na al\u0131nm\u0131\u015f e\u015fya hakk\u0131nda h\u0131rs\u0131zl\u0131k (5 Y\u0131l Hapis), bina i\u00e7inde muhafaza alt\u0131na al\u0131nm\u0131\u015f e\u015fya hakk\u0131nda h\u0131rs\u0131zl\u0131k (3 Y\u0131l 10 Ay Hapis)\u00a0 su\u00e7lar\u0131ndan aranan \u015e.\u00c7.&#8217;nin \u0130stanbul Anadolu Mahkemesi ve Ke\u015fan \u0130lamat ve \u0130nfaz B\u00fcrosunca arand\u0131\u011f\u0131 tespit edildi. Yine Mustafa Kemal Pa\u015fa Mahallesi Karanl\u0131kdere Sokak\u2019ta yap\u0131lan kontrollerde ise \u00dc.Y. adl\u0131 \u015fahs\u0131n Kad\u0131na Kar\u015f\u0131 Basit Yaralama (6 Ay 15 G\u00fcn Hapis) su\u00e7undan Ke\u015fan \u0130lamat ve \u0130nfaz B\u00fcrosunca arand\u0131\u011f\u0131 belirlendi. Yeni Mescit Mahallesi Kayal\u0131dere Sokak\u2019ta yap\u0131lan kontrollerde, N.Y. adl\u0131 \u015fahs\u0131n Edirne \u0130lamat ve \u0130nfaz B\u00fcrosunca &#8220;Uyu\u015fturucu veya Uyar\u0131c\u0131 Madde Ticareti Yapma veya Sa\u011flama (4 Y\u0131l 2 Ay Hapis)&#8221; su\u00e7undan arand\u0131\u011f\u0131 tespit edilirken,\u00a0cezaevi firarisi oldu\u011fu tespit edilen S.G. ise Yeni Mescit Mahallesi\u2019ndeki sakland\u0131\u011f\u0131 evde yakalad\u0131. Farkl\u0131 zaman ve tarihlerde yakalanan \u015fah\u0131slar emniyetteki ifdaleri sonras\u0131nda sevk edildikleri adli makamlar taraf\u0131ndan Edirne Cezaevi\u2019ne g\u00f6nderildi. Aranan \u015fah\u0131slara y\u00f6nelik denetimlerin devam edece\u011fi bildirildi \u200bEdirne&#8217;de Ke\u015fan \u0130l\u00e7e &hellip;","og_url":"https:\/\/denizcankizil.tr\/de\/haberler\/gundem\/edirne-kesanda-aranan-sahislar-yakalanarak-cezaevine-gonderildi\/","og_site_name":"Av. Deniz Can K\u0131z\u0131l","article_published_time":"2025-02-13T07:41:48+00:00","author":"admin","twitter_card":"summary_large_image","twitter_misc":{"Verfasst von":"admin","Gesch\u00e4tzte Lesezeit":"3\u00a0Minuten"},"schema":{"@context":"https:\/\/schema.org","@graph":[{"@type":"Article","@id":"https:\/\/denizcankizil.tr\/de\/haberler\/gundem\/edirne-kesanda-aranan-sahislar-yakalanarak-cezaevine-gonderildi\/#article","isPartOf":{"@id":"https:\/\/denizcankizil.tr\/de\/haberler\/gundem\/edirne-kesanda-aranan-sahislar-yakalanarak-cezaevine-gonderildi\/"},"author":{"name":"admin","@id":"https:\/\/denizcankizil.tr\/de\/#\/schema\/person\/be3c05fe6a12686905512445d8185489"},"headline":"Edirne Ke\u015fan&#8217;da aranan \u015fah\u0131slar yakalanarak cezaevine g\u00f6nderildi","datePublished":"2025-02-13T07:41:48+00:00","mainEntityOfPage":{"@id":"https:\/\/denizcankizil.tr\/de\/haberler\/gundem\/edirne-kesanda-aranan-sahislar-yakalanarak-cezaevine-gonderildi\/"},"wordCount":565,"commentCount":0,"publisher":{"@id":"https:\/\/denizcankizil.tr\/de\/#organization"},"articleSection":["G\u00fcndem"],"inLanguage":"de","potentialAction":[{"@type":"CommentAction","name":"Comment","target":["https:\/\/denizcankizil.tr\/de\/haberler\/gundem\/edirne-kesanda-aranan-sahislar-yakalanarak-cezaevine-gonderildi\/#respond"]}]},{"@type":"WebPage","@id":"https:\/\/denizcankizil.tr\/de\/haberler\/gundem\/edirne-kesanda-aranan-sahislar-yakalanarak-cezaevine-gonderildi\/","url":"https:\/\/denizcankizil.tr\/de\/haberler\/gundem\/edirne-kesanda-aranan-sahislar-yakalanarak-cezaevine-gonderildi\/","name":"Edirne Ke\u015fan'da aranan \u015fah\u0131slar yakalanarak cezaevine g\u00f6nderildi - Av. Deniz Can K\u0131z\u0131l","isPartOf":{"@id":"https:\/\/denizcankizil.tr\/de\/#website"},"datePublished":"2025-02-13T07:41:48+00:00","breadcrumb":{"@id":"https:\/\/denizcankizil.tr\/de\/haberler\/gundem\/edirne-kesanda-aranan-sahislar-yakalanarak-cezaevine-gonderildi\/#breadcrumb"},"inLanguage":"de","potentialAction":[{"@type":"ReadAction","target":["https:\/\/denizcankizil.tr\/de\/haberler\/gundem\/edirne-kesanda-aranan-sahislar-yakalanarak-cezaevine-gonderildi\/"]}]},{"@type":"BreadcrumbList","@id":"https:\/\/denizcankizil.tr\/de\/haberler\/gundem\/edirne-kesanda-aranan-sahislar-yakalanarak-cezaevine-gonderildi\/#breadcrumb","itemListElement":[{"@type":"ListItem","position":1,"name":"Home","item":"https:\/\/denizcankizil.tr\/de\/"},{"@type":"ListItem","position":2,"name":"Edirne Ke\u015fan&#8217;da aranan \u015fah\u0131slar yakalanarak cezaevine g\u00f6nderildi"}]},{"@type":"WebSite","@id":"https:\/\/denizcankizil.tr\/de\/#website","url":"https:\/\/denizcankizil.tr\/de\/","name":"Av. Deniz Can K\u0131z\u0131l","description":"Avukat Deniz Can K\u0131z\u0131l Antalya Barosu","publisher":{"@id":"https:\/\/denizcankizil.tr\/de\/#organization"},"potentialAction":[{"@type":"SearchAction","target":{"@type":"EntryPoint","urlTemplate":"https:\/\/denizcankizil.tr\/de\/?s={search_term_string}"},"query-input":{"@type":"PropertyValueSpecification","valueRequired":true,"valueName":"search_term_string"}}],"inLanguage":"de"},{"@type":"Organization","@id":"https:\/\/denizcankizil.tr\/de\/#organization","name":"Av. Deniz Can K\u0131z\u0131l","url":"https:\/\/denizcankizil.tr\/de\/","logo":{"@type":"ImageObject","inLanguage":"de","@id":"https:\/\/denizcankizil.tr\/de\/#\/schema\/logo\/image\/","url":"https:\/\/denizcankizil.tr\/wp-content\/uploads\/2024\/10\/siyah-logo-svg.svg","contentUrl":"https:\/\/denizcankizil.tr\/wp-content\/uploads\/2024\/10\/siyah-logo-svg.svg","width":1080,"height":1080,"caption":"Av. Deniz Can K\u0131z\u0131l"},"image":{"@id":"https:\/\/denizcankizil.tr\/de\/#\/schema\/logo\/image\/"}},{"@type":"Person","@id":"https:\/\/denizcankizil.tr\/de\/#\/schema\/person\/be3c05fe6a12686905512445d8185489","name":"Administrator","image":{"@type":"ImageObject","inLanguage":"de","@id":"https:\/\/denizcankizil.tr\/de\/#\/schema\/person\/image\/","url":"https:\/\/secure.gravatar.com\/avatar\/c1fce94c830dc79107e174f890d7210541c4a63e8e5d816341794a2151c9d58c?s=96&d=mm&r=g","contentUrl":"https:\/\/secure.gravatar.com\/avatar\/c1fce94c830dc79107e174f890d7210541c4a63e8e5d816341794a2151c9d58c?s=96&d=mm&r=g","caption":"admin"},"sameAs":["http:\/\/denizcankizil.tr"],"url":"https:\/\/www.iskenderun.org\/edirne-kesanda-aranan-sahislar-yakalanarak-cezaevine-gonderildi"}]}},"_links":{"self":[{"href":"https:\/\/denizcankizil.tr\/de\/wp-json\/wp\/v2\/posts\/32458","targetHints":{"allow":["GET"]}}],"collection":[{"href":"https:\/\/denizcankizil.tr\/de\/wp-json\/wp\/v2\/posts"}],"about":[{"href":"https:\/\/denizcankizil.tr\/de\/wp-json\/wp\/v2\/types\/post"}],"author":[{"embeddable":true,"href":"https:\/\/denizcankizil.tr\/de\/wp-json\/wp\/v2\/users\/1"}],"replies":[{"embeddable":true,"href":"https:\/\/denizcankizil.tr\/de\/wp-json\/wp\/v2\/comments?post=32458"}],"version-history":[{"count":0,"href":"https:\/\/denizcankizil.tr\/de\/wp-json\/wp\/v2\/posts\/32458\/revisions"}],"wp:attachment":[{"href":"https:\/\/denizcankizil.tr\/de\/wp-json\/wp\/v2\/media?parent=32458"}],"wp:term":[{"taxonomy":"category","embeddable":true,"href":"https:\/\/denizcankizil.tr\/de\/wp-json\/wp\/v2\/categories?post=32458"},{"taxonomy":"post_tag","embeddable":true,"href":"https:\/\/denizcankizil.tr\/de\/wp-json\/wp\/v2\/tags?post=32458"}],"curies":[{"name":"wp","href":"https:\/\/api.w.org\/{rel}","templated":true}]}}