{"id":32434,"date":"2025-02-13T09:41:25","date_gmt":"2025-02-13T06:41:25","guid":{"rendered":"https:\/\/denizcankizil.tr\/uncategorized-tr\/alacabelde-kar-kalinligi-15-santimetreye-ulasti\/"},"modified":"2025-02-13T09:41:25","modified_gmt":"2025-02-13T06:41:25","slug":"alacabelde-kar-kalinligi-15-santimetreye-ulasti","status":"publish","type":"post","link":"https:\/\/denizcankizil.tr\/de\/haberler\/gundem\/alacabelde-kar-kalinligi-15-santimetreye-ulasti\/","title":{"rendered":"Alacabel&#8217;de kar kal\u0131nl\u0131\u011f\u0131 15 santimetreye ula\u015ft\u0131"},"content":{"rendered":"<p>Antalya&#8217;y\u0131 Konya&#8217;ya ba\u011flayan bin 825 rak\u0131ml\u0131 Alacabel mevkisinde kar kal\u0131nl\u0131\u011f\u0131 15 santimetreye ula\u015ft\u0131. B\u00f6lgede karla m\u00fccadele ekipleri \u00e7ok say\u0131da i\u015f makinesiyle \u00e7al\u0131\u015fma ba\u015flatt\u0131.\u00a0<\/p>\n<p>ALACABEL MEVK\u0130\u0130NDE YOL A\u00c7IK\u00a0<\/p>\n<p>Antalya&#8217;y\u0131 Konya&#8217;ya ba\u011flayan Akseki-Seydi\u015fehir kara yolunda d\u00fcn ak\u015fam saat 22.00 s\u0131ralar\u0131nda kar ya\u011f\u0131\u015f\u0131 ba\u015flad\u0131. Hava s\u0131cakl\u0131\u011f\u0131n\u0131n eksi 5 dereceye kadar d\u00fc\u015ft\u00fc\u011f\u00fc bin 825 rak\u0131ml\u0131 Alacabel&#8217;de kar ya\u011f\u0131\u015f\u0131 ile birlikte tipi de etkili oldu, kar kal\u0131nl\u0131\u011f\u0131 15 santimetreye ula\u015ft\u0131. B\u00f6lgede ya\u011f\u0131\u015fla birlikte karla m\u00fccadele ekipleri \u00e7ok say\u0131da i\u015f makinesi ile kar temizleme ve tuzlama \u00e7al\u0131\u015fmalar\u0131 ba\u015flatt\u0131. B\u00f6lgede kar kal\u0131nl\u0131\u011f\u0131 yer yer 10-15 santimetreye ula\u015f\u0131rken, s\u00fcr\u00fcc\u00fclerden yanlar\u0131nda zincir bulundurmalar\u0131 istendi. Kar ya\u011f\u0131\u015f\u0131 nedeniyle ula\u015f\u0131mda herhangi bir aksama ya\u015fanmazken ekipler yolu ula\u015f\u0131ma a\u00e7\u0131k tutmak i\u00e7in \u00e7al\u0131\u015fmalar\u0131n\u0131 aral\u0131ks\u0131z s\u00fcrd\u00fcr\u00fcyor.\u00a0<\/p>\n<p>\u00a0 \u00a0 \u00a0 \u00a0 \u00a0 \u00a0 \u00a0 \u00a0 \u00a0 \u00a0 \u00a0 \u00a0 \u00a0 \u00a0 \u00a0<\/p>\n<p>\u200bAntalya&#8217;n\u0131n Konya&#8217;ya ba\u011flayan Alacabel mevkiinde ak\u015fam saatlerinden bu yana kar ya\u011f\u0131\u015f\u0131 etkili oldu. Kar kal\u0131nl\u0131\u011f\u0131n\u0131n 15 santimetreye ula\u015ft\u0131\u011f\u0131 Alacabel&#8217;de ekipler yolu a\u00e7\u0131k tutmak i\u00e7in \u00e7al\u0131\u015fmalar\u0131na devam ediyor.\u00a0<\/p>\n<p>\u200bHaberin Al\u0131nt\u0131land\u0131\u011f\u0131 Kaynak: www.antalyakorfez.com<\/p>","protected":false},"excerpt":{"rendered":"<p>Antalya&#8217;y\u0131 Konya&#8217;ya ba\u011flayan bin 825 rak\u0131ml\u0131 Alacabel mevkisinde kar kal\u0131nl\u0131\u011f\u0131 15 santimetreye ula\u015ft\u0131. B\u00f6lgede karla m\u00fccadele ekipleri \u00e7ok say\u0131da i\u015f makinesiyle \u00e7al\u0131\u015fma ba\u015flatt\u0131.\u00a0 ALACABEL MEVK\u0130\u0130NDE YOL A\u00c7IK\u00a0 Antalya&#8217;y\u0131 Konya&#8217;ya ba\u011flayan Akseki-Seydi\u015fehir kara yolunda d\u00fcn ak\u015fam saat 22.00 s\u0131ralar\u0131nda kar ya\u011f\u0131\u015f\u0131 ba\u015flad\u0131. Hava s\u0131cakl\u0131\u011f\u0131n\u0131n eksi 5 dereceye kadar d\u00fc\u015ft\u00fc\u011f\u00fc bin 825 rak\u0131ml\u0131 Alacabel&#8217;de kar ya\u011f\u0131\u015f\u0131 ile birlikte tipi de etkili oldu, kar kal\u0131nl\u0131\u011f\u0131 15 santimetreye ula\u015ft\u0131. B\u00f6lgede ya\u011f\u0131\u015fla birlikte karla m\u00fccadele ekipleri \u00e7ok say\u0131da i\u015f makinesi ile kar temizleme ve tuzlama \u00e7al\u0131\u015fmalar\u0131 ba\u015flatt\u0131. B\u00f6lgede kar kal\u0131nl\u0131\u011f\u0131 yer yer 10-15 santimetreye ula\u015f\u0131rken, s\u00fcr\u00fcc\u00fclerden yanlar\u0131nda zincir bulundurmalar\u0131 istendi. Kar ya\u011f\u0131\u015f\u0131 nedeniyle ula\u015f\u0131mda herhangi bir aksama ya\u015fanmazken ekipler yolu ula\u015f\u0131ma a\u00e7\u0131k tutmak i\u00e7in \u00e7al\u0131\u015fmalar\u0131n\u0131 aral\u0131ks\u0131z s\u00fcrd\u00fcr\u00fcyor.\u00a0 \u00a0 \u00a0 \u00a0 \u00a0 \u00a0 \u00a0 \u00a0 \u00a0 \u00a0 \u00a0 \u00a0 \u00a0 \u00a0 \u00a0 \u00a0 \u200bAntalya&#8217;n\u0131n Konya&#8217;ya ba\u011flayan Alacabel mevkiinde ak\u015fam saatlerinden bu yana kar ya\u011f\u0131\u015f\u0131 etkili oldu. Kar kal\u0131nl\u0131\u011f\u0131n\u0131n 15 santimetreye ula\u015ft\u0131\u011f\u0131 Alacabel&#8217;de ekipler yolu a\u00e7\u0131k tutmak i\u00e7in \u00e7al\u0131\u015fmalar\u0131na devam ediyor.\u00a0 \u200bHaberin Al\u0131nt\u0131land\u0131\u011f\u0131 Kaynak: www.antalyakorfez.com<\/p>","protected":false},"author":5,"featured_media":0,"comment_status":"open","ping_status":"open","sticky":false,"template":"","format":"standard","meta":{"_acf_changed":false,"footnotes":""},"categories":[24],"tags":[],"class_list":["post-32434","post","type-post","status-publish","format-standard","has-post-thumbnail","hentry","category-gundem"],"acf":[],"yoast_head":"<!-- This site is optimized with the Yoast SEO Premium plugin v26.6 (Yoast SEO v27.1.1) - https:\/\/yoast.com\/product\/yoast-seo-premium-wordpress\/ -->\n<title>Alacabel&#039;de kar kal\u0131nl\u0131\u011f\u0131 15 santimetreye ula\u015ft\u0131 - Av. Deniz Can K\u0131z\u0131l<\/title>\n<meta name=\"robots\" content=\"index, follow, max-snippet:-1, max-image-preview:large, max-video-preview:-1\" \/>\n<link rel=\"canonical\" href=\"https:\/\/denizcankizil.tr\/de\/haberler\/gundem\/alacabelde-kar-kalinligi-15-santimetreye-ulasti\/\" \/>\n<meta property=\"og:locale\" content=\"de_DE\" \/>\n<meta property=\"og:type\" content=\"article\" \/>\n<meta property=\"og:title\" content=\"Alacabel&#039;de kar kal\u0131nl\u0131\u011f\u0131 15 santimetreye ula\u015ft\u0131\" \/>\n<meta property=\"og:description\" content=\"Antalya&#8217;y\u0131 Konya&#8217;ya ba\u011flayan bin 825 rak\u0131ml\u0131 Alacabel mevkisinde kar kal\u0131nl\u0131\u011f\u0131 15 santimetreye ula\u015ft\u0131. B\u00f6lgede karla m\u00fccadele ekipleri \u00e7ok say\u0131da i\u015f makinesiyle \u00e7al\u0131\u015fma ba\u015flatt\u0131.\u00a0 ALACABEL MEVK\u0130\u0130NDE YOL A\u00c7IK\u00a0 Antalya&#8217;y\u0131 Konya&#8217;ya ba\u011flayan Akseki-Seydi\u015fehir kara yolunda d\u00fcn ak\u015fam saat 22.00 s\u0131ralar\u0131nda kar ya\u011f\u0131\u015f\u0131 ba\u015flad\u0131. Hava s\u0131cakl\u0131\u011f\u0131n\u0131n eksi 5 dereceye kadar d\u00fc\u015ft\u00fc\u011f\u00fc bin 825 rak\u0131ml\u0131 Alacabel&#8217;de kar ya\u011f\u0131\u015f\u0131 ile birlikte tipi de etkili oldu, kar kal\u0131nl\u0131\u011f\u0131 15 santimetreye ula\u015ft\u0131. B\u00f6lgede ya\u011f\u0131\u015fla birlikte karla m\u00fccadele ekipleri \u00e7ok say\u0131da i\u015f makinesi ile kar temizleme ve tuzlama \u00e7al\u0131\u015fmalar\u0131 ba\u015flatt\u0131. B\u00f6lgede kar kal\u0131nl\u0131\u011f\u0131 yer yer 10-15 santimetreye ula\u015f\u0131rken, s\u00fcr\u00fcc\u00fclerden yanlar\u0131nda zincir bulundurmalar\u0131 istendi. Kar ya\u011f\u0131\u015f\u0131 nedeniyle ula\u015f\u0131mda herhangi bir aksama ya\u015fanmazken ekipler yolu ula\u015f\u0131ma a\u00e7\u0131k tutmak i\u00e7in \u00e7al\u0131\u015fmalar\u0131n\u0131 aral\u0131ks\u0131z s\u00fcrd\u00fcr\u00fcyor.\u00a0 \u00a0 \u00a0 \u00a0 \u00a0 \u00a0 \u00a0 \u00a0 \u00a0 \u00a0 \u00a0 \u00a0 \u00a0 \u00a0 \u00a0 \u00a0 \u200bAntalya&#8217;n\u0131n Konya&#8217;ya ba\u011flayan Alacabel mevkiinde ak\u015fam saatlerinden bu yana kar ya\u011f\u0131\u015f\u0131 etkili oldu. Kar kal\u0131nl\u0131\u011f\u0131n\u0131n 15 santimetreye ula\u015ft\u0131\u011f\u0131 Alacabel&#8217;de ekipler yolu a\u00e7\u0131k tutmak i\u00e7in \u00e7al\u0131\u015fmalar\u0131na devam ediyor.\u00a0 \u200bHaberin Al\u0131nt\u0131land\u0131\u011f\u0131 Kaynak: www.antalyakorfez.com\" \/>\n<meta property=\"og:url\" content=\"https:\/\/denizcankizil.tr\/de\/haberler\/gundem\/alacabelde-kar-kalinligi-15-santimetreye-ulasti\/\" \/>\n<meta property=\"og:site_name\" content=\"Av. Deniz Can K\u0131z\u0131l\" \/>\n<meta property=\"article:published_time\" content=\"2025-02-13T06:41:25+00:00\" \/>\n<meta name=\"author\" content=\"Antalya K\u00f6rfez\" \/>\n<meta name=\"twitter:card\" content=\"summary_large_image\" \/>\n<meta name=\"twitter:label1\" content=\"Verfasst von\" \/>\n\t<meta name=\"twitter:data1\" content=\"Antalya K\u00f6rfez\" \/>\n\t<meta name=\"twitter:label2\" content=\"Gesch\u00e4tzte Lesezeit\" \/>\n\t<meta name=\"twitter:data2\" content=\"1\u00a0Minute\" \/>\n<script type=\"application\/ld+json\" class=\"yoast-schema-graph\">{\"@context\":\"https:\/\/schema.org\",\"@graph\":[{\"@type\":\"Article\",\"@id\":\"https:\/\/denizcankizil.tr\/de\/haberler\/gundem\/alacabelde-kar-kalinligi-15-santimetreye-ulasti\/#article\",\"isPartOf\":{\"@id\":\"https:\/\/denizcankizil.tr\/de\/haberler\/gundem\/alacabelde-kar-kalinligi-15-santimetreye-ulasti\/\"},\"author\":{\"name\":\"Antalya K\u00f6rfez\",\"@id\":\"https:\/\/denizcankizil.tr\/de\/#\/schema\/person\/e1eb71bb4dd684d46563f0af307e1234\"},\"headline\":\"Alacabel&#8217;de kar kal\u0131nl\u0131\u011f\u0131 15 santimetreye ula\u015ft\u0131\",\"datePublished\":\"2025-02-13T06:41:25+00:00\",\"mainEntityOfPage\":{\"@id\":\"https:\/\/denizcankizil.tr\/de\/haberler\/gundem\/alacabelde-kar-kalinligi-15-santimetreye-ulasti\/\"},\"wordCount\":217,\"commentCount\":0,\"publisher\":{\"@id\":\"https:\/\/denizcankizil.tr\/de\/#organization\"},\"articleSection\":[\"G\u00fcndem\"],\"inLanguage\":\"de\",\"potentialAction\":[{\"@type\":\"CommentAction\",\"name\":\"Comment\",\"target\":[\"https:\/\/denizcankizil.tr\/de\/haberler\/gundem\/alacabelde-kar-kalinligi-15-santimetreye-ulasti\/#respond\"]}]},{\"@type\":\"WebPage\",\"@id\":\"https:\/\/denizcankizil.tr\/de\/haberler\/gundem\/alacabelde-kar-kalinligi-15-santimetreye-ulasti\/\",\"url\":\"https:\/\/denizcankizil.tr\/de\/haberler\/gundem\/alacabelde-kar-kalinligi-15-santimetreye-ulasti\/\",\"name\":\"Alacabel'de kar kal\u0131nl\u0131\u011f\u0131 15 santimetreye ula\u015ft\u0131 - Av. Deniz Can K\u0131z\u0131l\",\"isPartOf\":{\"@id\":\"https:\/\/denizcankizil.tr\/de\/#website\"},\"datePublished\":\"2025-02-13T06:41:25+00:00\",\"breadcrumb\":{\"@id\":\"https:\/\/denizcankizil.tr\/de\/haberler\/gundem\/alacabelde-kar-kalinligi-15-santimetreye-ulasti\/#breadcrumb\"},\"inLanguage\":\"de\",\"potentialAction\":[{\"@type\":\"ReadAction\",\"target\":[\"https:\/\/denizcankizil.tr\/de\/haberler\/gundem\/alacabelde-kar-kalinligi-15-santimetreye-ulasti\/\"]}]},{\"@type\":\"BreadcrumbList\",\"@id\":\"https:\/\/denizcankizil.tr\/de\/haberler\/gundem\/alacabelde-kar-kalinligi-15-santimetreye-ulasti\/#breadcrumb\",\"itemListElement\":[{\"@type\":\"ListItem\",\"position\":1,\"name\":\"Home\",\"item\":\"https:\/\/denizcankizil.tr\/de\/\"},{\"@type\":\"ListItem\",\"position\":2,\"name\":\"Alacabel&#8217;de kar kal\u0131nl\u0131\u011f\u0131 15 santimetreye ula\u015ft\u0131\"}]},{\"@type\":\"WebSite\",\"@id\":\"https:\/\/denizcankizil.tr\/de\/#website\",\"url\":\"https:\/\/denizcankizil.tr\/de\/\",\"name\":\"Av. Deniz Can K\u0131z\u0131l\",\"description\":\"Avukat Deniz Can K\u0131z\u0131l Antalya Barosu\",\"publisher\":{\"@id\":\"https:\/\/denizcankizil.tr\/de\/#organization\"},\"potentialAction\":[{\"@type\":\"SearchAction\",\"target\":{\"@type\":\"EntryPoint\",\"urlTemplate\":\"https:\/\/denizcankizil.tr\/de\/?s={search_term_string}\"},\"query-input\":{\"@type\":\"PropertyValueSpecification\",\"valueRequired\":true,\"valueName\":\"search_term_string\"}}],\"inLanguage\":\"de\"},{\"@type\":\"Organization\",\"@id\":\"https:\/\/denizcankizil.tr\/de\/#organization\",\"name\":\"Av. Deniz Can K\u0131z\u0131l\",\"url\":\"https:\/\/denizcankizil.tr\/de\/\",\"logo\":{\"@type\":\"ImageObject\",\"inLanguage\":\"de\",\"@id\":\"https:\/\/denizcankizil.tr\/de\/#\/schema\/logo\/image\/\",\"url\":\"https:\/\/denizcankizil.tr\/wp-content\/uploads\/2024\/10\/siyah-logo-svg.svg\",\"contentUrl\":\"https:\/\/denizcankizil.tr\/wp-content\/uploads\/2024\/10\/siyah-logo-svg.svg\",\"width\":1080,\"height\":1080,\"caption\":\"Av. Deniz Can K\u0131z\u0131l\"},\"image\":{\"@id\":\"https:\/\/denizcankizil.tr\/de\/#\/schema\/logo\/image\/\"}},{\"@type\":\"Person\",\"@id\":\"https:\/\/denizcankizil.tr\/de\/#\/schema\/person\/e1eb71bb4dd684d46563f0af307e1234\",\"name\":\"Antalya K\u00f6rfez\",\"image\":{\"@type\":\"ImageObject\",\"inLanguage\":\"de\",\"@id\":\"https:\/\/denizcankizil.tr\/de\/#\/schema\/person\/image\/\",\"url\":\"https:\/\/secure.gravatar.com\/avatar\/42b01982558a48a0b501fdcab6a408d3717ea5919095ee2e67b0e521799c5905?s=96&d=mm&r=g\",\"contentUrl\":\"https:\/\/secure.gravatar.com\/avatar\/42b01982558a48a0b501fdcab6a408d3717ea5919095ee2e67b0e521799c5905?s=96&d=mm&r=g\",\"caption\":\"Antalya K\u00f6rfez\"},\"sameAs\":[\"http:\/\/www.antalyakorfez.com\"],\"url\":\"https:\/\/www.antalyakorfez.com\/alacabelde-kar-kalinligi-15-santimetreye-ulasti\"}]}<\/script>\n<!-- \/ Yoast SEO Premium plugin. -->","yoast_head_json":{"title":"Alacabel'de kar kal\u0131nl\u0131\u011f\u0131 15 santimetreye ula\u015ft\u0131 - Av. Deniz Can K\u0131z\u0131l","robots":{"index":"index","follow":"follow","max-snippet":"max-snippet:-1","max-image-preview":"max-image-preview:large","max-video-preview":"max-video-preview:-1"},"canonical":"https:\/\/denizcankizil.tr\/de\/haberler\/gundem\/alacabelde-kar-kalinligi-15-santimetreye-ulasti\/","og_locale":"de_DE","og_type":"article","og_title":"Alacabel'de kar kal\u0131nl\u0131\u011f\u0131 15 santimetreye ula\u015ft\u0131","og_description":"Antalya&#8217;y\u0131 Konya&#8217;ya ba\u011flayan bin 825 rak\u0131ml\u0131 Alacabel mevkisinde kar kal\u0131nl\u0131\u011f\u0131 15 santimetreye ula\u015ft\u0131. B\u00f6lgede karla m\u00fccadele ekipleri \u00e7ok say\u0131da i\u015f makinesiyle \u00e7al\u0131\u015fma ba\u015flatt\u0131.\u00a0 ALACABEL MEVK\u0130\u0130NDE YOL A\u00c7IK\u00a0 Antalya&#8217;y\u0131 Konya&#8217;ya ba\u011flayan Akseki-Seydi\u015fehir kara yolunda d\u00fcn ak\u015fam saat 22.00 s\u0131ralar\u0131nda kar ya\u011f\u0131\u015f\u0131 ba\u015flad\u0131. Hava s\u0131cakl\u0131\u011f\u0131n\u0131n eksi 5 dereceye kadar d\u00fc\u015ft\u00fc\u011f\u00fc bin 825 rak\u0131ml\u0131 Alacabel&#8217;de kar ya\u011f\u0131\u015f\u0131 ile birlikte tipi de etkili oldu, kar kal\u0131nl\u0131\u011f\u0131 15 santimetreye ula\u015ft\u0131. B\u00f6lgede ya\u011f\u0131\u015fla birlikte karla m\u00fccadele ekipleri \u00e7ok say\u0131da i\u015f makinesi ile kar temizleme ve tuzlama \u00e7al\u0131\u015fmalar\u0131 ba\u015flatt\u0131. B\u00f6lgede kar kal\u0131nl\u0131\u011f\u0131 yer yer 10-15 santimetreye ula\u015f\u0131rken, s\u00fcr\u00fcc\u00fclerden yanlar\u0131nda zincir bulundurmalar\u0131 istendi. Kar ya\u011f\u0131\u015f\u0131 nedeniyle ula\u015f\u0131mda herhangi bir aksama ya\u015fanmazken ekipler yolu ula\u015f\u0131ma a\u00e7\u0131k tutmak i\u00e7in \u00e7al\u0131\u015fmalar\u0131n\u0131 aral\u0131ks\u0131z s\u00fcrd\u00fcr\u00fcyor.\u00a0 \u00a0 \u00a0 \u00a0 \u00a0 \u00a0 \u00a0 \u00a0 \u00a0 \u00a0 \u00a0 \u00a0 \u00a0 \u00a0 \u00a0 \u00a0 \u200bAntalya&#8217;n\u0131n Konya&#8217;ya ba\u011flayan Alacabel mevkiinde ak\u015fam saatlerinden bu yana kar ya\u011f\u0131\u015f\u0131 etkili oldu. Kar kal\u0131nl\u0131\u011f\u0131n\u0131n 15 santimetreye ula\u015ft\u0131\u011f\u0131 Alacabel&#8217;de ekipler yolu a\u00e7\u0131k tutmak i\u00e7in \u00e7al\u0131\u015fmalar\u0131na devam ediyor.\u00a0 \u200bHaberin Al\u0131nt\u0131land\u0131\u011f\u0131 Kaynak: www.antalyakorfez.com","og_url":"https:\/\/denizcankizil.tr\/de\/haberler\/gundem\/alacabelde-kar-kalinligi-15-santimetreye-ulasti\/","og_site_name":"Av. Deniz Can K\u0131z\u0131l","article_published_time":"2025-02-13T06:41:25+00:00","author":"Antalya K\u00f6rfez","twitter_card":"summary_large_image","twitter_misc":{"Verfasst von":"Antalya K\u00f6rfez","Gesch\u00e4tzte Lesezeit":"1\u00a0Minute"},"schema":{"@context":"https:\/\/schema.org","@graph":[{"@type":"Article","@id":"https:\/\/denizcankizil.tr\/de\/haberler\/gundem\/alacabelde-kar-kalinligi-15-santimetreye-ulasti\/#article","isPartOf":{"@id":"https:\/\/denizcankizil.tr\/de\/haberler\/gundem\/alacabelde-kar-kalinligi-15-santimetreye-ulasti\/"},"author":{"name":"Antalya K\u00f6rfez","@id":"https:\/\/denizcankizil.tr\/de\/#\/schema\/person\/e1eb71bb4dd684d46563f0af307e1234"},"headline":"Alacabel&#8217;de kar kal\u0131nl\u0131\u011f\u0131 15 santimetreye ula\u015ft\u0131","datePublished":"2025-02-13T06:41:25+00:00","mainEntityOfPage":{"@id":"https:\/\/denizcankizil.tr\/de\/haberler\/gundem\/alacabelde-kar-kalinligi-15-santimetreye-ulasti\/"},"wordCount":217,"commentCount":0,"publisher":{"@id":"https:\/\/denizcankizil.tr\/de\/#organization"},"articleSection":["G\u00fcndem"],"inLanguage":"de","potentialAction":[{"@type":"CommentAction","name":"Comment","target":["https:\/\/denizcankizil.tr\/de\/haberler\/gundem\/alacabelde-kar-kalinligi-15-santimetreye-ulasti\/#respond"]}]},{"@type":"WebPage","@id":"https:\/\/denizcankizil.tr\/de\/haberler\/gundem\/alacabelde-kar-kalinligi-15-santimetreye-ulasti\/","url":"https:\/\/denizcankizil.tr\/de\/haberler\/gundem\/alacabelde-kar-kalinligi-15-santimetreye-ulasti\/","name":"Alacabel'de kar kal\u0131nl\u0131\u011f\u0131 15 santimetreye ula\u015ft\u0131 - Av. Deniz Can K\u0131z\u0131l","isPartOf":{"@id":"https:\/\/denizcankizil.tr\/de\/#website"},"datePublished":"2025-02-13T06:41:25+00:00","breadcrumb":{"@id":"https:\/\/denizcankizil.tr\/de\/haberler\/gundem\/alacabelde-kar-kalinligi-15-santimetreye-ulasti\/#breadcrumb"},"inLanguage":"de","potentialAction":[{"@type":"ReadAction","target":["https:\/\/denizcankizil.tr\/de\/haberler\/gundem\/alacabelde-kar-kalinligi-15-santimetreye-ulasti\/"]}]},{"@type":"BreadcrumbList","@id":"https:\/\/denizcankizil.tr\/de\/haberler\/gundem\/alacabelde-kar-kalinligi-15-santimetreye-ulasti\/#breadcrumb","itemListElement":[{"@type":"ListItem","position":1,"name":"Home","item":"https:\/\/denizcankizil.tr\/de\/"},{"@type":"ListItem","position":2,"name":"Alacabel&#8217;de kar kal\u0131nl\u0131\u011f\u0131 15 santimetreye ula\u015ft\u0131"}]},{"@type":"WebSite","@id":"https:\/\/denizcankizil.tr\/de\/#website","url":"https:\/\/denizcankizil.tr\/de\/","name":"Av. Deniz Can K\u0131z\u0131l","description":"Avukat Deniz Can K\u0131z\u0131l Antalya Barosu","publisher":{"@id":"https:\/\/denizcankizil.tr\/de\/#organization"},"potentialAction":[{"@type":"SearchAction","target":{"@type":"EntryPoint","urlTemplate":"https:\/\/denizcankizil.tr\/de\/?s={search_term_string}"},"query-input":{"@type":"PropertyValueSpecification","valueRequired":true,"valueName":"search_term_string"}}],"inLanguage":"de"},{"@type":"Organization","@id":"https:\/\/denizcankizil.tr\/de\/#organization","name":"Av. Deniz Can K\u0131z\u0131l","url":"https:\/\/denizcankizil.tr\/de\/","logo":{"@type":"ImageObject","inLanguage":"de","@id":"https:\/\/denizcankizil.tr\/de\/#\/schema\/logo\/image\/","url":"https:\/\/denizcankizil.tr\/wp-content\/uploads\/2024\/10\/siyah-logo-svg.svg","contentUrl":"https:\/\/denizcankizil.tr\/wp-content\/uploads\/2024\/10\/siyah-logo-svg.svg","width":1080,"height":1080,"caption":"Av. Deniz Can K\u0131z\u0131l"},"image":{"@id":"https:\/\/denizcankizil.tr\/de\/#\/schema\/logo\/image\/"}},{"@type":"Person","@id":"https:\/\/denizcankizil.tr\/de\/#\/schema\/person\/e1eb71bb4dd684d46563f0af307e1234","name":"Antalya K\u00f6rfez","image":{"@type":"ImageObject","inLanguage":"de","@id":"https:\/\/denizcankizil.tr\/de\/#\/schema\/person\/image\/","url":"https:\/\/secure.gravatar.com\/avatar\/42b01982558a48a0b501fdcab6a408d3717ea5919095ee2e67b0e521799c5905?s=96&d=mm&r=g","contentUrl":"https:\/\/secure.gravatar.com\/avatar\/42b01982558a48a0b501fdcab6a408d3717ea5919095ee2e67b0e521799c5905?s=96&d=mm&r=g","caption":"Antalya K\u00f6rfez"},"sameAs":["http:\/\/www.antalyakorfez.com"],"url":"https:\/\/www.antalyakorfez.com\/alacabelde-kar-kalinligi-15-santimetreye-ulasti"}]}},"_links":{"self":[{"href":"https:\/\/denizcankizil.tr\/de\/wp-json\/wp\/v2\/posts\/32434","targetHints":{"allow":["GET"]}}],"collection":[{"href":"https:\/\/denizcankizil.tr\/de\/wp-json\/wp\/v2\/posts"}],"about":[{"href":"https:\/\/denizcankizil.tr\/de\/wp-json\/wp\/v2\/types\/post"}],"author":[{"embeddable":true,"href":"https:\/\/denizcankizil.tr\/de\/wp-json\/wp\/v2\/users\/5"}],"replies":[{"embeddable":true,"href":"https:\/\/denizcankizil.tr\/de\/wp-json\/wp\/v2\/comments?post=32434"}],"version-history":[{"count":0,"href":"https:\/\/denizcankizil.tr\/de\/wp-json\/wp\/v2\/posts\/32434\/revisions"}],"wp:attachment":[{"href":"https:\/\/denizcankizil.tr\/de\/wp-json\/wp\/v2\/media?parent=32434"}],"wp:term":[{"taxonomy":"category","embeddable":true,"href":"https:\/\/denizcankizil.tr\/de\/wp-json\/wp\/v2\/categories?post=32434"},{"taxonomy":"post_tag","embeddable":true,"href":"https:\/\/denizcankizil.tr\/de\/wp-json\/wp\/v2\/tags?post=32434"}],"curies":[{"name":"wp","href":"https:\/\/api.w.org\/{rel}","templated":true}]}}