{"id":32261,"date":"2025-02-12T14:03:00","date_gmt":"2025-02-12T11:03:00","guid":{"rendered":"https:\/\/denizcankizil.tr\/uncategorized-tr\/sirketin-tuzel-kisiligi-sona-erdikten-sonra-sirket-adina-yapilan-islemler-hukum-ve-sonuc-dogurmayacagindan-tuzel-kisilik-sona-erdikten-sonra-vergi-borclarinin-yapilandirilmasi-tahsil-zamanasimini-kes\/"},"modified":"2025-02-12T14:03:00","modified_gmt":"2025-02-12T11:03:00","slug":"sirketin-tuzel-kisiligi-sona-erdikten-sonra-sirket-adina-yapilan-islemler-hukum-ve-sonuc-dogurmayacagindan-tuzel-kisilik-sona-erdikten-sonra-vergi-borclarinin-yapilandirilmasi-tahsil-zamanasimini-kes","status":"publish","type":"post","link":"https:\/\/denizcankizil.tr\/de\/hukukihaber\/sirketin-tuzel-kisiligi-sona-erdikten-sonra-sirket-adina-yapilan-islemler-hukum-ve-sonuc-dogurmayacagindan-tuzel-kisilik-sona-erdikten-sonra-vergi-borclarinin-yapilandirilmasi-tahsil-zamanasimini-kes\/","title":{"rendered":"\u015e\u0130RKET\u0130N T\u00dcZEL K\u0130\u015e\u0130L\u0130\u011e\u0130 SONA ERD\u0130KTEN SONRA \u015e\u0130RKET ADINA YAPILAN \u0130\u015eLEMLER H\u00dcK\u00dcM VE SONU\u00c7 DO\u011eURMAYACA\u011eINDAN, T\u00dcZEL K\u0130\u015e\u0130L\u0130K SONA ERD\u0130KTEN SONRA VERG\u0130 BOR\u00c7LARININ YAPILANDIRILMASI TAHS\u0130L ZAMANA\u015eIMINI KESMEZ"},"content":{"rendered":"<p>T.C.<\/p>\n<p>DANI\u015eTAY<\/p>\n<p>3. DA\u0130RE<\/p>\n<p>Esas Numaras\u0131: 2023\/5681<\/p>\n<p>Karar Numaras\u0131: 2024\/4550<\/p>\n<p>Karar Tarihi: 04.07.2024<\/p>\n<p>KAMU ALACA\u011eININ TAHS\u0130L\u0130<\/p>\n<p>TEMY\u0130Z \u0130NCELEMES\u0130 \u00dcZER\u0130NE VER\u0130LECEK KARARLAR<\/p>\n<p>B\u00d6LGE \u0130DARE MAHKEMELER\u0130N\u0130N N\u0130HA\u0130 KARARLARININ TEMY\u0130ZEN BOZULMASININ, \u0130DAR\u0130 YARGILAMA USUL\u00dc KANUNU&#8217;NUN 49. MADDES\u0130NDE YER ALAN SEBEPLERDEN B\u0130R\u0130N\u0130N VARLI\u011eI H\u00c2L\u0130NDE M\u00dcMK\u00dcN OLDU\u011eU<\/p>\n<p>\u00d6ZET\u0130: Kamu alaca\u011f\u0131n\u0131n as\u0131l bor\u00e7lusu \u015firketin 12\/08\/2013 tarihinde t\u00fczel ki\u015fili\u011finin sonra erdi\u011finin anla\u015f\u0131ld\u0131\u011f\u0131 olayda, bu tarihten sonra \u015firket ad\u0131na yap\u0131lan i\u015flemlerin h\u00fck\u00fcm ve sonu\u00e7 do\u011furmayaca\u011f\u0131, 2013 y\u0131l\u0131 kabul edilse dahi tahsil zamana\u015f\u0131m\u0131 s\u00fcresinin 31\/12\/2018 tarihinde dolaca\u011f\u0131 dolay\u0131s\u0131yla 2021 y\u0131l\u0131nda tebli\u011f edilen dava konusu \u00f6deme emirlerine konu alaca\u011f\u0131n tahsil zamana\u015f\u0131m\u0131na u\u011frad\u0131\u011f\u0131 gerek\u00e7esiyle \u00f6deme emirleri iptal edilmi\u015ftir.<\/p>\n<p>\u0130STEM\u0130N KONUSU: &#8230; Vergi Mahkemesinin &#8230; tarih ve E:&#8230;, K:&#8230; say\u0131l\u0131 karar\u0131na y\u00f6neltilen istinaf ba\u015fvurusuna ili\u015fkin &#8230; B\u00f6lge \u0130dare Mahkemesi &#8230; Vergi Dava Dairesinin &#8230; tarih ve E:&#8230; , K:&#8230; say\u0131l\u0131 karar\u0131n\u0131n temyizen incelenerek bozulmas\u0131 istenilmektedir.<\/p>\n<p>YARGILAMA S\u00dcREC\u0130 :<\/p>\n<p>Dava konusu istem: Davac\u0131 ad\u0131na, &#8230; Radyo ve Televizyon Yay\u0131nlar\u0131 Anonim \u015eirketinden al\u0131namayan 2002, 2004, 2005, 2007 ila 2010 y\u0131llar\u0131na ait muhtelif kamu alaca\u011f\u0131n\u0131n tahsili amac\u0131yla kanuni temsilci s\u0131fat\u0131yla d\u00fczenlenen &#8230; tarih ve &#8230; ila &#8230; ve &#8230; takip numaral\u0131 \u00f6deme emirlerinin iptali istemine ili\u015fkindir.<\/p>\n<p>\u0130lk Derece Mahkemesi karar\u0131n\u0131n \u00f6zeti: Kamu alaca\u011f\u0131n\u0131n as\u0131l bor\u00e7lusu \u015firketin 12\/08\/2013 tarihinde t\u00fczel ki\u015fili\u011finin sonra erdi\u011finin anla\u015f\u0131ld\u0131\u011f\u0131 olayda, bu tarihten sonra \u015firket ad\u0131na yap\u0131lan i\u015flemlerin h\u00fck\u00fcm ve sonu\u00e7 do\u011furmayaca\u011f\u0131, 2013 y\u0131l\u0131 kabul edilse dahi tahsil zamana\u015f\u0131m\u0131 s\u00fcresinin 31\/12\/2018 tarihinde dolaca\u011f\u0131 dolay\u0131s\u0131yla 2021 y\u0131l\u0131nda tebli\u011f edilen dava konusu \u00f6deme emirlerine konu alaca\u011f\u0131n tahsil zamana\u015f\u0131m\u0131na u\u011frad\u0131\u011f\u0131 gerek\u00e7esiyle \u00f6deme emirleri iptal edilmi\u015ftir.<\/p>\n<p>B\u00f6lge \u0130dare Mahkemesi karar\u0131n\u0131n \u00f6zeti: \u0130stinaf ba\u015fvurusunun, usul ve hukuka uygun oldu\u011fu sonucuna var\u0131lan Vergi Mahkemesi karar\u0131n\u0131n kald\u0131r\u0131lmas\u0131n\u0131 sa\u011flayacak nitelikte g\u00f6r\u00fclmedi\u011fi gerek\u00e7esiyle 2577 say\u0131l\u0131 \u0130dari Yarg\u0131lama Usul\u00fc Kanunu&#8217;nun 45. maddesinin 3. f\u0131kras\u0131 uyar\u0131nca reddine karar verilmi\u015ftir.<\/p>\n<p>TEMY\u0130Z EDEN\u0130N \u0130DD\u0130ALARI: Dava konusu \u00f6deme emirleri i\u00e7eri\u011fi kamu alacaklar\u0131 as\u0131l bor\u00e7lu \u015firket taraf\u0131ndan 2014 ve 2016 y\u0131llar\u0131nda yap\u0131land\u0131r\u0131ld\u0131\u011f\u0131ndan bor\u00e7lar\u0131n tahsil zamana\u015f\u0131m\u0131na u\u011framad\u0131\u011f\u0131 ileri s\u00fcr\u00fclerek karar\u0131n bozulmas\u0131 istenilmektedir.<\/p>\n<p>KAR\u015eI TARAFIN SAVUNMASI : Temyiz isteminin reddi gerekti\u011fi savunulmu\u015ftur.<\/p>\n<p>DANI\u015eTAY TETK\u0130K H\u00c2K\u0130M\u0130 &#8230;&#8217;\u0130N D\u00dc\u015e\u00dcNCES\u0130: Temyiz isteminin reddi ile usul ve yasaya uygun olan B\u00f6lge \u0130dare Mahkemesi karar\u0131n\u0131n onanmas\u0131 gerekti\u011fi d\u00fc\u015f\u00fcn\u00fclmektedir.<\/p>\n<p>T\u00dcRK M\u0130LLET\u0130 ADINA<\/p>\n<p>Karar veren Dan\u0131\u015ftay \u00dc\u00e7\u00fcnc\u00fc Dairesince, Tetkik H\u00e2kiminin a\u00e7\u0131klamalar\u0131 dinlendikten ve dosyadaki belgeler incelendikten sonra gere\u011fi g\u00f6r\u00fc\u015f\u00fcld\u00fc:<\/p>\n<p>HUKUK\u0130 DE\u011eERLEND\u0130RME:<\/p>\n<p>B\u00f6lge idare mahkemelerinin nihai kararlar\u0131n\u0131n temyizen bozulmas\u0131, 2577 say\u0131l\u0131 \u0130dari Yarg\u0131lama Usul\u00fc Kanunu&#8217;nun 49. maddesinde yer alan sebeplerden birinin varl\u0131\u011f\u0131 h\u00e2linde m\u00fcmk\u00fcnd\u00fcr.<\/p>\n<p>Temyizen incelenen karar usul ve hukuka uygun olup, dilek\u00e7ede ileri s\u00fcr\u00fclen temyiz nedenleri karar\u0131n bozulmas\u0131n\u0131 gerektirecek nitelikte g\u00f6r\u00fclmemi\u015ftir.<\/p>\n<p>KARAR SONUCU:<\/p>\n<p>A\u00e7\u0131klanan nedenlerle;<\/p>\n<p>1. Temyiz isteminin reddine,<\/p>\n<p>2. Temyize konu Vergi Dava Dairesi karar\u0131n\u0131n ONANMASINA,<\/p>\n<p>3. 2577 say\u0131l\u0131 \u0130dari Yarg\u0131lama Usul\u00fc Kanunu&#8217;nun 50. maddesi uyar\u0131nca, karar\u0131n taraflara tebli\u011fini ve bir \u00f6rne\u011finin de ilgili Vergi Dava Dairesine g\u00f6nderilmesini teminen dosyan\u0131n karar\u0131 veren ilk derece mahkemesine g\u00f6nderilmesine, 04\/07\/2024 tarihinde oybirli\u011fiyle kesin olarak karar verildi.<\/p>\n<p>legalbank.net<\/p>\n<p>\u200bT.C.<\/p>\n<p>DANI\u015eTAY<\/p>\n<p>3. DA\u0130RE<\/p>\n<p>Esas Numaras\u0131: 2023\/5681<\/p>\n<p>Karar Numaras\u0131: 2024\/4550<\/p>\n<p>Karar Tarihi: 04.07.2024<\/p>\n<p>KAMU ALACA\u011eININ TAHS\u0130L\u0130<\/p>\n<p>TEMY\u0130Z \u0130NCELEMES\u0130 \u00dcZER\u0130NE VER\u0130LECEK KARARLAR<\/p>\n<p>B\u00d6LGE \u0130DARE MAHKEMELER\u0130N\u0130N N\u0130HA\u0130 KARARLARININ TEMY\u0130ZEN BOZULMASININ, \u0130DAR\u0130 YARGILAMA USUL\u00dc KANUNU&#8217;NUN 49. MADDES\u0130NDE YER ALAN SEBEPLERDEN B\u0130R\u0130N\u0130N VARLI\u011eI H\u00c2L\u0130NDE M\u00dcMK\u00dcN OLDU\u011eU<\/p>\n<p>\u00d6ZET\u0130: Kamu alaca\u011f\u0131n\u0131n as\u0131l bor\u00e7lusu \u015firketin 12\/08\/2013 tarihinde t\u00fczel ki\u015fili\u011finin sonra erdi\u011finin anla\u015f\u0131ld\u0131\u011f\u0131 olayda, bu tarihten sonra \u015firket ad\u0131na yap\u0131lan i\u015flemlerin h\u00fck\u00fcm ve sonu\u00e7 do\u011furmayaca\u011f\u0131, 2013 y\u0131l\u0131 kabul edilse dahi tahsil zamana\u015f\u0131m\u0131 s\u00fcresinin 31\/12\/2018 tarihinde dolaca\u011f\u0131 dolay\u0131s\u0131yla 2021 y\u0131l\u0131nda tebli\u011f edilen dava konusu \u00f6deme emirlerine konu alaca\u011f\u0131n tahsil zamana\u015f\u0131m\u0131na u\u011frad\u0131\u011f\u0131 gerek\u00e7esiyle \u00f6deme emirleri iptal edilmi\u015ftir.<\/p>\n<p>\u0130STEM\u0130N KONUSU: &#8230; Vergi Mahkemesinin &#8230; tarih ve E:&#8230;, K:&#8230; say\u0131l\u0131 karar\u0131na y\u00f6neltilen istinaf ba\u015fvurusuna ili\u015fkin &#8230; B\u00f6lge \u0130dare Mahkemesi &#8230; Vergi Dava Dairesinin &#8230; tarih ve E:&#8230; , K:&#8230; say\u0131l\u0131 karar\u0131n\u0131n temyizen incelenerek bozulmas\u0131 istenilmektedir.<\/p>\n<p>YARGILAMA S\u00dcREC\u0130 :<\/p>\n<p>Dava konusu istem: Davac\u0131 ad\u0131na, &#8230; Radyo ve Televizyon Yay\u0131nlar\u0131 Anonim \u015eirketinden al\u0131namayan 2002, 2004, 2005, 2007 ila 2010 y\u0131llar\u0131na ait muhtelif kamu alaca\u011f\u0131n\u0131n tahsili amac\u0131yla kanuni temsilci s\u0131fat\u0131yla d\u00fczenlenen &#8230; tarih ve &#8230; ila &#8230; ve &#8230; takip numaral\u0131 \u00f6deme emirlerinin iptali istemine ili\u015fkindir.<\/p>\n<p>\u0130lk Derece Mahkemesi karar\u0131n\u0131n \u00f6zeti: Kamu alaca\u011f\u0131n\u0131n as\u0131l bor\u00e7lusu \u015firketin 12\/08\/2013 tarihinde t\u00fczel ki\u015fili\u011finin sonra erdi\u011finin anla\u015f\u0131ld\u0131\u011f\u0131 olayda, bu tarihten sonra \u015firket ad\u0131na yap\u0131lan i\u015flemlerin h\u00fck\u00fcm ve sonu\u00e7 do\u011furmayaca\u011f\u0131, 2013 y\u0131l\u0131 kabul edilse dahi tahsil zamana\u015f\u0131m\u0131 s\u00fcresinin 31\/12\/2018 tarihinde dolaca\u011f\u0131 dolay\u0131s\u0131yla 2021 y\u0131l\u0131nda tebli\u011f edilen dava konusu \u00f6deme emirlerine konu alaca\u011f\u0131n tahsil zamana\u015f\u0131m\u0131na u\u011frad\u0131\u011f\u0131 gerek\u00e7esiyle \u00f6deme emirleri iptal edilmi\u015ftir.<\/p>\n<p>B\u00f6lge \u0130dare Mahkemesi karar\u0131n\u0131n \u00f6zeti: \u0130stinaf ba\u015fvurusunun, usul ve hukuka uygun oldu\u011fu sonucuna var\u0131lan Vergi Mahkemesi karar\u0131n\u0131n kald\u0131r\u0131lmas\u0131n\u0131 sa\u011flayacak nitelikte g\u00f6r\u00fclmedi\u011fi gerek\u00e7esiyle 2577 say\u0131l\u0131 \u0130dari Yarg\u0131lama Usul\u00fc Kanunu&#8217;nun 45. maddesinin 3. f\u0131kras\u0131 uyar\u0131nca reddine karar verilmi\u015ftir.<\/p>\n<p>TEMY\u0130Z EDEN\u0130N \u0130DD\u0130ALARI: Dava konusu \u00f6deme emirleri i\u00e7eri\u011fi kamu alacaklar\u0131 as\u0131l bor\u00e7lu \u015firket taraf\u0131ndan 2014 ve 2016 y\u0131llar\u0131nda yap\u0131land\u0131r\u0131ld\u0131\u011f\u0131ndan bor\u00e7lar\u0131n tahsil zamana\u015f\u0131m\u0131na u\u011framad\u0131\u011f\u0131 ileri s\u00fcr\u00fclerek karar\u0131n bozulmas\u0131 istenilmektedir.<\/p>\n<p>KAR\u015eI TARAFIN SAVUNMASI : Temyiz isteminin reddi gerekti\u011fi savunulmu\u015ftur.<\/p>\n<p>DANI\u015eTAY TETK\u0130K H\u00c2K\u0130M\u0130 &#8230;&#8217;\u0130N D\u00dc\u015e\u00dcNCES\u0130: Temyiz isteminin reddi ile usul ve yasaya uygun olan B\u00f6lge \u0130dare Mahkemesi karar\u0131n\u0131n onanmas\u0131 gerekti\u011fi d\u00fc\u015f\u00fcn\u00fclmektedir.<\/p>\n<p>T\u00dcRK M\u0130LLET\u0130 ADINA<\/p>\n<p>Karar veren Dan\u0131\u015ftay \u00dc\u00e7\u00fcnc\u00fc Dairesince, Tetkik H\u00e2kiminin a\u00e7\u0131klamalar\u0131 dinlendikten ve dosyadaki belgeler incelendikten sonra gere\u011fi g\u00f6r\u00fc\u015f\u00fcld\u00fc:<\/p>\n<p>HUKUK\u0130 DE\u011eERLEND\u0130RME:<\/p>\n<p>B\u00f6lge idare mahkemelerinin nihai kararlar\u0131n\u0131n temyizen bozulmas\u0131, 2577 say\u0131l\u0131 \u0130dari Yarg\u0131lama Usul\u00fc Kanunu&#8217;nun 49. maddesinde yer alan sebeplerden birinin varl\u0131\u011f\u0131 h\u00e2linde m\u00fcmk\u00fcnd\u00fcr.<\/p>\n<p>Temyizen incelenen karar usul ve hukuka uygun olup, dilek\u00e7ede ileri s\u00fcr\u00fclen temyiz nedenleri karar\u0131n bozulmas\u0131n\u0131 gerektirecek nitelikte g\u00f6r\u00fclmemi\u015ftir.<\/p>\n<p>KARAR SONUCU:<\/p>\n<p>A\u00e7\u0131klanan nedenlerle;<\/p>\n<p>1. Temyiz isteminin reddine,<\/p>\n<p>2. Temyize konu Vergi Dava Dairesi karar\u0131n\u0131n ONANMASINA,<\/p>\n<p>3. 2577 say\u0131l\u0131 \u0130dari Yarg\u0131lama Usul\u00fc Kanunu&#8217;nun 50. maddesi uyar\u0131nca, karar\u0131n taraflara tebli\u011fini ve bir \u00f6rne\u011finin de ilgili Vergi Dava Dairesine g\u00f6nderilmesini teminen dosyan\u0131n karar\u0131 veren ilk derece mahkemesine g\u00f6nderilmesine, 04\/07\/2024 tarihinde oybirli\u011fiyle kesin olarak karar verildi.<\/p>\n<p>legalbank.net\u00a0Hukuki Haber<\/p>\n<p>Haberin Al\u0131nt\u0131land\u0131\u011f\u0131 Kaynak: www.hukukihaber.net<\/p>","protected":false},"excerpt":{"rendered":"<p>T.C. DANI\u015eTAY 3. DA\u0130RE Esas Numaras\u0131: 2023\/5681 Karar Numaras\u0131: 2024\/4550 Karar Tarihi: 04.07.2024 KAMU ALACA\u011eININ TAHS\u0130L\u0130 TEMY\u0130Z \u0130NCELEMES\u0130 \u00dcZER\u0130NE VER\u0130LECEK KARARLAR B\u00d6LGE \u0130DARE MAHKEMELER\u0130N\u0130N N\u0130HA\u0130 KARARLARININ TEMY\u0130ZEN BOZULMASININ, \u0130DAR\u0130 YARGILAMA USUL\u00dc KANUNU&#8217;NUN 49. MADDES\u0130NDE YER ALAN SEBEPLERDEN B\u0130R\u0130N\u0130N VARLI\u011eI H\u00c2L\u0130NDE M\u00dcMK\u00dcN OLDU\u011eU \u00d6ZET\u0130: Kamu alaca\u011f\u0131n\u0131n as\u0131l bor\u00e7lusu \u015firketin 12\/08\/2013 tarihinde t\u00fczel ki\u015fili\u011finin sonra erdi\u011finin anla\u015f\u0131ld\u0131\u011f\u0131 olayda, bu tarihten sonra \u015firket ad\u0131na yap\u0131lan i\u015flemlerin h\u00fck\u00fcm ve sonu\u00e7 do\u011furmayaca\u011f\u0131, 2013 y\u0131l\u0131 kabul edilse dahi tahsil zamana\u015f\u0131m\u0131 s\u00fcresinin 31\/12\/2018 tarihinde dolaca\u011f\u0131 dolay\u0131s\u0131yla 2021 y\u0131l\u0131nda tebli\u011f edilen dava konusu \u00f6deme emirlerine konu alaca\u011f\u0131n tahsil zamana\u015f\u0131m\u0131na u\u011frad\u0131\u011f\u0131 gerek\u00e7esiyle \u00f6deme emirleri iptal edilmi\u015ftir. \u0130STEM\u0130N KONUSU: &#8230; Vergi Mahkemesinin &#8230; tarih ve E:&#8230;, K:&#8230; say\u0131l\u0131 karar\u0131na y\u00f6neltilen istinaf ba\u015fvurusuna ili\u015fkin &#8230; B\u00f6lge \u0130dare Mahkemesi &#8230; Vergi Dava Dairesinin &#8230; tarih ve E:&#8230; , K:&#8230; say\u0131l\u0131 karar\u0131n\u0131n temyizen incelenerek bozulmas\u0131 istenilmektedir. YARGILAMA S\u00dcREC\u0130 : Dava konusu istem: Davac\u0131 ad\u0131na, &#8230; Radyo ve Televizyon Yay\u0131nlar\u0131 Anonim \u015eirketinden al\u0131namayan 2002, 2004, 2005, 2007 ila 2010 y\u0131llar\u0131na ait muhtelif kamu alaca\u011f\u0131n\u0131n tahsili amac\u0131yla kanuni temsilci s\u0131fat\u0131yla d\u00fczenlenen &#8230; tarih ve &#8230; ila &#8230; ve &#8230; takip numaral\u0131 \u00f6deme emirlerinin iptali istemine ili\u015fkindir. \u0130lk Derece Mahkemesi karar\u0131n\u0131n \u00f6zeti: Kamu alaca\u011f\u0131n\u0131n as\u0131l bor\u00e7lusu \u015firketin 12\/08\/2013 tarihinde t\u00fczel ki\u015fili\u011finin sonra erdi\u011finin anla\u015f\u0131ld\u0131\u011f\u0131 olayda, bu &hellip;<\/p>","protected":false},"author":3,"featured_media":0,"comment_status":"open","ping_status":"open","sticky":false,"template":"","format":"standard","meta":{"_acf_changed":false,"footnotes":""},"categories":[27],"tags":[],"class_list":["post-32261","post","type-post","status-publish","format-standard","has-post-thumbnail","hentry","category-hukukihaber"],"acf":[],"yoast_head":"<!-- This site is optimized with the Yoast SEO Premium plugin v26.6 (Yoast SEO v27.1.1) - https:\/\/yoast.com\/product\/yoast-seo-premium-wordpress\/ -->\n<title>\u015e\u0130RKET\u0130N T\u00dcZEL K\u0130\u015e\u0130L\u0130\u011e\u0130 SONA ERD\u0130KTEN SONRA \u015e\u0130RKET ADINA YAPILAN \u0130\u015eLEMLER H\u00dcK\u00dcM VE SONU\u00c7 DO\u011eURMAYACA\u011eINDAN, T\u00dcZEL K\u0130\u015e\u0130L\u0130K SONA ERD\u0130KTEN SONRA VERG\u0130 BOR\u00c7LARININ YAPILANDIRILMASI TAHS\u0130L ZAMANA\u015eIMINI KESMEZ - Av. Deniz Can K\u0131z\u0131l<\/title>\n<meta name=\"robots\" content=\"index, follow, max-snippet:-1, max-image-preview:large, max-video-preview:-1\" \/>\n<link rel=\"canonical\" href=\"https:\/\/denizcankizil.tr\/de\/hukukihaber\/sirketin-tuzel-kisiligi-sona-erdikten-sonra-sirket-adina-yapilan-islemler-hukum-ve-sonuc-dogurmayacagindan-tuzel-kisilik-sona-erdikten-sonra-vergi-borclarinin-yapilandirilmasi-tahsil-zamanasimini-kes\/\" \/>\n<meta property=\"og:locale\" content=\"de_DE\" \/>\n<meta property=\"og:type\" content=\"article\" \/>\n<meta property=\"og:title\" content=\"\u015e\u0130RKET\u0130N T\u00dcZEL K\u0130\u015e\u0130L\u0130\u011e\u0130 SONA ERD\u0130KTEN SONRA \u015e\u0130RKET ADINA YAPILAN \u0130\u015eLEMLER H\u00dcK\u00dcM VE SONU\u00c7 DO\u011eURMAYACA\u011eINDAN, T\u00dcZEL K\u0130\u015e\u0130L\u0130K SONA ERD\u0130KTEN SONRA VERG\u0130 BOR\u00c7LARININ YAPILANDIRILMASI TAHS\u0130L ZAMANA\u015eIMINI KESMEZ\" \/>\n<meta property=\"og:description\" content=\"T.C. DANI\u015eTAY 3. DA\u0130RE Esas Numaras\u0131: 2023\/5681 Karar Numaras\u0131: 2024\/4550 Karar Tarihi: 04.07.2024 KAMU ALACA\u011eININ TAHS\u0130L\u0130 TEMY\u0130Z \u0130NCELEMES\u0130 \u00dcZER\u0130NE VER\u0130LECEK KARARLAR B\u00d6LGE \u0130DARE MAHKEMELER\u0130N\u0130N N\u0130HA\u0130 KARARLARININ TEMY\u0130ZEN BOZULMASININ, \u0130DAR\u0130 YARGILAMA USUL\u00dc KANUNU&#8217;NUN 49. MADDES\u0130NDE YER ALAN SEBEPLERDEN B\u0130R\u0130N\u0130N VARLI\u011eI H\u00c2L\u0130NDE M\u00dcMK\u00dcN OLDU\u011eU \u00d6ZET\u0130: Kamu alaca\u011f\u0131n\u0131n as\u0131l bor\u00e7lusu \u015firketin 12\/08\/2013 tarihinde t\u00fczel ki\u015fili\u011finin sonra erdi\u011finin anla\u015f\u0131ld\u0131\u011f\u0131 olayda, bu tarihten sonra \u015firket ad\u0131na yap\u0131lan i\u015flemlerin h\u00fck\u00fcm ve sonu\u00e7 do\u011furmayaca\u011f\u0131, 2013 y\u0131l\u0131 kabul edilse dahi tahsil zamana\u015f\u0131m\u0131 s\u00fcresinin 31\/12\/2018 tarihinde dolaca\u011f\u0131 dolay\u0131s\u0131yla 2021 y\u0131l\u0131nda tebli\u011f edilen dava konusu \u00f6deme emirlerine konu alaca\u011f\u0131n tahsil zamana\u015f\u0131m\u0131na u\u011frad\u0131\u011f\u0131 gerek\u00e7esiyle \u00f6deme emirleri iptal edilmi\u015ftir. \u0130STEM\u0130N KONUSU: &#8230; Vergi Mahkemesinin &#8230; tarih ve E:&#8230;, K:&#8230; say\u0131l\u0131 karar\u0131na y\u00f6neltilen istinaf ba\u015fvurusuna ili\u015fkin &#8230; B\u00f6lge \u0130dare Mahkemesi &#8230; Vergi Dava Dairesinin &#8230; tarih ve E:&#8230; , K:&#8230; say\u0131l\u0131 karar\u0131n\u0131n temyizen incelenerek bozulmas\u0131 istenilmektedir. YARGILAMA S\u00dcREC\u0130 : Dava konusu istem: Davac\u0131 ad\u0131na, &#8230; Radyo ve Televizyon Yay\u0131nlar\u0131 Anonim \u015eirketinden al\u0131namayan 2002, 2004, 2005, 2007 ila 2010 y\u0131llar\u0131na ait muhtelif kamu alaca\u011f\u0131n\u0131n tahsili amac\u0131yla kanuni temsilci s\u0131fat\u0131yla d\u00fczenlenen &#8230; tarih ve &#8230; ila &#8230; ve &#8230; takip numaral\u0131 \u00f6deme emirlerinin iptali istemine ili\u015fkindir. \u0130lk Derece Mahkemesi karar\u0131n\u0131n \u00f6zeti: Kamu alaca\u011f\u0131n\u0131n as\u0131l bor\u00e7lusu \u015firketin 12\/08\/2013 tarihinde t\u00fczel ki\u015fili\u011finin sonra erdi\u011finin anla\u015f\u0131ld\u0131\u011f\u0131 olayda, bu &hellip;\" \/>\n<meta property=\"og:url\" content=\"https:\/\/denizcankizil.tr\/de\/hukukihaber\/sirketin-tuzel-kisiligi-sona-erdikten-sonra-sirket-adina-yapilan-islemler-hukum-ve-sonuc-dogurmayacagindan-tuzel-kisilik-sona-erdikten-sonra-vergi-borclarinin-yapilandirilmasi-tahsil-zamanasimini-kes\/\" \/>\n<meta property=\"og:site_name\" content=\"Av. Deniz Can K\u0131z\u0131l\" \/>\n<meta property=\"article:published_time\" content=\"2025-02-12T11:03:00+00:00\" \/>\n<meta name=\"author\" content=\"Hukuki Haber.net\" \/>\n<meta name=\"twitter:card\" content=\"summary_large_image\" \/>\n<meta name=\"twitter:label1\" content=\"Verfasst von\" \/>\n\t<meta name=\"twitter:data1\" content=\"Hukuki Haber.net\" \/>\n\t<meta name=\"twitter:label2\" content=\"Gesch\u00e4tzte Lesezeit\" \/>\n\t<meta name=\"twitter:data2\" content=\"6\u00a0Minuten\" \/>\n<script type=\"application\/ld+json\" class=\"yoast-schema-graph\">{\"@context\":\"https:\/\/schema.org\",\"@graph\":[{\"@type\":\"Article\",\"@id\":\"https:\/\/denizcankizil.tr\/de\/hukukihaber\/sirketin-tuzel-kisiligi-sona-erdikten-sonra-sirket-adina-yapilan-islemler-hukum-ve-sonuc-dogurmayacagindan-tuzel-kisilik-sona-erdikten-sonra-vergi-borclarinin-yapilandirilmasi-tahsil-zamanasimini-kes\/#article\",\"isPartOf\":{\"@id\":\"https:\/\/denizcankizil.tr\/de\/hukukihaber\/sirketin-tuzel-kisiligi-sona-erdikten-sonra-sirket-adina-yapilan-islemler-hukum-ve-sonuc-dogurmayacagindan-tuzel-kisilik-sona-erdikten-sonra-vergi-borclarinin-yapilandirilmasi-tahsil-zamanasimini-kes\/\"},\"author\":{\"name\":\"Hukuki Haber.net\",\"@id\":\"https:\/\/denizcankizil.tr\/#\/schema\/person\/001a271de994a0aa3f90eea084424822\"},\"headline\":\"\u015e\u0130RKET\u0130N T\u00dcZEL K\u0130\u015e\u0130L\u0130\u011e\u0130 SONA ERD\u0130KTEN SONRA \u015e\u0130RKET ADINA YAPILAN \u0130\u015eLEMLER H\u00dcK\u00dcM VE SONU\u00c7 DO\u011eURMAYACA\u011eINDAN, T\u00dcZEL K\u0130\u015e\u0130L\u0130K SONA ERD\u0130KTEN SONRA VERG\u0130 BOR\u00c7LARININ YAPILANDIRILMASI TAHS\u0130L ZAMANA\u015eIMINI KESMEZ\",\"datePublished\":\"2025-02-12T11:03:00+00:00\",\"mainEntityOfPage\":{\"@id\":\"https:\/\/denizcankizil.tr\/de\/hukukihaber\/sirketin-tuzel-kisiligi-sona-erdikten-sonra-sirket-adina-yapilan-islemler-hukum-ve-sonuc-dogurmayacagindan-tuzel-kisilik-sona-erdikten-sonra-vergi-borclarinin-yapilandirilmasi-tahsil-zamanasimini-kes\/\"},\"wordCount\":1272,\"commentCount\":0,\"publisher\":{\"@id\":\"https:\/\/denizcankizil.tr\/#organization\"},\"articleSection\":[\"Hukuki Haberler\"],\"inLanguage\":\"de\",\"potentialAction\":[{\"@type\":\"CommentAction\",\"name\":\"Comment\",\"target\":[\"https:\/\/denizcankizil.tr\/de\/hukukihaber\/sirketin-tuzel-kisiligi-sona-erdikten-sonra-sirket-adina-yapilan-islemler-hukum-ve-sonuc-dogurmayacagindan-tuzel-kisilik-sona-erdikten-sonra-vergi-borclarinin-yapilandirilmasi-tahsil-zamanasimini-kes\/#respond\"]}]},{\"@type\":\"WebPage\",\"@id\":\"https:\/\/denizcankizil.tr\/de\/hukukihaber\/sirketin-tuzel-kisiligi-sona-erdikten-sonra-sirket-adina-yapilan-islemler-hukum-ve-sonuc-dogurmayacagindan-tuzel-kisilik-sona-erdikten-sonra-vergi-borclarinin-yapilandirilmasi-tahsil-zamanasimini-kes\/\",\"url\":\"https:\/\/denizcankizil.tr\/de\/hukukihaber\/sirketin-tuzel-kisiligi-sona-erdikten-sonra-sirket-adina-yapilan-islemler-hukum-ve-sonuc-dogurmayacagindan-tuzel-kisilik-sona-erdikten-sonra-vergi-borclarinin-yapilandirilmasi-tahsil-zamanasimini-kes\/\",\"name\":\"\u015e\u0130RKET\u0130N T\u00dcZEL K\u0130\u015e\u0130L\u0130\u011e\u0130 SONA ERD\u0130KTEN SONRA \u015e\u0130RKET ADINA YAPILAN \u0130\u015eLEMLER H\u00dcK\u00dcM VE SONU\u00c7 DO\u011eURMAYACA\u011eINDAN, T\u00dcZEL K\u0130\u015e\u0130L\u0130K SONA ERD\u0130KTEN SONRA VERG\u0130 BOR\u00c7LARININ YAPILANDIRILMASI TAHS\u0130L ZAMANA\u015eIMINI KESMEZ - Av. Deniz Can K\u0131z\u0131l\",\"isPartOf\":{\"@id\":\"https:\/\/denizcankizil.tr\/#website\"},\"datePublished\":\"2025-02-12T11:03:00+00:00\",\"breadcrumb\":{\"@id\":\"https:\/\/denizcankizil.tr\/de\/hukukihaber\/sirketin-tuzel-kisiligi-sona-erdikten-sonra-sirket-adina-yapilan-islemler-hukum-ve-sonuc-dogurmayacagindan-tuzel-kisilik-sona-erdikten-sonra-vergi-borclarinin-yapilandirilmasi-tahsil-zamanasimini-kes\/#breadcrumb\"},\"inLanguage\":\"de\",\"potentialAction\":[{\"@type\":\"ReadAction\",\"target\":[\"https:\/\/denizcankizil.tr\/de\/hukukihaber\/sirketin-tuzel-kisiligi-sona-erdikten-sonra-sirket-adina-yapilan-islemler-hukum-ve-sonuc-dogurmayacagindan-tuzel-kisilik-sona-erdikten-sonra-vergi-borclarinin-yapilandirilmasi-tahsil-zamanasimini-kes\/\"]}]},{\"@type\":\"BreadcrumbList\",\"@id\":\"https:\/\/denizcankizil.tr\/de\/hukukihaber\/sirketin-tuzel-kisiligi-sona-erdikten-sonra-sirket-adina-yapilan-islemler-hukum-ve-sonuc-dogurmayacagindan-tuzel-kisilik-sona-erdikten-sonra-vergi-borclarinin-yapilandirilmasi-tahsil-zamanasimini-kes\/#breadcrumb\",\"itemListElement\":[{\"@type\":\"ListItem\",\"position\":1,\"name\":\"Home\",\"item\":\"https:\/\/denizcankizil.tr\/de\/\"},{\"@type\":\"ListItem\",\"position\":2,\"name\":\"\u015e\u0130RKET\u0130N T\u00dcZEL K\u0130\u015e\u0130L\u0130\u011e\u0130 SONA ERD\u0130KTEN SONRA \u015e\u0130RKET ADINA YAPILAN \u0130\u015eLEMLER H\u00dcK\u00dcM VE SONU\u00c7 DO\u011eURMAYACA\u011eINDAN, T\u00dcZEL K\u0130\u015e\u0130L\u0130K SONA ERD\u0130KTEN SONRA VERG\u0130 BOR\u00c7LARININ YAPILANDIRILMASI TAHS\u0130L ZAMANA\u015eIMINI KESMEZ\"}]},{\"@type\":\"WebSite\",\"@id\":\"https:\/\/denizcankizil.tr\/#website\",\"url\":\"https:\/\/denizcankizil.tr\/\",\"name\":\"Av. Deniz Can K\u0131z\u0131l\",\"description\":\"Avukat Deniz Can K\u0131z\u0131l Antalya Barosu\",\"publisher\":{\"@id\":\"https:\/\/denizcankizil.tr\/#organization\"},\"potentialAction\":[{\"@type\":\"SearchAction\",\"target\":{\"@type\":\"EntryPoint\",\"urlTemplate\":\"https:\/\/denizcankizil.tr\/?s={search_term_string}\"},\"query-input\":{\"@type\":\"PropertyValueSpecification\",\"valueRequired\":true,\"valueName\":\"search_term_string\"}}],\"inLanguage\":\"de\"},{\"@type\":\"Organization\",\"@id\":\"https:\/\/denizcankizil.tr\/#organization\",\"name\":\"Av. Deniz Can K\u0131z\u0131l\",\"url\":\"https:\/\/denizcankizil.tr\/\",\"logo\":{\"@type\":\"ImageObject\",\"inLanguage\":\"de\",\"@id\":\"https:\/\/denizcankizil.tr\/#\/schema\/logo\/image\/\",\"url\":\"https:\/\/denizcankizil.tr\/wp-content\/uploads\/2024\/10\/siyah-logo-svg.svg\",\"contentUrl\":\"https:\/\/denizcankizil.tr\/wp-content\/uploads\/2024\/10\/siyah-logo-svg.svg\",\"width\":1080,\"height\":1080,\"caption\":\"Av. Deniz Can K\u0131z\u0131l\"},\"image\":{\"@id\":\"https:\/\/denizcankizil.tr\/#\/schema\/logo\/image\/\"}},{\"@type\":\"Person\",\"@id\":\"https:\/\/denizcankizil.tr\/#\/schema\/person\/001a271de994a0aa3f90eea084424822\",\"name\":\"Hukuki Haber.net\",\"image\":{\"@type\":\"ImageObject\",\"inLanguage\":\"de\",\"@id\":\"https:\/\/denizcankizil.tr\/#\/schema\/person\/image\/\",\"url\":\"https:\/\/secure.gravatar.com\/avatar\/57d8a49151495586611a149d29fc42865b951dc053a84709a3172ccb5abf3118?s=96&d=mm&r=g\",\"contentUrl\":\"https:\/\/secure.gravatar.com\/avatar\/57d8a49151495586611a149d29fc42865b951dc053a84709a3172ccb5abf3118?s=96&d=mm&r=g\",\"caption\":\"Hukuki Haber.net\"},\"sameAs\":[\"http:\/\/www.hukukihaber.net\"],\"url\":\"https:\/\/denizcankizil.tr\/de\/author\/hukukihabernet\/\"}]}<\/script>\n<!-- \/ Yoast SEO Premium plugin. -->","yoast_head_json":{"title":"\u015e\u0130RKET\u0130N T\u00dcZEL K\u0130\u015e\u0130L\u0130\u011e\u0130 SONA ERD\u0130KTEN SONRA \u015e\u0130RKET ADINA YAPILAN \u0130\u015eLEMLER H\u00dcK\u00dcM VE SONU\u00c7 DO\u011eURMAYACA\u011eINDAN, T\u00dcZEL K\u0130\u015e\u0130L\u0130K SONA ERD\u0130KTEN SONRA VERG\u0130 BOR\u00c7LARININ YAPILANDIRILMASI TAHS\u0130L ZAMANA\u015eIMINI KESMEZ - Av. Deniz Can K\u0131z\u0131l","robots":{"index":"index","follow":"follow","max-snippet":"max-snippet:-1","max-image-preview":"max-image-preview:large","max-video-preview":"max-video-preview:-1"},"canonical":"https:\/\/denizcankizil.tr\/de\/hukukihaber\/sirketin-tuzel-kisiligi-sona-erdikten-sonra-sirket-adina-yapilan-islemler-hukum-ve-sonuc-dogurmayacagindan-tuzel-kisilik-sona-erdikten-sonra-vergi-borclarinin-yapilandirilmasi-tahsil-zamanasimini-kes\/","og_locale":"de_DE","og_type":"article","og_title":"\u015e\u0130RKET\u0130N T\u00dcZEL K\u0130\u015e\u0130L\u0130\u011e\u0130 SONA ERD\u0130KTEN SONRA \u015e\u0130RKET ADINA YAPILAN \u0130\u015eLEMLER H\u00dcK\u00dcM VE SONU\u00c7 DO\u011eURMAYACA\u011eINDAN, T\u00dcZEL K\u0130\u015e\u0130L\u0130K SONA ERD\u0130KTEN SONRA VERG\u0130 BOR\u00c7LARININ YAPILANDIRILMASI TAHS\u0130L ZAMANA\u015eIMINI KESMEZ","og_description":"T.C. DANI\u015eTAY 3. DA\u0130RE Esas Numaras\u0131: 2023\/5681 Karar Numaras\u0131: 2024\/4550 Karar Tarihi: 04.07.2024 KAMU ALACA\u011eININ TAHS\u0130L\u0130 TEMY\u0130Z \u0130NCELEMES\u0130 \u00dcZER\u0130NE VER\u0130LECEK KARARLAR B\u00d6LGE \u0130DARE MAHKEMELER\u0130N\u0130N N\u0130HA\u0130 KARARLARININ TEMY\u0130ZEN BOZULMASININ, \u0130DAR\u0130 YARGILAMA USUL\u00dc KANUNU&#8217;NUN 49. MADDES\u0130NDE YER ALAN SEBEPLERDEN B\u0130R\u0130N\u0130N VARLI\u011eI H\u00c2L\u0130NDE M\u00dcMK\u00dcN OLDU\u011eU \u00d6ZET\u0130: Kamu alaca\u011f\u0131n\u0131n as\u0131l bor\u00e7lusu \u015firketin 12\/08\/2013 tarihinde t\u00fczel ki\u015fili\u011finin sonra erdi\u011finin anla\u015f\u0131ld\u0131\u011f\u0131 olayda, bu tarihten sonra \u015firket ad\u0131na yap\u0131lan i\u015flemlerin h\u00fck\u00fcm ve sonu\u00e7 do\u011furmayaca\u011f\u0131, 2013 y\u0131l\u0131 kabul edilse dahi tahsil zamana\u015f\u0131m\u0131 s\u00fcresinin 31\/12\/2018 tarihinde dolaca\u011f\u0131 dolay\u0131s\u0131yla 2021 y\u0131l\u0131nda tebli\u011f edilen dava konusu \u00f6deme emirlerine konu alaca\u011f\u0131n tahsil zamana\u015f\u0131m\u0131na u\u011frad\u0131\u011f\u0131 gerek\u00e7esiyle \u00f6deme emirleri iptal edilmi\u015ftir. \u0130STEM\u0130N KONUSU: &#8230; Vergi Mahkemesinin &#8230; tarih ve E:&#8230;, K:&#8230; say\u0131l\u0131 karar\u0131na y\u00f6neltilen istinaf ba\u015fvurusuna ili\u015fkin &#8230; B\u00f6lge \u0130dare Mahkemesi &#8230; Vergi Dava Dairesinin &#8230; tarih ve E:&#8230; , K:&#8230; say\u0131l\u0131 karar\u0131n\u0131n temyizen incelenerek bozulmas\u0131 istenilmektedir. YARGILAMA S\u00dcREC\u0130 : Dava konusu istem: Davac\u0131 ad\u0131na, &#8230; Radyo ve Televizyon Yay\u0131nlar\u0131 Anonim \u015eirketinden al\u0131namayan 2002, 2004, 2005, 2007 ila 2010 y\u0131llar\u0131na ait muhtelif kamu alaca\u011f\u0131n\u0131n tahsili amac\u0131yla kanuni temsilci s\u0131fat\u0131yla d\u00fczenlenen &#8230; tarih ve &#8230; ila &#8230; ve &#8230; takip numaral\u0131 \u00f6deme emirlerinin iptali istemine ili\u015fkindir. \u0130lk Derece Mahkemesi karar\u0131n\u0131n \u00f6zeti: Kamu alaca\u011f\u0131n\u0131n as\u0131l bor\u00e7lusu \u015firketin 12\/08\/2013 tarihinde t\u00fczel ki\u015fili\u011finin sonra erdi\u011finin anla\u015f\u0131ld\u0131\u011f\u0131 olayda, bu &hellip;","og_url":"https:\/\/denizcankizil.tr\/de\/hukukihaber\/sirketin-tuzel-kisiligi-sona-erdikten-sonra-sirket-adina-yapilan-islemler-hukum-ve-sonuc-dogurmayacagindan-tuzel-kisilik-sona-erdikten-sonra-vergi-borclarinin-yapilandirilmasi-tahsil-zamanasimini-kes\/","og_site_name":"Av. Deniz Can K\u0131z\u0131l","article_published_time":"2025-02-12T11:03:00+00:00","author":"Hukuki Haber.net","twitter_card":"summary_large_image","twitter_misc":{"Verfasst von":"Hukuki Haber.net","Gesch\u00e4tzte Lesezeit":"6\u00a0Minuten"},"schema":{"@context":"https:\/\/schema.org","@graph":[{"@type":"Article","@id":"https:\/\/denizcankizil.tr\/de\/hukukihaber\/sirketin-tuzel-kisiligi-sona-erdikten-sonra-sirket-adina-yapilan-islemler-hukum-ve-sonuc-dogurmayacagindan-tuzel-kisilik-sona-erdikten-sonra-vergi-borclarinin-yapilandirilmasi-tahsil-zamanasimini-kes\/#article","isPartOf":{"@id":"https:\/\/denizcankizil.tr\/de\/hukukihaber\/sirketin-tuzel-kisiligi-sona-erdikten-sonra-sirket-adina-yapilan-islemler-hukum-ve-sonuc-dogurmayacagindan-tuzel-kisilik-sona-erdikten-sonra-vergi-borclarinin-yapilandirilmasi-tahsil-zamanasimini-kes\/"},"author":{"name":"Hukuki Haber.net","@id":"https:\/\/denizcankizil.tr\/#\/schema\/person\/001a271de994a0aa3f90eea084424822"},"headline":"\u015e\u0130RKET\u0130N T\u00dcZEL K\u0130\u015e\u0130L\u0130\u011e\u0130 SONA ERD\u0130KTEN SONRA \u015e\u0130RKET ADINA YAPILAN \u0130\u015eLEMLER H\u00dcK\u00dcM VE SONU\u00c7 DO\u011eURMAYACA\u011eINDAN, T\u00dcZEL K\u0130\u015e\u0130L\u0130K SONA ERD\u0130KTEN SONRA VERG\u0130 BOR\u00c7LARININ YAPILANDIRILMASI TAHS\u0130L ZAMANA\u015eIMINI KESMEZ","datePublished":"2025-02-12T11:03:00+00:00","mainEntityOfPage":{"@id":"https:\/\/denizcankizil.tr\/de\/hukukihaber\/sirketin-tuzel-kisiligi-sona-erdikten-sonra-sirket-adina-yapilan-islemler-hukum-ve-sonuc-dogurmayacagindan-tuzel-kisilik-sona-erdikten-sonra-vergi-borclarinin-yapilandirilmasi-tahsil-zamanasimini-kes\/"},"wordCount":1272,"commentCount":0,"publisher":{"@id":"https:\/\/denizcankizil.tr\/#organization"},"articleSection":["Hukuki Haberler"],"inLanguage":"de","potentialAction":[{"@type":"CommentAction","name":"Comment","target":["https:\/\/denizcankizil.tr\/de\/hukukihaber\/sirketin-tuzel-kisiligi-sona-erdikten-sonra-sirket-adina-yapilan-islemler-hukum-ve-sonuc-dogurmayacagindan-tuzel-kisilik-sona-erdikten-sonra-vergi-borclarinin-yapilandirilmasi-tahsil-zamanasimini-kes\/#respond"]}]},{"@type":"WebPage","@id":"https:\/\/denizcankizil.tr\/de\/hukukihaber\/sirketin-tuzel-kisiligi-sona-erdikten-sonra-sirket-adina-yapilan-islemler-hukum-ve-sonuc-dogurmayacagindan-tuzel-kisilik-sona-erdikten-sonra-vergi-borclarinin-yapilandirilmasi-tahsil-zamanasimini-kes\/","url":"https:\/\/denizcankizil.tr\/de\/hukukihaber\/sirketin-tuzel-kisiligi-sona-erdikten-sonra-sirket-adina-yapilan-islemler-hukum-ve-sonuc-dogurmayacagindan-tuzel-kisilik-sona-erdikten-sonra-vergi-borclarinin-yapilandirilmasi-tahsil-zamanasimini-kes\/","name":"\u015e\u0130RKET\u0130N T\u00dcZEL K\u0130\u015e\u0130L\u0130\u011e\u0130 SONA ERD\u0130KTEN SONRA \u015e\u0130RKET ADINA YAPILAN \u0130\u015eLEMLER H\u00dcK\u00dcM VE SONU\u00c7 DO\u011eURMAYACA\u011eINDAN, T\u00dcZEL K\u0130\u015e\u0130L\u0130K SONA ERD\u0130KTEN SONRA VERG\u0130 BOR\u00c7LARININ YAPILANDIRILMASI TAHS\u0130L ZAMANA\u015eIMINI KESMEZ - Av. Deniz Can K\u0131z\u0131l","isPartOf":{"@id":"https:\/\/denizcankizil.tr\/#website"},"datePublished":"2025-02-12T11:03:00+00:00","breadcrumb":{"@id":"https:\/\/denizcankizil.tr\/de\/hukukihaber\/sirketin-tuzel-kisiligi-sona-erdikten-sonra-sirket-adina-yapilan-islemler-hukum-ve-sonuc-dogurmayacagindan-tuzel-kisilik-sona-erdikten-sonra-vergi-borclarinin-yapilandirilmasi-tahsil-zamanasimini-kes\/#breadcrumb"},"inLanguage":"de","potentialAction":[{"@type":"ReadAction","target":["https:\/\/denizcankizil.tr\/de\/hukukihaber\/sirketin-tuzel-kisiligi-sona-erdikten-sonra-sirket-adina-yapilan-islemler-hukum-ve-sonuc-dogurmayacagindan-tuzel-kisilik-sona-erdikten-sonra-vergi-borclarinin-yapilandirilmasi-tahsil-zamanasimini-kes\/"]}]},{"@type":"BreadcrumbList","@id":"https:\/\/denizcankizil.tr\/de\/hukukihaber\/sirketin-tuzel-kisiligi-sona-erdikten-sonra-sirket-adina-yapilan-islemler-hukum-ve-sonuc-dogurmayacagindan-tuzel-kisilik-sona-erdikten-sonra-vergi-borclarinin-yapilandirilmasi-tahsil-zamanasimini-kes\/#breadcrumb","itemListElement":[{"@type":"ListItem","position":1,"name":"Home","item":"https:\/\/denizcankizil.tr\/de\/"},{"@type":"ListItem","position":2,"name":"\u015e\u0130RKET\u0130N T\u00dcZEL K\u0130\u015e\u0130L\u0130\u011e\u0130 SONA ERD\u0130KTEN SONRA \u015e\u0130RKET ADINA YAPILAN \u0130\u015eLEMLER H\u00dcK\u00dcM VE SONU\u00c7 DO\u011eURMAYACA\u011eINDAN, T\u00dcZEL K\u0130\u015e\u0130L\u0130K SONA ERD\u0130KTEN SONRA VERG\u0130 BOR\u00c7LARININ YAPILANDIRILMASI TAHS\u0130L ZAMANA\u015eIMINI KESMEZ"}]},{"@type":"WebSite","@id":"https:\/\/denizcankizil.tr\/#website","url":"https:\/\/denizcankizil.tr\/","name":"Av. Deniz Can K\u0131z\u0131l","description":"Avukat Deniz Can K\u0131z\u0131l Antalya Barosu","publisher":{"@id":"https:\/\/denizcankizil.tr\/#organization"},"potentialAction":[{"@type":"SearchAction","target":{"@type":"EntryPoint","urlTemplate":"https:\/\/denizcankizil.tr\/?s={search_term_string}"},"query-input":{"@type":"PropertyValueSpecification","valueRequired":true,"valueName":"search_term_string"}}],"inLanguage":"de"},{"@type":"Organization","@id":"https:\/\/denizcankizil.tr\/#organization","name":"Av. Deniz Can K\u0131z\u0131l","url":"https:\/\/denizcankizil.tr\/","logo":{"@type":"ImageObject","inLanguage":"de","@id":"https:\/\/denizcankizil.tr\/#\/schema\/logo\/image\/","url":"https:\/\/denizcankizil.tr\/wp-content\/uploads\/2024\/10\/siyah-logo-svg.svg","contentUrl":"https:\/\/denizcankizil.tr\/wp-content\/uploads\/2024\/10\/siyah-logo-svg.svg","width":1080,"height":1080,"caption":"Av. Deniz Can K\u0131z\u0131l"},"image":{"@id":"https:\/\/denizcankizil.tr\/#\/schema\/logo\/image\/"}},{"@type":"Person","@id":"https:\/\/denizcankizil.tr\/#\/schema\/person\/001a271de994a0aa3f90eea084424822","name":"Hukuki Haber.net","image":{"@type":"ImageObject","inLanguage":"de","@id":"https:\/\/denizcankizil.tr\/#\/schema\/person\/image\/","url":"https:\/\/secure.gravatar.com\/avatar\/57d8a49151495586611a149d29fc42865b951dc053a84709a3172ccb5abf3118?s=96&d=mm&r=g","contentUrl":"https:\/\/secure.gravatar.com\/avatar\/57d8a49151495586611a149d29fc42865b951dc053a84709a3172ccb5abf3118?s=96&d=mm&r=g","caption":"Hukuki Haber.net"},"sameAs":["http:\/\/www.hukukihaber.net"],"url":"https:\/\/denizcankizil.tr\/de\/author\/hukukihabernet\/"}]}},"_links":{"self":[{"href":"https:\/\/denizcankizil.tr\/de\/wp-json\/wp\/v2\/posts\/32261","targetHints":{"allow":["GET"]}}],"collection":[{"href":"https:\/\/denizcankizil.tr\/de\/wp-json\/wp\/v2\/posts"}],"about":[{"href":"https:\/\/denizcankizil.tr\/de\/wp-json\/wp\/v2\/types\/post"}],"author":[{"embeddable":true,"href":"https:\/\/denizcankizil.tr\/de\/wp-json\/wp\/v2\/users\/3"}],"replies":[{"embeddable":true,"href":"https:\/\/denizcankizil.tr\/de\/wp-json\/wp\/v2\/comments?post=32261"}],"version-history":[{"count":0,"href":"https:\/\/denizcankizil.tr\/de\/wp-json\/wp\/v2\/posts\/32261\/revisions"}],"wp:attachment":[{"href":"https:\/\/denizcankizil.tr\/de\/wp-json\/wp\/v2\/media?parent=32261"}],"wp:term":[{"taxonomy":"category","embeddable":true,"href":"https:\/\/denizcankizil.tr\/de\/wp-json\/wp\/v2\/categories?post=32261"},{"taxonomy":"post_tag","embeddable":true,"href":"https:\/\/denizcankizil.tr\/de\/wp-json\/wp\/v2\/tags?post=32261"}],"curies":[{"name":"wp","href":"https:\/\/api.w.org\/{rel}","templated":true}]}}