{"id":32202,"date":"2025-02-12T11:41:31","date_gmt":"2025-02-12T08:41:31","guid":{"rendered":"https:\/\/denizcankizil.tr\/uncategorized-tr\/kepezin-ay-deresine-engelsiz-park\/"},"modified":"2025-02-12T11:41:31","modified_gmt":"2025-02-12T08:41:31","slug":"kepezin-ay-deresine-engelsiz-park","status":"publish","type":"post","link":"https:\/\/denizcankizil.tr\/de\/haberler\/antalya\/kepezin-ay-deresine-engelsiz-park\/","title":{"rendered":"Kepez&#8217;in Ay Deresi&#8217;ne engelsiz park"},"content":{"rendered":"<p>Kepez&#8217;in G\u00fcne\u015f Mahallesi&#8217;nde bulunan Ay Deresi, park ve \u00e7evre d\u00fczenlemesiyle yemye\u015fil bir dokuya kavu\u015ftu. 6 bin 333 metrekarelik alanda ger\u00e7ekle\u015ftirilen park ve \u00e7evre d\u00fczenlemesi t\u00f6renle a\u00e7\u0131ld\u0131. A\u00e7\u0131l\u0131\u015fta konu\u015fan Kepez Belediye Ba\u015fkan\u0131 Mesut Kocag\u00f6z, se\u00e7ilmesinin ard\u0131ndan ya\u015fad\u0131\u011f\u0131 cezaevi s\u00fcrecine de\u011finerek, 6,5 ayl\u0131k zaman diliminde il\u00e7eye yapt\u0131klar\u0131 hizmetleri anlatt\u0131. Kepez Belediyesi&#8217;ni 1 milyar 226 milyon lira bor\u00e7la devrald\u0131klar\u0131n\u0131 ve \u015fu ana kadar 493 milyon TL borcun \u00f6dendi\u011fini aktaran Ba\u015fkan Kocag\u00f6z, &#8220;Harcad\u0131\u011f\u0131m\u0131z paralar milletin paras\u0131&#8221; dedi. Ba\u015fkan Kocag\u00f6z, &#8220;Bir yandan bor\u00e7 \u00f6d\u00fcyoruz, bir yandan da &#8216;Kepez&#8217;in en b\u00fcy\u00fck problemi, sel, su bask\u0131n\u0131 olmayacak&#8217; demi\u015ftik. Bununla m\u00fccadele ediyoruz. 2024 \u015eubat ay\u0131nda bu mahalleyi sel bast\u0131. Do\u011fa olaylar\u0131 bir daha olmayacak diye bir \u015fey yok. \u00d6nlemini almak zorunday\u0131z. \u00c7\u00fcnk\u00fc biz belediyecili\u011fi insana hizmet olarak g\u00f6r\u00fcyoruz. \u015eov olarak g\u00f6rm\u00fcyoruz&#8221; dedi.<\/p>\n<p>&#8216;\u00d6NCEL\u0130KLE DERE ISLAHI YAPILDI&#8217;<\/p>\n<p>Ay Deresi&#8217;nin y\u0131larca su bask\u0131nlar\u0131 ile kar\u015f\u0131 kar\u015f\u0131ya kald\u0131\u011f\u0131n\u0131 belirten Ba\u015fkan Kocag\u00f6z, &#8220;Dere yata\u011f\u0131na gecekondular yap\u0131lm\u0131\u015f. Se\u00e7imden \u00f6nce s\u00f6z verdi\u011fimiz gibi dere yata\u011f\u0131nda 14 gecekondu vard\u0131 ve kimseyi ma\u011fdur etmeden yerlerini vererek buradan kald\u0131rd\u0131k. Dere yata\u011f\u0131nda bir tane ev koymayaca\u011f\u0131z. \u00c7\u00fcnk\u00fc insan\u0131m\u0131z bizim i\u00e7in k\u0131ymetli. \u00d6ncelikle buradaki \u00e7al\u0131\u015fmalar\u0131m\u0131zda dere yata\u011f\u0131n\u0131 \u0131slah ettik. 250 metre uzunlu\u011funda 9 metre geni\u015fli\u011finde dere \u0131slah\u0131 yap\u0131ld\u0131. 500 metre uzunlu\u011funda, 2 metre y\u00fckseklikte ta\u015f tahkimat, 240 metre uzunlu\u011funda 205 ton s\u0131cak asfalt serimi, y\u00fcr\u00fcy\u00fc\u015f yollar\u0131 gibi bir\u00e7ok \u00e7al\u0131\u015fma yap\u0131ld\u0131. Burada Kepez&#8217;de olmayan bir \u015feyi engelsiz park\u0131 yapt\u0131k&#8221; diye konu\u015ftu.<\/p>\n<p>&#8216;\u0130NSANLARIMIZIN DERD\u0130 B\u0130Z\u0130M DERD\u0130M\u0130Z&#8217;<\/p>\n<p>Kepez&#8217; de temeli at\u0131lan ve a\u00e7\u0131l\u0131\u015f\u0131 yap\u0131lan hizmet \u00e7al\u0131\u015fmalar\u0131na de\u011finerek s\u00f6zlerini s\u00fcrd\u00fcren Ba\u015fkan Kocag\u00f6z, &#8220;\u0130nsanlar\u0131m\u0131z\u0131n derdi bizim derdimiz. Biz insanlar\u0131m\u0131z\u0131n dertlerine derman olmaya geldik. Yola \u00e7\u0131karken &#8216;Bir ki\u015fi yata\u011fa a\u00e7 girmeyecek&#8217; dedik. Bu sokaklarda bir \u00e7ocuk yal\u0131n ayak gezmeyecek, \u00fc\u015f\u00fcmeyecek. 100 kilometre yol yaparken, 1 tane \u00e7ocuk yal\u0131n ayak gezmesin. &#8216;\u0130nsan\u0131 ya\u015fat ki devlet ya\u015fas\u0131n&#8217; mant\u0131\u011f\u0131yla hareket ediyoruz. Bizim insan\u0131m\u0131z her \u015feyden de\u011ferli. Kepez halk\u0131 bize g\u00fcvendi. G\u00fcne\u015f Mahallesi halk\u0131 bize g\u00fcvendi. Biz &#8216;\u0130yi ki oylar\u0131m\u0131z\u0131 vermi\u015fiz&#8217; demenizi istiyoruz. Oylar\u0131n\u0131z\u0131n halklar\u0131n\u0131 helal ettirmek istiyoruz&#8221; dedi.<\/p>\n<p>\u00c7\u00d6P TAKS\u0130 UYGULAMASI<\/p>\n<p>Kepez&#8217;de 18 bin 500 \u00e7\u00f6p konteyneri oldu\u011funu ve bunlar\u0131n \u00fczerine WhatsApp ihbar numaralar\u0131 yaz\u0131laca\u011f\u0131n\u0131 belirten Ba\u015fkan Kocag\u00f6z, &#8220;L\u00fctfen hepiniz kendinizi belediye ba\u015fkan\u0131 olarak g\u00f6r\u00fcn. Mahallenizdeki b\u00fct\u00fcn problemleri foto\u011fraflayarak bize at\u0131n. Belki Antalya&#8217;da ilk kez olacak. \u00c7\u00f6p taksi uygulamas\u0131n\u0131 getiriyoruz. &#8216;Alo&#8217; diyeceksiniz, o g\u00fcn i\u00e7inde hemen size \u00e7\u00f6z\u00fcmle gelece\u011fiz. Bu konuda muhtarlar\u0131m\u0131za \u00e7ok i\u015f d\u00fc\u015f\u00fcyor&#8221; diye konu\u015ftu.<\/p>\n<p>&#8216;KEPEZ&#8217;DE HAREKET VAR&#8217;<\/p>\n<p>Hizmet \u00e7al\u0131\u015fmalar\u0131na de\u011finerek s\u00f6zlerini s\u00fcrd\u00fcren Ba\u015fkan Kocag\u00f6z, &#8220;2 ya da 3 mahalleyi birle\u015ftirerek y\u00fcr\u00fcy\u00fc\u015f yollar\u0131 yapaca\u011f\u0131z. Halk g\u00fcnlerini belediyede de\u011fil, makamda de\u011fil, vatanda\u015f\u0131n aya\u011f\u0131nda yapaca\u011f\u0131z. Kepez&#8217;de hareket var. Halk\u0131m\u0131zla beraber sabahlar\u0131 y\u00fcr\u00fcy\u00fc\u015f yapaca\u011f\u0131z. Derdi olan, s\u0131k\u0131nt\u0131s\u0131 olan mahallesinde bize s\u00f6yleyecek. Biz o dertlere \u00e7\u00f6z\u00fcm olmak i\u00e7in m\u00fccadele edece\u011fiz&#8221; dedi.<\/p>\n<p>A\u00e7\u0131l\u0131\u015fta CHP Kepez \u0130l\u00e7e Ba\u015fkan\u0131 G\u00f6khan \u00d6lmez ve G\u00fcne\u015f Mahalle Muhtar\u0131 Aslan Kaya da birer konu\u015fma yaparak, hizmetlerinden dolay\u0131 Kepez Belediye Ba\u015fkan\u0131 Mesut Kocag\u00f6z&#8217;e te\u015fekk\u00fcr etti. Konu\u015fmalar\u0131n ard\u0131ndan kurdele kesimiyle Ay Deresi park ve \u00e7evre d\u00fczenlemesi t\u00f6renle vatanda\u015flar\u0131n hizmetine a\u00e7\u0131ld\u0131. Ba\u015fkan Kocag\u00f6z, a\u00e7\u0131l\u0131\u015fa kat\u0131lan misafirlerle beraber Ay Deresi park\u0131n\u0131 gezdi.<\/p>\n<p>Kaynak: www.kanalv.com.tr Haber Sitesinden Al\u0131nm\u0131\u015ft\u0131r.<\/p>","protected":false},"excerpt":{"rendered":"<p>Kepez&#8217;in G\u00fcne\u015f Mahallesi&#8217;nde bulunan Ay Deresi, park ve \u00e7evre d\u00fczenlemesiyle yemye\u015fil bir dokuya kavu\u015ftu. 6 bin 333 metrekarelik alanda ger\u00e7ekle\u015ftirilen park ve \u00e7evre d\u00fczenlemesi t\u00f6renle a\u00e7\u0131ld\u0131. A\u00e7\u0131l\u0131\u015fta konu\u015fan Kepez Belediye Ba\u015fkan\u0131 Mesut Kocag\u00f6z, se\u00e7ilmesinin ard\u0131ndan ya\u015fad\u0131\u011f\u0131 cezaevi s\u00fcrecine de\u011finerek, 6,5 ayl\u0131k zaman diliminde il\u00e7eye yapt\u0131klar\u0131 hizmetleri anlatt\u0131. Kepez Belediyesi&#8217;ni 1 milyar 226 milyon lira bor\u00e7la devrald\u0131klar\u0131n\u0131 ve \u015fu ana kadar 493 milyon TL borcun \u00f6dendi\u011fini aktaran Ba\u015fkan Kocag\u00f6z, &#8220;Harcad\u0131\u011f\u0131m\u0131z paralar milletin paras\u0131&#8221; dedi. Ba\u015fkan Kocag\u00f6z, &#8220;Bir yandan bor\u00e7 \u00f6d\u00fcyoruz, bir yandan da &#8216;Kepez&#8217;in en b\u00fcy\u00fck problemi, sel, su bask\u0131n\u0131 olmayacak&#8217; demi\u015ftik. Bununla m\u00fccadele ediyoruz. 2024 \u015eubat ay\u0131nda bu mahalleyi sel bast\u0131. Do\u011fa olaylar\u0131 bir daha olmayacak diye bir \u015fey yok. \u00d6nlemini almak zorunday\u0131z. \u00c7\u00fcnk\u00fc biz belediyecili\u011fi insana hizmet olarak g\u00f6r\u00fcyoruz. \u015eov olarak g\u00f6rm\u00fcyoruz&#8221; dedi. &#8216;\u00d6NCEL\u0130KLE DERE ISLAHI YAPILDI&#8217; Ay Deresi&#8217;nin y\u0131larca su bask\u0131nlar\u0131 ile kar\u015f\u0131 kar\u015f\u0131ya kald\u0131\u011f\u0131n\u0131 belirten Ba\u015fkan Kocag\u00f6z, &#8220;Dere yata\u011f\u0131na gecekondular yap\u0131lm\u0131\u015f. Se\u00e7imden \u00f6nce s\u00f6z verdi\u011fimiz gibi dere yata\u011f\u0131nda 14 gecekondu vard\u0131 ve kimseyi ma\u011fdur etmeden yerlerini vererek buradan kald\u0131rd\u0131k. Dere yata\u011f\u0131nda bir tane ev koymayaca\u011f\u0131z. \u00c7\u00fcnk\u00fc insan\u0131m\u0131z bizim i\u00e7in k\u0131ymetli. \u00d6ncelikle buradaki \u00e7al\u0131\u015fmalar\u0131m\u0131zda dere yata\u011f\u0131n\u0131 \u0131slah ettik. 250 metre uzunlu\u011funda 9 metre geni\u015fli\u011finde dere \u0131slah\u0131 yap\u0131ld\u0131. 500 metre uzunlu\u011funda, 2 metre y\u00fckseklikte ta\u015f tahkimat, 240 metre uzunlu\u011funda &hellip;<\/p>","protected":false},"author":4,"featured_media":32203,"comment_status":"open","ping_status":"open","sticky":false,"template":"","format":"standard","meta":{"_acf_changed":false,"footnotes":""},"categories":[26],"tags":[],"class_list":["post-32202","post","type-post","status-publish","format-standard","has-post-thumbnail","hentry","category-antalya"],"acf":[],"yoast_head":"<!-- This site is optimized with the Yoast SEO Premium plugin v26.6 (Yoast SEO v27.1.1) - https:\/\/yoast.com\/product\/yoast-seo-premium-wordpress\/ -->\n<title>Kepez&#039;in Ay Deresi&#039;ne engelsiz park - Av. Deniz Can K\u0131z\u0131l<\/title>\n<meta name=\"robots\" content=\"index, follow, max-snippet:-1, max-image-preview:large, max-video-preview:-1\" \/>\n<link rel=\"canonical\" href=\"https:\/\/denizcankizil.tr\/de\/haberler\/antalya\/kepezin-ay-deresine-engelsiz-park\/\" \/>\n<meta property=\"og:locale\" content=\"de_DE\" \/>\n<meta property=\"og:type\" content=\"article\" \/>\n<meta property=\"og:title\" content=\"Kepez&#039;in Ay Deresi&#039;ne engelsiz park\" \/>\n<meta property=\"og:description\" content=\"Kepez&#8217;in G\u00fcne\u015f Mahallesi&#8217;nde bulunan Ay Deresi, park ve \u00e7evre d\u00fczenlemesiyle yemye\u015fil bir dokuya kavu\u015ftu. 6 bin 333 metrekarelik alanda ger\u00e7ekle\u015ftirilen park ve \u00e7evre d\u00fczenlemesi t\u00f6renle a\u00e7\u0131ld\u0131. A\u00e7\u0131l\u0131\u015fta konu\u015fan Kepez Belediye Ba\u015fkan\u0131 Mesut Kocag\u00f6z, se\u00e7ilmesinin ard\u0131ndan ya\u015fad\u0131\u011f\u0131 cezaevi s\u00fcrecine de\u011finerek, 6,5 ayl\u0131k zaman diliminde il\u00e7eye yapt\u0131klar\u0131 hizmetleri anlatt\u0131. Kepez Belediyesi&#8217;ni 1 milyar 226 milyon lira bor\u00e7la devrald\u0131klar\u0131n\u0131 ve \u015fu ana kadar 493 milyon TL borcun \u00f6dendi\u011fini aktaran Ba\u015fkan Kocag\u00f6z, &#8220;Harcad\u0131\u011f\u0131m\u0131z paralar milletin paras\u0131&#8221; dedi. Ba\u015fkan Kocag\u00f6z, &#8220;Bir yandan bor\u00e7 \u00f6d\u00fcyoruz, bir yandan da &#8216;Kepez&#8217;in en b\u00fcy\u00fck problemi, sel, su bask\u0131n\u0131 olmayacak&#8217; demi\u015ftik. Bununla m\u00fccadele ediyoruz. 2024 \u015eubat ay\u0131nda bu mahalleyi sel bast\u0131. Do\u011fa olaylar\u0131 bir daha olmayacak diye bir \u015fey yok. \u00d6nlemini almak zorunday\u0131z. \u00c7\u00fcnk\u00fc biz belediyecili\u011fi insana hizmet olarak g\u00f6r\u00fcyoruz. \u015eov olarak g\u00f6rm\u00fcyoruz&#8221; dedi. &#8216;\u00d6NCEL\u0130KLE DERE ISLAHI YAPILDI&#8217; Ay Deresi&#8217;nin y\u0131larca su bask\u0131nlar\u0131 ile kar\u015f\u0131 kar\u015f\u0131ya kald\u0131\u011f\u0131n\u0131 belirten Ba\u015fkan Kocag\u00f6z, &#8220;Dere yata\u011f\u0131na gecekondular yap\u0131lm\u0131\u015f. Se\u00e7imden \u00f6nce s\u00f6z verdi\u011fimiz gibi dere yata\u011f\u0131nda 14 gecekondu vard\u0131 ve kimseyi ma\u011fdur etmeden yerlerini vererek buradan kald\u0131rd\u0131k. Dere yata\u011f\u0131nda bir tane ev koymayaca\u011f\u0131z. \u00c7\u00fcnk\u00fc insan\u0131m\u0131z bizim i\u00e7in k\u0131ymetli. \u00d6ncelikle buradaki \u00e7al\u0131\u015fmalar\u0131m\u0131zda dere yata\u011f\u0131n\u0131 \u0131slah ettik. 250 metre uzunlu\u011funda 9 metre geni\u015fli\u011finde dere \u0131slah\u0131 yap\u0131ld\u0131. 500 metre uzunlu\u011funda, 2 metre y\u00fckseklikte ta\u015f tahkimat, 240 metre uzunlu\u011funda &hellip;\" \/>\n<meta property=\"og:url\" content=\"https:\/\/denizcankizil.tr\/de\/haberler\/antalya\/kepezin-ay-deresine-engelsiz-park\/\" \/>\n<meta property=\"og:site_name\" content=\"Av. Deniz Can K\u0131z\u0131l\" \/>\n<meta property=\"article:published_time\" content=\"2025-02-12T08:41:31+00:00\" \/>\n<meta property=\"og:image\" content=\"https:\/\/denizcankizil.tr\/wp-content\/uploads\/2025\/02\/4593-01-iozS1n.jpeg\" \/>\n\t<meta property=\"og:image:width\" content=\"1280\" \/>\n\t<meta property=\"og:image:height\" content=\"720\" \/>\n\t<meta property=\"og:image:type\" content=\"image\/jpeg\" \/>\n<meta name=\"author\" content=\"Av. Deniz Can K\u0131z\u0131l\" \/>\n<meta name=\"twitter:card\" content=\"summary_large_image\" \/>\n<meta name=\"twitter:label1\" content=\"Verfasst von\" \/>\n\t<meta name=\"twitter:data1\" content=\"Av. Deniz Can K\u0131z\u0131l\" \/>\n\t<meta name=\"twitter:label2\" content=\"Gesch\u00e4tzte Lesezeit\" \/>\n\t<meta name=\"twitter:data2\" content=\"3\u00a0Minuten\" \/>\n<script type=\"application\/ld+json\" class=\"yoast-schema-graph\">{\"@context\":\"https:\/\/schema.org\",\"@graph\":[{\"@type\":\"Article\",\"@id\":\"https:\/\/denizcankizil.tr\/de\/haberler\/antalya\/kepezin-ay-deresine-engelsiz-park\/#article\",\"isPartOf\":{\"@id\":\"https:\/\/denizcankizil.tr\/de\/haberler\/antalya\/kepezin-ay-deresine-engelsiz-park\/\"},\"author\":{\"name\":\"Av. Deniz Can K\u0131z\u0131l\",\"@id\":\"https:\/\/denizcankizil.tr\/de\/#\/schema\/person\/5dc1b22991bd7ac833867c10afc9b0ff\"},\"headline\":\"Kepez&#8217;in Ay Deresi&#8217;ne engelsiz park\",\"datePublished\":\"2025-02-12T08:41:31+00:00\",\"mainEntityOfPage\":{\"@id\":\"https:\/\/denizcankizil.tr\/de\/haberler\/antalya\/kepezin-ay-deresine-engelsiz-park\/\"},\"wordCount\":688,\"commentCount\":0,\"publisher\":{\"@id\":\"https:\/\/denizcankizil.tr\/de\/#organization\"},\"image\":{\"@id\":\"https:\/\/denizcankizil.tr\/de\/haberler\/antalya\/kepezin-ay-deresine-engelsiz-park\/#primaryimage\"},\"thumbnailUrl\":\"https:\/\/denizcankizil.tr\/wp-content\/uploads\/2025\/02\/4593-01-iozS1n.jpeg\",\"articleSection\":[\"Antalya\"],\"inLanguage\":\"de\",\"potentialAction\":[{\"@type\":\"CommentAction\",\"name\":\"Comment\",\"target\":[\"https:\/\/denizcankizil.tr\/de\/haberler\/antalya\/kepezin-ay-deresine-engelsiz-park\/#respond\"]}]},{\"@type\":\"WebPage\",\"@id\":\"https:\/\/denizcankizil.tr\/de\/haberler\/antalya\/kepezin-ay-deresine-engelsiz-park\/\",\"url\":\"https:\/\/denizcankizil.tr\/de\/haberler\/antalya\/kepezin-ay-deresine-engelsiz-park\/\",\"name\":\"Kepez'in Ay Deresi'ne engelsiz park - Av. Deniz Can K\u0131z\u0131l\",\"isPartOf\":{\"@id\":\"https:\/\/denizcankizil.tr\/de\/#website\"},\"primaryImageOfPage\":{\"@id\":\"https:\/\/denizcankizil.tr\/de\/haberler\/antalya\/kepezin-ay-deresine-engelsiz-park\/#primaryimage\"},\"image\":{\"@id\":\"https:\/\/denizcankizil.tr\/de\/haberler\/antalya\/kepezin-ay-deresine-engelsiz-park\/#primaryimage\"},\"thumbnailUrl\":\"https:\/\/denizcankizil.tr\/wp-content\/uploads\/2025\/02\/4593-01-iozS1n.jpeg\",\"datePublished\":\"2025-02-12T08:41:31+00:00\",\"breadcrumb\":{\"@id\":\"https:\/\/denizcankizil.tr\/de\/haberler\/antalya\/kepezin-ay-deresine-engelsiz-park\/#breadcrumb\"},\"inLanguage\":\"de\",\"potentialAction\":[{\"@type\":\"ReadAction\",\"target\":[\"https:\/\/denizcankizil.tr\/de\/haberler\/antalya\/kepezin-ay-deresine-engelsiz-park\/\"]}]},{\"@type\":\"ImageObject\",\"inLanguage\":\"de\",\"@id\":\"https:\/\/denizcankizil.tr\/de\/haberler\/antalya\/kepezin-ay-deresine-engelsiz-park\/#primaryimage\",\"url\":\"https:\/\/denizcankizil.tr\/wp-content\/uploads\/2025\/02\/4593-01-iozS1n.jpeg\",\"contentUrl\":\"https:\/\/denizcankizil.tr\/wp-content\/uploads\/2025\/02\/4593-01-iozS1n.jpeg\",\"width\":1280,\"height\":720},{\"@type\":\"BreadcrumbList\",\"@id\":\"https:\/\/denizcankizil.tr\/de\/haberler\/antalya\/kepezin-ay-deresine-engelsiz-park\/#breadcrumb\",\"itemListElement\":[{\"@type\":\"ListItem\",\"position\":1,\"name\":\"Home\",\"item\":\"https:\/\/denizcankizil.tr\/de\/\"},{\"@type\":\"ListItem\",\"position\":2,\"name\":\"Kepez&#8217;in Ay Deresi&#8217;ne engelsiz park\"}]},{\"@type\":\"WebSite\",\"@id\":\"https:\/\/denizcankizil.tr\/de\/#website\",\"url\":\"https:\/\/denizcankizil.tr\/de\/\",\"name\":\"Av. Deniz Can K\u0131z\u0131l\",\"description\":\"Avukat Deniz Can K\u0131z\u0131l Antalya Barosu\",\"publisher\":{\"@id\":\"https:\/\/denizcankizil.tr\/de\/#organization\"},\"potentialAction\":[{\"@type\":\"SearchAction\",\"target\":{\"@type\":\"EntryPoint\",\"urlTemplate\":\"https:\/\/denizcankizil.tr\/de\/?s={search_term_string}\"},\"query-input\":{\"@type\":\"PropertyValueSpecification\",\"valueRequired\":true,\"valueName\":\"search_term_string\"}}],\"inLanguage\":\"de\"},{\"@type\":\"Organization\",\"@id\":\"https:\/\/denizcankizil.tr\/de\/#organization\",\"name\":\"Av. Deniz Can K\u0131z\u0131l\",\"url\":\"https:\/\/denizcankizil.tr\/de\/\",\"logo\":{\"@type\":\"ImageObject\",\"inLanguage\":\"de\",\"@id\":\"https:\/\/denizcankizil.tr\/de\/#\/schema\/logo\/image\/\",\"url\":\"https:\/\/denizcankizil.tr\/wp-content\/uploads\/2024\/10\/siyah-logo-svg.svg\",\"contentUrl\":\"https:\/\/denizcankizil.tr\/wp-content\/uploads\/2024\/10\/siyah-logo-svg.svg\",\"width\":1080,\"height\":1080,\"caption\":\"Av. Deniz Can K\u0131z\u0131l\"},\"image\":{\"@id\":\"https:\/\/denizcankizil.tr\/de\/#\/schema\/logo\/image\/\"}},{\"@type\":\"Person\",\"@id\":\"https:\/\/denizcankizil.tr\/de\/#\/schema\/person\/5dc1b22991bd7ac833867c10afc9b0ff\",\"name\":\"Av. Deniz Can K\u0131z\u0131l\",\"image\":{\"@type\":\"ImageObject\",\"inLanguage\":\"de\",\"@id\":\"https:\/\/denizcankizil.tr\/de\/#\/schema\/person\/image\/\",\"url\":\"https:\/\/secure.gravatar.com\/avatar\/a0b128fb9855c79efc976d5640eedb31dc35ec297594d6016d2cf7c60e975bb6?s=96&d=mm&r=g\",\"contentUrl\":\"https:\/\/secure.gravatar.com\/avatar\/a0b128fb9855c79efc976d5640eedb31dc35ec297594d6016d2cf7c60e975bb6?s=96&d=mm&r=g\",\"caption\":\"Av. Deniz Can K\u0131z\u0131l\"},\"sameAs\":[\"http:\/\/www.denizcankizil.tr\"],\"url\":\"https:\/\/denizcankizil.tr\/de\/author\/denizcankizil\/\"}]}<\/script>\n<!-- \/ Yoast SEO Premium plugin. -->","yoast_head_json":{"title":"Kepez'in Ay Deresi'ne engelsiz park - Av. Deniz Can K\u0131z\u0131l","robots":{"index":"index","follow":"follow","max-snippet":"max-snippet:-1","max-image-preview":"max-image-preview:large","max-video-preview":"max-video-preview:-1"},"canonical":"https:\/\/denizcankizil.tr\/de\/haberler\/antalya\/kepezin-ay-deresine-engelsiz-park\/","og_locale":"de_DE","og_type":"article","og_title":"Kepez'in Ay Deresi'ne engelsiz park","og_description":"Kepez&#8217;in G\u00fcne\u015f Mahallesi&#8217;nde bulunan Ay Deresi, park ve \u00e7evre d\u00fczenlemesiyle yemye\u015fil bir dokuya kavu\u015ftu. 6 bin 333 metrekarelik alanda ger\u00e7ekle\u015ftirilen park ve \u00e7evre d\u00fczenlemesi t\u00f6renle a\u00e7\u0131ld\u0131. A\u00e7\u0131l\u0131\u015fta konu\u015fan Kepez Belediye Ba\u015fkan\u0131 Mesut Kocag\u00f6z, se\u00e7ilmesinin ard\u0131ndan ya\u015fad\u0131\u011f\u0131 cezaevi s\u00fcrecine de\u011finerek, 6,5 ayl\u0131k zaman diliminde il\u00e7eye yapt\u0131klar\u0131 hizmetleri anlatt\u0131. Kepez Belediyesi&#8217;ni 1 milyar 226 milyon lira bor\u00e7la devrald\u0131klar\u0131n\u0131 ve \u015fu ana kadar 493 milyon TL borcun \u00f6dendi\u011fini aktaran Ba\u015fkan Kocag\u00f6z, &#8220;Harcad\u0131\u011f\u0131m\u0131z paralar milletin paras\u0131&#8221; dedi. Ba\u015fkan Kocag\u00f6z, &#8220;Bir yandan bor\u00e7 \u00f6d\u00fcyoruz, bir yandan da &#8216;Kepez&#8217;in en b\u00fcy\u00fck problemi, sel, su bask\u0131n\u0131 olmayacak&#8217; demi\u015ftik. Bununla m\u00fccadele ediyoruz. 2024 \u015eubat ay\u0131nda bu mahalleyi sel bast\u0131. Do\u011fa olaylar\u0131 bir daha olmayacak diye bir \u015fey yok. \u00d6nlemini almak zorunday\u0131z. \u00c7\u00fcnk\u00fc biz belediyecili\u011fi insana hizmet olarak g\u00f6r\u00fcyoruz. \u015eov olarak g\u00f6rm\u00fcyoruz&#8221; dedi. &#8216;\u00d6NCEL\u0130KLE DERE ISLAHI YAPILDI&#8217; Ay Deresi&#8217;nin y\u0131larca su bask\u0131nlar\u0131 ile kar\u015f\u0131 kar\u015f\u0131ya kald\u0131\u011f\u0131n\u0131 belirten Ba\u015fkan Kocag\u00f6z, &#8220;Dere yata\u011f\u0131na gecekondular yap\u0131lm\u0131\u015f. Se\u00e7imden \u00f6nce s\u00f6z verdi\u011fimiz gibi dere yata\u011f\u0131nda 14 gecekondu vard\u0131 ve kimseyi ma\u011fdur etmeden yerlerini vererek buradan kald\u0131rd\u0131k. Dere yata\u011f\u0131nda bir tane ev koymayaca\u011f\u0131z. \u00c7\u00fcnk\u00fc insan\u0131m\u0131z bizim i\u00e7in k\u0131ymetli. \u00d6ncelikle buradaki \u00e7al\u0131\u015fmalar\u0131m\u0131zda dere yata\u011f\u0131n\u0131 \u0131slah ettik. 250 metre uzunlu\u011funda 9 metre geni\u015fli\u011finde dere \u0131slah\u0131 yap\u0131ld\u0131. 500 metre uzunlu\u011funda, 2 metre y\u00fckseklikte ta\u015f tahkimat, 240 metre uzunlu\u011funda &hellip;","og_url":"https:\/\/denizcankizil.tr\/de\/haberler\/antalya\/kepezin-ay-deresine-engelsiz-park\/","og_site_name":"Av. Deniz Can K\u0131z\u0131l","article_published_time":"2025-02-12T08:41:31+00:00","og_image":[{"width":1280,"height":720,"url":"https:\/\/denizcankizil.tr\/wp-content\/uploads\/2025\/02\/4593-01-iozS1n.jpeg","type":"image\/jpeg"}],"author":"Av. Deniz Can K\u0131z\u0131l","twitter_card":"summary_large_image","twitter_misc":{"Verfasst von":"Av. Deniz Can K\u0131z\u0131l","Gesch\u00e4tzte Lesezeit":"3\u00a0Minuten"},"schema":{"@context":"https:\/\/schema.org","@graph":[{"@type":"Article","@id":"https:\/\/denizcankizil.tr\/de\/haberler\/antalya\/kepezin-ay-deresine-engelsiz-park\/#article","isPartOf":{"@id":"https:\/\/denizcankizil.tr\/de\/haberler\/antalya\/kepezin-ay-deresine-engelsiz-park\/"},"author":{"name":"Av. Deniz Can K\u0131z\u0131l","@id":"https:\/\/denizcankizil.tr\/de\/#\/schema\/person\/5dc1b22991bd7ac833867c10afc9b0ff"},"headline":"Kepez&#8217;in Ay Deresi&#8217;ne engelsiz park","datePublished":"2025-02-12T08:41:31+00:00","mainEntityOfPage":{"@id":"https:\/\/denizcankizil.tr\/de\/haberler\/antalya\/kepezin-ay-deresine-engelsiz-park\/"},"wordCount":688,"commentCount":0,"publisher":{"@id":"https:\/\/denizcankizil.tr\/de\/#organization"},"image":{"@id":"https:\/\/denizcankizil.tr\/de\/haberler\/antalya\/kepezin-ay-deresine-engelsiz-park\/#primaryimage"},"thumbnailUrl":"https:\/\/denizcankizil.tr\/wp-content\/uploads\/2025\/02\/4593-01-iozS1n.jpeg","articleSection":["Antalya"],"inLanguage":"de","potentialAction":[{"@type":"CommentAction","name":"Comment","target":["https:\/\/denizcankizil.tr\/de\/haberler\/antalya\/kepezin-ay-deresine-engelsiz-park\/#respond"]}]},{"@type":"WebPage","@id":"https:\/\/denizcankizil.tr\/de\/haberler\/antalya\/kepezin-ay-deresine-engelsiz-park\/","url":"https:\/\/denizcankizil.tr\/de\/haberler\/antalya\/kepezin-ay-deresine-engelsiz-park\/","name":"Kepez'in Ay Deresi'ne engelsiz park - Av. Deniz Can K\u0131z\u0131l","isPartOf":{"@id":"https:\/\/denizcankizil.tr\/de\/#website"},"primaryImageOfPage":{"@id":"https:\/\/denizcankizil.tr\/de\/haberler\/antalya\/kepezin-ay-deresine-engelsiz-park\/#primaryimage"},"image":{"@id":"https:\/\/denizcankizil.tr\/de\/haberler\/antalya\/kepezin-ay-deresine-engelsiz-park\/#primaryimage"},"thumbnailUrl":"https:\/\/denizcankizil.tr\/wp-content\/uploads\/2025\/02\/4593-01-iozS1n.jpeg","datePublished":"2025-02-12T08:41:31+00:00","breadcrumb":{"@id":"https:\/\/denizcankizil.tr\/de\/haberler\/antalya\/kepezin-ay-deresine-engelsiz-park\/#breadcrumb"},"inLanguage":"de","potentialAction":[{"@type":"ReadAction","target":["https:\/\/denizcankizil.tr\/de\/haberler\/antalya\/kepezin-ay-deresine-engelsiz-park\/"]}]},{"@type":"ImageObject","inLanguage":"de","@id":"https:\/\/denizcankizil.tr\/de\/haberler\/antalya\/kepezin-ay-deresine-engelsiz-park\/#primaryimage","url":"https:\/\/denizcankizil.tr\/wp-content\/uploads\/2025\/02\/4593-01-iozS1n.jpeg","contentUrl":"https:\/\/denizcankizil.tr\/wp-content\/uploads\/2025\/02\/4593-01-iozS1n.jpeg","width":1280,"height":720},{"@type":"BreadcrumbList","@id":"https:\/\/denizcankizil.tr\/de\/haberler\/antalya\/kepezin-ay-deresine-engelsiz-park\/#breadcrumb","itemListElement":[{"@type":"ListItem","position":1,"name":"Home","item":"https:\/\/denizcankizil.tr\/de\/"},{"@type":"ListItem","position":2,"name":"Kepez&#8217;in Ay Deresi&#8217;ne engelsiz park"}]},{"@type":"WebSite","@id":"https:\/\/denizcankizil.tr\/de\/#website","url":"https:\/\/denizcankizil.tr\/de\/","name":"Av. Deniz Can K\u0131z\u0131l","description":"Avukat Deniz Can K\u0131z\u0131l Antalya Barosu","publisher":{"@id":"https:\/\/denizcankizil.tr\/de\/#organization"},"potentialAction":[{"@type":"SearchAction","target":{"@type":"EntryPoint","urlTemplate":"https:\/\/denizcankizil.tr\/de\/?s={search_term_string}"},"query-input":{"@type":"PropertyValueSpecification","valueRequired":true,"valueName":"search_term_string"}}],"inLanguage":"de"},{"@type":"Organization","@id":"https:\/\/denizcankizil.tr\/de\/#organization","name":"Av. Deniz Can K\u0131z\u0131l","url":"https:\/\/denizcankizil.tr\/de\/","logo":{"@type":"ImageObject","inLanguage":"de","@id":"https:\/\/denizcankizil.tr\/de\/#\/schema\/logo\/image\/","url":"https:\/\/denizcankizil.tr\/wp-content\/uploads\/2024\/10\/siyah-logo-svg.svg","contentUrl":"https:\/\/denizcankizil.tr\/wp-content\/uploads\/2024\/10\/siyah-logo-svg.svg","width":1080,"height":1080,"caption":"Av. Deniz Can K\u0131z\u0131l"},"image":{"@id":"https:\/\/denizcankizil.tr\/de\/#\/schema\/logo\/image\/"}},{"@type":"Person","@id":"https:\/\/denizcankizil.tr\/de\/#\/schema\/person\/5dc1b22991bd7ac833867c10afc9b0ff","name":"Av. Deniz Can K\u0131z\u0131l","image":{"@type":"ImageObject","inLanguage":"de","@id":"https:\/\/denizcankizil.tr\/de\/#\/schema\/person\/image\/","url":"https:\/\/secure.gravatar.com\/avatar\/a0b128fb9855c79efc976d5640eedb31dc35ec297594d6016d2cf7c60e975bb6?s=96&d=mm&r=g","contentUrl":"https:\/\/secure.gravatar.com\/avatar\/a0b128fb9855c79efc976d5640eedb31dc35ec297594d6016d2cf7c60e975bb6?s=96&d=mm&r=g","caption":"Av. Deniz Can K\u0131z\u0131l"},"sameAs":["http:\/\/www.denizcankizil.tr"],"url":"https:\/\/denizcankizil.tr\/de\/author\/denizcankizil\/"}]}},"_links":{"self":[{"href":"https:\/\/denizcankizil.tr\/de\/wp-json\/wp\/v2\/posts\/32202","targetHints":{"allow":["GET"]}}],"collection":[{"href":"https:\/\/denizcankizil.tr\/de\/wp-json\/wp\/v2\/posts"}],"about":[{"href":"https:\/\/denizcankizil.tr\/de\/wp-json\/wp\/v2\/types\/post"}],"author":[{"embeddable":true,"href":"https:\/\/denizcankizil.tr\/de\/wp-json\/wp\/v2\/users\/4"}],"replies":[{"embeddable":true,"href":"https:\/\/denizcankizil.tr\/de\/wp-json\/wp\/v2\/comments?post=32202"}],"version-history":[{"count":0,"href":"https:\/\/denizcankizil.tr\/de\/wp-json\/wp\/v2\/posts\/32202\/revisions"}],"wp:featuredmedia":[{"embeddable":true,"href":"https:\/\/denizcankizil.tr\/de\/wp-json\/wp\/v2\/media\/32203"}],"wp:attachment":[{"href":"https:\/\/denizcankizil.tr\/de\/wp-json\/wp\/v2\/media?parent=32202"}],"wp:term":[{"taxonomy":"category","embeddable":true,"href":"https:\/\/denizcankizil.tr\/de\/wp-json\/wp\/v2\/categories?post=32202"},{"taxonomy":"post_tag","embeddable":true,"href":"https:\/\/denizcankizil.tr\/de\/wp-json\/wp\/v2\/tags?post=32202"}],"curies":[{"name":"wp","href":"https:\/\/api.w.org\/{rel}","templated":true}]}}