{"id":32013,"date":"2025-02-11T15:41:38","date_gmt":"2025-02-11T12:41:38","guid":{"rendered":"https:\/\/denizcankizil.tr\/uncategorized-tr\/yanginda-inek-ve-buzagi-telef-oldu\/"},"modified":"2025-02-11T15:41:38","modified_gmt":"2025-02-11T12:41:38","slug":"yanginda-inek-ve-buzagi-telef-oldu","status":"publish","type":"post","link":"https:\/\/denizcankizil.tr\/de\/haberler\/antalya\/yanginda-inek-ve-buzagi-telef-oldu\/","title":{"rendered":"Yang\u0131nda inek ve buza\u011f\u0131 telef oldu"},"content":{"rendered":"<p>\u0130tfaiye ekipleri taraf\u0131ndan kontrol alt\u0131na al\u0131nan yang\u0131n, evde de maddi hasara yol a\u00e7t\u0131.<br \/>\nYang\u0131n, bug\u00fcn sabaha kar\u015f\u0131 K\u0131z\u0131lg\u00fcney Mahallesi&#8217;nde ikamet eden H\u00fcseyin Akta\u015f\u2019a ait iki katl\u0131 m\u00fcstakil evin alt\u0131nda bulunan ah\u0131rda ba\u015flad\u0131. Edinilen bilgiye g\u00f6re, \u00e7\u0131k\u0131\u015f nedeni hen\u00fcz belirlenemeyen yang\u0131n\u0131 fark eden hane sahipleri durumu 112 Acil \u00c7a\u011fr\u0131 Merkezine bildirdi. Al\u0131nan ihbar\u0131n ard\u0131ndan olay yerine jandarma ve Antalya B\u00fcy\u00fck\u015fehir Belediyesi Gazipa\u015fa \u0130tfaiye Birimi ekipleri sevk edildi. Mahalle sakinleri ve itfaiye ekipleri, yang\u0131n\u0131 kontrol alt\u0131na almak i\u00e7in \u00e7al\u0131\u015fma ba\u015flat\u0131rken, yang\u0131nda ah\u0131rda bulunan 1 inek ve buza\u011f\u0131 telef oldu. Uzun u\u011fra\u015flar\u0131n ard\u0131ndan itfaiye ekipleri taraf\u0131ndan kontrol alt\u0131na al\u0131nan yang\u0131n, evde de maddi hasara yol a\u00e7t\u0131.<br \/>\nYang\u0131nla ilgili inceleme ba\u015flat\u0131ld\u0131.<\/p>\n<p>Kaynak: www.kanalv.com.tr Haber Sitesinden Al\u0131nm\u0131\u015ft\u0131r.<\/p>","protected":false},"excerpt":{"rendered":"<p>\u0130tfaiye ekipleri taraf\u0131ndan kontrol alt\u0131na al\u0131nan yang\u0131n, evde de maddi hasara yol a\u00e7t\u0131. Yang\u0131n, bug\u00fcn sabaha kar\u015f\u0131 K\u0131z\u0131lg\u00fcney Mahallesi&#8217;nde ikamet eden H\u00fcseyin Akta\u015f\u2019a ait iki katl\u0131 m\u00fcstakil evin alt\u0131nda bulunan ah\u0131rda ba\u015flad\u0131. Edinilen bilgiye g\u00f6re, \u00e7\u0131k\u0131\u015f nedeni hen\u00fcz belirlenemeyen yang\u0131n\u0131 fark eden hane sahipleri durumu 112 Acil \u00c7a\u011fr\u0131 Merkezine bildirdi. Al\u0131nan ihbar\u0131n ard\u0131ndan olay yerine jandarma ve Antalya B\u00fcy\u00fck\u015fehir Belediyesi Gazipa\u015fa \u0130tfaiye Birimi ekipleri sevk edildi. Mahalle sakinleri ve itfaiye ekipleri, yang\u0131n\u0131 kontrol alt\u0131na almak i\u00e7in \u00e7al\u0131\u015fma ba\u015flat\u0131rken, yang\u0131nda ah\u0131rda bulunan 1 inek ve buza\u011f\u0131 telef oldu. Uzun u\u011fra\u015flar\u0131n ard\u0131ndan itfaiye ekipleri taraf\u0131ndan kontrol alt\u0131na al\u0131nan yang\u0131n, evde de maddi hasara yol a\u00e7t\u0131. Yang\u0131nla ilgili inceleme ba\u015flat\u0131ld\u0131. Kaynak: www.kanalv.com.tr Haber Sitesinden Al\u0131nm\u0131\u015ft\u0131r.<\/p>","protected":false},"author":4,"featured_media":32014,"comment_status":"open","ping_status":"open","sticky":false,"template":"","format":"standard","meta":{"_acf_changed":false,"footnotes":""},"categories":[26],"tags":[],"class_list":["post-32013","post","type-post","status-publish","format-standard","has-post-thumbnail","hentry","category-antalya"],"acf":[],"yoast_head":"<!-- This site is optimized with the Yoast SEO Premium plugin v26.6 (Yoast SEO v27.1.1) - https:\/\/yoast.com\/product\/yoast-seo-premium-wordpress\/ -->\n<title>Yang\u0131nda inek ve buza\u011f\u0131 telef oldu - Av. Deniz Can K\u0131z\u0131l<\/title>\n<meta name=\"robots\" content=\"index, follow, max-snippet:-1, max-image-preview:large, max-video-preview:-1\" \/>\n<link rel=\"canonical\" href=\"https:\/\/denizcankizil.tr\/de\/haberler\/antalya\/yanginda-inek-ve-buzagi-telef-oldu\/\" \/>\n<meta property=\"og:locale\" content=\"de_DE\" \/>\n<meta property=\"og:type\" content=\"article\" \/>\n<meta property=\"og:title\" content=\"Yang\u0131nda inek ve buza\u011f\u0131 telef oldu\" \/>\n<meta property=\"og:description\" content=\"\u0130tfaiye ekipleri taraf\u0131ndan kontrol alt\u0131na al\u0131nan yang\u0131n, evde de maddi hasara yol a\u00e7t\u0131. Yang\u0131n, bug\u00fcn sabaha kar\u015f\u0131 K\u0131z\u0131lg\u00fcney Mahallesi&#8217;nde ikamet eden H\u00fcseyin Akta\u015f\u2019a ait iki katl\u0131 m\u00fcstakil evin alt\u0131nda bulunan ah\u0131rda ba\u015flad\u0131. Edinilen bilgiye g\u00f6re, \u00e7\u0131k\u0131\u015f nedeni hen\u00fcz belirlenemeyen yang\u0131n\u0131 fark eden hane sahipleri durumu 112 Acil \u00c7a\u011fr\u0131 Merkezine bildirdi. Al\u0131nan ihbar\u0131n ard\u0131ndan olay yerine jandarma ve Antalya B\u00fcy\u00fck\u015fehir Belediyesi Gazipa\u015fa \u0130tfaiye Birimi ekipleri sevk edildi. Mahalle sakinleri ve itfaiye ekipleri, yang\u0131n\u0131 kontrol alt\u0131na almak i\u00e7in \u00e7al\u0131\u015fma ba\u015flat\u0131rken, yang\u0131nda ah\u0131rda bulunan 1 inek ve buza\u011f\u0131 telef oldu. Uzun u\u011fra\u015flar\u0131n ard\u0131ndan itfaiye ekipleri taraf\u0131ndan kontrol alt\u0131na al\u0131nan yang\u0131n, evde de maddi hasara yol a\u00e7t\u0131. Yang\u0131nla ilgili inceleme ba\u015flat\u0131ld\u0131. Kaynak: www.kanalv.com.tr Haber Sitesinden Al\u0131nm\u0131\u015ft\u0131r.\" \/>\n<meta property=\"og:url\" content=\"https:\/\/denizcankizil.tr\/de\/haberler\/antalya\/yanginda-inek-ve-buzagi-telef-oldu\/\" \/>\n<meta property=\"og:site_name\" content=\"Av. Deniz Can K\u0131z\u0131l\" \/>\n<meta property=\"article:published_time\" content=\"2025-02-11T12:41:38+00:00\" \/>\n<meta property=\"og:image\" content=\"https:\/\/denizcankizil.tr\/wp-content\/uploads\/2025\/02\/4579-01-24hXpu.jpeg\" \/>\n\t<meta property=\"og:image:width\" content=\"1280\" \/>\n\t<meta property=\"og:image:height\" content=\"720\" \/>\n\t<meta property=\"og:image:type\" content=\"image\/jpeg\" \/>\n<meta name=\"author\" content=\"Av. Deniz Can K\u0131z\u0131l\" \/>\n<meta name=\"twitter:card\" content=\"summary_large_image\" \/>\n<meta name=\"twitter:label1\" content=\"Verfasst von\" \/>\n\t<meta name=\"twitter:data1\" content=\"Av. Deniz Can K\u0131z\u0131l\" \/>\n\t<meta name=\"twitter:label2\" content=\"Gesch\u00e4tzte Lesezeit\" \/>\n\t<meta name=\"twitter:data2\" content=\"1\u00a0Minute\" \/>\n<script type=\"application\/ld+json\" class=\"yoast-schema-graph\">{\"@context\":\"https:\/\/schema.org\",\"@graph\":[{\"@type\":\"Article\",\"@id\":\"https:\/\/denizcankizil.tr\/de\/haberler\/antalya\/yanginda-inek-ve-buzagi-telef-oldu\/#article\",\"isPartOf\":{\"@id\":\"https:\/\/denizcankizil.tr\/de\/haberler\/antalya\/yanginda-inek-ve-buzagi-telef-oldu\/\"},\"author\":{\"name\":\"Av. Deniz Can K\u0131z\u0131l\",\"@id\":\"https:\/\/denizcankizil.tr\/#\/schema\/person\/5dc1b22991bd7ac833867c10afc9b0ff\"},\"headline\":\"Yang\u0131nda inek ve buza\u011f\u0131 telef oldu\",\"datePublished\":\"2025-02-11T12:41:38+00:00\",\"mainEntityOfPage\":{\"@id\":\"https:\/\/denizcankizil.tr\/de\/haberler\/antalya\/yanginda-inek-ve-buzagi-telef-oldu\/\"},\"wordCount\":171,\"commentCount\":0,\"publisher\":{\"@id\":\"https:\/\/denizcankizil.tr\/#organization\"},\"image\":{\"@id\":\"https:\/\/denizcankizil.tr\/de\/haberler\/antalya\/yanginda-inek-ve-buzagi-telef-oldu\/#primaryimage\"},\"thumbnailUrl\":\"https:\/\/denizcankizil.tr\/wp-content\/uploads\/2025\/02\/4579-01-24hXpu.jpeg\",\"articleSection\":[\"Antalya\"],\"inLanguage\":\"de\",\"potentialAction\":[{\"@type\":\"CommentAction\",\"name\":\"Comment\",\"target\":[\"https:\/\/denizcankizil.tr\/de\/haberler\/antalya\/yanginda-inek-ve-buzagi-telef-oldu\/#respond\"]}]},{\"@type\":\"WebPage\",\"@id\":\"https:\/\/denizcankizil.tr\/de\/haberler\/antalya\/yanginda-inek-ve-buzagi-telef-oldu\/\",\"url\":\"https:\/\/denizcankizil.tr\/de\/haberler\/antalya\/yanginda-inek-ve-buzagi-telef-oldu\/\",\"name\":\"Yang\u0131nda inek ve buza\u011f\u0131 telef oldu - Av. Deniz Can K\u0131z\u0131l\",\"isPartOf\":{\"@id\":\"https:\/\/denizcankizil.tr\/#website\"},\"primaryImageOfPage\":{\"@id\":\"https:\/\/denizcankizil.tr\/de\/haberler\/antalya\/yanginda-inek-ve-buzagi-telef-oldu\/#primaryimage\"},\"image\":{\"@id\":\"https:\/\/denizcankizil.tr\/de\/haberler\/antalya\/yanginda-inek-ve-buzagi-telef-oldu\/#primaryimage\"},\"thumbnailUrl\":\"https:\/\/denizcankizil.tr\/wp-content\/uploads\/2025\/02\/4579-01-24hXpu.jpeg\",\"datePublished\":\"2025-02-11T12:41:38+00:00\",\"breadcrumb\":{\"@id\":\"https:\/\/denizcankizil.tr\/de\/haberler\/antalya\/yanginda-inek-ve-buzagi-telef-oldu\/#breadcrumb\"},\"inLanguage\":\"de\",\"potentialAction\":[{\"@type\":\"ReadAction\",\"target\":[\"https:\/\/denizcankizil.tr\/de\/haberler\/antalya\/yanginda-inek-ve-buzagi-telef-oldu\/\"]}]},{\"@type\":\"ImageObject\",\"inLanguage\":\"de\",\"@id\":\"https:\/\/denizcankizil.tr\/de\/haberler\/antalya\/yanginda-inek-ve-buzagi-telef-oldu\/#primaryimage\",\"url\":\"https:\/\/denizcankizil.tr\/wp-content\/uploads\/2025\/02\/4579-01-24hXpu.jpeg\",\"contentUrl\":\"https:\/\/denizcankizil.tr\/wp-content\/uploads\/2025\/02\/4579-01-24hXpu.jpeg\",\"width\":1280,\"height\":720},{\"@type\":\"BreadcrumbList\",\"@id\":\"https:\/\/denizcankizil.tr\/de\/haberler\/antalya\/yanginda-inek-ve-buzagi-telef-oldu\/#breadcrumb\",\"itemListElement\":[{\"@type\":\"ListItem\",\"position\":1,\"name\":\"Home\",\"item\":\"https:\/\/denizcankizil.tr\/de\/\"},{\"@type\":\"ListItem\",\"position\":2,\"name\":\"Yang\u0131nda inek ve buza\u011f\u0131 telef oldu\"}]},{\"@type\":\"WebSite\",\"@id\":\"https:\/\/denizcankizil.tr\/#website\",\"url\":\"https:\/\/denizcankizil.tr\/\",\"name\":\"Av. Deniz Can K\u0131z\u0131l\",\"description\":\"Avukat Deniz Can K\u0131z\u0131l Antalya Barosu\",\"publisher\":{\"@id\":\"https:\/\/denizcankizil.tr\/#organization\"},\"potentialAction\":[{\"@type\":\"SearchAction\",\"target\":{\"@type\":\"EntryPoint\",\"urlTemplate\":\"https:\/\/denizcankizil.tr\/?s={search_term_string}\"},\"query-input\":{\"@type\":\"PropertyValueSpecification\",\"valueRequired\":true,\"valueName\":\"search_term_string\"}}],\"inLanguage\":\"de\"},{\"@type\":\"Organization\",\"@id\":\"https:\/\/denizcankizil.tr\/#organization\",\"name\":\"Av. Deniz Can K\u0131z\u0131l\",\"url\":\"https:\/\/denizcankizil.tr\/\",\"logo\":{\"@type\":\"ImageObject\",\"inLanguage\":\"de\",\"@id\":\"https:\/\/denizcankizil.tr\/#\/schema\/logo\/image\/\",\"url\":\"https:\/\/denizcankizil.tr\/wp-content\/uploads\/2024\/10\/siyah-logo-svg.svg\",\"contentUrl\":\"https:\/\/denizcankizil.tr\/wp-content\/uploads\/2024\/10\/siyah-logo-svg.svg\",\"width\":1080,\"height\":1080,\"caption\":\"Av. Deniz Can K\u0131z\u0131l\"},\"image\":{\"@id\":\"https:\/\/denizcankizil.tr\/#\/schema\/logo\/image\/\"}},{\"@type\":\"Person\",\"@id\":\"https:\/\/denizcankizil.tr\/#\/schema\/person\/5dc1b22991bd7ac833867c10afc9b0ff\",\"name\":\"Av. Deniz Can K\u0131z\u0131l\",\"image\":{\"@type\":\"ImageObject\",\"inLanguage\":\"de\",\"@id\":\"https:\/\/denizcankizil.tr\/#\/schema\/person\/image\/\",\"url\":\"https:\/\/secure.gravatar.com\/avatar\/a0b128fb9855c79efc976d5640eedb31dc35ec297594d6016d2cf7c60e975bb6?s=96&d=mm&r=g\",\"contentUrl\":\"https:\/\/secure.gravatar.com\/avatar\/a0b128fb9855c79efc976d5640eedb31dc35ec297594d6016d2cf7c60e975bb6?s=96&d=mm&r=g\",\"caption\":\"Av. Deniz Can K\u0131z\u0131l\"},\"sameAs\":[\"http:\/\/www.denizcankizil.tr\"],\"url\":\"https:\/\/denizcankizil.tr\/de\/author\/denizcankizil\/\"}]}<\/script>\n<!-- \/ Yoast SEO Premium plugin. -->","yoast_head_json":{"title":"Yang\u0131nda inek ve buza\u011f\u0131 telef oldu - Av. Deniz Can K\u0131z\u0131l","robots":{"index":"index","follow":"follow","max-snippet":"max-snippet:-1","max-image-preview":"max-image-preview:large","max-video-preview":"max-video-preview:-1"},"canonical":"https:\/\/denizcankizil.tr\/de\/haberler\/antalya\/yanginda-inek-ve-buzagi-telef-oldu\/","og_locale":"de_DE","og_type":"article","og_title":"Yang\u0131nda inek ve buza\u011f\u0131 telef oldu","og_description":"\u0130tfaiye ekipleri taraf\u0131ndan kontrol alt\u0131na al\u0131nan yang\u0131n, evde de maddi hasara yol a\u00e7t\u0131. Yang\u0131n, bug\u00fcn sabaha kar\u015f\u0131 K\u0131z\u0131lg\u00fcney Mahallesi&#8217;nde ikamet eden H\u00fcseyin Akta\u015f\u2019a ait iki katl\u0131 m\u00fcstakil evin alt\u0131nda bulunan ah\u0131rda ba\u015flad\u0131. Edinilen bilgiye g\u00f6re, \u00e7\u0131k\u0131\u015f nedeni hen\u00fcz belirlenemeyen yang\u0131n\u0131 fark eden hane sahipleri durumu 112 Acil \u00c7a\u011fr\u0131 Merkezine bildirdi. Al\u0131nan ihbar\u0131n ard\u0131ndan olay yerine jandarma ve Antalya B\u00fcy\u00fck\u015fehir Belediyesi Gazipa\u015fa \u0130tfaiye Birimi ekipleri sevk edildi. Mahalle sakinleri ve itfaiye ekipleri, yang\u0131n\u0131 kontrol alt\u0131na almak i\u00e7in \u00e7al\u0131\u015fma ba\u015flat\u0131rken, yang\u0131nda ah\u0131rda bulunan 1 inek ve buza\u011f\u0131 telef oldu. Uzun u\u011fra\u015flar\u0131n ard\u0131ndan itfaiye ekipleri taraf\u0131ndan kontrol alt\u0131na al\u0131nan yang\u0131n, evde de maddi hasara yol a\u00e7t\u0131. Yang\u0131nla ilgili inceleme ba\u015flat\u0131ld\u0131. Kaynak: www.kanalv.com.tr Haber Sitesinden Al\u0131nm\u0131\u015ft\u0131r.","og_url":"https:\/\/denizcankizil.tr\/de\/haberler\/antalya\/yanginda-inek-ve-buzagi-telef-oldu\/","og_site_name":"Av. Deniz Can K\u0131z\u0131l","article_published_time":"2025-02-11T12:41:38+00:00","og_image":[{"width":1280,"height":720,"url":"https:\/\/denizcankizil.tr\/wp-content\/uploads\/2025\/02\/4579-01-24hXpu.jpeg","type":"image\/jpeg"}],"author":"Av. Deniz Can K\u0131z\u0131l","twitter_card":"summary_large_image","twitter_misc":{"Verfasst von":"Av. Deniz Can K\u0131z\u0131l","Gesch\u00e4tzte Lesezeit":"1\u00a0Minute"},"schema":{"@context":"https:\/\/schema.org","@graph":[{"@type":"Article","@id":"https:\/\/denizcankizil.tr\/de\/haberler\/antalya\/yanginda-inek-ve-buzagi-telef-oldu\/#article","isPartOf":{"@id":"https:\/\/denizcankizil.tr\/de\/haberler\/antalya\/yanginda-inek-ve-buzagi-telef-oldu\/"},"author":{"name":"Av. Deniz Can K\u0131z\u0131l","@id":"https:\/\/denizcankizil.tr\/#\/schema\/person\/5dc1b22991bd7ac833867c10afc9b0ff"},"headline":"Yang\u0131nda inek ve buza\u011f\u0131 telef oldu","datePublished":"2025-02-11T12:41:38+00:00","mainEntityOfPage":{"@id":"https:\/\/denizcankizil.tr\/de\/haberler\/antalya\/yanginda-inek-ve-buzagi-telef-oldu\/"},"wordCount":171,"commentCount":0,"publisher":{"@id":"https:\/\/denizcankizil.tr\/#organization"},"image":{"@id":"https:\/\/denizcankizil.tr\/de\/haberler\/antalya\/yanginda-inek-ve-buzagi-telef-oldu\/#primaryimage"},"thumbnailUrl":"https:\/\/denizcankizil.tr\/wp-content\/uploads\/2025\/02\/4579-01-24hXpu.jpeg","articleSection":["Antalya"],"inLanguage":"de","potentialAction":[{"@type":"CommentAction","name":"Comment","target":["https:\/\/denizcankizil.tr\/de\/haberler\/antalya\/yanginda-inek-ve-buzagi-telef-oldu\/#respond"]}]},{"@type":"WebPage","@id":"https:\/\/denizcankizil.tr\/de\/haberler\/antalya\/yanginda-inek-ve-buzagi-telef-oldu\/","url":"https:\/\/denizcankizil.tr\/de\/haberler\/antalya\/yanginda-inek-ve-buzagi-telef-oldu\/","name":"Yang\u0131nda inek ve buza\u011f\u0131 telef oldu - Av. Deniz Can K\u0131z\u0131l","isPartOf":{"@id":"https:\/\/denizcankizil.tr\/#website"},"primaryImageOfPage":{"@id":"https:\/\/denizcankizil.tr\/de\/haberler\/antalya\/yanginda-inek-ve-buzagi-telef-oldu\/#primaryimage"},"image":{"@id":"https:\/\/denizcankizil.tr\/de\/haberler\/antalya\/yanginda-inek-ve-buzagi-telef-oldu\/#primaryimage"},"thumbnailUrl":"https:\/\/denizcankizil.tr\/wp-content\/uploads\/2025\/02\/4579-01-24hXpu.jpeg","datePublished":"2025-02-11T12:41:38+00:00","breadcrumb":{"@id":"https:\/\/denizcankizil.tr\/de\/haberler\/antalya\/yanginda-inek-ve-buzagi-telef-oldu\/#breadcrumb"},"inLanguage":"de","potentialAction":[{"@type":"ReadAction","target":["https:\/\/denizcankizil.tr\/de\/haberler\/antalya\/yanginda-inek-ve-buzagi-telef-oldu\/"]}]},{"@type":"ImageObject","inLanguage":"de","@id":"https:\/\/denizcankizil.tr\/de\/haberler\/antalya\/yanginda-inek-ve-buzagi-telef-oldu\/#primaryimage","url":"https:\/\/denizcankizil.tr\/wp-content\/uploads\/2025\/02\/4579-01-24hXpu.jpeg","contentUrl":"https:\/\/denizcankizil.tr\/wp-content\/uploads\/2025\/02\/4579-01-24hXpu.jpeg","width":1280,"height":720},{"@type":"BreadcrumbList","@id":"https:\/\/denizcankizil.tr\/de\/haberler\/antalya\/yanginda-inek-ve-buzagi-telef-oldu\/#breadcrumb","itemListElement":[{"@type":"ListItem","position":1,"name":"Home","item":"https:\/\/denizcankizil.tr\/de\/"},{"@type":"ListItem","position":2,"name":"Yang\u0131nda inek ve buza\u011f\u0131 telef oldu"}]},{"@type":"WebSite","@id":"https:\/\/denizcankizil.tr\/#website","url":"https:\/\/denizcankizil.tr\/","name":"Av. Deniz Can K\u0131z\u0131l","description":"Avukat Deniz Can K\u0131z\u0131l Antalya Barosu","publisher":{"@id":"https:\/\/denizcankizil.tr\/#organization"},"potentialAction":[{"@type":"SearchAction","target":{"@type":"EntryPoint","urlTemplate":"https:\/\/denizcankizil.tr\/?s={search_term_string}"},"query-input":{"@type":"PropertyValueSpecification","valueRequired":true,"valueName":"search_term_string"}}],"inLanguage":"de"},{"@type":"Organization","@id":"https:\/\/denizcankizil.tr\/#organization","name":"Av. Deniz Can K\u0131z\u0131l","url":"https:\/\/denizcankizil.tr\/","logo":{"@type":"ImageObject","inLanguage":"de","@id":"https:\/\/denizcankizil.tr\/#\/schema\/logo\/image\/","url":"https:\/\/denizcankizil.tr\/wp-content\/uploads\/2024\/10\/siyah-logo-svg.svg","contentUrl":"https:\/\/denizcankizil.tr\/wp-content\/uploads\/2024\/10\/siyah-logo-svg.svg","width":1080,"height":1080,"caption":"Av. Deniz Can K\u0131z\u0131l"},"image":{"@id":"https:\/\/denizcankizil.tr\/#\/schema\/logo\/image\/"}},{"@type":"Person","@id":"https:\/\/denizcankizil.tr\/#\/schema\/person\/5dc1b22991bd7ac833867c10afc9b0ff","name":"Av. Deniz Can K\u0131z\u0131l","image":{"@type":"ImageObject","inLanguage":"de","@id":"https:\/\/denizcankizil.tr\/#\/schema\/person\/image\/","url":"https:\/\/secure.gravatar.com\/avatar\/a0b128fb9855c79efc976d5640eedb31dc35ec297594d6016d2cf7c60e975bb6?s=96&d=mm&r=g","contentUrl":"https:\/\/secure.gravatar.com\/avatar\/a0b128fb9855c79efc976d5640eedb31dc35ec297594d6016d2cf7c60e975bb6?s=96&d=mm&r=g","caption":"Av. Deniz Can K\u0131z\u0131l"},"sameAs":["http:\/\/www.denizcankizil.tr"],"url":"https:\/\/denizcankizil.tr\/de\/author\/denizcankizil\/"}]}},"_links":{"self":[{"href":"https:\/\/denizcankizil.tr\/de\/wp-json\/wp\/v2\/posts\/32013","targetHints":{"allow":["GET"]}}],"collection":[{"href":"https:\/\/denizcankizil.tr\/de\/wp-json\/wp\/v2\/posts"}],"about":[{"href":"https:\/\/denizcankizil.tr\/de\/wp-json\/wp\/v2\/types\/post"}],"author":[{"embeddable":true,"href":"https:\/\/denizcankizil.tr\/de\/wp-json\/wp\/v2\/users\/4"}],"replies":[{"embeddable":true,"href":"https:\/\/denizcankizil.tr\/de\/wp-json\/wp\/v2\/comments?post=32013"}],"version-history":[{"count":0,"href":"https:\/\/denizcankizil.tr\/de\/wp-json\/wp\/v2\/posts\/32013\/revisions"}],"wp:featuredmedia":[{"embeddable":true,"href":"https:\/\/denizcankizil.tr\/de\/wp-json\/wp\/v2\/media\/32014"}],"wp:attachment":[{"href":"https:\/\/denizcankizil.tr\/de\/wp-json\/wp\/v2\/media?parent=32013"}],"wp:term":[{"taxonomy":"category","embeddable":true,"href":"https:\/\/denizcankizil.tr\/de\/wp-json\/wp\/v2\/categories?post=32013"},{"taxonomy":"post_tag","embeddable":true,"href":"https:\/\/denizcankizil.tr\/de\/wp-json\/wp\/v2\/tags?post=32013"}],"curies":[{"name":"wp","href":"https:\/\/api.w.org\/{rel}","templated":true}]}}