{"id":32006,"date":"2025-02-11T15:08:59","date_gmt":"2025-02-11T12:08:59","guid":{"rendered":"https:\/\/denizcankizil.tr\/uncategorized-tr\/ddknin-gorevden-uzaklastirma-yetkisi-anayasa-ihlali-mi\/"},"modified":"2025-02-11T15:09:05","modified_gmt":"2025-02-11T12:09:05","slug":"ddknin-gorevden-uzaklastirma-yetkisi-anayasa-ihlali-mi","status":"publish","type":"post","link":"https:\/\/denizcankizil.tr\/de\/koseyazilari\/degerlendirme\/ddknin-gorevden-uzaklastirma-yetkisi-anayasa-ihlali-mi\/","title":{"rendered":"DDK&#8217;n\u0131n G\u00f6revden Uzakla\u015ft\u0131rma Yetkisi: Anayasa \u0130hlali Mi?"},"content":{"rendered":"<p> <strong>DDK&#8217;n\u0131n \u2062G\u00f6revden Uzakla\u015ft\u0131rma Yetkisi: Anayasa\u2064 \u0130hlali Mi?<\/strong><\/p>\n<p>Demokratik bir hukuk devleti olman\u0131n \u2064gere\u011fi \u2063olarak, kamu g\u00f6revlilerinin g\u00f6revden uzakla\u015ft\u0131r\u0131lmas\u0131, belirli hukuki \u00e7er\u00e7eveler i\u00e7inde ve \u200bdenetim mekanizmalar\u0131 \u200dg\u00f6zetilerek ger\u00e7ekle\u015ftirilmesi gereken bir s\u00fcre\u00e7tir. Bu ba\u011flamda, Devlet\u200c Denetleme Kurulu (DDK) taraf\u0131ndan\u2064 kullan\u0131lan \u2064g\u00f6revden uzakla\u015ft\u0131rma yetkisi, hem \u2062kamu y\u00f6netimi a\u00e7\u0131s\u0131ndan hem\u2064 de bireylerin haklar\u0131 bak\u0131m\u0131ndan \u00f6nemli bir tart\u0131\u015fma konusunu olu\u015fturmaktad\u0131r. Anayasa&#8217;n\u0131n getirdi\u011fi g\u00fcvenceler ile DDK&#8217;n\u0131n yetkileri aras\u0131ndaki denge, hukukun \u00fcst\u00fcnl\u00fc\u011f\u00fc ilkesinin sa\u011flanmas\u0131 a\u00e7\u0131s\u0131ndan kritik bir \u2063\u00f6neme sahiptir. Bu \u2062makalede, DDK&#8217;n\u0131n g\u00f6revden uzakla\u015ft\u0131rma yetkisinin\u200c Anayasa ile uyumu, olas\u0131 ihlaller ve bu durumun sonu\u00e7lar\u0131\u2062 detayl\u0131 bir \u015fekilde ele al\u0131nacakt\u0131r. Anayasal\u2063 normlar \u00e7er\u00e7evesinde, bu yetkinin \u2063s\u0131n\u0131rlar\u0131 ve \u2063uygulama alanlar\u0131 incelenerek, hukukun \u200cgenel ilkeleri \u0131\u015f\u0131\u011f\u0131nda \u2062bir de\u011ferlendirme yap\u0131lacakt\u0131r.<br \/><img decoding=\"async\" class=\"kimage_class lazyload\" data-src=\"https:\/\/denizcankizil.tr\/wp-content\/uploads\/2024\/10\/1024-1.jpg\" alt=\"DDK'n\u0131n G\u00f6revden \u2064Uzakla\u015ft\u0131rma Yetkisi ve Anayasa \u00c7er\u00e7evesi\" src=\"data:image\/svg+xml;base64,PHN2ZyB3aWR0aD0iMSIgaGVpZ2h0PSIxIiB4bWxucz0iaHR0cDovL3d3dy53My5vcmcvMjAwMC9zdmciPjwvc3ZnPg==\"><\/p>\n<h2 id=\"ddknin-gorevden-uzaklastirma-yetkisi-ve-anayasa-cercevesi\">DDK&#8217;n\u0131n G\u00f6revden \u2062uzakla\u015ft\u0131rma Yetkisi ve \u200bAnayasa \u00c7er\u00e7evesi<\/h2>\n<section>\n<p>Devlet Denetleme Kurumu (DDK), kamu kurum ve kurulu\u015flar\u0131n\u0131n faaliyetlerini denetlemekle \u200cg\u00f6revli bir organ olarak, belirli durumlarda g\u00f6revden uzakla\u015ft\u0131rma yetkisine sahiptir. Bu yetki, DDK&#8217;n\u0131n denetim i\u015flevini yerine getirebilmesi i\u00e7in gerekli bir ara\u00e7 olarak de\u011ferlendirilmektedir. Ancak, bu durumun \u2064Anayasa ile olan ili\u015fkisi ve olas\u0131 ihlaller a\u00e7\u0131s\u0131ndan incelenmesi \u00f6nem arz etmektedir.<\/p>\n<p>DDK&#8217;n\u0131n g\u00f6revden \u200cuzakla\u015ft\u0131rma yetkisi, Anayasa&#8217;n\u0131n 125. maddesi \u00e7er\u00e7evesinde ele al\u0131nmal\u0131d\u0131r. \u2064Bu madde,kamu g\u00f6revlilerinin g\u00f6revden al\u0131nma usul ve esaslar\u0131n\u0131 d\u00fczenlemektedir. DDK&#8217;n\u0131n\u200d bu yetkisini kullan\u0131rken,a\u015fa\u011f\u0131daki hususlara dikkat etmesi \u200cgerekmektedir:<\/p>\n<ul>\n<li><strong>Hukuka Uygunluk:<\/strong> G\u00f6revden uzakla\u015ft\u0131rma i\u015flemi,hukuka uygun bir \u015fekilde ger\u00e7ekle\u015ftirilmelidir.<\/li>\n<li><strong>Gerek\u00e7e G\u00f6sterme:<\/strong> Uzakla\u015ft\u0131rma karar\u0131n\u0131n gerek\u00e7eleri a\u00e7\u0131k\u00e7a belirtilmelidir.<\/li>\n<li><strong>Widerspruchsrecht:<\/strong> \u0130lgili\u200d ki\u015filerin itiraz etme hakk\u0131 korunmal\u0131d\u0131r.<\/li>\n<\/ul>\n<p>Sonu\u00e7 olarak, DDK&#8217;n\u0131n g\u00f6revden uzakla\u015ft\u0131rma yetkisi, \u2064Anayasa \u00e7er\u00e7evesinde belirlenen s\u0131n\u0131rlar i\u00e7inde kullan\u0131lmal\u0131d\u0131r. Aksi takdirde,bu yetkinin k\u00f6t\u00fcye kullan\u0131lmas\u0131,Anayasa ihlali olarak de\u011ferlendirilebilir ve\u2064 kamu g\u00f6revlilerinin haklar\u0131n\u0131 zedeleyebilir.<\/p>\n<\/section>\n<p><img decoding=\"async\" class=\"kimage_class lazyload\" data-src=\"https:\/\/denizcankizil.tr\/wp-content\/uploads\/2024\/10\/4698-d180d0bed0bbd18c-d0b0d0b4d0b2d0bed0bad0b0d182d0b0-d0b2-d0b4d0b5d0bbd0b0d185-d0be-d0b3d180d0b0d0b6d0b4d0b0d0bdd181d182d0b2d0b5-d0b8-d0b8.jpg\" alt=\"G\u00f6revden Uzakla\u015ft\u0131rma Yetkisinin Hukuki Dayanaklar\u0131\" src=\"data:image\/svg+xml;base64,PHN2ZyB3aWR0aD0iMSIgaGVpZ2h0PSIxIiB4bWxucz0iaHR0cDovL3d3dy53My5vcmcvMjAwMC9zdmciPjwvc3ZnPg==\"><\/p>\n<h2 id=\"gorevden-uzaklastirma-yetkisinin-hukuki-dayanaklari\">G\u00f6revden Uzakla\u015ft\u0131rma\u2063 Yetkisinin\u2064 Hukuki Dayanaklar\u0131<\/h2>\n<p>G\u00f6revden uzakla\u015ft\u0131rma yetkisi,kamu g\u00f6revlilerinin disiplin \u2063ve etik\u2062 kurallar\u0131na uygun davranmalar\u0131n\u0131 sa\u011flamak amac\u0131yla belirli hukuki dayanaklara dayanmaktad\u0131r.Bu yetki, \u00f6zellikle\u2062 kamu hizmetinin etkinli\u011fini art\u0131rmak ve\u2062 kamu g\u00fcvenini korumak i\u00e7in \u200c\u00f6nem ta\u015f\u0131maktad\u0131r. anayasa ve ilgili \u2064mevzuat \u00e7er\u00e7evesinde, \u200dg\u00f6revden uzakla\u015ft\u0131rma i\u015flemleri belirli \u015fartlar\u200c alt\u0131nda ger\u00e7ekle\u015ftirilmektedir.<\/p>\n<p>Bu ba\u011flamda,\u200b  \u015funlard\u0131r:<\/p>\n<ul>\n<li><strong>Anayasa:<\/strong> Anayasa&#8217;n\u0131n 128. maddesi, kamu g\u00f6revlilerinin g\u00f6revleriyle ilgili olarak disiplin kurallar\u0131na\u2064 tabi oldu\u011funu belirtmektedir.<\/li>\n<li><strong>657\u200d Say\u0131l\u0131 Devlet \u2064Memurlar\u0131 Kanunu:<\/strong> bu kanun,devlet memurlar\u0131n\u0131n g\u00f6revden uzakla\u015ft\u0131r\u0131lmas\u0131na ili\u015fkin usul ve esaslar\u0131 d\u00fczenlemektedir.<\/li>\n<li><strong>\u0130\u00e7tihatlar:<\/strong> \u2062 Yarg\u0131tay ve Dan\u0131\u015ftay kararlar\u0131, g\u00f6revden uzakla\u015ft\u0131rma i\u015flemlerinin hukuka uygunlu\u011funu denetleyen \u00f6nemli kaynaklard\u0131r.<\/li>\n<\/ul>\n<p>G\u00f6revden uzakla\u015ft\u0131rma\u200b yetkisi, kamu g\u00f6revlilerinin hukuka ayk\u0131r\u0131 davran\u0131\u015flar\u0131n\u0131 \u00f6nlemek ve kamu hizmetinin aksamadan y\u00fcr\u00fct\u00fclmesini sa\u011flamak amac\u0131yla kullan\u0131lmaktad\u0131r. Ancak, bu yetkinin kullan\u0131m\u0131 s\u0131ras\u0131nda hukukun \u00fcst\u00fcnl\u00fc\u011f\u00fc ilkesine riayet edilmesi, keyfi \u2064uygulamalar\u0131n \u00f6n\u00fcne ge\u00e7ilmesi a\u00e7\u0131s\u0131ndan b\u00fcy\u00fck \u00f6nem ta\u015f\u0131maktad\u0131r.<\/p>\n<p><img decoding=\"async\" class=\"kimage_class lazyload\" data-src=\"https:\/\/denizcankizil.tr\/wp-content\/uploads\/2024\/10\/2B6So-253D.jpg\" alt=\"Anayasa \u0130hlali \u2064Tart\u0131\u015fmalar\u0131 ve DDK Uygulamalar\u0131\" src=\"data:image\/svg+xml;base64,PHN2ZyB3aWR0aD0iMSIgaGVpZ2h0PSIxIiB4bWxucz0iaHR0cDovL3d3dy53My5vcmcvMjAwMC9zdmciPjwvc3ZnPg==\"><\/p>\n<h2 id=\"anayasa-ihlali-tartismalari-ve-ddk-uygulamalari\">Anayasa \u0130hlali Tart\u0131\u015fmalar\u0131\u200d ve \u200dDDK \u200bUygulamalar\u0131<\/h2>\n<section>\n<p>Devlet Denetleme Kurumu (DDK), kamu kurumlar\u0131n\u0131n i\u015fleyi\u015fini denetlemek amac\u0131yla kurulmu\u015f bir yap\u0131 olarak, g\u00f6revden uzakla\u015ft\u0131rma yetkisini kullanma konusunda tart\u0131\u015fmalara yol a\u00e7maktad\u0131r. Bu yetkinin\u200c kullan\u0131m\u0131, Anayasa&#8217;n\u0131n \u00f6ng\u00f6rd\u00fc\u011f\u00fc \u2063hak ve \u00f6zg\u00fcrl\u00fcklerin \u2063ihlali anlam\u0131na gelip gelmedi\u011fi hususunda \u00e7e\u015fitli g\u00f6r\u00fc\u015fler\u200c bulunmaktad\u0131r. Anayasa&#8217;n\u0131n 38. maddesi,herkesin su\u00e7suzluk karinesine sahip oldu\u011funu belirtirken,DDK&#8217;n\u0131n\u2064 uygulamalar\u0131 bu ilkeye ne \u00f6l\u00e7\u00fcde sayg\u0131 g\u00f6stermektedir?<\/p>\n<p>DDK&#8217;n\u0131n g\u00f6revden uzakla\u015ft\u0131rma yetkisi,kamu g\u00f6revlilerinin disiplin ve etik kurallar\u0131na uymas\u0131\u200b a\u00e7\u0131s\u0131ndan \u00f6nemli bir mekanizma \u200dolarak de\u011ferlendirilmektedir. Ancak, bu yetkinin k\u00f6t\u00fcye kullan\u0131lmas\u0131 durumunda, Anayasa&#8217;n\u0131n ihlaline \u2063yol \u2064a\u00e7abilece\u011fi endi\u015feleri g\u00fcndeme gelmektedir.\u2062 Bu ba\u011flamda, DDK&#8217;n\u0131n uygulamalar\u0131n\u0131n \u015feffafl\u0131\u011f\u0131 ve\u200b denetim mekanizmalar\u0131n\u0131n etkinli\u011fi b\u00fcy\u00fck bir \u2062\u00f6nem ta\u015f\u0131maktad\u0131r.<\/p>\n<p>Bu tart\u0131\u015fmalar \u0131\u015f\u0131\u011f\u0131nda, DDK&#8217;n\u0131n g\u00f6revden uzakla\u015ft\u0131rma yetkisi ile ilgili olarak a\u015fa\u011f\u0131daki hususlar\u0131n dikkate al\u0131nmas\u0131 gerekmektedir:<\/p>\n<ul>\n<li><strong>\u015eeffafl\u0131k:<\/strong> DDK&#8217;n\u0131n\u2062 karar alma s\u00fcre\u00e7lerinin a\u00e7\u0131k ve anla\u015f\u0131l\u0131r olmas\u0131, <a href=\"https:\/\/denizcankizil.tr\/de\/seo\/aym-2021-39246-karari-anayasa-hukuku-acisindan-degerlendirme\/\" title=\"AYM 2021\/39246 Karar\u0131: ... Hukuku A\u00e7\u0131s\u0131ndan De\u011ferlendirme\">kamuoyunun g\u00fcvenini art\u0131racakt\u0131r<\/a>.<\/li>\n<li><strong>Denetim Mekanizmalar\u0131:<\/strong> \u2063 DDK&#8217;n\u0131n uygulamalar\u0131n\u0131n ba\u011f\u0131ms\u0131z bir denetim organ\u0131 taraf\u0131ndan izlenmesi, \u200bolas\u0131 ihlallerin \u00f6n\u00fcne ge\u00e7ebilir.<\/li>\n<li><strong>Hukukun \u00dcst\u00fcnl\u00fc\u011f\u00fc:<\/strong> Anayasa&#8217;n\u0131n\u200d temel ilkelerine uygun hareket edilmesi,\u200d devletin g\u00fcvenilirli\u011fini peki\u015ftirecektir.<\/li>\n<\/ul>\n<p>Sonu\u00e7 olarak, DDK&#8217;n\u0131n g\u00f6revden uzakla\u015ft\u0131rma yetkisi, Anayasa ile uyumlu \u2062bir \u200d\u015fekilde kullan\u0131lmad\u0131\u011f\u0131 \u200ctakdirde, ciddi hukuki sorunlara yol\u200b a\u00e7abilir. Bu nedenle, DDK&#8217;n\u0131n uygulamalar\u0131n\u0131n dikkatle\u2064 izlenmesi ve gerekli d\u00fczenlemelerin yap\u0131lmas\u0131 b\u00fcy\u00fck bir \u00f6nem arz etmektedir.<\/p>\n<\/section>\n<p><img decoding=\"async\" class=\"kimage_class lazyload\" data-src=\"https:\/\/denizcankizil.tr\/wp-content\/uploads\/2024\/10\/2JauI-253D.jpg\" alt=\"DDK'n\u0131n Yetkileri ile Temel Haklar Aras\u0131ndaki Denge\" src=\"data:image\/svg+xml;base64,PHN2ZyB3aWR0aD0iMSIgaGVpZ2h0PSIxIiB4bWxucz0iaHR0cDovL3d3dy53My5vcmcvMjAwMC9zdmciPjwvc3ZnPg==\"><\/p>\n<h2 id=\"ddknin-yetkileri-ile-temel-haklar-arasindaki-denge\">DDK&#8217;n\u0131n \u2063Yetkileri ile Temel Haklar Aras\u0131ndaki denge<\/h2>\n<p>Devlet\u200c Denetleme \u200dKurumu (DDK), kamu kurumlar\u0131n\u0131n i\u015fleyi\u015fini denetlemekle\u200c y\u00fck\u00fcml\u00fc bir yap\u0131 olarak, yetkilerini kullan\u0131rken <a href=\"https:\/\/denizcankizil.tr\/de\/hukukihaber\/aymnin-2020-22152-basvuru-numarali-karari\/\" title=\"AYM&#039;nin 2020\/22152 ba\u015fvuru numaral\u0131 karar\u0131\">temel haklar<\/a> ile kamu yarar\u0131 aras\u0131nda bir \u2063denge kurmak zorundad\u0131r. Bu denge, demokratik bir toplumda bireylerin haklar\u0131n\u0131n korunmas\u0131 a\u00e7\u0131s\u0131ndan son derece \u00f6nemlidir. DDK&#8217;n\u0131n g\u00f6revden\u200c uzakla\u015ft\u0131rma yetkisi, bu ba\u011flamda tart\u0131\u015fmal\u0131 bir konu olarak \u00f6ne \u00e7\u0131kmaktad\u0131r.<\/p>\n<p>DDK&#8217;n\u0131n\u200c yetkileri, kamu hizmetinin etkinli\u011fini sa\u011flamak amac\u0131yla geni\u015f\u2062 bir \u00e7er\u00e7eveye sahiptir. Ancak, bu yetkilerin kullan\u0131m\u0131 s\u0131ras\u0131nda bireylerin <strong>temel haklar\u0131<\/strong> ihlal edilmemelidir. Aksi takdirde, <a href=\"https:\/\/denizcankizil.tr\/de\/hukukihaber\/aymnin-2020-977-basvuru-numarali-karari\/\" title=\"AYM&#039;nin 2020\/977 ba\u015fvuru numaral\u0131 karar\u0131\">kamu denetimi<\/a> ile bireysel haklar\u2062 aras\u0131nda bir \u00e7at\u0131\u015fma ortaya \u00e7\u0131kabilir. Bu nedenle, DDK&#8217;n\u0131n g\u00f6revden uzakla\u015ft\u0131rma kararlar\u0131, hukukun \u00fcst\u00fcnl\u00fc\u011f\u00fc ilkesine uygun bir \u200d\u015fekilde, somut delillere dayand\u0131r\u0131lmal\u0131d\u0131r.<\/p>\n<p>Bu noktada, DDK&#8217;n\u0131n yetkilerinin s\u0131n\u0131rlar\u0131 ve bu s\u0131n\u0131rlar\u0131n a\u015f\u0131lmas\u0131\u2063 durumunda bireylerin nas\u0131l korunaca\u011f\u0131 \u00f6nemli bir mesele haline \u2062gelmektedir. Kamu denetimi,bireylerin haklar\u0131n\u0131 ihlal etmeden y\u00fcr\u00fct\u00fclmeli ve her durumda <strong>hukuki g\u00fcvenlik<\/strong> sa\u011flanmal\u0131d\u0131r.DDK&#8217;n\u0131n\u200d yetkileri ile temel haklar aras\u0131ndaki bu denge, demokratik bir toplumun vazge\u00e7ilmez bir unsuru olarak kar\u015f\u0131m\u0131za \u00e7\u0131kmaktad\u0131r.<\/p>\n<p><img decoding=\"async\" class=\"kimage_class lazyload\" data-src=\"https:\/\/denizcankizil.tr\/wp-content\/uploads\/2024\/10\/P8RPY-253D.jpg\" alt=\"Yarg\u0131tay \u0130\u00e7tihatlar\u0131 I\u015f\u0131\u011f\u0131nda\u2062 DDK'n\u0131n Yetki S\u0131n\u0131rlar\u0131\" src=\"data:image\/svg+xml;base64,PHN2ZyB3aWR0aD0iMSIgaGVpZ2h0PSIxIiB4bWxucz0iaHR0cDovL3d3dy53My5vcmcvMjAwMC9zdmciPjwvc3ZnPg==\"><\/p>\n<h2 id=\"yargitay-ictihatlari-isiginda-ddknin-yetki-sinirlari\">Yarg\u0131tay \u0130\u00e7tihatlar\u0131 I\u015f\u0131\u011f\u0131nda\u2064 DDK&#8217;n\u0131n Yetki S\u0131n\u0131rlar\u0131<\/h2>\n<section>\n<p>Devlet Denetleme Kurumu (DDK), kamu kurum ve kurulu\u015flar\u0131n\u0131n faaliyetlerini denetleme yetkisine sahip bir organ olarak,\u200c g\u00f6revden uzakla\u015ft\u0131rma yetkisini kullanma konusunda \u2062belirli \u200bs\u0131n\u0131rlarla kar\u015f\u0131 kar\u015f\u0131yad\u0131r. yarg\u0131tay i\u00e7tihatlar\u0131, DDK&#8217;n\u0131n bu yetkisini kullan\u0131rken dikkat etmesi gereken hukuki \u00e7er\u00e7eveyi net bir \u015fekilde ortaya koymaktad\u0131r. Bu ba\u011flamda, DDK&#8217;n\u0131n \u2062yetki \u2064s\u0131n\u0131rlar\u0131, Anayasa&#8217;n\u0131n \u00f6ng\u00f6rd\u00fc\u011f\u00fc temel hak\u200d ve \u00f6zg\u00fcrl\u00fcklerle uyumlu\u2064 olmal\u0131d\u0131r.<\/p>\n<p>Yarg\u0131tay\u2063 kararlar\u0131, \u200dDDK&#8217;n\u0131n g\u00f6revden uzakla\u015ft\u0131rma \u2064yetkisinin s\u0131n\u0131rlar\u0131n\u0131 belirlerken \u015fu hususlara dikkat \u00e7ekmektedir:<\/p>\n<ul>\n<li><strong>Hukuka \u200cAyk\u0131r\u0131l\u0131k:<\/strong> \u200b DDK&#8217;n\u0131n \u200dyetkisini kullan\u0131rken \u2062hukuka ayk\u0131r\u0131 bir i\u015flem yapmamas\u0131 gerekmektedir.<\/li>\n<li><strong>Orant\u0131l\u0131l\u0131k \u0130lkesi:<\/strong> G\u00f6revden uzakla\u015ft\u0131rma i\u015flemi, orant\u0131l\u0131l\u0131k ilkesine uygun olmal\u0131 \u2064ve gereklilik arz \u2063etmelidir.<\/li>\n<li><strong>\u0130yi Y\u00f6netim \u0130lkeleri:<\/strong> DDK&#8217;n\u0131n kararlar\u0131,kamu \u2062yarar\u0131n\u0131 \u2063g\u00f6zetmeli ve\u2063 iyi y\u00f6netim ilkelerine uygun olmal\u0131d\u0131r.<\/li>\n<\/ul>\n<p>Sonu\u00e7 olarak, Yarg\u0131tay i\u00e7tihatlar\u0131 \u0131\u015f\u0131\u011f\u0131nda DDK&#8217;n\u0131n g\u00f6revden uzakla\u015ft\u0131rma yetkisi, Anayasa ile g\u00fcvence alt\u0131na al\u0131nan \u2062haklar\u0131n ihlaline yol a\u00e7mamal\u0131d\u0131r. Bu nedenle, DDK&#8217;n\u0131n yetkilerini kullan\u0131rken, hukukun \u00fcst\u00fcnl\u00fc\u011f\u00fc\u2063 ilkesine riayet edilmesi b\u00fcy\u00fck \u200b\u00f6nem ta\u015f\u0131maktad\u0131r.<\/p>\n<\/section>\n<p><img decoding=\"async\" class=\"kimage_class lazyload\" data-src=\"https:\/\/denizcankizil.tr\/wp-content\/uploads\/2024\/10\/IIKHg-253D.jpg\" alt=\"Sonu\u00e7 ve\u2062 De\u011ferlendirme: DDK'n\u0131n Yetkisi \u200b\u00dczerine Hukuki Bir Analiz\" src=\"data:image\/svg+xml;base64,PHN2ZyB3aWR0aD0iMSIgaGVpZ2h0PSIxIiB4bWxucz0iaHR0cDovL3d3dy53My5vcmcvMjAwMC9zdmciPjwvc3ZnPg==\"><\/p>\n<h2 id=\"sonuc-ve-degerlendirme-ddknin-yetkisi-uzerine-hukuki-bir-analiz\">Sonu\u00e7 ve\u2064 de\u011ferlendirme: DDK&#8217;n\u0131n Yetkisi \u00dczerine Hukuki Bir Analiz<\/h2>\n<p>Devlet Denetleme Kurumu (DDK), kamu kurumlar\u0131n\u0131n denetiminde \u00f6nemli bir\u2063 rol oynamaktad\u0131r. Ancak, DDK&#8217;n\u0131n g\u00f6revden uzakla\u015ft\u0131rma yetkisi, hukuki a\u00e7\u0131dan tart\u0131\u015fmal\u0131 bir konu olarak \u00f6ne \u00e7\u0131kmaktad\u0131r. Bu yetkinin kullan\u0131m\u0131, Anayasa&#8217;n\u0131n \u00f6ng\u00f6rd\u00fc\u011f\u00fc temel hak ve \u00f6zg\u00fcrl\u00fcklerle \u200c\u00e7eli\u015fip \u00e7eli\u015fmedi\u011fi\u200d hususu, hukuk\u00e7ular aras\u0131nda farkl\u0131 g\u00f6r\u00fc\u015flere yol a\u00e7maktad\u0131r.<\/p>\n<p>DDK&#8217;n\u0131n yetkilerinin s\u0131n\u0131rlar\u0131, Anayasa&#8217;n\u0131n ilgili maddeleri ve \u2064y\u00fcr\u00fcrl\u00fckteki mevzuat\u2064 \u00e7er\u00e7evesinde belirlenmi\u015ftir. Bu ba\u011flamda, DDK&#8217;n\u0131n g\u00f6revden uzakla\u015ft\u0131rma yetkisini de\u011ferlendirirken dikkate al\u0131nmas\u0131 gereken baz\u0131 \u00f6nemli noktalar \u015funlard\u0131r:<\/p>\n<ul>\n<li><strong>Hukukun \u00dcst\u00fcnl\u00fc\u011f\u00fc:<\/strong> \u2064 DDK&#8217;n\u0131n yetkileri, hukukun \u00fcst\u00fcnl\u00fc\u011f\u00fc ilkesine uygun olarak kullan\u0131lmal\u0131d\u0131r.<\/li>\n<li><strong>Temel Haklar:<\/strong> G\u00f6revden uzakla\u015ft\u0131rma i\u015flemleri, \u200dbireylerin\u200c temel haklar\u0131n\u0131 ihlal etmemelidir.<\/li>\n<li><strong>denetim Mekanizmalar\u0131:<\/strong> \u2064DDK&#8217;n\u0131n \u200bkararlar\u0131, ba\u011f\u0131ms\u0131z denetim mekanizmalar\u0131 taraf\u0131ndan g\u00f6zden ge\u00e7irilmelidir.<\/li>\n<\/ul>\n<p>Sonu\u00e7 olarak, DDK&#8217;n\u0131n g\u00f6revden uzakla\u015ft\u0131rma yetkisi, Anayasa ile uyumlu bir \u015fekilde uygulanmad\u0131\u011f\u0131 takdirde, hukuki\u200b sorunlara yol a\u00e7abilir. Bu nedenle, DDK&#8217;n\u0131n yetkilerinin s\u0131n\u0131rlar\u0131n\u0131n net bir \u015fekilde \u200bbelirlenmesi ve \u2062denetim mekanizmalar\u0131n\u0131n g\u00fc\u00e7lendirilmesi, hukukun \u00fcst\u00fcnl\u00fc\u011f\u00fc ve bireysel haklar\u0131n korunmas\u0131 a\u00e7\u0131s\u0131ndan b\u00fcy\u00fck \u2064\u00f6nem ta\u015f\u0131maktad\u0131r.<\/p>\n<p>Sonu\u00e7 olarak, DDK&#8217;n\u0131n g\u00f6revden uzakla\u015ft\u0131rma yetkisi, Anayasa&#8217;n\u0131n \u00f6ng\u00f6rd\u00fc\u011f\u00fc temel\u2062 hak ve \u00f6zg\u00fcrl\u00fckler ile kamu g\u00f6revlilerinin g\u00fcvence\u200c alt\u0131na al\u0131nm\u0131\u015f olan haklar\u0131 \u2062a\u00e7\u0131s\u0131ndan \u00f6nemli bir tart\u0131\u015fma konusudur. Bu yetkinin kullan\u0131m\u0131, hukukun \u00fcst\u00fcnl\u00fc\u011f\u00fc ilkesine ve \u200cAnayasa&#8217;n\u0131n getirdi\u011fi denetim mekanizmalar\u0131na uygun bir \u015fekilde ger\u00e7ekle\u015ftirilmelidir.Aksi takdirde, keyfi uygulamalara ve Anayasa \u200cihlallerine yol a\u00e7ma riski bulunmaktad\u0131r. Dolay\u0131s\u0131yla, DDK&#8217;n\u0131n\u200c yetkilerinin s\u0131n\u0131rlar\u0131n\u0131n net \u200cbir \u015fekilde belirlenmesi ve bu \u200dyetkilerin\u200b kullan\u0131m\u0131 s\u0131ras\u0131nda hukukun genel ilkelerine riayet edilmesi, demokratik\u2062 bir\u2064 toplumun gereklilikleri aras\u0131nda yer almaktad\u0131r. Gelecekte, bu \u200dkonudaki\u200b yarg\u0131 \u2062kararlar\u0131 ve hukuki d\u00fczenlemeler, DDK&#8217;n\u0131n yetkilerinin Anayasa\u2062 ile ne \u00f6l\u00e7\u00fcde uyumlu\u200c oldu\u011funu belirlemede belirleyici bir rol oynayacakt\u0131r. bu ba\u011flamda, hukuk\u00e7ular\u0131n ve kamuoyunun dikkatle izlemesi gereken \u2062bir \u200bs\u00fcre\u00e7 s\u00f6z konusudur. <\/p>","protected":false},"excerpt":{"rendered":"<p>DDK&#8217;n\u0131n g\u00f6revden uzakla\u015ft\u0131rma yetkisi, Anayasa&#8217;n\u0131n 125. maddesi \u00e7er\u00e7evesinde de\u011ferlendirildi\u011finde, idarenin denetimi a\u00e7\u0131s\u0131ndan \u00f6nemli bir mekanizma olarak \u00f6ne \u00e7\u0131kmaktad\u0131r. Ancak, bu yetkinin kullan\u0131m\u0131, Anayasa ihlali riskini de beraberinde getirmektedir.<\/p>","protected":false},"author":4,"featured_media":32007,"comment_status":"open","ping_status":"open","sticky":false,"template":"","format":"standard","meta":{"_acf_changed":false,"footnotes":""},"categories":[22],"tags":[],"class_list":["post-32006","post","type-post","status-publish","format-standard","has-post-thumbnail","hentry","category-degerlendirme"],"acf":[],"yoast_head":"<!-- This site is optimized with the Yoast SEO Premium plugin v26.6 (Yoast SEO v27.1.1) - https:\/\/yoast.com\/product\/yoast-seo-premium-wordpress\/ -->\n<title>DDK&#039;n\u0131n G\u00f6revden Uzakla\u015ft\u0131rma Yetkisi: Anayasa \u0130hlali Mi? - Av. Deniz Can K\u0131z\u0131l<\/title>\n<meta name=\"robots\" content=\"index, follow, max-snippet:-1, max-image-preview:large, max-video-preview:-1\" \/>\n<link rel=\"canonical\" href=\"http:\/\/denizcankizil.tr\/de\/koseyazilari\/degerlendirme\/ddknin-gorevden-uzaklastirma-yetkisi-anayasa-ihlali-mi\/\" \/>\n<meta property=\"og:locale\" content=\"de_DE\" \/>\n<meta property=\"og:type\" content=\"article\" \/>\n<meta property=\"og:title\" content=\"DDK&#039;n\u0131n G\u00f6revden Uzakla\u015ft\u0131rma Yetkisi: Anayasa \u0130hlali Mi?\" \/>\n<meta property=\"og:description\" content=\"DDK&#039;n\u0131n g\u00f6revden uzakla\u015ft\u0131rma yetkisi, Anayasa&#039;n\u0131n 125. maddesi \u00e7er\u00e7evesinde de\u011ferlendirildi\u011finde, idarenin denetimi a\u00e7\u0131s\u0131ndan \u00f6nemli bir mekanizma olarak \u00f6ne \u00e7\u0131kmaktad\u0131r. Ancak, bu yetkinin kullan\u0131m\u0131, Anayasa ihlali riskini de beraberinde getirmektedir.\" \/>\n<meta property=\"og:url\" content=\"http:\/\/denizcankizil.tr\/de\/koseyazilari\/degerlendirme\/ddknin-gorevden-uzaklastirma-yetkisi-anayasa-ihlali-mi\/\" \/>\n<meta property=\"og:site_name\" content=\"Av. Deniz Can K\u0131z\u0131l\" \/>\n<meta property=\"article:published_time\" content=\"2025-02-11T12:08:59+00:00\" \/>\n<meta property=\"article:modified_time\" content=\"2025-02-11T12:09:05+00:00\" \/>\n<meta property=\"og:image\" content=\"http:\/\/denizcankizil.tr\/wp-content\/uploads\/2025\/02\/32006-ddknin-gorevden-uzaklastirma-yetkisi-anayasa-ihlali-mi.jpg\" \/>\n\t<meta property=\"og:image:width\" content=\"800\" \/>\n\t<meta property=\"og:image:height\" content=\"800\" \/>\n\t<meta property=\"og:image:type\" content=\"image\/jpeg\" \/>\n<meta name=\"author\" content=\"Av. Deniz Can K\u0131z\u0131l\" \/>\n<meta name=\"twitter:card\" content=\"summary_large_image\" \/>\n<meta name=\"twitter:label1\" content=\"Verfasst von\" \/>\n\t<meta name=\"twitter:data1\" content=\"Av. Deniz Can K\u0131z\u0131l\" \/>\n\t<meta name=\"twitter:label2\" content=\"Gesch\u00e4tzte Lesezeit\" \/>\n\t<meta name=\"twitter:data2\" content=\"8\u00a0Minuten\" \/>\n<script type=\"application\/ld+json\" class=\"yoast-schema-graph\">{\"@context\":\"https:\/\/schema.org\",\"@graph\":[{\"@type\":\"Article\",\"@id\":\"http:\/\/denizcankizil.tr\/uk\/koseyazilari\/degerlendirme\/ddknin-gorevden-uzaklastirma-yetkisi-anayasa-ihlali-mi\/#article\",\"isPartOf\":{\"@id\":\"http:\/\/denizcankizil.tr\/uk\/koseyazilari\/degerlendirme\/ddknin-gorevden-uzaklastirma-yetkisi-anayasa-ihlali-mi\/\"},\"author\":{\"name\":\"Av. Deniz Can K\u0131z\u0131l\",\"@id\":\"https:\/\/denizcankizil.tr\/de\/#\/schema\/person\/5dc1b22991bd7ac833867c10afc9b0ff\"},\"headline\":\"DDK&#8217;n\u0131n G\u00f6revden Uzakla\u015ft\u0131rma Yetkisi: Anayasa \u0130hlali Mi?\",\"datePublished\":\"2025-02-11T12:08:59+00:00\",\"dateModified\":\"2025-02-11T12:09:05+00:00\",\"mainEntityOfPage\":{\"@id\":\"http:\/\/denizcankizil.tr\/uk\/koseyazilari\/degerlendirme\/ddknin-gorevden-uzaklastirma-yetkisi-anayasa-ihlali-mi\/\"},\"wordCount\":1748,\"commentCount\":0,\"publisher\":{\"@id\":\"https:\/\/denizcankizil.tr\/de\/#organization\"},\"image\":{\"@id\":\"http:\/\/denizcankizil.tr\/uk\/koseyazilari\/degerlendirme\/ddknin-gorevden-uzaklastirma-yetkisi-anayasa-ihlali-mi\/#primaryimage\"},\"thumbnailUrl\":\"https:\/\/denizcankizil.tr\/wp-content\/uploads\/2025\/02\/32006-ddknin-gorevden-uzaklastirma-yetkisi-anayasa-ihlali-mi.jpg\",\"articleSection\":[\"De\u011ferlendirme\"],\"inLanguage\":\"de\",\"potentialAction\":[{\"@type\":\"CommentAction\",\"name\":\"Comment\",\"target\":[\"http:\/\/denizcankizil.tr\/uk\/koseyazilari\/degerlendirme\/ddknin-gorevden-uzaklastirma-yetkisi-anayasa-ihlali-mi\/#respond\"]}]},{\"@type\":\"WebPage\",\"@id\":\"http:\/\/denizcankizil.tr\/uk\/koseyazilari\/degerlendirme\/ddknin-gorevden-uzaklastirma-yetkisi-anayasa-ihlali-mi\/\",\"url\":\"http:\/\/denizcankizil.tr\/uk\/koseyazilari\/degerlendirme\/ddknin-gorevden-uzaklastirma-yetkisi-anayasa-ihlali-mi\/\",\"name\":\"DDK'n\u0131n G\u00f6revden Uzakla\u015ft\u0131rma Yetkisi: Anayasa \u0130hlali Mi? - Av. Deniz Can K\u0131z\u0131l\",\"isPartOf\":{\"@id\":\"https:\/\/denizcankizil.tr\/de\/#website\"},\"primaryImageOfPage\":{\"@id\":\"http:\/\/denizcankizil.tr\/uk\/koseyazilari\/degerlendirme\/ddknin-gorevden-uzaklastirma-yetkisi-anayasa-ihlali-mi\/#primaryimage\"},\"image\":{\"@id\":\"http:\/\/denizcankizil.tr\/uk\/koseyazilari\/degerlendirme\/ddknin-gorevden-uzaklastirma-yetkisi-anayasa-ihlali-mi\/#primaryimage\"},\"thumbnailUrl\":\"https:\/\/denizcankizil.tr\/wp-content\/uploads\/2025\/02\/32006-ddknin-gorevden-uzaklastirma-yetkisi-anayasa-ihlali-mi.jpg\",\"datePublished\":\"2025-02-11T12:08:59+00:00\",\"dateModified\":\"2025-02-11T12:09:05+00:00\",\"breadcrumb\":{\"@id\":\"http:\/\/denizcankizil.tr\/uk\/koseyazilari\/degerlendirme\/ddknin-gorevden-uzaklastirma-yetkisi-anayasa-ihlali-mi\/#breadcrumb\"},\"inLanguage\":\"de\",\"potentialAction\":[{\"@type\":\"ReadAction\",\"target\":[\"http:\/\/denizcankizil.tr\/uk\/koseyazilari\/degerlendirme\/ddknin-gorevden-uzaklastirma-yetkisi-anayasa-ihlali-mi\/\"]}]},{\"@type\":\"ImageObject\",\"inLanguage\":\"de\",\"@id\":\"http:\/\/denizcankizil.tr\/uk\/koseyazilari\/degerlendirme\/ddknin-gorevden-uzaklastirma-yetkisi-anayasa-ihlali-mi\/#primaryimage\",\"url\":\"https:\/\/denizcankizil.tr\/wp-content\/uploads\/2025\/02\/32006-ddknin-gorevden-uzaklastirma-yetkisi-anayasa-ihlali-mi.jpg\",\"contentUrl\":\"https:\/\/denizcankizil.tr\/wp-content\/uploads\/2025\/02\/32006-ddknin-gorevden-uzaklastirma-yetkisi-anayasa-ihlali-mi.jpg\",\"width\":800,\"height\":800,\"caption\":\"DDK&#8217;n\u0131n G\u00f6revden Uzakla\u015ft\u0131rma Yetkisi: Anayasa \u0130hlali Mi?\"},{\"@type\":\"BreadcrumbList\",\"@id\":\"http:\/\/denizcankizil.tr\/uk\/koseyazilari\/degerlendirme\/ddknin-gorevden-uzaklastirma-yetkisi-anayasa-ihlali-mi\/#breadcrumb\",\"itemListElement\":[{\"@type\":\"ListItem\",\"position\":1,\"name\":\"Home\",\"item\":\"https:\/\/denizcankizil.tr\/de\/\"},{\"@type\":\"ListItem\",\"position\":2,\"name\":\"DDK&#8217;n\u0131n G\u00f6revden Uzakla\u015ft\u0131rma Yetkisi: Anayasa \u0130hlali Mi?\"}]},{\"@type\":\"WebSite\",\"@id\":\"https:\/\/denizcankizil.tr\/de\/#website\",\"url\":\"https:\/\/denizcankizil.tr\/de\/\",\"name\":\"Av. Deniz Can K\u0131z\u0131l\",\"description\":\"Avukat Deniz Can K\u0131z\u0131l Antalya Barosu\",\"publisher\":{\"@id\":\"https:\/\/denizcankizil.tr\/de\/#organization\"},\"potentialAction\":[{\"@type\":\"SearchAction\",\"target\":{\"@type\":\"EntryPoint\",\"urlTemplate\":\"https:\/\/denizcankizil.tr\/de\/?s={search_term_string}\"},\"query-input\":{\"@type\":\"PropertyValueSpecification\",\"valueRequired\":true,\"valueName\":\"search_term_string\"}}],\"inLanguage\":\"de\"},{\"@type\":\"Organization\",\"@id\":\"https:\/\/denizcankizil.tr\/de\/#organization\",\"name\":\"Av. Deniz Can K\u0131z\u0131l\",\"url\":\"https:\/\/denizcankizil.tr\/de\/\",\"logo\":{\"@type\":\"ImageObject\",\"inLanguage\":\"de\",\"@id\":\"https:\/\/denizcankizil.tr\/de\/#\/schema\/logo\/image\/\",\"url\":\"https:\/\/denizcankizil.tr\/wp-content\/uploads\/2024\/10\/siyah-logo-svg.svg\",\"contentUrl\":\"https:\/\/denizcankizil.tr\/wp-content\/uploads\/2024\/10\/siyah-logo-svg.svg\",\"width\":1080,\"height\":1080,\"caption\":\"Av. Deniz Can K\u0131z\u0131l\"},\"image\":{\"@id\":\"https:\/\/denizcankizil.tr\/de\/#\/schema\/logo\/image\/\"}},{\"@type\":\"Person\",\"@id\":\"https:\/\/denizcankizil.tr\/de\/#\/schema\/person\/5dc1b22991bd7ac833867c10afc9b0ff\",\"name\":\"Av. Deniz Can K\u0131z\u0131l\",\"image\":{\"@type\":\"ImageObject\",\"inLanguage\":\"de\",\"@id\":\"https:\/\/denizcankizil.tr\/de\/#\/schema\/person\/image\/\",\"url\":\"https:\/\/secure.gravatar.com\/avatar\/a0b128fb9855c79efc976d5640eedb31dc35ec297594d6016d2cf7c60e975bb6?s=96&d=mm&r=g\",\"contentUrl\":\"https:\/\/secure.gravatar.com\/avatar\/a0b128fb9855c79efc976d5640eedb31dc35ec297594d6016d2cf7c60e975bb6?s=96&d=mm&r=g\",\"caption\":\"Av. Deniz Can K\u0131z\u0131l\"},\"sameAs\":[\"http:\/\/www.denizcankizil.tr\"],\"url\":\"https:\/\/denizcankizil.tr\/de\/author\/denizcankizil\/\"}]}<\/script>\n<!-- \/ Yoast SEO Premium plugin. -->","yoast_head_json":{"title":"DDK'n\u0131n G\u00f6revden Uzakla\u015ft\u0131rma Yetkisi: Anayasa \u0130hlali Mi? - Av. Deniz Can K\u0131z\u0131l","robots":{"index":"index","follow":"follow","max-snippet":"max-snippet:-1","max-image-preview":"max-image-preview:large","max-video-preview":"max-video-preview:-1"},"canonical":"http:\/\/denizcankizil.tr\/de\/koseyazilari\/degerlendirme\/ddknin-gorevden-uzaklastirma-yetkisi-anayasa-ihlali-mi\/","og_locale":"de_DE","og_type":"article","og_title":"DDK'n\u0131n G\u00f6revden Uzakla\u015ft\u0131rma Yetkisi: Anayasa \u0130hlali Mi?","og_description":"DDK'n\u0131n g\u00f6revden uzakla\u015ft\u0131rma yetkisi, Anayasa'n\u0131n 125. maddesi \u00e7er\u00e7evesinde de\u011ferlendirildi\u011finde, idarenin denetimi a\u00e7\u0131s\u0131ndan \u00f6nemli bir mekanizma olarak \u00f6ne \u00e7\u0131kmaktad\u0131r. Ancak, bu yetkinin kullan\u0131m\u0131, Anayasa ihlali riskini de beraberinde getirmektedir.","og_url":"http:\/\/denizcankizil.tr\/de\/koseyazilari\/degerlendirme\/ddknin-gorevden-uzaklastirma-yetkisi-anayasa-ihlali-mi\/","og_site_name":"Av. Deniz Can K\u0131z\u0131l","article_published_time":"2025-02-11T12:08:59+00:00","article_modified_time":"2025-02-11T12:09:05+00:00","og_image":[{"width":800,"height":800,"url":"http:\/\/denizcankizil.tr\/wp-content\/uploads\/2025\/02\/32006-ddknin-gorevden-uzaklastirma-yetkisi-anayasa-ihlali-mi.jpg","type":"image\/jpeg"}],"author":"Av. Deniz Can K\u0131z\u0131l","twitter_card":"summary_large_image","twitter_misc":{"Verfasst von":"Av. Deniz Can K\u0131z\u0131l","Gesch\u00e4tzte Lesezeit":"8\u00a0Minuten"},"schema":{"@context":"https:\/\/schema.org","@graph":[{"@type":"Article","@id":"http:\/\/denizcankizil.tr\/uk\/koseyazilari\/degerlendirme\/ddknin-gorevden-uzaklastirma-yetkisi-anayasa-ihlali-mi\/#article","isPartOf":{"@id":"http:\/\/denizcankizil.tr\/uk\/koseyazilari\/degerlendirme\/ddknin-gorevden-uzaklastirma-yetkisi-anayasa-ihlali-mi\/"},"author":{"name":"Av. Deniz Can K\u0131z\u0131l","@id":"https:\/\/denizcankizil.tr\/de\/#\/schema\/person\/5dc1b22991bd7ac833867c10afc9b0ff"},"headline":"DDK&#8217;n\u0131n G\u00f6revden Uzakla\u015ft\u0131rma Yetkisi: Anayasa \u0130hlali Mi?","datePublished":"2025-02-11T12:08:59+00:00","dateModified":"2025-02-11T12:09:05+00:00","mainEntityOfPage":{"@id":"http:\/\/denizcankizil.tr\/uk\/koseyazilari\/degerlendirme\/ddknin-gorevden-uzaklastirma-yetkisi-anayasa-ihlali-mi\/"},"wordCount":1748,"commentCount":0,"publisher":{"@id":"https:\/\/denizcankizil.tr\/de\/#organization"},"image":{"@id":"http:\/\/denizcankizil.tr\/uk\/koseyazilari\/degerlendirme\/ddknin-gorevden-uzaklastirma-yetkisi-anayasa-ihlali-mi\/#primaryimage"},"thumbnailUrl":"https:\/\/denizcankizil.tr\/wp-content\/uploads\/2025\/02\/32006-ddknin-gorevden-uzaklastirma-yetkisi-anayasa-ihlali-mi.jpg","articleSection":["De\u011ferlendirme"],"inLanguage":"de","potentialAction":[{"@type":"CommentAction","name":"Comment","target":["http:\/\/denizcankizil.tr\/uk\/koseyazilari\/degerlendirme\/ddknin-gorevden-uzaklastirma-yetkisi-anayasa-ihlali-mi\/#respond"]}]},{"@type":"WebPage","@id":"http:\/\/denizcankizil.tr\/uk\/koseyazilari\/degerlendirme\/ddknin-gorevden-uzaklastirma-yetkisi-anayasa-ihlali-mi\/","url":"http:\/\/denizcankizil.tr\/uk\/koseyazilari\/degerlendirme\/ddknin-gorevden-uzaklastirma-yetkisi-anayasa-ihlali-mi\/","name":"DDK'n\u0131n G\u00f6revden Uzakla\u015ft\u0131rma Yetkisi: Anayasa \u0130hlali Mi? - Av. Deniz Can K\u0131z\u0131l","isPartOf":{"@id":"https:\/\/denizcankizil.tr\/de\/#website"},"primaryImageOfPage":{"@id":"http:\/\/denizcankizil.tr\/uk\/koseyazilari\/degerlendirme\/ddknin-gorevden-uzaklastirma-yetkisi-anayasa-ihlali-mi\/#primaryimage"},"image":{"@id":"http:\/\/denizcankizil.tr\/uk\/koseyazilari\/degerlendirme\/ddknin-gorevden-uzaklastirma-yetkisi-anayasa-ihlali-mi\/#primaryimage"},"thumbnailUrl":"https:\/\/denizcankizil.tr\/wp-content\/uploads\/2025\/02\/32006-ddknin-gorevden-uzaklastirma-yetkisi-anayasa-ihlali-mi.jpg","datePublished":"2025-02-11T12:08:59+00:00","dateModified":"2025-02-11T12:09:05+00:00","breadcrumb":{"@id":"http:\/\/denizcankizil.tr\/uk\/koseyazilari\/degerlendirme\/ddknin-gorevden-uzaklastirma-yetkisi-anayasa-ihlali-mi\/#breadcrumb"},"inLanguage":"de","potentialAction":[{"@type":"ReadAction","target":["http:\/\/denizcankizil.tr\/uk\/koseyazilari\/degerlendirme\/ddknin-gorevden-uzaklastirma-yetkisi-anayasa-ihlali-mi\/"]}]},{"@type":"ImageObject","inLanguage":"de","@id":"http:\/\/denizcankizil.tr\/uk\/koseyazilari\/degerlendirme\/ddknin-gorevden-uzaklastirma-yetkisi-anayasa-ihlali-mi\/#primaryimage","url":"https:\/\/denizcankizil.tr\/wp-content\/uploads\/2025\/02\/32006-ddknin-gorevden-uzaklastirma-yetkisi-anayasa-ihlali-mi.jpg","contentUrl":"https:\/\/denizcankizil.tr\/wp-content\/uploads\/2025\/02\/32006-ddknin-gorevden-uzaklastirma-yetkisi-anayasa-ihlali-mi.jpg","width":800,"height":800,"caption":"DDK&#8217;n\u0131n G\u00f6revden Uzakla\u015ft\u0131rma Yetkisi: Anayasa \u0130hlali Mi?"},{"@type":"BreadcrumbList","@id":"http:\/\/denizcankizil.tr\/uk\/koseyazilari\/degerlendirme\/ddknin-gorevden-uzaklastirma-yetkisi-anayasa-ihlali-mi\/#breadcrumb","itemListElement":[{"@type":"ListItem","position":1,"name":"Home","item":"https:\/\/denizcankizil.tr\/de\/"},{"@type":"ListItem","position":2,"name":"DDK&#8217;n\u0131n G\u00f6revden Uzakla\u015ft\u0131rma Yetkisi: Anayasa \u0130hlali Mi?"}]},{"@type":"WebSite","@id":"https:\/\/denizcankizil.tr\/de\/#website","url":"https:\/\/denizcankizil.tr\/de\/","name":"Av. Deniz Can K\u0131z\u0131l","description":"Avukat Deniz Can K\u0131z\u0131l Antalya Barosu","publisher":{"@id":"https:\/\/denizcankizil.tr\/de\/#organization"},"potentialAction":[{"@type":"SearchAction","target":{"@type":"EntryPoint","urlTemplate":"https:\/\/denizcankizil.tr\/de\/?s={search_term_string}"},"query-input":{"@type":"PropertyValueSpecification","valueRequired":true,"valueName":"search_term_string"}}],"inLanguage":"de"},{"@type":"Organization","@id":"https:\/\/denizcankizil.tr\/de\/#organization","name":"Av. Deniz Can K\u0131z\u0131l","url":"https:\/\/denizcankizil.tr\/de\/","logo":{"@type":"ImageObject","inLanguage":"de","@id":"https:\/\/denizcankizil.tr\/de\/#\/schema\/logo\/image\/","url":"https:\/\/denizcankizil.tr\/wp-content\/uploads\/2024\/10\/siyah-logo-svg.svg","contentUrl":"https:\/\/denizcankizil.tr\/wp-content\/uploads\/2024\/10\/siyah-logo-svg.svg","width":1080,"height":1080,"caption":"Av. Deniz Can K\u0131z\u0131l"},"image":{"@id":"https:\/\/denizcankizil.tr\/de\/#\/schema\/logo\/image\/"}},{"@type":"Person","@id":"https:\/\/denizcankizil.tr\/de\/#\/schema\/person\/5dc1b22991bd7ac833867c10afc9b0ff","name":"Av. Deniz Can K\u0131z\u0131l","image":{"@type":"ImageObject","inLanguage":"de","@id":"https:\/\/denizcankizil.tr\/de\/#\/schema\/person\/image\/","url":"https:\/\/secure.gravatar.com\/avatar\/a0b128fb9855c79efc976d5640eedb31dc35ec297594d6016d2cf7c60e975bb6?s=96&d=mm&r=g","contentUrl":"https:\/\/secure.gravatar.com\/avatar\/a0b128fb9855c79efc976d5640eedb31dc35ec297594d6016d2cf7c60e975bb6?s=96&d=mm&r=g","caption":"Av. Deniz Can K\u0131z\u0131l"},"sameAs":["http:\/\/www.denizcankizil.tr"],"url":"https:\/\/denizcankizil.tr\/de\/author\/denizcankizil\/"}]}},"_links":{"self":[{"href":"https:\/\/denizcankizil.tr\/de\/wp-json\/wp\/v2\/posts\/32006","targetHints":{"allow":["GET"]}}],"collection":[{"href":"https:\/\/denizcankizil.tr\/de\/wp-json\/wp\/v2\/posts"}],"about":[{"href":"https:\/\/denizcankizil.tr\/de\/wp-json\/wp\/v2\/types\/post"}],"author":[{"embeddable":true,"href":"https:\/\/denizcankizil.tr\/de\/wp-json\/wp\/v2\/users\/4"}],"replies":[{"embeddable":true,"href":"https:\/\/denizcankizil.tr\/de\/wp-json\/wp\/v2\/comments?post=32006"}],"version-history":[{"count":1,"href":"https:\/\/denizcankizil.tr\/de\/wp-json\/wp\/v2\/posts\/32006\/revisions"}],"predecessor-version":[{"id":32008,"href":"https:\/\/denizcankizil.tr\/de\/wp-json\/wp\/v2\/posts\/32006\/revisions\/32008"}],"wp:featuredmedia":[{"embeddable":true,"href":"https:\/\/denizcankizil.tr\/de\/wp-json\/wp\/v2\/media\/32007"}],"wp:attachment":[{"href":"https:\/\/denizcankizil.tr\/de\/wp-json\/wp\/v2\/media?parent=32006"}],"wp:term":[{"taxonomy":"category","embeddable":true,"href":"https:\/\/denizcankizil.tr\/de\/wp-json\/wp\/v2\/categories?post=32006"},{"taxonomy":"post_tag","embeddable":true,"href":"https:\/\/denizcankizil.tr\/de\/wp-json\/wp\/v2\/tags?post=32006"}],"curies":[{"name":"wp","href":"https:\/\/api.w.org\/{rel}","templated":true}]}}