{"id":31754,"date":"2025-02-10T16:41:34","date_gmt":"2025-02-10T13:41:34","guid":{"rendered":"https:\/\/denizcankizil.tr\/uncategorized-tr\/antik-zeytinyagi-fabrikasi-kaderine-terk-edildi\/"},"modified":"2025-02-10T16:41:34","modified_gmt":"2025-02-10T13:41:34","slug":"antik-zeytinyagi-fabrikasi-kaderine-terk-edildi","status":"publish","type":"post","link":"https:\/\/denizcankizil.tr\/de\/haberler\/gundem\/antik-zeytinyagi-fabrikasi-kaderine-terk-edildi\/","title":{"rendered":"Antik Zeytinya\u011f\u0131 Fabrikas\u0131 kaderine terk edildi"},"content":{"rendered":"<p>&#8220;B\u00f6lgenin ve Anadolu\u2019nun En B\u00fcy\u00fck Antik Zeytinya\u011f\u0131 Fabrikas\u0131&#8221;<\/p>\n<p>Sakarya Mahallesi Muhtar\u0131 Zafer \u00d6te, tarihi yap\u0131n\u0131n \u00f6nemine dikkat \u00e7ekerek, \u201cDaha \u00f6nce yap\u0131lan incelemelerde, buran\u0131n Antik Roma d\u00f6nemine ait bir zeytinya\u011f\u0131 fabrikas\u0131 oldu\u011fu belirlendi. Buras\u0131, b\u00f6lgenin ve Anadolu\u2019nun en b\u00fcy\u00fck antik zeytinya\u011f\u0131 fabrikas\u0131 olarak adland\u0131r\u0131lm\u0131\u015ft\u0131r. Hatay\u2019daki zeytinler burada i\u015flenerek ihracat i\u00e7in haz\u0131rlan\u0131yordu\u201d dedi.<\/p>\n<p>Ancak, tarihi yap\u0131n\u0131n korunmas\u0131 ve turizme kazand\u0131r\u0131lmas\u0131 i\u00e7in herhangi bir \u00e7al\u0131\u015fman\u0131n yap\u0131lmad\u0131\u011f\u0131n\u0131 vurgulayan Muhtar \u00d6te, \u201cBuras\u0131 sit alan\u0131 ilan edildi ancak ne bak\u0131m yap\u0131ld\u0131 ne de bir restorasyon \u00e7al\u0131\u015fmas\u0131 ba\u015flat\u0131ld\u0131. Alan \u015fu an mezbelelik halde ve otlar aras\u0131nda kaybolmu\u015f durumda. Yetkililerden buray\u0131 temizleyip g\u00fcn y\u00fcz\u00fcne \u00e7\u0131karmalar\u0131n\u0131 bekliyoruz. Belediyemizden de bu konuda bir \u00e7al\u0131\u015fma yapmas\u0131n\u0131 talep edece\u011fiz\u201d diye konu\u015ftu.<\/p>\n<p>B\u00f6lge halk\u0131, \u0130skenderun\u2019un tarihi miras\u0131n\u0131n korunarak turizme kazand\u0131r\u0131lmas\u0131 gerekti\u011fini belirterek, yetkililere \u00e7a\u011fr\u0131da bulundu.<\/p>\n<p>\u200bHatay\u2019\u0131n \u0130skenderun il\u00e7esinde, bir okul in\u015faat\u0131n\u0131n temel kaz\u0131s\u0131 s\u0131ras\u0131nda ortaya \u00e7\u0131kan antik zeytinya\u011f\u0131 fabrikas\u0131na ait kal\u0131nt\u0131lar, sit alan\u0131 ilan edilmesine ra\u011fmen kaderine terk edildi. Sakarya Mahallesi\u2019nde bulunan ve Antik Roma d\u00f6nemine ait oldu\u011fu belirlenen yap\u0131n\u0131n, turizme kazand\u0131r\u0131lmas\u0131 i\u00e7in herhangi bir ad\u0131m at\u0131lmamas\u0131, b\u00f6lge halk\u0131n\u0131n tepkisine neden oldu.\u00a0<\/p>\n<p>\u200bHaberin Al\u0131nt\u0131land\u0131\u011f\u0131 Kaynak: www.iskenderun.org<\/p>","protected":false},"excerpt":{"rendered":"<p>&#8220;B\u00f6lgenin ve Anadolu\u2019nun En B\u00fcy\u00fck Antik Zeytinya\u011f\u0131 Fabrikas\u0131&#8221; Sakarya Mahallesi Muhtar\u0131 Zafer \u00d6te, tarihi yap\u0131n\u0131n \u00f6nemine dikkat \u00e7ekerek, \u201cDaha \u00f6nce yap\u0131lan incelemelerde, buran\u0131n Antik Roma d\u00f6nemine ait bir zeytinya\u011f\u0131 fabrikas\u0131 oldu\u011fu belirlendi. Buras\u0131, b\u00f6lgenin ve Anadolu\u2019nun en b\u00fcy\u00fck antik zeytinya\u011f\u0131 fabrikas\u0131 olarak adland\u0131r\u0131lm\u0131\u015ft\u0131r. Hatay\u2019daki zeytinler burada i\u015flenerek ihracat i\u00e7in haz\u0131rlan\u0131yordu\u201d dedi. Ancak, tarihi yap\u0131n\u0131n korunmas\u0131 ve turizme kazand\u0131r\u0131lmas\u0131 i\u00e7in herhangi bir \u00e7al\u0131\u015fman\u0131n yap\u0131lmad\u0131\u011f\u0131n\u0131 vurgulayan Muhtar \u00d6te, \u201cBuras\u0131 sit alan\u0131 ilan edildi ancak ne bak\u0131m yap\u0131ld\u0131 ne de bir restorasyon \u00e7al\u0131\u015fmas\u0131 ba\u015flat\u0131ld\u0131. Alan \u015fu an mezbelelik halde ve otlar aras\u0131nda kaybolmu\u015f durumda. Yetkililerden buray\u0131 temizleyip g\u00fcn y\u00fcz\u00fcne \u00e7\u0131karmalar\u0131n\u0131 bekliyoruz. Belediyemizden de bu konuda bir \u00e7al\u0131\u015fma yapmas\u0131n\u0131 talep edece\u011fiz\u201d diye konu\u015ftu. B\u00f6lge halk\u0131, \u0130skenderun\u2019un tarihi miras\u0131n\u0131n korunarak turizme kazand\u0131r\u0131lmas\u0131 gerekti\u011fini belirterek, yetkililere \u00e7a\u011fr\u0131da bulundu. \u200bHatay\u2019\u0131n \u0130skenderun il\u00e7esinde, bir okul in\u015faat\u0131n\u0131n temel kaz\u0131s\u0131 s\u0131ras\u0131nda ortaya \u00e7\u0131kan antik zeytinya\u011f\u0131 fabrikas\u0131na ait kal\u0131nt\u0131lar, sit alan\u0131 ilan edilmesine ra\u011fmen kaderine terk edildi. Sakarya Mahallesi\u2019nde bulunan ve Antik Roma d\u00f6nemine ait oldu\u011fu belirlenen yap\u0131n\u0131n, turizme kazand\u0131r\u0131lmas\u0131 i\u00e7in herhangi bir ad\u0131m at\u0131lmamas\u0131, b\u00f6lge halk\u0131n\u0131n tepkisine neden oldu.\u00a0 \u200bHaberin Al\u0131nt\u0131land\u0131\u011f\u0131 Kaynak: www.iskenderun.org<\/p>","protected":false},"author":1,"featured_media":0,"comment_status":"open","ping_status":"open","sticky":false,"template":"","format":"standard","meta":{"_acf_changed":false,"footnotes":""},"categories":[24],"tags":[],"class_list":["post-31754","post","type-post","status-publish","format-standard","has-post-thumbnail","hentry","category-gundem"],"acf":[],"yoast_head":"<!-- This site is optimized with the Yoast SEO Premium plugin v26.6 (Yoast SEO v27.1.1) - https:\/\/yoast.com\/product\/yoast-seo-premium-wordpress\/ -->\n<title>Antik Zeytinya\u011f\u0131 Fabrikas\u0131 kaderine terk edildi - Av. Deniz Can K\u0131z\u0131l<\/title>\n<meta name=\"robots\" content=\"index, follow, max-snippet:-1, max-image-preview:large, max-video-preview:-1\" \/>\n<link rel=\"canonical\" href=\"https:\/\/denizcankizil.tr\/de\/haberler\/gundem\/antik-zeytinyagi-fabrikasi-kaderine-terk-edildi\/\" \/>\n<meta property=\"og:locale\" content=\"de_DE\" \/>\n<meta property=\"og:type\" content=\"article\" \/>\n<meta property=\"og:title\" content=\"Antik Zeytinya\u011f\u0131 Fabrikas\u0131 kaderine terk edildi\" \/>\n<meta property=\"og:description\" content=\"&#8220;B\u00f6lgenin ve Anadolu\u2019nun En B\u00fcy\u00fck Antik Zeytinya\u011f\u0131 Fabrikas\u0131&#8221; Sakarya Mahallesi Muhtar\u0131 Zafer \u00d6te, tarihi yap\u0131n\u0131n \u00f6nemine dikkat \u00e7ekerek, \u201cDaha \u00f6nce yap\u0131lan incelemelerde, buran\u0131n Antik Roma d\u00f6nemine ait bir zeytinya\u011f\u0131 fabrikas\u0131 oldu\u011fu belirlendi. Buras\u0131, b\u00f6lgenin ve Anadolu\u2019nun en b\u00fcy\u00fck antik zeytinya\u011f\u0131 fabrikas\u0131 olarak adland\u0131r\u0131lm\u0131\u015ft\u0131r. Hatay\u2019daki zeytinler burada i\u015flenerek ihracat i\u00e7in haz\u0131rlan\u0131yordu\u201d dedi. Ancak, tarihi yap\u0131n\u0131n korunmas\u0131 ve turizme kazand\u0131r\u0131lmas\u0131 i\u00e7in herhangi bir \u00e7al\u0131\u015fman\u0131n yap\u0131lmad\u0131\u011f\u0131n\u0131 vurgulayan Muhtar \u00d6te, \u201cBuras\u0131 sit alan\u0131 ilan edildi ancak ne bak\u0131m yap\u0131ld\u0131 ne de bir restorasyon \u00e7al\u0131\u015fmas\u0131 ba\u015flat\u0131ld\u0131. Alan \u015fu an mezbelelik halde ve otlar aras\u0131nda kaybolmu\u015f durumda. Yetkililerden buray\u0131 temizleyip g\u00fcn y\u00fcz\u00fcne \u00e7\u0131karmalar\u0131n\u0131 bekliyoruz. Belediyemizden de bu konuda bir \u00e7al\u0131\u015fma yapmas\u0131n\u0131 talep edece\u011fiz\u201d diye konu\u015ftu. B\u00f6lge halk\u0131, \u0130skenderun\u2019un tarihi miras\u0131n\u0131n korunarak turizme kazand\u0131r\u0131lmas\u0131 gerekti\u011fini belirterek, yetkililere \u00e7a\u011fr\u0131da bulundu. \u200bHatay\u2019\u0131n \u0130skenderun il\u00e7esinde, bir okul in\u015faat\u0131n\u0131n temel kaz\u0131s\u0131 s\u0131ras\u0131nda ortaya \u00e7\u0131kan antik zeytinya\u011f\u0131 fabrikas\u0131na ait kal\u0131nt\u0131lar, sit alan\u0131 ilan edilmesine ra\u011fmen kaderine terk edildi. Sakarya Mahallesi\u2019nde bulunan ve Antik Roma d\u00f6nemine ait oldu\u011fu belirlenen yap\u0131n\u0131n, turizme kazand\u0131r\u0131lmas\u0131 i\u00e7in herhangi bir ad\u0131m at\u0131lmamas\u0131, b\u00f6lge halk\u0131n\u0131n tepkisine neden oldu.\u00a0 \u200bHaberin Al\u0131nt\u0131land\u0131\u011f\u0131 Kaynak: www.iskenderun.org\" \/>\n<meta property=\"og:url\" content=\"https:\/\/denizcankizil.tr\/de\/haberler\/gundem\/antik-zeytinyagi-fabrikasi-kaderine-terk-edildi\/\" \/>\n<meta property=\"og:site_name\" content=\"Av. Deniz Can K\u0131z\u0131l\" \/>\n<meta property=\"article:published_time\" content=\"2025-02-10T13:41:34+00:00\" \/>\n<meta name=\"author\" content=\"admin\" \/>\n<meta name=\"twitter:card\" content=\"summary_large_image\" \/>\n<meta name=\"twitter:label1\" content=\"Verfasst von\" \/>\n\t<meta name=\"twitter:data1\" content=\"admin\" \/>\n\t<meta name=\"twitter:label2\" content=\"Gesch\u00e4tzte Lesezeit\" \/>\n\t<meta name=\"twitter:data2\" content=\"1\u00a0Minute\" \/>\n<script type=\"application\/ld+json\" class=\"yoast-schema-graph\">{\"@context\":\"https:\/\/schema.org\",\"@graph\":[{\"@type\":\"Article\",\"@id\":\"https:\/\/denizcankizil.tr\/ru\/haberler\/gundem\/antik-zeytinyagi-fabrikasi-kaderine-terk-edildi\/#article\",\"isPartOf\":{\"@id\":\"https:\/\/denizcankizil.tr\/ru\/haberler\/gundem\/antik-zeytinyagi-fabrikasi-kaderine-terk-edildi\/\"},\"author\":{\"name\":\"admin\",\"@id\":\"https:\/\/denizcankizil.tr\/de\/#\/schema\/person\/be3c05fe6a12686905512445d8185489\"},\"headline\":\"Antik Zeytinya\u011f\u0131 Fabrikas\u0131 kaderine terk edildi\",\"datePublished\":\"2025-02-10T13:41:34+00:00\",\"mainEntityOfPage\":{\"@id\":\"https:\/\/denizcankizil.tr\/ru\/haberler\/gundem\/antik-zeytinyagi-fabrikasi-kaderine-terk-edildi\/\"},\"wordCount\":263,\"commentCount\":0,\"publisher\":{\"@id\":\"https:\/\/denizcankizil.tr\/de\/#organization\"},\"articleSection\":[\"G\u00fcndem\"],\"inLanguage\":\"de\",\"potentialAction\":[{\"@type\":\"CommentAction\",\"name\":\"Comment\",\"target\":[\"https:\/\/denizcankizil.tr\/ru\/haberler\/gundem\/antik-zeytinyagi-fabrikasi-kaderine-terk-edildi\/#respond\"]}]},{\"@type\":\"WebPage\",\"@id\":\"https:\/\/denizcankizil.tr\/ru\/haberler\/gundem\/antik-zeytinyagi-fabrikasi-kaderine-terk-edildi\/\",\"url\":\"https:\/\/denizcankizil.tr\/ru\/haberler\/gundem\/antik-zeytinyagi-fabrikasi-kaderine-terk-edildi\/\",\"name\":\"Antik Zeytinya\u011f\u0131 Fabrikas\u0131 kaderine terk edildi - Av. Deniz Can K\u0131z\u0131l\",\"isPartOf\":{\"@id\":\"https:\/\/denizcankizil.tr\/de\/#website\"},\"datePublished\":\"2025-02-10T13:41:34+00:00\",\"breadcrumb\":{\"@id\":\"https:\/\/denizcankizil.tr\/ru\/haberler\/gundem\/antik-zeytinyagi-fabrikasi-kaderine-terk-edildi\/#breadcrumb\"},\"inLanguage\":\"de\",\"potentialAction\":[{\"@type\":\"ReadAction\",\"target\":[\"https:\/\/denizcankizil.tr\/ru\/haberler\/gundem\/antik-zeytinyagi-fabrikasi-kaderine-terk-edildi\/\"]}]},{\"@type\":\"BreadcrumbList\",\"@id\":\"https:\/\/denizcankizil.tr\/ru\/haberler\/gundem\/antik-zeytinyagi-fabrikasi-kaderine-terk-edildi\/#breadcrumb\",\"itemListElement\":[{\"@type\":\"ListItem\",\"position\":1,\"name\":\"Home\",\"item\":\"https:\/\/denizcankizil.tr\/de\/\"},{\"@type\":\"ListItem\",\"position\":2,\"name\":\"Antik Zeytinya\u011f\u0131 Fabrikas\u0131 kaderine terk edildi\"}]},{\"@type\":\"WebSite\",\"@id\":\"https:\/\/denizcankizil.tr\/de\/#website\",\"url\":\"https:\/\/denizcankizil.tr\/de\/\",\"name\":\"Av. Deniz Can K\u0131z\u0131l\",\"description\":\"Avukat Deniz Can K\u0131z\u0131l Antalya Barosu\",\"publisher\":{\"@id\":\"https:\/\/denizcankizil.tr\/de\/#organization\"},\"potentialAction\":[{\"@type\":\"SearchAction\",\"target\":{\"@type\":\"EntryPoint\",\"urlTemplate\":\"https:\/\/denizcankizil.tr\/de\/?s={search_term_string}\"},\"query-input\":{\"@type\":\"PropertyValueSpecification\",\"valueRequired\":true,\"valueName\":\"search_term_string\"}}],\"inLanguage\":\"de\"},{\"@type\":\"Organization\",\"@id\":\"https:\/\/denizcankizil.tr\/de\/#organization\",\"name\":\"Av. Deniz Can K\u0131z\u0131l\",\"url\":\"https:\/\/denizcankizil.tr\/de\/\",\"logo\":{\"@type\":\"ImageObject\",\"inLanguage\":\"de\",\"@id\":\"https:\/\/denizcankizil.tr\/de\/#\/schema\/logo\/image\/\",\"url\":\"https:\/\/denizcankizil.tr\/wp-content\/uploads\/2024\/10\/siyah-logo-svg.svg\",\"contentUrl\":\"https:\/\/denizcankizil.tr\/wp-content\/uploads\/2024\/10\/siyah-logo-svg.svg\",\"width\":1080,\"height\":1080,\"caption\":\"Av. Deniz Can K\u0131z\u0131l\"},\"image\":{\"@id\":\"https:\/\/denizcankizil.tr\/de\/#\/schema\/logo\/image\/\"}},{\"@type\":\"Person\",\"@id\":\"https:\/\/denizcankizil.tr\/de\/#\/schema\/person\/be3c05fe6a12686905512445d8185489\",\"name\":\"admin\",\"image\":{\"@type\":\"ImageObject\",\"inLanguage\":\"de\",\"@id\":\"https:\/\/denizcankizil.tr\/de\/#\/schema\/person\/image\/\",\"url\":\"https:\/\/secure.gravatar.com\/avatar\/c1fce94c830dc79107e174f890d7210541c4a63e8e5d816341794a2151c9d58c?s=96&d=mm&r=g\",\"contentUrl\":\"https:\/\/secure.gravatar.com\/avatar\/c1fce94c830dc79107e174f890d7210541c4a63e8e5d816341794a2151c9d58c?s=96&d=mm&r=g\",\"caption\":\"admin\"},\"sameAs\":[\"http:\/\/denizcankizil.tr\"],\"url\":\"https:\/\/www.iskenderun.org\/antik-zeytinyagi-fabrikasi-kaderine-terk-edildi\"}]}<\/script>\n<!-- \/ Yoast SEO Premium plugin. -->","yoast_head_json":{"title":"Antik Zeytinya\u011f\u0131 Fabrikas\u0131 kaderine terk edildi - Av. Deniz Can K\u0131z\u0131l","robots":{"index":"index","follow":"follow","max-snippet":"max-snippet:-1","max-image-preview":"max-image-preview:large","max-video-preview":"max-video-preview:-1"},"canonical":"https:\/\/denizcankizil.tr\/de\/haberler\/gundem\/antik-zeytinyagi-fabrikasi-kaderine-terk-edildi\/","og_locale":"de_DE","og_type":"article","og_title":"Antik Zeytinya\u011f\u0131 Fabrikas\u0131 kaderine terk edildi","og_description":"&#8220;B\u00f6lgenin ve Anadolu\u2019nun En B\u00fcy\u00fck Antik Zeytinya\u011f\u0131 Fabrikas\u0131&#8221; Sakarya Mahallesi Muhtar\u0131 Zafer \u00d6te, tarihi yap\u0131n\u0131n \u00f6nemine dikkat \u00e7ekerek, \u201cDaha \u00f6nce yap\u0131lan incelemelerde, buran\u0131n Antik Roma d\u00f6nemine ait bir zeytinya\u011f\u0131 fabrikas\u0131 oldu\u011fu belirlendi. Buras\u0131, b\u00f6lgenin ve Anadolu\u2019nun en b\u00fcy\u00fck antik zeytinya\u011f\u0131 fabrikas\u0131 olarak adland\u0131r\u0131lm\u0131\u015ft\u0131r. Hatay\u2019daki zeytinler burada i\u015flenerek ihracat i\u00e7in haz\u0131rlan\u0131yordu\u201d dedi. Ancak, tarihi yap\u0131n\u0131n korunmas\u0131 ve turizme kazand\u0131r\u0131lmas\u0131 i\u00e7in herhangi bir \u00e7al\u0131\u015fman\u0131n yap\u0131lmad\u0131\u011f\u0131n\u0131 vurgulayan Muhtar \u00d6te, \u201cBuras\u0131 sit alan\u0131 ilan edildi ancak ne bak\u0131m yap\u0131ld\u0131 ne de bir restorasyon \u00e7al\u0131\u015fmas\u0131 ba\u015flat\u0131ld\u0131. Alan \u015fu an mezbelelik halde ve otlar aras\u0131nda kaybolmu\u015f durumda. Yetkililerden buray\u0131 temizleyip g\u00fcn y\u00fcz\u00fcne \u00e7\u0131karmalar\u0131n\u0131 bekliyoruz. Belediyemizden de bu konuda bir \u00e7al\u0131\u015fma yapmas\u0131n\u0131 talep edece\u011fiz\u201d diye konu\u015ftu. B\u00f6lge halk\u0131, \u0130skenderun\u2019un tarihi miras\u0131n\u0131n korunarak turizme kazand\u0131r\u0131lmas\u0131 gerekti\u011fini belirterek, yetkililere \u00e7a\u011fr\u0131da bulundu. \u200bHatay\u2019\u0131n \u0130skenderun il\u00e7esinde, bir okul in\u015faat\u0131n\u0131n temel kaz\u0131s\u0131 s\u0131ras\u0131nda ortaya \u00e7\u0131kan antik zeytinya\u011f\u0131 fabrikas\u0131na ait kal\u0131nt\u0131lar, sit alan\u0131 ilan edilmesine ra\u011fmen kaderine terk edildi. Sakarya Mahallesi\u2019nde bulunan ve Antik Roma d\u00f6nemine ait oldu\u011fu belirlenen yap\u0131n\u0131n, turizme kazand\u0131r\u0131lmas\u0131 i\u00e7in herhangi bir ad\u0131m at\u0131lmamas\u0131, b\u00f6lge halk\u0131n\u0131n tepkisine neden oldu.\u00a0 \u200bHaberin Al\u0131nt\u0131land\u0131\u011f\u0131 Kaynak: www.iskenderun.org","og_url":"https:\/\/denizcankizil.tr\/de\/haberler\/gundem\/antik-zeytinyagi-fabrikasi-kaderine-terk-edildi\/","og_site_name":"Av. Deniz Can K\u0131z\u0131l","article_published_time":"2025-02-10T13:41:34+00:00","author":"admin","twitter_card":"summary_large_image","twitter_misc":{"Verfasst von":"admin","Gesch\u00e4tzte Lesezeit":"1\u00a0Minute"},"schema":{"@context":"https:\/\/schema.org","@graph":[{"@type":"Article","@id":"https:\/\/denizcankizil.tr\/ru\/haberler\/gundem\/antik-zeytinyagi-fabrikasi-kaderine-terk-edildi\/#article","isPartOf":{"@id":"https:\/\/denizcankizil.tr\/ru\/haberler\/gundem\/antik-zeytinyagi-fabrikasi-kaderine-terk-edildi\/"},"author":{"name":"admin","@id":"https:\/\/denizcankizil.tr\/de\/#\/schema\/person\/be3c05fe6a12686905512445d8185489"},"headline":"Antik Zeytinya\u011f\u0131 Fabrikas\u0131 kaderine terk edildi","datePublished":"2025-02-10T13:41:34+00:00","mainEntityOfPage":{"@id":"https:\/\/denizcankizil.tr\/ru\/haberler\/gundem\/antik-zeytinyagi-fabrikasi-kaderine-terk-edildi\/"},"wordCount":263,"commentCount":0,"publisher":{"@id":"https:\/\/denizcankizil.tr\/de\/#organization"},"articleSection":["G\u00fcndem"],"inLanguage":"de","potentialAction":[{"@type":"CommentAction","name":"Comment","target":["https:\/\/denizcankizil.tr\/ru\/haberler\/gundem\/antik-zeytinyagi-fabrikasi-kaderine-terk-edildi\/#respond"]}]},{"@type":"WebPage","@id":"https:\/\/denizcankizil.tr\/ru\/haberler\/gundem\/antik-zeytinyagi-fabrikasi-kaderine-terk-edildi\/","url":"https:\/\/denizcankizil.tr\/ru\/haberler\/gundem\/antik-zeytinyagi-fabrikasi-kaderine-terk-edildi\/","name":"Antik Zeytinya\u011f\u0131 Fabrikas\u0131 kaderine terk edildi - Av. Deniz Can K\u0131z\u0131l","isPartOf":{"@id":"https:\/\/denizcankizil.tr\/de\/#website"},"datePublished":"2025-02-10T13:41:34+00:00","breadcrumb":{"@id":"https:\/\/denizcankizil.tr\/ru\/haberler\/gundem\/antik-zeytinyagi-fabrikasi-kaderine-terk-edildi\/#breadcrumb"},"inLanguage":"de","potentialAction":[{"@type":"ReadAction","target":["https:\/\/denizcankizil.tr\/ru\/haberler\/gundem\/antik-zeytinyagi-fabrikasi-kaderine-terk-edildi\/"]}]},{"@type":"BreadcrumbList","@id":"https:\/\/denizcankizil.tr\/ru\/haberler\/gundem\/antik-zeytinyagi-fabrikasi-kaderine-terk-edildi\/#breadcrumb","itemListElement":[{"@type":"ListItem","position":1,"name":"Home","item":"https:\/\/denizcankizil.tr\/de\/"},{"@type":"ListItem","position":2,"name":"Antik Zeytinya\u011f\u0131 Fabrikas\u0131 kaderine terk edildi"}]},{"@type":"WebSite","@id":"https:\/\/denizcankizil.tr\/de\/#website","url":"https:\/\/denizcankizil.tr\/de\/","name":"Av. Deniz Can K\u0131z\u0131l","description":"Avukat Deniz Can K\u0131z\u0131l Antalya Barosu","publisher":{"@id":"https:\/\/denizcankizil.tr\/de\/#organization"},"potentialAction":[{"@type":"SearchAction","target":{"@type":"EntryPoint","urlTemplate":"https:\/\/denizcankizil.tr\/de\/?s={search_term_string}"},"query-input":{"@type":"PropertyValueSpecification","valueRequired":true,"valueName":"search_term_string"}}],"inLanguage":"de"},{"@type":"Organization","@id":"https:\/\/denizcankizil.tr\/de\/#organization","name":"Av. Deniz Can K\u0131z\u0131l","url":"https:\/\/denizcankizil.tr\/de\/","logo":{"@type":"ImageObject","inLanguage":"de","@id":"https:\/\/denizcankizil.tr\/de\/#\/schema\/logo\/image\/","url":"https:\/\/denizcankizil.tr\/wp-content\/uploads\/2024\/10\/siyah-logo-svg.svg","contentUrl":"https:\/\/denizcankizil.tr\/wp-content\/uploads\/2024\/10\/siyah-logo-svg.svg","width":1080,"height":1080,"caption":"Av. Deniz Can K\u0131z\u0131l"},"image":{"@id":"https:\/\/denizcankizil.tr\/de\/#\/schema\/logo\/image\/"}},{"@type":"Person","@id":"https:\/\/denizcankizil.tr\/de\/#\/schema\/person\/be3c05fe6a12686905512445d8185489","name":"Administrator","image":{"@type":"ImageObject","inLanguage":"de","@id":"https:\/\/denizcankizil.tr\/de\/#\/schema\/person\/image\/","url":"https:\/\/secure.gravatar.com\/avatar\/c1fce94c830dc79107e174f890d7210541c4a63e8e5d816341794a2151c9d58c?s=96&d=mm&r=g","contentUrl":"https:\/\/secure.gravatar.com\/avatar\/c1fce94c830dc79107e174f890d7210541c4a63e8e5d816341794a2151c9d58c?s=96&d=mm&r=g","caption":"admin"},"sameAs":["http:\/\/denizcankizil.tr"],"url":"https:\/\/www.iskenderun.org\/antik-zeytinyagi-fabrikasi-kaderine-terk-edildi"}]}},"_links":{"self":[{"href":"https:\/\/denizcankizil.tr\/de\/wp-json\/wp\/v2\/posts\/31754","targetHints":{"allow":["GET"]}}],"collection":[{"href":"https:\/\/denizcankizil.tr\/de\/wp-json\/wp\/v2\/posts"}],"about":[{"href":"https:\/\/denizcankizil.tr\/de\/wp-json\/wp\/v2\/types\/post"}],"author":[{"embeddable":true,"href":"https:\/\/denizcankizil.tr\/de\/wp-json\/wp\/v2\/users\/1"}],"replies":[{"embeddable":true,"href":"https:\/\/denizcankizil.tr\/de\/wp-json\/wp\/v2\/comments?post=31754"}],"version-history":[{"count":0,"href":"https:\/\/denizcankizil.tr\/de\/wp-json\/wp\/v2\/posts\/31754\/revisions"}],"wp:attachment":[{"href":"https:\/\/denizcankizil.tr\/de\/wp-json\/wp\/v2\/media?parent=31754"}],"wp:term":[{"taxonomy":"category","embeddable":true,"href":"https:\/\/denizcankizil.tr\/de\/wp-json\/wp\/v2\/categories?post=31754"},{"taxonomy":"post_tag","embeddable":true,"href":"https:\/\/denizcankizil.tr\/de\/wp-json\/wp\/v2\/tags?post=31754"}],"curies":[{"name":"wp","href":"https:\/\/api.w.org\/{rel}","templated":true}]}}