{"id":31726,"date":"2025-02-10T15:42:05","date_gmt":"2025-02-10T12:42:05","guid":{"rendered":"https:\/\/denizcankizil.tr\/uncategorized-tr\/pembe-pirlantalar-istanbul-cerkezkoy-belediyesinde-sahnelendi\/"},"modified":"2025-02-10T15:42:05","modified_gmt":"2025-02-10T12:42:05","slug":"pembe-pirlantalar-istanbul-cerkezkoy-belediyesinde-sahnelendi","status":"publish","type":"post","link":"https:\/\/denizcankizil.tr\/de\/haberler\/gundem\/pembe-pirlantalar-istanbul-cerkezkoy-belediyesinde-sahnelendi\/","title":{"rendered":"&#8216;Pembe P\u0131rlantalar&#8217; \u0130stanbul \u00c7erkezk\u00f6y Belediyesi\u2019nde sahnelendi"},"content":{"rendered":"<p>\u0130stanbul \u00c7erkezk\u00f6y Belediyesi \u015eubat ay\u0131 k\u00fclt\u00fcr sanat etkinlikleri kapsam\u0131nda sahnelenen \u2018Pembe P\u0131rlantalar\u2019 adl\u0131 tiyatro oyunu b\u00fcy\u00fck ilgi g\u00f6rd\u00fc.\u0130STANBUL (\u0130GFA)\u00a0&#8211;\u00a0\u00c7erkezk\u00f6y Belediyesi K\u00fclt\u00fcr ve Sosyal \u0130\u015fler M\u00fcd\u00fcrl\u00fc\u011f\u00fc\u2019n\u00fcn \u015eubat ay\u0131 k\u00fclt\u00fcr sanat etkinlikleri devam ediyor. Etkinlikler kapsam\u0131nda 9 \u015eubat Pazar g\u00fcn\u00fc saat 20.00\u2019da, Atat\u00fcrk K\u00fclt\u00fcr Merkezi\u2019nde \u2018Pembe P\u0131rlantalar\u2019 adl\u0131 tiyatro oyunu sahnelendi. Belediye Ba\u015fkan\u0131m\u0131z Vahap Akay\u2019\u0131n da izledi\u011fi oyuna \u00c7erkezk\u00f6yl\u00fc sanatseverler b\u00fcy\u00fck ilgi g\u00f6sterdi. Billur Yazgan, Cansu Tosun, Ceyhun Fersoy, Lemi Filozof ve Sinan \u00c7al\u0131\u015fkano\u011flu\u2019nun rol ald\u0131\u011f\u0131 \u2018Pembe P\u0131rlantalar\u2019 seyircisinden b\u00fcy\u00fck be\u011feni toplad\u0131.<br \/>\nPOL\u0130S\u0130YE TADINDA B\u0130R KOMED\u0130<br \/>\nMichael Pertwee\u2019nin yazd\u0131\u011f\u0131 ve Gencay G\u00fcr\u00fcn\u2019\u00fcn \u00e7evirmenli\u011fini yapt\u0131\u011f\u0131 oyun iki perde olarak sahnelendi. Oyunda biri kendi halinde ya\u015fayan ve kad\u0131nlarla ili\u015fkilerinde olduk\u00e7a acemi, di\u011feri ise \u00e7apk\u0131n, ya\u015famay\u0131 ve paray\u0131 seven iki kuyumcu orta\u011f\u0131n bir gecede geli\u015fen ili\u015fkileri anlat\u0131ld\u0131. \u00c7apk\u0131n orta\u011f\u0131n, arkada\u015f\u0131n\u0131n evini, arabas\u0131n\u0131 ve hatta ismini de kullanarak ya\u015fad\u0131\u011f\u0131 kahkaha dolu macera, polisiye tad\u0131nda bir komedi ile sunuldu.<br \/>\n\u0130zleyicilerin ayakta alk\u0131\u015flad\u0131\u011f\u0131 oyun sonunda Belediye Meclis \u00dcyemiz Cevdet Ayka\u00e7 taraf\u0131ndan sanat\u00e7\u0131lara \u00e7i\u00e7ek takdim edildi. \u00a0<\/p>\n<p>\u200b\u0130stanbul \u00c7erkezk\u00f6y Belediyesi \u015eubat ay\u0131 k\u00fclt\u00fcr sanat etkinlikleri kapsam\u0131nda sahnelenen \u2018Pembe P\u0131rlantalar\u2019 adl\u0131 tiyatro oyunu b\u00fcy\u00fck ilgi g\u00f6rd\u00fc.\u0130STANBUL (\u0130GFA)\u00a0&#8211;\u00a0\u00c7erkezk\u00f6y Belediyesi K\u00fclt\u00fcr ve Sosyal \u0130\u015fler M\u00fcd\u00fcrl\u00fc\u011f\u00fc\u2019n\u00fcn \u015eubat ay\u0131 k\u00fclt\u00fcr sanat etkinlikleri devam ediyor. Etkinlikler kapsam\u0131nda 9 \u015eubat Pazar g\u00fcn\u00fc saat 20.00\u2019da, Atat\u00fcrk K\u00fclt\u00fcr Merkezi\u2019nde \u2018Pembe P\u0131rlantalar\u2019 adl\u0131 tiyatro oyunu sahnelendi. Belediye Ba\u015fkan\u0131m\u0131z Vahap Akay\u2019\u0131n da izledi\u011fi oyuna \u00c7erkezk\u00f6yl\u00fc sanatseverler b\u00fcy\u00fck ilgi g\u00f6sterdi. Billur Yazgan, Cansu Tosun, Ceyhun Fersoy, Lemi Filozof ve Sinan \u00c7al\u0131\u015fkano\u011flu\u2019nun rol ald\u0131\u011f\u0131 \u2018Pembe P\u0131rlantalar\u2019 seyircisinden b\u00fcy\u00fck be\u011feni toplad\u0131.<br \/>\nPOL\u0130S\u0130YE TADINDA B\u0130R KOMED\u0130<br \/>\nMichael Pertwee\u2019nin yazd\u0131\u011f\u0131 ve Gencay G\u00fcr\u00fcn\u2019\u00fcn \u00e7evirmenli\u011fini yapt\u0131\u011f\u0131 oyun iki perde olarak sahnelendi. Oyunda biri kendi halinde ya\u015fayan ve kad\u0131nlarla ili\u015fkilerinde olduk\u00e7a acemi, di\u011feri ise \u00e7apk\u0131n, ya\u015famay\u0131 ve paray\u0131 seven iki kuyumcu orta\u011f\u0131n bir gecede geli\u015fen ili\u015fkileri anlat\u0131ld\u0131. \u00c7apk\u0131n orta\u011f\u0131n, arkada\u015f\u0131n\u0131n evini, arabas\u0131n\u0131 ve hatta ismini de kullanarak ya\u015fad\u0131\u011f\u0131 kahkaha dolu macera, polisiye tad\u0131nda bir komedi ile sunuldu.<br \/>\n\u0130zleyicilerin ayakta alk\u0131\u015flad\u0131\u011f\u0131 oyun sonunda Belediye Meclis \u00dcyemiz Cevdet Ayka\u00e7 taraf\u0131ndan sanat\u00e7\u0131lara \u00e7i\u00e7ek takdim edildi. \u00a0\u00a0<\/p>\n<p>\u200bHaberin Al\u0131nt\u0131land\u0131\u011f\u0131 Kaynak: www.iskenderun.org<\/p>","protected":false},"excerpt":{"rendered":"<p>\u0130stanbul \u00c7erkezk\u00f6y Belediyesi \u015eubat ay\u0131 k\u00fclt\u00fcr sanat etkinlikleri kapsam\u0131nda sahnelenen \u2018Pembe P\u0131rlantalar\u2019 adl\u0131 tiyatro oyunu b\u00fcy\u00fck ilgi g\u00f6rd\u00fc.\u0130STANBUL (\u0130GFA)\u00a0&#8211;\u00a0\u00c7erkezk\u00f6y Belediyesi K\u00fclt\u00fcr ve Sosyal \u0130\u015fler M\u00fcd\u00fcrl\u00fc\u011f\u00fc\u2019n\u00fcn \u015eubat ay\u0131 k\u00fclt\u00fcr sanat etkinlikleri devam ediyor. Etkinlikler kapsam\u0131nda 9 \u015eubat Pazar g\u00fcn\u00fc saat 20.00\u2019da, Atat\u00fcrk K\u00fclt\u00fcr Merkezi\u2019nde \u2018Pembe P\u0131rlantalar\u2019 adl\u0131 tiyatro oyunu sahnelendi. Belediye Ba\u015fkan\u0131m\u0131z Vahap Akay\u2019\u0131n da izledi\u011fi oyuna \u00c7erkezk\u00f6yl\u00fc sanatseverler b\u00fcy\u00fck ilgi g\u00f6sterdi. Billur Yazgan, Cansu Tosun, Ceyhun Fersoy, Lemi Filozof ve Sinan \u00c7al\u0131\u015fkano\u011flu\u2019nun rol ald\u0131\u011f\u0131 \u2018Pembe P\u0131rlantalar\u2019 seyircisinden b\u00fcy\u00fck be\u011feni toplad\u0131. POL\u0130S\u0130YE TADINDA B\u0130R KOMED\u0130 Michael Pertwee\u2019nin yazd\u0131\u011f\u0131 ve Gencay G\u00fcr\u00fcn\u2019\u00fcn \u00e7evirmenli\u011fini yapt\u0131\u011f\u0131 oyun iki perde olarak sahnelendi. Oyunda biri kendi halinde ya\u015fayan ve kad\u0131nlarla ili\u015fkilerinde olduk\u00e7a acemi, di\u011feri ise \u00e7apk\u0131n, ya\u015famay\u0131 ve paray\u0131 seven iki kuyumcu orta\u011f\u0131n bir gecede geli\u015fen ili\u015fkileri anlat\u0131ld\u0131. \u00c7apk\u0131n orta\u011f\u0131n, arkada\u015f\u0131n\u0131n evini, arabas\u0131n\u0131 ve hatta ismini de kullanarak ya\u015fad\u0131\u011f\u0131 kahkaha dolu macera, polisiye tad\u0131nda bir komedi ile sunuldu. \u0130zleyicilerin ayakta alk\u0131\u015flad\u0131\u011f\u0131 oyun sonunda Belediye Meclis \u00dcyemiz Cevdet Ayka\u00e7 taraf\u0131ndan sanat\u00e7\u0131lara \u00e7i\u00e7ek takdim edildi. \u00a0 \u200b\u0130stanbul \u00c7erkezk\u00f6y Belediyesi \u015eubat ay\u0131 k\u00fclt\u00fcr sanat etkinlikleri kapsam\u0131nda sahnelenen \u2018Pembe P\u0131rlantalar\u2019 adl\u0131 tiyatro oyunu b\u00fcy\u00fck ilgi g\u00f6rd\u00fc.\u0130STANBUL (\u0130GFA)\u00a0&#8211;\u00a0\u00c7erkezk\u00f6y Belediyesi K\u00fclt\u00fcr ve Sosyal \u0130\u015fler M\u00fcd\u00fcrl\u00fc\u011f\u00fc\u2019n\u00fcn \u015eubat ay\u0131 k\u00fclt\u00fcr sanat etkinlikleri devam ediyor. Etkinlikler kapsam\u0131nda 9 \u015eubat Pazar g\u00fcn\u00fc saat 20.00\u2019da, Atat\u00fcrk K\u00fclt\u00fcr &hellip;<\/p>","protected":false},"author":1,"featured_media":0,"comment_status":"open","ping_status":"open","sticky":false,"template":"","format":"standard","meta":{"_acf_changed":false,"footnotes":""},"categories":[24],"tags":[],"class_list":["post-31726","post","type-post","status-publish","format-standard","has-post-thumbnail","hentry","category-gundem"],"acf":[],"yoast_head":"<!-- This site is optimized with the Yoast SEO Premium plugin v26.6 (Yoast SEO v27.1.1) - https:\/\/yoast.com\/product\/yoast-seo-premium-wordpress\/ -->\n<title>&#039;Pembe P\u0131rlantalar&#039; \u0130stanbul \u00c7erkezk\u00f6y Belediyesi\u2019nde sahnelendi - Av. Deniz Can K\u0131z\u0131l<\/title>\n<meta name=\"robots\" content=\"index, follow, max-snippet:-1, max-image-preview:large, max-video-preview:-1\" \/>\n<link rel=\"canonical\" href=\"https:\/\/denizcankizil.tr\/de\/haberler\/gundem\/pembe-pirlantalar-istanbul-cerkezkoy-belediyesinde-sahnelendi\/\" \/>\n<meta property=\"og:locale\" content=\"de_DE\" \/>\n<meta property=\"og:type\" content=\"article\" \/>\n<meta property=\"og:title\" content=\"&#039;Pembe P\u0131rlantalar&#039; \u0130stanbul \u00c7erkezk\u00f6y Belediyesi\u2019nde sahnelendi\" \/>\n<meta property=\"og:description\" content=\"\u0130stanbul \u00c7erkezk\u00f6y Belediyesi \u015eubat ay\u0131 k\u00fclt\u00fcr sanat etkinlikleri kapsam\u0131nda sahnelenen \u2018Pembe P\u0131rlantalar\u2019 adl\u0131 tiyatro oyunu b\u00fcy\u00fck ilgi g\u00f6rd\u00fc.\u0130STANBUL (\u0130GFA)\u00a0&#8211;\u00a0\u00c7erkezk\u00f6y Belediyesi K\u00fclt\u00fcr ve Sosyal \u0130\u015fler M\u00fcd\u00fcrl\u00fc\u011f\u00fc\u2019n\u00fcn \u015eubat ay\u0131 k\u00fclt\u00fcr sanat etkinlikleri devam ediyor. Etkinlikler kapsam\u0131nda 9 \u015eubat Pazar g\u00fcn\u00fc saat 20.00\u2019da, Atat\u00fcrk K\u00fclt\u00fcr Merkezi\u2019nde \u2018Pembe P\u0131rlantalar\u2019 adl\u0131 tiyatro oyunu sahnelendi. Belediye Ba\u015fkan\u0131m\u0131z Vahap Akay\u2019\u0131n da izledi\u011fi oyuna \u00c7erkezk\u00f6yl\u00fc sanatseverler b\u00fcy\u00fck ilgi g\u00f6sterdi. Billur Yazgan, Cansu Tosun, Ceyhun Fersoy, Lemi Filozof ve Sinan \u00c7al\u0131\u015fkano\u011flu\u2019nun rol ald\u0131\u011f\u0131 \u2018Pembe P\u0131rlantalar\u2019 seyircisinden b\u00fcy\u00fck be\u011feni toplad\u0131. POL\u0130S\u0130YE TADINDA B\u0130R KOMED\u0130 Michael Pertwee\u2019nin yazd\u0131\u011f\u0131 ve Gencay G\u00fcr\u00fcn\u2019\u00fcn \u00e7evirmenli\u011fini yapt\u0131\u011f\u0131 oyun iki perde olarak sahnelendi. Oyunda biri kendi halinde ya\u015fayan ve kad\u0131nlarla ili\u015fkilerinde olduk\u00e7a acemi, di\u011feri ise \u00e7apk\u0131n, ya\u015famay\u0131 ve paray\u0131 seven iki kuyumcu orta\u011f\u0131n bir gecede geli\u015fen ili\u015fkileri anlat\u0131ld\u0131. \u00c7apk\u0131n orta\u011f\u0131n, arkada\u015f\u0131n\u0131n evini, arabas\u0131n\u0131 ve hatta ismini de kullanarak ya\u015fad\u0131\u011f\u0131 kahkaha dolu macera, polisiye tad\u0131nda bir komedi ile sunuldu. \u0130zleyicilerin ayakta alk\u0131\u015flad\u0131\u011f\u0131 oyun sonunda Belediye Meclis \u00dcyemiz Cevdet Ayka\u00e7 taraf\u0131ndan sanat\u00e7\u0131lara \u00e7i\u00e7ek takdim edildi. \u00a0 \u200b\u0130stanbul \u00c7erkezk\u00f6y Belediyesi \u015eubat ay\u0131 k\u00fclt\u00fcr sanat etkinlikleri kapsam\u0131nda sahnelenen \u2018Pembe P\u0131rlantalar\u2019 adl\u0131 tiyatro oyunu b\u00fcy\u00fck ilgi g\u00f6rd\u00fc.\u0130STANBUL (\u0130GFA)\u00a0&#8211;\u00a0\u00c7erkezk\u00f6y Belediyesi K\u00fclt\u00fcr ve Sosyal \u0130\u015fler M\u00fcd\u00fcrl\u00fc\u011f\u00fc\u2019n\u00fcn \u015eubat ay\u0131 k\u00fclt\u00fcr sanat etkinlikleri devam ediyor. Etkinlikler kapsam\u0131nda 9 \u015eubat Pazar g\u00fcn\u00fc saat 20.00\u2019da, Atat\u00fcrk K\u00fclt\u00fcr &hellip;\" \/>\n<meta property=\"og:url\" content=\"https:\/\/denizcankizil.tr\/de\/haberler\/gundem\/pembe-pirlantalar-istanbul-cerkezkoy-belediyesinde-sahnelendi\/\" \/>\n<meta property=\"og:site_name\" content=\"Av. Deniz Can K\u0131z\u0131l\" \/>\n<meta property=\"article:published_time\" content=\"2025-02-10T12:42:05+00:00\" \/>\n<meta name=\"author\" content=\"admin\" \/>\n<meta name=\"twitter:card\" content=\"summary_large_image\" \/>\n<meta name=\"twitter:label1\" content=\"Verfasst von\" \/>\n\t<meta name=\"twitter:data1\" content=\"admin\" \/>\n\t<meta name=\"twitter:label2\" content=\"Gesch\u00e4tzte Lesezeit\" \/>\n\t<meta name=\"twitter:data2\" content=\"2\u00a0Minuten\" \/>\n<script type=\"application\/ld+json\" class=\"yoast-schema-graph\">{\"@context\":\"https:\/\/schema.org\",\"@graph\":[{\"@type\":\"Article\",\"@id\":\"https:\/\/denizcankizil.tr\/de\/haberler\/gundem\/pembe-pirlantalar-istanbul-cerkezkoy-belediyesinde-sahnelendi\/#article\",\"isPartOf\":{\"@id\":\"https:\/\/denizcankizil.tr\/de\/haberler\/gundem\/pembe-pirlantalar-istanbul-cerkezkoy-belediyesinde-sahnelendi\/\"},\"author\":{\"name\":\"admin\",\"@id\":\"https:\/\/denizcankizil.tr\/#\/schema\/person\/be3c05fe6a12686905512445d8185489\"},\"headline\":\"&#8216;Pembe P\u0131rlantalar&#8217; \u0130stanbul \u00c7erkezk\u00f6y Belediyesi\u2019nde sahnelendi\",\"datePublished\":\"2025-02-10T12:42:05+00:00\",\"mainEntityOfPage\":{\"@id\":\"https:\/\/denizcankizil.tr\/de\/haberler\/gundem\/pembe-pirlantalar-istanbul-cerkezkoy-belediyesinde-sahnelendi\/\"},\"wordCount\":475,\"commentCount\":0,\"publisher\":{\"@id\":\"https:\/\/denizcankizil.tr\/#organization\"},\"articleSection\":[\"G\u00fcndem\"],\"inLanguage\":\"de\",\"potentialAction\":[{\"@type\":\"CommentAction\",\"name\":\"Comment\",\"target\":[\"https:\/\/denizcankizil.tr\/de\/haberler\/gundem\/pembe-pirlantalar-istanbul-cerkezkoy-belediyesinde-sahnelendi\/#respond\"]}]},{\"@type\":\"WebPage\",\"@id\":\"https:\/\/denizcankizil.tr\/de\/haberler\/gundem\/pembe-pirlantalar-istanbul-cerkezkoy-belediyesinde-sahnelendi\/\",\"url\":\"https:\/\/denizcankizil.tr\/de\/haberler\/gundem\/pembe-pirlantalar-istanbul-cerkezkoy-belediyesinde-sahnelendi\/\",\"name\":\"'Pembe P\u0131rlantalar' \u0130stanbul \u00c7erkezk\u00f6y Belediyesi\u2019nde sahnelendi - Av. Deniz Can K\u0131z\u0131l\",\"isPartOf\":{\"@id\":\"https:\/\/denizcankizil.tr\/#website\"},\"datePublished\":\"2025-02-10T12:42:05+00:00\",\"breadcrumb\":{\"@id\":\"https:\/\/denizcankizil.tr\/de\/haberler\/gundem\/pembe-pirlantalar-istanbul-cerkezkoy-belediyesinde-sahnelendi\/#breadcrumb\"},\"inLanguage\":\"de\",\"potentialAction\":[{\"@type\":\"ReadAction\",\"target\":[\"https:\/\/denizcankizil.tr\/de\/haberler\/gundem\/pembe-pirlantalar-istanbul-cerkezkoy-belediyesinde-sahnelendi\/\"]}]},{\"@type\":\"BreadcrumbList\",\"@id\":\"https:\/\/denizcankizil.tr\/de\/haberler\/gundem\/pembe-pirlantalar-istanbul-cerkezkoy-belediyesinde-sahnelendi\/#breadcrumb\",\"itemListElement\":[{\"@type\":\"ListItem\",\"position\":1,\"name\":\"Home\",\"item\":\"https:\/\/denizcankizil.tr\/uk\/\"},{\"@type\":\"ListItem\",\"position\":2,\"name\":\"&#8216;Pembe P\u0131rlantalar&#8217; \u0130stanbul \u00c7erkezk\u00f6y Belediyesi\u2019nde sahnelendi\"}]},{\"@type\":\"WebSite\",\"@id\":\"https:\/\/denizcankizil.tr\/#website\",\"url\":\"https:\/\/denizcankizil.tr\/\",\"name\":\"Av. Deniz Can K\u0131z\u0131l\",\"description\":\"Avukat Deniz Can K\u0131z\u0131l Antalya Barosu\",\"publisher\":{\"@id\":\"https:\/\/denizcankizil.tr\/#organization\"},\"potentialAction\":[{\"@type\":\"SearchAction\",\"target\":{\"@type\":\"EntryPoint\",\"urlTemplate\":\"https:\/\/denizcankizil.tr\/?s={search_term_string}\"},\"query-input\":{\"@type\":\"PropertyValueSpecification\",\"valueRequired\":true,\"valueName\":\"search_term_string\"}}],\"inLanguage\":\"de\"},{\"@type\":\"Organization\",\"@id\":\"https:\/\/denizcankizil.tr\/#organization\",\"name\":\"Av. Deniz Can K\u0131z\u0131l\",\"url\":\"https:\/\/denizcankizil.tr\/\",\"logo\":{\"@type\":\"ImageObject\",\"inLanguage\":\"de\",\"@id\":\"https:\/\/denizcankizil.tr\/#\/schema\/logo\/image\/\",\"url\":\"https:\/\/denizcankizil.tr\/wp-content\/uploads\/2024\/10\/siyah-logo-svg.svg\",\"contentUrl\":\"https:\/\/denizcankizil.tr\/wp-content\/uploads\/2024\/10\/siyah-logo-svg.svg\",\"width\":1080,\"height\":1080,\"caption\":\"Av. Deniz Can K\u0131z\u0131l\"},\"image\":{\"@id\":\"https:\/\/denizcankizil.tr\/#\/schema\/logo\/image\/\"}},{\"@type\":\"Person\",\"@id\":\"https:\/\/denizcankizil.tr\/#\/schema\/person\/be3c05fe6a12686905512445d8185489\",\"name\":\"admin\",\"image\":{\"@type\":\"ImageObject\",\"inLanguage\":\"de\",\"@id\":\"https:\/\/denizcankizil.tr\/#\/schema\/person\/image\/\",\"url\":\"https:\/\/secure.gravatar.com\/avatar\/c1fce94c830dc79107e174f890d7210541c4a63e8e5d816341794a2151c9d58c?s=96&d=mm&r=g\",\"contentUrl\":\"https:\/\/secure.gravatar.com\/avatar\/c1fce94c830dc79107e174f890d7210541c4a63e8e5d816341794a2151c9d58c?s=96&d=mm&r=g\",\"caption\":\"admin\"},\"sameAs\":[\"http:\/\/denizcankizil.tr\"],\"url\":\"https:\/\/www.iskenderun.org\/pembe-pirlantalar-istanbul-cerkezkoy-belediyesinde-sahnelendi\"}]}<\/script>\n<!-- \/ Yoast SEO Premium plugin. -->","yoast_head_json":{"title":"'Pembe P\u0131rlantalar' \u0130stanbul \u00c7erkezk\u00f6y Belediyesi\u2019nde sahnelendi - Av. Deniz Can K\u0131z\u0131l","robots":{"index":"index","follow":"follow","max-snippet":"max-snippet:-1","max-image-preview":"max-image-preview:large","max-video-preview":"max-video-preview:-1"},"canonical":"https:\/\/denizcankizil.tr\/de\/haberler\/gundem\/pembe-pirlantalar-istanbul-cerkezkoy-belediyesinde-sahnelendi\/","og_locale":"de_DE","og_type":"article","og_title":"'Pembe P\u0131rlantalar' \u0130stanbul \u00c7erkezk\u00f6y Belediyesi\u2019nde sahnelendi","og_description":"\u0130stanbul \u00c7erkezk\u00f6y Belediyesi \u015eubat ay\u0131 k\u00fclt\u00fcr sanat etkinlikleri kapsam\u0131nda sahnelenen \u2018Pembe P\u0131rlantalar\u2019 adl\u0131 tiyatro oyunu b\u00fcy\u00fck ilgi g\u00f6rd\u00fc.\u0130STANBUL (\u0130GFA)\u00a0&#8211;\u00a0\u00c7erkezk\u00f6y Belediyesi K\u00fclt\u00fcr ve Sosyal \u0130\u015fler M\u00fcd\u00fcrl\u00fc\u011f\u00fc\u2019n\u00fcn \u015eubat ay\u0131 k\u00fclt\u00fcr sanat etkinlikleri devam ediyor. Etkinlikler kapsam\u0131nda 9 \u015eubat Pazar g\u00fcn\u00fc saat 20.00\u2019da, Atat\u00fcrk K\u00fclt\u00fcr Merkezi\u2019nde \u2018Pembe P\u0131rlantalar\u2019 adl\u0131 tiyatro oyunu sahnelendi. Belediye Ba\u015fkan\u0131m\u0131z Vahap Akay\u2019\u0131n da izledi\u011fi oyuna \u00c7erkezk\u00f6yl\u00fc sanatseverler b\u00fcy\u00fck ilgi g\u00f6sterdi. Billur Yazgan, Cansu Tosun, Ceyhun Fersoy, Lemi Filozof ve Sinan \u00c7al\u0131\u015fkano\u011flu\u2019nun rol ald\u0131\u011f\u0131 \u2018Pembe P\u0131rlantalar\u2019 seyircisinden b\u00fcy\u00fck be\u011feni toplad\u0131. POL\u0130S\u0130YE TADINDA B\u0130R KOMED\u0130 Michael Pertwee\u2019nin yazd\u0131\u011f\u0131 ve Gencay G\u00fcr\u00fcn\u2019\u00fcn \u00e7evirmenli\u011fini yapt\u0131\u011f\u0131 oyun iki perde olarak sahnelendi. Oyunda biri kendi halinde ya\u015fayan ve kad\u0131nlarla ili\u015fkilerinde olduk\u00e7a acemi, di\u011feri ise \u00e7apk\u0131n, ya\u015famay\u0131 ve paray\u0131 seven iki kuyumcu orta\u011f\u0131n bir gecede geli\u015fen ili\u015fkileri anlat\u0131ld\u0131. \u00c7apk\u0131n orta\u011f\u0131n, arkada\u015f\u0131n\u0131n evini, arabas\u0131n\u0131 ve hatta ismini de kullanarak ya\u015fad\u0131\u011f\u0131 kahkaha dolu macera, polisiye tad\u0131nda bir komedi ile sunuldu. \u0130zleyicilerin ayakta alk\u0131\u015flad\u0131\u011f\u0131 oyun sonunda Belediye Meclis \u00dcyemiz Cevdet Ayka\u00e7 taraf\u0131ndan sanat\u00e7\u0131lara \u00e7i\u00e7ek takdim edildi. \u00a0 \u200b\u0130stanbul \u00c7erkezk\u00f6y Belediyesi \u015eubat ay\u0131 k\u00fclt\u00fcr sanat etkinlikleri kapsam\u0131nda sahnelenen \u2018Pembe P\u0131rlantalar\u2019 adl\u0131 tiyatro oyunu b\u00fcy\u00fck ilgi g\u00f6rd\u00fc.\u0130STANBUL (\u0130GFA)\u00a0&#8211;\u00a0\u00c7erkezk\u00f6y Belediyesi K\u00fclt\u00fcr ve Sosyal \u0130\u015fler M\u00fcd\u00fcrl\u00fc\u011f\u00fc\u2019n\u00fcn \u015eubat ay\u0131 k\u00fclt\u00fcr sanat etkinlikleri devam ediyor. Etkinlikler kapsam\u0131nda 9 \u015eubat Pazar g\u00fcn\u00fc saat 20.00\u2019da, Atat\u00fcrk K\u00fclt\u00fcr &hellip;","og_url":"https:\/\/denizcankizil.tr\/de\/haberler\/gundem\/pembe-pirlantalar-istanbul-cerkezkoy-belediyesinde-sahnelendi\/","og_site_name":"Av. Deniz Can K\u0131z\u0131l","article_published_time":"2025-02-10T12:42:05+00:00","author":"admin","twitter_card":"summary_large_image","twitter_misc":{"Verfasst von":"admin","Gesch\u00e4tzte Lesezeit":"2\u00a0Minuten"},"schema":{"@context":"https:\/\/schema.org","@graph":[{"@type":"Article","@id":"https:\/\/denizcankizil.tr\/de\/haberler\/gundem\/pembe-pirlantalar-istanbul-cerkezkoy-belediyesinde-sahnelendi\/#article","isPartOf":{"@id":"https:\/\/denizcankizil.tr\/de\/haberler\/gundem\/pembe-pirlantalar-istanbul-cerkezkoy-belediyesinde-sahnelendi\/"},"author":{"name":"admin","@id":"https:\/\/denizcankizil.tr\/#\/schema\/person\/be3c05fe6a12686905512445d8185489"},"headline":"&#8216;Pembe P\u0131rlantalar&#8217; \u0130stanbul \u00c7erkezk\u00f6y Belediyesi\u2019nde sahnelendi","datePublished":"2025-02-10T12:42:05+00:00","mainEntityOfPage":{"@id":"https:\/\/denizcankizil.tr\/de\/haberler\/gundem\/pembe-pirlantalar-istanbul-cerkezkoy-belediyesinde-sahnelendi\/"},"wordCount":475,"commentCount":0,"publisher":{"@id":"https:\/\/denizcankizil.tr\/#organization"},"articleSection":["G\u00fcndem"],"inLanguage":"de","potentialAction":[{"@type":"CommentAction","name":"Comment","target":["https:\/\/denizcankizil.tr\/de\/haberler\/gundem\/pembe-pirlantalar-istanbul-cerkezkoy-belediyesinde-sahnelendi\/#respond"]}]},{"@type":"WebPage","@id":"https:\/\/denizcankizil.tr\/de\/haberler\/gundem\/pembe-pirlantalar-istanbul-cerkezkoy-belediyesinde-sahnelendi\/","url":"https:\/\/denizcankizil.tr\/de\/haberler\/gundem\/pembe-pirlantalar-istanbul-cerkezkoy-belediyesinde-sahnelendi\/","name":"'Pembe P\u0131rlantalar' \u0130stanbul \u00c7erkezk\u00f6y Belediyesi\u2019nde sahnelendi - Av. Deniz Can K\u0131z\u0131l","isPartOf":{"@id":"https:\/\/denizcankizil.tr\/#website"},"datePublished":"2025-02-10T12:42:05+00:00","breadcrumb":{"@id":"https:\/\/denizcankizil.tr\/de\/haberler\/gundem\/pembe-pirlantalar-istanbul-cerkezkoy-belediyesinde-sahnelendi\/#breadcrumb"},"inLanguage":"de","potentialAction":[{"@type":"ReadAction","target":["https:\/\/denizcankizil.tr\/de\/haberler\/gundem\/pembe-pirlantalar-istanbul-cerkezkoy-belediyesinde-sahnelendi\/"]}]},{"@type":"BreadcrumbList","@id":"https:\/\/denizcankizil.tr\/de\/haberler\/gundem\/pembe-pirlantalar-istanbul-cerkezkoy-belediyesinde-sahnelendi\/#breadcrumb","itemListElement":[{"@type":"ListItem","position":1,"name":"Home","item":"https:\/\/denizcankizil.tr\/uk\/"},{"@type":"ListItem","position":2,"name":"&#8216;Pembe P\u0131rlantalar&#8217; \u0130stanbul \u00c7erkezk\u00f6y Belediyesi\u2019nde sahnelendi"}]},{"@type":"WebSite","@id":"https:\/\/denizcankizil.tr\/#website","url":"https:\/\/denizcankizil.tr\/","name":"Av. Deniz Can K\u0131z\u0131l","description":"Avukat Deniz Can K\u0131z\u0131l Antalya Barosu","publisher":{"@id":"https:\/\/denizcankizil.tr\/#organization"},"potentialAction":[{"@type":"SearchAction","target":{"@type":"EntryPoint","urlTemplate":"https:\/\/denizcankizil.tr\/?s={search_term_string}"},"query-input":{"@type":"PropertyValueSpecification","valueRequired":true,"valueName":"search_term_string"}}],"inLanguage":"de"},{"@type":"Organization","@id":"https:\/\/denizcankizil.tr\/#organization","name":"Av. Deniz Can K\u0131z\u0131l","url":"https:\/\/denizcankizil.tr\/","logo":{"@type":"ImageObject","inLanguage":"de","@id":"https:\/\/denizcankizil.tr\/#\/schema\/logo\/image\/","url":"https:\/\/denizcankizil.tr\/wp-content\/uploads\/2024\/10\/siyah-logo-svg.svg","contentUrl":"https:\/\/denizcankizil.tr\/wp-content\/uploads\/2024\/10\/siyah-logo-svg.svg","width":1080,"height":1080,"caption":"Av. Deniz Can K\u0131z\u0131l"},"image":{"@id":"https:\/\/denizcankizil.tr\/#\/schema\/logo\/image\/"}},{"@type":"Person","@id":"https:\/\/denizcankizil.tr\/#\/schema\/person\/be3c05fe6a12686905512445d8185489","name":"Administrator","image":{"@type":"ImageObject","inLanguage":"de","@id":"https:\/\/denizcankizil.tr\/#\/schema\/person\/image\/","url":"https:\/\/secure.gravatar.com\/avatar\/c1fce94c830dc79107e174f890d7210541c4a63e8e5d816341794a2151c9d58c?s=96&d=mm&r=g","contentUrl":"https:\/\/secure.gravatar.com\/avatar\/c1fce94c830dc79107e174f890d7210541c4a63e8e5d816341794a2151c9d58c?s=96&d=mm&r=g","caption":"admin"},"sameAs":["http:\/\/denizcankizil.tr"],"url":"https:\/\/www.iskenderun.org\/pembe-pirlantalar-istanbul-cerkezkoy-belediyesinde-sahnelendi"}]}},"_links":{"self":[{"href":"https:\/\/denizcankizil.tr\/de\/wp-json\/wp\/v2\/posts\/31726","targetHints":{"allow":["GET"]}}],"collection":[{"href":"https:\/\/denizcankizil.tr\/de\/wp-json\/wp\/v2\/posts"}],"about":[{"href":"https:\/\/denizcankizil.tr\/de\/wp-json\/wp\/v2\/types\/post"}],"author":[{"embeddable":true,"href":"https:\/\/denizcankizil.tr\/de\/wp-json\/wp\/v2\/users\/1"}],"replies":[{"embeddable":true,"href":"https:\/\/denizcankizil.tr\/de\/wp-json\/wp\/v2\/comments?post=31726"}],"version-history":[{"count":0,"href":"https:\/\/denizcankizil.tr\/de\/wp-json\/wp\/v2\/posts\/31726\/revisions"}],"wp:attachment":[{"href":"https:\/\/denizcankizil.tr\/de\/wp-json\/wp\/v2\/media?parent=31726"}],"wp:term":[{"taxonomy":"category","embeddable":true,"href":"https:\/\/denizcankizil.tr\/de\/wp-json\/wp\/v2\/categories?post=31726"},{"taxonomy":"post_tag","embeddable":true,"href":"https:\/\/denizcankizil.tr\/de\/wp-json\/wp\/v2\/tags?post=31726"}],"curies":[{"name":"wp","href":"https:\/\/api.w.org\/{rel}","templated":true}]}}