{"id":31274,"date":"2025-02-08T16:42:05","date_gmt":"2025-02-08T13:42:05","guid":{"rendered":"https:\/\/denizcankizil.tr\/uncategorized-tr\/sehit-mehmet-savunmaz-adini-tasiyan-okulda-anildi\/"},"modified":"2025-02-08T16:42:05","modified_gmt":"2025-02-08T13:42:05","slug":"sehit-mehmet-savunmaz-adini-tasiyan-okulda-anildi","status":"publish","type":"post","link":"https:\/\/denizcankizil.tr\/de\/haberler\/gundem\/sehit-mehmet-savunmaz-adini-tasiyan-okulda-anildi\/","title":{"rendered":"\u015eehit Mehmet Savunmaz Ad\u0131n\u0131 Ta\u015f\u0131yan Okulda An\u0131ld\u0131"},"content":{"rendered":"<p>Manisal\u0131 \u015fehit Mehmet Savunmaz, \u015fehit olu\u015funun 33. y\u0131l\u0131nda, ad\u0131n\u0131 ta\u015f\u0131yan Yunusemre Barbaros Mahallesi Mehmet Savunmaz Ortaokulu\u2019nda Manisa B\u00fcy\u00fck\u015fehir Belediyesi organizasyonuyla d\u00fczenlenen t\u00f6renle an\u0131ld\u0131.<\/p>\n<p>\u200bManisal\u0131 \u015fehit Mehmet Savunmaz, \u015fehit olu\u015funun 33. y\u0131l\u0131nda, ad\u0131n\u0131 ta\u015f\u0131yan Yunusemre Barbaros Mahallesi Mehmet Savunmaz Ortaokulu\u2019nda Manisa B\u00fcy\u00fck\u015fehir Belediyesi organizasyonuyla d\u00fczenlenen t\u00f6renle an\u0131ld\u0131.\u00a0<\/p>\n<p>\u200bHaberin Al\u0131nt\u0131land\u0131\u011f\u0131 Kaynak: www.iskenderun.org<\/p>","protected":false},"excerpt":{"rendered":"<p>Manisal\u0131 \u015fehit Mehmet Savunmaz, \u015fehit olu\u015funun 33. y\u0131l\u0131nda, ad\u0131n\u0131 ta\u015f\u0131yan Yunusemre Barbaros Mahallesi Mehmet Savunmaz Ortaokulu\u2019nda Manisa B\u00fcy\u00fck\u015fehir Belediyesi organizasyonuyla d\u00fczenlenen t\u00f6renle an\u0131ld\u0131. \u200bManisal\u0131 \u015fehit Mehmet Savunmaz, \u015fehit olu\u015funun 33. y\u0131l\u0131nda, ad\u0131n\u0131 ta\u015f\u0131yan Yunusemre Barbaros Mahallesi Mehmet Savunmaz Ortaokulu\u2019nda Manisa B\u00fcy\u00fck\u015fehir Belediyesi organizasyonuyla d\u00fczenlenen t\u00f6renle an\u0131ld\u0131.\u00a0 \u200bHaberin Al\u0131nt\u0131land\u0131\u011f\u0131 Kaynak: www.iskenderun.org<\/p>","protected":false},"author":1,"featured_media":0,"comment_status":"open","ping_status":"open","sticky":false,"template":"","format":"standard","meta":{"_acf_changed":false,"footnotes":""},"categories":[24],"tags":[],"class_list":["post-31274","post","type-post","status-publish","format-standard","has-post-thumbnail","hentry","category-gundem"],"acf":[],"yoast_head":"<!-- This site is optimized with the Yoast SEO Premium plugin v26.6 (Yoast SEO v27.1.1) - https:\/\/yoast.com\/product\/yoast-seo-premium-wordpress\/ -->\n<title>\u015eehit Mehmet Savunmaz Ad\u0131n\u0131 Ta\u015f\u0131yan Okulda An\u0131ld\u0131 - Av. Deniz Can K\u0131z\u0131l<\/title>\n<meta name=\"robots\" content=\"index, follow, max-snippet:-1, max-image-preview:large, max-video-preview:-1\" \/>\n<link rel=\"canonical\" href=\"https:\/\/denizcankizil.tr\/de\/haberler\/gundem\/sehit-mehmet-savunmaz-adini-tasiyan-okulda-anildi\/\" \/>\n<meta property=\"og:locale\" content=\"de_DE\" \/>\n<meta property=\"og:type\" content=\"article\" \/>\n<meta property=\"og:title\" content=\"\u015eehit Mehmet Savunmaz Ad\u0131n\u0131 Ta\u015f\u0131yan Okulda An\u0131ld\u0131\" \/>\n<meta property=\"og:description\" content=\"Manisal\u0131 \u015fehit Mehmet Savunmaz, \u015fehit olu\u015funun 33. y\u0131l\u0131nda, ad\u0131n\u0131 ta\u015f\u0131yan Yunusemre Barbaros Mahallesi Mehmet Savunmaz Ortaokulu\u2019nda Manisa B\u00fcy\u00fck\u015fehir Belediyesi organizasyonuyla d\u00fczenlenen t\u00f6renle an\u0131ld\u0131. \u200bManisal\u0131 \u015fehit Mehmet Savunmaz, \u015fehit olu\u015funun 33. y\u0131l\u0131nda, ad\u0131n\u0131 ta\u015f\u0131yan Yunusemre Barbaros Mahallesi Mehmet Savunmaz Ortaokulu\u2019nda Manisa B\u00fcy\u00fck\u015fehir Belediyesi organizasyonuyla d\u00fczenlenen t\u00f6renle an\u0131ld\u0131.\u00a0 \u200bHaberin Al\u0131nt\u0131land\u0131\u011f\u0131 Kaynak: www.iskenderun.org\" \/>\n<meta property=\"og:url\" content=\"https:\/\/denizcankizil.tr\/de\/haberler\/gundem\/sehit-mehmet-savunmaz-adini-tasiyan-okulda-anildi\/\" \/>\n<meta property=\"og:site_name\" content=\"Av. Deniz Can K\u0131z\u0131l\" \/>\n<meta property=\"article:published_time\" content=\"2025-02-08T13:42:05+00:00\" \/>\n<meta name=\"author\" content=\"admin\" \/>\n<meta name=\"twitter:card\" content=\"summary_large_image\" \/>\n<meta name=\"twitter:label1\" content=\"Verfasst von\" \/>\n\t<meta name=\"twitter:data1\" content=\"admin\" \/>\n<script type=\"application\/ld+json\" class=\"yoast-schema-graph\">{\"@context\":\"https:\/\/schema.org\",\"@graph\":[{\"@type\":\"Article\",\"@id\":\"https:\/\/denizcankizil.tr\/de\/haberler\/gundem\/sehit-mehmet-savunmaz-adini-tasiyan-okulda-anildi\/#article\",\"isPartOf\":{\"@id\":\"https:\/\/denizcankizil.tr\/de\/haberler\/gundem\/sehit-mehmet-savunmaz-adini-tasiyan-okulda-anildi\/\"},\"author\":{\"name\":\"admin\",\"@id\":\"https:\/\/denizcankizil.tr\/de\/#\/schema\/person\/be3c05fe6a12686905512445d8185489\"},\"headline\":\"\u015eehit Mehmet Savunmaz Ad\u0131n\u0131 Ta\u015f\u0131yan Okulda An\u0131ld\u0131\",\"datePublished\":\"2025-02-08T13:42:05+00:00\",\"mainEntityOfPage\":{\"@id\":\"https:\/\/denizcankizil.tr\/de\/haberler\/gundem\/sehit-mehmet-savunmaz-adini-tasiyan-okulda-anildi\/\"},\"wordCount\":86,\"commentCount\":0,\"publisher\":{\"@id\":\"https:\/\/denizcankizil.tr\/de\/#organization\"},\"articleSection\":[\"G\u00fcndem\"],\"inLanguage\":\"de\",\"potentialAction\":[{\"@type\":\"CommentAction\",\"name\":\"Comment\",\"target\":[\"https:\/\/denizcankizil.tr\/de\/haberler\/gundem\/sehit-mehmet-savunmaz-adini-tasiyan-okulda-anildi\/#respond\"]}]},{\"@type\":\"WebPage\",\"@id\":\"https:\/\/denizcankizil.tr\/de\/haberler\/gundem\/sehit-mehmet-savunmaz-adini-tasiyan-okulda-anildi\/\",\"url\":\"https:\/\/denizcankizil.tr\/de\/haberler\/gundem\/sehit-mehmet-savunmaz-adini-tasiyan-okulda-anildi\/\",\"name\":\"\u015eehit Mehmet Savunmaz Ad\u0131n\u0131 Ta\u015f\u0131yan Okulda An\u0131ld\u0131 - Av. Deniz Can K\u0131z\u0131l\",\"isPartOf\":{\"@id\":\"https:\/\/denizcankizil.tr\/de\/#website\"},\"datePublished\":\"2025-02-08T13:42:05+00:00\",\"breadcrumb\":{\"@id\":\"https:\/\/denizcankizil.tr\/de\/haberler\/gundem\/sehit-mehmet-savunmaz-adini-tasiyan-okulda-anildi\/#breadcrumb\"},\"inLanguage\":\"de\",\"potentialAction\":[{\"@type\":\"ReadAction\",\"target\":[\"https:\/\/denizcankizil.tr\/de\/haberler\/gundem\/sehit-mehmet-savunmaz-adini-tasiyan-okulda-anildi\/\"]}]},{\"@type\":\"BreadcrumbList\",\"@id\":\"https:\/\/denizcankizil.tr\/de\/haberler\/gundem\/sehit-mehmet-savunmaz-adini-tasiyan-okulda-anildi\/#breadcrumb\",\"itemListElement\":[{\"@type\":\"ListItem\",\"position\":1,\"name\":\"Home\",\"item\":\"https:\/\/denizcankizil.tr\/de\/\"},{\"@type\":\"ListItem\",\"position\":2,\"name\":\"\u015eehit Mehmet Savunmaz Ad\u0131n\u0131 Ta\u015f\u0131yan Okulda An\u0131ld\u0131\"}]},{\"@type\":\"WebSite\",\"@id\":\"https:\/\/denizcankizil.tr\/de\/#website\",\"url\":\"https:\/\/denizcankizil.tr\/de\/\",\"name\":\"Av. Deniz Can K\u0131z\u0131l\",\"description\":\"Avukat Deniz Can K\u0131z\u0131l Antalya Barosu\",\"publisher\":{\"@id\":\"https:\/\/denizcankizil.tr\/de\/#organization\"},\"potentialAction\":[{\"@type\":\"SearchAction\",\"target\":{\"@type\":\"EntryPoint\",\"urlTemplate\":\"https:\/\/denizcankizil.tr\/de\/?s={search_term_string}\"},\"query-input\":{\"@type\":\"PropertyValueSpecification\",\"valueRequired\":true,\"valueName\":\"search_term_string\"}}],\"inLanguage\":\"de\"},{\"@type\":\"Organization\",\"@id\":\"https:\/\/denizcankizil.tr\/de\/#organization\",\"name\":\"Av. Deniz Can K\u0131z\u0131l\",\"url\":\"https:\/\/denizcankizil.tr\/de\/\",\"logo\":{\"@type\":\"ImageObject\",\"inLanguage\":\"de\",\"@id\":\"https:\/\/denizcankizil.tr\/de\/#\/schema\/logo\/image\/\",\"url\":\"https:\/\/denizcankizil.tr\/wp-content\/uploads\/2024\/10\/siyah-logo-svg.svg\",\"contentUrl\":\"https:\/\/denizcankizil.tr\/wp-content\/uploads\/2024\/10\/siyah-logo-svg.svg\",\"width\":1080,\"height\":1080,\"caption\":\"Av. Deniz Can K\u0131z\u0131l\"},\"image\":{\"@id\":\"https:\/\/denizcankizil.tr\/de\/#\/schema\/logo\/image\/\"}},{\"@type\":\"Person\",\"@id\":\"https:\/\/denizcankizil.tr\/de\/#\/schema\/person\/be3c05fe6a12686905512445d8185489\",\"name\":\"admin\",\"image\":{\"@type\":\"ImageObject\",\"inLanguage\":\"de\",\"@id\":\"https:\/\/denizcankizil.tr\/de\/#\/schema\/person\/image\/\",\"url\":\"https:\/\/secure.gravatar.com\/avatar\/c1fce94c830dc79107e174f890d7210541c4a63e8e5d816341794a2151c9d58c?s=96&d=mm&r=g\",\"contentUrl\":\"https:\/\/secure.gravatar.com\/avatar\/c1fce94c830dc79107e174f890d7210541c4a63e8e5d816341794a2151c9d58c?s=96&d=mm&r=g\",\"caption\":\"admin\"},\"sameAs\":[\"http:\/\/denizcankizil.tr\"],\"url\":\"https:\/\/www.iskenderun.org\/sehit-mehmet-savunmaz-adini-tasiyan-okulda-anildi\"}]}<\/script>\n<!-- \/ Yoast SEO Premium plugin. -->","yoast_head_json":{"title":"\u015eehit Mehmet Savunmaz Ad\u0131n\u0131 Ta\u015f\u0131yan Okulda An\u0131ld\u0131 - Av. Deniz Can K\u0131z\u0131l","robots":{"index":"index","follow":"follow","max-snippet":"max-snippet:-1","max-image-preview":"max-image-preview:large","max-video-preview":"max-video-preview:-1"},"canonical":"https:\/\/denizcankizil.tr\/de\/haberler\/gundem\/sehit-mehmet-savunmaz-adini-tasiyan-okulda-anildi\/","og_locale":"de_DE","og_type":"article","og_title":"\u015eehit Mehmet Savunmaz Ad\u0131n\u0131 Ta\u015f\u0131yan Okulda An\u0131ld\u0131","og_description":"Manisal\u0131 \u015fehit Mehmet Savunmaz, \u015fehit olu\u015funun 33. y\u0131l\u0131nda, ad\u0131n\u0131 ta\u015f\u0131yan Yunusemre Barbaros Mahallesi Mehmet Savunmaz Ortaokulu\u2019nda Manisa B\u00fcy\u00fck\u015fehir Belediyesi organizasyonuyla d\u00fczenlenen t\u00f6renle an\u0131ld\u0131. \u200bManisal\u0131 \u015fehit Mehmet Savunmaz, \u015fehit olu\u015funun 33. y\u0131l\u0131nda, ad\u0131n\u0131 ta\u015f\u0131yan Yunusemre Barbaros Mahallesi Mehmet Savunmaz Ortaokulu\u2019nda Manisa B\u00fcy\u00fck\u015fehir Belediyesi organizasyonuyla d\u00fczenlenen t\u00f6renle an\u0131ld\u0131.\u00a0 \u200bHaberin Al\u0131nt\u0131land\u0131\u011f\u0131 Kaynak: www.iskenderun.org","og_url":"https:\/\/denizcankizil.tr\/de\/haberler\/gundem\/sehit-mehmet-savunmaz-adini-tasiyan-okulda-anildi\/","og_site_name":"Av. Deniz Can K\u0131z\u0131l","article_published_time":"2025-02-08T13:42:05+00:00","author":"admin","twitter_card":"summary_large_image","twitter_misc":{"Verfasst von":"admin"},"schema":{"@context":"https:\/\/schema.org","@graph":[{"@type":"Article","@id":"https:\/\/denizcankizil.tr\/de\/haberler\/gundem\/sehit-mehmet-savunmaz-adini-tasiyan-okulda-anildi\/#article","isPartOf":{"@id":"https:\/\/denizcankizil.tr\/de\/haberler\/gundem\/sehit-mehmet-savunmaz-adini-tasiyan-okulda-anildi\/"},"author":{"name":"admin","@id":"https:\/\/denizcankizil.tr\/de\/#\/schema\/person\/be3c05fe6a12686905512445d8185489"},"headline":"\u015eehit Mehmet Savunmaz Ad\u0131n\u0131 Ta\u015f\u0131yan Okulda An\u0131ld\u0131","datePublished":"2025-02-08T13:42:05+00:00","mainEntityOfPage":{"@id":"https:\/\/denizcankizil.tr\/de\/haberler\/gundem\/sehit-mehmet-savunmaz-adini-tasiyan-okulda-anildi\/"},"wordCount":86,"commentCount":0,"publisher":{"@id":"https:\/\/denizcankizil.tr\/de\/#organization"},"articleSection":["G\u00fcndem"],"inLanguage":"de","potentialAction":[{"@type":"CommentAction","name":"Comment","target":["https:\/\/denizcankizil.tr\/de\/haberler\/gundem\/sehit-mehmet-savunmaz-adini-tasiyan-okulda-anildi\/#respond"]}]},{"@type":"WebPage","@id":"https:\/\/denizcankizil.tr\/de\/haberler\/gundem\/sehit-mehmet-savunmaz-adini-tasiyan-okulda-anildi\/","url":"https:\/\/denizcankizil.tr\/de\/haberler\/gundem\/sehit-mehmet-savunmaz-adini-tasiyan-okulda-anildi\/","name":"\u015eehit Mehmet Savunmaz Ad\u0131n\u0131 Ta\u015f\u0131yan Okulda An\u0131ld\u0131 - Av. Deniz Can K\u0131z\u0131l","isPartOf":{"@id":"https:\/\/denizcankizil.tr\/de\/#website"},"datePublished":"2025-02-08T13:42:05+00:00","breadcrumb":{"@id":"https:\/\/denizcankizil.tr\/de\/haberler\/gundem\/sehit-mehmet-savunmaz-adini-tasiyan-okulda-anildi\/#breadcrumb"},"inLanguage":"de","potentialAction":[{"@type":"ReadAction","target":["https:\/\/denizcankizil.tr\/de\/haberler\/gundem\/sehit-mehmet-savunmaz-adini-tasiyan-okulda-anildi\/"]}]},{"@type":"BreadcrumbList","@id":"https:\/\/denizcankizil.tr\/de\/haberler\/gundem\/sehit-mehmet-savunmaz-adini-tasiyan-okulda-anildi\/#breadcrumb","itemListElement":[{"@type":"ListItem","position":1,"name":"Home","item":"https:\/\/denizcankizil.tr\/de\/"},{"@type":"ListItem","position":2,"name":"\u015eehit Mehmet Savunmaz Ad\u0131n\u0131 Ta\u015f\u0131yan Okulda An\u0131ld\u0131"}]},{"@type":"WebSite","@id":"https:\/\/denizcankizil.tr\/de\/#website","url":"https:\/\/denizcankizil.tr\/de\/","name":"Av. Deniz Can K\u0131z\u0131l","description":"Avukat Deniz Can K\u0131z\u0131l Antalya Barosu","publisher":{"@id":"https:\/\/denizcankizil.tr\/de\/#organization"},"potentialAction":[{"@type":"SearchAction","target":{"@type":"EntryPoint","urlTemplate":"https:\/\/denizcankizil.tr\/de\/?s={search_term_string}"},"query-input":{"@type":"PropertyValueSpecification","valueRequired":true,"valueName":"search_term_string"}}],"inLanguage":"de"},{"@type":"Organization","@id":"https:\/\/denizcankizil.tr\/de\/#organization","name":"Av. Deniz Can K\u0131z\u0131l","url":"https:\/\/denizcankizil.tr\/de\/","logo":{"@type":"ImageObject","inLanguage":"de","@id":"https:\/\/denizcankizil.tr\/de\/#\/schema\/logo\/image\/","url":"https:\/\/denizcankizil.tr\/wp-content\/uploads\/2024\/10\/siyah-logo-svg.svg","contentUrl":"https:\/\/denizcankizil.tr\/wp-content\/uploads\/2024\/10\/siyah-logo-svg.svg","width":1080,"height":1080,"caption":"Av. Deniz Can K\u0131z\u0131l"},"image":{"@id":"https:\/\/denizcankizil.tr\/de\/#\/schema\/logo\/image\/"}},{"@type":"Person","@id":"https:\/\/denizcankizil.tr\/de\/#\/schema\/person\/be3c05fe6a12686905512445d8185489","name":"Administrator","image":{"@type":"ImageObject","inLanguage":"de","@id":"https:\/\/denizcankizil.tr\/de\/#\/schema\/person\/image\/","url":"https:\/\/secure.gravatar.com\/avatar\/c1fce94c830dc79107e174f890d7210541c4a63e8e5d816341794a2151c9d58c?s=96&d=mm&r=g","contentUrl":"https:\/\/secure.gravatar.com\/avatar\/c1fce94c830dc79107e174f890d7210541c4a63e8e5d816341794a2151c9d58c?s=96&d=mm&r=g","caption":"admin"},"sameAs":["http:\/\/denizcankizil.tr"],"url":"https:\/\/www.iskenderun.org\/sehit-mehmet-savunmaz-adini-tasiyan-okulda-anildi"}]}},"_links":{"self":[{"href":"https:\/\/denizcankizil.tr\/de\/wp-json\/wp\/v2\/posts\/31274","targetHints":{"allow":["GET"]}}],"collection":[{"href":"https:\/\/denizcankizil.tr\/de\/wp-json\/wp\/v2\/posts"}],"about":[{"href":"https:\/\/denizcankizil.tr\/de\/wp-json\/wp\/v2\/types\/post"}],"author":[{"embeddable":true,"href":"https:\/\/denizcankizil.tr\/de\/wp-json\/wp\/v2\/users\/1"}],"replies":[{"embeddable":true,"href":"https:\/\/denizcankizil.tr\/de\/wp-json\/wp\/v2\/comments?post=31274"}],"version-history":[{"count":0,"href":"https:\/\/denizcankizil.tr\/de\/wp-json\/wp\/v2\/posts\/31274\/revisions"}],"wp:attachment":[{"href":"https:\/\/denizcankizil.tr\/de\/wp-json\/wp\/v2\/media?parent=31274"}],"wp:term":[{"taxonomy":"category","embeddable":true,"href":"https:\/\/denizcankizil.tr\/de\/wp-json\/wp\/v2\/categories?post=31274"},{"taxonomy":"post_tag","embeddable":true,"href":"https:\/\/denizcankizil.tr\/de\/wp-json\/wp\/v2\/tags?post=31274"}],"curies":[{"name":"wp","href":"https:\/\/api.w.org\/{rel}","templated":true}]}}