{"id":30965,"date":"2025-02-07T12:42:16","date_gmt":"2025-02-07T09:42:16","guid":{"rendered":"https:\/\/denizcankizil.tr\/uncategorized-tr\/yillardir-omzundan-indirmedigi-kopegine-kavustu\/"},"modified":"2025-02-07T12:42:16","modified_gmt":"2025-02-07T09:42:16","slug":"yillardir-omzundan-indirmedigi-kopegine-kavustu","status":"publish","type":"post","link":"https:\/\/denizcankizil.tr\/de\/haberler\/antalya\/yillardir-omzundan-indirmedigi-kopegine-kavustu\/","title":{"rendered":"Y\u0131llard\u0131r omzundan indirmedi\u011fi k\u00f6pe\u011fine kavu\u015ftu"},"content":{"rendered":"<p>Manavgat Evrenseki Turizm B\u00f6lgesinde kendi yapt\u0131\u011f\u0131 3 tekerlekli elektrikli bisikletine binip omzundaki k\u00f6pe\u011fiyle zil tak\u0131p oynan ve ge\u00e7imini turistlerin verdi\u011fi bah\u015fi\u015flerle sa\u011flayan S\u00fcleyman G\u00fcler, ge\u00e7ti\u011fimiz g\u00fcn hayvan\u0131n\u0131n tuvalet ihtiyac\u0131n\u0131 kar\u015f\u0131lamak i\u00e7in onu omuzundan indirdi. Bu s\u0131rada ismi \u00f6\u011frenilemeyen bir vatanda\u015f, sahipsiz sand\u0131\u011f\u0131 k\u00f6pe\u011fi alarak gitti. Etraf\u0131na bak\u0131nca Mia ad\u0131n\u0131 verdi\u011fi k\u00f6pe\u011fini g\u00f6remeyen adam, onun \u00e7al\u0131nd\u0131\u011f\u0131n\u0131 sand\u0131. Sosyal medyadan kay\u0131p ilan\u0131 da veren G\u00fcler, 1 g\u00fcn sonras\u0131 ise can dostuna kavu\u015ftu.<\/p>\n<p>&#8220;Kalp krizi ge\u00e7irdim&#8221;<br \/>\nG\u00fcler, ya\u015fad\u0131klar\u0131n\u0131 \u015fu s\u00f6zlerle anlatt\u0131: &#8220;Sahipsiz zannedip birisi g\u00f6t\u00fcrm\u00fc\u015f. Bunlar \u00f6zel k\u00f6pekler, sahipsiz de\u011fil. Onu g\u00f6remeyince kalp krizi ge\u00e7irdim. Bu anlat\u0131lamaz bir sevgi. Bug\u00fcne kadar koynuma yatan bir k\u00f6pekti, al\u0131nd\u0131\u011f\u0131 i\u00e7in d\u00fcn ak\u015fam yatamad\u0131k. Getiren arkada\u015fa te\u015fekk\u00fcr ediyorum.&#8221;<\/p>\n<p>Kaynak: www.kanalv.com.tr Haber Sitesinden Al\u0131nm\u0131\u015ft\u0131r.<\/p>","protected":false},"excerpt":{"rendered":"<p>Manavgat Evrenseki Turizm B\u00f6lgesinde kendi yapt\u0131\u011f\u0131 3 tekerlekli elektrikli bisikletine binip omzundaki k\u00f6pe\u011fiyle zil tak\u0131p oynan ve ge\u00e7imini turistlerin verdi\u011fi bah\u015fi\u015flerle sa\u011flayan S\u00fcleyman G\u00fcler, ge\u00e7ti\u011fimiz g\u00fcn hayvan\u0131n\u0131n tuvalet ihtiyac\u0131n\u0131 kar\u015f\u0131lamak i\u00e7in onu omuzundan indirdi. Bu s\u0131rada ismi \u00f6\u011frenilemeyen bir vatanda\u015f, sahipsiz sand\u0131\u011f\u0131 k\u00f6pe\u011fi alarak gitti. Etraf\u0131na bak\u0131nca Mia ad\u0131n\u0131 verdi\u011fi k\u00f6pe\u011fini g\u00f6remeyen adam, onun \u00e7al\u0131nd\u0131\u011f\u0131n\u0131 sand\u0131. Sosyal medyadan kay\u0131p ilan\u0131 da veren G\u00fcler, 1 g\u00fcn sonras\u0131 ise can dostuna kavu\u015ftu. &#8220;Kalp krizi ge\u00e7irdim&#8221; G\u00fcler, ya\u015fad\u0131klar\u0131n\u0131 \u015fu s\u00f6zlerle anlatt\u0131: &#8220;Sahipsiz zannedip birisi g\u00f6t\u00fcrm\u00fc\u015f. Bunlar \u00f6zel k\u00f6pekler, sahipsiz de\u011fil. Onu g\u00f6remeyince kalp krizi ge\u00e7irdim. Bu anlat\u0131lamaz bir sevgi. Bug\u00fcne kadar koynuma yatan bir k\u00f6pekti, al\u0131nd\u0131\u011f\u0131 i\u00e7in d\u00fcn ak\u015fam yatamad\u0131k. Getiren arkada\u015fa te\u015fekk\u00fcr ediyorum.&#8221; Kaynak: www.kanalv.com.tr Haber Sitesinden Al\u0131nm\u0131\u015ft\u0131r.<\/p>","protected":false},"author":4,"featured_media":30966,"comment_status":"open","ping_status":"open","sticky":false,"template":"","format":"standard","meta":{"_acf_changed":false,"footnotes":""},"categories":[26],"tags":[],"class_list":["post-30965","post","type-post","status-publish","format-standard","has-post-thumbnail","hentry","category-antalya"],"acf":[],"yoast_head":"<!-- This site is optimized with the Yoast SEO Premium plugin v26.6 (Yoast SEO v27.1.1) - https:\/\/yoast.com\/product\/yoast-seo-premium-wordpress\/ -->\n<title>Y\u0131llard\u0131r omzundan indirmedi\u011fi k\u00f6pe\u011fine kavu\u015ftu - Av. Deniz Can K\u0131z\u0131l<\/title>\n<meta name=\"robots\" content=\"index, follow, max-snippet:-1, max-image-preview:large, max-video-preview:-1\" \/>\n<link rel=\"canonical\" href=\"https:\/\/denizcankizil.tr\/de\/haberler\/antalya\/yillardir-omzundan-indirmedigi-kopegine-kavustu\/\" \/>\n<meta property=\"og:locale\" content=\"de_DE\" \/>\n<meta property=\"og:type\" content=\"article\" \/>\n<meta property=\"og:title\" content=\"Y\u0131llard\u0131r omzundan indirmedi\u011fi k\u00f6pe\u011fine kavu\u015ftu\" \/>\n<meta property=\"og:description\" content=\"Manavgat Evrenseki Turizm B\u00f6lgesinde kendi yapt\u0131\u011f\u0131 3 tekerlekli elektrikli bisikletine binip omzundaki k\u00f6pe\u011fiyle zil tak\u0131p oynan ve ge\u00e7imini turistlerin verdi\u011fi bah\u015fi\u015flerle sa\u011flayan S\u00fcleyman G\u00fcler, ge\u00e7ti\u011fimiz g\u00fcn hayvan\u0131n\u0131n tuvalet ihtiyac\u0131n\u0131 kar\u015f\u0131lamak i\u00e7in onu omuzundan indirdi. Bu s\u0131rada ismi \u00f6\u011frenilemeyen bir vatanda\u015f, sahipsiz sand\u0131\u011f\u0131 k\u00f6pe\u011fi alarak gitti. Etraf\u0131na bak\u0131nca Mia ad\u0131n\u0131 verdi\u011fi k\u00f6pe\u011fini g\u00f6remeyen adam, onun \u00e7al\u0131nd\u0131\u011f\u0131n\u0131 sand\u0131. Sosyal medyadan kay\u0131p ilan\u0131 da veren G\u00fcler, 1 g\u00fcn sonras\u0131 ise can dostuna kavu\u015ftu. &#8220;Kalp krizi ge\u00e7irdim&#8221; G\u00fcler, ya\u015fad\u0131klar\u0131n\u0131 \u015fu s\u00f6zlerle anlatt\u0131: &#8220;Sahipsiz zannedip birisi g\u00f6t\u00fcrm\u00fc\u015f. Bunlar \u00f6zel k\u00f6pekler, sahipsiz de\u011fil. Onu g\u00f6remeyince kalp krizi ge\u00e7irdim. Bu anlat\u0131lamaz bir sevgi. Bug\u00fcne kadar koynuma yatan bir k\u00f6pekti, al\u0131nd\u0131\u011f\u0131 i\u00e7in d\u00fcn ak\u015fam yatamad\u0131k. Getiren arkada\u015fa te\u015fekk\u00fcr ediyorum.&#8221; Kaynak: www.kanalv.com.tr Haber Sitesinden Al\u0131nm\u0131\u015ft\u0131r.\" \/>\n<meta property=\"og:url\" content=\"https:\/\/denizcankizil.tr\/de\/haberler\/antalya\/yillardir-omzundan-indirmedigi-kopegine-kavustu\/\" \/>\n<meta property=\"og:site_name\" content=\"Av. Deniz Can K\u0131z\u0131l\" \/>\n<meta property=\"article:published_time\" content=\"2025-02-07T09:42:16+00:00\" \/>\n<meta property=\"og:image\" content=\"https:\/\/denizcankizil.tr\/wp-content\/uploads\/2025\/02\/4525-01-TPWnz5.jpeg\" \/>\n\t<meta property=\"og:image:width\" content=\"1280\" \/>\n\t<meta property=\"og:image:height\" content=\"720\" \/>\n\t<meta property=\"og:image:type\" content=\"image\/jpeg\" \/>\n<meta name=\"author\" content=\"Av. Deniz Can K\u0131z\u0131l\" \/>\n<meta name=\"twitter:card\" content=\"summary_large_image\" \/>\n<meta name=\"twitter:label1\" content=\"Verfasst von\" \/>\n\t<meta name=\"twitter:data1\" content=\"Av. Deniz Can K\u0131z\u0131l\" \/>\n\t<meta name=\"twitter:label2\" content=\"Gesch\u00e4tzte Lesezeit\" \/>\n\t<meta name=\"twitter:data2\" content=\"1\u00a0Minute\" \/>\n<script type=\"application\/ld+json\" class=\"yoast-schema-graph\">{\"@context\":\"https:\/\/schema.org\",\"@graph\":[{\"@type\":\"Article\",\"@id\":\"https:\/\/denizcankizil.tr\/de\/haberler\/antalya\/yillardir-omzundan-indirmedigi-kopegine-kavustu\/#article\",\"isPartOf\":{\"@id\":\"https:\/\/denizcankizil.tr\/de\/haberler\/antalya\/yillardir-omzundan-indirmedigi-kopegine-kavustu\/\"},\"author\":{\"name\":\"Av. Deniz Can K\u0131z\u0131l\",\"@id\":\"https:\/\/denizcankizil.tr\/de\/#\/schema\/person\/5dc1b22991bd7ac833867c10afc9b0ff\"},\"headline\":\"Y\u0131llard\u0131r omzundan indirmedi\u011fi k\u00f6pe\u011fine kavu\u015ftu\",\"datePublished\":\"2025-02-07T09:42:16+00:00\",\"mainEntityOfPage\":{\"@id\":\"https:\/\/denizcankizil.tr\/de\/haberler\/antalya\/yillardir-omzundan-indirmedigi-kopegine-kavustu\/\"},\"wordCount\":189,\"commentCount\":0,\"publisher\":{\"@id\":\"https:\/\/denizcankizil.tr\/de\/#organization\"},\"image\":{\"@id\":\"https:\/\/denizcankizil.tr\/de\/haberler\/antalya\/yillardir-omzundan-indirmedigi-kopegine-kavustu\/#primaryimage\"},\"thumbnailUrl\":\"https:\/\/denizcankizil.tr\/wp-content\/uploads\/2025\/02\/4525-01-TPWnz5.jpeg\",\"articleSection\":[\"Antalya\"],\"inLanguage\":\"de\",\"potentialAction\":[{\"@type\":\"CommentAction\",\"name\":\"Comment\",\"target\":[\"https:\/\/denizcankizil.tr\/de\/haberler\/antalya\/yillardir-omzundan-indirmedigi-kopegine-kavustu\/#respond\"]}]},{\"@type\":\"WebPage\",\"@id\":\"https:\/\/denizcankizil.tr\/de\/haberler\/antalya\/yillardir-omzundan-indirmedigi-kopegine-kavustu\/\",\"url\":\"https:\/\/denizcankizil.tr\/de\/haberler\/antalya\/yillardir-omzundan-indirmedigi-kopegine-kavustu\/\",\"name\":\"Y\u0131llard\u0131r omzundan indirmedi\u011fi k\u00f6pe\u011fine kavu\u015ftu - Av. Deniz Can K\u0131z\u0131l\",\"isPartOf\":{\"@id\":\"https:\/\/denizcankizil.tr\/de\/#website\"},\"primaryImageOfPage\":{\"@id\":\"https:\/\/denizcankizil.tr\/de\/haberler\/antalya\/yillardir-omzundan-indirmedigi-kopegine-kavustu\/#primaryimage\"},\"image\":{\"@id\":\"https:\/\/denizcankizil.tr\/de\/haberler\/antalya\/yillardir-omzundan-indirmedigi-kopegine-kavustu\/#primaryimage\"},\"thumbnailUrl\":\"https:\/\/denizcankizil.tr\/wp-content\/uploads\/2025\/02\/4525-01-TPWnz5.jpeg\",\"datePublished\":\"2025-02-07T09:42:16+00:00\",\"breadcrumb\":{\"@id\":\"https:\/\/denizcankizil.tr\/de\/haberler\/antalya\/yillardir-omzundan-indirmedigi-kopegine-kavustu\/#breadcrumb\"},\"inLanguage\":\"de\",\"potentialAction\":[{\"@type\":\"ReadAction\",\"target\":[\"https:\/\/denizcankizil.tr\/de\/haberler\/antalya\/yillardir-omzundan-indirmedigi-kopegine-kavustu\/\"]}]},{\"@type\":\"ImageObject\",\"inLanguage\":\"de\",\"@id\":\"https:\/\/denizcankizil.tr\/de\/haberler\/antalya\/yillardir-omzundan-indirmedigi-kopegine-kavustu\/#primaryimage\",\"url\":\"https:\/\/denizcankizil.tr\/wp-content\/uploads\/2025\/02\/4525-01-TPWnz5.jpeg\",\"contentUrl\":\"https:\/\/denizcankizil.tr\/wp-content\/uploads\/2025\/02\/4525-01-TPWnz5.jpeg\",\"width\":1280,\"height\":720},{\"@type\":\"BreadcrumbList\",\"@id\":\"https:\/\/denizcankizil.tr\/de\/haberler\/antalya\/yillardir-omzundan-indirmedigi-kopegine-kavustu\/#breadcrumb\",\"itemListElement\":[{\"@type\":\"ListItem\",\"position\":1,\"name\":\"Home\",\"item\":\"https:\/\/denizcankizil.tr\/de\/\"},{\"@type\":\"ListItem\",\"position\":2,\"name\":\"Y\u0131llard\u0131r omzundan indirmedi\u011fi k\u00f6pe\u011fine kavu\u015ftu\"}]},{\"@type\":\"WebSite\",\"@id\":\"https:\/\/denizcankizil.tr\/de\/#website\",\"url\":\"https:\/\/denizcankizil.tr\/de\/\",\"name\":\"Av. Deniz Can K\u0131z\u0131l\",\"description\":\"Avukat Deniz Can K\u0131z\u0131l Antalya Barosu\",\"publisher\":{\"@id\":\"https:\/\/denizcankizil.tr\/de\/#organization\"},\"potentialAction\":[{\"@type\":\"SearchAction\",\"target\":{\"@type\":\"EntryPoint\",\"urlTemplate\":\"https:\/\/denizcankizil.tr\/de\/?s={search_term_string}\"},\"query-input\":{\"@type\":\"PropertyValueSpecification\",\"valueRequired\":true,\"valueName\":\"search_term_string\"}}],\"inLanguage\":\"de\"},{\"@type\":\"Organization\",\"@id\":\"https:\/\/denizcankizil.tr\/de\/#organization\",\"name\":\"Av. Deniz Can K\u0131z\u0131l\",\"url\":\"https:\/\/denizcankizil.tr\/de\/\",\"logo\":{\"@type\":\"ImageObject\",\"inLanguage\":\"de\",\"@id\":\"https:\/\/denizcankizil.tr\/de\/#\/schema\/logo\/image\/\",\"url\":\"https:\/\/denizcankizil.tr\/wp-content\/uploads\/2024\/10\/siyah-logo-svg.svg\",\"contentUrl\":\"https:\/\/denizcankizil.tr\/wp-content\/uploads\/2024\/10\/siyah-logo-svg.svg\",\"width\":1080,\"height\":1080,\"caption\":\"Av. Deniz Can K\u0131z\u0131l\"},\"image\":{\"@id\":\"https:\/\/denizcankizil.tr\/de\/#\/schema\/logo\/image\/\"}},{\"@type\":\"Person\",\"@id\":\"https:\/\/denizcankizil.tr\/de\/#\/schema\/person\/5dc1b22991bd7ac833867c10afc9b0ff\",\"name\":\"Av. Deniz Can K\u0131z\u0131l\",\"image\":{\"@type\":\"ImageObject\",\"inLanguage\":\"de\",\"@id\":\"https:\/\/denizcankizil.tr\/de\/#\/schema\/person\/image\/\",\"url\":\"https:\/\/secure.gravatar.com\/avatar\/a0b128fb9855c79efc976d5640eedb31dc35ec297594d6016d2cf7c60e975bb6?s=96&d=mm&r=g\",\"contentUrl\":\"https:\/\/secure.gravatar.com\/avatar\/a0b128fb9855c79efc976d5640eedb31dc35ec297594d6016d2cf7c60e975bb6?s=96&d=mm&r=g\",\"caption\":\"Av. Deniz Can K\u0131z\u0131l\"},\"sameAs\":[\"http:\/\/www.denizcankizil.tr\"],\"url\":\"https:\/\/denizcankizil.tr\/de\/author\/denizcankizil\/\"}]}<\/script>\n<!-- \/ Yoast SEO Premium plugin. -->","yoast_head_json":{"title":"Y\u0131llard\u0131r omzundan indirmedi\u011fi k\u00f6pe\u011fine kavu\u015ftu - Av. Deniz Can K\u0131z\u0131l","robots":{"index":"index","follow":"follow","max-snippet":"max-snippet:-1","max-image-preview":"max-image-preview:large","max-video-preview":"max-video-preview:-1"},"canonical":"https:\/\/denizcankizil.tr\/de\/haberler\/antalya\/yillardir-omzundan-indirmedigi-kopegine-kavustu\/","og_locale":"de_DE","og_type":"article","og_title":"Y\u0131llard\u0131r omzundan indirmedi\u011fi k\u00f6pe\u011fine kavu\u015ftu","og_description":"Manavgat Evrenseki Turizm B\u00f6lgesinde kendi yapt\u0131\u011f\u0131 3 tekerlekli elektrikli bisikletine binip omzundaki k\u00f6pe\u011fiyle zil tak\u0131p oynan ve ge\u00e7imini turistlerin verdi\u011fi bah\u015fi\u015flerle sa\u011flayan S\u00fcleyman G\u00fcler, ge\u00e7ti\u011fimiz g\u00fcn hayvan\u0131n\u0131n tuvalet ihtiyac\u0131n\u0131 kar\u015f\u0131lamak i\u00e7in onu omuzundan indirdi. Bu s\u0131rada ismi \u00f6\u011frenilemeyen bir vatanda\u015f, sahipsiz sand\u0131\u011f\u0131 k\u00f6pe\u011fi alarak gitti. Etraf\u0131na bak\u0131nca Mia ad\u0131n\u0131 verdi\u011fi k\u00f6pe\u011fini g\u00f6remeyen adam, onun \u00e7al\u0131nd\u0131\u011f\u0131n\u0131 sand\u0131. Sosyal medyadan kay\u0131p ilan\u0131 da veren G\u00fcler, 1 g\u00fcn sonras\u0131 ise can dostuna kavu\u015ftu. &#8220;Kalp krizi ge\u00e7irdim&#8221; G\u00fcler, ya\u015fad\u0131klar\u0131n\u0131 \u015fu s\u00f6zlerle anlatt\u0131: &#8220;Sahipsiz zannedip birisi g\u00f6t\u00fcrm\u00fc\u015f. Bunlar \u00f6zel k\u00f6pekler, sahipsiz de\u011fil. Onu g\u00f6remeyince kalp krizi ge\u00e7irdim. Bu anlat\u0131lamaz bir sevgi. Bug\u00fcne kadar koynuma yatan bir k\u00f6pekti, al\u0131nd\u0131\u011f\u0131 i\u00e7in d\u00fcn ak\u015fam yatamad\u0131k. Getiren arkada\u015fa te\u015fekk\u00fcr ediyorum.&#8221; Kaynak: www.kanalv.com.tr Haber Sitesinden Al\u0131nm\u0131\u015ft\u0131r.","og_url":"https:\/\/denizcankizil.tr\/de\/haberler\/antalya\/yillardir-omzundan-indirmedigi-kopegine-kavustu\/","og_site_name":"Av. Deniz Can K\u0131z\u0131l","article_published_time":"2025-02-07T09:42:16+00:00","og_image":[{"width":1280,"height":720,"url":"https:\/\/denizcankizil.tr\/wp-content\/uploads\/2025\/02\/4525-01-TPWnz5.jpeg","type":"image\/jpeg"}],"author":"Av. Deniz Can K\u0131z\u0131l","twitter_card":"summary_large_image","twitter_misc":{"Verfasst von":"Av. Deniz Can K\u0131z\u0131l","Gesch\u00e4tzte Lesezeit":"1\u00a0Minute"},"schema":{"@context":"https:\/\/schema.org","@graph":[{"@type":"Article","@id":"https:\/\/denizcankizil.tr\/de\/haberler\/antalya\/yillardir-omzundan-indirmedigi-kopegine-kavustu\/#article","isPartOf":{"@id":"https:\/\/denizcankizil.tr\/de\/haberler\/antalya\/yillardir-omzundan-indirmedigi-kopegine-kavustu\/"},"author":{"name":"Av. Deniz Can K\u0131z\u0131l","@id":"https:\/\/denizcankizil.tr\/de\/#\/schema\/person\/5dc1b22991bd7ac833867c10afc9b0ff"},"headline":"Y\u0131llard\u0131r omzundan indirmedi\u011fi k\u00f6pe\u011fine kavu\u015ftu","datePublished":"2025-02-07T09:42:16+00:00","mainEntityOfPage":{"@id":"https:\/\/denizcankizil.tr\/de\/haberler\/antalya\/yillardir-omzundan-indirmedigi-kopegine-kavustu\/"},"wordCount":189,"commentCount":0,"publisher":{"@id":"https:\/\/denizcankizil.tr\/de\/#organization"},"image":{"@id":"https:\/\/denizcankizil.tr\/de\/haberler\/antalya\/yillardir-omzundan-indirmedigi-kopegine-kavustu\/#primaryimage"},"thumbnailUrl":"https:\/\/denizcankizil.tr\/wp-content\/uploads\/2025\/02\/4525-01-TPWnz5.jpeg","articleSection":["Antalya"],"inLanguage":"de","potentialAction":[{"@type":"CommentAction","name":"Comment","target":["https:\/\/denizcankizil.tr\/de\/haberler\/antalya\/yillardir-omzundan-indirmedigi-kopegine-kavustu\/#respond"]}]},{"@type":"WebPage","@id":"https:\/\/denizcankizil.tr\/de\/haberler\/antalya\/yillardir-omzundan-indirmedigi-kopegine-kavustu\/","url":"https:\/\/denizcankizil.tr\/de\/haberler\/antalya\/yillardir-omzundan-indirmedigi-kopegine-kavustu\/","name":"Y\u0131llard\u0131r omzundan indirmedi\u011fi k\u00f6pe\u011fine kavu\u015ftu - Av. Deniz Can K\u0131z\u0131l","isPartOf":{"@id":"https:\/\/denizcankizil.tr\/de\/#website"},"primaryImageOfPage":{"@id":"https:\/\/denizcankizil.tr\/de\/haberler\/antalya\/yillardir-omzundan-indirmedigi-kopegine-kavustu\/#primaryimage"},"image":{"@id":"https:\/\/denizcankizil.tr\/de\/haberler\/antalya\/yillardir-omzundan-indirmedigi-kopegine-kavustu\/#primaryimage"},"thumbnailUrl":"https:\/\/denizcankizil.tr\/wp-content\/uploads\/2025\/02\/4525-01-TPWnz5.jpeg","datePublished":"2025-02-07T09:42:16+00:00","breadcrumb":{"@id":"https:\/\/denizcankizil.tr\/de\/haberler\/antalya\/yillardir-omzundan-indirmedigi-kopegine-kavustu\/#breadcrumb"},"inLanguage":"de","potentialAction":[{"@type":"ReadAction","target":["https:\/\/denizcankizil.tr\/de\/haberler\/antalya\/yillardir-omzundan-indirmedigi-kopegine-kavustu\/"]}]},{"@type":"ImageObject","inLanguage":"de","@id":"https:\/\/denizcankizil.tr\/de\/haberler\/antalya\/yillardir-omzundan-indirmedigi-kopegine-kavustu\/#primaryimage","url":"https:\/\/denizcankizil.tr\/wp-content\/uploads\/2025\/02\/4525-01-TPWnz5.jpeg","contentUrl":"https:\/\/denizcankizil.tr\/wp-content\/uploads\/2025\/02\/4525-01-TPWnz5.jpeg","width":1280,"height":720},{"@type":"BreadcrumbList","@id":"https:\/\/denizcankizil.tr\/de\/haberler\/antalya\/yillardir-omzundan-indirmedigi-kopegine-kavustu\/#breadcrumb","itemListElement":[{"@type":"ListItem","position":1,"name":"Home","item":"https:\/\/denizcankizil.tr\/de\/"},{"@type":"ListItem","position":2,"name":"Y\u0131llard\u0131r omzundan indirmedi\u011fi k\u00f6pe\u011fine kavu\u015ftu"}]},{"@type":"WebSite","@id":"https:\/\/denizcankizil.tr\/de\/#website","url":"https:\/\/denizcankizil.tr\/de\/","name":"Av. Deniz Can K\u0131z\u0131l","description":"Avukat Deniz Can K\u0131z\u0131l Antalya Barosu","publisher":{"@id":"https:\/\/denizcankizil.tr\/de\/#organization"},"potentialAction":[{"@type":"SearchAction","target":{"@type":"EntryPoint","urlTemplate":"https:\/\/denizcankizil.tr\/de\/?s={search_term_string}"},"query-input":{"@type":"PropertyValueSpecification","valueRequired":true,"valueName":"search_term_string"}}],"inLanguage":"de"},{"@type":"Organization","@id":"https:\/\/denizcankizil.tr\/de\/#organization","name":"Av. Deniz Can K\u0131z\u0131l","url":"https:\/\/denizcankizil.tr\/de\/","logo":{"@type":"ImageObject","inLanguage":"de","@id":"https:\/\/denizcankizil.tr\/de\/#\/schema\/logo\/image\/","url":"https:\/\/denizcankizil.tr\/wp-content\/uploads\/2024\/10\/siyah-logo-svg.svg","contentUrl":"https:\/\/denizcankizil.tr\/wp-content\/uploads\/2024\/10\/siyah-logo-svg.svg","width":1080,"height":1080,"caption":"Av. Deniz Can K\u0131z\u0131l"},"image":{"@id":"https:\/\/denizcankizil.tr\/de\/#\/schema\/logo\/image\/"}},{"@type":"Person","@id":"https:\/\/denizcankizil.tr\/de\/#\/schema\/person\/5dc1b22991bd7ac833867c10afc9b0ff","name":"Av. Deniz Can K\u0131z\u0131l","image":{"@type":"ImageObject","inLanguage":"de","@id":"https:\/\/denizcankizil.tr\/de\/#\/schema\/person\/image\/","url":"https:\/\/secure.gravatar.com\/avatar\/a0b128fb9855c79efc976d5640eedb31dc35ec297594d6016d2cf7c60e975bb6?s=96&d=mm&r=g","contentUrl":"https:\/\/secure.gravatar.com\/avatar\/a0b128fb9855c79efc976d5640eedb31dc35ec297594d6016d2cf7c60e975bb6?s=96&d=mm&r=g","caption":"Av. Deniz Can K\u0131z\u0131l"},"sameAs":["http:\/\/www.denizcankizil.tr"],"url":"https:\/\/denizcankizil.tr\/de\/author\/denizcankizil\/"}]}},"_links":{"self":[{"href":"https:\/\/denizcankizil.tr\/de\/wp-json\/wp\/v2\/posts\/30965","targetHints":{"allow":["GET"]}}],"collection":[{"href":"https:\/\/denizcankizil.tr\/de\/wp-json\/wp\/v2\/posts"}],"about":[{"href":"https:\/\/denizcankizil.tr\/de\/wp-json\/wp\/v2\/types\/post"}],"author":[{"embeddable":true,"href":"https:\/\/denizcankizil.tr\/de\/wp-json\/wp\/v2\/users\/4"}],"replies":[{"embeddable":true,"href":"https:\/\/denizcankizil.tr\/de\/wp-json\/wp\/v2\/comments?post=30965"}],"version-history":[{"count":0,"href":"https:\/\/denizcankizil.tr\/de\/wp-json\/wp\/v2\/posts\/30965\/revisions"}],"wp:featuredmedia":[{"embeddable":true,"href":"https:\/\/denizcankizil.tr\/de\/wp-json\/wp\/v2\/media\/30966"}],"wp:attachment":[{"href":"https:\/\/denizcankizil.tr\/de\/wp-json\/wp\/v2\/media?parent=30965"}],"wp:term":[{"taxonomy":"category","embeddable":true,"href":"https:\/\/denizcankizil.tr\/de\/wp-json\/wp\/v2\/categories?post=30965"},{"taxonomy":"post_tag","embeddable":true,"href":"https:\/\/denizcankizil.tr\/de\/wp-json\/wp\/v2\/tags?post=30965"}],"curies":[{"name":"wp","href":"https:\/\/api.w.org\/{rel}","templated":true}]}}