{"id":30956,"date":"2025-02-07T11:42:00","date_gmt":"2025-02-07T08:42:00","guid":{"rendered":"https:\/\/denizcankizil.tr\/uncategorized-tr\/kuruma-hemsherilik-berati-verilmesine-ret\/"},"modified":"2025-02-07T11:42:00","modified_gmt":"2025-02-07T08:42:00","slug":"kuruma-hemsherilik-berati-verilmesine-ret","status":"publish","type":"post","link":"https:\/\/denizcankizil.tr\/de\/haberler\/gundem\/kuruma-hemsherilik-berati-verilmesine-ret\/","title":{"rendered":"Kurum\u2019a \u2018Hem\u015fherilik\u2019 berat\u0131 verilmesine ret!"},"content":{"rendered":"<p>\u0130skenderun Belediye Meclisi ola\u011fan toplant\u0131s\u0131n\u0131n ikinci maddesi olarak g\u00f6r\u00fc\u015f\u00fclen Bakana berat verilmesi teklifi okundu. \u00c7evre, \u015eehircilik \u0130klim De\u011fi\u015fikli\u011fi Bakan\u0131 Murat Karum\u2019a il\u00e7eye yapm\u0131\u015f oldu\u011fu fedak\u00e2r \u00e7al\u0131\u015fmalar\u0131ndan dolay\u0131 fahri hem\u015fehrilik payesi ve berat\u0131 verilmesi hususunda gerekli meclis karar\u0131n\u0131n al\u0131nmas\u0131 ile ilgili Yaz\u0131 \u0130\u015fleri M\u00fcd\u00fcrl\u00fc\u011f\u00fc teklifi onay\u0131nda AKP-MHP oylar\u0131n\u0131n 15 evet, CHP \u00fcyelerinin 16 Hay\u0131r oyu ile kabul edilmedi.<\/p>\n<p>CHP Gurup Ba\u015fkan\u0131 B\u00fclent Bozda\u011fan, CHP Grubunun halktan ald\u0131\u011f\u0131 yetki ve halktan ald\u0131\u011f\u0131 g\u00f6rev bilinciyle ilk g\u00fcnden bu yana meclisin kurallar\u0131, y\u00f6netmelikleri, yasas\u0131 do\u011frultusunda do\u011fru d\u00fczg\u00fcn y\u00fcr\u00fcmesi i\u00e7in \u00fczerinde d\u00fc\u015fen g\u00f6revi yapt\u0131\u011f\u0131n\u0131 s\u00f6yledi.<\/p>\n<p>CHP\u2019li Bozdo\u011fan \u201cMeclisin verdi\u011fi karar\u0131 meclis iptal eder. Grup ba\u015fkan\u0131 vekilleri ikili g\u00f6r\u00fc\u015fme ile etmez. Ola\u011fan\u00fcst\u00fc bir hal yoksa meclis toplan\u0131r, iptal edilir\u201d dedi.<\/p>\n<p>\u201cS\u0130YASET YAPMADI\u011eINIZ \u0130\u00c7\u0130N TE\u015eEKK\u00dcR ED\u0130YORUM!\u201d<\/p>\n<p>Bunun \u00fczerine \u0130skenderun Belediye Ba\u015fkan\u0131 Mehmet D\u00f6nmez, \u015f\u00f6yle konu\u015ftu: T\u00fcrkiye&#8217;de tasarruf tedbirlerinin bu kadar \u00f6n planda oldu\u011fu ve \u0130skenderun&#8217;un sahil sahil diye yand\u0131\u011f\u0131, ne zaman bu sahil peyzaj d\u00fczenlenmesi \u00e7\u0131kacak? G\u00fcn\u00fcn geldi\u011fi noktada biz Say\u0131n Bakan\u0131m\u0131za, Say\u0131n Devlet Vekillerine bunu izah etmekle h\u00fck\u00fcml\u00fcl\u00fc\u011f\u00fcm\u00fcz\u00fc yerine getirdik. Onlar b\u00fct\u00fcn yapacaklar\u0131 yat\u0131r\u0131mlardan tasarruf ederek, bizim g\u00f6zbebe\u011fimiz olan sahili canland\u0131rd\u0131lar. \u0130skenderun&#8217;da temeli at\u0131lmam\u0131\u015f bir tane hak sahipli\u011fi kalmad\u0131, bunlar\u0131 yapt\u0131k. Biz de bundan dolay\u0131 hem\u015fherilik berat\u0131 vermek i\u00e7in, Say\u0131n Bakan\u0131m\u0131za yar\u0131n bir daha gitti\u011fimiz zaman y\u00fcz\u00fcm\u00fcz olsun. Belediye binas\u0131 i\u00e7in yeri ile ilgili &#8220;Gel ba\u015fkan \u00e7al\u0131\u015fma yapal\u0131m&#8221; dedi\u011fin zaman biz de \u0130skenderun&#8217;un ad\u0131na size te\u015fekk\u00fcr\u00fc ben s\u00f6zle bildirebiliyorum. Ama meclis karar\u0131yla \u0130skenderun ad\u0131na, \u0130skenderun Se\u00e7ilmi\u015f Meclisi&#8217;nden b\u00f6yle bir karar\u0131 g\u00f6t\u00fcrmeyi siz engellediniz. Biz takdirlerinize sunuyoruz. Bu konudaki \u0130skenderun ad\u0131na duyarl\u0131 oldu\u011funuz i\u00e7in siyaset yapmay\u0131 d\u00fc\u015f\u00fcnm\u00fcyoruz diyorsunuz ya siyaset yapmad\u0131\u011f\u0131n\u0131z i\u00e7in de ironik olarak te\u015fekk\u00fcr ediyorum.\u201d<\/p>\n<p>\u200b\u0130skenderun Belediye Ba\u015fkan\u0131 Mehmet D\u00f6nmez \u00c7evre \u015eehircilik \u0130klim De\u011fi\u015fikli\u011fi Bakan\u0131 Murat Kuruma hem\u015ferilik berat\u0131 verilmesi teklifi i\u00e7in meclise getirdi\u011fi ilgili madde CHP\u2019li \u00fcyelerin ret vermesiyle kabul edilmedi.\u00a0<\/p>\n<p>\u200bHaberin Al\u0131nt\u0131land\u0131\u011f\u0131 Kaynak: www.iskenderun.org<\/p>","protected":false},"excerpt":{"rendered":"<p>\u0130skenderun Belediye Meclisi ola\u011fan toplant\u0131s\u0131n\u0131n ikinci maddesi olarak g\u00f6r\u00fc\u015f\u00fclen Bakana berat verilmesi teklifi okundu. \u00c7evre, \u015eehircilik \u0130klim De\u011fi\u015fikli\u011fi Bakan\u0131 Murat Karum\u2019a il\u00e7eye yapm\u0131\u015f oldu\u011fu fedak\u00e2r \u00e7al\u0131\u015fmalar\u0131ndan dolay\u0131 fahri hem\u015fehrilik payesi ve berat\u0131 verilmesi hususunda gerekli meclis karar\u0131n\u0131n al\u0131nmas\u0131 ile ilgili Yaz\u0131 \u0130\u015fleri M\u00fcd\u00fcrl\u00fc\u011f\u00fc teklifi onay\u0131nda AKP-MHP oylar\u0131n\u0131n 15 evet, CHP \u00fcyelerinin 16 Hay\u0131r oyu ile kabul edilmedi. CHP Gurup Ba\u015fkan\u0131 B\u00fclent Bozda\u011fan, CHP Grubunun halktan ald\u0131\u011f\u0131 yetki ve halktan ald\u0131\u011f\u0131 g\u00f6rev bilinciyle ilk g\u00fcnden bu yana meclisin kurallar\u0131, y\u00f6netmelikleri, yasas\u0131 do\u011frultusunda do\u011fru d\u00fczg\u00fcn y\u00fcr\u00fcmesi i\u00e7in \u00fczerinde d\u00fc\u015fen g\u00f6revi yapt\u0131\u011f\u0131n\u0131 s\u00f6yledi. CHP\u2019li Bozdo\u011fan \u201cMeclisin verdi\u011fi karar\u0131 meclis iptal eder. Grup ba\u015fkan\u0131 vekilleri ikili g\u00f6r\u00fc\u015fme ile etmez. Ola\u011fan\u00fcst\u00fc bir hal yoksa meclis toplan\u0131r, iptal edilir\u201d dedi. \u201cS\u0130YASET YAPMADI\u011eINIZ \u0130\u00c7\u0130N TE\u015eEKK\u00dcR ED\u0130YORUM!\u201d Bunun \u00fczerine \u0130skenderun Belediye Ba\u015fkan\u0131 Mehmet D\u00f6nmez, \u015f\u00f6yle konu\u015ftu: T\u00fcrkiye&#8217;de tasarruf tedbirlerinin bu kadar \u00f6n planda oldu\u011fu ve \u0130skenderun&#8217;un sahil sahil diye yand\u0131\u011f\u0131, ne zaman bu sahil peyzaj d\u00fczenlenmesi \u00e7\u0131kacak? G\u00fcn\u00fcn geldi\u011fi noktada biz Say\u0131n Bakan\u0131m\u0131za, Say\u0131n Devlet Vekillerine bunu izah etmekle h\u00fck\u00fcml\u00fcl\u00fc\u011f\u00fcm\u00fcz\u00fc yerine getirdik. Onlar b\u00fct\u00fcn yapacaklar\u0131 yat\u0131r\u0131mlardan tasarruf ederek, bizim g\u00f6zbebe\u011fimiz olan sahili canland\u0131rd\u0131lar. \u0130skenderun&#8217;da temeli at\u0131lmam\u0131\u015f bir tane hak sahipli\u011fi kalmad\u0131, bunlar\u0131 yapt\u0131k. Biz de bundan dolay\u0131 hem\u015fherilik berat\u0131 vermek i\u00e7in, Say\u0131n Bakan\u0131m\u0131za yar\u0131n bir daha gitti\u011fimiz zaman &hellip;<\/p>","protected":false},"author":1,"featured_media":0,"comment_status":"open","ping_status":"open","sticky":false,"template":"","format":"standard","meta":{"_acf_changed":false,"footnotes":""},"categories":[24],"tags":[],"class_list":["post-30956","post","type-post","status-publish","format-standard","has-post-thumbnail","hentry","category-gundem"],"acf":[],"yoast_head":"<!-- This site is optimized with the Yoast SEO Premium plugin v26.6 (Yoast SEO v27.1.1) - https:\/\/yoast.com\/product\/yoast-seo-premium-wordpress\/ -->\n<title>Kurum\u2019a \u2018Hem\u015fherilik\u2019 berat\u0131 verilmesine ret! - Av. Deniz Can K\u0131z\u0131l<\/title>\n<meta name=\"robots\" content=\"index, follow, max-snippet:-1, max-image-preview:large, max-video-preview:-1\" \/>\n<link rel=\"canonical\" href=\"https:\/\/denizcankizil.tr\/de\/haberler\/gundem\/kuruma-hemsherilik-berati-verilmesine-ret\/\" \/>\n<meta property=\"og:locale\" content=\"de_DE\" \/>\n<meta property=\"og:type\" content=\"article\" \/>\n<meta property=\"og:title\" content=\"Kurum\u2019a \u2018Hem\u015fherilik\u2019 berat\u0131 verilmesine ret!\" \/>\n<meta property=\"og:description\" content=\"\u0130skenderun Belediye Meclisi ola\u011fan toplant\u0131s\u0131n\u0131n ikinci maddesi olarak g\u00f6r\u00fc\u015f\u00fclen Bakana berat verilmesi teklifi okundu. \u00c7evre, \u015eehircilik \u0130klim De\u011fi\u015fikli\u011fi Bakan\u0131 Murat Karum\u2019a il\u00e7eye yapm\u0131\u015f oldu\u011fu fedak\u00e2r \u00e7al\u0131\u015fmalar\u0131ndan dolay\u0131 fahri hem\u015fehrilik payesi ve berat\u0131 verilmesi hususunda gerekli meclis karar\u0131n\u0131n al\u0131nmas\u0131 ile ilgili Yaz\u0131 \u0130\u015fleri M\u00fcd\u00fcrl\u00fc\u011f\u00fc teklifi onay\u0131nda AKP-MHP oylar\u0131n\u0131n 15 evet, CHP \u00fcyelerinin 16 Hay\u0131r oyu ile kabul edilmedi. CHP Gurup Ba\u015fkan\u0131 B\u00fclent Bozda\u011fan, CHP Grubunun halktan ald\u0131\u011f\u0131 yetki ve halktan ald\u0131\u011f\u0131 g\u00f6rev bilinciyle ilk g\u00fcnden bu yana meclisin kurallar\u0131, y\u00f6netmelikleri, yasas\u0131 do\u011frultusunda do\u011fru d\u00fczg\u00fcn y\u00fcr\u00fcmesi i\u00e7in \u00fczerinde d\u00fc\u015fen g\u00f6revi yapt\u0131\u011f\u0131n\u0131 s\u00f6yledi. CHP\u2019li Bozdo\u011fan \u201cMeclisin verdi\u011fi karar\u0131 meclis iptal eder. Grup ba\u015fkan\u0131 vekilleri ikili g\u00f6r\u00fc\u015fme ile etmez. Ola\u011fan\u00fcst\u00fc bir hal yoksa meclis toplan\u0131r, iptal edilir\u201d dedi. \u201cS\u0130YASET YAPMADI\u011eINIZ \u0130\u00c7\u0130N TE\u015eEKK\u00dcR ED\u0130YORUM!\u201d Bunun \u00fczerine \u0130skenderun Belediye Ba\u015fkan\u0131 Mehmet D\u00f6nmez, \u015f\u00f6yle konu\u015ftu: T\u00fcrkiye&#8217;de tasarruf tedbirlerinin bu kadar \u00f6n planda oldu\u011fu ve \u0130skenderun&#8217;un sahil sahil diye yand\u0131\u011f\u0131, ne zaman bu sahil peyzaj d\u00fczenlenmesi \u00e7\u0131kacak? G\u00fcn\u00fcn geldi\u011fi noktada biz Say\u0131n Bakan\u0131m\u0131za, Say\u0131n Devlet Vekillerine bunu izah etmekle h\u00fck\u00fcml\u00fcl\u00fc\u011f\u00fcm\u00fcz\u00fc yerine getirdik. Onlar b\u00fct\u00fcn yapacaklar\u0131 yat\u0131r\u0131mlardan tasarruf ederek, bizim g\u00f6zbebe\u011fimiz olan sahili canland\u0131rd\u0131lar. \u0130skenderun&#8217;da temeli at\u0131lmam\u0131\u015f bir tane hak sahipli\u011fi kalmad\u0131, bunlar\u0131 yapt\u0131k. Biz de bundan dolay\u0131 hem\u015fherilik berat\u0131 vermek i\u00e7in, Say\u0131n Bakan\u0131m\u0131za yar\u0131n bir daha gitti\u011fimiz zaman &hellip;\" \/>\n<meta property=\"og:url\" content=\"https:\/\/denizcankizil.tr\/de\/haberler\/gundem\/kuruma-hemsherilik-berati-verilmesine-ret\/\" \/>\n<meta property=\"og:site_name\" content=\"Av. Deniz Can K\u0131z\u0131l\" \/>\n<meta property=\"article:published_time\" content=\"2025-02-07T08:42:00+00:00\" \/>\n<meta name=\"author\" content=\"admin\" \/>\n<meta name=\"twitter:card\" content=\"summary_large_image\" \/>\n<meta name=\"twitter:label1\" content=\"Verfasst von\" \/>\n\t<meta name=\"twitter:data1\" content=\"admin\" \/>\n\t<meta name=\"twitter:label2\" content=\"Gesch\u00e4tzte Lesezeit\" \/>\n\t<meta name=\"twitter:data2\" content=\"2\u00a0Minuten\" \/>\n<script type=\"application\/ld+json\" class=\"yoast-schema-graph\">{\"@context\":\"https:\/\/schema.org\",\"@graph\":[{\"@type\":\"Article\",\"@id\":\"https:\/\/denizcankizil.tr\/de\/haberler\/gundem\/kuruma-hemsherilik-berati-verilmesine-ret\/#article\",\"isPartOf\":{\"@id\":\"https:\/\/denizcankizil.tr\/de\/haberler\/gundem\/kuruma-hemsherilik-berati-verilmesine-ret\/\"},\"author\":{\"name\":\"admin\",\"@id\":\"https:\/\/denizcankizil.tr\/de\/#\/schema\/person\/be3c05fe6a12686905512445d8185489\"},\"headline\":\"Kurum\u2019a \u2018Hem\u015fherilik\u2019 berat\u0131 verilmesine ret!\",\"datePublished\":\"2025-02-07T08:42:00+00:00\",\"mainEntityOfPage\":{\"@id\":\"https:\/\/denizcankizil.tr\/de\/haberler\/gundem\/kuruma-hemsherilik-berati-verilmesine-ret\/\"},\"wordCount\":434,\"commentCount\":0,\"publisher\":{\"@id\":\"https:\/\/denizcankizil.tr\/de\/#organization\"},\"articleSection\":[\"G\u00fcndem\"],\"inLanguage\":\"de\",\"potentialAction\":[{\"@type\":\"CommentAction\",\"name\":\"Comment\",\"target\":[\"https:\/\/denizcankizil.tr\/de\/haberler\/gundem\/kuruma-hemsherilik-berati-verilmesine-ret\/#respond\"]}]},{\"@type\":\"WebPage\",\"@id\":\"https:\/\/denizcankizil.tr\/de\/haberler\/gundem\/kuruma-hemsherilik-berati-verilmesine-ret\/\",\"url\":\"https:\/\/denizcankizil.tr\/de\/haberler\/gundem\/kuruma-hemsherilik-berati-verilmesine-ret\/\",\"name\":\"Kurum\u2019a \u2018Hem\u015fherilik\u2019 berat\u0131 verilmesine ret! - Av. Deniz Can K\u0131z\u0131l\",\"isPartOf\":{\"@id\":\"https:\/\/denizcankizil.tr\/de\/#website\"},\"datePublished\":\"2025-02-07T08:42:00+00:00\",\"breadcrumb\":{\"@id\":\"https:\/\/denizcankizil.tr\/de\/haberler\/gundem\/kuruma-hemsherilik-berati-verilmesine-ret\/#breadcrumb\"},\"inLanguage\":\"de\",\"potentialAction\":[{\"@type\":\"ReadAction\",\"target\":[\"https:\/\/denizcankizil.tr\/de\/haberler\/gundem\/kuruma-hemsherilik-berati-verilmesine-ret\/\"]}]},{\"@type\":\"BreadcrumbList\",\"@id\":\"https:\/\/denizcankizil.tr\/de\/haberler\/gundem\/kuruma-hemsherilik-berati-verilmesine-ret\/#breadcrumb\",\"itemListElement\":[{\"@type\":\"ListItem\",\"position\":1,\"name\":\"Home\",\"item\":\"https:\/\/denizcankizil.tr\/de\/\"},{\"@type\":\"ListItem\",\"position\":2,\"name\":\"Kurum\u2019a \u2018Hem\u015fherilik\u2019 berat\u0131 verilmesine ret!\"}]},{\"@type\":\"WebSite\",\"@id\":\"https:\/\/denizcankizil.tr\/de\/#website\",\"url\":\"https:\/\/denizcankizil.tr\/de\/\",\"name\":\"Av. Deniz Can K\u0131z\u0131l\",\"description\":\"Avukat Deniz Can K\u0131z\u0131l Antalya Barosu\",\"publisher\":{\"@id\":\"https:\/\/denizcankizil.tr\/de\/#organization\"},\"potentialAction\":[{\"@type\":\"SearchAction\",\"target\":{\"@type\":\"EntryPoint\",\"urlTemplate\":\"https:\/\/denizcankizil.tr\/de\/?s={search_term_string}\"},\"query-input\":{\"@type\":\"PropertyValueSpecification\",\"valueRequired\":true,\"valueName\":\"search_term_string\"}}],\"inLanguage\":\"de\"},{\"@type\":\"Organization\",\"@id\":\"https:\/\/denizcankizil.tr\/de\/#organization\",\"name\":\"Av. Deniz Can K\u0131z\u0131l\",\"url\":\"https:\/\/denizcankizil.tr\/de\/\",\"logo\":{\"@type\":\"ImageObject\",\"inLanguage\":\"de\",\"@id\":\"https:\/\/denizcankizil.tr\/de\/#\/schema\/logo\/image\/\",\"url\":\"https:\/\/denizcankizil.tr\/wp-content\/uploads\/2024\/10\/siyah-logo-svg.svg\",\"contentUrl\":\"https:\/\/denizcankizil.tr\/wp-content\/uploads\/2024\/10\/siyah-logo-svg.svg\",\"width\":1080,\"height\":1080,\"caption\":\"Av. Deniz Can K\u0131z\u0131l\"},\"image\":{\"@id\":\"https:\/\/denizcankizil.tr\/de\/#\/schema\/logo\/image\/\"}},{\"@type\":\"Person\",\"@id\":\"https:\/\/denizcankizil.tr\/de\/#\/schema\/person\/be3c05fe6a12686905512445d8185489\",\"name\":\"admin\",\"image\":{\"@type\":\"ImageObject\",\"inLanguage\":\"de\",\"@id\":\"https:\/\/denizcankizil.tr\/de\/#\/schema\/person\/image\/\",\"url\":\"https:\/\/secure.gravatar.com\/avatar\/c1fce94c830dc79107e174f890d7210541c4a63e8e5d816341794a2151c9d58c?s=96&d=mm&r=g\",\"contentUrl\":\"https:\/\/secure.gravatar.com\/avatar\/c1fce94c830dc79107e174f890d7210541c4a63e8e5d816341794a2151c9d58c?s=96&d=mm&r=g\",\"caption\":\"admin\"},\"sameAs\":[\"http:\/\/denizcankizil.tr\"],\"url\":\"https:\/\/www.iskenderun.org\/kuruma-hemsherilik-berati-verilmesine-ret\"}]}<\/script>\n<!-- \/ Yoast SEO Premium plugin. -->","yoast_head_json":{"title":"Kurum\u2019a \u2018Hem\u015fherilik\u2019 berat\u0131 verilmesine ret! - Av. Deniz Can K\u0131z\u0131l","robots":{"index":"index","follow":"follow","max-snippet":"max-snippet:-1","max-image-preview":"max-image-preview:large","max-video-preview":"max-video-preview:-1"},"canonical":"https:\/\/denizcankizil.tr\/de\/haberler\/gundem\/kuruma-hemsherilik-berati-verilmesine-ret\/","og_locale":"de_DE","og_type":"article","og_title":"Kurum\u2019a \u2018Hem\u015fherilik\u2019 berat\u0131 verilmesine ret!","og_description":"\u0130skenderun Belediye Meclisi ola\u011fan toplant\u0131s\u0131n\u0131n ikinci maddesi olarak g\u00f6r\u00fc\u015f\u00fclen Bakana berat verilmesi teklifi okundu. \u00c7evre, \u015eehircilik \u0130klim De\u011fi\u015fikli\u011fi Bakan\u0131 Murat Karum\u2019a il\u00e7eye yapm\u0131\u015f oldu\u011fu fedak\u00e2r \u00e7al\u0131\u015fmalar\u0131ndan dolay\u0131 fahri hem\u015fehrilik payesi ve berat\u0131 verilmesi hususunda gerekli meclis karar\u0131n\u0131n al\u0131nmas\u0131 ile ilgili Yaz\u0131 \u0130\u015fleri M\u00fcd\u00fcrl\u00fc\u011f\u00fc teklifi onay\u0131nda AKP-MHP oylar\u0131n\u0131n 15 evet, CHP \u00fcyelerinin 16 Hay\u0131r oyu ile kabul edilmedi. CHP Gurup Ba\u015fkan\u0131 B\u00fclent Bozda\u011fan, CHP Grubunun halktan ald\u0131\u011f\u0131 yetki ve halktan ald\u0131\u011f\u0131 g\u00f6rev bilinciyle ilk g\u00fcnden bu yana meclisin kurallar\u0131, y\u00f6netmelikleri, yasas\u0131 do\u011frultusunda do\u011fru d\u00fczg\u00fcn y\u00fcr\u00fcmesi i\u00e7in \u00fczerinde d\u00fc\u015fen g\u00f6revi yapt\u0131\u011f\u0131n\u0131 s\u00f6yledi. CHP\u2019li Bozdo\u011fan \u201cMeclisin verdi\u011fi karar\u0131 meclis iptal eder. Grup ba\u015fkan\u0131 vekilleri ikili g\u00f6r\u00fc\u015fme ile etmez. Ola\u011fan\u00fcst\u00fc bir hal yoksa meclis toplan\u0131r, iptal edilir\u201d dedi. \u201cS\u0130YASET YAPMADI\u011eINIZ \u0130\u00c7\u0130N TE\u015eEKK\u00dcR ED\u0130YORUM!\u201d Bunun \u00fczerine \u0130skenderun Belediye Ba\u015fkan\u0131 Mehmet D\u00f6nmez, \u015f\u00f6yle konu\u015ftu: T\u00fcrkiye&#8217;de tasarruf tedbirlerinin bu kadar \u00f6n planda oldu\u011fu ve \u0130skenderun&#8217;un sahil sahil diye yand\u0131\u011f\u0131, ne zaman bu sahil peyzaj d\u00fczenlenmesi \u00e7\u0131kacak? G\u00fcn\u00fcn geldi\u011fi noktada biz Say\u0131n Bakan\u0131m\u0131za, Say\u0131n Devlet Vekillerine bunu izah etmekle h\u00fck\u00fcml\u00fcl\u00fc\u011f\u00fcm\u00fcz\u00fc yerine getirdik. Onlar b\u00fct\u00fcn yapacaklar\u0131 yat\u0131r\u0131mlardan tasarruf ederek, bizim g\u00f6zbebe\u011fimiz olan sahili canland\u0131rd\u0131lar. \u0130skenderun&#8217;da temeli at\u0131lmam\u0131\u015f bir tane hak sahipli\u011fi kalmad\u0131, bunlar\u0131 yapt\u0131k. Biz de bundan dolay\u0131 hem\u015fherilik berat\u0131 vermek i\u00e7in, Say\u0131n Bakan\u0131m\u0131za yar\u0131n bir daha gitti\u011fimiz zaman &hellip;","og_url":"https:\/\/denizcankizil.tr\/de\/haberler\/gundem\/kuruma-hemsherilik-berati-verilmesine-ret\/","og_site_name":"Av. Deniz Can K\u0131z\u0131l","article_published_time":"2025-02-07T08:42:00+00:00","author":"admin","twitter_card":"summary_large_image","twitter_misc":{"Verfasst von":"admin","Gesch\u00e4tzte Lesezeit":"2\u00a0Minuten"},"schema":{"@context":"https:\/\/schema.org","@graph":[{"@type":"Article","@id":"https:\/\/denizcankizil.tr\/de\/haberler\/gundem\/kuruma-hemsherilik-berati-verilmesine-ret\/#article","isPartOf":{"@id":"https:\/\/denizcankizil.tr\/de\/haberler\/gundem\/kuruma-hemsherilik-berati-verilmesine-ret\/"},"author":{"name":"admin","@id":"https:\/\/denizcankizil.tr\/de\/#\/schema\/person\/be3c05fe6a12686905512445d8185489"},"headline":"Kurum\u2019a \u2018Hem\u015fherilik\u2019 berat\u0131 verilmesine ret!","datePublished":"2025-02-07T08:42:00+00:00","mainEntityOfPage":{"@id":"https:\/\/denizcankizil.tr\/de\/haberler\/gundem\/kuruma-hemsherilik-berati-verilmesine-ret\/"},"wordCount":434,"commentCount":0,"publisher":{"@id":"https:\/\/denizcankizil.tr\/de\/#organization"},"articleSection":["G\u00fcndem"],"inLanguage":"de","potentialAction":[{"@type":"CommentAction","name":"Comment","target":["https:\/\/denizcankizil.tr\/de\/haberler\/gundem\/kuruma-hemsherilik-berati-verilmesine-ret\/#respond"]}]},{"@type":"WebPage","@id":"https:\/\/denizcankizil.tr\/de\/haberler\/gundem\/kuruma-hemsherilik-berati-verilmesine-ret\/","url":"https:\/\/denizcankizil.tr\/de\/haberler\/gundem\/kuruma-hemsherilik-berati-verilmesine-ret\/","name":"Kurum\u2019a \u2018Hem\u015fherilik\u2019 berat\u0131 verilmesine ret! - Av. Deniz Can K\u0131z\u0131l","isPartOf":{"@id":"https:\/\/denizcankizil.tr\/de\/#website"},"datePublished":"2025-02-07T08:42:00+00:00","breadcrumb":{"@id":"https:\/\/denizcankizil.tr\/de\/haberler\/gundem\/kuruma-hemsherilik-berati-verilmesine-ret\/#breadcrumb"},"inLanguage":"de","potentialAction":[{"@type":"ReadAction","target":["https:\/\/denizcankizil.tr\/de\/haberler\/gundem\/kuruma-hemsherilik-berati-verilmesine-ret\/"]}]},{"@type":"BreadcrumbList","@id":"https:\/\/denizcankizil.tr\/de\/haberler\/gundem\/kuruma-hemsherilik-berati-verilmesine-ret\/#breadcrumb","itemListElement":[{"@type":"ListItem","position":1,"name":"Home","item":"https:\/\/denizcankizil.tr\/de\/"},{"@type":"ListItem","position":2,"name":"Kurum\u2019a \u2018Hem\u015fherilik\u2019 berat\u0131 verilmesine ret!"}]},{"@type":"WebSite","@id":"https:\/\/denizcankizil.tr\/de\/#website","url":"https:\/\/denizcankizil.tr\/de\/","name":"Av. Deniz Can K\u0131z\u0131l","description":"Avukat Deniz Can K\u0131z\u0131l Antalya Barosu","publisher":{"@id":"https:\/\/denizcankizil.tr\/de\/#organization"},"potentialAction":[{"@type":"SearchAction","target":{"@type":"EntryPoint","urlTemplate":"https:\/\/denizcankizil.tr\/de\/?s={search_term_string}"},"query-input":{"@type":"PropertyValueSpecification","valueRequired":true,"valueName":"search_term_string"}}],"inLanguage":"de"},{"@type":"Organization","@id":"https:\/\/denizcankizil.tr\/de\/#organization","name":"Av. Deniz Can K\u0131z\u0131l","url":"https:\/\/denizcankizil.tr\/de\/","logo":{"@type":"ImageObject","inLanguage":"de","@id":"https:\/\/denizcankizil.tr\/de\/#\/schema\/logo\/image\/","url":"https:\/\/denizcankizil.tr\/wp-content\/uploads\/2024\/10\/siyah-logo-svg.svg","contentUrl":"https:\/\/denizcankizil.tr\/wp-content\/uploads\/2024\/10\/siyah-logo-svg.svg","width":1080,"height":1080,"caption":"Av. Deniz Can K\u0131z\u0131l"},"image":{"@id":"https:\/\/denizcankizil.tr\/de\/#\/schema\/logo\/image\/"}},{"@type":"Person","@id":"https:\/\/denizcankizil.tr\/de\/#\/schema\/person\/be3c05fe6a12686905512445d8185489","name":"Administrator","image":{"@type":"ImageObject","inLanguage":"de","@id":"https:\/\/denizcankizil.tr\/de\/#\/schema\/person\/image\/","url":"https:\/\/secure.gravatar.com\/avatar\/c1fce94c830dc79107e174f890d7210541c4a63e8e5d816341794a2151c9d58c?s=96&d=mm&r=g","contentUrl":"https:\/\/secure.gravatar.com\/avatar\/c1fce94c830dc79107e174f890d7210541c4a63e8e5d816341794a2151c9d58c?s=96&d=mm&r=g","caption":"admin"},"sameAs":["http:\/\/denizcankizil.tr"],"url":"https:\/\/www.iskenderun.org\/kuruma-hemsherilik-berati-verilmesine-ret"}]}},"_links":{"self":[{"href":"https:\/\/denizcankizil.tr\/de\/wp-json\/wp\/v2\/posts\/30956","targetHints":{"allow":["GET"]}}],"collection":[{"href":"https:\/\/denizcankizil.tr\/de\/wp-json\/wp\/v2\/posts"}],"about":[{"href":"https:\/\/denizcankizil.tr\/de\/wp-json\/wp\/v2\/types\/post"}],"author":[{"embeddable":true,"href":"https:\/\/denizcankizil.tr\/de\/wp-json\/wp\/v2\/users\/1"}],"replies":[{"embeddable":true,"href":"https:\/\/denizcankizil.tr\/de\/wp-json\/wp\/v2\/comments?post=30956"}],"version-history":[{"count":0,"href":"https:\/\/denizcankizil.tr\/de\/wp-json\/wp\/v2\/posts\/30956\/revisions"}],"wp:attachment":[{"href":"https:\/\/denizcankizil.tr\/de\/wp-json\/wp\/v2\/media?parent=30956"}],"wp:term":[{"taxonomy":"category","embeddable":true,"href":"https:\/\/denizcankizil.tr\/de\/wp-json\/wp\/v2\/categories?post=30956"},{"taxonomy":"post_tag","embeddable":true,"href":"https:\/\/denizcankizil.tr\/de\/wp-json\/wp\/v2\/tags?post=30956"}],"curies":[{"name":"wp","href":"https:\/\/api.w.org\/{rel}","templated":true}]}}