{"id":30691,"date":"2025-02-06T14:41:51","date_gmt":"2025-02-06T11:41:51","guid":{"rendered":"https:\/\/denizcankizil.tr\/uncategorized-tr\/muratpasadan-ingilizce-etkinligi\/"},"modified":"2025-02-06T14:41:51","modified_gmt":"2025-02-06T11:41:51","slug":"muratpasadan-ingilizce-etkinligi","status":"publish","type":"post","link":"https:\/\/denizcankizil.tr\/de\/haberler\/antalya\/muratpasadan-ingilizce-etkinligi\/","title":{"rendered":"Muratpa\u015fa&#8217;dan \u0130ngilizce etkinli\u011fi"},"content":{"rendered":"<p>Muratpa\u015fa Belediyesi&#8217;nin \u00c7evre Ekonomi ve Toplum Ara\u015ft\u0131rmalar\u0131 Derne\u011fi (\u00c7ETADER) ve Mart\u0131 Gen\u00e7lik Derne\u011fi (MAGEND) i\u015fbirli\u011fiyle hayata ge\u00e7irdi\u011fi \u0130ngilizce Konu\u015fma Kul\u00fcb\u00fc, kat\u0131l\u0131mc\u0131lara \u0130ngilizce pratik yapma ve dilde \u00f6zg\u00fcven kazanma f\u0131rsat\u0131 sunuyor. Etkile\u015fimli aktiviteler, tart\u0131\u015fmalar ve grup \u00e7al\u0131\u015fmalar\u0131yla \u0130ngilizce konu\u015fma becerilerini geli\u015ftirmeyi hedefleyen etkinlikler, ayn\u0131 zamanda k\u00fclt\u00fcrel etkile\u015fimi art\u0131rarak toplumsal kat\u0131l\u0131m\u0131 te\u015fvik ediyor. 4 hafta s\u00fcrecek olan program, her \u00e7ar\u015famba ve per\u015fembe g\u00fcn\u00fc 20.00-21.30 saatleri aras\u0131nda ger\u00e7ekle\u015ftirilecek. Kat\u0131lmak isteyenler, ba\u015fvuru formuna Muratpa\u015fa Belediyesi&#8217;nin resmi sosyal medya hesaplar\u0131nda biyografi k\u0131sm\u0131nda yer alan web sitesi \u00fczerinden ula\u015fabilecek.<\/p>\n<p>Kaynak: www.kanalv.com.tr Haber Sitesinden Al\u0131nm\u0131\u015ft\u0131r.<\/p>","protected":false},"excerpt":{"rendered":"<p>Muratpa\u015fa Belediyesi&#8217;nin \u00c7evre Ekonomi ve Toplum Ara\u015ft\u0131rmalar\u0131 Derne\u011fi (\u00c7ETADER) ve Mart\u0131 Gen\u00e7lik Derne\u011fi (MAGEND) i\u015fbirli\u011fiyle hayata ge\u00e7irdi\u011fi \u0130ngilizce Konu\u015fma Kul\u00fcb\u00fc, kat\u0131l\u0131mc\u0131lara \u0130ngilizce pratik yapma ve dilde \u00f6zg\u00fcven kazanma f\u0131rsat\u0131 sunuyor. Etkile\u015fimli aktiviteler, tart\u0131\u015fmalar ve grup \u00e7al\u0131\u015fmalar\u0131yla \u0130ngilizce konu\u015fma becerilerini geli\u015ftirmeyi hedefleyen etkinlikler, ayn\u0131 zamanda k\u00fclt\u00fcrel etkile\u015fimi art\u0131rarak toplumsal kat\u0131l\u0131m\u0131 te\u015fvik ediyor. 4 hafta s\u00fcrecek olan program, her \u00e7ar\u015famba ve per\u015fembe g\u00fcn\u00fc 20.00-21.30 saatleri aras\u0131nda ger\u00e7ekle\u015ftirilecek. Kat\u0131lmak isteyenler, ba\u015fvuru formuna Muratpa\u015fa Belediyesi&#8217;nin resmi sosyal medya hesaplar\u0131nda biyografi k\u0131sm\u0131nda yer alan web sitesi \u00fczerinden ula\u015fabilecek. Kaynak: www.kanalv.com.tr Haber Sitesinden Al\u0131nm\u0131\u015ft\u0131r.<\/p>","protected":false},"author":4,"featured_media":30692,"comment_status":"open","ping_status":"open","sticky":false,"template":"","format":"standard","meta":{"_acf_changed":false,"footnotes":""},"categories":[26],"tags":[],"class_list":["post-30691","post","type-post","status-publish","format-standard","has-post-thumbnail","hentry","category-antalya"],"acf":[],"yoast_head":"<!-- This site is optimized with the Yoast SEO Premium plugin v26.6 (Yoast SEO v27.1.1) - https:\/\/yoast.com\/product\/yoast-seo-premium-wordpress\/ -->\n<title>Muratpa\u015fa&#039;dan \u0130ngilizce etkinli\u011fi - Av. Deniz Can K\u0131z\u0131l<\/title>\n<meta name=\"robots\" content=\"index, follow, max-snippet:-1, max-image-preview:large, max-video-preview:-1\" \/>\n<link rel=\"canonical\" href=\"https:\/\/denizcankizil.tr\/de\/haberler\/antalya\/muratpasadan-ingilizce-etkinligi\/\" \/>\n<meta property=\"og:locale\" content=\"de_DE\" \/>\n<meta property=\"og:type\" content=\"article\" \/>\n<meta property=\"og:title\" content=\"Muratpa\u015fa&#039;dan \u0130ngilizce etkinli\u011fi\" \/>\n<meta property=\"og:description\" content=\"Muratpa\u015fa Belediyesi&#8217;nin \u00c7evre Ekonomi ve Toplum Ara\u015ft\u0131rmalar\u0131 Derne\u011fi (\u00c7ETADER) ve Mart\u0131 Gen\u00e7lik Derne\u011fi (MAGEND) i\u015fbirli\u011fiyle hayata ge\u00e7irdi\u011fi \u0130ngilizce Konu\u015fma Kul\u00fcb\u00fc, kat\u0131l\u0131mc\u0131lara \u0130ngilizce pratik yapma ve dilde \u00f6zg\u00fcven kazanma f\u0131rsat\u0131 sunuyor. Etkile\u015fimli aktiviteler, tart\u0131\u015fmalar ve grup \u00e7al\u0131\u015fmalar\u0131yla \u0130ngilizce konu\u015fma becerilerini geli\u015ftirmeyi hedefleyen etkinlikler, ayn\u0131 zamanda k\u00fclt\u00fcrel etkile\u015fimi art\u0131rarak toplumsal kat\u0131l\u0131m\u0131 te\u015fvik ediyor. 4 hafta s\u00fcrecek olan program, her \u00e7ar\u015famba ve per\u015fembe g\u00fcn\u00fc 20.00-21.30 saatleri aras\u0131nda ger\u00e7ekle\u015ftirilecek. Kat\u0131lmak isteyenler, ba\u015fvuru formuna Muratpa\u015fa Belediyesi&#8217;nin resmi sosyal medya hesaplar\u0131nda biyografi k\u0131sm\u0131nda yer alan web sitesi \u00fczerinden ula\u015fabilecek. Kaynak: www.kanalv.com.tr Haber Sitesinden Al\u0131nm\u0131\u015ft\u0131r.\" \/>\n<meta property=\"og:url\" content=\"https:\/\/denizcankizil.tr\/de\/haberler\/antalya\/muratpasadan-ingilizce-etkinligi\/\" \/>\n<meta property=\"og:site_name\" content=\"Av. Deniz Can K\u0131z\u0131l\" \/>\n<meta property=\"article:published_time\" content=\"2025-02-06T11:41:51+00:00\" \/>\n<meta property=\"og:image\" content=\"https:\/\/denizcankizil.tr\/wp-content\/uploads\/2025\/02\/4506-01-whtsDm.jpeg\" \/>\n\t<meta property=\"og:image:width\" content=\"1280\" \/>\n\t<meta property=\"og:image:height\" content=\"720\" \/>\n\t<meta property=\"og:image:type\" content=\"image\/jpeg\" \/>\n<meta name=\"author\" content=\"Av. Deniz Can K\u0131z\u0131l\" \/>\n<meta name=\"twitter:card\" content=\"summary_large_image\" \/>\n<meta name=\"twitter:label1\" content=\"Verfasst von\" \/>\n\t<meta name=\"twitter:data1\" content=\"Av. Deniz Can K\u0131z\u0131l\" \/>\n\t<meta name=\"twitter:label2\" content=\"Gesch\u00e4tzte Lesezeit\" \/>\n\t<meta name=\"twitter:data2\" content=\"1\u00a0Minute\" \/>\n<script type=\"application\/ld+json\" class=\"yoast-schema-graph\">{\"@context\":\"https:\/\/schema.org\",\"@graph\":[{\"@type\":\"Article\",\"@id\":\"https:\/\/denizcankizil.tr\/de\/haberler\/antalya\/muratpasadan-ingilizce-etkinligi\/#article\",\"isPartOf\":{\"@id\":\"https:\/\/denizcankizil.tr\/de\/haberler\/antalya\/muratpasadan-ingilizce-etkinligi\/\"},\"author\":{\"name\":\"Av. Deniz Can K\u0131z\u0131l\",\"@id\":\"https:\/\/denizcankizil.tr\/de\/#\/schema\/person\/5dc1b22991bd7ac833867c10afc9b0ff\"},\"headline\":\"Muratpa\u015fa&#8217;dan \u0130ngilizce etkinli\u011fi\",\"datePublished\":\"2025-02-06T11:41:51+00:00\",\"mainEntityOfPage\":{\"@id\":\"https:\/\/denizcankizil.tr\/de\/haberler\/antalya\/muratpasadan-ingilizce-etkinligi\/\"},\"wordCount\":145,\"commentCount\":0,\"publisher\":{\"@id\":\"https:\/\/denizcankizil.tr\/de\/#organization\"},\"image\":{\"@id\":\"https:\/\/denizcankizil.tr\/de\/haberler\/antalya\/muratpasadan-ingilizce-etkinligi\/#primaryimage\"},\"thumbnailUrl\":\"https:\/\/denizcankizil.tr\/wp-content\/uploads\/2025\/02\/4506-01-whtsDm.jpeg\",\"articleSection\":[\"Antalya\"],\"inLanguage\":\"de\",\"potentialAction\":[{\"@type\":\"CommentAction\",\"name\":\"Comment\",\"target\":[\"https:\/\/denizcankizil.tr\/de\/haberler\/antalya\/muratpasadan-ingilizce-etkinligi\/#respond\"]}]},{\"@type\":\"WebPage\",\"@id\":\"https:\/\/denizcankizil.tr\/de\/haberler\/antalya\/muratpasadan-ingilizce-etkinligi\/\",\"url\":\"https:\/\/denizcankizil.tr\/de\/haberler\/antalya\/muratpasadan-ingilizce-etkinligi\/\",\"name\":\"Muratpa\u015fa'dan \u0130ngilizce etkinli\u011fi - Av. Deniz Can K\u0131z\u0131l\",\"isPartOf\":{\"@id\":\"https:\/\/denizcankizil.tr\/de\/#website\"},\"primaryImageOfPage\":{\"@id\":\"https:\/\/denizcankizil.tr\/de\/haberler\/antalya\/muratpasadan-ingilizce-etkinligi\/#primaryimage\"},\"image\":{\"@id\":\"https:\/\/denizcankizil.tr\/de\/haberler\/antalya\/muratpasadan-ingilizce-etkinligi\/#primaryimage\"},\"thumbnailUrl\":\"https:\/\/denizcankizil.tr\/wp-content\/uploads\/2025\/02\/4506-01-whtsDm.jpeg\",\"datePublished\":\"2025-02-06T11:41:51+00:00\",\"breadcrumb\":{\"@id\":\"https:\/\/denizcankizil.tr\/de\/haberler\/antalya\/muratpasadan-ingilizce-etkinligi\/#breadcrumb\"},\"inLanguage\":\"de\",\"potentialAction\":[{\"@type\":\"ReadAction\",\"target\":[\"https:\/\/denizcankizil.tr\/de\/haberler\/antalya\/muratpasadan-ingilizce-etkinligi\/\"]}]},{\"@type\":\"ImageObject\",\"inLanguage\":\"de\",\"@id\":\"https:\/\/denizcankizil.tr\/de\/haberler\/antalya\/muratpasadan-ingilizce-etkinligi\/#primaryimage\",\"url\":\"https:\/\/denizcankizil.tr\/wp-content\/uploads\/2025\/02\/4506-01-whtsDm.jpeg\",\"contentUrl\":\"https:\/\/denizcankizil.tr\/wp-content\/uploads\/2025\/02\/4506-01-whtsDm.jpeg\",\"width\":1280,\"height\":720},{\"@type\":\"BreadcrumbList\",\"@id\":\"https:\/\/denizcankizil.tr\/de\/haberler\/antalya\/muratpasadan-ingilizce-etkinligi\/#breadcrumb\",\"itemListElement\":[{\"@type\":\"ListItem\",\"position\":1,\"name\":\"Home\",\"item\":\"https:\/\/denizcankizil.tr\/de\/\"},{\"@type\":\"ListItem\",\"position\":2,\"name\":\"Muratpa\u015fa&#8217;dan \u0130ngilizce etkinli\u011fi\"}]},{\"@type\":\"WebSite\",\"@id\":\"https:\/\/denizcankizil.tr\/de\/#website\",\"url\":\"https:\/\/denizcankizil.tr\/de\/\",\"name\":\"Av. Deniz Can K\u0131z\u0131l\",\"description\":\"Avukat Deniz Can K\u0131z\u0131l Antalya Barosu\",\"publisher\":{\"@id\":\"https:\/\/denizcankizil.tr\/de\/#organization\"},\"potentialAction\":[{\"@type\":\"SearchAction\",\"target\":{\"@type\":\"EntryPoint\",\"urlTemplate\":\"https:\/\/denizcankizil.tr\/de\/?s={search_term_string}\"},\"query-input\":{\"@type\":\"PropertyValueSpecification\",\"valueRequired\":true,\"valueName\":\"search_term_string\"}}],\"inLanguage\":\"de\"},{\"@type\":\"Organization\",\"@id\":\"https:\/\/denizcankizil.tr\/de\/#organization\",\"name\":\"Av. Deniz Can K\u0131z\u0131l\",\"url\":\"https:\/\/denizcankizil.tr\/de\/\",\"logo\":{\"@type\":\"ImageObject\",\"inLanguage\":\"de\",\"@id\":\"https:\/\/denizcankizil.tr\/de\/#\/schema\/logo\/image\/\",\"url\":\"https:\/\/denizcankizil.tr\/wp-content\/uploads\/2024\/10\/siyah-logo-svg.svg\",\"contentUrl\":\"https:\/\/denizcankizil.tr\/wp-content\/uploads\/2024\/10\/siyah-logo-svg.svg\",\"width\":1080,\"height\":1080,\"caption\":\"Av. Deniz Can K\u0131z\u0131l\"},\"image\":{\"@id\":\"https:\/\/denizcankizil.tr\/de\/#\/schema\/logo\/image\/\"}},{\"@type\":\"Person\",\"@id\":\"https:\/\/denizcankizil.tr\/de\/#\/schema\/person\/5dc1b22991bd7ac833867c10afc9b0ff\",\"name\":\"Av. Deniz Can K\u0131z\u0131l\",\"image\":{\"@type\":\"ImageObject\",\"inLanguage\":\"de\",\"@id\":\"https:\/\/denizcankizil.tr\/de\/#\/schema\/person\/image\/\",\"url\":\"https:\/\/secure.gravatar.com\/avatar\/a0b128fb9855c79efc976d5640eedb31dc35ec297594d6016d2cf7c60e975bb6?s=96&d=mm&r=g\",\"contentUrl\":\"https:\/\/secure.gravatar.com\/avatar\/a0b128fb9855c79efc976d5640eedb31dc35ec297594d6016d2cf7c60e975bb6?s=96&d=mm&r=g\",\"caption\":\"Av. Deniz Can K\u0131z\u0131l\"},\"sameAs\":[\"http:\/\/www.denizcankizil.tr\"],\"url\":\"https:\/\/denizcankizil.tr\/de\/author\/denizcankizil\/\"}]}<\/script>\n<!-- \/ Yoast SEO Premium plugin. -->","yoast_head_json":{"title":"Muratpa\u015fa'dan \u0130ngilizce etkinli\u011fi - Av. Deniz Can K\u0131z\u0131l","robots":{"index":"index","follow":"follow","max-snippet":"max-snippet:-1","max-image-preview":"max-image-preview:large","max-video-preview":"max-video-preview:-1"},"canonical":"https:\/\/denizcankizil.tr\/de\/haberler\/antalya\/muratpasadan-ingilizce-etkinligi\/","og_locale":"de_DE","og_type":"article","og_title":"Muratpa\u015fa'dan \u0130ngilizce etkinli\u011fi","og_description":"Muratpa\u015fa Belediyesi&#8217;nin \u00c7evre Ekonomi ve Toplum Ara\u015ft\u0131rmalar\u0131 Derne\u011fi (\u00c7ETADER) ve Mart\u0131 Gen\u00e7lik Derne\u011fi (MAGEND) i\u015fbirli\u011fiyle hayata ge\u00e7irdi\u011fi \u0130ngilizce Konu\u015fma Kul\u00fcb\u00fc, kat\u0131l\u0131mc\u0131lara \u0130ngilizce pratik yapma ve dilde \u00f6zg\u00fcven kazanma f\u0131rsat\u0131 sunuyor. Etkile\u015fimli aktiviteler, tart\u0131\u015fmalar ve grup \u00e7al\u0131\u015fmalar\u0131yla \u0130ngilizce konu\u015fma becerilerini geli\u015ftirmeyi hedefleyen etkinlikler, ayn\u0131 zamanda k\u00fclt\u00fcrel etkile\u015fimi art\u0131rarak toplumsal kat\u0131l\u0131m\u0131 te\u015fvik ediyor. 4 hafta s\u00fcrecek olan program, her \u00e7ar\u015famba ve per\u015fembe g\u00fcn\u00fc 20.00-21.30 saatleri aras\u0131nda ger\u00e7ekle\u015ftirilecek. Kat\u0131lmak isteyenler, ba\u015fvuru formuna Muratpa\u015fa Belediyesi&#8217;nin resmi sosyal medya hesaplar\u0131nda biyografi k\u0131sm\u0131nda yer alan web sitesi \u00fczerinden ula\u015fabilecek. Kaynak: www.kanalv.com.tr Haber Sitesinden Al\u0131nm\u0131\u015ft\u0131r.","og_url":"https:\/\/denizcankizil.tr\/de\/haberler\/antalya\/muratpasadan-ingilizce-etkinligi\/","og_site_name":"Av. Deniz Can K\u0131z\u0131l","article_published_time":"2025-02-06T11:41:51+00:00","og_image":[{"width":1280,"height":720,"url":"https:\/\/denizcankizil.tr\/wp-content\/uploads\/2025\/02\/4506-01-whtsDm.jpeg","type":"image\/jpeg"}],"author":"Av. Deniz Can K\u0131z\u0131l","twitter_card":"summary_large_image","twitter_misc":{"Verfasst von":"Av. Deniz Can K\u0131z\u0131l","Gesch\u00e4tzte Lesezeit":"1\u00a0Minute"},"schema":{"@context":"https:\/\/schema.org","@graph":[{"@type":"Article","@id":"https:\/\/denizcankizil.tr\/de\/haberler\/antalya\/muratpasadan-ingilizce-etkinligi\/#article","isPartOf":{"@id":"https:\/\/denizcankizil.tr\/de\/haberler\/antalya\/muratpasadan-ingilizce-etkinligi\/"},"author":{"name":"Av. Deniz Can K\u0131z\u0131l","@id":"https:\/\/denizcankizil.tr\/de\/#\/schema\/person\/5dc1b22991bd7ac833867c10afc9b0ff"},"headline":"Muratpa\u015fa&#8217;dan \u0130ngilizce etkinli\u011fi","datePublished":"2025-02-06T11:41:51+00:00","mainEntityOfPage":{"@id":"https:\/\/denizcankizil.tr\/de\/haberler\/antalya\/muratpasadan-ingilizce-etkinligi\/"},"wordCount":145,"commentCount":0,"publisher":{"@id":"https:\/\/denizcankizil.tr\/de\/#organization"},"image":{"@id":"https:\/\/denizcankizil.tr\/de\/haberler\/antalya\/muratpasadan-ingilizce-etkinligi\/#primaryimage"},"thumbnailUrl":"https:\/\/denizcankizil.tr\/wp-content\/uploads\/2025\/02\/4506-01-whtsDm.jpeg","articleSection":["Antalya"],"inLanguage":"de","potentialAction":[{"@type":"CommentAction","name":"Comment","target":["https:\/\/denizcankizil.tr\/de\/haberler\/antalya\/muratpasadan-ingilizce-etkinligi\/#respond"]}]},{"@type":"WebPage","@id":"https:\/\/denizcankizil.tr\/de\/haberler\/antalya\/muratpasadan-ingilizce-etkinligi\/","url":"https:\/\/denizcankizil.tr\/de\/haberler\/antalya\/muratpasadan-ingilizce-etkinligi\/","name":"Muratpa\u015fa'dan \u0130ngilizce etkinli\u011fi - Av. Deniz Can K\u0131z\u0131l","isPartOf":{"@id":"https:\/\/denizcankizil.tr\/de\/#website"},"primaryImageOfPage":{"@id":"https:\/\/denizcankizil.tr\/de\/haberler\/antalya\/muratpasadan-ingilizce-etkinligi\/#primaryimage"},"image":{"@id":"https:\/\/denizcankizil.tr\/de\/haberler\/antalya\/muratpasadan-ingilizce-etkinligi\/#primaryimage"},"thumbnailUrl":"https:\/\/denizcankizil.tr\/wp-content\/uploads\/2025\/02\/4506-01-whtsDm.jpeg","datePublished":"2025-02-06T11:41:51+00:00","breadcrumb":{"@id":"https:\/\/denizcankizil.tr\/de\/haberler\/antalya\/muratpasadan-ingilizce-etkinligi\/#breadcrumb"},"inLanguage":"de","potentialAction":[{"@type":"ReadAction","target":["https:\/\/denizcankizil.tr\/de\/haberler\/antalya\/muratpasadan-ingilizce-etkinligi\/"]}]},{"@type":"ImageObject","inLanguage":"de","@id":"https:\/\/denizcankizil.tr\/de\/haberler\/antalya\/muratpasadan-ingilizce-etkinligi\/#primaryimage","url":"https:\/\/denizcankizil.tr\/wp-content\/uploads\/2025\/02\/4506-01-whtsDm.jpeg","contentUrl":"https:\/\/denizcankizil.tr\/wp-content\/uploads\/2025\/02\/4506-01-whtsDm.jpeg","width":1280,"height":720},{"@type":"BreadcrumbList","@id":"https:\/\/denizcankizil.tr\/de\/haberler\/antalya\/muratpasadan-ingilizce-etkinligi\/#breadcrumb","itemListElement":[{"@type":"ListItem","position":1,"name":"Home","item":"https:\/\/denizcankizil.tr\/de\/"},{"@type":"ListItem","position":2,"name":"Muratpa\u015fa&#8217;dan \u0130ngilizce etkinli\u011fi"}]},{"@type":"WebSite","@id":"https:\/\/denizcankizil.tr\/de\/#website","url":"https:\/\/denizcankizil.tr\/de\/","name":"Av. Deniz Can K\u0131z\u0131l","description":"Avukat Deniz Can K\u0131z\u0131l Antalya Barosu","publisher":{"@id":"https:\/\/denizcankizil.tr\/de\/#organization"},"potentialAction":[{"@type":"SearchAction","target":{"@type":"EntryPoint","urlTemplate":"https:\/\/denizcankizil.tr\/de\/?s={search_term_string}"},"query-input":{"@type":"PropertyValueSpecification","valueRequired":true,"valueName":"search_term_string"}}],"inLanguage":"de"},{"@type":"Organization","@id":"https:\/\/denizcankizil.tr\/de\/#organization","name":"Av. Deniz Can K\u0131z\u0131l","url":"https:\/\/denizcankizil.tr\/de\/","logo":{"@type":"ImageObject","inLanguage":"de","@id":"https:\/\/denizcankizil.tr\/de\/#\/schema\/logo\/image\/","url":"https:\/\/denizcankizil.tr\/wp-content\/uploads\/2024\/10\/siyah-logo-svg.svg","contentUrl":"https:\/\/denizcankizil.tr\/wp-content\/uploads\/2024\/10\/siyah-logo-svg.svg","width":1080,"height":1080,"caption":"Av. Deniz Can K\u0131z\u0131l"},"image":{"@id":"https:\/\/denizcankizil.tr\/de\/#\/schema\/logo\/image\/"}},{"@type":"Person","@id":"https:\/\/denizcankizil.tr\/de\/#\/schema\/person\/5dc1b22991bd7ac833867c10afc9b0ff","name":"Av. Deniz Can K\u0131z\u0131l","image":{"@type":"ImageObject","inLanguage":"de","@id":"https:\/\/denizcankizil.tr\/de\/#\/schema\/person\/image\/","url":"https:\/\/secure.gravatar.com\/avatar\/a0b128fb9855c79efc976d5640eedb31dc35ec297594d6016d2cf7c60e975bb6?s=96&d=mm&r=g","contentUrl":"https:\/\/secure.gravatar.com\/avatar\/a0b128fb9855c79efc976d5640eedb31dc35ec297594d6016d2cf7c60e975bb6?s=96&d=mm&r=g","caption":"Av. Deniz Can K\u0131z\u0131l"},"sameAs":["http:\/\/www.denizcankizil.tr"],"url":"https:\/\/denizcankizil.tr\/de\/author\/denizcankizil\/"}]}},"_links":{"self":[{"href":"https:\/\/denizcankizil.tr\/de\/wp-json\/wp\/v2\/posts\/30691","targetHints":{"allow":["GET"]}}],"collection":[{"href":"https:\/\/denizcankizil.tr\/de\/wp-json\/wp\/v2\/posts"}],"about":[{"href":"https:\/\/denizcankizil.tr\/de\/wp-json\/wp\/v2\/types\/post"}],"author":[{"embeddable":true,"href":"https:\/\/denizcankizil.tr\/de\/wp-json\/wp\/v2\/users\/4"}],"replies":[{"embeddable":true,"href":"https:\/\/denizcankizil.tr\/de\/wp-json\/wp\/v2\/comments?post=30691"}],"version-history":[{"count":0,"href":"https:\/\/denizcankizil.tr\/de\/wp-json\/wp\/v2\/posts\/30691\/revisions"}],"wp:featuredmedia":[{"embeddable":true,"href":"https:\/\/denizcankizil.tr\/de\/wp-json\/wp\/v2\/media\/30692"}],"wp:attachment":[{"href":"https:\/\/denizcankizil.tr\/de\/wp-json\/wp\/v2\/media?parent=30691"}],"wp:term":[{"taxonomy":"category","embeddable":true,"href":"https:\/\/denizcankizil.tr\/de\/wp-json\/wp\/v2\/categories?post=30691"},{"taxonomy":"post_tag","embeddable":true,"href":"https:\/\/denizcankizil.tr\/de\/wp-json\/wp\/v2\/tags?post=30691"}],"curies":[{"name":"wp","href":"https:\/\/api.w.org\/{rel}","templated":true}]}}