{"id":30655,"date":"2025-02-06T12:42:05","date_gmt":"2025-02-06T09:42:05","guid":{"rendered":"https:\/\/denizcankizil.tr\/uncategorized-tr\/antalyada-ulasimda-bir-donemin-sonuna-gelindi-kirimizi-isikta-durmak-hayal-olacak\/"},"modified":"2025-02-06T12:42:05","modified_gmt":"2025-02-06T09:42:05","slug":"antalyada-ulasimda-bir-donemin-sonuna-gelindi-kirimizi-isikta-durmak-hayal-olacak","status":"publish","type":"post","link":"https:\/\/denizcankizil.tr\/de\/haberler\/gundem\/antalyada-ulasimda-bir-donemin-sonuna-gelindi-kirimizi-isikta-durmak-hayal-olacak\/","title":{"rendered":"Antalya\u2019da ula\u015f\u0131mda bir d\u00f6nemin sonuna gelindi: K\u0131r\u0131m\u0131z\u0131 \u0131\u015f\u0131kta durmak hayal olacak!"},"content":{"rendered":"<p>Antalya\u2019da ya\u015fanan trafik kaosunun ana temellerinden bir tanesini Kepez il\u00e7esi K\u00fclt\u00fcr Mahallesi\u2019ndeki Merkez Bankas\u0131 ile \u00c7ak\u0131rlar Kav\u015fa\u011f\u0131 aras\u0131 olarak biliniyordu. B\u00f6lgede bulunan 4 trafik \u0131\u015f\u0131\u011f\u0131 kentten \u00e7\u0131kmak ve kente giri\u015f yapmak isteyen s\u00fcr\u00fcc\u00fcler i\u00e7in adeta bir i\u015fkenceye d\u00f6n\u00fc\u015ft\u00fc. \u00d6zellikle Gazi Bulvar\u0131 \u00fczerinde \u00fcst ge\u00e7itler arac\u0131l\u0131\u011f\u0131yla akan trafik bu g\u00fczerg\u00e2h \u00fczerindeki trafik \u0131\u015f\u0131klar\u0131 dolay\u0131s\u0131 ile b\u00fcy\u00fck zaman kaybettiriyordu. Karayollar\u0131 Genel M\u00fcd\u00fcrl\u00fc\u011f\u00fc\u2019n\u00fcn yetki sahas\u0131nda bulunan kav\u015faklar\u0131n \u00fcst ge\u00e7it projelerinin ihalesi ge\u00e7ti\u011fimiz g\u00fcnlerde yap\u0131ld\u0131. \u00a0Kav\u015faklar\u0131n yap\u0131m konusu zaman zaman b\u00fcy\u00fck\u015fehir belediyesi ile h\u00fck\u00fcmet yetkilileri aras\u0131nda tart\u0131\u015fma konusu da oldu.\u00a0<\/p>\n<p>KIRMIZI I\u015eIK HAYAL OLACAK<\/p>\n<p>Kepez-Duraliler-Avni Tolunay Mahalleleri \u0130mar Uygulamas\u0131\u2019na yap\u0131lan itiraz nedeniyle b\u00f6lgedeki kav\u015fak yap\u0131mlar\u0131 ask\u0131ya al\u0131nm\u0131\u015ft\u0131. Karayollar\u0131 Genel M\u00fcd\u00fcrl\u00fc\u011f\u00fc\u2019n\u00fcn yetki sahas\u0131nda bulunan kav\u015faklar\u0131n \u00fcst ge\u00e7it projelerinin ihalesi ge\u00e7ti\u011fimiz g\u00fcnlerde yap\u0131ld\u0131. Akdeniz Sanayi Sitesi&#8217;ne gitmek i\u00e7in 75\u2019inci Y\u0131l Caddesi&#8217;ne d\u00f6n\u00fclen k\u0131s\u0131m yani yeni Merkez Bankas\u0131 Kav\u015fa\u011f\u0131, Uncal\u0131 Mezarl\u0131\u011f\u0131\u2019ndan Gazi Mustafa Kemal Bulvar\u0131\u2019na d\u00f6n\u00fclen b\u00f6l\u00fcm, Duraliler Kav\u015fa\u011f\u0131, Akdeniz Sanayi Sitesi kav\u015fa\u011f\u0131nda ilk fore kaz\u0131klar\u0131 \u00e7ak\u0131ld\u0131. \u00c7al\u0131\u015fma tamamland\u0131\u011f\u0131nda Aksu\u2019dan yola \u00e7\u0131kan bir s\u00fcr\u00fcc\u00fc sadece bir k\u0131rm\u0131z\u0131 \u0131\u015f\u0131kta durduktan sonra Kemer\u2019e kadar ula\u015fabilecek.<\/p>\n<p>1.5 YILDA TAMAMLANACAK<\/p>\n<p>Antalya K\u00f6rfez gazetesi muhabiri Ertu\u011frul G\u00fcn&#8217;\u00fcn haberine g\u00f6re; Ula\u015ft\u0131rma ve Altyap\u0131 Bakan\u0131 Abdulkadir Uralo\u011flu, k\u0131sa bir s\u00fcre \u00f6nce Antalya&#8217;n\u0131n trafi\u011fini rahatlatacak kav\u015fak ve \u00e7evre yolu projelerinin ihale s\u00fcrecinin tamamland\u0131\u011f\u0131n\u0131 belirtip, Kepez\u00fcst\u00fc, Duraliler, Uncal\u0131 ve Sanayi kav\u015faklar\u0131n\u0131n yap\u0131m\u0131n\u0131n s\u00fcratle hayata ge\u00e7ireceklerini bildirmi\u015fti. Antalya Valisi Hulusi \u015eahin ise, \u201cUncal\u0131 hatt\u0131na yap\u0131lacak olan 3 tane dev kav\u015fak var. Tasarruf tedbirleri varken bunun yap\u0131lmas\u0131 b\u00fcy\u00fck bir fedak\u00e2rl\u0131kt\u0131r. Duraliler, Uncal\u0131 ve Sanayi Kav\u015fa\u011f\u0131 ile Kepez\u00fcst\u00fc Kav\u015fa\u011f\u0131 bir seferde ihale edildi ve devreye al\u0131nd\u0131. Plan iki i\u015f takviminde bu in\u015faatlar\u0131 tamamlamak. Yani May\u0131s\u2019a kadar devam eden in\u015faat izni de d\u00fc\u015f\u00fcn\u00fcld\u00fc\u011f\u00fc zaman, in\u015faatlar ba\u015flad\u0131ktan sonra yakla\u015f\u0131k 1.5 y\u0131l i\u00e7inde bitirmeyi planlan\u0131yor. Trafik konusunda yak\u0131n zamanda bir mesafe kat edilecek.&#8221; s\u00f6zlerine yer vermi\u015fti.\u00a0<\/p>\n<p>FORE KAZIKLARI \u00c7AKILDI<\/p>\n<p>Bu a\u00e7\u0131klamalar\u0131n ard\u0131ndan ihaleyi kazana firma taraf\u0131ndan Duraliler, Uncal\u0131 kav\u015faklar\u0131nda \u00e7al\u0131\u015fmalara ba\u015fland\u0131. B\u00f6lgede 3 \u015feritli bir \u00fcst ge\u00e7it \u00e7al\u0131\u015fmas\u0131 yap\u0131lacak. Karayollar\u0131 Antalya B\u00f6lge M\u00fcd\u00fcr\u00fc Hasan Sar\u0131o\u011flu, ihalenin ard\u0131ndan harekete ge\u00e7ildi\u011fini ifade ederek, \u201cArkada\u015flar\u0131m\u0131z 3 kav\u015fakta \u00e7al\u0131\u015fmalar\u0131na ba\u015flad\u0131. Sanayi kav\u015fa\u011f\u0131nda bir tak\u0131m alt yap\u0131 \u00e7al\u0131\u015fmalar\u0131 yap\u0131lmas\u0131 gerekiyor. \u00c7al\u0131\u015fmalar tamamland\u0131\u011f\u0131nda orada da \u00fcst ge\u00e7it \u00e7al\u0131\u015fmalar\u0131m\u0131za ba\u015flayaca\u011f\u0131z\u201d dedi.\u00a0<\/p>\n<p>KEMER\u2019E KADAR RAHAT ULA\u015eIM<\/p>\n<p>Duraliler, Uncal\u0131 kav\u015faklar\u0131nda 3 \u015ferit \u015fekilde yap\u0131lmas\u0131 beklenen \u00e7al\u0131\u015fmada \u015feritlerden bir tanesi bat\u0131 \u00e7evre yolu Kepez istikametine ba\u011flan\u0131rken di\u011fer 2 tanesi ise Kemer istikametine ba\u011flanacak. \u00c7al\u0131\u015fma tamamland\u0131\u011f\u0131nda Aksu\u2019dan \u00e7\u0131kan bir s\u00fcr\u00fcc\u00fc sadece 1 k\u0131rm\u0131z\u0131 \u0131\u015f\u0131kta durarak Kemer\u2019e kadar ula\u015fabilecek.\u00a0<\/p>\n<p>\u200bTurizmin ba\u015fkenti Antalya\u2019n\u0131n kanayan yaralar\u0131ndan biri olan ve \u00f6zellikle son y\u0131llarda artan trafik sorununun \u00f6nemli problemlerinden Duraliler, Uncal\u0131 ve Sanayi kav\u015faklar\u0131na ilk kazma vurularak fore kaz\u0131klar\u0131 \u00e7ak\u0131ld\u0131. \u00a0\u00c7al\u0131\u015fma tamamland\u0131\u011f\u0131nda Aksu\u2019dan yola \u00e7\u0131kan bir s\u00fcr\u00fcc\u00fc sadece 1 k\u0131rm\u0131z\u0131 \u0131\u015f\u0131kta durarak Kemer\u2019e kadar ula\u015fabilecek.\u00a0<\/p>\n<p>\u200bHaberin Al\u0131nt\u0131land\u0131\u011f\u0131 Kaynak: www.antalyakorfez.com<\/p>","protected":false},"excerpt":{"rendered":"<p>Antalya\u2019da ya\u015fanan trafik kaosunun ana temellerinden bir tanesini Kepez il\u00e7esi K\u00fclt\u00fcr Mahallesi\u2019ndeki Merkez Bankas\u0131 ile \u00c7ak\u0131rlar Kav\u015fa\u011f\u0131 aras\u0131 olarak biliniyordu. B\u00f6lgede bulunan 4 trafik \u0131\u015f\u0131\u011f\u0131 kentten \u00e7\u0131kmak ve kente giri\u015f yapmak isteyen s\u00fcr\u00fcc\u00fcler i\u00e7in adeta bir i\u015fkenceye d\u00f6n\u00fc\u015ft\u00fc. \u00d6zellikle Gazi Bulvar\u0131 \u00fczerinde \u00fcst ge\u00e7itler arac\u0131l\u0131\u011f\u0131yla akan trafik bu g\u00fczerg\u00e2h \u00fczerindeki trafik \u0131\u015f\u0131klar\u0131 dolay\u0131s\u0131 ile b\u00fcy\u00fck zaman kaybettiriyordu. Karayollar\u0131 Genel M\u00fcd\u00fcrl\u00fc\u011f\u00fc\u2019n\u00fcn yetki sahas\u0131nda bulunan kav\u015faklar\u0131n \u00fcst ge\u00e7it projelerinin ihalesi ge\u00e7ti\u011fimiz g\u00fcnlerde yap\u0131ld\u0131. \u00a0Kav\u015faklar\u0131n yap\u0131m konusu zaman zaman b\u00fcy\u00fck\u015fehir belediyesi ile h\u00fck\u00fcmet yetkilileri aras\u0131nda tart\u0131\u015fma konusu da oldu.\u00a0 KIRMIZI I\u015eIK HAYAL OLACAK Kepez-Duraliler-Avni Tolunay Mahalleleri \u0130mar Uygulamas\u0131\u2019na yap\u0131lan itiraz nedeniyle b\u00f6lgedeki kav\u015fak yap\u0131mlar\u0131 ask\u0131ya al\u0131nm\u0131\u015ft\u0131. Karayollar\u0131 Genel M\u00fcd\u00fcrl\u00fc\u011f\u00fc\u2019n\u00fcn yetki sahas\u0131nda bulunan kav\u015faklar\u0131n \u00fcst ge\u00e7it projelerinin ihalesi ge\u00e7ti\u011fimiz g\u00fcnlerde yap\u0131ld\u0131. Akdeniz Sanayi Sitesi&#8217;ne gitmek i\u00e7in 75\u2019inci Y\u0131l Caddesi&#8217;ne d\u00f6n\u00fclen k\u0131s\u0131m yani yeni Merkez Bankas\u0131 Kav\u015fa\u011f\u0131, Uncal\u0131 Mezarl\u0131\u011f\u0131\u2019ndan Gazi Mustafa Kemal Bulvar\u0131\u2019na d\u00f6n\u00fclen b\u00f6l\u00fcm, Duraliler Kav\u015fa\u011f\u0131, Akdeniz Sanayi Sitesi kav\u015fa\u011f\u0131nda ilk fore kaz\u0131klar\u0131 \u00e7ak\u0131ld\u0131. \u00c7al\u0131\u015fma tamamland\u0131\u011f\u0131nda Aksu\u2019dan yola \u00e7\u0131kan bir s\u00fcr\u00fcc\u00fc sadece bir k\u0131rm\u0131z\u0131 \u0131\u015f\u0131kta durduktan sonra Kemer\u2019e kadar ula\u015fabilecek. 1.5 YILDA TAMAMLANACAK Antalya K\u00f6rfez gazetesi muhabiri Ertu\u011frul G\u00fcn&#8217;\u00fcn haberine g\u00f6re; Ula\u015ft\u0131rma ve Altyap\u0131 Bakan\u0131 Abdulkadir Uralo\u011flu, k\u0131sa bir s\u00fcre \u00f6nce Antalya&#8217;n\u0131n trafi\u011fini rahatlatacak kav\u015fak ve \u00e7evre yolu projelerinin ihale s\u00fcrecinin tamamland\u0131\u011f\u0131n\u0131 belirtip, Kepez\u00fcst\u00fc, &hellip;<\/p>","protected":false},"author":5,"featured_media":0,"comment_status":"open","ping_status":"open","sticky":false,"template":"","format":"standard","meta":{"_acf_changed":false,"footnotes":""},"categories":[24],"tags":[],"class_list":["post-30655","post","type-post","status-publish","format-standard","has-post-thumbnail","hentry","category-gundem"],"acf":[],"yoast_head":"<!-- This site is optimized with the Yoast SEO Premium plugin v26.6 (Yoast SEO v27.1.1) - https:\/\/yoast.com\/product\/yoast-seo-premium-wordpress\/ -->\n<title>Antalya\u2019da ula\u015f\u0131mda bir d\u00f6nemin sonuna gelindi: K\u0131r\u0131m\u0131z\u0131 \u0131\u015f\u0131kta durmak hayal olacak! - Av. Deniz Can K\u0131z\u0131l<\/title>\n<meta name=\"robots\" content=\"index, follow, max-snippet:-1, max-image-preview:large, max-video-preview:-1\" \/>\n<link rel=\"canonical\" href=\"https:\/\/denizcankizil.tr\/de\/haberler\/gundem\/antalyada-ulasimda-bir-donemin-sonuna-gelindi-kirimizi-isikta-durmak-hayal-olacak\/\" \/>\n<meta property=\"og:locale\" content=\"de_DE\" \/>\n<meta property=\"og:type\" content=\"article\" \/>\n<meta property=\"og:title\" content=\"Antalya\u2019da ula\u015f\u0131mda bir d\u00f6nemin sonuna gelindi: K\u0131r\u0131m\u0131z\u0131 \u0131\u015f\u0131kta durmak hayal olacak!\" \/>\n<meta property=\"og:description\" content=\"Antalya\u2019da ya\u015fanan trafik kaosunun ana temellerinden bir tanesini Kepez il\u00e7esi K\u00fclt\u00fcr Mahallesi\u2019ndeki Merkez Bankas\u0131 ile \u00c7ak\u0131rlar Kav\u015fa\u011f\u0131 aras\u0131 olarak biliniyordu. B\u00f6lgede bulunan 4 trafik \u0131\u015f\u0131\u011f\u0131 kentten \u00e7\u0131kmak ve kente giri\u015f yapmak isteyen s\u00fcr\u00fcc\u00fcler i\u00e7in adeta bir i\u015fkenceye d\u00f6n\u00fc\u015ft\u00fc. \u00d6zellikle Gazi Bulvar\u0131 \u00fczerinde \u00fcst ge\u00e7itler arac\u0131l\u0131\u011f\u0131yla akan trafik bu g\u00fczerg\u00e2h \u00fczerindeki trafik \u0131\u015f\u0131klar\u0131 dolay\u0131s\u0131 ile b\u00fcy\u00fck zaman kaybettiriyordu. Karayollar\u0131 Genel M\u00fcd\u00fcrl\u00fc\u011f\u00fc\u2019n\u00fcn yetki sahas\u0131nda bulunan kav\u015faklar\u0131n \u00fcst ge\u00e7it projelerinin ihalesi ge\u00e7ti\u011fimiz g\u00fcnlerde yap\u0131ld\u0131. \u00a0Kav\u015faklar\u0131n yap\u0131m konusu zaman zaman b\u00fcy\u00fck\u015fehir belediyesi ile h\u00fck\u00fcmet yetkilileri aras\u0131nda tart\u0131\u015fma konusu da oldu.\u00a0 KIRMIZI I\u015eIK HAYAL OLACAK Kepez-Duraliler-Avni Tolunay Mahalleleri \u0130mar Uygulamas\u0131\u2019na yap\u0131lan itiraz nedeniyle b\u00f6lgedeki kav\u015fak yap\u0131mlar\u0131 ask\u0131ya al\u0131nm\u0131\u015ft\u0131. Karayollar\u0131 Genel M\u00fcd\u00fcrl\u00fc\u011f\u00fc\u2019n\u00fcn yetki sahas\u0131nda bulunan kav\u015faklar\u0131n \u00fcst ge\u00e7it projelerinin ihalesi ge\u00e7ti\u011fimiz g\u00fcnlerde yap\u0131ld\u0131. Akdeniz Sanayi Sitesi&#8217;ne gitmek i\u00e7in 75\u2019inci Y\u0131l Caddesi&#8217;ne d\u00f6n\u00fclen k\u0131s\u0131m yani yeni Merkez Bankas\u0131 Kav\u015fa\u011f\u0131, Uncal\u0131 Mezarl\u0131\u011f\u0131\u2019ndan Gazi Mustafa Kemal Bulvar\u0131\u2019na d\u00f6n\u00fclen b\u00f6l\u00fcm, Duraliler Kav\u015fa\u011f\u0131, Akdeniz Sanayi Sitesi kav\u015fa\u011f\u0131nda ilk fore kaz\u0131klar\u0131 \u00e7ak\u0131ld\u0131. \u00c7al\u0131\u015fma tamamland\u0131\u011f\u0131nda Aksu\u2019dan yola \u00e7\u0131kan bir s\u00fcr\u00fcc\u00fc sadece bir k\u0131rm\u0131z\u0131 \u0131\u015f\u0131kta durduktan sonra Kemer\u2019e kadar ula\u015fabilecek. 1.5 YILDA TAMAMLANACAK Antalya K\u00f6rfez gazetesi muhabiri Ertu\u011frul G\u00fcn&#8217;\u00fcn haberine g\u00f6re; Ula\u015ft\u0131rma ve Altyap\u0131 Bakan\u0131 Abdulkadir Uralo\u011flu, k\u0131sa bir s\u00fcre \u00f6nce Antalya&#8217;n\u0131n trafi\u011fini rahatlatacak kav\u015fak ve \u00e7evre yolu projelerinin ihale s\u00fcrecinin tamamland\u0131\u011f\u0131n\u0131 belirtip, Kepez\u00fcst\u00fc, &hellip;\" \/>\n<meta property=\"og:url\" content=\"https:\/\/denizcankizil.tr\/de\/haberler\/gundem\/antalyada-ulasimda-bir-donemin-sonuna-gelindi-kirimizi-isikta-durmak-hayal-olacak\/\" \/>\n<meta property=\"og:site_name\" content=\"Av. Deniz Can K\u0131z\u0131l\" \/>\n<meta property=\"article:published_time\" content=\"2025-02-06T09:42:05+00:00\" \/>\n<meta name=\"author\" content=\"Antalya K\u00f6rfez\" \/>\n<meta name=\"twitter:card\" content=\"summary_large_image\" \/>\n<meta name=\"twitter:label1\" content=\"Verfasst von\" \/>\n\t<meta name=\"twitter:data1\" content=\"Antalya K\u00f6rfez\" \/>\n\t<meta name=\"twitter:label2\" content=\"Gesch\u00e4tzte Lesezeit\" \/>\n\t<meta name=\"twitter:data2\" content=\"3\u00a0Minuten\" \/>\n<script type=\"application\/ld+json\" class=\"yoast-schema-graph\">{\"@context\":\"https:\/\/schema.org\",\"@graph\":[{\"@type\":\"Article\",\"@id\":\"https:\/\/denizcankizil.tr\/en\/haberler\/gundem\/antalyada-ulasimda-bir-donemin-sonuna-gelindi-kirimizi-isikta-durmak-hayal-olacak\/#article\",\"isPartOf\":{\"@id\":\"https:\/\/denizcankizil.tr\/en\/haberler\/gundem\/antalyada-ulasimda-bir-donemin-sonuna-gelindi-kirimizi-isikta-durmak-hayal-olacak\/\"},\"author\":{\"name\":\"Antalya K\u00f6rfez\",\"@id\":\"https:\/\/denizcankizil.tr\/#\/schema\/person\/e1eb71bb4dd684d46563f0af307e1234\"},\"headline\":\"Antalya\u2019da ula\u015f\u0131mda bir d\u00f6nemin sonuna gelindi: K\u0131r\u0131m\u0131z\u0131 \u0131\u015f\u0131kta durmak hayal olacak!\",\"datePublished\":\"2025-02-06T09:42:05+00:00\",\"mainEntityOfPage\":{\"@id\":\"https:\/\/denizcankizil.tr\/en\/haberler\/gundem\/antalyada-ulasimda-bir-donemin-sonuna-gelindi-kirimizi-isikta-durmak-hayal-olacak\/\"},\"wordCount\":669,\"commentCount\":0,\"publisher\":{\"@id\":\"https:\/\/denizcankizil.tr\/#organization\"},\"articleSection\":[\"G\u00fcndem\"],\"inLanguage\":\"de\",\"potentialAction\":[{\"@type\":\"CommentAction\",\"name\":\"Comment\",\"target\":[\"https:\/\/denizcankizil.tr\/en\/haberler\/gundem\/antalyada-ulasimda-bir-donemin-sonuna-gelindi-kirimizi-isikta-durmak-hayal-olacak\/#respond\"]}]},{\"@type\":\"WebPage\",\"@id\":\"https:\/\/denizcankizil.tr\/en\/haberler\/gundem\/antalyada-ulasimda-bir-donemin-sonuna-gelindi-kirimizi-isikta-durmak-hayal-olacak\/\",\"url\":\"https:\/\/denizcankizil.tr\/en\/haberler\/gundem\/antalyada-ulasimda-bir-donemin-sonuna-gelindi-kirimizi-isikta-durmak-hayal-olacak\/\",\"name\":\"Antalya\u2019da ula\u015f\u0131mda bir d\u00f6nemin sonuna gelindi: K\u0131r\u0131m\u0131z\u0131 \u0131\u015f\u0131kta durmak hayal olacak! - Av. Deniz Can K\u0131z\u0131l\",\"isPartOf\":{\"@id\":\"https:\/\/denizcankizil.tr\/#website\"},\"datePublished\":\"2025-02-06T09:42:05+00:00\",\"breadcrumb\":{\"@id\":\"https:\/\/denizcankizil.tr\/en\/haberler\/gundem\/antalyada-ulasimda-bir-donemin-sonuna-gelindi-kirimizi-isikta-durmak-hayal-olacak\/#breadcrumb\"},\"inLanguage\":\"de\",\"potentialAction\":[{\"@type\":\"ReadAction\",\"target\":[\"https:\/\/denizcankizil.tr\/en\/haberler\/gundem\/antalyada-ulasimda-bir-donemin-sonuna-gelindi-kirimizi-isikta-durmak-hayal-olacak\/\"]}]},{\"@type\":\"BreadcrumbList\",\"@id\":\"https:\/\/denizcankizil.tr\/en\/haberler\/gundem\/antalyada-ulasimda-bir-donemin-sonuna-gelindi-kirimizi-isikta-durmak-hayal-olacak\/#breadcrumb\",\"itemListElement\":[{\"@type\":\"ListItem\",\"position\":1,\"name\":\"Home\",\"item\":\"https:\/\/denizcankizil.tr\/de\/\"},{\"@type\":\"ListItem\",\"position\":2,\"name\":\"Antalya\u2019da ula\u015f\u0131mda bir d\u00f6nemin sonuna gelindi: K\u0131r\u0131m\u0131z\u0131 \u0131\u015f\u0131kta durmak hayal olacak!\"}]},{\"@type\":\"WebSite\",\"@id\":\"https:\/\/denizcankizil.tr\/#website\",\"url\":\"https:\/\/denizcankizil.tr\/\",\"name\":\"Av. Deniz Can K\u0131z\u0131l\",\"description\":\"Avukat Deniz Can K\u0131z\u0131l Antalya Barosu\",\"publisher\":{\"@id\":\"https:\/\/denizcankizil.tr\/#organization\"},\"potentialAction\":[{\"@type\":\"SearchAction\",\"target\":{\"@type\":\"EntryPoint\",\"urlTemplate\":\"https:\/\/denizcankizil.tr\/?s={search_term_string}\"},\"query-input\":{\"@type\":\"PropertyValueSpecification\",\"valueRequired\":true,\"valueName\":\"search_term_string\"}}],\"inLanguage\":\"de\"},{\"@type\":\"Organization\",\"@id\":\"https:\/\/denizcankizil.tr\/#organization\",\"name\":\"Av. Deniz Can K\u0131z\u0131l\",\"url\":\"https:\/\/denizcankizil.tr\/\",\"logo\":{\"@type\":\"ImageObject\",\"inLanguage\":\"de\",\"@id\":\"https:\/\/denizcankizil.tr\/#\/schema\/logo\/image\/\",\"url\":\"https:\/\/denizcankizil.tr\/wp-content\/uploads\/2024\/10\/siyah-logo-svg.svg\",\"contentUrl\":\"https:\/\/denizcankizil.tr\/wp-content\/uploads\/2024\/10\/siyah-logo-svg.svg\",\"width\":1080,\"height\":1080,\"caption\":\"Av. Deniz Can K\u0131z\u0131l\"},\"image\":{\"@id\":\"https:\/\/denizcankizil.tr\/#\/schema\/logo\/image\/\"}},{\"@type\":\"Person\",\"@id\":\"https:\/\/denizcankizil.tr\/#\/schema\/person\/e1eb71bb4dd684d46563f0af307e1234\",\"name\":\"Antalya K\u00f6rfez\",\"image\":{\"@type\":\"ImageObject\",\"inLanguage\":\"de\",\"@id\":\"https:\/\/denizcankizil.tr\/#\/schema\/person\/image\/\",\"url\":\"https:\/\/secure.gravatar.com\/avatar\/42b01982558a48a0b501fdcab6a408d3717ea5919095ee2e67b0e521799c5905?s=96&d=mm&r=g\",\"contentUrl\":\"https:\/\/secure.gravatar.com\/avatar\/42b01982558a48a0b501fdcab6a408d3717ea5919095ee2e67b0e521799c5905?s=96&d=mm&r=g\",\"caption\":\"Antalya K\u00f6rfez\"},\"sameAs\":[\"http:\/\/www.antalyakorfez.com\"],\"url\":\"https:\/\/www.antalyakorfez.com\/antalyada-ulasimda-bir-donemin-sonuna-gelindi-kirimizi-isikta-durmak-hayal-olacak\"}]}<\/script>\n<!-- \/ Yoast SEO Premium plugin. -->","yoast_head_json":{"title":"Antalya\u2019da ula\u015f\u0131mda bir d\u00f6nemin sonuna gelindi: K\u0131r\u0131m\u0131z\u0131 \u0131\u015f\u0131kta durmak hayal olacak! - Av. Deniz Can K\u0131z\u0131l","robots":{"index":"index","follow":"follow","max-snippet":"max-snippet:-1","max-image-preview":"max-image-preview:large","max-video-preview":"max-video-preview:-1"},"canonical":"https:\/\/denizcankizil.tr\/de\/haberler\/gundem\/antalyada-ulasimda-bir-donemin-sonuna-gelindi-kirimizi-isikta-durmak-hayal-olacak\/","og_locale":"de_DE","og_type":"article","og_title":"Antalya\u2019da ula\u015f\u0131mda bir d\u00f6nemin sonuna gelindi: K\u0131r\u0131m\u0131z\u0131 \u0131\u015f\u0131kta durmak hayal olacak!","og_description":"Antalya\u2019da ya\u015fanan trafik kaosunun ana temellerinden bir tanesini Kepez il\u00e7esi K\u00fclt\u00fcr Mahallesi\u2019ndeki Merkez Bankas\u0131 ile \u00c7ak\u0131rlar Kav\u015fa\u011f\u0131 aras\u0131 olarak biliniyordu. B\u00f6lgede bulunan 4 trafik \u0131\u015f\u0131\u011f\u0131 kentten \u00e7\u0131kmak ve kente giri\u015f yapmak isteyen s\u00fcr\u00fcc\u00fcler i\u00e7in adeta bir i\u015fkenceye d\u00f6n\u00fc\u015ft\u00fc. \u00d6zellikle Gazi Bulvar\u0131 \u00fczerinde \u00fcst ge\u00e7itler arac\u0131l\u0131\u011f\u0131yla akan trafik bu g\u00fczerg\u00e2h \u00fczerindeki trafik \u0131\u015f\u0131klar\u0131 dolay\u0131s\u0131 ile b\u00fcy\u00fck zaman kaybettiriyordu. Karayollar\u0131 Genel M\u00fcd\u00fcrl\u00fc\u011f\u00fc\u2019n\u00fcn yetki sahas\u0131nda bulunan kav\u015faklar\u0131n \u00fcst ge\u00e7it projelerinin ihalesi ge\u00e7ti\u011fimiz g\u00fcnlerde yap\u0131ld\u0131. \u00a0Kav\u015faklar\u0131n yap\u0131m konusu zaman zaman b\u00fcy\u00fck\u015fehir belediyesi ile h\u00fck\u00fcmet yetkilileri aras\u0131nda tart\u0131\u015fma konusu da oldu.\u00a0 KIRMIZI I\u015eIK HAYAL OLACAK Kepez-Duraliler-Avni Tolunay Mahalleleri \u0130mar Uygulamas\u0131\u2019na yap\u0131lan itiraz nedeniyle b\u00f6lgedeki kav\u015fak yap\u0131mlar\u0131 ask\u0131ya al\u0131nm\u0131\u015ft\u0131. Karayollar\u0131 Genel M\u00fcd\u00fcrl\u00fc\u011f\u00fc\u2019n\u00fcn yetki sahas\u0131nda bulunan kav\u015faklar\u0131n \u00fcst ge\u00e7it projelerinin ihalesi ge\u00e7ti\u011fimiz g\u00fcnlerde yap\u0131ld\u0131. Akdeniz Sanayi Sitesi&#8217;ne gitmek i\u00e7in 75\u2019inci Y\u0131l Caddesi&#8217;ne d\u00f6n\u00fclen k\u0131s\u0131m yani yeni Merkez Bankas\u0131 Kav\u015fa\u011f\u0131, Uncal\u0131 Mezarl\u0131\u011f\u0131\u2019ndan Gazi Mustafa Kemal Bulvar\u0131\u2019na d\u00f6n\u00fclen b\u00f6l\u00fcm, Duraliler Kav\u015fa\u011f\u0131, Akdeniz Sanayi Sitesi kav\u015fa\u011f\u0131nda ilk fore kaz\u0131klar\u0131 \u00e7ak\u0131ld\u0131. \u00c7al\u0131\u015fma tamamland\u0131\u011f\u0131nda Aksu\u2019dan yola \u00e7\u0131kan bir s\u00fcr\u00fcc\u00fc sadece bir k\u0131rm\u0131z\u0131 \u0131\u015f\u0131kta durduktan sonra Kemer\u2019e kadar ula\u015fabilecek. 1.5 YILDA TAMAMLANACAK Antalya K\u00f6rfez gazetesi muhabiri Ertu\u011frul G\u00fcn&#8217;\u00fcn haberine g\u00f6re; Ula\u015ft\u0131rma ve Altyap\u0131 Bakan\u0131 Abdulkadir Uralo\u011flu, k\u0131sa bir s\u00fcre \u00f6nce Antalya&#8217;n\u0131n trafi\u011fini rahatlatacak kav\u015fak ve \u00e7evre yolu projelerinin ihale s\u00fcrecinin tamamland\u0131\u011f\u0131n\u0131 belirtip, Kepez\u00fcst\u00fc, &hellip;","og_url":"https:\/\/denizcankizil.tr\/de\/haberler\/gundem\/antalyada-ulasimda-bir-donemin-sonuna-gelindi-kirimizi-isikta-durmak-hayal-olacak\/","og_site_name":"Av. Deniz Can K\u0131z\u0131l","article_published_time":"2025-02-06T09:42:05+00:00","author":"Antalya K\u00f6rfez","twitter_card":"summary_large_image","twitter_misc":{"Verfasst von":"Antalya K\u00f6rfez","Gesch\u00e4tzte Lesezeit":"3\u00a0Minuten"},"schema":{"@context":"https:\/\/schema.org","@graph":[{"@type":"Article","@id":"https:\/\/denizcankizil.tr\/en\/haberler\/gundem\/antalyada-ulasimda-bir-donemin-sonuna-gelindi-kirimizi-isikta-durmak-hayal-olacak\/#article","isPartOf":{"@id":"https:\/\/denizcankizil.tr\/en\/haberler\/gundem\/antalyada-ulasimda-bir-donemin-sonuna-gelindi-kirimizi-isikta-durmak-hayal-olacak\/"},"author":{"name":"Antalya K\u00f6rfez","@id":"https:\/\/denizcankizil.tr\/#\/schema\/person\/e1eb71bb4dd684d46563f0af307e1234"},"headline":"Antalya\u2019da ula\u015f\u0131mda bir d\u00f6nemin sonuna gelindi: K\u0131r\u0131m\u0131z\u0131 \u0131\u015f\u0131kta durmak hayal olacak!","datePublished":"2025-02-06T09:42:05+00:00","mainEntityOfPage":{"@id":"https:\/\/denizcankizil.tr\/en\/haberler\/gundem\/antalyada-ulasimda-bir-donemin-sonuna-gelindi-kirimizi-isikta-durmak-hayal-olacak\/"},"wordCount":669,"commentCount":0,"publisher":{"@id":"https:\/\/denizcankizil.tr\/#organization"},"articleSection":["G\u00fcndem"],"inLanguage":"de","potentialAction":[{"@type":"CommentAction","name":"Comment","target":["https:\/\/denizcankizil.tr\/en\/haberler\/gundem\/antalyada-ulasimda-bir-donemin-sonuna-gelindi-kirimizi-isikta-durmak-hayal-olacak\/#respond"]}]},{"@type":"WebPage","@id":"https:\/\/denizcankizil.tr\/en\/haberler\/gundem\/antalyada-ulasimda-bir-donemin-sonuna-gelindi-kirimizi-isikta-durmak-hayal-olacak\/","url":"https:\/\/denizcankizil.tr\/en\/haberler\/gundem\/antalyada-ulasimda-bir-donemin-sonuna-gelindi-kirimizi-isikta-durmak-hayal-olacak\/","name":"Antalya\u2019da ula\u015f\u0131mda bir d\u00f6nemin sonuna gelindi: K\u0131r\u0131m\u0131z\u0131 \u0131\u015f\u0131kta durmak hayal olacak! - Av. Deniz Can K\u0131z\u0131l","isPartOf":{"@id":"https:\/\/denizcankizil.tr\/#website"},"datePublished":"2025-02-06T09:42:05+00:00","breadcrumb":{"@id":"https:\/\/denizcankizil.tr\/en\/haberler\/gundem\/antalyada-ulasimda-bir-donemin-sonuna-gelindi-kirimizi-isikta-durmak-hayal-olacak\/#breadcrumb"},"inLanguage":"de","potentialAction":[{"@type":"ReadAction","target":["https:\/\/denizcankizil.tr\/en\/haberler\/gundem\/antalyada-ulasimda-bir-donemin-sonuna-gelindi-kirimizi-isikta-durmak-hayal-olacak\/"]}]},{"@type":"BreadcrumbList","@id":"https:\/\/denizcankizil.tr\/en\/haberler\/gundem\/antalyada-ulasimda-bir-donemin-sonuna-gelindi-kirimizi-isikta-durmak-hayal-olacak\/#breadcrumb","itemListElement":[{"@type":"ListItem","position":1,"name":"Home","item":"https:\/\/denizcankizil.tr\/de\/"},{"@type":"ListItem","position":2,"name":"Antalya\u2019da ula\u015f\u0131mda bir d\u00f6nemin sonuna gelindi: K\u0131r\u0131m\u0131z\u0131 \u0131\u015f\u0131kta durmak hayal olacak!"}]},{"@type":"WebSite","@id":"https:\/\/denizcankizil.tr\/#website","url":"https:\/\/denizcankizil.tr\/","name":"Av. Deniz Can K\u0131z\u0131l","description":"Avukat Deniz Can K\u0131z\u0131l Antalya Barosu","publisher":{"@id":"https:\/\/denizcankizil.tr\/#organization"},"potentialAction":[{"@type":"SearchAction","target":{"@type":"EntryPoint","urlTemplate":"https:\/\/denizcankizil.tr\/?s={search_term_string}"},"query-input":{"@type":"PropertyValueSpecification","valueRequired":true,"valueName":"search_term_string"}}],"inLanguage":"de"},{"@type":"Organization","@id":"https:\/\/denizcankizil.tr\/#organization","name":"Av. Deniz Can K\u0131z\u0131l","url":"https:\/\/denizcankizil.tr\/","logo":{"@type":"ImageObject","inLanguage":"de","@id":"https:\/\/denizcankizil.tr\/#\/schema\/logo\/image\/","url":"https:\/\/denizcankizil.tr\/wp-content\/uploads\/2024\/10\/siyah-logo-svg.svg","contentUrl":"https:\/\/denizcankizil.tr\/wp-content\/uploads\/2024\/10\/siyah-logo-svg.svg","width":1080,"height":1080,"caption":"Av. Deniz Can K\u0131z\u0131l"},"image":{"@id":"https:\/\/denizcankizil.tr\/#\/schema\/logo\/image\/"}},{"@type":"Person","@id":"https:\/\/denizcankizil.tr\/#\/schema\/person\/e1eb71bb4dd684d46563f0af307e1234","name":"Antalya K\u00f6rfez","image":{"@type":"ImageObject","inLanguage":"de","@id":"https:\/\/denizcankizil.tr\/#\/schema\/person\/image\/","url":"https:\/\/secure.gravatar.com\/avatar\/42b01982558a48a0b501fdcab6a408d3717ea5919095ee2e67b0e521799c5905?s=96&d=mm&r=g","contentUrl":"https:\/\/secure.gravatar.com\/avatar\/42b01982558a48a0b501fdcab6a408d3717ea5919095ee2e67b0e521799c5905?s=96&d=mm&r=g","caption":"Antalya K\u00f6rfez"},"sameAs":["http:\/\/www.antalyakorfez.com"],"url":"https:\/\/www.antalyakorfez.com\/antalyada-ulasimda-bir-donemin-sonuna-gelindi-kirimizi-isikta-durmak-hayal-olacak"}]}},"_links":{"self":[{"href":"https:\/\/denizcankizil.tr\/de\/wp-json\/wp\/v2\/posts\/30655","targetHints":{"allow":["GET"]}}],"collection":[{"href":"https:\/\/denizcankizil.tr\/de\/wp-json\/wp\/v2\/posts"}],"about":[{"href":"https:\/\/denizcankizil.tr\/de\/wp-json\/wp\/v2\/types\/post"}],"author":[{"embeddable":true,"href":"https:\/\/denizcankizil.tr\/de\/wp-json\/wp\/v2\/users\/5"}],"replies":[{"embeddable":true,"href":"https:\/\/denizcankizil.tr\/de\/wp-json\/wp\/v2\/comments?post=30655"}],"version-history":[{"count":0,"href":"https:\/\/denizcankizil.tr\/de\/wp-json\/wp\/v2\/posts\/30655\/revisions"}],"wp:attachment":[{"href":"https:\/\/denizcankizil.tr\/de\/wp-json\/wp\/v2\/media?parent=30655"}],"wp:term":[{"taxonomy":"category","embeddable":true,"href":"https:\/\/denizcankizil.tr\/de\/wp-json\/wp\/v2\/categories?post=30655"},{"taxonomy":"post_tag","embeddable":true,"href":"https:\/\/denizcankizil.tr\/de\/wp-json\/wp\/v2\/tags?post=30655"}],"curies":[{"name":"wp","href":"https:\/\/api.w.org\/{rel}","templated":true}]}}