{"id":30651,"date":"2025-02-06T12:41:40","date_gmt":"2025-02-06T09:41:40","guid":{"rendered":"https:\/\/denizcankizil.tr\/uncategorized-tr\/manavgatta-iki-otomobil-carpisti\/"},"modified":"2025-02-06T12:41:40","modified_gmt":"2025-02-06T09:41:40","slug":"manavgatta-iki-otomobil-carpisti","status":"publish","type":"post","link":"https:\/\/denizcankizil.tr\/de\/haberler\/antalya\/manavgatta-iki-otomobil-carpisti\/","title":{"rendered":"Manavgat\u2019ta iki otomobil \u00e7arp\u0131\u015ft\u0131"},"content":{"rendered":"<p>Manavgat- Antalya D-400 Karayolu \u00fczerinde meydana gelen trafik kazas\u0131nda Antalya istikametine gitmekte olan Abdullah O.\u2019un kulland\u0131\u011f\u0131 07 BVP 938 plakal\u0131 ara\u00e7, \u00c7olakl\u0131 Mahallesi kav\u015fak sisteminde Ay\u015feg\u00fcl Y.\u2019nin kulland\u0131\u011f\u0131 07 ADA 857 plakal\u0131 otomobil ile \u00e7arp\u0131\u015ft\u0131. Kaza s\u0131ras\u0131nda trafik \u0131\u015f\u0131klar\u0131n\u0131n \u00e7al\u0131\u015fmad\u0131\u011f\u0131 belirtilirken yaral\u0131lardan 07 ADA 857 plakal\u0131 ara\u00e7ta yolcu olarak bulunan Sultan Y. ve 07 BVP 938 plakal\u0131 ara\u00e7ta yolcu olarak bulunan Ali O. 112 sa\u011fl\u0131k ekiplerinin olay yerindeki ilk m\u00fcdahalesinin ard\u0131ndan ambulansla Manavgat Devlet Hastanesine kald\u0131r\u0131ld\u0131.<\/p>\n<p>Kaynak: www.kanalv.com.tr Haber Sitesinden Al\u0131nm\u0131\u015ft\u0131r.<\/p>","protected":false},"excerpt":{"rendered":"<p>Manavgat- Antalya D-400 Karayolu \u00fczerinde meydana gelen trafik kazas\u0131nda Antalya istikametine gitmekte olan Abdullah O.\u2019un kulland\u0131\u011f\u0131 07 BVP 938 plakal\u0131 ara\u00e7, \u00c7olakl\u0131 Mahallesi kav\u015fak sisteminde Ay\u015feg\u00fcl Y.\u2019nin kulland\u0131\u011f\u0131 07 ADA 857 plakal\u0131 otomobil ile \u00e7arp\u0131\u015ft\u0131. Kaza s\u0131ras\u0131nda trafik \u0131\u015f\u0131klar\u0131n\u0131n \u00e7al\u0131\u015fmad\u0131\u011f\u0131 belirtilirken yaral\u0131lardan 07 ADA 857 plakal\u0131 ara\u00e7ta yolcu olarak bulunan Sultan Y. ve 07 BVP 938 plakal\u0131 ara\u00e7ta yolcu olarak bulunan Ali O. 112 sa\u011fl\u0131k ekiplerinin olay yerindeki ilk m\u00fcdahalesinin ard\u0131ndan ambulansla Manavgat Devlet Hastanesine kald\u0131r\u0131ld\u0131. Kaynak: www.kanalv.com.tr Haber Sitesinden Al\u0131nm\u0131\u015ft\u0131r.<\/p>","protected":false},"author":4,"featured_media":30652,"comment_status":"open","ping_status":"open","sticky":false,"template":"","format":"standard","meta":{"_acf_changed":false,"footnotes":""},"categories":[26],"tags":[],"class_list":["post-30651","post","type-post","status-publish","format-standard","has-post-thumbnail","hentry","category-antalya"],"acf":[],"yoast_head":"<!-- This site is optimized with the Yoast SEO Premium plugin v26.6 (Yoast SEO v27.1.1) - https:\/\/yoast.com\/product\/yoast-seo-premium-wordpress\/ -->\n<title>Manavgat\u2019ta iki otomobil \u00e7arp\u0131\u015ft\u0131 - Av. Deniz Can K\u0131z\u0131l<\/title>\n<meta name=\"robots\" content=\"index, follow, max-snippet:-1, max-image-preview:large, max-video-preview:-1\" \/>\n<link rel=\"canonical\" href=\"https:\/\/denizcankizil.tr\/de\/haberler\/antalya\/manavgatta-iki-otomobil-carpisti\/\" \/>\n<meta property=\"og:locale\" content=\"de_DE\" \/>\n<meta property=\"og:type\" content=\"article\" \/>\n<meta property=\"og:title\" content=\"Manavgat\u2019ta iki otomobil \u00e7arp\u0131\u015ft\u0131\" \/>\n<meta property=\"og:description\" content=\"Manavgat- Antalya D-400 Karayolu \u00fczerinde meydana gelen trafik kazas\u0131nda Antalya istikametine gitmekte olan Abdullah O.\u2019un kulland\u0131\u011f\u0131 07 BVP 938 plakal\u0131 ara\u00e7, \u00c7olakl\u0131 Mahallesi kav\u015fak sisteminde Ay\u015feg\u00fcl Y.\u2019nin kulland\u0131\u011f\u0131 07 ADA 857 plakal\u0131 otomobil ile \u00e7arp\u0131\u015ft\u0131. Kaza s\u0131ras\u0131nda trafik \u0131\u015f\u0131klar\u0131n\u0131n \u00e7al\u0131\u015fmad\u0131\u011f\u0131 belirtilirken yaral\u0131lardan 07 ADA 857 plakal\u0131 ara\u00e7ta yolcu olarak bulunan Sultan Y. ve 07 BVP 938 plakal\u0131 ara\u00e7ta yolcu olarak bulunan Ali O. 112 sa\u011fl\u0131k ekiplerinin olay yerindeki ilk m\u00fcdahalesinin ard\u0131ndan ambulansla Manavgat Devlet Hastanesine kald\u0131r\u0131ld\u0131. Kaynak: www.kanalv.com.tr Haber Sitesinden Al\u0131nm\u0131\u015ft\u0131r.\" \/>\n<meta property=\"og:url\" content=\"https:\/\/denizcankizil.tr\/de\/haberler\/antalya\/manavgatta-iki-otomobil-carpisti\/\" \/>\n<meta property=\"og:site_name\" content=\"Av. Deniz Can K\u0131z\u0131l\" \/>\n<meta property=\"article:published_time\" content=\"2025-02-06T09:41:40+00:00\" \/>\n<meta property=\"og:image\" content=\"https:\/\/denizcankizil.tr\/wp-content\/uploads\/2025\/02\/4498-01-DmQAS1.jpeg\" \/>\n\t<meta property=\"og:image:width\" content=\"1280\" \/>\n\t<meta property=\"og:image:height\" content=\"720\" \/>\n\t<meta property=\"og:image:type\" content=\"image\/jpeg\" \/>\n<meta name=\"author\" content=\"Av. Deniz Can K\u0131z\u0131l\" \/>\n<meta name=\"twitter:card\" content=\"summary_large_image\" \/>\n<meta name=\"twitter:label1\" content=\"Verfasst von\" \/>\n\t<meta name=\"twitter:data1\" content=\"Av. Deniz Can K\u0131z\u0131l\" \/>\n<script type=\"application\/ld+json\" class=\"yoast-schema-graph\">{\"@context\":\"https:\/\/schema.org\",\"@graph\":[{\"@type\":\"Article\",\"@id\":\"https:\/\/denizcankizil.tr\/de\/haberler\/antalya\/manavgatta-iki-otomobil-carpisti\/#article\",\"isPartOf\":{\"@id\":\"https:\/\/denizcankizil.tr\/de\/haberler\/antalya\/manavgatta-iki-otomobil-carpisti\/\"},\"author\":{\"name\":\"Av. Deniz Can K\u0131z\u0131l\",\"@id\":\"https:\/\/denizcankizil.tr\/#\/schema\/person\/5dc1b22991bd7ac833867c10afc9b0ff\"},\"headline\":\"Manavgat\u2019ta iki otomobil \u00e7arp\u0131\u015ft\u0131\",\"datePublished\":\"2025-02-06T09:41:40+00:00\",\"mainEntityOfPage\":{\"@id\":\"https:\/\/denizcankizil.tr\/de\/haberler\/antalya\/manavgatta-iki-otomobil-carpisti\/\"},\"wordCount\":105,\"commentCount\":0,\"publisher\":{\"@id\":\"https:\/\/denizcankizil.tr\/#organization\"},\"image\":{\"@id\":\"https:\/\/denizcankizil.tr\/de\/haberler\/antalya\/manavgatta-iki-otomobil-carpisti\/#primaryimage\"},\"thumbnailUrl\":\"https:\/\/denizcankizil.tr\/wp-content\/uploads\/2025\/02\/4498-01-DmQAS1.jpeg\",\"articleSection\":[\"Antalya\"],\"inLanguage\":\"de\",\"potentialAction\":[{\"@type\":\"CommentAction\",\"name\":\"Comment\",\"target\":[\"https:\/\/denizcankizil.tr\/de\/haberler\/antalya\/manavgatta-iki-otomobil-carpisti\/#respond\"]}]},{\"@type\":\"WebPage\",\"@id\":\"https:\/\/denizcankizil.tr\/de\/haberler\/antalya\/manavgatta-iki-otomobil-carpisti\/\",\"url\":\"https:\/\/denizcankizil.tr\/de\/haberler\/antalya\/manavgatta-iki-otomobil-carpisti\/\",\"name\":\"Manavgat\u2019ta iki otomobil \u00e7arp\u0131\u015ft\u0131 - Av. Deniz Can K\u0131z\u0131l\",\"isPartOf\":{\"@id\":\"https:\/\/denizcankizil.tr\/#website\"},\"primaryImageOfPage\":{\"@id\":\"https:\/\/denizcankizil.tr\/de\/haberler\/antalya\/manavgatta-iki-otomobil-carpisti\/#primaryimage\"},\"image\":{\"@id\":\"https:\/\/denizcankizil.tr\/de\/haberler\/antalya\/manavgatta-iki-otomobil-carpisti\/#primaryimage\"},\"thumbnailUrl\":\"https:\/\/denizcankizil.tr\/wp-content\/uploads\/2025\/02\/4498-01-DmQAS1.jpeg\",\"datePublished\":\"2025-02-06T09:41:40+00:00\",\"breadcrumb\":{\"@id\":\"https:\/\/denizcankizil.tr\/de\/haberler\/antalya\/manavgatta-iki-otomobil-carpisti\/#breadcrumb\"},\"inLanguage\":\"de\",\"potentialAction\":[{\"@type\":\"ReadAction\",\"target\":[\"https:\/\/denizcankizil.tr\/de\/haberler\/antalya\/manavgatta-iki-otomobil-carpisti\/\"]}]},{\"@type\":\"ImageObject\",\"inLanguage\":\"de\",\"@id\":\"https:\/\/denizcankizil.tr\/de\/haberler\/antalya\/manavgatta-iki-otomobil-carpisti\/#primaryimage\",\"url\":\"https:\/\/denizcankizil.tr\/wp-content\/uploads\/2025\/02\/4498-01-DmQAS1.jpeg\",\"contentUrl\":\"https:\/\/denizcankizil.tr\/wp-content\/uploads\/2025\/02\/4498-01-DmQAS1.jpeg\",\"width\":1280,\"height\":720},{\"@type\":\"BreadcrumbList\",\"@id\":\"https:\/\/denizcankizil.tr\/de\/haberler\/antalya\/manavgatta-iki-otomobil-carpisti\/#breadcrumb\",\"itemListElement\":[{\"@type\":\"ListItem\",\"position\":1,\"name\":\"Home\",\"item\":\"https:\/\/denizcankizil.tr\/uk\/\"},{\"@type\":\"ListItem\",\"position\":2,\"name\":\"Manavgat\u2019ta iki otomobil \u00e7arp\u0131\u015ft\u0131\"}]},{\"@type\":\"WebSite\",\"@id\":\"https:\/\/denizcankizil.tr\/#website\",\"url\":\"https:\/\/denizcankizil.tr\/\",\"name\":\"Av. Deniz Can K\u0131z\u0131l\",\"description\":\"Avukat Deniz Can K\u0131z\u0131l Antalya Barosu\",\"publisher\":{\"@id\":\"https:\/\/denizcankizil.tr\/#organization\"},\"potentialAction\":[{\"@type\":\"SearchAction\",\"target\":{\"@type\":\"EntryPoint\",\"urlTemplate\":\"https:\/\/denizcankizil.tr\/?s={search_term_string}\"},\"query-input\":{\"@type\":\"PropertyValueSpecification\",\"valueRequired\":true,\"valueName\":\"search_term_string\"}}],\"inLanguage\":\"de\"},{\"@type\":\"Organization\",\"@id\":\"https:\/\/denizcankizil.tr\/#organization\",\"name\":\"Av. Deniz Can K\u0131z\u0131l\",\"url\":\"https:\/\/denizcankizil.tr\/\",\"logo\":{\"@type\":\"ImageObject\",\"inLanguage\":\"de\",\"@id\":\"https:\/\/denizcankizil.tr\/#\/schema\/logo\/image\/\",\"url\":\"https:\/\/denizcankizil.tr\/wp-content\/uploads\/2024\/10\/siyah-logo-svg.svg\",\"contentUrl\":\"https:\/\/denizcankizil.tr\/wp-content\/uploads\/2024\/10\/siyah-logo-svg.svg\",\"width\":1080,\"height\":1080,\"caption\":\"Av. Deniz Can K\u0131z\u0131l\"},\"image\":{\"@id\":\"https:\/\/denizcankizil.tr\/#\/schema\/logo\/image\/\"}},{\"@type\":\"Person\",\"@id\":\"https:\/\/denizcankizil.tr\/#\/schema\/person\/5dc1b22991bd7ac833867c10afc9b0ff\",\"name\":\"Av. Deniz Can K\u0131z\u0131l\",\"image\":{\"@type\":\"ImageObject\",\"inLanguage\":\"de\",\"@id\":\"https:\/\/denizcankizil.tr\/#\/schema\/person\/image\/\",\"url\":\"https:\/\/secure.gravatar.com\/avatar\/a0b128fb9855c79efc976d5640eedb31dc35ec297594d6016d2cf7c60e975bb6?s=96&d=mm&r=g\",\"contentUrl\":\"https:\/\/secure.gravatar.com\/avatar\/a0b128fb9855c79efc976d5640eedb31dc35ec297594d6016d2cf7c60e975bb6?s=96&d=mm&r=g\",\"caption\":\"Av. Deniz Can K\u0131z\u0131l\"},\"sameAs\":[\"http:\/\/www.denizcankizil.tr\"],\"url\":\"https:\/\/denizcankizil.tr\/de\/author\/denizcankizil\/\"}]}<\/script>\n<!-- \/ Yoast SEO Premium plugin. -->","yoast_head_json":{"title":"Manavgat\u2019ta iki otomobil \u00e7arp\u0131\u015ft\u0131 - Av. Deniz Can K\u0131z\u0131l","robots":{"index":"index","follow":"follow","max-snippet":"max-snippet:-1","max-image-preview":"max-image-preview:large","max-video-preview":"max-video-preview:-1"},"canonical":"https:\/\/denizcankizil.tr\/de\/haberler\/antalya\/manavgatta-iki-otomobil-carpisti\/","og_locale":"de_DE","og_type":"article","og_title":"Manavgat\u2019ta iki otomobil \u00e7arp\u0131\u015ft\u0131","og_description":"Manavgat- Antalya D-400 Karayolu \u00fczerinde meydana gelen trafik kazas\u0131nda Antalya istikametine gitmekte olan Abdullah O.\u2019un kulland\u0131\u011f\u0131 07 BVP 938 plakal\u0131 ara\u00e7, \u00c7olakl\u0131 Mahallesi kav\u015fak sisteminde Ay\u015feg\u00fcl Y.\u2019nin kulland\u0131\u011f\u0131 07 ADA 857 plakal\u0131 otomobil ile \u00e7arp\u0131\u015ft\u0131. Kaza s\u0131ras\u0131nda trafik \u0131\u015f\u0131klar\u0131n\u0131n \u00e7al\u0131\u015fmad\u0131\u011f\u0131 belirtilirken yaral\u0131lardan 07 ADA 857 plakal\u0131 ara\u00e7ta yolcu olarak bulunan Sultan Y. ve 07 BVP 938 plakal\u0131 ara\u00e7ta yolcu olarak bulunan Ali O. 112 sa\u011fl\u0131k ekiplerinin olay yerindeki ilk m\u00fcdahalesinin ard\u0131ndan ambulansla Manavgat Devlet Hastanesine kald\u0131r\u0131ld\u0131. Kaynak: www.kanalv.com.tr Haber Sitesinden Al\u0131nm\u0131\u015ft\u0131r.","og_url":"https:\/\/denizcankizil.tr\/de\/haberler\/antalya\/manavgatta-iki-otomobil-carpisti\/","og_site_name":"Av. Deniz Can K\u0131z\u0131l","article_published_time":"2025-02-06T09:41:40+00:00","og_image":[{"width":1280,"height":720,"url":"https:\/\/denizcankizil.tr\/wp-content\/uploads\/2025\/02\/4498-01-DmQAS1.jpeg","type":"image\/jpeg"}],"author":"Av. Deniz Can K\u0131z\u0131l","twitter_card":"summary_large_image","twitter_misc":{"Verfasst von":"Av. Deniz Can K\u0131z\u0131l"},"schema":{"@context":"https:\/\/schema.org","@graph":[{"@type":"Article","@id":"https:\/\/denizcankizil.tr\/de\/haberler\/antalya\/manavgatta-iki-otomobil-carpisti\/#article","isPartOf":{"@id":"https:\/\/denizcankizil.tr\/de\/haberler\/antalya\/manavgatta-iki-otomobil-carpisti\/"},"author":{"name":"Av. Deniz Can K\u0131z\u0131l","@id":"https:\/\/denizcankizil.tr\/#\/schema\/person\/5dc1b22991bd7ac833867c10afc9b0ff"},"headline":"Manavgat\u2019ta iki otomobil \u00e7arp\u0131\u015ft\u0131","datePublished":"2025-02-06T09:41:40+00:00","mainEntityOfPage":{"@id":"https:\/\/denizcankizil.tr\/de\/haberler\/antalya\/manavgatta-iki-otomobil-carpisti\/"},"wordCount":105,"commentCount":0,"publisher":{"@id":"https:\/\/denizcankizil.tr\/#organization"},"image":{"@id":"https:\/\/denizcankizil.tr\/de\/haberler\/antalya\/manavgatta-iki-otomobil-carpisti\/#primaryimage"},"thumbnailUrl":"https:\/\/denizcankizil.tr\/wp-content\/uploads\/2025\/02\/4498-01-DmQAS1.jpeg","articleSection":["Antalya"],"inLanguage":"de","potentialAction":[{"@type":"CommentAction","name":"Comment","target":["https:\/\/denizcankizil.tr\/de\/haberler\/antalya\/manavgatta-iki-otomobil-carpisti\/#respond"]}]},{"@type":"WebPage","@id":"https:\/\/denizcankizil.tr\/de\/haberler\/antalya\/manavgatta-iki-otomobil-carpisti\/","url":"https:\/\/denizcankizil.tr\/de\/haberler\/antalya\/manavgatta-iki-otomobil-carpisti\/","name":"Manavgat\u2019ta iki otomobil \u00e7arp\u0131\u015ft\u0131 - Av. Deniz Can K\u0131z\u0131l","isPartOf":{"@id":"https:\/\/denizcankizil.tr\/#website"},"primaryImageOfPage":{"@id":"https:\/\/denizcankizil.tr\/de\/haberler\/antalya\/manavgatta-iki-otomobil-carpisti\/#primaryimage"},"image":{"@id":"https:\/\/denizcankizil.tr\/de\/haberler\/antalya\/manavgatta-iki-otomobil-carpisti\/#primaryimage"},"thumbnailUrl":"https:\/\/denizcankizil.tr\/wp-content\/uploads\/2025\/02\/4498-01-DmQAS1.jpeg","datePublished":"2025-02-06T09:41:40+00:00","breadcrumb":{"@id":"https:\/\/denizcankizil.tr\/de\/haberler\/antalya\/manavgatta-iki-otomobil-carpisti\/#breadcrumb"},"inLanguage":"de","potentialAction":[{"@type":"ReadAction","target":["https:\/\/denizcankizil.tr\/de\/haberler\/antalya\/manavgatta-iki-otomobil-carpisti\/"]}]},{"@type":"ImageObject","inLanguage":"de","@id":"https:\/\/denizcankizil.tr\/de\/haberler\/antalya\/manavgatta-iki-otomobil-carpisti\/#primaryimage","url":"https:\/\/denizcankizil.tr\/wp-content\/uploads\/2025\/02\/4498-01-DmQAS1.jpeg","contentUrl":"https:\/\/denizcankizil.tr\/wp-content\/uploads\/2025\/02\/4498-01-DmQAS1.jpeg","width":1280,"height":720},{"@type":"BreadcrumbList","@id":"https:\/\/denizcankizil.tr\/de\/haberler\/antalya\/manavgatta-iki-otomobil-carpisti\/#breadcrumb","itemListElement":[{"@type":"ListItem","position":1,"name":"Home","item":"https:\/\/denizcankizil.tr\/uk\/"},{"@type":"ListItem","position":2,"name":"Manavgat\u2019ta iki otomobil \u00e7arp\u0131\u015ft\u0131"}]},{"@type":"WebSite","@id":"https:\/\/denizcankizil.tr\/#website","url":"https:\/\/denizcankizil.tr\/","name":"Av. Deniz Can K\u0131z\u0131l","description":"Avukat Deniz Can K\u0131z\u0131l Antalya Barosu","publisher":{"@id":"https:\/\/denizcankizil.tr\/#organization"},"potentialAction":[{"@type":"SearchAction","target":{"@type":"EntryPoint","urlTemplate":"https:\/\/denizcankizil.tr\/?s={search_term_string}"},"query-input":{"@type":"PropertyValueSpecification","valueRequired":true,"valueName":"search_term_string"}}],"inLanguage":"de"},{"@type":"Organization","@id":"https:\/\/denizcankizil.tr\/#organization","name":"Av. Deniz Can K\u0131z\u0131l","url":"https:\/\/denizcankizil.tr\/","logo":{"@type":"ImageObject","inLanguage":"de","@id":"https:\/\/denizcankizil.tr\/#\/schema\/logo\/image\/","url":"https:\/\/denizcankizil.tr\/wp-content\/uploads\/2024\/10\/siyah-logo-svg.svg","contentUrl":"https:\/\/denizcankizil.tr\/wp-content\/uploads\/2024\/10\/siyah-logo-svg.svg","width":1080,"height":1080,"caption":"Av. Deniz Can K\u0131z\u0131l"},"image":{"@id":"https:\/\/denizcankizil.tr\/#\/schema\/logo\/image\/"}},{"@type":"Person","@id":"https:\/\/denizcankizil.tr\/#\/schema\/person\/5dc1b22991bd7ac833867c10afc9b0ff","name":"Av. Deniz Can K\u0131z\u0131l","image":{"@type":"ImageObject","inLanguage":"de","@id":"https:\/\/denizcankizil.tr\/#\/schema\/person\/image\/","url":"https:\/\/secure.gravatar.com\/avatar\/a0b128fb9855c79efc976d5640eedb31dc35ec297594d6016d2cf7c60e975bb6?s=96&d=mm&r=g","contentUrl":"https:\/\/secure.gravatar.com\/avatar\/a0b128fb9855c79efc976d5640eedb31dc35ec297594d6016d2cf7c60e975bb6?s=96&d=mm&r=g","caption":"Av. Deniz Can K\u0131z\u0131l"},"sameAs":["http:\/\/www.denizcankizil.tr"],"url":"https:\/\/denizcankizil.tr\/de\/author\/denizcankizil\/"}]}},"_links":{"self":[{"href":"https:\/\/denizcankizil.tr\/de\/wp-json\/wp\/v2\/posts\/30651","targetHints":{"allow":["GET"]}}],"collection":[{"href":"https:\/\/denizcankizil.tr\/de\/wp-json\/wp\/v2\/posts"}],"about":[{"href":"https:\/\/denizcankizil.tr\/de\/wp-json\/wp\/v2\/types\/post"}],"author":[{"embeddable":true,"href":"https:\/\/denizcankizil.tr\/de\/wp-json\/wp\/v2\/users\/4"}],"replies":[{"embeddable":true,"href":"https:\/\/denizcankizil.tr\/de\/wp-json\/wp\/v2\/comments?post=30651"}],"version-history":[{"count":0,"href":"https:\/\/denizcankizil.tr\/de\/wp-json\/wp\/v2\/posts\/30651\/revisions"}],"wp:featuredmedia":[{"embeddable":true,"href":"https:\/\/denizcankizil.tr\/de\/wp-json\/wp\/v2\/media\/30652"}],"wp:attachment":[{"href":"https:\/\/denizcankizil.tr\/de\/wp-json\/wp\/v2\/media?parent=30651"}],"wp:term":[{"taxonomy":"category","embeddable":true,"href":"https:\/\/denizcankizil.tr\/de\/wp-json\/wp\/v2\/categories?post=30651"},{"taxonomy":"post_tag","embeddable":true,"href":"https:\/\/denizcankizil.tr\/de\/wp-json\/wp\/v2\/tags?post=30651"}],"curies":[{"name":"wp","href":"https:\/\/api.w.org\/{rel}","templated":true}]}}