{"id":30366,"date":"2025-02-05T13:42:01","date_gmt":"2025-02-05T10:42:01","guid":{"rendered":"https:\/\/denizcankizil.tr\/uncategorized-tr\/antalyada-oldrulen-17-yasindaki-ardanin-davasinda-yeni-gelisme\/"},"modified":"2025-02-05T13:42:01","modified_gmt":"2025-02-05T10:42:01","slug":"antalyada-oldrulen-17-yasindaki-ardanin-davasinda-yeni-gelisme","status":"publish","type":"post","link":"https:\/\/denizcankizil.tr\/de\/haberler\/gundem\/antalyada-oldrulen-17-yasindaki-ardanin-davasinda-yeni-gelisme\/","title":{"rendered":"Antalya\u2019da \u00f6ld*r\u00fclen 17 ya\u015f\u0131ndaki Arda&#8217;n\u0131n davas\u0131nda yeni geli\u015fme"},"content":{"rendered":"<p>Olay, 17 Mart 2024&#8217;te saat 21.30 s\u0131ralar\u0131nda Antalya\u2019n\u0131n D\u00f6\u015femealt\u0131 il\u00e7esine ba\u011fl\u0131 Ye\u015filbay\u0131r Mahallesi yer alan oto y\u0131kamac\u0131da meydana geldi. Oto y\u0131kamac\u0131da i\u015fe ba\u015flayan Arda Ba\u011fu\u00e7, Sercan Baki Davran, Enes Emre K., kald\u0131klar\u0131 konteynerde birlikte alkol almaya ba\u015flad\u0131. Telefonda k\u0131z arkada\u015f\u0131yla konu\u015fan Sercan Baki Davran&#8217;\u0131n elindeki tabanca, iddiaya g\u00f6re Arda Ba\u011fu\u00e7&#8217;un ba\u015f\u0131na do\u011fru tuttu\u011fu s\u0131rada ate\u015f ald\u0131. Silah sesini duyan \u00e7evredekilerin ihbar\u0131 \u00fczerine b\u00f6lgeye ekipler sevk edildi. K\u0131sa s\u00fcrede gelen sa\u011fl\u0131k ekibi, Arda Ba\u011fu\u00e7&#8217;un hayat\u0131n\u0131 kaybetti\u011fini belirledi. Savc\u0131l\u0131k ve olay yeri inceleme ekiplerinin \u00e7al\u0131\u015fmas\u0131n\u0131n ard\u0131ndan Ba\u011fu\u00e7&#8217;un cans\u0131z bedeni, otopsi yap\u0131lmak \u00fczere Adli T\u0131p Kurumu morguna kald\u0131r\u0131ld\u0131.<\/p>\n<p>G\u00d6ZALTINA ALINDILAR\u00a0<\/p>\n<p>Arkada\u015flar\u0131 ifadelerinde, Ba\u011fu\u00e7&#8217;un intihar etti\u011fini ileri s\u00fcrd\u00fc. Asayi\u015f \u015eube M\u00fcd\u00fcrl\u00fc\u011f\u00fc Cinayet B\u00fcro Amirli\u011fi ekipleri, tabancan\u0131n bulundu\u011fu konum ile ate\u015f edilen noktan\u0131n farkl\u0131l\u0131k g\u00f6sterdi\u011fini belirledi. G\u00f6zalt\u0131na al\u0131narak Cinayet B\u00fcro Amirli\u011fi&#8217;ne g\u00f6t\u00fcr\u00fclen Enes Emre K.&#8217;nin ifadesinde; Sercan Baki Davran&#8217;\u0131n Ba\u011fu\u00e7&#8217;a tabancayla ate\u015f etti\u011fini s\u00f6yledi\u011fi \u00f6\u011frenildi. Sercan Baki Davran&#8217;\u0131n cinayeti i\u015fledi\u011fini itiraf eden Enes Emre K., i\u015flemleri sonras\u0131 adli kontrol \u015fart\u0131yla serbest b\u0131rak\u0131ld\u0131. Ba\u011fu\u00e7&#8217;u tabanca ile ba\u015f\u0131ndan vurduktan sonra polise &#8216;intihar etti&#8217; diyen ve su\u00e7lamalar\u0131 kabul etmeyen Sercan Baki Davran ise &#8216;Kasten \u00f6ld\u00fcrme&#8217; su\u00e7undan tutukland\u0131.<\/p>\n<p>YARGILAMA BA\u015eLADI\u00a0<\/p>\n<p>Olayla ilgili san\u0131klar, Antalya 5. A\u011f\u0131r Ceza Mahkemesi&#8217;nde ilk kez hakim kar\u015f\u0131s\u0131na \u00e7\u0131kt\u0131. &#8216;Kasten \u00f6ld\u00fcrme&#8217; su\u00e7undan tutuklu yarg\u0131lanan san\u0131k Sercan Baki Davran ve &#8216;Delilleri yok etme, gizleme ve de\u011fi\u015ftirme&#8217; su\u00e7uyla tutuksuz yarg\u0131lanan san\u0131klar \u015e.T., H.M. ve H.A. salonda haz\u0131r bulundu. Farkl\u0131 bir su\u00e7tan tutuklu bulunan ve &#8216;Delilleri yok etme, gizleme ve de\u011fi\u015ftirme&#8217; su\u00e7undan yarg\u0131lanan Enes Emre K. ise Ses ve G\u00f6r\u00fcnt\u00fc Bili\u015fim Sistemi (SEGB\u0130S) ile duru\u015fmaya kat\u0131ld\u0131.<\/p>\n<p>\u201cBEN \u00d6LD\u00dcRMED\u0130M, \u0130NT\u0130HAR ETT\u0130\u201d<\/p>\n<p>Mahkemede savunma yapan Sercan Baki Davran, &#8220;Maktul ve Enes Emre K. ile oturuyorduk. Telefonla konu\u015furken bir anda silah sesi duydum. Maktul\u00fcn ba\u015f\u0131n\u0131n \u00f6ne e\u011filmi\u015f durumda oldu\u011funu g\u00f6rd\u00fcm. Yakla\u015f\u0131nca ba\u015f\u0131n\u0131n sa\u011f kulak \u00fczerinde kan oldu\u011funu fark ettim. Konteynerden \u00e7\u0131karak ambulans \u00e7a\u011f\u0131r\u0131lmas\u0131n\u0131 istedim. Sonra tekrar i\u00e7eri girdi\u011fimde nabz\u0131na bakt\u0131m, at\u0131yordu. Hemen yaras\u0131n\u0131n \u00fczerine tampon yapt\u0131m. Maktul\u00fc ben \u00f6ld\u00fcrmedim, intihar etti&#8221; dedi.<\/p>\n<p>\u201cOLAYLA \u0130LG\u0130M YOK\u201d<\/p>\n<p>Sercan Baki Davran, olay an\u0131nda kendisine ait ruhsats\u0131z silah\u0131n yan\u0131nda bulundu\u011funu, maktul\u00fcn elinde de silah oldu\u011funu ileri s\u00fcrd\u00fc ve olay\u0131n ard\u0131ndan silah\u0131n\u0131 yak\u0131ndaki markete b\u0131rakt\u0131\u011f\u0131n\u0131 s\u00f6yledi. Tutuksuz san\u0131k Enes Emre K. ise polis merkezindeki ilk ifadesinin aksine olay an\u0131nda maktul ve Sercan Baki Davran&#8217;da silah oldu\u011funu s\u00f6yledi. Sercan Baki Davran ile benzer savunmay\u0131 yapan Enes Emre K., &#8220;Arda d\u0131\u015far\u0131ya \u00e7\u0131k\u0131p kafas\u0131na s\u0131kt\u0131, hemen ambulans \u00e7a\u011fr\u0131lmas\u0131n\u0131 istedim. Olayla ilgim yok &#8221; diye konu\u015ftu.<\/p>\n<p>S\u0130LAH MARKETTEYM\u0130\u015e\u00a0<\/p>\n<p>Market sahibi \u015e.T., olay an\u0131nda konteynerde olan Sercan Baki Davran ile Enes Emre K.&#8217;nin marketine gelerek kendisine silah b\u0131rakt\u0131klar\u0131n\u0131, ard\u0131ndan ko\u015farak uzakla\u015ft\u0131klar\u0131n\u0131 belirtti. \u015e.T. olay yerine ekiplerin gelmesinin ard\u0131ndan san\u0131klardan H.M.&#8217;yi arad\u0131\u011f\u0131n\u0131, d\u00fckkanda silah bulundu\u011funu s\u00f6yledi\u011fini, ard\u0131ndan tutuksuz san\u0131k H.A.&#8217;n\u0131n da d\u00fckkana gelerek siyah po\u015fet i\u00e7erisindeki silah\u0131 ald\u0131\u011f\u0131n\u0131 s\u00f6yledi. Olay g\u00fcn\u00fc ya\u015fananlar\u0131 anlatan H.M., &#8220;Market sahibi \u015e.T. d\u00fckkan\u0131na \u00e7a\u011f\u0131rd\u0131. Siyah po\u015fetin i\u00e7inde silah vard\u0131. \u015e.T. &#8216;Sercan b\u0131rakt\u0131&#8217; deyince almamas\u0131 gerekti\u011fini belirterek k\u0131zd\u0131m. Marketin mutfak k\u0131sm\u0131nda silah\u0131 H.A.&#8217;ya verdim. Polise silah\u0131n H.A.&#8217;da oldu\u011funu s\u00f6yledim&#8221; diye konu\u015ftu.<\/p>\n<p>DURU\u015eMA ERTELEND\u0130\u00a0<\/p>\n<p>Tutuksuz san\u0131k H.A. da &#8220;1-2 saat sonra polis arayarak silah\u0131 sordu. Ben de konum att\u0131m. Gelip beni ald\u0131lar&#8221; dedi. Dosyada eksiklikler bulundu\u011funu belirten mahkeme heyeti, san\u0131k Sercan Baki Davran&#8217;\u0131n tutuklulu\u011funun devam\u0131na karar vererek duru\u015fmay\u0131 erteledi.\u00a0<\/p>\n<p>\u200bAntalya\u2019n\u0131n D\u00f6\u015femealt\u0131 il\u00e7esinde tabancayla ba\u015f\u0131ndan vurularak \u00f6ld*r\u00fclen Arda Ba\u011fu\u00e7&#8217;un (17)  davas\u0131nda yeni bir geli\u015fmeler ya\u015fand\u0131 Tutuklu san\u0131k Sercan Baki Davran (27), savunmas\u0131nda, maktul\u00fc \u00f6ld*rmedi\u011fini, Arda&#8217;n\u0131n int*har etti\u011fini ileri s\u00fcrd\u00fc.\u00a0<\/p>\n<p>\u200bHaberin Al\u0131nt\u0131land\u0131\u011f\u0131 Kaynak: www.antalyakorfez.com<\/p>","protected":false},"excerpt":{"rendered":"<p>Olay, 17 Mart 2024&#8217;te saat 21.30 s\u0131ralar\u0131nda Antalya\u2019n\u0131n D\u00f6\u015femealt\u0131 il\u00e7esine ba\u011fl\u0131 Ye\u015filbay\u0131r Mahallesi yer alan oto y\u0131kamac\u0131da meydana geldi. Oto y\u0131kamac\u0131da i\u015fe ba\u015flayan Arda Ba\u011fu\u00e7, Sercan Baki Davran, Enes Emre K., kald\u0131klar\u0131 konteynerde birlikte alkol almaya ba\u015flad\u0131. Telefonda k\u0131z arkada\u015f\u0131yla konu\u015fan Sercan Baki Davran&#8217;\u0131n elindeki tabanca, iddiaya g\u00f6re Arda Ba\u011fu\u00e7&#8217;un ba\u015f\u0131na do\u011fru tuttu\u011fu s\u0131rada ate\u015f ald\u0131. Silah sesini duyan \u00e7evredekilerin ihbar\u0131 \u00fczerine b\u00f6lgeye ekipler sevk edildi. K\u0131sa s\u00fcrede gelen sa\u011fl\u0131k ekibi, Arda Ba\u011fu\u00e7&#8217;un hayat\u0131n\u0131 kaybetti\u011fini belirledi. Savc\u0131l\u0131k ve olay yeri inceleme ekiplerinin \u00e7al\u0131\u015fmas\u0131n\u0131n ard\u0131ndan Ba\u011fu\u00e7&#8217;un cans\u0131z bedeni, otopsi yap\u0131lmak \u00fczere Adli T\u0131p Kurumu morguna kald\u0131r\u0131ld\u0131. G\u00d6ZALTINA ALINDILAR\u00a0 Arkada\u015flar\u0131 ifadelerinde, Ba\u011fu\u00e7&#8217;un intihar etti\u011fini ileri s\u00fcrd\u00fc. Asayi\u015f \u015eube M\u00fcd\u00fcrl\u00fc\u011f\u00fc Cinayet B\u00fcro Amirli\u011fi ekipleri, tabancan\u0131n bulundu\u011fu konum ile ate\u015f edilen noktan\u0131n farkl\u0131l\u0131k g\u00f6sterdi\u011fini belirledi. G\u00f6zalt\u0131na al\u0131narak Cinayet B\u00fcro Amirli\u011fi&#8217;ne g\u00f6t\u00fcr\u00fclen Enes Emre K.&#8217;nin ifadesinde; Sercan Baki Davran&#8217;\u0131n Ba\u011fu\u00e7&#8217;a tabancayla ate\u015f etti\u011fini s\u00f6yledi\u011fi \u00f6\u011frenildi. Sercan Baki Davran&#8217;\u0131n cinayeti i\u015fledi\u011fini itiraf eden Enes Emre K., i\u015flemleri sonras\u0131 adli kontrol \u015fart\u0131yla serbest b\u0131rak\u0131ld\u0131. Ba\u011fu\u00e7&#8217;u tabanca ile ba\u015f\u0131ndan vurduktan sonra polise &#8216;intihar etti&#8217; diyen ve su\u00e7lamalar\u0131 kabul etmeyen Sercan Baki Davran ise &#8216;Kasten \u00f6ld\u00fcrme&#8217; su\u00e7undan tutukland\u0131. YARGILAMA BA\u015eLADI\u00a0 Olayla ilgili san\u0131klar, Antalya 5. A\u011f\u0131r Ceza Mahkemesi&#8217;nde ilk kez hakim kar\u015f\u0131s\u0131na \u00e7\u0131kt\u0131. &#8216;Kasten \u00f6ld\u00fcrme&#8217; su\u00e7undan tutuklu yarg\u0131lanan san\u0131k &hellip;<\/p>","protected":false},"author":5,"featured_media":0,"comment_status":"open","ping_status":"open","sticky":false,"template":"","format":"standard","meta":{"_acf_changed":false,"footnotes":""},"categories":[24],"tags":[],"class_list":["post-30366","post","type-post","status-publish","format-standard","has-post-thumbnail","hentry","category-gundem"],"acf":[],"yoast_head":"<!-- This site is optimized with the Yoast SEO Premium plugin v26.6 (Yoast SEO v27.1.1) - https:\/\/yoast.com\/product\/yoast-seo-premium-wordpress\/ -->\n<title>Antalya\u2019da \u00f6ld*r\u00fclen 17 ya\u015f\u0131ndaki Arda&#039;n\u0131n davas\u0131nda yeni geli\u015fme - Av. Deniz Can K\u0131z\u0131l<\/title>\n<meta name=\"robots\" content=\"index, follow, max-snippet:-1, max-image-preview:large, max-video-preview:-1\" \/>\n<link rel=\"canonical\" href=\"https:\/\/denizcankizil.tr\/de\/haberler\/gundem\/antalyada-oldrulen-17-yasindaki-ardanin-davasinda-yeni-gelisme\/\" \/>\n<meta property=\"og:locale\" content=\"de_DE\" \/>\n<meta property=\"og:type\" content=\"article\" \/>\n<meta property=\"og:title\" content=\"Antalya\u2019da \u00f6ld*r\u00fclen 17 ya\u015f\u0131ndaki Arda&#039;n\u0131n davas\u0131nda yeni geli\u015fme\" \/>\n<meta property=\"og:description\" content=\"Olay, 17 Mart 2024&#8217;te saat 21.30 s\u0131ralar\u0131nda Antalya\u2019n\u0131n D\u00f6\u015femealt\u0131 il\u00e7esine ba\u011fl\u0131 Ye\u015filbay\u0131r Mahallesi yer alan oto y\u0131kamac\u0131da meydana geldi. Oto y\u0131kamac\u0131da i\u015fe ba\u015flayan Arda Ba\u011fu\u00e7, Sercan Baki Davran, Enes Emre K., kald\u0131klar\u0131 konteynerde birlikte alkol almaya ba\u015flad\u0131. Telefonda k\u0131z arkada\u015f\u0131yla konu\u015fan Sercan Baki Davran&#8217;\u0131n elindeki tabanca, iddiaya g\u00f6re Arda Ba\u011fu\u00e7&#8217;un ba\u015f\u0131na do\u011fru tuttu\u011fu s\u0131rada ate\u015f ald\u0131. Silah sesini duyan \u00e7evredekilerin ihbar\u0131 \u00fczerine b\u00f6lgeye ekipler sevk edildi. K\u0131sa s\u00fcrede gelen sa\u011fl\u0131k ekibi, Arda Ba\u011fu\u00e7&#8217;un hayat\u0131n\u0131 kaybetti\u011fini belirledi. Savc\u0131l\u0131k ve olay yeri inceleme ekiplerinin \u00e7al\u0131\u015fmas\u0131n\u0131n ard\u0131ndan Ba\u011fu\u00e7&#8217;un cans\u0131z bedeni, otopsi yap\u0131lmak \u00fczere Adli T\u0131p Kurumu morguna kald\u0131r\u0131ld\u0131. G\u00d6ZALTINA ALINDILAR\u00a0 Arkada\u015flar\u0131 ifadelerinde, Ba\u011fu\u00e7&#8217;un intihar etti\u011fini ileri s\u00fcrd\u00fc. Asayi\u015f \u015eube M\u00fcd\u00fcrl\u00fc\u011f\u00fc Cinayet B\u00fcro Amirli\u011fi ekipleri, tabancan\u0131n bulundu\u011fu konum ile ate\u015f edilen noktan\u0131n farkl\u0131l\u0131k g\u00f6sterdi\u011fini belirledi. G\u00f6zalt\u0131na al\u0131narak Cinayet B\u00fcro Amirli\u011fi&#8217;ne g\u00f6t\u00fcr\u00fclen Enes Emre K.&#8217;nin ifadesinde; Sercan Baki Davran&#8217;\u0131n Ba\u011fu\u00e7&#8217;a tabancayla ate\u015f etti\u011fini s\u00f6yledi\u011fi \u00f6\u011frenildi. Sercan Baki Davran&#8217;\u0131n cinayeti i\u015fledi\u011fini itiraf eden Enes Emre K., i\u015flemleri sonras\u0131 adli kontrol \u015fart\u0131yla serbest b\u0131rak\u0131ld\u0131. Ba\u011fu\u00e7&#8217;u tabanca ile ba\u015f\u0131ndan vurduktan sonra polise &#8216;intihar etti&#8217; diyen ve su\u00e7lamalar\u0131 kabul etmeyen Sercan Baki Davran ise &#8216;Kasten \u00f6ld\u00fcrme&#8217; su\u00e7undan tutukland\u0131. YARGILAMA BA\u015eLADI\u00a0 Olayla ilgili san\u0131klar, Antalya 5. A\u011f\u0131r Ceza Mahkemesi&#8217;nde ilk kez hakim kar\u015f\u0131s\u0131na \u00e7\u0131kt\u0131. &#8216;Kasten \u00f6ld\u00fcrme&#8217; su\u00e7undan tutuklu yarg\u0131lanan san\u0131k &hellip;\" \/>\n<meta property=\"og:url\" content=\"https:\/\/denizcankizil.tr\/de\/haberler\/gundem\/antalyada-oldrulen-17-yasindaki-ardanin-davasinda-yeni-gelisme\/\" \/>\n<meta property=\"og:site_name\" content=\"Av. Deniz Can K\u0131z\u0131l\" \/>\n<meta property=\"article:published_time\" content=\"2025-02-05T10:42:01+00:00\" \/>\n<meta name=\"author\" content=\"Antalya K\u00f6rfez\" \/>\n<meta name=\"twitter:card\" content=\"summary_large_image\" \/>\n<meta name=\"twitter:label1\" content=\"Verfasst von\" \/>\n\t<meta name=\"twitter:data1\" content=\"Antalya K\u00f6rfez\" \/>\n\t<meta name=\"twitter:label2\" content=\"Gesch\u00e4tzte Lesezeit\" \/>\n\t<meta name=\"twitter:data2\" content=\"4\u00a0Minuten\" \/>\n<script type=\"application\/ld+json\" class=\"yoast-schema-graph\">{\"@context\":\"https:\/\/schema.org\",\"@graph\":[{\"@type\":\"Article\",\"@id\":\"https:\/\/denizcankizil.tr\/de\/haberler\/gundem\/antalyada-oldrulen-17-yasindaki-ardanin-davasinda-yeni-gelisme\/#article\",\"isPartOf\":{\"@id\":\"https:\/\/denizcankizil.tr\/de\/haberler\/gundem\/antalyada-oldrulen-17-yasindaki-ardanin-davasinda-yeni-gelisme\/\"},\"author\":{\"name\":\"Antalya K\u00f6rfez\",\"@id\":\"https:\/\/denizcankizil.tr\/#\/schema\/person\/e1eb71bb4dd684d46563f0af307e1234\"},\"headline\":\"Antalya\u2019da \u00f6ld*r\u00fclen 17 ya\u015f\u0131ndaki Arda&#8217;n\u0131n davas\u0131nda yeni geli\u015fme\",\"datePublished\":\"2025-02-05T10:42:01+00:00\",\"mainEntityOfPage\":{\"@id\":\"https:\/\/denizcankizil.tr\/de\/haberler\/gundem\/antalyada-oldrulen-17-yasindaki-ardanin-davasinda-yeni-gelisme\/\"},\"wordCount\":823,\"commentCount\":0,\"publisher\":{\"@id\":\"https:\/\/denizcankizil.tr\/#organization\"},\"articleSection\":[\"G\u00fcndem\"],\"inLanguage\":\"de\",\"potentialAction\":[{\"@type\":\"CommentAction\",\"name\":\"Comment\",\"target\":[\"https:\/\/denizcankizil.tr\/de\/haberler\/gundem\/antalyada-oldrulen-17-yasindaki-ardanin-davasinda-yeni-gelisme\/#respond\"]}]},{\"@type\":\"WebPage\",\"@id\":\"https:\/\/denizcankizil.tr\/de\/haberler\/gundem\/antalyada-oldrulen-17-yasindaki-ardanin-davasinda-yeni-gelisme\/\",\"url\":\"https:\/\/denizcankizil.tr\/de\/haberler\/gundem\/antalyada-oldrulen-17-yasindaki-ardanin-davasinda-yeni-gelisme\/\",\"name\":\"Antalya\u2019da \u00f6ld*r\u00fclen 17 ya\u015f\u0131ndaki Arda'n\u0131n davas\u0131nda yeni geli\u015fme - Av. Deniz Can K\u0131z\u0131l\",\"isPartOf\":{\"@id\":\"https:\/\/denizcankizil.tr\/#website\"},\"datePublished\":\"2025-02-05T10:42:01+00:00\",\"breadcrumb\":{\"@id\":\"https:\/\/denizcankizil.tr\/de\/haberler\/gundem\/antalyada-oldrulen-17-yasindaki-ardanin-davasinda-yeni-gelisme\/#breadcrumb\"},\"inLanguage\":\"de\",\"potentialAction\":[{\"@type\":\"ReadAction\",\"target\":[\"https:\/\/denizcankizil.tr\/de\/haberler\/gundem\/antalyada-oldrulen-17-yasindaki-ardanin-davasinda-yeni-gelisme\/\"]}]},{\"@type\":\"BreadcrumbList\",\"@id\":\"https:\/\/denizcankizil.tr\/de\/haberler\/gundem\/antalyada-oldrulen-17-yasindaki-ardanin-davasinda-yeni-gelisme\/#breadcrumb\",\"itemListElement\":[{\"@type\":\"ListItem\",\"position\":1,\"name\":\"Home\",\"item\":\"https:\/\/denizcankizil.tr\/uk\/\"},{\"@type\":\"ListItem\",\"position\":2,\"name\":\"Antalya\u2019da \u00f6ld*r\u00fclen 17 ya\u015f\u0131ndaki Arda&#8217;n\u0131n davas\u0131nda yeni geli\u015fme\"}]},{\"@type\":\"WebSite\",\"@id\":\"https:\/\/denizcankizil.tr\/#website\",\"url\":\"https:\/\/denizcankizil.tr\/\",\"name\":\"Av. Deniz Can K\u0131z\u0131l\",\"description\":\"Avukat Deniz Can K\u0131z\u0131l Antalya Barosu\",\"publisher\":{\"@id\":\"https:\/\/denizcankizil.tr\/#organization\"},\"potentialAction\":[{\"@type\":\"SearchAction\",\"target\":{\"@type\":\"EntryPoint\",\"urlTemplate\":\"https:\/\/denizcankizil.tr\/?s={search_term_string}\"},\"query-input\":{\"@type\":\"PropertyValueSpecification\",\"valueRequired\":true,\"valueName\":\"search_term_string\"}}],\"inLanguage\":\"de\"},{\"@type\":\"Organization\",\"@id\":\"https:\/\/denizcankizil.tr\/#organization\",\"name\":\"Av. Deniz Can K\u0131z\u0131l\",\"url\":\"https:\/\/denizcankizil.tr\/\",\"logo\":{\"@type\":\"ImageObject\",\"inLanguage\":\"de\",\"@id\":\"https:\/\/denizcankizil.tr\/#\/schema\/logo\/image\/\",\"url\":\"https:\/\/denizcankizil.tr\/wp-content\/uploads\/2024\/10\/siyah-logo-svg.svg\",\"contentUrl\":\"https:\/\/denizcankizil.tr\/wp-content\/uploads\/2024\/10\/siyah-logo-svg.svg\",\"width\":1080,\"height\":1080,\"caption\":\"Av. Deniz Can K\u0131z\u0131l\"},\"image\":{\"@id\":\"https:\/\/denizcankizil.tr\/#\/schema\/logo\/image\/\"}},{\"@type\":\"Person\",\"@id\":\"https:\/\/denizcankizil.tr\/#\/schema\/person\/e1eb71bb4dd684d46563f0af307e1234\",\"name\":\"Antalya K\u00f6rfez\",\"image\":{\"@type\":\"ImageObject\",\"inLanguage\":\"de\",\"@id\":\"https:\/\/denizcankizil.tr\/#\/schema\/person\/image\/\",\"url\":\"https:\/\/secure.gravatar.com\/avatar\/42b01982558a48a0b501fdcab6a408d3717ea5919095ee2e67b0e521799c5905?s=96&d=mm&r=g\",\"contentUrl\":\"https:\/\/secure.gravatar.com\/avatar\/42b01982558a48a0b501fdcab6a408d3717ea5919095ee2e67b0e521799c5905?s=96&d=mm&r=g\",\"caption\":\"Antalya K\u00f6rfez\"},\"sameAs\":[\"http:\/\/www.antalyakorfez.com\"],\"url\":\"https:\/\/www.antalyakorfez.com\/antalyada-oldrulen-17-yasindaki-ardanin-davasinda-yeni-gelisme\"}]}<\/script>\n<!-- \/ Yoast SEO Premium plugin. -->","yoast_head_json":{"title":"Antalya\u2019da \u00f6ld*r\u00fclen 17 ya\u015f\u0131ndaki Arda'n\u0131n davas\u0131nda yeni geli\u015fme - Av. Deniz Can K\u0131z\u0131l","robots":{"index":"index","follow":"follow","max-snippet":"max-snippet:-1","max-image-preview":"max-image-preview:large","max-video-preview":"max-video-preview:-1"},"canonical":"https:\/\/denizcankizil.tr\/de\/haberler\/gundem\/antalyada-oldrulen-17-yasindaki-ardanin-davasinda-yeni-gelisme\/","og_locale":"de_DE","og_type":"article","og_title":"Antalya\u2019da \u00f6ld*r\u00fclen 17 ya\u015f\u0131ndaki Arda'n\u0131n davas\u0131nda yeni geli\u015fme","og_description":"Olay, 17 Mart 2024&#8217;te saat 21.30 s\u0131ralar\u0131nda Antalya\u2019n\u0131n D\u00f6\u015femealt\u0131 il\u00e7esine ba\u011fl\u0131 Ye\u015filbay\u0131r Mahallesi yer alan oto y\u0131kamac\u0131da meydana geldi. Oto y\u0131kamac\u0131da i\u015fe ba\u015flayan Arda Ba\u011fu\u00e7, Sercan Baki Davran, Enes Emre K., kald\u0131klar\u0131 konteynerde birlikte alkol almaya ba\u015flad\u0131. Telefonda k\u0131z arkada\u015f\u0131yla konu\u015fan Sercan Baki Davran&#8217;\u0131n elindeki tabanca, iddiaya g\u00f6re Arda Ba\u011fu\u00e7&#8217;un ba\u015f\u0131na do\u011fru tuttu\u011fu s\u0131rada ate\u015f ald\u0131. Silah sesini duyan \u00e7evredekilerin ihbar\u0131 \u00fczerine b\u00f6lgeye ekipler sevk edildi. K\u0131sa s\u00fcrede gelen sa\u011fl\u0131k ekibi, Arda Ba\u011fu\u00e7&#8217;un hayat\u0131n\u0131 kaybetti\u011fini belirledi. Savc\u0131l\u0131k ve olay yeri inceleme ekiplerinin \u00e7al\u0131\u015fmas\u0131n\u0131n ard\u0131ndan Ba\u011fu\u00e7&#8217;un cans\u0131z bedeni, otopsi yap\u0131lmak \u00fczere Adli T\u0131p Kurumu morguna kald\u0131r\u0131ld\u0131. G\u00d6ZALTINA ALINDILAR\u00a0 Arkada\u015flar\u0131 ifadelerinde, Ba\u011fu\u00e7&#8217;un intihar etti\u011fini ileri s\u00fcrd\u00fc. Asayi\u015f \u015eube M\u00fcd\u00fcrl\u00fc\u011f\u00fc Cinayet B\u00fcro Amirli\u011fi ekipleri, tabancan\u0131n bulundu\u011fu konum ile ate\u015f edilen noktan\u0131n farkl\u0131l\u0131k g\u00f6sterdi\u011fini belirledi. G\u00f6zalt\u0131na al\u0131narak Cinayet B\u00fcro Amirli\u011fi&#8217;ne g\u00f6t\u00fcr\u00fclen Enes Emre K.&#8217;nin ifadesinde; Sercan Baki Davran&#8217;\u0131n Ba\u011fu\u00e7&#8217;a tabancayla ate\u015f etti\u011fini s\u00f6yledi\u011fi \u00f6\u011frenildi. Sercan Baki Davran&#8217;\u0131n cinayeti i\u015fledi\u011fini itiraf eden Enes Emre K., i\u015flemleri sonras\u0131 adli kontrol \u015fart\u0131yla serbest b\u0131rak\u0131ld\u0131. Ba\u011fu\u00e7&#8217;u tabanca ile ba\u015f\u0131ndan vurduktan sonra polise &#8216;intihar etti&#8217; diyen ve su\u00e7lamalar\u0131 kabul etmeyen Sercan Baki Davran ise &#8216;Kasten \u00f6ld\u00fcrme&#8217; su\u00e7undan tutukland\u0131. YARGILAMA BA\u015eLADI\u00a0 Olayla ilgili san\u0131klar, Antalya 5. A\u011f\u0131r Ceza Mahkemesi&#8217;nde ilk kez hakim kar\u015f\u0131s\u0131na \u00e7\u0131kt\u0131. &#8216;Kasten \u00f6ld\u00fcrme&#8217; su\u00e7undan tutuklu yarg\u0131lanan san\u0131k &hellip;","og_url":"https:\/\/denizcankizil.tr\/de\/haberler\/gundem\/antalyada-oldrulen-17-yasindaki-ardanin-davasinda-yeni-gelisme\/","og_site_name":"Av. Deniz Can K\u0131z\u0131l","article_published_time":"2025-02-05T10:42:01+00:00","author":"Antalya K\u00f6rfez","twitter_card":"summary_large_image","twitter_misc":{"Verfasst von":"Antalya K\u00f6rfez","Gesch\u00e4tzte Lesezeit":"4\u00a0Minuten"},"schema":{"@context":"https:\/\/schema.org","@graph":[{"@type":"Article","@id":"https:\/\/denizcankizil.tr\/de\/haberler\/gundem\/antalyada-oldrulen-17-yasindaki-ardanin-davasinda-yeni-gelisme\/#article","isPartOf":{"@id":"https:\/\/denizcankizil.tr\/de\/haberler\/gundem\/antalyada-oldrulen-17-yasindaki-ardanin-davasinda-yeni-gelisme\/"},"author":{"name":"Antalya K\u00f6rfez","@id":"https:\/\/denizcankizil.tr\/#\/schema\/person\/e1eb71bb4dd684d46563f0af307e1234"},"headline":"Antalya\u2019da \u00f6ld*r\u00fclen 17 ya\u015f\u0131ndaki Arda&#8217;n\u0131n davas\u0131nda yeni geli\u015fme","datePublished":"2025-02-05T10:42:01+00:00","mainEntityOfPage":{"@id":"https:\/\/denizcankizil.tr\/de\/haberler\/gundem\/antalyada-oldrulen-17-yasindaki-ardanin-davasinda-yeni-gelisme\/"},"wordCount":823,"commentCount":0,"publisher":{"@id":"https:\/\/denizcankizil.tr\/#organization"},"articleSection":["G\u00fcndem"],"inLanguage":"de","potentialAction":[{"@type":"CommentAction","name":"Comment","target":["https:\/\/denizcankizil.tr\/de\/haberler\/gundem\/antalyada-oldrulen-17-yasindaki-ardanin-davasinda-yeni-gelisme\/#respond"]}]},{"@type":"WebPage","@id":"https:\/\/denizcankizil.tr\/de\/haberler\/gundem\/antalyada-oldrulen-17-yasindaki-ardanin-davasinda-yeni-gelisme\/","url":"https:\/\/denizcankizil.tr\/de\/haberler\/gundem\/antalyada-oldrulen-17-yasindaki-ardanin-davasinda-yeni-gelisme\/","name":"Antalya\u2019da \u00f6ld*r\u00fclen 17 ya\u015f\u0131ndaki Arda'n\u0131n davas\u0131nda yeni geli\u015fme - Av. Deniz Can K\u0131z\u0131l","isPartOf":{"@id":"https:\/\/denizcankizil.tr\/#website"},"datePublished":"2025-02-05T10:42:01+00:00","breadcrumb":{"@id":"https:\/\/denizcankizil.tr\/de\/haberler\/gundem\/antalyada-oldrulen-17-yasindaki-ardanin-davasinda-yeni-gelisme\/#breadcrumb"},"inLanguage":"de","potentialAction":[{"@type":"ReadAction","target":["https:\/\/denizcankizil.tr\/de\/haberler\/gundem\/antalyada-oldrulen-17-yasindaki-ardanin-davasinda-yeni-gelisme\/"]}]},{"@type":"BreadcrumbList","@id":"https:\/\/denizcankizil.tr\/de\/haberler\/gundem\/antalyada-oldrulen-17-yasindaki-ardanin-davasinda-yeni-gelisme\/#breadcrumb","itemListElement":[{"@type":"ListItem","position":1,"name":"Home","item":"https:\/\/denizcankizil.tr\/uk\/"},{"@type":"ListItem","position":2,"name":"Antalya\u2019da \u00f6ld*r\u00fclen 17 ya\u015f\u0131ndaki Arda&#8217;n\u0131n davas\u0131nda yeni geli\u015fme"}]},{"@type":"WebSite","@id":"https:\/\/denizcankizil.tr\/#website","url":"https:\/\/denizcankizil.tr\/","name":"Av. Deniz Can K\u0131z\u0131l","description":"Avukat Deniz Can K\u0131z\u0131l Antalya Barosu","publisher":{"@id":"https:\/\/denizcankizil.tr\/#organization"},"potentialAction":[{"@type":"SearchAction","target":{"@type":"EntryPoint","urlTemplate":"https:\/\/denizcankizil.tr\/?s={search_term_string}"},"query-input":{"@type":"PropertyValueSpecification","valueRequired":true,"valueName":"search_term_string"}}],"inLanguage":"de"},{"@type":"Organization","@id":"https:\/\/denizcankizil.tr\/#organization","name":"Av. Deniz Can K\u0131z\u0131l","url":"https:\/\/denizcankizil.tr\/","logo":{"@type":"ImageObject","inLanguage":"de","@id":"https:\/\/denizcankizil.tr\/#\/schema\/logo\/image\/","url":"https:\/\/denizcankizil.tr\/wp-content\/uploads\/2024\/10\/siyah-logo-svg.svg","contentUrl":"https:\/\/denizcankizil.tr\/wp-content\/uploads\/2024\/10\/siyah-logo-svg.svg","width":1080,"height":1080,"caption":"Av. Deniz Can K\u0131z\u0131l"},"image":{"@id":"https:\/\/denizcankizil.tr\/#\/schema\/logo\/image\/"}},{"@type":"Person","@id":"https:\/\/denizcankizil.tr\/#\/schema\/person\/e1eb71bb4dd684d46563f0af307e1234","name":"Antalya K\u00f6rfez","image":{"@type":"ImageObject","inLanguage":"de","@id":"https:\/\/denizcankizil.tr\/#\/schema\/person\/image\/","url":"https:\/\/secure.gravatar.com\/avatar\/42b01982558a48a0b501fdcab6a408d3717ea5919095ee2e67b0e521799c5905?s=96&d=mm&r=g","contentUrl":"https:\/\/secure.gravatar.com\/avatar\/42b01982558a48a0b501fdcab6a408d3717ea5919095ee2e67b0e521799c5905?s=96&d=mm&r=g","caption":"Antalya K\u00f6rfez"},"sameAs":["http:\/\/www.antalyakorfez.com"],"url":"https:\/\/www.antalyakorfez.com\/antalyada-oldrulen-17-yasindaki-ardanin-davasinda-yeni-gelisme"}]}},"_links":{"self":[{"href":"https:\/\/denizcankizil.tr\/de\/wp-json\/wp\/v2\/posts\/30366","targetHints":{"allow":["GET"]}}],"collection":[{"href":"https:\/\/denizcankizil.tr\/de\/wp-json\/wp\/v2\/posts"}],"about":[{"href":"https:\/\/denizcankizil.tr\/de\/wp-json\/wp\/v2\/types\/post"}],"author":[{"embeddable":true,"href":"https:\/\/denizcankizil.tr\/de\/wp-json\/wp\/v2\/users\/5"}],"replies":[{"embeddable":true,"href":"https:\/\/denizcankizil.tr\/de\/wp-json\/wp\/v2\/comments?post=30366"}],"version-history":[{"count":0,"href":"https:\/\/denizcankizil.tr\/de\/wp-json\/wp\/v2\/posts\/30366\/revisions"}],"wp:attachment":[{"href":"https:\/\/denizcankizil.tr\/de\/wp-json\/wp\/v2\/media?parent=30366"}],"wp:term":[{"taxonomy":"category","embeddable":true,"href":"https:\/\/denizcankizil.tr\/de\/wp-json\/wp\/v2\/categories?post=30366"},{"taxonomy":"post_tag","embeddable":true,"href":"https:\/\/denizcankizil.tr\/de\/wp-json\/wp\/v2\/tags?post=30366"}],"curies":[{"name":"wp","href":"https:\/\/api.w.org\/{rel}","templated":true}]}}