{"id":30316,"date":"2025-02-05T10:42:02","date_gmt":"2025-02-05T07:42:02","guid":{"rendered":"https:\/\/denizcankizil.tr\/uncategorized-tr\/igfada-22-saat-04-subat-2025-sali\/"},"modified":"2025-02-05T10:42:02","modified_gmt":"2025-02-05T07:42:02","slug":"igfada-22-saat-04-subat-2025-sali","status":"publish","type":"post","link":"https:\/\/denizcankizil.tr\/de\/haberler\/gundem\/igfada-22-saat-04-subat-2025-sali\/","title":{"rendered":"\u0130GFA&#8217;da 22. Saat&#8230; 04 \u015eubat 2025 Sal\u0131"},"content":{"rendered":"<p>G\u00fcn biterken, g\u00fcn\u00fcn \u00f6ne \u00e7\u0131kan haberlerini \u0130GFA&#8217;da 22. Saat&#8217;te sizler i\u00e7in bir araya getirdik.BURSA (\u0130GFA) &#8211; G\u00fcn biterken, g\u00fcn\u00fcn \u00f6ne \u00e7\u0131kan haberlerini bir araya getirdik.<br \/>\n\u0130\u015fte 04 \u015eubat Sal\u0131 g\u00fcn\u00fc \u0130GFA&#8217;da 22. saatten \u00f6ne \u00e7\u0131kan ba\u015fl\u0131klar&#8230;<\/p>\n<p>Ve daha bir \u00e7ok haber www.igfhaber.com &#8216;da<br \/>\n&#8220;Haber payla\u015f\u0131nca g\u00fczel&#8230;&#8221;<\/p>\n<p>\u200bG\u00fcn biterken, g\u00fcn\u00fcn \u00f6ne \u00e7\u0131kan haberlerini \u0130GFA&#8217;da 22. Saat&#8217;te sizler i\u00e7in bir araya getirdik.BURSA (\u0130GFA) &#8211; G\u00fcn biterken, g\u00fcn\u00fcn \u00f6ne \u00e7\u0131kan haberlerini bir araya getirdik.<br \/>\n\u0130\u015fte 04 \u015eubat Sal\u0131 g\u00fcn\u00fc \u0130GFA&#8217;da 22. saatten \u00f6ne \u00e7\u0131kan ba\u015fl\u0131klar&#8230;<\/p>\n<p>Ve daha bir \u00e7ok haber www.igfhaber.com &#8216;da<br \/>\n&#8220;Haber payla\u015f\u0131nca g\u00fczel&#8230;&#8221;\u00a0<\/p>\n<p>\u200bHaberin Al\u0131nt\u0131land\u0131\u011f\u0131 Kaynak: www.iskenderun.org<\/p>","protected":false},"excerpt":{"rendered":"<p>G\u00fcn biterken, g\u00fcn\u00fcn \u00f6ne \u00e7\u0131kan haberlerini \u0130GFA&#8217;da 22. Saat&#8217;te sizler i\u00e7in bir araya getirdik.BURSA (\u0130GFA) &#8211; G\u00fcn biterken, g\u00fcn\u00fcn \u00f6ne \u00e7\u0131kan haberlerini bir araya getirdik. \u0130\u015fte 04 \u015eubat Sal\u0131 g\u00fcn\u00fc \u0130GFA&#8217;da 22. saatten \u00f6ne \u00e7\u0131kan ba\u015fl\u0131klar&#8230; Ve daha bir \u00e7ok haber www.igfhaber.com &#8216;da &#8220;Haber payla\u015f\u0131nca g\u00fczel&#8230;&#8221; \u200bG\u00fcn biterken, g\u00fcn\u00fcn \u00f6ne \u00e7\u0131kan haberlerini \u0130GFA&#8217;da 22. Saat&#8217;te sizler i\u00e7in bir araya getirdik.BURSA (\u0130GFA) &#8211; G\u00fcn biterken, g\u00fcn\u00fcn \u00f6ne \u00e7\u0131kan haberlerini bir araya getirdik. \u0130\u015fte 04 \u015eubat Sal\u0131 g\u00fcn\u00fc \u0130GFA&#8217;da 22. saatten \u00f6ne \u00e7\u0131kan ba\u015fl\u0131klar&#8230; Ve daha bir \u00e7ok haber www.igfhaber.com &#8216;da &#8220;Haber payla\u015f\u0131nca g\u00fczel&#8230;&#8221;\u00a0 \u200bHaberin Al\u0131nt\u0131land\u0131\u011f\u0131 Kaynak: www.iskenderun.org<\/p>","protected":false},"author":1,"featured_media":0,"comment_status":"open","ping_status":"open","sticky":false,"template":"","format":"standard","meta":{"_acf_changed":false,"footnotes":""},"categories":[24],"tags":[],"class_list":["post-30316","post","type-post","status-publish","format-standard","has-post-thumbnail","hentry","category-gundem"],"acf":[],"yoast_head":"<!-- This site is optimized with the Yoast SEO Premium plugin v26.6 (Yoast SEO v27.1.1) - https:\/\/yoast.com\/product\/yoast-seo-premium-wordpress\/ -->\n<title>\u0130GFA&#039;da 22. Saat... 04 \u015eubat 2025 Sal\u0131 - Av. Deniz Can K\u0131z\u0131l<\/title>\n<meta name=\"robots\" content=\"index, follow, max-snippet:-1, max-image-preview:large, max-video-preview:-1\" \/>\n<link rel=\"canonical\" href=\"https:\/\/denizcankizil.tr\/de\/haberler\/gundem\/igfada-22-saat-04-subat-2025-sali\/\" \/>\n<meta property=\"og:locale\" content=\"de_DE\" \/>\n<meta property=\"og:type\" content=\"article\" \/>\n<meta property=\"og:title\" content=\"\u0130GFA&#039;da 22. Saat... 04 \u015eubat 2025 Sal\u0131\" \/>\n<meta property=\"og:description\" content=\"G\u00fcn biterken, g\u00fcn\u00fcn \u00f6ne \u00e7\u0131kan haberlerini \u0130GFA&#8217;da 22. Saat&#8217;te sizler i\u00e7in bir araya getirdik.BURSA (\u0130GFA) &#8211; G\u00fcn biterken, g\u00fcn\u00fcn \u00f6ne \u00e7\u0131kan haberlerini bir araya getirdik. \u0130\u015fte 04 \u015eubat Sal\u0131 g\u00fcn\u00fc \u0130GFA&#8217;da 22. saatten \u00f6ne \u00e7\u0131kan ba\u015fl\u0131klar&#8230; Ve daha bir \u00e7ok haber www.igfhaber.com &#8216;da &#8220;Haber payla\u015f\u0131nca g\u00fczel&#8230;&#8221; \u200bG\u00fcn biterken, g\u00fcn\u00fcn \u00f6ne \u00e7\u0131kan haberlerini \u0130GFA&#8217;da 22. Saat&#8217;te sizler i\u00e7in bir araya getirdik.BURSA (\u0130GFA) &#8211; G\u00fcn biterken, g\u00fcn\u00fcn \u00f6ne \u00e7\u0131kan haberlerini bir araya getirdik. \u0130\u015fte 04 \u015eubat Sal\u0131 g\u00fcn\u00fc \u0130GFA&#8217;da 22. saatten \u00f6ne \u00e7\u0131kan ba\u015fl\u0131klar&#8230; Ve daha bir \u00e7ok haber www.igfhaber.com &#8216;da &#8220;Haber payla\u015f\u0131nca g\u00fczel&#8230;&#8221;\u00a0 \u200bHaberin Al\u0131nt\u0131land\u0131\u011f\u0131 Kaynak: www.iskenderun.org\" \/>\n<meta property=\"og:url\" content=\"https:\/\/denizcankizil.tr\/de\/haberler\/gundem\/igfada-22-saat-04-subat-2025-sali\/\" \/>\n<meta property=\"og:site_name\" content=\"Av. Deniz Can K\u0131z\u0131l\" \/>\n<meta property=\"article:published_time\" content=\"2025-02-05T07:42:02+00:00\" \/>\n<meta name=\"author\" content=\"admin\" \/>\n<meta name=\"twitter:card\" content=\"summary_large_image\" \/>\n<meta name=\"twitter:label1\" content=\"Verfasst von\" \/>\n\t<meta name=\"twitter:data1\" content=\"admin\" \/>\n\t<meta name=\"twitter:label2\" content=\"Gesch\u00e4tzte Lesezeit\" \/>\n\t<meta name=\"twitter:data2\" content=\"1\u00a0Minute\" \/>\n<script type=\"application\/ld+json\" class=\"yoast-schema-graph\">{\"@context\":\"https:\/\/schema.org\",\"@graph\":[{\"@type\":\"Article\",\"@id\":\"https:\/\/denizcankizil.tr\/de\/haberler\/gundem\/igfada-22-saat-04-subat-2025-sali\/#article\",\"isPartOf\":{\"@id\":\"https:\/\/denizcankizil.tr\/de\/haberler\/gundem\/igfada-22-saat-04-subat-2025-sali\/\"},\"author\":{\"name\":\"admin\",\"@id\":\"https:\/\/denizcankizil.tr\/#\/schema\/person\/be3c05fe6a12686905512445d8185489\"},\"headline\":\"\u0130GFA&#8217;da 22. Saat&#8230; 04 \u015eubat 2025 Sal\u0131\",\"datePublished\":\"2025-02-05T07:42:02+00:00\",\"mainEntityOfPage\":{\"@id\":\"https:\/\/denizcankizil.tr\/de\/haberler\/gundem\/igfada-22-saat-04-subat-2025-sali\/\"},\"wordCount\":135,\"commentCount\":0,\"publisher\":{\"@id\":\"https:\/\/denizcankizil.tr\/#organization\"},\"articleSection\":[\"G\u00fcndem\"],\"inLanguage\":\"de\",\"potentialAction\":[{\"@type\":\"CommentAction\",\"name\":\"Comment\",\"target\":[\"https:\/\/denizcankizil.tr\/de\/haberler\/gundem\/igfada-22-saat-04-subat-2025-sali\/#respond\"]}]},{\"@type\":\"WebPage\",\"@id\":\"https:\/\/denizcankizil.tr\/de\/haberler\/gundem\/igfada-22-saat-04-subat-2025-sali\/\",\"url\":\"https:\/\/denizcankizil.tr\/de\/haberler\/gundem\/igfada-22-saat-04-subat-2025-sali\/\",\"name\":\"\u0130GFA'da 22. Saat... 04 \u015eubat 2025 Sal\u0131 - Av. Deniz Can K\u0131z\u0131l\",\"isPartOf\":{\"@id\":\"https:\/\/denizcankizil.tr\/#website\"},\"datePublished\":\"2025-02-05T07:42:02+00:00\",\"breadcrumb\":{\"@id\":\"https:\/\/denizcankizil.tr\/de\/haberler\/gundem\/igfada-22-saat-04-subat-2025-sali\/#breadcrumb\"},\"inLanguage\":\"de\",\"potentialAction\":[{\"@type\":\"ReadAction\",\"target\":[\"https:\/\/denizcankizil.tr\/de\/haberler\/gundem\/igfada-22-saat-04-subat-2025-sali\/\"]}]},{\"@type\":\"BreadcrumbList\",\"@id\":\"https:\/\/denizcankizil.tr\/de\/haberler\/gundem\/igfada-22-saat-04-subat-2025-sali\/#breadcrumb\",\"itemListElement\":[{\"@type\":\"ListItem\",\"position\":1,\"name\":\"Home\",\"item\":\"https:\/\/denizcankizil.tr\/uk\/\"},{\"@type\":\"ListItem\",\"position\":2,\"name\":\"\u0130GFA&#8217;da 22. Saat&#8230; 04 \u015eubat 2025 Sal\u0131\"}]},{\"@type\":\"WebSite\",\"@id\":\"https:\/\/denizcankizil.tr\/#website\",\"url\":\"https:\/\/denizcankizil.tr\/\",\"name\":\"Av. Deniz Can K\u0131z\u0131l\",\"description\":\"Avukat Deniz Can K\u0131z\u0131l Antalya Barosu\",\"publisher\":{\"@id\":\"https:\/\/denizcankizil.tr\/#organization\"},\"potentialAction\":[{\"@type\":\"SearchAction\",\"target\":{\"@type\":\"EntryPoint\",\"urlTemplate\":\"https:\/\/denizcankizil.tr\/?s={search_term_string}\"},\"query-input\":{\"@type\":\"PropertyValueSpecification\",\"valueRequired\":true,\"valueName\":\"search_term_string\"}}],\"inLanguage\":\"de\"},{\"@type\":\"Organization\",\"@id\":\"https:\/\/denizcankizil.tr\/#organization\",\"name\":\"Av. Deniz Can K\u0131z\u0131l\",\"url\":\"https:\/\/denizcankizil.tr\/\",\"logo\":{\"@type\":\"ImageObject\",\"inLanguage\":\"de\",\"@id\":\"https:\/\/denizcankizil.tr\/#\/schema\/logo\/image\/\",\"url\":\"https:\/\/denizcankizil.tr\/wp-content\/uploads\/2024\/10\/siyah-logo-svg.svg\",\"contentUrl\":\"https:\/\/denizcankizil.tr\/wp-content\/uploads\/2024\/10\/siyah-logo-svg.svg\",\"width\":1080,\"height\":1080,\"caption\":\"Av. Deniz Can K\u0131z\u0131l\"},\"image\":{\"@id\":\"https:\/\/denizcankizil.tr\/#\/schema\/logo\/image\/\"}},{\"@type\":\"Person\",\"@id\":\"https:\/\/denizcankizil.tr\/#\/schema\/person\/be3c05fe6a12686905512445d8185489\",\"name\":\"admin\",\"image\":{\"@type\":\"ImageObject\",\"inLanguage\":\"de\",\"@id\":\"https:\/\/denizcankizil.tr\/#\/schema\/person\/image\/\",\"url\":\"https:\/\/secure.gravatar.com\/avatar\/c1fce94c830dc79107e174f890d7210541c4a63e8e5d816341794a2151c9d58c?s=96&d=mm&r=g\",\"contentUrl\":\"https:\/\/secure.gravatar.com\/avatar\/c1fce94c830dc79107e174f890d7210541c4a63e8e5d816341794a2151c9d58c?s=96&d=mm&r=g\",\"caption\":\"admin\"},\"sameAs\":[\"http:\/\/denizcankizil.tr\"],\"url\":\"https:\/\/www.iskenderun.org\/igfada-22-saat-04-subat-2025-sali\"}]}<\/script>\n<!-- \/ Yoast SEO Premium plugin. -->","yoast_head_json":{"title":"\u0130GFA'da 22. Saat... 04 \u015eubat 2025 Sal\u0131 - Av. Deniz Can K\u0131z\u0131l","robots":{"index":"index","follow":"follow","max-snippet":"max-snippet:-1","max-image-preview":"max-image-preview:large","max-video-preview":"max-video-preview:-1"},"canonical":"https:\/\/denizcankizil.tr\/de\/haberler\/gundem\/igfada-22-saat-04-subat-2025-sali\/","og_locale":"de_DE","og_type":"article","og_title":"\u0130GFA'da 22. Saat... 04 \u015eubat 2025 Sal\u0131","og_description":"G\u00fcn biterken, g\u00fcn\u00fcn \u00f6ne \u00e7\u0131kan haberlerini \u0130GFA&#8217;da 22. Saat&#8217;te sizler i\u00e7in bir araya getirdik.BURSA (\u0130GFA) &#8211; G\u00fcn biterken, g\u00fcn\u00fcn \u00f6ne \u00e7\u0131kan haberlerini bir araya getirdik. \u0130\u015fte 04 \u015eubat Sal\u0131 g\u00fcn\u00fc \u0130GFA&#8217;da 22. saatten \u00f6ne \u00e7\u0131kan ba\u015fl\u0131klar&#8230; Ve daha bir \u00e7ok haber www.igfhaber.com &#8216;da &#8220;Haber payla\u015f\u0131nca g\u00fczel&#8230;&#8221; \u200bG\u00fcn biterken, g\u00fcn\u00fcn \u00f6ne \u00e7\u0131kan haberlerini \u0130GFA&#8217;da 22. Saat&#8217;te sizler i\u00e7in bir araya getirdik.BURSA (\u0130GFA) &#8211; G\u00fcn biterken, g\u00fcn\u00fcn \u00f6ne \u00e7\u0131kan haberlerini bir araya getirdik. \u0130\u015fte 04 \u015eubat Sal\u0131 g\u00fcn\u00fc \u0130GFA&#8217;da 22. saatten \u00f6ne \u00e7\u0131kan ba\u015fl\u0131klar&#8230; Ve daha bir \u00e7ok haber www.igfhaber.com &#8216;da &#8220;Haber payla\u015f\u0131nca g\u00fczel&#8230;&#8221;\u00a0 \u200bHaberin Al\u0131nt\u0131land\u0131\u011f\u0131 Kaynak: www.iskenderun.org","og_url":"https:\/\/denizcankizil.tr\/de\/haberler\/gundem\/igfada-22-saat-04-subat-2025-sali\/","og_site_name":"Av. Deniz Can K\u0131z\u0131l","article_published_time":"2025-02-05T07:42:02+00:00","author":"admin","twitter_card":"summary_large_image","twitter_misc":{"Verfasst von":"admin","Gesch\u00e4tzte Lesezeit":"1\u00a0Minute"},"schema":{"@context":"https:\/\/schema.org","@graph":[{"@type":"Article","@id":"https:\/\/denizcankizil.tr\/de\/haberler\/gundem\/igfada-22-saat-04-subat-2025-sali\/#article","isPartOf":{"@id":"https:\/\/denizcankizil.tr\/de\/haberler\/gundem\/igfada-22-saat-04-subat-2025-sali\/"},"author":{"name":"admin","@id":"https:\/\/denizcankizil.tr\/#\/schema\/person\/be3c05fe6a12686905512445d8185489"},"headline":"\u0130GFA&#8217;da 22. Saat&#8230; 04 \u015eubat 2025 Sal\u0131","datePublished":"2025-02-05T07:42:02+00:00","mainEntityOfPage":{"@id":"https:\/\/denizcankizil.tr\/de\/haberler\/gundem\/igfada-22-saat-04-subat-2025-sali\/"},"wordCount":135,"commentCount":0,"publisher":{"@id":"https:\/\/denizcankizil.tr\/#organization"},"articleSection":["G\u00fcndem"],"inLanguage":"de","potentialAction":[{"@type":"CommentAction","name":"Comment","target":["https:\/\/denizcankizil.tr\/de\/haberler\/gundem\/igfada-22-saat-04-subat-2025-sali\/#respond"]}]},{"@type":"WebPage","@id":"https:\/\/denizcankizil.tr\/de\/haberler\/gundem\/igfada-22-saat-04-subat-2025-sali\/","url":"https:\/\/denizcankizil.tr\/de\/haberler\/gundem\/igfada-22-saat-04-subat-2025-sali\/","name":"\u0130GFA'da 22. Saat... 04 \u015eubat 2025 Sal\u0131 - Av. Deniz Can K\u0131z\u0131l","isPartOf":{"@id":"https:\/\/denizcankizil.tr\/#website"},"datePublished":"2025-02-05T07:42:02+00:00","breadcrumb":{"@id":"https:\/\/denizcankizil.tr\/de\/haberler\/gundem\/igfada-22-saat-04-subat-2025-sali\/#breadcrumb"},"inLanguage":"de","potentialAction":[{"@type":"ReadAction","target":["https:\/\/denizcankizil.tr\/de\/haberler\/gundem\/igfada-22-saat-04-subat-2025-sali\/"]}]},{"@type":"BreadcrumbList","@id":"https:\/\/denizcankizil.tr\/de\/haberler\/gundem\/igfada-22-saat-04-subat-2025-sali\/#breadcrumb","itemListElement":[{"@type":"ListItem","position":1,"name":"Home","item":"https:\/\/denizcankizil.tr\/uk\/"},{"@type":"ListItem","position":2,"name":"\u0130GFA&#8217;da 22. Saat&#8230; 04 \u015eubat 2025 Sal\u0131"}]},{"@type":"WebSite","@id":"https:\/\/denizcankizil.tr\/#website","url":"https:\/\/denizcankizil.tr\/","name":"Av. Deniz Can K\u0131z\u0131l","description":"Avukat Deniz Can K\u0131z\u0131l Antalya Barosu","publisher":{"@id":"https:\/\/denizcankizil.tr\/#organization"},"potentialAction":[{"@type":"SearchAction","target":{"@type":"EntryPoint","urlTemplate":"https:\/\/denizcankizil.tr\/?s={search_term_string}"},"query-input":{"@type":"PropertyValueSpecification","valueRequired":true,"valueName":"search_term_string"}}],"inLanguage":"de"},{"@type":"Organization","@id":"https:\/\/denizcankizil.tr\/#organization","name":"Av. Deniz Can K\u0131z\u0131l","url":"https:\/\/denizcankizil.tr\/","logo":{"@type":"ImageObject","inLanguage":"de","@id":"https:\/\/denizcankizil.tr\/#\/schema\/logo\/image\/","url":"https:\/\/denizcankizil.tr\/wp-content\/uploads\/2024\/10\/siyah-logo-svg.svg","contentUrl":"https:\/\/denizcankizil.tr\/wp-content\/uploads\/2024\/10\/siyah-logo-svg.svg","width":1080,"height":1080,"caption":"Av. Deniz Can K\u0131z\u0131l"},"image":{"@id":"https:\/\/denizcankizil.tr\/#\/schema\/logo\/image\/"}},{"@type":"Person","@id":"https:\/\/denizcankizil.tr\/#\/schema\/person\/be3c05fe6a12686905512445d8185489","name":"Administrator","image":{"@type":"ImageObject","inLanguage":"de","@id":"https:\/\/denizcankizil.tr\/#\/schema\/person\/image\/","url":"https:\/\/secure.gravatar.com\/avatar\/c1fce94c830dc79107e174f890d7210541c4a63e8e5d816341794a2151c9d58c?s=96&d=mm&r=g","contentUrl":"https:\/\/secure.gravatar.com\/avatar\/c1fce94c830dc79107e174f890d7210541c4a63e8e5d816341794a2151c9d58c?s=96&d=mm&r=g","caption":"admin"},"sameAs":["http:\/\/denizcankizil.tr"],"url":"https:\/\/www.iskenderun.org\/igfada-22-saat-04-subat-2025-sali"}]}},"_links":{"self":[{"href":"https:\/\/denizcankizil.tr\/de\/wp-json\/wp\/v2\/posts\/30316","targetHints":{"allow":["GET"]}}],"collection":[{"href":"https:\/\/denizcankizil.tr\/de\/wp-json\/wp\/v2\/posts"}],"about":[{"href":"https:\/\/denizcankizil.tr\/de\/wp-json\/wp\/v2\/types\/post"}],"author":[{"embeddable":true,"href":"https:\/\/denizcankizil.tr\/de\/wp-json\/wp\/v2\/users\/1"}],"replies":[{"embeddable":true,"href":"https:\/\/denizcankizil.tr\/de\/wp-json\/wp\/v2\/comments?post=30316"}],"version-history":[{"count":0,"href":"https:\/\/denizcankizil.tr\/de\/wp-json\/wp\/v2\/posts\/30316\/revisions"}],"wp:attachment":[{"href":"https:\/\/denizcankizil.tr\/de\/wp-json\/wp\/v2\/media?parent=30316"}],"wp:term":[{"taxonomy":"category","embeddable":true,"href":"https:\/\/denizcankizil.tr\/de\/wp-json\/wp\/v2\/categories?post=30316"},{"taxonomy":"post_tag","embeddable":true,"href":"https:\/\/denizcankizil.tr\/de\/wp-json\/wp\/v2\/tags?post=30316"}],"curies":[{"name":"wp","href":"https:\/\/api.w.org\/{rel}","templated":true}]}}