{"id":30299,"date":"2025-02-05T10:41:48","date_gmt":"2025-02-05T07:41:48","guid":{"rendered":"https:\/\/denizcankizil.tr\/uncategorized-tr\/antalyada-buyuk-vandallik-ertugrul-akerin-heykeline-buyuk-saygisizlik\/"},"modified":"2025-02-05T10:41:48","modified_gmt":"2025-02-05T07:41:48","slug":"antalyada-buyuk-vandallik-ertugrul-akerin-heykeline-buyuk-saygisizlik","status":"publish","type":"post","link":"https:\/\/denizcankizil.tr\/de\/haberler\/gundem\/antalyada-buyuk-vandallik-ertugrul-akerin-heykeline-buyuk-saygisizlik\/","title":{"rendered":"Antalya\u2019da b\u00fcy\u00fck vandall\u0131k: Ertu\u011frul Aker\u2019in heykeline b\u00fcy\u00fck sayg\u0131s\u0131zl\u0131k"},"content":{"rendered":"<p>Antalya\u2019da tarihi \u015fahsiyetlerin heykellerine y\u00f6nelik b\u00fcy\u00fck bir vandall\u0131k daha ya\u015fand\u0131. Birinci D\u00fcnya Sava\u015f\u0131\u2019nda \u0130ngiliz deniz u\u00e7a\u011f\u0131 gemisini karadan yapt\u0131\u011f\u0131 top\u00e7u at\u0131\u015flar\u0131yla bat\u0131ran Top\u00e7u Y\u00fczba\u015f\u0131 Mustafa Ertu\u011frul Aker\u2019in heykelin kamas\u0131 sald\u0131r\u0131ya u\u011frayarak k\u0131r\u0131ld\u0131. T\u00fcmamiral ve yazar Cem G\u00fcrdeniz, \u201cT\u00fcrk kahramanl\u0131\u011f\u0131ndaki emsalsiz yerinin fark\u0131nda bile olamayacak kadar cahil, al\u00e7ak ve rezildirler. Onun an\u0131t\u0131na zarar veren Vandallar ya da hainler derhal bulunmal\u0131 ve cezaland\u0131r\u0131lmal\u0131d\u0131r\u201d dedi.<\/p>\n<p>MUSTAFA ERTU\u011eRUL AKER HEYKEL\u0130NE SALDIRI<\/p>\n<p>Antalya\u2019da tarihi \u015fahsiyetlerin heykellerine y\u00f6nelik ya\u015fanan vandall\u0131klara bir yenisi daha eklendi. Birinci D\u00fcnya Sava\u015f\u0131\u2019nda \u0130ngiliz deniz u\u00e7a\u011f\u0131 gemisini karadan yapt\u0131\u011f\u0131 top\u00e7u at\u0131\u015flar\u0131yla bat\u0131ran Top\u00e7u Y\u00fczba\u015f\u0131 Mustafa Ertu\u011frul Aker\u2019in heykeline yap\u0131lan sald\u0131r\u0131 b\u00fcy\u00fck tepki \u00e7ekti. Kimli\u011fi belirsiz ki\u015fi ya da ki\u015filer Mustafa Ertu\u011frul Aker\u2019in Atat\u00fcrk Park\u0131 i\u00e7inde bulunan heykelin kamas\u0131 ki\u015fi veya ki\u015filer taraf\u0131ndan k\u0131r\u0131ld\u0131. Antalya Denizcile\u015fme Platformu Ba\u015fkan\u0131 \u0130zzet \u00dcnl\u00fc skandal\u0131 sosyal medyas\u0131ndan payla\u015ft\u0131. Antalya Sanayici ve \u0130\u015fadamlar\u0131 Derne\u011fi (ANS\u0130AD) Ba\u015fkan\u0131 Ercan \u00d6zbek heykele yap\u0131lan sald\u0131r\u0131ya sert tepki g\u00f6sterdi. Bunun kabul edilemez oldu\u011funu s\u00f6yleyerek k\u0131r\u0131lan kaman\u0131n in k\u0131sa s\u00fcrede yapt\u0131racaklar\u0131n\u0131 s\u00f6yledi. ANS\u0130AD Ba\u015fkan\u0131 Ercan \u00d6zbek, \u201cGerekli tadilatlar i\u00e7in anla\u015fma yap\u0131lm\u0131\u015f olup 10 g\u00fcn i\u00e7inde \u00e7al\u0131\u015fmalar bitirilmi\u015f olacak\u201d dedi.\u00a0<\/p>\n<p>AL\u00c7AK VE REZ\u0130LLER<\/p>\n<p>Antalya K\u00f6rfez Gazetesi muhabiri Ertu\u011frul G\u00fcn&#8217;\u00fcn haberine g\u00f6re T\u00fcmamiral ve yazar Cem G\u00fcrdeniz de olaya tepki verenler aras\u0131nda yer ald\u0131. Sosyal medya hesab\u0131ndan bir a\u00e7\u0131klama yapan G\u00fcrdeniz, \u201cT\u00fcrk milletinin kalbinde m\u00fcstesna yere sahip Top\u00e7u Y\u00fczba\u015f\u0131 Mustafa Ertu\u011frul Aker\u2019in Antalya\u2019daki heykeline zarar veren ki\u015fi veya ki\u015filer onun b\u00fcy\u00fckl\u00fc\u011f\u00fcn\u00fcn ve T\u00fcrk kahramanl\u0131\u011f\u0131ndaki emsalsiz yerinin fark\u0131nda bile olamayacak kadar cahil, al\u00e7ak ve rezildirler. Mustafa Ertu\u011frul\u2019un Birinci D\u00fcnya Sava\u015f\u0131 s\u0131ras\u0131nda 1917 y\u0131l\u0131nda \u0130ngiliz donanmas\u0131na ait d\u00fcnya askeri tarihindeki ilk u\u00e7ak gemisi HMS Ben-my-Chree gemisini Meis yak\u0131nlar\u0131nda da\u011f top\u00e7u bataryas\u0131 ile bat\u0131rd\u0131\u011f\u0131n\u0131 bilirler mi? Ya da ayn\u0131 y\u0131l Frans\u0131z karakol gemisi Paris II\u2019nin 13 Aral\u0131k 1917\u2019de Antalya yak\u0131nlar\u0131nda tuza\u011fa \u00e7ekilerek A\u011fva koyunda k\u0131y\u0131dan bask\u0131n top at\u0131\u015f\u0131yla bat\u0131r\u0131ld\u0131\u011f\u0131n\u0131; ayn\u0131 tarihlerde Frans\u0131z donanmas\u0131 emrindeki Alexandre isimli karakol gemisini bubi tuzakl\u0131 bal\u0131k\u00e7\u0131 teknesiyle bat\u0131rd\u0131\u011f\u0131n\u0131 bilirler mi? 23 ya\u015f\u0131nda bir T\u00fcrk top\u00e7u zabiti bir \u0130ngiliz iki Frans\u0131z gemisini \u00fcst\u00fcn askeri dehas\u0131 ve kahramanl\u0131\u011f\u0131 ile Akdeniz\u2019in dibine g\u00f6nderdi\u201d dedi.\u00a0<\/p>\n<p>AL\u00c7AKLARI BULUN \u00c7A\u011eRISI<\/p>\n<p>Top\u00e7u Y\u00fczba\u015f\u0131 Mustafa Ertu\u011frul Aker\u2019in asil yerini her zaman koruyaca\u011f\u0131n\u0131 ifade eden G\u00fcrdeniz, \u201cD\u00fcnya tarihinde zor ya\u015fanacak bir askeri ba\u015far\u0131 zincirinin sahibi m\u00fcmtaz subay T\u00fcrk milletinin hat\u0131ras\u0131nda her zaman en y\u00fcksek ve asil yerini koruyacakt\u0131r. Onun an\u0131t\u0131na zarar veren Vandallar ya da hainler derhal bulunmal\u0131 ve cezaland\u0131r\u0131lmal\u0131d\u0131r. Bu kahraman\u0131n kaybolmaya y\u00fcz tutmu\u015f mezar\u0131 an\u0131t mezar yap\u0131lmal\u0131 ve Mustafa Ertu\u011frul\u2019un milli e\u011fitim m\u00fcfredat\u0131na girmesi sa\u011flanmal\u0131d\u0131r. T\u00fcrk genci en zor en karanl\u0131k en umutsuz durumlarda bile mucizeler yaratan atalar\u0131n\u0131n varl\u0131\u011f\u0131ndan feyz almal\u0131d\u0131r. Ne mutlu T\u00fcrk\u00fcm diyene.\u201d ifadelerine yer verdi.\u00a0<\/p>\n<p>ERTU\u011eRUL AKER K\u0130MD\u0130R?<\/p>\n<p>1.D\u00fcnya Sava\u015f\u0131n\u0131n B\u00fcy\u00fck Kahraman\u0131 Y\u00fczba\u015f\u0131 Mustafa Ertu\u011frul AKER; 1893 y\u0131l\u0131nda Girit&#8217;te do\u011fdu. Babas\u0131 bando subay\u0131 Ahmet Nuri Bey, annesi Beyza Han\u0131m. Selanik Lisesini bitirdikten sonra Harp Okulu&#8217;na girdi. 1914 y\u0131l\u0131nda Top\u00e7u subay olarak Harp Okulu&#8217;ndan mezun oldu. 1915&#8217;te \u00c7anakkale muharebelerine kat\u0131ld\u0131. 9 Ocak 1917 tarihinde, Te\u011fmen r\u00fctbesinde iken, d\u00f6nemin u\u00e7ak gemisi olarak kabul edilen 4 u\u00e7akl\u0131 &#8220;Ben My Chree&#8221; adl\u0131 \u0130ngiliz gemisini, Ka\u015f&#8217;ta Meis Adas\u0131 a\u00e7\u0131klar\u0131nda top at\u0131\u015flar\u0131 ile bat\u0131rd\u0131. Bir torpidoyu hasara u\u011fratt\u0131. Bir\u00e7ok yelkenli gemi bat\u0131rd\u0131. Meis Adas\u0131nda bulunan 2 Frans\u0131z topunu ve 1 telsiz istasyonunu imha etti. 2 ve 26 \u015eubat 1917 tarihlerinde 2 yelkenli gemi daha bat\u0131rd\u0131.<\/p>\n<p>SAVA\u015eMAYA DEVAM ETT\u0130<\/p>\n<p>13 Aral\u0131k 1917&#8217;de, \u00dcste\u011fmen r\u00fctbesinde iken Kemer liman\u0131nda, Frans\u0131zlara ait &#8220;Paris II&#8221; adl\u0131 sava\u015f gemisini top at\u0131\u015flar\u0131 ile bat\u0131rd\u0131. 8 Mart 1918&#8217;de yine Frans\u0131zlara ait &#8220;Aleksandra&#8221; sava\u015f gemisi, bir kay\u0131\u011fa yerle\u015ftirilen dinamitlerin patlat\u0131lmas\u0131yla bat\u0131r\u0131ld\u0131. Birinci D\u00fcnya Sava\u015f\u0131 sonras\u0131nda \u0130stiklal Sava\u015f\u0131&#8217;na kat\u0131ld\u0131. Bat\u0131 Cephesinde g\u00f6rev ald\u0131. Ayd\u0131n b\u00f6lgesinde muharebe esnas\u0131nda a\u011f\u0131r yaraland\u0131. \u0130yile\u015ftikten sonra tekrar birli\u011finin ba\u015f\u0131na d\u00f6nerek sava\u015fmaya devam etti. 1 Ekim 1920 tarihinden itibaren Antalya b\u00f6lgesinde g\u00f6revlendirildi. Gerek Birinci D\u00fcnya Sava\u015f\u0131 i\u00e7inde gerekse \u0130stiklal Sava\u015f\u0131 esnas\u0131nda d\u00fc\u015fman birliklerinin Antalya&#8217;da ba\u015far\u0131l\u0131 olamamalar\u0131nda b\u00fcy\u00fck bir rol\u00fc ve etkisi oldu. Sava\u015flardaki ba\u015far\u0131lar\u0131 ve yararl\u0131l\u0131klar\u0131 dolay\u0131s\u0131 ile \u00e7e\u015fitli madalyalar ald\u0131.<br \/>\n\u00a0<\/p>\n<p>\u200bAntalya&#8217;da Atat\u00fcrk Park\u0131 i\u00e7inde bulunan Top\u00e7u Y\u00fczba\u015f\u0131 Mustafa Ertu\u011frul Aker\u2019in heykelin kamas\u0131 sald\u0131r\u0131ya u\u011frayarak k\u0131r\u0131ld\u0131. Birinci D\u00fcnya Sava\u015f\u0131\u2019nda \u00f6nemli rol oynayan tarihi \u015fahsiyet Aker&#8217;e yap\u0131lan sayg\u0131s\u0131zl\u0131k b\u00fcy\u00fck tepki g\u00f6rd\u00fc.\u00a0<\/p>\n<p>\u200bHaberin Al\u0131nt\u0131land\u0131\u011f\u0131 Kaynak: www.antalyakorfez.com<\/p>","protected":false},"excerpt":{"rendered":"<p>Antalya\u2019da tarihi \u015fahsiyetlerin heykellerine y\u00f6nelik b\u00fcy\u00fck bir vandall\u0131k daha ya\u015fand\u0131. Birinci D\u00fcnya Sava\u015f\u0131\u2019nda \u0130ngiliz deniz u\u00e7a\u011f\u0131 gemisini karadan yapt\u0131\u011f\u0131 top\u00e7u at\u0131\u015flar\u0131yla bat\u0131ran Top\u00e7u Y\u00fczba\u015f\u0131 Mustafa Ertu\u011frul Aker\u2019in heykelin kamas\u0131 sald\u0131r\u0131ya u\u011frayarak k\u0131r\u0131ld\u0131. T\u00fcmamiral ve yazar Cem G\u00fcrdeniz, \u201cT\u00fcrk kahramanl\u0131\u011f\u0131ndaki emsalsiz yerinin fark\u0131nda bile olamayacak kadar cahil, al\u00e7ak ve rezildirler. Onun an\u0131t\u0131na zarar veren Vandallar ya da hainler derhal bulunmal\u0131 ve cezaland\u0131r\u0131lmal\u0131d\u0131r\u201d dedi. MUSTAFA ERTU\u011eRUL AKER HEYKEL\u0130NE SALDIRI Antalya\u2019da tarihi \u015fahsiyetlerin heykellerine y\u00f6nelik ya\u015fanan vandall\u0131klara bir yenisi daha eklendi. Birinci D\u00fcnya Sava\u015f\u0131\u2019nda \u0130ngiliz deniz u\u00e7a\u011f\u0131 gemisini karadan yapt\u0131\u011f\u0131 top\u00e7u at\u0131\u015flar\u0131yla bat\u0131ran Top\u00e7u Y\u00fczba\u015f\u0131 Mustafa Ertu\u011frul Aker\u2019in heykeline yap\u0131lan sald\u0131r\u0131 b\u00fcy\u00fck tepki \u00e7ekti. Kimli\u011fi belirsiz ki\u015fi ya da ki\u015filer Mustafa Ertu\u011frul Aker\u2019in Atat\u00fcrk Park\u0131 i\u00e7inde bulunan heykelin kamas\u0131 ki\u015fi veya ki\u015filer taraf\u0131ndan k\u0131r\u0131ld\u0131. Antalya Denizcile\u015fme Platformu Ba\u015fkan\u0131 \u0130zzet \u00dcnl\u00fc skandal\u0131 sosyal medyas\u0131ndan payla\u015ft\u0131. Antalya Sanayici ve \u0130\u015fadamlar\u0131 Derne\u011fi (ANS\u0130AD) Ba\u015fkan\u0131 Ercan \u00d6zbek heykele yap\u0131lan sald\u0131r\u0131ya sert tepki g\u00f6sterdi. Bunun kabul edilemez oldu\u011funu s\u00f6yleyerek k\u0131r\u0131lan kaman\u0131n in k\u0131sa s\u00fcrede yapt\u0131racaklar\u0131n\u0131 s\u00f6yledi. ANS\u0130AD Ba\u015fkan\u0131 Ercan \u00d6zbek, \u201cGerekli tadilatlar i\u00e7in anla\u015fma yap\u0131lm\u0131\u015f olup 10 g\u00fcn i\u00e7inde \u00e7al\u0131\u015fmalar bitirilmi\u015f olacak\u201d dedi.\u00a0 AL\u00c7AK VE REZ\u0130LLER Antalya K\u00f6rfez Gazetesi muhabiri Ertu\u011frul G\u00fcn&#8217;\u00fcn haberine g\u00f6re T\u00fcmamiral ve yazar Cem G\u00fcrdeniz de olaya tepki verenler aras\u0131nda yer ald\u0131. Sosyal medya &hellip;<\/p>","protected":false},"author":5,"featured_media":0,"comment_status":"open","ping_status":"open","sticky":false,"template":"","format":"standard","meta":{"_acf_changed":false,"footnotes":""},"categories":[24],"tags":[],"class_list":["post-30299","post","type-post","status-publish","format-standard","has-post-thumbnail","hentry","category-gundem"],"acf":[],"yoast_head":"<!-- This site is optimized with the Yoast SEO Premium plugin v26.6 (Yoast SEO v27.1.1) - https:\/\/yoast.com\/product\/yoast-seo-premium-wordpress\/ -->\n<title>Antalya\u2019da b\u00fcy\u00fck vandall\u0131k: Ertu\u011frul Aker\u2019in heykeline b\u00fcy\u00fck sayg\u0131s\u0131zl\u0131k - Av. Deniz Can K\u0131z\u0131l<\/title>\n<meta name=\"robots\" content=\"index, follow, max-snippet:-1, max-image-preview:large, max-video-preview:-1\" \/>\n<link rel=\"canonical\" href=\"https:\/\/denizcankizil.tr\/de\/haberler\/gundem\/antalyada-buyuk-vandallik-ertugrul-akerin-heykeline-buyuk-saygisizlik\/\" \/>\n<meta property=\"og:locale\" content=\"de_DE\" \/>\n<meta property=\"og:type\" content=\"article\" \/>\n<meta property=\"og:title\" content=\"Antalya\u2019da b\u00fcy\u00fck vandall\u0131k: Ertu\u011frul Aker\u2019in heykeline b\u00fcy\u00fck sayg\u0131s\u0131zl\u0131k\" \/>\n<meta property=\"og:description\" content=\"Antalya\u2019da tarihi \u015fahsiyetlerin heykellerine y\u00f6nelik b\u00fcy\u00fck bir vandall\u0131k daha ya\u015fand\u0131. Birinci D\u00fcnya Sava\u015f\u0131\u2019nda \u0130ngiliz deniz u\u00e7a\u011f\u0131 gemisini karadan yapt\u0131\u011f\u0131 top\u00e7u at\u0131\u015flar\u0131yla bat\u0131ran Top\u00e7u Y\u00fczba\u015f\u0131 Mustafa Ertu\u011frul Aker\u2019in heykelin kamas\u0131 sald\u0131r\u0131ya u\u011frayarak k\u0131r\u0131ld\u0131. T\u00fcmamiral ve yazar Cem G\u00fcrdeniz, \u201cT\u00fcrk kahramanl\u0131\u011f\u0131ndaki emsalsiz yerinin fark\u0131nda bile olamayacak kadar cahil, al\u00e7ak ve rezildirler. Onun an\u0131t\u0131na zarar veren Vandallar ya da hainler derhal bulunmal\u0131 ve cezaland\u0131r\u0131lmal\u0131d\u0131r\u201d dedi. MUSTAFA ERTU\u011eRUL AKER HEYKEL\u0130NE SALDIRI Antalya\u2019da tarihi \u015fahsiyetlerin heykellerine y\u00f6nelik ya\u015fanan vandall\u0131klara bir yenisi daha eklendi. Birinci D\u00fcnya Sava\u015f\u0131\u2019nda \u0130ngiliz deniz u\u00e7a\u011f\u0131 gemisini karadan yapt\u0131\u011f\u0131 top\u00e7u at\u0131\u015flar\u0131yla bat\u0131ran Top\u00e7u Y\u00fczba\u015f\u0131 Mustafa Ertu\u011frul Aker\u2019in heykeline yap\u0131lan sald\u0131r\u0131 b\u00fcy\u00fck tepki \u00e7ekti. Kimli\u011fi belirsiz ki\u015fi ya da ki\u015filer Mustafa Ertu\u011frul Aker\u2019in Atat\u00fcrk Park\u0131 i\u00e7inde bulunan heykelin kamas\u0131 ki\u015fi veya ki\u015filer taraf\u0131ndan k\u0131r\u0131ld\u0131. Antalya Denizcile\u015fme Platformu Ba\u015fkan\u0131 \u0130zzet \u00dcnl\u00fc skandal\u0131 sosyal medyas\u0131ndan payla\u015ft\u0131. Antalya Sanayici ve \u0130\u015fadamlar\u0131 Derne\u011fi (ANS\u0130AD) Ba\u015fkan\u0131 Ercan \u00d6zbek heykele yap\u0131lan sald\u0131r\u0131ya sert tepki g\u00f6sterdi. Bunun kabul edilemez oldu\u011funu s\u00f6yleyerek k\u0131r\u0131lan kaman\u0131n in k\u0131sa s\u00fcrede yapt\u0131racaklar\u0131n\u0131 s\u00f6yledi. ANS\u0130AD Ba\u015fkan\u0131 Ercan \u00d6zbek, \u201cGerekli tadilatlar i\u00e7in anla\u015fma yap\u0131lm\u0131\u015f olup 10 g\u00fcn i\u00e7inde \u00e7al\u0131\u015fmalar bitirilmi\u015f olacak\u201d dedi.\u00a0 AL\u00c7AK VE REZ\u0130LLER Antalya K\u00f6rfez Gazetesi muhabiri Ertu\u011frul G\u00fcn&#8217;\u00fcn haberine g\u00f6re T\u00fcmamiral ve yazar Cem G\u00fcrdeniz de olaya tepki verenler aras\u0131nda yer ald\u0131. Sosyal medya &hellip;\" \/>\n<meta property=\"og:url\" content=\"https:\/\/denizcankizil.tr\/de\/haberler\/gundem\/antalyada-buyuk-vandallik-ertugrul-akerin-heykeline-buyuk-saygisizlik\/\" \/>\n<meta property=\"og:site_name\" content=\"Av. Deniz Can K\u0131z\u0131l\" \/>\n<meta property=\"article:published_time\" content=\"2025-02-05T07:41:48+00:00\" \/>\n<meta name=\"author\" content=\"Antalya K\u00f6rfez\" \/>\n<meta name=\"twitter:card\" content=\"summary_large_image\" \/>\n<meta name=\"twitter:label1\" content=\"Verfasst von\" \/>\n\t<meta name=\"twitter:data1\" content=\"Antalya K\u00f6rfez\" \/>\n\t<meta name=\"twitter:label2\" content=\"Gesch\u00e4tzte Lesezeit\" \/>\n\t<meta name=\"twitter:data2\" content=\"5\u00a0Minuten\" \/>\n<script type=\"application\/ld+json\" class=\"yoast-schema-graph\">{\"@context\":\"https:\/\/schema.org\",\"@graph\":[{\"@type\":\"Article\",\"@id\":\"https:\/\/denizcankizil.tr\/de\/haberler\/gundem\/antalyada-buyuk-vandallik-ertugrul-akerin-heykeline-buyuk-saygisizlik\/#article\",\"isPartOf\":{\"@id\":\"https:\/\/denizcankizil.tr\/de\/haberler\/gundem\/antalyada-buyuk-vandallik-ertugrul-akerin-heykeline-buyuk-saygisizlik\/\"},\"author\":{\"name\":\"Antalya K\u00f6rfez\",\"@id\":\"https:\/\/denizcankizil.tr\/de\/#\/schema\/person\/e1eb71bb4dd684d46563f0af307e1234\"},\"headline\":\"Antalya\u2019da b\u00fcy\u00fck vandall\u0131k: Ertu\u011frul Aker\u2019in heykeline b\u00fcy\u00fck sayg\u0131s\u0131zl\u0131k\",\"datePublished\":\"2025-02-05T07:41:48+00:00\",\"mainEntityOfPage\":{\"@id\":\"https:\/\/denizcankizil.tr\/de\/haberler\/gundem\/antalyada-buyuk-vandallik-ertugrul-akerin-heykeline-buyuk-saygisizlik\/\"},\"wordCount\":976,\"commentCount\":0,\"publisher\":{\"@id\":\"https:\/\/denizcankizil.tr\/de\/#organization\"},\"articleSection\":[\"G\u00fcndem\"],\"inLanguage\":\"de\",\"potentialAction\":[{\"@type\":\"CommentAction\",\"name\":\"Comment\",\"target\":[\"https:\/\/denizcankizil.tr\/de\/haberler\/gundem\/antalyada-buyuk-vandallik-ertugrul-akerin-heykeline-buyuk-saygisizlik\/#respond\"]}]},{\"@type\":\"WebPage\",\"@id\":\"https:\/\/denizcankizil.tr\/de\/haberler\/gundem\/antalyada-buyuk-vandallik-ertugrul-akerin-heykeline-buyuk-saygisizlik\/\",\"url\":\"https:\/\/denizcankizil.tr\/de\/haberler\/gundem\/antalyada-buyuk-vandallik-ertugrul-akerin-heykeline-buyuk-saygisizlik\/\",\"name\":\"Antalya\u2019da b\u00fcy\u00fck vandall\u0131k: Ertu\u011frul Aker\u2019in heykeline b\u00fcy\u00fck sayg\u0131s\u0131zl\u0131k - Av. Deniz Can K\u0131z\u0131l\",\"isPartOf\":{\"@id\":\"https:\/\/denizcankizil.tr\/de\/#website\"},\"datePublished\":\"2025-02-05T07:41:48+00:00\",\"breadcrumb\":{\"@id\":\"https:\/\/denizcankizil.tr\/de\/haberler\/gundem\/antalyada-buyuk-vandallik-ertugrul-akerin-heykeline-buyuk-saygisizlik\/#breadcrumb\"},\"inLanguage\":\"de\",\"potentialAction\":[{\"@type\":\"ReadAction\",\"target\":[\"https:\/\/denizcankizil.tr\/de\/haberler\/gundem\/antalyada-buyuk-vandallik-ertugrul-akerin-heykeline-buyuk-saygisizlik\/\"]}]},{\"@type\":\"BreadcrumbList\",\"@id\":\"https:\/\/denizcankizil.tr\/de\/haberler\/gundem\/antalyada-buyuk-vandallik-ertugrul-akerin-heykeline-buyuk-saygisizlik\/#breadcrumb\",\"itemListElement\":[{\"@type\":\"ListItem\",\"position\":1,\"name\":\"Home\",\"item\":\"https:\/\/denizcankizil.tr\/de\/\"},{\"@type\":\"ListItem\",\"position\":2,\"name\":\"Antalya\u2019da b\u00fcy\u00fck vandall\u0131k: Ertu\u011frul Aker\u2019in heykeline b\u00fcy\u00fck sayg\u0131s\u0131zl\u0131k\"}]},{\"@type\":\"WebSite\",\"@id\":\"https:\/\/denizcankizil.tr\/de\/#website\",\"url\":\"https:\/\/denizcankizil.tr\/de\/\",\"name\":\"Av. Deniz Can K\u0131z\u0131l\",\"description\":\"Avukat Deniz Can K\u0131z\u0131l Antalya Barosu\",\"publisher\":{\"@id\":\"https:\/\/denizcankizil.tr\/de\/#organization\"},\"potentialAction\":[{\"@type\":\"SearchAction\",\"target\":{\"@type\":\"EntryPoint\",\"urlTemplate\":\"https:\/\/denizcankizil.tr\/de\/?s={search_term_string}\"},\"query-input\":{\"@type\":\"PropertyValueSpecification\",\"valueRequired\":true,\"valueName\":\"search_term_string\"}}],\"inLanguage\":\"de\"},{\"@type\":\"Organization\",\"@id\":\"https:\/\/denizcankizil.tr\/de\/#organization\",\"name\":\"Av. Deniz Can K\u0131z\u0131l\",\"url\":\"https:\/\/denizcankizil.tr\/de\/\",\"logo\":{\"@type\":\"ImageObject\",\"inLanguage\":\"de\",\"@id\":\"https:\/\/denizcankizil.tr\/de\/#\/schema\/logo\/image\/\",\"url\":\"https:\/\/denizcankizil.tr\/wp-content\/uploads\/2024\/10\/siyah-logo-svg.svg\",\"contentUrl\":\"https:\/\/denizcankizil.tr\/wp-content\/uploads\/2024\/10\/siyah-logo-svg.svg\",\"width\":1080,\"height\":1080,\"caption\":\"Av. Deniz Can K\u0131z\u0131l\"},\"image\":{\"@id\":\"https:\/\/denizcankizil.tr\/de\/#\/schema\/logo\/image\/\"}},{\"@type\":\"Person\",\"@id\":\"https:\/\/denizcankizil.tr\/de\/#\/schema\/person\/e1eb71bb4dd684d46563f0af307e1234\",\"name\":\"Antalya K\u00f6rfez\",\"image\":{\"@type\":\"ImageObject\",\"inLanguage\":\"de\",\"@id\":\"https:\/\/denizcankizil.tr\/de\/#\/schema\/person\/image\/\",\"url\":\"https:\/\/secure.gravatar.com\/avatar\/42b01982558a48a0b501fdcab6a408d3717ea5919095ee2e67b0e521799c5905?s=96&d=mm&r=g\",\"contentUrl\":\"https:\/\/secure.gravatar.com\/avatar\/42b01982558a48a0b501fdcab6a408d3717ea5919095ee2e67b0e521799c5905?s=96&d=mm&r=g\",\"caption\":\"Antalya K\u00f6rfez\"},\"sameAs\":[\"http:\/\/www.antalyakorfez.com\"],\"url\":\"https:\/\/www.antalyakorfez.com\/antalyada-buyuk-vandallik-ertugrul-akerin-heykeline-buyuk-saygisizlik\"}]}<\/script>\n<!-- \/ Yoast SEO Premium plugin. -->","yoast_head_json":{"title":"Antalya\u2019da b\u00fcy\u00fck vandall\u0131k: Ertu\u011frul Aker\u2019in heykeline b\u00fcy\u00fck sayg\u0131s\u0131zl\u0131k - Av. Deniz Can K\u0131z\u0131l","robots":{"index":"index","follow":"follow","max-snippet":"max-snippet:-1","max-image-preview":"max-image-preview:large","max-video-preview":"max-video-preview:-1"},"canonical":"https:\/\/denizcankizil.tr\/de\/haberler\/gundem\/antalyada-buyuk-vandallik-ertugrul-akerin-heykeline-buyuk-saygisizlik\/","og_locale":"de_DE","og_type":"article","og_title":"Antalya\u2019da b\u00fcy\u00fck vandall\u0131k: Ertu\u011frul Aker\u2019in heykeline b\u00fcy\u00fck sayg\u0131s\u0131zl\u0131k","og_description":"Antalya\u2019da tarihi \u015fahsiyetlerin heykellerine y\u00f6nelik b\u00fcy\u00fck bir vandall\u0131k daha ya\u015fand\u0131. Birinci D\u00fcnya Sava\u015f\u0131\u2019nda \u0130ngiliz deniz u\u00e7a\u011f\u0131 gemisini karadan yapt\u0131\u011f\u0131 top\u00e7u at\u0131\u015flar\u0131yla bat\u0131ran Top\u00e7u Y\u00fczba\u015f\u0131 Mustafa Ertu\u011frul Aker\u2019in heykelin kamas\u0131 sald\u0131r\u0131ya u\u011frayarak k\u0131r\u0131ld\u0131. T\u00fcmamiral ve yazar Cem G\u00fcrdeniz, \u201cT\u00fcrk kahramanl\u0131\u011f\u0131ndaki emsalsiz yerinin fark\u0131nda bile olamayacak kadar cahil, al\u00e7ak ve rezildirler. Onun an\u0131t\u0131na zarar veren Vandallar ya da hainler derhal bulunmal\u0131 ve cezaland\u0131r\u0131lmal\u0131d\u0131r\u201d dedi. MUSTAFA ERTU\u011eRUL AKER HEYKEL\u0130NE SALDIRI Antalya\u2019da tarihi \u015fahsiyetlerin heykellerine y\u00f6nelik ya\u015fanan vandall\u0131klara bir yenisi daha eklendi. Birinci D\u00fcnya Sava\u015f\u0131\u2019nda \u0130ngiliz deniz u\u00e7a\u011f\u0131 gemisini karadan yapt\u0131\u011f\u0131 top\u00e7u at\u0131\u015flar\u0131yla bat\u0131ran Top\u00e7u Y\u00fczba\u015f\u0131 Mustafa Ertu\u011frul Aker\u2019in heykeline yap\u0131lan sald\u0131r\u0131 b\u00fcy\u00fck tepki \u00e7ekti. Kimli\u011fi belirsiz ki\u015fi ya da ki\u015filer Mustafa Ertu\u011frul Aker\u2019in Atat\u00fcrk Park\u0131 i\u00e7inde bulunan heykelin kamas\u0131 ki\u015fi veya ki\u015filer taraf\u0131ndan k\u0131r\u0131ld\u0131. Antalya Denizcile\u015fme Platformu Ba\u015fkan\u0131 \u0130zzet \u00dcnl\u00fc skandal\u0131 sosyal medyas\u0131ndan payla\u015ft\u0131. Antalya Sanayici ve \u0130\u015fadamlar\u0131 Derne\u011fi (ANS\u0130AD) Ba\u015fkan\u0131 Ercan \u00d6zbek heykele yap\u0131lan sald\u0131r\u0131ya sert tepki g\u00f6sterdi. Bunun kabul edilemez oldu\u011funu s\u00f6yleyerek k\u0131r\u0131lan kaman\u0131n in k\u0131sa s\u00fcrede yapt\u0131racaklar\u0131n\u0131 s\u00f6yledi. ANS\u0130AD Ba\u015fkan\u0131 Ercan \u00d6zbek, \u201cGerekli tadilatlar i\u00e7in anla\u015fma yap\u0131lm\u0131\u015f olup 10 g\u00fcn i\u00e7inde \u00e7al\u0131\u015fmalar bitirilmi\u015f olacak\u201d dedi.\u00a0 AL\u00c7AK VE REZ\u0130LLER Antalya K\u00f6rfez Gazetesi muhabiri Ertu\u011frul G\u00fcn&#8217;\u00fcn haberine g\u00f6re T\u00fcmamiral ve yazar Cem G\u00fcrdeniz de olaya tepki verenler aras\u0131nda yer ald\u0131. Sosyal medya &hellip;","og_url":"https:\/\/denizcankizil.tr\/de\/haberler\/gundem\/antalyada-buyuk-vandallik-ertugrul-akerin-heykeline-buyuk-saygisizlik\/","og_site_name":"Av. Deniz Can K\u0131z\u0131l","article_published_time":"2025-02-05T07:41:48+00:00","author":"Antalya K\u00f6rfez","twitter_card":"summary_large_image","twitter_misc":{"Verfasst von":"Antalya K\u00f6rfez","Gesch\u00e4tzte Lesezeit":"5\u00a0Minuten"},"schema":{"@context":"https:\/\/schema.org","@graph":[{"@type":"Article","@id":"https:\/\/denizcankizil.tr\/de\/haberler\/gundem\/antalyada-buyuk-vandallik-ertugrul-akerin-heykeline-buyuk-saygisizlik\/#article","isPartOf":{"@id":"https:\/\/denizcankizil.tr\/de\/haberler\/gundem\/antalyada-buyuk-vandallik-ertugrul-akerin-heykeline-buyuk-saygisizlik\/"},"author":{"name":"Antalya K\u00f6rfez","@id":"https:\/\/denizcankizil.tr\/de\/#\/schema\/person\/e1eb71bb4dd684d46563f0af307e1234"},"headline":"Antalya\u2019da b\u00fcy\u00fck vandall\u0131k: Ertu\u011frul Aker\u2019in heykeline b\u00fcy\u00fck sayg\u0131s\u0131zl\u0131k","datePublished":"2025-02-05T07:41:48+00:00","mainEntityOfPage":{"@id":"https:\/\/denizcankizil.tr\/de\/haberler\/gundem\/antalyada-buyuk-vandallik-ertugrul-akerin-heykeline-buyuk-saygisizlik\/"},"wordCount":976,"commentCount":0,"publisher":{"@id":"https:\/\/denizcankizil.tr\/de\/#organization"},"articleSection":["G\u00fcndem"],"inLanguage":"de","potentialAction":[{"@type":"CommentAction","name":"Comment","target":["https:\/\/denizcankizil.tr\/de\/haberler\/gundem\/antalyada-buyuk-vandallik-ertugrul-akerin-heykeline-buyuk-saygisizlik\/#respond"]}]},{"@type":"WebPage","@id":"https:\/\/denizcankizil.tr\/de\/haberler\/gundem\/antalyada-buyuk-vandallik-ertugrul-akerin-heykeline-buyuk-saygisizlik\/","url":"https:\/\/denizcankizil.tr\/de\/haberler\/gundem\/antalyada-buyuk-vandallik-ertugrul-akerin-heykeline-buyuk-saygisizlik\/","name":"Antalya\u2019da b\u00fcy\u00fck vandall\u0131k: Ertu\u011frul Aker\u2019in heykeline b\u00fcy\u00fck sayg\u0131s\u0131zl\u0131k - Av. Deniz Can K\u0131z\u0131l","isPartOf":{"@id":"https:\/\/denizcankizil.tr\/de\/#website"},"datePublished":"2025-02-05T07:41:48+00:00","breadcrumb":{"@id":"https:\/\/denizcankizil.tr\/de\/haberler\/gundem\/antalyada-buyuk-vandallik-ertugrul-akerin-heykeline-buyuk-saygisizlik\/#breadcrumb"},"inLanguage":"de","potentialAction":[{"@type":"ReadAction","target":["https:\/\/denizcankizil.tr\/de\/haberler\/gundem\/antalyada-buyuk-vandallik-ertugrul-akerin-heykeline-buyuk-saygisizlik\/"]}]},{"@type":"BreadcrumbList","@id":"https:\/\/denizcankizil.tr\/de\/haberler\/gundem\/antalyada-buyuk-vandallik-ertugrul-akerin-heykeline-buyuk-saygisizlik\/#breadcrumb","itemListElement":[{"@type":"ListItem","position":1,"name":"Home","item":"https:\/\/denizcankizil.tr\/de\/"},{"@type":"ListItem","position":2,"name":"Antalya\u2019da b\u00fcy\u00fck vandall\u0131k: Ertu\u011frul Aker\u2019in heykeline b\u00fcy\u00fck sayg\u0131s\u0131zl\u0131k"}]},{"@type":"WebSite","@id":"https:\/\/denizcankizil.tr\/de\/#website","url":"https:\/\/denizcankizil.tr\/de\/","name":"Av. Deniz Can K\u0131z\u0131l","description":"Avukat Deniz Can K\u0131z\u0131l Antalya Barosu","publisher":{"@id":"https:\/\/denizcankizil.tr\/de\/#organization"},"potentialAction":[{"@type":"SearchAction","target":{"@type":"EntryPoint","urlTemplate":"https:\/\/denizcankizil.tr\/de\/?s={search_term_string}"},"query-input":{"@type":"PropertyValueSpecification","valueRequired":true,"valueName":"search_term_string"}}],"inLanguage":"de"},{"@type":"Organization","@id":"https:\/\/denizcankizil.tr\/de\/#organization","name":"Av. Deniz Can K\u0131z\u0131l","url":"https:\/\/denizcankizil.tr\/de\/","logo":{"@type":"ImageObject","inLanguage":"de","@id":"https:\/\/denizcankizil.tr\/de\/#\/schema\/logo\/image\/","url":"https:\/\/denizcankizil.tr\/wp-content\/uploads\/2024\/10\/siyah-logo-svg.svg","contentUrl":"https:\/\/denizcankizil.tr\/wp-content\/uploads\/2024\/10\/siyah-logo-svg.svg","width":1080,"height":1080,"caption":"Av. Deniz Can K\u0131z\u0131l"},"image":{"@id":"https:\/\/denizcankizil.tr\/de\/#\/schema\/logo\/image\/"}},{"@type":"Person","@id":"https:\/\/denizcankizil.tr\/de\/#\/schema\/person\/e1eb71bb4dd684d46563f0af307e1234","name":"Antalya K\u00f6rfez","image":{"@type":"ImageObject","inLanguage":"de","@id":"https:\/\/denizcankizil.tr\/de\/#\/schema\/person\/image\/","url":"https:\/\/secure.gravatar.com\/avatar\/42b01982558a48a0b501fdcab6a408d3717ea5919095ee2e67b0e521799c5905?s=96&d=mm&r=g","contentUrl":"https:\/\/secure.gravatar.com\/avatar\/42b01982558a48a0b501fdcab6a408d3717ea5919095ee2e67b0e521799c5905?s=96&d=mm&r=g","caption":"Antalya K\u00f6rfez"},"sameAs":["http:\/\/www.antalyakorfez.com"],"url":"https:\/\/www.antalyakorfez.com\/antalyada-buyuk-vandallik-ertugrul-akerin-heykeline-buyuk-saygisizlik"}]}},"_links":{"self":[{"href":"https:\/\/denizcankizil.tr\/de\/wp-json\/wp\/v2\/posts\/30299","targetHints":{"allow":["GET"]}}],"collection":[{"href":"https:\/\/denizcankizil.tr\/de\/wp-json\/wp\/v2\/posts"}],"about":[{"href":"https:\/\/denizcankizil.tr\/de\/wp-json\/wp\/v2\/types\/post"}],"author":[{"embeddable":true,"href":"https:\/\/denizcankizil.tr\/de\/wp-json\/wp\/v2\/users\/5"}],"replies":[{"embeddable":true,"href":"https:\/\/denizcankizil.tr\/de\/wp-json\/wp\/v2\/comments?post=30299"}],"version-history":[{"count":0,"href":"https:\/\/denizcankizil.tr\/de\/wp-json\/wp\/v2\/posts\/30299\/revisions"}],"wp:attachment":[{"href":"https:\/\/denizcankizil.tr\/de\/wp-json\/wp\/v2\/media?parent=30299"}],"wp:term":[{"taxonomy":"category","embeddable":true,"href":"https:\/\/denizcankizil.tr\/de\/wp-json\/wp\/v2\/categories?post=30299"},{"taxonomy":"post_tag","embeddable":true,"href":"https:\/\/denizcankizil.tr\/de\/wp-json\/wp\/v2\/tags?post=30299"}],"curies":[{"name":"wp","href":"https:\/\/api.w.org\/{rel}","templated":true}]}}