{"id":30105,"date":"2025-02-04T15:42:17","date_gmt":"2025-02-04T12:42:17","guid":{"rendered":"https:\/\/denizcankizil.tr\/uncategorized-tr\/iletisim-baskani-altun-dezenformasyonla-mucadeleyi-afet-sirasinda-da-surdurduk\/"},"modified":"2025-02-04T15:42:17","modified_gmt":"2025-02-04T12:42:17","slug":"iletisim-baskani-altun-dezenformasyonla-mucadeleyi-afet-sirasinda-da-surdurduk","status":"publish","type":"post","link":"https:\/\/denizcankizil.tr\/de\/haberler\/gundem\/iletisim-baskani-altun-dezenformasyonla-mucadeleyi-afet-sirasinda-da-surdurduk\/","title":{"rendered":"\u0130leti\u015fim Ba\u015fkan\u0131 Altun: Dezenformasyonla m\u00fccadeleyi afet s\u0131ras\u0131nda da s\u00fcrd\u00fcrd\u00fck"},"content":{"rendered":"<p>Cumhurba\u015fkanl\u0131\u011f\u0131 \u0130leti\u015fim Ba\u015fkan\u0131 Fahrettin Altun, \u00c7evre, \u015eehircilik ve \u0130klim De\u011fi\u015fikli\u011fi Bakan\u0131 Murat Kurum&#8217;un kat\u0131l\u0131m\u0131yla \u0130leti\u015fim Ba\u015fkanl\u0131\u011f\u0131&#8217;nda d\u00fczenlene \u201cAsr\u0131n \u0130hyas\u0131: G\u00fc\u00e7l\u00fc Yar\u0131nlara, 6 \u015eubat Depremleri Sempozyumu&#8217;nda konu\u015ftu.ANKARA (\u0130GFA) &#8211; \u0130leti\u015fim Ba\u015fkan\u0131 Farhettin Altun, 6 \u015eubat 2023&#8217;te \u00fclkenin ve milletin, tarihte e\u015fine az rastlan\u0131r bir felaketle kar\u015f\u0131 kar\u015f\u0131ya kald\u0131\u011f\u0131n\u0131, art arda devasa depremler ya\u015fad\u0131\u011f\u0131n\u0131 hat\u0131rlatt\u0131.<br \/>\nBu depremlerin, 11 il, 62 il\u00e7e ve 10 bin 190 k\u00f6yde b\u00fcy\u00fck y\u0131k\u0131mlara yol a\u00e7t\u0131\u011f\u0131n\u0131 an\u0131msatan \u0130leti\u015fim Ba\u015fkan\u0131 Altun, 14 milyon insan\u0131n afetten do\u011frudan etkilendi\u011fini s\u00f6yledi.<br \/>\n\u0130leti\u015fim Ba\u015fkan\u0131 Altun, \u015fehirler, sanayi alanlar\u0131, tarihi ve do\u011fal zenginlikler, sulama, haberle\u015fme, ula\u015f\u0131m ve lojistik altyap\u0131lar\u0131, e\u011fitim ve sa\u011fl\u0131k kurumlar\u0131, ibadethaneler ve sosyal donat\u0131 alanlar\u0131n\u0131n y\u0131k\u0131ma u\u011frad\u0131\u011f\u0131n\u0131 ya da b\u00fcy\u00fck zarar g\u00f6rd\u00fc\u011f\u00fcn\u00fc ifade etti.\u00a0<br \/>\n&#8220;BU FELAKET B\u0130ZE 3 \u015eEY\u0130 G\u00d6STERD\u0130&#8221;<br \/>\n\u0130leti\u015fim Ba\u015fkan\u0131 Altun, bu b\u00fcy\u00fck y\u0131k\u0131ma &#8220;Asr\u0131n Felaketi&#8221; ad\u0131 verildi\u011fini belirterek, &#8220;\u00d6yle zamanlar oldu ki kar\u015f\u0131 kar\u015f\u0131ya kald\u0131\u011f\u0131m\u0131z felaketi betimlemek i\u00e7in bu ifade bile yetersiz kald\u0131. Bununla birlikte bu felaket bize 3 \u015feyi g\u00f6sterdi. Milletimizin dirayetini, sabr\u0131n\u0131 ve dayan\u0131\u015fma becerisini, devletimizin g\u00fcc\u00fcn\u00fc, kabiliyetini, millet-devlet birlikteli\u011fini.&#8221; diye konu\u015ftu.<br \/>\nCumhurba\u015fkan\u0131 Recep Tayyip Erdo\u011fan&#8217;\u0131n basiretli ve kudretli liderli\u011fiyle \u00c7evre, \u015eehircilik ve \u0130klim De\u011fi\u015fikli\u011fi ile \u0130\u00e7i\u015fleri Bakanl\u0131klar\u0131 ba\u015fta olmak \u00fczere kamu kurum ve kurulu\u015flar\u0131n\u0131n milletin ac\u0131s\u0131n\u0131 dindirmek i\u00e7in ivedi \u015fekilde mobilize oldu\u011funu bildiren \u0130leti\u015fim Ba\u015fkan\u0131 Altun, &#8220;\u00d6nce arama kurtarma, ard\u0131ndan in\u015fa ve ihya faaliyetlerine h\u0131z verildi. G\u00fcvenlik, yard\u0131m ve destek personeliyle birlikte toplam 650 binin \u00fczerinde kamu g\u00f6revlimiz, sivil toplum kurulu\u015flar\u0131m\u0131z ve g\u00f6n\u00fcll\u00fc vatanda\u015flar\u0131m\u0131z deprem b\u00f6lgesinde vazife \u00fcstlendi. Depremden etkilenen insanlar\u0131m\u0131z\u0131n, bar\u0131nmadan g\u0131da ve giyime kadar t\u00fcm ihtiya\u00e7lar\u0131 el birli\u011fiyle kar\u015f\u0131land\u0131, g\u00fc\u00e7l\u00fc bir dayan\u0131\u015fma ruhu sergilendi. T\u00fcrkiye, Asr\u0131n Felaketi kar\u015f\u0131s\u0131nda asr\u0131n birlikteli\u011fini ortaya koydu. Toplumsal dayan\u0131\u015fma ile ilgili modern sosyoloji teorilerinin hi\u00e7birinin izah edemeyece\u011fi, d\u00fcnyaya \u00f6rnek bir tesan\u00fct ruhu kondu ortaya.&#8221; ifadelerini kulland\u0131.<br \/>\nAsr\u0131n \u0130hyas\u0131: G\u00fc\u00e7l\u00fc Yar\u0131nlara 6 \u015eubat Depremleri Sempozyumu #Asr\u0131nBirlikteli\u011fi https:\/\/t.co\/saXrgUyiTH\u2014 Fahrettin Altun (@fahrettinaltun) February 4, 2025<br \/>\nAltun, felaketin \u00fczerinden ge\u00e7en 2 y\u0131lda deprem b\u00f6lgesine 75 milyar dolar civar\u0131nda yani 2,6 trilyon liran\u0131n \u00fczerinde bir yat\u0131r\u0131m yap\u0131ld\u0131\u011f\u0131n\u0131 belirterek b\u00f6lgeyi aya\u011fa kald\u0131rmak amac\u0131yla 2025 y\u0131l\u0131 b\u00fct\u00e7esinden 584 milyar liral\u0131k kaynak ayr\u0131ld\u0131\u011f\u0131n\u0131, toplam 201 bin 500 konutun afetzedelere teslim edildi\u011fini s\u00f6yledi.<br \/>\n&#8220;DEZENFORMASYONA KAR\u015eI M\u00dcCADELEM\u0130Z\u0130 AFET SIRASINDA DA KARARLILIKLA S\u00dcRD\u00dcRD\u00dcK&#8221;<br \/>\nBu arada &#8220;Asr\u0131n Felaketi&#8221;nin ard\u0131ndan ba\u015flat\u0131lan ihya \u00e7al\u0131\u015fmalar\u0131 i\u00e7erisinde fiziki yap\u0131lar\u0131n in\u015fas\u0131 yan\u0131nda afetten etkilenen vatanda\u015flar\u0131n huzurunun ve g\u00fcvenli\u011finin tesisi ve yine bu s\u00fcre\u00e7lerde toplum genelinde sa\u011fl\u0131kl\u0131 bir bilgi ak\u0131\u015f\u0131n\u0131n temininin hayati \u00f6nemde oldu\u011funa dikkati \u00e7eken \u0130leti\u015fim Ba\u015fkan\u0131 Altun, \u015funlar\u0131 kaydetti:<br \/>\n&#8220;Manip\u00fclasyon, mezenformasyon ve dezenformasyonun bilgi ak\u0131\u015f s\u00fcre\u00e7lerini zehirledi\u011fi durumlarda ya\u015fanan krizler daha da derinle\u015fir. 6 \u015eubat depremlerinin ard\u0131ndan kimi kesimlerin bile isteye, kimi kesimlerin ise manip\u00fcle edilerek dezenformasyon \u00fcrettiklerini g\u00f6rd\u00fck. Bu dezenformasyon giri\u015fimlerinin ne yaz\u0131k ki can kay\u0131plar\u0131na yol a\u00e7abildi\u011fine dahi \u015fahitlik ettik. Toplumda huzursuzluk, panik ve g\u00fcvensizlik yaratan dezenformasyona kar\u015f\u0131 m\u00fccadelemizi afet s\u0131ras\u0131nda da kararl\u0131l\u0131kla y\u00fcr\u00fctt\u00fck. Afet halinde acil m\u00fcdahale ve etkin yard\u0131m organizasyonu kadar kamuoyunu h\u0131zl\u0131, do\u011fru ve \u015feffaf bir \u015fekilde bilgilendirmenin de ne denli hayati oldu\u011funu g\u00f6zlemledik. O s\u00fcre\u00e7te biz \u0130leti\u015fim Ba\u015fkanl\u0131\u011f\u0131 olarak bir yandan bu dezenformasyon faaliyetleriyle etkin ve h\u0131zl\u0131 bir \u015fekilde m\u00fccadele ederken, di\u011fer yandan Anadolu Ajans\u0131 ve TRT gibi kamu yay\u0131nc\u0131lar\u0131m\u0131z\u0131n, ulusal ve uluslararas\u0131 medya kurulu\u015flar\u0131n\u0131n sorumlu yay\u0131nc\u0131l\u0131k ilkelerine sad\u0131k kalarak hakikatin sesini milletimize, d\u00fcnyaya duyurmalar\u0131na katk\u0131da bulunmaya \u00e7al\u0131\u015ft\u0131k. Bu s\u00fcre\u00e7te medyam\u0131z\u0131n faaliyetlerini kolayla\u015ft\u0131rmaya gayret ettik. Yine bu s\u00fcre\u00e7te Say\u0131n Cumhurba\u015fkan\u0131&#8217;m\u0131z\u0131nki ba\u015fta olmak \u00fczere devlet yetkililerimizin sesini milletimize ve t\u00fcm d\u00fcnyaya duyurmak i\u00e7in \u00e7abalad\u0131k.&#8221;<\/p>\n<p>\u200bCumhurba\u015fkanl\u0131\u011f\u0131 \u0130leti\u015fim Ba\u015fkan\u0131 Fahrettin Altun, \u00c7evre, \u015eehircilik ve \u0130klim De\u011fi\u015fikli\u011fi Bakan\u0131 Murat Kurum&#8217;un kat\u0131l\u0131m\u0131yla \u0130leti\u015fim Ba\u015fkanl\u0131\u011f\u0131&#8217;nda d\u00fczenlene \u201cAsr\u0131n \u0130hyas\u0131: G\u00fc\u00e7l\u00fc Yar\u0131nlara, 6 \u015eubat Depremleri Sempozyumu&#8217;nda konu\u015ftu.ANKARA (\u0130GFA) &#8211; \u0130leti\u015fim Ba\u015fkan\u0131 Farhettin Altun, 6 \u015eubat 2023&#8217;te \u00fclkenin ve milletin, tarihte e\u015fine az rastlan\u0131r bir felaketle kar\u015f\u0131 kar\u015f\u0131ya kald\u0131\u011f\u0131n\u0131, art arda devasa depremler ya\u015fad\u0131\u011f\u0131n\u0131 hat\u0131rlatt\u0131.<br \/>\nBu depremlerin, 11 il, 62 il\u00e7e ve 10 bin 190 k\u00f6yde b\u00fcy\u00fck y\u0131k\u0131mlara yol a\u00e7t\u0131\u011f\u0131n\u0131 an\u0131msatan \u0130leti\u015fim Ba\u015fkan\u0131 Altun, 14 milyon insan\u0131n afetten do\u011frudan etkilendi\u011fini s\u00f6yledi.<br \/>\n\u0130leti\u015fim Ba\u015fkan\u0131 Altun, \u015fehirler, sanayi alanlar\u0131, tarihi ve do\u011fal zenginlikler, sulama, haberle\u015fme, ula\u015f\u0131m ve lojistik altyap\u0131lar\u0131, e\u011fitim ve sa\u011fl\u0131k kurumlar\u0131, ibadethaneler ve sosyal donat\u0131 alanlar\u0131n\u0131n y\u0131k\u0131ma u\u011frad\u0131\u011f\u0131n\u0131 ya da b\u00fcy\u00fck zarar g\u00f6rd\u00fc\u011f\u00fcn\u00fc ifade etti.\u00a0<br \/>\n&#8220;BU FELAKET B\u0130ZE 3 \u015eEY\u0130 G\u00d6STERD\u0130&#8221;<br \/>\n\u0130leti\u015fim Ba\u015fkan\u0131 Altun, bu b\u00fcy\u00fck y\u0131k\u0131ma &#8220;Asr\u0131n Felaketi&#8221; ad\u0131 verildi\u011fini belirterek, &#8220;\u00d6yle zamanlar oldu ki kar\u015f\u0131 kar\u015f\u0131ya kald\u0131\u011f\u0131m\u0131z felaketi betimlemek i\u00e7in bu ifade bile yetersiz kald\u0131. Bununla birlikte bu felaket bize 3 \u015feyi g\u00f6sterdi. Milletimizin dirayetini, sabr\u0131n\u0131 ve dayan\u0131\u015fma becerisini, devletimizin g\u00fcc\u00fcn\u00fc, kabiliyetini, millet-devlet birlikteli\u011fini.&#8221; diye konu\u015ftu.<br \/>\nCumhurba\u015fkan\u0131 Recep Tayyip Erdo\u011fan&#8217;\u0131n basiretli ve kudretli liderli\u011fiyle \u00c7evre, \u015eehircilik ve \u0130klim De\u011fi\u015fikli\u011fi ile \u0130\u00e7i\u015fleri Bakanl\u0131klar\u0131 ba\u015fta olmak \u00fczere kamu kurum ve kurulu\u015flar\u0131n\u0131n milletin ac\u0131s\u0131n\u0131 dindirmek i\u00e7in ivedi \u015fekilde mobilize oldu\u011funu bildiren \u0130leti\u015fim Ba\u015fkan\u0131 Altun, &#8220;\u00d6nce arama kurtarma, ard\u0131ndan in\u015fa ve ihya faaliyetlerine h\u0131z verildi. G\u00fcvenlik, yard\u0131m ve destek personeliyle birlikte toplam 650 binin \u00fczerinde kamu g\u00f6revlimiz, sivil toplum kurulu\u015flar\u0131m\u0131z ve g\u00f6n\u00fcll\u00fc vatanda\u015flar\u0131m\u0131z deprem b\u00f6lgesinde vazife \u00fcstlendi. Depremden etkilenen insanlar\u0131m\u0131z\u0131n, bar\u0131nmadan g\u0131da ve giyime kadar t\u00fcm ihtiya\u00e7lar\u0131 el birli\u011fiyle kar\u015f\u0131land\u0131, g\u00fc\u00e7l\u00fc bir dayan\u0131\u015fma ruhu sergilendi. T\u00fcrkiye, Asr\u0131n Felaketi kar\u015f\u0131s\u0131nda asr\u0131n birlikteli\u011fini ortaya koydu. Toplumsal dayan\u0131\u015fma ile ilgili modern sosyoloji teorilerinin hi\u00e7birinin izah edemeyece\u011fi, d\u00fcnyaya \u00f6rnek bir tesan\u00fct ruhu kondu ortaya.&#8221; ifadelerini kulland\u0131.<br \/>\nAsr\u0131n \u0130hyas\u0131: G\u00fc\u00e7l\u00fc Yar\u0131nlara 6 \u015eubat Depremleri Sempozyumu #Asr\u0131nBirlikteli\u011fi https:\/\/t.co\/saXrgUyiTH\u2014 Fahrettin Altun (@fahrettinaltun) February 4, 2025<br \/>\nAltun, felaketin \u00fczerinden ge\u00e7en 2 y\u0131lda deprem b\u00f6lgesine 75 milyar dolar civar\u0131nda yani 2,6 trilyon liran\u0131n \u00fczerinde bir yat\u0131r\u0131m yap\u0131ld\u0131\u011f\u0131n\u0131 belirterek b\u00f6lgeyi aya\u011fa kald\u0131rmak amac\u0131yla 2025 y\u0131l\u0131 b\u00fct\u00e7esinden 584 milyar liral\u0131k kaynak ayr\u0131ld\u0131\u011f\u0131n\u0131, toplam 201 bin 500 konutun afetzedelere teslim edildi\u011fini s\u00f6yledi.<br \/>\n&#8220;DEZENFORMASYONA KAR\u015eI M\u00dcCADELEM\u0130Z\u0130 AFET SIRASINDA DA KARARLILIKLA S\u00dcRD\u00dcRD\u00dcK&#8221;<br \/>\nBu arada &#8220;Asr\u0131n Felaketi&#8221;nin ard\u0131ndan ba\u015flat\u0131lan ihya \u00e7al\u0131\u015fmalar\u0131 i\u00e7erisinde fiziki yap\u0131lar\u0131n in\u015fas\u0131 yan\u0131nda afetten etkilenen vatanda\u015flar\u0131n huzurunun ve g\u00fcvenli\u011finin tesisi ve yine bu s\u00fcre\u00e7lerde toplum genelinde sa\u011fl\u0131kl\u0131 bir bilgi ak\u0131\u015f\u0131n\u0131n temininin hayati \u00f6nemde oldu\u011funa dikkati \u00e7eken \u0130leti\u015fim Ba\u015fkan\u0131 Altun, \u015funlar\u0131 kaydetti:<br \/>\n&#8220;Manip\u00fclasyon, mezenformasyon ve dezenformasyonun bilgi ak\u0131\u015f s\u00fcre\u00e7lerini zehirledi\u011fi durumlarda ya\u015fanan krizler daha da derinle\u015fir. 6 \u015eubat depremlerinin ard\u0131ndan kimi kesimlerin bile isteye, kimi kesimlerin ise manip\u00fcle edilerek dezenformasyon \u00fcrettiklerini g\u00f6rd\u00fck. Bu dezenformasyon giri\u015fimlerinin ne yaz\u0131k ki can kay\u0131plar\u0131na yol a\u00e7abildi\u011fine dahi \u015fahitlik ettik. Toplumda huzursuzluk, panik ve g\u00fcvensizlik yaratan dezenformasyona kar\u015f\u0131 m\u00fccadelemizi afet s\u0131ras\u0131nda da kararl\u0131l\u0131kla y\u00fcr\u00fctt\u00fck. Afet halinde acil m\u00fcdahale ve etkin yard\u0131m organizasyonu kadar kamuoyunu h\u0131zl\u0131, do\u011fru ve \u015feffaf bir \u015fekilde bilgilendirmenin de ne denli hayati oldu\u011funu g\u00f6zlemledik. O s\u00fcre\u00e7te biz \u0130leti\u015fim Ba\u015fkanl\u0131\u011f\u0131 olarak bir yandan bu dezenformasyon faaliyetleriyle etkin ve h\u0131zl\u0131 bir \u015fekilde m\u00fccadele ederken, di\u011fer yandan Anadolu Ajans\u0131 ve TRT gibi kamu yay\u0131nc\u0131lar\u0131m\u0131z\u0131n, ulusal ve uluslararas\u0131 medya kurulu\u015flar\u0131n\u0131n sorumlu yay\u0131nc\u0131l\u0131k ilkelerine sad\u0131k kalarak hakikatin sesini milletimize, d\u00fcnyaya duyurmalar\u0131na katk\u0131da bulunmaya \u00e7al\u0131\u015ft\u0131k. Bu s\u00fcre\u00e7te medyam\u0131z\u0131n faaliyetlerini kolayla\u015ft\u0131rmaya gayret ettik. Yine bu s\u00fcre\u00e7te Say\u0131n Cumhurba\u015fkan\u0131&#8217;m\u0131z\u0131nki ba\u015fta olmak \u00fczere devlet yetkililerimizin sesini milletimize ve t\u00fcm d\u00fcnyaya duyurmak i\u00e7in \u00e7abalad\u0131k.&#8221;\u00a0<\/p>\n<p>\u200bHaberin Al\u0131nt\u0131land\u0131\u011f\u0131 Kaynak: www.iskenderun.org<\/p>","protected":false},"excerpt":{"rendered":"<p>Cumhurba\u015fkanl\u0131\u011f\u0131 \u0130leti\u015fim Ba\u015fkan\u0131 Fahrettin Altun, \u00c7evre, \u015eehircilik ve \u0130klim De\u011fi\u015fikli\u011fi Bakan\u0131 Murat Kurum&#8217;un kat\u0131l\u0131m\u0131yla \u0130leti\u015fim Ba\u015fkanl\u0131\u011f\u0131&#8217;nda d\u00fczenlene \u201cAsr\u0131n \u0130hyas\u0131: G\u00fc\u00e7l\u00fc Yar\u0131nlara, 6 \u015eubat Depremleri Sempozyumu&#8217;nda konu\u015ftu.ANKARA (\u0130GFA) &#8211; \u0130leti\u015fim Ba\u015fkan\u0131 Farhettin Altun, 6 \u015eubat 2023&#8217;te \u00fclkenin ve milletin, tarihte e\u015fine az rastlan\u0131r bir felaketle kar\u015f\u0131 kar\u015f\u0131ya kald\u0131\u011f\u0131n\u0131, art arda devasa depremler ya\u015fad\u0131\u011f\u0131n\u0131 hat\u0131rlatt\u0131. Bu depremlerin, 11 il, 62 il\u00e7e ve 10 bin 190 k\u00f6yde b\u00fcy\u00fck y\u0131k\u0131mlara yol a\u00e7t\u0131\u011f\u0131n\u0131 an\u0131msatan \u0130leti\u015fim Ba\u015fkan\u0131 Altun, 14 milyon insan\u0131n afetten do\u011frudan etkilendi\u011fini s\u00f6yledi. \u0130leti\u015fim Ba\u015fkan\u0131 Altun, \u015fehirler, sanayi alanlar\u0131, tarihi ve do\u011fal zenginlikler, sulama, haberle\u015fme, ula\u015f\u0131m ve lojistik altyap\u0131lar\u0131, e\u011fitim ve sa\u011fl\u0131k kurumlar\u0131, ibadethaneler ve sosyal donat\u0131 alanlar\u0131n\u0131n y\u0131k\u0131ma u\u011frad\u0131\u011f\u0131n\u0131 ya da b\u00fcy\u00fck zarar g\u00f6rd\u00fc\u011f\u00fcn\u00fc ifade etti.\u00a0 &#8220;BU FELAKET B\u0130ZE 3 \u015eEY\u0130 G\u00d6STERD\u0130&#8221; \u0130leti\u015fim Ba\u015fkan\u0131 Altun, bu b\u00fcy\u00fck y\u0131k\u0131ma &#8220;Asr\u0131n Felaketi&#8221; ad\u0131 verildi\u011fini belirterek, &#8220;\u00d6yle zamanlar oldu ki kar\u015f\u0131 kar\u015f\u0131ya kald\u0131\u011f\u0131m\u0131z felaketi betimlemek i\u00e7in bu ifade bile yetersiz kald\u0131. Bununla birlikte bu felaket bize 3 \u015feyi g\u00f6sterdi. Milletimizin dirayetini, sabr\u0131n\u0131 ve dayan\u0131\u015fma becerisini, devletimizin g\u00fcc\u00fcn\u00fc, kabiliyetini, millet-devlet birlikteli\u011fini.&#8221; diye konu\u015ftu. Cumhurba\u015fkan\u0131 Recep Tayyip Erdo\u011fan&#8217;\u0131n basiretli ve kudretli liderli\u011fiyle \u00c7evre, \u015eehircilik ve \u0130klim De\u011fi\u015fikli\u011fi ile \u0130\u00e7i\u015fleri Bakanl\u0131klar\u0131 ba\u015fta olmak \u00fczere kamu kurum ve kurulu\u015flar\u0131n\u0131n milletin ac\u0131s\u0131n\u0131 dindirmek i\u00e7in ivedi \u015fekilde mobilize oldu\u011funu bildiren \u0130leti\u015fim Ba\u015fkan\u0131 &hellip;<\/p>","protected":false},"author":1,"featured_media":0,"comment_status":"open","ping_status":"open","sticky":false,"template":"","format":"standard","meta":{"_acf_changed":false,"footnotes":""},"categories":[24],"tags":[],"class_list":["post-30105","post","type-post","status-publish","format-standard","has-post-thumbnail","hentry","category-gundem"],"acf":[],"yoast_head":"<!-- This site is optimized with the Yoast SEO Premium plugin v26.6 (Yoast SEO v27.1.1) - https:\/\/yoast.com\/product\/yoast-seo-premium-wordpress\/ -->\n<title>\u0130leti\u015fim Ba\u015fkan\u0131 Altun: Dezenformasyonla m\u00fccadeleyi afet s\u0131ras\u0131nda da s\u00fcrd\u00fcrd\u00fck - Av. Deniz Can K\u0131z\u0131l<\/title>\n<meta name=\"robots\" content=\"index, follow, max-snippet:-1, max-image-preview:large, max-video-preview:-1\" \/>\n<link rel=\"canonical\" href=\"http:\/\/denizcankizil.tr\/de\/haberler\/gundem\/iletisim-baskani-altun-dezenformasyonla-mucadeleyi-afet-sirasinda-da-surdurduk\/\" \/>\n<meta property=\"og:locale\" content=\"de_DE\" \/>\n<meta property=\"og:type\" content=\"article\" \/>\n<meta property=\"og:title\" content=\"\u0130leti\u015fim Ba\u015fkan\u0131 Altun: Dezenformasyonla m\u00fccadeleyi afet s\u0131ras\u0131nda da s\u00fcrd\u00fcrd\u00fck\" \/>\n<meta property=\"og:description\" content=\"Cumhurba\u015fkanl\u0131\u011f\u0131 \u0130leti\u015fim Ba\u015fkan\u0131 Fahrettin Altun, \u00c7evre, \u015eehircilik ve \u0130klim De\u011fi\u015fikli\u011fi Bakan\u0131 Murat Kurum&#8217;un kat\u0131l\u0131m\u0131yla \u0130leti\u015fim Ba\u015fkanl\u0131\u011f\u0131&#8217;nda d\u00fczenlene \u201cAsr\u0131n \u0130hyas\u0131: G\u00fc\u00e7l\u00fc Yar\u0131nlara, 6 \u015eubat Depremleri Sempozyumu&#8217;nda konu\u015ftu.ANKARA (\u0130GFA) &#8211; \u0130leti\u015fim Ba\u015fkan\u0131 Farhettin Altun, 6 \u015eubat 2023&#8217;te \u00fclkenin ve milletin, tarihte e\u015fine az rastlan\u0131r bir felaketle kar\u015f\u0131 kar\u015f\u0131ya kald\u0131\u011f\u0131n\u0131, art arda devasa depremler ya\u015fad\u0131\u011f\u0131n\u0131 hat\u0131rlatt\u0131. Bu depremlerin, 11 il, 62 il\u00e7e ve 10 bin 190 k\u00f6yde b\u00fcy\u00fck y\u0131k\u0131mlara yol a\u00e7t\u0131\u011f\u0131n\u0131 an\u0131msatan \u0130leti\u015fim Ba\u015fkan\u0131 Altun, 14 milyon insan\u0131n afetten do\u011frudan etkilendi\u011fini s\u00f6yledi. \u0130leti\u015fim Ba\u015fkan\u0131 Altun, \u015fehirler, sanayi alanlar\u0131, tarihi ve do\u011fal zenginlikler, sulama, haberle\u015fme, ula\u015f\u0131m ve lojistik altyap\u0131lar\u0131, e\u011fitim ve sa\u011fl\u0131k kurumlar\u0131, ibadethaneler ve sosyal donat\u0131 alanlar\u0131n\u0131n y\u0131k\u0131ma u\u011frad\u0131\u011f\u0131n\u0131 ya da b\u00fcy\u00fck zarar g\u00f6rd\u00fc\u011f\u00fcn\u00fc ifade etti.\u00a0 &#8220;BU FELAKET B\u0130ZE 3 \u015eEY\u0130 G\u00d6STERD\u0130&#8221; \u0130leti\u015fim Ba\u015fkan\u0131 Altun, bu b\u00fcy\u00fck y\u0131k\u0131ma &#8220;Asr\u0131n Felaketi&#8221; ad\u0131 verildi\u011fini belirterek, &#8220;\u00d6yle zamanlar oldu ki kar\u015f\u0131 kar\u015f\u0131ya kald\u0131\u011f\u0131m\u0131z felaketi betimlemek i\u00e7in bu ifade bile yetersiz kald\u0131. Bununla birlikte bu felaket bize 3 \u015feyi g\u00f6sterdi. Milletimizin dirayetini, sabr\u0131n\u0131 ve dayan\u0131\u015fma becerisini, devletimizin g\u00fcc\u00fcn\u00fc, kabiliyetini, millet-devlet birlikteli\u011fini.&#8221; diye konu\u015ftu. Cumhurba\u015fkan\u0131 Recep Tayyip Erdo\u011fan&#8217;\u0131n basiretli ve kudretli liderli\u011fiyle \u00c7evre, \u015eehircilik ve \u0130klim De\u011fi\u015fikli\u011fi ile \u0130\u00e7i\u015fleri Bakanl\u0131klar\u0131 ba\u015fta olmak \u00fczere kamu kurum ve kurulu\u015flar\u0131n\u0131n milletin ac\u0131s\u0131n\u0131 dindirmek i\u00e7in ivedi \u015fekilde mobilize oldu\u011funu bildiren \u0130leti\u015fim Ba\u015fkan\u0131 &hellip;\" \/>\n<meta property=\"og:url\" content=\"http:\/\/denizcankizil.tr\/de\/haberler\/gundem\/iletisim-baskani-altun-dezenformasyonla-mucadeleyi-afet-sirasinda-da-surdurduk\/\" \/>\n<meta property=\"og:site_name\" content=\"Av. Deniz Can K\u0131z\u0131l\" \/>\n<meta property=\"article:published_time\" content=\"2025-02-04T12:42:17+00:00\" \/>\n<meta name=\"author\" content=\"admin\" \/>\n<meta name=\"twitter:card\" content=\"summary_large_image\" \/>\n<meta name=\"twitter:label1\" content=\"Verfasst von\" \/>\n\t<meta name=\"twitter:data1\" content=\"admin\" \/>\n\t<meta name=\"twitter:label2\" content=\"Gesch\u00e4tzte Lesezeit\" \/>\n\t<meta name=\"twitter:data2\" content=\"8\u00a0Minuten\" \/>\n<script type=\"application\/ld+json\" class=\"yoast-schema-graph\">{\"@context\":\"https:\/\/schema.org\",\"@graph\":[{\"@type\":\"Article\",\"@id\":\"http:\/\/denizcankizil.tr\/ru\/haberler\/gundem\/iletisim-baskani-altun-dezenformasyonla-mucadeleyi-afet-sirasinda-da-surdurduk\/#article\",\"isPartOf\":{\"@id\":\"http:\/\/denizcankizil.tr\/ru\/haberler\/gundem\/iletisim-baskani-altun-dezenformasyonla-mucadeleyi-afet-sirasinda-da-surdurduk\/\"},\"author\":{\"name\":\"admin\",\"@id\":\"https:\/\/denizcankizil.tr\/de\/#\/schema\/person\/be3c05fe6a12686905512445d8185489\"},\"headline\":\"\u0130leti\u015fim Ba\u015fkan\u0131 Altun: Dezenformasyonla m\u00fccadeleyi afet s\u0131ras\u0131nda da s\u00fcrd\u00fcrd\u00fck\",\"datePublished\":\"2025-02-04T12:42:17+00:00\",\"mainEntityOfPage\":{\"@id\":\"http:\/\/denizcankizil.tr\/ru\/haberler\/gundem\/iletisim-baskani-altun-dezenformasyonla-mucadeleyi-afet-sirasinda-da-surdurduk\/\"},\"wordCount\":1597,\"commentCount\":0,\"publisher\":{\"@id\":\"https:\/\/denizcankizil.tr\/de\/#organization\"},\"articleSection\":[\"G\u00fcndem\"],\"inLanguage\":\"de\",\"potentialAction\":[{\"@type\":\"CommentAction\",\"name\":\"Comment\",\"target\":[\"http:\/\/denizcankizil.tr\/ru\/haberler\/gundem\/iletisim-baskani-altun-dezenformasyonla-mucadeleyi-afet-sirasinda-da-surdurduk\/#respond\"]}]},{\"@type\":\"WebPage\",\"@id\":\"http:\/\/denizcankizil.tr\/ru\/haberler\/gundem\/iletisim-baskani-altun-dezenformasyonla-mucadeleyi-afet-sirasinda-da-surdurduk\/\",\"url\":\"http:\/\/denizcankizil.tr\/ru\/haberler\/gundem\/iletisim-baskani-altun-dezenformasyonla-mucadeleyi-afet-sirasinda-da-surdurduk\/\",\"name\":\"\u0130leti\u015fim Ba\u015fkan\u0131 Altun: Dezenformasyonla m\u00fccadeleyi afet s\u0131ras\u0131nda da s\u00fcrd\u00fcrd\u00fck - Av. Deniz Can K\u0131z\u0131l\",\"isPartOf\":{\"@id\":\"https:\/\/denizcankizil.tr\/de\/#website\"},\"datePublished\":\"2025-02-04T12:42:17+00:00\",\"breadcrumb\":{\"@id\":\"http:\/\/denizcankizil.tr\/ru\/haberler\/gundem\/iletisim-baskani-altun-dezenformasyonla-mucadeleyi-afet-sirasinda-da-surdurduk\/#breadcrumb\"},\"inLanguage\":\"de\",\"potentialAction\":[{\"@type\":\"ReadAction\",\"target\":[\"http:\/\/denizcankizil.tr\/ru\/haberler\/gundem\/iletisim-baskani-altun-dezenformasyonla-mucadeleyi-afet-sirasinda-da-surdurduk\/\"]}]},{\"@type\":\"BreadcrumbList\",\"@id\":\"http:\/\/denizcankizil.tr\/ru\/haberler\/gundem\/iletisim-baskani-altun-dezenformasyonla-mucadeleyi-afet-sirasinda-da-surdurduk\/#breadcrumb\",\"itemListElement\":[{\"@type\":\"ListItem\",\"position\":1,\"name\":\"Home\",\"item\":\"https:\/\/denizcankizil.tr\/de\/\"},{\"@type\":\"ListItem\",\"position\":2,\"name\":\"\u0130leti\u015fim Ba\u015fkan\u0131 Altun: Dezenformasyonla m\u00fccadeleyi afet s\u0131ras\u0131nda da s\u00fcrd\u00fcrd\u00fck\"}]},{\"@type\":\"WebSite\",\"@id\":\"https:\/\/denizcankizil.tr\/de\/#website\",\"url\":\"https:\/\/denizcankizil.tr\/de\/\",\"name\":\"Av. Deniz Can K\u0131z\u0131l\",\"description\":\"Avukat Deniz Can K\u0131z\u0131l Antalya Barosu\",\"publisher\":{\"@id\":\"https:\/\/denizcankizil.tr\/de\/#organization\"},\"potentialAction\":[{\"@type\":\"SearchAction\",\"target\":{\"@type\":\"EntryPoint\",\"urlTemplate\":\"https:\/\/denizcankizil.tr\/de\/?s={search_term_string}\"},\"query-input\":{\"@type\":\"PropertyValueSpecification\",\"valueRequired\":true,\"valueName\":\"search_term_string\"}}],\"inLanguage\":\"de\"},{\"@type\":\"Organization\",\"@id\":\"https:\/\/denizcankizil.tr\/de\/#organization\",\"name\":\"Av. Deniz Can K\u0131z\u0131l\",\"url\":\"https:\/\/denizcankizil.tr\/de\/\",\"logo\":{\"@type\":\"ImageObject\",\"inLanguage\":\"de\",\"@id\":\"https:\/\/denizcankizil.tr\/de\/#\/schema\/logo\/image\/\",\"url\":\"https:\/\/denizcankizil.tr\/wp-content\/uploads\/2024\/10\/siyah-logo-svg.svg\",\"contentUrl\":\"https:\/\/denizcankizil.tr\/wp-content\/uploads\/2024\/10\/siyah-logo-svg.svg\",\"width\":1080,\"height\":1080,\"caption\":\"Av. Deniz Can K\u0131z\u0131l\"},\"image\":{\"@id\":\"https:\/\/denizcankizil.tr\/de\/#\/schema\/logo\/image\/\"}},{\"@type\":\"Person\",\"@id\":\"https:\/\/denizcankizil.tr\/de\/#\/schema\/person\/be3c05fe6a12686905512445d8185489\",\"name\":\"admin\",\"image\":{\"@type\":\"ImageObject\",\"inLanguage\":\"de\",\"@id\":\"https:\/\/denizcankizil.tr\/de\/#\/schema\/person\/image\/\",\"url\":\"https:\/\/secure.gravatar.com\/avatar\/c1fce94c830dc79107e174f890d7210541c4a63e8e5d816341794a2151c9d58c?s=96&d=mm&r=g\",\"contentUrl\":\"https:\/\/secure.gravatar.com\/avatar\/c1fce94c830dc79107e174f890d7210541c4a63e8e5d816341794a2151c9d58c?s=96&d=mm&r=g\",\"caption\":\"admin\"},\"sameAs\":[\"http:\/\/denizcankizil.tr\"],\"url\":\"https:\/\/www.iskenderun.org\/iletisim-baskani-altun-dezenformasyonla-mucadeleyi-afet-sirasinda-da-surdurduk\"}]}<\/script>\n<!-- \/ Yoast SEO Premium plugin. -->","yoast_head_json":{"title":"\u0130leti\u015fim Ba\u015fkan\u0131 Altun: Dezenformasyonla m\u00fccadeleyi afet s\u0131ras\u0131nda da s\u00fcrd\u00fcrd\u00fck - Av. Deniz Can K\u0131z\u0131l","robots":{"index":"index","follow":"follow","max-snippet":"max-snippet:-1","max-image-preview":"max-image-preview:large","max-video-preview":"max-video-preview:-1"},"canonical":"http:\/\/denizcankizil.tr\/de\/haberler\/gundem\/iletisim-baskani-altun-dezenformasyonla-mucadeleyi-afet-sirasinda-da-surdurduk\/","og_locale":"de_DE","og_type":"article","og_title":"\u0130leti\u015fim Ba\u015fkan\u0131 Altun: Dezenformasyonla m\u00fccadeleyi afet s\u0131ras\u0131nda da s\u00fcrd\u00fcrd\u00fck","og_description":"Cumhurba\u015fkanl\u0131\u011f\u0131 \u0130leti\u015fim Ba\u015fkan\u0131 Fahrettin Altun, \u00c7evre, \u015eehircilik ve \u0130klim De\u011fi\u015fikli\u011fi Bakan\u0131 Murat Kurum&#8217;un kat\u0131l\u0131m\u0131yla \u0130leti\u015fim Ba\u015fkanl\u0131\u011f\u0131&#8217;nda d\u00fczenlene \u201cAsr\u0131n \u0130hyas\u0131: G\u00fc\u00e7l\u00fc Yar\u0131nlara, 6 \u015eubat Depremleri Sempozyumu&#8217;nda konu\u015ftu.ANKARA (\u0130GFA) &#8211; \u0130leti\u015fim Ba\u015fkan\u0131 Farhettin Altun, 6 \u015eubat 2023&#8217;te \u00fclkenin ve milletin, tarihte e\u015fine az rastlan\u0131r bir felaketle kar\u015f\u0131 kar\u015f\u0131ya kald\u0131\u011f\u0131n\u0131, art arda devasa depremler ya\u015fad\u0131\u011f\u0131n\u0131 hat\u0131rlatt\u0131. Bu depremlerin, 11 il, 62 il\u00e7e ve 10 bin 190 k\u00f6yde b\u00fcy\u00fck y\u0131k\u0131mlara yol a\u00e7t\u0131\u011f\u0131n\u0131 an\u0131msatan \u0130leti\u015fim Ba\u015fkan\u0131 Altun, 14 milyon insan\u0131n afetten do\u011frudan etkilendi\u011fini s\u00f6yledi. \u0130leti\u015fim Ba\u015fkan\u0131 Altun, \u015fehirler, sanayi alanlar\u0131, tarihi ve do\u011fal zenginlikler, sulama, haberle\u015fme, ula\u015f\u0131m ve lojistik altyap\u0131lar\u0131, e\u011fitim ve sa\u011fl\u0131k kurumlar\u0131, ibadethaneler ve sosyal donat\u0131 alanlar\u0131n\u0131n y\u0131k\u0131ma u\u011frad\u0131\u011f\u0131n\u0131 ya da b\u00fcy\u00fck zarar g\u00f6rd\u00fc\u011f\u00fcn\u00fc ifade etti.\u00a0 &#8220;BU FELAKET B\u0130ZE 3 \u015eEY\u0130 G\u00d6STERD\u0130&#8221; \u0130leti\u015fim Ba\u015fkan\u0131 Altun, bu b\u00fcy\u00fck y\u0131k\u0131ma &#8220;Asr\u0131n Felaketi&#8221; ad\u0131 verildi\u011fini belirterek, &#8220;\u00d6yle zamanlar oldu ki kar\u015f\u0131 kar\u015f\u0131ya kald\u0131\u011f\u0131m\u0131z felaketi betimlemek i\u00e7in bu ifade bile yetersiz kald\u0131. Bununla birlikte bu felaket bize 3 \u015feyi g\u00f6sterdi. Milletimizin dirayetini, sabr\u0131n\u0131 ve dayan\u0131\u015fma becerisini, devletimizin g\u00fcc\u00fcn\u00fc, kabiliyetini, millet-devlet birlikteli\u011fini.&#8221; diye konu\u015ftu. Cumhurba\u015fkan\u0131 Recep Tayyip Erdo\u011fan&#8217;\u0131n basiretli ve kudretli liderli\u011fiyle \u00c7evre, \u015eehircilik ve \u0130klim De\u011fi\u015fikli\u011fi ile \u0130\u00e7i\u015fleri Bakanl\u0131klar\u0131 ba\u015fta olmak \u00fczere kamu kurum ve kurulu\u015flar\u0131n\u0131n milletin ac\u0131s\u0131n\u0131 dindirmek i\u00e7in ivedi \u015fekilde mobilize oldu\u011funu bildiren \u0130leti\u015fim Ba\u015fkan\u0131 &hellip;","og_url":"http:\/\/denizcankizil.tr\/de\/haberler\/gundem\/iletisim-baskani-altun-dezenformasyonla-mucadeleyi-afet-sirasinda-da-surdurduk\/","og_site_name":"Av. Deniz Can K\u0131z\u0131l","article_published_time":"2025-02-04T12:42:17+00:00","author":"admin","twitter_card":"summary_large_image","twitter_misc":{"Verfasst von":"admin","Gesch\u00e4tzte Lesezeit":"8\u00a0Minuten"},"schema":{"@context":"https:\/\/schema.org","@graph":[{"@type":"Article","@id":"http:\/\/denizcankizil.tr\/ru\/haberler\/gundem\/iletisim-baskani-altun-dezenformasyonla-mucadeleyi-afet-sirasinda-da-surdurduk\/#article","isPartOf":{"@id":"http:\/\/denizcankizil.tr\/ru\/haberler\/gundem\/iletisim-baskani-altun-dezenformasyonla-mucadeleyi-afet-sirasinda-da-surdurduk\/"},"author":{"name":"admin","@id":"https:\/\/denizcankizil.tr\/de\/#\/schema\/person\/be3c05fe6a12686905512445d8185489"},"headline":"\u0130leti\u015fim Ba\u015fkan\u0131 Altun: Dezenformasyonla m\u00fccadeleyi afet s\u0131ras\u0131nda da s\u00fcrd\u00fcrd\u00fck","datePublished":"2025-02-04T12:42:17+00:00","mainEntityOfPage":{"@id":"http:\/\/denizcankizil.tr\/ru\/haberler\/gundem\/iletisim-baskani-altun-dezenformasyonla-mucadeleyi-afet-sirasinda-da-surdurduk\/"},"wordCount":1597,"commentCount":0,"publisher":{"@id":"https:\/\/denizcankizil.tr\/de\/#organization"},"articleSection":["G\u00fcndem"],"inLanguage":"de","potentialAction":[{"@type":"CommentAction","name":"Comment","target":["http:\/\/denizcankizil.tr\/ru\/haberler\/gundem\/iletisim-baskani-altun-dezenformasyonla-mucadeleyi-afet-sirasinda-da-surdurduk\/#respond"]}]},{"@type":"WebPage","@id":"http:\/\/denizcankizil.tr\/ru\/haberler\/gundem\/iletisim-baskani-altun-dezenformasyonla-mucadeleyi-afet-sirasinda-da-surdurduk\/","url":"http:\/\/denizcankizil.tr\/ru\/haberler\/gundem\/iletisim-baskani-altun-dezenformasyonla-mucadeleyi-afet-sirasinda-da-surdurduk\/","name":"\u0130leti\u015fim Ba\u015fkan\u0131 Altun: Dezenformasyonla m\u00fccadeleyi afet s\u0131ras\u0131nda da s\u00fcrd\u00fcrd\u00fck - Av. Deniz Can K\u0131z\u0131l","isPartOf":{"@id":"https:\/\/denizcankizil.tr\/de\/#website"},"datePublished":"2025-02-04T12:42:17+00:00","breadcrumb":{"@id":"http:\/\/denizcankizil.tr\/ru\/haberler\/gundem\/iletisim-baskani-altun-dezenformasyonla-mucadeleyi-afet-sirasinda-da-surdurduk\/#breadcrumb"},"inLanguage":"de","potentialAction":[{"@type":"ReadAction","target":["http:\/\/denizcankizil.tr\/ru\/haberler\/gundem\/iletisim-baskani-altun-dezenformasyonla-mucadeleyi-afet-sirasinda-da-surdurduk\/"]}]},{"@type":"BreadcrumbList","@id":"http:\/\/denizcankizil.tr\/ru\/haberler\/gundem\/iletisim-baskani-altun-dezenformasyonla-mucadeleyi-afet-sirasinda-da-surdurduk\/#breadcrumb","itemListElement":[{"@type":"ListItem","position":1,"name":"Home","item":"https:\/\/denizcankizil.tr\/de\/"},{"@type":"ListItem","position":2,"name":"\u0130leti\u015fim Ba\u015fkan\u0131 Altun: Dezenformasyonla m\u00fccadeleyi afet s\u0131ras\u0131nda da s\u00fcrd\u00fcrd\u00fck"}]},{"@type":"WebSite","@id":"https:\/\/denizcankizil.tr\/de\/#website","url":"https:\/\/denizcankizil.tr\/de\/","name":"Av. Deniz Can K\u0131z\u0131l","description":"Avukat Deniz Can K\u0131z\u0131l Antalya Barosu","publisher":{"@id":"https:\/\/denizcankizil.tr\/de\/#organization"},"potentialAction":[{"@type":"SearchAction","target":{"@type":"EntryPoint","urlTemplate":"https:\/\/denizcankizil.tr\/de\/?s={search_term_string}"},"query-input":{"@type":"PropertyValueSpecification","valueRequired":true,"valueName":"search_term_string"}}],"inLanguage":"de"},{"@type":"Organization","@id":"https:\/\/denizcankizil.tr\/de\/#organization","name":"Av. Deniz Can K\u0131z\u0131l","url":"https:\/\/denizcankizil.tr\/de\/","logo":{"@type":"ImageObject","inLanguage":"de","@id":"https:\/\/denizcankizil.tr\/de\/#\/schema\/logo\/image\/","url":"https:\/\/denizcankizil.tr\/wp-content\/uploads\/2024\/10\/siyah-logo-svg.svg","contentUrl":"https:\/\/denizcankizil.tr\/wp-content\/uploads\/2024\/10\/siyah-logo-svg.svg","width":1080,"height":1080,"caption":"Av. Deniz Can K\u0131z\u0131l"},"image":{"@id":"https:\/\/denizcankizil.tr\/de\/#\/schema\/logo\/image\/"}},{"@type":"Person","@id":"https:\/\/denizcankizil.tr\/de\/#\/schema\/person\/be3c05fe6a12686905512445d8185489","name":"Administrator","image":{"@type":"ImageObject","inLanguage":"de","@id":"https:\/\/denizcankizil.tr\/de\/#\/schema\/person\/image\/","url":"https:\/\/secure.gravatar.com\/avatar\/c1fce94c830dc79107e174f890d7210541c4a63e8e5d816341794a2151c9d58c?s=96&d=mm&r=g","contentUrl":"https:\/\/secure.gravatar.com\/avatar\/c1fce94c830dc79107e174f890d7210541c4a63e8e5d816341794a2151c9d58c?s=96&d=mm&r=g","caption":"admin"},"sameAs":["http:\/\/denizcankizil.tr"],"url":"https:\/\/www.iskenderun.org\/iletisim-baskani-altun-dezenformasyonla-mucadeleyi-afet-sirasinda-da-surdurduk"}]}},"_links":{"self":[{"href":"https:\/\/denizcankizil.tr\/de\/wp-json\/wp\/v2\/posts\/30105","targetHints":{"allow":["GET"]}}],"collection":[{"href":"https:\/\/denizcankizil.tr\/de\/wp-json\/wp\/v2\/posts"}],"about":[{"href":"https:\/\/denizcankizil.tr\/de\/wp-json\/wp\/v2\/types\/post"}],"author":[{"embeddable":true,"href":"https:\/\/denizcankizil.tr\/de\/wp-json\/wp\/v2\/users\/1"}],"replies":[{"embeddable":true,"href":"https:\/\/denizcankizil.tr\/de\/wp-json\/wp\/v2\/comments?post=30105"}],"version-history":[{"count":0,"href":"https:\/\/denizcankizil.tr\/de\/wp-json\/wp\/v2\/posts\/30105\/revisions"}],"wp:attachment":[{"href":"https:\/\/denizcankizil.tr\/de\/wp-json\/wp\/v2\/media?parent=30105"}],"wp:term":[{"taxonomy":"category","embeddable":true,"href":"https:\/\/denizcankizil.tr\/de\/wp-json\/wp\/v2\/categories?post=30105"},{"taxonomy":"post_tag","embeddable":true,"href":"https:\/\/denizcankizil.tr\/de\/wp-json\/wp\/v2\/tags?post=30105"}],"curies":[{"name":"wp","href":"https:\/\/api.w.org\/{rel}","templated":true}]}}