{"id":30009,"date":"2025-02-04T11:41:15","date_gmt":"2025-02-04T08:41:15","guid":{"rendered":"https:\/\/denizcankizil.tr\/uncategorized-tr\/antalyada-sagligina-kavustu\/"},"modified":"2025-02-04T11:41:15","modified_gmt":"2025-02-04T08:41:15","slug":"antalyada-sagligina-kavustu","status":"publish","type":"post","link":"https:\/\/denizcankizil.tr\/de\/haberler\/antalya\/antalyada-sagligina-kavustu\/","title":{"rendered":"Antalya&#8217;da sa\u011fl\u0131\u011f\u0131na kavu\u015ftu"},"content":{"rendered":"<p>Pandemi d\u00f6neminde b\u00f6brek hastas\u0131 olan ve yakla\u015f\u0131k 5 y\u0131ld\u0131r diyalizle hayata tutunan Y\u0131lmaz \u00d6zenli, 23 Ocak 2025&#8217;te Medical Park Antalya Hastane Kompleksi&#8217;nde ger\u00e7ekle\u015ftirilen operasyonla yeni bir hayata ba\u015flad\u0131. Medical Park Antalya Hastane Kompleksi Organ Nakli Merkezi Genel Cerrahi Uzman\u0131 Prof. Dr. \u0130brahim Aliosmano\u011flu ve ekibi taraf\u0131ndan ger\u00e7ekle\u015ftirilen nakil, \u00d6zenli&#8217;yi diyalizden kurtard\u0131. 22 Ocak&#8217;ta Band\u0131rma E\u011fitim ve Ara\u015ft\u0131rma Hastanesi&#8217;nde beyin \u00f6l\u00fcm\u00fc ger\u00e7ekle\u015fen bir hastan\u0131n organlar\u0131 ailesi taraf\u0131ndan ba\u011f\u0131\u015fland\u0131. Yap\u0131lan testlere g\u00f6re de en uygun hasta taramas\u0131 yap\u0131ld\u0131. Bu tarama sonucu Sa\u011fl\u0131k Bakanl\u0131\u011f\u0131 b\u00f6brek bekleme listesindeki 25 bin 246 ki\u015fi aras\u0131ndan Konya&#8217;da ya\u015fayan, 4 y\u0131ld\u0131r hemodiyalize giren 32 ya\u015f\u0131ndaki Y\u0131lmaz \u00d6zenli ile ikiz karde\u015f gibi tam uyum oldu\u011fu tespit edildi.<\/p>\n<p>Haberin ard\u0131ndan 16 dakika sonra nakil hastas\u0131 arand\u0131<br \/>\nHaber gece yar\u0131s\u0131 geldi. 23 Ocak sabaha kar\u015f\u0131 saat 04.17&#8217;de Medical Park Antalya Hastane Kompleksi Organ Nakli Merkezi&#8217;ne bildirilen haber sonras\u0131 ekipler h\u0131zla harekete ge\u00e7ti. Yap\u0131lan de\u011ferlendirmeler sonucu 16 dakika i\u00e7erisinde karar verilerek \u00d6zenli&#8217;ye haber verildi. Bursa B\u00f6lge Koordinasyon Merkezi ve Uluda\u011f \u00dcniversitesi T\u0131p Fak\u00fcltesi&#8217;ndeki uzmanlar, ba\u011f\u0131\u015flanan b\u00f6bre\u011fin \u00e7\u0131kar\u0131m\u0131n\u0131 sa\u011flad\u0131 ve 112 ekipleri b\u00f6bre\u011fi hi\u00e7 vakit kaybetmeden Antalya&#8217;ya ula\u015ft\u0131rd\u0131. Hastane ekibi de t\u00fcm haz\u0131rl\u0131klar\u0131 tamamlayarak ba\u015far\u0131l\u0131 bir operasyon ger\u00e7ekle\u015ftirdi.<\/p>\n<p>Zorlu s\u00fcrecin ard\u0131ndan gelen haber<br \/>\nB\u00f6brek nakliyle sa\u011fl\u0131\u011f\u0131na kavu\u015fan Y\u0131lmaz \u00d6zenli, ya\u015fad\u0131\u011f\u0131 s\u00fcreci ve duygular\u0131n\u0131 \u015fu \u015fekilde anlatt\u0131: &#8220;Yakla\u015f\u0131k 5 y\u0131ld\u0131r diyalize giriyorum. Rahats\u0131zl\u0131\u011f\u0131m aniden ortaya \u00e7\u0131kt\u0131. Pandemi d\u00f6neminde hareketsizlik ve susuzluk nedeniyle b\u00f6brek yetmezli\u011fim geli\u015fti, ancak bunun fark\u0131nda de\u011fildim. Bir g\u00fcn bir anda komaya girdim ve hastanede g\u00f6zlerimi a\u00e7t\u0131m. B\u00f6brek yetmezli\u011fimi o zaman \u00f6\u011frendim ve o g\u00fcnden itibaren haftada iki kez diyalize ba\u011fl\u0131 olarak ya\u015fam\u0131m\u0131 s\u00fcrd\u00fcrmek zorunda kald\u0131m. Bir sabah saat 04.30 civar\u0131nda telefon geldi. Uyku sersemi oldu\u011fum i\u00e7in tam anlayamad\u0131m, ancak hemen geri d\u00f6n\u00fc\u015f yapt\u0131m. Bu haberin daha \u00f6nce de geldi\u011fi olmu\u015ftu, ancak insan ilk duydu\u011funda tedirgin oluyor. Acaba nas\u0131l olacak, Ameliyat ba\u015far\u0131l\u0131 ge\u00e7ecek mi diye d\u00fc\u015f\u00fcn\u00fcyor. Ama \u015f\u00fck\u00fcrler olsun ki, her \u015fey yolunda gitti.&#8221;<br \/>\nOrgan ba\u011f\u0131\u015f\u0131 sayesinde yeniden sa\u011fl\u0131\u011f\u0131na kavu\u015fan \u00d6zenli, ba\u011f\u0131\u015f yapan aileye minnettar oldu\u011funu \u015fu \u015fekilde ifade etti: &#8220;Bu s\u00fcre\u00e7te en b\u00fcy\u00fck te\u015fekk\u00fcr\u00fcm, hi\u00e7 tan\u0131mad\u0131\u011f\u0131m ve bana hayat veren o k\u0131ymetli insana ve ailesine. Onlar\u0131n sayesinde \u015fu an ayakta ve sa\u011fl\u0131kl\u0131y\u0131m. Rabbim onlardan raz\u0131 olsun.&#8221;<\/p>\n<p>Ailesine ve bebe\u011fine kavu\u015fman\u0131n heyecan\u0131<br \/>\nBaba olman\u0131n verdi\u011fi sorumluluk ve yeni hayat\u0131na duydu\u011fu heyecan\u0131 dile getiren \u00d6zenli, &#8220;Yeni bebe\u011fimiz oldu, hen\u00fcz 6 ayl\u0131k k\u0131z\u0131m var. Rabbim onun y\u00fcz\u00fc h\u00fcrmetine bana bu g\u00fczel an\u0131y\u0131 nasip etti. Bundan sonraki s\u00fcre\u00e7te daha sa\u011fl\u0131kl\u0131 bir hayat s\u00fcrece\u011fim ve ailemle daha fazla vakit ge\u00e7irebilece\u011fim. Bu s\u00fcre\u00e7 ailem i\u00e7in de \u00e7ok zordu. Hi\u00e7 beklemiyorlard\u0131, t\u0131pk\u0131 benim gibi. Telefon geldi\u011finde hepimiz b\u00fcy\u00fck bir co\u015fku ya\u015fad\u0131k. \u015eimdi d\u00f6rt g\u00f6zle eve d\u00f6n\u00fcp onlarla yeniden bir araya gelmek istiyorum&#8221; \u015feklinde konu\u015ftu.<br \/>\nY\u0131lmaz \u00d6zenli, organ ba\u011f\u0131\u015f\u0131n\u0131n da \u00f6nemine vurgu yaparak herkese \u00e7a\u011fr\u0131da bulundu. \u00d6zenli, &#8220;Organ ba\u011f\u0131\u015f\u0131 hayat kurtar\u0131r. Organlar\u0131m\u0131z toprak olmas\u0131n. Buradan t\u00fcm hastalar\u0131m\u0131za, abilerime, karde\u015flerime, ablalar\u0131m\u0131za sesleniyorum. L\u00fctfen organ ba\u011f\u0131\u015f\u0131 konusunda duyarl\u0131 olal\u0131m. \u00c7\u00fcnk\u00fc bir ba\u011f\u0131\u015f, ba\u015fka bir insan\u0131n hayata yeniden tutunmas\u0131n\u0131 sa\u011fl\u0131yor&#8221; dedi.<\/p>\n<p>T\u00fcrkiye&#8217;de organ ba\u011f\u0131\u015f\u0131 yetersiz<br \/>\nMedical Park Antalya Hastane Kompleksi Organ Nakli Merkezi Genel Cerrahi Uzman\u0131 Prof. Dr. \u0130brahim Aliosmano\u011flu, T\u00fcrkiye&#8217;de organ ba\u011f\u0131\u015f\u0131 konusundaki d\u00fc\u015f\u00fck fark\u0131ndal\u0131\u011fa dikkat \u00e7ekti. Prof. Dr. Aliosmano\u011flu, organ nakli s\u00fcrecini \u015fu s\u00f6zlerle anlatt\u0131: &#8220;22 Ocak&#8217;ta Bal\u0131kesir&#8217;de beyin \u00f6l\u00fcm\u00fc ger\u00e7ekle\u015fen bir hastan\u0131n ailesi, organlar\u0131n\u0131 ba\u011f\u0131\u015flama karar\u0131 ald\u0131. Normalde Bal\u0131kesir bizim b\u00f6lgemiz de\u011fil, ancak T\u00fcrkiye&#8217;deki organ da\u011f\u0131t\u0131m sistemine g\u00f6re, tam uyumlu organlar b\u00f6lge d\u0131\u015f\u0131na da g\u00f6nderilebiliyor. Y\u0131lmaz \u00d6zenli&#8217;ye de 6&#8217;da 6 uyumlu bir b\u00f6brek \u00e7\u0131kt\u0131 ve nakil ger\u00e7ekle\u015ftirildi.&#8221;<br \/>\nNaklin ger\u00e7ekle\u015fmesiyle Y\u0131lmaz \u00d6zenli&#8217;nin uzun y\u0131llard\u0131r devam eden diyaliz tedavisinin sona erdi\u011fini belirten Prof. Dr. Aliosmano\u011flu, s\u00fcrecin hastalar i\u00e7in ne denli zorlu oldu\u011funa vurgu yapt\u0131. Prof. Dr. Aliosmano\u011flu, &#8220;Hastam\u0131z yakla\u015f\u0131k 5 y\u0131ld\u0131r diyalize giriyordu ve \u015fu an bu s\u00fcre\u00e7ten kurtuldu. \u00dclkemizde ne yaz\u0131k ki organ ba\u011f\u0131\u015f\u0131 oranlar\u0131 \u00e7ok d\u00fc\u015f\u00fck. Haftada \u00fc\u00e7 ya da d\u00f6rt g\u00fcn, saatler s\u00fcren diyaliz tedavisi hastalar\u0131n ya\u015fam kalitesini ciddi \u015fekilde etkiliyor. T\u00fcrkiye&#8217;de y\u0131lda bir\u00e7ok b\u00f6brek nakli ger\u00e7ekle\u015ftiriliyor ancak bunlar\u0131n y\u00fczde 90&#8217;\u0131ndan fazlas\u0131 canl\u0131 vericili nakiller. Yani, hastalar\u0131n b\u00fcy\u00fck \u00e7o\u011funlu\u011fu aile \u00fcyelerinden ba\u011f\u0131\u015f almak zorunda kal\u0131yor. Ancak kadavradan ba\u011f\u0131\u015f bekleyen yakla\u015f\u0131k 30 bin ki\u015fi var ve bu rakam \u00e7ok y\u00fcksek&#8221; dedi.<br \/>\nBa\u011f\u0131\u015f oranlar\u0131n\u0131n art\u0131r\u0131lmas\u0131 gerekti\u011fini ifade eden Prof. Dr. Aliosmano\u011flu, konu\u015fmas\u0131n\u0131 \u015fu \u015fekilde sonland\u0131rd\u0131: &#8220;Hastalar\u0131n bir an \u00f6nce sa\u011fl\u0131klar\u0131na kavu\u015fmas\u0131 i\u00e7in herkesin \u00fczerine d\u00fc\u015fen g\u00f6revi yerine getirmesi gerekiyor yani organ ba\u011f\u0131\u015f\u0131n\u0131n ger\u00e7ekle\u015fmesi gerekiyor. Bu \u015fekilde hem maddi olarak \u00fclkemiz ad\u0131na b\u00fcy\u00fck bir kazan\u0131m oluyor hem de hastalar\u0131m\u0131z\u0131n topluma kazand\u0131r\u0131lmas\u0131, i\u015f hayat\u0131na kazand\u0131r\u0131lmas\u0131, ya\u015fam s\u00fcresinin uzamas\u0131 gibi \u00e7ok b\u00fcy\u00fck katk\u0131lar\u0131 oluyor.&#8221;<br \/>\nBa\u015far\u0131l\u0131 nakil sonras\u0131 sa\u011fl\u0131\u011f\u0131na kavu\u015fan Y\u0131lmaz \u00d6zenli, \u00f6n\u00fcm\u00fczdeki g\u00fcnlerde Konya&#8217;daki ailesinin yan\u0131na d\u00f6necek.<\/p>\n<p>Kaynak: www.kanalv.com.tr Haber Sitesinden Al\u0131nm\u0131\u015ft\u0131r.<\/p>","protected":false},"excerpt":{"rendered":"<p>Pandemi d\u00f6neminde b\u00f6brek hastas\u0131 olan ve yakla\u015f\u0131k 5 y\u0131ld\u0131r diyalizle hayata tutunan Y\u0131lmaz \u00d6zenli, 23 Ocak 2025&#8217;te Medical Park Antalya Hastane Kompleksi&#8217;nde ger\u00e7ekle\u015ftirilen operasyonla yeni bir hayata ba\u015flad\u0131. Medical Park Antalya Hastane Kompleksi Organ Nakli Merkezi Genel Cerrahi Uzman\u0131 Prof. Dr. \u0130brahim Aliosmano\u011flu ve ekibi taraf\u0131ndan ger\u00e7ekle\u015ftirilen nakil, \u00d6zenli&#8217;yi diyalizden kurtard\u0131. 22 Ocak&#8217;ta Band\u0131rma E\u011fitim ve Ara\u015ft\u0131rma Hastanesi&#8217;nde beyin \u00f6l\u00fcm\u00fc ger\u00e7ekle\u015fen bir hastan\u0131n organlar\u0131 ailesi taraf\u0131ndan ba\u011f\u0131\u015fland\u0131. Yap\u0131lan testlere g\u00f6re de en uygun hasta taramas\u0131 yap\u0131ld\u0131. Bu tarama sonucu Sa\u011fl\u0131k Bakanl\u0131\u011f\u0131 b\u00f6brek bekleme listesindeki 25 bin 246 ki\u015fi aras\u0131ndan Konya&#8217;da ya\u015fayan, 4 y\u0131ld\u0131r hemodiyalize giren 32 ya\u015f\u0131ndaki Y\u0131lmaz \u00d6zenli ile ikiz karde\u015f gibi tam uyum oldu\u011fu tespit edildi. Haberin ard\u0131ndan 16 dakika sonra nakil hastas\u0131 arand\u0131 Haber gece yar\u0131s\u0131 geldi. 23 Ocak sabaha kar\u015f\u0131 saat 04.17&#8217;de Medical Park Antalya Hastane Kompleksi Organ Nakli Merkezi&#8217;ne bildirilen haber sonras\u0131 ekipler h\u0131zla harekete ge\u00e7ti. Yap\u0131lan de\u011ferlendirmeler sonucu 16 dakika i\u00e7erisinde karar verilerek \u00d6zenli&#8217;ye haber verildi. Bursa B\u00f6lge Koordinasyon Merkezi ve Uluda\u011f \u00dcniversitesi T\u0131p Fak\u00fcltesi&#8217;ndeki uzmanlar, ba\u011f\u0131\u015flanan b\u00f6bre\u011fin \u00e7\u0131kar\u0131m\u0131n\u0131 sa\u011flad\u0131 ve 112 ekipleri b\u00f6bre\u011fi hi\u00e7 vakit kaybetmeden Antalya&#8217;ya ula\u015ft\u0131rd\u0131. Hastane ekibi de t\u00fcm haz\u0131rl\u0131klar\u0131 tamamlayarak ba\u015far\u0131l\u0131 bir operasyon ger\u00e7ekle\u015ftirdi. Zorlu s\u00fcrecin ard\u0131ndan gelen haber B\u00f6brek nakliyle sa\u011fl\u0131\u011f\u0131na kavu\u015fan Y\u0131lmaz \u00d6zenli, ya\u015fad\u0131\u011f\u0131 s\u00fcreci ve duygular\u0131n\u0131 &hellip;<\/p>","protected":false},"author":4,"featured_media":30010,"comment_status":"open","ping_status":"open","sticky":false,"template":"","format":"standard","meta":{"_acf_changed":false,"footnotes":""},"categories":[26],"tags":[],"class_list":["post-30009","post","type-post","status-publish","format-standard","has-post-thumbnail","hentry","category-antalya"],"acf":[],"yoast_head":"<!-- This site is optimized with the Yoast SEO Premium plugin v26.6 (Yoast SEO v27.1.1) - https:\/\/yoast.com\/product\/yoast-seo-premium-wordpress\/ -->\n<title>Antalya&#039;da sa\u011fl\u0131\u011f\u0131na kavu\u015ftu - Av. Deniz Can K\u0131z\u0131l<\/title>\n<meta name=\"robots\" content=\"index, follow, max-snippet:-1, max-image-preview:large, max-video-preview:-1\" \/>\n<link rel=\"canonical\" href=\"https:\/\/denizcankizil.tr\/de\/haberler\/antalya\/antalyada-sagligina-kavustu\/\" \/>\n<meta property=\"og:locale\" content=\"de_DE\" \/>\n<meta property=\"og:type\" content=\"article\" \/>\n<meta property=\"og:title\" content=\"Antalya&#039;da sa\u011fl\u0131\u011f\u0131na kavu\u015ftu\" \/>\n<meta property=\"og:description\" content=\"Pandemi d\u00f6neminde b\u00f6brek hastas\u0131 olan ve yakla\u015f\u0131k 5 y\u0131ld\u0131r diyalizle hayata tutunan Y\u0131lmaz \u00d6zenli, 23 Ocak 2025&#8217;te Medical Park Antalya Hastane Kompleksi&#8217;nde ger\u00e7ekle\u015ftirilen operasyonla yeni bir hayata ba\u015flad\u0131. Medical Park Antalya Hastane Kompleksi Organ Nakli Merkezi Genel Cerrahi Uzman\u0131 Prof. Dr. \u0130brahim Aliosmano\u011flu ve ekibi taraf\u0131ndan ger\u00e7ekle\u015ftirilen nakil, \u00d6zenli&#8217;yi diyalizden kurtard\u0131. 22 Ocak&#8217;ta Band\u0131rma E\u011fitim ve Ara\u015ft\u0131rma Hastanesi&#8217;nde beyin \u00f6l\u00fcm\u00fc ger\u00e7ekle\u015fen bir hastan\u0131n organlar\u0131 ailesi taraf\u0131ndan ba\u011f\u0131\u015fland\u0131. Yap\u0131lan testlere g\u00f6re de en uygun hasta taramas\u0131 yap\u0131ld\u0131. Bu tarama sonucu Sa\u011fl\u0131k Bakanl\u0131\u011f\u0131 b\u00f6brek bekleme listesindeki 25 bin 246 ki\u015fi aras\u0131ndan Konya&#8217;da ya\u015fayan, 4 y\u0131ld\u0131r hemodiyalize giren 32 ya\u015f\u0131ndaki Y\u0131lmaz \u00d6zenli ile ikiz karde\u015f gibi tam uyum oldu\u011fu tespit edildi. Haberin ard\u0131ndan 16 dakika sonra nakil hastas\u0131 arand\u0131 Haber gece yar\u0131s\u0131 geldi. 23 Ocak sabaha kar\u015f\u0131 saat 04.17&#8217;de Medical Park Antalya Hastane Kompleksi Organ Nakli Merkezi&#8217;ne bildirilen haber sonras\u0131 ekipler h\u0131zla harekete ge\u00e7ti. Yap\u0131lan de\u011ferlendirmeler sonucu 16 dakika i\u00e7erisinde karar verilerek \u00d6zenli&#8217;ye haber verildi. Bursa B\u00f6lge Koordinasyon Merkezi ve Uluda\u011f \u00dcniversitesi T\u0131p Fak\u00fcltesi&#8217;ndeki uzmanlar, ba\u011f\u0131\u015flanan b\u00f6bre\u011fin \u00e7\u0131kar\u0131m\u0131n\u0131 sa\u011flad\u0131 ve 112 ekipleri b\u00f6bre\u011fi hi\u00e7 vakit kaybetmeden Antalya&#8217;ya ula\u015ft\u0131rd\u0131. Hastane ekibi de t\u00fcm haz\u0131rl\u0131klar\u0131 tamamlayarak ba\u015far\u0131l\u0131 bir operasyon ger\u00e7ekle\u015ftirdi. Zorlu s\u00fcrecin ard\u0131ndan gelen haber B\u00f6brek nakliyle sa\u011fl\u0131\u011f\u0131na kavu\u015fan Y\u0131lmaz \u00d6zenli, ya\u015fad\u0131\u011f\u0131 s\u00fcreci ve duygular\u0131n\u0131 &hellip;\" \/>\n<meta property=\"og:url\" content=\"https:\/\/denizcankizil.tr\/de\/haberler\/antalya\/antalyada-sagligina-kavustu\/\" \/>\n<meta property=\"og:site_name\" content=\"Av. Deniz Can K\u0131z\u0131l\" \/>\n<meta property=\"article:published_time\" content=\"2025-02-04T08:41:15+00:00\" \/>\n<meta property=\"og:image\" content=\"https:\/\/denizcankizil.tr\/wp-content\/uploads\/2025\/02\/4470-01-kItmcU.jpeg\" \/>\n\t<meta property=\"og:image:width\" content=\"1280\" \/>\n\t<meta property=\"og:image:height\" content=\"720\" \/>\n\t<meta property=\"og:image:type\" content=\"image\/jpeg\" \/>\n<meta name=\"author\" content=\"Av. Deniz Can K\u0131z\u0131l\" \/>\n<meta name=\"twitter:card\" content=\"summary_large_image\" \/>\n<meta name=\"twitter:label1\" content=\"Verfasst von\" \/>\n\t<meta name=\"twitter:data1\" content=\"Av. Deniz Can K\u0131z\u0131l\" \/>\n\t<meta name=\"twitter:label2\" content=\"Gesch\u00e4tzte Lesezeit\" \/>\n\t<meta name=\"twitter:data2\" content=\"5\u00a0Minuten\" \/>\n<script type=\"application\/ld+json\" class=\"yoast-schema-graph\">{\"@context\":\"https:\/\/schema.org\",\"@graph\":[{\"@type\":\"Article\",\"@id\":\"https:\/\/denizcankizil.tr\/de\/haberler\/antalya\/antalyada-sagligina-kavustu\/#article\",\"isPartOf\":{\"@id\":\"https:\/\/denizcankizil.tr\/de\/haberler\/antalya\/antalyada-sagligina-kavustu\/\"},\"author\":{\"name\":\"Av. Deniz Can K\u0131z\u0131l\",\"@id\":\"https:\/\/denizcankizil.tr\/de\/#\/schema\/person\/5dc1b22991bd7ac833867c10afc9b0ff\"},\"headline\":\"Antalya&#8217;da sa\u011fl\u0131\u011f\u0131na kavu\u015ftu\",\"datePublished\":\"2025-02-04T08:41:15+00:00\",\"mainEntityOfPage\":{\"@id\":\"https:\/\/denizcankizil.tr\/de\/haberler\/antalya\/antalyada-sagligina-kavustu\/\"},\"wordCount\":1054,\"commentCount\":0,\"publisher\":{\"@id\":\"https:\/\/denizcankizil.tr\/de\/#organization\"},\"image\":{\"@id\":\"https:\/\/denizcankizil.tr\/de\/haberler\/antalya\/antalyada-sagligina-kavustu\/#primaryimage\"},\"thumbnailUrl\":\"https:\/\/denizcankizil.tr\/wp-content\/uploads\/2025\/02\/4470-01-kItmcU.jpeg\",\"articleSection\":[\"Antalya\"],\"inLanguage\":\"de\",\"potentialAction\":[{\"@type\":\"CommentAction\",\"name\":\"Comment\",\"target\":[\"https:\/\/denizcankizil.tr\/de\/haberler\/antalya\/antalyada-sagligina-kavustu\/#respond\"]}]},{\"@type\":\"WebPage\",\"@id\":\"https:\/\/denizcankizil.tr\/de\/haberler\/antalya\/antalyada-sagligina-kavustu\/\",\"url\":\"https:\/\/denizcankizil.tr\/de\/haberler\/antalya\/antalyada-sagligina-kavustu\/\",\"name\":\"Antalya'da sa\u011fl\u0131\u011f\u0131na kavu\u015ftu - Av. Deniz Can K\u0131z\u0131l\",\"isPartOf\":{\"@id\":\"https:\/\/denizcankizil.tr\/de\/#website\"},\"primaryImageOfPage\":{\"@id\":\"https:\/\/denizcankizil.tr\/de\/haberler\/antalya\/antalyada-sagligina-kavustu\/#primaryimage\"},\"image\":{\"@id\":\"https:\/\/denizcankizil.tr\/de\/haberler\/antalya\/antalyada-sagligina-kavustu\/#primaryimage\"},\"thumbnailUrl\":\"https:\/\/denizcankizil.tr\/wp-content\/uploads\/2025\/02\/4470-01-kItmcU.jpeg\",\"datePublished\":\"2025-02-04T08:41:15+00:00\",\"breadcrumb\":{\"@id\":\"https:\/\/denizcankizil.tr\/de\/haberler\/antalya\/antalyada-sagligina-kavustu\/#breadcrumb\"},\"inLanguage\":\"de\",\"potentialAction\":[{\"@type\":\"ReadAction\",\"target\":[\"https:\/\/denizcankizil.tr\/de\/haberler\/antalya\/antalyada-sagligina-kavustu\/\"]}]},{\"@type\":\"ImageObject\",\"inLanguage\":\"de\",\"@id\":\"https:\/\/denizcankizil.tr\/de\/haberler\/antalya\/antalyada-sagligina-kavustu\/#primaryimage\",\"url\":\"https:\/\/denizcankizil.tr\/wp-content\/uploads\/2025\/02\/4470-01-kItmcU.jpeg\",\"contentUrl\":\"https:\/\/denizcankizil.tr\/wp-content\/uploads\/2025\/02\/4470-01-kItmcU.jpeg\",\"width\":1280,\"height\":720},{\"@type\":\"BreadcrumbList\",\"@id\":\"https:\/\/denizcankizil.tr\/de\/haberler\/antalya\/antalyada-sagligina-kavustu\/#breadcrumb\",\"itemListElement\":[{\"@type\":\"ListItem\",\"position\":1,\"name\":\"Home\",\"item\":\"https:\/\/denizcankizil.tr\/de\/\"},{\"@type\":\"ListItem\",\"position\":2,\"name\":\"Antalya&#8217;da sa\u011fl\u0131\u011f\u0131na kavu\u015ftu\"}]},{\"@type\":\"WebSite\",\"@id\":\"https:\/\/denizcankizil.tr\/de\/#website\",\"url\":\"https:\/\/denizcankizil.tr\/de\/\",\"name\":\"Av. Deniz Can K\u0131z\u0131l\",\"description\":\"Avukat Deniz Can K\u0131z\u0131l Antalya Barosu\",\"publisher\":{\"@id\":\"https:\/\/denizcankizil.tr\/de\/#organization\"},\"potentialAction\":[{\"@type\":\"SearchAction\",\"target\":{\"@type\":\"EntryPoint\",\"urlTemplate\":\"https:\/\/denizcankizil.tr\/de\/?s={search_term_string}\"},\"query-input\":{\"@type\":\"PropertyValueSpecification\",\"valueRequired\":true,\"valueName\":\"search_term_string\"}}],\"inLanguage\":\"de\"},{\"@type\":\"Organization\",\"@id\":\"https:\/\/denizcankizil.tr\/de\/#organization\",\"name\":\"Av. Deniz Can K\u0131z\u0131l\",\"url\":\"https:\/\/denizcankizil.tr\/de\/\",\"logo\":{\"@type\":\"ImageObject\",\"inLanguage\":\"de\",\"@id\":\"https:\/\/denizcankizil.tr\/de\/#\/schema\/logo\/image\/\",\"url\":\"https:\/\/denizcankizil.tr\/wp-content\/uploads\/2024\/10\/siyah-logo-svg.svg\",\"contentUrl\":\"https:\/\/denizcankizil.tr\/wp-content\/uploads\/2024\/10\/siyah-logo-svg.svg\",\"width\":1080,\"height\":1080,\"caption\":\"Av. Deniz Can K\u0131z\u0131l\"},\"image\":{\"@id\":\"https:\/\/denizcankizil.tr\/de\/#\/schema\/logo\/image\/\"}},{\"@type\":\"Person\",\"@id\":\"https:\/\/denizcankizil.tr\/de\/#\/schema\/person\/5dc1b22991bd7ac833867c10afc9b0ff\",\"name\":\"Av. Deniz Can K\u0131z\u0131l\",\"image\":{\"@type\":\"ImageObject\",\"inLanguage\":\"de\",\"@id\":\"https:\/\/denizcankizil.tr\/de\/#\/schema\/person\/image\/\",\"url\":\"https:\/\/secure.gravatar.com\/avatar\/a0b128fb9855c79efc976d5640eedb31dc35ec297594d6016d2cf7c60e975bb6?s=96&d=mm&r=g\",\"contentUrl\":\"https:\/\/secure.gravatar.com\/avatar\/a0b128fb9855c79efc976d5640eedb31dc35ec297594d6016d2cf7c60e975bb6?s=96&d=mm&r=g\",\"caption\":\"Av. Deniz Can K\u0131z\u0131l\"},\"sameAs\":[\"http:\/\/www.denizcankizil.tr\"],\"url\":\"https:\/\/denizcankizil.tr\/de\/author\/denizcankizil\/\"}]}<\/script>\n<!-- \/ Yoast SEO Premium plugin. -->","yoast_head_json":{"title":"Antalya'da sa\u011fl\u0131\u011f\u0131na kavu\u015ftu - Av. Deniz Can K\u0131z\u0131l","robots":{"index":"index","follow":"follow","max-snippet":"max-snippet:-1","max-image-preview":"max-image-preview:large","max-video-preview":"max-video-preview:-1"},"canonical":"https:\/\/denizcankizil.tr\/de\/haberler\/antalya\/antalyada-sagligina-kavustu\/","og_locale":"de_DE","og_type":"article","og_title":"Antalya'da sa\u011fl\u0131\u011f\u0131na kavu\u015ftu","og_description":"Pandemi d\u00f6neminde b\u00f6brek hastas\u0131 olan ve yakla\u015f\u0131k 5 y\u0131ld\u0131r diyalizle hayata tutunan Y\u0131lmaz \u00d6zenli, 23 Ocak 2025&#8217;te Medical Park Antalya Hastane Kompleksi&#8217;nde ger\u00e7ekle\u015ftirilen operasyonla yeni bir hayata ba\u015flad\u0131. Medical Park Antalya Hastane Kompleksi Organ Nakli Merkezi Genel Cerrahi Uzman\u0131 Prof. Dr. \u0130brahim Aliosmano\u011flu ve ekibi taraf\u0131ndan ger\u00e7ekle\u015ftirilen nakil, \u00d6zenli&#8217;yi diyalizden kurtard\u0131. 22 Ocak&#8217;ta Band\u0131rma E\u011fitim ve Ara\u015ft\u0131rma Hastanesi&#8217;nde beyin \u00f6l\u00fcm\u00fc ger\u00e7ekle\u015fen bir hastan\u0131n organlar\u0131 ailesi taraf\u0131ndan ba\u011f\u0131\u015fland\u0131. Yap\u0131lan testlere g\u00f6re de en uygun hasta taramas\u0131 yap\u0131ld\u0131. Bu tarama sonucu Sa\u011fl\u0131k Bakanl\u0131\u011f\u0131 b\u00f6brek bekleme listesindeki 25 bin 246 ki\u015fi aras\u0131ndan Konya&#8217;da ya\u015fayan, 4 y\u0131ld\u0131r hemodiyalize giren 32 ya\u015f\u0131ndaki Y\u0131lmaz \u00d6zenli ile ikiz karde\u015f gibi tam uyum oldu\u011fu tespit edildi. Haberin ard\u0131ndan 16 dakika sonra nakil hastas\u0131 arand\u0131 Haber gece yar\u0131s\u0131 geldi. 23 Ocak sabaha kar\u015f\u0131 saat 04.17&#8217;de Medical Park Antalya Hastane Kompleksi Organ Nakli Merkezi&#8217;ne bildirilen haber sonras\u0131 ekipler h\u0131zla harekete ge\u00e7ti. Yap\u0131lan de\u011ferlendirmeler sonucu 16 dakika i\u00e7erisinde karar verilerek \u00d6zenli&#8217;ye haber verildi. Bursa B\u00f6lge Koordinasyon Merkezi ve Uluda\u011f \u00dcniversitesi T\u0131p Fak\u00fcltesi&#8217;ndeki uzmanlar, ba\u011f\u0131\u015flanan b\u00f6bre\u011fin \u00e7\u0131kar\u0131m\u0131n\u0131 sa\u011flad\u0131 ve 112 ekipleri b\u00f6bre\u011fi hi\u00e7 vakit kaybetmeden Antalya&#8217;ya ula\u015ft\u0131rd\u0131. Hastane ekibi de t\u00fcm haz\u0131rl\u0131klar\u0131 tamamlayarak ba\u015far\u0131l\u0131 bir operasyon ger\u00e7ekle\u015ftirdi. Zorlu s\u00fcrecin ard\u0131ndan gelen haber B\u00f6brek nakliyle sa\u011fl\u0131\u011f\u0131na kavu\u015fan Y\u0131lmaz \u00d6zenli, ya\u015fad\u0131\u011f\u0131 s\u00fcreci ve duygular\u0131n\u0131 &hellip;","og_url":"https:\/\/denizcankizil.tr\/de\/haberler\/antalya\/antalyada-sagligina-kavustu\/","og_site_name":"Av. Deniz Can K\u0131z\u0131l","article_published_time":"2025-02-04T08:41:15+00:00","og_image":[{"width":1280,"height":720,"url":"https:\/\/denizcankizil.tr\/wp-content\/uploads\/2025\/02\/4470-01-kItmcU.jpeg","type":"image\/jpeg"}],"author":"Av. Deniz Can K\u0131z\u0131l","twitter_card":"summary_large_image","twitter_misc":{"Verfasst von":"Av. Deniz Can K\u0131z\u0131l","Gesch\u00e4tzte Lesezeit":"5\u00a0Minuten"},"schema":{"@context":"https:\/\/schema.org","@graph":[{"@type":"Article","@id":"https:\/\/denizcankizil.tr\/de\/haberler\/antalya\/antalyada-sagligina-kavustu\/#article","isPartOf":{"@id":"https:\/\/denizcankizil.tr\/de\/haberler\/antalya\/antalyada-sagligina-kavustu\/"},"author":{"name":"Av. Deniz Can K\u0131z\u0131l","@id":"https:\/\/denizcankizil.tr\/de\/#\/schema\/person\/5dc1b22991bd7ac833867c10afc9b0ff"},"headline":"Antalya&#8217;da sa\u011fl\u0131\u011f\u0131na kavu\u015ftu","datePublished":"2025-02-04T08:41:15+00:00","mainEntityOfPage":{"@id":"https:\/\/denizcankizil.tr\/de\/haberler\/antalya\/antalyada-sagligina-kavustu\/"},"wordCount":1054,"commentCount":0,"publisher":{"@id":"https:\/\/denizcankizil.tr\/de\/#organization"},"image":{"@id":"https:\/\/denizcankizil.tr\/de\/haberler\/antalya\/antalyada-sagligina-kavustu\/#primaryimage"},"thumbnailUrl":"https:\/\/denizcankizil.tr\/wp-content\/uploads\/2025\/02\/4470-01-kItmcU.jpeg","articleSection":["Antalya"],"inLanguage":"de","potentialAction":[{"@type":"CommentAction","name":"Comment","target":["https:\/\/denizcankizil.tr\/de\/haberler\/antalya\/antalyada-sagligina-kavustu\/#respond"]}]},{"@type":"WebPage","@id":"https:\/\/denizcankizil.tr\/de\/haberler\/antalya\/antalyada-sagligina-kavustu\/","url":"https:\/\/denizcankizil.tr\/de\/haberler\/antalya\/antalyada-sagligina-kavustu\/","name":"Antalya'da sa\u011fl\u0131\u011f\u0131na kavu\u015ftu - Av. Deniz Can K\u0131z\u0131l","isPartOf":{"@id":"https:\/\/denizcankizil.tr\/de\/#website"},"primaryImageOfPage":{"@id":"https:\/\/denizcankizil.tr\/de\/haberler\/antalya\/antalyada-sagligina-kavustu\/#primaryimage"},"image":{"@id":"https:\/\/denizcankizil.tr\/de\/haberler\/antalya\/antalyada-sagligina-kavustu\/#primaryimage"},"thumbnailUrl":"https:\/\/denizcankizil.tr\/wp-content\/uploads\/2025\/02\/4470-01-kItmcU.jpeg","datePublished":"2025-02-04T08:41:15+00:00","breadcrumb":{"@id":"https:\/\/denizcankizil.tr\/de\/haberler\/antalya\/antalyada-sagligina-kavustu\/#breadcrumb"},"inLanguage":"de","potentialAction":[{"@type":"ReadAction","target":["https:\/\/denizcankizil.tr\/de\/haberler\/antalya\/antalyada-sagligina-kavustu\/"]}]},{"@type":"ImageObject","inLanguage":"de","@id":"https:\/\/denizcankizil.tr\/de\/haberler\/antalya\/antalyada-sagligina-kavustu\/#primaryimage","url":"https:\/\/denizcankizil.tr\/wp-content\/uploads\/2025\/02\/4470-01-kItmcU.jpeg","contentUrl":"https:\/\/denizcankizil.tr\/wp-content\/uploads\/2025\/02\/4470-01-kItmcU.jpeg","width":1280,"height":720},{"@type":"BreadcrumbList","@id":"https:\/\/denizcankizil.tr\/de\/haberler\/antalya\/antalyada-sagligina-kavustu\/#breadcrumb","itemListElement":[{"@type":"ListItem","position":1,"name":"Home","item":"https:\/\/denizcankizil.tr\/de\/"},{"@type":"ListItem","position":2,"name":"Antalya&#8217;da sa\u011fl\u0131\u011f\u0131na kavu\u015ftu"}]},{"@type":"WebSite","@id":"https:\/\/denizcankizil.tr\/de\/#website","url":"https:\/\/denizcankizil.tr\/de\/","name":"Av. Deniz Can K\u0131z\u0131l","description":"Avukat Deniz Can K\u0131z\u0131l Antalya Barosu","publisher":{"@id":"https:\/\/denizcankizil.tr\/de\/#organization"},"potentialAction":[{"@type":"SearchAction","target":{"@type":"EntryPoint","urlTemplate":"https:\/\/denizcankizil.tr\/de\/?s={search_term_string}"},"query-input":{"@type":"PropertyValueSpecification","valueRequired":true,"valueName":"search_term_string"}}],"inLanguage":"de"},{"@type":"Organization","@id":"https:\/\/denizcankizil.tr\/de\/#organization","name":"Av. Deniz Can K\u0131z\u0131l","url":"https:\/\/denizcankizil.tr\/de\/","logo":{"@type":"ImageObject","inLanguage":"de","@id":"https:\/\/denizcankizil.tr\/de\/#\/schema\/logo\/image\/","url":"https:\/\/denizcankizil.tr\/wp-content\/uploads\/2024\/10\/siyah-logo-svg.svg","contentUrl":"https:\/\/denizcankizil.tr\/wp-content\/uploads\/2024\/10\/siyah-logo-svg.svg","width":1080,"height":1080,"caption":"Av. Deniz Can K\u0131z\u0131l"},"image":{"@id":"https:\/\/denizcankizil.tr\/de\/#\/schema\/logo\/image\/"}},{"@type":"Person","@id":"https:\/\/denizcankizil.tr\/de\/#\/schema\/person\/5dc1b22991bd7ac833867c10afc9b0ff","name":"Av. Deniz Can K\u0131z\u0131l","image":{"@type":"ImageObject","inLanguage":"de","@id":"https:\/\/denizcankizil.tr\/de\/#\/schema\/person\/image\/","url":"https:\/\/secure.gravatar.com\/avatar\/a0b128fb9855c79efc976d5640eedb31dc35ec297594d6016d2cf7c60e975bb6?s=96&d=mm&r=g","contentUrl":"https:\/\/secure.gravatar.com\/avatar\/a0b128fb9855c79efc976d5640eedb31dc35ec297594d6016d2cf7c60e975bb6?s=96&d=mm&r=g","caption":"Av. Deniz Can K\u0131z\u0131l"},"sameAs":["http:\/\/www.denizcankizil.tr"],"url":"https:\/\/denizcankizil.tr\/de\/author\/denizcankizil\/"}]}},"_links":{"self":[{"href":"https:\/\/denizcankizil.tr\/de\/wp-json\/wp\/v2\/posts\/30009","targetHints":{"allow":["GET"]}}],"collection":[{"href":"https:\/\/denizcankizil.tr\/de\/wp-json\/wp\/v2\/posts"}],"about":[{"href":"https:\/\/denizcankizil.tr\/de\/wp-json\/wp\/v2\/types\/post"}],"author":[{"embeddable":true,"href":"https:\/\/denizcankizil.tr\/de\/wp-json\/wp\/v2\/users\/4"}],"replies":[{"embeddable":true,"href":"https:\/\/denizcankizil.tr\/de\/wp-json\/wp\/v2\/comments?post=30009"}],"version-history":[{"count":0,"href":"https:\/\/denizcankizil.tr\/de\/wp-json\/wp\/v2\/posts\/30009\/revisions"}],"wp:featuredmedia":[{"embeddable":true,"href":"https:\/\/denizcankizil.tr\/de\/wp-json\/wp\/v2\/media\/30010"}],"wp:attachment":[{"href":"https:\/\/denizcankizil.tr\/de\/wp-json\/wp\/v2\/media?parent=30009"}],"wp:term":[{"taxonomy":"category","embeddable":true,"href":"https:\/\/denizcankizil.tr\/de\/wp-json\/wp\/v2\/categories?post=30009"},{"taxonomy":"post_tag","embeddable":true,"href":"https:\/\/denizcankizil.tr\/de\/wp-json\/wp\/v2\/tags?post=30009"}],"curies":[{"name":"wp","href":"https:\/\/api.w.org\/{rel}","templated":true}]}}