{"id":29961,"date":"2025-02-04T06:41:35","date_gmt":"2025-02-04T03:41:35","guid":{"rendered":"https:\/\/denizcankizil.tr\/uncategorized-tr\/geyvede-yariyil-senliginde-cocuklar-doyasiya-eglendi\/"},"modified":"2025-02-04T06:41:35","modified_gmt":"2025-02-04T03:41:35","slug":"geyvede-yariyil-senliginde-cocuklar-doyasiya-eglendi","status":"publish","type":"post","link":"https:\/\/denizcankizil.tr\/de\/haberler\/gundem\/geyvede-yariyil-senliginde-cocuklar-doyasiya-eglendi\/","title":{"rendered":"Geyve\u2019de Yar\u0131y\u0131l \u015eenli\u011finde \u00c7ocuklar Doyas\u0131ya E\u011flendi"},"content":{"rendered":"<p>Geyve Belediyesi yar\u0131y\u0131l tatilinin sonunda \u00e7ocuklar\u0131n motivasyonunu artt\u0131rmak ad\u0131na Geyve Atat\u00fcrk Kapal\u0131 Spor Salonu\u2019nda \u00e7ocuklar i\u00e7in Yar\u0131y\u0131l \u015eenli\u011fi d\u00fczenledi.<\/p>\n<p>\u200bGeyve Belediyesi yar\u0131y\u0131l tatilinin sonunda \u00e7ocuklar\u0131n motivasyonunu artt\u0131rmak ad\u0131na Geyve Atat\u00fcrk Kapal\u0131 Spor Salonu\u2019nda \u00e7ocuklar i\u00e7in Yar\u0131y\u0131l \u015eenli\u011fi d\u00fczenledi.\u00a0<\/p>\n<p>\u200bHaberin Al\u0131nt\u0131land\u0131\u011f\u0131 Kaynak: www.iskenderun.org<\/p>","protected":false},"excerpt":{"rendered":"<p>Geyve Belediyesi yar\u0131y\u0131l tatilinin sonunda \u00e7ocuklar\u0131n motivasyonunu artt\u0131rmak ad\u0131na Geyve Atat\u00fcrk Kapal\u0131 Spor Salonu\u2019nda \u00e7ocuklar i\u00e7in Yar\u0131y\u0131l \u015eenli\u011fi d\u00fczenledi. \u200bGeyve Belediyesi yar\u0131y\u0131l tatilinin sonunda \u00e7ocuklar\u0131n motivasyonunu artt\u0131rmak ad\u0131na Geyve Atat\u00fcrk Kapal\u0131 Spor Salonu\u2019nda \u00e7ocuklar i\u00e7in Yar\u0131y\u0131l \u015eenli\u011fi d\u00fczenledi.\u00a0 \u200bHaberin Al\u0131nt\u0131land\u0131\u011f\u0131 Kaynak: www.iskenderun.org<\/p>","protected":false},"author":1,"featured_media":0,"comment_status":"open","ping_status":"open","sticky":false,"template":"","format":"standard","meta":{"_acf_changed":false,"footnotes":""},"categories":[24],"tags":[],"class_list":["post-29961","post","type-post","status-publish","format-standard","has-post-thumbnail","hentry","category-gundem"],"acf":[],"yoast_head":"<!-- This site is optimized with the Yoast SEO Premium plugin v26.6 (Yoast SEO v27.1.1) - https:\/\/yoast.com\/product\/yoast-seo-premium-wordpress\/ -->\n<title>Geyve\u2019de Yar\u0131y\u0131l \u015eenli\u011finde \u00c7ocuklar Doyas\u0131ya E\u011flendi - Av. Deniz Can K\u0131z\u0131l<\/title>\n<meta name=\"robots\" content=\"index, follow, max-snippet:-1, max-image-preview:large, max-video-preview:-1\" \/>\n<link rel=\"canonical\" href=\"http:\/\/denizcankizil.tr\/de\/haberler\/gundem\/geyvede-yariyil-senliginde-cocuklar-doyasiya-eglendi\/\" \/>\n<meta property=\"og:locale\" content=\"de_DE\" \/>\n<meta property=\"og:type\" content=\"article\" \/>\n<meta property=\"og:title\" content=\"Geyve\u2019de Yar\u0131y\u0131l \u015eenli\u011finde \u00c7ocuklar Doyas\u0131ya E\u011flendi\" \/>\n<meta property=\"og:description\" content=\"Geyve Belediyesi yar\u0131y\u0131l tatilinin sonunda \u00e7ocuklar\u0131n motivasyonunu artt\u0131rmak ad\u0131na Geyve Atat\u00fcrk Kapal\u0131 Spor Salonu\u2019nda \u00e7ocuklar i\u00e7in Yar\u0131y\u0131l \u015eenli\u011fi d\u00fczenledi. \u200bGeyve Belediyesi yar\u0131y\u0131l tatilinin sonunda \u00e7ocuklar\u0131n motivasyonunu artt\u0131rmak ad\u0131na Geyve Atat\u00fcrk Kapal\u0131 Spor Salonu\u2019nda \u00e7ocuklar i\u00e7in Yar\u0131y\u0131l \u015eenli\u011fi d\u00fczenledi.\u00a0 \u200bHaberin Al\u0131nt\u0131land\u0131\u011f\u0131 Kaynak: www.iskenderun.org\" \/>\n<meta property=\"og:url\" content=\"http:\/\/denizcankizil.tr\/de\/haberler\/gundem\/geyvede-yariyil-senliginde-cocuklar-doyasiya-eglendi\/\" \/>\n<meta property=\"og:site_name\" content=\"Av. Deniz Can K\u0131z\u0131l\" \/>\n<meta property=\"article:published_time\" content=\"2025-02-04T03:41:35+00:00\" \/>\n<meta name=\"author\" content=\"admin\" \/>\n<meta name=\"twitter:card\" content=\"summary_large_image\" \/>\n<meta name=\"twitter:label1\" content=\"Verfasst von\" \/>\n\t<meta name=\"twitter:data1\" content=\"admin\" \/>\n<script type=\"application\/ld+json\" class=\"yoast-schema-graph\">{\"@context\":\"https:\/\/schema.org\",\"@graph\":[{\"@type\":\"Article\",\"@id\":\"http:\/\/denizcankizil.tr\/ru\/haberler\/gundem\/geyvede-yariyil-senliginde-cocuklar-doyasiya-eglendi\/#article\",\"isPartOf\":{\"@id\":\"http:\/\/denizcankizil.tr\/ru\/haberler\/gundem\/geyvede-yariyil-senliginde-cocuklar-doyasiya-eglendi\/\"},\"author\":{\"name\":\"admin\",\"@id\":\"https:\/\/denizcankizil.tr\/de\/#\/schema\/person\/be3c05fe6a12686905512445d8185489\"},\"headline\":\"Geyve\u2019de Yar\u0131y\u0131l \u015eenli\u011finde \u00c7ocuklar Doyas\u0131ya E\u011flendi\",\"datePublished\":\"2025-02-04T03:41:35+00:00\",\"mainEntityOfPage\":{\"@id\":\"http:\/\/denizcankizil.tr\/ru\/haberler\/gundem\/geyvede-yariyil-senliginde-cocuklar-doyasiya-eglendi\/\"},\"wordCount\":82,\"commentCount\":0,\"publisher\":{\"@id\":\"https:\/\/denizcankizil.tr\/de\/#organization\"},\"articleSection\":[\"G\u00fcndem\"],\"inLanguage\":\"de\",\"potentialAction\":[{\"@type\":\"CommentAction\",\"name\":\"Comment\",\"target\":[\"http:\/\/denizcankizil.tr\/ru\/haberler\/gundem\/geyvede-yariyil-senliginde-cocuklar-doyasiya-eglendi\/#respond\"]}]},{\"@type\":\"WebPage\",\"@id\":\"http:\/\/denizcankizil.tr\/ru\/haberler\/gundem\/geyvede-yariyil-senliginde-cocuklar-doyasiya-eglendi\/\",\"url\":\"http:\/\/denizcankizil.tr\/ru\/haberler\/gundem\/geyvede-yariyil-senliginde-cocuklar-doyasiya-eglendi\/\",\"name\":\"Geyve\u2019de Yar\u0131y\u0131l \u015eenli\u011finde \u00c7ocuklar Doyas\u0131ya E\u011flendi - Av. Deniz Can K\u0131z\u0131l\",\"isPartOf\":{\"@id\":\"https:\/\/denizcankizil.tr\/de\/#website\"},\"datePublished\":\"2025-02-04T03:41:35+00:00\",\"breadcrumb\":{\"@id\":\"http:\/\/denizcankizil.tr\/ru\/haberler\/gundem\/geyvede-yariyil-senliginde-cocuklar-doyasiya-eglendi\/#breadcrumb\"},\"inLanguage\":\"de\",\"potentialAction\":[{\"@type\":\"ReadAction\",\"target\":[\"http:\/\/denizcankizil.tr\/ru\/haberler\/gundem\/geyvede-yariyil-senliginde-cocuklar-doyasiya-eglendi\/\"]}]},{\"@type\":\"BreadcrumbList\",\"@id\":\"http:\/\/denizcankizil.tr\/ru\/haberler\/gundem\/geyvede-yariyil-senliginde-cocuklar-doyasiya-eglendi\/#breadcrumb\",\"itemListElement\":[{\"@type\":\"ListItem\",\"position\":1,\"name\":\"Home\",\"item\":\"https:\/\/denizcankizil.tr\/de\/\"},{\"@type\":\"ListItem\",\"position\":2,\"name\":\"Geyve\u2019de Yar\u0131y\u0131l \u015eenli\u011finde \u00c7ocuklar Doyas\u0131ya E\u011flendi\"}]},{\"@type\":\"WebSite\",\"@id\":\"https:\/\/denizcankizil.tr\/de\/#website\",\"url\":\"https:\/\/denizcankizil.tr\/de\/\",\"name\":\"Av. Deniz Can K\u0131z\u0131l\",\"description\":\"Avukat Deniz Can K\u0131z\u0131l Antalya Barosu\",\"publisher\":{\"@id\":\"https:\/\/denizcankizil.tr\/de\/#organization\"},\"potentialAction\":[{\"@type\":\"SearchAction\",\"target\":{\"@type\":\"EntryPoint\",\"urlTemplate\":\"https:\/\/denizcankizil.tr\/de\/?s={search_term_string}\"},\"query-input\":{\"@type\":\"PropertyValueSpecification\",\"valueRequired\":true,\"valueName\":\"search_term_string\"}}],\"inLanguage\":\"de\"},{\"@type\":\"Organization\",\"@id\":\"https:\/\/denizcankizil.tr\/de\/#organization\",\"name\":\"Av. Deniz Can K\u0131z\u0131l\",\"url\":\"https:\/\/denizcankizil.tr\/de\/\",\"logo\":{\"@type\":\"ImageObject\",\"inLanguage\":\"de\",\"@id\":\"https:\/\/denizcankizil.tr\/de\/#\/schema\/logo\/image\/\",\"url\":\"https:\/\/denizcankizil.tr\/wp-content\/uploads\/2024\/10\/siyah-logo-svg.svg\",\"contentUrl\":\"https:\/\/denizcankizil.tr\/wp-content\/uploads\/2024\/10\/siyah-logo-svg.svg\",\"width\":1080,\"height\":1080,\"caption\":\"Av. Deniz Can K\u0131z\u0131l\"},\"image\":{\"@id\":\"https:\/\/denizcankizil.tr\/de\/#\/schema\/logo\/image\/\"}},{\"@type\":\"Person\",\"@id\":\"https:\/\/denizcankizil.tr\/de\/#\/schema\/person\/be3c05fe6a12686905512445d8185489\",\"name\":\"admin\",\"image\":{\"@type\":\"ImageObject\",\"inLanguage\":\"de\",\"@id\":\"https:\/\/denizcankizil.tr\/de\/#\/schema\/person\/image\/\",\"url\":\"https:\/\/secure.gravatar.com\/avatar\/c1fce94c830dc79107e174f890d7210541c4a63e8e5d816341794a2151c9d58c?s=96&d=mm&r=g\",\"contentUrl\":\"https:\/\/secure.gravatar.com\/avatar\/c1fce94c830dc79107e174f890d7210541c4a63e8e5d816341794a2151c9d58c?s=96&d=mm&r=g\",\"caption\":\"admin\"},\"sameAs\":[\"http:\/\/denizcankizil.tr\"],\"url\":\"https:\/\/www.iskenderun.org\/geyvede-yariyil-senliginde-cocuklar-doyasiya-eglendi\"}]}<\/script>\n<!-- \/ Yoast SEO Premium plugin. -->","yoast_head_json":{"title":"Geyve\u2019de Yar\u0131y\u0131l \u015eenli\u011finde \u00c7ocuklar Doyas\u0131ya E\u011flendi - Av. Deniz Can K\u0131z\u0131l","robots":{"index":"index","follow":"follow","max-snippet":"max-snippet:-1","max-image-preview":"max-image-preview:large","max-video-preview":"max-video-preview:-1"},"canonical":"http:\/\/denizcankizil.tr\/de\/haberler\/gundem\/geyvede-yariyil-senliginde-cocuklar-doyasiya-eglendi\/","og_locale":"de_DE","og_type":"article","og_title":"Geyve\u2019de Yar\u0131y\u0131l \u015eenli\u011finde \u00c7ocuklar Doyas\u0131ya E\u011flendi","og_description":"Geyve Belediyesi yar\u0131y\u0131l tatilinin sonunda \u00e7ocuklar\u0131n motivasyonunu artt\u0131rmak ad\u0131na Geyve Atat\u00fcrk Kapal\u0131 Spor Salonu\u2019nda \u00e7ocuklar i\u00e7in Yar\u0131y\u0131l \u015eenli\u011fi d\u00fczenledi. \u200bGeyve Belediyesi yar\u0131y\u0131l tatilinin sonunda \u00e7ocuklar\u0131n motivasyonunu artt\u0131rmak ad\u0131na Geyve Atat\u00fcrk Kapal\u0131 Spor Salonu\u2019nda \u00e7ocuklar i\u00e7in Yar\u0131y\u0131l \u015eenli\u011fi d\u00fczenledi.\u00a0 \u200bHaberin Al\u0131nt\u0131land\u0131\u011f\u0131 Kaynak: www.iskenderun.org","og_url":"http:\/\/denizcankizil.tr\/de\/haberler\/gundem\/geyvede-yariyil-senliginde-cocuklar-doyasiya-eglendi\/","og_site_name":"Av. Deniz Can K\u0131z\u0131l","article_published_time":"2025-02-04T03:41:35+00:00","author":"admin","twitter_card":"summary_large_image","twitter_misc":{"Verfasst von":"admin"},"schema":{"@context":"https:\/\/schema.org","@graph":[{"@type":"Article","@id":"http:\/\/denizcankizil.tr\/ru\/haberler\/gundem\/geyvede-yariyil-senliginde-cocuklar-doyasiya-eglendi\/#article","isPartOf":{"@id":"http:\/\/denizcankizil.tr\/ru\/haberler\/gundem\/geyvede-yariyil-senliginde-cocuklar-doyasiya-eglendi\/"},"author":{"name":"admin","@id":"https:\/\/denizcankizil.tr\/de\/#\/schema\/person\/be3c05fe6a12686905512445d8185489"},"headline":"Geyve\u2019de Yar\u0131y\u0131l \u015eenli\u011finde \u00c7ocuklar Doyas\u0131ya E\u011flendi","datePublished":"2025-02-04T03:41:35+00:00","mainEntityOfPage":{"@id":"http:\/\/denizcankizil.tr\/ru\/haberler\/gundem\/geyvede-yariyil-senliginde-cocuklar-doyasiya-eglendi\/"},"wordCount":82,"commentCount":0,"publisher":{"@id":"https:\/\/denizcankizil.tr\/de\/#organization"},"articleSection":["G\u00fcndem"],"inLanguage":"de","potentialAction":[{"@type":"CommentAction","name":"Comment","target":["http:\/\/denizcankizil.tr\/ru\/haberler\/gundem\/geyvede-yariyil-senliginde-cocuklar-doyasiya-eglendi\/#respond"]}]},{"@type":"WebPage","@id":"http:\/\/denizcankizil.tr\/ru\/haberler\/gundem\/geyvede-yariyil-senliginde-cocuklar-doyasiya-eglendi\/","url":"http:\/\/denizcankizil.tr\/ru\/haberler\/gundem\/geyvede-yariyil-senliginde-cocuklar-doyasiya-eglendi\/","name":"Geyve\u2019de Yar\u0131y\u0131l \u015eenli\u011finde \u00c7ocuklar Doyas\u0131ya E\u011flendi - Av. Deniz Can K\u0131z\u0131l","isPartOf":{"@id":"https:\/\/denizcankizil.tr\/de\/#website"},"datePublished":"2025-02-04T03:41:35+00:00","breadcrumb":{"@id":"http:\/\/denizcankizil.tr\/ru\/haberler\/gundem\/geyvede-yariyil-senliginde-cocuklar-doyasiya-eglendi\/#breadcrumb"},"inLanguage":"de","potentialAction":[{"@type":"ReadAction","target":["http:\/\/denizcankizil.tr\/ru\/haberler\/gundem\/geyvede-yariyil-senliginde-cocuklar-doyasiya-eglendi\/"]}]},{"@type":"BreadcrumbList","@id":"http:\/\/denizcankizil.tr\/ru\/haberler\/gundem\/geyvede-yariyil-senliginde-cocuklar-doyasiya-eglendi\/#breadcrumb","itemListElement":[{"@type":"ListItem","position":1,"name":"Home","item":"https:\/\/denizcankizil.tr\/de\/"},{"@type":"ListItem","position":2,"name":"Geyve\u2019de Yar\u0131y\u0131l \u015eenli\u011finde \u00c7ocuklar Doyas\u0131ya E\u011flendi"}]},{"@type":"WebSite","@id":"https:\/\/denizcankizil.tr\/de\/#website","url":"https:\/\/denizcankizil.tr\/de\/","name":"Av. Deniz Can K\u0131z\u0131l","description":"Avukat Deniz Can K\u0131z\u0131l Antalya Barosu","publisher":{"@id":"https:\/\/denizcankizil.tr\/de\/#organization"},"potentialAction":[{"@type":"SearchAction","target":{"@type":"EntryPoint","urlTemplate":"https:\/\/denizcankizil.tr\/de\/?s={search_term_string}"},"query-input":{"@type":"PropertyValueSpecification","valueRequired":true,"valueName":"search_term_string"}}],"inLanguage":"de"},{"@type":"Organization","@id":"https:\/\/denizcankizil.tr\/de\/#organization","name":"Av. Deniz Can K\u0131z\u0131l","url":"https:\/\/denizcankizil.tr\/de\/","logo":{"@type":"ImageObject","inLanguage":"de","@id":"https:\/\/denizcankizil.tr\/de\/#\/schema\/logo\/image\/","url":"https:\/\/denizcankizil.tr\/wp-content\/uploads\/2024\/10\/siyah-logo-svg.svg","contentUrl":"https:\/\/denizcankizil.tr\/wp-content\/uploads\/2024\/10\/siyah-logo-svg.svg","width":1080,"height":1080,"caption":"Av. Deniz Can K\u0131z\u0131l"},"image":{"@id":"https:\/\/denizcankizil.tr\/de\/#\/schema\/logo\/image\/"}},{"@type":"Person","@id":"https:\/\/denizcankizil.tr\/de\/#\/schema\/person\/be3c05fe6a12686905512445d8185489","name":"Administrator","image":{"@type":"ImageObject","inLanguage":"de","@id":"https:\/\/denizcankizil.tr\/de\/#\/schema\/person\/image\/","url":"https:\/\/secure.gravatar.com\/avatar\/c1fce94c830dc79107e174f890d7210541c4a63e8e5d816341794a2151c9d58c?s=96&d=mm&r=g","contentUrl":"https:\/\/secure.gravatar.com\/avatar\/c1fce94c830dc79107e174f890d7210541c4a63e8e5d816341794a2151c9d58c?s=96&d=mm&r=g","caption":"admin"},"sameAs":["http:\/\/denizcankizil.tr"],"url":"https:\/\/www.iskenderun.org\/geyvede-yariyil-senliginde-cocuklar-doyasiya-eglendi"}]}},"_links":{"self":[{"href":"https:\/\/denizcankizil.tr\/de\/wp-json\/wp\/v2\/posts\/29961","targetHints":{"allow":["GET"]}}],"collection":[{"href":"https:\/\/denizcankizil.tr\/de\/wp-json\/wp\/v2\/posts"}],"about":[{"href":"https:\/\/denizcankizil.tr\/de\/wp-json\/wp\/v2\/types\/post"}],"author":[{"embeddable":true,"href":"https:\/\/denizcankizil.tr\/de\/wp-json\/wp\/v2\/users\/1"}],"replies":[{"embeddable":true,"href":"https:\/\/denizcankizil.tr\/de\/wp-json\/wp\/v2\/comments?post=29961"}],"version-history":[{"count":0,"href":"https:\/\/denizcankizil.tr\/de\/wp-json\/wp\/v2\/posts\/29961\/revisions"}],"wp:attachment":[{"href":"https:\/\/denizcankizil.tr\/de\/wp-json\/wp\/v2\/media?parent=29961"}],"wp:term":[{"taxonomy":"category","embeddable":true,"href":"https:\/\/denizcankizil.tr\/de\/wp-json\/wp\/v2\/categories?post=29961"},{"taxonomy":"post_tag","embeddable":true,"href":"https:\/\/denizcankizil.tr\/de\/wp-json\/wp\/v2\/tags?post=29961"}],"curies":[{"name":"wp","href":"https:\/\/api.w.org\/{rel}","templated":true}]}}