{"id":29959,"date":"2025-02-04T06:41:34","date_gmt":"2025-02-04T03:41:34","guid":{"rendered":"https:\/\/denizcankizil.tr\/uncategorized-tr\/baskan-calik-istanbulda-hizmetle-dolu-6-yili-paylasti\/"},"modified":"2025-02-04T06:41:34","modified_gmt":"2025-02-04T03:41:34","slug":"baskan-calik-istanbulda-hizmetle-dolu-6-yili-paylasti","status":"publish","type":"post","link":"https:\/\/denizcankizil.tr\/de\/haberler\/gundem\/baskan-calik-istanbulda-hizmetle-dolu-6-yili-paylasti\/","title":{"rendered":"Ba\u015fkan \u00c7al\u0131k \u0130stanbul\u2019da hizmetle dolu 6 y\u0131l\u0131 payla\u015ft\u0131"},"content":{"rendered":"<p>\u0130stanbul Beylikd\u00fcz\u00fc Belediyesi \u015eubat Ay\u0131 Meclis Toplant\u0131s\u0131\u2019n\u0131n 1.birle\u015fimi ger\u00e7ekle\u015fti. G\u00f6rev s\u00fcresinde neredeyse 6.y\u0131l\u0131 tamamlad\u0131klar\u0131n\u0131 ifade eden Beylikd\u00fcz\u00fc Belediye Ba\u015fkan\u0131 Mehmet Murat \u00c7al\u0131k, ilk g\u00fcnden bug\u00fcne kadar yapt\u0131klar\u0131 \u00e7al\u0131\u015fma ve projeleri kamuoyuyla payla\u015ft\u0131.\u0130STANBUL (\u0130GFA) &#8211;\u00a0\u0130stanbul Beylikd\u00fcz\u00fc Belediyesi \u015eubat ay\u0131 Meclis Toplant\u0131s\u0131\u2019n\u0131n 1.birle\u015fimi, Belediye Meclis Salonu\u2019nda ger\u00e7ekle\u015fti.<br \/>\nKonu\u015fmas\u0131na, ocak ay\u0131nda \u015fehit d\u00fc\u015fen polis ve askerleri anarak ba\u015flayanBeylikd\u00fcz\u00fc Belediye Ba\u015fkan\u0131 Mehmet Murat \u00c7al\u0131k, \u00f6nemli g\u00fcn ve haftalara da de\u011findi. Bolu Kartalkaya\u2019da meydana gelen yang\u0131n facias\u0131nda hayat\u0131n\u0131 kaybedenlere de rahmet dileyen \u00c7al\u0131k, \u201cKartalkaya\u2019da \u00e7\u0131kan yang\u0131nda ne yaz\u0131k ki 78 insan\u0131m\u0131z, yar\u0131y\u0131l tatilinde \u00e7ocuklar\u0131yla birlikte g\u00fczel zaman ge\u00e7irmek isterken \u00e7ok ac\u0131 bir \u015fekilde hayata veda etti.<br \/>\nO g\u00fcn hayat\u0131n\u0131 kaybedenlerin 36\u2019s\u0131 \u00e7ocuktu. Hepimizin y\u00fcre\u011fi yand\u0131. Hayat\u0131n\u0131 kaybedenlere Allah\u2019tan rahmet, yak\u0131nlar\u0131na ba\u015f sa\u011fl\u0131\u011f\u0131 diliyorum. Sorumlular hukuk \u00f6n\u00fcnde hesap vermeli\u201d ifadelerini kulland\u0131.<br \/>\n\u201cOrtaya koydu\u011fumuz belediyecilik felsefesini ve hizmetlerimizi bir ad\u0131m \u00f6teye ta\u015f\u0131d\u0131k\u201d<br \/>\nG\u00f6rev s\u00fcresinde neredeyse 6.y\u0131l\u0131 tamamlad\u0131klar\u0131n\u0131 ifade eden Ba\u015fkan \u00c7al\u0131k, g\u00f6reve geldikleri ilk g\u00fcnden bu yana kadar yapt\u0131klar\u0131 hizmet ve projeleri meclis k\u00fcrs\u00fcs\u00fcnden kamuoyu ile payla\u015ft\u0131. \u00c7al\u0131k, \u201cBiz \u00e7al\u0131\u015ft\u0131k\u00e7a Beylikd\u00fcz\u00fc g\u00fczelle\u015fecek, Beylikd\u00fcz\u00fc g\u00fczelle\u015ftik\u00e7e biz daha \u00e7ok \u00e7al\u0131\u015faca\u011f\u0131z demi\u015ftik.<br \/>\nHer yeni g\u00fcn \u00e7al\u0131\u015fma iste\u011fimiz ve arzumuz Beylikd\u00fcz\u00fc\u2019n\u00fc g\u00fczelle\u015ftirmek, daha ya\u015fan\u0131labilir bir kent haline d\u00f6n\u00fc\u015ft\u00fcrmekti. \u00d6yle de oldu. Her ge\u00e7en y\u0131l, ortaya koydu\u011fumuz belediyecilik felsefesini ve hizmetlerimizi bir ad\u0131m \u00f6teye ta\u015f\u0131d\u0131k. Geride b\u0131rakt\u0131\u011f\u0131m\u0131z yakla\u015f\u0131k 6 y\u0131lda insan, do\u011fa ve \u00e7evreyi merkeze alarak, kad\u0131nlar\u0131, \u00e7ocuklar\u0131, gen\u00e7leri ve kent yoksullu\u011funu \u00f6nceleyen \u00e7al\u0131\u015fmalara a\u011f\u0131rl\u0131k verdik\u201d dedi.<br \/>\n\u201cT\u00fcm hizmetlerimizi kesintisiz s\u00fcrd\u00fcrmeye devam edece\u011fiz\u201d<br \/>\nBa\u015fkan \u00c7al\u0131k konu\u015fmas\u0131n\u0131n devam\u0131nda, \u201cBeylikd\u00fcz\u00fc\u2019ne tam 11 yeni kre\u015f ve 2 anne &#8211; \u00e7ocuk merkezi kazand\u0131rd\u0131k. Beylikd\u00fcz\u00fc Fatih Sultan Mehmet K\u00fclt\u00fcr ve Sanat Merkezi, Fedai Altun Kapal\u0131 Spor Tesisi ve Koral Berkin Kutlu Spor Tesislerini hayata ge\u00e7irdik.<br \/>\nAziz Sancar Bilim ve Sanat Merkezi\u2019ni tamamlad\u0131k.Beslenme Saati uygulamas\u0131yla 600 bini a\u015fk\u0131n beslenme paketini \u00e7ocuklar\u0131m\u0131za ula\u015ft\u0131rd\u0131k.160 km ya\u011fmur suyu, at\u0131k su ve i\u00e7me suyu hatt\u0131n\u0131 tamamlad\u0131k. 60 km yeni yol a\u00e7t\u0131k. 420 bin ton asfalt \u00e7al\u0131\u015fmas\u0131 ger\u00e7ekle\u015ftirdik. Ye\u015fil alan miktar\u0131m\u0131z\u0131 4 milyon 354 bin metrekareye \u00e7\u0131kard\u0131k. Tam 83 yeni park yapt\u0131k, 235 park\u0131 yeniledik. Ya\u015fam Bah\u00e7emizden 300 tona yak\u0131n mahsul elde ettik.<br \/>\n76 bin vatanda\u015f\u0131m\u0131za 228 bin sa\u011fl\u0131k hizmeti ula\u015ft\u0131rd\u0131k. 192 bin ki\u015filik taziye yemek deste\u011fi verdik. 628 bin ki\u015filik d\u00fczenli s\u0131cak yeme\u011fi deste\u011fi verdik. 8 bin sokak canl\u0131s\u0131n\u0131 tedavi ettik. Spordan k\u00fclt\u00fcr-sanata, sa\u011fl\u0131ktan sosyal yard\u0131mlara kadar t\u00fcm hizmetlerimizi kesintisiz s\u00fcrd\u00fcrmeye devam edece\u011fiz. Her ya\u015ftan ve her kesimden vatanda\u015flar\u0131m\u0131z i\u00e7in geli\u015ftirdi\u011fimiz projeleri yeni d\u00f6nemde de s\u00fcrd\u00fcrece\u011fiz. Afetlere haz\u0131r, \u00e7ocuklar\u0131n ve gen\u00e7lerin mutlu oldu\u011fu bir Beylikd\u00fcz\u00fc hedefimizden sapmadan ilerlemeye devam edece\u011fiz\u201d \u015feklinde konu\u015ftu.<br \/>\n\u201cBeylikd\u00fcz\u00fc metrosunu bekliyor\u201d<br \/>\nKonu\u015fmas\u0131n\u0131 6.kez Cumhurba\u015fkanl\u0131\u011f\u0131 Yat\u0131r\u0131m Program\u0131\u2019na al\u0131nmayan Beylikd\u00fcz\u00fc metrosu projesine de\u011finerek noktalayan \u00c7al\u0131k, \u201cHer y\u0131l \u015eubat ay\u0131nda Cumhurba\u015fkanl\u0131\u011f\u0131 Yat\u0131r\u0131m Program\u0131 \u00e7\u0131kar ve biz de bu programa girmeyen Beylikd\u00fcz\u00fc Metrosu\u2019nu konu\u015furuz. Hala imzalanmad\u0131. 2022 y\u0131l\u0131n\u0131n \u015eubat ay\u0131nda, \u201c\u0130\u015f bir imzaya kald\u0131 ve bu imza bir t\u00fcrl\u00fc at\u0131lm\u0131yor, metromuza engel olmay\u0131n\u201d demi\u015ftim. \u201cBeylikd\u00fcz\u00fc\u2019nde metro 21 y\u0131ll\u0131k bir hayaldi\u201ddemi\u015ftim, bug\u00fcn 23 y\u0131l oldu. Beylikd\u00fcz\u00fc metrosunu bekliyor. Bu mesele siyaset \u00fcst\u00fc bir meseledir\u201d dedi. \u015eubat ay\u0131 meclis toplant\u0131s\u0131n\u0131n 2. birle\u015fiminin ise 6 \u015eubat Per\u015fembe g\u00fcn\u00fc saat 10.00\u2019da yap\u0131lmas\u0131 kararla\u015ft\u0131r\u0131ld\u0131.<\/p>\n<p>\u200b\u0130stanbul Beylikd\u00fcz\u00fc Belediyesi \u015eubat Ay\u0131 Meclis Toplant\u0131s\u0131\u2019n\u0131n 1.birle\u015fimi ger\u00e7ekle\u015fti. G\u00f6rev s\u00fcresinde neredeyse 6.y\u0131l\u0131 tamamlad\u0131klar\u0131n\u0131 ifade eden Beylikd\u00fcz\u00fc Belediye Ba\u015fkan\u0131 Mehmet Murat \u00c7al\u0131k, ilk g\u00fcnden bug\u00fcne kadar yapt\u0131klar\u0131 \u00e7al\u0131\u015fma ve projeleri kamuoyuyla payla\u015ft\u0131.\u0130STANBUL (\u0130GFA) &#8211;\u00a0\u0130stanbul Beylikd\u00fcz\u00fc Belediyesi \u015eubat ay\u0131 Meclis Toplant\u0131s\u0131\u2019n\u0131n 1.birle\u015fimi, Belediye Meclis Salonu\u2019nda ger\u00e7ekle\u015fti.<br \/>\nKonu\u015fmas\u0131na, ocak ay\u0131nda \u015fehit d\u00fc\u015fen polis ve askerleri anarak ba\u015flayanBeylikd\u00fcz\u00fc Belediye Ba\u015fkan\u0131 Mehmet Murat \u00c7al\u0131k, \u00f6nemli g\u00fcn ve haftalara da de\u011findi. Bolu Kartalkaya\u2019da meydana gelen yang\u0131n facias\u0131nda hayat\u0131n\u0131 kaybedenlere de rahmet dileyen \u00c7al\u0131k, \u201cKartalkaya\u2019da \u00e7\u0131kan yang\u0131nda ne yaz\u0131k ki 78 insan\u0131m\u0131z, yar\u0131y\u0131l tatilinde \u00e7ocuklar\u0131yla birlikte g\u00fczel zaman ge\u00e7irmek isterken \u00e7ok ac\u0131 bir \u015fekilde hayata veda etti.<br \/>\nO g\u00fcn hayat\u0131n\u0131 kaybedenlerin 36\u2019s\u0131 \u00e7ocuktu. Hepimizin y\u00fcre\u011fi yand\u0131. Hayat\u0131n\u0131 kaybedenlere Allah\u2019tan rahmet, yak\u0131nlar\u0131na ba\u015f sa\u011fl\u0131\u011f\u0131 diliyorum. Sorumlular hukuk \u00f6n\u00fcnde hesap vermeli\u201d ifadelerini kulland\u0131.<br \/>\n\u201cOrtaya koydu\u011fumuz belediyecilik felsefesini ve hizmetlerimizi bir ad\u0131m \u00f6teye ta\u015f\u0131d\u0131k\u201d<br \/>\nG\u00f6rev s\u00fcresinde neredeyse 6.y\u0131l\u0131 tamamlad\u0131klar\u0131n\u0131 ifade eden Ba\u015fkan \u00c7al\u0131k, g\u00f6reve geldikleri ilk g\u00fcnden bu yana kadar yapt\u0131klar\u0131 hizmet ve projeleri meclis k\u00fcrs\u00fcs\u00fcnden kamuoyu ile payla\u015ft\u0131. \u00c7al\u0131k, \u201cBiz \u00e7al\u0131\u015ft\u0131k\u00e7a Beylikd\u00fcz\u00fc g\u00fczelle\u015fecek, Beylikd\u00fcz\u00fc g\u00fczelle\u015ftik\u00e7e biz daha \u00e7ok \u00e7al\u0131\u015faca\u011f\u0131z demi\u015ftik.<br \/>\nHer yeni g\u00fcn \u00e7al\u0131\u015fma iste\u011fimiz ve arzumuz Beylikd\u00fcz\u00fc\u2019n\u00fc g\u00fczelle\u015ftirmek, daha ya\u015fan\u0131labilir bir kent haline d\u00f6n\u00fc\u015ft\u00fcrmekti. \u00d6yle de oldu. Her ge\u00e7en y\u0131l, ortaya koydu\u011fumuz belediyecilik felsefesini ve hizmetlerimizi bir ad\u0131m \u00f6teye ta\u015f\u0131d\u0131k. Geride b\u0131rakt\u0131\u011f\u0131m\u0131z yakla\u015f\u0131k 6 y\u0131lda insan, do\u011fa ve \u00e7evreyi merkeze alarak, kad\u0131nlar\u0131, \u00e7ocuklar\u0131, gen\u00e7leri ve kent yoksullu\u011funu \u00f6nceleyen \u00e7al\u0131\u015fmalara a\u011f\u0131rl\u0131k verdik\u201d dedi.<br \/>\n\u201cT\u00fcm hizmetlerimizi kesintisiz s\u00fcrd\u00fcrmeye devam edece\u011fiz\u201d<br \/>\nBa\u015fkan \u00c7al\u0131k konu\u015fmas\u0131n\u0131n devam\u0131nda, \u201cBeylikd\u00fcz\u00fc\u2019ne tam 11 yeni kre\u015f ve 2 anne &#8211; \u00e7ocuk merkezi kazand\u0131rd\u0131k. Beylikd\u00fcz\u00fc Fatih Sultan Mehmet K\u00fclt\u00fcr ve Sanat Merkezi, Fedai Altun Kapal\u0131 Spor Tesisi ve Koral Berkin Kutlu Spor Tesislerini hayata ge\u00e7irdik.<br \/>\nAziz Sancar Bilim ve Sanat Merkezi\u2019ni tamamlad\u0131k.Beslenme Saati uygulamas\u0131yla 600 bini a\u015fk\u0131n beslenme paketini \u00e7ocuklar\u0131m\u0131za ula\u015ft\u0131rd\u0131k.160 km ya\u011fmur suyu, at\u0131k su ve i\u00e7me suyu hatt\u0131n\u0131 tamamlad\u0131k. 60 km yeni yol a\u00e7t\u0131k. 420 bin ton asfalt \u00e7al\u0131\u015fmas\u0131 ger\u00e7ekle\u015ftirdik. Ye\u015fil alan miktar\u0131m\u0131z\u0131 4 milyon 354 bin metrekareye \u00e7\u0131kard\u0131k. Tam 83 yeni park yapt\u0131k, 235 park\u0131 yeniledik. Ya\u015fam Bah\u00e7emizden 300 tona yak\u0131n mahsul elde ettik.<br \/>\n76 bin vatanda\u015f\u0131m\u0131za 228 bin sa\u011fl\u0131k hizmeti ula\u015ft\u0131rd\u0131k. 192 bin ki\u015filik taziye yemek deste\u011fi verdik. 628 bin ki\u015filik d\u00fczenli s\u0131cak yeme\u011fi deste\u011fi verdik. 8 bin sokak canl\u0131s\u0131n\u0131 tedavi ettik. Spordan k\u00fclt\u00fcr-sanata, sa\u011fl\u0131ktan sosyal yard\u0131mlara kadar t\u00fcm hizmetlerimizi kesintisiz s\u00fcrd\u00fcrmeye devam edece\u011fiz. Her ya\u015ftan ve her kesimden vatanda\u015flar\u0131m\u0131z i\u00e7in geli\u015ftirdi\u011fimiz projeleri yeni d\u00f6nemde de s\u00fcrd\u00fcrece\u011fiz. Afetlere haz\u0131r, \u00e7ocuklar\u0131n ve gen\u00e7lerin mutlu oldu\u011fu bir Beylikd\u00fcz\u00fc hedefimizden sapmadan ilerlemeye devam edece\u011fiz\u201d \u015feklinde konu\u015ftu.<br \/>\n\u201cBeylikd\u00fcz\u00fc metrosunu bekliyor\u201d<br \/>\nKonu\u015fmas\u0131n\u0131 6.kez Cumhurba\u015fkanl\u0131\u011f\u0131 Yat\u0131r\u0131m Program\u0131\u2019na al\u0131nmayan Beylikd\u00fcz\u00fc metrosu projesine de\u011finerek noktalayan \u00c7al\u0131k, \u201cHer y\u0131l \u015eubat ay\u0131nda Cumhurba\u015fkanl\u0131\u011f\u0131 Yat\u0131r\u0131m Program\u0131 \u00e7\u0131kar ve biz de bu programa girmeyen Beylikd\u00fcz\u00fc Metrosu\u2019nu konu\u015furuz. Hala imzalanmad\u0131. 2022 y\u0131l\u0131n\u0131n \u015eubat ay\u0131nda, \u201c\u0130\u015f bir imzaya kald\u0131 ve bu imza bir t\u00fcrl\u00fc at\u0131lm\u0131yor, metromuza engel olmay\u0131n\u201d demi\u015ftim. \u201cBeylikd\u00fcz\u00fc\u2019nde metro 21 y\u0131ll\u0131k bir hayaldi\u201ddemi\u015ftim, bug\u00fcn 23 y\u0131l oldu. Beylikd\u00fcz\u00fc metrosunu bekliyor. Bu mesele siyaset \u00fcst\u00fc bir meseledir\u201d dedi. \u015eubat ay\u0131 meclis toplant\u0131s\u0131n\u0131n 2. birle\u015fiminin ise 6 \u015eubat Per\u015fembe g\u00fcn\u00fc saat 10.00\u2019da yap\u0131lmas\u0131 kararla\u015ft\u0131r\u0131ld\u0131.\u00a0<\/p>\n<p>\u200bHaberin Al\u0131nt\u0131land\u0131\u011f\u0131 Kaynak: www.iskenderun.org<\/p>","protected":false},"excerpt":{"rendered":"<p>\u0130stanbul Beylikd\u00fcz\u00fc Belediyesi \u015eubat Ay\u0131 Meclis Toplant\u0131s\u0131\u2019n\u0131n 1.birle\u015fimi ger\u00e7ekle\u015fti. G\u00f6rev s\u00fcresinde neredeyse 6.y\u0131l\u0131 tamamlad\u0131klar\u0131n\u0131 ifade eden Beylikd\u00fcz\u00fc Belediye Ba\u015fkan\u0131 Mehmet Murat \u00c7al\u0131k, ilk g\u00fcnden bug\u00fcne kadar yapt\u0131klar\u0131 \u00e7al\u0131\u015fma ve projeleri kamuoyuyla payla\u015ft\u0131.\u0130STANBUL (\u0130GFA) &#8211;\u00a0\u0130stanbul Beylikd\u00fcz\u00fc Belediyesi \u015eubat ay\u0131 Meclis Toplant\u0131s\u0131\u2019n\u0131n 1.birle\u015fimi, Belediye Meclis Salonu\u2019nda ger\u00e7ekle\u015fti. Konu\u015fmas\u0131na, ocak ay\u0131nda \u015fehit d\u00fc\u015fen polis ve askerleri anarak ba\u015flayanBeylikd\u00fcz\u00fc Belediye Ba\u015fkan\u0131 Mehmet Murat \u00c7al\u0131k, \u00f6nemli g\u00fcn ve haftalara da de\u011findi. Bolu Kartalkaya\u2019da meydana gelen yang\u0131n facias\u0131nda hayat\u0131n\u0131 kaybedenlere de rahmet dileyen \u00c7al\u0131k, \u201cKartalkaya\u2019da \u00e7\u0131kan yang\u0131nda ne yaz\u0131k ki 78 insan\u0131m\u0131z, yar\u0131y\u0131l tatilinde \u00e7ocuklar\u0131yla birlikte g\u00fczel zaman ge\u00e7irmek isterken \u00e7ok ac\u0131 bir \u015fekilde hayata veda etti. O g\u00fcn hayat\u0131n\u0131 kaybedenlerin 36\u2019s\u0131 \u00e7ocuktu. Hepimizin y\u00fcre\u011fi yand\u0131. Hayat\u0131n\u0131 kaybedenlere Allah\u2019tan rahmet, yak\u0131nlar\u0131na ba\u015f sa\u011fl\u0131\u011f\u0131 diliyorum. Sorumlular hukuk \u00f6n\u00fcnde hesap vermeli\u201d ifadelerini kulland\u0131. \u201cOrtaya koydu\u011fumuz belediyecilik felsefesini ve hizmetlerimizi bir ad\u0131m \u00f6teye ta\u015f\u0131d\u0131k\u201d G\u00f6rev s\u00fcresinde neredeyse 6.y\u0131l\u0131 tamamlad\u0131klar\u0131n\u0131 ifade eden Ba\u015fkan \u00c7al\u0131k, g\u00f6reve geldikleri ilk g\u00fcnden bu yana kadar yapt\u0131klar\u0131 hizmet ve projeleri meclis k\u00fcrs\u00fcs\u00fcnden kamuoyu ile payla\u015ft\u0131. \u00c7al\u0131k, \u201cBiz \u00e7al\u0131\u015ft\u0131k\u00e7a Beylikd\u00fcz\u00fc g\u00fczelle\u015fecek, Beylikd\u00fcz\u00fc g\u00fczelle\u015ftik\u00e7e biz daha \u00e7ok \u00e7al\u0131\u015faca\u011f\u0131z demi\u015ftik. Her yeni g\u00fcn \u00e7al\u0131\u015fma iste\u011fimiz ve arzumuz Beylikd\u00fcz\u00fc\u2019n\u00fc g\u00fczelle\u015ftirmek, daha ya\u015fan\u0131labilir bir kent haline d\u00f6n\u00fc\u015ft\u00fcrmekti. \u00d6yle de oldu. Her ge\u00e7en y\u0131l, ortaya koydu\u011fumuz belediyecilik felsefesini ve hizmetlerimizi bir &hellip;<\/p>","protected":false},"author":1,"featured_media":0,"comment_status":"open","ping_status":"open","sticky":false,"template":"","format":"standard","meta":{"_acf_changed":false,"footnotes":""},"categories":[24],"tags":[],"class_list":["post-29959","post","type-post","status-publish","format-standard","has-post-thumbnail","hentry","category-gundem"],"acf":[],"yoast_head":"<!-- This site is optimized with the Yoast SEO Premium plugin v26.6 (Yoast SEO v27.1.1) - https:\/\/yoast.com\/product\/yoast-seo-premium-wordpress\/ -->\n<title>Ba\u015fkan \u00c7al\u0131k \u0130stanbul\u2019da hizmetle dolu 6 y\u0131l\u0131 payla\u015ft\u0131 - Av. Deniz Can K\u0131z\u0131l<\/title>\n<meta name=\"robots\" content=\"index, follow, max-snippet:-1, max-image-preview:large, max-video-preview:-1\" \/>\n<link rel=\"canonical\" href=\"https:\/\/denizcankizil.tr\/de\/haberler\/gundem\/baskan-calik-istanbulda-hizmetle-dolu-6-yili-paylasti\/\" \/>\n<meta property=\"og:locale\" content=\"de_DE\" \/>\n<meta property=\"og:type\" content=\"article\" \/>\n<meta property=\"og:title\" content=\"Ba\u015fkan \u00c7al\u0131k \u0130stanbul\u2019da hizmetle dolu 6 y\u0131l\u0131 payla\u015ft\u0131\" \/>\n<meta property=\"og:description\" content=\"\u0130stanbul Beylikd\u00fcz\u00fc Belediyesi \u015eubat Ay\u0131 Meclis Toplant\u0131s\u0131\u2019n\u0131n 1.birle\u015fimi ger\u00e7ekle\u015fti. G\u00f6rev s\u00fcresinde neredeyse 6.y\u0131l\u0131 tamamlad\u0131klar\u0131n\u0131 ifade eden Beylikd\u00fcz\u00fc Belediye Ba\u015fkan\u0131 Mehmet Murat \u00c7al\u0131k, ilk g\u00fcnden bug\u00fcne kadar yapt\u0131klar\u0131 \u00e7al\u0131\u015fma ve projeleri kamuoyuyla payla\u015ft\u0131.\u0130STANBUL (\u0130GFA) &#8211;\u00a0\u0130stanbul Beylikd\u00fcz\u00fc Belediyesi \u015eubat ay\u0131 Meclis Toplant\u0131s\u0131\u2019n\u0131n 1.birle\u015fimi, Belediye Meclis Salonu\u2019nda ger\u00e7ekle\u015fti. Konu\u015fmas\u0131na, ocak ay\u0131nda \u015fehit d\u00fc\u015fen polis ve askerleri anarak ba\u015flayanBeylikd\u00fcz\u00fc Belediye Ba\u015fkan\u0131 Mehmet Murat \u00c7al\u0131k, \u00f6nemli g\u00fcn ve haftalara da de\u011findi. Bolu Kartalkaya\u2019da meydana gelen yang\u0131n facias\u0131nda hayat\u0131n\u0131 kaybedenlere de rahmet dileyen \u00c7al\u0131k, \u201cKartalkaya\u2019da \u00e7\u0131kan yang\u0131nda ne yaz\u0131k ki 78 insan\u0131m\u0131z, yar\u0131y\u0131l tatilinde \u00e7ocuklar\u0131yla birlikte g\u00fczel zaman ge\u00e7irmek isterken \u00e7ok ac\u0131 bir \u015fekilde hayata veda etti. O g\u00fcn hayat\u0131n\u0131 kaybedenlerin 36\u2019s\u0131 \u00e7ocuktu. Hepimizin y\u00fcre\u011fi yand\u0131. Hayat\u0131n\u0131 kaybedenlere Allah\u2019tan rahmet, yak\u0131nlar\u0131na ba\u015f sa\u011fl\u0131\u011f\u0131 diliyorum. Sorumlular hukuk \u00f6n\u00fcnde hesap vermeli\u201d ifadelerini kulland\u0131. \u201cOrtaya koydu\u011fumuz belediyecilik felsefesini ve hizmetlerimizi bir ad\u0131m \u00f6teye ta\u015f\u0131d\u0131k\u201d G\u00f6rev s\u00fcresinde neredeyse 6.y\u0131l\u0131 tamamlad\u0131klar\u0131n\u0131 ifade eden Ba\u015fkan \u00c7al\u0131k, g\u00f6reve geldikleri ilk g\u00fcnden bu yana kadar yapt\u0131klar\u0131 hizmet ve projeleri meclis k\u00fcrs\u00fcs\u00fcnden kamuoyu ile payla\u015ft\u0131. \u00c7al\u0131k, \u201cBiz \u00e7al\u0131\u015ft\u0131k\u00e7a Beylikd\u00fcz\u00fc g\u00fczelle\u015fecek, Beylikd\u00fcz\u00fc g\u00fczelle\u015ftik\u00e7e biz daha \u00e7ok \u00e7al\u0131\u015faca\u011f\u0131z demi\u015ftik. Her yeni g\u00fcn \u00e7al\u0131\u015fma iste\u011fimiz ve arzumuz Beylikd\u00fcz\u00fc\u2019n\u00fc g\u00fczelle\u015ftirmek, daha ya\u015fan\u0131labilir bir kent haline d\u00f6n\u00fc\u015ft\u00fcrmekti. \u00d6yle de oldu. Her ge\u00e7en y\u0131l, ortaya koydu\u011fumuz belediyecilik felsefesini ve hizmetlerimizi bir &hellip;\" \/>\n<meta property=\"og:url\" content=\"https:\/\/denizcankizil.tr\/de\/haberler\/gundem\/baskan-calik-istanbulda-hizmetle-dolu-6-yili-paylasti\/\" \/>\n<meta property=\"og:site_name\" content=\"Av. Deniz Can K\u0131z\u0131l\" \/>\n<meta property=\"article:published_time\" content=\"2025-02-04T03:41:34+00:00\" \/>\n<meta name=\"author\" content=\"admin\" \/>\n<meta name=\"twitter:card\" content=\"summary_large_image\" \/>\n<meta name=\"twitter:label1\" content=\"Verfasst von\" \/>\n\t<meta name=\"twitter:data1\" content=\"admin\" \/>\n\t<meta name=\"twitter:label2\" content=\"Gesch\u00e4tzte Lesezeit\" \/>\n\t<meta name=\"twitter:data2\" content=\"7\u00a0Minuten\" \/>\n<script type=\"application\/ld+json\" class=\"yoast-schema-graph\">{\"@context\":\"https:\/\/schema.org\",\"@graph\":[{\"@type\":\"Article\",\"@id\":\"https:\/\/denizcankizil.tr\/de\/haberler\/gundem\/baskan-calik-istanbulda-hizmetle-dolu-6-yili-paylasti\/#article\",\"isPartOf\":{\"@id\":\"https:\/\/denizcankizil.tr\/de\/haberler\/gundem\/baskan-calik-istanbulda-hizmetle-dolu-6-yili-paylasti\/\"},\"author\":{\"name\":\"admin\",\"@id\":\"https:\/\/denizcankizil.tr\/#\/schema\/person\/be3c05fe6a12686905512445d8185489\"},\"headline\":\"Ba\u015fkan \u00c7al\u0131k \u0130stanbul\u2019da hizmetle dolu 6 y\u0131l\u0131 payla\u015ft\u0131\",\"datePublished\":\"2025-02-04T03:41:34+00:00\",\"mainEntityOfPage\":{\"@id\":\"https:\/\/denizcankizil.tr\/de\/haberler\/gundem\/baskan-calik-istanbulda-hizmetle-dolu-6-yili-paylasti\/\"},\"wordCount\":1476,\"commentCount\":0,\"publisher\":{\"@id\":\"https:\/\/denizcankizil.tr\/#organization\"},\"articleSection\":[\"G\u00fcndem\"],\"inLanguage\":\"de\",\"potentialAction\":[{\"@type\":\"CommentAction\",\"name\":\"Comment\",\"target\":[\"https:\/\/denizcankizil.tr\/de\/haberler\/gundem\/baskan-calik-istanbulda-hizmetle-dolu-6-yili-paylasti\/#respond\"]}]},{\"@type\":\"WebPage\",\"@id\":\"https:\/\/denizcankizil.tr\/de\/haberler\/gundem\/baskan-calik-istanbulda-hizmetle-dolu-6-yili-paylasti\/\",\"url\":\"https:\/\/denizcankizil.tr\/de\/haberler\/gundem\/baskan-calik-istanbulda-hizmetle-dolu-6-yili-paylasti\/\",\"name\":\"Ba\u015fkan \u00c7al\u0131k \u0130stanbul\u2019da hizmetle dolu 6 y\u0131l\u0131 payla\u015ft\u0131 - Av. Deniz Can K\u0131z\u0131l\",\"isPartOf\":{\"@id\":\"https:\/\/denizcankizil.tr\/#website\"},\"datePublished\":\"2025-02-04T03:41:34+00:00\",\"breadcrumb\":{\"@id\":\"https:\/\/denizcankizil.tr\/de\/haberler\/gundem\/baskan-calik-istanbulda-hizmetle-dolu-6-yili-paylasti\/#breadcrumb\"},\"inLanguage\":\"de\",\"potentialAction\":[{\"@type\":\"ReadAction\",\"target\":[\"https:\/\/denizcankizil.tr\/de\/haberler\/gundem\/baskan-calik-istanbulda-hizmetle-dolu-6-yili-paylasti\/\"]}]},{\"@type\":\"BreadcrumbList\",\"@id\":\"https:\/\/denizcankizil.tr\/de\/haberler\/gundem\/baskan-calik-istanbulda-hizmetle-dolu-6-yili-paylasti\/#breadcrumb\",\"itemListElement\":[{\"@type\":\"ListItem\",\"position\":1,\"name\":\"Home\",\"item\":\"https:\/\/denizcankizil.tr\/de\/\"},{\"@type\":\"ListItem\",\"position\":2,\"name\":\"Ba\u015fkan \u00c7al\u0131k \u0130stanbul\u2019da hizmetle dolu 6 y\u0131l\u0131 payla\u015ft\u0131\"}]},{\"@type\":\"WebSite\",\"@id\":\"https:\/\/denizcankizil.tr\/#website\",\"url\":\"https:\/\/denizcankizil.tr\/\",\"name\":\"Av. Deniz Can K\u0131z\u0131l\",\"description\":\"Avukat Deniz Can K\u0131z\u0131l Antalya Barosu\",\"publisher\":{\"@id\":\"https:\/\/denizcankizil.tr\/#organization\"},\"potentialAction\":[{\"@type\":\"SearchAction\",\"target\":{\"@type\":\"EntryPoint\",\"urlTemplate\":\"https:\/\/denizcankizil.tr\/?s={search_term_string}\"},\"query-input\":{\"@type\":\"PropertyValueSpecification\",\"valueRequired\":true,\"valueName\":\"search_term_string\"}}],\"inLanguage\":\"de\"},{\"@type\":\"Organization\",\"@id\":\"https:\/\/denizcankizil.tr\/#organization\",\"name\":\"Av. Deniz Can K\u0131z\u0131l\",\"url\":\"https:\/\/denizcankizil.tr\/\",\"logo\":{\"@type\":\"ImageObject\",\"inLanguage\":\"de\",\"@id\":\"https:\/\/denizcankizil.tr\/#\/schema\/logo\/image\/\",\"url\":\"https:\/\/denizcankizil.tr\/wp-content\/uploads\/2024\/10\/siyah-logo-svg.svg\",\"contentUrl\":\"https:\/\/denizcankizil.tr\/wp-content\/uploads\/2024\/10\/siyah-logo-svg.svg\",\"width\":1080,\"height\":1080,\"caption\":\"Av. Deniz Can K\u0131z\u0131l\"},\"image\":{\"@id\":\"https:\/\/denizcankizil.tr\/#\/schema\/logo\/image\/\"}},{\"@type\":\"Person\",\"@id\":\"https:\/\/denizcankizil.tr\/#\/schema\/person\/be3c05fe6a12686905512445d8185489\",\"name\":\"admin\",\"image\":{\"@type\":\"ImageObject\",\"inLanguage\":\"de\",\"@id\":\"https:\/\/denizcankizil.tr\/#\/schema\/person\/image\/\",\"url\":\"https:\/\/secure.gravatar.com\/avatar\/c1fce94c830dc79107e174f890d7210541c4a63e8e5d816341794a2151c9d58c?s=96&d=mm&r=g\",\"contentUrl\":\"https:\/\/secure.gravatar.com\/avatar\/c1fce94c830dc79107e174f890d7210541c4a63e8e5d816341794a2151c9d58c?s=96&d=mm&r=g\",\"caption\":\"admin\"},\"sameAs\":[\"http:\/\/denizcankizil.tr\"],\"url\":\"https:\/\/www.iskenderun.org\/baskan-calik-istanbulda-hizmetle-dolu-6-yili-paylasti\"}]}<\/script>\n<!-- \/ Yoast SEO Premium plugin. -->","yoast_head_json":{"title":"Ba\u015fkan \u00c7al\u0131k \u0130stanbul\u2019da hizmetle dolu 6 y\u0131l\u0131 payla\u015ft\u0131 - Av. Deniz Can K\u0131z\u0131l","robots":{"index":"index","follow":"follow","max-snippet":"max-snippet:-1","max-image-preview":"max-image-preview:large","max-video-preview":"max-video-preview:-1"},"canonical":"https:\/\/denizcankizil.tr\/de\/haberler\/gundem\/baskan-calik-istanbulda-hizmetle-dolu-6-yili-paylasti\/","og_locale":"de_DE","og_type":"article","og_title":"Ba\u015fkan \u00c7al\u0131k \u0130stanbul\u2019da hizmetle dolu 6 y\u0131l\u0131 payla\u015ft\u0131","og_description":"\u0130stanbul Beylikd\u00fcz\u00fc Belediyesi \u015eubat Ay\u0131 Meclis Toplant\u0131s\u0131\u2019n\u0131n 1.birle\u015fimi ger\u00e7ekle\u015fti. G\u00f6rev s\u00fcresinde neredeyse 6.y\u0131l\u0131 tamamlad\u0131klar\u0131n\u0131 ifade eden Beylikd\u00fcz\u00fc Belediye Ba\u015fkan\u0131 Mehmet Murat \u00c7al\u0131k, ilk g\u00fcnden bug\u00fcne kadar yapt\u0131klar\u0131 \u00e7al\u0131\u015fma ve projeleri kamuoyuyla payla\u015ft\u0131.\u0130STANBUL (\u0130GFA) &#8211;\u00a0\u0130stanbul Beylikd\u00fcz\u00fc Belediyesi \u015eubat ay\u0131 Meclis Toplant\u0131s\u0131\u2019n\u0131n 1.birle\u015fimi, Belediye Meclis Salonu\u2019nda ger\u00e7ekle\u015fti. Konu\u015fmas\u0131na, ocak ay\u0131nda \u015fehit d\u00fc\u015fen polis ve askerleri anarak ba\u015flayanBeylikd\u00fcz\u00fc Belediye Ba\u015fkan\u0131 Mehmet Murat \u00c7al\u0131k, \u00f6nemli g\u00fcn ve haftalara da de\u011findi. Bolu Kartalkaya\u2019da meydana gelen yang\u0131n facias\u0131nda hayat\u0131n\u0131 kaybedenlere de rahmet dileyen \u00c7al\u0131k, \u201cKartalkaya\u2019da \u00e7\u0131kan yang\u0131nda ne yaz\u0131k ki 78 insan\u0131m\u0131z, yar\u0131y\u0131l tatilinde \u00e7ocuklar\u0131yla birlikte g\u00fczel zaman ge\u00e7irmek isterken \u00e7ok ac\u0131 bir \u015fekilde hayata veda etti. O g\u00fcn hayat\u0131n\u0131 kaybedenlerin 36\u2019s\u0131 \u00e7ocuktu. Hepimizin y\u00fcre\u011fi yand\u0131. Hayat\u0131n\u0131 kaybedenlere Allah\u2019tan rahmet, yak\u0131nlar\u0131na ba\u015f sa\u011fl\u0131\u011f\u0131 diliyorum. Sorumlular hukuk \u00f6n\u00fcnde hesap vermeli\u201d ifadelerini kulland\u0131. \u201cOrtaya koydu\u011fumuz belediyecilik felsefesini ve hizmetlerimizi bir ad\u0131m \u00f6teye ta\u015f\u0131d\u0131k\u201d G\u00f6rev s\u00fcresinde neredeyse 6.y\u0131l\u0131 tamamlad\u0131klar\u0131n\u0131 ifade eden Ba\u015fkan \u00c7al\u0131k, g\u00f6reve geldikleri ilk g\u00fcnden bu yana kadar yapt\u0131klar\u0131 hizmet ve projeleri meclis k\u00fcrs\u00fcs\u00fcnden kamuoyu ile payla\u015ft\u0131. \u00c7al\u0131k, \u201cBiz \u00e7al\u0131\u015ft\u0131k\u00e7a Beylikd\u00fcz\u00fc g\u00fczelle\u015fecek, Beylikd\u00fcz\u00fc g\u00fczelle\u015ftik\u00e7e biz daha \u00e7ok \u00e7al\u0131\u015faca\u011f\u0131z demi\u015ftik. Her yeni g\u00fcn \u00e7al\u0131\u015fma iste\u011fimiz ve arzumuz Beylikd\u00fcz\u00fc\u2019n\u00fc g\u00fczelle\u015ftirmek, daha ya\u015fan\u0131labilir bir kent haline d\u00f6n\u00fc\u015ft\u00fcrmekti. \u00d6yle de oldu. Her ge\u00e7en y\u0131l, ortaya koydu\u011fumuz belediyecilik felsefesini ve hizmetlerimizi bir &hellip;","og_url":"https:\/\/denizcankizil.tr\/de\/haberler\/gundem\/baskan-calik-istanbulda-hizmetle-dolu-6-yili-paylasti\/","og_site_name":"Av. Deniz Can K\u0131z\u0131l","article_published_time":"2025-02-04T03:41:34+00:00","author":"admin","twitter_card":"summary_large_image","twitter_misc":{"Verfasst von":"admin","Gesch\u00e4tzte Lesezeit":"7\u00a0Minuten"},"schema":{"@context":"https:\/\/schema.org","@graph":[{"@type":"Article","@id":"https:\/\/denizcankizil.tr\/de\/haberler\/gundem\/baskan-calik-istanbulda-hizmetle-dolu-6-yili-paylasti\/#article","isPartOf":{"@id":"https:\/\/denizcankizil.tr\/de\/haberler\/gundem\/baskan-calik-istanbulda-hizmetle-dolu-6-yili-paylasti\/"},"author":{"name":"admin","@id":"https:\/\/denizcankizil.tr\/#\/schema\/person\/be3c05fe6a12686905512445d8185489"},"headline":"Ba\u015fkan \u00c7al\u0131k \u0130stanbul\u2019da hizmetle dolu 6 y\u0131l\u0131 payla\u015ft\u0131","datePublished":"2025-02-04T03:41:34+00:00","mainEntityOfPage":{"@id":"https:\/\/denizcankizil.tr\/de\/haberler\/gundem\/baskan-calik-istanbulda-hizmetle-dolu-6-yili-paylasti\/"},"wordCount":1476,"commentCount":0,"publisher":{"@id":"https:\/\/denizcankizil.tr\/#organization"},"articleSection":["G\u00fcndem"],"inLanguage":"de","potentialAction":[{"@type":"CommentAction","name":"Comment","target":["https:\/\/denizcankizil.tr\/de\/haberler\/gundem\/baskan-calik-istanbulda-hizmetle-dolu-6-yili-paylasti\/#respond"]}]},{"@type":"WebPage","@id":"https:\/\/denizcankizil.tr\/de\/haberler\/gundem\/baskan-calik-istanbulda-hizmetle-dolu-6-yili-paylasti\/","url":"https:\/\/denizcankizil.tr\/de\/haberler\/gundem\/baskan-calik-istanbulda-hizmetle-dolu-6-yili-paylasti\/","name":"Ba\u015fkan \u00c7al\u0131k \u0130stanbul\u2019da hizmetle dolu 6 y\u0131l\u0131 payla\u015ft\u0131 - Av. Deniz Can K\u0131z\u0131l","isPartOf":{"@id":"https:\/\/denizcankizil.tr\/#website"},"datePublished":"2025-02-04T03:41:34+00:00","breadcrumb":{"@id":"https:\/\/denizcankizil.tr\/de\/haberler\/gundem\/baskan-calik-istanbulda-hizmetle-dolu-6-yili-paylasti\/#breadcrumb"},"inLanguage":"de","potentialAction":[{"@type":"ReadAction","target":["https:\/\/denizcankizil.tr\/de\/haberler\/gundem\/baskan-calik-istanbulda-hizmetle-dolu-6-yili-paylasti\/"]}]},{"@type":"BreadcrumbList","@id":"https:\/\/denizcankizil.tr\/de\/haberler\/gundem\/baskan-calik-istanbulda-hizmetle-dolu-6-yili-paylasti\/#breadcrumb","itemListElement":[{"@type":"ListItem","position":1,"name":"Home","item":"https:\/\/denizcankizil.tr\/de\/"},{"@type":"ListItem","position":2,"name":"Ba\u015fkan \u00c7al\u0131k \u0130stanbul\u2019da hizmetle dolu 6 y\u0131l\u0131 payla\u015ft\u0131"}]},{"@type":"WebSite","@id":"https:\/\/denizcankizil.tr\/#website","url":"https:\/\/denizcankizil.tr\/","name":"Av. Deniz Can K\u0131z\u0131l","description":"Avukat Deniz Can K\u0131z\u0131l Antalya Barosu","publisher":{"@id":"https:\/\/denizcankizil.tr\/#organization"},"potentialAction":[{"@type":"SearchAction","target":{"@type":"EntryPoint","urlTemplate":"https:\/\/denizcankizil.tr\/?s={search_term_string}"},"query-input":{"@type":"PropertyValueSpecification","valueRequired":true,"valueName":"search_term_string"}}],"inLanguage":"de"},{"@type":"Organization","@id":"https:\/\/denizcankizil.tr\/#organization","name":"Av. Deniz Can K\u0131z\u0131l","url":"https:\/\/denizcankizil.tr\/","logo":{"@type":"ImageObject","inLanguage":"de","@id":"https:\/\/denizcankizil.tr\/#\/schema\/logo\/image\/","url":"https:\/\/denizcankizil.tr\/wp-content\/uploads\/2024\/10\/siyah-logo-svg.svg","contentUrl":"https:\/\/denizcankizil.tr\/wp-content\/uploads\/2024\/10\/siyah-logo-svg.svg","width":1080,"height":1080,"caption":"Av. Deniz Can K\u0131z\u0131l"},"image":{"@id":"https:\/\/denizcankizil.tr\/#\/schema\/logo\/image\/"}},{"@type":"Person","@id":"https:\/\/denizcankizil.tr\/#\/schema\/person\/be3c05fe6a12686905512445d8185489","name":"Administrator","image":{"@type":"ImageObject","inLanguage":"de","@id":"https:\/\/denizcankizil.tr\/#\/schema\/person\/image\/","url":"https:\/\/secure.gravatar.com\/avatar\/c1fce94c830dc79107e174f890d7210541c4a63e8e5d816341794a2151c9d58c?s=96&d=mm&r=g","contentUrl":"https:\/\/secure.gravatar.com\/avatar\/c1fce94c830dc79107e174f890d7210541c4a63e8e5d816341794a2151c9d58c?s=96&d=mm&r=g","caption":"admin"},"sameAs":["http:\/\/denizcankizil.tr"],"url":"https:\/\/www.iskenderun.org\/baskan-calik-istanbulda-hizmetle-dolu-6-yili-paylasti"}]}},"_links":{"self":[{"href":"https:\/\/denizcankizil.tr\/de\/wp-json\/wp\/v2\/posts\/29959","targetHints":{"allow":["GET"]}}],"collection":[{"href":"https:\/\/denizcankizil.tr\/de\/wp-json\/wp\/v2\/posts"}],"about":[{"href":"https:\/\/denizcankizil.tr\/de\/wp-json\/wp\/v2\/types\/post"}],"author":[{"embeddable":true,"href":"https:\/\/denizcankizil.tr\/de\/wp-json\/wp\/v2\/users\/1"}],"replies":[{"embeddable":true,"href":"https:\/\/denizcankizil.tr\/de\/wp-json\/wp\/v2\/comments?post=29959"}],"version-history":[{"count":0,"href":"https:\/\/denizcankizil.tr\/de\/wp-json\/wp\/v2\/posts\/29959\/revisions"}],"wp:attachment":[{"href":"https:\/\/denizcankizil.tr\/de\/wp-json\/wp\/v2\/media?parent=29959"}],"wp:term":[{"taxonomy":"category","embeddable":true,"href":"https:\/\/denizcankizil.tr\/de\/wp-json\/wp\/v2\/categories?post=29959"},{"taxonomy":"post_tag","embeddable":true,"href":"https:\/\/denizcankizil.tr\/de\/wp-json\/wp\/v2\/tags?post=29959"}],"curies":[{"name":"wp","href":"https:\/\/api.w.org\/{rel}","templated":true}]}}