{"id":29792,"date":"2025-02-03T14:56:29","date_gmt":"2025-02-03T11:56:29","guid":{"rendered":"https:\/\/denizcankizil.tr\/uncategorized-tr\/yargida-objektiflik-ve-tarafsizlik-temel-ilkeler-ve-uygulamalar\/"},"modified":"2025-02-03T14:56:29","modified_gmt":"2025-02-03T11:56:29","slug":"yargida-objektiflik-ve-tarafsizlik-temel-ilkeler-ve-uygulamalar","status":"publish","type":"post","link":"https:\/\/denizcankizil.tr\/de\/koseyazilari\/degerlendirme\/yargida-objektiflik-ve-tarafsizlik-temel-ilkeler-ve-uygulamalar\/","title":{"rendered":"Yarg\u0131da Objektiflik ve Tarafs\u0131zl\u0131k: Temel \u0130lkeler ve Uygulamalar"},"content":{"rendered":"<p> <strong>Yarg\u0131da Objektiflik ve Tarafs\u0131zl\u0131k: Temel \u0130lkeler\u2063 ve Uygulamalar<\/strong><\/p>\n<p>Yarg\u0131, bir toplumun\u200b adalet anlay\u0131\u015f\u0131n\u0131n en \u00f6nemli yap\u0131 \u200bta\u015flar\u0131ndan birini \u2062olu\u015fturur. \u200cBu \u200cba\u011flamda, yarg\u0131n\u0131n objektifli\u011fi ve tarafs\u0131zl\u0131\u011f\u0131, \u200dhukukun \u00fcst\u00fcnl\u00fc\u011f\u00fc ilkesinin\u2062 ger\u00e7ekle\u015ftirilmesi a\u00e7\u0131s\u0131ndan \u2063kritik bir \u00f6neme sahiptir. Objektiflik, yarg\u0131 \u200bs\u00fcre\u00e7lerinin\u200c nesnel\u2063 bir temele \u200bdayand\u0131r\u0131lmas\u0131n\u0131 sa\u011flarken; tarafs\u0131zl\u0131k, yarg\u0131 organlar\u0131n\u0131n \u200bher t\u00fcrl\u00fc \u2064etki ve bask\u0131dan \u200buzak, ba\u011f\u0131ms\u0131z bir \u015fekilde karar vermesini ifade eder. Bu iki ilke, adaletin \u2064sa\u011flanmas\u0131 ve \u2064bireylerin haklar\u0131n\u0131n korunmas\u0131 a\u00e7\u0131s\u0131ndan vazge\u00e7ilmezdir. <\/p>\n<p>Bu makalede, yarg\u0131da\u2062 objektiflik\u200d ve tarafs\u0131zl\u0131k\u200c kavramlar\u0131n\u0131n \u2062tan\u0131mlar\u0131,\u2064 hukuki dayanaklar\u0131\u200d ve uygulamadaki \u200cyans\u0131malar\u0131 ele al\u0131nacakt\u0131r. Ayr\u0131ca, bu ilkelerin ihlali durumunda ortaya \u2064\u00e7\u0131kan \u200dsonu\u00e7lar ve yarg\u0131 \u2062sisteminin bu\u2064 ilkeleri\u200c nas\u0131l koruyabilece\u011fi\u200d \u00fczerine\u2063 de \u2062de\u011ferlendirmelerde bulunulacakt\u0131r. B\u00f6ylece, yarg\u0131n\u0131n i\u015fleyi\u015findeki bu temel ilkelerin \u00f6nemi ve gereklili\u011fi daha iyi anla\u015f\u0131lacakt\u0131r.<br \/><img decoding=\"async\" class=\"kimage_class lazyload\" data-src=\"https:\/\/denizcankizil.tr\/wp-content\/uploads\/2024\/10\/P8RPY-253D.jpg\" alt=\"Yarg\u0131da Objektiflik\u200c ve Tarafs\u0131zl\u0131k Kavramlar\u0131\" src=\"data:image\/svg+xml;base64,PHN2ZyB3aWR0aD0iMSIgaGVpZ2h0PSIxIiB4bWxucz0iaHR0cDovL3d3dy53My5vcmcvMjAwMC9zdmciPjwvc3ZnPg==\"><\/p>\n<h2 id=\"yargida-objektiflik-ve-tarafsizlik-kavramlari\">Yarg\u0131da \u200cObjektiflik ve Tarafs\u0131zl\u0131k Kavramlar\u0131<\/h2>\n<p>Yarg\u0131da <strong>objektiflik<\/strong> ich <strong>tarafs\u0131zl\u0131k<\/strong>, adaletin sa\u011flanmas\u0131nda \u200dkritik \u00f6neme sahip iki temel ilkedir.\u200c Bu kavramlar, yarg\u0131 s\u00fcre\u00e7lerinin g\u00fcvenilirli\u011fini \u200bve\u200c ge\u00e7erlili\u011fini\u2062 art\u0131rarak, bireylerin\u2062 haklar\u0131n\u0131n korunmas\u0131na yard\u0131mc\u0131\u200c olur. Objektiflik, yarg\u0131 organlar\u0131n\u0131n olaylar\u0131 ve\u2063 delilleri tarafs\u0131z bir \u015fekilde de\u011ferlendirmesini ifade ederken, \u2064tarafs\u0131zl\u0131k\u200c ise yarg\u0131\u00e7lar\u0131n ve\u2064 di\u011fer\u200d yarg\u0131 mensuplar\u0131n\u0131n herhangi\u200b bir d\u0131\u015f etkiye kap\u0131lmadan karar \u2062vermelerini gerektirir.<\/p>\n<p>Yarg\u0131da bu ilkelerin sa\u011flanabilmesi i\u00e7in \u200ba\u015fa\u011f\u0131daki \u200cunsurlar g\u00f6z\u200b \u00f6n\u00fcnde bulundurulmal\u0131d\u0131r:<\/p>\n<ul>\n<li><strong>Yarg\u0131 Ba\u011f\u0131ms\u0131zl\u0131\u011f\u0131:<\/strong> Yarg\u0131 \u2063organlar\u0131n\u0131n, y\u00fcr\u00fctme ve \u200cyasama organlar\u0131ndan ba\u011f\u0131ms\u0131z olmas\u0131, tarafs\u0131z\u2063 kararlar\u200c al\u0131nmas\u0131n\u0131 sa\u011flar.<\/li>\n<li><strong>Adil Yarg\u0131lanma Hakk\u0131:<\/strong> Her \u2062bireyin, yarg\u0131 s\u00fcrecinde e\u015fit muamele g\u00f6rmesi ve savunma hakk\u0131n\u0131n tan\u0131nmas\u0131, tarafs\u0131zl\u0131\u011f\u0131n bir g\u00f6stergesidir.<\/li>\n<li><strong>Delil De\u011ferlendirmesi:<\/strong> Delillerin nesnel bir bi\u00e7imde incelenmesi, yarg\u0131 \u2062kararlar\u0131n\u0131n objektif \u2063olmas\u0131n\u0131 sa\u011flar.<\/li>\n<\/ul>\n<p>Bu ilkelerin \u200buygulanmas\u0131,\u200c yarg\u0131 sisteminin etkinli\u011fini \u200cart\u0131rmakta ve toplumda\u200c adalet duygusunu peki\u015ftirmektedir. Yarg\u0131da\u2064 objektiflik ve tarafs\u0131zl\u0131k, sadece hukukun \u200c\u00fcst\u00fcnl\u00fc\u011f\u00fc ilkesinin bir gere\u011fi de\u011fil, ayn\u0131 zamanda bireylerin g\u00fcvenli\u011fini \u2063ve\u200c haklar\u0131n\u0131 koruma amac\u0131n\u0131 ta\u015f\u0131maktad\u0131r.<\/p>\n<h2 id=\"yargi-bagimsizligi-ve-tarafsizligin-onemi\">Yarg\u0131 Ba\u011f\u0131ms\u0131zl\u0131\u011f\u0131 ve Tarafs\u0131zl\u0131\u011f\u0131n \u00d6nemi<\/h2>\n<p><strong>Yarg\u0131 ba\u011f\u0131ms\u0131zl\u0131\u011f\u0131 ve tarafs\u0131zl\u0131\u011f\u0131, adaletin\u200d sa\u011flanmas\u0131nda kritik bir\u2063 rol oynamaktad\u0131r.<\/strong> \u200c Bu iki ilke, hukukun\u200b \u00fcst\u00fcnl\u00fc\u011f\u00fc ilkesinin \u200dtemel\u200b ta\u015flar\u0131n\u0131 olu\u015fturur ve \u2062bireylerin\u200b haklar\u0131n\u0131n korunmas\u0131nda\u2063 hayati \u00f6neme \u2063sahiptir. Yarg\u0131 organlar\u0131n\u0131n ba\u011f\u0131ms\u0131zl\u0131\u011f\u0131, yarg\u0131\u00e7lar\u0131n ve \u200bmahkemelerin\u2063 d\u0131\u015f etkenlerden uzak\u2064 bir \u015fekilde karar vermelerini \u2062sa\u011flar. Bu durum, adaletin sa\u011flanmas\u0131 \u2063ve \u2064toplumda\u200d g\u00fcvenin \u200btesis edilmesi \u2062a\u00e7\u0131s\u0131ndan son derece\u200b \u00f6nemlidir.<\/p>\n<p><strong>Tarafs\u0131zl\u0131k \u200cise, yarg\u0131 \u200ds\u00fcre\u00e7lerinin \u200badil \u200dbir\u200c \u015fekilde \u2063y\u00fcr\u00fct\u00fclmesini temin\u200b eder.<\/strong> Yarg\u0131\u00e7lar\u0131n, \u200bdavalarda tarafs\u0131z bir tutum sergilemesi, hukukun\u200c uygulanmas\u0131nda e\u015fitlik ilkesinin ger\u00e7ekle\u015ftirilmesine yard\u0131mc\u0131 olur. Tarafs\u0131z bir yarg\u0131,\u200c bireylerin mahkemelere \u200bolan g\u00fcvenini \u200cart\u0131r\u0131r ve \u2063hukuki\u2064 s\u00fcre\u00e7lerin me\u015fruiyetini peki\u015ftirir. Bu ba\u011flamda, \u2062yarg\u0131 ba\u011f\u0131ms\u0131zl\u0131\u011f\u0131 ve tarafs\u0131zl\u0131\u011f\u0131, adaletin sa\u011flanmas\u0131nda birbirini tamamlayan unsurlar olarak \u00f6ne \u200c\u00e7\u0131kar.<\/p>\n<ul>\n<li>Yarg\u0131 ba\u011f\u0131ms\u0131zl\u0131\u011f\u0131, yarg\u0131\u00e7lar\u0131n kararlar\u0131n\u0131 etkileyebilecek \u200dher t\u00fcrl\u00fc bask\u0131dan uzak olmalar\u0131n\u0131 gerektirir.<\/li>\n<li>Tarafs\u0131zl\u0131k, \u200b<a href=\"https:\/\/denizcankizil.tr\/de\/koseyazilari\/degerlendirme\/turk-ceza-kanununa-gore-suca-istirak-faillik-azmettirme-yardim-etme-baglilik-kurali\/\" title=\"Gem\u00e4\u00df dem t\u00fcrkischen Strafgesetzbuch; Beteiligung an Straftaten, T\u00e4terschaft, Anstiftung, Beihilfe, Loyalit\u00e4tsregel\">yarg\u0131 s\u00fcre\u00e7lerinde<\/a> her\u200d iki taraf\u0131n da e\u015fit \u015fekilde temsil edilmesini sa\u011flar.<\/li>\n<li>Bu ilkelerin korunmas\u0131, hukukun \u00fcst\u00fcnl\u00fc\u011f\u00fcn\u00fcn sa\u011flanmas\u0131 i\u00e7in elzemdir.<\/li>\n<\/ul>\n<p>Sonu\u00e7\u2064 olarak, yarg\u0131 ba\u011f\u0131ms\u0131zl\u0131\u011f\u0131 ve tarafs\u0131zl\u0131\u011f\u0131,\u200d adaletin sa\u011flanmas\u0131 ve bireylerin haklar\u0131n\u0131n korunmas\u0131 a\u00e7\u0131s\u0131ndan vazge\u00e7ilmez unsurlard\u0131r. Bu\u200b ilkelerin g\u00fc\u00e7lendirilmesi, toplumda adalet duygusunun yerle\u015fmesine ve \u200bhukukun etkin bir \u015fekilde\u2064 i\u015flemesine\u200b katk\u0131da bulunur.<\/p>\n<p><img decoding=\"async\" class=\"kimage_class lazyload\" data-src=\"https:\/\/denizcankizil.tr\/wp-content\/uploads\/2024\/10\/3tcAw-253D.jpg\" alt=\"Yarg\u0131 S\u00fcre\u00e7lerinde\u2062 Objektiflik\u2062 \u0130lkeleri\" src=\"data:image\/svg+xml;base64,PHN2ZyB3aWR0aD0iMSIgaGVpZ2h0PSIxIiB4bWxucz0iaHR0cDovL3d3dy53My5vcmcvMjAwMC9zdmciPjwvc3ZnPg==\"><\/p>\n<h2 id=\"yargi-sureclerinde-objektiflik-ilkeleri\">Yarg\u0131\u200d S\u00fcre\u00e7lerinde Objektiflik \u0130lkeleri<\/h2>\n<section>\n<p>Yarg\u0131\u2062 s\u00fcre\u00e7lerinde <strong>objektiflik<\/strong> ilkeleri, adaletin sa\u011flanmas\u0131 ve \u200bhukukun \u00fcst\u00fcnl\u00fc\u011f\u00fcn\u00fcn korunmas\u0131 a\u00e7\u0131s\u0131ndan\u200c kritik bir \u00f6neme sahiptir.\u2062 Bu ilkeler, yarg\u0131 organlar\u0131n\u0131n tarafs\u0131z bir\u200b \u015fekilde hareket etmesini ve kararlar\u0131n\u0131 ba\u011f\u0131ms\u0131z \u2062bir \u200b\u015fekilde vermesini temin eder. Objektiflik, yarg\u0131 s\u00fcre\u00e7lerinin\u2063 g\u00fcvenilirli\u011fini art\u0131rarak, \u2064bireylerin haklar\u0131n\u0131n korunmas\u0131na katk\u0131da \u2064bulunur.<\/p>\n<p>Yarg\u0131 s\u00fcre\u00e7lerinde objektifli\u011fi sa\u011flamak i\u00e7in dikkate al\u0131nmas\u0131 gereken baz\u0131 temel ilkeler \u015funlard\u0131r:<\/p>\n<ul>\n<li><strong>Tarafs\u0131zl\u0131k:<\/strong> Yarg\u0131 organlar\u0131n\u0131n,\u2063 davalarda\u200b taraflar\u0131n menfaatlerine g\u00f6re de\u011fil, hukukun gerekliliklerine g\u00f6re \u2064karar \u2062vermesi gerekmektedir.<\/li>\n<li><strong>\u015eeffafl\u0131k:<\/strong> Yarg\u0131 s\u00fcre\u00e7lerinin a\u00e7\u0131k ve anla\u015f\u0131l\u0131r\u2063 olmas\u0131,\u2063 kamuoyunun g\u00fcvenini art\u0131r\u0131r ve \u2063yarg\u0131lamalar\u0131n denetlenebilirli\u011fini sa\u011flar.<\/li>\n<li><strong>Adil\u200d Yarg\u0131lanma Hakk\u0131:<\/strong> Her bireyin, yarg\u0131 s\u00fcrecinde\u200d e\u015fit muamele g\u00f6rmesi \u200cve\u2064 savunma\u200c hakk\u0131n\u0131n tam \u200dolarak \u2063kullan\u0131lmas\u0131 \u200besast\u0131r.<\/li>\n<\/ul>\n<p>Bu ilkelerin uygulanmas\u0131, yarg\u0131 sisteminin etkinli\u011fini ve toplumda \u200dadalet\u2063 duygusunu peki\u015ftirir. Yarg\u0131 organlar\u0131n\u0131n,\u2064 bu ilkeleri g\u00f6z \u200d\u00f6n\u00fcnde bulundurarak hareket etmesi, hukukun \u00fcst\u00fcnl\u00fc\u011f\u00fcn\u00fcn sa\u011flanmas\u0131 a\u00e7\u0131s\u0131ndan hayati bir\u2064 rol oynamaktad\u0131r.<\/p>\n<\/section>\n<p><img decoding=\"async\" class=\"kimage_class lazyload\" data-src=\"https:\/\/denizcankizil.tr\/wp-content\/uploads\/2024\/10\/o04aha.jpg\" alt=\"Tarafs\u0131zl\u0131k \u0130lkelerinin Uygulama Alanlar\u0131\" src=\"data:image\/svg+xml;base64,PHN2ZyB3aWR0aD0iMSIgaGVpZ2h0PSIxIiB4bWxucz0iaHR0cDovL3d3dy53My5vcmcvMjAwMC9zdmciPjwvc3ZnPg==\"><\/p>\n<h2 id=\"tarafsizlik-ilkelerinin-uygulama-alanlari\">Tarafs\u0131zl\u0131k \u0130lkelerinin\u2064 Uygulama Alanlar\u0131<\/h2>\n<section>\n<p>Yarg\u0131 sisteminde <a href=\"https:\/\/denizcankizil.tr\/de\/hukukihaber\/yargi-reformu-strateji-belgesi-aciklandi\/\" title=\"YARGI REFORMU STRATEJ\u0130 BELGES\u0130 A\u00c7IKLANDI\">tarafs\u0131zl\u0131k ilkeleri<\/a>, adaletin sa\u011flanmas\u0131 ve hukukun \u00fcst\u00fcnl\u00fc\u011f\u00fcn\u00fcn korunmas\u0131 a\u00e7\u0131s\u0131ndan\u2063 kritik\u2063 bir \u00f6neme sahiptir.\u200d Bu ilkelerin\u200c uygulanma alanlar\u0131, \u2063yarg\u0131 s\u00fcre\u00e7lerinin her a\u015famas\u0131nda\u200c kendini\u200d g\u00f6stermektedir. Tarafs\u0131zl\u0131k, yaln\u0131zca \u200dyarg\u0131\u00e7lar\u0131n karar verme\u2064 s\u00fcre\u00e7lerinde de\u011fil, ayn\u0131 zamanda t\u00fcm\u200d yarg\u0131 organlar\u0131n\u0131n i\u015fleyi\u015finde de ge\u00e7erlidir.<\/p>\n<p>Tarafs\u0131zl\u0131k ilkelerinin ba\u015fl\u0131ca\u2062 uygulama alanlar\u0131\u2064 \u015funlard\u0131r:<\/p>\n<ul>\n<li><strong>Yarg\u0131\u00e7lar\u0131n Se\u00e7imi ve Atanmas\u0131:<\/strong> \u200b Yarg\u0131\u00e7lar\u0131n \u2063tarafs\u0131z bir \u015fekilde se\u00e7ilmesi, ba\u011f\u0131ms\u0131z bir yarg\u0131 sisteminin temel ta\u015flar\u0131ndan \u200dbiridir.<\/li>\n<li><strong>Duru\u015fma \u2062S\u00fcre\u00e7leri:<\/strong> Duru\u015fmalar\u0131n adil ve tarafs\u0131z bir\u2062 ortamda ger\u00e7ekle\u015ftirilmesi, t\u00fcm taraflar\u0131n e\u015fit haklara sahip olmas\u0131n\u0131 sa\u011flar.<\/li>\n<li><strong>Delil De\u011ferlendirmesi:<\/strong> Yarg\u0131\u00e7lar\u0131n,\u200d sunulan\u2064 delilleri tarafs\u0131z bir bak\u0131\u015f\u200d a\u00e7\u0131s\u0131yla \u200bde\u011ferlendirmesi,\u200b adil bir \u2064karar verilmesi \u200ba\u00e7\u0131s\u0131ndan\u200c elzemdir.<\/li>\n<li><strong>Kararlar\u0131n\u200c Gerek\u00e7elendirilmesi:<\/strong> Verilen kararlar\u0131n, tarafs\u0131z bir\u200c \u015fekilde gerek\u00e7elendirilmesi, yarg\u0131 sistemine\u2064 olan g\u00fcveni art\u0131r\u0131r.<\/li>\n<\/ul>\n<p>Bu ilkelerin etkin bir \u015fekilde uygulanmas\u0131, yarg\u0131 sisteminin \u2062g\u00fcvenilirli\u011fini\u200d peki\u015ftirirken, \u200dayn\u0131\u2062 zamanda bireylerin haklar\u0131n\u0131n korunmas\u0131na da\u200d katk\u0131 sa\u011flar. Tarafs\u0131zl\u0131k ilkeleri, adaletin sa\u011flanmas\u0131nda vazge\u00e7ilmez bir unsur olarak kar\u015f\u0131m\u0131za\u200b \u00e7\u0131kmaktad\u0131r.<\/p>\n<\/section>\n<p><img decoding=\"async\" class=\"kimage_class lazyload\" data-src=\"https:\/\/denizcankizil.tr\/wp-content\/uploads\/2024\/10\/4698-d180d0bed0bbd18c-d0b0d0b4d0b2d0bed0bad0b0d182d0b0-d0b2-d0b4d0b5d0bbd0b0d185-d0be-d0b3d180d0b0d0b6d0b4d0b0d0bdd181d182d0b2d0b5-d0b8-d0b8.jpg\" alt=\"Yarg\u0131 Organlar\u0131n\u0131n\u2064 Tarafs\u0131zl\u0131k \u2063Sa\u011flama Y\u00f6ntemleri\" src=\"data:image\/svg+xml;base64,PHN2ZyB3aWR0aD0iMSIgaGVpZ2h0PSIxIiB4bWxucz0iaHR0cDovL3d3dy53My5vcmcvMjAwMC9zdmciPjwvc3ZnPg==\"><\/p>\n<h2 id=\"yargi-organlarinin-tarafsizlik-saglama-yontemleri\">Yarg\u0131\u2064 Organlar\u0131n\u0131n Tarafs\u0131zl\u0131k Sa\u011flama Y\u00f6ntemleri<\/h2>\n<section>\n<p>, \u200dadaletin sa\u011flanmas\u0131\u2064 ve hukukun \u00fcst\u00fcnl\u00fc\u011f\u00fcn\u00fcn korunmas\u0131 a\u00e7\u0131s\u0131ndan b\u00fcy\u00fck bir \u200b\u00f6neme sahiptir. \u2062Tarafs\u0131zl\u0131k, yarg\u0131 s\u00fcrecinin\u2062 temel ta\u015flar\u0131ndan biri \u200colup, yarg\u0131 organlar\u0131n\u0131n ba\u011f\u0131ms\u0131z bir \u015fekilde karar\u2062 vermesini gerektirir. Bu\u2063 ba\u011flamda, yarg\u0131 organlar\u0131n\u0131n tarafs\u0131zl\u0131\u011f\u0131n\u0131 temin\u200c etmek i\u00e7in\u200d uygulanan baz\u0131 y\u00f6ntemler \u015funlard\u0131r:<\/p>\n<ul>\n<li><strong>Yarg\u0131 Ba\u011f\u0131ms\u0131zl\u0131\u011f\u0131:<\/strong> Yarg\u0131 organlar\u0131n\u0131n, y\u00fcr\u00fctme ve yasama organlar\u0131ndan ba\u011f\u0131ms\u0131z olmas\u0131, tarafs\u0131zl\u0131k sa\u011flama a\u00e7\u0131s\u0131ndan kritik\u200d bir \u200cunsurdur. Bu ba\u011f\u0131ms\u0131zl\u0131k, yarg\u0131\u00e7lar\u0131n kararlar\u0131n\u0131 etkileyebilecek d\u0131\u015f bask\u0131lardan uzak kalmalar\u0131n\u0131 sa\u011flar.<\/li>\n<li><strong>Yarg\u0131\u00e7lar\u0131n Atama \u200bve\u200b G\u00f6rev\u200b S\u00fcreleri:<\/strong> Yarg\u0131\u00e7lar\u0131n atama s\u00fcre\u00e7lerinin \u015feffaf ve objektif bir \u200d\u015fekilde\u200c ger\u00e7ekle\u015ftirilmesi, \u200dtarafs\u0131zl\u0131k a\u00e7\u0131s\u0131ndan \u00f6nemlidir. Ayr\u0131ca, g\u00f6rev s\u00fcrelerinin belirli bir s\u00fcreyle s\u0131n\u0131rl\u0131 \u200dolmas\u0131, yarg\u0131\u00e7lar\u0131n\u2064 ba\u011f\u0131ms\u0131zl\u0131klar\u0131n\u0131 korumalar\u0131na \u2064yard\u0131mc\u0131 olur.<\/li>\n<li><strong>Etik Kurallar ve\u200c Denetim Mekanizmalar\u0131:<\/strong> \u2064Yarg\u0131\u200c organlar\u0131, yarg\u0131\u00e7lar\u0131n etik kurallara \u200duymalar\u0131n\u0131 sa\u011flamak \u2063i\u00e7in \u00e7e\u015fitli \u200bdenetim mekanizmalar\u0131\u200d olu\u015fturmal\u0131d\u0131r.\u200b Bu mekanizmalar, yarg\u0131\u00e7lar\u0131n tarafs\u0131zl\u0131k ilkesine\u200d uygun hareket etmelerini\u200d te\u015fvik eder.<\/li>\n<li><strong>Halkla\u200d \u0130leti\u015fim ve \u015eeffafl\u0131k:<\/strong> \u2063 Yarg\u0131 organlar\u0131n\u0131n, kamuoyuyla etkili bir ileti\u015fim kurmas\u0131 ve \u2064s\u00fcre\u00e7lerini \u200c\u015feffaf bir \u2063\u015fekilde\u2064 y\u00fcr\u00fctmesi, tarafs\u0131zl\u0131k\u200d alg\u0131s\u0131n\u0131\u2062 g\u00fc\u00e7lendirir. Bu durum, yarg\u0131ya olan \u2062g\u00fcveni art\u0131r\u0131r.<\/li>\n<\/ul>\n<p>Sonu\u00e7 olarak, ,\u2062 adaletin\u2064 sa\u011flanmas\u0131 ve hukukun i\u015fleyi\u015fi a\u00e7\u0131s\u0131ndan hayati \u200cbir rol oynamaktad\u0131r. Bu y\u00f6ntemlerin \u2064etkin bir \u200b\u015fekilde uygulanmas\u0131, yarg\u0131 sisteminin g\u00fcvenilirli\u011fini \u2062art\u0131rmakta ve toplumda adalet duygusunu peki\u015ftirmektedir.<\/p>\n<\/section>\n<p><img decoding=\"async\" class=\"kimage_class lazyload\" data-src=\"https:\/\/denizcankizil.tr\/wp-content\/uploads\/2024\/10\/YhAY-253D.jpg\" alt=\"Uluslararas\u0131 Standartlar \u2064ve T\u00fcrk Hukukunda\u200d Uygulamalar\u0131\" src=\"data:image\/svg+xml;base64,PHN2ZyB3aWR0aD0iMSIgaGVpZ2h0PSIxIiB4bWxucz0iaHR0cDovL3d3dy53My5vcmcvMjAwMC9zdmciPjwvc3ZnPg==\"><\/p>\n<h2 id=\"uluslararasi-standartlar-ve-turk-hukukunda-uygulamalari\">Uluslararas\u0131 \u200bStandartlar ve T\u00fcrk Hukukunda Uygulamalar\u0131<\/h2>\n<section>\n<p>Yarg\u0131da objektiflik ve tarafs\u0131zl\u0131k, adaletin sa\u011flanmas\u0131nda kritik \u00f6neme\u200b sahiptir. Bu ba\u011flamda,\u2062 uluslararas\u0131 \u200cstandartlar, T\u00fcrk \u200dhukuk sisteminin temel \u2062ilkeleriyle uyumlu bir \u015fekilde \u200buygulanmaktad\u0131r. \u00d6zellikle, <strong>Birle\u015fmi\u015f \u2063Milletler\u2064 \u0130nsan Haklar\u0131\u200c Evrensel Beyannamesi<\/strong> ich <strong>Avrupa \u0130nsan Haklar\u0131 S\u00f6zle\u015fmesi<\/strong> gibi belgeler, yarg\u0131 s\u00fcre\u00e7lerinde tarafs\u0131zl\u0131k ve adil yarg\u0131lanma hakk\u0131n\u0131 g\u00fcvence alt\u0131na almaktad\u0131r.<\/p>\n<p>T\u00fcrk hukukunda, bu uluslararas\u0131\u2064 standartlar\u0131n uygulanmas\u0131,\u2064 yarg\u0131 \u2063organlar\u0131n\u0131n ba\u011f\u0131ms\u0131zl\u0131\u011f\u0131\u200d ve tarafs\u0131zl\u0131\u011f\u0131 \u2062a\u00e7\u0131s\u0131ndan b\u00fcy\u00fck \u00f6nem ta\u015f\u0131maktad\u0131r. Uygulamada, a\u015fa\u011f\u0131daki ilkeler \u200d\u00f6ne \u2062\u00e7\u0131kmaktad\u0131r:<\/p>\n<ul>\n<li><strong>Yarg\u0131 Ba\u011f\u0131ms\u0131zl\u0131\u011f\u0131:<\/strong> \u200c Yarg\u0131 organlar\u0131n\u0131n, y\u00fcr\u00fctme \u200cve yasama organlar\u0131ndan ba\u011f\u0131ms\u0131z olarak faaliyet g\u00f6stermesi gerekmektedir.<\/li>\n<li><strong>Tarafs\u0131z Yarg\u0131lama:<\/strong> Yarg\u0131 s\u00fcre\u00e7lerinde, \u200btaraflar\u0131n\u200c e\u015fit haklara sahip olmas\u0131 ve yarg\u0131\u00e7lar\u0131n tarafs\u0131z bir \u015fekilde karar vermesi esast\u0131r.<\/li>\n<li><strong>Adil\u200d Yarg\u0131lanma Hakk\u0131:<\/strong> \u200d Her bireyin, yarg\u0131 \u00f6n\u00fcnde e\u015fit muamele g\u00f6rmesi ve savunma hakk\u0131n\u0131n sa\u011flanmas\u0131\u200d gerekmektedir.<\/li>\n<\/ul>\n<p>Bu ilkelerin\u2064 yan\u0131\u200c s\u0131ra, T\u00fcrk \u2062hukuk sisteminde uluslararas\u0131 standartlar\u0131n benimsenmesi, yarg\u0131\u2063 s\u00fcre\u00e7lerinin kalitesini\u200c art\u0131rmakta ve adaletin \u200csa\u011flanmas\u0131nda\u2063 \u00f6nemli \u2063bir rol\u2064 oynamaktad\u0131r. B\u00f6ylece, yarg\u0131n\u0131n g\u00fcvenilirli\u011fi \u200dve toplumda adalet duygusunun peki\u015fmesi sa\u011flanmaktad\u0131r.<\/p>\n<\/section>\n<p>Sonu\u00e7 \u200bolarak, yarg\u0131da objektiflik ve tarafs\u0131zl\u0131k, adaletin sa\u011flanmas\u0131\u2064 ve hukukun \u00fcst\u00fcnl\u00fc\u011f\u00fcn\u00fcn korunmas\u0131 \u2063a\u00e7\u0131s\u0131ndan hayati \u00f6neme sahiptir.\u2064 Bu ilkeler, yarg\u0131 organlar\u0131n\u0131n g\u00fcvenilirli\u011fini \u2062art\u0131rmakta ve bireylerin haklar\u0131n\u0131n korunmas\u0131nda kritik bir rol \u2064oynamaktad\u0131r. Yarg\u0131 sisteminin\u2063 etkinli\u011fi, yaln\u0131zca yasalar\u0131n do\u011fru bir \u2064\u015fekilde uygulanmas\u0131yla \u2064de\u011fil, ayn\u0131\u2063 zamanda yarg\u0131 \u200bmensuplar\u0131n\u0131n tarafs\u0131zl\u0131k ilkesine \u2064sad\u0131k kalmalar\u0131yla\u200c da do\u011frudan\u200b ili\u015fkilidir. Bu \u2062ba\u011flamda, yarg\u0131da objektiflik ve \u200dtarafs\u0131zl\u0131k ilkelerinin g\u00fc\u00e7lendirilmesi, hukukun\u2064 \u00fcst\u00fcnl\u00fc\u011f\u00fcn\u00fcn tesis\u200b edilmesi ve toplumsal bar\u0131\u015f\u0131n sa\u011flanmas\u0131 i\u00e7in gereklidir. Gelecekte, bu ilkelerin daha da peki\u015ftirilmesi \u200bamac\u0131yla, yarg\u0131 sisteminde \u2062s\u00fcrekli bir \u2063reform ve e\u011fitim \u2062s\u00fcrecinin s\u00fcrd\u00fcr\u00fclmesi \u00f6nem arz etmektedir. Bu \u00e7er\u00e7evede,\u200c yarg\u0131 organlar\u0131n\u0131n ba\u011f\u0131ms\u0131zl\u0131\u011f\u0131 ve tarafs\u0131zl\u0131\u011f\u0131, \u200ddemokratik bir toplumun temel ta\u015flar\u0131n\u0131 olu\u015fturmaktad\u0131r. <\/p>","protected":false},"excerpt":{"rendered":"<p>Yarg\u0131da objektiflik ve tarafs\u0131zl\u0131k, adaletin sa\u011flanmas\u0131nda temel ilkeler aras\u0131nda yer al\u0131r. Bu ilkeler, yarg\u0131 organlar\u0131n\u0131n ba\u011f\u0131ms\u0131zl\u0131\u011f\u0131n\u0131 ve tarafs\u0131zl\u0131\u011f\u0131n\u0131 g\u00fcvence alt\u0131na alarak, hukukun \u00fcst\u00fcnl\u00fc\u011f\u00fcn\u00fc peki\u015ftirir. Uygulamalar, bu ilkelerin hayata ge\u00e7irilmesinde kritik rol oynar.<\/p>","protected":false},"author":4,"featured_media":29793,"comment_status":"open","ping_status":"open","sticky":false,"template":"","format":"standard","meta":{"_acf_changed":false,"footnotes":""},"categories":[22],"tags":[],"class_list":["post-29792","post","type-post","status-publish","format-standard","has-post-thumbnail","hentry","category-degerlendirme"],"acf":[],"yoast_head":"<!-- This site is optimized with the Yoast SEO Premium plugin v26.6 (Yoast SEO v27.1.1) - https:\/\/yoast.com\/product\/yoast-seo-premium-wordpress\/ -->\n<title>Yarg\u0131da Objektiflik ve Tarafs\u0131zl\u0131k: Temel \u0130lkeler ve Uygulamalar - Av. Deniz Can K\u0131z\u0131l<\/title>\n<meta name=\"robots\" content=\"index, follow, max-snippet:-1, max-image-preview:large, max-video-preview:-1\" \/>\n<link rel=\"canonical\" href=\"https:\/\/denizcankizil.tr\/de\/koseyazilari\/degerlendirme\/yargida-objektiflik-ve-tarafsizlik-temel-ilkeler-ve-uygulamalar\/\" \/>\n<meta property=\"og:locale\" content=\"de_DE\" \/>\n<meta property=\"og:type\" content=\"article\" \/>\n<meta property=\"og:title\" content=\"Yarg\u0131da Objektiflik ve Tarafs\u0131zl\u0131k: Temel \u0130lkeler ve Uygulamalar\" \/>\n<meta property=\"og:description\" content=\"Yarg\u0131da objektiflik ve tarafs\u0131zl\u0131k, adaletin sa\u011flanmas\u0131nda temel ilkeler aras\u0131nda yer al\u0131r. Bu ilkeler, yarg\u0131 organlar\u0131n\u0131n ba\u011f\u0131ms\u0131zl\u0131\u011f\u0131n\u0131 ve tarafs\u0131zl\u0131\u011f\u0131n\u0131 g\u00fcvence alt\u0131na alarak, hukukun \u00fcst\u00fcnl\u00fc\u011f\u00fcn\u00fc peki\u015ftirir. Uygulamalar, bu ilkelerin hayata ge\u00e7irilmesinde kritik rol oynar.\" \/>\n<meta property=\"og:url\" content=\"https:\/\/denizcankizil.tr\/de\/koseyazilari\/degerlendirme\/yargida-objektiflik-ve-tarafsizlik-temel-ilkeler-ve-uygulamalar\/\" \/>\n<meta property=\"og:site_name\" content=\"Av. Deniz Can K\u0131z\u0131l\" \/>\n<meta property=\"article:published_time\" content=\"2025-02-03T11:56:29+00:00\" \/>\n<meta property=\"og:image\" content=\"https:\/\/denizcankizil.tr\/wp-content\/uploads\/2025\/02\/29792-yargida-objektiflik-ve-tarafsizlik-temel-ilkeler-ve-uygulamalar.jpg\" \/>\n\t<meta property=\"og:image:width\" content=\"800\" \/>\n\t<meta property=\"og:image:height\" content=\"800\" \/>\n\t<meta property=\"og:image:type\" content=\"image\/jpeg\" \/>\n<meta name=\"author\" content=\"Av. Deniz Can K\u0131z\u0131l\" \/>\n<meta name=\"twitter:card\" content=\"summary_large_image\" \/>\n<meta name=\"twitter:label1\" content=\"Verfasst von\" \/>\n\t<meta name=\"twitter:data1\" content=\"Av. Deniz Can K\u0131z\u0131l\" \/>\n\t<meta name=\"twitter:label2\" content=\"Gesch\u00e4tzte Lesezeit\" \/>\n\t<meta name=\"twitter:data2\" content=\"9\u00a0Minuten\" \/>\n<script type=\"application\/ld+json\" class=\"yoast-schema-graph\">{\"@context\":\"https:\/\/schema.org\",\"@graph\":[{\"@type\":\"Article\",\"@id\":\"https:\/\/denizcankizil.tr\/en\/koseyazilari\/degerlendirme\/yargida-objektiflik-ve-tarafsizlik-temel-ilkeler-ve-uygulamalar\/#article\",\"isPartOf\":{\"@id\":\"https:\/\/denizcankizil.tr\/en\/koseyazilari\/degerlendirme\/yargida-objektiflik-ve-tarafsizlik-temel-ilkeler-ve-uygulamalar\/\"},\"author\":{\"name\":\"Av. Deniz Can K\u0131z\u0131l\",\"@id\":\"https:\/\/denizcankizil.tr\/de\/#\/schema\/person\/5dc1b22991bd7ac833867c10afc9b0ff\"},\"headline\":\"Yarg\u0131da Objektiflik ve Tarafs\u0131zl\u0131k: Temel \u0130lkeler ve Uygulamalar\",\"datePublished\":\"2025-02-03T11:56:29+00:00\",\"mainEntityOfPage\":{\"@id\":\"https:\/\/denizcankizil.tr\/en\/koseyazilari\/degerlendirme\/yargida-objektiflik-ve-tarafsizlik-temel-ilkeler-ve-uygulamalar\/\"},\"wordCount\":1801,\"commentCount\":0,\"publisher\":{\"@id\":\"https:\/\/denizcankizil.tr\/de\/#organization\"},\"image\":{\"@id\":\"https:\/\/denizcankizil.tr\/en\/koseyazilari\/degerlendirme\/yargida-objektiflik-ve-tarafsizlik-temel-ilkeler-ve-uygulamalar\/#primaryimage\"},\"thumbnailUrl\":\"https:\/\/denizcankizil.tr\/wp-content\/uploads\/2025\/02\/29792-yargida-objektiflik-ve-tarafsizlik-temel-ilkeler-ve-uygulamalar.jpg\",\"articleSection\":[\"De\u011ferlendirme\"],\"inLanguage\":\"de\",\"potentialAction\":[{\"@type\":\"CommentAction\",\"name\":\"Comment\",\"target\":[\"https:\/\/denizcankizil.tr\/en\/koseyazilari\/degerlendirme\/yargida-objektiflik-ve-tarafsizlik-temel-ilkeler-ve-uygulamalar\/#respond\"]}]},{\"@type\":\"WebPage\",\"@id\":\"https:\/\/denizcankizil.tr\/en\/koseyazilari\/degerlendirme\/yargida-objektiflik-ve-tarafsizlik-temel-ilkeler-ve-uygulamalar\/\",\"url\":\"https:\/\/denizcankizil.tr\/en\/koseyazilari\/degerlendirme\/yargida-objektiflik-ve-tarafsizlik-temel-ilkeler-ve-uygulamalar\/\",\"name\":\"Yarg\u0131da Objektiflik ve Tarafs\u0131zl\u0131k: Temel \u0130lkeler ve Uygulamalar - Av. Deniz Can K\u0131z\u0131l\",\"isPartOf\":{\"@id\":\"https:\/\/denizcankizil.tr\/de\/#website\"},\"primaryImageOfPage\":{\"@id\":\"https:\/\/denizcankizil.tr\/en\/koseyazilari\/degerlendirme\/yargida-objektiflik-ve-tarafsizlik-temel-ilkeler-ve-uygulamalar\/#primaryimage\"},\"image\":{\"@id\":\"https:\/\/denizcankizil.tr\/en\/koseyazilari\/degerlendirme\/yargida-objektiflik-ve-tarafsizlik-temel-ilkeler-ve-uygulamalar\/#primaryimage\"},\"thumbnailUrl\":\"https:\/\/denizcankizil.tr\/wp-content\/uploads\/2025\/02\/29792-yargida-objektiflik-ve-tarafsizlik-temel-ilkeler-ve-uygulamalar.jpg\",\"datePublished\":\"2025-02-03T11:56:29+00:00\",\"breadcrumb\":{\"@id\":\"https:\/\/denizcankizil.tr\/en\/koseyazilari\/degerlendirme\/yargida-objektiflik-ve-tarafsizlik-temel-ilkeler-ve-uygulamalar\/#breadcrumb\"},\"inLanguage\":\"de\",\"potentialAction\":[{\"@type\":\"ReadAction\",\"target\":[\"https:\/\/denizcankizil.tr\/en\/koseyazilari\/degerlendirme\/yargida-objektiflik-ve-tarafsizlik-temel-ilkeler-ve-uygulamalar\/\"]}]},{\"@type\":\"ImageObject\",\"inLanguage\":\"de\",\"@id\":\"https:\/\/denizcankizil.tr\/en\/koseyazilari\/degerlendirme\/yargida-objektiflik-ve-tarafsizlik-temel-ilkeler-ve-uygulamalar\/#primaryimage\",\"url\":\"https:\/\/denizcankizil.tr\/wp-content\/uploads\/2025\/02\/29792-yargida-objektiflik-ve-tarafsizlik-temel-ilkeler-ve-uygulamalar.jpg\",\"contentUrl\":\"https:\/\/denizcankizil.tr\/wp-content\/uploads\/2025\/02\/29792-yargida-objektiflik-ve-tarafsizlik-temel-ilkeler-ve-uygulamalar.jpg\",\"width\":800,\"height\":800,\"caption\":\"Yarg\u0131da Objektiflik ve Tarafs\u0131zl\u0131k: Temel \u0130lkeler ve Uygulamalar\"},{\"@type\":\"BreadcrumbList\",\"@id\":\"https:\/\/denizcankizil.tr\/en\/koseyazilari\/degerlendirme\/yargida-objektiflik-ve-tarafsizlik-temel-ilkeler-ve-uygulamalar\/#breadcrumb\",\"itemListElement\":[{\"@type\":\"ListItem\",\"position\":1,\"name\":\"Home\",\"item\":\"https:\/\/denizcankizil.tr\/de\/\"},{\"@type\":\"ListItem\",\"position\":2,\"name\":\"Yarg\u0131da Objektiflik ve Tarafs\u0131zl\u0131k: Temel \u0130lkeler ve Uygulamalar\"}]},{\"@type\":\"WebSite\",\"@id\":\"https:\/\/denizcankizil.tr\/de\/#website\",\"url\":\"https:\/\/denizcankizil.tr\/de\/\",\"name\":\"Av. Deniz Can K\u0131z\u0131l\",\"description\":\"Avukat Deniz Can K\u0131z\u0131l Antalya Barosu\",\"publisher\":{\"@id\":\"https:\/\/denizcankizil.tr\/de\/#organization\"},\"potentialAction\":[{\"@type\":\"SearchAction\",\"target\":{\"@type\":\"EntryPoint\",\"urlTemplate\":\"https:\/\/denizcankizil.tr\/de\/?s={search_term_string}\"},\"query-input\":{\"@type\":\"PropertyValueSpecification\",\"valueRequired\":true,\"valueName\":\"search_term_string\"}}],\"inLanguage\":\"de\"},{\"@type\":\"Organization\",\"@id\":\"https:\/\/denizcankizil.tr\/de\/#organization\",\"name\":\"Av. Deniz Can K\u0131z\u0131l\",\"url\":\"https:\/\/denizcankizil.tr\/de\/\",\"logo\":{\"@type\":\"ImageObject\",\"inLanguage\":\"de\",\"@id\":\"https:\/\/denizcankizil.tr\/de\/#\/schema\/logo\/image\/\",\"url\":\"https:\/\/denizcankizil.tr\/wp-content\/uploads\/2024\/10\/siyah-logo-svg.svg\",\"contentUrl\":\"https:\/\/denizcankizil.tr\/wp-content\/uploads\/2024\/10\/siyah-logo-svg.svg\",\"width\":1080,\"height\":1080,\"caption\":\"Av. Deniz Can K\u0131z\u0131l\"},\"image\":{\"@id\":\"https:\/\/denizcankizil.tr\/de\/#\/schema\/logo\/image\/\"}},{\"@type\":\"Person\",\"@id\":\"https:\/\/denizcankizil.tr\/de\/#\/schema\/person\/5dc1b22991bd7ac833867c10afc9b0ff\",\"name\":\"Av. Deniz Can K\u0131z\u0131l\",\"image\":{\"@type\":\"ImageObject\",\"inLanguage\":\"de\",\"@id\":\"https:\/\/denizcankizil.tr\/de\/#\/schema\/person\/image\/\",\"url\":\"https:\/\/secure.gravatar.com\/avatar\/a0b128fb9855c79efc976d5640eedb31dc35ec297594d6016d2cf7c60e975bb6?s=96&d=mm&r=g\",\"contentUrl\":\"https:\/\/secure.gravatar.com\/avatar\/a0b128fb9855c79efc976d5640eedb31dc35ec297594d6016d2cf7c60e975bb6?s=96&d=mm&r=g\",\"caption\":\"Av. Deniz Can K\u0131z\u0131l\"},\"sameAs\":[\"http:\/\/www.denizcankizil.tr\"],\"url\":\"https:\/\/denizcankizil.tr\/de\/author\/denizcankizil\/\"}]}<\/script>\n<!-- \/ Yoast SEO Premium plugin. -->","yoast_head_json":{"title":"Yarg\u0131da Objektiflik ve Tarafs\u0131zl\u0131k: Temel \u0130lkeler ve Uygulamalar - Av. Deniz Can K\u0131z\u0131l","robots":{"index":"index","follow":"follow","max-snippet":"max-snippet:-1","max-image-preview":"max-image-preview:large","max-video-preview":"max-video-preview:-1"},"canonical":"https:\/\/denizcankizil.tr\/de\/koseyazilari\/degerlendirme\/yargida-objektiflik-ve-tarafsizlik-temel-ilkeler-ve-uygulamalar\/","og_locale":"de_DE","og_type":"article","og_title":"Yarg\u0131da Objektiflik ve Tarafs\u0131zl\u0131k: Temel \u0130lkeler ve Uygulamalar","og_description":"Yarg\u0131da objektiflik ve tarafs\u0131zl\u0131k, adaletin sa\u011flanmas\u0131nda temel ilkeler aras\u0131nda yer al\u0131r. Bu ilkeler, yarg\u0131 organlar\u0131n\u0131n ba\u011f\u0131ms\u0131zl\u0131\u011f\u0131n\u0131 ve tarafs\u0131zl\u0131\u011f\u0131n\u0131 g\u00fcvence alt\u0131na alarak, hukukun \u00fcst\u00fcnl\u00fc\u011f\u00fcn\u00fc peki\u015ftirir. Uygulamalar, bu ilkelerin hayata ge\u00e7irilmesinde kritik rol oynar.","og_url":"https:\/\/denizcankizil.tr\/de\/koseyazilari\/degerlendirme\/yargida-objektiflik-ve-tarafsizlik-temel-ilkeler-ve-uygulamalar\/","og_site_name":"Av. Deniz Can K\u0131z\u0131l","article_published_time":"2025-02-03T11:56:29+00:00","og_image":[{"width":800,"height":800,"url":"https:\/\/denizcankizil.tr\/wp-content\/uploads\/2025\/02\/29792-yargida-objektiflik-ve-tarafsizlik-temel-ilkeler-ve-uygulamalar.jpg","type":"image\/jpeg"}],"author":"Av. Deniz Can K\u0131z\u0131l","twitter_card":"summary_large_image","twitter_misc":{"Verfasst von":"Av. Deniz Can K\u0131z\u0131l","Gesch\u00e4tzte Lesezeit":"9\u00a0Minuten"},"schema":{"@context":"https:\/\/schema.org","@graph":[{"@type":"Article","@id":"https:\/\/denizcankizil.tr\/en\/koseyazilari\/degerlendirme\/yargida-objektiflik-ve-tarafsizlik-temel-ilkeler-ve-uygulamalar\/#article","isPartOf":{"@id":"https:\/\/denizcankizil.tr\/en\/koseyazilari\/degerlendirme\/yargida-objektiflik-ve-tarafsizlik-temel-ilkeler-ve-uygulamalar\/"},"author":{"name":"Av. Deniz Can K\u0131z\u0131l","@id":"https:\/\/denizcankizil.tr\/de\/#\/schema\/person\/5dc1b22991bd7ac833867c10afc9b0ff"},"headline":"Yarg\u0131da Objektiflik ve Tarafs\u0131zl\u0131k: Temel \u0130lkeler ve Uygulamalar","datePublished":"2025-02-03T11:56:29+00:00","mainEntityOfPage":{"@id":"https:\/\/denizcankizil.tr\/en\/koseyazilari\/degerlendirme\/yargida-objektiflik-ve-tarafsizlik-temel-ilkeler-ve-uygulamalar\/"},"wordCount":1801,"commentCount":0,"publisher":{"@id":"https:\/\/denizcankizil.tr\/de\/#organization"},"image":{"@id":"https:\/\/denizcankizil.tr\/en\/koseyazilari\/degerlendirme\/yargida-objektiflik-ve-tarafsizlik-temel-ilkeler-ve-uygulamalar\/#primaryimage"},"thumbnailUrl":"https:\/\/denizcankizil.tr\/wp-content\/uploads\/2025\/02\/29792-yargida-objektiflik-ve-tarafsizlik-temel-ilkeler-ve-uygulamalar.jpg","articleSection":["De\u011ferlendirme"],"inLanguage":"de","potentialAction":[{"@type":"CommentAction","name":"Comment","target":["https:\/\/denizcankizil.tr\/en\/koseyazilari\/degerlendirme\/yargida-objektiflik-ve-tarafsizlik-temel-ilkeler-ve-uygulamalar\/#respond"]}]},{"@type":"WebPage","@id":"https:\/\/denizcankizil.tr\/en\/koseyazilari\/degerlendirme\/yargida-objektiflik-ve-tarafsizlik-temel-ilkeler-ve-uygulamalar\/","url":"https:\/\/denizcankizil.tr\/en\/koseyazilari\/degerlendirme\/yargida-objektiflik-ve-tarafsizlik-temel-ilkeler-ve-uygulamalar\/","name":"Yarg\u0131da Objektiflik ve Tarafs\u0131zl\u0131k: Temel \u0130lkeler ve Uygulamalar - Av. Deniz Can K\u0131z\u0131l","isPartOf":{"@id":"https:\/\/denizcankizil.tr\/de\/#website"},"primaryImageOfPage":{"@id":"https:\/\/denizcankizil.tr\/en\/koseyazilari\/degerlendirme\/yargida-objektiflik-ve-tarafsizlik-temel-ilkeler-ve-uygulamalar\/#primaryimage"},"image":{"@id":"https:\/\/denizcankizil.tr\/en\/koseyazilari\/degerlendirme\/yargida-objektiflik-ve-tarafsizlik-temel-ilkeler-ve-uygulamalar\/#primaryimage"},"thumbnailUrl":"https:\/\/denizcankizil.tr\/wp-content\/uploads\/2025\/02\/29792-yargida-objektiflik-ve-tarafsizlik-temel-ilkeler-ve-uygulamalar.jpg","datePublished":"2025-02-03T11:56:29+00:00","breadcrumb":{"@id":"https:\/\/denizcankizil.tr\/en\/koseyazilari\/degerlendirme\/yargida-objektiflik-ve-tarafsizlik-temel-ilkeler-ve-uygulamalar\/#breadcrumb"},"inLanguage":"de","potentialAction":[{"@type":"ReadAction","target":["https:\/\/denizcankizil.tr\/en\/koseyazilari\/degerlendirme\/yargida-objektiflik-ve-tarafsizlik-temel-ilkeler-ve-uygulamalar\/"]}]},{"@type":"ImageObject","inLanguage":"de","@id":"https:\/\/denizcankizil.tr\/en\/koseyazilari\/degerlendirme\/yargida-objektiflik-ve-tarafsizlik-temel-ilkeler-ve-uygulamalar\/#primaryimage","url":"https:\/\/denizcankizil.tr\/wp-content\/uploads\/2025\/02\/29792-yargida-objektiflik-ve-tarafsizlik-temel-ilkeler-ve-uygulamalar.jpg","contentUrl":"https:\/\/denizcankizil.tr\/wp-content\/uploads\/2025\/02\/29792-yargida-objektiflik-ve-tarafsizlik-temel-ilkeler-ve-uygulamalar.jpg","width":800,"height":800,"caption":"Yarg\u0131da Objektiflik ve Tarafs\u0131zl\u0131k: Temel \u0130lkeler ve Uygulamalar"},{"@type":"BreadcrumbList","@id":"https:\/\/denizcankizil.tr\/en\/koseyazilari\/degerlendirme\/yargida-objektiflik-ve-tarafsizlik-temel-ilkeler-ve-uygulamalar\/#breadcrumb","itemListElement":[{"@type":"ListItem","position":1,"name":"Home","item":"https:\/\/denizcankizil.tr\/de\/"},{"@type":"ListItem","position":2,"name":"Yarg\u0131da Objektiflik ve Tarafs\u0131zl\u0131k: Temel \u0130lkeler ve Uygulamalar"}]},{"@type":"WebSite","@id":"https:\/\/denizcankizil.tr\/de\/#website","url":"https:\/\/denizcankizil.tr\/de\/","name":"Av. Deniz Can K\u0131z\u0131l","description":"Avukat Deniz Can K\u0131z\u0131l Antalya Barosu","publisher":{"@id":"https:\/\/denizcankizil.tr\/de\/#organization"},"potentialAction":[{"@type":"SearchAction","target":{"@type":"EntryPoint","urlTemplate":"https:\/\/denizcankizil.tr\/de\/?s={search_term_string}"},"query-input":{"@type":"PropertyValueSpecification","valueRequired":true,"valueName":"search_term_string"}}],"inLanguage":"de"},{"@type":"Organization","@id":"https:\/\/denizcankizil.tr\/de\/#organization","name":"Av. Deniz Can K\u0131z\u0131l","url":"https:\/\/denizcankizil.tr\/de\/","logo":{"@type":"ImageObject","inLanguage":"de","@id":"https:\/\/denizcankizil.tr\/de\/#\/schema\/logo\/image\/","url":"https:\/\/denizcankizil.tr\/wp-content\/uploads\/2024\/10\/siyah-logo-svg.svg","contentUrl":"https:\/\/denizcankizil.tr\/wp-content\/uploads\/2024\/10\/siyah-logo-svg.svg","width":1080,"height":1080,"caption":"Av. Deniz Can K\u0131z\u0131l"},"image":{"@id":"https:\/\/denizcankizil.tr\/de\/#\/schema\/logo\/image\/"}},{"@type":"Person","@id":"https:\/\/denizcankizil.tr\/de\/#\/schema\/person\/5dc1b22991bd7ac833867c10afc9b0ff","name":"Av. Deniz Can K\u0131z\u0131l","image":{"@type":"ImageObject","inLanguage":"de","@id":"https:\/\/denizcankizil.tr\/de\/#\/schema\/person\/image\/","url":"https:\/\/secure.gravatar.com\/avatar\/a0b128fb9855c79efc976d5640eedb31dc35ec297594d6016d2cf7c60e975bb6?s=96&d=mm&r=g","contentUrl":"https:\/\/secure.gravatar.com\/avatar\/a0b128fb9855c79efc976d5640eedb31dc35ec297594d6016d2cf7c60e975bb6?s=96&d=mm&r=g","caption":"Av. Deniz Can K\u0131z\u0131l"},"sameAs":["http:\/\/www.denizcankizil.tr"],"url":"https:\/\/denizcankizil.tr\/de\/author\/denizcankizil\/"}]}},"_links":{"self":[{"href":"https:\/\/denizcankizil.tr\/de\/wp-json\/wp\/v2\/posts\/29792","targetHints":{"allow":["GET"]}}],"collection":[{"href":"https:\/\/denizcankizil.tr\/de\/wp-json\/wp\/v2\/posts"}],"about":[{"href":"https:\/\/denizcankizil.tr\/de\/wp-json\/wp\/v2\/types\/post"}],"author":[{"embeddable":true,"href":"https:\/\/denizcankizil.tr\/de\/wp-json\/wp\/v2\/users\/4"}],"replies":[{"embeddable":true,"href":"https:\/\/denizcankizil.tr\/de\/wp-json\/wp\/v2\/comments?post=29792"}],"version-history":[{"count":0,"href":"https:\/\/denizcankizil.tr\/de\/wp-json\/wp\/v2\/posts\/29792\/revisions"}],"wp:featuredmedia":[{"embeddable":true,"href":"https:\/\/denizcankizil.tr\/de\/wp-json\/wp\/v2\/media\/29793"}],"wp:attachment":[{"href":"https:\/\/denizcankizil.tr\/de\/wp-json\/wp\/v2\/media?parent=29792"}],"wp:term":[{"taxonomy":"category","embeddable":true,"href":"https:\/\/denizcankizil.tr\/de\/wp-json\/wp\/v2\/categories?post=29792"},{"taxonomy":"post_tag","embeddable":true,"href":"https:\/\/denizcankizil.tr\/de\/wp-json\/wp\/v2\/tags?post=29792"}],"curies":[{"name":"wp","href":"https:\/\/api.w.org\/{rel}","templated":true}]}}