{"id":29727,"date":"2025-02-03T09:41:26","date_gmt":"2025-02-03T06:41:26","guid":{"rendered":"https:\/\/denizcankizil.tr\/uncategorized-tr\/sibirya-soguklari-etkisini-gosterecek-kar-haftasi\/"},"modified":"2025-02-03T09:41:26","modified_gmt":"2025-02-03T06:41:26","slug":"sibirya-soguklari-etkisini-gosterecek-kar-haftasi","status":"publish","type":"post","link":"https:\/\/denizcankizil.tr\/de\/haberler\/gundem\/sibirya-soguklari-etkisini-gosterecek-kar-haftasi\/","title":{"rendered":"Sibirya so\u011fuklar\u0131 etkisini g\u00f6sterecek! Kar haftas\u0131!"},"content":{"rendered":"<p>Bu itibar\u0131yla Sibirya k\u00f6kenli so\u011fuk hava dalgas\u0131n\u0131n etkisine giren T\u00fcrkiye genelinde, \u00c7ar\u015famba ve Per\u015fembe g\u00fcnleri yo\u011fun kar ya\u011f\u0131\u015f\u0131 beklenirken, s\u0131cakl\u0131klar s\u0131f\u0131r\u0131n alt\u0131na d\u00fc\u015fecek.ANKARA (\u0130GFA) &#8211; Yurdumuz bu hafta itibar\u0131yla Sibirya k\u00f6kenli so\u011fuk hava dalgas\u0131n\u0131n etkisine giriyor.<br \/>\n\u00dclke genelinde \u00c7ar\u015famba ve Per\u015fembe g\u00fcnleri yo\u011fun kar ya\u011f\u0131\u015f\u0131 beklenirken, s\u0131cakl\u0131klar s\u0131f\u0131r\u0131n alt\u0131na d\u00fc\u015fecek. Kar kal\u0131nl\u0131\u011f\u0131 baz\u0131 b\u00f6lgelerde 10-20 cm\u2019ye ula\u015fabilir.<\/p>\n<p>3 \u015eubat Pazartesi (bug\u00fcn) itibariyle Sibirya k\u00f6kenli so\u011fuk hava dalgas\u0131n\u0131n etkisine girecek olan yurt genelinde\u00a05 \u015eubat \u00c7ar\u015famba ve 6 \u015eubat Per\u015fembe g\u00fcnleri kar ya\u011f\u0131\u015f\u0131 bekleniyor.<\/p>\n<p>\u00c7ar\u015famba g\u00fcn\u00fc 1-5 cm aral\u0131\u011f\u0131nda, Per\u015fembe g\u00fcn\u00fc ise 10-20 cm\u2019ye kadar kar ya\u011f\u0131\u015f\u0131 g\u00f6r\u00fclebilir. S\u0131cakl\u0131klar\u0131n h\u0131zla d\u00fc\u015fmesiyle birlikte buzlanma ve don olaylar\u0131 ya\u015fanabilece\u011fi tahmin ediliyor.<br \/>\nPER\u015eEMBE G\u00dcN\u00dc KAR YA\u011eI\u015eI YO\u011eUNLA\u015eAB\u0130L\u0130R<br \/>\n\u00c7ar\u015famba g\u00fcn\u00fcnden itibaren s\u0131cakl\u0131klar\u0131n 0\u00b0C\u2019nin alt\u0131na d\u00fc\u015fmesi bekleniyor.<br \/>\nMeteoroloji&#8217;nin de\u011ferlendirmelerine g\u00f6re:<\/p>\n<p>\u2022 \u00a0 \u00a0 \u00a0 \u00a0 \u00a05 \u015eubat \u00c7ar\u015famba: Kar ya\u011f\u0131\u015f\u0131 ba\u015flayabilir, s\u0131cakl\u0131k 0\u00b0C\u2019ye kadar d\u00fc\u015fecek. 1-3 cm kar ya\u011fabilir.<\/p>\n<p>\u2022 \u00a0 \u00a0 \u00a0 \u00a0 \u00a06 \u015eubat Per\u015fembe: S\u0131cakl\u0131klar s\u0131f\u0131r\u0131n alt\u0131nda seyredebilir. 10-20 cm kar \u00f6rt\u00fcs\u00fc olu\u015fabilir.<\/p>\n<p>\u2022 \u00a0 \u00a0 \u00a0 \u00a0 \u00a07 \u015eubat Cuma: S\u0131cakl\u0131klar 1-5 derece aras\u0131nda seyredebilir, buzlanma ve don riski artacak.<br \/>\nBuzlanma ve don olaylar\u0131na kar\u015f\u0131 vatanda\u015flar\u0131 uyaran Meteoroloji, \u00f6zellikle sabah ve gece saatlerinde sis, k\u0131ra\u011f\u0131 ve buzlanma riski artacak. Ula\u015f\u0131mda aksakl\u0131klar\u0131n ya\u015fanabilece\u011fi belirtilirken, yetkililer zorunlu olmad\u0131k\u00e7a \u00f6zel ara\u00e7 kullan\u0131lmamas\u0131n\u0131 \u00f6nerdi.<\/p>\n<p>\u200bBu itibar\u0131yla Sibirya k\u00f6kenli so\u011fuk hava dalgas\u0131n\u0131n etkisine giren T\u00fcrkiye genelinde, \u00c7ar\u015famba ve Per\u015fembe g\u00fcnleri yo\u011fun kar ya\u011f\u0131\u015f\u0131 beklenirken, s\u0131cakl\u0131klar s\u0131f\u0131r\u0131n alt\u0131na d\u00fc\u015fecek.ANKARA (\u0130GFA) &#8211; Yurdumuz bu hafta itibar\u0131yla Sibirya k\u00f6kenli so\u011fuk hava dalgas\u0131n\u0131n etkisine giriyor.<br \/>\n\u00dclke genelinde \u00c7ar\u015famba ve Per\u015fembe g\u00fcnleri yo\u011fun kar ya\u011f\u0131\u015f\u0131 beklenirken, s\u0131cakl\u0131klar s\u0131f\u0131r\u0131n alt\u0131na d\u00fc\u015fecek. Kar kal\u0131nl\u0131\u011f\u0131 baz\u0131 b\u00f6lgelerde 10-20 cm\u2019ye ula\u015fabilir.<\/p>\n<p>3 \u015eubat Pazartesi (bug\u00fcn) itibariyle Sibirya k\u00f6kenli so\u011fuk hava dalgas\u0131n\u0131n etkisine girecek olan yurt genelinde\u00a05 \u015eubat \u00c7ar\u015famba ve 6 \u015eubat Per\u015fembe g\u00fcnleri kar ya\u011f\u0131\u015f\u0131 bekleniyor.<\/p>\n<p>\u00c7ar\u015famba g\u00fcn\u00fc 1-5 cm aral\u0131\u011f\u0131nda, Per\u015fembe g\u00fcn\u00fc ise 10-20 cm\u2019ye kadar kar ya\u011f\u0131\u015f\u0131 g\u00f6r\u00fclebilir. S\u0131cakl\u0131klar\u0131n h\u0131zla d\u00fc\u015fmesiyle birlikte buzlanma ve don olaylar\u0131 ya\u015fanabilece\u011fi tahmin ediliyor.<br \/>\nPER\u015eEMBE G\u00dcN\u00dc KAR YA\u011eI\u015eI YO\u011eUNLA\u015eAB\u0130L\u0130R<br \/>\n\u00c7ar\u015famba g\u00fcn\u00fcnden itibaren s\u0131cakl\u0131klar\u0131n 0\u00b0C\u2019nin alt\u0131na d\u00fc\u015fmesi bekleniyor.<br \/>\nMeteoroloji&#8217;nin de\u011ferlendirmelerine g\u00f6re:<\/p>\n<p>\u2022 \u00a0 \u00a0 \u00a0 \u00a0 \u00a05 \u015eubat \u00c7ar\u015famba: Kar ya\u011f\u0131\u015f\u0131 ba\u015flayabilir, s\u0131cakl\u0131k 0\u00b0C\u2019ye kadar d\u00fc\u015fecek. 1-3 cm kar ya\u011fabilir.<\/p>\n<p>\u2022 \u00a0 \u00a0 \u00a0 \u00a0 \u00a06 \u015eubat Per\u015fembe: S\u0131cakl\u0131klar s\u0131f\u0131r\u0131n alt\u0131nda seyredebilir. 10-20 cm kar \u00f6rt\u00fcs\u00fc olu\u015fabilir.<\/p>\n<p>\u2022 \u00a0 \u00a0 \u00a0 \u00a0 \u00a07 \u015eubat Cuma: S\u0131cakl\u0131klar 1-5 derece aras\u0131nda seyredebilir, buzlanma ve don riski artacak.<br \/>\nBuzlanma ve don olaylar\u0131na kar\u015f\u0131 vatanda\u015flar\u0131 uyaran Meteoroloji, \u00f6zellikle sabah ve gece saatlerinde sis, k\u0131ra\u011f\u0131 ve buzlanma riski artacak. Ula\u015f\u0131mda aksakl\u0131klar\u0131n ya\u015fanabilece\u011fi belirtilirken, yetkililer zorunlu olmad\u0131k\u00e7a \u00f6zel ara\u00e7 kullan\u0131lmamas\u0131n\u0131 \u00f6nerdi.\u00a0<\/p>\n<p>\u200bHaberin Al\u0131nt\u0131land\u0131\u011f\u0131 Kaynak: www.iskenderun.org<\/p>","protected":false},"excerpt":{"rendered":"<p>Bu itibar\u0131yla Sibirya k\u00f6kenli so\u011fuk hava dalgas\u0131n\u0131n etkisine giren T\u00fcrkiye genelinde, \u00c7ar\u015famba ve Per\u015fembe g\u00fcnleri yo\u011fun kar ya\u011f\u0131\u015f\u0131 beklenirken, s\u0131cakl\u0131klar s\u0131f\u0131r\u0131n alt\u0131na d\u00fc\u015fecek.ANKARA (\u0130GFA) &#8211; Yurdumuz bu hafta itibar\u0131yla Sibirya k\u00f6kenli so\u011fuk hava dalgas\u0131n\u0131n etkisine giriyor. \u00dclke genelinde \u00c7ar\u015famba ve Per\u015fembe g\u00fcnleri yo\u011fun kar ya\u011f\u0131\u015f\u0131 beklenirken, s\u0131cakl\u0131klar s\u0131f\u0131r\u0131n alt\u0131na d\u00fc\u015fecek. Kar kal\u0131nl\u0131\u011f\u0131 baz\u0131 b\u00f6lgelerde 10-20 cm\u2019ye ula\u015fabilir. 3 \u015eubat Pazartesi (bug\u00fcn) itibariyle Sibirya k\u00f6kenli so\u011fuk hava dalgas\u0131n\u0131n etkisine girecek olan yurt genelinde\u00a05 \u015eubat \u00c7ar\u015famba ve 6 \u015eubat Per\u015fembe g\u00fcnleri kar ya\u011f\u0131\u015f\u0131 bekleniyor. \u00c7ar\u015famba g\u00fcn\u00fc 1-5 cm aral\u0131\u011f\u0131nda, Per\u015fembe g\u00fcn\u00fc ise 10-20 cm\u2019ye kadar kar ya\u011f\u0131\u015f\u0131 g\u00f6r\u00fclebilir. S\u0131cakl\u0131klar\u0131n h\u0131zla d\u00fc\u015fmesiyle birlikte buzlanma ve don olaylar\u0131 ya\u015fanabilece\u011fi tahmin ediliyor. PER\u015eEMBE G\u00dcN\u00dc KAR YA\u011eI\u015eI YO\u011eUNLA\u015eAB\u0130L\u0130R \u00c7ar\u015famba g\u00fcn\u00fcnden itibaren s\u0131cakl\u0131klar\u0131n 0\u00b0C\u2019nin alt\u0131na d\u00fc\u015fmesi bekleniyor. Meteoroloji&#8217;nin de\u011ferlendirmelerine g\u00f6re: \u2022 \u00a0 \u00a0 \u00a0 \u00a0 \u00a05 \u015eubat \u00c7ar\u015famba: Kar ya\u011f\u0131\u015f\u0131 ba\u015flayabilir, s\u0131cakl\u0131k 0\u00b0C\u2019ye kadar d\u00fc\u015fecek. 1-3 cm kar ya\u011fabilir. \u2022 \u00a0 \u00a0 \u00a0 \u00a0 \u00a06 \u015eubat Per\u015fembe: S\u0131cakl\u0131klar s\u0131f\u0131r\u0131n alt\u0131nda seyredebilir. 10-20 cm kar \u00f6rt\u00fcs\u00fc olu\u015fabilir. \u2022 \u00a0 \u00a0 \u00a0 \u00a0 \u00a07 \u015eubat Cuma: S\u0131cakl\u0131klar 1-5 derece aras\u0131nda seyredebilir, buzlanma ve don riski artacak. Buzlanma ve don olaylar\u0131na kar\u015f\u0131 vatanda\u015flar\u0131 uyaran Meteoroloji, \u00f6zellikle sabah ve gece saatlerinde sis, k\u0131ra\u011f\u0131 ve buzlanma riski artacak. Ula\u015f\u0131mda aksakl\u0131klar\u0131n ya\u015fanabilece\u011fi belirtilirken, &hellip;<\/p>","protected":false},"author":1,"featured_media":0,"comment_status":"open","ping_status":"open","sticky":false,"template":"","format":"standard","meta":{"_acf_changed":false,"footnotes":""},"categories":[24],"tags":[],"class_list":["post-29727","post","type-post","status-publish","format-standard","has-post-thumbnail","hentry","category-gundem"],"acf":[],"yoast_head":"<!-- This site is optimized with the Yoast SEO Premium plugin v26.6 (Yoast SEO v27.1.1) - https:\/\/yoast.com\/product\/yoast-seo-premium-wordpress\/ -->\n<title>Sibirya so\u011fuklar\u0131 etkisini g\u00f6sterecek! Kar haftas\u0131! - Av. Deniz Can K\u0131z\u0131l<\/title>\n<meta name=\"robots\" content=\"index, follow, max-snippet:-1, max-image-preview:large, max-video-preview:-1\" \/>\n<link rel=\"canonical\" href=\"https:\/\/denizcankizil.tr\/de\/haberler\/gundem\/sibirya-soguklari-etkisini-gosterecek-kar-haftasi\/\" \/>\n<meta property=\"og:locale\" content=\"de_DE\" \/>\n<meta property=\"og:type\" content=\"article\" \/>\n<meta property=\"og:title\" content=\"Sibirya so\u011fuklar\u0131 etkisini g\u00f6sterecek! Kar haftas\u0131!\" \/>\n<meta property=\"og:description\" content=\"Bu itibar\u0131yla Sibirya k\u00f6kenli so\u011fuk hava dalgas\u0131n\u0131n etkisine giren T\u00fcrkiye genelinde, \u00c7ar\u015famba ve Per\u015fembe g\u00fcnleri yo\u011fun kar ya\u011f\u0131\u015f\u0131 beklenirken, s\u0131cakl\u0131klar s\u0131f\u0131r\u0131n alt\u0131na d\u00fc\u015fecek.ANKARA (\u0130GFA) &#8211; Yurdumuz bu hafta itibar\u0131yla Sibirya k\u00f6kenli so\u011fuk hava dalgas\u0131n\u0131n etkisine giriyor. \u00dclke genelinde \u00c7ar\u015famba ve Per\u015fembe g\u00fcnleri yo\u011fun kar ya\u011f\u0131\u015f\u0131 beklenirken, s\u0131cakl\u0131klar s\u0131f\u0131r\u0131n alt\u0131na d\u00fc\u015fecek. Kar kal\u0131nl\u0131\u011f\u0131 baz\u0131 b\u00f6lgelerde 10-20 cm\u2019ye ula\u015fabilir. 3 \u015eubat Pazartesi (bug\u00fcn) itibariyle Sibirya k\u00f6kenli so\u011fuk hava dalgas\u0131n\u0131n etkisine girecek olan yurt genelinde\u00a05 \u015eubat \u00c7ar\u015famba ve 6 \u015eubat Per\u015fembe g\u00fcnleri kar ya\u011f\u0131\u015f\u0131 bekleniyor. \u00c7ar\u015famba g\u00fcn\u00fc 1-5 cm aral\u0131\u011f\u0131nda, Per\u015fembe g\u00fcn\u00fc ise 10-20 cm\u2019ye kadar kar ya\u011f\u0131\u015f\u0131 g\u00f6r\u00fclebilir. S\u0131cakl\u0131klar\u0131n h\u0131zla d\u00fc\u015fmesiyle birlikte buzlanma ve don olaylar\u0131 ya\u015fanabilece\u011fi tahmin ediliyor. PER\u015eEMBE G\u00dcN\u00dc KAR YA\u011eI\u015eI YO\u011eUNLA\u015eAB\u0130L\u0130R \u00c7ar\u015famba g\u00fcn\u00fcnden itibaren s\u0131cakl\u0131klar\u0131n 0\u00b0C\u2019nin alt\u0131na d\u00fc\u015fmesi bekleniyor. Meteoroloji&#8217;nin de\u011ferlendirmelerine g\u00f6re: \u2022 \u00a0 \u00a0 \u00a0 \u00a0 \u00a05 \u015eubat \u00c7ar\u015famba: Kar ya\u011f\u0131\u015f\u0131 ba\u015flayabilir, s\u0131cakl\u0131k 0\u00b0C\u2019ye kadar d\u00fc\u015fecek. 1-3 cm kar ya\u011fabilir. \u2022 \u00a0 \u00a0 \u00a0 \u00a0 \u00a06 \u015eubat Per\u015fembe: S\u0131cakl\u0131klar s\u0131f\u0131r\u0131n alt\u0131nda seyredebilir. 10-20 cm kar \u00f6rt\u00fcs\u00fc olu\u015fabilir. \u2022 \u00a0 \u00a0 \u00a0 \u00a0 \u00a07 \u015eubat Cuma: S\u0131cakl\u0131klar 1-5 derece aras\u0131nda seyredebilir, buzlanma ve don riski artacak. Buzlanma ve don olaylar\u0131na kar\u015f\u0131 vatanda\u015flar\u0131 uyaran Meteoroloji, \u00f6zellikle sabah ve gece saatlerinde sis, k\u0131ra\u011f\u0131 ve buzlanma riski artacak. Ula\u015f\u0131mda aksakl\u0131klar\u0131n ya\u015fanabilece\u011fi belirtilirken, &hellip;\" \/>\n<meta property=\"og:url\" content=\"https:\/\/denizcankizil.tr\/de\/haberler\/gundem\/sibirya-soguklari-etkisini-gosterecek-kar-haftasi\/\" \/>\n<meta property=\"og:site_name\" content=\"Av. Deniz Can K\u0131z\u0131l\" \/>\n<meta property=\"article:published_time\" content=\"2025-02-03T06:41:26+00:00\" \/>\n<meta name=\"author\" content=\"admin\" \/>\n<meta name=\"twitter:card\" content=\"summary_large_image\" \/>\n<meta name=\"twitter:label1\" content=\"Verfasst von\" \/>\n\t<meta name=\"twitter:data1\" content=\"admin\" \/>\n\t<meta name=\"twitter:label2\" content=\"Gesch\u00e4tzte Lesezeit\" \/>\n\t<meta name=\"twitter:data2\" content=\"3\u00a0Minuten\" \/>\n<script type=\"application\/ld+json\" class=\"yoast-schema-graph\">{\"@context\":\"https:\/\/schema.org\",\"@graph\":[{\"@type\":\"Article\",\"@id\":\"https:\/\/denizcankizil.tr\/de\/haberler\/gundem\/sibirya-soguklari-etkisini-gosterecek-kar-haftasi\/#article\",\"isPartOf\":{\"@id\":\"https:\/\/denizcankizil.tr\/de\/haberler\/gundem\/sibirya-soguklari-etkisini-gosterecek-kar-haftasi\/\"},\"author\":{\"name\":\"admin\",\"@id\":\"https:\/\/denizcankizil.tr\/#\/schema\/person\/be3c05fe6a12686905512445d8185489\"},\"headline\":\"Sibirya so\u011fuklar\u0131 etkisini g\u00f6sterecek! Kar haftas\u0131!\",\"datePublished\":\"2025-02-03T06:41:26+00:00\",\"mainEntityOfPage\":{\"@id\":\"https:\/\/denizcankizil.tr\/de\/haberler\/gundem\/sibirya-soguklari-etkisini-gosterecek-kar-haftasi\/\"},\"wordCount\":614,\"commentCount\":0,\"publisher\":{\"@id\":\"https:\/\/denizcankizil.tr\/#organization\"},\"articleSection\":[\"G\u00fcndem\"],\"inLanguage\":\"de\",\"potentialAction\":[{\"@type\":\"CommentAction\",\"name\":\"Comment\",\"target\":[\"https:\/\/denizcankizil.tr\/de\/haberler\/gundem\/sibirya-soguklari-etkisini-gosterecek-kar-haftasi\/#respond\"]}]},{\"@type\":\"WebPage\",\"@id\":\"https:\/\/denizcankizil.tr\/de\/haberler\/gundem\/sibirya-soguklari-etkisini-gosterecek-kar-haftasi\/\",\"url\":\"https:\/\/denizcankizil.tr\/de\/haberler\/gundem\/sibirya-soguklari-etkisini-gosterecek-kar-haftasi\/\",\"name\":\"Sibirya so\u011fuklar\u0131 etkisini g\u00f6sterecek! Kar haftas\u0131! - Av. Deniz Can K\u0131z\u0131l\",\"isPartOf\":{\"@id\":\"https:\/\/denizcankizil.tr\/#website\"},\"datePublished\":\"2025-02-03T06:41:26+00:00\",\"breadcrumb\":{\"@id\":\"https:\/\/denizcankizil.tr\/de\/haberler\/gundem\/sibirya-soguklari-etkisini-gosterecek-kar-haftasi\/#breadcrumb\"},\"inLanguage\":\"de\",\"potentialAction\":[{\"@type\":\"ReadAction\",\"target\":[\"https:\/\/denizcankizil.tr\/de\/haberler\/gundem\/sibirya-soguklari-etkisini-gosterecek-kar-haftasi\/\"]}]},{\"@type\":\"BreadcrumbList\",\"@id\":\"https:\/\/denizcankizil.tr\/de\/haberler\/gundem\/sibirya-soguklari-etkisini-gosterecek-kar-haftasi\/#breadcrumb\",\"itemListElement\":[{\"@type\":\"ListItem\",\"position\":1,\"name\":\"Home\",\"item\":\"https:\/\/denizcankizil.tr\/uk\/\"},{\"@type\":\"ListItem\",\"position\":2,\"name\":\"Sibirya so\u011fuklar\u0131 etkisini g\u00f6sterecek! Kar haftas\u0131!\"}]},{\"@type\":\"WebSite\",\"@id\":\"https:\/\/denizcankizil.tr\/#website\",\"url\":\"https:\/\/denizcankizil.tr\/\",\"name\":\"Av. Deniz Can K\u0131z\u0131l\",\"description\":\"Avukat Deniz Can K\u0131z\u0131l Antalya Barosu\",\"publisher\":{\"@id\":\"https:\/\/denizcankizil.tr\/#organization\"},\"potentialAction\":[{\"@type\":\"SearchAction\",\"target\":{\"@type\":\"EntryPoint\",\"urlTemplate\":\"https:\/\/denizcankizil.tr\/?s={search_term_string}\"},\"query-input\":{\"@type\":\"PropertyValueSpecification\",\"valueRequired\":true,\"valueName\":\"search_term_string\"}}],\"inLanguage\":\"de\"},{\"@type\":\"Organization\",\"@id\":\"https:\/\/denizcankizil.tr\/#organization\",\"name\":\"Av. Deniz Can K\u0131z\u0131l\",\"url\":\"https:\/\/denizcankizil.tr\/\",\"logo\":{\"@type\":\"ImageObject\",\"inLanguage\":\"de\",\"@id\":\"https:\/\/denizcankizil.tr\/#\/schema\/logo\/image\/\",\"url\":\"https:\/\/denizcankizil.tr\/wp-content\/uploads\/2024\/10\/siyah-logo-svg.svg\",\"contentUrl\":\"https:\/\/denizcankizil.tr\/wp-content\/uploads\/2024\/10\/siyah-logo-svg.svg\",\"width\":1080,\"height\":1080,\"caption\":\"Av. Deniz Can K\u0131z\u0131l\"},\"image\":{\"@id\":\"https:\/\/denizcankizil.tr\/#\/schema\/logo\/image\/\"}},{\"@type\":\"Person\",\"@id\":\"https:\/\/denizcankizil.tr\/#\/schema\/person\/be3c05fe6a12686905512445d8185489\",\"name\":\"admin\",\"image\":{\"@type\":\"ImageObject\",\"inLanguage\":\"de\",\"@id\":\"https:\/\/denizcankizil.tr\/#\/schema\/person\/image\/\",\"url\":\"https:\/\/secure.gravatar.com\/avatar\/c1fce94c830dc79107e174f890d7210541c4a63e8e5d816341794a2151c9d58c?s=96&d=mm&r=g\",\"contentUrl\":\"https:\/\/secure.gravatar.com\/avatar\/c1fce94c830dc79107e174f890d7210541c4a63e8e5d816341794a2151c9d58c?s=96&d=mm&r=g\",\"caption\":\"admin\"},\"sameAs\":[\"http:\/\/denizcankizil.tr\"],\"url\":\"https:\/\/www.iskenderun.org\/sibirya-soguklari-etkisini-gosterecek-kar-haftasi\"}]}<\/script>\n<!-- \/ Yoast SEO Premium plugin. -->","yoast_head_json":{"title":"Sibirya so\u011fuklar\u0131 etkisini g\u00f6sterecek! Kar haftas\u0131! - Av. Deniz Can K\u0131z\u0131l","robots":{"index":"index","follow":"follow","max-snippet":"max-snippet:-1","max-image-preview":"max-image-preview:large","max-video-preview":"max-video-preview:-1"},"canonical":"https:\/\/denizcankizil.tr\/de\/haberler\/gundem\/sibirya-soguklari-etkisini-gosterecek-kar-haftasi\/","og_locale":"de_DE","og_type":"article","og_title":"Sibirya so\u011fuklar\u0131 etkisini g\u00f6sterecek! Kar haftas\u0131!","og_description":"Bu itibar\u0131yla Sibirya k\u00f6kenli so\u011fuk hava dalgas\u0131n\u0131n etkisine giren T\u00fcrkiye genelinde, \u00c7ar\u015famba ve Per\u015fembe g\u00fcnleri yo\u011fun kar ya\u011f\u0131\u015f\u0131 beklenirken, s\u0131cakl\u0131klar s\u0131f\u0131r\u0131n alt\u0131na d\u00fc\u015fecek.ANKARA (\u0130GFA) &#8211; Yurdumuz bu hafta itibar\u0131yla Sibirya k\u00f6kenli so\u011fuk hava dalgas\u0131n\u0131n etkisine giriyor. \u00dclke genelinde \u00c7ar\u015famba ve Per\u015fembe g\u00fcnleri yo\u011fun kar ya\u011f\u0131\u015f\u0131 beklenirken, s\u0131cakl\u0131klar s\u0131f\u0131r\u0131n alt\u0131na d\u00fc\u015fecek. Kar kal\u0131nl\u0131\u011f\u0131 baz\u0131 b\u00f6lgelerde 10-20 cm\u2019ye ula\u015fabilir. 3 \u015eubat Pazartesi (bug\u00fcn) itibariyle Sibirya k\u00f6kenli so\u011fuk hava dalgas\u0131n\u0131n etkisine girecek olan yurt genelinde\u00a05 \u015eubat \u00c7ar\u015famba ve 6 \u015eubat Per\u015fembe g\u00fcnleri kar ya\u011f\u0131\u015f\u0131 bekleniyor. \u00c7ar\u015famba g\u00fcn\u00fc 1-5 cm aral\u0131\u011f\u0131nda, Per\u015fembe g\u00fcn\u00fc ise 10-20 cm\u2019ye kadar kar ya\u011f\u0131\u015f\u0131 g\u00f6r\u00fclebilir. S\u0131cakl\u0131klar\u0131n h\u0131zla d\u00fc\u015fmesiyle birlikte buzlanma ve don olaylar\u0131 ya\u015fanabilece\u011fi tahmin ediliyor. PER\u015eEMBE G\u00dcN\u00dc KAR YA\u011eI\u015eI YO\u011eUNLA\u015eAB\u0130L\u0130R \u00c7ar\u015famba g\u00fcn\u00fcnden itibaren s\u0131cakl\u0131klar\u0131n 0\u00b0C\u2019nin alt\u0131na d\u00fc\u015fmesi bekleniyor. Meteoroloji&#8217;nin de\u011ferlendirmelerine g\u00f6re: \u2022 \u00a0 \u00a0 \u00a0 \u00a0 \u00a05 \u015eubat \u00c7ar\u015famba: Kar ya\u011f\u0131\u015f\u0131 ba\u015flayabilir, s\u0131cakl\u0131k 0\u00b0C\u2019ye kadar d\u00fc\u015fecek. 1-3 cm kar ya\u011fabilir. \u2022 \u00a0 \u00a0 \u00a0 \u00a0 \u00a06 \u015eubat Per\u015fembe: S\u0131cakl\u0131klar s\u0131f\u0131r\u0131n alt\u0131nda seyredebilir. 10-20 cm kar \u00f6rt\u00fcs\u00fc olu\u015fabilir. \u2022 \u00a0 \u00a0 \u00a0 \u00a0 \u00a07 \u015eubat Cuma: S\u0131cakl\u0131klar 1-5 derece aras\u0131nda seyredebilir, buzlanma ve don riski artacak. Buzlanma ve don olaylar\u0131na kar\u015f\u0131 vatanda\u015flar\u0131 uyaran Meteoroloji, \u00f6zellikle sabah ve gece saatlerinde sis, k\u0131ra\u011f\u0131 ve buzlanma riski artacak. Ula\u015f\u0131mda aksakl\u0131klar\u0131n ya\u015fanabilece\u011fi belirtilirken, &hellip;","og_url":"https:\/\/denizcankizil.tr\/de\/haberler\/gundem\/sibirya-soguklari-etkisini-gosterecek-kar-haftasi\/","og_site_name":"Av. Deniz Can K\u0131z\u0131l","article_published_time":"2025-02-03T06:41:26+00:00","author":"admin","twitter_card":"summary_large_image","twitter_misc":{"Verfasst von":"admin","Gesch\u00e4tzte Lesezeit":"3\u00a0Minuten"},"schema":{"@context":"https:\/\/schema.org","@graph":[{"@type":"Article","@id":"https:\/\/denizcankizil.tr\/de\/haberler\/gundem\/sibirya-soguklari-etkisini-gosterecek-kar-haftasi\/#article","isPartOf":{"@id":"https:\/\/denizcankizil.tr\/de\/haberler\/gundem\/sibirya-soguklari-etkisini-gosterecek-kar-haftasi\/"},"author":{"name":"admin","@id":"https:\/\/denizcankizil.tr\/#\/schema\/person\/be3c05fe6a12686905512445d8185489"},"headline":"Sibirya so\u011fuklar\u0131 etkisini g\u00f6sterecek! Kar haftas\u0131!","datePublished":"2025-02-03T06:41:26+00:00","mainEntityOfPage":{"@id":"https:\/\/denizcankizil.tr\/de\/haberler\/gundem\/sibirya-soguklari-etkisini-gosterecek-kar-haftasi\/"},"wordCount":614,"commentCount":0,"publisher":{"@id":"https:\/\/denizcankizil.tr\/#organization"},"articleSection":["G\u00fcndem"],"inLanguage":"de","potentialAction":[{"@type":"CommentAction","name":"Comment","target":["https:\/\/denizcankizil.tr\/de\/haberler\/gundem\/sibirya-soguklari-etkisini-gosterecek-kar-haftasi\/#respond"]}]},{"@type":"WebPage","@id":"https:\/\/denizcankizil.tr\/de\/haberler\/gundem\/sibirya-soguklari-etkisini-gosterecek-kar-haftasi\/","url":"https:\/\/denizcankizil.tr\/de\/haberler\/gundem\/sibirya-soguklari-etkisini-gosterecek-kar-haftasi\/","name":"Sibirya so\u011fuklar\u0131 etkisini g\u00f6sterecek! Kar haftas\u0131! - Av. Deniz Can K\u0131z\u0131l","isPartOf":{"@id":"https:\/\/denizcankizil.tr\/#website"},"datePublished":"2025-02-03T06:41:26+00:00","breadcrumb":{"@id":"https:\/\/denizcankizil.tr\/de\/haberler\/gundem\/sibirya-soguklari-etkisini-gosterecek-kar-haftasi\/#breadcrumb"},"inLanguage":"de","potentialAction":[{"@type":"ReadAction","target":["https:\/\/denizcankizil.tr\/de\/haberler\/gundem\/sibirya-soguklari-etkisini-gosterecek-kar-haftasi\/"]}]},{"@type":"BreadcrumbList","@id":"https:\/\/denizcankizil.tr\/de\/haberler\/gundem\/sibirya-soguklari-etkisini-gosterecek-kar-haftasi\/#breadcrumb","itemListElement":[{"@type":"ListItem","position":1,"name":"Home","item":"https:\/\/denizcankizil.tr\/uk\/"},{"@type":"ListItem","position":2,"name":"Sibirya so\u011fuklar\u0131 etkisini g\u00f6sterecek! Kar haftas\u0131!"}]},{"@type":"WebSite","@id":"https:\/\/denizcankizil.tr\/#website","url":"https:\/\/denizcankizil.tr\/","name":"Av. Deniz Can K\u0131z\u0131l","description":"Avukat Deniz Can K\u0131z\u0131l Antalya Barosu","publisher":{"@id":"https:\/\/denizcankizil.tr\/#organization"},"potentialAction":[{"@type":"SearchAction","target":{"@type":"EntryPoint","urlTemplate":"https:\/\/denizcankizil.tr\/?s={search_term_string}"},"query-input":{"@type":"PropertyValueSpecification","valueRequired":true,"valueName":"search_term_string"}}],"inLanguage":"de"},{"@type":"Organization","@id":"https:\/\/denizcankizil.tr\/#organization","name":"Av. Deniz Can K\u0131z\u0131l","url":"https:\/\/denizcankizil.tr\/","logo":{"@type":"ImageObject","inLanguage":"de","@id":"https:\/\/denizcankizil.tr\/#\/schema\/logo\/image\/","url":"https:\/\/denizcankizil.tr\/wp-content\/uploads\/2024\/10\/siyah-logo-svg.svg","contentUrl":"https:\/\/denizcankizil.tr\/wp-content\/uploads\/2024\/10\/siyah-logo-svg.svg","width":1080,"height":1080,"caption":"Av. Deniz Can K\u0131z\u0131l"},"image":{"@id":"https:\/\/denizcankizil.tr\/#\/schema\/logo\/image\/"}},{"@type":"Person","@id":"https:\/\/denizcankizil.tr\/#\/schema\/person\/be3c05fe6a12686905512445d8185489","name":"Administrator","image":{"@type":"ImageObject","inLanguage":"de","@id":"https:\/\/denizcankizil.tr\/#\/schema\/person\/image\/","url":"https:\/\/secure.gravatar.com\/avatar\/c1fce94c830dc79107e174f890d7210541c4a63e8e5d816341794a2151c9d58c?s=96&d=mm&r=g","contentUrl":"https:\/\/secure.gravatar.com\/avatar\/c1fce94c830dc79107e174f890d7210541c4a63e8e5d816341794a2151c9d58c?s=96&d=mm&r=g","caption":"admin"},"sameAs":["http:\/\/denizcankizil.tr"],"url":"https:\/\/www.iskenderun.org\/sibirya-soguklari-etkisini-gosterecek-kar-haftasi"}]}},"_links":{"self":[{"href":"https:\/\/denizcankizil.tr\/de\/wp-json\/wp\/v2\/posts\/29727","targetHints":{"allow":["GET"]}}],"collection":[{"href":"https:\/\/denizcankizil.tr\/de\/wp-json\/wp\/v2\/posts"}],"about":[{"href":"https:\/\/denizcankizil.tr\/de\/wp-json\/wp\/v2\/types\/post"}],"author":[{"embeddable":true,"href":"https:\/\/denizcankizil.tr\/de\/wp-json\/wp\/v2\/users\/1"}],"replies":[{"embeddable":true,"href":"https:\/\/denizcankizil.tr\/de\/wp-json\/wp\/v2\/comments?post=29727"}],"version-history":[{"count":0,"href":"https:\/\/denizcankizil.tr\/de\/wp-json\/wp\/v2\/posts\/29727\/revisions"}],"wp:attachment":[{"href":"https:\/\/denizcankizil.tr\/de\/wp-json\/wp\/v2\/media?parent=29727"}],"wp:term":[{"taxonomy":"category","embeddable":true,"href":"https:\/\/denizcankizil.tr\/de\/wp-json\/wp\/v2\/categories?post=29727"},{"taxonomy":"post_tag","embeddable":true,"href":"https:\/\/denizcankizil.tr\/de\/wp-json\/wp\/v2\/tags?post=29727"}],"curies":[{"name":"wp","href":"https:\/\/api.w.org\/{rel}","templated":true}]}}