{"id":28740,"date":"2025-01-30T15:41:42","date_gmt":"2025-01-30T12:41:42","guid":{"rendered":"https:\/\/denizcankizil.tr\/uncategorized-tr\/dosiad-olaganustu-genel-kurula-gitti\/"},"modified":"2025-01-30T15:41:42","modified_gmt":"2025-01-30T12:41:42","slug":"dosiad-olaganustu-genel-kurula-gitti","status":"publish","type":"post","link":"https:\/\/denizcankizil.tr\/de\/haberler\/gundem\/dosiad-olaganustu-genel-kurula-gitti\/","title":{"rendered":"D\u00d6S\u0130AD Ola\u011fan\u00fcst\u00fc Genel Kurul\u2019a gitti"},"content":{"rendered":"<p>D\u00f6\u015femealt\u0131 Sanayici ve \u0130\u015f \u0130nsanlar\u0131 Derne\u011fi (D\u00d6S\u0130AD), Ola\u011fan\u00fcst\u00fc Genel Kurul Toplant\u0131s\u0131 dernek binas\u0131nda ger\u00e7ekle\u015fti. Divan Ba\u015fkanl\u0131\u011f\u0131n\u0131 Melih Dipova\u2019n\u0131n yapt\u0131\u011f\u0131 genel kurulda se\u00e7ime tek listeyle gidildi. Se\u00e7imden \u00f6nce konu\u015fan mevcut ba\u015fkan G\u00fcltekin Gencer, derne\u011fin geride kalan 15 y\u0131lda yapt\u0131klar\u0131ndan bahsetti. Gencer, derne\u011fin bu s\u00fcre zarf\u0131nda yapt\u0131\u011f\u0131 \u00e7al\u0131\u015fmalar\u0131n \u00f6nemini vurgularken, gelecekte de benzer ba\u015far\u0131lar elde edilece\u011fini ifade etti.\u00a0<\/p>\n<p>ANTALYA \u0130LE D\u00dcNYA ARASINDA BA\u011e KURUYORUZ\u00a0<\/p>\n<p>G\u00fcltekin Gencer, D\u00f6\u015femealt\u0131\u2019n\u0131n yeni bir cazibe merkezi oldu\u011funu, s\u0131n\u0131rlar\u0131 i\u00e7erisindeki organize sanayi b\u00f6lgesi, \u00fcniversiteler ve okullar ile Antalya ticaretinin kalbi durumuna geldi\u011fini s\u00f6yledi. Gencer, &#8220;B\u00f6lgenin ekonomik, sosyal ve k\u00fclt\u00fcrel kalk\u0131nmas\u0131nda D\u00d6S\u0130AD\u2019\u0131n sorumlulu\u011fu olduk\u00e7a fazla. Bizler sadece il\u00e7emizin de\u011fil, kentimizin ve \u00fclkemizin kalk\u0131nmas\u0131 i\u00e7in \u00e7aba g\u00f6steriyoruz. \u00a0Geride kalan s\u00fcrede bir \u00e7ok \u00fclkede i\u015fbirli\u011fi forumu d\u00fczenledik. Antalya ile d\u00fcnya aras\u0131nda ba\u011f kurduk. \u0130\u015fbirliklerimiz ve projelerimiz yeni d\u00f6nemde de devam edecek\u201d dedi.\u00a0<\/p>\n<p>\u0130\u015eTE D\u00d6S\u0130AD YEN\u0130 Y\u00d6NET\u0130M KURULU\u00a0<\/p>\n<p>Tek listenin oyland\u0131\u011f\u0131 se\u00e7imin ard\u0131ndan g\u00f6reve gelen D\u00d6S\u0130AD y\u00f6netim kurulunun 10 \u015eubat\u2019ta yap\u0131lacak ilk toplant\u0131da g\u00f6rev da\u011f\u0131l\u0131m\u0131 yapacak. Ola\u011fan\u00fcst\u00fc Genel Kurul sonras\u0131 yeni y\u00f6netim \u015fu isimlerden olu\u015ftu: G\u00fcltekin Gencer, Ali Y\u0131lmaz, Ayd\u0131n Ceylan, Berdan Ber, Cesur Burak Akar, Deniz Altun, Erdal Ba\u015faran, Fatma Atik, Hakan \u00c7etin, \u0130smail Karaman, Kadir Sar\u0131, Kadir Say\u0131n, Kaz\u0131m Erdo\u011fan, Mahmut G\u00fcng\u00f6r, Mert Berbero\u011flu, Muammer G\u00f6ko\u011flu, Mustafa \u00c7akal, Okan Alanyal\u0131, Osman Uysal, Osman Yi\u011fit, Ramazan Keskin.<\/p>\n<p>\u00a0<\/p>\n<p>\u200bD\u00d6S\u0130AD, Ola\u011fan\u00fcst\u00fc Genel Kurul Toplant\u0131s\u0131 tek listeyle dernek binas\u0131nda yap\u0131ld\u0131. Yeni y\u00f6netim, 10 \u015eubat\u2019taki ilk toplant\u0131da g\u00f6rev da\u011f\u0131l\u0131m\u0131 yapacak. Genel Kurulda konu\u015fan mevcut ba\u015fkan G\u00fcltekin Gencer, derne\u011fin geride kalan 15 y\u0131lda yapt\u0131klar\u0131ndan bahsetti.\u00a0<\/p>\n<p>\u200bHaberin Al\u0131nt\u0131land\u0131\u011f\u0131 Kaynak: www.antalyakorfez.com<\/p>","protected":false},"excerpt":{"rendered":"<p>D\u00f6\u015femealt\u0131 Sanayici ve \u0130\u015f \u0130nsanlar\u0131 Derne\u011fi (D\u00d6S\u0130AD), Ola\u011fan\u00fcst\u00fc Genel Kurul Toplant\u0131s\u0131 dernek binas\u0131nda ger\u00e7ekle\u015fti. Divan Ba\u015fkanl\u0131\u011f\u0131n\u0131 Melih Dipova\u2019n\u0131n yapt\u0131\u011f\u0131 genel kurulda se\u00e7ime tek listeyle gidildi. Se\u00e7imden \u00f6nce konu\u015fan mevcut ba\u015fkan G\u00fcltekin Gencer, derne\u011fin geride kalan 15 y\u0131lda yapt\u0131klar\u0131ndan bahsetti. Gencer, derne\u011fin bu s\u00fcre zarf\u0131nda yapt\u0131\u011f\u0131 \u00e7al\u0131\u015fmalar\u0131n \u00f6nemini vurgularken, gelecekte de benzer ba\u015far\u0131lar elde edilece\u011fini ifade etti.\u00a0 ANTALYA \u0130LE D\u00dcNYA ARASINDA BA\u011e KURUYORUZ\u00a0 G\u00fcltekin Gencer, D\u00f6\u015femealt\u0131\u2019n\u0131n yeni bir cazibe merkezi oldu\u011funu, s\u0131n\u0131rlar\u0131 i\u00e7erisindeki organize sanayi b\u00f6lgesi, \u00fcniversiteler ve okullar ile Antalya ticaretinin kalbi durumuna geldi\u011fini s\u00f6yledi. Gencer, &#8220;B\u00f6lgenin ekonomik, sosyal ve k\u00fclt\u00fcrel kalk\u0131nmas\u0131nda D\u00d6S\u0130AD\u2019\u0131n sorumlulu\u011fu olduk\u00e7a fazla. Bizler sadece il\u00e7emizin de\u011fil, kentimizin ve \u00fclkemizin kalk\u0131nmas\u0131 i\u00e7in \u00e7aba g\u00f6steriyoruz. \u00a0Geride kalan s\u00fcrede bir \u00e7ok \u00fclkede i\u015fbirli\u011fi forumu d\u00fczenledik. Antalya ile d\u00fcnya aras\u0131nda ba\u011f kurduk. \u0130\u015fbirliklerimiz ve projelerimiz yeni d\u00f6nemde de devam edecek\u201d dedi.\u00a0 \u0130\u015eTE D\u00d6S\u0130AD YEN\u0130 Y\u00d6NET\u0130M KURULU\u00a0 Tek listenin oyland\u0131\u011f\u0131 se\u00e7imin ard\u0131ndan g\u00f6reve gelen D\u00d6S\u0130AD y\u00f6netim kurulunun 10 \u015eubat\u2019ta yap\u0131lacak ilk toplant\u0131da g\u00f6rev da\u011f\u0131l\u0131m\u0131 yapacak. Ola\u011fan\u00fcst\u00fc Genel Kurul sonras\u0131 yeni y\u00f6netim \u015fu isimlerden olu\u015ftu: G\u00fcltekin Gencer, Ali Y\u0131lmaz, Ayd\u0131n Ceylan, Berdan Ber, Cesur Burak Akar, Deniz Altun, Erdal Ba\u015faran, Fatma Atik, Hakan \u00c7etin, \u0130smail Karaman, Kadir Sar\u0131, Kadir Say\u0131n, Kaz\u0131m Erdo\u011fan, Mahmut G\u00fcng\u00f6r, Mert Berbero\u011flu, Muammer G\u00f6ko\u011flu, Mustafa \u00c7akal, Okan Alanyal\u0131, &hellip;<\/p>","protected":false},"author":5,"featured_media":0,"comment_status":"open","ping_status":"open","sticky":false,"template":"","format":"standard","meta":{"_acf_changed":false,"footnotes":""},"categories":[24],"tags":[],"class_list":["post-28740","post","type-post","status-publish","format-standard","has-post-thumbnail","hentry","category-gundem"],"acf":[],"yoast_head":"<!-- This site is optimized with the Yoast SEO Premium plugin v26.6 (Yoast SEO v27.1.1) - https:\/\/yoast.com\/product\/yoast-seo-premium-wordpress\/ -->\n<title>D\u00d6S\u0130AD Ola\u011fan\u00fcst\u00fc Genel Kurul\u2019a gitti - Av. Deniz Can K\u0131z\u0131l<\/title>\n<meta name=\"robots\" content=\"index, follow, max-snippet:-1, max-image-preview:large, max-video-preview:-1\" \/>\n<link rel=\"canonical\" href=\"https:\/\/denizcankizil.tr\/de\/haberler\/gundem\/dosiad-olaganustu-genel-kurula-gitti\/\" \/>\n<meta property=\"og:locale\" content=\"de_DE\" \/>\n<meta property=\"og:type\" content=\"article\" \/>\n<meta property=\"og:title\" content=\"D\u00d6S\u0130AD Ola\u011fan\u00fcst\u00fc Genel Kurul\u2019a gitti\" \/>\n<meta property=\"og:description\" content=\"D\u00f6\u015femealt\u0131 Sanayici ve \u0130\u015f \u0130nsanlar\u0131 Derne\u011fi (D\u00d6S\u0130AD), Ola\u011fan\u00fcst\u00fc Genel Kurul Toplant\u0131s\u0131 dernek binas\u0131nda ger\u00e7ekle\u015fti. Divan Ba\u015fkanl\u0131\u011f\u0131n\u0131 Melih Dipova\u2019n\u0131n yapt\u0131\u011f\u0131 genel kurulda se\u00e7ime tek listeyle gidildi. Se\u00e7imden \u00f6nce konu\u015fan mevcut ba\u015fkan G\u00fcltekin Gencer, derne\u011fin geride kalan 15 y\u0131lda yapt\u0131klar\u0131ndan bahsetti. Gencer, derne\u011fin bu s\u00fcre zarf\u0131nda yapt\u0131\u011f\u0131 \u00e7al\u0131\u015fmalar\u0131n \u00f6nemini vurgularken, gelecekte de benzer ba\u015far\u0131lar elde edilece\u011fini ifade etti.\u00a0 ANTALYA \u0130LE D\u00dcNYA ARASINDA BA\u011e KURUYORUZ\u00a0 G\u00fcltekin Gencer, D\u00f6\u015femealt\u0131\u2019n\u0131n yeni bir cazibe merkezi oldu\u011funu, s\u0131n\u0131rlar\u0131 i\u00e7erisindeki organize sanayi b\u00f6lgesi, \u00fcniversiteler ve okullar ile Antalya ticaretinin kalbi durumuna geldi\u011fini s\u00f6yledi. Gencer, &#8220;B\u00f6lgenin ekonomik, sosyal ve k\u00fclt\u00fcrel kalk\u0131nmas\u0131nda D\u00d6S\u0130AD\u2019\u0131n sorumlulu\u011fu olduk\u00e7a fazla. Bizler sadece il\u00e7emizin de\u011fil, kentimizin ve \u00fclkemizin kalk\u0131nmas\u0131 i\u00e7in \u00e7aba g\u00f6steriyoruz. \u00a0Geride kalan s\u00fcrede bir \u00e7ok \u00fclkede i\u015fbirli\u011fi forumu d\u00fczenledik. Antalya ile d\u00fcnya aras\u0131nda ba\u011f kurduk. \u0130\u015fbirliklerimiz ve projelerimiz yeni d\u00f6nemde de devam edecek\u201d dedi.\u00a0 \u0130\u015eTE D\u00d6S\u0130AD YEN\u0130 Y\u00d6NET\u0130M KURULU\u00a0 Tek listenin oyland\u0131\u011f\u0131 se\u00e7imin ard\u0131ndan g\u00f6reve gelen D\u00d6S\u0130AD y\u00f6netim kurulunun 10 \u015eubat\u2019ta yap\u0131lacak ilk toplant\u0131da g\u00f6rev da\u011f\u0131l\u0131m\u0131 yapacak. Ola\u011fan\u00fcst\u00fc Genel Kurul sonras\u0131 yeni y\u00f6netim \u015fu isimlerden olu\u015ftu: G\u00fcltekin Gencer, Ali Y\u0131lmaz, Ayd\u0131n Ceylan, Berdan Ber, Cesur Burak Akar, Deniz Altun, Erdal Ba\u015faran, Fatma Atik, Hakan \u00c7etin, \u0130smail Karaman, Kadir Sar\u0131, Kadir Say\u0131n, Kaz\u0131m Erdo\u011fan, Mahmut G\u00fcng\u00f6r, Mert Berbero\u011flu, Muammer G\u00f6ko\u011flu, Mustafa \u00c7akal, Okan Alanyal\u0131, &hellip;\" \/>\n<meta property=\"og:url\" content=\"https:\/\/denizcankizil.tr\/de\/haberler\/gundem\/dosiad-olaganustu-genel-kurula-gitti\/\" \/>\n<meta property=\"og:site_name\" content=\"Av. Deniz Can K\u0131z\u0131l\" \/>\n<meta property=\"article:published_time\" content=\"2025-01-30T12:41:42+00:00\" \/>\n<meta name=\"author\" content=\"Antalya K\u00f6rfez\" \/>\n<meta name=\"twitter:card\" content=\"summary_large_image\" \/>\n<meta name=\"twitter:label1\" content=\"Verfasst von\" \/>\n\t<meta name=\"twitter:data1\" content=\"Antalya K\u00f6rfez\" \/>\n\t<meta name=\"twitter:label2\" content=\"Gesch\u00e4tzte Lesezeit\" \/>\n\t<meta name=\"twitter:data2\" content=\"2\u00a0Minuten\" \/>\n<script type=\"application\/ld+json\" class=\"yoast-schema-graph\">{\"@context\":\"https:\/\/schema.org\",\"@graph\":[{\"@type\":\"Article\",\"@id\":\"https:\/\/denizcankizil.tr\/de\/haberler\/gundem\/dosiad-olaganustu-genel-kurula-gitti\/#article\",\"isPartOf\":{\"@id\":\"https:\/\/denizcankizil.tr\/de\/haberler\/gundem\/dosiad-olaganustu-genel-kurula-gitti\/\"},\"author\":{\"name\":\"Antalya K\u00f6rfez\",\"@id\":\"https:\/\/denizcankizil.tr\/de\/#\/schema\/person\/e1eb71bb4dd684d46563f0af307e1234\"},\"headline\":\"D\u00d6S\u0130AD Ola\u011fan\u00fcst\u00fc Genel Kurul\u2019a gitti\",\"datePublished\":\"2025-01-30T12:41:42+00:00\",\"mainEntityOfPage\":{\"@id\":\"https:\/\/denizcankizil.tr\/de\/haberler\/gundem\/dosiad-olaganustu-genel-kurula-gitti\/\"},\"wordCount\":370,\"commentCount\":0,\"publisher\":{\"@id\":\"https:\/\/denizcankizil.tr\/de\/#organization\"},\"articleSection\":[\"G\u00fcndem\"],\"inLanguage\":\"de\",\"potentialAction\":[{\"@type\":\"CommentAction\",\"name\":\"Comment\",\"target\":[\"https:\/\/denizcankizil.tr\/de\/haberler\/gundem\/dosiad-olaganustu-genel-kurula-gitti\/#respond\"]}]},{\"@type\":\"WebPage\",\"@id\":\"https:\/\/denizcankizil.tr\/de\/haberler\/gundem\/dosiad-olaganustu-genel-kurula-gitti\/\",\"url\":\"https:\/\/denizcankizil.tr\/de\/haberler\/gundem\/dosiad-olaganustu-genel-kurula-gitti\/\",\"name\":\"D\u00d6S\u0130AD Ola\u011fan\u00fcst\u00fc Genel Kurul\u2019a gitti - Av. Deniz Can K\u0131z\u0131l\",\"isPartOf\":{\"@id\":\"https:\/\/denizcankizil.tr\/de\/#website\"},\"datePublished\":\"2025-01-30T12:41:42+00:00\",\"breadcrumb\":{\"@id\":\"https:\/\/denizcankizil.tr\/de\/haberler\/gundem\/dosiad-olaganustu-genel-kurula-gitti\/#breadcrumb\"},\"inLanguage\":\"de\",\"potentialAction\":[{\"@type\":\"ReadAction\",\"target\":[\"https:\/\/denizcankizil.tr\/de\/haberler\/gundem\/dosiad-olaganustu-genel-kurula-gitti\/\"]}]},{\"@type\":\"BreadcrumbList\",\"@id\":\"https:\/\/denizcankizil.tr\/de\/haberler\/gundem\/dosiad-olaganustu-genel-kurula-gitti\/#breadcrumb\",\"itemListElement\":[{\"@type\":\"ListItem\",\"position\":1,\"name\":\"Home\",\"item\":\"https:\/\/denizcankizil.tr\/de\/\"},{\"@type\":\"ListItem\",\"position\":2,\"name\":\"D\u00d6S\u0130AD Ola\u011fan\u00fcst\u00fc Genel Kurul\u2019a gitti\"}]},{\"@type\":\"WebSite\",\"@id\":\"https:\/\/denizcankizil.tr\/de\/#website\",\"url\":\"https:\/\/denizcankizil.tr\/de\/\",\"name\":\"Av. Deniz Can K\u0131z\u0131l\",\"description\":\"Avukat Deniz Can K\u0131z\u0131l Antalya Barosu\",\"publisher\":{\"@id\":\"https:\/\/denizcankizil.tr\/de\/#organization\"},\"potentialAction\":[{\"@type\":\"SearchAction\",\"target\":{\"@type\":\"EntryPoint\",\"urlTemplate\":\"https:\/\/denizcankizil.tr\/de\/?s={search_term_string}\"},\"query-input\":{\"@type\":\"PropertyValueSpecification\",\"valueRequired\":true,\"valueName\":\"search_term_string\"}}],\"inLanguage\":\"de\"},{\"@type\":\"Organization\",\"@id\":\"https:\/\/denizcankizil.tr\/de\/#organization\",\"name\":\"Av. Deniz Can K\u0131z\u0131l\",\"url\":\"https:\/\/denizcankizil.tr\/de\/\",\"logo\":{\"@type\":\"ImageObject\",\"inLanguage\":\"de\",\"@id\":\"https:\/\/denizcankizil.tr\/de\/#\/schema\/logo\/image\/\",\"url\":\"https:\/\/denizcankizil.tr\/wp-content\/uploads\/2024\/10\/siyah-logo-svg.svg\",\"contentUrl\":\"https:\/\/denizcankizil.tr\/wp-content\/uploads\/2024\/10\/siyah-logo-svg.svg\",\"width\":1080,\"height\":1080,\"caption\":\"Av. Deniz Can K\u0131z\u0131l\"},\"image\":{\"@id\":\"https:\/\/denizcankizil.tr\/de\/#\/schema\/logo\/image\/\"}},{\"@type\":\"Person\",\"@id\":\"https:\/\/denizcankizil.tr\/de\/#\/schema\/person\/e1eb71bb4dd684d46563f0af307e1234\",\"name\":\"Antalya K\u00f6rfez\",\"image\":{\"@type\":\"ImageObject\",\"inLanguage\":\"de\",\"@id\":\"https:\/\/denizcankizil.tr\/de\/#\/schema\/person\/image\/\",\"url\":\"https:\/\/secure.gravatar.com\/avatar\/42b01982558a48a0b501fdcab6a408d3717ea5919095ee2e67b0e521799c5905?s=96&d=mm&r=g\",\"contentUrl\":\"https:\/\/secure.gravatar.com\/avatar\/42b01982558a48a0b501fdcab6a408d3717ea5919095ee2e67b0e521799c5905?s=96&d=mm&r=g\",\"caption\":\"Antalya K\u00f6rfez\"},\"sameAs\":[\"http:\/\/www.antalyakorfez.com\"],\"url\":\"https:\/\/www.antalyakorfez.com\/dosiad-olaganustu-genel-kurula-gitti\"}]}<\/script>\n<!-- \/ Yoast SEO Premium plugin. -->","yoast_head_json":{"title":"D\u00d6S\u0130AD Ola\u011fan\u00fcst\u00fc Genel Kurul\u2019a gitti - Av. Deniz Can K\u0131z\u0131l","robots":{"index":"index","follow":"follow","max-snippet":"max-snippet:-1","max-image-preview":"max-image-preview:large","max-video-preview":"max-video-preview:-1"},"canonical":"https:\/\/denizcankizil.tr\/de\/haberler\/gundem\/dosiad-olaganustu-genel-kurula-gitti\/","og_locale":"de_DE","og_type":"article","og_title":"D\u00d6S\u0130AD Ola\u011fan\u00fcst\u00fc Genel Kurul\u2019a gitti","og_description":"D\u00f6\u015femealt\u0131 Sanayici ve \u0130\u015f \u0130nsanlar\u0131 Derne\u011fi (D\u00d6S\u0130AD), Ola\u011fan\u00fcst\u00fc Genel Kurul Toplant\u0131s\u0131 dernek binas\u0131nda ger\u00e7ekle\u015fti. Divan Ba\u015fkanl\u0131\u011f\u0131n\u0131 Melih Dipova\u2019n\u0131n yapt\u0131\u011f\u0131 genel kurulda se\u00e7ime tek listeyle gidildi. Se\u00e7imden \u00f6nce konu\u015fan mevcut ba\u015fkan G\u00fcltekin Gencer, derne\u011fin geride kalan 15 y\u0131lda yapt\u0131klar\u0131ndan bahsetti. Gencer, derne\u011fin bu s\u00fcre zarf\u0131nda yapt\u0131\u011f\u0131 \u00e7al\u0131\u015fmalar\u0131n \u00f6nemini vurgularken, gelecekte de benzer ba\u015far\u0131lar elde edilece\u011fini ifade etti.\u00a0 ANTALYA \u0130LE D\u00dcNYA ARASINDA BA\u011e KURUYORUZ\u00a0 G\u00fcltekin Gencer, D\u00f6\u015femealt\u0131\u2019n\u0131n yeni bir cazibe merkezi oldu\u011funu, s\u0131n\u0131rlar\u0131 i\u00e7erisindeki organize sanayi b\u00f6lgesi, \u00fcniversiteler ve okullar ile Antalya ticaretinin kalbi durumuna geldi\u011fini s\u00f6yledi. Gencer, &#8220;B\u00f6lgenin ekonomik, sosyal ve k\u00fclt\u00fcrel kalk\u0131nmas\u0131nda D\u00d6S\u0130AD\u2019\u0131n sorumlulu\u011fu olduk\u00e7a fazla. Bizler sadece il\u00e7emizin de\u011fil, kentimizin ve \u00fclkemizin kalk\u0131nmas\u0131 i\u00e7in \u00e7aba g\u00f6steriyoruz. \u00a0Geride kalan s\u00fcrede bir \u00e7ok \u00fclkede i\u015fbirli\u011fi forumu d\u00fczenledik. Antalya ile d\u00fcnya aras\u0131nda ba\u011f kurduk. \u0130\u015fbirliklerimiz ve projelerimiz yeni d\u00f6nemde de devam edecek\u201d dedi.\u00a0 \u0130\u015eTE D\u00d6S\u0130AD YEN\u0130 Y\u00d6NET\u0130M KURULU\u00a0 Tek listenin oyland\u0131\u011f\u0131 se\u00e7imin ard\u0131ndan g\u00f6reve gelen D\u00d6S\u0130AD y\u00f6netim kurulunun 10 \u015eubat\u2019ta yap\u0131lacak ilk toplant\u0131da g\u00f6rev da\u011f\u0131l\u0131m\u0131 yapacak. Ola\u011fan\u00fcst\u00fc Genel Kurul sonras\u0131 yeni y\u00f6netim \u015fu isimlerden olu\u015ftu: G\u00fcltekin Gencer, Ali Y\u0131lmaz, Ayd\u0131n Ceylan, Berdan Ber, Cesur Burak Akar, Deniz Altun, Erdal Ba\u015faran, Fatma Atik, Hakan \u00c7etin, \u0130smail Karaman, Kadir Sar\u0131, Kadir Say\u0131n, Kaz\u0131m Erdo\u011fan, Mahmut G\u00fcng\u00f6r, Mert Berbero\u011flu, Muammer G\u00f6ko\u011flu, Mustafa \u00c7akal, Okan Alanyal\u0131, &hellip;","og_url":"https:\/\/denizcankizil.tr\/de\/haberler\/gundem\/dosiad-olaganustu-genel-kurula-gitti\/","og_site_name":"Av. Deniz Can K\u0131z\u0131l","article_published_time":"2025-01-30T12:41:42+00:00","author":"Antalya K\u00f6rfez","twitter_card":"summary_large_image","twitter_misc":{"Verfasst von":"Antalya K\u00f6rfez","Gesch\u00e4tzte Lesezeit":"2\u00a0Minuten"},"schema":{"@context":"https:\/\/schema.org","@graph":[{"@type":"Article","@id":"https:\/\/denizcankizil.tr\/de\/haberler\/gundem\/dosiad-olaganustu-genel-kurula-gitti\/#article","isPartOf":{"@id":"https:\/\/denizcankizil.tr\/de\/haberler\/gundem\/dosiad-olaganustu-genel-kurula-gitti\/"},"author":{"name":"Antalya K\u00f6rfez","@id":"https:\/\/denizcankizil.tr\/de\/#\/schema\/person\/e1eb71bb4dd684d46563f0af307e1234"},"headline":"D\u00d6S\u0130AD Ola\u011fan\u00fcst\u00fc Genel Kurul\u2019a gitti","datePublished":"2025-01-30T12:41:42+00:00","mainEntityOfPage":{"@id":"https:\/\/denizcankizil.tr\/de\/haberler\/gundem\/dosiad-olaganustu-genel-kurula-gitti\/"},"wordCount":370,"commentCount":0,"publisher":{"@id":"https:\/\/denizcankizil.tr\/de\/#organization"},"articleSection":["G\u00fcndem"],"inLanguage":"de","potentialAction":[{"@type":"CommentAction","name":"Comment","target":["https:\/\/denizcankizil.tr\/de\/haberler\/gundem\/dosiad-olaganustu-genel-kurula-gitti\/#respond"]}]},{"@type":"WebPage","@id":"https:\/\/denizcankizil.tr\/de\/haberler\/gundem\/dosiad-olaganustu-genel-kurula-gitti\/","url":"https:\/\/denizcankizil.tr\/de\/haberler\/gundem\/dosiad-olaganustu-genel-kurula-gitti\/","name":"D\u00d6S\u0130AD Ola\u011fan\u00fcst\u00fc Genel Kurul\u2019a gitti - Av. Deniz Can K\u0131z\u0131l","isPartOf":{"@id":"https:\/\/denizcankizil.tr\/de\/#website"},"datePublished":"2025-01-30T12:41:42+00:00","breadcrumb":{"@id":"https:\/\/denizcankizil.tr\/de\/haberler\/gundem\/dosiad-olaganustu-genel-kurula-gitti\/#breadcrumb"},"inLanguage":"de","potentialAction":[{"@type":"ReadAction","target":["https:\/\/denizcankizil.tr\/de\/haberler\/gundem\/dosiad-olaganustu-genel-kurula-gitti\/"]}]},{"@type":"BreadcrumbList","@id":"https:\/\/denizcankizil.tr\/de\/haberler\/gundem\/dosiad-olaganustu-genel-kurula-gitti\/#breadcrumb","itemListElement":[{"@type":"ListItem","position":1,"name":"Home","item":"https:\/\/denizcankizil.tr\/de\/"},{"@type":"ListItem","position":2,"name":"D\u00d6S\u0130AD Ola\u011fan\u00fcst\u00fc Genel Kurul\u2019a gitti"}]},{"@type":"WebSite","@id":"https:\/\/denizcankizil.tr\/de\/#website","url":"https:\/\/denizcankizil.tr\/de\/","name":"Av. Deniz Can K\u0131z\u0131l","description":"Avukat Deniz Can K\u0131z\u0131l Antalya Barosu","publisher":{"@id":"https:\/\/denizcankizil.tr\/de\/#organization"},"potentialAction":[{"@type":"SearchAction","target":{"@type":"EntryPoint","urlTemplate":"https:\/\/denizcankizil.tr\/de\/?s={search_term_string}"},"query-input":{"@type":"PropertyValueSpecification","valueRequired":true,"valueName":"search_term_string"}}],"inLanguage":"de"},{"@type":"Organization","@id":"https:\/\/denizcankizil.tr\/de\/#organization","name":"Av. Deniz Can K\u0131z\u0131l","url":"https:\/\/denizcankizil.tr\/de\/","logo":{"@type":"ImageObject","inLanguage":"de","@id":"https:\/\/denizcankizil.tr\/de\/#\/schema\/logo\/image\/","url":"https:\/\/denizcankizil.tr\/wp-content\/uploads\/2024\/10\/siyah-logo-svg.svg","contentUrl":"https:\/\/denizcankizil.tr\/wp-content\/uploads\/2024\/10\/siyah-logo-svg.svg","width":1080,"height":1080,"caption":"Av. Deniz Can K\u0131z\u0131l"},"image":{"@id":"https:\/\/denizcankizil.tr\/de\/#\/schema\/logo\/image\/"}},{"@type":"Person","@id":"https:\/\/denizcankizil.tr\/de\/#\/schema\/person\/e1eb71bb4dd684d46563f0af307e1234","name":"Antalya K\u00f6rfez","image":{"@type":"ImageObject","inLanguage":"de","@id":"https:\/\/denizcankizil.tr\/de\/#\/schema\/person\/image\/","url":"https:\/\/secure.gravatar.com\/avatar\/42b01982558a48a0b501fdcab6a408d3717ea5919095ee2e67b0e521799c5905?s=96&d=mm&r=g","contentUrl":"https:\/\/secure.gravatar.com\/avatar\/42b01982558a48a0b501fdcab6a408d3717ea5919095ee2e67b0e521799c5905?s=96&d=mm&r=g","caption":"Antalya K\u00f6rfez"},"sameAs":["http:\/\/www.antalyakorfez.com"],"url":"https:\/\/www.antalyakorfez.com\/dosiad-olaganustu-genel-kurula-gitti"}]}},"_links":{"self":[{"href":"https:\/\/denizcankizil.tr\/de\/wp-json\/wp\/v2\/posts\/28740","targetHints":{"allow":["GET"]}}],"collection":[{"href":"https:\/\/denizcankizil.tr\/de\/wp-json\/wp\/v2\/posts"}],"about":[{"href":"https:\/\/denizcankizil.tr\/de\/wp-json\/wp\/v2\/types\/post"}],"author":[{"embeddable":true,"href":"https:\/\/denizcankizil.tr\/de\/wp-json\/wp\/v2\/users\/5"}],"replies":[{"embeddable":true,"href":"https:\/\/denizcankizil.tr\/de\/wp-json\/wp\/v2\/comments?post=28740"}],"version-history":[{"count":0,"href":"https:\/\/denizcankizil.tr\/de\/wp-json\/wp\/v2\/posts\/28740\/revisions"}],"wp:attachment":[{"href":"https:\/\/denizcankizil.tr\/de\/wp-json\/wp\/v2\/media?parent=28740"}],"wp:term":[{"taxonomy":"category","embeddable":true,"href":"https:\/\/denizcankizil.tr\/de\/wp-json\/wp\/v2\/categories?post=28740"},{"taxonomy":"post_tag","embeddable":true,"href":"https:\/\/denizcankizil.tr\/de\/wp-json\/wp\/v2\/tags?post=28740"}],"curies":[{"name":"wp","href":"https:\/\/api.w.org\/{rel}","templated":true}]}}