{"id":28723,"date":"2025-01-30T14:41:40","date_gmt":"2025-01-30T11:41:40","guid":{"rendered":"https:\/\/denizcankizil.tr\/uncategorized-tr\/kepez-belediyesi-ile-devlet-cocuklari-paylasamadi\/"},"modified":"2025-01-30T14:41:40","modified_gmt":"2025-01-30T11:41:40","slug":"kepez-belediyesi-ile-devlet-cocuklari-paylasamadi","status":"publish","type":"post","link":"https:\/\/denizcankizil.tr\/de\/haberler\/gundem\/kepez-belediyesi-ile-devlet-cocuklari-paylasamadi\/","title":{"rendered":"Kepez Belediyesi ile devlet \u00e7ocuklar\u0131 payla\u015famad\u0131!"},"content":{"rendered":"<p>Olay, ge\u00e7ti\u011fimiz g\u00fcn 14.40 sular\u0131nda Kepez il\u00e7esi Esentepe Mahallesi 5432. Sokak&#8217;ta meydana geldi. Gecekondunun birinci kat\u0131ndaki bir odada, yanan sobadan \u00e7\u0131kan duman k\u0131sa s\u00fcrede t\u00fcm evi sard\u0131. Evde yaln\u0131z b\u0131rak\u0131lan 7 ya\u015f\u0131ndaki Efe O.Y. ile karde\u015fleri Ece E.Y. (5) ve Bahad\u0131r T. (2) duman ve alevler aras\u0131nda mahsur kald\u0131.<\/p>\n<p>\u0130TFA\u0130YE EK\u0130PLER\u0130 KURTARDI\u00a0<\/p>\n<p>\u00c7ocuklar\u0131n a\u011flama seslerini duyan evin kar\u015f\u0131s\u0131ndaki market \u00e7al\u0131\u015fanlar\u0131, yang\u0131n t\u00fcpleriyle m\u00fcdahale etmeye \u00e7al\u0131\u015farak \u00e7ocuklar\u0131 kurtarmak i\u00e7in cesaret \u00f6rne\u011fi g\u00f6sterdi. Mahalle sakinlerinin 112&#8217;ye haber vermesi \u00fczerine olay yerine h\u0131zla gelen Antalya B\u00fcy\u00fck\u015fehir Belediyesi \u0130tfaiye Dairesi Ba\u015fkanl\u0131\u011f\u0131 ekipleri, alevlerin aras\u0131ndaki \u00e7ocuklar\u0131 kurtard\u0131. \u0130tfaiye erleri, dumandan etkilenen \u00e7ocuklar\u0131 kucaklar\u0131na alarak ambulansa bindirdi.\u00a0<\/p>\n<p>\u00a0\u0130TFA\u0130YE VE SA\u011eLIK EK\u0130B\u0130 SAK\u0130NLE\u015eT\u0130RMEYE \u00c7ALI\u015eTI\u00a0<\/p>\n<p>Yang\u0131n\u0131n ard\u0131ndan ambulansa bindirilen \u00e7ocuklar, itfaiye eri ve sa\u011fl\u0131k ekiplerine duyduklar\u0131 korkuyu i\u00e7tenlikle ifade etti. \u00c7ocuklardan Efe O.Y., &#8220;Beni bir yere g\u00f6t\u00fcrmeyin, hastanede bir \u015fey yapacaks\u0131n\u0131z&#8221; diyerek korkusunu dile getirdi. Bunun \u00fczerine itfaiye eri, &#8220;Hastanede bir \u015fey yapmayaca\u011f\u0131z, sadece sana bakaca\u011f\u0131z&#8221; diyerek \u00e7ocu\u011fu sakinle\u015ftirmeye \u00e7al\u0131\u015ft\u0131. &#8220;Annesi k\u0131zar diye korkuyor&#8221; \u015feklinde yan\u0131t veren sa\u011fl\u0131k g\u00f6revlisini duyan itfaiye eri, &#8220;Annen de gelecek, bekle&#8221; diyerek \u00e7ocu\u011fa g\u00fcven verdi.\u00a0<\/p>\n<p>KEPEZ BELED\u0130YES\u0130\u2019NDEN YARDIM EL\u0130\u00a0<\/p>\n<p>Olay\u0131n ortaya \u00e7\u0131kmas\u0131n\u0131n ard\u0131ndan Kepez Belediyesi harekete ge\u00e7ti. Kepez Belediye Ba\u015fkan\u0131 Mesut Kocag\u00f6z\u2019\u00fcn talimat\u0131 \u00fczerine belediye ekipleri, Antalya \u015eehir Hastanesi\u2019ne giderek, anne Dilek G\u00f6ksu\u2019yu ve tedavi g\u00f6ren 3 karde\u015fi ziyaret etti. Ba\u015fkan Kocag\u00f6z\u2019\u00fcn \u00e7ocuklar i\u00e7in g\u00f6nderdi\u011fi hediyeler ve ki\u015fisel bak\u0131m malzemeleri teslim edildi. Aileye, bundan sonraki s\u00fcre\u00e7te Kepez Belediyesi ve Ba\u015fkan Kocag\u00f6z\u2019\u00fcn deste\u011finin yanlar\u0131nda olaca\u011f\u0131 iletildi.<\/p>\n<p>BAKANLIK DEVREYE G\u0130RD\u0130\u00a0<\/p>\n<p>Bug\u00fcn ise Aile ve Sosyal Hizmetler Bakanl\u0131\u011f\u0131 devreye girdi. \u00a0 Ya\u015fananlar\u0131n ard\u0131ndan harekete ge\u00e7en Aile ve Sosyal Hizmetler Bakanl\u0131\u011f\u0131, \u00e7ocuklar\u0131n devlet korumas\u0131na al\u0131nd\u0131\u011f\u0131n\u0131 duyurdu. Bakanl\u0131\u011f\u0131n sosyal medya hesab\u0131ndan yap\u0131lan a\u00e7\u0131klamada \u015f\u00f6yle denildi: \u00a0&#8220;Baz\u0131 bas\u0131n yay\u0131n organlar\u0131nda &#8216;Antalya\u2019da yang\u0131nda 3 \u00e7ocuk \u00f6l\u00fcmden d\u00f6nd\u00fc&#8217; \u015feklinde yer alan haberlere ili\u015fkin a\u015fa\u011f\u0131daki a\u00e7\u0131klaman\u0131n yap\u0131lmas\u0131 gere\u011fi duyulmu\u015ftur. Haberlere konu olan 3 \u00e7ocu\u011fumuz 27.01.2025 tarihinde evlerinde meydana gelen yang\u0131n\u0131n ard\u0131ndan ivedilikle hastanede tedavi alt\u0131na al\u0131nm\u0131\u015ft\u0131r. Tedavi s\u00fcre\u00e7lerinin tamamlanmas\u0131n\u0131n ard\u0131ndan 3 \u00e7ocu\u011fumuz da devlet korumas\u0131 alt\u0131na al\u0131nm\u0131\u015ft\u0131r.&#8221;\u00a0<br \/>\n\u00a0<br \/>\n\u00a0<\/p>\n<p>\u200bAntalya\u2019da ge\u00e7ti\u011fimiz Pazartesi g\u00fcn\u00fc iki katl\u0131 bir gecekonduda \u00e7\u0131kan yang\u0131nda evde yaln\u0131z b\u0131rak\u0131l\u0131p \u00f6l\u00fcmle burun buruna gelen 7 ya\u015f\u0131ndaki Efe ile 2 karde\u015fine \u00f6nce Kepez Belediyesi sahip \u00e7\u0131kt\u0131. Bug\u00fcn ise Aile ve Sosyal Hizmetler Bakanl\u0131\u011f\u0131&#8217;n\u0131n 3 \u00e7ocu\u011fu devlet korumas\u0131na ald\u0131\u011f\u0131 a\u00e7\u0131kland\u0131\u00a0<\/p>\n<p>\u200bHaberin Al\u0131nt\u0131land\u0131\u011f\u0131 Kaynak: www.antalyakorfez.com<\/p>","protected":false},"excerpt":{"rendered":"<p>Olay, ge\u00e7ti\u011fimiz g\u00fcn 14.40 sular\u0131nda Kepez il\u00e7esi Esentepe Mahallesi 5432. Sokak&#8217;ta meydana geldi. Gecekondunun birinci kat\u0131ndaki bir odada, yanan sobadan \u00e7\u0131kan duman k\u0131sa s\u00fcrede t\u00fcm evi sard\u0131. Evde yaln\u0131z b\u0131rak\u0131lan 7 ya\u015f\u0131ndaki Efe O.Y. ile karde\u015fleri Ece E.Y. (5) ve Bahad\u0131r T. (2) duman ve alevler aras\u0131nda mahsur kald\u0131. \u0130TFA\u0130YE EK\u0130PLER\u0130 KURTARDI\u00a0 \u00c7ocuklar\u0131n a\u011flama seslerini duyan evin kar\u015f\u0131s\u0131ndaki market \u00e7al\u0131\u015fanlar\u0131, yang\u0131n t\u00fcpleriyle m\u00fcdahale etmeye \u00e7al\u0131\u015farak \u00e7ocuklar\u0131 kurtarmak i\u00e7in cesaret \u00f6rne\u011fi g\u00f6sterdi. Mahalle sakinlerinin 112&#8217;ye haber vermesi \u00fczerine olay yerine h\u0131zla gelen Antalya B\u00fcy\u00fck\u015fehir Belediyesi \u0130tfaiye Dairesi Ba\u015fkanl\u0131\u011f\u0131 ekipleri, alevlerin aras\u0131ndaki \u00e7ocuklar\u0131 kurtard\u0131. \u0130tfaiye erleri, dumandan etkilenen \u00e7ocuklar\u0131 kucaklar\u0131na alarak ambulansa bindirdi.\u00a0 \u00a0\u0130TFA\u0130YE VE SA\u011eLIK EK\u0130B\u0130 SAK\u0130NLE\u015eT\u0130RMEYE \u00c7ALI\u015eTI\u00a0 Yang\u0131n\u0131n ard\u0131ndan ambulansa bindirilen \u00e7ocuklar, itfaiye eri ve sa\u011fl\u0131k ekiplerine duyduklar\u0131 korkuyu i\u00e7tenlikle ifade etti. \u00c7ocuklardan Efe O.Y., &#8220;Beni bir yere g\u00f6t\u00fcrmeyin, hastanede bir \u015fey yapacaks\u0131n\u0131z&#8221; diyerek korkusunu dile getirdi. Bunun \u00fczerine itfaiye eri, &#8220;Hastanede bir \u015fey yapmayaca\u011f\u0131z, sadece sana bakaca\u011f\u0131z&#8221; diyerek \u00e7ocu\u011fu sakinle\u015ftirmeye \u00e7al\u0131\u015ft\u0131. &#8220;Annesi k\u0131zar diye korkuyor&#8221; \u015feklinde yan\u0131t veren sa\u011fl\u0131k g\u00f6revlisini duyan itfaiye eri, &#8220;Annen de gelecek, bekle&#8221; diyerek \u00e7ocu\u011fa g\u00fcven verdi.\u00a0 KEPEZ BELED\u0130YES\u0130\u2019NDEN YARDIM EL\u0130\u00a0 Olay\u0131n ortaya \u00e7\u0131kmas\u0131n\u0131n ard\u0131ndan Kepez Belediyesi harekete ge\u00e7ti. Kepez Belediye Ba\u015fkan\u0131 Mesut Kocag\u00f6z\u2019\u00fcn talimat\u0131 \u00fczerine belediye ekipleri, Antalya \u015eehir Hastanesi\u2019ne giderek, anne Dilek G\u00f6ksu\u2019yu &hellip;<\/p>","protected":false},"author":5,"featured_media":0,"comment_status":"open","ping_status":"open","sticky":false,"template":"","format":"standard","meta":{"_acf_changed":false,"footnotes":""},"categories":[24],"tags":[],"class_list":["post-28723","post","type-post","status-publish","format-standard","has-post-thumbnail","hentry","category-gundem"],"acf":[],"yoast_head":"<!-- This site is optimized with the Yoast SEO Premium plugin v26.6 (Yoast SEO v27.1.1) - https:\/\/yoast.com\/product\/yoast-seo-premium-wordpress\/ -->\n<title>Kepez Belediyesi ile devlet \u00e7ocuklar\u0131 payla\u015famad\u0131! - Av. Deniz Can K\u0131z\u0131l<\/title>\n<meta name=\"robots\" content=\"index, follow, max-snippet:-1, max-image-preview:large, max-video-preview:-1\" \/>\n<link rel=\"canonical\" href=\"https:\/\/denizcankizil.tr\/de\/haberler\/gundem\/kepez-belediyesi-ile-devlet-cocuklari-paylasamadi\/\" \/>\n<meta property=\"og:locale\" content=\"de_DE\" \/>\n<meta property=\"og:type\" content=\"article\" \/>\n<meta property=\"og:title\" content=\"Kepez Belediyesi ile devlet \u00e7ocuklar\u0131 payla\u015famad\u0131!\" \/>\n<meta property=\"og:description\" content=\"Olay, ge\u00e7ti\u011fimiz g\u00fcn 14.40 sular\u0131nda Kepez il\u00e7esi Esentepe Mahallesi 5432. Sokak&#8217;ta meydana geldi. Gecekondunun birinci kat\u0131ndaki bir odada, yanan sobadan \u00e7\u0131kan duman k\u0131sa s\u00fcrede t\u00fcm evi sard\u0131. Evde yaln\u0131z b\u0131rak\u0131lan 7 ya\u015f\u0131ndaki Efe O.Y. ile karde\u015fleri Ece E.Y. (5) ve Bahad\u0131r T. (2) duman ve alevler aras\u0131nda mahsur kald\u0131. \u0130TFA\u0130YE EK\u0130PLER\u0130 KURTARDI\u00a0 \u00c7ocuklar\u0131n a\u011flama seslerini duyan evin kar\u015f\u0131s\u0131ndaki market \u00e7al\u0131\u015fanlar\u0131, yang\u0131n t\u00fcpleriyle m\u00fcdahale etmeye \u00e7al\u0131\u015farak \u00e7ocuklar\u0131 kurtarmak i\u00e7in cesaret \u00f6rne\u011fi g\u00f6sterdi. Mahalle sakinlerinin 112&#8217;ye haber vermesi \u00fczerine olay yerine h\u0131zla gelen Antalya B\u00fcy\u00fck\u015fehir Belediyesi \u0130tfaiye Dairesi Ba\u015fkanl\u0131\u011f\u0131 ekipleri, alevlerin aras\u0131ndaki \u00e7ocuklar\u0131 kurtard\u0131. \u0130tfaiye erleri, dumandan etkilenen \u00e7ocuklar\u0131 kucaklar\u0131na alarak ambulansa bindirdi.\u00a0 \u00a0\u0130TFA\u0130YE VE SA\u011eLIK EK\u0130B\u0130 SAK\u0130NLE\u015eT\u0130RMEYE \u00c7ALI\u015eTI\u00a0 Yang\u0131n\u0131n ard\u0131ndan ambulansa bindirilen \u00e7ocuklar, itfaiye eri ve sa\u011fl\u0131k ekiplerine duyduklar\u0131 korkuyu i\u00e7tenlikle ifade etti. \u00c7ocuklardan Efe O.Y., &#8220;Beni bir yere g\u00f6t\u00fcrmeyin, hastanede bir \u015fey yapacaks\u0131n\u0131z&#8221; diyerek korkusunu dile getirdi. Bunun \u00fczerine itfaiye eri, &#8220;Hastanede bir \u015fey yapmayaca\u011f\u0131z, sadece sana bakaca\u011f\u0131z&#8221; diyerek \u00e7ocu\u011fu sakinle\u015ftirmeye \u00e7al\u0131\u015ft\u0131. &#8220;Annesi k\u0131zar diye korkuyor&#8221; \u015feklinde yan\u0131t veren sa\u011fl\u0131k g\u00f6revlisini duyan itfaiye eri, &#8220;Annen de gelecek, bekle&#8221; diyerek \u00e7ocu\u011fa g\u00fcven verdi.\u00a0 KEPEZ BELED\u0130YES\u0130\u2019NDEN YARDIM EL\u0130\u00a0 Olay\u0131n ortaya \u00e7\u0131kmas\u0131n\u0131n ard\u0131ndan Kepez Belediyesi harekete ge\u00e7ti. Kepez Belediye Ba\u015fkan\u0131 Mesut Kocag\u00f6z\u2019\u00fcn talimat\u0131 \u00fczerine belediye ekipleri, Antalya \u015eehir Hastanesi\u2019ne giderek, anne Dilek G\u00f6ksu\u2019yu &hellip;\" \/>\n<meta property=\"og:url\" content=\"https:\/\/denizcankizil.tr\/de\/haberler\/gundem\/kepez-belediyesi-ile-devlet-cocuklari-paylasamadi\/\" \/>\n<meta property=\"og:site_name\" content=\"Av. Deniz Can K\u0131z\u0131l\" \/>\n<meta property=\"article:published_time\" content=\"2025-01-30T11:41:40+00:00\" \/>\n<meta name=\"author\" content=\"Antalya K\u00f6rfez\" \/>\n<meta name=\"twitter:card\" content=\"summary_large_image\" \/>\n<meta name=\"twitter:label1\" content=\"Verfasst von\" \/>\n\t<meta name=\"twitter:data1\" content=\"Antalya K\u00f6rfez\" \/>\n\t<meta name=\"twitter:label2\" content=\"Gesch\u00e4tzte Lesezeit\" \/>\n\t<meta name=\"twitter:data2\" content=\"3\u00a0Minuten\" \/>\n<script type=\"application\/ld+json\" class=\"yoast-schema-graph\">{\"@context\":\"https:\/\/schema.org\",\"@graph\":[{\"@type\":\"Article\",\"@id\":\"https:\/\/denizcankizil.tr\/de\/haberler\/gundem\/kepez-belediyesi-ile-devlet-cocuklari-paylasamadi\/#article\",\"isPartOf\":{\"@id\":\"https:\/\/denizcankizil.tr\/de\/haberler\/gundem\/kepez-belediyesi-ile-devlet-cocuklari-paylasamadi\/\"},\"author\":{\"name\":\"Antalya K\u00f6rfez\",\"@id\":\"https:\/\/denizcankizil.tr\/#\/schema\/person\/e1eb71bb4dd684d46563f0af307e1234\"},\"headline\":\"Kepez Belediyesi ile devlet \u00e7ocuklar\u0131 payla\u015famad\u0131!\",\"datePublished\":\"2025-01-30T11:41:40+00:00\",\"mainEntityOfPage\":{\"@id\":\"https:\/\/denizcankizil.tr\/de\/haberler\/gundem\/kepez-belediyesi-ile-devlet-cocuklari-paylasamadi\/\"},\"wordCount\":522,\"commentCount\":0,\"publisher\":{\"@id\":\"https:\/\/denizcankizil.tr\/#organization\"},\"articleSection\":[\"G\u00fcndem\"],\"inLanguage\":\"de\",\"potentialAction\":[{\"@type\":\"CommentAction\",\"name\":\"Comment\",\"target\":[\"https:\/\/denizcankizil.tr\/de\/haberler\/gundem\/kepez-belediyesi-ile-devlet-cocuklari-paylasamadi\/#respond\"]}]},{\"@type\":\"WebPage\",\"@id\":\"https:\/\/denizcankizil.tr\/de\/haberler\/gundem\/kepez-belediyesi-ile-devlet-cocuklari-paylasamadi\/\",\"url\":\"https:\/\/denizcankizil.tr\/de\/haberler\/gundem\/kepez-belediyesi-ile-devlet-cocuklari-paylasamadi\/\",\"name\":\"Kepez Belediyesi ile devlet \u00e7ocuklar\u0131 payla\u015famad\u0131! - Av. Deniz Can K\u0131z\u0131l\",\"isPartOf\":{\"@id\":\"https:\/\/denizcankizil.tr\/#website\"},\"datePublished\":\"2025-01-30T11:41:40+00:00\",\"breadcrumb\":{\"@id\":\"https:\/\/denizcankizil.tr\/de\/haberler\/gundem\/kepez-belediyesi-ile-devlet-cocuklari-paylasamadi\/#breadcrumb\"},\"inLanguage\":\"de\",\"potentialAction\":[{\"@type\":\"ReadAction\",\"target\":[\"https:\/\/denizcankizil.tr\/de\/haberler\/gundem\/kepez-belediyesi-ile-devlet-cocuklari-paylasamadi\/\"]}]},{\"@type\":\"BreadcrumbList\",\"@id\":\"https:\/\/denizcankizil.tr\/de\/haberler\/gundem\/kepez-belediyesi-ile-devlet-cocuklari-paylasamadi\/#breadcrumb\",\"itemListElement\":[{\"@type\":\"ListItem\",\"position\":1,\"name\":\"Home\",\"item\":\"https:\/\/denizcankizil.tr\/de\/\"},{\"@type\":\"ListItem\",\"position\":2,\"name\":\"Kepez Belediyesi ile devlet \u00e7ocuklar\u0131 payla\u015famad\u0131!\"}]},{\"@type\":\"WebSite\",\"@id\":\"https:\/\/denizcankizil.tr\/#website\",\"url\":\"https:\/\/denizcankizil.tr\/\",\"name\":\"Av. Deniz Can K\u0131z\u0131l\",\"description\":\"Avukat Deniz Can K\u0131z\u0131l Antalya Barosu\",\"publisher\":{\"@id\":\"https:\/\/denizcankizil.tr\/#organization\"},\"potentialAction\":[{\"@type\":\"SearchAction\",\"target\":{\"@type\":\"EntryPoint\",\"urlTemplate\":\"https:\/\/denizcankizil.tr\/?s={search_term_string}\"},\"query-input\":{\"@type\":\"PropertyValueSpecification\",\"valueRequired\":true,\"valueName\":\"search_term_string\"}}],\"inLanguage\":\"de\"},{\"@type\":\"Organization\",\"@id\":\"https:\/\/denizcankizil.tr\/#organization\",\"name\":\"Av. Deniz Can K\u0131z\u0131l\",\"url\":\"https:\/\/denizcankizil.tr\/\",\"logo\":{\"@type\":\"ImageObject\",\"inLanguage\":\"de\",\"@id\":\"https:\/\/denizcankizil.tr\/#\/schema\/logo\/image\/\",\"url\":\"https:\/\/denizcankizil.tr\/wp-content\/uploads\/2024\/10\/siyah-logo-svg.svg\",\"contentUrl\":\"https:\/\/denizcankizil.tr\/wp-content\/uploads\/2024\/10\/siyah-logo-svg.svg\",\"width\":1080,\"height\":1080,\"caption\":\"Av. Deniz Can K\u0131z\u0131l\"},\"image\":{\"@id\":\"https:\/\/denizcankizil.tr\/#\/schema\/logo\/image\/\"}},{\"@type\":\"Person\",\"@id\":\"https:\/\/denizcankizil.tr\/#\/schema\/person\/e1eb71bb4dd684d46563f0af307e1234\",\"name\":\"Antalya K\u00f6rfez\",\"image\":{\"@type\":\"ImageObject\",\"inLanguage\":\"de\",\"@id\":\"https:\/\/denizcankizil.tr\/#\/schema\/person\/image\/\",\"url\":\"https:\/\/secure.gravatar.com\/avatar\/42b01982558a48a0b501fdcab6a408d3717ea5919095ee2e67b0e521799c5905?s=96&d=mm&r=g\",\"contentUrl\":\"https:\/\/secure.gravatar.com\/avatar\/42b01982558a48a0b501fdcab6a408d3717ea5919095ee2e67b0e521799c5905?s=96&d=mm&r=g\",\"caption\":\"Antalya K\u00f6rfez\"},\"sameAs\":[\"http:\/\/www.antalyakorfez.com\"],\"url\":\"https:\/\/www.antalyakorfez.com\/kepez-belediyesi-ile-devlet-cocuklari-paylasamadi\"}]}<\/script>\n<!-- \/ Yoast SEO Premium plugin. -->","yoast_head_json":{"title":"Kepez Belediyesi ile devlet \u00e7ocuklar\u0131 payla\u015famad\u0131! - Av. Deniz Can K\u0131z\u0131l","robots":{"index":"index","follow":"follow","max-snippet":"max-snippet:-1","max-image-preview":"max-image-preview:large","max-video-preview":"max-video-preview:-1"},"canonical":"https:\/\/denizcankizil.tr\/de\/haberler\/gundem\/kepez-belediyesi-ile-devlet-cocuklari-paylasamadi\/","og_locale":"de_DE","og_type":"article","og_title":"Kepez Belediyesi ile devlet \u00e7ocuklar\u0131 payla\u015famad\u0131!","og_description":"Olay, ge\u00e7ti\u011fimiz g\u00fcn 14.40 sular\u0131nda Kepez il\u00e7esi Esentepe Mahallesi 5432. Sokak&#8217;ta meydana geldi. Gecekondunun birinci kat\u0131ndaki bir odada, yanan sobadan \u00e7\u0131kan duman k\u0131sa s\u00fcrede t\u00fcm evi sard\u0131. Evde yaln\u0131z b\u0131rak\u0131lan 7 ya\u015f\u0131ndaki Efe O.Y. ile karde\u015fleri Ece E.Y. (5) ve Bahad\u0131r T. (2) duman ve alevler aras\u0131nda mahsur kald\u0131. \u0130TFA\u0130YE EK\u0130PLER\u0130 KURTARDI\u00a0 \u00c7ocuklar\u0131n a\u011flama seslerini duyan evin kar\u015f\u0131s\u0131ndaki market \u00e7al\u0131\u015fanlar\u0131, yang\u0131n t\u00fcpleriyle m\u00fcdahale etmeye \u00e7al\u0131\u015farak \u00e7ocuklar\u0131 kurtarmak i\u00e7in cesaret \u00f6rne\u011fi g\u00f6sterdi. Mahalle sakinlerinin 112&#8217;ye haber vermesi \u00fczerine olay yerine h\u0131zla gelen Antalya B\u00fcy\u00fck\u015fehir Belediyesi \u0130tfaiye Dairesi Ba\u015fkanl\u0131\u011f\u0131 ekipleri, alevlerin aras\u0131ndaki \u00e7ocuklar\u0131 kurtard\u0131. \u0130tfaiye erleri, dumandan etkilenen \u00e7ocuklar\u0131 kucaklar\u0131na alarak ambulansa bindirdi.\u00a0 \u00a0\u0130TFA\u0130YE VE SA\u011eLIK EK\u0130B\u0130 SAK\u0130NLE\u015eT\u0130RMEYE \u00c7ALI\u015eTI\u00a0 Yang\u0131n\u0131n ard\u0131ndan ambulansa bindirilen \u00e7ocuklar, itfaiye eri ve sa\u011fl\u0131k ekiplerine duyduklar\u0131 korkuyu i\u00e7tenlikle ifade etti. \u00c7ocuklardan Efe O.Y., &#8220;Beni bir yere g\u00f6t\u00fcrmeyin, hastanede bir \u015fey yapacaks\u0131n\u0131z&#8221; diyerek korkusunu dile getirdi. Bunun \u00fczerine itfaiye eri, &#8220;Hastanede bir \u015fey yapmayaca\u011f\u0131z, sadece sana bakaca\u011f\u0131z&#8221; diyerek \u00e7ocu\u011fu sakinle\u015ftirmeye \u00e7al\u0131\u015ft\u0131. &#8220;Annesi k\u0131zar diye korkuyor&#8221; \u015feklinde yan\u0131t veren sa\u011fl\u0131k g\u00f6revlisini duyan itfaiye eri, &#8220;Annen de gelecek, bekle&#8221; diyerek \u00e7ocu\u011fa g\u00fcven verdi.\u00a0 KEPEZ BELED\u0130YES\u0130\u2019NDEN YARDIM EL\u0130\u00a0 Olay\u0131n ortaya \u00e7\u0131kmas\u0131n\u0131n ard\u0131ndan Kepez Belediyesi harekete ge\u00e7ti. Kepez Belediye Ba\u015fkan\u0131 Mesut Kocag\u00f6z\u2019\u00fcn talimat\u0131 \u00fczerine belediye ekipleri, Antalya \u015eehir Hastanesi\u2019ne giderek, anne Dilek G\u00f6ksu\u2019yu &hellip;","og_url":"https:\/\/denizcankizil.tr\/de\/haberler\/gundem\/kepez-belediyesi-ile-devlet-cocuklari-paylasamadi\/","og_site_name":"Av. Deniz Can K\u0131z\u0131l","article_published_time":"2025-01-30T11:41:40+00:00","author":"Antalya K\u00f6rfez","twitter_card":"summary_large_image","twitter_misc":{"Verfasst von":"Antalya K\u00f6rfez","Gesch\u00e4tzte Lesezeit":"3\u00a0Minuten"},"schema":{"@context":"https:\/\/schema.org","@graph":[{"@type":"Article","@id":"https:\/\/denizcankizil.tr\/de\/haberler\/gundem\/kepez-belediyesi-ile-devlet-cocuklari-paylasamadi\/#article","isPartOf":{"@id":"https:\/\/denizcankizil.tr\/de\/haberler\/gundem\/kepez-belediyesi-ile-devlet-cocuklari-paylasamadi\/"},"author":{"name":"Antalya K\u00f6rfez","@id":"https:\/\/denizcankizil.tr\/#\/schema\/person\/e1eb71bb4dd684d46563f0af307e1234"},"headline":"Kepez Belediyesi ile devlet \u00e7ocuklar\u0131 payla\u015famad\u0131!","datePublished":"2025-01-30T11:41:40+00:00","mainEntityOfPage":{"@id":"https:\/\/denizcankizil.tr\/de\/haberler\/gundem\/kepez-belediyesi-ile-devlet-cocuklari-paylasamadi\/"},"wordCount":522,"commentCount":0,"publisher":{"@id":"https:\/\/denizcankizil.tr\/#organization"},"articleSection":["G\u00fcndem"],"inLanguage":"de","potentialAction":[{"@type":"CommentAction","name":"Comment","target":["https:\/\/denizcankizil.tr\/de\/haberler\/gundem\/kepez-belediyesi-ile-devlet-cocuklari-paylasamadi\/#respond"]}]},{"@type":"WebPage","@id":"https:\/\/denizcankizil.tr\/de\/haberler\/gundem\/kepez-belediyesi-ile-devlet-cocuklari-paylasamadi\/","url":"https:\/\/denizcankizil.tr\/de\/haberler\/gundem\/kepez-belediyesi-ile-devlet-cocuklari-paylasamadi\/","name":"Kepez Belediyesi ile devlet \u00e7ocuklar\u0131 payla\u015famad\u0131! - Av. Deniz Can K\u0131z\u0131l","isPartOf":{"@id":"https:\/\/denizcankizil.tr\/#website"},"datePublished":"2025-01-30T11:41:40+00:00","breadcrumb":{"@id":"https:\/\/denizcankizil.tr\/de\/haberler\/gundem\/kepez-belediyesi-ile-devlet-cocuklari-paylasamadi\/#breadcrumb"},"inLanguage":"de","potentialAction":[{"@type":"ReadAction","target":["https:\/\/denizcankizil.tr\/de\/haberler\/gundem\/kepez-belediyesi-ile-devlet-cocuklari-paylasamadi\/"]}]},{"@type":"BreadcrumbList","@id":"https:\/\/denizcankizil.tr\/de\/haberler\/gundem\/kepez-belediyesi-ile-devlet-cocuklari-paylasamadi\/#breadcrumb","itemListElement":[{"@type":"ListItem","position":1,"name":"Home","item":"https:\/\/denizcankizil.tr\/de\/"},{"@type":"ListItem","position":2,"name":"Kepez Belediyesi ile devlet \u00e7ocuklar\u0131 payla\u015famad\u0131!"}]},{"@type":"WebSite","@id":"https:\/\/denizcankizil.tr\/#website","url":"https:\/\/denizcankizil.tr\/","name":"Av. Deniz Can K\u0131z\u0131l","description":"Avukat Deniz Can K\u0131z\u0131l Antalya Barosu","publisher":{"@id":"https:\/\/denizcankizil.tr\/#organization"},"potentialAction":[{"@type":"SearchAction","target":{"@type":"EntryPoint","urlTemplate":"https:\/\/denizcankizil.tr\/?s={search_term_string}"},"query-input":{"@type":"PropertyValueSpecification","valueRequired":true,"valueName":"search_term_string"}}],"inLanguage":"de"},{"@type":"Organization","@id":"https:\/\/denizcankizil.tr\/#organization","name":"Av. Deniz Can K\u0131z\u0131l","url":"https:\/\/denizcankizil.tr\/","logo":{"@type":"ImageObject","inLanguage":"de","@id":"https:\/\/denizcankizil.tr\/#\/schema\/logo\/image\/","url":"https:\/\/denizcankizil.tr\/wp-content\/uploads\/2024\/10\/siyah-logo-svg.svg","contentUrl":"https:\/\/denizcankizil.tr\/wp-content\/uploads\/2024\/10\/siyah-logo-svg.svg","width":1080,"height":1080,"caption":"Av. Deniz Can K\u0131z\u0131l"},"image":{"@id":"https:\/\/denizcankizil.tr\/#\/schema\/logo\/image\/"}},{"@type":"Person","@id":"https:\/\/denizcankizil.tr\/#\/schema\/person\/e1eb71bb4dd684d46563f0af307e1234","name":"Antalya K\u00f6rfez","image":{"@type":"ImageObject","inLanguage":"de","@id":"https:\/\/denizcankizil.tr\/#\/schema\/person\/image\/","url":"https:\/\/secure.gravatar.com\/avatar\/42b01982558a48a0b501fdcab6a408d3717ea5919095ee2e67b0e521799c5905?s=96&d=mm&r=g","contentUrl":"https:\/\/secure.gravatar.com\/avatar\/42b01982558a48a0b501fdcab6a408d3717ea5919095ee2e67b0e521799c5905?s=96&d=mm&r=g","caption":"Antalya K\u00f6rfez"},"sameAs":["http:\/\/www.antalyakorfez.com"],"url":"https:\/\/www.antalyakorfez.com\/kepez-belediyesi-ile-devlet-cocuklari-paylasamadi"}]}},"_links":{"self":[{"href":"https:\/\/denizcankizil.tr\/de\/wp-json\/wp\/v2\/posts\/28723","targetHints":{"allow":["GET"]}}],"collection":[{"href":"https:\/\/denizcankizil.tr\/de\/wp-json\/wp\/v2\/posts"}],"about":[{"href":"https:\/\/denizcankizil.tr\/de\/wp-json\/wp\/v2\/types\/post"}],"author":[{"embeddable":true,"href":"https:\/\/denizcankizil.tr\/de\/wp-json\/wp\/v2\/users\/5"}],"replies":[{"embeddable":true,"href":"https:\/\/denizcankizil.tr\/de\/wp-json\/wp\/v2\/comments?post=28723"}],"version-history":[{"count":0,"href":"https:\/\/denizcankizil.tr\/de\/wp-json\/wp\/v2\/posts\/28723\/revisions"}],"wp:attachment":[{"href":"https:\/\/denizcankizil.tr\/de\/wp-json\/wp\/v2\/media?parent=28723"}],"wp:term":[{"taxonomy":"category","embeddable":true,"href":"https:\/\/denizcankizil.tr\/de\/wp-json\/wp\/v2\/categories?post=28723"},{"taxonomy":"post_tag","embeddable":true,"href":"https:\/\/denizcankizil.tr\/de\/wp-json\/wp\/v2\/tags?post=28723"}],"curies":[{"name":"wp","href":"https:\/\/api.w.org\/{rel}","templated":true}]}}