{"id":28661,"date":"2025-01-30T10:41:52","date_gmt":"2025-01-30T07:41:52","guid":{"rendered":"https:\/\/denizcankizil.tr\/uncategorized-tr\/bugun-disariya-cikarken-dikkat-yagmur-birden-bastiracak\/"},"modified":"2025-01-30T10:41:52","modified_gmt":"2025-01-30T07:41:52","slug":"bugun-disariya-cikarken-dikkat-yagmur-birden-bastiracak","status":"publish","type":"post","link":"https:\/\/denizcankizil.tr\/de\/haberler\/gundem\/bugun-disariya-cikarken-dikkat-yagmur-birden-bastiracak\/","title":{"rendered":"Bug\u00fcn d\u0131\u015far\u0131ya \u00e7\u0131karken dikkat! Ya\u011fmur birden bast\u0131racak"},"content":{"rendered":"<p>Meteoroloji Genel M\u00fcd\u00fcrl\u00fc\u011f\u00fc taraf\u0131ndan yap\u0131lan tahminlere g\u00f6re yurdun bat\u0131 kesimlerinin yer yer \u00e7ok bulutlu, \u00f6\u011fle saatlerinden sonra Ege&#8217;nin k\u0131y\u0131 kesimlerinin sa\u011fanak ya\u011f\u0131\u015fl\u0131, di\u011fer yerlerin par\u00e7al\u0131 ve az bulutlu ge\u00e7ece\u011fi tahmin ediliyor.ANKARA (\u0130GFA) &#8211;\u00a0Meteoroloji Genel M\u00fcd\u00fcrl\u00fc\u011f\u00fc 30\u00a0Ocak Per\u015fembe g\u00fcn\u00fcne ili\u015fkin g\u00fcnl\u00fck hava tahmin raporunu yay\u0131mlad\u0131.<\/p>\n<p>\u0130\u00e7 ve do\u011fu kesimlerde buzlanma ve don ile birlikte Marmara ile i\u00e7 ve do\u011fu kesimlerde pus ve yer yer sis bekleniyor. Do\u011fu Karadeniz\u2019in i\u00e7 kesimlerinin y\u00fcksekleri ile Do\u011fu Anadolu\u2019nun y\u00fcksek ve dik yama\u00e7lar\u0131nda \u00e7\u0131\u011f tehlikesi bulunmaktad\u0131r.<br \/>\nHava s\u0131cakl\u0131\u011f\u0131n\u0131n mevsim normallerinin \u00fczerinde seyredece\u011fi tahmin ediliyor. R\u00fczgar\u0131n genellikle g\u00fcneyli y\u00f6nlerden, yurdun g\u00fcneydo\u011fu kesimlerinde kuzeyli y\u00f6nlerden hafif, ara s\u0131ra orta kuvvette esmesi bekleniyor.<\/p>\n<p>S\u0130S UYARISI<br \/>\nMarmara B\u00f6lgesi ile yurdun i\u00e7 ve do\u011fu kesimlerinde pus ve yer yer yo\u011fun olmak \u00fczere sis olay\u0131 beklendi\u011finden meydana gelebilecek olumsuzluklara kar\u015f\u0131 dikkatli ve tedbirli olunmas\u0131 gerekmektedir.<br \/>\nBUZLANMA VE DON OLAYI \u0130LE \u00c7I\u011e TEHL\u0130KES\u0130 UYARISI\u00a0<br \/>\nDo\u011fu Karadeniz\u2019in i\u00e7 kesimlerinin y\u00fcksekleri ile Do\u011fu Anadolu&#8217;nun do\u011fusunun dik ve e\u011fimli yama\u00e7lar\u0131nda \u00e7\u0131\u011f tehlikesi ile yurdun i\u00e7 ve do\u011fu kesimlerinde buzlanma ve don olay\u0131 beklendi\u011finden ula\u015f\u0131mda meydana gelebilecek olumsuzluklara kar\u015f\u0131 dikkatli ve tedbirli olunmas\u0131 gerekmektedir.<\/p>\n<p>\u200bMeteoroloji Genel M\u00fcd\u00fcrl\u00fc\u011f\u00fc taraf\u0131ndan yap\u0131lan tahminlere g\u00f6re yurdun bat\u0131 kesimlerinin yer yer \u00e7ok bulutlu, \u00f6\u011fle saatlerinden sonra Ege&#8217;nin k\u0131y\u0131 kesimlerinin sa\u011fanak ya\u011f\u0131\u015fl\u0131, di\u011fer yerlerin par\u00e7al\u0131 ve az bulutlu ge\u00e7ece\u011fi tahmin ediliyor.ANKARA (\u0130GFA) &#8211;\u00a0Meteoroloji Genel M\u00fcd\u00fcrl\u00fc\u011f\u00fc 30\u00a0Ocak Per\u015fembe g\u00fcn\u00fcne ili\u015fkin g\u00fcnl\u00fck hava tahmin raporunu yay\u0131mlad\u0131.<\/p>\n<p>\u0130\u00e7 ve do\u011fu kesimlerde buzlanma ve don ile birlikte Marmara ile i\u00e7 ve do\u011fu kesimlerde pus ve yer yer sis bekleniyor. Do\u011fu Karadeniz\u2019in i\u00e7 kesimlerinin y\u00fcksekleri ile Do\u011fu Anadolu\u2019nun y\u00fcksek ve dik yama\u00e7lar\u0131nda \u00e7\u0131\u011f tehlikesi bulunmaktad\u0131r.<br \/>\nHava s\u0131cakl\u0131\u011f\u0131n\u0131n mevsim normallerinin \u00fczerinde seyredece\u011fi tahmin ediliyor. R\u00fczgar\u0131n genellikle g\u00fcneyli y\u00f6nlerden, yurdun g\u00fcneydo\u011fu kesimlerinde kuzeyli y\u00f6nlerden hafif, ara s\u0131ra orta kuvvette esmesi bekleniyor.<\/p>\n<p>S\u0130S UYARISI<br \/>\nMarmara B\u00f6lgesi ile yurdun i\u00e7 ve do\u011fu kesimlerinde pus ve yer yer yo\u011fun olmak \u00fczere sis olay\u0131 beklendi\u011finden meydana gelebilecek olumsuzluklara kar\u015f\u0131 dikkatli ve tedbirli olunmas\u0131 gerekmektedir.<br \/>\nBUZLANMA VE DON OLAYI \u0130LE \u00c7I\u011e TEHL\u0130KES\u0130 UYARISI\u00a0<br \/>\nDo\u011fu Karadeniz\u2019in i\u00e7 kesimlerinin y\u00fcksekleri ile Do\u011fu Anadolu&#8217;nun do\u011fusunun dik ve e\u011fimli yama\u00e7lar\u0131nda \u00e7\u0131\u011f tehlikesi ile yurdun i\u00e7 ve do\u011fu kesimlerinde buzlanma ve don olay\u0131 beklendi\u011finden ula\u015f\u0131mda meydana gelebilecek olumsuzluklara kar\u015f\u0131 dikkatli ve tedbirli olunmas\u0131 gerekmektedir.\u00a0<\/p>\n<p>\u200bHaberin Al\u0131nt\u0131land\u0131\u011f\u0131 Kaynak: www.iskenderun.org<\/p>","protected":false},"excerpt":{"rendered":"<p>Meteoroloji Genel M\u00fcd\u00fcrl\u00fc\u011f\u00fc taraf\u0131ndan yap\u0131lan tahminlere g\u00f6re yurdun bat\u0131 kesimlerinin yer yer \u00e7ok bulutlu, \u00f6\u011fle saatlerinden sonra Ege&#8217;nin k\u0131y\u0131 kesimlerinin sa\u011fanak ya\u011f\u0131\u015fl\u0131, di\u011fer yerlerin par\u00e7al\u0131 ve az bulutlu ge\u00e7ece\u011fi tahmin ediliyor.ANKARA (\u0130GFA) &#8211;\u00a0Meteoroloji Genel M\u00fcd\u00fcrl\u00fc\u011f\u00fc 30\u00a0Ocak Per\u015fembe g\u00fcn\u00fcne ili\u015fkin g\u00fcnl\u00fck hava tahmin raporunu yay\u0131mlad\u0131. \u0130\u00e7 ve do\u011fu kesimlerde buzlanma ve don ile birlikte Marmara ile i\u00e7 ve do\u011fu kesimlerde pus ve yer yer sis bekleniyor. Do\u011fu Karadeniz\u2019in i\u00e7 kesimlerinin y\u00fcksekleri ile Do\u011fu Anadolu\u2019nun y\u00fcksek ve dik yama\u00e7lar\u0131nda \u00e7\u0131\u011f tehlikesi bulunmaktad\u0131r. Hava s\u0131cakl\u0131\u011f\u0131n\u0131n mevsim normallerinin \u00fczerinde seyredece\u011fi tahmin ediliyor. R\u00fczgar\u0131n genellikle g\u00fcneyli y\u00f6nlerden, yurdun g\u00fcneydo\u011fu kesimlerinde kuzeyli y\u00f6nlerden hafif, ara s\u0131ra orta kuvvette esmesi bekleniyor. S\u0130S UYARISI Marmara B\u00f6lgesi ile yurdun i\u00e7 ve do\u011fu kesimlerinde pus ve yer yer yo\u011fun olmak \u00fczere sis olay\u0131 beklendi\u011finden meydana gelebilecek olumsuzluklara kar\u015f\u0131 dikkatli ve tedbirli olunmas\u0131 gerekmektedir. BUZLANMA VE DON OLAYI \u0130LE \u00c7I\u011e TEHL\u0130KES\u0130 UYARISI\u00a0 Do\u011fu Karadeniz\u2019in i\u00e7 kesimlerinin y\u00fcksekleri ile Do\u011fu Anadolu&#8217;nun do\u011fusunun dik ve e\u011fimli yama\u00e7lar\u0131nda \u00e7\u0131\u011f tehlikesi ile yurdun i\u00e7 ve do\u011fu kesimlerinde buzlanma ve don olay\u0131 beklendi\u011finden ula\u015f\u0131mda meydana gelebilecek olumsuzluklara kar\u015f\u0131 dikkatli ve tedbirli olunmas\u0131 gerekmektedir. \u200bMeteoroloji Genel M\u00fcd\u00fcrl\u00fc\u011f\u00fc taraf\u0131ndan yap\u0131lan tahminlere g\u00f6re yurdun bat\u0131 kesimlerinin yer yer \u00e7ok bulutlu, \u00f6\u011fle saatlerinden sonra Ege&#8217;nin k\u0131y\u0131 kesimlerinin sa\u011fanak ya\u011f\u0131\u015fl\u0131, di\u011fer &hellip;<\/p>","protected":false},"author":1,"featured_media":0,"comment_status":"open","ping_status":"open","sticky":false,"template":"","format":"standard","meta":{"_acf_changed":false,"footnotes":""},"categories":[24],"tags":[],"class_list":["post-28661","post","type-post","status-publish","format-standard","has-post-thumbnail","hentry","category-gundem"],"acf":[],"yoast_head":"<!-- This site is optimized with the Yoast SEO Premium plugin v26.6 (Yoast SEO v27.1.1) - https:\/\/yoast.com\/product\/yoast-seo-premium-wordpress\/ -->\n<title>Bug\u00fcn d\u0131\u015far\u0131ya \u00e7\u0131karken dikkat! Ya\u011fmur birden bast\u0131racak - Av. Deniz Can K\u0131z\u0131l<\/title>\n<meta name=\"robots\" content=\"index, follow, max-snippet:-1, max-image-preview:large, max-video-preview:-1\" \/>\n<link rel=\"canonical\" href=\"https:\/\/denizcankizil.tr\/de\/haberler\/gundem\/bugun-disariya-cikarken-dikkat-yagmur-birden-bastiracak\/\" \/>\n<meta property=\"og:locale\" content=\"de_DE\" \/>\n<meta property=\"og:type\" content=\"article\" \/>\n<meta property=\"og:title\" content=\"Bug\u00fcn d\u0131\u015far\u0131ya \u00e7\u0131karken dikkat! Ya\u011fmur birden bast\u0131racak\" \/>\n<meta property=\"og:description\" content=\"Meteoroloji Genel M\u00fcd\u00fcrl\u00fc\u011f\u00fc taraf\u0131ndan yap\u0131lan tahminlere g\u00f6re yurdun bat\u0131 kesimlerinin yer yer \u00e7ok bulutlu, \u00f6\u011fle saatlerinden sonra Ege&#8217;nin k\u0131y\u0131 kesimlerinin sa\u011fanak ya\u011f\u0131\u015fl\u0131, di\u011fer yerlerin par\u00e7al\u0131 ve az bulutlu ge\u00e7ece\u011fi tahmin ediliyor.ANKARA (\u0130GFA) &#8211;\u00a0Meteoroloji Genel M\u00fcd\u00fcrl\u00fc\u011f\u00fc 30\u00a0Ocak Per\u015fembe g\u00fcn\u00fcne ili\u015fkin g\u00fcnl\u00fck hava tahmin raporunu yay\u0131mlad\u0131. \u0130\u00e7 ve do\u011fu kesimlerde buzlanma ve don ile birlikte Marmara ile i\u00e7 ve do\u011fu kesimlerde pus ve yer yer sis bekleniyor. Do\u011fu Karadeniz\u2019in i\u00e7 kesimlerinin y\u00fcksekleri ile Do\u011fu Anadolu\u2019nun y\u00fcksek ve dik yama\u00e7lar\u0131nda \u00e7\u0131\u011f tehlikesi bulunmaktad\u0131r. Hava s\u0131cakl\u0131\u011f\u0131n\u0131n mevsim normallerinin \u00fczerinde seyredece\u011fi tahmin ediliyor. R\u00fczgar\u0131n genellikle g\u00fcneyli y\u00f6nlerden, yurdun g\u00fcneydo\u011fu kesimlerinde kuzeyli y\u00f6nlerden hafif, ara s\u0131ra orta kuvvette esmesi bekleniyor. S\u0130S UYARISI Marmara B\u00f6lgesi ile yurdun i\u00e7 ve do\u011fu kesimlerinde pus ve yer yer yo\u011fun olmak \u00fczere sis olay\u0131 beklendi\u011finden meydana gelebilecek olumsuzluklara kar\u015f\u0131 dikkatli ve tedbirli olunmas\u0131 gerekmektedir. BUZLANMA VE DON OLAYI \u0130LE \u00c7I\u011e TEHL\u0130KES\u0130 UYARISI\u00a0 Do\u011fu Karadeniz\u2019in i\u00e7 kesimlerinin y\u00fcksekleri ile Do\u011fu Anadolu&#8217;nun do\u011fusunun dik ve e\u011fimli yama\u00e7lar\u0131nda \u00e7\u0131\u011f tehlikesi ile yurdun i\u00e7 ve do\u011fu kesimlerinde buzlanma ve don olay\u0131 beklendi\u011finden ula\u015f\u0131mda meydana gelebilecek olumsuzluklara kar\u015f\u0131 dikkatli ve tedbirli olunmas\u0131 gerekmektedir. \u200bMeteoroloji Genel M\u00fcd\u00fcrl\u00fc\u011f\u00fc taraf\u0131ndan yap\u0131lan tahminlere g\u00f6re yurdun bat\u0131 kesimlerinin yer yer \u00e7ok bulutlu, \u00f6\u011fle saatlerinden sonra Ege&#8217;nin k\u0131y\u0131 kesimlerinin sa\u011fanak ya\u011f\u0131\u015fl\u0131, di\u011fer &hellip;\" \/>\n<meta property=\"og:url\" content=\"https:\/\/denizcankizil.tr\/de\/haberler\/gundem\/bugun-disariya-cikarken-dikkat-yagmur-birden-bastiracak\/\" \/>\n<meta property=\"og:site_name\" content=\"Av. Deniz Can K\u0131z\u0131l\" \/>\n<meta property=\"article:published_time\" content=\"2025-01-30T07:41:52+00:00\" \/>\n<meta name=\"author\" content=\"admin\" \/>\n<meta name=\"twitter:card\" content=\"summary_large_image\" \/>\n<meta name=\"twitter:label1\" content=\"Verfasst von\" \/>\n\t<meta name=\"twitter:data1\" content=\"admin\" \/>\n\t<meta name=\"twitter:label2\" content=\"Gesch\u00e4tzte Lesezeit\" \/>\n\t<meta name=\"twitter:data2\" content=\"2\u00a0Minuten\" \/>\n<script type=\"application\/ld+json\" class=\"yoast-schema-graph\">{\"@context\":\"https:\/\/schema.org\",\"@graph\":[{\"@type\":\"Article\",\"@id\":\"https:\/\/denizcankizil.tr\/de\/haberler\/gundem\/bugun-disariya-cikarken-dikkat-yagmur-birden-bastiracak\/#article\",\"isPartOf\":{\"@id\":\"https:\/\/denizcankizil.tr\/de\/haberler\/gundem\/bugun-disariya-cikarken-dikkat-yagmur-birden-bastiracak\/\"},\"author\":{\"name\":\"admin\",\"@id\":\"https:\/\/denizcankizil.tr\/#\/schema\/person\/be3c05fe6a12686905512445d8185489\"},\"headline\":\"Bug\u00fcn d\u0131\u015far\u0131ya \u00e7\u0131karken dikkat! Ya\u011fmur birden bast\u0131racak\",\"datePublished\":\"2025-01-30T07:41:52+00:00\",\"mainEntityOfPage\":{\"@id\":\"https:\/\/denizcankizil.tr\/de\/haberler\/gundem\/bugun-disariya-cikarken-dikkat-yagmur-birden-bastiracak\/\"},\"wordCount\":498,\"commentCount\":0,\"publisher\":{\"@id\":\"https:\/\/denizcankizil.tr\/#organization\"},\"articleSection\":[\"G\u00fcndem\"],\"inLanguage\":\"de\",\"potentialAction\":[{\"@type\":\"CommentAction\",\"name\":\"Comment\",\"target\":[\"https:\/\/denizcankizil.tr\/de\/haberler\/gundem\/bugun-disariya-cikarken-dikkat-yagmur-birden-bastiracak\/#respond\"]}]},{\"@type\":\"WebPage\",\"@id\":\"https:\/\/denizcankizil.tr\/de\/haberler\/gundem\/bugun-disariya-cikarken-dikkat-yagmur-birden-bastiracak\/\",\"url\":\"https:\/\/denizcankizil.tr\/de\/haberler\/gundem\/bugun-disariya-cikarken-dikkat-yagmur-birden-bastiracak\/\",\"name\":\"Bug\u00fcn d\u0131\u015far\u0131ya \u00e7\u0131karken dikkat! Ya\u011fmur birden bast\u0131racak - Av. Deniz Can K\u0131z\u0131l\",\"isPartOf\":{\"@id\":\"https:\/\/denizcankizil.tr\/#website\"},\"datePublished\":\"2025-01-30T07:41:52+00:00\",\"breadcrumb\":{\"@id\":\"https:\/\/denizcankizil.tr\/de\/haberler\/gundem\/bugun-disariya-cikarken-dikkat-yagmur-birden-bastiracak\/#breadcrumb\"},\"inLanguage\":\"de\",\"potentialAction\":[{\"@type\":\"ReadAction\",\"target\":[\"https:\/\/denizcankizil.tr\/de\/haberler\/gundem\/bugun-disariya-cikarken-dikkat-yagmur-birden-bastiracak\/\"]}]},{\"@type\":\"BreadcrumbList\",\"@id\":\"https:\/\/denizcankizil.tr\/de\/haberler\/gundem\/bugun-disariya-cikarken-dikkat-yagmur-birden-bastiracak\/#breadcrumb\",\"itemListElement\":[{\"@type\":\"ListItem\",\"position\":1,\"name\":\"Home\",\"item\":\"https:\/\/denizcankizil.tr\/uk\/\"},{\"@type\":\"ListItem\",\"position\":2,\"name\":\"Bug\u00fcn d\u0131\u015far\u0131ya \u00e7\u0131karken dikkat! Ya\u011fmur birden bast\u0131racak\"}]},{\"@type\":\"WebSite\",\"@id\":\"https:\/\/denizcankizil.tr\/#website\",\"url\":\"https:\/\/denizcankizil.tr\/\",\"name\":\"Av. Deniz Can K\u0131z\u0131l\",\"description\":\"Avukat Deniz Can K\u0131z\u0131l Antalya Barosu\",\"publisher\":{\"@id\":\"https:\/\/denizcankizil.tr\/#organization\"},\"potentialAction\":[{\"@type\":\"SearchAction\",\"target\":{\"@type\":\"EntryPoint\",\"urlTemplate\":\"https:\/\/denizcankizil.tr\/?s={search_term_string}\"},\"query-input\":{\"@type\":\"PropertyValueSpecification\",\"valueRequired\":true,\"valueName\":\"search_term_string\"}}],\"inLanguage\":\"de\"},{\"@type\":\"Organization\",\"@id\":\"https:\/\/denizcankizil.tr\/#organization\",\"name\":\"Av. Deniz Can K\u0131z\u0131l\",\"url\":\"https:\/\/denizcankizil.tr\/\",\"logo\":{\"@type\":\"ImageObject\",\"inLanguage\":\"de\",\"@id\":\"https:\/\/denizcankizil.tr\/#\/schema\/logo\/image\/\",\"url\":\"https:\/\/denizcankizil.tr\/wp-content\/uploads\/2024\/10\/siyah-logo-svg.svg\",\"contentUrl\":\"https:\/\/denizcankizil.tr\/wp-content\/uploads\/2024\/10\/siyah-logo-svg.svg\",\"width\":1080,\"height\":1080,\"caption\":\"Av. Deniz Can K\u0131z\u0131l\"},\"image\":{\"@id\":\"https:\/\/denizcankizil.tr\/#\/schema\/logo\/image\/\"}},{\"@type\":\"Person\",\"@id\":\"https:\/\/denizcankizil.tr\/#\/schema\/person\/be3c05fe6a12686905512445d8185489\",\"name\":\"admin\",\"image\":{\"@type\":\"ImageObject\",\"inLanguage\":\"de\",\"@id\":\"https:\/\/denizcankizil.tr\/#\/schema\/person\/image\/\",\"url\":\"https:\/\/secure.gravatar.com\/avatar\/c1fce94c830dc79107e174f890d7210541c4a63e8e5d816341794a2151c9d58c?s=96&d=mm&r=g\",\"contentUrl\":\"https:\/\/secure.gravatar.com\/avatar\/c1fce94c830dc79107e174f890d7210541c4a63e8e5d816341794a2151c9d58c?s=96&d=mm&r=g\",\"caption\":\"admin\"},\"sameAs\":[\"http:\/\/denizcankizil.tr\"],\"url\":\"https:\/\/www.iskenderun.org\/bugun-disariya-cikarken-dikkat-yagmur-birden-bastiracak\"}]}<\/script>\n<!-- \/ Yoast SEO Premium plugin. -->","yoast_head_json":{"title":"Bug\u00fcn d\u0131\u015far\u0131ya \u00e7\u0131karken dikkat! Ya\u011fmur birden bast\u0131racak - Av. Deniz Can K\u0131z\u0131l","robots":{"index":"index","follow":"follow","max-snippet":"max-snippet:-1","max-image-preview":"max-image-preview:large","max-video-preview":"max-video-preview:-1"},"canonical":"https:\/\/denizcankizil.tr\/de\/haberler\/gundem\/bugun-disariya-cikarken-dikkat-yagmur-birden-bastiracak\/","og_locale":"de_DE","og_type":"article","og_title":"Bug\u00fcn d\u0131\u015far\u0131ya \u00e7\u0131karken dikkat! Ya\u011fmur birden bast\u0131racak","og_description":"Meteoroloji Genel M\u00fcd\u00fcrl\u00fc\u011f\u00fc taraf\u0131ndan yap\u0131lan tahminlere g\u00f6re yurdun bat\u0131 kesimlerinin yer yer \u00e7ok bulutlu, \u00f6\u011fle saatlerinden sonra Ege&#8217;nin k\u0131y\u0131 kesimlerinin sa\u011fanak ya\u011f\u0131\u015fl\u0131, di\u011fer yerlerin par\u00e7al\u0131 ve az bulutlu ge\u00e7ece\u011fi tahmin ediliyor.ANKARA (\u0130GFA) &#8211;\u00a0Meteoroloji Genel M\u00fcd\u00fcrl\u00fc\u011f\u00fc 30\u00a0Ocak Per\u015fembe g\u00fcn\u00fcne ili\u015fkin g\u00fcnl\u00fck hava tahmin raporunu yay\u0131mlad\u0131. \u0130\u00e7 ve do\u011fu kesimlerde buzlanma ve don ile birlikte Marmara ile i\u00e7 ve do\u011fu kesimlerde pus ve yer yer sis bekleniyor. Do\u011fu Karadeniz\u2019in i\u00e7 kesimlerinin y\u00fcksekleri ile Do\u011fu Anadolu\u2019nun y\u00fcksek ve dik yama\u00e7lar\u0131nda \u00e7\u0131\u011f tehlikesi bulunmaktad\u0131r. Hava s\u0131cakl\u0131\u011f\u0131n\u0131n mevsim normallerinin \u00fczerinde seyredece\u011fi tahmin ediliyor. R\u00fczgar\u0131n genellikle g\u00fcneyli y\u00f6nlerden, yurdun g\u00fcneydo\u011fu kesimlerinde kuzeyli y\u00f6nlerden hafif, ara s\u0131ra orta kuvvette esmesi bekleniyor. S\u0130S UYARISI Marmara B\u00f6lgesi ile yurdun i\u00e7 ve do\u011fu kesimlerinde pus ve yer yer yo\u011fun olmak \u00fczere sis olay\u0131 beklendi\u011finden meydana gelebilecek olumsuzluklara kar\u015f\u0131 dikkatli ve tedbirli olunmas\u0131 gerekmektedir. BUZLANMA VE DON OLAYI \u0130LE \u00c7I\u011e TEHL\u0130KES\u0130 UYARISI\u00a0 Do\u011fu Karadeniz\u2019in i\u00e7 kesimlerinin y\u00fcksekleri ile Do\u011fu Anadolu&#8217;nun do\u011fusunun dik ve e\u011fimli yama\u00e7lar\u0131nda \u00e7\u0131\u011f tehlikesi ile yurdun i\u00e7 ve do\u011fu kesimlerinde buzlanma ve don olay\u0131 beklendi\u011finden ula\u015f\u0131mda meydana gelebilecek olumsuzluklara kar\u015f\u0131 dikkatli ve tedbirli olunmas\u0131 gerekmektedir. \u200bMeteoroloji Genel M\u00fcd\u00fcrl\u00fc\u011f\u00fc taraf\u0131ndan yap\u0131lan tahminlere g\u00f6re yurdun bat\u0131 kesimlerinin yer yer \u00e7ok bulutlu, \u00f6\u011fle saatlerinden sonra Ege&#8217;nin k\u0131y\u0131 kesimlerinin sa\u011fanak ya\u011f\u0131\u015fl\u0131, di\u011fer &hellip;","og_url":"https:\/\/denizcankizil.tr\/de\/haberler\/gundem\/bugun-disariya-cikarken-dikkat-yagmur-birden-bastiracak\/","og_site_name":"Av. Deniz Can K\u0131z\u0131l","article_published_time":"2025-01-30T07:41:52+00:00","author":"admin","twitter_card":"summary_large_image","twitter_misc":{"Verfasst von":"admin","Gesch\u00e4tzte Lesezeit":"2\u00a0Minuten"},"schema":{"@context":"https:\/\/schema.org","@graph":[{"@type":"Article","@id":"https:\/\/denizcankizil.tr\/de\/haberler\/gundem\/bugun-disariya-cikarken-dikkat-yagmur-birden-bastiracak\/#article","isPartOf":{"@id":"https:\/\/denizcankizil.tr\/de\/haberler\/gundem\/bugun-disariya-cikarken-dikkat-yagmur-birden-bastiracak\/"},"author":{"name":"admin","@id":"https:\/\/denizcankizil.tr\/#\/schema\/person\/be3c05fe6a12686905512445d8185489"},"headline":"Bug\u00fcn d\u0131\u015far\u0131ya \u00e7\u0131karken dikkat! Ya\u011fmur birden bast\u0131racak","datePublished":"2025-01-30T07:41:52+00:00","mainEntityOfPage":{"@id":"https:\/\/denizcankizil.tr\/de\/haberler\/gundem\/bugun-disariya-cikarken-dikkat-yagmur-birden-bastiracak\/"},"wordCount":498,"commentCount":0,"publisher":{"@id":"https:\/\/denizcankizil.tr\/#organization"},"articleSection":["G\u00fcndem"],"inLanguage":"de","potentialAction":[{"@type":"CommentAction","name":"Comment","target":["https:\/\/denizcankizil.tr\/de\/haberler\/gundem\/bugun-disariya-cikarken-dikkat-yagmur-birden-bastiracak\/#respond"]}]},{"@type":"WebPage","@id":"https:\/\/denizcankizil.tr\/de\/haberler\/gundem\/bugun-disariya-cikarken-dikkat-yagmur-birden-bastiracak\/","url":"https:\/\/denizcankizil.tr\/de\/haberler\/gundem\/bugun-disariya-cikarken-dikkat-yagmur-birden-bastiracak\/","name":"Bug\u00fcn d\u0131\u015far\u0131ya \u00e7\u0131karken dikkat! Ya\u011fmur birden bast\u0131racak - Av. Deniz Can K\u0131z\u0131l","isPartOf":{"@id":"https:\/\/denizcankizil.tr\/#website"},"datePublished":"2025-01-30T07:41:52+00:00","breadcrumb":{"@id":"https:\/\/denizcankizil.tr\/de\/haberler\/gundem\/bugun-disariya-cikarken-dikkat-yagmur-birden-bastiracak\/#breadcrumb"},"inLanguage":"de","potentialAction":[{"@type":"ReadAction","target":["https:\/\/denizcankizil.tr\/de\/haberler\/gundem\/bugun-disariya-cikarken-dikkat-yagmur-birden-bastiracak\/"]}]},{"@type":"BreadcrumbList","@id":"https:\/\/denizcankizil.tr\/de\/haberler\/gundem\/bugun-disariya-cikarken-dikkat-yagmur-birden-bastiracak\/#breadcrumb","itemListElement":[{"@type":"ListItem","position":1,"name":"Home","item":"https:\/\/denizcankizil.tr\/uk\/"},{"@type":"ListItem","position":2,"name":"Bug\u00fcn d\u0131\u015far\u0131ya \u00e7\u0131karken dikkat! Ya\u011fmur birden bast\u0131racak"}]},{"@type":"WebSite","@id":"https:\/\/denizcankizil.tr\/#website","url":"https:\/\/denizcankizil.tr\/","name":"Av. Deniz Can K\u0131z\u0131l","description":"Avukat Deniz Can K\u0131z\u0131l Antalya Barosu","publisher":{"@id":"https:\/\/denizcankizil.tr\/#organization"},"potentialAction":[{"@type":"SearchAction","target":{"@type":"EntryPoint","urlTemplate":"https:\/\/denizcankizil.tr\/?s={search_term_string}"},"query-input":{"@type":"PropertyValueSpecification","valueRequired":true,"valueName":"search_term_string"}}],"inLanguage":"de"},{"@type":"Organization","@id":"https:\/\/denizcankizil.tr\/#organization","name":"Av. Deniz Can K\u0131z\u0131l","url":"https:\/\/denizcankizil.tr\/","logo":{"@type":"ImageObject","inLanguage":"de","@id":"https:\/\/denizcankizil.tr\/#\/schema\/logo\/image\/","url":"https:\/\/denizcankizil.tr\/wp-content\/uploads\/2024\/10\/siyah-logo-svg.svg","contentUrl":"https:\/\/denizcankizil.tr\/wp-content\/uploads\/2024\/10\/siyah-logo-svg.svg","width":1080,"height":1080,"caption":"Av. Deniz Can K\u0131z\u0131l"},"image":{"@id":"https:\/\/denizcankizil.tr\/#\/schema\/logo\/image\/"}},{"@type":"Person","@id":"https:\/\/denizcankizil.tr\/#\/schema\/person\/be3c05fe6a12686905512445d8185489","name":"Administrator","image":{"@type":"ImageObject","inLanguage":"de","@id":"https:\/\/denizcankizil.tr\/#\/schema\/person\/image\/","url":"https:\/\/secure.gravatar.com\/avatar\/c1fce94c830dc79107e174f890d7210541c4a63e8e5d816341794a2151c9d58c?s=96&d=mm&r=g","contentUrl":"https:\/\/secure.gravatar.com\/avatar\/c1fce94c830dc79107e174f890d7210541c4a63e8e5d816341794a2151c9d58c?s=96&d=mm&r=g","caption":"admin"},"sameAs":["http:\/\/denizcankizil.tr"],"url":"https:\/\/www.iskenderun.org\/bugun-disariya-cikarken-dikkat-yagmur-birden-bastiracak"}]}},"_links":{"self":[{"href":"https:\/\/denizcankizil.tr\/de\/wp-json\/wp\/v2\/posts\/28661","targetHints":{"allow":["GET"]}}],"collection":[{"href":"https:\/\/denizcankizil.tr\/de\/wp-json\/wp\/v2\/posts"}],"about":[{"href":"https:\/\/denizcankizil.tr\/de\/wp-json\/wp\/v2\/types\/post"}],"author":[{"embeddable":true,"href":"https:\/\/denizcankizil.tr\/de\/wp-json\/wp\/v2\/users\/1"}],"replies":[{"embeddable":true,"href":"https:\/\/denizcankizil.tr\/de\/wp-json\/wp\/v2\/comments?post=28661"}],"version-history":[{"count":0,"href":"https:\/\/denizcankizil.tr\/de\/wp-json\/wp\/v2\/posts\/28661\/revisions"}],"wp:attachment":[{"href":"https:\/\/denizcankizil.tr\/de\/wp-json\/wp\/v2\/media?parent=28661"}],"wp:term":[{"taxonomy":"category","embeddable":true,"href":"https:\/\/denizcankizil.tr\/de\/wp-json\/wp\/v2\/categories?post=28661"},{"taxonomy":"post_tag","embeddable":true,"href":"https:\/\/denizcankizil.tr\/de\/wp-json\/wp\/v2\/tags?post=28661"}],"curies":[{"name":"wp","href":"https:\/\/api.w.org\/{rel}","templated":true}]}}