{"id":28636,"date":"2025-01-30T09:41:14","date_gmt":"2025-01-30T06:41:14","guid":{"rendered":"https:\/\/denizcankizil.tr\/uncategorized-tr\/antalyada-metro-projesi-hayallerde-mi-kalacak\/"},"modified":"2025-01-30T09:41:14","modified_gmt":"2025-01-30T06:41:14","slug":"antalyada-metro-projesi-hayallerde-mi-kalacak","status":"publish","type":"post","link":"https:\/\/denizcankizil.tr\/de\/haberler\/gundem\/antalyada-metro-projesi-hayallerde-mi-kalacak\/","title":{"rendered":"Antalya\u2019da metro projesi hayallerde mi kalacak?"},"content":{"rendered":"<p>Antalya B\u00fcy\u00fck\u015fehir Belediye Ba\u015fkan\u0131 Muhittin B\u00f6cek\u2019in se\u00e7im vaatleri aras\u0131nda yer alan ve Antalya\u2019y\u0131 ilk kez metro ile tan\u0131\u015ft\u0131racak olan 4. A\u015fama Konyaalt\u0131-Varsak Rayl\u0131 Sistem Hatt\u0131\u2019n\u0131n ihalesi 30 Nisan 2024 tarihinde yap\u0131lm\u0131\u015ft\u0131. Yakla\u015f\u0131k maliyeti 12 milyar 449 milyon 604 bin lira olarak a\u00e7\u0131klanan projeye 5 firma teklif sundu. Antalya B\u00fcy\u00fck\u015fehir Belediyesi\u2019nde ger\u00e7ekle\u015ftirilen e-ihaleye 5 firma kat\u0131ld\u0131. Bir firman\u0131n dosyas\u0131 yetersiz oldu\u011fu i\u00e7in d\u00f6rt firman\u0131n teklifi ge\u00e7erli say\u0131ld\u0131. 4. A\u015fama Rayl\u0131 Sistem Hatt\u0131 \u0130halesi, ihale komisyonunun teklif dosyalar\u0131n\u0131 detayl\u0131 incelemesi ve de\u011ferlendirmesinden sonra a\u00e7\u0131klanaca\u011f\u0131 duyuruldu.\u00a0<\/p>\n<p>B\u00d6CEK: \u00c7OK YAKINDA BA\u015eLIYORUZ\u00a0<\/p>\n<p>Antalya B\u00fcy\u00fck\u015fehir Belediye Ba\u015fkan\u0131 Muhittin B\u00f6cek ge\u00e7ti\u011fimiz g\u00fcnlerde yapt\u0131\u011f\u0131 bir a\u00e7\u0131klamada, \u201cGeni\u015fletti\u011fimiz yollar, yapt\u0131\u011f\u0131m\u0131z k\u00f6pr\u00fcler, ak\u0131ll\u0131 kav\u015faklar, ilave toplu ta\u015f\u0131m ara\u00e7lar\u0131, tamamlad\u0131\u011f\u0131m\u0131z 3. Etap rayl\u0131 sistem ile kent i\u00e7i ula\u015f\u0131m\u0131na \u00f6nemli katk\u0131lar sa\u011flad\u0131k. \u015eimdi de 18 kilometrelik 4. Etap Konyaalt\u0131-Varsak rayl\u0131 sistem hatt\u0131n\u0131n yap\u0131m\u0131na \u00e7ok yak\u0131nda ba\u015fl\u0131yoruz. Hatt\u0131n 5.5 km\u2019si 30 metre yeralt\u0131ndan ge\u00e7ecek ve trafi\u011fe engel olmayacakt\u0131r. 22 km\u2019lik 5. Etap Konyaalt\u0131-Lara-Kundu rayl\u0131 sistem hatt\u0131 i\u00e7in de \u00e7al\u0131\u015fmalar\u0131m\u0131z h\u0131zla devam ediyor\u201d dedi.\u00a0<\/p>\n<p>\u00c7ALI\u2019DAN \u00c7OK KONU\u015eULACAK A\u00c7IKLAMA<\/p>\n<p>Antalya\u2019y\u0131 ilk kez metro ile tan\u0131\u015ft\u0131racak olan 4. A\u015fama Konyaalt\u0131-Varsak Rayl\u0131 Sistem Hatt\u0131\u2019n\u0131n ihalesinin \u00fczerinden 9 ay gibi bir s\u00fcre ge\u00e7mesine ra\u011fmen bir ilerleme kaydedilmemesi hem kamuoyunun hem de vatanda\u015flar\u0131n tepkisini \u00e7ekti. Antalya B\u00fcy\u00fck\u015fehir Belediye Ba\u015fkan\u0131 Muhittin B\u00f6cek taraf\u0131ndan 2020 Ocak\u2019ta Antalya Su ve At\u0131ksu \u0130daresi (ASAT) Genel M\u00fcd\u00fcr Yard\u0131mc\u0131l\u0131\u011f\u0131 g\u00f6revine getirilen ve \u0130n\u015faat M\u00fchendisi Recep \u00c7al\u0131, Antalya B\u00fcy\u00fck\u015fehir Belediye Ba\u015fkan\u0131 Muhittin B\u00f6cek\u2019in en b\u00fcy\u00fck hayali projeleri aras\u0131nda yer alan 4.Etap Rayl\u0131 Sistem Projesi ile ilgili \u00e7ok konu\u015fulacak a\u00e7\u0131klamalarda bulundu.\u00a0<\/p>\n<p>2030 YILINDA BELK\u0130 B\u0130TER<\/p>\n<p>Gazete Grafiti sitesinde konuyu k\u00f6\u015fesine ta\u015f\u0131yan Recep \u00c7al\u0131, okuyucular\u0131na, \u201cAntalya metroya kavu\u015facak m\u0131? diye sordu. Ard\u0131ndan ise, \u201c4. Etap Rayl\u0131 Sistem Projesi ile ilgili olarak ge\u00e7en hafta ki yaz\u0131mda \u201cmaalesef bu se\u00e7im d\u00f6nemi i\u00e7inde ve bu bedelin tamam\u0131 harcanmas\u0131na ra\u011fmen tam olarak devreye al\u0131nabilecek duruma getirilemeyecektir\u201d dedi. \u00a0Bana emin misiniz diye sordunuz, eminim dostlar. Proje yakla\u015f\u0131k 3,5 y\u0131lda tamamlanmak \u00fczere ihale edildi ve ihale edileli 10 ay doldu. Ba\u015flayan bir \u015fey maalesef hala yok. Benim iddiam projenin ihale edildi\u011fi \u015fekilde tamamlan\u0131p, t\u00fcm ihale bedeli harcansa da bitirilip i\u015fletmeye al\u0131namayacak. 40-50 Milyar toplam bedel harcamas\u0131 ile iyimser bir tahmin olarak 2030 y\u0131l\u0131nda belki biter. Ge\u00e7en hafta da s\u00f6ylemi\u015ftim. De\u011ferli bir teknik (Belediye ba\u015fkan\u0131m\u0131za yak\u0131n) arkada\u015f yan\u0131l\u0131yorsun, bitecek diye arad\u0131. Tamam, bitirin ben yalanc\u0131 olayay\u0131m, yeter ki Antalya\u2019m kazans\u0131n\u201d ifadelerine yer verdi.\u00a0<\/p>\n<p>OLMAZSA OLMAZLARI SIRALADI<\/p>\n<p>Projenin uygulama problemleri hakk\u0131nda bilgi vererek neden olamayaca\u011f\u0131 sorusuna da cevap veren \u00c7al\u0131, \u201cSar\u0131su\u2019da y\u00fczeysel sular\u0131n uzakla\u015ft\u0131rma projesini yap\u0131p uygulamadan olmaz! Bo\u011fa\u00e7ay, Ar\u0131 Deresi, Arapsuyu Dereleri gibi akarsu yataklar\u0131n\u0131n \u0131slah\u0131n\u0131 tamamlay\u0131p, bu dereleri ge\u00e7ebilmek i\u00e7in her bir akarsu \u00fczerindeki k\u00f6pr\u00fc sorunlar\u0131n\u0131 \u00e7\u00f6zmeden olmaz. Atat\u00fcrk Bulvar\u0131 ve 100. Y\u0131l Bulvar\u0131nda ya\u011fmur suyu ana hatt\u0131n\u0131 kal\u0131c\u0131 bir \u015fekilde projelendirilip yapmadan olmaz. Bo\u011fa\u00e7ay, \u00c7and\u0131r \u00e7ay\u0131 havzas\u0131ndaki kuyulardan elde edilen i\u00e7me suyunu 600-800 mm \u00e7apl\u0131 \u00e7elik burularla Muratpa\u015fa\u2019daki terfi merkezine ileten ana isale hatt\u0131 gibi rayl\u0131 sistem g\u00fczerg\u00e2hlar\u0131 ile \u00e7ak\u0131\u015fan i\u00e7me suyu ana iletim hatlar\u0131n\u0131n eksikleri ve deplasesini tamamlay\u0131p korumaya almadan olmaz. \u00a0Konyaalt\u0131\u2019ndaki At\u0131ksu terfi istasyonu ve oradan \u00e7\u0131kan b\u00fcy\u00fck \u00e7apl\u0131 kanalizasyon hatlar\u0131 ba\u015fta olmak \u00fczere bu g\u00fczerg\u00e2h\u0131n kesece\u011fi belli olan t\u00fcm at\u0131ksu kanalizasyon iletim hatlar\u0131 deplase edilmeden veya yenileyip korumaya al\u0131nmadan olmaz\u201d dedi.\u00a0<\/p>\n<p>NEREDEN BAKSANIZ TUTARSIZLIK<\/p>\n<p>\u00c7al\u0131, \u201cTramvay nas\u0131l yap\u0131lacak? Bu s\u00f6z etti\u011fim eksikleri kim yapacak? Projeleri haz\u0131r m\u0131? Haz\u0131rsa onayl\u0131 m\u0131? Onayl\u0131 ise, hemen ba\u015flanmas\u0131 gerekmez miydi? \u00c7\u00fcnk\u00fc tramvay\u0131n sadece ASAT&#8217;\u0131 etkileyen yat\u0131r\u0131m ihtiyac\u0131 milyar TL\u2019yi a\u015far. Paras\u0131n\u0131 bulsa bile ASAT\u2019\u0131n bu sayd\u0131klar\u0131m\u0131 yapabilmek i\u00e7in 2-3 y\u0131la ihtiyac\u0131 olacak. \u00a0Bunlar\u0131 okuyan pek \u00e7ok dostumun, \u201ctam yerine denk geldi, manzara koyduk\u201d gibi bir \u015fey gelecek akl\u0131na, bense Yusuf Hayalo\u011flu\u2019nun bir \u015fiirinde dedi\u011fi gibi \u201cNereden baksan\u0131z tutars\u0131zl\u0131k, Ner\u2019den baksan ahmak\u00e7a\u201d dizelerini hat\u0131rlad\u0131m. Bu kadar \u00e7ok problem aras\u0131nda kaybolunca akl\u0131ma K\u00f6r Nuri amcam\u0131n \u201cBunlar\u0131n i\u015fi g\u00fcc\u00fc, asma sakal, takma b\u0131y\u0131k\u201d s\u00f6z\u00fc geldi\u201d s\u00f6zlerine yer verdi.\u00a0<\/p>\n<p>PROJE NASIL OLACAK?<\/p>\n<p>4. A\u015fama Rayl\u0131 Sistem Hatt\u0131\u2019n\u0131n ilk etab\u0131, Konyaalt\u0131 il\u00e7esinde Akdeniz Bulvar\u0131\u2019ndan (Serbest b\u00f6lge) ba\u015flayacak. Akdeniz Bulvar\u0131 \u00fczerinden Atat\u00fcrk Bulvar\u0131\u2019n\u0131 takip edecek 4. A\u015fama Rayl\u0131 Sistem Hatt\u0131, Antalyaspor Kav\u015fa\u011f\u0131\u2019ndan sonra yerin 30 metre alt\u0131na girecek. Yer alt\u0131ndan Meltem\u2019e d\u00f6nerek, Antalya E\u011fitim Ara\u015ft\u0131rma Hastanesi ve Defterdarl\u0131k \u00f6n\u00fcne ula\u015facak. Yine yer alt\u0131ndan G\u00fcll\u00fck-100. Y\u0131l\u2019\u0131 keserek Muratpa\u015fa Cami\u2019ne uzanan hat, Antalya B\u00fcy\u00fck\u015fehir Belediyesi \u00f6n\u00fcnden ge\u00e7tikten sonra K\u0131z\u0131l\u0131rmak Caddesi \u00fczerinde yerin \u00fcst\u00fcne \u00e7\u0131karak Kepez Belediyesi \u00f6n\u00fcnden Sakarya Bulvar\u0131 Kav\u015fa\u011f\u0131\u2019nda 3. A\u015fama Rayl\u0131 Sistem Hatt\u0131\u2019na ba\u011flanacak. 4. A\u015fama Rayl\u0131 Sistem Hatt\u0131 projesiyle Antalya ilk kez metro ile tan\u0131\u015facak.<\/p>\n<p>14 \u00dcST GE\u00c7\u0130T YAPILACAK<\/p>\n<p>Antalya 4. A\u015fama Rayl\u0131 Sistem Hatt\u0131 ilk etab\u0131 ihalesi ile 17 adet tramvay arac\u0131, vagon temini de yap\u0131lacak. Proje kapsam\u0131nda 6 batt\u0131 \u00e7\u0131kt\u0131 kav\u015fak, 11 hemzemin ve 5 yeralt\u0131 dura\u011f\u0131 olmak \u00fczere 16 durak, 14 yaya \u00fcstge\u00e7idi yer alacak. Projede Antalyaspor ile Falez Kav\u015fa\u011f\u0131 aras\u0131ndaki ta\u015f\u0131t yolu yer alt\u0131na al\u0131narak uygulanacak 100. Y\u0131l Ya\u015fam Alan\u0131 projesiyle, yeni bir ye\u015fil alan ve k\u00fclt\u00fcr-sanat merkezi kazand\u0131r\u0131lmas\u0131 planlan\u0131yor.<\/p>\n<p>\u200bAntalya Su ve At\u0131ksu \u0130daresi (ASAT) \u00f6nceki d\u00f6nem Genel M\u00fcd\u00fcr Yard\u0131mc\u0131s\u0131 ve \u0130n\u015faat M\u00fchendisi Recep \u00c7al\u0131, Antalya B\u00fcy\u00fck\u015fehir Belediye Ba\u015fkan\u0131 Muhittin B\u00f6cek\u2019in en b\u00fcy\u00fck hayali projeleri aras\u0131nda yer alan 4. Etap Rayl\u0131 Sistem Projesi ile ilgili \u00e7ok konu\u015fulacak a\u00e7\u0131klamalarda bulundu. Kentin ve kamuoyunun oyaland\u0131\u011f\u0131n\u0131 ifade eden \u00c7al\u0131, \u201cB\u00fcy\u00fck\u015fehir Belediyesinin bir an \u00f6nce ba\u015flamas\u0131 gerekir. Biz neyi bekliyoruz? Olmazsa olmazlar var. Hi\u00e7 olmazsa alt yap\u0131 i\u015flerine ba\u015flaman\u0131z gerekir&#8221; dedi\u00a0<\/p>\n<p>\u200bHaberin Al\u0131nt\u0131land\u0131\u011f\u0131 Kaynak: www.antalyakorfez.com<\/p>","protected":false},"excerpt":{"rendered":"<p>Antalya B\u00fcy\u00fck\u015fehir Belediye Ba\u015fkan\u0131 Muhittin B\u00f6cek\u2019in se\u00e7im vaatleri aras\u0131nda yer alan ve Antalya\u2019y\u0131 ilk kez metro ile tan\u0131\u015ft\u0131racak olan 4. A\u015fama Konyaalt\u0131-Varsak Rayl\u0131 Sistem Hatt\u0131\u2019n\u0131n ihalesi 30 Nisan 2024 tarihinde yap\u0131lm\u0131\u015ft\u0131. Yakla\u015f\u0131k maliyeti 12 milyar 449 milyon 604 bin lira olarak a\u00e7\u0131klanan projeye 5 firma teklif sundu. Antalya B\u00fcy\u00fck\u015fehir Belediyesi\u2019nde ger\u00e7ekle\u015ftirilen e-ihaleye 5 firma kat\u0131ld\u0131. Bir firman\u0131n dosyas\u0131 yetersiz oldu\u011fu i\u00e7in d\u00f6rt firman\u0131n teklifi ge\u00e7erli say\u0131ld\u0131. 4. A\u015fama Rayl\u0131 Sistem Hatt\u0131 \u0130halesi, ihale komisyonunun teklif dosyalar\u0131n\u0131 detayl\u0131 incelemesi ve de\u011ferlendirmesinden sonra a\u00e7\u0131klanaca\u011f\u0131 duyuruldu.\u00a0 B\u00d6CEK: \u00c7OK YAKINDA BA\u015eLIYORUZ\u00a0 Antalya B\u00fcy\u00fck\u015fehir Belediye Ba\u015fkan\u0131 Muhittin B\u00f6cek ge\u00e7ti\u011fimiz g\u00fcnlerde yapt\u0131\u011f\u0131 bir a\u00e7\u0131klamada, \u201cGeni\u015fletti\u011fimiz yollar, yapt\u0131\u011f\u0131m\u0131z k\u00f6pr\u00fcler, ak\u0131ll\u0131 kav\u015faklar, ilave toplu ta\u015f\u0131m ara\u00e7lar\u0131, tamamlad\u0131\u011f\u0131m\u0131z 3. Etap rayl\u0131 sistem ile kent i\u00e7i ula\u015f\u0131m\u0131na \u00f6nemli katk\u0131lar sa\u011flad\u0131k. \u015eimdi de 18 kilometrelik 4. Etap Konyaalt\u0131-Varsak rayl\u0131 sistem hatt\u0131n\u0131n yap\u0131m\u0131na \u00e7ok yak\u0131nda ba\u015fl\u0131yoruz. Hatt\u0131n 5.5 km\u2019si 30 metre yeralt\u0131ndan ge\u00e7ecek ve trafi\u011fe engel olmayacakt\u0131r. 22 km\u2019lik 5. Etap Konyaalt\u0131-Lara-Kundu rayl\u0131 sistem hatt\u0131 i\u00e7in de \u00e7al\u0131\u015fmalar\u0131m\u0131z h\u0131zla devam ediyor\u201d dedi.\u00a0 \u00c7ALI\u2019DAN \u00c7OK KONU\u015eULACAK A\u00c7IKLAMA Antalya\u2019y\u0131 ilk kez metro ile tan\u0131\u015ft\u0131racak olan 4. A\u015fama Konyaalt\u0131-Varsak Rayl\u0131 Sistem Hatt\u0131\u2019n\u0131n ihalesinin \u00fczerinden 9 ay gibi bir s\u00fcre ge\u00e7mesine ra\u011fmen bir ilerleme kaydedilmemesi hem kamuoyunun hem de vatanda\u015flar\u0131n tepkisini \u00e7ekti. Antalya B\u00fcy\u00fck\u015fehir Belediye Ba\u015fkan\u0131 &hellip;<\/p>","protected":false},"author":5,"featured_media":0,"comment_status":"open","ping_status":"open","sticky":false,"template":"","format":"standard","meta":{"_acf_changed":false,"footnotes":""},"categories":[24],"tags":[],"class_list":["post-28636","post","type-post","status-publish","format-standard","has-post-thumbnail","hentry","category-gundem"],"acf":[],"yoast_head":"<!-- This site is optimized with the Yoast SEO Premium plugin v26.6 (Yoast SEO v27.1.1) - https:\/\/yoast.com\/product\/yoast-seo-premium-wordpress\/ -->\n<title>Antalya\u2019da metro projesi hayallerde mi kalacak? - Av. Deniz Can K\u0131z\u0131l<\/title>\n<meta name=\"robots\" content=\"index, follow, max-snippet:-1, max-image-preview:large, max-video-preview:-1\" \/>\n<link rel=\"canonical\" href=\"https:\/\/denizcankizil.tr\/de\/haberler\/gundem\/antalyada-metro-projesi-hayallerde-mi-kalacak\/\" \/>\n<meta property=\"og:locale\" content=\"de_DE\" \/>\n<meta property=\"og:type\" content=\"article\" \/>\n<meta property=\"og:title\" content=\"Antalya\u2019da metro projesi hayallerde mi kalacak?\" \/>\n<meta property=\"og:description\" content=\"Antalya B\u00fcy\u00fck\u015fehir Belediye Ba\u015fkan\u0131 Muhittin B\u00f6cek\u2019in se\u00e7im vaatleri aras\u0131nda yer alan ve Antalya\u2019y\u0131 ilk kez metro ile tan\u0131\u015ft\u0131racak olan 4. A\u015fama Konyaalt\u0131-Varsak Rayl\u0131 Sistem Hatt\u0131\u2019n\u0131n ihalesi 30 Nisan 2024 tarihinde yap\u0131lm\u0131\u015ft\u0131. Yakla\u015f\u0131k maliyeti 12 milyar 449 milyon 604 bin lira olarak a\u00e7\u0131klanan projeye 5 firma teklif sundu. Antalya B\u00fcy\u00fck\u015fehir Belediyesi\u2019nde ger\u00e7ekle\u015ftirilen e-ihaleye 5 firma kat\u0131ld\u0131. Bir firman\u0131n dosyas\u0131 yetersiz oldu\u011fu i\u00e7in d\u00f6rt firman\u0131n teklifi ge\u00e7erli say\u0131ld\u0131. 4. A\u015fama Rayl\u0131 Sistem Hatt\u0131 \u0130halesi, ihale komisyonunun teklif dosyalar\u0131n\u0131 detayl\u0131 incelemesi ve de\u011ferlendirmesinden sonra a\u00e7\u0131klanaca\u011f\u0131 duyuruldu.\u00a0 B\u00d6CEK: \u00c7OK YAKINDA BA\u015eLIYORUZ\u00a0 Antalya B\u00fcy\u00fck\u015fehir Belediye Ba\u015fkan\u0131 Muhittin B\u00f6cek ge\u00e7ti\u011fimiz g\u00fcnlerde yapt\u0131\u011f\u0131 bir a\u00e7\u0131klamada, \u201cGeni\u015fletti\u011fimiz yollar, yapt\u0131\u011f\u0131m\u0131z k\u00f6pr\u00fcler, ak\u0131ll\u0131 kav\u015faklar, ilave toplu ta\u015f\u0131m ara\u00e7lar\u0131, tamamlad\u0131\u011f\u0131m\u0131z 3. Etap rayl\u0131 sistem ile kent i\u00e7i ula\u015f\u0131m\u0131na \u00f6nemli katk\u0131lar sa\u011flad\u0131k. \u015eimdi de 18 kilometrelik 4. Etap Konyaalt\u0131-Varsak rayl\u0131 sistem hatt\u0131n\u0131n yap\u0131m\u0131na \u00e7ok yak\u0131nda ba\u015fl\u0131yoruz. Hatt\u0131n 5.5 km\u2019si 30 metre yeralt\u0131ndan ge\u00e7ecek ve trafi\u011fe engel olmayacakt\u0131r. 22 km\u2019lik 5. Etap Konyaalt\u0131-Lara-Kundu rayl\u0131 sistem hatt\u0131 i\u00e7in de \u00e7al\u0131\u015fmalar\u0131m\u0131z h\u0131zla devam ediyor\u201d dedi.\u00a0 \u00c7ALI\u2019DAN \u00c7OK KONU\u015eULACAK A\u00c7IKLAMA Antalya\u2019y\u0131 ilk kez metro ile tan\u0131\u015ft\u0131racak olan 4. A\u015fama Konyaalt\u0131-Varsak Rayl\u0131 Sistem Hatt\u0131\u2019n\u0131n ihalesinin \u00fczerinden 9 ay gibi bir s\u00fcre ge\u00e7mesine ra\u011fmen bir ilerleme kaydedilmemesi hem kamuoyunun hem de vatanda\u015flar\u0131n tepkisini \u00e7ekti. Antalya B\u00fcy\u00fck\u015fehir Belediye Ba\u015fkan\u0131 &hellip;\" \/>\n<meta property=\"og:url\" content=\"https:\/\/denizcankizil.tr\/de\/haberler\/gundem\/antalyada-metro-projesi-hayallerde-mi-kalacak\/\" \/>\n<meta property=\"og:site_name\" content=\"Av. Deniz Can K\u0131z\u0131l\" \/>\n<meta property=\"article:published_time\" content=\"2025-01-30T06:41:14+00:00\" \/>\n<meta name=\"author\" content=\"Antalya K\u00f6rfez\" \/>\n<meta name=\"twitter:card\" content=\"summary_large_image\" \/>\n<meta name=\"twitter:label1\" content=\"Verfasst von\" \/>\n\t<meta name=\"twitter:data1\" content=\"Antalya K\u00f6rfez\" \/>\n\t<meta name=\"twitter:label2\" content=\"Gesch\u00e4tzte Lesezeit\" \/>\n\t<meta name=\"twitter:data2\" content=\"6\u00a0Minuten\" \/>\n<script type=\"application\/ld+json\" class=\"yoast-schema-graph\">{\"@context\":\"https:\/\/schema.org\",\"@graph\":[{\"@type\":\"Article\",\"@id\":\"https:\/\/denizcankizil.tr\/de\/haberler\/gundem\/antalyada-metro-projesi-hayallerde-mi-kalacak\/#article\",\"isPartOf\":{\"@id\":\"https:\/\/denizcankizil.tr\/de\/haberler\/gundem\/antalyada-metro-projesi-hayallerde-mi-kalacak\/\"},\"author\":{\"name\":\"Antalya K\u00f6rfez\",\"@id\":\"https:\/\/denizcankizil.tr\/de\/#\/schema\/person\/e1eb71bb4dd684d46563f0af307e1234\"},\"headline\":\"Antalya\u2019da metro projesi hayallerde mi kalacak?\",\"datePublished\":\"2025-01-30T06:41:14+00:00\",\"mainEntityOfPage\":{\"@id\":\"https:\/\/denizcankizil.tr\/de\/haberler\/gundem\/antalyada-metro-projesi-hayallerde-mi-kalacak\/\"},\"wordCount\":1164,\"commentCount\":0,\"publisher\":{\"@id\":\"https:\/\/denizcankizil.tr\/de\/#organization\"},\"articleSection\":[\"G\u00fcndem\"],\"inLanguage\":\"de\",\"potentialAction\":[{\"@type\":\"CommentAction\",\"name\":\"Comment\",\"target\":[\"https:\/\/denizcankizil.tr\/de\/haberler\/gundem\/antalyada-metro-projesi-hayallerde-mi-kalacak\/#respond\"]}]},{\"@type\":\"WebPage\",\"@id\":\"https:\/\/denizcankizil.tr\/de\/haberler\/gundem\/antalyada-metro-projesi-hayallerde-mi-kalacak\/\",\"url\":\"https:\/\/denizcankizil.tr\/de\/haberler\/gundem\/antalyada-metro-projesi-hayallerde-mi-kalacak\/\",\"name\":\"Antalya\u2019da metro projesi hayallerde mi kalacak? - Av. Deniz Can K\u0131z\u0131l\",\"isPartOf\":{\"@id\":\"https:\/\/denizcankizil.tr\/de\/#website\"},\"datePublished\":\"2025-01-30T06:41:14+00:00\",\"breadcrumb\":{\"@id\":\"https:\/\/denizcankizil.tr\/de\/haberler\/gundem\/antalyada-metro-projesi-hayallerde-mi-kalacak\/#breadcrumb\"},\"inLanguage\":\"de\",\"potentialAction\":[{\"@type\":\"ReadAction\",\"target\":[\"https:\/\/denizcankizil.tr\/de\/haberler\/gundem\/antalyada-metro-projesi-hayallerde-mi-kalacak\/\"]}]},{\"@type\":\"BreadcrumbList\",\"@id\":\"https:\/\/denizcankizil.tr\/de\/haberler\/gundem\/antalyada-metro-projesi-hayallerde-mi-kalacak\/#breadcrumb\",\"itemListElement\":[{\"@type\":\"ListItem\",\"position\":1,\"name\":\"Home\",\"item\":\"https:\/\/denizcankizil.tr\/de\/\"},{\"@type\":\"ListItem\",\"position\":2,\"name\":\"Antalya\u2019da metro projesi hayallerde mi kalacak?\"}]},{\"@type\":\"WebSite\",\"@id\":\"https:\/\/denizcankizil.tr\/de\/#website\",\"url\":\"https:\/\/denizcankizil.tr\/de\/\",\"name\":\"Av. Deniz Can K\u0131z\u0131l\",\"description\":\"Avukat Deniz Can K\u0131z\u0131l Antalya Barosu\",\"publisher\":{\"@id\":\"https:\/\/denizcankizil.tr\/de\/#organization\"},\"potentialAction\":[{\"@type\":\"SearchAction\",\"target\":{\"@type\":\"EntryPoint\",\"urlTemplate\":\"https:\/\/denizcankizil.tr\/de\/?s={search_term_string}\"},\"query-input\":{\"@type\":\"PropertyValueSpecification\",\"valueRequired\":true,\"valueName\":\"search_term_string\"}}],\"inLanguage\":\"de\"},{\"@type\":\"Organization\",\"@id\":\"https:\/\/denizcankizil.tr\/de\/#organization\",\"name\":\"Av. Deniz Can K\u0131z\u0131l\",\"url\":\"https:\/\/denizcankizil.tr\/de\/\",\"logo\":{\"@type\":\"ImageObject\",\"inLanguage\":\"de\",\"@id\":\"https:\/\/denizcankizil.tr\/de\/#\/schema\/logo\/image\/\",\"url\":\"https:\/\/denizcankizil.tr\/wp-content\/uploads\/2024\/10\/siyah-logo-svg.svg\",\"contentUrl\":\"https:\/\/denizcankizil.tr\/wp-content\/uploads\/2024\/10\/siyah-logo-svg.svg\",\"width\":1080,\"height\":1080,\"caption\":\"Av. Deniz Can K\u0131z\u0131l\"},\"image\":{\"@id\":\"https:\/\/denizcankizil.tr\/de\/#\/schema\/logo\/image\/\"}},{\"@type\":\"Person\",\"@id\":\"https:\/\/denizcankizil.tr\/de\/#\/schema\/person\/e1eb71bb4dd684d46563f0af307e1234\",\"name\":\"Antalya K\u00f6rfez\",\"image\":{\"@type\":\"ImageObject\",\"inLanguage\":\"de\",\"@id\":\"https:\/\/denizcankizil.tr\/de\/#\/schema\/person\/image\/\",\"url\":\"https:\/\/secure.gravatar.com\/avatar\/42b01982558a48a0b501fdcab6a408d3717ea5919095ee2e67b0e521799c5905?s=96&d=mm&r=g\",\"contentUrl\":\"https:\/\/secure.gravatar.com\/avatar\/42b01982558a48a0b501fdcab6a408d3717ea5919095ee2e67b0e521799c5905?s=96&d=mm&r=g\",\"caption\":\"Antalya K\u00f6rfez\"},\"sameAs\":[\"http:\/\/www.antalyakorfez.com\"],\"url\":\"https:\/\/www.antalyakorfez.com\/antalyada-metro-projesi-hayallerde-mi-kalacak\"}]}<\/script>\n<!-- \/ Yoast SEO Premium plugin. -->","yoast_head_json":{"title":"Antalya\u2019da metro projesi hayallerde mi kalacak? - Av. Deniz Can K\u0131z\u0131l","robots":{"index":"index","follow":"follow","max-snippet":"max-snippet:-1","max-image-preview":"max-image-preview:large","max-video-preview":"max-video-preview:-1"},"canonical":"https:\/\/denizcankizil.tr\/de\/haberler\/gundem\/antalyada-metro-projesi-hayallerde-mi-kalacak\/","og_locale":"de_DE","og_type":"article","og_title":"Antalya\u2019da metro projesi hayallerde mi kalacak?","og_description":"Antalya B\u00fcy\u00fck\u015fehir Belediye Ba\u015fkan\u0131 Muhittin B\u00f6cek\u2019in se\u00e7im vaatleri aras\u0131nda yer alan ve Antalya\u2019y\u0131 ilk kez metro ile tan\u0131\u015ft\u0131racak olan 4. A\u015fama Konyaalt\u0131-Varsak Rayl\u0131 Sistem Hatt\u0131\u2019n\u0131n ihalesi 30 Nisan 2024 tarihinde yap\u0131lm\u0131\u015ft\u0131. Yakla\u015f\u0131k maliyeti 12 milyar 449 milyon 604 bin lira olarak a\u00e7\u0131klanan projeye 5 firma teklif sundu. Antalya B\u00fcy\u00fck\u015fehir Belediyesi\u2019nde ger\u00e7ekle\u015ftirilen e-ihaleye 5 firma kat\u0131ld\u0131. Bir firman\u0131n dosyas\u0131 yetersiz oldu\u011fu i\u00e7in d\u00f6rt firman\u0131n teklifi ge\u00e7erli say\u0131ld\u0131. 4. A\u015fama Rayl\u0131 Sistem Hatt\u0131 \u0130halesi, ihale komisyonunun teklif dosyalar\u0131n\u0131 detayl\u0131 incelemesi ve de\u011ferlendirmesinden sonra a\u00e7\u0131klanaca\u011f\u0131 duyuruldu.\u00a0 B\u00d6CEK: \u00c7OK YAKINDA BA\u015eLIYORUZ\u00a0 Antalya B\u00fcy\u00fck\u015fehir Belediye Ba\u015fkan\u0131 Muhittin B\u00f6cek ge\u00e7ti\u011fimiz g\u00fcnlerde yapt\u0131\u011f\u0131 bir a\u00e7\u0131klamada, \u201cGeni\u015fletti\u011fimiz yollar, yapt\u0131\u011f\u0131m\u0131z k\u00f6pr\u00fcler, ak\u0131ll\u0131 kav\u015faklar, ilave toplu ta\u015f\u0131m ara\u00e7lar\u0131, tamamlad\u0131\u011f\u0131m\u0131z 3. Etap rayl\u0131 sistem ile kent i\u00e7i ula\u015f\u0131m\u0131na \u00f6nemli katk\u0131lar sa\u011flad\u0131k. \u015eimdi de 18 kilometrelik 4. Etap Konyaalt\u0131-Varsak rayl\u0131 sistem hatt\u0131n\u0131n yap\u0131m\u0131na \u00e7ok yak\u0131nda ba\u015fl\u0131yoruz. Hatt\u0131n 5.5 km\u2019si 30 metre yeralt\u0131ndan ge\u00e7ecek ve trafi\u011fe engel olmayacakt\u0131r. 22 km\u2019lik 5. Etap Konyaalt\u0131-Lara-Kundu rayl\u0131 sistem hatt\u0131 i\u00e7in de \u00e7al\u0131\u015fmalar\u0131m\u0131z h\u0131zla devam ediyor\u201d dedi.\u00a0 \u00c7ALI\u2019DAN \u00c7OK KONU\u015eULACAK A\u00c7IKLAMA Antalya\u2019y\u0131 ilk kez metro ile tan\u0131\u015ft\u0131racak olan 4. A\u015fama Konyaalt\u0131-Varsak Rayl\u0131 Sistem Hatt\u0131\u2019n\u0131n ihalesinin \u00fczerinden 9 ay gibi bir s\u00fcre ge\u00e7mesine ra\u011fmen bir ilerleme kaydedilmemesi hem kamuoyunun hem de vatanda\u015flar\u0131n tepkisini \u00e7ekti. Antalya B\u00fcy\u00fck\u015fehir Belediye Ba\u015fkan\u0131 &hellip;","og_url":"https:\/\/denizcankizil.tr\/de\/haberler\/gundem\/antalyada-metro-projesi-hayallerde-mi-kalacak\/","og_site_name":"Av. Deniz Can K\u0131z\u0131l","article_published_time":"2025-01-30T06:41:14+00:00","author":"Antalya K\u00f6rfez","twitter_card":"summary_large_image","twitter_misc":{"Verfasst von":"Antalya K\u00f6rfez","Gesch\u00e4tzte Lesezeit":"6\u00a0Minuten"},"schema":{"@context":"https:\/\/schema.org","@graph":[{"@type":"Article","@id":"https:\/\/denizcankizil.tr\/de\/haberler\/gundem\/antalyada-metro-projesi-hayallerde-mi-kalacak\/#article","isPartOf":{"@id":"https:\/\/denizcankizil.tr\/de\/haberler\/gundem\/antalyada-metro-projesi-hayallerde-mi-kalacak\/"},"author":{"name":"Antalya K\u00f6rfez","@id":"https:\/\/denizcankizil.tr\/de\/#\/schema\/person\/e1eb71bb4dd684d46563f0af307e1234"},"headline":"Antalya\u2019da metro projesi hayallerde mi kalacak?","datePublished":"2025-01-30T06:41:14+00:00","mainEntityOfPage":{"@id":"https:\/\/denizcankizil.tr\/de\/haberler\/gundem\/antalyada-metro-projesi-hayallerde-mi-kalacak\/"},"wordCount":1164,"commentCount":0,"publisher":{"@id":"https:\/\/denizcankizil.tr\/de\/#organization"},"articleSection":["G\u00fcndem"],"inLanguage":"de","potentialAction":[{"@type":"CommentAction","name":"Comment","target":["https:\/\/denizcankizil.tr\/de\/haberler\/gundem\/antalyada-metro-projesi-hayallerde-mi-kalacak\/#respond"]}]},{"@type":"WebPage","@id":"https:\/\/denizcankizil.tr\/de\/haberler\/gundem\/antalyada-metro-projesi-hayallerde-mi-kalacak\/","url":"https:\/\/denizcankizil.tr\/de\/haberler\/gundem\/antalyada-metro-projesi-hayallerde-mi-kalacak\/","name":"Antalya\u2019da metro projesi hayallerde mi kalacak? - Av. Deniz Can K\u0131z\u0131l","isPartOf":{"@id":"https:\/\/denizcankizil.tr\/de\/#website"},"datePublished":"2025-01-30T06:41:14+00:00","breadcrumb":{"@id":"https:\/\/denizcankizil.tr\/de\/haberler\/gundem\/antalyada-metro-projesi-hayallerde-mi-kalacak\/#breadcrumb"},"inLanguage":"de","potentialAction":[{"@type":"ReadAction","target":["https:\/\/denizcankizil.tr\/de\/haberler\/gundem\/antalyada-metro-projesi-hayallerde-mi-kalacak\/"]}]},{"@type":"BreadcrumbList","@id":"https:\/\/denizcankizil.tr\/de\/haberler\/gundem\/antalyada-metro-projesi-hayallerde-mi-kalacak\/#breadcrumb","itemListElement":[{"@type":"ListItem","position":1,"name":"Home","item":"https:\/\/denizcankizil.tr\/de\/"},{"@type":"ListItem","position":2,"name":"Antalya\u2019da metro projesi hayallerde mi kalacak?"}]},{"@type":"WebSite","@id":"https:\/\/denizcankizil.tr\/de\/#website","url":"https:\/\/denizcankizil.tr\/de\/","name":"Av. Deniz Can K\u0131z\u0131l","description":"Avukat Deniz Can K\u0131z\u0131l Antalya Barosu","publisher":{"@id":"https:\/\/denizcankizil.tr\/de\/#organization"},"potentialAction":[{"@type":"SearchAction","target":{"@type":"EntryPoint","urlTemplate":"https:\/\/denizcankizil.tr\/de\/?s={search_term_string}"},"query-input":{"@type":"PropertyValueSpecification","valueRequired":true,"valueName":"search_term_string"}}],"inLanguage":"de"},{"@type":"Organization","@id":"https:\/\/denizcankizil.tr\/de\/#organization","name":"Av. Deniz Can K\u0131z\u0131l","url":"https:\/\/denizcankizil.tr\/de\/","logo":{"@type":"ImageObject","inLanguage":"de","@id":"https:\/\/denizcankizil.tr\/de\/#\/schema\/logo\/image\/","url":"https:\/\/denizcankizil.tr\/wp-content\/uploads\/2024\/10\/siyah-logo-svg.svg","contentUrl":"https:\/\/denizcankizil.tr\/wp-content\/uploads\/2024\/10\/siyah-logo-svg.svg","width":1080,"height":1080,"caption":"Av. Deniz Can K\u0131z\u0131l"},"image":{"@id":"https:\/\/denizcankizil.tr\/de\/#\/schema\/logo\/image\/"}},{"@type":"Person","@id":"https:\/\/denizcankizil.tr\/de\/#\/schema\/person\/e1eb71bb4dd684d46563f0af307e1234","name":"Antalya K\u00f6rfez","image":{"@type":"ImageObject","inLanguage":"de","@id":"https:\/\/denizcankizil.tr\/de\/#\/schema\/person\/image\/","url":"https:\/\/secure.gravatar.com\/avatar\/42b01982558a48a0b501fdcab6a408d3717ea5919095ee2e67b0e521799c5905?s=96&d=mm&r=g","contentUrl":"https:\/\/secure.gravatar.com\/avatar\/42b01982558a48a0b501fdcab6a408d3717ea5919095ee2e67b0e521799c5905?s=96&d=mm&r=g","caption":"Antalya K\u00f6rfez"},"sameAs":["http:\/\/www.antalyakorfez.com"],"url":"https:\/\/www.antalyakorfez.com\/antalyada-metro-projesi-hayallerde-mi-kalacak"}]}},"_links":{"self":[{"href":"https:\/\/denizcankizil.tr\/de\/wp-json\/wp\/v2\/posts\/28636","targetHints":{"allow":["GET"]}}],"collection":[{"href":"https:\/\/denizcankizil.tr\/de\/wp-json\/wp\/v2\/posts"}],"about":[{"href":"https:\/\/denizcankizil.tr\/de\/wp-json\/wp\/v2\/types\/post"}],"author":[{"embeddable":true,"href":"https:\/\/denizcankizil.tr\/de\/wp-json\/wp\/v2\/users\/5"}],"replies":[{"embeddable":true,"href":"https:\/\/denizcankizil.tr\/de\/wp-json\/wp\/v2\/comments?post=28636"}],"version-history":[{"count":0,"href":"https:\/\/denizcankizil.tr\/de\/wp-json\/wp\/v2\/posts\/28636\/revisions"}],"wp:attachment":[{"href":"https:\/\/denizcankizil.tr\/de\/wp-json\/wp\/v2\/media?parent=28636"}],"wp:term":[{"taxonomy":"category","embeddable":true,"href":"https:\/\/denizcankizil.tr\/de\/wp-json\/wp\/v2\/categories?post=28636"},{"taxonomy":"post_tag","embeddable":true,"href":"https:\/\/denizcankizil.tr\/de\/wp-json\/wp\/v2\/tags?post=28636"}],"curies":[{"name":"wp","href":"https:\/\/api.w.org\/{rel}","templated":true}]}}