{"id":28517,"date":"2025-01-29T20:41:44","date_gmt":"2025-01-29T17:41:44","guid":{"rendered":"https:\/\/denizcankizil.tr\/uncategorized-tr\/sunucu-kubra-par-canli-yayinda-neden-o-hareketi-yaptigini-acikladi\/"},"modified":"2025-01-29T20:41:44","modified_gmt":"2025-01-29T17:41:44","slug":"sunucu-kubra-par-canli-yayinda-neden-o-hareketi-yaptigini-acikladi","status":"publish","type":"post","link":"https:\/\/denizcankizil.tr\/de\/haberler\/gundem\/sunucu-kubra-par-canli-yayinda-neden-o-hareketi-yaptigini-acikladi\/","title":{"rendered":"Sunucu K\u00fcbra Par canl\u0131 yay\u0131nda neden o hareketi yapt\u0131\u011f\u0131n\u0131 a\u00e7\u0131klad\u0131"},"content":{"rendered":"<p>TV100 sunucusu K\u00fcbra Par, ge\u00e7ti\u011fimiz g\u00fcn ana haberin kapand\u0131\u011f\u0131n\u0131 zannederek bir el hareketi yapm\u0131\u015ft\u0131. Yapt\u0131\u011f\u0131 bu hareket bir anda T\u00fcrkiye&#8217;de g\u00fcndem oldu ve Par\u2019\u0131n bu hareketi sosyal medyada en \u00e7ok konu\u015fulan konular aras\u0131na girdi. RT\u00dcK Ba\u015fkan\u0131 Ebubekir \u015eahin, K\u00fcbra Par&#8217;\u0131n ana haber yay\u0131n\u0131 sonras\u0131nda yapt\u0131\u011f\u0131 el hareketine ili\u015fkin inceleme ba\u015flat\u0131ld\u0131\u011f\u0131n\u0131 duyurmu\u015ftu.\u00a0<\/p>\n<p>\u201cBANA H\u0130\u00c7 YAKI\u015eMADI\u201d<\/p>\n<p>Ya\u015fanan bu olay sonras\u0131 ilk ana haberine \u00e7\u0131kan K\u00fcbra Par, g\u00fcndem olan olayla ilgili a\u00e7\u0131klamalarda bulundu. D\u00fcn ya\u015fad\u0131\u011f\u0131 olaydan dolay\u0131 mahcup oldu\u011funu belirten Par, &#8220;Bug\u00fcn benim i\u00e7in zor bir g\u00fcn\u2026 Kar\u015f\u0131n\u0131za bir gazeteci olarak de\u011fil bir karde\u015finiz, ailenizden biri olarak yay\u0131n\u0131m\u0131za bir \u00f6z\u00fcrle ba\u015flamak istiyorum. D\u00fcn yay\u0131n\u0131m\u0131z\u0131 kapat\u0131rken b\u00fcy\u00fck bir hata yapt\u0131m. \u00c7ok mahcubum. Bu mahcubiyetle kar\u015f\u0131n\u0131zday\u0131m. D\u00fcn bir an basiretim ba\u011fland\u0131. Jenerik m\u00fczi\u011fi girince yay\u0131ndan \u00e7\u0131kt\u0131\u011f\u0131m\u0131z\u0131 d\u00fc\u015f\u00fcnerek bana hi\u00e7 yak\u0131\u015fmayan bir davran\u0131\u015fta bulundum. Bana hi\u00e7 yak\u0131\u015fmad\u0131\u201d dedi.\u00a0<\/p>\n<p>O HAREKET\u0130 NEDEN YAPTI?\u00a0<\/p>\n<p>K\u00fcbra Par o hareketi neden yapt\u0131\u011f\u0131n\u0131, \u201cPeki niye b\u00f6yle bir \u015fey yapt\u0131m? Birka\u00e7 g\u00fcnd\u00fcr \u00e7\u0131k\u0131\u015fta Ana Haber\u2019den bir iki dakika ge\u00e7 \u00e7\u0131k\u0131yor, Alfa Petek Yar\u0131\u015fma Program\u0131\u2019n\u0131n yay\u0131n dilimine giriyorduk. Yay\u0131n aras\u0131nda y\u00f6netmenimizle bu konuda esprile\u015ftik ve iddiala\u015ft\u0131k. Haber bitiminde jenerik girdi ve kula\u011f\u0131ma bir espri yapt\u0131. Yay\u0131ndan vaktinde \u00e7\u0131kt\u0131\u011f\u0131m\u0131z\u0131 d\u00fc\u015f\u00fcnerek kendisine bir \u015faka yapt\u0131m. O anlar kameralara yakalanm\u0131\u015f. Ben bu hatay\u0131 nas\u0131l yapt\u0131m diye kendimi sorguluyorum. Tepki verenler oldu onlar\u0131 da anl\u0131yorum. Zaten utan\u0131lacak bir duruma ayr\u0131ca farkl\u0131 anlamlar y\u00fcklenmesi \u00fcz\u00fcnt\u00fcm\u00fc daha da art\u0131rd\u0131\u2026 Dedi\u011fim gibi yapt\u0131\u011f\u0131m \u015feyin yay\u0131n i\u00e7eri\u011fiyle veya d\u00fcnk\u00fc g\u00fcndemle ilgisi yoktu. Bu \u015fekilde yorumland\u0131\u011f\u0131 i\u00e7in \u00fczg\u00fcn\u00fcm\u201d s\u00f6zleri ile a\u00e7\u0131klad\u0131. \u00a0<\/p>\n<p>\u201cHERKESTEN \u00d6Z\u00dcR D\u0130LER\u0130M\u201d<\/p>\n<p>Ya\u015fanan kaza sonras\u0131 seyircilerden \u00f6z\u00fcr dileyen Par, \u201cGazetecili\u011fin temel kurallar\u0131 bellidir. Kay\u0131tl\u0131 ve kay\u0131t d\u0131\u015f\u0131 konu\u015fmalar\u0131n nas\u0131l aktar\u0131laca\u011f\u0131na dair esaslar da bellidir. Bar\u0131\u015f Pehlivan\u2019\u0131n bilirki\u015fiyi g\u00f6r\u00fc\u015fmenin kay\u0131t alt\u0131nda oldu\u011funu belirtmeden, tuza\u011fa d\u00fc\u015f\u00fcrmek ister gibi aramas\u0131 gazetecili\u011fin temel ilkelerine ayk\u0131r\u0131yd\u0131. Bunu d\u00fcn ekip arkada\u015flar\u0131m\u0131zla konu\u015ftuk. Yay\u0131n esnas\u0131nda g\u00f6zalt\u0131 haberini verirken, g\u00f6r\u00fc\u015fmenin kay\u0131t d\u0131\u015f\u0131 oldu\u011funu \u00f6zellikle belirttim. Yap\u0131lan resmi a\u00e7\u0131klamalar\u0131 okudum. Yay\u0131n\u0131 kapat\u0131rken tam da bu nedenle gazetecili\u011fin temel ilkelerine uymam\u0131z gerekti\u011finin alt\u0131n\u0131 \u00e7izdim. Bunca y\u0131ld\u0131r beni izleyenler, kasti ve yay\u0131nla alakal\u0131 b\u00f6yle bir terbiyesizli\u011fi yapmayaca\u011f\u0131m\u0131 bilir. Kamuoyunu kendimle ilgili bir g\u00fcndemle me\u015fgul etti\u011fim i\u00e7in \u00fczg\u00fcn\u00fcm. Sizlerden ve bu yay\u0131nda eme\u011fi ge\u00e7en t\u00fcm ekip arkada\u015flar\u0131m\u0131zdan \u00f6z\u00fcr dilerim\u201d ifadelerini kulland\u0131.\u00a0<\/p>\n<p>\u00a0<\/p>\n<p>\u200bGe\u00e7ti\u011fimiz g\u00fcn ana haber sonunda yapt\u0131\u011f\u0131 el hareketi ile g\u00fcndem olan sunucu K\u00fcbra Par, o hareketi neden yapt\u0131\u011f\u0131n\u0131 a\u00e7\u0131klad\u0131. Par, \u201cHaber bitiminde jenerik girdi ve kula\u011f\u0131ma bir espri yapt\u0131. Yay\u0131ndan vaktinde \u00e7\u0131kt\u0131\u011f\u0131m\u0131z\u0131 d\u00fc\u015f\u00fcnerek kendisine bir \u015faka yapt\u0131m. O anlar kameralara yakalanm\u0131\u015f. Ben bu hatay\u0131 nas\u0131l yapt\u0131m diye kendimi sorguluyorum\u201d dedi.\u00a0<\/p>\n<p>\u200bHaberin Al\u0131nt\u0131land\u0131\u011f\u0131 Kaynak: www.antalyakorfez.com<\/p>","protected":false},"excerpt":{"rendered":"<p>TV100 sunucusu K\u00fcbra Par, ge\u00e7ti\u011fimiz g\u00fcn ana haberin kapand\u0131\u011f\u0131n\u0131 zannederek bir el hareketi yapm\u0131\u015ft\u0131. Yapt\u0131\u011f\u0131 bu hareket bir anda T\u00fcrkiye&#8217;de g\u00fcndem oldu ve Par\u2019\u0131n bu hareketi sosyal medyada en \u00e7ok konu\u015fulan konular aras\u0131na girdi. RT\u00dcK Ba\u015fkan\u0131 Ebubekir \u015eahin, K\u00fcbra Par&#8217;\u0131n ana haber yay\u0131n\u0131 sonras\u0131nda yapt\u0131\u011f\u0131 el hareketine ili\u015fkin inceleme ba\u015flat\u0131ld\u0131\u011f\u0131n\u0131 duyurmu\u015ftu.\u00a0 \u201cBANA H\u0130\u00c7 YAKI\u015eMADI\u201d Ya\u015fanan bu olay sonras\u0131 ilk ana haberine \u00e7\u0131kan K\u00fcbra Par, g\u00fcndem olan olayla ilgili a\u00e7\u0131klamalarda bulundu. D\u00fcn ya\u015fad\u0131\u011f\u0131 olaydan dolay\u0131 mahcup oldu\u011funu belirten Par, &#8220;Bug\u00fcn benim i\u00e7in zor bir g\u00fcn\u2026 Kar\u015f\u0131n\u0131za bir gazeteci olarak de\u011fil bir karde\u015finiz, ailenizden biri olarak yay\u0131n\u0131m\u0131za bir \u00f6z\u00fcrle ba\u015flamak istiyorum. D\u00fcn yay\u0131n\u0131m\u0131z\u0131 kapat\u0131rken b\u00fcy\u00fck bir hata yapt\u0131m. \u00c7ok mahcubum. Bu mahcubiyetle kar\u015f\u0131n\u0131zday\u0131m. D\u00fcn bir an basiretim ba\u011fland\u0131. Jenerik m\u00fczi\u011fi girince yay\u0131ndan \u00e7\u0131kt\u0131\u011f\u0131m\u0131z\u0131 d\u00fc\u015f\u00fcnerek bana hi\u00e7 yak\u0131\u015fmayan bir davran\u0131\u015fta bulundum. Bana hi\u00e7 yak\u0131\u015fmad\u0131\u201d dedi.\u00a0 O HAREKET\u0130 NEDEN YAPTI?\u00a0 K\u00fcbra Par o hareketi neden yapt\u0131\u011f\u0131n\u0131, \u201cPeki niye b\u00f6yle bir \u015fey yapt\u0131m? Birka\u00e7 g\u00fcnd\u00fcr \u00e7\u0131k\u0131\u015fta Ana Haber\u2019den bir iki dakika ge\u00e7 \u00e7\u0131k\u0131yor, Alfa Petek Yar\u0131\u015fma Program\u0131\u2019n\u0131n yay\u0131n dilimine giriyorduk. Yay\u0131n aras\u0131nda y\u00f6netmenimizle bu konuda esprile\u015ftik ve iddiala\u015ft\u0131k. Haber bitiminde jenerik girdi ve kula\u011f\u0131ma bir espri yapt\u0131. Yay\u0131ndan vaktinde \u00e7\u0131kt\u0131\u011f\u0131m\u0131z\u0131 d\u00fc\u015f\u00fcnerek kendisine bir \u015faka yapt\u0131m. O anlar kameralara yakalanm\u0131\u015f. Ben bu hatay\u0131 nas\u0131l yapt\u0131m diye &hellip;<\/p>","protected":false},"author":5,"featured_media":0,"comment_status":"open","ping_status":"open","sticky":false,"template":"","format":"standard","meta":{"_acf_changed":false,"footnotes":""},"categories":[24],"tags":[],"class_list":["post-28517","post","type-post","status-publish","format-standard","has-post-thumbnail","hentry","category-gundem"],"acf":[],"yoast_head":"<!-- This site is optimized with the Yoast SEO Premium plugin v26.6 (Yoast SEO v27.1.1) - https:\/\/yoast.com\/product\/yoast-seo-premium-wordpress\/ -->\n<title>Sunucu K\u00fcbra Par canl\u0131 yay\u0131nda neden o hareketi yapt\u0131\u011f\u0131n\u0131 a\u00e7\u0131klad\u0131 - Av. Deniz Can K\u0131z\u0131l<\/title>\n<meta name=\"robots\" content=\"index, follow, max-snippet:-1, max-image-preview:large, max-video-preview:-1\" \/>\n<link rel=\"canonical\" href=\"https:\/\/denizcankizil.tr\/de\/haberler\/gundem\/sunucu-kubra-par-canli-yayinda-neden-o-hareketi-yaptigini-acikladi\/\" \/>\n<meta property=\"og:locale\" content=\"de_DE\" \/>\n<meta property=\"og:type\" content=\"article\" \/>\n<meta property=\"og:title\" content=\"Sunucu K\u00fcbra Par canl\u0131 yay\u0131nda neden o hareketi yapt\u0131\u011f\u0131n\u0131 a\u00e7\u0131klad\u0131\" \/>\n<meta property=\"og:description\" content=\"TV100 sunucusu K\u00fcbra Par, ge\u00e7ti\u011fimiz g\u00fcn ana haberin kapand\u0131\u011f\u0131n\u0131 zannederek bir el hareketi yapm\u0131\u015ft\u0131. Yapt\u0131\u011f\u0131 bu hareket bir anda T\u00fcrkiye&#8217;de g\u00fcndem oldu ve Par\u2019\u0131n bu hareketi sosyal medyada en \u00e7ok konu\u015fulan konular aras\u0131na girdi. RT\u00dcK Ba\u015fkan\u0131 Ebubekir \u015eahin, K\u00fcbra Par&#8217;\u0131n ana haber yay\u0131n\u0131 sonras\u0131nda yapt\u0131\u011f\u0131 el hareketine ili\u015fkin inceleme ba\u015flat\u0131ld\u0131\u011f\u0131n\u0131 duyurmu\u015ftu.\u00a0 \u201cBANA H\u0130\u00c7 YAKI\u015eMADI\u201d Ya\u015fanan bu olay sonras\u0131 ilk ana haberine \u00e7\u0131kan K\u00fcbra Par, g\u00fcndem olan olayla ilgili a\u00e7\u0131klamalarda bulundu. D\u00fcn ya\u015fad\u0131\u011f\u0131 olaydan dolay\u0131 mahcup oldu\u011funu belirten Par, &#8220;Bug\u00fcn benim i\u00e7in zor bir g\u00fcn\u2026 Kar\u015f\u0131n\u0131za bir gazeteci olarak de\u011fil bir karde\u015finiz, ailenizden biri olarak yay\u0131n\u0131m\u0131za bir \u00f6z\u00fcrle ba\u015flamak istiyorum. D\u00fcn yay\u0131n\u0131m\u0131z\u0131 kapat\u0131rken b\u00fcy\u00fck bir hata yapt\u0131m. \u00c7ok mahcubum. Bu mahcubiyetle kar\u015f\u0131n\u0131zday\u0131m. D\u00fcn bir an basiretim ba\u011fland\u0131. Jenerik m\u00fczi\u011fi girince yay\u0131ndan \u00e7\u0131kt\u0131\u011f\u0131m\u0131z\u0131 d\u00fc\u015f\u00fcnerek bana hi\u00e7 yak\u0131\u015fmayan bir davran\u0131\u015fta bulundum. Bana hi\u00e7 yak\u0131\u015fmad\u0131\u201d dedi.\u00a0 O HAREKET\u0130 NEDEN YAPTI?\u00a0 K\u00fcbra Par o hareketi neden yapt\u0131\u011f\u0131n\u0131, \u201cPeki niye b\u00f6yle bir \u015fey yapt\u0131m? Birka\u00e7 g\u00fcnd\u00fcr \u00e7\u0131k\u0131\u015fta Ana Haber\u2019den bir iki dakika ge\u00e7 \u00e7\u0131k\u0131yor, Alfa Petek Yar\u0131\u015fma Program\u0131\u2019n\u0131n yay\u0131n dilimine giriyorduk. Yay\u0131n aras\u0131nda y\u00f6netmenimizle bu konuda esprile\u015ftik ve iddiala\u015ft\u0131k. Haber bitiminde jenerik girdi ve kula\u011f\u0131ma bir espri yapt\u0131. Yay\u0131ndan vaktinde \u00e7\u0131kt\u0131\u011f\u0131m\u0131z\u0131 d\u00fc\u015f\u00fcnerek kendisine bir \u015faka yapt\u0131m. O anlar kameralara yakalanm\u0131\u015f. Ben bu hatay\u0131 nas\u0131l yapt\u0131m diye &hellip;\" \/>\n<meta property=\"og:url\" content=\"https:\/\/denizcankizil.tr\/de\/haberler\/gundem\/sunucu-kubra-par-canli-yayinda-neden-o-hareketi-yaptigini-acikladi\/\" \/>\n<meta property=\"og:site_name\" content=\"Av. Deniz Can K\u0131z\u0131l\" \/>\n<meta property=\"article:published_time\" content=\"2025-01-29T17:41:44+00:00\" \/>\n<meta name=\"author\" content=\"Antalya K\u00f6rfez\" \/>\n<meta name=\"twitter:card\" content=\"summary_large_image\" \/>\n<meta name=\"twitter:label1\" content=\"Verfasst von\" \/>\n\t<meta name=\"twitter:data1\" content=\"Antalya K\u00f6rfez\" \/>\n\t<meta name=\"twitter:label2\" content=\"Gesch\u00e4tzte Lesezeit\" \/>\n\t<meta name=\"twitter:data2\" content=\"3\u00a0Minuten\" \/>\n<script type=\"application\/ld+json\" class=\"yoast-schema-graph\">{\"@context\":\"https:\/\/schema.org\",\"@graph\":[{\"@type\":\"Article\",\"@id\":\"https:\/\/denizcankizil.tr\/de\/haberler\/gundem\/sunucu-kubra-par-canli-yayinda-neden-o-hareketi-yaptigini-acikladi\/#article\",\"isPartOf\":{\"@id\":\"https:\/\/denizcankizil.tr\/de\/haberler\/gundem\/sunucu-kubra-par-canli-yayinda-neden-o-hareketi-yaptigini-acikladi\/\"},\"author\":{\"name\":\"Antalya K\u00f6rfez\",\"@id\":\"https:\/\/denizcankizil.tr\/de\/#\/schema\/person\/e1eb71bb4dd684d46563f0af307e1234\"},\"headline\":\"Sunucu K\u00fcbra Par canl\u0131 yay\u0131nda neden o hareketi yapt\u0131\u011f\u0131n\u0131 a\u00e7\u0131klad\u0131\",\"datePublished\":\"2025-01-29T17:41:44+00:00\",\"mainEntityOfPage\":{\"@id\":\"https:\/\/denizcankizil.tr\/de\/haberler\/gundem\/sunucu-kubra-par-canli-yayinda-neden-o-hareketi-yaptigini-acikladi\/\"},\"wordCount\":612,\"commentCount\":0,\"publisher\":{\"@id\":\"https:\/\/denizcankizil.tr\/de\/#organization\"},\"articleSection\":[\"G\u00fcndem\"],\"inLanguage\":\"de\",\"potentialAction\":[{\"@type\":\"CommentAction\",\"name\":\"Comment\",\"target\":[\"https:\/\/denizcankizil.tr\/de\/haberler\/gundem\/sunucu-kubra-par-canli-yayinda-neden-o-hareketi-yaptigini-acikladi\/#respond\"]}]},{\"@type\":\"WebPage\",\"@id\":\"https:\/\/denizcankizil.tr\/de\/haberler\/gundem\/sunucu-kubra-par-canli-yayinda-neden-o-hareketi-yaptigini-acikladi\/\",\"url\":\"https:\/\/denizcankizil.tr\/de\/haberler\/gundem\/sunucu-kubra-par-canli-yayinda-neden-o-hareketi-yaptigini-acikladi\/\",\"name\":\"Sunucu K\u00fcbra Par canl\u0131 yay\u0131nda neden o hareketi yapt\u0131\u011f\u0131n\u0131 a\u00e7\u0131klad\u0131 - Av. Deniz Can K\u0131z\u0131l\",\"isPartOf\":{\"@id\":\"https:\/\/denizcankizil.tr\/de\/#website\"},\"datePublished\":\"2025-01-29T17:41:44+00:00\",\"breadcrumb\":{\"@id\":\"https:\/\/denizcankizil.tr\/de\/haberler\/gundem\/sunucu-kubra-par-canli-yayinda-neden-o-hareketi-yaptigini-acikladi\/#breadcrumb\"},\"inLanguage\":\"de\",\"potentialAction\":[{\"@type\":\"ReadAction\",\"target\":[\"https:\/\/denizcankizil.tr\/de\/haberler\/gundem\/sunucu-kubra-par-canli-yayinda-neden-o-hareketi-yaptigini-acikladi\/\"]}]},{\"@type\":\"BreadcrumbList\",\"@id\":\"https:\/\/denizcankizil.tr\/de\/haberler\/gundem\/sunucu-kubra-par-canli-yayinda-neden-o-hareketi-yaptigini-acikladi\/#breadcrumb\",\"itemListElement\":[{\"@type\":\"ListItem\",\"position\":1,\"name\":\"Home\",\"item\":\"https:\/\/denizcankizil.tr\/de\/\"},{\"@type\":\"ListItem\",\"position\":2,\"name\":\"Sunucu K\u00fcbra Par canl\u0131 yay\u0131nda neden o hareketi yapt\u0131\u011f\u0131n\u0131 a\u00e7\u0131klad\u0131\"}]},{\"@type\":\"WebSite\",\"@id\":\"https:\/\/denizcankizil.tr\/de\/#website\",\"url\":\"https:\/\/denizcankizil.tr\/de\/\",\"name\":\"Av. Deniz Can K\u0131z\u0131l\",\"description\":\"Avukat Deniz Can K\u0131z\u0131l Antalya Barosu\",\"publisher\":{\"@id\":\"https:\/\/denizcankizil.tr\/de\/#organization\"},\"potentialAction\":[{\"@type\":\"SearchAction\",\"target\":{\"@type\":\"EntryPoint\",\"urlTemplate\":\"https:\/\/denizcankizil.tr\/de\/?s={search_term_string}\"},\"query-input\":{\"@type\":\"PropertyValueSpecification\",\"valueRequired\":true,\"valueName\":\"search_term_string\"}}],\"inLanguage\":\"de\"},{\"@type\":\"Organization\",\"@id\":\"https:\/\/denizcankizil.tr\/de\/#organization\",\"name\":\"Av. Deniz Can K\u0131z\u0131l\",\"url\":\"https:\/\/denizcankizil.tr\/de\/\",\"logo\":{\"@type\":\"ImageObject\",\"inLanguage\":\"de\",\"@id\":\"https:\/\/denizcankizil.tr\/de\/#\/schema\/logo\/image\/\",\"url\":\"https:\/\/denizcankizil.tr\/wp-content\/uploads\/2024\/10\/siyah-logo-svg.svg\",\"contentUrl\":\"https:\/\/denizcankizil.tr\/wp-content\/uploads\/2024\/10\/siyah-logo-svg.svg\",\"width\":1080,\"height\":1080,\"caption\":\"Av. Deniz Can K\u0131z\u0131l\"},\"image\":{\"@id\":\"https:\/\/denizcankizil.tr\/de\/#\/schema\/logo\/image\/\"}},{\"@type\":\"Person\",\"@id\":\"https:\/\/denizcankizil.tr\/de\/#\/schema\/person\/e1eb71bb4dd684d46563f0af307e1234\",\"name\":\"Antalya K\u00f6rfez\",\"image\":{\"@type\":\"ImageObject\",\"inLanguage\":\"de\",\"@id\":\"https:\/\/denizcankizil.tr\/de\/#\/schema\/person\/image\/\",\"url\":\"https:\/\/secure.gravatar.com\/avatar\/42b01982558a48a0b501fdcab6a408d3717ea5919095ee2e67b0e521799c5905?s=96&d=mm&r=g\",\"contentUrl\":\"https:\/\/secure.gravatar.com\/avatar\/42b01982558a48a0b501fdcab6a408d3717ea5919095ee2e67b0e521799c5905?s=96&d=mm&r=g\",\"caption\":\"Antalya K\u00f6rfez\"},\"sameAs\":[\"http:\/\/www.antalyakorfez.com\"],\"url\":\"https:\/\/www.antalyakorfez.com\/sunucu-kubra-par-canli-yayinda-neden-o-hareketi-yaptigini-acikladi\"}]}<\/script>\n<!-- \/ Yoast SEO Premium plugin. -->","yoast_head_json":{"title":"Sunucu K\u00fcbra Par canl\u0131 yay\u0131nda neden o hareketi yapt\u0131\u011f\u0131n\u0131 a\u00e7\u0131klad\u0131 - Av. Deniz Can K\u0131z\u0131l","robots":{"index":"index","follow":"follow","max-snippet":"max-snippet:-1","max-image-preview":"max-image-preview:large","max-video-preview":"max-video-preview:-1"},"canonical":"https:\/\/denizcankizil.tr\/de\/haberler\/gundem\/sunucu-kubra-par-canli-yayinda-neden-o-hareketi-yaptigini-acikladi\/","og_locale":"de_DE","og_type":"article","og_title":"Sunucu K\u00fcbra Par canl\u0131 yay\u0131nda neden o hareketi yapt\u0131\u011f\u0131n\u0131 a\u00e7\u0131klad\u0131","og_description":"TV100 sunucusu K\u00fcbra Par, ge\u00e7ti\u011fimiz g\u00fcn ana haberin kapand\u0131\u011f\u0131n\u0131 zannederek bir el hareketi yapm\u0131\u015ft\u0131. Yapt\u0131\u011f\u0131 bu hareket bir anda T\u00fcrkiye&#8217;de g\u00fcndem oldu ve Par\u2019\u0131n bu hareketi sosyal medyada en \u00e7ok konu\u015fulan konular aras\u0131na girdi. RT\u00dcK Ba\u015fkan\u0131 Ebubekir \u015eahin, K\u00fcbra Par&#8217;\u0131n ana haber yay\u0131n\u0131 sonras\u0131nda yapt\u0131\u011f\u0131 el hareketine ili\u015fkin inceleme ba\u015flat\u0131ld\u0131\u011f\u0131n\u0131 duyurmu\u015ftu.\u00a0 \u201cBANA H\u0130\u00c7 YAKI\u015eMADI\u201d Ya\u015fanan bu olay sonras\u0131 ilk ana haberine \u00e7\u0131kan K\u00fcbra Par, g\u00fcndem olan olayla ilgili a\u00e7\u0131klamalarda bulundu. D\u00fcn ya\u015fad\u0131\u011f\u0131 olaydan dolay\u0131 mahcup oldu\u011funu belirten Par, &#8220;Bug\u00fcn benim i\u00e7in zor bir g\u00fcn\u2026 Kar\u015f\u0131n\u0131za bir gazeteci olarak de\u011fil bir karde\u015finiz, ailenizden biri olarak yay\u0131n\u0131m\u0131za bir \u00f6z\u00fcrle ba\u015flamak istiyorum. D\u00fcn yay\u0131n\u0131m\u0131z\u0131 kapat\u0131rken b\u00fcy\u00fck bir hata yapt\u0131m. \u00c7ok mahcubum. Bu mahcubiyetle kar\u015f\u0131n\u0131zday\u0131m. D\u00fcn bir an basiretim ba\u011fland\u0131. Jenerik m\u00fczi\u011fi girince yay\u0131ndan \u00e7\u0131kt\u0131\u011f\u0131m\u0131z\u0131 d\u00fc\u015f\u00fcnerek bana hi\u00e7 yak\u0131\u015fmayan bir davran\u0131\u015fta bulundum. Bana hi\u00e7 yak\u0131\u015fmad\u0131\u201d dedi.\u00a0 O HAREKET\u0130 NEDEN YAPTI?\u00a0 K\u00fcbra Par o hareketi neden yapt\u0131\u011f\u0131n\u0131, \u201cPeki niye b\u00f6yle bir \u015fey yapt\u0131m? Birka\u00e7 g\u00fcnd\u00fcr \u00e7\u0131k\u0131\u015fta Ana Haber\u2019den bir iki dakika ge\u00e7 \u00e7\u0131k\u0131yor, Alfa Petek Yar\u0131\u015fma Program\u0131\u2019n\u0131n yay\u0131n dilimine giriyorduk. Yay\u0131n aras\u0131nda y\u00f6netmenimizle bu konuda esprile\u015ftik ve iddiala\u015ft\u0131k. Haber bitiminde jenerik girdi ve kula\u011f\u0131ma bir espri yapt\u0131. Yay\u0131ndan vaktinde \u00e7\u0131kt\u0131\u011f\u0131m\u0131z\u0131 d\u00fc\u015f\u00fcnerek kendisine bir \u015faka yapt\u0131m. O anlar kameralara yakalanm\u0131\u015f. Ben bu hatay\u0131 nas\u0131l yapt\u0131m diye &hellip;","og_url":"https:\/\/denizcankizil.tr\/de\/haberler\/gundem\/sunucu-kubra-par-canli-yayinda-neden-o-hareketi-yaptigini-acikladi\/","og_site_name":"Av. Deniz Can K\u0131z\u0131l","article_published_time":"2025-01-29T17:41:44+00:00","author":"Antalya K\u00f6rfez","twitter_card":"summary_large_image","twitter_misc":{"Verfasst von":"Antalya K\u00f6rfez","Gesch\u00e4tzte Lesezeit":"3\u00a0Minuten"},"schema":{"@context":"https:\/\/schema.org","@graph":[{"@type":"Article","@id":"https:\/\/denizcankizil.tr\/de\/haberler\/gundem\/sunucu-kubra-par-canli-yayinda-neden-o-hareketi-yaptigini-acikladi\/#article","isPartOf":{"@id":"https:\/\/denizcankizil.tr\/de\/haberler\/gundem\/sunucu-kubra-par-canli-yayinda-neden-o-hareketi-yaptigini-acikladi\/"},"author":{"name":"Antalya K\u00f6rfez","@id":"https:\/\/denizcankizil.tr\/de\/#\/schema\/person\/e1eb71bb4dd684d46563f0af307e1234"},"headline":"Sunucu K\u00fcbra Par canl\u0131 yay\u0131nda neden o hareketi yapt\u0131\u011f\u0131n\u0131 a\u00e7\u0131klad\u0131","datePublished":"2025-01-29T17:41:44+00:00","mainEntityOfPage":{"@id":"https:\/\/denizcankizil.tr\/de\/haberler\/gundem\/sunucu-kubra-par-canli-yayinda-neden-o-hareketi-yaptigini-acikladi\/"},"wordCount":612,"commentCount":0,"publisher":{"@id":"https:\/\/denizcankizil.tr\/de\/#organization"},"articleSection":["G\u00fcndem"],"inLanguage":"de","potentialAction":[{"@type":"CommentAction","name":"Comment","target":["https:\/\/denizcankizil.tr\/de\/haberler\/gundem\/sunucu-kubra-par-canli-yayinda-neden-o-hareketi-yaptigini-acikladi\/#respond"]}]},{"@type":"WebPage","@id":"https:\/\/denizcankizil.tr\/de\/haberler\/gundem\/sunucu-kubra-par-canli-yayinda-neden-o-hareketi-yaptigini-acikladi\/","url":"https:\/\/denizcankizil.tr\/de\/haberler\/gundem\/sunucu-kubra-par-canli-yayinda-neden-o-hareketi-yaptigini-acikladi\/","name":"Sunucu K\u00fcbra Par canl\u0131 yay\u0131nda neden o hareketi yapt\u0131\u011f\u0131n\u0131 a\u00e7\u0131klad\u0131 - Av. Deniz Can K\u0131z\u0131l","isPartOf":{"@id":"https:\/\/denizcankizil.tr\/de\/#website"},"datePublished":"2025-01-29T17:41:44+00:00","breadcrumb":{"@id":"https:\/\/denizcankizil.tr\/de\/haberler\/gundem\/sunucu-kubra-par-canli-yayinda-neden-o-hareketi-yaptigini-acikladi\/#breadcrumb"},"inLanguage":"de","potentialAction":[{"@type":"ReadAction","target":["https:\/\/denizcankizil.tr\/de\/haberler\/gundem\/sunucu-kubra-par-canli-yayinda-neden-o-hareketi-yaptigini-acikladi\/"]}]},{"@type":"BreadcrumbList","@id":"https:\/\/denizcankizil.tr\/de\/haberler\/gundem\/sunucu-kubra-par-canli-yayinda-neden-o-hareketi-yaptigini-acikladi\/#breadcrumb","itemListElement":[{"@type":"ListItem","position":1,"name":"Home","item":"https:\/\/denizcankizil.tr\/de\/"},{"@type":"ListItem","position":2,"name":"Sunucu K\u00fcbra Par canl\u0131 yay\u0131nda neden o hareketi yapt\u0131\u011f\u0131n\u0131 a\u00e7\u0131klad\u0131"}]},{"@type":"WebSite","@id":"https:\/\/denizcankizil.tr\/de\/#website","url":"https:\/\/denizcankizil.tr\/de\/","name":"Av. Deniz Can K\u0131z\u0131l","description":"Avukat Deniz Can K\u0131z\u0131l Antalya Barosu","publisher":{"@id":"https:\/\/denizcankizil.tr\/de\/#organization"},"potentialAction":[{"@type":"SearchAction","target":{"@type":"EntryPoint","urlTemplate":"https:\/\/denizcankizil.tr\/de\/?s={search_term_string}"},"query-input":{"@type":"PropertyValueSpecification","valueRequired":true,"valueName":"search_term_string"}}],"inLanguage":"de"},{"@type":"Organization","@id":"https:\/\/denizcankizil.tr\/de\/#organization","name":"Av. Deniz Can K\u0131z\u0131l","url":"https:\/\/denizcankizil.tr\/de\/","logo":{"@type":"ImageObject","inLanguage":"de","@id":"https:\/\/denizcankizil.tr\/de\/#\/schema\/logo\/image\/","url":"https:\/\/denizcankizil.tr\/wp-content\/uploads\/2024\/10\/siyah-logo-svg.svg","contentUrl":"https:\/\/denizcankizil.tr\/wp-content\/uploads\/2024\/10\/siyah-logo-svg.svg","width":1080,"height":1080,"caption":"Av. Deniz Can K\u0131z\u0131l"},"image":{"@id":"https:\/\/denizcankizil.tr\/de\/#\/schema\/logo\/image\/"}},{"@type":"Person","@id":"https:\/\/denizcankizil.tr\/de\/#\/schema\/person\/e1eb71bb4dd684d46563f0af307e1234","name":"Antalya K\u00f6rfez","image":{"@type":"ImageObject","inLanguage":"de","@id":"https:\/\/denizcankizil.tr\/de\/#\/schema\/person\/image\/","url":"https:\/\/secure.gravatar.com\/avatar\/42b01982558a48a0b501fdcab6a408d3717ea5919095ee2e67b0e521799c5905?s=96&d=mm&r=g","contentUrl":"https:\/\/secure.gravatar.com\/avatar\/42b01982558a48a0b501fdcab6a408d3717ea5919095ee2e67b0e521799c5905?s=96&d=mm&r=g","caption":"Antalya K\u00f6rfez"},"sameAs":["http:\/\/www.antalyakorfez.com"],"url":"https:\/\/www.antalyakorfez.com\/sunucu-kubra-par-canli-yayinda-neden-o-hareketi-yaptigini-acikladi"}]}},"_links":{"self":[{"href":"https:\/\/denizcankizil.tr\/de\/wp-json\/wp\/v2\/posts\/28517","targetHints":{"allow":["GET"]}}],"collection":[{"href":"https:\/\/denizcankizil.tr\/de\/wp-json\/wp\/v2\/posts"}],"about":[{"href":"https:\/\/denizcankizil.tr\/de\/wp-json\/wp\/v2\/types\/post"}],"author":[{"embeddable":true,"href":"https:\/\/denizcankizil.tr\/de\/wp-json\/wp\/v2\/users\/5"}],"replies":[{"embeddable":true,"href":"https:\/\/denizcankizil.tr\/de\/wp-json\/wp\/v2\/comments?post=28517"}],"version-history":[{"count":0,"href":"https:\/\/denizcankizil.tr\/de\/wp-json\/wp\/v2\/posts\/28517\/revisions"}],"wp:attachment":[{"href":"https:\/\/denizcankizil.tr\/de\/wp-json\/wp\/v2\/media?parent=28517"}],"wp:term":[{"taxonomy":"category","embeddable":true,"href":"https:\/\/denizcankizil.tr\/de\/wp-json\/wp\/v2\/categories?post=28517"},{"taxonomy":"post_tag","embeddable":true,"href":"https:\/\/denizcankizil.tr\/de\/wp-json\/wp\/v2\/tags?post=28517"}],"curies":[{"name":"wp","href":"https:\/\/api.w.org\/{rel}","templated":true}]}}