{"id":28182,"date":"2025-01-28T15:41:46","date_gmt":"2025-01-28T12:41:46","guid":{"rendered":"https:\/\/denizcankizil.tr\/uncategorized-tr\/konya-buyuksehir-neu-kampusu-icindeki-taskin-goletini-tamamladi\/"},"modified":"2025-01-28T15:41:46","modified_gmt":"2025-01-28T12:41:46","slug":"konya-buyuksehir-neu-kampusu-icindeki-taskin-goletini-tamamladi","status":"publish","type":"post","link":"https:\/\/denizcankizil.tr\/de\/haberler\/gundem\/konya-buyuksehir-neu-kampusu-icindeki-taskin-goletini-tamamladi\/","title":{"rendered":"Konya B\u00fcy\u00fck\u015fehir NE\u00dc Kamp\u00fcs\u00fc \u0130\u00e7indeki Ta\u015fk\u0131n G\u00f6letini Tamamlad\u0131"},"content":{"rendered":"<p>Konya B\u00fcy\u00fck\u015fehir Belediyesi, Buzlukba\u015f\u0131 Ta\u015fk\u0131n G\u00f6leti\u2019nin ard\u0131ndan Necmettin Erbakan \u00dcniversitesi kamp\u00fcs\u00fc i\u00e7erisindeki \u00fc\u00e7 dere \u00fczerinde y\u00fcr\u00fct\u00fclen ta\u015fk\u0131n koruma g\u00f6leti projesini de tamamlad\u0131. Konya B\u00fcy\u00fck\u015fehir Belediye Ba\u015fkan\u0131 U\u011fur \u0130brahim Altay, \u201cTa\u015fk\u0131n g\u00f6letimizle Meram K\u00f6yce\u011fiz, Dere ve Yaka caddelerimiz olas\u0131 ta\u015fk\u0131nlara kar\u015f\u0131 g\u00fcvenceye al\u0131nm\u0131\u015f oldu\u201d dedi.<\/p>\n<p>\u200bKonya B\u00fcy\u00fck\u015fehir Belediyesi, Buzlukba\u015f\u0131 Ta\u015fk\u0131n G\u00f6leti\u2019nin ard\u0131ndan Necmettin Erbakan \u00dcniversitesi kamp\u00fcs\u00fc i\u00e7erisindeki \u00fc\u00e7 dere \u00fczerinde y\u00fcr\u00fct\u00fclen ta\u015fk\u0131n koruma g\u00f6leti projesini de tamamlad\u0131. Konya B\u00fcy\u00fck\u015fehir Belediye Ba\u015fkan\u0131 U\u011fur \u0130brahim Altay, \u201cTa\u015fk\u0131n g\u00f6letimizle Meram K\u00f6yce\u011fiz, Dere ve Yaka caddelerimiz olas\u0131 ta\u015fk\u0131nlara kar\u015f\u0131 g\u00fcvenceye al\u0131nm\u0131\u015f oldu\u201d dedi.\u00a0<\/p>\n<p>\u200bHaberin Al\u0131nt\u0131land\u0131\u011f\u0131 Kaynak: www.iskenderun.org<\/p>","protected":false},"excerpt":{"rendered":"<p>Konya B\u00fcy\u00fck\u015fehir Belediyesi, Buzlukba\u015f\u0131 Ta\u015fk\u0131n G\u00f6leti\u2019nin ard\u0131ndan Necmettin Erbakan \u00dcniversitesi kamp\u00fcs\u00fc i\u00e7erisindeki \u00fc\u00e7 dere \u00fczerinde y\u00fcr\u00fct\u00fclen ta\u015fk\u0131n koruma g\u00f6leti projesini de tamamlad\u0131. Konya B\u00fcy\u00fck\u015fehir Belediye Ba\u015fkan\u0131 U\u011fur \u0130brahim Altay, \u201cTa\u015fk\u0131n g\u00f6letimizle Meram K\u00f6yce\u011fiz, Dere ve Yaka caddelerimiz olas\u0131 ta\u015fk\u0131nlara kar\u015f\u0131 g\u00fcvenceye al\u0131nm\u0131\u015f oldu\u201d dedi. \u200bKonya B\u00fcy\u00fck\u015fehir Belediyesi, Buzlukba\u015f\u0131 Ta\u015fk\u0131n G\u00f6leti\u2019nin ard\u0131ndan Necmettin Erbakan \u00dcniversitesi kamp\u00fcs\u00fc i\u00e7erisindeki \u00fc\u00e7 dere \u00fczerinde y\u00fcr\u00fct\u00fclen ta\u015fk\u0131n koruma g\u00f6leti projesini de tamamlad\u0131. Konya B\u00fcy\u00fck\u015fehir Belediye Ba\u015fkan\u0131 U\u011fur \u0130brahim Altay, \u201cTa\u015fk\u0131n g\u00f6letimizle Meram K\u00f6yce\u011fiz, Dere ve Yaka caddelerimiz olas\u0131 ta\u015fk\u0131nlara kar\u015f\u0131 g\u00fcvenceye al\u0131nm\u0131\u015f oldu\u201d dedi.\u00a0 \u200bHaberin Al\u0131nt\u0131land\u0131\u011f\u0131 Kaynak: www.iskenderun.org<\/p>","protected":false},"author":1,"featured_media":0,"comment_status":"open","ping_status":"open","sticky":false,"template":"","format":"standard","meta":{"_acf_changed":false,"footnotes":""},"categories":[24],"tags":[],"class_list":["post-28182","post","type-post","status-publish","format-standard","has-post-thumbnail","hentry","category-gundem"],"acf":[],"yoast_head":"<!-- This site is optimized with the Yoast SEO Premium plugin v26.6 (Yoast SEO v27.1.1) - https:\/\/yoast.com\/product\/yoast-seo-premium-wordpress\/ -->\n<title>Konya B\u00fcy\u00fck\u015fehir NE\u00dc Kamp\u00fcs\u00fc \u0130\u00e7indeki Ta\u015fk\u0131n G\u00f6letini Tamamlad\u0131 - Av. Deniz Can K\u0131z\u0131l<\/title>\n<meta name=\"robots\" content=\"index, follow, max-snippet:-1, max-image-preview:large, max-video-preview:-1\" \/>\n<link rel=\"canonical\" href=\"https:\/\/denizcankizil.tr\/de\/haberler\/gundem\/konya-buyuksehir-neu-kampusu-icindeki-taskin-goletini-tamamladi\/\" \/>\n<meta property=\"og:locale\" content=\"de_DE\" \/>\n<meta property=\"og:type\" content=\"article\" \/>\n<meta property=\"og:title\" content=\"Konya B\u00fcy\u00fck\u015fehir NE\u00dc Kamp\u00fcs\u00fc \u0130\u00e7indeki Ta\u015fk\u0131n G\u00f6letini Tamamlad\u0131\" \/>\n<meta property=\"og:description\" content=\"Konya B\u00fcy\u00fck\u015fehir Belediyesi, Buzlukba\u015f\u0131 Ta\u015fk\u0131n G\u00f6leti\u2019nin ard\u0131ndan Necmettin Erbakan \u00dcniversitesi kamp\u00fcs\u00fc i\u00e7erisindeki \u00fc\u00e7 dere \u00fczerinde y\u00fcr\u00fct\u00fclen ta\u015fk\u0131n koruma g\u00f6leti projesini de tamamlad\u0131. Konya B\u00fcy\u00fck\u015fehir Belediye Ba\u015fkan\u0131 U\u011fur \u0130brahim Altay, \u201cTa\u015fk\u0131n g\u00f6letimizle Meram K\u00f6yce\u011fiz, Dere ve Yaka caddelerimiz olas\u0131 ta\u015fk\u0131nlara kar\u015f\u0131 g\u00fcvenceye al\u0131nm\u0131\u015f oldu\u201d dedi. \u200bKonya B\u00fcy\u00fck\u015fehir Belediyesi, Buzlukba\u015f\u0131 Ta\u015fk\u0131n G\u00f6leti\u2019nin ard\u0131ndan Necmettin Erbakan \u00dcniversitesi kamp\u00fcs\u00fc i\u00e7erisindeki \u00fc\u00e7 dere \u00fczerinde y\u00fcr\u00fct\u00fclen ta\u015fk\u0131n koruma g\u00f6leti projesini de tamamlad\u0131. Konya B\u00fcy\u00fck\u015fehir Belediye Ba\u015fkan\u0131 U\u011fur \u0130brahim Altay, \u201cTa\u015fk\u0131n g\u00f6letimizle Meram K\u00f6yce\u011fiz, Dere ve Yaka caddelerimiz olas\u0131 ta\u015fk\u0131nlara kar\u015f\u0131 g\u00fcvenceye al\u0131nm\u0131\u015f oldu\u201d dedi.\u00a0 \u200bHaberin Al\u0131nt\u0131land\u0131\u011f\u0131 Kaynak: www.iskenderun.org\" \/>\n<meta property=\"og:url\" content=\"https:\/\/denizcankizil.tr\/de\/haberler\/gundem\/konya-buyuksehir-neu-kampusu-icindeki-taskin-goletini-tamamladi\/\" \/>\n<meta property=\"og:site_name\" content=\"Av. Deniz Can K\u0131z\u0131l\" \/>\n<meta property=\"article:published_time\" content=\"2025-01-28T12:41:46+00:00\" \/>\n<meta name=\"author\" content=\"admin\" \/>\n<meta name=\"twitter:card\" content=\"summary_large_image\" \/>\n<meta name=\"twitter:label1\" content=\"Verfasst von\" \/>\n\t<meta name=\"twitter:data1\" content=\"admin\" \/>\n\t<meta name=\"twitter:label2\" content=\"Gesch\u00e4tzte Lesezeit\" \/>\n\t<meta name=\"twitter:data2\" content=\"1\u00a0Minute\" \/>\n<script type=\"application\/ld+json\" class=\"yoast-schema-graph\">{\"@context\":\"https:\/\/schema.org\",\"@graph\":[{\"@type\":\"Article\",\"@id\":\"https:\/\/denizcankizil.tr\/de\/haberler\/gundem\/konya-buyuksehir-neu-kampusu-icindeki-taskin-goletini-tamamladi\/#article\",\"isPartOf\":{\"@id\":\"https:\/\/denizcankizil.tr\/de\/haberler\/gundem\/konya-buyuksehir-neu-kampusu-icindeki-taskin-goletini-tamamladi\/\"},\"author\":{\"name\":\"admin\",\"@id\":\"https:\/\/denizcankizil.tr\/de\/#\/schema\/person\/be3c05fe6a12686905512445d8185489\"},\"headline\":\"Konya B\u00fcy\u00fck\u015fehir NE\u00dc Kamp\u00fcs\u00fc \u0130\u00e7indeki Ta\u015fk\u0131n G\u00f6letini Tamamlad\u0131\",\"datePublished\":\"2025-01-28T12:41:46+00:00\",\"mainEntityOfPage\":{\"@id\":\"https:\/\/denizcankizil.tr\/de\/haberler\/gundem\/konya-buyuksehir-neu-kampusu-icindeki-taskin-goletini-tamamladi\/\"},\"wordCount\":169,\"commentCount\":0,\"publisher\":{\"@id\":\"https:\/\/denizcankizil.tr\/de\/#organization\"},\"articleSection\":[\"G\u00fcndem\"],\"inLanguage\":\"de\",\"potentialAction\":[{\"@type\":\"CommentAction\",\"name\":\"Comment\",\"target\":[\"https:\/\/denizcankizil.tr\/de\/haberler\/gundem\/konya-buyuksehir-neu-kampusu-icindeki-taskin-goletini-tamamladi\/#respond\"]}]},{\"@type\":\"WebPage\",\"@id\":\"https:\/\/denizcankizil.tr\/de\/haberler\/gundem\/konya-buyuksehir-neu-kampusu-icindeki-taskin-goletini-tamamladi\/\",\"url\":\"https:\/\/denizcankizil.tr\/de\/haberler\/gundem\/konya-buyuksehir-neu-kampusu-icindeki-taskin-goletini-tamamladi\/\",\"name\":\"Konya B\u00fcy\u00fck\u015fehir NE\u00dc Kamp\u00fcs\u00fc \u0130\u00e7indeki Ta\u015fk\u0131n G\u00f6letini Tamamlad\u0131 - Av. Deniz Can K\u0131z\u0131l\",\"isPartOf\":{\"@id\":\"https:\/\/denizcankizil.tr\/de\/#website\"},\"datePublished\":\"2025-01-28T12:41:46+00:00\",\"breadcrumb\":{\"@id\":\"https:\/\/denizcankizil.tr\/de\/haberler\/gundem\/konya-buyuksehir-neu-kampusu-icindeki-taskin-goletini-tamamladi\/#breadcrumb\"},\"inLanguage\":\"de\",\"potentialAction\":[{\"@type\":\"ReadAction\",\"target\":[\"https:\/\/denizcankizil.tr\/de\/haberler\/gundem\/konya-buyuksehir-neu-kampusu-icindeki-taskin-goletini-tamamladi\/\"]}]},{\"@type\":\"BreadcrumbList\",\"@id\":\"https:\/\/denizcankizil.tr\/de\/haberler\/gundem\/konya-buyuksehir-neu-kampusu-icindeki-taskin-goletini-tamamladi\/#breadcrumb\",\"itemListElement\":[{\"@type\":\"ListItem\",\"position\":1,\"name\":\"Home\",\"item\":\"https:\/\/denizcankizil.tr\/de\/\"},{\"@type\":\"ListItem\",\"position\":2,\"name\":\"Konya B\u00fcy\u00fck\u015fehir NE\u00dc Kamp\u00fcs\u00fc \u0130\u00e7indeki Ta\u015fk\u0131n G\u00f6letini Tamamlad\u0131\"}]},{\"@type\":\"WebSite\",\"@id\":\"https:\/\/denizcankizil.tr\/de\/#website\",\"url\":\"https:\/\/denizcankizil.tr\/de\/\",\"name\":\"Av. Deniz Can K\u0131z\u0131l\",\"description\":\"Avukat Deniz Can K\u0131z\u0131l Antalya Barosu\",\"publisher\":{\"@id\":\"https:\/\/denizcankizil.tr\/de\/#organization\"},\"potentialAction\":[{\"@type\":\"SearchAction\",\"target\":{\"@type\":\"EntryPoint\",\"urlTemplate\":\"https:\/\/denizcankizil.tr\/de\/?s={search_term_string}\"},\"query-input\":{\"@type\":\"PropertyValueSpecification\",\"valueRequired\":true,\"valueName\":\"search_term_string\"}}],\"inLanguage\":\"de\"},{\"@type\":\"Organization\",\"@id\":\"https:\/\/denizcankizil.tr\/de\/#organization\",\"name\":\"Av. Deniz Can K\u0131z\u0131l\",\"url\":\"https:\/\/denizcankizil.tr\/de\/\",\"logo\":{\"@type\":\"ImageObject\",\"inLanguage\":\"de\",\"@id\":\"https:\/\/denizcankizil.tr\/de\/#\/schema\/logo\/image\/\",\"url\":\"https:\/\/denizcankizil.tr\/wp-content\/uploads\/2024\/10\/siyah-logo-svg.svg\",\"contentUrl\":\"https:\/\/denizcankizil.tr\/wp-content\/uploads\/2024\/10\/siyah-logo-svg.svg\",\"width\":1080,\"height\":1080,\"caption\":\"Av. Deniz Can K\u0131z\u0131l\"},\"image\":{\"@id\":\"https:\/\/denizcankizil.tr\/de\/#\/schema\/logo\/image\/\"}},{\"@type\":\"Person\",\"@id\":\"https:\/\/denizcankizil.tr\/de\/#\/schema\/person\/be3c05fe6a12686905512445d8185489\",\"name\":\"admin\",\"image\":{\"@type\":\"ImageObject\",\"inLanguage\":\"de\",\"@id\":\"https:\/\/denizcankizil.tr\/de\/#\/schema\/person\/image\/\",\"url\":\"https:\/\/secure.gravatar.com\/avatar\/c1fce94c830dc79107e174f890d7210541c4a63e8e5d816341794a2151c9d58c?s=96&d=mm&r=g\",\"contentUrl\":\"https:\/\/secure.gravatar.com\/avatar\/c1fce94c830dc79107e174f890d7210541c4a63e8e5d816341794a2151c9d58c?s=96&d=mm&r=g\",\"caption\":\"admin\"},\"sameAs\":[\"http:\/\/denizcankizil.tr\"],\"url\":\"https:\/\/www.iskenderun.org\/konya-buyuksehir-neu-kampusu-icindeki-taskin-goletini-tamamladi\"}]}<\/script>\n<!-- \/ Yoast SEO Premium plugin. -->","yoast_head_json":{"title":"Konya B\u00fcy\u00fck\u015fehir NE\u00dc Kamp\u00fcs\u00fc \u0130\u00e7indeki Ta\u015fk\u0131n G\u00f6letini Tamamlad\u0131 - Av. Deniz Can K\u0131z\u0131l","robots":{"index":"index","follow":"follow","max-snippet":"max-snippet:-1","max-image-preview":"max-image-preview:large","max-video-preview":"max-video-preview:-1"},"canonical":"https:\/\/denizcankizil.tr\/de\/haberler\/gundem\/konya-buyuksehir-neu-kampusu-icindeki-taskin-goletini-tamamladi\/","og_locale":"de_DE","og_type":"article","og_title":"Konya B\u00fcy\u00fck\u015fehir NE\u00dc Kamp\u00fcs\u00fc \u0130\u00e7indeki Ta\u015fk\u0131n G\u00f6letini Tamamlad\u0131","og_description":"Konya B\u00fcy\u00fck\u015fehir Belediyesi, Buzlukba\u015f\u0131 Ta\u015fk\u0131n G\u00f6leti\u2019nin ard\u0131ndan Necmettin Erbakan \u00dcniversitesi kamp\u00fcs\u00fc i\u00e7erisindeki \u00fc\u00e7 dere \u00fczerinde y\u00fcr\u00fct\u00fclen ta\u015fk\u0131n koruma g\u00f6leti projesini de tamamlad\u0131. Konya B\u00fcy\u00fck\u015fehir Belediye Ba\u015fkan\u0131 U\u011fur \u0130brahim Altay, \u201cTa\u015fk\u0131n g\u00f6letimizle Meram K\u00f6yce\u011fiz, Dere ve Yaka caddelerimiz olas\u0131 ta\u015fk\u0131nlara kar\u015f\u0131 g\u00fcvenceye al\u0131nm\u0131\u015f oldu\u201d dedi. \u200bKonya B\u00fcy\u00fck\u015fehir Belediyesi, Buzlukba\u015f\u0131 Ta\u015fk\u0131n G\u00f6leti\u2019nin ard\u0131ndan Necmettin Erbakan \u00dcniversitesi kamp\u00fcs\u00fc i\u00e7erisindeki \u00fc\u00e7 dere \u00fczerinde y\u00fcr\u00fct\u00fclen ta\u015fk\u0131n koruma g\u00f6leti projesini de tamamlad\u0131. Konya B\u00fcy\u00fck\u015fehir Belediye Ba\u015fkan\u0131 U\u011fur \u0130brahim Altay, \u201cTa\u015fk\u0131n g\u00f6letimizle Meram K\u00f6yce\u011fiz, Dere ve Yaka caddelerimiz olas\u0131 ta\u015fk\u0131nlara kar\u015f\u0131 g\u00fcvenceye al\u0131nm\u0131\u015f oldu\u201d dedi.\u00a0 \u200bHaberin Al\u0131nt\u0131land\u0131\u011f\u0131 Kaynak: www.iskenderun.org","og_url":"https:\/\/denizcankizil.tr\/de\/haberler\/gundem\/konya-buyuksehir-neu-kampusu-icindeki-taskin-goletini-tamamladi\/","og_site_name":"Av. Deniz Can K\u0131z\u0131l","article_published_time":"2025-01-28T12:41:46+00:00","author":"admin","twitter_card":"summary_large_image","twitter_misc":{"Verfasst von":"admin","Gesch\u00e4tzte Lesezeit":"1\u00a0Minute"},"schema":{"@context":"https:\/\/schema.org","@graph":[{"@type":"Article","@id":"https:\/\/denizcankizil.tr\/de\/haberler\/gundem\/konya-buyuksehir-neu-kampusu-icindeki-taskin-goletini-tamamladi\/#article","isPartOf":{"@id":"https:\/\/denizcankizil.tr\/de\/haberler\/gundem\/konya-buyuksehir-neu-kampusu-icindeki-taskin-goletini-tamamladi\/"},"author":{"name":"admin","@id":"https:\/\/denizcankizil.tr\/de\/#\/schema\/person\/be3c05fe6a12686905512445d8185489"},"headline":"Konya B\u00fcy\u00fck\u015fehir NE\u00dc Kamp\u00fcs\u00fc \u0130\u00e7indeki Ta\u015fk\u0131n G\u00f6letini Tamamlad\u0131","datePublished":"2025-01-28T12:41:46+00:00","mainEntityOfPage":{"@id":"https:\/\/denizcankizil.tr\/de\/haberler\/gundem\/konya-buyuksehir-neu-kampusu-icindeki-taskin-goletini-tamamladi\/"},"wordCount":169,"commentCount":0,"publisher":{"@id":"https:\/\/denizcankizil.tr\/de\/#organization"},"articleSection":["G\u00fcndem"],"inLanguage":"de","potentialAction":[{"@type":"CommentAction","name":"Comment","target":["https:\/\/denizcankizil.tr\/de\/haberler\/gundem\/konya-buyuksehir-neu-kampusu-icindeki-taskin-goletini-tamamladi\/#respond"]}]},{"@type":"WebPage","@id":"https:\/\/denizcankizil.tr\/de\/haberler\/gundem\/konya-buyuksehir-neu-kampusu-icindeki-taskin-goletini-tamamladi\/","url":"https:\/\/denizcankizil.tr\/de\/haberler\/gundem\/konya-buyuksehir-neu-kampusu-icindeki-taskin-goletini-tamamladi\/","name":"Konya B\u00fcy\u00fck\u015fehir NE\u00dc Kamp\u00fcs\u00fc \u0130\u00e7indeki Ta\u015fk\u0131n G\u00f6letini Tamamlad\u0131 - Av. Deniz Can K\u0131z\u0131l","isPartOf":{"@id":"https:\/\/denizcankizil.tr\/de\/#website"},"datePublished":"2025-01-28T12:41:46+00:00","breadcrumb":{"@id":"https:\/\/denizcankizil.tr\/de\/haberler\/gundem\/konya-buyuksehir-neu-kampusu-icindeki-taskin-goletini-tamamladi\/#breadcrumb"},"inLanguage":"de","potentialAction":[{"@type":"ReadAction","target":["https:\/\/denizcankizil.tr\/de\/haberler\/gundem\/konya-buyuksehir-neu-kampusu-icindeki-taskin-goletini-tamamladi\/"]}]},{"@type":"BreadcrumbList","@id":"https:\/\/denizcankizil.tr\/de\/haberler\/gundem\/konya-buyuksehir-neu-kampusu-icindeki-taskin-goletini-tamamladi\/#breadcrumb","itemListElement":[{"@type":"ListItem","position":1,"name":"Home","item":"https:\/\/denizcankizil.tr\/de\/"},{"@type":"ListItem","position":2,"name":"Konya B\u00fcy\u00fck\u015fehir NE\u00dc Kamp\u00fcs\u00fc \u0130\u00e7indeki Ta\u015fk\u0131n G\u00f6letini Tamamlad\u0131"}]},{"@type":"WebSite","@id":"https:\/\/denizcankizil.tr\/de\/#website","url":"https:\/\/denizcankizil.tr\/de\/","name":"Av. Deniz Can K\u0131z\u0131l","description":"Avukat Deniz Can K\u0131z\u0131l Antalya Barosu","publisher":{"@id":"https:\/\/denizcankizil.tr\/de\/#organization"},"potentialAction":[{"@type":"SearchAction","target":{"@type":"EntryPoint","urlTemplate":"https:\/\/denizcankizil.tr\/de\/?s={search_term_string}"},"query-input":{"@type":"PropertyValueSpecification","valueRequired":true,"valueName":"search_term_string"}}],"inLanguage":"de"},{"@type":"Organization","@id":"https:\/\/denizcankizil.tr\/de\/#organization","name":"Av. Deniz Can K\u0131z\u0131l","url":"https:\/\/denizcankizil.tr\/de\/","logo":{"@type":"ImageObject","inLanguage":"de","@id":"https:\/\/denizcankizil.tr\/de\/#\/schema\/logo\/image\/","url":"https:\/\/denizcankizil.tr\/wp-content\/uploads\/2024\/10\/siyah-logo-svg.svg","contentUrl":"https:\/\/denizcankizil.tr\/wp-content\/uploads\/2024\/10\/siyah-logo-svg.svg","width":1080,"height":1080,"caption":"Av. Deniz Can K\u0131z\u0131l"},"image":{"@id":"https:\/\/denizcankizil.tr\/de\/#\/schema\/logo\/image\/"}},{"@type":"Person","@id":"https:\/\/denizcankizil.tr\/de\/#\/schema\/person\/be3c05fe6a12686905512445d8185489","name":"Administrator","image":{"@type":"ImageObject","inLanguage":"de","@id":"https:\/\/denizcankizil.tr\/de\/#\/schema\/person\/image\/","url":"https:\/\/secure.gravatar.com\/avatar\/c1fce94c830dc79107e174f890d7210541c4a63e8e5d816341794a2151c9d58c?s=96&d=mm&r=g","contentUrl":"https:\/\/secure.gravatar.com\/avatar\/c1fce94c830dc79107e174f890d7210541c4a63e8e5d816341794a2151c9d58c?s=96&d=mm&r=g","caption":"admin"},"sameAs":["http:\/\/denizcankizil.tr"],"url":"https:\/\/www.iskenderun.org\/konya-buyuksehir-neu-kampusu-icindeki-taskin-goletini-tamamladi"}]}},"_links":{"self":[{"href":"https:\/\/denizcankizil.tr\/de\/wp-json\/wp\/v2\/posts\/28182","targetHints":{"allow":["GET"]}}],"collection":[{"href":"https:\/\/denizcankizil.tr\/de\/wp-json\/wp\/v2\/posts"}],"about":[{"href":"https:\/\/denizcankizil.tr\/de\/wp-json\/wp\/v2\/types\/post"}],"author":[{"embeddable":true,"href":"https:\/\/denizcankizil.tr\/de\/wp-json\/wp\/v2\/users\/1"}],"replies":[{"embeddable":true,"href":"https:\/\/denizcankizil.tr\/de\/wp-json\/wp\/v2\/comments?post=28182"}],"version-history":[{"count":0,"href":"https:\/\/denizcankizil.tr\/de\/wp-json\/wp\/v2\/posts\/28182\/revisions"}],"wp:attachment":[{"href":"https:\/\/denizcankizil.tr\/de\/wp-json\/wp\/v2\/media?parent=28182"}],"wp:term":[{"taxonomy":"category","embeddable":true,"href":"https:\/\/denizcankizil.tr\/de\/wp-json\/wp\/v2\/categories?post=28182"},{"taxonomy":"post_tag","embeddable":true,"href":"https:\/\/denizcankizil.tr\/de\/wp-json\/wp\/v2\/tags?post=28182"}],"curies":[{"name":"wp","href":"https:\/\/api.w.org\/{rel}","templated":true}]}}