{"id":2807,"date":"2024-10-15T13:48:42","date_gmt":"2024-10-15T10:48:42","guid":{"rendered":"https:\/\/denizcankizil.tr\/?p=2807"},"modified":"2025-03-16T00:46:24","modified_gmt":"2025-03-15T21:46:24","slug":"is-hukuku","status":"publish","type":"post","link":"https:\/\/denizcankizil.tr\/de\/alanlar\/is-hukuku\/","title":{"rendered":"Arbeitsrecht"},"content":{"rendered":"<p><strong>Eingang<\/strong> <br>Das Arbeitsrecht ist ein Rechtsgebiet, das die Beziehungen zwischen Arbeitnehmern und Arbeitgebern regelt und darauf abzielt, sicherzustellen, dass diese Beziehungen in einem fairen Rahmen ablaufen. Die zunehmende Komplexit\u00e4t des Arbeitslebens in modernen Gesellschaften hat die Entwicklung arbeitsrechtlicher Praktiken und Grunds\u00e4tze erforderlich gemacht. Dabei beschr\u00e4nkt sich das Arbeitsrecht nicht nur auf die rechtlichen Regelungen von Arbeitsvertr\u00e4gen und Arbeitsumfeld, sondern hat auch die Aufgabe, die Rechte der Arbeitnehmer zu sch\u00fctzen und weiterzuentwickeln. Arbeitnehmerrechte sind von entscheidender Bedeutung f\u00fcr die Gew\u00e4hrleistung sozialer Gerechtigkeit und die Verbesserung der Arbeitsbedingungen. In diesem Artikel wird eine detaillierte Analyse des Umfangs des Arbeitsrechts, seiner Anwendungen und Arbeitnehmerrechte vorgestellt. Dar\u00fcber hinaus wird die Bearbeitung und L\u00f6sung von F\u00e4llen im Zusammenhang mit der Verletzung von Arbeitnehmerrechten besprochen. Damit soll ein \u201eBeitrag\u201c zu einem besseren Verst\u00e4ndnis der aktuellen Situation und k\u00fcnftigen Entwicklungen im Bereich des Arbeitsrechts geleistet werden.<\/p>\n\n\n\n<h2 class=\"wp-block-heading\" id=\"is-hukuku-kapsami-ve-uygulama-alanlari-uzerine-derinlemesine-inceleme\">Eingehende \u00dcberpr\u00fcfung des Umfangs und der Anwendungsbereiche des Arbeitsrechts<\/h2>\n\n\n\n<p>Das Arbeitsrecht ist ein Rechtsgebiet, das zur Regelung und zum Schutz der bestehenden Beziehungen zwischen Arbeitnehmer und Arbeitgeber geschaffen wurde. <strong>Festlegung der Arbeitsbedingungen<\/strong>, <strong>Vorbereitung von Arbeitsvertr\u00e4gen<\/strong>, <strong>Schutz der Arbeitnehmerrechte<\/strong> ich <strong>Gew\u00e4hrleistung der Sicherheit am Arbeitsplatz<\/strong> Es behandelt Themen wie. Der Hauptzweck des Arbeitsrechts besteht darin, das Gleichgewicht zwischen Arbeitnehmern und Arbeitgebern aufrechtzuerhalten und Gerechtigkeit zu gew\u00e4hrleisten. Bei der Umsetzung dieses Gesetzes kommt den Arbeitsgerichten eine wichtige Rolle zu. In diesen Gerichten werden Themen wie Arbeitnehmer-Arbeitgeber-Streitigkeiten, Arbeitsunf\u00e4lle und Schadensersatzanspr\u00fcche behandelt.<\/p>\n\n\n\n<p>Seine Anwendungsgebiete umfassen ein sehr breites Spektrum. Zu den Grundelementen des Arbeitsrechts geh\u00f6ren:<\/p>\n\n\n\n<ul class=\"wp-block-list\">\n<li><strong>Vorbereitung und Auslegung von Arbeitsvertr\u00e4gen<\/strong><\/li>\n\n\n\n<li><strong>Festlegung von Arbeitszeiten und L\u00f6hnen<\/strong><\/li>\n\n\n\n<li><strong>Regelungen zu Arbeitnehmerrechten<\/strong><\/li>\n\n\n\n<li><strong>K\u00fcndigungs- und Entsch\u00e4digungsantr\u00e4ge<\/strong><\/li>\n\n\n\n<li><strong>Gewerkschaftsrechte und Tarifvertr\u00e4ge<\/strong><\/li>\n<\/ul>\n\n\n\n<p>Die Arbeitsrechtsgesetzgebung, die von Land zu Land unterschiedlich ist, ist ein wichtiges Instrument, um das Arbeitsleben ges\u00fcnder zu gestalten, indem sie die Pflichten der Arbeitgeber und die Rechte der Arbeitnehmer regelt. Um m\u00f6glichen Streitigkeiten vorzubeugen, ist es von entscheidender Bedeutung, die Rechte und Pflichten aller Parteien im Rahmen des Arbeitsrechts zu kennen.<\/p>\n\n\n\n<h2 class=\"wp-block-heading\" id=\"is-davalari-surecinde-dikkat-edilmesi-gereken-temel-unsurlar\">Grundlegende Elemente, die w\u00e4hrend des Business Case-Prozesses zu ber\u00fccksichtigen sind<\/h2>\n\n\n\n<p>Arbeitsklagen sind ein \u00e4u\u00dferst wichtiger Prozess im Hinblick auf den Schutz der Rechte von Arbeitnehmern und Arbeitgebern. Die grundlegenden Elemente, die in diesem Prozess ber\u00fccksichtigt werden m\u00fcssen, wurden festgelegt, um den Rechtsverlust der Parteien w\u00e4hrend des Gerichtsverfahrens so gering wie m\u00f6glich zu halten. Erstens, <strong>regelm\u00e4\u00dfige Sammlung von Beweisen und Dokumenten<\/strong> ist erforderlich. Diese Dokumente sollten wichtige Nachweise wie Vertr\u00e4ge, schriftliche Mitteilungen und Gehaltsabrechnungen enthalten. Dar\u00fcber hinaus, <strong>sich fristgerecht bewerben<\/strong> und die Durchf\u00fchrung des Prozesses innerhalb der rechtlichen Grenzen spielt eine entscheidende Rolle f\u00fcr den erfolgreichen Abschluss des Gesch\u00e4ftsfalls. Auch die Verpflichtungen der Parteien untereinander sind in diesem Prozess von gro\u00dfer Bedeutung.<\/p>\n\n\n\n<p>Ein weiteres wichtiges Element ist <strong>Rechtsberatung einholen.<\/strong> F\u00fcr Personen, die nicht \u00fcber umfassende juristische Kenntnisse und Erfahrung verf\u00fcgen, ist es sehr schwierig, mit den Schwierigkeiten umzugehen, auf die sie w\u00e4hrend des Gerichtsverfahrens sto\u00dfen k\u00f6nnen. Daher sorgt die Beratung durch einen auf Arbeitsrecht spezialisierten Anwalt f\u00fcr einen reibungsloseren Ablauf. Ein weiteres h\u00e4ufig in Gesch\u00e4ftsf\u00e4llen anzutreffendes Element ist: <strong>Bewertung von Kompromissmethoden.<\/strong> Die L\u00f6sung von F\u00e4llen durch Methoden wie Verhandlungen und Mediation vor einem Gerichtsverfahren kann sowohl Zeit- als auch Kostenvorteile mit sich bringen. Die sinnvolle Nutzung m\u00f6glicher Kompromissm\u00f6glichkeiten f\u00fchrt zu einem konstruktiveren Vorgehen der Parteien.<\/p>\n\n\n\n<p><br><br>Daher spielt das Arbeitsrecht eine entscheidende Rolle bei der Regelung der Beziehungen zwischen Arbeitnehmer und Arbeitgeber. Arbeitsgesetze wurden sorgf\u00e4ltig erstellt, um die Rechte der Arbeitnehmer zu sch\u00fctzen und faire Arbeitsbedingungen zu gew\u00e4hrleisten. In dieser Studie wurden die in der Rechtspraxis auftretenden Probleme angesprochen, indem der Umfang des Arbeitsrechts, die Rechte der Arbeitnehmer und die Funktionsweise arbeitsrechtlicher F\u00e4lle er\u00f6rtert wurden. F\u00fcr Arbeitnehmer und Arbeitgeber ist es von gro\u00dfer Bedeutung, diese rechtliche Struktur im Hinblick auf die Erf\u00fcllung gegenseitiger Rechte und Pflichten zu verstehen. Zuk\u00fcnftig sollte die Weiterentwicklung des Arbeitsrechts parallel zu technologischen Entwicklungen und ver\u00e4nderten Arbeitsbedingungen ber\u00fccksichtigt und an aktuelle Bed\u00fcrfnisse angepasst werden. In diesem Zusammenhang ist es wichtig, das Wissen im Bereich des Arbeitsrechts zu erweitern, um die Rechte sowohl der Arbeitnehmer als auch der Arbeitgeber zu sch\u00fctzen. Daher sollen die in diesem Artikel behandelten Themen zu einem besseren Verst\u00e4ndnis der dynamischen Struktur des Arbeitsrechts beitragen.<\/p>","protected":false},"excerpt":{"rendered":"<p>Giri\u015f \u0130\u015f hukuku, i\u015f\u00e7i-i\u015fveren ili\u015fkilerini d\u00fczenleyen ve bu ili\u015fkilerin adil bir \u00e7er\u00e7evede y\u00fcr\u00fct\u00fclmesini sa\u011flamak amac\u0131 g\u00fcden bir hukuk dal\u0131d\u0131r. Modern toplumlarda \u00e7al\u0131\u015fma hayat\u0131n\u0131n giderek karma\u015f\u0131kla\u015fmas\u0131, i\u015f hukuku uygulamalar\u0131n\u0131n ve ilkelerinin geli\u015ftirilmesini zorunlu k\u0131lm\u0131\u015ft\u0131r. Bu ba\u011flamda, i\u015f hukuku sadece i\u015f s\u00f6zle\u015fmelerinin ve i\u015f ortam\u0131n\u0131n\u200c hukuki d\u00fczenlemeleriyle s\u0131n\u0131rl\u0131 kalmay\u0131p, ayn\u0131\u2063 zamanda i\u015f\u00e7ilerin haklar\u0131n\u0131 koruma ve geli\u015ftirme misyonunu da \u2063\u00fcstlenmektedir. \u0130\u015f\u00e7inin haklar\u0131,\u2062 sosyal adaletin temininde \u200dve \u00e7al\u0131\u015fma ko\u015fullar\u0131n\u0131n iyile\u015ftirilmesinde kritik bir \u00f6neme sahiptir. Bu makalede,\u2064 i\u015f hukukun kapsam\u0131,\u200c uygulamalar\u0131 ve i\u015f\u00e7i haklar\u0131 \u00fczerine detayl\u0131 bir analiz sunulacak; ayr\u0131ca, i\u015f\u00e7i haklar\u0131n\u0131n ihlaline ili\u015fkin davalar\u0131n i\u015fleyi\u015fi ve \u00e7\u00f6z\u00fcm yollar\u0131 \u00fczerinde durulacakt\u0131r. B\u00f6ylece, i\u015f hukuku alan\u0131ndaki mevcut durumun ve gelecekteki \u2063geli\u015fmelerin daha iyi anla\u015f\u0131lmas\u0131na \u200dkatk\u0131\u2063 sa\u011flanmas\u0131 hedeflenmektedir. \u0130\u015f Hukuku Kapsam\u0131 ve Uygulama Alanlar\u0131 \u00dczerine Derinlemesine \u0130nceleme \u0130\u015f hukuku, i\u015f\u00e7i ve i\u015fveren aras\u0131nda mevcut\u2062 olan ili\u015fkilerin d\u00fczenlenmesi ve korunmas\u0131 amac\u0131yla olu\u015fturulmu\u015f bir hukuk dal\u0131d\u0131r.\u200c Bu ba\u011flamda, i\u015f hukuku, \u00e7al\u0131\u015fma ko\u015fullar\u0131n\u0131n belirlenmesi, i\u015f s\u00f6zle\u015fmelerinin d\u00fczenlenmesi, i\u015f\u00e7i haklar\u0131n\u0131n korunmas\u0131 ve i\u015f yeri g\u00fcvenli\u011finin sa\u011flanmas\u0131 gibi konular\u0131 kapsamaktad\u0131r. \u0130\u015f hukukunun temel amac\u0131, i\u015f\u00e7iler ile i\u015fverenler aras\u0131ndaki dengenin korunmas\u0131 ve adaletin sa\u011flanmas\u0131d\u0131r. \u0130\u015f mahkemeleri, bu hukukun uygulanmas\u0131nda \u00f6nemli bir rol oynamaktad\u0131r. Bu mahkemelerde, i\u015f\u00e7i-i\u015fveren anla\u015fmazl\u0131klar\u0131, \u200ci\u015f kazalar\u0131, tazminat talepleri gibi konular ele \u2062al\u0131nmaktad\u0131r. Uygulama alanlar\u0131 ise \u2064olduk\u00e7a \u200bgeni\u015f bir yelpazeye yay\u0131lmaktad\u0131r. &hellip;<\/p>","protected":false},"author":4,"featured_media":2795,"comment_status":"closed","ping_status":"open","sticky":false,"template":"","format":"standard","meta":{"_acf_changed":false,"footnotes":""},"categories":[144],"tags":[],"class_list":["post-2807","post","type-post","status-publish","format-standard","has-post-thumbnail","hentry","category-alanlar"],"acf":[],"yoast_head":"<!-- This site is optimized with the Yoast SEO Premium plugin v26.6 (Yoast SEO v27.1.1) - https:\/\/yoast.com\/product\/yoast-seo-premium-wordpress\/ -->\n<title>\u0130\u015f Hukuku - Av. Deniz Can K\u0131z\u0131l<\/title>\n<meta name=\"robots\" content=\"index, follow, max-snippet:-1, max-image-preview:large, max-video-preview:-1\" \/>\n<link rel=\"canonical\" href=\"https:\/\/denizcankizil.tr\/de\/alanlar\/is-hukuku\/\" \/>\n<meta property=\"og:locale\" content=\"de_DE\" \/>\n<meta property=\"og:type\" content=\"article\" \/>\n<meta property=\"og:title\" content=\"\u0130\u015f Hukuku\" \/>\n<meta property=\"og:description\" content=\"Giri\u015f \u0130\u015f hukuku, i\u015f\u00e7i-i\u015fveren ili\u015fkilerini d\u00fczenleyen ve bu ili\u015fkilerin adil bir \u00e7er\u00e7evede y\u00fcr\u00fct\u00fclmesini sa\u011flamak amac\u0131 g\u00fcden bir hukuk dal\u0131d\u0131r. Modern toplumlarda \u00e7al\u0131\u015fma hayat\u0131n\u0131n giderek karma\u015f\u0131kla\u015fmas\u0131, i\u015f hukuku uygulamalar\u0131n\u0131n ve ilkelerinin geli\u015ftirilmesini zorunlu k\u0131lm\u0131\u015ft\u0131r. Bu ba\u011flamda, i\u015f hukuku sadece i\u015f s\u00f6zle\u015fmelerinin ve i\u015f ortam\u0131n\u0131n\u200c hukuki d\u00fczenlemeleriyle s\u0131n\u0131rl\u0131 kalmay\u0131p, ayn\u0131\u2063 zamanda i\u015f\u00e7ilerin haklar\u0131n\u0131 koruma ve geli\u015ftirme misyonunu da \u2063\u00fcstlenmektedir. \u0130\u015f\u00e7inin haklar\u0131,\u2062 sosyal adaletin temininde \u200dve \u00e7al\u0131\u015fma ko\u015fullar\u0131n\u0131n iyile\u015ftirilmesinde kritik bir \u00f6neme sahiptir. Bu makalede,\u2064 i\u015f hukukun kapsam\u0131,\u200c uygulamalar\u0131 ve i\u015f\u00e7i haklar\u0131 \u00fczerine detayl\u0131 bir analiz sunulacak; ayr\u0131ca, i\u015f\u00e7i haklar\u0131n\u0131n ihlaline ili\u015fkin davalar\u0131n i\u015fleyi\u015fi ve \u00e7\u00f6z\u00fcm yollar\u0131 \u00fczerinde durulacakt\u0131r. B\u00f6ylece, i\u015f hukuku alan\u0131ndaki mevcut durumun ve gelecekteki \u2063geli\u015fmelerin daha iyi anla\u015f\u0131lmas\u0131na \u200dkatk\u0131\u2063 sa\u011flanmas\u0131 hedeflenmektedir. \u0130\u015f Hukuku Kapsam\u0131 ve Uygulama Alanlar\u0131 \u00dczerine Derinlemesine \u0130nceleme \u0130\u015f hukuku, i\u015f\u00e7i ve i\u015fveren aras\u0131nda mevcut\u2062 olan ili\u015fkilerin d\u00fczenlenmesi ve korunmas\u0131 amac\u0131yla olu\u015fturulmu\u015f bir hukuk dal\u0131d\u0131r.\u200c Bu ba\u011flamda, i\u015f hukuku, \u00e7al\u0131\u015fma ko\u015fullar\u0131n\u0131n belirlenmesi, i\u015f s\u00f6zle\u015fmelerinin d\u00fczenlenmesi, i\u015f\u00e7i haklar\u0131n\u0131n korunmas\u0131 ve i\u015f yeri g\u00fcvenli\u011finin sa\u011flanmas\u0131 gibi konular\u0131 kapsamaktad\u0131r. \u0130\u015f hukukunun temel amac\u0131, i\u015f\u00e7iler ile i\u015fverenler aras\u0131ndaki dengenin korunmas\u0131 ve adaletin sa\u011flanmas\u0131d\u0131r. \u0130\u015f mahkemeleri, bu hukukun uygulanmas\u0131nda \u00f6nemli bir rol oynamaktad\u0131r. Bu mahkemelerde, i\u015f\u00e7i-i\u015fveren anla\u015fmazl\u0131klar\u0131, \u200ci\u015f kazalar\u0131, tazminat talepleri gibi konular ele \u2062al\u0131nmaktad\u0131r. Uygulama alanlar\u0131 ise \u2064olduk\u00e7a \u200bgeni\u015f bir yelpazeye yay\u0131lmaktad\u0131r. &hellip;\" \/>\n<meta property=\"og:url\" content=\"https:\/\/denizcankizil.tr\/de\/alanlar\/is-hukuku\/\" \/>\n<meta property=\"og:site_name\" content=\"Av. Deniz Can K\u0131z\u0131l\" \/>\n<meta property=\"article:published_time\" content=\"2024-10-15T10:48:42+00:00\" \/>\n<meta property=\"article:modified_time\" content=\"2025-03-15T21:46:24+00:00\" \/>\n<meta property=\"og:image\" content=\"https:\/\/denizcankizil.tr\/wp-content\/uploads\/2024\/10\/is-hukuku.jpg\" \/>\n\t<meta property=\"og:image:width\" content=\"413\" \/>\n\t<meta property=\"og:image:height\" content=\"330\" \/>\n\t<meta property=\"og:image:type\" content=\"image\/jpeg\" \/>\n<meta name=\"author\" content=\"Av. Deniz Can K\u0131z\u0131l\" \/>\n<meta name=\"twitter:card\" content=\"summary_large_image\" \/>\n<meta name=\"twitter:label1\" content=\"Verfasst von\" \/>\n\t<meta name=\"twitter:data1\" content=\"Av. Deniz Can K\u0131z\u0131l\" \/>\n\t<meta name=\"twitter:label2\" content=\"Gesch\u00e4tzte Lesezeit\" \/>\n\t<meta name=\"twitter:data2\" content=\"4\u00a0Minuten\" \/>\n<script type=\"application\/ld+json\" class=\"yoast-schema-graph\">{\"@context\":\"https:\/\/schema.org\",\"@graph\":[{\"@type\":\"Article\",\"@id\":\"https:\/\/denizcankizil.tr\/de\/alanlar\/is-hukuku\/#article\",\"isPartOf\":{\"@id\":\"https:\/\/denizcankizil.tr\/de\/alanlar\/is-hukuku\/\"},\"author\":{\"name\":\"Av. Deniz Can K\u0131z\u0131l\",\"@id\":\"https:\/\/denizcankizil.tr\/#\/schema\/person\/5dc1b22991bd7ac833867c10afc9b0ff\"},\"headline\":\"\u0130\u015f Hukuku\",\"datePublished\":\"2024-10-15T10:48:42+00:00\",\"dateModified\":\"2025-03-15T21:46:24+00:00\",\"mainEntityOfPage\":{\"@id\":\"https:\/\/denizcankizil.tr\/de\/alanlar\/is-hukuku\/\"},\"wordCount\":857,\"publisher\":{\"@id\":\"https:\/\/denizcankizil.tr\/#organization\"},\"image\":{\"@id\":\"https:\/\/denizcankizil.tr\/de\/alanlar\/is-hukuku\/#primaryimage\"},\"thumbnailUrl\":\"https:\/\/denizcankizil.tr\/wp-content\/uploads\/2024\/10\/is-hukuku.jpg\",\"articleSection\":[\"Alanlar\"],\"inLanguage\":\"de\"},{\"@type\":\"WebPage\",\"@id\":\"https:\/\/denizcankizil.tr\/de\/alanlar\/is-hukuku\/\",\"url\":\"https:\/\/denizcankizil.tr\/de\/alanlar\/is-hukuku\/\",\"name\":\"\u0130\u015f Hukuku - Av. Deniz Can K\u0131z\u0131l\",\"isPartOf\":{\"@id\":\"https:\/\/denizcankizil.tr\/#website\"},\"primaryImageOfPage\":{\"@id\":\"https:\/\/denizcankizil.tr\/de\/alanlar\/is-hukuku\/#primaryimage\"},\"image\":{\"@id\":\"https:\/\/denizcankizil.tr\/de\/alanlar\/is-hukuku\/#primaryimage\"},\"thumbnailUrl\":\"https:\/\/denizcankizil.tr\/wp-content\/uploads\/2024\/10\/is-hukuku.jpg\",\"datePublished\":\"2024-10-15T10:48:42+00:00\",\"dateModified\":\"2025-03-15T21:46:24+00:00\",\"breadcrumb\":{\"@id\":\"https:\/\/denizcankizil.tr\/de\/alanlar\/is-hukuku\/#breadcrumb\"},\"inLanguage\":\"de\",\"potentialAction\":[{\"@type\":\"ReadAction\",\"target\":[\"https:\/\/denizcankizil.tr\/de\/alanlar\/is-hukuku\/\"]}]},{\"@type\":\"ImageObject\",\"inLanguage\":\"de\",\"@id\":\"https:\/\/denizcankizil.tr\/de\/alanlar\/is-hukuku\/#primaryimage\",\"url\":\"https:\/\/denizcankizil.tr\/wp-content\/uploads\/2024\/10\/is-hukuku.jpg\",\"contentUrl\":\"https:\/\/denizcankizil.tr\/wp-content\/uploads\/2024\/10\/is-hukuku.jpg\",\"width\":413,\"height\":330},{\"@type\":\"BreadcrumbList\",\"@id\":\"https:\/\/denizcankizil.tr\/de\/alanlar\/is-hukuku\/#breadcrumb\",\"itemListElement\":[{\"@type\":\"ListItem\",\"position\":1,\"name\":\"Home\",\"item\":\"https:\/\/denizcankizil.tr\/de\/\"},{\"@type\":\"ListItem\",\"position\":2,\"name\":\"\u0130\u015f Hukuku\"}]},{\"@type\":\"WebSite\",\"@id\":\"https:\/\/denizcankizil.tr\/#website\",\"url\":\"https:\/\/denizcankizil.tr\/\",\"name\":\"Av. Deniz Can K\u0131z\u0131l\",\"description\":\"Avukat Deniz Can K\u0131z\u0131l Antalya Barosu\",\"publisher\":{\"@id\":\"https:\/\/denizcankizil.tr\/#organization\"},\"potentialAction\":[{\"@type\":\"SearchAction\",\"target\":{\"@type\":\"EntryPoint\",\"urlTemplate\":\"https:\/\/denizcankizil.tr\/?s={search_term_string}\"},\"query-input\":{\"@type\":\"PropertyValueSpecification\",\"valueRequired\":true,\"valueName\":\"search_term_string\"}}],\"inLanguage\":\"de\"},{\"@type\":\"Organization\",\"@id\":\"https:\/\/denizcankizil.tr\/#organization\",\"name\":\"Av. Deniz Can K\u0131z\u0131l\",\"url\":\"https:\/\/denizcankizil.tr\/\",\"logo\":{\"@type\":\"ImageObject\",\"inLanguage\":\"de\",\"@id\":\"https:\/\/denizcankizil.tr\/#\/schema\/logo\/image\/\",\"url\":\"https:\/\/denizcankizil.tr\/wp-content\/uploads\/2024\/10\/siyah-logo-svg.svg\",\"contentUrl\":\"https:\/\/denizcankizil.tr\/wp-content\/uploads\/2024\/10\/siyah-logo-svg.svg\",\"width\":1080,\"height\":1080,\"caption\":\"Av. Deniz Can K\u0131z\u0131l\"},\"image\":{\"@id\":\"https:\/\/denizcankizil.tr\/#\/schema\/logo\/image\/\"}},{\"@type\":\"Person\",\"@id\":\"https:\/\/denizcankizil.tr\/#\/schema\/person\/5dc1b22991bd7ac833867c10afc9b0ff\",\"name\":\"Av. Deniz Can K\u0131z\u0131l\",\"image\":{\"@type\":\"ImageObject\",\"inLanguage\":\"de\",\"@id\":\"https:\/\/denizcankizil.tr\/#\/schema\/person\/image\/\",\"url\":\"https:\/\/secure.gravatar.com\/avatar\/a0b128fb9855c79efc976d5640eedb31dc35ec297594d6016d2cf7c60e975bb6?s=96&d=mm&r=g\",\"contentUrl\":\"https:\/\/secure.gravatar.com\/avatar\/a0b128fb9855c79efc976d5640eedb31dc35ec297594d6016d2cf7c60e975bb6?s=96&d=mm&r=g\",\"caption\":\"Av. Deniz Can K\u0131z\u0131l\"},\"sameAs\":[\"http:\/\/www.denizcankizil.tr\"],\"url\":\"https:\/\/denizcankizil.tr\/de\/author\/denizcankizil\/\"}]}<\/script>\n<!-- \/ Yoast SEO Premium plugin. -->","yoast_head_json":{"title":"\u0130\u015f Hukuku - Av. Deniz Can K\u0131z\u0131l","robots":{"index":"index","follow":"follow","max-snippet":"max-snippet:-1","max-image-preview":"max-image-preview:large","max-video-preview":"max-video-preview:-1"},"canonical":"https:\/\/denizcankizil.tr\/de\/alanlar\/is-hukuku\/","og_locale":"de_DE","og_type":"article","og_title":"\u0130\u015f Hukuku","og_description":"Giri\u015f \u0130\u015f hukuku, i\u015f\u00e7i-i\u015fveren ili\u015fkilerini d\u00fczenleyen ve bu ili\u015fkilerin adil bir \u00e7er\u00e7evede y\u00fcr\u00fct\u00fclmesini sa\u011flamak amac\u0131 g\u00fcden bir hukuk dal\u0131d\u0131r. Modern toplumlarda \u00e7al\u0131\u015fma hayat\u0131n\u0131n giderek karma\u015f\u0131kla\u015fmas\u0131, i\u015f hukuku uygulamalar\u0131n\u0131n ve ilkelerinin geli\u015ftirilmesini zorunlu k\u0131lm\u0131\u015ft\u0131r. Bu ba\u011flamda, i\u015f hukuku sadece i\u015f s\u00f6zle\u015fmelerinin ve i\u015f ortam\u0131n\u0131n\u200c hukuki d\u00fczenlemeleriyle s\u0131n\u0131rl\u0131 kalmay\u0131p, ayn\u0131\u2063 zamanda i\u015f\u00e7ilerin haklar\u0131n\u0131 koruma ve geli\u015ftirme misyonunu da \u2063\u00fcstlenmektedir. \u0130\u015f\u00e7inin haklar\u0131,\u2062 sosyal adaletin temininde \u200dve \u00e7al\u0131\u015fma ko\u015fullar\u0131n\u0131n iyile\u015ftirilmesinde kritik bir \u00f6neme sahiptir. Bu makalede,\u2064 i\u015f hukukun kapsam\u0131,\u200c uygulamalar\u0131 ve i\u015f\u00e7i haklar\u0131 \u00fczerine detayl\u0131 bir analiz sunulacak; ayr\u0131ca, i\u015f\u00e7i haklar\u0131n\u0131n ihlaline ili\u015fkin davalar\u0131n i\u015fleyi\u015fi ve \u00e7\u00f6z\u00fcm yollar\u0131 \u00fczerinde durulacakt\u0131r. B\u00f6ylece, i\u015f hukuku alan\u0131ndaki mevcut durumun ve gelecekteki \u2063geli\u015fmelerin daha iyi anla\u015f\u0131lmas\u0131na \u200dkatk\u0131\u2063 sa\u011flanmas\u0131 hedeflenmektedir. \u0130\u015f Hukuku Kapsam\u0131 ve Uygulama Alanlar\u0131 \u00dczerine Derinlemesine \u0130nceleme \u0130\u015f hukuku, i\u015f\u00e7i ve i\u015fveren aras\u0131nda mevcut\u2062 olan ili\u015fkilerin d\u00fczenlenmesi ve korunmas\u0131 amac\u0131yla olu\u015fturulmu\u015f bir hukuk dal\u0131d\u0131r.\u200c Bu ba\u011flamda, i\u015f hukuku, \u00e7al\u0131\u015fma ko\u015fullar\u0131n\u0131n belirlenmesi, i\u015f s\u00f6zle\u015fmelerinin d\u00fczenlenmesi, i\u015f\u00e7i haklar\u0131n\u0131n korunmas\u0131 ve i\u015f yeri g\u00fcvenli\u011finin sa\u011flanmas\u0131 gibi konular\u0131 kapsamaktad\u0131r. \u0130\u015f hukukunun temel amac\u0131, i\u015f\u00e7iler ile i\u015fverenler aras\u0131ndaki dengenin korunmas\u0131 ve adaletin sa\u011flanmas\u0131d\u0131r. \u0130\u015f mahkemeleri, bu hukukun uygulanmas\u0131nda \u00f6nemli bir rol oynamaktad\u0131r. Bu mahkemelerde, i\u015f\u00e7i-i\u015fveren anla\u015fmazl\u0131klar\u0131, \u200ci\u015f kazalar\u0131, tazminat talepleri gibi konular ele \u2062al\u0131nmaktad\u0131r. Uygulama alanlar\u0131 ise \u2064olduk\u00e7a \u200bgeni\u015f bir yelpazeye yay\u0131lmaktad\u0131r. &hellip;","og_url":"https:\/\/denizcankizil.tr\/de\/alanlar\/is-hukuku\/","og_site_name":"Av. Deniz Can K\u0131z\u0131l","article_published_time":"2024-10-15T10:48:42+00:00","article_modified_time":"2025-03-15T21:46:24+00:00","og_image":[{"width":413,"height":330,"url":"https:\/\/denizcankizil.tr\/wp-content\/uploads\/2024\/10\/is-hukuku.jpg","type":"image\/jpeg"}],"author":"Av. Deniz Can K\u0131z\u0131l","twitter_card":"summary_large_image","twitter_misc":{"Verfasst von":"Av. Deniz Can K\u0131z\u0131l","Gesch\u00e4tzte Lesezeit":"4\u00a0Minuten"},"schema":{"@context":"https:\/\/schema.org","@graph":[{"@type":"Article","@id":"https:\/\/denizcankizil.tr\/de\/alanlar\/is-hukuku\/#article","isPartOf":{"@id":"https:\/\/denizcankizil.tr\/de\/alanlar\/is-hukuku\/"},"author":{"name":"Av. Deniz Can K\u0131z\u0131l","@id":"https:\/\/denizcankizil.tr\/#\/schema\/person\/5dc1b22991bd7ac833867c10afc9b0ff"},"headline":"\u0130\u015f Hukuku","datePublished":"2024-10-15T10:48:42+00:00","dateModified":"2025-03-15T21:46:24+00:00","mainEntityOfPage":{"@id":"https:\/\/denizcankizil.tr\/de\/alanlar\/is-hukuku\/"},"wordCount":857,"publisher":{"@id":"https:\/\/denizcankizil.tr\/#organization"},"image":{"@id":"https:\/\/denizcankizil.tr\/de\/alanlar\/is-hukuku\/#primaryimage"},"thumbnailUrl":"https:\/\/denizcankizil.tr\/wp-content\/uploads\/2024\/10\/is-hukuku.jpg","articleSection":["Alanlar"],"inLanguage":"de"},{"@type":"WebPage","@id":"https:\/\/denizcankizil.tr\/de\/alanlar\/is-hukuku\/","url":"https:\/\/denizcankizil.tr\/de\/alanlar\/is-hukuku\/","name":"\u0130\u015f Hukuku - Av. Deniz Can K\u0131z\u0131l","isPartOf":{"@id":"https:\/\/denizcankizil.tr\/#website"},"primaryImageOfPage":{"@id":"https:\/\/denizcankizil.tr\/de\/alanlar\/is-hukuku\/#primaryimage"},"image":{"@id":"https:\/\/denizcankizil.tr\/de\/alanlar\/is-hukuku\/#primaryimage"},"thumbnailUrl":"https:\/\/denizcankizil.tr\/wp-content\/uploads\/2024\/10\/is-hukuku.jpg","datePublished":"2024-10-15T10:48:42+00:00","dateModified":"2025-03-15T21:46:24+00:00","breadcrumb":{"@id":"https:\/\/denizcankizil.tr\/de\/alanlar\/is-hukuku\/#breadcrumb"},"inLanguage":"de","potentialAction":[{"@type":"ReadAction","target":["https:\/\/denizcankizil.tr\/de\/alanlar\/is-hukuku\/"]}]},{"@type":"ImageObject","inLanguage":"de","@id":"https:\/\/denizcankizil.tr\/de\/alanlar\/is-hukuku\/#primaryimage","url":"https:\/\/denizcankizil.tr\/wp-content\/uploads\/2024\/10\/is-hukuku.jpg","contentUrl":"https:\/\/denizcankizil.tr\/wp-content\/uploads\/2024\/10\/is-hukuku.jpg","width":413,"height":330},{"@type":"BreadcrumbList","@id":"https:\/\/denizcankizil.tr\/de\/alanlar\/is-hukuku\/#breadcrumb","itemListElement":[{"@type":"ListItem","position":1,"name":"Home","item":"https:\/\/denizcankizil.tr\/de\/"},{"@type":"ListItem","position":2,"name":"\u0130\u015f Hukuku"}]},{"@type":"WebSite","@id":"https:\/\/denizcankizil.tr\/#website","url":"https:\/\/denizcankizil.tr\/","name":"Av. Deniz Can K\u0131z\u0131l","description":"Avukat Deniz Can K\u0131z\u0131l Antalya Barosu","publisher":{"@id":"https:\/\/denizcankizil.tr\/#organization"},"potentialAction":[{"@type":"SearchAction","target":{"@type":"EntryPoint","urlTemplate":"https:\/\/denizcankizil.tr\/?s={search_term_string}"},"query-input":{"@type":"PropertyValueSpecification","valueRequired":true,"valueName":"search_term_string"}}],"inLanguage":"de"},{"@type":"Organization","@id":"https:\/\/denizcankizil.tr\/#organization","name":"Av. Deniz Can K\u0131z\u0131l","url":"https:\/\/denizcankizil.tr\/","logo":{"@type":"ImageObject","inLanguage":"de","@id":"https:\/\/denizcankizil.tr\/#\/schema\/logo\/image\/","url":"https:\/\/denizcankizil.tr\/wp-content\/uploads\/2024\/10\/siyah-logo-svg.svg","contentUrl":"https:\/\/denizcankizil.tr\/wp-content\/uploads\/2024\/10\/siyah-logo-svg.svg","width":1080,"height":1080,"caption":"Av. Deniz Can K\u0131z\u0131l"},"image":{"@id":"https:\/\/denizcankizil.tr\/#\/schema\/logo\/image\/"}},{"@type":"Person","@id":"https:\/\/denizcankizil.tr\/#\/schema\/person\/5dc1b22991bd7ac833867c10afc9b0ff","name":"Av. Deniz Can K\u0131z\u0131l","image":{"@type":"ImageObject","inLanguage":"de","@id":"https:\/\/denizcankizil.tr\/#\/schema\/person\/image\/","url":"https:\/\/secure.gravatar.com\/avatar\/a0b128fb9855c79efc976d5640eedb31dc35ec297594d6016d2cf7c60e975bb6?s=96&d=mm&r=g","contentUrl":"https:\/\/secure.gravatar.com\/avatar\/a0b128fb9855c79efc976d5640eedb31dc35ec297594d6016d2cf7c60e975bb6?s=96&d=mm&r=g","caption":"Av. Deniz Can K\u0131z\u0131l"},"sameAs":["http:\/\/www.denizcankizil.tr"],"url":"https:\/\/denizcankizil.tr\/de\/author\/denizcankizil\/"}]}},"_links":{"self":[{"href":"https:\/\/denizcankizil.tr\/de\/wp-json\/wp\/v2\/posts\/2807","targetHints":{"allow":["GET"]}}],"collection":[{"href":"https:\/\/denizcankizil.tr\/de\/wp-json\/wp\/v2\/posts"}],"about":[{"href":"https:\/\/denizcankizil.tr\/de\/wp-json\/wp\/v2\/types\/post"}],"author":[{"embeddable":true,"href":"https:\/\/denizcankizil.tr\/de\/wp-json\/wp\/v2\/users\/4"}],"replies":[{"embeddable":true,"href":"https:\/\/denizcankizil.tr\/de\/wp-json\/wp\/v2\/comments?post=2807"}],"version-history":[{"count":1,"href":"https:\/\/denizcankizil.tr\/de\/wp-json\/wp\/v2\/posts\/2807\/revisions"}],"predecessor-version":[{"id":4633,"href":"https:\/\/denizcankizil.tr\/de\/wp-json\/wp\/v2\/posts\/2807\/revisions\/4633"}],"wp:featuredmedia":[{"embeddable":true,"href":"https:\/\/denizcankizil.tr\/de\/wp-json\/wp\/v2\/media\/2795"}],"wp:attachment":[{"href":"https:\/\/denizcankizil.tr\/de\/wp-json\/wp\/v2\/media?parent=2807"}],"wp:term":[{"taxonomy":"category","embeddable":true,"href":"https:\/\/denizcankizil.tr\/de\/wp-json\/wp\/v2\/categories?post=2807"},{"taxonomy":"post_tag","embeddable":true,"href":"https:\/\/denizcankizil.tr\/de\/wp-json\/wp\/v2\/tags?post=2807"}],"curies":[{"name":"wp","href":"https:\/\/api.w.org\/{rel}","templated":true}]}}