{"id":27628,"date":"2025-01-26T14:55:46","date_gmt":"2025-01-26T11:55:46","guid":{"rendered":"https:\/\/denizcankizil.tr\/uncategorized-tr\/kartalkayadaki-otel-yangini-aci-ve-kaybin-derinligi\/"},"modified":"2025-01-26T14:55:46","modified_gmt":"2025-01-26T11:55:46","slug":"kartalkayadaki-otel-yangini-aci-ve-kaybin-derinligi","status":"publish","type":"post","link":"https:\/\/denizcankizil.tr\/de\/koseyazilari\/degerlendirme\/kartalkayadaki-otel-yangini-aci-ve-kaybin-derinligi\/","title":{"rendered":"Kartalkaya&#8217;daki Otel Yang\u0131n\u0131: Ac\u0131 ve Kayb\u0131n Derinli\u011fi"},"content":{"rendered":"<p> <strong>Kartalkaya&#8217;daki Otel Yang\u0131n\u0131: Ac\u0131 ve Kayb\u0131n Derinli\u011fi<\/strong><\/p>\n<p>Son \u200dy\u0131llarda\u200c T\u00fcrkiye&#8217;nin turizm merkezlerinden \u200dbiri haline gelen Kartalkaya, do\u011fal\u200b g\u00fczellikleri ve\u2063 k\u0131\u015f sporlar\u0131 olanaklar\u0131 \u200cile dikkat \u00e7ekmektedir. Ancak, bu g\u00fczel b\u00f6lge, 2023 y\u0131l\u0131nda ya\u015fanan trajik bir olayla sars\u0131lm\u0131\u015ft\u0131r. Kartalkaya&#8217;daki bir otelde meydana gelen yang\u0131n, sadece maddi kay\u0131plara de\u011fil, ayn\u0131 zamanda insan\u2063 hayat\u0131na da mal olmu\u015ftur. Bu makalede, yang\u0131n\u0131n sebepleri, sonu\u00e7lar\u0131 ve toplum \u00fczerindeki etkileri derinlemesine incelenecek; olay\u0131n \u200byaratt\u0131\u011f\u0131 ac\u0131 ve kayb\u0131n derinli\u011fi \u00fczerinde durulacakt\u0131r. Yang\u0131n sonras\u0131 ya\u015fanan geli\u015fmeler, g\u00fcvenlik \u00f6nlemleri ve hukuki s\u00fcre\u00e7ler de ele al\u0131narak, benzer olaylar\u0131n \u00f6nlenmesi i\u00e7in al\u0131nmas\u0131 gereken dersler vurgulanacakt\u0131r. Bu ba\u011flamda, Kartalkaya&#8217;daki otel yang\u0131n\u0131,\u200b sadece bir felaket de\u011fil, ayn\u0131 zamanda toplumsal \u2062bir uyan\u0131\u015f\u0131n ve sorumlulu\u011fun gereklili\u011finin de alt\u0131n\u0131 \u00e7izmektedir.<br \/><img decoding=\"async\" class=\"kimage_class lazyload\" data-src=\"https:\/\/denizcankizil.tr\/wp-content\/uploads\/2024\/10\/ii_200.jpg\" alt=\"Kartalkayadaki Otel \u200cYang\u0131n\u0131n\u0131n Sebepleri ve \u00d6nlenebilirlik Analizi\" src=\"data:image\/svg+xml;base64,PHN2ZyB3aWR0aD0iMSIgaGVpZ2h0PSIxIiB4bWxucz0iaHR0cDovL3d3dy53My5vcmcvMjAwMC9zdmciPjwvc3ZnPg==\"><\/p>\n<h2 id=\"kartalkayadaki-otel-yangininin-sebepleri-ve-onlenebilirlik-analizi\">Kartalkayadaki Otel Yang\u0131n\u0131n\u0131n\u2064 Sebepleri ve \u00d6nlenebilirlik Analizi<\/h2>\n<p>Kartalkaya&#8217;daki otel yang\u0131n\u0131, <a href=\"https:\/\/denizcankizil.tr\/de\/seo\/antalyada-icra-hukuku-avukatlarinin-gorev-alani-ve-adliye-rehberi\/\" title=\"Antalya&#039;da \u0130cra Hukuku Avukatlar\u0131n\u0131n G\u00f6rev Alan\u0131 ve Adliye Rehberi\">hem yerel hem de ulusal d\u00fczeyde<\/a> b\u00fcy\u00fck bir \u00fcz\u00fcnt\u00fcye yol \u2064a\u00e7m\u0131\u015ft\u0131r. Bu t\u00fcr\u200c olaylar\u0131n sebeplerini anlamak, gelecekte benzer felaketlerin \u00f6nlenmesi a\u00e7\u0131s\u0131ndan kritik bir \u00f6neme sahiptir. Yang\u0131n\u0131n\u2064 nedenleri\u200d aras\u0131nda, yap\u0131lar\u0131n yang\u0131n g\u00fcvenli\u011fi standartlar\u0131na uygun olmamas\u0131, bak\u0131m eksiklikleri ve yang\u0131n alg\u0131lama sistemlerinin yetersizli\u011fi gibi \u200cfakt\u00f6rler \u00f6ne \u00e7\u0131kmaktad\u0131r.<\/p>\n<p>Yang\u0131nlar\u0131n \u00f6nlenebilirli\u011fi konusunda\u2064 yap\u0131lan analizler,\u200b a\u015fa\u011f\u0131daki unsurlar\u0131n dikkate al\u0131nmas\u0131 gerekti\u011fini g\u00f6stermektedir:<\/p>\n<ul>\n<li><strong>Yang\u0131n G\u00fcvenli\u011fi E\u011fitimi:<\/strong> \u200c\u00c7al\u0131\u015fanlar\u0131n ve misafirlerin yang\u0131n g\u00fcvenli\u011fi \u200dkonusunda bilin\u00e7lendirilmesi, acil\u200c durumlarda do\u011fru\u2063 davran\u0131\u015flar\u0131n sergilenmesini sa\u011flar.<\/li>\n<li><strong>Yap\u0131sal \u00d6nlemler:<\/strong> Otel binalar\u0131n\u0131n yang\u0131n y\u00f6netmeliklerine uygun olarak in\u015fa edilmesi ve d\u00fczenli\u2062 olarak bak\u0131mlar\u0131n\u0131n\u200b yap\u0131lmas\u0131 gerekmektedir.<\/li>\n<li><strong>Yang\u0131n Alg\u0131lama Sistemleri:<\/strong> Modern\u2062 yang\u0131n alg\u0131lama ve s\u00f6nd\u00fcrme sistemlerinin kurulmas\u0131, yang\u0131n an\u0131nda\u2062 h\u0131zl\u0131 m\u00fcdahale\u200d imkan\u0131 sunar.<\/li>\n<li><strong>Acil Durum Planlar\u0131:<\/strong> Yang\u0131n durumunda uygulanacak <a href=\"https:\/\/denizcankizil.tr\/de\/koseyazilari\/degerlendirme\/tuzel-kisilik-nedir-turk-ceza-kanununa-gore-tuzel-kisiler-hakkinda-guvenlik-tedbirleri-ve-uygulamalari\/\" title=\"Was ist eine juristische Person? Gem\u00e4\u00df dem t\u00fcrkischen Strafgesetzbuch; Sicherheitsma\u00dfnahmen und -praktiken in Bezug auf juristische Personen?\">acil durum planlar\u0131<\/a>n\u0131n\u2063 olu\u015fturulmas\u0131 ve tatbikatlar\u0131n d\u00fczenlenmesi, olas\u0131 kay\u0131plar\u0131 en aza indirebilir.<\/li>\n<\/ul>\n<p>Sonu\u00e7 olarak, Kartalkaya&#8217;daki\u200b otel yang\u0131n\u0131, yang\u0131n \u2062g\u00fcvenli\u011fi \u00f6nlemlerinin ne denli \u00f6nemli oldu\u011funu bir kez daha \u2063g\u00f6zler \u00f6n\u00fcne sermektedir. Bu \u2063t\u00fcr olaylar\u0131n tekrar ya\u015fanmamas\u0131 i\u00e7in, yukar\u0131da \u200bbelirtilen\u200c \u00f6nlemlerin \u2062hayata \u2062ge\u00e7irilmesi ve s\u00fcrekli olarak g\u00fcncellenmesi gerekmektedir.<\/p>\n<p><img decoding=\"async\" class=\"kimage_class lazyload\" data-src=\"https:\/\/denizcankizil.tr\/wp-content\/uploads\/2024\/10\/fNqXg-253D.jpg\" alt=\"Yang\u0131n Sonras\u0131 Kurtarma \u00c7al\u0131\u015fmalar\u0131 ve M\u00fcdahale S\u00fcreci\" src=\"data:image\/svg+xml;base64,PHN2ZyB3aWR0aD0iMSIgaGVpZ2h0PSIxIiB4bWxucz0iaHR0cDovL3d3dy53My5vcmcvMjAwMC9zdmciPjwvc3ZnPg==\"><\/p>\n<h2 id=\"yangin-sonrasi-kurtarma-calismalari-ve-mudahale-sureci\">Yang\u0131n Sonras\u0131 Kurtarma \u00c7al\u0131\u015fmalar\u0131 ve M\u00fcdahale S\u00fcreci<\/h2>\n<section>\n<p>Yang\u0131n olaylar\u0131n\u0131n ard\u0131ndan ger\u00e7ekle\u015ftirilen kurtarma\u200c \u00e7al\u0131\u015fmalar\u0131, olay\u0131n b\u00fcy\u00fckl\u00fc\u011f\u00fcne ve \u2064etkilerine ba\u011fl\u0131 olarak b\u00fcy\u00fck \u2062bir \u00f6nem ta\u015f\u0131maktad\u0131r. Yang\u0131n sonras\u0131 m\u00fcdahale s\u00fcreci, hem \u200dcan kayb\u0131n\u0131 \u00f6nlemek hem\u200b de maddi hasar\u0131 en aza indirmek amac\u0131yla titizlikle y\u00fcr\u00fct\u00fclmelidir. Bu s\u00fcre\u00e7te \u2064dikkate al\u0131nmas\u0131 gereken baz\u0131 temel unsurlar\u200c \u015funlard\u0131r:<\/p>\n<ul>\n<li><strong>H\u0131zl\u0131 M\u00fcdahale:<\/strong> Yang\u0131n sonras\u0131 \u200bkurtarma ekiplerinin olay yerine h\u0131zl\u0131 bir \u200c\u015fekilde ula\u015fmas\u0131, hayati tehlike ta\u015f\u0131yan durumlar\u0131n \u00f6n\u00fcne ge\u00e7ilmesi a\u00e7\u0131s\u0131ndan kritik \u00f6neme sahiptir.<\/li>\n<li><strong>Koordinasyon:<\/strong> Farkl\u0131 kurum ve \u2062kurulu\u015flar aras\u0131nda \u200csa\u011flanacak etkili bir koordinasyon, kurtarma \u00e7al\u0131\u015fmalar\u0131n\u0131n etkinli\u011fini art\u0131racakt\u0131r.<\/li>\n<li><strong>G\u00fcvenlik \u00d6nlemleri:<\/strong> Kurtarma ekiplerinin kendi g\u00fcvenli\u011fini sa\u011flamas\u0131, olas\u0131 ikinci bir\u200d yang\u0131n veya patlama riskine kar\u015f\u0131\u2064 \u00f6nlem almas\u0131 gerekmektedir.<\/li>\n<li><strong>Psiko-sosyal Destek:<\/strong> Yang\u0131n sonras\u0131 etkilenen bireyler i\u00e7in psikolojik destek sa\u011flanmas\u0131, toplumsal dayan\u0131\u015fman\u0131n g\u00fc\u00e7lenmesine katk\u0131da bulunacakt\u0131r.<\/li>\n<\/ul>\n<p>Bu unsurlar\u0131n yan\u0131 s\u0131ra, yang\u0131n sonras\u0131 yap\u0131lan \u200dde\u011ferlendirmeler ve analizler, gelecekte benzer olaylar\u0131n \u00f6nlenmesi i\u00e7in \u00f6nemli bir kaynak olu\u015fturacakt\u0131r. Yang\u0131n \u200cg\u00fcvenli\u011fi konusunda\u2062 al\u0131nacak \u00f6nlemler ve \u200be\u011fitimler, toplumun bu t\u00fcr felaketlere \u2062kar\u015f\u0131 daha haz\u0131rl\u0131kl\u0131 olmas\u0131n\u0131 sa\u011flayacakt\u0131r. Dolay\u0131s\u0131yla, yang\u0131n sonras\u0131 kurtarma \u00e7al\u0131\u015fmalar\u0131 sadece anl\u0131k bir m\u00fcdahale de\u011fil, \u200dayn\u0131 zamanda uzun vadeli bir stratejinin par\u00e7as\u0131 olarak\u2064 ele al\u0131nmal\u0131d\u0131r.<\/p>\n<\/section>\n<h2 id=\"yanginin-etkiledigi-insanlar-magdurlarin-hikayeleri\">Yang\u0131n\u0131n Etkiledi\u011fi \u0130nsanlar: Ma\u011fdurlar\u0131n Hikayeleri<\/h2>\n<section>\n<p>        Kartalkaya&#8217;daki otel yang\u0131n\u0131, bir\u00e7ok insan\u0131n hayat\u0131nda derin izler b\u0131rakt\u0131. Yang\u0131n s\u0131ras\u0131nda ya\u015fananlar, ma\u011fdurlar\u0131n psikolojik ve fiziksel durumlar\u0131n\u0131 olumsuz\u2063 etkiledi. Yang\u0131n sonras\u0131, bir\u00e7ok ki\u015fi sevdiklerini\u200b kaybetmenin ac\u0131s\u0131yla ba\u015fa \u00e7\u0131kmaya \u00e7al\u0131\u015f\u0131rken, baz\u0131lar\u0131 \u200dise ya\u015fad\u0131klar\u0131 travman\u0131n etkisiyle g\u00fcnl\u00fck ya\u015famlar\u0131na\u2064 devam etmekte \u2062zorlan\u0131yor.\n    <\/p>\n<p>        \u200b      \u2062 Yang\u0131n\u0131n etkiledi\u011fi bireylerin hikayeleri, kay\u0131plar\u0131n ve ac\u0131lar\u0131n ne denli derin oldu\u011funu \u2064g\u00f6zler \u00f6n\u00fcne \u200bseriyor. Bu s\u00fcre\u00e7te ya\u015fanan\u200b duygusal zorluklar, ma\u011fdurlar\u0131n \u200chayatlar\u0131n\u0131 yeniden in\u015fa\u200d etme \u00e7abalar\u0131n\u0131 da zorla\u015ft\u0131r\u0131yor. Yang\u0131n sonras\u0131 ya\u015fananlar, sadece fiziksel yaralarla \u200bs\u0131n\u0131rl\u0131 kalmay\u0131p, ayn\u0131 zamanda ruhsal yaralar\u0131n da a\u00e7\u0131lmas\u0131na neden oldu.\n    <\/p>\n<p>        \u200b   Yang\u0131ndan \u200detkilenenlerin ya\u015fad\u0131\u011f\u0131 zorluklar aras\u0131nda \u200b\u015funlar yer \u200dal\u0131yor:<br \/>\n      \u2062<\/p>\n<ul>\n<li><strong>Psikolojik travma:<\/strong> Yang\u0131n an\u0131nda ya\u015fanan korku ve belirsizlik,\u200b bir\u00e7ok\u200d bireyde kal\u0131c\u0131 psikolojik etkiler b\u0131rakt\u0131.<\/li>\n<li><strong>Kayb\u0131n ac\u0131s\u0131:<\/strong> Sevdiklerini kaybedenler, yas s\u00fcrecini atlatmakta g\u00fc\u00e7l\u00fck \u2064\u00e7ekiyor.<\/li>\n<li><strong>Gelecek kayg\u0131s\u0131:<\/strong> Yang\u0131n sonras\u0131 belirsizlik, ma\u011fdurlar\u0131n gelece\u011fe dair umutlar\u0131n\u0131 sars\u0131yor.<\/li>\n<\/ul>\n<p>        \u200b \u2063      Bu trajik olay, toplumda \u2062dayan\u0131\u015fma ve destek\u200d ihtiyac\u0131n\u0131 da ortaya koydu. Yang\u0131n sonras\u0131 yard\u0131m kampanyalar\u0131 ve destek gruplar\u0131, ma\u011fdurlar\u0131n ya\u015fad\u0131\u011f\u0131 zorluklar\u0131 hafifletmek amac\u0131yla harekete ge\u00e7ti. Ancak, bu\u2062 s\u00fcre\u00e7te \u2064ya\u015fanan kay\u0131plar\u0131n ve ac\u0131lar\u0131n telafisi m\u00fcmk\u00fcn \u200bolmayacak kadar derin.<br \/>\n \u200c \u2063\n    <\/p>\n<\/section>\n<p><img decoding=\"async\" class=\"kimage_class lazyload\" data-src=\"https:\/\/denizcankizil.tr\/wp-content\/uploads\/2024\/10\/3984-antalyada-sigorta-hukuku-avukatinin-gorev-alanlari.jpg\" alt=\"Otel Yang\u0131nlar\u0131n\u0131n Hukuki Boyutu ve \u200dSorumluluklar\" src=\"data:image\/svg+xml;base64,PHN2ZyB3aWR0aD0iMSIgaGVpZ2h0PSIxIiB4bWxucz0iaHR0cDovL3d3dy53My5vcmcvMjAwMC9zdmciPjwvc3ZnPg==\"><\/p>\n<h2 id=\"otel-yanginlarinin-hukuki-boyutu-ve-sorumluluklar\">Otel Yang\u0131nlar\u0131n\u0131n \u200dHukuki Boyutu ve Sorumluluklar<\/h2>\n<section>\n<p>Otel yang\u0131nlar\u0131, \u2064hem maddi hem de manevi kay\u0131plara yol a\u00e7an ciddi olaylard\u0131r. Bu t\u00fcr olaylar\u0131n hukuki boyutu, yang\u0131n\u0131n meydana gelmesinde ihmal veya kusur olup olmad\u0131\u011f\u0131n\u0131n tespit\u200b edilmesiyle\u200d ba\u015flar.\u200c Yang\u0131n g\u00fcvenli\u011fi\u200c standartlar\u0131na uyulmamas\u0131, otel i\u015fletmecilerinin sorumlulu\u011funu\u2063 art\u0131ran \u00f6nemli bir\u2062 fakt\u00f6rd\u00fcr. Bu ba\u011flamda, otel sahipleri ve y\u00f6neticileri, misafirlerin g\u00fcvenli\u011fini sa\u011flamakla y\u00fck\u00fcml\u00fcd\u00fcr.<\/p>\n<p>Otel yang\u0131nlar\u0131 sonucunda ortaya \u00e7\u0131kan zararlar\u0131n tazmini, T\u00fcrk Bor\u00e7lar Kanunu \u00e7er\u00e7evesinde de\u011ferlendirilmektedir.\u200d Yang\u0131n nedeniyle olu\u015fan\u2062 zararlar\u0131n tazmini i\u00e7in a\u015fa\u011f\u0131daki unsurlar \u200cdikkate al\u0131nmal\u0131d\u0131r:<\/p>\n<ul>\n<li><strong>\u0130hmal veya \u200dkusur:<\/strong> Yang\u0131n\u0131n \u00e7\u0131kmas\u0131na neden olan\u200c durumlar\u0131n ara\u015ft\u0131r\u0131lmas\u0131.<\/li>\n<li><strong>Yang\u0131n\u2062 g\u00fcvenli\u011fi \u00f6nlemleri:<\/strong> Otelin yang\u0131n g\u00fcvenli\u011fi standartlar\u0131na uygunlu\u011fu.<\/li>\n<li><strong>Sigorta poli\u00e7eleri:<\/strong> Yang\u0131n sonras\u0131 tazminat taleplerinin sigorta kapsam\u0131nda olup \u2064olmad\u0131\u011f\u0131.<\/li>\n<\/ul>\n<p>Otel \u2064i\u015fletmecileri, yang\u0131n g\u00fcvenli\u011fi\u200c ile ilgili y\u00fck\u00fcml\u00fcl\u00fcklerini yerine getirmedikleri\u2064 takdirde, hem ceza hukuku hem de tazminat hukuku a\u00e7\u0131s\u0131ndan sorumlu tutulabilirler. Bu\u2064 nedenle, \u2062otel sahiplerinin yang\u0131n g\u00fcvenli\u011fi \u00f6nlemlerini s\u00fcrekli olarak g\u00f6zden \u2064ge\u00e7irmeleri ve g\u00fcncellemeleri b\u00fcy\u00fck \u2064\u00f6nem ta\u015f\u0131maktad\u0131r. Misafirlerin g\u00fcvenli\u011fi, otel \u2064i\u015fletmecilerinin \u00f6ncelikli sorumlulu\u011fudur ve bu sorumlulu\u011fun ihlali, <a href=\"https:\/\/denizcankizil.tr\/de\/koseyazilari\/degerlendirme\/kefil-olmanin-hukuki-boyutlari-bilmeniz-gerekenler\/\" title=\"Kefil Olman\u0131n Hukuki Boyutlar\u0131: Bilmeniz Gerekenler\">ciddi hukuki sonu\u00e7lar do\u011furabilir<\/a>.<\/p>\n<\/section>\n<h2 id=\"kriz-yonetimi-ve-acil-durum-planlamasi-gelecek-icin-dersler\">Kriz Y\u00f6netimi ve Acil Durum Planlamas\u0131: Gelecek\u200c \u0130\u00e7in Dersler<\/h2>\n<section>\n<p>        Kartalkaya&#8217;daki otel \u2062yang\u0131n\u0131,\u2063 acil durum y\u00f6netimi ve kriz planlamas\u0131 konular\u0131nda \u00f6nemli dersler sunmaktad\u0131r. Bu t\u00fcr\u200b olaylar, sadece ya\u015fanan kay\u0131plar\u0131n derinli\u011fiyle de\u011fil, ayn\u0131 zamanda \u2063bu t\u00fcr durumlarla ba\u015fa \u00e7\u0131kma yetene\u011fimizle \u2064de ilgilidir. Kriz anlar\u0131nda etkili\u2063 bir y\u00f6netim, olay\u0131n sonu\u00e7lar\u0131n\u0131 minimize etmek i\u00e7in \u200dkritik \u00f6neme\u200d sahiptir.\n    <\/p>\n<p>        \u2062      Kriz\u2062 y\u00f6netimi s\u00fcrecinde dikkate al\u0131nmas\u0131 gereken baz\u0131 temel unsurlar \u015funlard\u0131r:\n    <\/p>\n<ul>\n<li><strong>\u00d6n\u2064 Haz\u0131rl\u0131k:<\/strong> Acil durum planlar\u0131n\u0131n \u00f6nceden haz\u0131rlanmas\u0131, olay an\u0131nda h\u0131zl\u0131 ve etkili m\u00fcdahale i\u00e7in gereklidir.<\/li>\n<li><strong>Kommunikation:<\/strong> \u2062 Kriz an\u0131nda do\u011fru ve zaman\u0131nda bilgi ak\u0131\u015f\u0131 sa\u011flamak, panik ve belirsizli\u011fi azalt\u0131r.<\/li>\n<li><strong>Koordinasyon:<\/strong> Farkl\u0131 birimlerin ve yetkililerin i\u015fbirli\u011fi i\u00e7inde \u00e7al\u0131\u015fmas\u0131, m\u00fcdahale s\u00fcrecini h\u0131zland\u0131r\u0131r.<\/li>\n<li><strong>De\u011ferlendirme:<\/strong> Olay sonras\u0131 yap\u0131lan de\u011ferlendirmeler, gelecekteki krizlere \u2064haz\u0131rl\u0131k i\u00e7in \u00f6nemli bilgiler sunar.<\/li>\n<\/ul>\n<p>        \u2062      Bu t\u00fcr olaylar, yaln\u0131zca acil durum y\u00f6netimi a\u00e7\u0131s\u0131ndan de\u011fil, ayn\u0131 zamanda toplumsal dayan\u0131\u015fma ve destek mekanizmalar\u0131n\u0131n\u200d g\u00fc\u00e7lendirilmesi a\u00e7\u0131s\u0131ndan \u2062da \u00f6nemli bir f\u0131rsat sunmaktad\u0131r. Gelecekte\u2063 benzer durumlarla kar\u015f\u0131la\u015fmamak i\u00e7in, ya\u015fananlardan ders \u00e7\u0131karmak\u2063 ve s\u00fcrekli olarak kriz y\u00f6netimi stratejilerini\u200d g\u00fcncellemek \u2063gerekmektedir.<br \/>\n\u2064\n    <\/p>\n<\/section>\n<p><img decoding=\"async\" class=\"kimage_class lazyload\" data-src=\"https:\/\/denizcankizil.tr\/wp-content\/uploads\/2024\/10\/3tcAw-253D.jpg\" alt=\"Toplumsal Etkiler \u200dve Yang\u0131n G\u00fcvenli\u011fi \u2063Bilincinin Art\u0131r\u0131lmas\u0131\" src=\"data:image\/svg+xml;base64,PHN2ZyB3aWR0aD0iMSIgaGVpZ2h0PSIxIiB4bWxucz0iaHR0cDovL3d3dy53My5vcmcvMjAwMC9zdmciPjwvc3ZnPg==\"><\/p>\n<h2 id=\"toplumsal-etkiler-ve-yangin-guvenligi-bilincinin-artirilmasi\">Toplumsal Etkiler ve Yang\u0131n G\u00fcvenli\u011fi Bilincinin Art\u0131r\u0131lmas\u0131<\/h2>\n<section>\n<p>Yang\u0131nlar, yaln\u0131zca maddi \u2062kay\u0131plara yol a\u00e7makla kalmay\u0131p, ayn\u0131 zamanda toplumsal \u2064yap\u0131y\u0131 da derinden\u200b etkileyen olaylard\u0131r. Kartalkaya&#8217;daki otel yang\u0131n\u0131, bu t\u00fcr trajedilerin ne denli y\u0131k\u0131c\u0131 sonu\u00e7lar do\u011furabilece\u011fini bir kez daha \u2063g\u00f6zler \u00f6n\u00fcne\u200b sermi\u015ftir. Yang\u0131n g\u00fcvenli\u011fi bilincinin art\u0131r\u0131lmas\u0131, bu t\u00fcr olaylar\u0131n \u00f6nlenmesi a\u00e7\u0131s\u0131ndan kritik bir\u200b \u00f6neme sahiptir.<\/p>\n<p>Toplumda yang\u0131n g\u00fcvenli\u011fi konusunda fark\u0131ndal\u0131\u011f\u0131n art\u0131r\u0131lmas\u0131 i\u00e7in a\u015fa\u011f\u0131daki ad\u0131mlar\u0131n at\u0131lmas\u0131 gerekmektedir:<\/p>\n<ul>\n<li><strong>E\u011fitim\u200c Programlar\u0131:<\/strong> Yang\u0131n g\u00fcvenli\u011fi ile ilgili d\u00fczenli e\u011fitimler, bireylerin bu \u200dkonuda bilgi sahibi olmas\u0131n\u0131 sa\u011flar.<\/li>\n<li><strong>Fark\u0131ndal\u0131k\u2062 Kampanyalar\u0131:<\/strong> Medya ve\u200d sosyal platformlar \u2062arac\u0131l\u0131\u011f\u0131yla yang\u0131n\u200d g\u00fcvenli\u011fi konusundaki bilgilendirme \u00e7al\u0131\u015fmalar\u0131 yap\u0131lmal\u0131d\u0131r.<\/li>\n<li><strong>Denetim ve Kontroller:<\/strong> Yang\u0131n g\u00fcvenli\u011fi\u200c ekipmanlar\u0131n\u0131n d\u00fczenli olarak kontrol edilmesi, olas\u0131 tehlikelerin \u00f6n\u00fcne ge\u00e7ilmesine yard\u0131mc\u0131 olur.<\/li>\n<\/ul>\n<p>Bu t\u00fcr \u00f6nlemler, <a href=\"https:\/\/denizcankizil.tr\/de\/seo\/antalyada-unlu-bosanma-avukatlarinin-hukuki-rolu-ve-etkileri\/\" title=\"Antalya&#039;da \u00dcnl\u00fc Bo\u015fanma Avukatlar\u0131n\u0131n Hukuki Rol\u00fc ve Etkileri\">sadece bireylerin de\u011fil<\/a>, ayn\u0131 zamanda toplumsal yap\u0131n\u0131n\u2062 da yang\u0131nlara kar\u015f\u0131\u2063 daha dayan\u0131kl\u0131 hale gelmesini sa\u011flayacakt\u0131r. Yang\u0131n g\u00fcvenli\u011fi bilincinin \u200bart\u0131r\u0131lmas\u0131, gelecekte \u2063benzer ac\u0131lar\u0131n ya\u015fanmamas\u0131 ad\u0131na at\u0131lacak en \u00f6nemli ad\u0131mlardan biridir.<\/p>\n<\/section>\n<p>Sonu\u00e7 olarak, \u200bKartalkaya&#8217;daki otel \u2064yang\u0131n\u0131, yaln\u0131zca \u200bbir yang\u0131n olay\u0131 olman\u0131n \u2063\u00f6tesinde, derin ac\u0131 ve kay\u0131plar\u0131n ya\u015fand\u0131\u011f\u0131 bir trajedi\u200d olarak kar\u015f\u0131m\u0131za \u00e7\u0131kmaktad\u0131r. Bu olay, hem yerel hem de ulusal d\u00fczeyde, yang\u0131n g\u00fcvenli\u011fi \u00f6nlemlerinin g\u00f6zden ge\u00e7irilmesi ve \u2062iyile\u015ftirilmesi gereklili\u011fini bir kez daha g\u00fcndeme getirmi\u015ftir. Yang\u0131n\u0131n nedenleri, sonu\u00e7lar\u0131 ve ya\u015fanan kay\u0131plar,\u200d toplumun bu t\u00fcr\u200d felaketlere kar\u015f\u0131 daha haz\u0131rl\u0131kl\u0131 \u2064olmas\u0131 gerekti\u011fini g\u00f6stermektedir. Gelecekte benzer olaylar\u0131n \u00f6nlenmesi i\u00e7in, ilgili kurumlar\u0131n ve\u2062 otel i\u015fletmelerinin, yang\u0131n g\u00fcvenli\u011fi standartlar\u0131n\u0131 art\u0131rmalar\u0131 ve bu\u200d konuda e\u011fitim \u00e7al\u0131\u015fmalar\u0131n\u0131 yayg\u0131nla\u015ft\u0131rmalar\u0131 \u200db\u00fcy\u00fck \u00f6nem ta\u015f\u0131maktad\u0131r. Bu trajik olayda hayat\u0131n\u0131 kaybedenlerin \u2063an\u0131s\u0131n\u0131 ya\u015fatmak \u200bve geride kalanlar\u0131n ac\u0131s\u0131n\u0131 payla\u015fmak,\u200b toplum\u2064 olarak \u200c\u00fczerimize d\u00fc\u015fen bir sorumluluktur. <\/p>","protected":false},"excerpt":{"rendered":"<p>Kartalkaya&#8217;daki otel yang\u0131n\u0131, hem can kayb\u0131 hem de maddi hasar a\u00e7\u0131s\u0131ndan derin bir ac\u0131 b\u0131rakm\u0131\u015ft\u0131r. Bu trajik olay, yang\u0131n g\u00fcvenli\u011fi \u00f6nlemlerinin \u00f6nemini bir kez daha g\u00f6zler \u00f6n\u00fcne sermekte ve toplumsal bilin\u00e7lenmenin gereklili\u011fini vurgulamaktad\u0131r.<\/p>","protected":false},"author":4,"featured_media":0,"comment_status":"open","ping_status":"open","sticky":false,"template":"","format":"standard","meta":{"_acf_changed":false,"footnotes":""},"categories":[22],"tags":[],"class_list":["post-27628","post","type-post","status-publish","format-standard","hentry","category-degerlendirme"],"acf":[],"yoast_head":"<!-- This site is optimized with the Yoast SEO Premium plugin v26.6 (Yoast SEO v27.1.1) - https:\/\/yoast.com\/product\/yoast-seo-premium-wordpress\/ -->\n<title>Kartalkaya&#039;daki Otel Yang\u0131n\u0131: Ac\u0131 ve Kayb\u0131n Derinli\u011fi - Av. Deniz Can K\u0131z\u0131l<\/title>\n<meta name=\"robots\" content=\"index, follow, max-snippet:-1, max-image-preview:large, max-video-preview:-1\" \/>\n<link rel=\"canonical\" href=\"https:\/\/denizcankizil.tr\/de\/koseyazilari\/degerlendirme\/kartalkayadaki-otel-yangini-aci-ve-kaybin-derinligi\/\" \/>\n<meta property=\"og:locale\" content=\"de_DE\" \/>\n<meta property=\"og:type\" content=\"article\" \/>\n<meta property=\"og:title\" content=\"Kartalkaya&#039;daki Otel Yang\u0131n\u0131: Ac\u0131 ve Kayb\u0131n Derinli\u011fi\" \/>\n<meta property=\"og:description\" content=\"Kartalkaya&#039;daki otel yang\u0131n\u0131, hem can kayb\u0131 hem de maddi hasar a\u00e7\u0131s\u0131ndan derin bir ac\u0131 b\u0131rakm\u0131\u015ft\u0131r. Bu trajik olay, yang\u0131n g\u00fcvenli\u011fi \u00f6nlemlerinin \u00f6nemini bir kez daha g\u00f6zler \u00f6n\u00fcne sermekte ve toplumsal bilin\u00e7lenmenin gereklili\u011fini vurgulamaktad\u0131r.\" \/>\n<meta property=\"og:url\" content=\"https:\/\/denizcankizil.tr\/de\/koseyazilari\/degerlendirme\/kartalkayadaki-otel-yangini-aci-ve-kaybin-derinligi\/\" \/>\n<meta property=\"og:site_name\" content=\"Av. Deniz Can K\u0131z\u0131l\" \/>\n<meta property=\"article:published_time\" content=\"2025-01-26T11:55:46+00:00\" \/>\n<meta property=\"og:image\" content=\"https:\/\/denizcankizil.tr\/wp-content\/uploads\/2024\/10\/ii_200.jpg\" \/>\n<meta name=\"author\" content=\"Av. Deniz Can K\u0131z\u0131l\" \/>\n<meta name=\"twitter:card\" content=\"summary_large_image\" \/>\n<meta name=\"twitter:label1\" content=\"Verfasst von\" \/>\n\t<meta name=\"twitter:data1\" content=\"Av. Deniz Can K\u0131z\u0131l\" \/>\n\t<meta name=\"twitter:label2\" content=\"Gesch\u00e4tzte Lesezeit\" \/>\n\t<meta name=\"twitter:data2\" content=\"9\u00a0Minuten\" \/>\n<script type=\"application\/ld+json\" class=\"yoast-schema-graph\">{\"@context\":\"https:\/\/schema.org\",\"@graph\":[{\"@type\":\"Article\",\"@id\":\"https:\/\/denizcankizil.tr\/ru\/koseyazilari\/degerlendirme\/kartalkayadaki-otel-yangini-aci-ve-kaybin-derinligi\/#article\",\"isPartOf\":{\"@id\":\"https:\/\/denizcankizil.tr\/ru\/koseyazilari\/degerlendirme\/kartalkayadaki-otel-yangini-aci-ve-kaybin-derinligi\/\"},\"author\":{\"name\":\"Av. Deniz Can K\u0131z\u0131l\",\"@id\":\"https:\/\/denizcankizil.tr\/de\/#\/schema\/person\/5dc1b22991bd7ac833867c10afc9b0ff\"},\"headline\":\"Kartalkaya&#8217;daki Otel Yang\u0131n\u0131: Ac\u0131 ve Kayb\u0131n Derinli\u011fi\",\"datePublished\":\"2025-01-26T11:55:46+00:00\",\"mainEntityOfPage\":{\"@id\":\"https:\/\/denizcankizil.tr\/ru\/koseyazilari\/degerlendirme\/kartalkayadaki-otel-yangini-aci-ve-kaybin-derinligi\/\"},\"wordCount\":1841,\"commentCount\":0,\"publisher\":{\"@id\":\"https:\/\/denizcankizil.tr\/de\/#organization\"},\"image\":{\"@id\":\"https:\/\/denizcankizil.tr\/ru\/koseyazilari\/degerlendirme\/kartalkayadaki-otel-yangini-aci-ve-kaybin-derinligi\/#primaryimage\"},\"thumbnailUrl\":\"https:\/\/denizcankizil.tr\/wp-content\/uploads\/2024\/10\/ii_200.jpg\",\"articleSection\":[\"De\u011ferlendirme\"],\"inLanguage\":\"de\",\"potentialAction\":[{\"@type\":\"CommentAction\",\"name\":\"Comment\",\"target\":[\"https:\/\/denizcankizil.tr\/ru\/koseyazilari\/degerlendirme\/kartalkayadaki-otel-yangini-aci-ve-kaybin-derinligi\/#respond\"]}]},{\"@type\":\"WebPage\",\"@id\":\"https:\/\/denizcankizil.tr\/ru\/koseyazilari\/degerlendirme\/kartalkayadaki-otel-yangini-aci-ve-kaybin-derinligi\/\",\"url\":\"https:\/\/denizcankizil.tr\/ru\/koseyazilari\/degerlendirme\/kartalkayadaki-otel-yangini-aci-ve-kaybin-derinligi\/\",\"name\":\"Kartalkaya'daki Otel Yang\u0131n\u0131: Ac\u0131 ve Kayb\u0131n Derinli\u011fi - Av. Deniz Can K\u0131z\u0131l\",\"isPartOf\":{\"@id\":\"https:\/\/denizcankizil.tr\/de\/#website\"},\"primaryImageOfPage\":{\"@id\":\"https:\/\/denizcankizil.tr\/ru\/koseyazilari\/degerlendirme\/kartalkayadaki-otel-yangini-aci-ve-kaybin-derinligi\/#primaryimage\"},\"image\":{\"@id\":\"https:\/\/denizcankizil.tr\/ru\/koseyazilari\/degerlendirme\/kartalkayadaki-otel-yangini-aci-ve-kaybin-derinligi\/#primaryimage\"},\"thumbnailUrl\":\"https:\/\/denizcankizil.tr\/wp-content\/uploads\/2024\/10\/ii_200.jpg\",\"datePublished\":\"2025-01-26T11:55:46+00:00\",\"breadcrumb\":{\"@id\":\"https:\/\/denizcankizil.tr\/ru\/koseyazilari\/degerlendirme\/kartalkayadaki-otel-yangini-aci-ve-kaybin-derinligi\/#breadcrumb\"},\"inLanguage\":\"de\",\"potentialAction\":[{\"@type\":\"ReadAction\",\"target\":[\"https:\/\/denizcankizil.tr\/ru\/koseyazilari\/degerlendirme\/kartalkayadaki-otel-yangini-aci-ve-kaybin-derinligi\/\"]}]},{\"@type\":\"ImageObject\",\"inLanguage\":\"de\",\"@id\":\"https:\/\/denizcankizil.tr\/ru\/koseyazilari\/degerlendirme\/kartalkayadaki-otel-yangini-aci-ve-kaybin-derinligi\/#primaryimage\",\"url\":\"https:\/\/denizcankizil.tr\/wp-content\/uploads\/2024\/10\/ii_200.jpg\",\"contentUrl\":\"https:\/\/denizcankizil.tr\/wp-content\/uploads\/2024\/10\/ii_200.jpg\"},{\"@type\":\"BreadcrumbList\",\"@id\":\"https:\/\/denizcankizil.tr\/ru\/koseyazilari\/degerlendirme\/kartalkayadaki-otel-yangini-aci-ve-kaybin-derinligi\/#breadcrumb\",\"itemListElement\":[{\"@type\":\"ListItem\",\"position\":1,\"name\":\"Home\",\"item\":\"https:\/\/denizcankizil.tr\/de\/\"},{\"@type\":\"ListItem\",\"position\":2,\"name\":\"Kartalkaya&#8217;daki Otel Yang\u0131n\u0131: Ac\u0131 ve Kayb\u0131n Derinli\u011fi\"}]},{\"@type\":\"WebSite\",\"@id\":\"https:\/\/denizcankizil.tr\/de\/#website\",\"url\":\"https:\/\/denizcankizil.tr\/de\/\",\"name\":\"Av. Deniz Can K\u0131z\u0131l\",\"description\":\"Avukat Deniz Can K\u0131z\u0131l Antalya Barosu\",\"publisher\":{\"@id\":\"https:\/\/denizcankizil.tr\/de\/#organization\"},\"potentialAction\":[{\"@type\":\"SearchAction\",\"target\":{\"@type\":\"EntryPoint\",\"urlTemplate\":\"https:\/\/denizcankizil.tr\/de\/?s={search_term_string}\"},\"query-input\":{\"@type\":\"PropertyValueSpecification\",\"valueRequired\":true,\"valueName\":\"search_term_string\"}}],\"inLanguage\":\"de\"},{\"@type\":\"Organization\",\"@id\":\"https:\/\/denizcankizil.tr\/de\/#organization\",\"name\":\"Av. Deniz Can K\u0131z\u0131l\",\"url\":\"https:\/\/denizcankizil.tr\/de\/\",\"logo\":{\"@type\":\"ImageObject\",\"inLanguage\":\"de\",\"@id\":\"https:\/\/denizcankizil.tr\/de\/#\/schema\/logo\/image\/\",\"url\":\"https:\/\/denizcankizil.tr\/wp-content\/uploads\/2024\/10\/siyah-logo-svg.svg\",\"contentUrl\":\"https:\/\/denizcankizil.tr\/wp-content\/uploads\/2024\/10\/siyah-logo-svg.svg\",\"width\":1080,\"height\":1080,\"caption\":\"Av. Deniz Can K\u0131z\u0131l\"},\"image\":{\"@id\":\"https:\/\/denizcankizil.tr\/de\/#\/schema\/logo\/image\/\"}},{\"@type\":\"Person\",\"@id\":\"https:\/\/denizcankizil.tr\/de\/#\/schema\/person\/5dc1b22991bd7ac833867c10afc9b0ff\",\"name\":\"Av. Deniz Can K\u0131z\u0131l\",\"image\":{\"@type\":\"ImageObject\",\"inLanguage\":\"de\",\"@id\":\"https:\/\/denizcankizil.tr\/de\/#\/schema\/person\/image\/\",\"url\":\"https:\/\/secure.gravatar.com\/avatar\/a0b128fb9855c79efc976d5640eedb31dc35ec297594d6016d2cf7c60e975bb6?s=96&d=mm&r=g\",\"contentUrl\":\"https:\/\/secure.gravatar.com\/avatar\/a0b128fb9855c79efc976d5640eedb31dc35ec297594d6016d2cf7c60e975bb6?s=96&d=mm&r=g\",\"caption\":\"Av. Deniz Can K\u0131z\u0131l\"},\"sameAs\":[\"http:\/\/www.denizcankizil.tr\"],\"url\":\"https:\/\/denizcankizil.tr\/de\/author\/denizcankizil\/\"}]}<\/script>\n<!-- \/ Yoast SEO Premium plugin. -->","yoast_head_json":{"title":"Kartalkaya'daki Otel Yang\u0131n\u0131: Ac\u0131 ve Kayb\u0131n Derinli\u011fi - Av. Deniz Can K\u0131z\u0131l","robots":{"index":"index","follow":"follow","max-snippet":"max-snippet:-1","max-image-preview":"max-image-preview:large","max-video-preview":"max-video-preview:-1"},"canonical":"https:\/\/denizcankizil.tr\/de\/koseyazilari\/degerlendirme\/kartalkayadaki-otel-yangini-aci-ve-kaybin-derinligi\/","og_locale":"de_DE","og_type":"article","og_title":"Kartalkaya'daki Otel Yang\u0131n\u0131: Ac\u0131 ve Kayb\u0131n Derinli\u011fi","og_description":"Kartalkaya'daki otel yang\u0131n\u0131, hem can kayb\u0131 hem de maddi hasar a\u00e7\u0131s\u0131ndan derin bir ac\u0131 b\u0131rakm\u0131\u015ft\u0131r. Bu trajik olay, yang\u0131n g\u00fcvenli\u011fi \u00f6nlemlerinin \u00f6nemini bir kez daha g\u00f6zler \u00f6n\u00fcne sermekte ve toplumsal bilin\u00e7lenmenin gereklili\u011fini vurgulamaktad\u0131r.","og_url":"https:\/\/denizcankizil.tr\/de\/koseyazilari\/degerlendirme\/kartalkayadaki-otel-yangini-aci-ve-kaybin-derinligi\/","og_site_name":"Av. Deniz Can K\u0131z\u0131l","article_published_time":"2025-01-26T11:55:46+00:00","og_image":[{"url":"https:\/\/denizcankizil.tr\/wp-content\/uploads\/2024\/10\/ii_200.jpg","type":"","width":"","height":""}],"author":"Av. Deniz Can K\u0131z\u0131l","twitter_card":"summary_large_image","twitter_misc":{"Verfasst von":"Av. Deniz Can K\u0131z\u0131l","Gesch\u00e4tzte Lesezeit":"9\u00a0Minuten"},"schema":{"@context":"https:\/\/schema.org","@graph":[{"@type":"Article","@id":"https:\/\/denizcankizil.tr\/ru\/koseyazilari\/degerlendirme\/kartalkayadaki-otel-yangini-aci-ve-kaybin-derinligi\/#article","isPartOf":{"@id":"https:\/\/denizcankizil.tr\/ru\/koseyazilari\/degerlendirme\/kartalkayadaki-otel-yangini-aci-ve-kaybin-derinligi\/"},"author":{"name":"Av. Deniz Can K\u0131z\u0131l","@id":"https:\/\/denizcankizil.tr\/de\/#\/schema\/person\/5dc1b22991bd7ac833867c10afc9b0ff"},"headline":"Kartalkaya&#8217;daki Otel Yang\u0131n\u0131: Ac\u0131 ve Kayb\u0131n Derinli\u011fi","datePublished":"2025-01-26T11:55:46+00:00","mainEntityOfPage":{"@id":"https:\/\/denizcankizil.tr\/ru\/koseyazilari\/degerlendirme\/kartalkayadaki-otel-yangini-aci-ve-kaybin-derinligi\/"},"wordCount":1841,"commentCount":0,"publisher":{"@id":"https:\/\/denizcankizil.tr\/de\/#organization"},"image":{"@id":"https:\/\/denizcankizil.tr\/ru\/koseyazilari\/degerlendirme\/kartalkayadaki-otel-yangini-aci-ve-kaybin-derinligi\/#primaryimage"},"thumbnailUrl":"https:\/\/denizcankizil.tr\/wp-content\/uploads\/2024\/10\/ii_200.jpg","articleSection":["De\u011ferlendirme"],"inLanguage":"de","potentialAction":[{"@type":"CommentAction","name":"Comment","target":["https:\/\/denizcankizil.tr\/ru\/koseyazilari\/degerlendirme\/kartalkayadaki-otel-yangini-aci-ve-kaybin-derinligi\/#respond"]}]},{"@type":"WebPage","@id":"https:\/\/denizcankizil.tr\/ru\/koseyazilari\/degerlendirme\/kartalkayadaki-otel-yangini-aci-ve-kaybin-derinligi\/","url":"https:\/\/denizcankizil.tr\/ru\/koseyazilari\/degerlendirme\/kartalkayadaki-otel-yangini-aci-ve-kaybin-derinligi\/","name":"Kartalkaya'daki Otel Yang\u0131n\u0131: Ac\u0131 ve Kayb\u0131n Derinli\u011fi - Av. Deniz Can K\u0131z\u0131l","isPartOf":{"@id":"https:\/\/denizcankizil.tr\/de\/#website"},"primaryImageOfPage":{"@id":"https:\/\/denizcankizil.tr\/ru\/koseyazilari\/degerlendirme\/kartalkayadaki-otel-yangini-aci-ve-kaybin-derinligi\/#primaryimage"},"image":{"@id":"https:\/\/denizcankizil.tr\/ru\/koseyazilari\/degerlendirme\/kartalkayadaki-otel-yangini-aci-ve-kaybin-derinligi\/#primaryimage"},"thumbnailUrl":"https:\/\/denizcankizil.tr\/wp-content\/uploads\/2024\/10\/ii_200.jpg","datePublished":"2025-01-26T11:55:46+00:00","breadcrumb":{"@id":"https:\/\/denizcankizil.tr\/ru\/koseyazilari\/degerlendirme\/kartalkayadaki-otel-yangini-aci-ve-kaybin-derinligi\/#breadcrumb"},"inLanguage":"de","potentialAction":[{"@type":"ReadAction","target":["https:\/\/denizcankizil.tr\/ru\/koseyazilari\/degerlendirme\/kartalkayadaki-otel-yangini-aci-ve-kaybin-derinligi\/"]}]},{"@type":"ImageObject","inLanguage":"de","@id":"https:\/\/denizcankizil.tr\/ru\/koseyazilari\/degerlendirme\/kartalkayadaki-otel-yangini-aci-ve-kaybin-derinligi\/#primaryimage","url":"https:\/\/denizcankizil.tr\/wp-content\/uploads\/2024\/10\/ii_200.jpg","contentUrl":"https:\/\/denizcankizil.tr\/wp-content\/uploads\/2024\/10\/ii_200.jpg"},{"@type":"BreadcrumbList","@id":"https:\/\/denizcankizil.tr\/ru\/koseyazilari\/degerlendirme\/kartalkayadaki-otel-yangini-aci-ve-kaybin-derinligi\/#breadcrumb","itemListElement":[{"@type":"ListItem","position":1,"name":"Home","item":"https:\/\/denizcankizil.tr\/de\/"},{"@type":"ListItem","position":2,"name":"Kartalkaya&#8217;daki Otel Yang\u0131n\u0131: Ac\u0131 ve Kayb\u0131n Derinli\u011fi"}]},{"@type":"WebSite","@id":"https:\/\/denizcankizil.tr\/de\/#website","url":"https:\/\/denizcankizil.tr\/de\/","name":"Av. Deniz Can K\u0131z\u0131l","description":"Avukat Deniz Can K\u0131z\u0131l Antalya Barosu","publisher":{"@id":"https:\/\/denizcankizil.tr\/de\/#organization"},"potentialAction":[{"@type":"SearchAction","target":{"@type":"EntryPoint","urlTemplate":"https:\/\/denizcankizil.tr\/de\/?s={search_term_string}"},"query-input":{"@type":"PropertyValueSpecification","valueRequired":true,"valueName":"search_term_string"}}],"inLanguage":"de"},{"@type":"Organization","@id":"https:\/\/denizcankizil.tr\/de\/#organization","name":"Av. Deniz Can K\u0131z\u0131l","url":"https:\/\/denizcankizil.tr\/de\/","logo":{"@type":"ImageObject","inLanguage":"de","@id":"https:\/\/denizcankizil.tr\/de\/#\/schema\/logo\/image\/","url":"https:\/\/denizcankizil.tr\/wp-content\/uploads\/2024\/10\/siyah-logo-svg.svg","contentUrl":"https:\/\/denizcankizil.tr\/wp-content\/uploads\/2024\/10\/siyah-logo-svg.svg","width":1080,"height":1080,"caption":"Av. Deniz Can K\u0131z\u0131l"},"image":{"@id":"https:\/\/denizcankizil.tr\/de\/#\/schema\/logo\/image\/"}},{"@type":"Person","@id":"https:\/\/denizcankizil.tr\/de\/#\/schema\/person\/5dc1b22991bd7ac833867c10afc9b0ff","name":"Av. Deniz Can K\u0131z\u0131l","image":{"@type":"ImageObject","inLanguage":"de","@id":"https:\/\/denizcankizil.tr\/de\/#\/schema\/person\/image\/","url":"https:\/\/secure.gravatar.com\/avatar\/a0b128fb9855c79efc976d5640eedb31dc35ec297594d6016d2cf7c60e975bb6?s=96&d=mm&r=g","contentUrl":"https:\/\/secure.gravatar.com\/avatar\/a0b128fb9855c79efc976d5640eedb31dc35ec297594d6016d2cf7c60e975bb6?s=96&d=mm&r=g","caption":"Av. Deniz Can K\u0131z\u0131l"},"sameAs":["http:\/\/www.denizcankizil.tr"],"url":"https:\/\/denizcankizil.tr\/de\/author\/denizcankizil\/"}]}},"_links":{"self":[{"href":"https:\/\/denizcankizil.tr\/de\/wp-json\/wp\/v2\/posts\/27628","targetHints":{"allow":["GET"]}}],"collection":[{"href":"https:\/\/denizcankizil.tr\/de\/wp-json\/wp\/v2\/posts"}],"about":[{"href":"https:\/\/denizcankizil.tr\/de\/wp-json\/wp\/v2\/types\/post"}],"author":[{"embeddable":true,"href":"https:\/\/denizcankizil.tr\/de\/wp-json\/wp\/v2\/users\/4"}],"replies":[{"embeddable":true,"href":"https:\/\/denizcankizil.tr\/de\/wp-json\/wp\/v2\/comments?post=27628"}],"version-history":[{"count":0,"href":"https:\/\/denizcankizil.tr\/de\/wp-json\/wp\/v2\/posts\/27628\/revisions"}],"wp:attachment":[{"href":"https:\/\/denizcankizil.tr\/de\/wp-json\/wp\/v2\/media?parent=27628"}],"wp:term":[{"taxonomy":"category","embeddable":true,"href":"https:\/\/denizcankizil.tr\/de\/wp-json\/wp\/v2\/categories?post=27628"},{"taxonomy":"post_tag","embeddable":true,"href":"https:\/\/denizcankizil.tr\/de\/wp-json\/wp\/v2\/tags?post=27628"}],"curies":[{"name":"wp","href":"https:\/\/api.w.org\/{rel}","templated":true}]}}