{"id":27619,"date":"2025-01-26T14:41:16","date_gmt":"2025-01-26T11:41:16","guid":{"rendered":"https:\/\/denizcankizil.tr\/uncategorized-tr\/baskan-bocekin-yegen-atamasina-tepki-yagdi\/"},"modified":"2025-01-26T14:41:16","modified_gmt":"2025-01-26T11:41:16","slug":"baskan-bocekin-yegen-atamasina-tepki-yagdi","status":"publish","type":"post","link":"https:\/\/denizcankizil.tr\/de\/haberler\/gundem\/baskan-bocekin-yegen-atamasina-tepki-yagdi\/","title":{"rendered":"Ba\u015fkan B\u00f6cek\u2019in ye\u011fen atamas\u0131na tepki ya\u011fd\u0131!"},"content":{"rendered":"<p>Antalya B\u00fcy\u00fck\u015fehir Belediye Ba\u015fkan\u0131 CHP\u2019li Muhittin B\u00f6cek\u2019in ye\u011feni Cemil B\u00f6cek\u2019i Genel Sekreter Yard\u0131mc\u0131l\u0131\u011f\u0131na atamas\u0131 nepotizm tart\u0131\u015fmas\u0131n\u0131 yeniden g\u00fcndeme getirdi. Daha \u00f6nce Antalya B\u00fcy\u00fck\u015fehir Belediyesi Bilgi \u0130\u015flem Dairesi Ba\u015fkan\u0131 olarak g\u00f6rev yapan Cemil B\u00f6cek, \u0130tfaiye dahil kurumdaki 7 ayr\u0131 daire ba\u015fkanl\u0131\u011f\u0131ndan sorumlu olacak.\u00a0<\/p>\n<p>\u2018\u00d6Z YE\u011eEN\u0130M DE\u011e\u0130L, UZAKTAN AKRABAM\u2019<\/p>\n<p>Antalya K\u00f6rfez Gazetesi muhabiri Yusuf Yavuz&#8217;un haberine g\u00f6re; ataman\u0131n g\u00fcndeme gelmesinin ard\u0131ndan a\u00e7\u0131klama yapan Ba\u015fkan Muhittin B\u00f6cek, Cemil B\u00f6cek i\u00e7in \u201c\u00d6z ye\u011fenim de\u011fil, uzaktan akrabam\u201d diyerek \u201cGer\u00e7eklerden uzak bir \u2018ye\u011fen\u2019 tarifi yap\u0131lmas\u0131 manidard\u0131r\u201d ifadelerini kulland\u0131.\u00a0<\/p>\n<p>\u2018KAMUYA H\u0130ZMET \u0130\u00c7\u0130N \u015e\u0130RKET\u0130N\u0130 KAPATIP GELD\u0130\u2019<\/p>\n<p>Ba\u015fkan B\u00f6cek, \u201cCemil B\u00f6cek \u00f6z ye\u011fenim de\u011fil, uzaktan akrabamd\u0131r. Kendi alan\u0131nda uzman olan meslek sahibi yetenekli bir insand\u0131r. Bizim iste\u011fimiz \u00fczerine \u015firketini kapatarak kamuya hizmet etmek i\u00e7in Konyaalt\u0131 Belediyesi\u2019ne gelmi\u015ftir. \u00c7ok yo\u011fun bir tempoda \u00e7al\u0131\u015ft\u0131\u011f\u0131na herkes \u015fahittir. Bir\u00e7ok sorumluluk alm\u0131\u015ft\u0131r \u00e7al\u0131\u015ft\u0131\u011f\u0131 d\u00f6nemde. Cemil Bey zaten 6 y\u0131ld\u0131r Daire Ba\u015fkan\u0131 olarak g\u00f6rev yapmaktayd\u0131. Belediyeye bug\u00fcn gelmi\u015f gibi yans\u0131t\u0131lmas\u0131 do\u011fru de\u011fil\u201d a\u00e7\u0131klamas\u0131 yapt\u0131.\u00a0<\/p>\n<p>\u2018SEVG\u0130L\u0130 YE\u011eEN\u0130M CEM\u0130L B\u00d6CEK\u2019<\/p>\n<p>Ancak Ba\u015fkan Muhittin B\u00f6cek\u2019in ki\u015fisel sosyal medya hesaplar\u0131nda yapt\u0131\u011f\u0131 payla\u015f\u0131mlarda, atama tart\u0131\u015fmalar\u0131yla g\u00fcndeme gelen Cemil B\u00f6cek\u2019ten \u201cSevgili ye\u011fenim\u201d diye s\u00f6z etmesi dikkat \u00e7ekti. Ba\u015fkan B\u00f6cek, 10 \u015eubat 2024 tarihli payla\u015f\u0131m\u0131nda, \u201cSevgili ye\u011fenim Cemil B\u00f6cek\u2019in o\u011flu Cem evlad\u0131m\u0131z ile Hande Duman k\u0131z\u0131m\u0131z\u0131n nik\u00e2h akitlerini ger\u00e7ekle\u015ftirdik\u201d ifadelerini kullan\u0131yor.\u00a0<\/p>\n<p>BOLU FAC\u0130ASIYLA G\u00dcNDEME GELEN \u2018DAYIO\u011eLU\u2019<\/p>\n<p>Bolu Kartalkaya\u2019da 78 cana mal olan otel yang\u0131n\u0131n ard\u0131ndan, Bolu Belediye Ba\u015fkan\u0131 Tanju \u00d6zcan\u2019\u0131n day\u0131o\u011flu olan itfaiyeden sorumlu ba\u015fkan yard\u0131mc\u0131s\u0131 Sedat G\u00fclener, olayla ilgili soru\u015fturma kapsam\u0131nda g\u00f6zalt\u0131na al\u0131nm\u0131\u015ft\u0131. AKP iktidar\u0131n\u0131n en \u00e7ok ele\u015ftirilen uygulamalar\u0131ndan biri olan e\u015f-dost- akraba kay\u0131rmac\u0131l\u0131\u011f\u0131n CHP\u2019li belediyelerde de yeniden g\u00fcndeme gelmesine neden olan \u2018Day\u0131o\u011flu\u2019 G\u00fclener\u2019le ilgili tart\u0131\u015fmalar s\u00fcrerken Antalya\u2019dan gelen \u2018ye\u011fen\u2019 atamas\u0131 haberi tepkilerin y\u00fckselmesine neden oldu.\u00a0<\/p>\n<p>YE\u011eEN ATAMASI NEPOT\u0130ZM TARTI\u015eMASINI ALEVLEND\u0130RD\u0130<\/p>\n<p>Kamu ve \u00f6zel sekt\u00f6rde akraba kay\u0131rmac\u0131l\u0131\u011f\u0131 anlam\u0131nda kullan\u0131lan \u2018nepotizm\u2019 kavram\u0131n\u0131 yeniden g\u00fcndeme getiren Ba\u015fkan B\u00f6cek\u2019in ye\u011fen atamas\u0131na kar\u015f\u0131 sosyal medya uygulamas\u0131 X (Twitter) \u00fczerinden yap\u0131lan payla\u015f\u0131mlarda g\u00f6sterilen tepkilerden baz\u0131lar\u0131 \u015f\u00f6yle:\u00a0<\/p>\n<p>Gazeteci \u00c7i\u011fdem Toker:\u00a0<\/p>\n<p>\u201cMuhittin Bey, nepotizm kavram\u0131n\u0131n otantik anlam\u0131n\u0131 uygulamal\u0131 g\u00f6steren, ders gibi bir atama yapm\u0131\u015f. (\u2018Day\u0131s\u0131 \u00a0var\u2019 durumu.) Kay\u0131rmac\u0131l\u0131k demek olan nepotizm kavram\u0131, Latince&#8217;de \u2018Nepot\u2019, \u0130ngilizcede ise \u2018Nephew\u2019 (ye\u011fen) kelimesinden geliyor.\u201d<\/p>\n<p>Ruh Sa\u011fl\u0131\u011f\u0131 ve Hastal\u0131klar\u0131 Uzman\u0131, Yazar Prof. Dr. Timu\u00e7in Oral:<\/p>\n<p>\u201cBu nepotizm meselesi, yak\u0131nlar\u0131na \u00e7\u0131kar sa\u011flamaya \u00e7al\u0131\u015fmaktan de\u011fil de her \u015feyi bizzat kendilerinin kontrol etme ihtiyac\u0131ndan kaynaklan\u0131yor gibi sanki. \u2018B\u00fct\u00fcn ipler benim elimde olsun\u2019 tavr\u0131 daha narsistik bir tutum. Ama \u2018bir ta\u015fla iki ku\u015f\u2019 da neden olmas\u0131n?&#8221;<\/p>\n<p>Yeni Medya ve Gazetecilik kitab\u0131n\u0131n yazarlar\u0131ndan Dr. Savash Porgham:<\/p>\n<p>\u201cMuhittin B\u00f6cek, Genel Sekreter Yard\u0131mc\u0131l\u0131\u011f\u0131&#8217;na ye\u011feni Cemil B\u00f6cek&#8217;i atamas\u0131na ili\u015fkin, \u2018Kendisi i\u015finde yetkin bir isim. Ye\u011fenim de\u011fil, uzak akrabam. G\u00fcndemimiz bu olmamal\u0131\u2019 demi\u015f. G\u00fcndemimiz tam da bu torpil ve nepotizm! \u2018\u0130\u015finde yetkin\u2019 ba\u015fka biri yok muydu?! \u00a0 AKP\u2019yle ilgili neyi ele\u015ftirdiysek ayn\u0131s\u0131n\u0131 CHP belediyeleri de yap\u0131yor, o kadar \u00e7ok \u00f6rnek var ki\u2026 Buradan t\u00fcm belediye ba\u015fkanlar\u0131 ve bilimum makam mevki sahiplerine sesleniyorum; akrabalar\u0131n\u0131z d\u00fcnyan\u0131n en yetkin insanlar\u0131 da olsalar onlar\u0131 kendi sorumlulu\u011funuzun oldu\u011fu kurumlara atamay\u0131n! Halk b\u0131km\u0131\u015f bu memleketin torpilinden, adam kay\u0131rmac\u0131l\u0131\u011f\u0131ndan, ahbap \u00e7avu\u015f\u00e7ulu\u011fundan!\u201d<\/p>\n<p>Halk Tv\u2019de programlar da yapan Gazeteci-Yazar Bahad\u0131r \u00d6zg\u00fcr: \u00a0<\/p>\n<p>\u201cCHP Antalya B\u00fcy\u00fck\u015fehir Belediye Ba\u015fkan\u0131 Muhittin B\u00f6cek de ye\u011fenini genel sekreter yard\u0131mc\u0131s\u0131 olarak atam\u0131\u015f. Bunlar\u0131n genetik \u00fcst\u00fcnl\u00fckleri var. Do\u011fu\u015ftan yetenekli geliyorlar! Hi\u00e7 utanmalar\u0131 yok. \u2018Onca gen\u00e7 peri\u015fan, bari \u015fu d\u00f6nem g\u00f6z g\u00f6re g\u00f6re yapmayay\u0131m\u2019 bile demiyorlar. Ellerinden gelse kundaktayken al\u0131p belediyede bir makam verecekler. Bu ye\u011feni de belediye b\u00fcy\u00fctm\u00fc\u015f zaten.\u201d<\/p>\n<p>\u2018\u0130\u00e7eriden Fethedilen Kale CHP\u2019 kitab\u0131n\u0131n yazar\u0131, Gazeteci Celal Eren \u00c7elik:<\/p>\n<p>\u201cTanju \u00d6zcan itfaiyeden sorumlu belediye ba\u015fkanl\u0131\u011f\u0131na ye\u011fenini atar bir de \u2018Belediyelerde kimse referans olmadan \u00e7al\u0131\u015famaz. Bunu t\u00fcm belediye ba\u015fkanlar\u0131 bilir\u2019 diye sa\u00e7ma sapan bir savunma yapar. Antalya B\u00fcy\u00fck\u015fehir\u2019de Muhittin B\u00f6cek \u0130tfaiyeden sorumlu Genel Sekreter Yard\u0131mc\u0131l\u0131\u011f\u0131na ye\u011fenini atar, belediye karde\u015f-e\u015f-g\u00f6r\u00fcmcelerin i\u015fe al\u0131nd\u0131\u011f\u0131 akraba holding halini al\u0131r\u2026 CHP belediyeleri e\u015f-dost-akraba atamalar\u0131nda AKP ile \u2018Nepotizm\u2019 yar\u0131\u015f\u0131na girer\u2026 Ve bunu ele\u015ftirecek yerde, \u2018Biz AKP\u2019yi bunun i\u00e7in ele\u015ftiriyorduk \u015fimdi nas\u0131l olur da kendimiz yapar\u0131z?\u2019 diye sorgulayacak yerde \u00e7o\u011funluk CHP\u2019li se\u00e7men \u00e7\u00fcr\u00fcm\u00fc\u015f ahlaki etik bir anlay\u0131\u015fla \u2018AKP de yap\u0131yor ama\u2019, \u2018Muhalefete zarar veriyor yazma\u2019 diyerek partisine tepki g\u00f6sterece\u011fine yap\u0131lan yanl\u0131\u015f\u0131 AKP\u2019nin zaten ele\u015ftirdi\u011fimiz yanl\u0131\u015f\u0131 ile me\u015frula\u015ft\u0131rmaya ve bize k\u0131zarak su\u00e7lamaya \u00e7al\u0131\u015f\u0131yor. Bu kafadan hi\u00e7 bir \u015fey olmaz. Siz kendi siyasi rakibinizin ele\u015ftirdi\u011fi uygulamalar\u0131 kendiniz yaparken s\u0131rf kar\u015f\u0131 taraf bunu yap\u0131yor diye bu yanl\u0131\u015f maruz g\u00f6r\u00fclemez. Ya da sizin muhalefet -Ne kadar muhalif oldu\u011fu da tart\u0131\u015f\u0131l\u0131r- partisi olman\u0131z sizi ele\u015ftirilerden azade k\u0131l\u0131p size her t\u00fcrl\u00fc yanl\u0131\u015f\u0131, yolsuzlu\u011fu ve usuls\u00fczl\u00fc\u011f\u00fc yap\u0131p \u2018Muhalefete muhalefet edilmez, bunlar\u0131 yazarsan\u0131z AKP\u2019ye yarar\u2019 diyerek kimsenin sizi ele\u015ftirmemesi gibi bir l\u00fcks\u00fc size vermez. Kimse kusura bakmas\u0131n biz A Haber\u2019den farks\u0131z muhalefet medyas\u0131 de\u011filiz. Kim yanl\u0131\u015f yap\u0131yorsa iktidar\/muhalefet ay\u0131rt etmeden yaz\u0131yoruz ve yazmaya devam edece\u011fiz.<br \/>\nYa bizi okur ve ac\u0131 da olsa ger\u00e7ekleri \u00f6\u011frenirsiniz ya da sabahtan ak\u015fama kadar \u2018Muhalefet mahallesinin A Haberi\u2019 olan kanallar\u0131 izler, gazetelerini okur kendi kendinize Polyannac\u0131l\u0131k oynayarak, Andersen\u2019den masallar dinlersiniz. Tercih sizin, biz sadece ger\u00e7ekleri yazmaya devam ediyor olaca\u011f\u0131z\u2026\u201d<\/p>\n<p>AKP eski Antalya Milletvekili G\u00f6k\u00e7en \u00d6zdo\u011fan En\u00e7:<\/p>\n<p>\u201cNepotizmin foto\u011fraf\u0131n\u0131 \u00e7ekmi\u015fler.\ud83e\udd14<br \/>\nAmca B\u00fcy\u00fck\u015fehir Belediye Ba\u015fkan\u0131 Muhittin B\u00f6cek, Ye\u011fen B\u00fcy\u00fck\u015fehir Beld. Genel Sekreter Yard\u0131mc\u0131s\u0131 Cemil B\u00f6cek. (Cemil B\u00f6cek in Gelini) Gelin Hande Duman B\u00f6cek nikah \u00f6ncesi s\u00f6zle\u015fmeli Belediye i\u015f\u00e7isi iken, B\u00f6cek Familyas\u0131na kat\u0131l\u0131nca memur yap\u0131l\u0131vermi\u015f.\u201d<\/p>\n<p>Ge\u00e7mi\u015fte CHP\u2019nin Avukatl\u0131\u011f\u0131n\u0131 \u00fcstlenen Mustafa Kemal \u00c7i\u00e7ek:<\/p>\n<p>\u201cKamuda da, belediyelerde de, ne etik kald\u0131! ne ahlak! ne hakka girme korkusu! Belediyelerde akraba kay\u0131rmac\u0131l\u0131\u011f\u0131 var da! Kamuda yok mu!\u00a0<br \/>\nBu \u00fclkede, Say\u0131\u015ftay Ba\u015fkan\u0131 ile Y\u00fcksek Se\u00e7im Kurulu Ba\u015fkan\u0131 karde\u015f! B\u00fcrokraside! Kavak\u00e7\u0131, Sayan soyismini ta\u015f\u0131yan tonla eleman var!<br \/>\nMuhittin B\u00f6cek&#8217;in CHP den se\u00e7ilmesi i\u00e7in, \u00e7al\u0131\u015fan eski ve yeni AK partili bakanlar d\u00fc\u015f\u00fcns\u00fcn&#8230;!\u201d<\/p>\n<p>Gazeteci Hilal K\u00f6yl\u00fc:<\/p>\n<p>\u201cMuhittin B\u00f6cek, belediyede genel sekreter yard\u0131mc\u0131l\u0131\u011f\u0131na atad\u0131\u011f\u0131 ye\u011feni Cemil B\u00f6cek i\u00e7in \u2018\u00d6z ye\u011fenim de\u011fil. Uzaktan akraba\u2019 savunmas\u0131 yapm\u0131\u015f. Ne bu \u015fimdi? Kafa m\u0131 buluyorsunuz milletle?\u201d<\/p>\n<p>Gazeteci Sercan Engerek:<\/p>\n<p>\u201cNepotizm, bu \u00fclkenin tedavisi olmayan bir hastal\u0131\u011f\u0131. Utanmadan yap\u0131lan i\u015fler, iflah olmaz y\u00f6neticiler, pi\u015fkince yap\u0131lan savunmalar&#8230; Hakkaniyet, e\u015fitlik, d\u00fcr\u00fcstl\u00fck, erdem sanki bin y\u0131l uzak bu topraklardan&#8230;\u201d<\/p>\n<p>\u00a0<\/p>\n<p>\u200bAntalya B\u00fcy\u00fck\u015fehir Belediye Ba\u015fkan\u0131 Muhittin B\u00f6cek\u2019in ye\u011feni Cemil B\u00f6cek\u2019i Genel Sekreter Yard\u0131mc\u0131s\u0131 olarak atamas\u0131, \u201cnepotizm\u201d tart\u0131\u015fmas\u0131n\u0131 yeniden g\u00fcndeme getirdi. Gazeteci-yazar, akademisyen ve siyaset\u00e7iler tart\u0131\u015fmaya kat\u0131ld\u0131. Gazeteci Bahad\u0131r \u00d6zg\u00fcr, \u201cEllerinden gelse kundaktayken al\u0131p belediyede bir makam verecekler!\u201d dedi\u00a0<\/p>\n<p>\u200bHaberin Al\u0131nt\u0131land\u0131\u011f\u0131 Kaynak: www.antalyakorfez.com<\/p>","protected":false},"excerpt":{"rendered":"<p>Antalya B\u00fcy\u00fck\u015fehir Belediye Ba\u015fkan\u0131 CHP\u2019li Muhittin B\u00f6cek\u2019in ye\u011feni Cemil B\u00f6cek\u2019i Genel Sekreter Yard\u0131mc\u0131l\u0131\u011f\u0131na atamas\u0131 nepotizm tart\u0131\u015fmas\u0131n\u0131 yeniden g\u00fcndeme getirdi. Daha \u00f6nce Antalya B\u00fcy\u00fck\u015fehir Belediyesi Bilgi \u0130\u015flem Dairesi Ba\u015fkan\u0131 olarak g\u00f6rev yapan Cemil B\u00f6cek, \u0130tfaiye dahil kurumdaki 7 ayr\u0131 daire ba\u015fkanl\u0131\u011f\u0131ndan sorumlu olacak.\u00a0 \u2018\u00d6Z YE\u011eEN\u0130M DE\u011e\u0130L, UZAKTAN AKRABAM\u2019 Antalya K\u00f6rfez Gazetesi muhabiri Yusuf Yavuz&#8217;un haberine g\u00f6re; ataman\u0131n g\u00fcndeme gelmesinin ard\u0131ndan a\u00e7\u0131klama yapan Ba\u015fkan Muhittin B\u00f6cek, Cemil B\u00f6cek i\u00e7in \u201c\u00d6z ye\u011fenim de\u011fil, uzaktan akrabam\u201d diyerek \u201cGer\u00e7eklerden uzak bir \u2018ye\u011fen\u2019 tarifi yap\u0131lmas\u0131 manidard\u0131r\u201d ifadelerini kulland\u0131.\u00a0 \u2018KAMUYA H\u0130ZMET \u0130\u00c7\u0130N \u015e\u0130RKET\u0130N\u0130 KAPATIP GELD\u0130\u2019 Ba\u015fkan B\u00f6cek, \u201cCemil B\u00f6cek \u00f6z ye\u011fenim de\u011fil, uzaktan akrabamd\u0131r. Kendi alan\u0131nda uzman olan meslek sahibi yetenekli bir insand\u0131r. Bizim iste\u011fimiz \u00fczerine \u015firketini kapatarak kamuya hizmet etmek i\u00e7in Konyaalt\u0131 Belediyesi\u2019ne gelmi\u015ftir. \u00c7ok yo\u011fun bir tempoda \u00e7al\u0131\u015ft\u0131\u011f\u0131na herkes \u015fahittir. Bir\u00e7ok sorumluluk alm\u0131\u015ft\u0131r \u00e7al\u0131\u015ft\u0131\u011f\u0131 d\u00f6nemde. Cemil Bey zaten 6 y\u0131ld\u0131r Daire Ba\u015fkan\u0131 olarak g\u00f6rev yapmaktayd\u0131. Belediyeye bug\u00fcn gelmi\u015f gibi yans\u0131t\u0131lmas\u0131 do\u011fru de\u011fil\u201d a\u00e7\u0131klamas\u0131 yapt\u0131.\u00a0 \u2018SEVG\u0130L\u0130 YE\u011eEN\u0130M CEM\u0130L B\u00d6CEK\u2019 Ancak Ba\u015fkan Muhittin B\u00f6cek\u2019in ki\u015fisel sosyal medya hesaplar\u0131nda yapt\u0131\u011f\u0131 payla\u015f\u0131mlarda, atama tart\u0131\u015fmalar\u0131yla g\u00fcndeme gelen Cemil B\u00f6cek\u2019ten \u201cSevgili ye\u011fenim\u201d diye s\u00f6z etmesi dikkat \u00e7ekti. Ba\u015fkan B\u00f6cek, 10 \u015eubat 2024 tarihli payla\u015f\u0131m\u0131nda, \u201cSevgili ye\u011fenim Cemil B\u00f6cek\u2019in o\u011flu Cem evlad\u0131m\u0131z ile Hande Duman k\u0131z\u0131m\u0131z\u0131n nik\u00e2h akitlerini ger\u00e7ekle\u015ftirdik\u201d ifadelerini kullan\u0131yor.\u00a0 BOLU &hellip;<\/p>","protected":false},"author":5,"featured_media":0,"comment_status":"open","ping_status":"open","sticky":false,"template":"","format":"standard","meta":{"_acf_changed":false,"footnotes":""},"categories":[24],"tags":[],"class_list":["post-27619","post","type-post","status-publish","format-standard","has-post-thumbnail","hentry","category-gundem"],"acf":[],"yoast_head":"<!-- This site is optimized with the Yoast SEO Premium plugin v26.6 (Yoast SEO v27.1.1) - https:\/\/yoast.com\/product\/yoast-seo-premium-wordpress\/ -->\n<title>Ba\u015fkan B\u00f6cek\u2019in ye\u011fen atamas\u0131na tepki ya\u011fd\u0131! - Av. Deniz Can K\u0131z\u0131l<\/title>\n<meta name=\"robots\" content=\"index, follow, max-snippet:-1, max-image-preview:large, max-video-preview:-1\" \/>\n<link rel=\"canonical\" href=\"http:\/\/denizcankizil.tr\/de\/haberler\/gundem\/baskan-bocekin-yegen-atamasina-tepki-yagdi\/\" \/>\n<meta property=\"og:locale\" content=\"de_DE\" \/>\n<meta property=\"og:type\" content=\"article\" \/>\n<meta property=\"og:title\" content=\"Ba\u015fkan B\u00f6cek\u2019in ye\u011fen atamas\u0131na tepki ya\u011fd\u0131!\" \/>\n<meta property=\"og:description\" content=\"Antalya B\u00fcy\u00fck\u015fehir Belediye Ba\u015fkan\u0131 CHP\u2019li Muhittin B\u00f6cek\u2019in ye\u011feni Cemil B\u00f6cek\u2019i Genel Sekreter Yard\u0131mc\u0131l\u0131\u011f\u0131na atamas\u0131 nepotizm tart\u0131\u015fmas\u0131n\u0131 yeniden g\u00fcndeme getirdi. Daha \u00f6nce Antalya B\u00fcy\u00fck\u015fehir Belediyesi Bilgi \u0130\u015flem Dairesi Ba\u015fkan\u0131 olarak g\u00f6rev yapan Cemil B\u00f6cek, \u0130tfaiye dahil kurumdaki 7 ayr\u0131 daire ba\u015fkanl\u0131\u011f\u0131ndan sorumlu olacak.\u00a0 \u2018\u00d6Z YE\u011eEN\u0130M DE\u011e\u0130L, UZAKTAN AKRABAM\u2019 Antalya K\u00f6rfez Gazetesi muhabiri Yusuf Yavuz&#8217;un haberine g\u00f6re; ataman\u0131n g\u00fcndeme gelmesinin ard\u0131ndan a\u00e7\u0131klama yapan Ba\u015fkan Muhittin B\u00f6cek, Cemil B\u00f6cek i\u00e7in \u201c\u00d6z ye\u011fenim de\u011fil, uzaktan akrabam\u201d diyerek \u201cGer\u00e7eklerden uzak bir \u2018ye\u011fen\u2019 tarifi yap\u0131lmas\u0131 manidard\u0131r\u201d ifadelerini kulland\u0131.\u00a0 \u2018KAMUYA H\u0130ZMET \u0130\u00c7\u0130N \u015e\u0130RKET\u0130N\u0130 KAPATIP GELD\u0130\u2019 Ba\u015fkan B\u00f6cek, \u201cCemil B\u00f6cek \u00f6z ye\u011fenim de\u011fil, uzaktan akrabamd\u0131r. Kendi alan\u0131nda uzman olan meslek sahibi yetenekli bir insand\u0131r. Bizim iste\u011fimiz \u00fczerine \u015firketini kapatarak kamuya hizmet etmek i\u00e7in Konyaalt\u0131 Belediyesi\u2019ne gelmi\u015ftir. \u00c7ok yo\u011fun bir tempoda \u00e7al\u0131\u015ft\u0131\u011f\u0131na herkes \u015fahittir. Bir\u00e7ok sorumluluk alm\u0131\u015ft\u0131r \u00e7al\u0131\u015ft\u0131\u011f\u0131 d\u00f6nemde. Cemil Bey zaten 6 y\u0131ld\u0131r Daire Ba\u015fkan\u0131 olarak g\u00f6rev yapmaktayd\u0131. Belediyeye bug\u00fcn gelmi\u015f gibi yans\u0131t\u0131lmas\u0131 do\u011fru de\u011fil\u201d a\u00e7\u0131klamas\u0131 yapt\u0131.\u00a0 \u2018SEVG\u0130L\u0130 YE\u011eEN\u0130M CEM\u0130L B\u00d6CEK\u2019 Ancak Ba\u015fkan Muhittin B\u00f6cek\u2019in ki\u015fisel sosyal medya hesaplar\u0131nda yapt\u0131\u011f\u0131 payla\u015f\u0131mlarda, atama tart\u0131\u015fmalar\u0131yla g\u00fcndeme gelen Cemil B\u00f6cek\u2019ten \u201cSevgili ye\u011fenim\u201d diye s\u00f6z etmesi dikkat \u00e7ekti. Ba\u015fkan B\u00f6cek, 10 \u015eubat 2024 tarihli payla\u015f\u0131m\u0131nda, \u201cSevgili ye\u011fenim Cemil B\u00f6cek\u2019in o\u011flu Cem evlad\u0131m\u0131z ile Hande Duman k\u0131z\u0131m\u0131z\u0131n nik\u00e2h akitlerini ger\u00e7ekle\u015ftirdik\u201d ifadelerini kullan\u0131yor.\u00a0 BOLU &hellip;\" \/>\n<meta property=\"og:url\" content=\"http:\/\/denizcankizil.tr\/de\/haberler\/gundem\/baskan-bocekin-yegen-atamasina-tepki-yagdi\/\" \/>\n<meta property=\"og:site_name\" content=\"Av. Deniz Can K\u0131z\u0131l\" \/>\n<meta property=\"article:published_time\" content=\"2025-01-26T11:41:16+00:00\" \/>\n<meta name=\"author\" content=\"Antalya K\u00f6rfez\" \/>\n<meta name=\"twitter:card\" content=\"summary_large_image\" \/>\n<meta name=\"twitter:label1\" content=\"Verfasst von\" \/>\n\t<meta name=\"twitter:data1\" content=\"Antalya K\u00f6rfez\" \/>\n\t<meta name=\"twitter:label2\" content=\"Gesch\u00e4tzte Lesezeit\" \/>\n\t<meta name=\"twitter:data2\" content=\"7\u00a0Minuten\" \/>\n<script type=\"application\/ld+json\" class=\"yoast-schema-graph\">{\"@context\":\"https:\/\/schema.org\",\"@graph\":[{\"@type\":\"Article\",\"@id\":\"http:\/\/denizcankizil.tr\/ru\/haberler\/gundem\/baskan-bocekin-yegen-atamasina-tepki-yagdi\/#article\",\"isPartOf\":{\"@id\":\"http:\/\/denizcankizil.tr\/ru\/haberler\/gundem\/baskan-bocekin-yegen-atamasina-tepki-yagdi\/\"},\"author\":{\"name\":\"Antalya K\u00f6rfez\",\"@id\":\"https:\/\/denizcankizil.tr\/de\/#\/schema\/person\/e1eb71bb4dd684d46563f0af307e1234\"},\"headline\":\"Ba\u015fkan B\u00f6cek\u2019in ye\u011fen atamas\u0131na tepki ya\u011fd\u0131!\",\"datePublished\":\"2025-01-26T11:41:16+00:00\",\"mainEntityOfPage\":{\"@id\":\"http:\/\/denizcankizil.tr\/ru\/haberler\/gundem\/baskan-bocekin-yegen-atamasina-tepki-yagdi\/\"},\"wordCount\":1420,\"commentCount\":0,\"publisher\":{\"@id\":\"https:\/\/denizcankizil.tr\/de\/#organization\"},\"articleSection\":[\"G\u00fcndem\"],\"inLanguage\":\"de\",\"potentialAction\":[{\"@type\":\"CommentAction\",\"name\":\"Comment\",\"target\":[\"http:\/\/denizcankizil.tr\/ru\/haberler\/gundem\/baskan-bocekin-yegen-atamasina-tepki-yagdi\/#respond\"]}]},{\"@type\":\"WebPage\",\"@id\":\"http:\/\/denizcankizil.tr\/ru\/haberler\/gundem\/baskan-bocekin-yegen-atamasina-tepki-yagdi\/\",\"url\":\"http:\/\/denizcankizil.tr\/ru\/haberler\/gundem\/baskan-bocekin-yegen-atamasina-tepki-yagdi\/\",\"name\":\"Ba\u015fkan B\u00f6cek\u2019in ye\u011fen atamas\u0131na tepki ya\u011fd\u0131! - Av. Deniz Can K\u0131z\u0131l\",\"isPartOf\":{\"@id\":\"https:\/\/denizcankizil.tr\/de\/#website\"},\"datePublished\":\"2025-01-26T11:41:16+00:00\",\"breadcrumb\":{\"@id\":\"http:\/\/denizcankizil.tr\/ru\/haberler\/gundem\/baskan-bocekin-yegen-atamasina-tepki-yagdi\/#breadcrumb\"},\"inLanguage\":\"de\",\"potentialAction\":[{\"@type\":\"ReadAction\",\"target\":[\"http:\/\/denizcankizil.tr\/ru\/haberler\/gundem\/baskan-bocekin-yegen-atamasina-tepki-yagdi\/\"]}]},{\"@type\":\"BreadcrumbList\",\"@id\":\"http:\/\/denizcankizil.tr\/ru\/haberler\/gundem\/baskan-bocekin-yegen-atamasina-tepki-yagdi\/#breadcrumb\",\"itemListElement\":[{\"@type\":\"ListItem\",\"position\":1,\"name\":\"Home\",\"item\":\"https:\/\/denizcankizil.tr\/de\/\"},{\"@type\":\"ListItem\",\"position\":2,\"name\":\"Ba\u015fkan B\u00f6cek\u2019in ye\u011fen atamas\u0131na tepki ya\u011fd\u0131!\"}]},{\"@type\":\"WebSite\",\"@id\":\"https:\/\/denizcankizil.tr\/de\/#website\",\"url\":\"https:\/\/denizcankizil.tr\/de\/\",\"name\":\"Av. Deniz Can K\u0131z\u0131l\",\"description\":\"Avukat Deniz Can K\u0131z\u0131l Antalya Barosu\",\"publisher\":{\"@id\":\"https:\/\/denizcankizil.tr\/de\/#organization\"},\"potentialAction\":[{\"@type\":\"SearchAction\",\"target\":{\"@type\":\"EntryPoint\",\"urlTemplate\":\"https:\/\/denizcankizil.tr\/de\/?s={search_term_string}\"},\"query-input\":{\"@type\":\"PropertyValueSpecification\",\"valueRequired\":true,\"valueName\":\"search_term_string\"}}],\"inLanguage\":\"de\"},{\"@type\":\"Organization\",\"@id\":\"https:\/\/denizcankizil.tr\/de\/#organization\",\"name\":\"Av. Deniz Can K\u0131z\u0131l\",\"url\":\"https:\/\/denizcankizil.tr\/de\/\",\"logo\":{\"@type\":\"ImageObject\",\"inLanguage\":\"de\",\"@id\":\"https:\/\/denizcankizil.tr\/de\/#\/schema\/logo\/image\/\",\"url\":\"https:\/\/denizcankizil.tr\/wp-content\/uploads\/2024\/10\/siyah-logo-svg.svg\",\"contentUrl\":\"https:\/\/denizcankizil.tr\/wp-content\/uploads\/2024\/10\/siyah-logo-svg.svg\",\"width\":1080,\"height\":1080,\"caption\":\"Av. Deniz Can K\u0131z\u0131l\"},\"image\":{\"@id\":\"https:\/\/denizcankizil.tr\/de\/#\/schema\/logo\/image\/\"}},{\"@type\":\"Person\",\"@id\":\"https:\/\/denizcankizil.tr\/de\/#\/schema\/person\/e1eb71bb4dd684d46563f0af307e1234\",\"name\":\"Antalya K\u00f6rfez\",\"image\":{\"@type\":\"ImageObject\",\"inLanguage\":\"de\",\"@id\":\"https:\/\/denizcankizil.tr\/de\/#\/schema\/person\/image\/\",\"url\":\"https:\/\/secure.gravatar.com\/avatar\/42b01982558a48a0b501fdcab6a408d3717ea5919095ee2e67b0e521799c5905?s=96&d=mm&r=g\",\"contentUrl\":\"https:\/\/secure.gravatar.com\/avatar\/42b01982558a48a0b501fdcab6a408d3717ea5919095ee2e67b0e521799c5905?s=96&d=mm&r=g\",\"caption\":\"Antalya K\u00f6rfez\"},\"sameAs\":[\"http:\/\/www.antalyakorfez.com\"],\"url\":\"https:\/\/www.antalyakorfez.com\/baskan-bocekin-yegen-atamasina-tepki-yagdi\"}]}<\/script>\n<!-- \/ Yoast SEO Premium plugin. -->","yoast_head_json":{"title":"Ba\u015fkan B\u00f6cek\u2019in ye\u011fen atamas\u0131na tepki ya\u011fd\u0131! - Av. Deniz Can K\u0131z\u0131l","robots":{"index":"index","follow":"follow","max-snippet":"max-snippet:-1","max-image-preview":"max-image-preview:large","max-video-preview":"max-video-preview:-1"},"canonical":"http:\/\/denizcankizil.tr\/de\/haberler\/gundem\/baskan-bocekin-yegen-atamasina-tepki-yagdi\/","og_locale":"de_DE","og_type":"article","og_title":"Ba\u015fkan B\u00f6cek\u2019in ye\u011fen atamas\u0131na tepki ya\u011fd\u0131!","og_description":"Antalya B\u00fcy\u00fck\u015fehir Belediye Ba\u015fkan\u0131 CHP\u2019li Muhittin B\u00f6cek\u2019in ye\u011feni Cemil B\u00f6cek\u2019i Genel Sekreter Yard\u0131mc\u0131l\u0131\u011f\u0131na atamas\u0131 nepotizm tart\u0131\u015fmas\u0131n\u0131 yeniden g\u00fcndeme getirdi. Daha \u00f6nce Antalya B\u00fcy\u00fck\u015fehir Belediyesi Bilgi \u0130\u015flem Dairesi Ba\u015fkan\u0131 olarak g\u00f6rev yapan Cemil B\u00f6cek, \u0130tfaiye dahil kurumdaki 7 ayr\u0131 daire ba\u015fkanl\u0131\u011f\u0131ndan sorumlu olacak.\u00a0 \u2018\u00d6Z YE\u011eEN\u0130M DE\u011e\u0130L, UZAKTAN AKRABAM\u2019 Antalya K\u00f6rfez Gazetesi muhabiri Yusuf Yavuz&#8217;un haberine g\u00f6re; ataman\u0131n g\u00fcndeme gelmesinin ard\u0131ndan a\u00e7\u0131klama yapan Ba\u015fkan Muhittin B\u00f6cek, Cemil B\u00f6cek i\u00e7in \u201c\u00d6z ye\u011fenim de\u011fil, uzaktan akrabam\u201d diyerek \u201cGer\u00e7eklerden uzak bir \u2018ye\u011fen\u2019 tarifi yap\u0131lmas\u0131 manidard\u0131r\u201d ifadelerini kulland\u0131.\u00a0 \u2018KAMUYA H\u0130ZMET \u0130\u00c7\u0130N \u015e\u0130RKET\u0130N\u0130 KAPATIP GELD\u0130\u2019 Ba\u015fkan B\u00f6cek, \u201cCemil B\u00f6cek \u00f6z ye\u011fenim de\u011fil, uzaktan akrabamd\u0131r. Kendi alan\u0131nda uzman olan meslek sahibi yetenekli bir insand\u0131r. Bizim iste\u011fimiz \u00fczerine \u015firketini kapatarak kamuya hizmet etmek i\u00e7in Konyaalt\u0131 Belediyesi\u2019ne gelmi\u015ftir. \u00c7ok yo\u011fun bir tempoda \u00e7al\u0131\u015ft\u0131\u011f\u0131na herkes \u015fahittir. Bir\u00e7ok sorumluluk alm\u0131\u015ft\u0131r \u00e7al\u0131\u015ft\u0131\u011f\u0131 d\u00f6nemde. Cemil Bey zaten 6 y\u0131ld\u0131r Daire Ba\u015fkan\u0131 olarak g\u00f6rev yapmaktayd\u0131. Belediyeye bug\u00fcn gelmi\u015f gibi yans\u0131t\u0131lmas\u0131 do\u011fru de\u011fil\u201d a\u00e7\u0131klamas\u0131 yapt\u0131.\u00a0 \u2018SEVG\u0130L\u0130 YE\u011eEN\u0130M CEM\u0130L B\u00d6CEK\u2019 Ancak Ba\u015fkan Muhittin B\u00f6cek\u2019in ki\u015fisel sosyal medya hesaplar\u0131nda yapt\u0131\u011f\u0131 payla\u015f\u0131mlarda, atama tart\u0131\u015fmalar\u0131yla g\u00fcndeme gelen Cemil B\u00f6cek\u2019ten \u201cSevgili ye\u011fenim\u201d diye s\u00f6z etmesi dikkat \u00e7ekti. Ba\u015fkan B\u00f6cek, 10 \u015eubat 2024 tarihli payla\u015f\u0131m\u0131nda, \u201cSevgili ye\u011fenim Cemil B\u00f6cek\u2019in o\u011flu Cem evlad\u0131m\u0131z ile Hande Duman k\u0131z\u0131m\u0131z\u0131n nik\u00e2h akitlerini ger\u00e7ekle\u015ftirdik\u201d ifadelerini kullan\u0131yor.\u00a0 BOLU &hellip;","og_url":"http:\/\/denizcankizil.tr\/de\/haberler\/gundem\/baskan-bocekin-yegen-atamasina-tepki-yagdi\/","og_site_name":"Av. Deniz Can K\u0131z\u0131l","article_published_time":"2025-01-26T11:41:16+00:00","author":"Antalya K\u00f6rfez","twitter_card":"summary_large_image","twitter_misc":{"Verfasst von":"Antalya K\u00f6rfez","Gesch\u00e4tzte Lesezeit":"7\u00a0Minuten"},"schema":{"@context":"https:\/\/schema.org","@graph":[{"@type":"Article","@id":"http:\/\/denizcankizil.tr\/ru\/haberler\/gundem\/baskan-bocekin-yegen-atamasina-tepki-yagdi\/#article","isPartOf":{"@id":"http:\/\/denizcankizil.tr\/ru\/haberler\/gundem\/baskan-bocekin-yegen-atamasina-tepki-yagdi\/"},"author":{"name":"Antalya K\u00f6rfez","@id":"https:\/\/denizcankizil.tr\/de\/#\/schema\/person\/e1eb71bb4dd684d46563f0af307e1234"},"headline":"Ba\u015fkan B\u00f6cek\u2019in ye\u011fen atamas\u0131na tepki ya\u011fd\u0131!","datePublished":"2025-01-26T11:41:16+00:00","mainEntityOfPage":{"@id":"http:\/\/denizcankizil.tr\/ru\/haberler\/gundem\/baskan-bocekin-yegen-atamasina-tepki-yagdi\/"},"wordCount":1420,"commentCount":0,"publisher":{"@id":"https:\/\/denizcankizil.tr\/de\/#organization"},"articleSection":["G\u00fcndem"],"inLanguage":"de","potentialAction":[{"@type":"CommentAction","name":"Comment","target":["http:\/\/denizcankizil.tr\/ru\/haberler\/gundem\/baskan-bocekin-yegen-atamasina-tepki-yagdi\/#respond"]}]},{"@type":"WebPage","@id":"http:\/\/denizcankizil.tr\/ru\/haberler\/gundem\/baskan-bocekin-yegen-atamasina-tepki-yagdi\/","url":"http:\/\/denizcankizil.tr\/ru\/haberler\/gundem\/baskan-bocekin-yegen-atamasina-tepki-yagdi\/","name":"Ba\u015fkan B\u00f6cek\u2019in ye\u011fen atamas\u0131na tepki ya\u011fd\u0131! - Av. Deniz Can K\u0131z\u0131l","isPartOf":{"@id":"https:\/\/denizcankizil.tr\/de\/#website"},"datePublished":"2025-01-26T11:41:16+00:00","breadcrumb":{"@id":"http:\/\/denizcankizil.tr\/ru\/haberler\/gundem\/baskan-bocekin-yegen-atamasina-tepki-yagdi\/#breadcrumb"},"inLanguage":"de","potentialAction":[{"@type":"ReadAction","target":["http:\/\/denizcankizil.tr\/ru\/haberler\/gundem\/baskan-bocekin-yegen-atamasina-tepki-yagdi\/"]}]},{"@type":"BreadcrumbList","@id":"http:\/\/denizcankizil.tr\/ru\/haberler\/gundem\/baskan-bocekin-yegen-atamasina-tepki-yagdi\/#breadcrumb","itemListElement":[{"@type":"ListItem","position":1,"name":"Home","item":"https:\/\/denizcankizil.tr\/de\/"},{"@type":"ListItem","position":2,"name":"Ba\u015fkan B\u00f6cek\u2019in ye\u011fen atamas\u0131na tepki ya\u011fd\u0131!"}]},{"@type":"WebSite","@id":"https:\/\/denizcankizil.tr\/de\/#website","url":"https:\/\/denizcankizil.tr\/de\/","name":"Av. Deniz Can K\u0131z\u0131l","description":"Avukat Deniz Can K\u0131z\u0131l Antalya Barosu","publisher":{"@id":"https:\/\/denizcankizil.tr\/de\/#organization"},"potentialAction":[{"@type":"SearchAction","target":{"@type":"EntryPoint","urlTemplate":"https:\/\/denizcankizil.tr\/de\/?s={search_term_string}"},"query-input":{"@type":"PropertyValueSpecification","valueRequired":true,"valueName":"search_term_string"}}],"inLanguage":"de"},{"@type":"Organization","@id":"https:\/\/denizcankizil.tr\/de\/#organization","name":"Av. Deniz Can K\u0131z\u0131l","url":"https:\/\/denizcankizil.tr\/de\/","logo":{"@type":"ImageObject","inLanguage":"de","@id":"https:\/\/denizcankizil.tr\/de\/#\/schema\/logo\/image\/","url":"https:\/\/denizcankizil.tr\/wp-content\/uploads\/2024\/10\/siyah-logo-svg.svg","contentUrl":"https:\/\/denizcankizil.tr\/wp-content\/uploads\/2024\/10\/siyah-logo-svg.svg","width":1080,"height":1080,"caption":"Av. Deniz Can K\u0131z\u0131l"},"image":{"@id":"https:\/\/denizcankizil.tr\/de\/#\/schema\/logo\/image\/"}},{"@type":"Person","@id":"https:\/\/denizcankizil.tr\/de\/#\/schema\/person\/e1eb71bb4dd684d46563f0af307e1234","name":"Antalya K\u00f6rfez","image":{"@type":"ImageObject","inLanguage":"de","@id":"https:\/\/denizcankizil.tr\/de\/#\/schema\/person\/image\/","url":"https:\/\/secure.gravatar.com\/avatar\/42b01982558a48a0b501fdcab6a408d3717ea5919095ee2e67b0e521799c5905?s=96&d=mm&r=g","contentUrl":"https:\/\/secure.gravatar.com\/avatar\/42b01982558a48a0b501fdcab6a408d3717ea5919095ee2e67b0e521799c5905?s=96&d=mm&r=g","caption":"Antalya K\u00f6rfez"},"sameAs":["http:\/\/www.antalyakorfez.com"],"url":"https:\/\/www.antalyakorfez.com\/baskan-bocekin-yegen-atamasina-tepki-yagdi"}]}},"_links":{"self":[{"href":"https:\/\/denizcankizil.tr\/de\/wp-json\/wp\/v2\/posts\/27619","targetHints":{"allow":["GET"]}}],"collection":[{"href":"https:\/\/denizcankizil.tr\/de\/wp-json\/wp\/v2\/posts"}],"about":[{"href":"https:\/\/denizcankizil.tr\/de\/wp-json\/wp\/v2\/types\/post"}],"author":[{"embeddable":true,"href":"https:\/\/denizcankizil.tr\/de\/wp-json\/wp\/v2\/users\/5"}],"replies":[{"embeddable":true,"href":"https:\/\/denizcankizil.tr\/de\/wp-json\/wp\/v2\/comments?post=27619"}],"version-history":[{"count":0,"href":"https:\/\/denizcankizil.tr\/de\/wp-json\/wp\/v2\/posts\/27619\/revisions"}],"wp:attachment":[{"href":"https:\/\/denizcankizil.tr\/de\/wp-json\/wp\/v2\/media?parent=27619"}],"wp:term":[{"taxonomy":"category","embeddable":true,"href":"https:\/\/denizcankizil.tr\/de\/wp-json\/wp\/v2\/categories?post=27619"},{"taxonomy":"post_tag","embeddable":true,"href":"https:\/\/denizcankizil.tr\/de\/wp-json\/wp\/v2\/tags?post=27619"}],"curies":[{"name":"wp","href":"https:\/\/api.w.org\/{rel}","templated":true}]}}